{"id":185184,"date":"2025-02-11T20:45:27","date_gmt":"2025-02-11T19:45:27","guid":{"rendered":"https:\/\/candas365.es\/noticias\/?p=185184"},"modified":"2025-02-11T20:45:48","modified_gmt":"2025-02-11T19:45:48","slug":"barbon-pide-contundencia-ante-las-politicas-arancelarias-de-trump","status":"publish","type":"post","link":"https:\/\/candas365.es\/noticias\/barbon-pide-contundencia-ante-las-politicas-arancelarias-de-trump\/","title":{"rendered":"Barb\u00f3n pide contundencia ante las pol\u00edticas arancelarias de Trump"},"content":{"rendered":"<p>El presidente del <strong><span style=\"color: #ff6600;\">Principado de Asturias<\/span><\/strong>, Adri\u00e1n Barb\u00f3n, ha reclamado una \u201crespuesta \u00fanica y contundente\u201d a la Comisi\u00f3n Europea frente a la pol\u00edtica arancelaria de Trump que permita salvar la industria asturiana.<\/p>\n<figure id=\"attachment_185185\" aria-describedby=\"caption-attachment-185185\" style=\"width: 650px\" class=\"wp-caption aligncenter\"><img fetchpriority=\"high\" decoding=\"async\" class=\"size-large wp-image-185185\" src=\"https:\/\/candas365.es\/noticias\/wp-content\/uploads\/2025\/02\/Barbon-650x410.jpg\" alt=\"Barb\u00f3n\" width=\"650\" height=\"410\" srcset=\"https:\/\/candas365.es\/noticias\/wp-content\/uploads\/2025\/02\/Barbon-650x410.jpg 650w, https:\/\/candas365.es\/noticias\/wp-content\/uploads\/2025\/02\/Barbon-360x227.jpg 360w, https:\/\/candas365.es\/noticias\/wp-content\/uploads\/2025\/02\/Barbon-768x484.jpg 768w, https:\/\/candas365.es\/noticias\/wp-content\/uploads\/2025\/02\/Barbon-150x95.jpg 150w, https:\/\/candas365.es\/noticias\/wp-content\/uploads\/2025\/02\/Barbon-450x284.jpg 450w, https:\/\/candas365.es\/noticias\/wp-content\/uploads\/2025\/02\/Barbon.jpg 998w\" sizes=\"(max-width: 650px) 100vw, 650px\" \/><figcaption id=\"caption-attachment-185185\" class=\"wp-caption-text\">Foto: Prensa Gobierno de Asturias<\/figcaption><\/figure>\n<p>La Comisi\u00f3n Europea (CE) aprobar\u00e1 este mes el Acuerdo para una <a href=\"https:\/\/candas365.es\/noticias\/category\/economia\/\"><span style=\"color: #ff6600;\"><strong>Industria<\/strong><\/span><\/a> Limpia (Clean Industrial Deal), un plan b\u00e1sico para defender la siderurgia asturiana y comunitaria. Adri\u00e1n Barb\u00f3n ha planteado hoy a Teresa Ribera y St\u00e9phane S\u00e9journ\u00e9, ambos vicepresidentes de la CE, la necesidad de que esa propuesta vaya acompa\u00f1ada de los recursos suficientes para favorecer la descarbonizaci\u00f3n, y m\u00e1s cuando la pol\u00edtica arancelaria desplegada por Donald Trump penaliza a Europa. \u201cEs necesaria una respuesta \u00fanica y contundente \u201c, ha afirmado el presidente del Principado.<\/p>\n<p>Barb\u00f3n hab\u00eda planeado su viaje a Estrasburgo, sede del Parlamento Europeo, hace semanas. Unos meses antes, el Informe Draghi hab\u00eda alertado sobre la extrema dificultad de la industria europea \u2013y en concreto, la siderurgia- para mantener la competitividad al mismo tiempo que reduc\u00eda las emisiones de CO2. Aprobada la Br\u00fajula Estrat\u00e9gica, una especie de visi\u00f3n general, ahora toca ir definiendo propuestas concretas. Una de las m\u00e1s importantes y esperadas es la que recoger\u00e1 el Acuerdo para una Industria Limpia, previsto para finales de mes.<\/p>\n<p>Ese era el contexto seguro. La parte imprevisible la ha aportado el presidente estadounidense, con sus anuncios de aranceles para el acero, el aluminio y la industria e\u00f3lica espa\u00f1ola, en este caso por un supuesto dumping. Todos tendr\u00e1n consecuencias para Asturias, desde Arcelor a Windar, fabricante de torres para parques e\u00f3licos.<\/p>\n<p>En esta situaci\u00f3n, la actividad del jefe del gobierno ha estado copada casi por completo por la industria. Hoy se ha reunido con Iratxe Garc\u00eda, presidenta de la Alianza Progresista de Socialistas y Dem\u00f3cratas en el Parlamento Europeo, y despu\u00e9s con Teresa Ribera, vicepresidenta para una Transici\u00f3n Limpia, Justa y Competitiva. Adem\u00e1s, tambi\u00e9n ha conversado con St\u00e9phane S\u00e9journ\u00e9, vicepresidente de Prosperidad y Estrategia Industrial.<\/p>\n<p>\u201cHe salido satisfecho por su actitud proactiva\u201d, ha manifestado Barb\u00f3n. El presidente ha explicado que tanto Ribera como S\u00e9journ\u00e9 comparten la importancia de facilitar el tr\u00e1nsito hacia una industria verde, sin emisiones de di\u00f3xido de carbono. Esa apuesta debe reflejarse en las pr\u00f3ximas decisiones de la CE. \u201cEl Clean Industrial Deal puede suponer un antes y un despu\u00e9s para la promoci\u00f3n industrial de Asturias, de Espa\u00f1a y, por supuesto, de Europa. La UE debe tener una pol\u00edtica de reindustrializaci\u00f3n agresiva que permita la promoci\u00f3n de otro tipo de actividad industrial\u201d, ha explicado.<\/p>\n<p>Ese plan no ser\u00e1 el \u00fanico paso. Tambi\u00e9n aguardan medidas concretas para el acero y el aluminio, una legislaci\u00f3n \u00f3mnibus para facilitar las inversiones industriales y, adem\u00e1s, la aplicaci\u00f3n del ajuste de carbono en frontera (el arancel ambiental o CBAM, por sus siglas en ingl\u00e9s), muy importante para la siderurgia comunitaria. El Partido Popular Europeo intent\u00f3 recientemente demorar su entrada en vigor.<\/p>\n<p>El presidente del Principado, que ha estado acompa\u00f1ado por el eurodiputado socialista asturiano Jon\u00e1s Fern\u00e1ndez, tambi\u00e9n se ha entrevistado con Roberta Metsola, presidenta del Parlamento Europeo. En esta reuni\u00f3n ha insistido en la importancia de que la UE responda con unidad, por encima de las discrepancias ideol\u00f3gicas, a la amenaza reaccionaria que supone la extrema derecha y encarna el presidente de Estados Unidos.<\/p>\n","protected":false},"excerpt":{"rendered":"<p>El presidente del Principado de Asturias, Adri\u00e1n Barb\u00f3n, ha reclamado una \u201crespuesta \u00fanica y contundente\u201d a la Comisi\u00f3n Europea frente a la pol\u00edtica arancelaria de Trump que permita salvar la industria asturiana. La Comisi\u00f3n Europea (CE) aprobar\u00e1 este mes el Acuerdo para una Industria Limpia (Clean Industrial Deal), un plan b\u00e1sico para defender la siderurgia<\/p>\n","protected":false},"author":1,"featured_media":185185,"comment_status":"closed","ping_status":"closed","sticky":false,"template":"","format":"standard","meta":{"footnotes":""},"categories":[7,316],"tags":[380,437],"class_list":{"0":"post-185184","1":"post","2":"type-post","3":"status-publish","4":"format-standard","5":"has-post-thumbnail","7":"category-asturias","8":"category-destacadas","9":"tag-asturias","10":"tag-economia"},"aioseo_notices":[],"aioseo_head":"\n\t\t<!-- All in One SEO Pro 4.9.6.2 - aioseo.com -->\n\t<meta name=\"description\" content=\"El presidente del Principado de Asturias, Adri\u00e1n Barb\u00f3n, ha reclamado una \u201crespuesta \u00fanica y contundente\u201d a la Comisi\u00f3n Europea frente a la pol\u00edtica arancelaria\" \/>\n\t<meta name=\"robots\" content=\"max-image-preview:large\" \/>\n\t<meta name=\"author\" content=\"Cand\u00e1s 365\"\/>\n\t<meta name=\"google-site-verification\" content=\"UA-32230408-1\" \/>\n\t<meta name=\"msvalidate.01\" content=\"354F3CDFB2DA171B47FBE9ABF1F88D5\" \/>\n\t<meta name=\"keywords\" content=\"asturias,destacadas\" \/>\n\t<link rel=\"canonical\" href=\"https:\/\/candas365.es\/noticias\/barbon-pide-contundencia-ante-las-politicas-arancelarias-de-trump\/\" \/>\n\t<meta name=\"generator\" content=\"All in One SEO Pro (AIOSEO) 4.9.6.2\" \/>\n\t\t<meta property=\"og:locale\" content=\"es_ES\" \/>\n\t\t<meta property=\"og:site_name\" content=\"Cand\u00e1s 365\" \/>\n\t\t<meta property=\"og:type\" content=\"article\" \/>\n\t\t<meta property=\"og:title\" content=\"Barb\u00f3n pide contundencia ante las pol\u00edticas arancelarias de Trump | Cand\u00e1s 365\" \/>\n\t\t<meta property=\"og:description\" content=\"El presidente del Principado de Asturias, Adri\u00e1n Barb\u00f3n, ha reclamado una \u201crespuesta \u00fanica y contundente\u201d a la Comisi\u00f3n Europea frente a la pol\u00edtica arancelaria\" \/>\n\t\t<meta property=\"og:url\" content=\"https:\/\/candas365.es\/noticias\/barbon-pide-contundencia-ante-las-politicas-arancelarias-de-trump\/\" \/>\n\t\t<meta property=\"og:image\" content=\"https:\/\/candas365.es\/noticias\/wp-content\/uploads\/2025\/02\/Barbon.jpg\" \/>\n\t\t<meta property=\"og:image:secure_url\" content=\"https:\/\/candas365.es\/noticias\/wp-content\/uploads\/2025\/02\/Barbon.jpg\" \/>\n\t\t<meta property=\"og:image:width\" content=\"998\" \/>\n\t\t<meta property=\"og:image:height\" content=\"629\" \/>\n\t\t<meta property=\"article:published_time\" content=\"2025-02-11T19:45:27+00:00\" \/>\n\t\t<meta property=\"article:modified_time\" content=\"2025-02-11T19:45:48+00:00\" \/>\n\t\t<meta property=\"article:publisher\" content=\"https:\/\/www.facebook.com\/Nachofdezber\" \/>\n\t\t<meta property=\"article:author\" content=\"https:\/\/www.facebook.com\/carrenoactualidad\" \/>\n\t\t<meta name=\"twitter:card\" content=\"summary_large_image\" \/>\n\t\t<meta name=\"twitter:site\" content=\"@NabercoDigital\" \/>\n\t\t<meta name=\"twitter:title\" content=\"Barb\u00f3n pide contundencia ante las pol\u00edticas arancelarias de Trump | Cand\u00e1s 365\" \/>\n\t\t<meta name=\"twitter:description\" content=\"El presidente del Principado de Asturias, Adri\u00e1n Barb\u00f3n, ha reclamado una \u201crespuesta \u00fanica y contundente\u201d a la Comisi\u00f3n Europea frente a la pol\u00edtica arancelaria\" \/>\n\t\t<meta name=\"twitter:creator\" content=\"@nbasturias\" \/>\n\t\t<meta name=\"twitter:image\" content=\"https:\/\/candas365.es\/noticias\/wp-content\/uploads\/2025\/02\/Barbon.jpg\" \/>\n\t\t<meta name=\"twitter:label1\" content=\"Escrito por\" \/>\n\t\t<meta name=\"twitter:data1\" content=\"Cand\u00e1s 365\" \/>\n\t\t<meta name=\"twitter:label2\" content=\"Tiempo de lectura estimado\" \/>\n\t\t<meta name=\"twitter:data2\" content=\"3 minutos\" \/>\n\t\t<script type=\"application\/ld+json\" class=\"aioseo-schema\">\n\t\t\t{\"@context\":\"https:\\\/\\\/schema.org\",\"@graph\":[{\"@type\":\"BreadcrumbList\",\"@id\":\"https:\\\/\\\/candas365.es\\\/noticias\\\/barbon-pide-contundencia-ante-las-politicas-arancelarias-de-trump\\\/#breadcrumblist\",\"itemListElement\":[{\"@type\":\"ListItem\",\"@id\":\"https:\\\/\\\/candas365.es\\\/noticias#listItem\",\"position\":1,\"name\":\"Home\",\"item\":\"https:\\\/\\\/candas365.es\\\/noticias\",\"nextItem\":{\"@type\":\"ListItem\",\"@id\":\"https:\\\/\\\/candas365.es\\\/noticias\\\/category\\\/asturias\\\/#listItem\",\"name\":\"Asturias\"}},{\"@type\":\"ListItem\",\"@id\":\"https:\\\/\\\/candas365.es\\\/noticias\\\/category\\\/asturias\\\/#listItem\",\"position\":2,\"name\":\"Asturias\",\"item\":\"https:\\\/\\\/candas365.es\\\/noticias\\\/category\\\/asturias\\\/\",\"nextItem\":{\"@type\":\"ListItem\",\"@id\":\"https:\\\/\\\/candas365.es\\\/noticias\\\/barbon-pide-contundencia-ante-las-politicas-arancelarias-de-trump\\\/#listItem\",\"name\":\"Barb\\u00f3n pide contundencia ante las pol\\u00edticas arancelarias de Trump\"},\"previousItem\":{\"@type\":\"ListItem\",\"@id\":\"https:\\\/\\\/candas365.es\\\/noticias#listItem\",\"name\":\"Home\"}},{\"@type\":\"ListItem\",\"@id\":\"https:\\\/\\\/candas365.es\\\/noticias\\\/barbon-pide-contundencia-ante-las-politicas-arancelarias-de-trump\\\/#listItem\",\"position\":3,\"name\":\"Barb\\u00f3n pide contundencia ante las pol\\u00edticas arancelarias de Trump\",\"previousItem\":{\"@type\":\"ListItem\",\"@id\":\"https:\\\/\\\/candas365.es\\\/noticias\\\/category\\\/asturias\\\/#listItem\",\"name\":\"Asturias\"}}]},{\"@type\":\"NewsArticle\",\"@id\":\"https:\\\/\\\/candas365.es\\\/noticias\\\/barbon-pide-contundencia-ante-las-politicas-arancelarias-de-trump\\\/#newsarticle\",\"name\":\"Barb\\u00f3n pide contundencia ante las pol\\u00edticas arancelarias de Trump | Cand\\u00e1s 365\",\"headline\":\"Barb\\u00f3n pide contundencia ante las pol\\u00edticas arancelarias de Trump\",\"author\":{\"@id\":\"https:\\\/\\\/candas365.es\\\/noticias\\\/author\\\/admin\\\/#author\"},\"publisher\":{\"@id\":\"https:\\\/\\\/candas365.es\\\/noticias\\\/#organization\"},\"image\":{\"@type\":\"ImageObject\",\"url\":\"https:\\\/\\\/candas365.es\\\/noticias\\\/wp-content\\\/uploads\\\/2025\\\/02\\\/Barbon.jpg\",\"width\":998,\"height\":629,\"caption\":\"Foto: Prensa Gobierno de Asturias\"},\"datePublished\":\"2025-02-11T20:45:27+01:00\",\"dateModified\":\"2025-02-11T20:45:48+01:00\",\"inLanguage\":\"es-ES\",\"mainEntityOfPage\":{\"@id\":\"https:\\\/\\\/candas365.es\\\/noticias\\\/barbon-pide-contundencia-ante-las-politicas-arancelarias-de-trump\\\/#webpage\"},\"isPartOf\":{\"@id\":\"https:\\\/\\\/candas365.es\\\/noticias\\\/barbon-pide-contundencia-ante-las-politicas-arancelarias-de-trump\\\/#webpage\"},\"articleSection\":\"Asturias, Destacadas, Asturias, Econom\\u00eda\",\"dateline\":\"Publicado el febrero 11, 2025.\"},{\"@type\":\"Organization\",\"@id\":\"https:\\\/\\\/candas365.es\\\/noticias\\\/#organization\",\"name\":\"Cand\\u00e1s 365\",\"description\":\"Cand\\u00e1s 365 es un diario digital independiente, fundado en 2012, con base en Asturias. Informamos con rigor sobre actualidad, sociedad, cultura y ocio, con una mirada local y global.\",\"url\":\"https:\\\/\\\/candas365.es\\\/noticias\\\/\",\"email\":\"info@candas365.es\",\"telephone\":\"+34652131393\",\"foundingDate\":\"2012-06-10\",\"logo\":{\"@type\":\"ImageObject\",\"url\":\"https:\\\/\\\/candas365.es\\\/noticias\\\/wp-content\\\/uploads\\\/2024\\\/09\\\/Candas-365-Redes.jpg\",\"@id\":\"https:\\\/\\\/candas365.es\\\/noticias\\\/barbon-pide-contundencia-ante-las-politicas-arancelarias-de-trump\\\/#organizationLogo\",\"width\":1152,\"height\":864,\"caption\":\"Cand\\u00e1s 365 Redes\"},\"image\":{\"@id\":\"https:\\\/\\\/candas365.es\\\/noticias\\\/barbon-pide-contundencia-ante-las-politicas-arancelarias-de-trump\\\/#organizationLogo\"},\"sameAs\":[\"https:\\\/\\\/www.facebook.com\\\/Nachofdezber\",\"https:\\\/\\\/x.com\\\/NabercoDigital\",\"https:\\\/\\\/www.instagram.com\\\/nachofdezber\\\/\",\"https:\\\/\\\/www.youtube.com\\\/channel\\\/UCZP-2wLEB9Rv6erhFmqVnvg\"],\"address\":{\"@id\":\"https:\\\/\\\/candas365.es\\\/noticias\\\/#postaladdress\",\"@type\":\"PostalAddress\",\"streetAddress\":\"san antonio 4, san antonio 4\",\"postalCode\":\"33430\",\"addressLocality\":\"Cand\\u00e1s\",\"addressRegion\":\"Asturias\",\"addressCountry\":\"ES\"}},{\"@type\":\"Person\",\"@id\":\"https:\\\/\\\/candas365.es\\\/noticias\\\/author\\\/admin\\\/#author\",\"url\":\"https:\\\/\\\/candas365.es\\\/noticias\\\/author\\\/admin\\\/\",\"name\":\"Cand\\u00e1s 365\",\"image\":{\"@type\":\"ImageObject\",\"@id\":\"https:\\\/\\\/candas365.es\\\/noticias\\\/barbon-pide-contundencia-ante-las-politicas-arancelarias-de-trump\\\/#authorImage\",\"url\":\"https:\\\/\\\/secure.gravatar.com\\\/avatar\\\/496a8e03d0c493ede1718b7934145dbdf8d89be1036b0eec9544e1094c9de390?s=96&d=mm&r=g\",\"width\":96,\"height\":96,\"caption\":\"Cand\\u00e1s 365\"},\"sameAs\":[\"https:\\\/\\\/www.facebook.com\\\/carrenoactualidad\",\"https:\\\/\\\/twitter.com\\\/nbasturias\",\"https:\\\/\\\/www.instagram.com\\\/nachofdezber\\\/\",\"https:\\\/\\\/www.youtube.com\\\/channel\\\/UCZP-2wLEB9Rv6erhFmqVnvg\"]},{\"@type\":\"WebPage\",\"@id\":\"https:\\\/\\\/candas365.es\\\/noticias\\\/barbon-pide-contundencia-ante-las-politicas-arancelarias-de-trump\\\/#webpage\",\"url\":\"https:\\\/\\\/candas365.es\\\/noticias\\\/barbon-pide-contundencia-ante-las-politicas-arancelarias-de-trump\\\/\",\"name\":\"Barb\\u00f3n pide contundencia ante las pol\\u00edticas arancelarias de Trump | Cand\\u00e1s 365\",\"description\":\"El presidente del Principado de Asturias, Adri\\u00e1n Barb\\u00f3n, ha reclamado una \\u201crespuesta \\u00fanica y contundente\\u201d a la Comisi\\u00f3n Europea frente a la pol\\u00edtica arancelaria\",\"inLanguage\":\"es-ES\",\"isPartOf\":{\"@id\":\"https:\\\/\\\/candas365.es\\\/noticias\\\/#website\"},\"breadcrumb\":{\"@id\":\"https:\\\/\\\/candas365.es\\\/noticias\\\/barbon-pide-contundencia-ante-las-politicas-arancelarias-de-trump\\\/#breadcrumblist\"},\"author\":{\"@id\":\"https:\\\/\\\/candas365.es\\\/noticias\\\/author\\\/admin\\\/#author\"},\"creator\":{\"@id\":\"https:\\\/\\\/candas365.es\\\/noticias\\\/author\\\/admin\\\/#author\"},\"image\":{\"@type\":\"ImageObject\",\"url\":\"https:\\\/\\\/candas365.es\\\/noticias\\\/wp-content\\\/uploads\\\/2025\\\/02\\\/Barbon.jpg\",\"@id\":\"https:\\\/\\\/candas365.es\\\/noticias\\\/barbon-pide-contundencia-ante-las-politicas-arancelarias-de-trump\\\/#mainImage\",\"width\":998,\"height\":629,\"caption\":\"Foto: Prensa Gobierno de Asturias\"},\"primaryImageOfPage\":{\"@id\":\"https:\\\/\\\/candas365.es\\\/noticias\\\/barbon-pide-contundencia-ante-las-politicas-arancelarias-de-trump\\\/#mainImage\"},\"datePublished\":\"2025-02-11T20:45:27+01:00\",\"dateModified\":\"2025-02-11T20:45:48+01:00\"},{\"@type\":\"WebSite\",\"@id\":\"https:\\\/\\\/candas365.es\\\/noticias\\\/#website\",\"url\":\"https:\\\/\\\/candas365.es\\\/noticias\\\/\",\"name\":\"Cand\\u00e1s 365\",\"alternateName\":\"Cand\\u00e1s 365 Noticias\",\"description\":\"Actualidad desde Carre\\u00f1o para el mundo\",\"inLanguage\":\"es-ES\",\"publisher\":{\"@id\":\"https:\\\/\\\/candas365.es\\\/noticias\\\/#organization\"}}]}\n\t\t<\/script>\n\t\t<!-- All in One SEO Pro -->\r\n\t\t<title>Barb\u00f3n pide contundencia ante las pol\u00edticas arancelarias de Trump | Cand\u00e1s 365<\/title>\n\n","aioseo_head_json":{"title":"Barb\u00f3n pide contundencia ante las pol\u00edticas arancelarias de Trump | Cand\u00e1s 365","description":"El presidente del Principado de Asturias, Adri\u00e1n Barb\u00f3n, ha reclamado una \u201crespuesta \u00fanica y contundente\u201d a la Comisi\u00f3n Europea frente a la pol\u00edtica arancelaria","canonical_url":"https:\/\/candas365.es\/noticias\/barbon-pide-contundencia-ante-las-politicas-arancelarias-de-trump\/","robots":"max-image-preview:large","keywords":"asturias,destacadas","webmasterTools":{"google-site-verification":"UA-32230408-1","msvalidate.01":"354F3CDFB2DA171B47FBE9ABF1F88D5","miscellaneous":""},"schema":{"@context":"https:\/\/schema.org","@graph":[{"@type":"BreadcrumbList","@id":"https:\/\/candas365.es\/noticias\/barbon-pide-contundencia-ante-las-politicas-arancelarias-de-trump\/#breadcrumblist","itemListElement":[{"@type":"ListItem","@id":"https:\/\/candas365.es\/noticias#listItem","position":1,"name":"Home","item":"https:\/\/candas365.es\/noticias","nextItem":{"@type":"ListItem","@id":"https:\/\/candas365.es\/noticias\/category\/asturias\/#listItem","name":"Asturias"}},{"@type":"ListItem","@id":"https:\/\/candas365.es\/noticias\/category\/asturias\/#listItem","position":2,"name":"Asturias","item":"https:\/\/candas365.es\/noticias\/category\/asturias\/","nextItem":{"@type":"ListItem","@id":"https:\/\/candas365.es\/noticias\/barbon-pide-contundencia-ante-las-politicas-arancelarias-de-trump\/#listItem","name":"Barb\u00f3n pide contundencia ante las pol\u00edticas arancelarias de Trump"},"previousItem":{"@type":"ListItem","@id":"https:\/\/candas365.es\/noticias#listItem","name":"Home"}},{"@type":"ListItem","@id":"https:\/\/candas365.es\/noticias\/barbon-pide-contundencia-ante-las-politicas-arancelarias-de-trump\/#listItem","position":3,"name":"Barb\u00f3n pide contundencia ante las pol\u00edticas arancelarias de Trump","previousItem":{"@type":"ListItem","@id":"https:\/\/candas365.es\/noticias\/category\/asturias\/#listItem","name":"Asturias"}}]},{"@type":"NewsArticle","@id":"https:\/\/candas365.es\/noticias\/barbon-pide-contundencia-ante-las-politicas-arancelarias-de-trump\/#newsarticle","name":"Barb\u00f3n pide contundencia ante las pol\u00edticas arancelarias de Trump | Cand\u00e1s 365","headline":"Barb\u00f3n pide contundencia ante las pol\u00edticas arancelarias de Trump","author":{"@id":"https:\/\/candas365.es\/noticias\/author\/admin\/#author"},"publisher":{"@id":"https:\/\/candas365.es\/noticias\/#organization"},"image":{"@type":"ImageObject","url":"https:\/\/candas365.es\/noticias\/wp-content\/uploads\/2025\/02\/Barbon.jpg","width":998,"height":629,"caption":"Foto: Prensa Gobierno de Asturias"},"datePublished":"2025-02-11T20:45:27+01:00","dateModified":"2025-02-11T20:45:48+01:00","inLanguage":"es-ES","mainEntityOfPage":{"@id":"https:\/\/candas365.es\/noticias\/barbon-pide-contundencia-ante-las-politicas-arancelarias-de-trump\/#webpage"},"isPartOf":{"@id":"https:\/\/candas365.es\/noticias\/barbon-pide-contundencia-ante-las-politicas-arancelarias-de-trump\/#webpage"},"articleSection":"Asturias, Destacadas, Asturias, Econom\u00eda","dateline":"Publicado el febrero 11, 2025."},{"@type":"Organization","@id":"https:\/\/candas365.es\/noticias\/#organization","name":"Cand\u00e1s 365","description":"Cand\u00e1s 365 es un diario digital independiente, fundado en 2012, con base en Asturias. Informamos con rigor sobre actualidad, sociedad, cultura y ocio, con una mirada local y global.","url":"https:\/\/candas365.es\/noticias\/","email":"info@candas365.es","telephone":"+34652131393","foundingDate":"2012-06-10","logo":{"@type":"ImageObject","url":"https:\/\/candas365.es\/noticias\/wp-content\/uploads\/2024\/09\/Candas-365-Redes.jpg","@id":"https:\/\/candas365.es\/noticias\/barbon-pide-contundencia-ante-las-politicas-arancelarias-de-trump\/#organizationLogo","width":1152,"height":864,"caption":"Cand\u00e1s 365 Redes"},"image":{"@id":"https:\/\/candas365.es\/noticias\/barbon-pide-contundencia-ante-las-politicas-arancelarias-de-trump\/#organizationLogo"},"sameAs":["https:\/\/www.facebook.com\/Nachofdezber","https:\/\/x.com\/NabercoDigital","https:\/\/www.instagram.com\/nachofdezber\/","https:\/\/www.youtube.com\/channel\/UCZP-2wLEB9Rv6erhFmqVnvg"],"address":{"@id":"https:\/\/candas365.es\/noticias\/#postaladdress","@type":"PostalAddress","streetAddress":"san antonio 4, san antonio 4","postalCode":"33430","addressLocality":"Cand\u00e1s","addressRegion":"Asturias","addressCountry":"ES"}},{"@type":"Person","@id":"https:\/\/candas365.es\/noticias\/author\/admin\/#author","url":"https:\/\/candas365.es\/noticias\/author\/admin\/","name":"Cand\u00e1s 365","image":{"@type":"ImageObject","@id":"https:\/\/candas365.es\/noticias\/barbon-pide-contundencia-ante-las-politicas-arancelarias-de-trump\/#authorImage","url":"https:\/\/secure.gravatar.com\/avatar\/496a8e03d0c493ede1718b7934145dbdf8d89be1036b0eec9544e1094c9de390?s=96&d=mm&r=g","width":96,"height":96,"caption":"Cand\u00e1s 365"},"sameAs":["https:\/\/www.facebook.com\/carrenoactualidad","https:\/\/twitter.com\/nbasturias","https:\/\/www.instagram.com\/nachofdezber\/","https:\/\/www.youtube.com\/channel\/UCZP-2wLEB9Rv6erhFmqVnvg"]},{"@type":"WebPage","@id":"https:\/\/candas365.es\/noticias\/barbon-pide-contundencia-ante-las-politicas-arancelarias-de-trump\/#webpage","url":"https:\/\/candas365.es\/noticias\/barbon-pide-contundencia-ante-las-politicas-arancelarias-de-trump\/","name":"Barb\u00f3n pide contundencia ante las pol\u00edticas arancelarias de Trump | Cand\u00e1s 365","description":"El presidente del Principado de Asturias, Adri\u00e1n Barb\u00f3n, ha reclamado una \u201crespuesta \u00fanica y contundente\u201d a la Comisi\u00f3n Europea frente a la pol\u00edtica arancelaria","inLanguage":"es-ES","isPartOf":{"@id":"https:\/\/candas365.es\/noticias\/#website"},"breadcrumb":{"@id":"https:\/\/candas365.es\/noticias\/barbon-pide-contundencia-ante-las-politicas-arancelarias-de-trump\/#breadcrumblist"},"author":{"@id":"https:\/\/candas365.es\/noticias\/author\/admin\/#author"},"creator":{"@id":"https:\/\/candas365.es\/noticias\/author\/admin\/#author"},"image":{"@type":"ImageObject","url":"https:\/\/candas365.es\/noticias\/wp-content\/uploads\/2025\/02\/Barbon.jpg","@id":"https:\/\/candas365.es\/noticias\/barbon-pide-contundencia-ante-las-politicas-arancelarias-de-trump\/#mainImage","width":998,"height":629,"caption":"Foto: Prensa Gobierno de Asturias"},"primaryImageOfPage":{"@id":"https:\/\/candas365.es\/noticias\/barbon-pide-contundencia-ante-las-politicas-arancelarias-de-trump\/#mainImage"},"datePublished":"2025-02-11T20:45:27+01:00","dateModified":"2025-02-11T20:45:48+01:00"},{"@type":"WebSite","@id":"https:\/\/candas365.es\/noticias\/#website","url":"https:\/\/candas365.es\/noticias\/","name":"Cand\u00e1s 365","alternateName":"Cand\u00e1s 365 Noticias","description":"Actualidad desde Carre\u00f1o para el mundo","inLanguage":"es-ES","publisher":{"@id":"https:\/\/candas365.es\/noticias\/#organization"}}]},"og:locale":"es_ES","og:site_name":"Cand\u00e1s 365","og:type":"article","og:title":"Barb\u00f3n pide contundencia ante las pol\u00edticas arancelarias de Trump | Cand\u00e1s 365","og:description":"El presidente del Principado de Asturias, Adri\u00e1n Barb\u00f3n, ha reclamado una \u201crespuesta \u00fanica y contundente\u201d a la Comisi\u00f3n Europea frente a la pol\u00edtica arancelaria","og:url":"https:\/\/candas365.es\/noticias\/barbon-pide-contundencia-ante-las-politicas-arancelarias-de-trump\/","og:image":"https:\/\/candas365.es\/noticias\/wp-content\/uploads\/2025\/02\/Barbon.jpg","og:image:secure_url":"https:\/\/candas365.es\/noticias\/wp-content\/uploads\/2025\/02\/Barbon.jpg","og:image:width":998,"og:image:height":629,"article:published_time":"2025-02-11T19:45:27+00:00","article:modified_time":"2025-02-11T19:45:48+00:00","article:publisher":"https:\/\/www.facebook.com\/Nachofdezber","article:author":"https:\/\/www.facebook.com\/carrenoactualidad","twitter:card":"summary_large_image","twitter:site":"@NabercoDigital","twitter:title":"Barb\u00f3n pide contundencia ante las pol\u00edticas arancelarias de Trump | Cand\u00e1s 365","twitter:description":"El presidente del Principado de Asturias, Adri\u00e1n Barb\u00f3n, ha reclamado una \u201crespuesta \u00fanica y contundente\u201d a la Comisi\u00f3n Europea frente a la pol\u00edtica arancelaria","twitter:creator":"@nbasturias","twitter:image":"https:\/\/candas365.es\/noticias\/wp-content\/uploads\/2025\/02\/Barbon.jpg","twitter:label1":"Escrito por","twitter:data1":"Cand\u00e1s 365","twitter:label2":"Tiempo de lectura estimado","twitter:data2":"3 minutos"},"aioseo_meta_data":{"post_id":"185184","title":null,"description":"El presidente del Principado de Asturias, Adri\u00e1n Barb\u00f3n, ha reclamado una \u201crespuesta \u00fanica y contundente\u201d a la Comisi\u00f3n Europea frente a la pol\u00edtica arancelaria","keywords":null,"keyphrases":{"focus":{"keyphrase":"Barb\u00f3n","score":100,"analysis":{"keyphraseInTitle":{"score":9,"maxScore":9,"error":0},"keyphraseInDescription":{"score":9,"maxScore":9,"error":0},"keyphraseLength":{"score":9,"maxScore":9,"error":0,"length":2},"keyphraseInURL":{"score":5,"maxScore":5,"error":0},"keyphraseInIntroduction":{"score":9,"maxScore":9,"error":0},"keyphraseInSubHeadings":[],"keyphraseInImageAlt":{"score":9,"maxScore":9,"error":0},"keywordDensity":{"type":"best","score":9,"maxScore":9,"error":0}}},"additional":[{"keyphrase":"Barb\u00f3n","score":100,"analysis":{"keyphraseInDescription":{"score":9,"maxScore":9,"error":0},"keyphraseLength":{"score":9,"maxScore":9,"error":0,"length":2},"keyphraseInIntroduction":{"score":9,"maxScore":9,"error":0},"keyphraseInImageAlt":{"score":9,"maxScore":9,"error":0},"keywordDensity":{"type":"best","score":9,"maxScore":9,"error":0}}}]},"primary_term":null,"canonical_url":null,"og_title":null,"og_description":null,"og_object_type":"default","og_image_type":"default","og_image_url":null,"og_image_width":null,"og_image_height":null,"og_image_custom_url":null,"og_image_custom_fields":null,"og_video":"","og_custom_url":null,"og_article_section":null,"og_article_tags":null,"twitter_use_og":false,"twitter_card":"default","twitter_image_type":"default","twitter_image_url":null,"twitter_image_custom_url":null,"twitter_image_custom_fields":null,"twitter_title":null,"twitter_description":null,"schema":{"blockGraphs":[],"customGraphs":[],"default":{"data":{"Article":[],"Course":[],"Dataset":[],"FAQPage":[],"Movie":[],"Person":[],"Product":[],"ProductReview":[],"Car":[],"Recipe":[],"Service":[],"SoftwareApplication":[],"WebPage":[]},"graphName":"Article","isEnabled":true},"graphs":[]},"schema_type":"default","schema_type_options":null,"pillar_content":false,"robots_default":true,"robots_noindex":false,"robots_noarchive":false,"robots_nosnippet":false,"robots_nofollow":false,"robots_noimageindex":false,"robots_noodp":false,"robots_notranslate":false,"robots_max_snippet":"-1","robots_max_videopreview":"-1","robots_max_imagepreview":"large","priority":null,"frequency":"default","location":null,"local_seo":null,"seo_analyzer_scan_date":"2025-09-03 10:16:22","breadcrumb_settings":null,"limit_modified_date":false,"reviewed_by":null,"open_ai":"{\"title\":{\"suggestions\":[],\"usage\":0},\"description\":{\"suggestions\":[],\"usage\":0}}","ai":null,"created":"2025-02-11 19:40:53","updated":"2025-09-03 10:16:22"},"aioseo_breadcrumb":"<div class=\"aioseo-breadcrumbs\"><span class=\"aioseo-breadcrumb\">\n\t<a href=\"https:\/\/candas365.es\/noticias\" title=\"Home\">Home<\/a>\n<\/span><span class=\"aioseo-breadcrumb-separator\">&ndash;<\/span><span class=\"aioseo-breadcrumb\">\n\t<a href=\"https:\/\/candas365.es\/noticias\/category\/asturias\/\" title=\"Asturias\">Asturias<\/a>\n<\/span><span class=\"aioseo-breadcrumb-separator\">&ndash;<\/span><span class=\"aioseo-breadcrumb\">\n\tBarb\u00f3n pide contundencia ante las pol\u00edticas arancelarias de Trump\n<\/span><\/div>","aioseo_breadcrumb_json":[{"label":"Home","link":"https:\/\/candas365.es\/noticias"},{"label":"Asturias","link":"https:\/\/candas365.es\/noticias\/category\/asturias\/"},{"label":"Barb\u00f3n pide contundencia ante las pol\u00edticas arancelarias de Trump","link":"https:\/\/candas365.es\/noticias\/barbon-pide-contundencia-ante-las-politicas-arancelarias-de-trump\/"}],"_links":{"self":[{"href":"https:\/\/candas365.es\/noticias\/wp-json\/wp\/v2\/posts\/185184","targetHints":{"allow":["GET"]}}],"collection":[{"href":"https:\/\/candas365.es\/noticias\/wp-json\/wp\/v2\/posts"}],"about":[{"href":"https:\/\/candas365.es\/noticias\/wp-json\/wp\/v2\/types\/post"}],"author":[{"embeddable":true,"href":"https:\/\/candas365.es\/noticias\/wp-json\/wp\/v2\/users\/1"}],"replies":[{"embeddable":true,"href":"https:\/\/candas365.es\/noticias\/wp-json\/wp\/v2\/comments?post=185184"}],"version-history":[{"count":0,"href":"https:\/\/candas365.es\/noticias\/wp-json\/wp\/v2\/posts\/185184\/revisions"}],"wp:featuredmedia":[{"embeddable":true,"href":"https:\/\/candas365.es\/noticias\/wp-json\/wp\/v2\/media\/185185"}],"wp:attachment":[{"href":"https:\/\/candas365.es\/noticias\/wp-json\/wp\/v2\/media?parent=185184"}],"wp:term":[{"taxonomy":"category","embeddable":true,"href":"https:\/\/candas365.es\/noticias\/wp-json\/wp\/v2\/categories?post=185184"},{"taxonomy":"post_tag","embeddable":true,"href":"https:\/\/candas365.es\/noticias\/wp-json\/wp\/v2\/tags?post=185184"}],"curies":[{"name":"wp","href":"https:\/\/api.w.org\/{rel}","templated":true}]}}