{"id":185109,"date":"2025-02-07T14:08:11","date_gmt":"2025-02-07T13:08:11","guid":{"rendered":"https:\/\/candas365.es\/noticias\/?p=185109"},"modified":"2025-02-07T14:08:11","modified_gmt":"2025-02-07T13:08:11","slug":"buenas-cifras-para-el-ave-entre-espana-y-francia","status":"publish","type":"post","link":"https:\/\/candas365.es\/noticias\/buenas-cifras-para-el-ave-entre-espana-y-francia\/","title":{"rendered":"Buenas cifras para el AVE entre Espa\u00f1a y Francia"},"content":{"rendered":"<p>Renfe ha informado de que se ha alcanzado el mill\u00f3n de <a href=\"https:\/\/candas365.es\/noticias\/category\/turismo\/\"><span style=\"color: #ff6600;\"><strong>viajeros<\/strong><\/span><\/a> en los trenes AVE internacionales entre Francia y Espa\u00f1a. Durante el pasado verano de 2023 se pusieron en marcha dos rutas (con cabecera en Lyon y Marsella) que conectan una quincena de destinos de ambos pa\u00edses.<\/p>\n<figure id=\"attachment_185110\" aria-describedby=\"caption-attachment-185110\" style=\"width: 650px\" class=\"wp-caption aligncenter\"><img fetchpriority=\"high\" decoding=\"async\" class=\"size-large wp-image-185110\" src=\"https:\/\/candas365.es\/noticias\/wp-content\/uploads\/2025\/02\/Lyon-Francia-650x431.jpg\" alt=\"Lyon Francia\" width=\"650\" height=\"431\" srcset=\"https:\/\/candas365.es\/noticias\/wp-content\/uploads\/2025\/02\/Lyon-Francia-650x431.jpg 650w, https:\/\/candas365.es\/noticias\/wp-content\/uploads\/2025\/02\/Lyon-Francia-360x239.jpg 360w, https:\/\/candas365.es\/noticias\/wp-content\/uploads\/2025\/02\/Lyon-Francia-768x510.jpg 768w, https:\/\/candas365.es\/noticias\/wp-content\/uploads\/2025\/02\/Lyon-Francia-150x100.jpg 150w, https:\/\/candas365.es\/noticias\/wp-content\/uploads\/2025\/02\/Lyon-Francia-450x299.jpg 450w, https:\/\/candas365.es\/noticias\/wp-content\/uploads\/2025\/02\/Lyon-Francia.jpg 987w\" sizes=\"(max-width: 650px) 100vw, 650px\" \/><figcaption id=\"caption-attachment-185110\" class=\"wp-caption-text\">Foto: 123rf.com<\/figcaption><\/figure>\n<p>As\u00ed lo puso de relieve este viernes Renfe, que record\u00f3 que estrenar\u00e1 en los pr\u00f3ximos meses una nueva ruta a Toulouse con la que el operador p\u00fablico se consolida como el operador l\u00edder en tr\u00e1ficos transfronterizos y modelo de movilidad sostenible a ambos lados de los Pirineos.<\/p>\n<p>Los recorridos de mayor distancia son los m\u00e1s demandados por los viajeros en estos servicios internacionales. El corredor Marsella-Madrid acumula el 60% global, si bien la principal conexi\u00f3n origen-destino en cuanto a n\u00famero de viajeros es la que conecta Lyon y Barcelona, seguida de la ruta Barcelona-Montpellier y Lyon-Montpellier.<\/p>\n<p>Los trenes AVE de Renfe en Francia operan en dos rutas que conectan Lyon con Barcelona y Marsella con Madrid y que comparten parcialmente su recorrido. En el tramo com\u00fan, entre Nimes y Barcelona, Renfe ofrece cada d\u00eda cuatro trenes AVE (dos por sentido). Las principales conexiones son Lyon con Barcelona y Marsella con Madrid, con paradas estrat\u00e9gicas en ciudades como Montpellier, N\u00eemes, Narbona, Perpi\u00f1\u00e1n, Figueres o Girona.<\/p>\n<p>El tren AVE de Lyon presta servicio adem\u00e1s al nudo franc\u00e9s de conexiones de Valence, y el AVE de Marsella a los destinos tur\u00edsticos de Avi\u00f1\u00f3n y Aix-en-Provence en Francia. El pasado mes de diciembre, la Agencia Ferroviaria de la Uni\u00f3n Europea concedi\u00f3 a Renfe el certificado de seguridad necesario para extender sus operaciones entre Perpi\u00f1\u00e1n y Toulouse. Desde el pasado 2 de enero han comenzado los itinerarios formativos necesarios. De este modo Renfe podr\u00e1 continuar con su plan de expansi\u00f3n en Francia y estrenar su tercera ruta internacional en el segundo trimestre de 2025.<\/p>\n<p>(<a href=\"https:\/\/www.servimedia.es\/\" target=\"_blank\" rel=\"noopener\"><span style=\"color: #ff6600;\"><strong>SERVIMEDIA<\/strong><\/span><\/a>)<\/p>\n","protected":false},"excerpt":{"rendered":"<p>Renfe ha informado de que se ha alcanzado el mill\u00f3n de viajeros en los trenes AVE internacionales entre Francia y Espa\u00f1a. Durante el pasado verano de 2023 se pusieron en marcha dos rutas (con cabecera en Lyon y Marsella) que conectan una quincena de destinos de ambos pa\u00edses. As\u00ed lo puso de relieve este viernes<\/p>\n","protected":false},"author":1,"featured_media":185110,"comment_status":"closed","ping_status":"closed","sticky":false,"template":"","format":"standard","meta":{"footnotes":""},"categories":[359],"tags":[412],"class_list":{"0":"post-185109","1":"post","2":"type-post","3":"status-publish","4":"format-standard","5":"has-post-thumbnail","7":"category-turismo","8":"tag-turismo"},"aioseo_notices":[],"aioseo_head":"\n\t\t<!-- All in One SEO Pro 4.9.6.2 - aioseo.com -->\n\t<meta name=\"description\" content=\"Renfe ha informado de que se ha alcanzado el mill\u00f3n de viajeros en los trenes AVE internacionales entre Francia y Espa\u00f1a. Durante el pasado verano\" \/>\n\t<meta name=\"robots\" content=\"max-image-preview:large\" \/>\n\t<meta name=\"author\" content=\"Cand\u00e1s 365\"\/>\n\t<meta name=\"google-site-verification\" content=\"UA-32230408-1\" \/>\n\t<meta name=\"msvalidate.01\" content=\"354F3CDFB2DA171B47FBE9ABF1F88D5\" \/>\n\t<meta name=\"keywords\" content=\"turismo\" \/>\n\t<link rel=\"canonical\" href=\"https:\/\/candas365.es\/noticias\/buenas-cifras-para-el-ave-entre-espana-y-francia\/\" \/>\n\t<meta name=\"generator\" content=\"All in One SEO Pro (AIOSEO) 4.9.6.2\" \/>\n\t\t<meta property=\"og:locale\" content=\"es_ES\" \/>\n\t\t<meta property=\"og:site_name\" content=\"Cand\u00e1s 365\" \/>\n\t\t<meta property=\"og:type\" content=\"article\" \/>\n\t\t<meta property=\"og:title\" content=\"Buenas cifras para el AVE entre Espa\u00f1a y Francia | Cand\u00e1s 365\" \/>\n\t\t<meta property=\"og:description\" content=\"Renfe ha informado de que se ha alcanzado el mill\u00f3n de viajeros en los trenes AVE internacionales entre Francia y Espa\u00f1a. Durante el pasado verano\" \/>\n\t\t<meta property=\"og:url\" content=\"https:\/\/candas365.es\/noticias\/buenas-cifras-para-el-ave-entre-espana-y-francia\/\" \/>\n\t\t<meta property=\"og:image\" content=\"https:\/\/candas365.es\/noticias\/wp-content\/uploads\/2025\/02\/Lyon-Francia.jpg\" \/>\n\t\t<meta property=\"og:image:secure_url\" content=\"https:\/\/candas365.es\/noticias\/wp-content\/uploads\/2025\/02\/Lyon-Francia.jpg\" \/>\n\t\t<meta property=\"og:image:width\" content=\"987\" \/>\n\t\t<meta property=\"og:image:height\" content=\"655\" \/>\n\t\t<meta property=\"article:published_time\" content=\"2025-02-07T13:08:11+00:00\" \/>\n\t\t<meta property=\"article:modified_time\" content=\"2025-02-07T13:08:11+00:00\" \/>\n\t\t<meta property=\"article:publisher\" content=\"https:\/\/www.facebook.com\/Nachofdezber\" \/>\n\t\t<meta property=\"article:author\" content=\"https:\/\/www.facebook.com\/carrenoactualidad\" \/>\n\t\t<meta name=\"twitter:card\" content=\"summary_large_image\" \/>\n\t\t<meta name=\"twitter:site\" content=\"@NabercoDigital\" \/>\n\t\t<meta name=\"twitter:title\" content=\"Buenas cifras para el AVE entre Espa\u00f1a y Francia | Cand\u00e1s 365\" \/>\n\t\t<meta name=\"twitter:description\" content=\"Renfe ha informado de que se ha alcanzado el mill\u00f3n de viajeros en los trenes AVE internacionales entre Francia y Espa\u00f1a. Durante el pasado verano\" \/>\n\t\t<meta name=\"twitter:creator\" content=\"@nbasturias\" \/>\n\t\t<meta name=\"twitter:image\" content=\"https:\/\/candas365.es\/noticias\/wp-content\/uploads\/2025\/02\/Lyon-Francia.jpg\" \/>\n\t\t<meta name=\"twitter:label1\" content=\"Escrito por\" \/>\n\t\t<meta name=\"twitter:data1\" content=\"Cand\u00e1s 365\" \/>\n\t\t<meta name=\"twitter:label2\" content=\"Tiempo de lectura estimado\" \/>\n\t\t<meta name=\"twitter:data2\" content=\"2 minutos\" \/>\n\t\t<script type=\"application\/ld+json\" class=\"aioseo-schema\">\n\t\t\t{\"@context\":\"https:\\\/\\\/schema.org\",\"@graph\":[{\"@type\":\"BreadcrumbList\",\"@id\":\"https:\\\/\\\/candas365.es\\\/noticias\\\/buenas-cifras-para-el-ave-entre-espana-y-francia\\\/#breadcrumblist\",\"itemListElement\":[{\"@type\":\"ListItem\",\"@id\":\"https:\\\/\\\/candas365.es\\\/noticias#listItem\",\"position\":1,\"name\":\"Home\",\"item\":\"https:\\\/\\\/candas365.es\\\/noticias\",\"nextItem\":{\"@type\":\"ListItem\",\"@id\":\"https:\\\/\\\/candas365.es\\\/noticias\\\/category\\\/turismo\\\/#listItem\",\"name\":\"Turismo\"}},{\"@type\":\"ListItem\",\"@id\":\"https:\\\/\\\/candas365.es\\\/noticias\\\/category\\\/turismo\\\/#listItem\",\"position\":2,\"name\":\"Turismo\",\"item\":\"https:\\\/\\\/candas365.es\\\/noticias\\\/category\\\/turismo\\\/\",\"nextItem\":{\"@type\":\"ListItem\",\"@id\":\"https:\\\/\\\/candas365.es\\\/noticias\\\/buenas-cifras-para-el-ave-entre-espana-y-francia\\\/#listItem\",\"name\":\"Buenas cifras para el AVE entre Espa\\u00f1a y Francia\"},\"previousItem\":{\"@type\":\"ListItem\",\"@id\":\"https:\\\/\\\/candas365.es\\\/noticias#listItem\",\"name\":\"Home\"}},{\"@type\":\"ListItem\",\"@id\":\"https:\\\/\\\/candas365.es\\\/noticias\\\/buenas-cifras-para-el-ave-entre-espana-y-francia\\\/#listItem\",\"position\":3,\"name\":\"Buenas cifras para el AVE entre Espa\\u00f1a y Francia\",\"previousItem\":{\"@type\":\"ListItem\",\"@id\":\"https:\\\/\\\/candas365.es\\\/noticias\\\/category\\\/turismo\\\/#listItem\",\"name\":\"Turismo\"}}]},{\"@type\":\"NewsArticle\",\"@id\":\"https:\\\/\\\/candas365.es\\\/noticias\\\/buenas-cifras-para-el-ave-entre-espana-y-francia\\\/#newsarticle\",\"name\":\"Buenas cifras para el AVE entre Espa\\u00f1a y Francia | Cand\\u00e1s 365\",\"headline\":\"Buenas cifras para el AVE entre Espa\\u00f1a y Francia\",\"author\":{\"@id\":\"https:\\\/\\\/candas365.es\\\/noticias\\\/author\\\/admin\\\/#author\"},\"publisher\":{\"@id\":\"https:\\\/\\\/candas365.es\\\/noticias\\\/#organization\"},\"image\":{\"@type\":\"ImageObject\",\"url\":\"https:\\\/\\\/candas365.es\\\/noticias\\\/wp-content\\\/uploads\\\/2025\\\/02\\\/Lyon-Francia.jpg\",\"width\":987,\"height\":655,\"caption\":\"Foto: 123rf.com\"},\"datePublished\":\"2025-02-07T14:08:11+01:00\",\"dateModified\":\"2025-02-07T14:08:11+01:00\",\"inLanguage\":\"es-ES\",\"mainEntityOfPage\":{\"@id\":\"https:\\\/\\\/candas365.es\\\/noticias\\\/buenas-cifras-para-el-ave-entre-espana-y-francia\\\/#webpage\"},\"isPartOf\":{\"@id\":\"https:\\\/\\\/candas365.es\\\/noticias\\\/buenas-cifras-para-el-ave-entre-espana-y-francia\\\/#webpage\"},\"articleSection\":\"Turismo, turismo\",\"dateline\":\"Publicado el febrero 7, 2025.\"},{\"@type\":\"Organization\",\"@id\":\"https:\\\/\\\/candas365.es\\\/noticias\\\/#organization\",\"name\":\"Cand\\u00e1s 365\",\"description\":\"Cand\\u00e1s 365 es un diario digital independiente, fundado en 2012, con base en Asturias. Informamos con rigor sobre actualidad, sociedad, cultura y ocio, con una mirada local y global.\",\"url\":\"https:\\\/\\\/candas365.es\\\/noticias\\\/\",\"email\":\"info@candas365.es\",\"telephone\":\"+34652131393\",\"foundingDate\":\"2012-06-10\",\"logo\":{\"@type\":\"ImageObject\",\"url\":\"https:\\\/\\\/candas365.es\\\/noticias\\\/wp-content\\\/uploads\\\/2024\\\/09\\\/Candas-365-Redes.jpg\",\"@id\":\"https:\\\/\\\/candas365.es\\\/noticias\\\/buenas-cifras-para-el-ave-entre-espana-y-francia\\\/#organizationLogo\",\"width\":1152,\"height\":864,\"caption\":\"Cand\\u00e1s 365 Redes\"},\"image\":{\"@id\":\"https:\\\/\\\/candas365.es\\\/noticias\\\/buenas-cifras-para-el-ave-entre-espana-y-francia\\\/#organizationLogo\"},\"sameAs\":[\"https:\\\/\\\/www.facebook.com\\\/Nachofdezber\",\"https:\\\/\\\/x.com\\\/NabercoDigital\",\"https:\\\/\\\/www.instagram.com\\\/nachofdezber\\\/\",\"https:\\\/\\\/www.youtube.com\\\/channel\\\/UCZP-2wLEB9Rv6erhFmqVnvg\"],\"address\":{\"@id\":\"https:\\\/\\\/candas365.es\\\/noticias\\\/#postaladdress\",\"@type\":\"PostalAddress\",\"streetAddress\":\"san antonio 4, san antonio 4\",\"postalCode\":\"33430\",\"addressLocality\":\"Cand\\u00e1s\",\"addressRegion\":\"Asturias\",\"addressCountry\":\"ES\"}},{\"@type\":\"Person\",\"@id\":\"https:\\\/\\\/candas365.es\\\/noticias\\\/author\\\/admin\\\/#author\",\"url\":\"https:\\\/\\\/candas365.es\\\/noticias\\\/author\\\/admin\\\/\",\"name\":\"Cand\\u00e1s 365\",\"image\":{\"@type\":\"ImageObject\",\"@id\":\"https:\\\/\\\/candas365.es\\\/noticias\\\/buenas-cifras-para-el-ave-entre-espana-y-francia\\\/#authorImage\",\"url\":\"https:\\\/\\\/secure.gravatar.com\\\/avatar\\\/496a8e03d0c493ede1718b7934145dbdf8d89be1036b0eec9544e1094c9de390?s=96&d=mm&r=g\",\"width\":96,\"height\":96,\"caption\":\"Cand\\u00e1s 365\"},\"sameAs\":[\"https:\\\/\\\/www.facebook.com\\\/carrenoactualidad\",\"https:\\\/\\\/twitter.com\\\/nbasturias\",\"https:\\\/\\\/www.instagram.com\\\/nachofdezber\\\/\",\"https:\\\/\\\/www.youtube.com\\\/channel\\\/UCZP-2wLEB9Rv6erhFmqVnvg\"]},{\"@type\":\"WebPage\",\"@id\":\"https:\\\/\\\/candas365.es\\\/noticias\\\/buenas-cifras-para-el-ave-entre-espana-y-francia\\\/#webpage\",\"url\":\"https:\\\/\\\/candas365.es\\\/noticias\\\/buenas-cifras-para-el-ave-entre-espana-y-francia\\\/\",\"name\":\"Buenas cifras para el AVE entre Espa\\u00f1a y Francia | Cand\\u00e1s 365\",\"description\":\"Renfe ha informado de que se ha alcanzado el mill\\u00f3n de viajeros en los trenes AVE internacionales entre Francia y Espa\\u00f1a. Durante el pasado verano\",\"inLanguage\":\"es-ES\",\"isPartOf\":{\"@id\":\"https:\\\/\\\/candas365.es\\\/noticias\\\/#website\"},\"breadcrumb\":{\"@id\":\"https:\\\/\\\/candas365.es\\\/noticias\\\/buenas-cifras-para-el-ave-entre-espana-y-francia\\\/#breadcrumblist\"},\"author\":{\"@id\":\"https:\\\/\\\/candas365.es\\\/noticias\\\/author\\\/admin\\\/#author\"},\"creator\":{\"@id\":\"https:\\\/\\\/candas365.es\\\/noticias\\\/author\\\/admin\\\/#author\"},\"image\":{\"@type\":\"ImageObject\",\"url\":\"https:\\\/\\\/candas365.es\\\/noticias\\\/wp-content\\\/uploads\\\/2025\\\/02\\\/Lyon-Francia.jpg\",\"@id\":\"https:\\\/\\\/candas365.es\\\/noticias\\\/buenas-cifras-para-el-ave-entre-espana-y-francia\\\/#mainImage\",\"width\":987,\"height\":655,\"caption\":\"Foto: 123rf.com\"},\"primaryImageOfPage\":{\"@id\":\"https:\\\/\\\/candas365.es\\\/noticias\\\/buenas-cifras-para-el-ave-entre-espana-y-francia\\\/#mainImage\"},\"datePublished\":\"2025-02-07T14:08:11+01:00\",\"dateModified\":\"2025-02-07T14:08:11+01:00\"},{\"@type\":\"WebSite\",\"@id\":\"https:\\\/\\\/candas365.es\\\/noticias\\\/#website\",\"url\":\"https:\\\/\\\/candas365.es\\\/noticias\\\/\",\"name\":\"Cand\\u00e1s 365\",\"alternateName\":\"Cand\\u00e1s 365 Noticias\",\"description\":\"Actualidad desde Carre\\u00f1o para el mundo\",\"inLanguage\":\"es-ES\",\"publisher\":{\"@id\":\"https:\\\/\\\/candas365.es\\\/noticias\\\/#organization\"}}]}\n\t\t<\/script>\n\t\t<!-- All in One SEO Pro -->\r\n\t\t<title>Buenas cifras para el AVE entre Espa\u00f1a y Francia | Cand\u00e1s 365<\/title>\n\n","aioseo_head_json":{"title":"Buenas cifras para el AVE entre Espa\u00f1a y Francia | Cand\u00e1s 365","description":"Renfe ha informado de que se ha alcanzado el mill\u00f3n de viajeros en los trenes AVE internacionales entre Francia y Espa\u00f1a. Durante el pasado verano","canonical_url":"https:\/\/candas365.es\/noticias\/buenas-cifras-para-el-ave-entre-espana-y-francia\/","robots":"max-image-preview:large","keywords":"turismo","webmasterTools":{"google-site-verification":"UA-32230408-1","msvalidate.01":"354F3CDFB2DA171B47FBE9ABF1F88D5","miscellaneous":""},"schema":{"@context":"https:\/\/schema.org","@graph":[{"@type":"BreadcrumbList","@id":"https:\/\/candas365.es\/noticias\/buenas-cifras-para-el-ave-entre-espana-y-francia\/#breadcrumblist","itemListElement":[{"@type":"ListItem","@id":"https:\/\/candas365.es\/noticias#listItem","position":1,"name":"Home","item":"https:\/\/candas365.es\/noticias","nextItem":{"@type":"ListItem","@id":"https:\/\/candas365.es\/noticias\/category\/turismo\/#listItem","name":"Turismo"}},{"@type":"ListItem","@id":"https:\/\/candas365.es\/noticias\/category\/turismo\/#listItem","position":2,"name":"Turismo","item":"https:\/\/candas365.es\/noticias\/category\/turismo\/","nextItem":{"@type":"ListItem","@id":"https:\/\/candas365.es\/noticias\/buenas-cifras-para-el-ave-entre-espana-y-francia\/#listItem","name":"Buenas cifras para el AVE entre Espa\u00f1a y Francia"},"previousItem":{"@type":"ListItem","@id":"https:\/\/candas365.es\/noticias#listItem","name":"Home"}},{"@type":"ListItem","@id":"https:\/\/candas365.es\/noticias\/buenas-cifras-para-el-ave-entre-espana-y-francia\/#listItem","position":3,"name":"Buenas cifras para el AVE entre Espa\u00f1a y Francia","previousItem":{"@type":"ListItem","@id":"https:\/\/candas365.es\/noticias\/category\/turismo\/#listItem","name":"Turismo"}}]},{"@type":"NewsArticle","@id":"https:\/\/candas365.es\/noticias\/buenas-cifras-para-el-ave-entre-espana-y-francia\/#newsarticle","name":"Buenas cifras para el AVE entre Espa\u00f1a y Francia | Cand\u00e1s 365","headline":"Buenas cifras para el AVE entre Espa\u00f1a y Francia","author":{"@id":"https:\/\/candas365.es\/noticias\/author\/admin\/#author"},"publisher":{"@id":"https:\/\/candas365.es\/noticias\/#organization"},"image":{"@type":"ImageObject","url":"https:\/\/candas365.es\/noticias\/wp-content\/uploads\/2025\/02\/Lyon-Francia.jpg","width":987,"height":655,"caption":"Foto: 123rf.com"},"datePublished":"2025-02-07T14:08:11+01:00","dateModified":"2025-02-07T14:08:11+01:00","inLanguage":"es-ES","mainEntityOfPage":{"@id":"https:\/\/candas365.es\/noticias\/buenas-cifras-para-el-ave-entre-espana-y-francia\/#webpage"},"isPartOf":{"@id":"https:\/\/candas365.es\/noticias\/buenas-cifras-para-el-ave-entre-espana-y-francia\/#webpage"},"articleSection":"Turismo, turismo","dateline":"Publicado el febrero 7, 2025."},{"@type":"Organization","@id":"https:\/\/candas365.es\/noticias\/#organization","name":"Cand\u00e1s 365","description":"Cand\u00e1s 365 es un diario digital independiente, fundado en 2012, con base en Asturias. Informamos con rigor sobre actualidad, sociedad, cultura y ocio, con una mirada local y global.","url":"https:\/\/candas365.es\/noticias\/","email":"info@candas365.es","telephone":"+34652131393","foundingDate":"2012-06-10","logo":{"@type":"ImageObject","url":"https:\/\/candas365.es\/noticias\/wp-content\/uploads\/2024\/09\/Candas-365-Redes.jpg","@id":"https:\/\/candas365.es\/noticias\/buenas-cifras-para-el-ave-entre-espana-y-francia\/#organizationLogo","width":1152,"height":864,"caption":"Cand\u00e1s 365 Redes"},"image":{"@id":"https:\/\/candas365.es\/noticias\/buenas-cifras-para-el-ave-entre-espana-y-francia\/#organizationLogo"},"sameAs":["https:\/\/www.facebook.com\/Nachofdezber","https:\/\/x.com\/NabercoDigital","https:\/\/www.instagram.com\/nachofdezber\/","https:\/\/www.youtube.com\/channel\/UCZP-2wLEB9Rv6erhFmqVnvg"],"address":{"@id":"https:\/\/candas365.es\/noticias\/#postaladdress","@type":"PostalAddress","streetAddress":"san antonio 4, san antonio 4","postalCode":"33430","addressLocality":"Cand\u00e1s","addressRegion":"Asturias","addressCountry":"ES"}},{"@type":"Person","@id":"https:\/\/candas365.es\/noticias\/author\/admin\/#author","url":"https:\/\/candas365.es\/noticias\/author\/admin\/","name":"Cand\u00e1s 365","image":{"@type":"ImageObject","@id":"https:\/\/candas365.es\/noticias\/buenas-cifras-para-el-ave-entre-espana-y-francia\/#authorImage","url":"https:\/\/secure.gravatar.com\/avatar\/496a8e03d0c493ede1718b7934145dbdf8d89be1036b0eec9544e1094c9de390?s=96&d=mm&r=g","width":96,"height":96,"caption":"Cand\u00e1s 365"},"sameAs":["https:\/\/www.facebook.com\/carrenoactualidad","https:\/\/twitter.com\/nbasturias","https:\/\/www.instagram.com\/nachofdezber\/","https:\/\/www.youtube.com\/channel\/UCZP-2wLEB9Rv6erhFmqVnvg"]},{"@type":"WebPage","@id":"https:\/\/candas365.es\/noticias\/buenas-cifras-para-el-ave-entre-espana-y-francia\/#webpage","url":"https:\/\/candas365.es\/noticias\/buenas-cifras-para-el-ave-entre-espana-y-francia\/","name":"Buenas cifras para el AVE entre Espa\u00f1a y Francia | Cand\u00e1s 365","description":"Renfe ha informado de que se ha alcanzado el mill\u00f3n de viajeros en los trenes AVE internacionales entre Francia y Espa\u00f1a. Durante el pasado verano","inLanguage":"es-ES","isPartOf":{"@id":"https:\/\/candas365.es\/noticias\/#website"},"breadcrumb":{"@id":"https:\/\/candas365.es\/noticias\/buenas-cifras-para-el-ave-entre-espana-y-francia\/#breadcrumblist"},"author":{"@id":"https:\/\/candas365.es\/noticias\/author\/admin\/#author"},"creator":{"@id":"https:\/\/candas365.es\/noticias\/author\/admin\/#author"},"image":{"@type":"ImageObject","url":"https:\/\/candas365.es\/noticias\/wp-content\/uploads\/2025\/02\/Lyon-Francia.jpg","@id":"https:\/\/candas365.es\/noticias\/buenas-cifras-para-el-ave-entre-espana-y-francia\/#mainImage","width":987,"height":655,"caption":"Foto: 123rf.com"},"primaryImageOfPage":{"@id":"https:\/\/candas365.es\/noticias\/buenas-cifras-para-el-ave-entre-espana-y-francia\/#mainImage"},"datePublished":"2025-02-07T14:08:11+01:00","dateModified":"2025-02-07T14:08:11+01:00"},{"@type":"WebSite","@id":"https:\/\/candas365.es\/noticias\/#website","url":"https:\/\/candas365.es\/noticias\/","name":"Cand\u00e1s 365","alternateName":"Cand\u00e1s 365 Noticias","description":"Actualidad desde Carre\u00f1o para el mundo","inLanguage":"es-ES","publisher":{"@id":"https:\/\/candas365.es\/noticias\/#organization"}}]},"og:locale":"es_ES","og:site_name":"Cand\u00e1s 365","og:type":"article","og:title":"Buenas cifras para el AVE entre Espa\u00f1a y Francia | Cand\u00e1s 365","og:description":"Renfe ha informado de que se ha alcanzado el mill\u00f3n de viajeros en los trenes AVE internacionales entre Francia y Espa\u00f1a. Durante el pasado verano","og:url":"https:\/\/candas365.es\/noticias\/buenas-cifras-para-el-ave-entre-espana-y-francia\/","og:image":"https:\/\/candas365.es\/noticias\/wp-content\/uploads\/2025\/02\/Lyon-Francia.jpg","og:image:secure_url":"https:\/\/candas365.es\/noticias\/wp-content\/uploads\/2025\/02\/Lyon-Francia.jpg","og:image:width":987,"og:image:height":655,"article:published_time":"2025-02-07T13:08:11+00:00","article:modified_time":"2025-02-07T13:08:11+00:00","article:publisher":"https:\/\/www.facebook.com\/Nachofdezber","article:author":"https:\/\/www.facebook.com\/carrenoactualidad","twitter:card":"summary_large_image","twitter:site":"@NabercoDigital","twitter:title":"Buenas cifras para el AVE entre Espa\u00f1a y Francia | Cand\u00e1s 365","twitter:description":"Renfe ha informado de que se ha alcanzado el mill\u00f3n de viajeros en los trenes AVE internacionales entre Francia y Espa\u00f1a. Durante el pasado verano","twitter:creator":"@nbasturias","twitter:image":"https:\/\/candas365.es\/noticias\/wp-content\/uploads\/2025\/02\/Lyon-Francia.jpg","twitter:label1":"Escrito por","twitter:data1":"Cand\u00e1s 365","twitter:label2":"Tiempo de lectura estimado","twitter:data2":"2 minutos"},"aioseo_meta_data":{"post_id":"185109","title":null,"description":"Renfe ha informado de que se ha alcanzado el mill\u00f3n de viajeros en los trenes AVE internacionales entre Francia y Espa\u00f1a. Durante el pasado verano","keywords":null,"keyphrases":{"focus":{"keyphrase":"Francia","score":93,"analysis":{"keyphraseInTitle":{"score":9,"maxScore":9,"error":0},"keyphraseInDescription":{"score":9,"maxScore":9,"error":0},"keyphraseLength":{"score":9,"maxScore":9,"error":0,"length":1},"keyphraseInURL":{"score":1,"maxScore":5,"error":1},"keyphraseInIntroduction":{"score":9,"maxScore":9,"error":0},"keyphraseInSubHeadings":[],"keyphraseInImageAlt":{"score":9,"maxScore":9,"error":0},"keywordDensity":{"type":"best","score":9,"maxScore":9,"error":0}}},"additional":[{"keyphrase":"AVE","score":87,"analysis":{"keyphraseInDescription":{"score":9,"maxScore":9,"error":0},"keyphraseLength":{"score":9,"maxScore":9,"error":0,"length":1},"keyphraseInIntroduction":{"score":9,"maxScore":9,"error":0},"keyphraseInImageAlt":{"score":3,"maxScore":9,"error":1},"keywordDensity":{"type":"best","score":9,"maxScore":9,"error":0}}}]},"primary_term":null,"canonical_url":null,"og_title":null,"og_description":null,"og_object_type":"default","og_image_type":"default","og_image_url":null,"og_image_width":null,"og_image_height":null,"og_image_custom_url":null,"og_image_custom_fields":null,"og_video":"","og_custom_url":null,"og_article_section":null,"og_article_tags":null,"twitter_use_og":false,"twitter_card":"default","twitter_image_type":"default","twitter_image_url":null,"twitter_image_custom_url":null,"twitter_image_custom_fields":null,"twitter_title":null,"twitter_description":null,"schema":{"blockGraphs":[],"customGraphs":[],"default":{"data":{"Article":[],"Course":[],"Dataset":[],"FAQPage":[],"Movie":[],"Person":[],"Product":[],"ProductReview":[],"Car":[],"Recipe":[],"Service":[],"SoftwareApplication":[],"WebPage":[]},"graphName":"Article","isEnabled":true},"graphs":[]},"schema_type":"default","schema_type_options":null,"pillar_content":false,"robots_default":true,"robots_noindex":false,"robots_noarchive":false,"robots_nosnippet":false,"robots_nofollow":false,"robots_noimageindex":false,"robots_noodp":false,"robots_notranslate":false,"robots_max_snippet":"-1","robots_max_videopreview":"-1","robots_max_imagepreview":"large","priority":null,"frequency":"default","location":null,"local_seo":null,"seo_analyzer_scan_date":"2025-09-03 10:05:25","breadcrumb_settings":null,"limit_modified_date":false,"reviewed_by":null,"open_ai":"{\"title\":{\"suggestions\":[],\"usage\":0},\"description\":{\"suggestions\":[],\"usage\":0}}","ai":null,"created":"2025-02-07 12:58:26","updated":"2025-09-03 10:05:25"},"aioseo_breadcrumb":"<div class=\"aioseo-breadcrumbs\"><span class=\"aioseo-breadcrumb\">\n\t<a href=\"https:\/\/candas365.es\/noticias\" title=\"Home\">Home<\/a>\n<\/span><span class=\"aioseo-breadcrumb-separator\">&ndash;<\/span><span class=\"aioseo-breadcrumb\">\n\t<a href=\"https:\/\/candas365.es\/noticias\/category\/turismo\/\" title=\"Turismo\">Turismo<\/a>\n<\/span><span class=\"aioseo-breadcrumb-separator\">&ndash;<\/span><span class=\"aioseo-breadcrumb\">\n\tBuenas cifras para el AVE entre Espa\u00f1a y Francia\n<\/span><\/div>","aioseo_breadcrumb_json":[{"label":"Home","link":"https:\/\/candas365.es\/noticias"},{"label":"Turismo","link":"https:\/\/candas365.es\/noticias\/category\/turismo\/"},{"label":"Buenas cifras para el AVE entre Espa\u00f1a y Francia","link":"https:\/\/candas365.es\/noticias\/buenas-cifras-para-el-ave-entre-espana-y-francia\/"}],"_links":{"self":[{"href":"https:\/\/candas365.es\/noticias\/wp-json\/wp\/v2\/posts\/185109","targetHints":{"allow":["GET"]}}],"collection":[{"href":"https:\/\/candas365.es\/noticias\/wp-json\/wp\/v2\/posts"}],"about":[{"href":"https:\/\/candas365.es\/noticias\/wp-json\/wp\/v2\/types\/post"}],"author":[{"embeddable":true,"href":"https:\/\/candas365.es\/noticias\/wp-json\/wp\/v2\/users\/1"}],"replies":[{"embeddable":true,"href":"https:\/\/candas365.es\/noticias\/wp-json\/wp\/v2\/comments?post=185109"}],"version-history":[{"count":0,"href":"https:\/\/candas365.es\/noticias\/wp-json\/wp\/v2\/posts\/185109\/revisions"}],"wp:featuredmedia":[{"embeddable":true,"href":"https:\/\/candas365.es\/noticias\/wp-json\/wp\/v2\/media\/185110"}],"wp:attachment":[{"href":"https:\/\/candas365.es\/noticias\/wp-json\/wp\/v2\/media?parent=185109"}],"wp:term":[{"taxonomy":"category","embeddable":true,"href":"https:\/\/candas365.es\/noticias\/wp-json\/wp\/v2\/categories?post=185109"},{"taxonomy":"post_tag","embeddable":true,"href":"https:\/\/candas365.es\/noticias\/wp-json\/wp\/v2\/tags?post=185109"}],"curies":[{"name":"wp","href":"https:\/\/api.w.org\/{rel}","templated":true}]}}