{"id":184893,"date":"2025-01-26T21:45:47","date_gmt":"2025-01-26T20:45:47","guid":{"rendered":"https:\/\/candas365.es\/noticias\/?p=184893"},"modified":"2025-01-26T21:45:47","modified_gmt":"2025-01-26T20:45:47","slug":"los-hospitales-alemanes-luchan-por-ampliar-sus-bancos-de-leche-materna","status":"publish","type":"post","link":"https:\/\/candas365.es\/noticias\/los-hospitales-alemanes-luchan-por-ampliar-sus-bancos-de-leche-materna\/","title":{"rendered":"Los hospitales alemanes luchan por ampliar sus bancos de leche materna"},"content":{"rendered":"<p>Dortmund (Alemania), 26 ene (<a href=\"https:\/\/www.dpa-news.de\/\" target=\"_blank\" rel=\"noopener\"><span style=\"color: #ff6600;\"><strong>dpa<\/strong><\/span><\/a>) &#8211; Jonathan naci\u00f3 con s\u00f3lo 620 gramos de peso de forma prematura, sus \u00f3rganos no estaban completamente desarrollados, no pod\u00eda respirar por s\u00ed mismo y a\u00fan no ten\u00eda reflejo de succi\u00f3n.<strong> \u00abTen\u00eda miedo de que no sobreviviera. Estuvo intubado durante semanas, ten\u00edamos pocas esperanzas\u00bb, cuenta su madre, Fonny Wilde, en el hospital de Dortmund.<\/strong><\/p>\n<figure id=\"attachment_184894\" aria-describedby=\"caption-attachment-184894\" style=\"width: 650px\" class=\"wp-caption aligncenter\"><img fetchpriority=\"high\" decoding=\"async\" class=\"size-large wp-image-184894\" src=\"https:\/\/candas365.es\/noticias\/wp-content\/uploads\/2025\/01\/leche-materna-Alemania-650x426.jpg\" alt=\"leche materna Alemania\" width=\"650\" height=\"426\" srcset=\"https:\/\/candas365.es\/noticias\/wp-content\/uploads\/2025\/01\/leche-materna-Alemania-650x426.jpg 650w, https:\/\/candas365.es\/noticias\/wp-content\/uploads\/2025\/01\/leche-materna-Alemania-360x236.jpg 360w, https:\/\/candas365.es\/noticias\/wp-content\/uploads\/2025\/01\/leche-materna-Alemania-768x503.jpg 768w, https:\/\/candas365.es\/noticias\/wp-content\/uploads\/2025\/01\/leche-materna-Alemania-150x98.jpg 150w, https:\/\/candas365.es\/noticias\/wp-content\/uploads\/2025\/01\/leche-materna-Alemania-450x295.jpg 450w, https:\/\/candas365.es\/noticias\/wp-content\/uploads\/2025\/01\/leche-materna-Alemania.jpg 1004w\" sizes=\"(max-width: 650px) 100vw, 650px\" \/><figcaption id=\"caption-attachment-184894\" class=\"wp-caption-text\">Jonathan, de tres meses, es alimentado con leche materna donada procedente del banco del Hospital Universitario de Dortmund. Foto: Bernd Thissen\/dpa<\/figcaption><\/figure>\n<p>La leche materna es especialmente importante para los beb\u00e9s prematuros como Jonathan, y a veces es incluso vital para aquellos m\u00e1s d\u00e9biles o enfermos. Y aqu\u00ed es donde la cuesti\u00f3n suele resultar muy problem\u00e1tica.<\/p>\n<p>Muchas madres no pueden dar el pecho, o no lo hacen inmediatamente. \u00abTen\u00eda mucho estr\u00e9s. Jonathan era muy peque\u00f1o. <strong>Naci\u00f3 a las 25 semanas y mi producci\u00f3n de leche no funcionaba\u00bb, cuenta esta mujer de 38 a\u00f1os. \u00abEntonces recibi\u00f3 leche donada de otra mam\u00e1, me sent\u00ed muy aliviada\u00bb, a\u00f1ade.<\/strong><\/p>\n<p>Hace diez a\u00f1os, la cl\u00ednica pedi\u00e1trica de Dortmund fue la primera de Renania del Norte-Westfalia en crear un banco de leche humana, y desde entonces muchos beb\u00e9s se han beneficiado de \u00e9l. Jonathan, por ejemplo, que ahora pesa 2.160 gramos, despu\u00e9s de tres meses. El peque\u00f1o ya chupa el biber\u00f3n con valent\u00eda. Sin embargo, sigue llevando un minitubo g\u00e1strico a trav\u00e9s de la nariz por razones de seguridad.<\/p>\n<p>Cuando los ni\u00f1os nacen muchas semanas antes de tiempo y no hay estimulaci\u00f3n por la succi\u00f3n, la producci\u00f3n de leche de la madre no se pone en marcha, explica Dominik Schneider, jefe de la cl\u00ednica pedi\u00e1trica. <strong>\u00abLas donaciones de leche est\u00e1n pensadas para que estas madres se liberen de la presi\u00f3n por el momento, de modo que quiz\u00e1 puedan seguir amamantando m\u00e1s adelante\u00bb.<\/strong><\/p>\n<p>Por otro lado, hay madres que est\u00e1n enfermas o toman medicaci\u00f3n y, por tanto, no pueden dar el pecho, indica. Si es posible, sus beb\u00e9s tambi\u00e9n deben ser alimentados con leche donada.<\/p>\n<p>Los que empiezan la vida con s\u00f3lo unos cientos de gramos de peso al nacer son especialmente vulnerables. Piel, tracto gastrointestinal, pulmones: todos los \u00f3rganos son a\u00fan inmaduros. Puede haber complicaciones y aumenta el riesgo de enfermedades, incluso mortales, explica Schneider, que asesor\u00f3 la creaci\u00f3n de bancos de leche en Hannover, M\u00fcnster y Essen.<\/p>\n<blockquote><p>\u00abLa leche materna tiene un efecto protector\u00bb y contiene importantes enzimas y anticuerpos, se\u00f1ala.<\/p><\/blockquote>\n<p>En Dortmund, el suministro de leche humana est\u00e1 garantizado. Pero no es as\u00ed en todas partes de Alemania, donde el suministro de leche donada no es suficiente. Actualmente hay 53 bancos de leche materna, al menos uno en cada estado federado, casi siempre adscritos a cl\u00ednicas, como informa el pediatra Rudolf Ascherl, de la Iniciativa de Bancos de Leche para Mujeres (FMBI).<\/p>\n<p>Crear un banco de leche, gestionarlo de forma sostenible y encontrar siempre suficientes donantes es dif\u00edcil, seg\u00fan la FMBI. Una <a href=\"https:\/\/candas365.es\/noticias\/category\/salud\/\"><span style=\"color: #ff6600;\"><strong>cl\u00ednica de neonatolog\u00ed<\/strong>a<\/span><\/a> necesita espacio, personal y suele tener que recaudar los fondos ella misma. Como alternativa a la creaci\u00f3n de m\u00e1s bancos de leche, existe cooperaci\u00f3n entre las cl\u00ednicas, para llegar a m\u00e1s beb\u00e9s.<\/p>\n<p>Los prematuros s\u00f3lo necesitan unas gotas al principio, explica Sabine Senge, responsable del banco de leche de Dortmund. \u00abAl principio, reciben una toma cada dos horas, de aproximadamente un mililitro\u00bb. Eso son unas 20 gotas, que el beb\u00e9 recibe a trav\u00e9s de una sonda de alimentaci\u00f3n. Luego el intervalo se ampl\u00eda gradualmente a cuatro horas y cantidades algo mayores.<\/p>\n<p>Jonathan y su madre podr\u00e1n abandonar pronto el hospital. \u00abTodav\u00eda no me funciona ponerle al pecho, pero al menos ahora tengo algo de leche propia\u00bb. Le gustar\u00eda dejar una donaci\u00f3n, pero no tiene suficiente. \u00abEstoy muy agradecida -dice-. Jonathan crece d\u00eda a d\u00eda. Es mi peque\u00f1o milagro\u00bb.<\/p>\n<p><i class=\"lang-es\"><span class=\" readonly\" title=\"\">Por Yuriko Wahl-Immel (dpa)<\/span><\/i><\/p>\n","protected":false},"excerpt":{"rendered":"<p>Dortmund (Alemania), 26 ene (dpa) &#8211; Jonathan naci\u00f3 con s\u00f3lo 620 gramos de peso de forma prematura, sus \u00f3rganos no estaban completamente desarrollados, no pod\u00eda respirar por s\u00ed mismo y a\u00fan no ten\u00eda reflejo de succi\u00f3n. \u00abTen\u00eda miedo de que no sobreviviera. Estuvo intubado durante semanas, ten\u00edamos pocas esperanzas\u00bb, cuenta su madre, Fonny Wilde, en<\/p>\n","protected":false},"author":1,"featured_media":184894,"comment_status":"closed","ping_status":"closed","sticky":false,"template":"","format":"standard","meta":{"footnotes":""},"categories":[372],"tags":[378],"class_list":{"0":"post-184893","1":"post","2":"type-post","3":"status-publish","4":"format-standard","5":"has-post-thumbnail","7":"category-salud","8":"tag-salud"},"aioseo_notices":[],"aioseo_head":"\n\t\t<!-- All in One SEO Pro 4.9.6.2 - aioseo.com -->\n\t<meta name=\"description\" content=\"Dortmund (Alemania), 26 ene (dpa) - Jonathan naci\u00f3 con s\u00f3lo 620 gramos de peso de forma prematura, sus \u00f3rganos no estaban completamente desarrollados\" \/>\n\t<meta name=\"robots\" content=\"max-image-preview:large\" \/>\n\t<meta name=\"author\" content=\"Cand\u00e1s 365\"\/>\n\t<meta name=\"google-site-verification\" content=\"UA-32230408-1\" \/>\n\t<meta name=\"msvalidate.01\" content=\"354F3CDFB2DA171B47FBE9ABF1F88D5\" \/>\n\t<meta name=\"keywords\" content=\"salud\" \/>\n\t<link rel=\"canonical\" href=\"https:\/\/candas365.es\/noticias\/los-hospitales-alemanes-luchan-por-ampliar-sus-bancos-de-leche-materna\/\" \/>\n\t<meta name=\"generator\" content=\"All in One SEO Pro (AIOSEO) 4.9.6.2\" \/>\n\t\t<meta property=\"og:locale\" content=\"es_ES\" \/>\n\t\t<meta property=\"og:site_name\" content=\"Cand\u00e1s 365\" \/>\n\t\t<meta property=\"og:type\" content=\"article\" \/>\n\t\t<meta property=\"og:title\" content=\"Los hospitales alemanes luchan por ampliar sus bancos de leche materna | Cand\u00e1s 365\" \/>\n\t\t<meta property=\"og:description\" content=\"Dortmund (Alemania), 26 ene (dpa) - Jonathan naci\u00f3 con s\u00f3lo 620 gramos de peso de forma prematura, sus \u00f3rganos no estaban completamente desarrollados\" \/>\n\t\t<meta property=\"og:url\" content=\"https:\/\/candas365.es\/noticias\/los-hospitales-alemanes-luchan-por-ampliar-sus-bancos-de-leche-materna\/\" \/>\n\t\t<meta property=\"og:image\" content=\"https:\/\/candas365.es\/noticias\/wp-content\/uploads\/2025\/01\/leche-materna-Alemania.jpg\" \/>\n\t\t<meta property=\"og:image:secure_url\" content=\"https:\/\/candas365.es\/noticias\/wp-content\/uploads\/2025\/01\/leche-materna-Alemania.jpg\" \/>\n\t\t<meta property=\"og:image:width\" content=\"1004\" \/>\n\t\t<meta property=\"og:image:height\" content=\"658\" \/>\n\t\t<meta property=\"article:published_time\" content=\"2025-01-26T20:45:47+00:00\" \/>\n\t\t<meta property=\"article:modified_time\" content=\"2025-01-26T20:45:47+00:00\" \/>\n\t\t<meta property=\"article:publisher\" content=\"https:\/\/www.facebook.com\/Nachofdezber\" \/>\n\t\t<meta property=\"article:author\" content=\"https:\/\/www.facebook.com\/carrenoactualidad\" \/>\n\t\t<meta name=\"twitter:card\" content=\"summary_large_image\" \/>\n\t\t<meta name=\"twitter:site\" content=\"@NabercoDigital\" \/>\n\t\t<meta name=\"twitter:title\" content=\"Los hospitales alemanes luchan por ampliar sus bancos de leche materna | Cand\u00e1s 365\" \/>\n\t\t<meta name=\"twitter:description\" content=\"Dortmund (Alemania), 26 ene (dpa) - Jonathan naci\u00f3 con s\u00f3lo 620 gramos de peso de forma prematura, sus \u00f3rganos no estaban completamente desarrollados\" \/>\n\t\t<meta name=\"twitter:creator\" content=\"@nbasturias\" \/>\n\t\t<meta name=\"twitter:image\" content=\"https:\/\/candas365.es\/noticias\/wp-content\/uploads\/2025\/01\/leche-materna-Alemania.jpg\" \/>\n\t\t<meta name=\"twitter:label1\" content=\"Escrito por\" \/>\n\t\t<meta name=\"twitter:data1\" content=\"Cand\u00e1s 365\" \/>\n\t\t<meta name=\"twitter:label2\" content=\"Tiempo de lectura estimado\" \/>\n\t\t<meta name=\"twitter:data2\" content=\"3 minutos\" \/>\n\t\t<script type=\"application\/ld+json\" class=\"aioseo-schema\">\n\t\t\t{\"@context\":\"https:\\\/\\\/schema.org\",\"@graph\":[{\"@type\":\"BreadcrumbList\",\"@id\":\"https:\\\/\\\/candas365.es\\\/noticias\\\/los-hospitales-alemanes-luchan-por-ampliar-sus-bancos-de-leche-materna\\\/#breadcrumblist\",\"itemListElement\":[{\"@type\":\"ListItem\",\"@id\":\"https:\\\/\\\/candas365.es\\\/noticias#listItem\",\"position\":1,\"name\":\"Home\",\"item\":\"https:\\\/\\\/candas365.es\\\/noticias\",\"nextItem\":{\"@type\":\"ListItem\",\"@id\":\"https:\\\/\\\/candas365.es\\\/noticias\\\/category\\\/salud\\\/#listItem\",\"name\":\"Salud\"}},{\"@type\":\"ListItem\",\"@id\":\"https:\\\/\\\/candas365.es\\\/noticias\\\/category\\\/salud\\\/#listItem\",\"position\":2,\"name\":\"Salud\",\"item\":\"https:\\\/\\\/candas365.es\\\/noticias\\\/category\\\/salud\\\/\",\"nextItem\":{\"@type\":\"ListItem\",\"@id\":\"https:\\\/\\\/candas365.es\\\/noticias\\\/los-hospitales-alemanes-luchan-por-ampliar-sus-bancos-de-leche-materna\\\/#listItem\",\"name\":\"Los hospitales alemanes luchan por ampliar sus bancos de leche materna\"},\"previousItem\":{\"@type\":\"ListItem\",\"@id\":\"https:\\\/\\\/candas365.es\\\/noticias#listItem\",\"name\":\"Home\"}},{\"@type\":\"ListItem\",\"@id\":\"https:\\\/\\\/candas365.es\\\/noticias\\\/los-hospitales-alemanes-luchan-por-ampliar-sus-bancos-de-leche-materna\\\/#listItem\",\"position\":3,\"name\":\"Los hospitales alemanes luchan por ampliar sus bancos de leche materna\",\"previousItem\":{\"@type\":\"ListItem\",\"@id\":\"https:\\\/\\\/candas365.es\\\/noticias\\\/category\\\/salud\\\/#listItem\",\"name\":\"Salud\"}}]},{\"@type\":\"NewsArticle\",\"@id\":\"https:\\\/\\\/candas365.es\\\/noticias\\\/los-hospitales-alemanes-luchan-por-ampliar-sus-bancos-de-leche-materna\\\/#newsarticle\",\"name\":\"Los hospitales alemanes luchan por ampliar sus bancos de leche materna | Cand\\u00e1s 365\",\"headline\":\"Los hospitales alemanes luchan por ampliar sus bancos de leche materna\",\"author\":{\"@id\":\"https:\\\/\\\/candas365.es\\\/noticias\\\/author\\\/admin\\\/#author\"},\"publisher\":{\"@id\":\"https:\\\/\\\/candas365.es\\\/noticias\\\/#organization\"},\"image\":{\"@type\":\"ImageObject\",\"url\":\"https:\\\/\\\/candas365.es\\\/noticias\\\/wp-content\\\/uploads\\\/2025\\\/01\\\/leche-materna-Alemania.jpg\",\"width\":1004,\"height\":658,\"caption\":\"Jonathan, de tres meses, es alimentado con leche materna donada procedente del banco del Hospital Universitario de Dortmund. Foto: Bernd Thissen\\\/dpa\"},\"datePublished\":\"2025-01-26T21:45:47+01:00\",\"dateModified\":\"2025-01-26T21:45:47+01:00\",\"inLanguage\":\"es-ES\",\"mainEntityOfPage\":{\"@id\":\"https:\\\/\\\/candas365.es\\\/noticias\\\/los-hospitales-alemanes-luchan-por-ampliar-sus-bancos-de-leche-materna\\\/#webpage\"},\"isPartOf\":{\"@id\":\"https:\\\/\\\/candas365.es\\\/noticias\\\/los-hospitales-alemanes-luchan-por-ampliar-sus-bancos-de-leche-materna\\\/#webpage\"},\"articleSection\":\"Salud, Salud\",\"dateline\":\"Publicado el enero 26, 2025.\"},{\"@type\":\"Organization\",\"@id\":\"https:\\\/\\\/candas365.es\\\/noticias\\\/#organization\",\"name\":\"Cand\\u00e1s 365\",\"description\":\"Cand\\u00e1s 365 es un diario digital independiente, fundado en 2012, con base en Asturias. Informamos con rigor sobre actualidad, sociedad, cultura y ocio, con una mirada local y global.\",\"url\":\"https:\\\/\\\/candas365.es\\\/noticias\\\/\",\"email\":\"info@candas365.es\",\"telephone\":\"+34652131393\",\"foundingDate\":\"2012-06-10\",\"logo\":{\"@type\":\"ImageObject\",\"url\":\"https:\\\/\\\/candas365.es\\\/noticias\\\/wp-content\\\/uploads\\\/2024\\\/09\\\/Candas-365-Redes.jpg\",\"@id\":\"https:\\\/\\\/candas365.es\\\/noticias\\\/los-hospitales-alemanes-luchan-por-ampliar-sus-bancos-de-leche-materna\\\/#organizationLogo\",\"width\":1152,\"height\":864,\"caption\":\"Cand\\u00e1s 365 Redes\"},\"image\":{\"@id\":\"https:\\\/\\\/candas365.es\\\/noticias\\\/los-hospitales-alemanes-luchan-por-ampliar-sus-bancos-de-leche-materna\\\/#organizationLogo\"},\"sameAs\":[\"https:\\\/\\\/www.facebook.com\\\/Nachofdezber\",\"https:\\\/\\\/x.com\\\/NabercoDigital\",\"https:\\\/\\\/www.instagram.com\\\/nachofdezber\\\/\",\"https:\\\/\\\/www.youtube.com\\\/channel\\\/UCZP-2wLEB9Rv6erhFmqVnvg\"],\"address\":{\"@id\":\"https:\\\/\\\/candas365.es\\\/noticias\\\/#postaladdress\",\"@type\":\"PostalAddress\",\"streetAddress\":\"san antonio 4, san antonio 4\",\"postalCode\":\"33430\",\"addressLocality\":\"Cand\\u00e1s\",\"addressRegion\":\"Asturias\",\"addressCountry\":\"ES\"}},{\"@type\":\"Person\",\"@id\":\"https:\\\/\\\/candas365.es\\\/noticias\\\/author\\\/admin\\\/#author\",\"url\":\"https:\\\/\\\/candas365.es\\\/noticias\\\/author\\\/admin\\\/\",\"name\":\"Cand\\u00e1s 365\",\"image\":{\"@type\":\"ImageObject\",\"@id\":\"https:\\\/\\\/candas365.es\\\/noticias\\\/los-hospitales-alemanes-luchan-por-ampliar-sus-bancos-de-leche-materna\\\/#authorImage\",\"url\":\"https:\\\/\\\/secure.gravatar.com\\\/avatar\\\/496a8e03d0c493ede1718b7934145dbdf8d89be1036b0eec9544e1094c9de390?s=96&d=mm&r=g\",\"width\":96,\"height\":96,\"caption\":\"Cand\\u00e1s 365\"},\"sameAs\":[\"https:\\\/\\\/www.facebook.com\\\/carrenoactualidad\",\"https:\\\/\\\/twitter.com\\\/nbasturias\",\"https:\\\/\\\/www.instagram.com\\\/nachofdezber\\\/\",\"https:\\\/\\\/www.youtube.com\\\/channel\\\/UCZP-2wLEB9Rv6erhFmqVnvg\"]},{\"@type\":\"WebPage\",\"@id\":\"https:\\\/\\\/candas365.es\\\/noticias\\\/los-hospitales-alemanes-luchan-por-ampliar-sus-bancos-de-leche-materna\\\/#webpage\",\"url\":\"https:\\\/\\\/candas365.es\\\/noticias\\\/los-hospitales-alemanes-luchan-por-ampliar-sus-bancos-de-leche-materna\\\/\",\"name\":\"Los hospitales alemanes luchan por ampliar sus bancos de leche materna | Cand\\u00e1s 365\",\"description\":\"Dortmund (Alemania), 26 ene (dpa) - Jonathan naci\\u00f3 con s\\u00f3lo 620 gramos de peso de forma prematura, sus \\u00f3rganos no estaban completamente desarrollados\",\"inLanguage\":\"es-ES\",\"isPartOf\":{\"@id\":\"https:\\\/\\\/candas365.es\\\/noticias\\\/#website\"},\"breadcrumb\":{\"@id\":\"https:\\\/\\\/candas365.es\\\/noticias\\\/los-hospitales-alemanes-luchan-por-ampliar-sus-bancos-de-leche-materna\\\/#breadcrumblist\"},\"author\":{\"@id\":\"https:\\\/\\\/candas365.es\\\/noticias\\\/author\\\/admin\\\/#author\"},\"creator\":{\"@id\":\"https:\\\/\\\/candas365.es\\\/noticias\\\/author\\\/admin\\\/#author\"},\"image\":{\"@type\":\"ImageObject\",\"url\":\"https:\\\/\\\/candas365.es\\\/noticias\\\/wp-content\\\/uploads\\\/2025\\\/01\\\/leche-materna-Alemania.jpg\",\"@id\":\"https:\\\/\\\/candas365.es\\\/noticias\\\/los-hospitales-alemanes-luchan-por-ampliar-sus-bancos-de-leche-materna\\\/#mainImage\",\"width\":1004,\"height\":658,\"caption\":\"Jonathan, de tres meses, es alimentado con leche materna donada procedente del banco del Hospital Universitario de Dortmund. Foto: Bernd Thissen\\\/dpa\"},\"primaryImageOfPage\":{\"@id\":\"https:\\\/\\\/candas365.es\\\/noticias\\\/los-hospitales-alemanes-luchan-por-ampliar-sus-bancos-de-leche-materna\\\/#mainImage\"},\"datePublished\":\"2025-01-26T21:45:47+01:00\",\"dateModified\":\"2025-01-26T21:45:47+01:00\"},{\"@type\":\"WebSite\",\"@id\":\"https:\\\/\\\/candas365.es\\\/noticias\\\/#website\",\"url\":\"https:\\\/\\\/candas365.es\\\/noticias\\\/\",\"name\":\"Cand\\u00e1s 365\",\"alternateName\":\"Cand\\u00e1s 365 Noticias\",\"description\":\"Actualidad desde Carre\\u00f1o para el mundo\",\"inLanguage\":\"es-ES\",\"publisher\":{\"@id\":\"https:\\\/\\\/candas365.es\\\/noticias\\\/#organization\"}}]}\n\t\t<\/script>\n\t\t<!-- All in One SEO Pro -->\r\n\t\t<title>Los hospitales alemanes luchan por ampliar sus bancos de leche materna | Cand\u00e1s 365<\/title>\n\n","aioseo_head_json":{"title":"Los hospitales alemanes luchan por ampliar sus bancos de leche materna | Cand\u00e1s 365","description":"Dortmund (Alemania), 26 ene (dpa) - Jonathan naci\u00f3 con s\u00f3lo 620 gramos de peso de forma prematura, sus \u00f3rganos no estaban completamente desarrollados","canonical_url":"https:\/\/candas365.es\/noticias\/los-hospitales-alemanes-luchan-por-ampliar-sus-bancos-de-leche-materna\/","robots":"max-image-preview:large","keywords":"salud","webmasterTools":{"google-site-verification":"UA-32230408-1","msvalidate.01":"354F3CDFB2DA171B47FBE9ABF1F88D5","miscellaneous":""},"schema":{"@context":"https:\/\/schema.org","@graph":[{"@type":"BreadcrumbList","@id":"https:\/\/candas365.es\/noticias\/los-hospitales-alemanes-luchan-por-ampliar-sus-bancos-de-leche-materna\/#breadcrumblist","itemListElement":[{"@type":"ListItem","@id":"https:\/\/candas365.es\/noticias#listItem","position":1,"name":"Home","item":"https:\/\/candas365.es\/noticias","nextItem":{"@type":"ListItem","@id":"https:\/\/candas365.es\/noticias\/category\/salud\/#listItem","name":"Salud"}},{"@type":"ListItem","@id":"https:\/\/candas365.es\/noticias\/category\/salud\/#listItem","position":2,"name":"Salud","item":"https:\/\/candas365.es\/noticias\/category\/salud\/","nextItem":{"@type":"ListItem","@id":"https:\/\/candas365.es\/noticias\/los-hospitales-alemanes-luchan-por-ampliar-sus-bancos-de-leche-materna\/#listItem","name":"Los hospitales alemanes luchan por ampliar sus bancos de leche materna"},"previousItem":{"@type":"ListItem","@id":"https:\/\/candas365.es\/noticias#listItem","name":"Home"}},{"@type":"ListItem","@id":"https:\/\/candas365.es\/noticias\/los-hospitales-alemanes-luchan-por-ampliar-sus-bancos-de-leche-materna\/#listItem","position":3,"name":"Los hospitales alemanes luchan por ampliar sus bancos de leche materna","previousItem":{"@type":"ListItem","@id":"https:\/\/candas365.es\/noticias\/category\/salud\/#listItem","name":"Salud"}}]},{"@type":"NewsArticle","@id":"https:\/\/candas365.es\/noticias\/los-hospitales-alemanes-luchan-por-ampliar-sus-bancos-de-leche-materna\/#newsarticle","name":"Los hospitales alemanes luchan por ampliar sus bancos de leche materna | Cand\u00e1s 365","headline":"Los hospitales alemanes luchan por ampliar sus bancos de leche materna","author":{"@id":"https:\/\/candas365.es\/noticias\/author\/admin\/#author"},"publisher":{"@id":"https:\/\/candas365.es\/noticias\/#organization"},"image":{"@type":"ImageObject","url":"https:\/\/candas365.es\/noticias\/wp-content\/uploads\/2025\/01\/leche-materna-Alemania.jpg","width":1004,"height":658,"caption":"Jonathan, de tres meses, es alimentado con leche materna donada procedente del banco del Hospital Universitario de Dortmund. Foto: Bernd Thissen\/dpa"},"datePublished":"2025-01-26T21:45:47+01:00","dateModified":"2025-01-26T21:45:47+01:00","inLanguage":"es-ES","mainEntityOfPage":{"@id":"https:\/\/candas365.es\/noticias\/los-hospitales-alemanes-luchan-por-ampliar-sus-bancos-de-leche-materna\/#webpage"},"isPartOf":{"@id":"https:\/\/candas365.es\/noticias\/los-hospitales-alemanes-luchan-por-ampliar-sus-bancos-de-leche-materna\/#webpage"},"articleSection":"Salud, Salud","dateline":"Publicado el enero 26, 2025."},{"@type":"Organization","@id":"https:\/\/candas365.es\/noticias\/#organization","name":"Cand\u00e1s 365","description":"Cand\u00e1s 365 es un diario digital independiente, fundado en 2012, con base en Asturias. Informamos con rigor sobre actualidad, sociedad, cultura y ocio, con una mirada local y global.","url":"https:\/\/candas365.es\/noticias\/","email":"info@candas365.es","telephone":"+34652131393","foundingDate":"2012-06-10","logo":{"@type":"ImageObject","url":"https:\/\/candas365.es\/noticias\/wp-content\/uploads\/2024\/09\/Candas-365-Redes.jpg","@id":"https:\/\/candas365.es\/noticias\/los-hospitales-alemanes-luchan-por-ampliar-sus-bancos-de-leche-materna\/#organizationLogo","width":1152,"height":864,"caption":"Cand\u00e1s 365 Redes"},"image":{"@id":"https:\/\/candas365.es\/noticias\/los-hospitales-alemanes-luchan-por-ampliar-sus-bancos-de-leche-materna\/#organizationLogo"},"sameAs":["https:\/\/www.facebook.com\/Nachofdezber","https:\/\/x.com\/NabercoDigital","https:\/\/www.instagram.com\/nachofdezber\/","https:\/\/www.youtube.com\/channel\/UCZP-2wLEB9Rv6erhFmqVnvg"],"address":{"@id":"https:\/\/candas365.es\/noticias\/#postaladdress","@type":"PostalAddress","streetAddress":"san antonio 4, san antonio 4","postalCode":"33430","addressLocality":"Cand\u00e1s","addressRegion":"Asturias","addressCountry":"ES"}},{"@type":"Person","@id":"https:\/\/candas365.es\/noticias\/author\/admin\/#author","url":"https:\/\/candas365.es\/noticias\/author\/admin\/","name":"Cand\u00e1s 365","image":{"@type":"ImageObject","@id":"https:\/\/candas365.es\/noticias\/los-hospitales-alemanes-luchan-por-ampliar-sus-bancos-de-leche-materna\/#authorImage","url":"https:\/\/secure.gravatar.com\/avatar\/496a8e03d0c493ede1718b7934145dbdf8d89be1036b0eec9544e1094c9de390?s=96&d=mm&r=g","width":96,"height":96,"caption":"Cand\u00e1s 365"},"sameAs":["https:\/\/www.facebook.com\/carrenoactualidad","https:\/\/twitter.com\/nbasturias","https:\/\/www.instagram.com\/nachofdezber\/","https:\/\/www.youtube.com\/channel\/UCZP-2wLEB9Rv6erhFmqVnvg"]},{"@type":"WebPage","@id":"https:\/\/candas365.es\/noticias\/los-hospitales-alemanes-luchan-por-ampliar-sus-bancos-de-leche-materna\/#webpage","url":"https:\/\/candas365.es\/noticias\/los-hospitales-alemanes-luchan-por-ampliar-sus-bancos-de-leche-materna\/","name":"Los hospitales alemanes luchan por ampliar sus bancos de leche materna | Cand\u00e1s 365","description":"Dortmund (Alemania), 26 ene (dpa) - Jonathan naci\u00f3 con s\u00f3lo 620 gramos de peso de forma prematura, sus \u00f3rganos no estaban completamente desarrollados","inLanguage":"es-ES","isPartOf":{"@id":"https:\/\/candas365.es\/noticias\/#website"},"breadcrumb":{"@id":"https:\/\/candas365.es\/noticias\/los-hospitales-alemanes-luchan-por-ampliar-sus-bancos-de-leche-materna\/#breadcrumblist"},"author":{"@id":"https:\/\/candas365.es\/noticias\/author\/admin\/#author"},"creator":{"@id":"https:\/\/candas365.es\/noticias\/author\/admin\/#author"},"image":{"@type":"ImageObject","url":"https:\/\/candas365.es\/noticias\/wp-content\/uploads\/2025\/01\/leche-materna-Alemania.jpg","@id":"https:\/\/candas365.es\/noticias\/los-hospitales-alemanes-luchan-por-ampliar-sus-bancos-de-leche-materna\/#mainImage","width":1004,"height":658,"caption":"Jonathan, de tres meses, es alimentado con leche materna donada procedente del banco del Hospital Universitario de Dortmund. Foto: Bernd Thissen\/dpa"},"primaryImageOfPage":{"@id":"https:\/\/candas365.es\/noticias\/los-hospitales-alemanes-luchan-por-ampliar-sus-bancos-de-leche-materna\/#mainImage"},"datePublished":"2025-01-26T21:45:47+01:00","dateModified":"2025-01-26T21:45:47+01:00"},{"@type":"WebSite","@id":"https:\/\/candas365.es\/noticias\/#website","url":"https:\/\/candas365.es\/noticias\/","name":"Cand\u00e1s 365","alternateName":"Cand\u00e1s 365 Noticias","description":"Actualidad desde Carre\u00f1o para el mundo","inLanguage":"es-ES","publisher":{"@id":"https:\/\/candas365.es\/noticias\/#organization"}}]},"og:locale":"es_ES","og:site_name":"Cand\u00e1s 365","og:type":"article","og:title":"Los hospitales alemanes luchan por ampliar sus bancos de leche materna | Cand\u00e1s 365","og:description":"Dortmund (Alemania), 26 ene (dpa) - Jonathan naci\u00f3 con s\u00f3lo 620 gramos de peso de forma prematura, sus \u00f3rganos no estaban completamente desarrollados","og:url":"https:\/\/candas365.es\/noticias\/los-hospitales-alemanes-luchan-por-ampliar-sus-bancos-de-leche-materna\/","og:image":"https:\/\/candas365.es\/noticias\/wp-content\/uploads\/2025\/01\/leche-materna-Alemania.jpg","og:image:secure_url":"https:\/\/candas365.es\/noticias\/wp-content\/uploads\/2025\/01\/leche-materna-Alemania.jpg","og:image:width":1004,"og:image:height":658,"article:published_time":"2025-01-26T20:45:47+00:00","article:modified_time":"2025-01-26T20:45:47+00:00","article:publisher":"https:\/\/www.facebook.com\/Nachofdezber","article:author":"https:\/\/www.facebook.com\/carrenoactualidad","twitter:card":"summary_large_image","twitter:site":"@NabercoDigital","twitter:title":"Los hospitales alemanes luchan por ampliar sus bancos de leche materna | Cand\u00e1s 365","twitter:description":"Dortmund (Alemania), 26 ene (dpa) - Jonathan naci\u00f3 con s\u00f3lo 620 gramos de peso de forma prematura, sus \u00f3rganos no estaban completamente desarrollados","twitter:creator":"@nbasturias","twitter:image":"https:\/\/candas365.es\/noticias\/wp-content\/uploads\/2025\/01\/leche-materna-Alemania.jpg","twitter:label1":"Escrito por","twitter:data1":"Cand\u00e1s 365","twitter:label2":"Tiempo de lectura estimado","twitter:data2":"3 minutos"},"aioseo_meta_data":{"post_id":"184893","title":null,"description":"Dortmund (Alemania), 26 ene (dpa) - Jonathan naci\u00f3 con s\u00f3lo 620 gramos de peso de forma prematura, sus \u00f3rganos no estaban completamente desarrollados","keywords":null,"keyphrases":{"focus":{"keyphrase":"Alemania","score":68,"analysis":{"keyphraseInTitle":{"score":3,"maxScore":9,"error":1},"keyphraseInDescription":{"score":9,"maxScore":9,"error":0},"keyphraseLength":{"score":9,"maxScore":9,"error":0,"length":1},"keyphraseInURL":{"score":1,"maxScore":5,"error":1},"keyphraseInIntroduction":{"score":9,"maxScore":9,"error":0},"keyphraseInSubHeadings":[],"keyphraseInImageAlt":{"score":9,"maxScore":9,"error":0},"keywordDensity":{"score":0,"type":"low","maxScore":9,"error":1}}},"additional":[{"keyphrase":"leche materna","score":73,"analysis":{"keyphraseInDescription":{"score":3,"maxScore":9,"error":1},"keyphraseLength":{"score":9,"maxScore":9,"error":0,"length":2},"keyphraseInIntroduction":{"score":3,"maxScore":9,"error":1},"keyphraseInImageAlt":{"score":9,"maxScore":9,"error":0},"keywordDensity":{"type":"best","score":9,"maxScore":9,"error":0}}}]},"primary_term":null,"canonical_url":null,"og_title":null,"og_description":null,"og_object_type":"default","og_image_type":"default","og_image_url":null,"og_image_width":null,"og_image_height":null,"og_image_custom_url":null,"og_image_custom_fields":null,"og_video":"","og_custom_url":null,"og_article_section":null,"og_article_tags":null,"twitter_use_og":false,"twitter_card":"default","twitter_image_type":"default","twitter_image_url":null,"twitter_image_custom_url":null,"twitter_image_custom_fields":null,"twitter_title":null,"twitter_description":null,"schema":{"blockGraphs":[],"customGraphs":[],"default":{"data":{"Article":[],"Course":[],"Dataset":[],"FAQPage":[],"Movie":[],"Person":[],"Product":[],"ProductReview":[],"Car":[],"Recipe":[],"Service":[],"SoftwareApplication":[],"WebPage":[]},"graphName":"Article","isEnabled":true},"graphs":[]},"schema_type":"default","schema_type_options":null,"pillar_content":false,"robots_default":true,"robots_noindex":false,"robots_noarchive":false,"robots_nosnippet":false,"robots_nofollow":false,"robots_noimageindex":false,"robots_noodp":false,"robots_notranslate":false,"robots_max_snippet":"-1","robots_max_videopreview":"-1","robots_max_imagepreview":"large","priority":null,"frequency":"default","location":null,"local_seo":null,"seo_analyzer_scan_date":"2025-09-03 09:35:25","breadcrumb_settings":null,"limit_modified_date":false,"reviewed_by":null,"open_ai":"{\"title\":{\"suggestions\":[],\"usage\":0},\"description\":{\"suggestions\":[],\"usage\":0}}","ai":null,"created":"2025-01-26 20:35:06","updated":"2025-09-03 09:35:25"},"aioseo_breadcrumb":"<div class=\"aioseo-breadcrumbs\"><span class=\"aioseo-breadcrumb\">\n\t<a href=\"https:\/\/candas365.es\/noticias\" title=\"Home\">Home<\/a>\n<\/span><span class=\"aioseo-breadcrumb-separator\">&ndash;<\/span><span class=\"aioseo-breadcrumb\">\n\t<a href=\"https:\/\/candas365.es\/noticias\/category\/salud\/\" title=\"Salud\">Salud<\/a>\n<\/span><span class=\"aioseo-breadcrumb-separator\">&ndash;<\/span><span class=\"aioseo-breadcrumb\">\n\tLos hospitales alemanes luchan por ampliar sus bancos de leche materna\n<\/span><\/div>","aioseo_breadcrumb_json":[{"label":"Home","link":"https:\/\/candas365.es\/noticias"},{"label":"Salud","link":"https:\/\/candas365.es\/noticias\/category\/salud\/"},{"label":"Los hospitales alemanes luchan por ampliar sus bancos de leche materna","link":"https:\/\/candas365.es\/noticias\/los-hospitales-alemanes-luchan-por-ampliar-sus-bancos-de-leche-materna\/"}],"_links":{"self":[{"href":"https:\/\/candas365.es\/noticias\/wp-json\/wp\/v2\/posts\/184893","targetHints":{"allow":["GET"]}}],"collection":[{"href":"https:\/\/candas365.es\/noticias\/wp-json\/wp\/v2\/posts"}],"about":[{"href":"https:\/\/candas365.es\/noticias\/wp-json\/wp\/v2\/types\/post"}],"author":[{"embeddable":true,"href":"https:\/\/candas365.es\/noticias\/wp-json\/wp\/v2\/users\/1"}],"replies":[{"embeddable":true,"href":"https:\/\/candas365.es\/noticias\/wp-json\/wp\/v2\/comments?post=184893"}],"version-history":[{"count":0,"href":"https:\/\/candas365.es\/noticias\/wp-json\/wp\/v2\/posts\/184893\/revisions"}],"wp:featuredmedia":[{"embeddable":true,"href":"https:\/\/candas365.es\/noticias\/wp-json\/wp\/v2\/media\/184894"}],"wp:attachment":[{"href":"https:\/\/candas365.es\/noticias\/wp-json\/wp\/v2\/media?parent=184893"}],"wp:term":[{"taxonomy":"category","embeddable":true,"href":"https:\/\/candas365.es\/noticias\/wp-json\/wp\/v2\/categories?post=184893"},{"taxonomy":"post_tag","embeddable":true,"href":"https:\/\/candas365.es\/noticias\/wp-json\/wp\/v2\/tags?post=184893"}],"curies":[{"name":"wp","href":"https:\/\/api.w.org\/{rel}","templated":true}]}}