{"id":184884,"date":"2025-01-26T21:16:11","date_gmt":"2025-01-26T20:16:11","guid":{"rendered":"https:\/\/candas365.es\/noticias\/?p=184884"},"modified":"2025-01-26T21:16:11","modified_gmt":"2025-01-26T20:16:11","slug":"elon-musk-en-el-lanzamiento-de-la-campana-de-afd","status":"publish","type":"post","link":"https:\/\/candas365.es\/noticias\/elon-musk-en-el-lanzamiento-de-la-campana-de-afd\/","title":{"rendered":"Elon Musk en el \u00ablanzamiento\u00bb de la campa\u00f1a de AfD"},"content":{"rendered":"<p>Halle (Alemania), 25 ene (<a href=\"https:\/\/www.dpa-news.de\/\" target=\"_blank\" rel=\"noopener\"><span style=\"color: #ff6600;\"><strong>dpa<\/strong><\/span><\/a>) &#8211; El multimillonario estadounidense Elon Musk volvi\u00f3 a sumarse hoy al<span style=\"color: #ff6600;\"><strong> <a style=\"color: #ff6600;\" href=\"https:\/\/candas365.es\/noticias\/tag\/politica\/\">proceso electoral<\/a><\/strong><\/span> alem\u00e1n con una conexi\u00f3n en directo en la presentaci\u00f3n oficial de la campa\u00f1a del partido Alternativa para Alemania (AfD).<\/p>\n<figure id=\"attachment_184885\" aria-describedby=\"caption-attachment-184885\" style=\"width: 650px\" class=\"wp-caption aligncenter\"><img fetchpriority=\"high\" decoding=\"async\" class=\"size-large wp-image-184885\" src=\"https:\/\/candas365.es\/noticias\/wp-content\/uploads\/2025\/01\/Musk-650x377.jpg\" alt=\"Musk\" width=\"650\" height=\"377\" srcset=\"https:\/\/candas365.es\/noticias\/wp-content\/uploads\/2025\/01\/Musk-650x377.jpg 650w, https:\/\/candas365.es\/noticias\/wp-content\/uploads\/2025\/01\/Musk-360x209.jpg 360w, https:\/\/candas365.es\/noticias\/wp-content\/uploads\/2025\/01\/Musk-768x445.jpg 768w, https:\/\/candas365.es\/noticias\/wp-content\/uploads\/2025\/01\/Musk-150x87.jpg 150w, https:\/\/candas365.es\/noticias\/wp-content\/uploads\/2025\/01\/Musk-450x261.jpg 450w, https:\/\/candas365.es\/noticias\/wp-content\/uploads\/2025\/01\/Musk.jpg 1115w\" sizes=\"(max-width: 650px) 100vw, 650px\" \/><figcaption id=\"caption-attachment-184885\" class=\"wp-caption-text\">El multimillonario estadounidense Elon Musk conversa por videollamada con Alice Weidel (drcha.), l\u00edder de Alternativa para Alemania (AfD), en el acto de lanzamiento de campa\u00f1a del partido. Foto: Hendrik Schmidt\/dpa<\/figcaption><\/figure>\n<p>El asesor del presidente Donald Trump y CEO de Tesla fue conectado en directo desde Estados Unidos al comienzo del discurso de la l\u00edder del partido, Alice Weidel, en el acto en Halle, en el este de Alemania.<\/p>\n<p>La AfD es la mejor esperanza para Alemania, dijo Musk. Estar orgulloso de ser alem\u00e1n est\u00e1 bien. \u00abLuchen por un gran futuro para Alemania\u00bb, a\u00f1adi\u00f3 en medio de los v\u00edtores de los 4.500 simpatizantes de la AfD reunidos en el recinto ferial de Halle, seg\u00fan el partido.<\/p>\n<p>Weidel expres\u00f3 su agradecimiento con los mejores deseos para el Gobierno estadounidense de Donald Trump y su eslogan de forma modificada: \u00abMake Germany great again\u00bb (\u00abHaz a Alemania grande otra vez\u00bb).<\/p>\n<p>La declaraci\u00f3n de Musk de que solo la AfD pod\u00eda salvar a Alemania y una posterior entrevista en directo este mes a Weidel, l\u00edder del partido y candidata a canciller, causaron mucho malestar en la campa\u00f1a electoral alemana. Los cr\u00edticos lo acusan de utilizar el enorme alcance de su plataforma X para influir en el resultado de las elecciones generales, previstas para el 23 de febrero.<\/p>\n","protected":false},"excerpt":{"rendered":"<p>Halle (Alemania), 25 ene (dpa) &#8211; El multimillonario estadounidense Elon Musk volvi\u00f3 a sumarse hoy al proceso electoral alem\u00e1n con una conexi\u00f3n en directo en la presentaci\u00f3n oficial de la campa\u00f1a del partido Alternativa para Alemania (AfD). El asesor del presidente Donald Trump y CEO de Tesla fue conectado en directo desde Estados Unidos al<\/p>\n","protected":false},"author":1,"featured_media":184885,"comment_status":"closed","ping_status":"closed","sticky":false,"template":"","format":"standard","meta":{"footnotes":""},"categories":[485],"tags":[413,470],"class_list":{"0":"post-184884","1":"post","2":"type-post","3":"status-publish","4":"format-standard","5":"has-post-thumbnail","7":"category-internacional","8":"tag-elecciones","9":"tag-politica"},"aioseo_notices":[],"aioseo_head":"\n\t\t<!-- All in One SEO Pro 4.9.6.2 - aioseo.com -->\n\t<meta name=\"description\" content=\"Halle (Alemania), 25 ene (dpa) - El multimillonario estadounidense Elon Musk volvi\u00f3 a sumarse hoy al proceso electoral alem\u00e1n con una conexi\u00f3n en directo en\" \/>\n\t<meta name=\"robots\" content=\"max-image-preview:large\" \/>\n\t<meta name=\"author\" content=\"Cand\u00e1s 365\"\/>\n\t<meta name=\"google-site-verification\" content=\"UA-32230408-1\" \/>\n\t<meta name=\"msvalidate.01\" content=\"354F3CDFB2DA171B47FBE9ABF1F88D5\" \/>\n\t<meta name=\"keywords\" content=\"internacional\" \/>\n\t<link rel=\"canonical\" href=\"https:\/\/candas365.es\/noticias\/elon-musk-en-el-lanzamiento-de-la-campana-de-afd\/\" \/>\n\t<meta name=\"generator\" content=\"All in One SEO Pro (AIOSEO) 4.9.6.2\" \/>\n\t\t<meta property=\"og:locale\" content=\"es_ES\" \/>\n\t\t<meta property=\"og:site_name\" content=\"Cand\u00e1s 365\" \/>\n\t\t<meta property=\"og:type\" content=\"article\" \/>\n\t\t<meta property=\"og:title\" content=\"Elon Musk en el \u00ablanzamiento\u00bb de la campa\u00f1a de AfD | Cand\u00e1s 365\" \/>\n\t\t<meta property=\"og:description\" content=\"Halle (Alemania), 25 ene (dpa) - El multimillonario estadounidense Elon Musk volvi\u00f3 a sumarse hoy al proceso electoral alem\u00e1n con una conexi\u00f3n en directo en\" \/>\n\t\t<meta property=\"og:url\" content=\"https:\/\/candas365.es\/noticias\/elon-musk-en-el-lanzamiento-de-la-campana-de-afd\/\" \/>\n\t\t<meta property=\"og:image\" content=\"https:\/\/candas365.es\/noticias\/wp-content\/uploads\/2025\/01\/Musk.jpg\" \/>\n\t\t<meta property=\"og:image:secure_url\" content=\"https:\/\/candas365.es\/noticias\/wp-content\/uploads\/2025\/01\/Musk.jpg\" \/>\n\t\t<meta property=\"og:image:width\" content=\"1115\" \/>\n\t\t<meta property=\"og:image:height\" content=\"646\" \/>\n\t\t<meta property=\"article:published_time\" content=\"2025-01-26T20:16:11+00:00\" \/>\n\t\t<meta property=\"article:modified_time\" content=\"2025-01-26T20:16:11+00:00\" \/>\n\t\t<meta property=\"article:publisher\" content=\"https:\/\/www.facebook.com\/Nachofdezber\" \/>\n\t\t<meta property=\"article:author\" content=\"https:\/\/www.facebook.com\/carrenoactualidad\" \/>\n\t\t<meta name=\"twitter:card\" content=\"summary_large_image\" \/>\n\t\t<meta name=\"twitter:site\" content=\"@NabercoDigital\" \/>\n\t\t<meta name=\"twitter:title\" content=\"Elon Musk en el \u00ablanzamiento\u00bb de la campa\u00f1a de AfD | Cand\u00e1s 365\" \/>\n\t\t<meta name=\"twitter:description\" content=\"Halle (Alemania), 25 ene (dpa) - El multimillonario estadounidense Elon Musk volvi\u00f3 a sumarse hoy al proceso electoral alem\u00e1n con una conexi\u00f3n en directo en\" \/>\n\t\t<meta name=\"twitter:creator\" content=\"@nbasturias\" \/>\n\t\t<meta name=\"twitter:image\" content=\"https:\/\/candas365.es\/noticias\/wp-content\/uploads\/2025\/01\/Musk.jpg\" \/>\n\t\t<meta name=\"twitter:label1\" content=\"Escrito por\" \/>\n\t\t<meta name=\"twitter:data1\" content=\"Cand\u00e1s 365\" \/>\n\t\t<meta name=\"twitter:label2\" content=\"Tiempo de lectura estimado\" \/>\n\t\t<meta name=\"twitter:data2\" content=\"1 minuto\" \/>\n\t\t<script type=\"application\/ld+json\" class=\"aioseo-schema\">\n\t\t\t{\"@context\":\"https:\\\/\\\/schema.org\",\"@graph\":[{\"@type\":\"BreadcrumbList\",\"@id\":\"https:\\\/\\\/candas365.es\\\/noticias\\\/elon-musk-en-el-lanzamiento-de-la-campana-de-afd\\\/#breadcrumblist\",\"itemListElement\":[{\"@type\":\"ListItem\",\"@id\":\"https:\\\/\\\/candas365.es\\\/noticias#listItem\",\"position\":1,\"name\":\"Home\",\"item\":\"https:\\\/\\\/candas365.es\\\/noticias\",\"nextItem\":{\"@type\":\"ListItem\",\"@id\":\"https:\\\/\\\/candas365.es\\\/noticias\\\/category\\\/internacional\\\/#listItem\",\"name\":\"Internacional\"}},{\"@type\":\"ListItem\",\"@id\":\"https:\\\/\\\/candas365.es\\\/noticias\\\/category\\\/internacional\\\/#listItem\",\"position\":2,\"name\":\"Internacional\",\"item\":\"https:\\\/\\\/candas365.es\\\/noticias\\\/category\\\/internacional\\\/\",\"nextItem\":{\"@type\":\"ListItem\",\"@id\":\"https:\\\/\\\/candas365.es\\\/noticias\\\/elon-musk-en-el-lanzamiento-de-la-campana-de-afd\\\/#listItem\",\"name\":\"Elon Musk en el \\u00ablanzamiento\\u00bb de la campa\\u00f1a de AfD\"},\"previousItem\":{\"@type\":\"ListItem\",\"@id\":\"https:\\\/\\\/candas365.es\\\/noticias#listItem\",\"name\":\"Home\"}},{\"@type\":\"ListItem\",\"@id\":\"https:\\\/\\\/candas365.es\\\/noticias\\\/elon-musk-en-el-lanzamiento-de-la-campana-de-afd\\\/#listItem\",\"position\":3,\"name\":\"Elon Musk en el \\u00ablanzamiento\\u00bb de la campa\\u00f1a de AfD\",\"previousItem\":{\"@type\":\"ListItem\",\"@id\":\"https:\\\/\\\/candas365.es\\\/noticias\\\/category\\\/internacional\\\/#listItem\",\"name\":\"Internacional\"}}]},{\"@type\":\"NewsArticle\",\"@id\":\"https:\\\/\\\/candas365.es\\\/noticias\\\/elon-musk-en-el-lanzamiento-de-la-campana-de-afd\\\/#newsarticle\",\"name\":\"Elon Musk en el \\u00ablanzamiento\\u00bb de la campa\\u00f1a de AfD | Cand\\u00e1s 365\",\"headline\":\"Elon Musk en el \\u00ablanzamiento\\u00bb de la campa\\u00f1a de AfD\",\"author\":{\"@id\":\"https:\\\/\\\/candas365.es\\\/noticias\\\/author\\\/admin\\\/#author\"},\"publisher\":{\"@id\":\"https:\\\/\\\/candas365.es\\\/noticias\\\/#organization\"},\"image\":{\"@type\":\"ImageObject\",\"url\":\"https:\\\/\\\/candas365.es\\\/noticias\\\/wp-content\\\/uploads\\\/2025\\\/01\\\/Musk.jpg\",\"width\":1115,\"height\":646,\"caption\":\"El multimillonario estadounidense Elon Musk conversa por videollamada con Alice Weidel (drcha.), l\\u00edder de Alternativa para Alemania (AfD), en el acto de lanzamiento de campa\\u00f1a del partido. Foto: Hendrik Schmidt\\\/dpa\"},\"datePublished\":\"2025-01-26T21:16:11+01:00\",\"dateModified\":\"2025-01-26T21:16:11+01:00\",\"inLanguage\":\"es-ES\",\"mainEntityOfPage\":{\"@id\":\"https:\\\/\\\/candas365.es\\\/noticias\\\/elon-musk-en-el-lanzamiento-de-la-campana-de-afd\\\/#webpage\"},\"isPartOf\":{\"@id\":\"https:\\\/\\\/candas365.es\\\/noticias\\\/elon-musk-en-el-lanzamiento-de-la-campana-de-afd\\\/#webpage\"},\"articleSection\":\"Internacional, Elecciones, pol\\u00edtica\",\"dateline\":\"Publicado el enero 26, 2025.\"},{\"@type\":\"Organization\",\"@id\":\"https:\\\/\\\/candas365.es\\\/noticias\\\/#organization\",\"name\":\"Cand\\u00e1s 365\",\"description\":\"Cand\\u00e1s 365 es un diario digital independiente, fundado en 2012, con base en Asturias. Informamos con rigor sobre actualidad, sociedad, cultura y ocio, con una mirada local y global.\",\"url\":\"https:\\\/\\\/candas365.es\\\/noticias\\\/\",\"email\":\"info@candas365.es\",\"telephone\":\"+34652131393\",\"foundingDate\":\"2012-06-10\",\"logo\":{\"@type\":\"ImageObject\",\"url\":\"https:\\\/\\\/candas365.es\\\/noticias\\\/wp-content\\\/uploads\\\/2024\\\/09\\\/Candas-365-Redes.jpg\",\"@id\":\"https:\\\/\\\/candas365.es\\\/noticias\\\/elon-musk-en-el-lanzamiento-de-la-campana-de-afd\\\/#organizationLogo\",\"width\":1152,\"height\":864,\"caption\":\"Cand\\u00e1s 365 Redes\"},\"image\":{\"@id\":\"https:\\\/\\\/candas365.es\\\/noticias\\\/elon-musk-en-el-lanzamiento-de-la-campana-de-afd\\\/#organizationLogo\"},\"sameAs\":[\"https:\\\/\\\/www.facebook.com\\\/Nachofdezber\",\"https:\\\/\\\/x.com\\\/NabercoDigital\",\"https:\\\/\\\/www.instagram.com\\\/nachofdezber\\\/\",\"https:\\\/\\\/www.youtube.com\\\/channel\\\/UCZP-2wLEB9Rv6erhFmqVnvg\"],\"address\":{\"@id\":\"https:\\\/\\\/candas365.es\\\/noticias\\\/#postaladdress\",\"@type\":\"PostalAddress\",\"streetAddress\":\"san antonio 4, san antonio 4\",\"postalCode\":\"33430\",\"addressLocality\":\"Cand\\u00e1s\",\"addressRegion\":\"Asturias\",\"addressCountry\":\"ES\"}},{\"@type\":\"Person\",\"@id\":\"https:\\\/\\\/candas365.es\\\/noticias\\\/author\\\/admin\\\/#author\",\"url\":\"https:\\\/\\\/candas365.es\\\/noticias\\\/author\\\/admin\\\/\",\"name\":\"Cand\\u00e1s 365\",\"image\":{\"@type\":\"ImageObject\",\"@id\":\"https:\\\/\\\/candas365.es\\\/noticias\\\/elon-musk-en-el-lanzamiento-de-la-campana-de-afd\\\/#authorImage\",\"url\":\"https:\\\/\\\/secure.gravatar.com\\\/avatar\\\/496a8e03d0c493ede1718b7934145dbdf8d89be1036b0eec9544e1094c9de390?s=96&d=mm&r=g\",\"width\":96,\"height\":96,\"caption\":\"Cand\\u00e1s 365\"},\"sameAs\":[\"https:\\\/\\\/www.facebook.com\\\/carrenoactualidad\",\"https:\\\/\\\/twitter.com\\\/nbasturias\",\"https:\\\/\\\/www.instagram.com\\\/nachofdezber\\\/\",\"https:\\\/\\\/www.youtube.com\\\/channel\\\/UCZP-2wLEB9Rv6erhFmqVnvg\"]},{\"@type\":\"WebPage\",\"@id\":\"https:\\\/\\\/candas365.es\\\/noticias\\\/elon-musk-en-el-lanzamiento-de-la-campana-de-afd\\\/#webpage\",\"url\":\"https:\\\/\\\/candas365.es\\\/noticias\\\/elon-musk-en-el-lanzamiento-de-la-campana-de-afd\\\/\",\"name\":\"Elon Musk en el \\u00ablanzamiento\\u00bb de la campa\\u00f1a de AfD | Cand\\u00e1s 365\",\"description\":\"Halle (Alemania), 25 ene (dpa) - El multimillonario estadounidense Elon Musk volvi\\u00f3 a sumarse hoy al proceso electoral alem\\u00e1n con una conexi\\u00f3n en directo en\",\"inLanguage\":\"es-ES\",\"isPartOf\":{\"@id\":\"https:\\\/\\\/candas365.es\\\/noticias\\\/#website\"},\"breadcrumb\":{\"@id\":\"https:\\\/\\\/candas365.es\\\/noticias\\\/elon-musk-en-el-lanzamiento-de-la-campana-de-afd\\\/#breadcrumblist\"},\"author\":{\"@id\":\"https:\\\/\\\/candas365.es\\\/noticias\\\/author\\\/admin\\\/#author\"},\"creator\":{\"@id\":\"https:\\\/\\\/candas365.es\\\/noticias\\\/author\\\/admin\\\/#author\"},\"image\":{\"@type\":\"ImageObject\",\"url\":\"https:\\\/\\\/candas365.es\\\/noticias\\\/wp-content\\\/uploads\\\/2025\\\/01\\\/Musk.jpg\",\"@id\":\"https:\\\/\\\/candas365.es\\\/noticias\\\/elon-musk-en-el-lanzamiento-de-la-campana-de-afd\\\/#mainImage\",\"width\":1115,\"height\":646,\"caption\":\"El multimillonario estadounidense Elon Musk conversa por videollamada con Alice Weidel (drcha.), l\\u00edder de Alternativa para Alemania (AfD), en el acto de lanzamiento de campa\\u00f1a del partido. Foto: Hendrik Schmidt\\\/dpa\"},\"primaryImageOfPage\":{\"@id\":\"https:\\\/\\\/candas365.es\\\/noticias\\\/elon-musk-en-el-lanzamiento-de-la-campana-de-afd\\\/#mainImage\"},\"datePublished\":\"2025-01-26T21:16:11+01:00\",\"dateModified\":\"2025-01-26T21:16:11+01:00\"},{\"@type\":\"WebSite\",\"@id\":\"https:\\\/\\\/candas365.es\\\/noticias\\\/#website\",\"url\":\"https:\\\/\\\/candas365.es\\\/noticias\\\/\",\"name\":\"Cand\\u00e1s 365\",\"alternateName\":\"Cand\\u00e1s 365 Noticias\",\"description\":\"Actualidad desde Carre\\u00f1o para el mundo\",\"inLanguage\":\"es-ES\",\"publisher\":{\"@id\":\"https:\\\/\\\/candas365.es\\\/noticias\\\/#organization\"}}]}\n\t\t<\/script>\n\t\t<!-- All in One SEO Pro -->\r\n\t\t<title>Elon Musk en el \u00ablanzamiento\u00bb de la campa\u00f1a de AfD | Cand\u00e1s 365<\/title>\n\n","aioseo_head_json":{"title":"Elon Musk en el \u00ablanzamiento\u00bb de la campa\u00f1a de AfD | Cand\u00e1s 365","description":"Halle (Alemania), 25 ene (dpa) - El multimillonario estadounidense Elon Musk volvi\u00f3 a sumarse hoy al proceso electoral alem\u00e1n con una conexi\u00f3n en directo en","canonical_url":"https:\/\/candas365.es\/noticias\/elon-musk-en-el-lanzamiento-de-la-campana-de-afd\/","robots":"max-image-preview:large","keywords":"internacional","webmasterTools":{"google-site-verification":"UA-32230408-1","msvalidate.01":"354F3CDFB2DA171B47FBE9ABF1F88D5","miscellaneous":""},"schema":{"@context":"https:\/\/schema.org","@graph":[{"@type":"BreadcrumbList","@id":"https:\/\/candas365.es\/noticias\/elon-musk-en-el-lanzamiento-de-la-campana-de-afd\/#breadcrumblist","itemListElement":[{"@type":"ListItem","@id":"https:\/\/candas365.es\/noticias#listItem","position":1,"name":"Home","item":"https:\/\/candas365.es\/noticias","nextItem":{"@type":"ListItem","@id":"https:\/\/candas365.es\/noticias\/category\/internacional\/#listItem","name":"Internacional"}},{"@type":"ListItem","@id":"https:\/\/candas365.es\/noticias\/category\/internacional\/#listItem","position":2,"name":"Internacional","item":"https:\/\/candas365.es\/noticias\/category\/internacional\/","nextItem":{"@type":"ListItem","@id":"https:\/\/candas365.es\/noticias\/elon-musk-en-el-lanzamiento-de-la-campana-de-afd\/#listItem","name":"Elon Musk en el \u00ablanzamiento\u00bb de la campa\u00f1a de AfD"},"previousItem":{"@type":"ListItem","@id":"https:\/\/candas365.es\/noticias#listItem","name":"Home"}},{"@type":"ListItem","@id":"https:\/\/candas365.es\/noticias\/elon-musk-en-el-lanzamiento-de-la-campana-de-afd\/#listItem","position":3,"name":"Elon Musk en el \u00ablanzamiento\u00bb de la campa\u00f1a de AfD","previousItem":{"@type":"ListItem","@id":"https:\/\/candas365.es\/noticias\/category\/internacional\/#listItem","name":"Internacional"}}]},{"@type":"NewsArticle","@id":"https:\/\/candas365.es\/noticias\/elon-musk-en-el-lanzamiento-de-la-campana-de-afd\/#newsarticle","name":"Elon Musk en el \u00ablanzamiento\u00bb de la campa\u00f1a de AfD | Cand\u00e1s 365","headline":"Elon Musk en el \u00ablanzamiento\u00bb de la campa\u00f1a de AfD","author":{"@id":"https:\/\/candas365.es\/noticias\/author\/admin\/#author"},"publisher":{"@id":"https:\/\/candas365.es\/noticias\/#organization"},"image":{"@type":"ImageObject","url":"https:\/\/candas365.es\/noticias\/wp-content\/uploads\/2025\/01\/Musk.jpg","width":1115,"height":646,"caption":"El multimillonario estadounidense Elon Musk conversa por videollamada con Alice Weidel (drcha.), l\u00edder de Alternativa para Alemania (AfD), en el acto de lanzamiento de campa\u00f1a del partido. Foto: Hendrik Schmidt\/dpa"},"datePublished":"2025-01-26T21:16:11+01:00","dateModified":"2025-01-26T21:16:11+01:00","inLanguage":"es-ES","mainEntityOfPage":{"@id":"https:\/\/candas365.es\/noticias\/elon-musk-en-el-lanzamiento-de-la-campana-de-afd\/#webpage"},"isPartOf":{"@id":"https:\/\/candas365.es\/noticias\/elon-musk-en-el-lanzamiento-de-la-campana-de-afd\/#webpage"},"articleSection":"Internacional, Elecciones, pol\u00edtica","dateline":"Publicado el enero 26, 2025."},{"@type":"Organization","@id":"https:\/\/candas365.es\/noticias\/#organization","name":"Cand\u00e1s 365","description":"Cand\u00e1s 365 es un diario digital independiente, fundado en 2012, con base en Asturias. Informamos con rigor sobre actualidad, sociedad, cultura y ocio, con una mirada local y global.","url":"https:\/\/candas365.es\/noticias\/","email":"info@candas365.es","telephone":"+34652131393","foundingDate":"2012-06-10","logo":{"@type":"ImageObject","url":"https:\/\/candas365.es\/noticias\/wp-content\/uploads\/2024\/09\/Candas-365-Redes.jpg","@id":"https:\/\/candas365.es\/noticias\/elon-musk-en-el-lanzamiento-de-la-campana-de-afd\/#organizationLogo","width":1152,"height":864,"caption":"Cand\u00e1s 365 Redes"},"image":{"@id":"https:\/\/candas365.es\/noticias\/elon-musk-en-el-lanzamiento-de-la-campana-de-afd\/#organizationLogo"},"sameAs":["https:\/\/www.facebook.com\/Nachofdezber","https:\/\/x.com\/NabercoDigital","https:\/\/www.instagram.com\/nachofdezber\/","https:\/\/www.youtube.com\/channel\/UCZP-2wLEB9Rv6erhFmqVnvg"],"address":{"@id":"https:\/\/candas365.es\/noticias\/#postaladdress","@type":"PostalAddress","streetAddress":"san antonio 4, san antonio 4","postalCode":"33430","addressLocality":"Cand\u00e1s","addressRegion":"Asturias","addressCountry":"ES"}},{"@type":"Person","@id":"https:\/\/candas365.es\/noticias\/author\/admin\/#author","url":"https:\/\/candas365.es\/noticias\/author\/admin\/","name":"Cand\u00e1s 365","image":{"@type":"ImageObject","@id":"https:\/\/candas365.es\/noticias\/elon-musk-en-el-lanzamiento-de-la-campana-de-afd\/#authorImage","url":"https:\/\/secure.gravatar.com\/avatar\/496a8e03d0c493ede1718b7934145dbdf8d89be1036b0eec9544e1094c9de390?s=96&d=mm&r=g","width":96,"height":96,"caption":"Cand\u00e1s 365"},"sameAs":["https:\/\/www.facebook.com\/carrenoactualidad","https:\/\/twitter.com\/nbasturias","https:\/\/www.instagram.com\/nachofdezber\/","https:\/\/www.youtube.com\/channel\/UCZP-2wLEB9Rv6erhFmqVnvg"]},{"@type":"WebPage","@id":"https:\/\/candas365.es\/noticias\/elon-musk-en-el-lanzamiento-de-la-campana-de-afd\/#webpage","url":"https:\/\/candas365.es\/noticias\/elon-musk-en-el-lanzamiento-de-la-campana-de-afd\/","name":"Elon Musk en el \u00ablanzamiento\u00bb de la campa\u00f1a de AfD | Cand\u00e1s 365","description":"Halle (Alemania), 25 ene (dpa) - El multimillonario estadounidense Elon Musk volvi\u00f3 a sumarse hoy al proceso electoral alem\u00e1n con una conexi\u00f3n en directo en","inLanguage":"es-ES","isPartOf":{"@id":"https:\/\/candas365.es\/noticias\/#website"},"breadcrumb":{"@id":"https:\/\/candas365.es\/noticias\/elon-musk-en-el-lanzamiento-de-la-campana-de-afd\/#breadcrumblist"},"author":{"@id":"https:\/\/candas365.es\/noticias\/author\/admin\/#author"},"creator":{"@id":"https:\/\/candas365.es\/noticias\/author\/admin\/#author"},"image":{"@type":"ImageObject","url":"https:\/\/candas365.es\/noticias\/wp-content\/uploads\/2025\/01\/Musk.jpg","@id":"https:\/\/candas365.es\/noticias\/elon-musk-en-el-lanzamiento-de-la-campana-de-afd\/#mainImage","width":1115,"height":646,"caption":"El multimillonario estadounidense Elon Musk conversa por videollamada con Alice Weidel (drcha.), l\u00edder de Alternativa para Alemania (AfD), en el acto de lanzamiento de campa\u00f1a del partido. Foto: Hendrik Schmidt\/dpa"},"primaryImageOfPage":{"@id":"https:\/\/candas365.es\/noticias\/elon-musk-en-el-lanzamiento-de-la-campana-de-afd\/#mainImage"},"datePublished":"2025-01-26T21:16:11+01:00","dateModified":"2025-01-26T21:16:11+01:00"},{"@type":"WebSite","@id":"https:\/\/candas365.es\/noticias\/#website","url":"https:\/\/candas365.es\/noticias\/","name":"Cand\u00e1s 365","alternateName":"Cand\u00e1s 365 Noticias","description":"Actualidad desde Carre\u00f1o para el mundo","inLanguage":"es-ES","publisher":{"@id":"https:\/\/candas365.es\/noticias\/#organization"}}]},"og:locale":"es_ES","og:site_name":"Cand\u00e1s 365","og:type":"article","og:title":"Elon Musk en el \u00ablanzamiento\u00bb de la campa\u00f1a de AfD | Cand\u00e1s 365","og:description":"Halle (Alemania), 25 ene (dpa) - El multimillonario estadounidense Elon Musk volvi\u00f3 a sumarse hoy al proceso electoral alem\u00e1n con una conexi\u00f3n en directo en","og:url":"https:\/\/candas365.es\/noticias\/elon-musk-en-el-lanzamiento-de-la-campana-de-afd\/","og:image":"https:\/\/candas365.es\/noticias\/wp-content\/uploads\/2025\/01\/Musk.jpg","og:image:secure_url":"https:\/\/candas365.es\/noticias\/wp-content\/uploads\/2025\/01\/Musk.jpg","og:image:width":1115,"og:image:height":646,"article:published_time":"2025-01-26T20:16:11+00:00","article:modified_time":"2025-01-26T20:16:11+00:00","article:publisher":"https:\/\/www.facebook.com\/Nachofdezber","article:author":"https:\/\/www.facebook.com\/carrenoactualidad","twitter:card":"summary_large_image","twitter:site":"@NabercoDigital","twitter:title":"Elon Musk en el \u00ablanzamiento\u00bb de la campa\u00f1a de AfD | Cand\u00e1s 365","twitter:description":"Halle (Alemania), 25 ene (dpa) - El multimillonario estadounidense Elon Musk volvi\u00f3 a sumarse hoy al proceso electoral alem\u00e1n con una conexi\u00f3n en directo en","twitter:creator":"@nbasturias","twitter:image":"https:\/\/candas365.es\/noticias\/wp-content\/uploads\/2025\/01\/Musk.jpg","twitter:label1":"Escrito por","twitter:data1":"Cand\u00e1s 365","twitter:label2":"Tiempo de lectura estimado","twitter:data2":"1 minuto"},"aioseo_meta_data":{"post_id":"184884","title":null,"description":"Halle (Alemania), 25 ene (dpa) - El multimillonario estadounidense Elon Musk volvi\u00f3 a sumarse hoy al proceso electoral alem\u00e1n con una conexi\u00f3n en directo en","keywords":null,"keyphrases":{"focus":{"keyphrase":"Musk","score":93,"analysis":{"keyphraseInTitle":{"score":9,"maxScore":9,"error":0},"keyphraseInDescription":{"score":9,"maxScore":9,"error":0},"keyphraseLength":{"score":9,"maxScore":9,"error":0,"length":1},"keyphraseInURL":{"score":1,"maxScore":5,"error":1},"keyphraseInIntroduction":{"score":9,"maxScore":9,"error":0},"keyphraseInSubHeadings":[],"keyphraseInImageAlt":{"score":9,"maxScore":9,"error":0},"keywordDensity":{"type":"best","score":9,"maxScore":9,"error":0}}},"additional":[{"keyphrase":"Musk","score":100,"analysis":{"keyphraseInDescription":{"score":9,"maxScore":9,"error":0},"keyphraseLength":{"score":9,"maxScore":9,"error":0,"length":1},"keyphraseInIntroduction":{"score":9,"maxScore":9,"error":0},"keyphraseInImageAlt":{"score":9,"maxScore":9,"error":0},"keywordDensity":{"type":"best","score":9,"maxScore":9,"error":0}}}]},"primary_term":null,"canonical_url":null,"og_title":null,"og_description":null,"og_object_type":"default","og_image_type":"default","og_image_url":null,"og_image_width":null,"og_image_height":null,"og_image_custom_url":null,"og_image_custom_fields":null,"og_video":"","og_custom_url":null,"og_article_section":null,"og_article_tags":null,"twitter_use_og":false,"twitter_card":"default","twitter_image_type":"default","twitter_image_url":null,"twitter_image_custom_url":null,"twitter_image_custom_fields":null,"twitter_title":null,"twitter_description":null,"schema":{"blockGraphs":[],"customGraphs":[],"default":{"data":{"Article":[],"Course":[],"Dataset":[],"FAQPage":[],"Movie":[],"Person":[],"Product":[],"ProductReview":[],"Car":[],"Recipe":[],"Service":[],"SoftwareApplication":[],"WebPage":[]},"graphName":"Article","isEnabled":true},"graphs":[]},"schema_type":"default","schema_type_options":null,"pillar_content":false,"robots_default":true,"robots_noindex":false,"robots_noarchive":false,"robots_nosnippet":false,"robots_nofollow":false,"robots_noimageindex":false,"robots_noodp":false,"robots_notranslate":false,"robots_max_snippet":"-1","robots_max_videopreview":"-1","robots_max_imagepreview":"large","priority":null,"frequency":"default","location":null,"local_seo":null,"seo_analyzer_scan_date":"2025-09-03 09:35:20","breadcrumb_settings":null,"limit_modified_date":false,"reviewed_by":null,"open_ai":"{\"title\":{\"suggestions\":[],\"usage\":0},\"description\":{\"suggestions\":[],\"usage\":0}}","ai":null,"created":"2025-01-26 20:10:34","updated":"2025-09-03 09:35:20"},"aioseo_breadcrumb":"<div class=\"aioseo-breadcrumbs\"><span class=\"aioseo-breadcrumb\">\n\t<a href=\"https:\/\/candas365.es\/noticias\" title=\"Home\">Home<\/a>\n<\/span><span class=\"aioseo-breadcrumb-separator\">&ndash;<\/span><span class=\"aioseo-breadcrumb\">\n\t<a href=\"https:\/\/candas365.es\/noticias\/category\/internacional\/\" title=\"Internacional\">Internacional<\/a>\n<\/span><span class=\"aioseo-breadcrumb-separator\">&ndash;<\/span><span class=\"aioseo-breadcrumb\">\n\tElon Musk en el \u00ablanzamiento\u00bb de la campa\u00f1a de AfD\n<\/span><\/div>","aioseo_breadcrumb_json":[{"label":"Home","link":"https:\/\/candas365.es\/noticias"},{"label":"Internacional","link":"https:\/\/candas365.es\/noticias\/category\/internacional\/"},{"label":"Elon Musk en el \u00ablanzamiento\u00bb de la campa\u00f1a de AfD","link":"https:\/\/candas365.es\/noticias\/elon-musk-en-el-lanzamiento-de-la-campana-de-afd\/"}],"_links":{"self":[{"href":"https:\/\/candas365.es\/noticias\/wp-json\/wp\/v2\/posts\/184884","targetHints":{"allow":["GET"]}}],"collection":[{"href":"https:\/\/candas365.es\/noticias\/wp-json\/wp\/v2\/posts"}],"about":[{"href":"https:\/\/candas365.es\/noticias\/wp-json\/wp\/v2\/types\/post"}],"author":[{"embeddable":true,"href":"https:\/\/candas365.es\/noticias\/wp-json\/wp\/v2\/users\/1"}],"replies":[{"embeddable":true,"href":"https:\/\/candas365.es\/noticias\/wp-json\/wp\/v2\/comments?post=184884"}],"version-history":[{"count":0,"href":"https:\/\/candas365.es\/noticias\/wp-json\/wp\/v2\/posts\/184884\/revisions"}],"wp:featuredmedia":[{"embeddable":true,"href":"https:\/\/candas365.es\/noticias\/wp-json\/wp\/v2\/media\/184885"}],"wp:attachment":[{"href":"https:\/\/candas365.es\/noticias\/wp-json\/wp\/v2\/media?parent=184884"}],"wp:term":[{"taxonomy":"category","embeddable":true,"href":"https:\/\/candas365.es\/noticias\/wp-json\/wp\/v2\/categories?post=184884"},{"taxonomy":"post_tag","embeddable":true,"href":"https:\/\/candas365.es\/noticias\/wp-json\/wp\/v2\/tags?post=184884"}],"curies":[{"name":"wp","href":"https:\/\/api.w.org\/{rel}","templated":true}]}}