{"id":184870,"date":"2025-01-26T13:26:17","date_gmt":"2025-01-26T12:26:17","guid":{"rendered":"https:\/\/candas365.es\/noticias\/?p=184870"},"modified":"2025-01-26T13:26:17","modified_gmt":"2025-01-26T12:26:17","slug":"el-drama-de-la-vuelta-a-casa-en-gaza","status":"publish","type":"post","link":"https:\/\/candas365.es\/noticias\/el-drama-de-la-vuelta-a-casa-en-gaza\/","title":{"rendered":"El drama de la vuelta a casa en Gaza"},"content":{"rendered":"<p>Amnist\u00eda Internacional ha denunciando que hay <strong>dos millones de personas en <a href=\"https:\/\/candas365.es\/noticias\/category\/internacional\/\"><span style=\"color: #ff6600;\">Gaza<\/span><\/a> \u00absin ninguna casa a la que volver\u00bb<\/strong>, adem\u00e1s tambi\u00e9n han informado de que el n\u00famero de personas con discapacidad tras los ataques \u00abser\u00e1 enorme\u00bb.<\/p>\n<figure id=\"attachment_184871\" aria-describedby=\"caption-attachment-184871\" style=\"width: 650px\" class=\"wp-caption aligncenter\"><img fetchpriority=\"high\" decoding=\"async\" class=\"size-large wp-image-184871\" src=\"https:\/\/candas365.es\/noticias\/wp-content\/uploads\/2025\/01\/Gaza-650x337.jpg\" alt=\"Gaza\" width=\"650\" height=\"337\" srcset=\"https:\/\/candas365.es\/noticias\/wp-content\/uploads\/2025\/01\/Gaza-650x337.jpg 650w, https:\/\/candas365.es\/noticias\/wp-content\/uploads\/2025\/01\/Gaza-360x187.jpg 360w, https:\/\/candas365.es\/noticias\/wp-content\/uploads\/2025\/01\/Gaza-768x398.jpg 768w, https:\/\/candas365.es\/noticias\/wp-content\/uploads\/2025\/01\/Gaza-150x78.jpg 150w, https:\/\/candas365.es\/noticias\/wp-content\/uploads\/2025\/01\/Gaza-450x233.jpg 450w, https:\/\/candas365.es\/noticias\/wp-content\/uploads\/2025\/01\/Gaza.jpg 1016w\" sizes=\"(max-width: 650px) 100vw, 650px\" \/><figcaption id=\"caption-attachment-184871\" class=\"wp-caption-text\">Foto: Servimedia<\/figcaption><\/figure>\n<p>Unos dos millones de habitantes en la Franja de Gaza sufrieron desplazamiento interno debido a la guerra y, hoy en d\u00eda, \u201cno tienen ninguna casa a la que volver\u201d.<\/p>\n<p><strong>\u201cTodo ha sido destruido\u201d, declar\u00f3 a Servimedia Budour Hassan<\/strong>, investigadora de Amnist\u00eda Internacional en Israel y los territorios Palestinos.<\/p>\n<p>Los bombardeos continuos desde octubre de 2023 y las incursiones terrestres acabaron con el 90% de los edificios: viviendas, hospitales, escuelas, etc. Tambi\u00e9n arrasaron carreteras, estaciones e infraestructuras civiles en general.<\/p>\n<p>\u201cAlcanzado el alto el fuego, empieza ahora la guerra invisible\u201d de la reconstrucci\u00f3n y la supervivencia\u201d, advirti\u00f3 Hassan.<\/p>\n<p>Seg\u00fan indic\u00f3, el 90% de la poblaci\u00f3n en Gaza fue desplazada a la fuerza \u2013la gran mayor\u00eda varias veces&#8211;, y el 89% del territorio ha sido arrasado. \u201cLiteralmente, no tienen ni casas ni pueblos donde regresar\u201d.<\/p>\n<p>Hassan destac\u00f3 la importancia de asegurar una reconstrucci\u00f3n r\u00e1pida y completa en la franja, para lo que \u201ces preciso que la paz perdure y la ayuda humanitaria y los suministros entren sin restricciones\u201d.<\/p>\n<p>En su opini\u00f3n, la estabilidad del alto el fuego \u201cva a depender de la presi\u00f3n internacional sobre Israel y, sobre todo, de la presi\u00f3n que ejerza Estados Unidos\u201d.<\/p>\n<h2>GENERACI\u00d3N PERDIDA<\/h2>\n<p>La investigadora de Amnist\u00eda lament\u00f3 que un mill\u00f3n de ni\u00f1os en Gaza llevan casi a\u00f1o y medio sin ir a clase.<\/p>\n<p>\u201cLos que pueden estudian en tiendas de campa\u00f1a, pero no hay un sistema educativo que funcione\u201d, agrego. Existe el riesgo \u201cde perder una generaci\u00f3n\u00bb, alert\u00f3.<\/p>\n<p>Adem\u00e1s, Hassan resalt\u00f3 que la Franja tiene el mayor porcentaje de ni\u00f1os con lesiones permanentes o con discapacidades sobrevenidas del mundo.<\/p>\n<p>\u201cAhora es imposible aventurar cifras concretas, pero el n\u00famero de discapacidades ser\u00e1 enorme\u201d, vaticin\u00f3. Las necesidades de rehabilitaci\u00f3n y de cuidados tambi\u00e9n lo ser\u00e1n.<\/p>\n<blockquote><p>Hasta el pasado mes de julio, unos 23.500 gazat\u00edes arrastraban lesiones que implican \u201crehabilitaci\u00f3n de por vida\u201d, seg\u00fan la OMS.<\/p><\/blockquote>\n<p>Se calcula tambi\u00e9n que en Gaza hay casi 8.000 personas con amputaciones &#8211;unas 1.500 de ellas requerir\u00edan volver a ser intervenidas&#8211; y m\u00e1s de 90.000 heridos que no pueden seguir el tratamiento adecuado para superar los da\u00f1os sufridos.<\/p>\n<p>Por ello, Hassan reclam\u00f3 a Israel que permita el traslado de los heridos y de los pacientes graves a hospitales fuera de la Franja, donde podr\u00e1n recibir la atenci\u00f3n que necesitan.<\/p>\n<p>Plante\u00f3 la misma exigencia para aquellos pacientes residentes en Gaza que eran atendidos en ciudades cisjordanas o en Jerusal\u00e9n Este y que, desde octubre de 2023, han visto interrumpidos todos sus tratamientos.<\/p>\n<p>Adem\u00e1s, urgi\u00f3 a autorizar la entrada de personal m\u00e9dico y sanitario y a agilizar la reconstrucci\u00f3n de hospitales y centros de salud, para que el sistema sanitario en Gaza vuelva a ser operativo.<\/p>\n<p>Tambi\u00e9n pidi\u00f3 \u201cinvestigar todos los cr\u00edmenes cometidos por Israel y por Hamas durante estos 15 meses, establecer responsabilidades y, por supuesto, ejercer justicia\u201d.<\/p>\n<blockquote><p>Las v\u00edctimas \u201ctienen derecho a la reparaci\u00f3n y a la verdad\u201d, remarc\u00f3 Hassan.<\/p><\/blockquote>\n<p>En su opini\u00f3n, \u201chay pruebas de que Israel ha cometido genocidio y cr\u00edmenes de guerra y de lesa humanidad\u201d. Esto es, \u201ccon la intenci\u00f3n deliberada de acabar con el pueblo palestino\u201d. As\u00ed se desprende de los testimonios de supervivientes que \u201chemos recogido\u201d, apunt\u00f3, y de lo que \u201cuno de nuestros investigadores, que reside en Gaza\u201d, ha podido averiguar.<\/p>\n<p>\u201cAsesinatos de ni\u00f1os y mujeres, bombardeos indiscriminados, destrucci\u00f3n de infraestructuras civiles y un bloqueo sistem\u00e1tico de la ayuda humanitaria para hacer imposible la vida\u201d. Son ejemplos \u201ccomprobados\u201d, aunque \u201cpodemos suponer que hay muchos cr\u00edmenes que permanecen ocultos\u201d, advirti\u00f3.<\/p>\n<p>Estos \u00faltimos 15 meses en Gaza han sido \u201clos peores desde la guerra del 48\u201d, valor\u00f3, aunque \u201cen el fondo, suponen la culminaci\u00f3n de a\u00f1os de &#8216;apartheid&#8217;, ocupaci\u00f3n ilegal de Cisjordania y bloqueo de Gaza\u201d.<\/p>\n<p>\u201cSo\u00f1ar con una paz definitiva sin atajar las causas profundas del conflicto resulta ut\u00f3pico\u201d, concluy\u00f3.<\/p>\n<p>(<a href=\"https:\/\/www.servimedia.es\/\" target=\"_blank\" rel=\"noopener\"><span style=\"color: #ff6600;\"><strong>SERVIMEDIA<\/strong><\/span><\/a>)<\/p>\n","protected":false},"excerpt":{"rendered":"<p>Amnist\u00eda Internacional ha denunciando que hay dos millones de personas en Gaza \u00absin ninguna casa a la que volver\u00bb, adem\u00e1s tambi\u00e9n han informado de que el n\u00famero de personas con discapacidad tras los ataques \u00abser\u00e1 enorme\u00bb. Unos dos millones de habitantes en la Franja de Gaza sufrieron desplazamiento interno debido a la guerra y, hoy<\/p>\n","protected":false},"author":1,"featured_media":184871,"comment_status":"closed","ping_status":"closed","sticky":false,"template":"","format":"standard","meta":{"footnotes":""},"categories":[485],"tags":[464,422],"class_list":{"0":"post-184870","1":"post","2":"type-post","3":"status-publish","4":"format-standard","5":"has-post-thumbnail","7":"category-internacional","8":"tag-conflictos","9":"tag-reportajes"},"aioseo_notices":[],"aioseo_head":"\n\t\t<!-- All in One SEO Pro 4.9.6.2 - aioseo.com -->\n\t<meta name=\"description\" content=\"Amnist\u00eda Internacional ha denunciando que hay dos millones de personas en Gaza &quot;sin ninguna casa a la que volver&quot;, adem\u00e1s tambi\u00e9n han informado\" \/>\n\t<meta name=\"robots\" content=\"max-image-preview:large\" \/>\n\t<meta name=\"author\" content=\"Cand\u00e1s 365\"\/>\n\t<meta name=\"google-site-verification\" content=\"UA-32230408-1\" \/>\n\t<meta name=\"msvalidate.01\" content=\"354F3CDFB2DA171B47FBE9ABF1F88D5\" \/>\n\t<meta name=\"keywords\" content=\"internacional\" \/>\n\t<link rel=\"canonical\" href=\"https:\/\/candas365.es\/noticias\/el-drama-de-la-vuelta-a-casa-en-gaza\/\" \/>\n\t<meta name=\"generator\" content=\"All in One SEO Pro (AIOSEO) 4.9.6.2\" \/>\n\t\t<meta property=\"og:locale\" content=\"es_ES\" \/>\n\t\t<meta property=\"og:site_name\" content=\"Cand\u00e1s 365\" \/>\n\t\t<meta property=\"og:type\" content=\"article\" \/>\n\t\t<meta property=\"og:title\" content=\"El drama de la vuelta a casa en Gaza | Cand\u00e1s 365\" \/>\n\t\t<meta property=\"og:description\" content=\"Amnist\u00eda Internacional ha denunciando que hay dos millones de personas en Gaza &quot;sin ninguna casa a la que volver&quot;, adem\u00e1s tambi\u00e9n han informado\" \/>\n\t\t<meta property=\"og:url\" content=\"https:\/\/candas365.es\/noticias\/el-drama-de-la-vuelta-a-casa-en-gaza\/\" \/>\n\t\t<meta property=\"og:image\" content=\"https:\/\/candas365.es\/noticias\/wp-content\/uploads\/2025\/01\/Gaza.jpg\" \/>\n\t\t<meta property=\"og:image:secure_url\" content=\"https:\/\/candas365.es\/noticias\/wp-content\/uploads\/2025\/01\/Gaza.jpg\" \/>\n\t\t<meta property=\"og:image:width\" content=\"1016\" \/>\n\t\t<meta property=\"og:image:height\" content=\"527\" \/>\n\t\t<meta property=\"article:published_time\" content=\"2025-01-26T12:26:17+00:00\" \/>\n\t\t<meta property=\"article:modified_time\" content=\"2025-01-26T12:26:17+00:00\" \/>\n\t\t<meta property=\"article:publisher\" content=\"https:\/\/www.facebook.com\/Nachofdezber\" \/>\n\t\t<meta property=\"article:author\" content=\"https:\/\/www.facebook.com\/carrenoactualidad\" \/>\n\t\t<meta name=\"twitter:card\" content=\"summary_large_image\" \/>\n\t\t<meta name=\"twitter:site\" content=\"@NabercoDigital\" \/>\n\t\t<meta name=\"twitter:title\" content=\"El drama de la vuelta a casa en Gaza | Cand\u00e1s 365\" \/>\n\t\t<meta name=\"twitter:description\" content=\"Amnist\u00eda Internacional ha denunciando que hay dos millones de personas en Gaza &quot;sin ninguna casa a la que volver&quot;, adem\u00e1s tambi\u00e9n han informado\" \/>\n\t\t<meta name=\"twitter:creator\" content=\"@nbasturias\" \/>\n\t\t<meta name=\"twitter:image\" content=\"https:\/\/candas365.es\/noticias\/wp-content\/uploads\/2025\/01\/Gaza.jpg\" \/>\n\t\t<meta name=\"twitter:label1\" content=\"Escrito por\" \/>\n\t\t<meta name=\"twitter:data1\" content=\"Cand\u00e1s 365\" \/>\n\t\t<meta name=\"twitter:label2\" content=\"Tiempo de lectura estimado\" \/>\n\t\t<meta name=\"twitter:data2\" content=\"4 minutos\" \/>\n\t\t<script type=\"application\/ld+json\" class=\"aioseo-schema\">\n\t\t\t{\"@context\":\"https:\\\/\\\/schema.org\",\"@graph\":[{\"@type\":\"BreadcrumbList\",\"@id\":\"https:\\\/\\\/candas365.es\\\/noticias\\\/el-drama-de-la-vuelta-a-casa-en-gaza\\\/#breadcrumblist\",\"itemListElement\":[{\"@type\":\"ListItem\",\"@id\":\"https:\\\/\\\/candas365.es\\\/noticias#listItem\",\"position\":1,\"name\":\"Home\",\"item\":\"https:\\\/\\\/candas365.es\\\/noticias\",\"nextItem\":{\"@type\":\"ListItem\",\"@id\":\"https:\\\/\\\/candas365.es\\\/noticias\\\/category\\\/internacional\\\/#listItem\",\"name\":\"Internacional\"}},{\"@type\":\"ListItem\",\"@id\":\"https:\\\/\\\/candas365.es\\\/noticias\\\/category\\\/internacional\\\/#listItem\",\"position\":2,\"name\":\"Internacional\",\"item\":\"https:\\\/\\\/candas365.es\\\/noticias\\\/category\\\/internacional\\\/\",\"nextItem\":{\"@type\":\"ListItem\",\"@id\":\"https:\\\/\\\/candas365.es\\\/noticias\\\/el-drama-de-la-vuelta-a-casa-en-gaza\\\/#listItem\",\"name\":\"El drama de la vuelta a casa en Gaza\"},\"previousItem\":{\"@type\":\"ListItem\",\"@id\":\"https:\\\/\\\/candas365.es\\\/noticias#listItem\",\"name\":\"Home\"}},{\"@type\":\"ListItem\",\"@id\":\"https:\\\/\\\/candas365.es\\\/noticias\\\/el-drama-de-la-vuelta-a-casa-en-gaza\\\/#listItem\",\"position\":3,\"name\":\"El drama de la vuelta a casa en Gaza\",\"previousItem\":{\"@type\":\"ListItem\",\"@id\":\"https:\\\/\\\/candas365.es\\\/noticias\\\/category\\\/internacional\\\/#listItem\",\"name\":\"Internacional\"}}]},{\"@type\":\"NewsArticle\",\"@id\":\"https:\\\/\\\/candas365.es\\\/noticias\\\/el-drama-de-la-vuelta-a-casa-en-gaza\\\/#newsarticle\",\"name\":\"El drama de la vuelta a casa en Gaza | Cand\\u00e1s 365\",\"headline\":\"El drama de la vuelta a casa en Gaza\",\"author\":{\"@id\":\"https:\\\/\\\/candas365.es\\\/noticias\\\/author\\\/admin\\\/#author\"},\"publisher\":{\"@id\":\"https:\\\/\\\/candas365.es\\\/noticias\\\/#organization\"},\"image\":{\"@type\":\"ImageObject\",\"url\":\"https:\\\/\\\/candas365.es\\\/noticias\\\/wp-content\\\/uploads\\\/2025\\\/01\\\/Gaza.jpg\",\"width\":1016,\"height\":527,\"caption\":\"Foto: Servimedia\"},\"datePublished\":\"2025-01-26T13:26:17+01:00\",\"dateModified\":\"2025-01-26T13:26:17+01:00\",\"inLanguage\":\"es-ES\",\"mainEntityOfPage\":{\"@id\":\"https:\\\/\\\/candas365.es\\\/noticias\\\/el-drama-de-la-vuelta-a-casa-en-gaza\\\/#webpage\"},\"isPartOf\":{\"@id\":\"https:\\\/\\\/candas365.es\\\/noticias\\\/el-drama-de-la-vuelta-a-casa-en-gaza\\\/#webpage\"},\"articleSection\":\"Internacional, conflictos, Reportajes\",\"dateline\":\"Publicado el enero 26, 2025.\"},{\"@type\":\"Organization\",\"@id\":\"https:\\\/\\\/candas365.es\\\/noticias\\\/#organization\",\"name\":\"Cand\\u00e1s 365\",\"description\":\"Cand\\u00e1s 365 es un diario digital independiente, fundado en 2012, con base en Asturias. Informamos con rigor sobre actualidad, sociedad, cultura y ocio, con una mirada local y global.\",\"url\":\"https:\\\/\\\/candas365.es\\\/noticias\\\/\",\"email\":\"info@candas365.es\",\"telephone\":\"+34652131393\",\"foundingDate\":\"2012-06-10\",\"logo\":{\"@type\":\"ImageObject\",\"url\":\"https:\\\/\\\/candas365.es\\\/noticias\\\/wp-content\\\/uploads\\\/2024\\\/09\\\/Candas-365-Redes.jpg\",\"@id\":\"https:\\\/\\\/candas365.es\\\/noticias\\\/el-drama-de-la-vuelta-a-casa-en-gaza\\\/#organizationLogo\",\"width\":1152,\"height\":864,\"caption\":\"Cand\\u00e1s 365 Redes\"},\"image\":{\"@id\":\"https:\\\/\\\/candas365.es\\\/noticias\\\/el-drama-de-la-vuelta-a-casa-en-gaza\\\/#organizationLogo\"},\"sameAs\":[\"https:\\\/\\\/www.facebook.com\\\/Nachofdezber\",\"https:\\\/\\\/x.com\\\/NabercoDigital\",\"https:\\\/\\\/www.instagram.com\\\/nachofdezber\\\/\",\"https:\\\/\\\/www.youtube.com\\\/channel\\\/UCZP-2wLEB9Rv6erhFmqVnvg\"],\"address\":{\"@id\":\"https:\\\/\\\/candas365.es\\\/noticias\\\/#postaladdress\",\"@type\":\"PostalAddress\",\"streetAddress\":\"san antonio 4, san antonio 4\",\"postalCode\":\"33430\",\"addressLocality\":\"Cand\\u00e1s\",\"addressRegion\":\"Asturias\",\"addressCountry\":\"ES\"}},{\"@type\":\"Person\",\"@id\":\"https:\\\/\\\/candas365.es\\\/noticias\\\/author\\\/admin\\\/#author\",\"url\":\"https:\\\/\\\/candas365.es\\\/noticias\\\/author\\\/admin\\\/\",\"name\":\"Cand\\u00e1s 365\",\"image\":{\"@type\":\"ImageObject\",\"@id\":\"https:\\\/\\\/candas365.es\\\/noticias\\\/el-drama-de-la-vuelta-a-casa-en-gaza\\\/#authorImage\",\"url\":\"https:\\\/\\\/secure.gravatar.com\\\/avatar\\\/496a8e03d0c493ede1718b7934145dbdf8d89be1036b0eec9544e1094c9de390?s=96&d=mm&r=g\",\"width\":96,\"height\":96,\"caption\":\"Cand\\u00e1s 365\"},\"sameAs\":[\"https:\\\/\\\/www.facebook.com\\\/carrenoactualidad\",\"https:\\\/\\\/twitter.com\\\/nbasturias\",\"https:\\\/\\\/www.instagram.com\\\/nachofdezber\\\/\",\"https:\\\/\\\/www.youtube.com\\\/channel\\\/UCZP-2wLEB9Rv6erhFmqVnvg\"]},{\"@type\":\"WebPage\",\"@id\":\"https:\\\/\\\/candas365.es\\\/noticias\\\/el-drama-de-la-vuelta-a-casa-en-gaza\\\/#webpage\",\"url\":\"https:\\\/\\\/candas365.es\\\/noticias\\\/el-drama-de-la-vuelta-a-casa-en-gaza\\\/\",\"name\":\"El drama de la vuelta a casa en Gaza | Cand\\u00e1s 365\",\"description\":\"Amnist\\u00eda Internacional ha denunciando que hay dos millones de personas en Gaza \\\"sin ninguna casa a la que volver\\\", adem\\u00e1s tambi\\u00e9n han informado\",\"inLanguage\":\"es-ES\",\"isPartOf\":{\"@id\":\"https:\\\/\\\/candas365.es\\\/noticias\\\/#website\"},\"breadcrumb\":{\"@id\":\"https:\\\/\\\/candas365.es\\\/noticias\\\/el-drama-de-la-vuelta-a-casa-en-gaza\\\/#breadcrumblist\"},\"author\":{\"@id\":\"https:\\\/\\\/candas365.es\\\/noticias\\\/author\\\/admin\\\/#author\"},\"creator\":{\"@id\":\"https:\\\/\\\/candas365.es\\\/noticias\\\/author\\\/admin\\\/#author\"},\"image\":{\"@type\":\"ImageObject\",\"url\":\"https:\\\/\\\/candas365.es\\\/noticias\\\/wp-content\\\/uploads\\\/2025\\\/01\\\/Gaza.jpg\",\"@id\":\"https:\\\/\\\/candas365.es\\\/noticias\\\/el-drama-de-la-vuelta-a-casa-en-gaza\\\/#mainImage\",\"width\":1016,\"height\":527,\"caption\":\"Foto: Servimedia\"},\"primaryImageOfPage\":{\"@id\":\"https:\\\/\\\/candas365.es\\\/noticias\\\/el-drama-de-la-vuelta-a-casa-en-gaza\\\/#mainImage\"},\"datePublished\":\"2025-01-26T13:26:17+01:00\",\"dateModified\":\"2025-01-26T13:26:17+01:00\"},{\"@type\":\"WebSite\",\"@id\":\"https:\\\/\\\/candas365.es\\\/noticias\\\/#website\",\"url\":\"https:\\\/\\\/candas365.es\\\/noticias\\\/\",\"name\":\"Cand\\u00e1s 365\",\"alternateName\":\"Cand\\u00e1s 365 Noticias\",\"description\":\"Actualidad desde Carre\\u00f1o para el mundo\",\"inLanguage\":\"es-ES\",\"publisher\":{\"@id\":\"https:\\\/\\\/candas365.es\\\/noticias\\\/#organization\"}}]}\n\t\t<\/script>\n\t\t<!-- All in One SEO Pro -->\r\n\t\t<title>El drama de la vuelta a casa en Gaza | Cand\u00e1s 365<\/title>\n\n","aioseo_head_json":{"title":"El drama de la vuelta a casa en Gaza | Cand\u00e1s 365","description":"Amnist\u00eda Internacional ha denunciando que hay dos millones de personas en Gaza \"sin ninguna casa a la que volver\", adem\u00e1s tambi\u00e9n han informado","canonical_url":"https:\/\/candas365.es\/noticias\/el-drama-de-la-vuelta-a-casa-en-gaza\/","robots":"max-image-preview:large","keywords":"internacional","webmasterTools":{"google-site-verification":"UA-32230408-1","msvalidate.01":"354F3CDFB2DA171B47FBE9ABF1F88D5","miscellaneous":""},"schema":{"@context":"https:\/\/schema.org","@graph":[{"@type":"BreadcrumbList","@id":"https:\/\/candas365.es\/noticias\/el-drama-de-la-vuelta-a-casa-en-gaza\/#breadcrumblist","itemListElement":[{"@type":"ListItem","@id":"https:\/\/candas365.es\/noticias#listItem","position":1,"name":"Home","item":"https:\/\/candas365.es\/noticias","nextItem":{"@type":"ListItem","@id":"https:\/\/candas365.es\/noticias\/category\/internacional\/#listItem","name":"Internacional"}},{"@type":"ListItem","@id":"https:\/\/candas365.es\/noticias\/category\/internacional\/#listItem","position":2,"name":"Internacional","item":"https:\/\/candas365.es\/noticias\/category\/internacional\/","nextItem":{"@type":"ListItem","@id":"https:\/\/candas365.es\/noticias\/el-drama-de-la-vuelta-a-casa-en-gaza\/#listItem","name":"El drama de la vuelta a casa en Gaza"},"previousItem":{"@type":"ListItem","@id":"https:\/\/candas365.es\/noticias#listItem","name":"Home"}},{"@type":"ListItem","@id":"https:\/\/candas365.es\/noticias\/el-drama-de-la-vuelta-a-casa-en-gaza\/#listItem","position":3,"name":"El drama de la vuelta a casa en Gaza","previousItem":{"@type":"ListItem","@id":"https:\/\/candas365.es\/noticias\/category\/internacional\/#listItem","name":"Internacional"}}]},{"@type":"NewsArticle","@id":"https:\/\/candas365.es\/noticias\/el-drama-de-la-vuelta-a-casa-en-gaza\/#newsarticle","name":"El drama de la vuelta a casa en Gaza | Cand\u00e1s 365","headline":"El drama de la vuelta a casa en Gaza","author":{"@id":"https:\/\/candas365.es\/noticias\/author\/admin\/#author"},"publisher":{"@id":"https:\/\/candas365.es\/noticias\/#organization"},"image":{"@type":"ImageObject","url":"https:\/\/candas365.es\/noticias\/wp-content\/uploads\/2025\/01\/Gaza.jpg","width":1016,"height":527,"caption":"Foto: Servimedia"},"datePublished":"2025-01-26T13:26:17+01:00","dateModified":"2025-01-26T13:26:17+01:00","inLanguage":"es-ES","mainEntityOfPage":{"@id":"https:\/\/candas365.es\/noticias\/el-drama-de-la-vuelta-a-casa-en-gaza\/#webpage"},"isPartOf":{"@id":"https:\/\/candas365.es\/noticias\/el-drama-de-la-vuelta-a-casa-en-gaza\/#webpage"},"articleSection":"Internacional, conflictos, Reportajes","dateline":"Publicado el enero 26, 2025."},{"@type":"Organization","@id":"https:\/\/candas365.es\/noticias\/#organization","name":"Cand\u00e1s 365","description":"Cand\u00e1s 365 es un diario digital independiente, fundado en 2012, con base en Asturias. Informamos con rigor sobre actualidad, sociedad, cultura y ocio, con una mirada local y global.","url":"https:\/\/candas365.es\/noticias\/","email":"info@candas365.es","telephone":"+34652131393","foundingDate":"2012-06-10","logo":{"@type":"ImageObject","url":"https:\/\/candas365.es\/noticias\/wp-content\/uploads\/2024\/09\/Candas-365-Redes.jpg","@id":"https:\/\/candas365.es\/noticias\/el-drama-de-la-vuelta-a-casa-en-gaza\/#organizationLogo","width":1152,"height":864,"caption":"Cand\u00e1s 365 Redes"},"image":{"@id":"https:\/\/candas365.es\/noticias\/el-drama-de-la-vuelta-a-casa-en-gaza\/#organizationLogo"},"sameAs":["https:\/\/www.facebook.com\/Nachofdezber","https:\/\/x.com\/NabercoDigital","https:\/\/www.instagram.com\/nachofdezber\/","https:\/\/www.youtube.com\/channel\/UCZP-2wLEB9Rv6erhFmqVnvg"],"address":{"@id":"https:\/\/candas365.es\/noticias\/#postaladdress","@type":"PostalAddress","streetAddress":"san antonio 4, san antonio 4","postalCode":"33430","addressLocality":"Cand\u00e1s","addressRegion":"Asturias","addressCountry":"ES"}},{"@type":"Person","@id":"https:\/\/candas365.es\/noticias\/author\/admin\/#author","url":"https:\/\/candas365.es\/noticias\/author\/admin\/","name":"Cand\u00e1s 365","image":{"@type":"ImageObject","@id":"https:\/\/candas365.es\/noticias\/el-drama-de-la-vuelta-a-casa-en-gaza\/#authorImage","url":"https:\/\/secure.gravatar.com\/avatar\/496a8e03d0c493ede1718b7934145dbdf8d89be1036b0eec9544e1094c9de390?s=96&d=mm&r=g","width":96,"height":96,"caption":"Cand\u00e1s 365"},"sameAs":["https:\/\/www.facebook.com\/carrenoactualidad","https:\/\/twitter.com\/nbasturias","https:\/\/www.instagram.com\/nachofdezber\/","https:\/\/www.youtube.com\/channel\/UCZP-2wLEB9Rv6erhFmqVnvg"]},{"@type":"WebPage","@id":"https:\/\/candas365.es\/noticias\/el-drama-de-la-vuelta-a-casa-en-gaza\/#webpage","url":"https:\/\/candas365.es\/noticias\/el-drama-de-la-vuelta-a-casa-en-gaza\/","name":"El drama de la vuelta a casa en Gaza | Cand\u00e1s 365","description":"Amnist\u00eda Internacional ha denunciando que hay dos millones de personas en Gaza \"sin ninguna casa a la que volver\", adem\u00e1s tambi\u00e9n han informado","inLanguage":"es-ES","isPartOf":{"@id":"https:\/\/candas365.es\/noticias\/#website"},"breadcrumb":{"@id":"https:\/\/candas365.es\/noticias\/el-drama-de-la-vuelta-a-casa-en-gaza\/#breadcrumblist"},"author":{"@id":"https:\/\/candas365.es\/noticias\/author\/admin\/#author"},"creator":{"@id":"https:\/\/candas365.es\/noticias\/author\/admin\/#author"},"image":{"@type":"ImageObject","url":"https:\/\/candas365.es\/noticias\/wp-content\/uploads\/2025\/01\/Gaza.jpg","@id":"https:\/\/candas365.es\/noticias\/el-drama-de-la-vuelta-a-casa-en-gaza\/#mainImage","width":1016,"height":527,"caption":"Foto: Servimedia"},"primaryImageOfPage":{"@id":"https:\/\/candas365.es\/noticias\/el-drama-de-la-vuelta-a-casa-en-gaza\/#mainImage"},"datePublished":"2025-01-26T13:26:17+01:00","dateModified":"2025-01-26T13:26:17+01:00"},{"@type":"WebSite","@id":"https:\/\/candas365.es\/noticias\/#website","url":"https:\/\/candas365.es\/noticias\/","name":"Cand\u00e1s 365","alternateName":"Cand\u00e1s 365 Noticias","description":"Actualidad desde Carre\u00f1o para el mundo","inLanguage":"es-ES","publisher":{"@id":"https:\/\/candas365.es\/noticias\/#organization"}}]},"og:locale":"es_ES","og:site_name":"Cand\u00e1s 365","og:type":"article","og:title":"El drama de la vuelta a casa en Gaza | Cand\u00e1s 365","og:description":"Amnist\u00eda Internacional ha denunciando que hay dos millones de personas en Gaza &quot;sin ninguna casa a la que volver&quot;, adem\u00e1s tambi\u00e9n han informado","og:url":"https:\/\/candas365.es\/noticias\/el-drama-de-la-vuelta-a-casa-en-gaza\/","og:image":"https:\/\/candas365.es\/noticias\/wp-content\/uploads\/2025\/01\/Gaza.jpg","og:image:secure_url":"https:\/\/candas365.es\/noticias\/wp-content\/uploads\/2025\/01\/Gaza.jpg","og:image:width":1016,"og:image:height":527,"article:published_time":"2025-01-26T12:26:17+00:00","article:modified_time":"2025-01-26T12:26:17+00:00","article:publisher":"https:\/\/www.facebook.com\/Nachofdezber","article:author":"https:\/\/www.facebook.com\/carrenoactualidad","twitter:card":"summary_large_image","twitter:site":"@NabercoDigital","twitter:title":"El drama de la vuelta a casa en Gaza | Cand\u00e1s 365","twitter:description":"Amnist\u00eda Internacional ha denunciando que hay dos millones de personas en Gaza &quot;sin ninguna casa a la que volver&quot;, adem\u00e1s tambi\u00e9n han informado","twitter:creator":"@nbasturias","twitter:image":"https:\/\/candas365.es\/noticias\/wp-content\/uploads\/2025\/01\/Gaza.jpg","twitter:label1":"Escrito por","twitter:data1":"Cand\u00e1s 365","twitter:label2":"Tiempo de lectura estimado","twitter:data2":"4 minutos"},"aioseo_meta_data":{"post_id":"184870","title":null,"description":"Amnist\u00eda Internacional ha denunciando que hay dos millones de personas en Gaza \"sin ninguna casa a la que volver\", adem\u00e1s tambi\u00e9n han informado","keywords":null,"keyphrases":{"focus":{"keyphrase":"Gaza","score":85,"analysis":{"keyphraseInTitle":{"score":9,"maxScore":9,"error":0},"keyphraseInDescription":{"score":9,"maxScore":9,"error":0},"keyphraseLength":{"score":9,"maxScore":9,"error":0,"length":1},"keyphraseInURL":{"score":1,"maxScore":5,"error":1},"keyphraseInIntroduction":{"score":9,"maxScore":9,"error":0},"keyphraseInSubHeadings":{"score":3,"maxScore":9,"error":1},"keyphraseInImageAlt":{"score":9,"maxScore":9,"error":0},"keywordDensity":{"type":"best","score":9,"maxScore":9,"error":0}}},"additional":[{"keyphrase":"Gaza","score":100,"analysis":{"keyphraseInDescription":{"score":9,"maxScore":9,"error":0},"keyphraseLength":{"score":9,"maxScore":9,"error":0,"length":1},"keyphraseInIntroduction":{"score":9,"maxScore":9,"error":0},"keyphraseInImageAlt":{"score":9,"maxScore":9,"error":0},"keywordDensity":{"type":"best","score":9,"maxScore":9,"error":0}}},{"keyphrase":"casa","score":67,"analysis":{"keyphraseInDescription":{"score":9,"maxScore":9,"error":0},"keyphraseLength":{"score":9,"maxScore":9,"error":0,"length":1},"keyphraseInIntroduction":{"score":9,"maxScore":9,"error":0},"keyphraseInImageAlt":{"score":3,"maxScore":9,"error":1},"keywordDensity":{"score":0,"type":"low","maxScore":9,"error":1}}}]},"primary_term":null,"canonical_url":null,"og_title":null,"og_description":null,"og_object_type":"default","og_image_type":"default","og_image_url":null,"og_image_width":null,"og_image_height":null,"og_image_custom_url":null,"og_image_custom_fields":null,"og_video":"","og_custom_url":null,"og_article_section":null,"og_article_tags":null,"twitter_use_og":false,"twitter_card":"default","twitter_image_type":"default","twitter_image_url":null,"twitter_image_custom_url":null,"twitter_image_custom_fields":null,"twitter_title":null,"twitter_description":null,"schema":{"blockGraphs":[],"customGraphs":[],"default":{"data":{"Article":[],"Course":[],"Dataset":[],"FAQPage":[],"Movie":[],"Person":[],"Product":[],"ProductReview":[],"Car":[],"Recipe":[],"Service":[],"SoftwareApplication":[],"WebPage":[]},"graphName":"Article","isEnabled":true},"graphs":[]},"schema_type":"default","schema_type_options":null,"pillar_content":false,"robots_default":true,"robots_noindex":false,"robots_noarchive":false,"robots_nosnippet":false,"robots_nofollow":false,"robots_noimageindex":false,"robots_noodp":false,"robots_notranslate":false,"robots_max_snippet":"-1","robots_max_videopreview":"-1","robots_max_imagepreview":"large","priority":null,"frequency":"default","location":null,"local_seo":null,"seo_analyzer_scan_date":"2025-09-03 09:33:18","breadcrumb_settings":null,"limit_modified_date":false,"reviewed_by":null,"open_ai":"{\"title\":{\"suggestions\":[],\"usage\":0},\"description\":{\"suggestions\":[],\"usage\":0}}","ai":null,"created":"2025-01-26 12:21:23","updated":"2025-09-03 09:33:18"},"aioseo_breadcrumb":"<div class=\"aioseo-breadcrumbs\"><span class=\"aioseo-breadcrumb\">\n\t<a href=\"https:\/\/candas365.es\/noticias\" title=\"Home\">Home<\/a>\n<\/span><span class=\"aioseo-breadcrumb-separator\">&ndash;<\/span><span class=\"aioseo-breadcrumb\">\n\t<a href=\"https:\/\/candas365.es\/noticias\/category\/internacional\/\" title=\"Internacional\">Internacional<\/a>\n<\/span><span class=\"aioseo-breadcrumb-separator\">&ndash;<\/span><span class=\"aioseo-breadcrumb\">\n\tEl drama de la vuelta a casa en Gaza\n<\/span><\/div>","aioseo_breadcrumb_json":[{"label":"Home","link":"https:\/\/candas365.es\/noticias"},{"label":"Internacional","link":"https:\/\/candas365.es\/noticias\/category\/internacional\/"},{"label":"El drama de la vuelta a casa en Gaza","link":"https:\/\/candas365.es\/noticias\/el-drama-de-la-vuelta-a-casa-en-gaza\/"}],"_links":{"self":[{"href":"https:\/\/candas365.es\/noticias\/wp-json\/wp\/v2\/posts\/184870","targetHints":{"allow":["GET"]}}],"collection":[{"href":"https:\/\/candas365.es\/noticias\/wp-json\/wp\/v2\/posts"}],"about":[{"href":"https:\/\/candas365.es\/noticias\/wp-json\/wp\/v2\/types\/post"}],"author":[{"embeddable":true,"href":"https:\/\/candas365.es\/noticias\/wp-json\/wp\/v2\/users\/1"}],"replies":[{"embeddable":true,"href":"https:\/\/candas365.es\/noticias\/wp-json\/wp\/v2\/comments?post=184870"}],"version-history":[{"count":0,"href":"https:\/\/candas365.es\/noticias\/wp-json\/wp\/v2\/posts\/184870\/revisions"}],"wp:featuredmedia":[{"embeddable":true,"href":"https:\/\/candas365.es\/noticias\/wp-json\/wp\/v2\/media\/184871"}],"wp:attachment":[{"href":"https:\/\/candas365.es\/noticias\/wp-json\/wp\/v2\/media?parent=184870"}],"wp:term":[{"taxonomy":"category","embeddable":true,"href":"https:\/\/candas365.es\/noticias\/wp-json\/wp\/v2\/categories?post=184870"},{"taxonomy":"post_tag","embeddable":true,"href":"https:\/\/candas365.es\/noticias\/wp-json\/wp\/v2\/tags?post=184870"}],"curies":[{"name":"wp","href":"https:\/\/api.w.org\/{rel}","templated":true}]}}