{"id":184854,"date":"2025-01-25T21:33:14","date_gmt":"2025-01-25T20:33:14","guid":{"rendered":"https:\/\/candas365.es\/noticias\/?p=184854"},"modified":"2025-01-25T21:33:14","modified_gmt":"2025-01-25T20:33:14","slug":"precio-de-la-electricidad-en-espana-26-de-enero-2025","status":"publish","type":"post","link":"https:\/\/candas365.es\/noticias\/precio-de-la-electricidad-en-espana-26-de-enero-2025\/","title":{"rendered":"Precio de la electricidad en Espa\u00f1a: 26 de enero 2025"},"content":{"rendered":"<p>El <strong>precio medio de la <a href=\"https:\/\/candas365.es\/noticias\/category\/economia\/\"><span style=\"color: #ff6600;\">electricidad<\/span><\/a><\/strong> en el mercado mayorista se situar\u00e1 el d<strong>omingo 26 de enero de 2025 en 26,42 euros el megavatio hora<\/strong> (MWh), lo que representa un descenso del 37,8% respecto a los 42,52 euros de este s\u00e1bado, seg\u00fan los \u00faltimos datos del Operador del Mercado Ib\u00e9rico de la Electricidad (OMIE) recogidos por Servimedia.<\/p>\n<p><img fetchpriority=\"high\" decoding=\"async\" class=\"aligncenter size-full wp-image-179252\" src=\"https:\/\/candas365.es\/noticias\/wp-content\/uploads\/2024\/04\/Precio-de-la-electricidad.jpg\" alt=\"Precio de la electricidad\" width=\"640\" height=\"427\" srcset=\"https:\/\/candas365.es\/noticias\/wp-content\/uploads\/2024\/04\/Precio-de-la-electricidad.jpg 640w, https:\/\/candas365.es\/noticias\/wp-content\/uploads\/2024\/04\/Precio-de-la-electricidad-360x240.jpg 360w, https:\/\/candas365.es\/noticias\/wp-content\/uploads\/2024\/04\/Precio-de-la-electricidad-150x100.jpg 150w, https:\/\/candas365.es\/noticias\/wp-content\/uploads\/2024\/04\/Precio-de-la-electricidad-450x300.jpg 450w\" sizes=\"(max-width: 640px) 100vw, 640px\" \/><\/p>\n<p>El precio oscilar\u00e1 entre los 44,38 euros el MWh entre las 20.00 y las 21.00 horas y los 6,93 euros de entre las 16.00 y las 17.00 horas.<\/p>\n<p>Los 26,42 euros por MWh suponen una bajada del 79% con respecto a los 125,11 euros del domingo de la semana pasada y un descenso del 80% sobre los 133,94 euros de hace un mes, el 26 de diciembre.<\/p>\n<p>Finalmente, en comparativa interanual, este domingo se produce un abaratamiento del 26%, ya que el 26 de enero del a\u00f1o pasado el precio fue de 72,56 euros por MWh.<\/p>\n<p>(<a href=\"https:\/\/www.servimedia.es\/\" target=\"_blank\" rel=\"noopener\"><span style=\"color: #ff6600;\"><strong>SERVIMEDIA<\/strong><\/span><\/a>)<\/p>\n","protected":false},"excerpt":{"rendered":"<p>El precio medio de la electricidad en el mercado mayorista se situar\u00e1 el domingo 26 de enero de 2025 en 26,42 euros el megavatio hora (MWh), lo que representa un descenso del 37,8% respecto a los 42,52 euros de este s\u00e1bado, seg\u00fan los \u00faltimos datos del Operador del Mercado Ib\u00e9rico de la Electricidad (OMIE) recogidos<\/p>\n","protected":false},"author":1,"featured_media":179804,"comment_status":"closed","ping_status":"closed","sticky":false,"template":"","format":"standard","meta":{"footnotes":""},"categories":[486],"tags":[437],"class_list":{"0":"post-184854","1":"post","2":"type-post","3":"status-publish","4":"format-standard","5":"has-post-thumbnail","7":"category-economia","8":"tag-economia"},"aioseo_notices":[],"aioseo_head":"\n\t\t<!-- All in One SEO Pro 4.9.6.2 - aioseo.com -->\n\t<meta name=\"description\" content=\"El precio medio de la electricidad en el mercado mayorista se situar\u00e1 el domingo 26 de enero de 2025 en 26,42 euros el megavatio hora (MWh),\" \/>\n\t<meta name=\"robots\" content=\"max-image-preview:large\" \/>\n\t<meta name=\"author\" content=\"Cand\u00e1s 365\"\/>\n\t<meta name=\"google-site-verification\" content=\"UA-32230408-1\" \/>\n\t<meta name=\"msvalidate.01\" content=\"354F3CDFB2DA171B47FBE9ABF1F88D5\" \/>\n\t<meta name=\"keywords\" content=\"econom\u00eda\" \/>\n\t<link rel=\"canonical\" href=\"https:\/\/candas365.es\/noticias\/precio-de-la-electricidad-en-espana-26-de-enero-2025\/\" \/>\n\t<meta name=\"generator\" content=\"All in One SEO Pro (AIOSEO) 4.9.6.2\" \/>\n\t\t<meta property=\"og:locale\" content=\"es_ES\" \/>\n\t\t<meta property=\"og:site_name\" content=\"Cand\u00e1s 365\" \/>\n\t\t<meta property=\"og:type\" content=\"article\" \/>\n\t\t<meta property=\"og:title\" content=\"Precio de la electricidad en Espa\u00f1a: 26 de enero 2025 | Cand\u00e1s 365\" \/>\n\t\t<meta property=\"og:description\" content=\"El precio medio de la electricidad en el mercado mayorista se situar\u00e1 el domingo 26 de enero de 2025 en 26,42 euros el megavatio hora (MWh),\" \/>\n\t\t<meta property=\"og:url\" content=\"https:\/\/candas365.es\/noticias\/precio-de-la-electricidad-en-espana-26-de-enero-2025\/\" \/>\n\t\t<meta property=\"og:image\" content=\"https:\/\/candas365.es\/noticias\/wp-content\/uploads\/2024\/04\/Precio-de-la-electricidad-1.jpg\" \/>\n\t\t<meta property=\"og:image:secure_url\" content=\"https:\/\/candas365.es\/noticias\/wp-content\/uploads\/2024\/04\/Precio-de-la-electricidad-1.jpg\" \/>\n\t\t<meta property=\"og:image:width\" content=\"640\" \/>\n\t\t<meta property=\"og:image:height\" content=\"427\" \/>\n\t\t<meta property=\"article:published_time\" content=\"2025-01-25T20:33:14+00:00\" \/>\n\t\t<meta property=\"article:modified_time\" content=\"2025-01-25T20:33:14+00:00\" \/>\n\t\t<meta property=\"article:publisher\" content=\"https:\/\/www.facebook.com\/Nachofdezber\" \/>\n\t\t<meta property=\"article:author\" content=\"https:\/\/www.facebook.com\/carrenoactualidad\" \/>\n\t\t<meta name=\"twitter:card\" content=\"summary_large_image\" \/>\n\t\t<meta name=\"twitter:site\" content=\"@NabercoDigital\" \/>\n\t\t<meta name=\"twitter:title\" content=\"Precio de la electricidad en Espa\u00f1a: 26 de enero 2025 | Cand\u00e1s 365\" \/>\n\t\t<meta name=\"twitter:description\" content=\"El precio medio de la electricidad en el mercado mayorista se situar\u00e1 el domingo 26 de enero de 2025 en 26,42 euros el megavatio hora (MWh),\" \/>\n\t\t<meta name=\"twitter:creator\" content=\"@nbasturias\" \/>\n\t\t<meta name=\"twitter:image\" content=\"https:\/\/candas365.es\/noticias\/wp-content\/uploads\/2024\/04\/Precio-de-la-electricidad-1.jpg\" \/>\n\t\t<meta name=\"twitter:label1\" content=\"Escrito por\" \/>\n\t\t<meta name=\"twitter:data1\" content=\"Cand\u00e1s 365\" \/>\n\t\t<meta name=\"twitter:label2\" content=\"Tiempo de lectura estimado\" \/>\n\t\t<meta name=\"twitter:data2\" content=\"1 minuto\" \/>\n\t\t<script type=\"application\/ld+json\" class=\"aioseo-schema\">\n\t\t\t{\"@context\":\"https:\\\/\\\/schema.org\",\"@graph\":[{\"@type\":\"BreadcrumbList\",\"@id\":\"https:\\\/\\\/candas365.es\\\/noticias\\\/precio-de-la-electricidad-en-espana-26-de-enero-2025\\\/#breadcrumblist\",\"itemListElement\":[{\"@type\":\"ListItem\",\"@id\":\"https:\\\/\\\/candas365.es\\\/noticias#listItem\",\"position\":1,\"name\":\"Home\",\"item\":\"https:\\\/\\\/candas365.es\\\/noticias\",\"nextItem\":{\"@type\":\"ListItem\",\"@id\":\"https:\\\/\\\/candas365.es\\\/noticias\\\/category\\\/economia\\\/#listItem\",\"name\":\"Econom\\u00eda\"}},{\"@type\":\"ListItem\",\"@id\":\"https:\\\/\\\/candas365.es\\\/noticias\\\/category\\\/economia\\\/#listItem\",\"position\":2,\"name\":\"Econom\\u00eda\",\"item\":\"https:\\\/\\\/candas365.es\\\/noticias\\\/category\\\/economia\\\/\",\"nextItem\":{\"@type\":\"ListItem\",\"@id\":\"https:\\\/\\\/candas365.es\\\/noticias\\\/precio-de-la-electricidad-en-espana-26-de-enero-2025\\\/#listItem\",\"name\":\"Precio de la electricidad en Espa\\u00f1a: 26 de enero 2025\"},\"previousItem\":{\"@type\":\"ListItem\",\"@id\":\"https:\\\/\\\/candas365.es\\\/noticias#listItem\",\"name\":\"Home\"}},{\"@type\":\"ListItem\",\"@id\":\"https:\\\/\\\/candas365.es\\\/noticias\\\/precio-de-la-electricidad-en-espana-26-de-enero-2025\\\/#listItem\",\"position\":3,\"name\":\"Precio de la electricidad en Espa\\u00f1a: 26 de enero 2025\",\"previousItem\":{\"@type\":\"ListItem\",\"@id\":\"https:\\\/\\\/candas365.es\\\/noticias\\\/category\\\/economia\\\/#listItem\",\"name\":\"Econom\\u00eda\"}}]},{\"@type\":\"NewsArticle\",\"@id\":\"https:\\\/\\\/candas365.es\\\/noticias\\\/precio-de-la-electricidad-en-espana-26-de-enero-2025\\\/#newsarticle\",\"name\":\"Precio de la electricidad en Espa\\u00f1a: 26 de enero 2025 | Cand\\u00e1s 365\",\"headline\":\"Precio de la electricidad en Espa\\u00f1a: 26 de enero 2025\",\"author\":{\"@id\":\"https:\\\/\\\/candas365.es\\\/noticias\\\/author\\\/admin\\\/#author\"},\"publisher\":{\"@id\":\"https:\\\/\\\/candas365.es\\\/noticias\\\/#organization\"},\"image\":{\"@type\":\"ImageObject\",\"url\":\"https:\\\/\\\/candas365.es\\\/noticias\\\/wp-content\\\/uploads\\\/2024\\\/04\\\/Precio-de-la-electricidad-1.jpg\",\"width\":640,\"height\":427,\"caption\":\"Precio de la electricidad\"},\"datePublished\":\"2025-01-25T21:33:14+01:00\",\"dateModified\":\"2025-01-25T21:33:14+01:00\",\"inLanguage\":\"es-ES\",\"mainEntityOfPage\":{\"@id\":\"https:\\\/\\\/candas365.es\\\/noticias\\\/precio-de-la-electricidad-en-espana-26-de-enero-2025\\\/#webpage\"},\"isPartOf\":{\"@id\":\"https:\\\/\\\/candas365.es\\\/noticias\\\/precio-de-la-electricidad-en-espana-26-de-enero-2025\\\/#webpage\"},\"articleSection\":\"Econom\\u00eda, Econom\\u00eda\",\"dateline\":\"Publicado el enero 25, 2025.\"},{\"@type\":\"Organization\",\"@id\":\"https:\\\/\\\/candas365.es\\\/noticias\\\/#organization\",\"name\":\"Cand\\u00e1s 365\",\"description\":\"Cand\\u00e1s 365 es un diario digital independiente, fundado en 2012, con base en Asturias. Informamos con rigor sobre actualidad, sociedad, cultura y ocio, con una mirada local y global.\",\"url\":\"https:\\\/\\\/candas365.es\\\/noticias\\\/\",\"email\":\"info@candas365.es\",\"telephone\":\"+34652131393\",\"foundingDate\":\"2012-06-10\",\"logo\":{\"@type\":\"ImageObject\",\"url\":\"https:\\\/\\\/candas365.es\\\/noticias\\\/wp-content\\\/uploads\\\/2024\\\/09\\\/Candas-365-Redes.jpg\",\"@id\":\"https:\\\/\\\/candas365.es\\\/noticias\\\/precio-de-la-electricidad-en-espana-26-de-enero-2025\\\/#organizationLogo\",\"width\":1152,\"height\":864,\"caption\":\"Cand\\u00e1s 365 Redes\"},\"image\":{\"@id\":\"https:\\\/\\\/candas365.es\\\/noticias\\\/precio-de-la-electricidad-en-espana-26-de-enero-2025\\\/#organizationLogo\"},\"sameAs\":[\"https:\\\/\\\/www.facebook.com\\\/Nachofdezber\",\"https:\\\/\\\/x.com\\\/NabercoDigital\",\"https:\\\/\\\/www.instagram.com\\\/nachofdezber\\\/\",\"https:\\\/\\\/www.youtube.com\\\/channel\\\/UCZP-2wLEB9Rv6erhFmqVnvg\"],\"address\":{\"@id\":\"https:\\\/\\\/candas365.es\\\/noticias\\\/#postaladdress\",\"@type\":\"PostalAddress\",\"streetAddress\":\"san antonio 4, san antonio 4\",\"postalCode\":\"33430\",\"addressLocality\":\"Cand\\u00e1s\",\"addressRegion\":\"Asturias\",\"addressCountry\":\"ES\"}},{\"@type\":\"Person\",\"@id\":\"https:\\\/\\\/candas365.es\\\/noticias\\\/author\\\/admin\\\/#author\",\"url\":\"https:\\\/\\\/candas365.es\\\/noticias\\\/author\\\/admin\\\/\",\"name\":\"Cand\\u00e1s 365\",\"image\":{\"@type\":\"ImageObject\",\"@id\":\"https:\\\/\\\/candas365.es\\\/noticias\\\/precio-de-la-electricidad-en-espana-26-de-enero-2025\\\/#authorImage\",\"url\":\"https:\\\/\\\/secure.gravatar.com\\\/avatar\\\/496a8e03d0c493ede1718b7934145dbdf8d89be1036b0eec9544e1094c9de390?s=96&d=mm&r=g\",\"width\":96,\"height\":96,\"caption\":\"Cand\\u00e1s 365\"},\"sameAs\":[\"https:\\\/\\\/www.facebook.com\\\/carrenoactualidad\",\"https:\\\/\\\/twitter.com\\\/nbasturias\",\"https:\\\/\\\/www.instagram.com\\\/nachofdezber\\\/\",\"https:\\\/\\\/www.youtube.com\\\/channel\\\/UCZP-2wLEB9Rv6erhFmqVnvg\"]},{\"@type\":\"WebPage\",\"@id\":\"https:\\\/\\\/candas365.es\\\/noticias\\\/precio-de-la-electricidad-en-espana-26-de-enero-2025\\\/#webpage\",\"url\":\"https:\\\/\\\/candas365.es\\\/noticias\\\/precio-de-la-electricidad-en-espana-26-de-enero-2025\\\/\",\"name\":\"Precio de la electricidad en Espa\\u00f1a: 26 de enero 2025 | Cand\\u00e1s 365\",\"description\":\"El precio medio de la electricidad en el mercado mayorista se situar\\u00e1 el domingo 26 de enero de 2025 en 26,42 euros el megavatio hora (MWh),\",\"inLanguage\":\"es-ES\",\"isPartOf\":{\"@id\":\"https:\\\/\\\/candas365.es\\\/noticias\\\/#website\"},\"breadcrumb\":{\"@id\":\"https:\\\/\\\/candas365.es\\\/noticias\\\/precio-de-la-electricidad-en-espana-26-de-enero-2025\\\/#breadcrumblist\"},\"author\":{\"@id\":\"https:\\\/\\\/candas365.es\\\/noticias\\\/author\\\/admin\\\/#author\"},\"creator\":{\"@id\":\"https:\\\/\\\/candas365.es\\\/noticias\\\/author\\\/admin\\\/#author\"},\"image\":{\"@type\":\"ImageObject\",\"url\":\"https:\\\/\\\/candas365.es\\\/noticias\\\/wp-content\\\/uploads\\\/2024\\\/04\\\/Precio-de-la-electricidad-1.jpg\",\"@id\":\"https:\\\/\\\/candas365.es\\\/noticias\\\/precio-de-la-electricidad-en-espana-26-de-enero-2025\\\/#mainImage\",\"width\":640,\"height\":427,\"caption\":\"Precio de la electricidad\"},\"primaryImageOfPage\":{\"@id\":\"https:\\\/\\\/candas365.es\\\/noticias\\\/precio-de-la-electricidad-en-espana-26-de-enero-2025\\\/#mainImage\"},\"datePublished\":\"2025-01-25T21:33:14+01:00\",\"dateModified\":\"2025-01-25T21:33:14+01:00\"},{\"@type\":\"WebSite\",\"@id\":\"https:\\\/\\\/candas365.es\\\/noticias\\\/#website\",\"url\":\"https:\\\/\\\/candas365.es\\\/noticias\\\/\",\"name\":\"Cand\\u00e1s 365\",\"alternateName\":\"Cand\\u00e1s 365 Noticias\",\"description\":\"Actualidad desde Carre\\u00f1o para el mundo\",\"inLanguage\":\"es-ES\",\"publisher\":{\"@id\":\"https:\\\/\\\/candas365.es\\\/noticias\\\/#organization\"}}]}\n\t\t<\/script>\n\t\t<!-- All in One SEO Pro -->\r\n\t\t<title>Precio de la electricidad en Espa\u00f1a: 26 de enero 2025 | Cand\u00e1s 365<\/title>\n\n","aioseo_head_json":{"title":"Precio de la electricidad en Espa\u00f1a: 26 de enero 2025 | Cand\u00e1s 365","description":"El precio medio de la electricidad en el mercado mayorista se situar\u00e1 el domingo 26 de enero de 2025 en 26,42 euros el megavatio hora (MWh),","canonical_url":"https:\/\/candas365.es\/noticias\/precio-de-la-electricidad-en-espana-26-de-enero-2025\/","robots":"max-image-preview:large","keywords":"econom\u00eda","webmasterTools":{"google-site-verification":"UA-32230408-1","msvalidate.01":"354F3CDFB2DA171B47FBE9ABF1F88D5","miscellaneous":""},"schema":{"@context":"https:\/\/schema.org","@graph":[{"@type":"BreadcrumbList","@id":"https:\/\/candas365.es\/noticias\/precio-de-la-electricidad-en-espana-26-de-enero-2025\/#breadcrumblist","itemListElement":[{"@type":"ListItem","@id":"https:\/\/candas365.es\/noticias#listItem","position":1,"name":"Home","item":"https:\/\/candas365.es\/noticias","nextItem":{"@type":"ListItem","@id":"https:\/\/candas365.es\/noticias\/category\/economia\/#listItem","name":"Econom\u00eda"}},{"@type":"ListItem","@id":"https:\/\/candas365.es\/noticias\/category\/economia\/#listItem","position":2,"name":"Econom\u00eda","item":"https:\/\/candas365.es\/noticias\/category\/economia\/","nextItem":{"@type":"ListItem","@id":"https:\/\/candas365.es\/noticias\/precio-de-la-electricidad-en-espana-26-de-enero-2025\/#listItem","name":"Precio de la electricidad en Espa\u00f1a: 26 de enero 2025"},"previousItem":{"@type":"ListItem","@id":"https:\/\/candas365.es\/noticias#listItem","name":"Home"}},{"@type":"ListItem","@id":"https:\/\/candas365.es\/noticias\/precio-de-la-electricidad-en-espana-26-de-enero-2025\/#listItem","position":3,"name":"Precio de la electricidad en Espa\u00f1a: 26 de enero 2025","previousItem":{"@type":"ListItem","@id":"https:\/\/candas365.es\/noticias\/category\/economia\/#listItem","name":"Econom\u00eda"}}]},{"@type":"NewsArticle","@id":"https:\/\/candas365.es\/noticias\/precio-de-la-electricidad-en-espana-26-de-enero-2025\/#newsarticle","name":"Precio de la electricidad en Espa\u00f1a: 26 de enero 2025 | Cand\u00e1s 365","headline":"Precio de la electricidad en Espa\u00f1a: 26 de enero 2025","author":{"@id":"https:\/\/candas365.es\/noticias\/author\/admin\/#author"},"publisher":{"@id":"https:\/\/candas365.es\/noticias\/#organization"},"image":{"@type":"ImageObject","url":"https:\/\/candas365.es\/noticias\/wp-content\/uploads\/2024\/04\/Precio-de-la-electricidad-1.jpg","width":640,"height":427,"caption":"Precio de la electricidad"},"datePublished":"2025-01-25T21:33:14+01:00","dateModified":"2025-01-25T21:33:14+01:00","inLanguage":"es-ES","mainEntityOfPage":{"@id":"https:\/\/candas365.es\/noticias\/precio-de-la-electricidad-en-espana-26-de-enero-2025\/#webpage"},"isPartOf":{"@id":"https:\/\/candas365.es\/noticias\/precio-de-la-electricidad-en-espana-26-de-enero-2025\/#webpage"},"articleSection":"Econom\u00eda, Econom\u00eda","dateline":"Publicado el enero 25, 2025."},{"@type":"Organization","@id":"https:\/\/candas365.es\/noticias\/#organization","name":"Cand\u00e1s 365","description":"Cand\u00e1s 365 es un diario digital independiente, fundado en 2012, con base en Asturias. Informamos con rigor sobre actualidad, sociedad, cultura y ocio, con una mirada local y global.","url":"https:\/\/candas365.es\/noticias\/","email":"info@candas365.es","telephone":"+34652131393","foundingDate":"2012-06-10","logo":{"@type":"ImageObject","url":"https:\/\/candas365.es\/noticias\/wp-content\/uploads\/2024\/09\/Candas-365-Redes.jpg","@id":"https:\/\/candas365.es\/noticias\/precio-de-la-electricidad-en-espana-26-de-enero-2025\/#organizationLogo","width":1152,"height":864,"caption":"Cand\u00e1s 365 Redes"},"image":{"@id":"https:\/\/candas365.es\/noticias\/precio-de-la-electricidad-en-espana-26-de-enero-2025\/#organizationLogo"},"sameAs":["https:\/\/www.facebook.com\/Nachofdezber","https:\/\/x.com\/NabercoDigital","https:\/\/www.instagram.com\/nachofdezber\/","https:\/\/www.youtube.com\/channel\/UCZP-2wLEB9Rv6erhFmqVnvg"],"address":{"@id":"https:\/\/candas365.es\/noticias\/#postaladdress","@type":"PostalAddress","streetAddress":"san antonio 4, san antonio 4","postalCode":"33430","addressLocality":"Cand\u00e1s","addressRegion":"Asturias","addressCountry":"ES"}},{"@type":"Person","@id":"https:\/\/candas365.es\/noticias\/author\/admin\/#author","url":"https:\/\/candas365.es\/noticias\/author\/admin\/","name":"Cand\u00e1s 365","image":{"@type":"ImageObject","@id":"https:\/\/candas365.es\/noticias\/precio-de-la-electricidad-en-espana-26-de-enero-2025\/#authorImage","url":"https:\/\/secure.gravatar.com\/avatar\/496a8e03d0c493ede1718b7934145dbdf8d89be1036b0eec9544e1094c9de390?s=96&d=mm&r=g","width":96,"height":96,"caption":"Cand\u00e1s 365"},"sameAs":["https:\/\/www.facebook.com\/carrenoactualidad","https:\/\/twitter.com\/nbasturias","https:\/\/www.instagram.com\/nachofdezber\/","https:\/\/www.youtube.com\/channel\/UCZP-2wLEB9Rv6erhFmqVnvg"]},{"@type":"WebPage","@id":"https:\/\/candas365.es\/noticias\/precio-de-la-electricidad-en-espana-26-de-enero-2025\/#webpage","url":"https:\/\/candas365.es\/noticias\/precio-de-la-electricidad-en-espana-26-de-enero-2025\/","name":"Precio de la electricidad en Espa\u00f1a: 26 de enero 2025 | Cand\u00e1s 365","description":"El precio medio de la electricidad en el mercado mayorista se situar\u00e1 el domingo 26 de enero de 2025 en 26,42 euros el megavatio hora (MWh),","inLanguage":"es-ES","isPartOf":{"@id":"https:\/\/candas365.es\/noticias\/#website"},"breadcrumb":{"@id":"https:\/\/candas365.es\/noticias\/precio-de-la-electricidad-en-espana-26-de-enero-2025\/#breadcrumblist"},"author":{"@id":"https:\/\/candas365.es\/noticias\/author\/admin\/#author"},"creator":{"@id":"https:\/\/candas365.es\/noticias\/author\/admin\/#author"},"image":{"@type":"ImageObject","url":"https:\/\/candas365.es\/noticias\/wp-content\/uploads\/2024\/04\/Precio-de-la-electricidad-1.jpg","@id":"https:\/\/candas365.es\/noticias\/precio-de-la-electricidad-en-espana-26-de-enero-2025\/#mainImage","width":640,"height":427,"caption":"Precio de la electricidad"},"primaryImageOfPage":{"@id":"https:\/\/candas365.es\/noticias\/precio-de-la-electricidad-en-espana-26-de-enero-2025\/#mainImage"},"datePublished":"2025-01-25T21:33:14+01:00","dateModified":"2025-01-25T21:33:14+01:00"},{"@type":"WebSite","@id":"https:\/\/candas365.es\/noticias\/#website","url":"https:\/\/candas365.es\/noticias\/","name":"Cand\u00e1s 365","alternateName":"Cand\u00e1s 365 Noticias","description":"Actualidad desde Carre\u00f1o para el mundo","inLanguage":"es-ES","publisher":{"@id":"https:\/\/candas365.es\/noticias\/#organization"}}]},"og:locale":"es_ES","og:site_name":"Cand\u00e1s 365","og:type":"article","og:title":"Precio de la electricidad en Espa\u00f1a: 26 de enero 2025 | Cand\u00e1s 365","og:description":"El precio medio de la electricidad en el mercado mayorista se situar\u00e1 el domingo 26 de enero de 2025 en 26,42 euros el megavatio hora (MWh),","og:url":"https:\/\/candas365.es\/noticias\/precio-de-la-electricidad-en-espana-26-de-enero-2025\/","og:image":"https:\/\/candas365.es\/noticias\/wp-content\/uploads\/2024\/04\/Precio-de-la-electricidad-1.jpg","og:image:secure_url":"https:\/\/candas365.es\/noticias\/wp-content\/uploads\/2024\/04\/Precio-de-la-electricidad-1.jpg","og:image:width":640,"og:image:height":427,"article:published_time":"2025-01-25T20:33:14+00:00","article:modified_time":"2025-01-25T20:33:14+00:00","article:publisher":"https:\/\/www.facebook.com\/Nachofdezber","article:author":"https:\/\/www.facebook.com\/carrenoactualidad","twitter:card":"summary_large_image","twitter:site":"@NabercoDigital","twitter:title":"Precio de la electricidad en Espa\u00f1a: 26 de enero 2025 | Cand\u00e1s 365","twitter:description":"El precio medio de la electricidad en el mercado mayorista se situar\u00e1 el domingo 26 de enero de 2025 en 26,42 euros el megavatio hora (MWh),","twitter:creator":"@nbasturias","twitter:image":"https:\/\/candas365.es\/noticias\/wp-content\/uploads\/2024\/04\/Precio-de-la-electricidad-1.jpg","twitter:label1":"Escrito por","twitter:data1":"Cand\u00e1s 365","twitter:label2":"Tiempo de lectura estimado","twitter:data2":"1 minuto"},"aioseo_meta_data":{"post_id":"184854","title":null,"description":"El precio medio de la electricidad en el mercado mayorista se situar\u00e1 el domingo 26 de enero de 2025 en 26,42 euros el megavatio hora (MWh),","keywords":null,"keyphrases":{"focus":{"keyphrase":"electricidad","score":93,"analysis":{"keyphraseInTitle":{"score":9,"maxScore":9,"error":0},"keyphraseInDescription":{"score":9,"maxScore":9,"error":0},"keyphraseLength":{"score":9,"maxScore":9,"error":0,"length":1},"keyphraseInURL":{"score":1,"maxScore":5,"error":1},"keyphraseInIntroduction":{"score":9,"maxScore":9,"error":0},"keyphraseInSubHeadings":[],"keyphraseInImageAlt":{"score":9,"maxScore":9,"error":0},"keywordDensity":{"type":"best","score":9,"maxScore":9,"error":0}}},"additional":[{"keyphrase":"electricidad","score":100,"analysis":{"keyphraseInDescription":{"score":9,"maxScore":9,"error":0},"keyphraseLength":{"score":9,"maxScore":9,"error":0,"length":1},"keyphraseInIntroduction":{"score":9,"maxScore":9,"error":0},"keyphraseInImageAlt":{"score":9,"maxScore":9,"error":0},"keywordDensity":{"type":"best","score":9,"maxScore":9,"error":0}}}]},"primary_term":null,"canonical_url":null,"og_title":null,"og_description":null,"og_object_type":"default","og_image_type":"default","og_image_url":null,"og_image_width":null,"og_image_height":null,"og_image_custom_url":null,"og_image_custom_fields":null,"og_video":"","og_custom_url":null,"og_article_section":null,"og_article_tags":null,"twitter_use_og":false,"twitter_card":"default","twitter_image_type":"default","twitter_image_url":null,"twitter_image_custom_url":null,"twitter_image_custom_fields":null,"twitter_title":null,"twitter_description":null,"schema":{"blockGraphs":[],"customGraphs":[],"default":{"data":{"Article":[],"Course":[],"Dataset":[],"FAQPage":[],"Movie":[],"Person":[],"Product":[],"ProductReview":[],"Car":[],"Recipe":[],"Service":[],"SoftwareApplication":[],"WebPage":[]},"graphName":"Article","isEnabled":true},"graphs":[]},"schema_type":"default","schema_type_options":null,"pillar_content":false,"robots_default":true,"robots_noindex":false,"robots_noarchive":false,"robots_nosnippet":false,"robots_nofollow":false,"robots_noimageindex":false,"robots_noodp":false,"robots_notranslate":false,"robots_max_snippet":"-1","robots_max_videopreview":"-1","robots_max_imagepreview":"large","priority":null,"frequency":"default","location":null,"local_seo":null,"seo_analyzer_scan_date":"2025-09-03 09:31:16","breadcrumb_settings":null,"limit_modified_date":false,"reviewed_by":null,"open_ai":"{\"title\":{\"suggestions\":[],\"usage\":0},\"description\":{\"suggestions\":[],\"usage\":0}}","ai":null,"created":"2025-01-25 20:29:47","updated":"2025-09-03 09:31:16"},"aioseo_breadcrumb":"<div class=\"aioseo-breadcrumbs\"><span class=\"aioseo-breadcrumb\">\n\t<a href=\"https:\/\/candas365.es\/noticias\" title=\"Home\">Home<\/a>\n<\/span><span class=\"aioseo-breadcrumb-separator\">&ndash;<\/span><span class=\"aioseo-breadcrumb\">\n\t<a href=\"https:\/\/candas365.es\/noticias\/category\/economia\/\" title=\"Econom\u00eda\">Econom\u00eda<\/a>\n<\/span><span class=\"aioseo-breadcrumb-separator\">&ndash;<\/span><span class=\"aioseo-breadcrumb\">\n\tPrecio de la electricidad en Espa\u00f1a: 26 de enero 2025\n<\/span><\/div>","aioseo_breadcrumb_json":[{"label":"Home","link":"https:\/\/candas365.es\/noticias"},{"label":"Econom\u00eda","link":"https:\/\/candas365.es\/noticias\/category\/economia\/"},{"label":"Precio de la electricidad en Espa\u00f1a: 26 de enero 2025","link":"https:\/\/candas365.es\/noticias\/precio-de-la-electricidad-en-espana-26-de-enero-2025\/"}],"_links":{"self":[{"href":"https:\/\/candas365.es\/noticias\/wp-json\/wp\/v2\/posts\/184854","targetHints":{"allow":["GET"]}}],"collection":[{"href":"https:\/\/candas365.es\/noticias\/wp-json\/wp\/v2\/posts"}],"about":[{"href":"https:\/\/candas365.es\/noticias\/wp-json\/wp\/v2\/types\/post"}],"author":[{"embeddable":true,"href":"https:\/\/candas365.es\/noticias\/wp-json\/wp\/v2\/users\/1"}],"replies":[{"embeddable":true,"href":"https:\/\/candas365.es\/noticias\/wp-json\/wp\/v2\/comments?post=184854"}],"version-history":[{"count":0,"href":"https:\/\/candas365.es\/noticias\/wp-json\/wp\/v2\/posts\/184854\/revisions"}],"wp:featuredmedia":[{"embeddable":true,"href":"https:\/\/candas365.es\/noticias\/wp-json\/wp\/v2\/media\/179804"}],"wp:attachment":[{"href":"https:\/\/candas365.es\/noticias\/wp-json\/wp\/v2\/media?parent=184854"}],"wp:term":[{"taxonomy":"category","embeddable":true,"href":"https:\/\/candas365.es\/noticias\/wp-json\/wp\/v2\/categories?post=184854"},{"taxonomy":"post_tag","embeddable":true,"href":"https:\/\/candas365.es\/noticias\/wp-json\/wp\/v2\/tags?post=184854"}],"curies":[{"name":"wp","href":"https:\/\/api.w.org\/{rel}","templated":true}]}}