{"id":184842,"date":"2025-01-25T20:46:47","date_gmt":"2025-01-25T19:46:47","guid":{"rendered":"https:\/\/candas365.es\/noticias\/?p=184842"},"modified":"2025-01-25T20:46:47","modified_gmt":"2025-01-25T19:46:47","slug":"pesimismo-en-el-sector-aleman-de-la-construccion","status":"publish","type":"post","link":"https:\/\/candas365.es\/noticias\/pesimismo-en-el-sector-aleman-de-la-construccion\/","title":{"rendered":"Pesimismo en el sector alem\u00e1n de la construcci\u00f3n"},"content":{"rendered":"<p>Wiesbaden\/Berl\u00edn, 24 ene (<a href=\"https:\/\/www.dpa-news.de\/\" target=\"_blank\" rel=\"noopener\"><span style=\"color: #ff6600;\"><strong>dpa<\/strong><\/span><\/a>) &#8211; El sector de la construcci\u00f3n en <a href=\"https:\/\/candas365.es\/noticias\/category\/internacional\/\"><span style=\"color: #ff6600;\"><strong>Alemania<\/strong><\/span><\/a> pronostic\u00f3 para 2025 una ca\u00edda de ventas por quinto a\u00f1o consecutivo pese a haber registrado m\u00e1s pedidos en noviembre.<\/p>\n<figure id=\"attachment_184843\" aria-describedby=\"caption-attachment-184843\" style=\"width: 650px\" class=\"wp-caption aligncenter\"><img fetchpriority=\"high\" decoding=\"async\" class=\"size-large wp-image-184843\" src=\"https:\/\/candas365.es\/noticias\/wp-content\/uploads\/2025\/01\/construccion-650x439.jpg\" alt=\"construcci\u00f3n\" width=\"650\" height=\"439\" srcset=\"https:\/\/candas365.es\/noticias\/wp-content\/uploads\/2025\/01\/construccion-650x439.jpg 650w, https:\/\/candas365.es\/noticias\/wp-content\/uploads\/2025\/01\/construccion-360x243.jpg 360w, https:\/\/candas365.es\/noticias\/wp-content\/uploads\/2025\/01\/construccion-768x519.jpg 768w, https:\/\/candas365.es\/noticias\/wp-content\/uploads\/2025\/01\/construccion-150x101.jpg 150w, https:\/\/candas365.es\/noticias\/wp-content\/uploads\/2025\/01\/construccion-450x304.jpg 450w, https:\/\/candas365.es\/noticias\/wp-content\/uploads\/2025\/01\/construccion.jpg 989w\" sizes=\"(max-width: 650px) 100vw, 650px\" \/><figcaption id=\"caption-attachment-184843\" class=\"wp-caption-text\">Una obra de una casa de apartamentos en Fr\u00e1ncfort del Oder. Foto: Patrick Pleul\/dpa<\/figcaption><\/figure>\n<p>\u00abLas empresas de construcci\u00f3n han dado por perdidos los pr\u00f3ximos meses\u00bb, dijo Peter H\u00fcbner, presidente de la Asociaci\u00f3n Alemana de la Industria de la Construcci\u00f3n (HDB), resumiendo la situaci\u00f3n. Precis\u00f3 que ya sea en la construcci\u00f3n residencial o en infraestructuras, en general hay muy pocos pedidos.<\/p>\n<p>Sin embargo, la maltrecha industria de la construcci\u00f3n en Alemania registr\u00f3 un incremento de pedidos por segundo mes consecutivo en noviembre. El sector de la construcci\u00f3n report\u00f3 un crecimiento real tanto en comparaci\u00f3n con octubre (m\u00e1s 7,9 %) como con el mismo mes del a\u00f1o anterior (m\u00e1s 16,6 %)<\/p>\n<p>Las cifras de la Oficina Federal de Estad\u00edstica indican asimismo que noviembre fue tambi\u00e9n el mes con mayor volumen de negocios del a\u00f1o pasado, con 11.500 millones de euros (12.000 millones de d\u00f3lares), aunque los ingresos se mantuvieron por debajo del nivel de 2023.<\/p>\n<p>Sin embargo, para el conjunto de 2024, el sector de la construcci\u00f3n espera un descenso de las ventas del 3,5 % en comparaci\u00f3n con el a\u00f1o anterior, ajustado a los aumentos de precios (en t\u00e9rminos reales).<\/p>\n<p>Para 2025, la HDB prev\u00e9 una ca\u00edda de las ventas del 1,4 %. \u00abLa buena noticia es que las empresas quieren aguantar y no est\u00e1n planeando ning\u00fan recorte de empleo dr\u00e1stico\u00bb, destac\u00f3 H\u00fcbner.<\/p>\n<p>En los primeros once meses de 2024, los nuevos pedidos ajustados por aumentos de precios (en t\u00e9rminos reales) y ajustados por calendario cayeron un 0,6 % en comparaci\u00f3n con el mismo per\u00edodo del a\u00f1o anterior. Seg\u00fan la Oficina Federal de Estad\u00edstica, las ventas fueron un 1,1 % m\u00e1s bajas en t\u00e9rminos reales que en los primeros once meses de 2023.<\/p>\n<p>En su \u00faltimo informe mensual, el Bundesbank (banco central alem\u00e1n) estima que la continua recesi\u00f3n econ\u00f3mica en Alemania tambi\u00e9n se debe al hecho de que el sector de la construcci\u00f3n apenas proporcion\u00f3 impulsos de crecimiento a finales de a\u00f1o.<\/p>\n<p>La ca\u00edda de los tipos de inter\u00e9s est\u00e1 dando esperanzas al sector dado que cuando los pr\u00e9stamos inmobiliarios se vuelven m\u00e1s asequibles, aumenta la demanda. Las \u00faltimas cifras muestran \u00abque los constructores e inversores quieren construir\u00bb, coment\u00f3 Felix Pakleppa, director general de la Federaci\u00f3n Central de la Construcci\u00f3n (ZDB).<\/p>\n<p>\u00abEl nuevo Gobierno federal debe poner la construcci\u00f3n de viviendas en lo m\u00e1s alto de su agenda\u00bb, exigi\u00f3 Pakleppa. \u00abNuestra industria puede construir y construir\u00e1 mucho m\u00e1s que antes, si el Gobierno nos lo permite. Lo que necesitamos es un nuevo comienzo en la pol\u00edtica de construcci\u00f3n\u00bb.<\/p>\n<p>La industria de la construcci\u00f3n principal incluye la construcci\u00f3n de edificios (ingenier\u00eda estructural), as\u00ed como carreteras, ferrocarriles y tuber\u00edas (ingenier\u00eda civil).<\/p>\n","protected":false},"excerpt":{"rendered":"<p>Wiesbaden\/Berl\u00edn, 24 ene (dpa) &#8211; El sector de la construcci\u00f3n en Alemania pronostic\u00f3 para 2025 una ca\u00edda de ventas por quinto a\u00f1o consecutivo pese a haber registrado m\u00e1s pedidos en noviembre. \u00abLas empresas de construcci\u00f3n han dado por perdidos los pr\u00f3ximos meses\u00bb, dijo Peter H\u00fcbner, presidente de la Asociaci\u00f3n Alemana de la Industria de la<\/p>\n","protected":false},"author":1,"featured_media":184843,"comment_status":"closed","ping_status":"closed","sticky":false,"template":"","format":"standard","meta":{"footnotes":""},"categories":[486],"tags":[437,422],"class_list":{"0":"post-184842","1":"post","2":"type-post","3":"status-publish","4":"format-standard","5":"has-post-thumbnail","7":"category-economia","8":"tag-economia","9":"tag-reportajes"},"aioseo_notices":[],"aioseo_head":"\n\t\t<!-- All in One SEO Pro 4.9.6.2 - aioseo.com -->\n\t<meta name=\"description\" content=\"Wiesbaden\/Berl\u00edn, 24 ene (dpa) - El sector de la construcci\u00f3n en Alemania pronostic\u00f3 para 2025 una ca\u00edda de ventas por quinto a\u00f1o consecutivo\" \/>\n\t<meta name=\"robots\" content=\"max-image-preview:large\" \/>\n\t<meta name=\"author\" content=\"Cand\u00e1s 365\"\/>\n\t<meta name=\"google-site-verification\" content=\"UA-32230408-1\" \/>\n\t<meta name=\"msvalidate.01\" content=\"354F3CDFB2DA171B47FBE9ABF1F88D5\" \/>\n\t<meta name=\"keywords\" content=\"econom\u00eda\" \/>\n\t<link rel=\"canonical\" href=\"https:\/\/candas365.es\/noticias\/pesimismo-en-el-sector-aleman-de-la-construccion\/\" \/>\n\t<meta name=\"generator\" content=\"All in One SEO Pro (AIOSEO) 4.9.6.2\" \/>\n\t\t<meta property=\"og:locale\" content=\"es_ES\" \/>\n\t\t<meta property=\"og:site_name\" content=\"Cand\u00e1s 365\" \/>\n\t\t<meta property=\"og:type\" content=\"article\" \/>\n\t\t<meta property=\"og:title\" content=\"Pesimismo en el sector alem\u00e1n de la construcci\u00f3n | Cand\u00e1s 365\" \/>\n\t\t<meta property=\"og:description\" content=\"Wiesbaden\/Berl\u00edn, 24 ene (dpa) - El sector de la construcci\u00f3n en Alemania pronostic\u00f3 para 2025 una ca\u00edda de ventas por quinto a\u00f1o consecutivo\" \/>\n\t\t<meta property=\"og:url\" content=\"https:\/\/candas365.es\/noticias\/pesimismo-en-el-sector-aleman-de-la-construccion\/\" \/>\n\t\t<meta property=\"og:image\" content=\"https:\/\/candas365.es\/noticias\/wp-content\/uploads\/2025\/01\/construccion.jpg\" \/>\n\t\t<meta property=\"og:image:secure_url\" content=\"https:\/\/candas365.es\/noticias\/wp-content\/uploads\/2025\/01\/construccion.jpg\" \/>\n\t\t<meta property=\"og:image:width\" content=\"989\" \/>\n\t\t<meta property=\"og:image:height\" content=\"668\" \/>\n\t\t<meta property=\"article:published_time\" content=\"2025-01-25T19:46:47+00:00\" \/>\n\t\t<meta property=\"article:modified_time\" content=\"2025-01-25T19:46:47+00:00\" \/>\n\t\t<meta property=\"article:publisher\" content=\"https:\/\/www.facebook.com\/Nachofdezber\" \/>\n\t\t<meta property=\"article:author\" content=\"https:\/\/www.facebook.com\/carrenoactualidad\" \/>\n\t\t<meta name=\"twitter:card\" content=\"summary_large_image\" \/>\n\t\t<meta name=\"twitter:site\" content=\"@NabercoDigital\" \/>\n\t\t<meta name=\"twitter:title\" content=\"Pesimismo en el sector alem\u00e1n de la construcci\u00f3n | Cand\u00e1s 365\" \/>\n\t\t<meta name=\"twitter:description\" content=\"Wiesbaden\/Berl\u00edn, 24 ene (dpa) - El sector de la construcci\u00f3n en Alemania pronostic\u00f3 para 2025 una ca\u00edda de ventas por quinto a\u00f1o consecutivo\" \/>\n\t\t<meta name=\"twitter:creator\" content=\"@nbasturias\" \/>\n\t\t<meta name=\"twitter:image\" content=\"https:\/\/candas365.es\/noticias\/wp-content\/uploads\/2025\/01\/construccion.jpg\" \/>\n\t\t<meta name=\"twitter:label1\" content=\"Escrito por\" \/>\n\t\t<meta name=\"twitter:data1\" content=\"Cand\u00e1s 365\" \/>\n\t\t<meta name=\"twitter:label2\" content=\"Tiempo de lectura estimado\" \/>\n\t\t<meta name=\"twitter:data2\" content=\"3 minutos\" \/>\n\t\t<script type=\"application\/ld+json\" class=\"aioseo-schema\">\n\t\t\t{\"@context\":\"https:\\\/\\\/schema.org\",\"@graph\":[{\"@type\":\"BreadcrumbList\",\"@id\":\"https:\\\/\\\/candas365.es\\\/noticias\\\/pesimismo-en-el-sector-aleman-de-la-construccion\\\/#breadcrumblist\",\"itemListElement\":[{\"@type\":\"ListItem\",\"@id\":\"https:\\\/\\\/candas365.es\\\/noticias#listItem\",\"position\":1,\"name\":\"Home\",\"item\":\"https:\\\/\\\/candas365.es\\\/noticias\",\"nextItem\":{\"@type\":\"ListItem\",\"@id\":\"https:\\\/\\\/candas365.es\\\/noticias\\\/category\\\/economia\\\/#listItem\",\"name\":\"Econom\\u00eda\"}},{\"@type\":\"ListItem\",\"@id\":\"https:\\\/\\\/candas365.es\\\/noticias\\\/category\\\/economia\\\/#listItem\",\"position\":2,\"name\":\"Econom\\u00eda\",\"item\":\"https:\\\/\\\/candas365.es\\\/noticias\\\/category\\\/economia\\\/\",\"nextItem\":{\"@type\":\"ListItem\",\"@id\":\"https:\\\/\\\/candas365.es\\\/noticias\\\/pesimismo-en-el-sector-aleman-de-la-construccion\\\/#listItem\",\"name\":\"Pesimismo en el sector alem\\u00e1n de la construcci\\u00f3n\"},\"previousItem\":{\"@type\":\"ListItem\",\"@id\":\"https:\\\/\\\/candas365.es\\\/noticias#listItem\",\"name\":\"Home\"}},{\"@type\":\"ListItem\",\"@id\":\"https:\\\/\\\/candas365.es\\\/noticias\\\/pesimismo-en-el-sector-aleman-de-la-construccion\\\/#listItem\",\"position\":3,\"name\":\"Pesimismo en el sector alem\\u00e1n de la construcci\\u00f3n\",\"previousItem\":{\"@type\":\"ListItem\",\"@id\":\"https:\\\/\\\/candas365.es\\\/noticias\\\/category\\\/economia\\\/#listItem\",\"name\":\"Econom\\u00eda\"}}]},{\"@type\":\"NewsArticle\",\"@id\":\"https:\\\/\\\/candas365.es\\\/noticias\\\/pesimismo-en-el-sector-aleman-de-la-construccion\\\/#newsarticle\",\"name\":\"Pesimismo en el sector alem\\u00e1n de la construcci\\u00f3n | Cand\\u00e1s 365\",\"headline\":\"Pesimismo en el sector alem\\u00e1n de la construcci\\u00f3n\",\"author\":{\"@id\":\"https:\\\/\\\/candas365.es\\\/noticias\\\/author\\\/admin\\\/#author\"},\"publisher\":{\"@id\":\"https:\\\/\\\/candas365.es\\\/noticias\\\/#organization\"},\"image\":{\"@type\":\"ImageObject\",\"url\":\"https:\\\/\\\/candas365.es\\\/noticias\\\/wp-content\\\/uploads\\\/2025\\\/01\\\/construccion.jpg\",\"width\":989,\"height\":668,\"caption\":\"Una obra de una casa de apartamentos en Fr\\u00e1ncfort del Oder. Foto: Patrick Pleul\\\/dpa\"},\"datePublished\":\"2025-01-25T20:46:47+01:00\",\"dateModified\":\"2025-01-25T20:46:47+01:00\",\"inLanguage\":\"es-ES\",\"mainEntityOfPage\":{\"@id\":\"https:\\\/\\\/candas365.es\\\/noticias\\\/pesimismo-en-el-sector-aleman-de-la-construccion\\\/#webpage\"},\"isPartOf\":{\"@id\":\"https:\\\/\\\/candas365.es\\\/noticias\\\/pesimismo-en-el-sector-aleman-de-la-construccion\\\/#webpage\"},\"articleSection\":\"Econom\\u00eda, Econom\\u00eda, Reportajes\",\"dateline\":\"Publicado el enero 25, 2025.\"},{\"@type\":\"Organization\",\"@id\":\"https:\\\/\\\/candas365.es\\\/noticias\\\/#organization\",\"name\":\"Cand\\u00e1s 365\",\"description\":\"Cand\\u00e1s 365 es un diario digital independiente, fundado en 2012, con base en Asturias. Informamos con rigor sobre actualidad, sociedad, cultura y ocio, con una mirada local y global.\",\"url\":\"https:\\\/\\\/candas365.es\\\/noticias\\\/\",\"email\":\"info@candas365.es\",\"telephone\":\"+34652131393\",\"foundingDate\":\"2012-06-10\",\"logo\":{\"@type\":\"ImageObject\",\"url\":\"https:\\\/\\\/candas365.es\\\/noticias\\\/wp-content\\\/uploads\\\/2024\\\/09\\\/Candas-365-Redes.jpg\",\"@id\":\"https:\\\/\\\/candas365.es\\\/noticias\\\/pesimismo-en-el-sector-aleman-de-la-construccion\\\/#organizationLogo\",\"width\":1152,\"height\":864,\"caption\":\"Cand\\u00e1s 365 Redes\"},\"image\":{\"@id\":\"https:\\\/\\\/candas365.es\\\/noticias\\\/pesimismo-en-el-sector-aleman-de-la-construccion\\\/#organizationLogo\"},\"sameAs\":[\"https:\\\/\\\/www.facebook.com\\\/Nachofdezber\",\"https:\\\/\\\/x.com\\\/NabercoDigital\",\"https:\\\/\\\/www.instagram.com\\\/nachofdezber\\\/\",\"https:\\\/\\\/www.youtube.com\\\/channel\\\/UCZP-2wLEB9Rv6erhFmqVnvg\"],\"address\":{\"@id\":\"https:\\\/\\\/candas365.es\\\/noticias\\\/#postaladdress\",\"@type\":\"PostalAddress\",\"streetAddress\":\"san antonio 4, san antonio 4\",\"postalCode\":\"33430\",\"addressLocality\":\"Cand\\u00e1s\",\"addressRegion\":\"Asturias\",\"addressCountry\":\"ES\"}},{\"@type\":\"Person\",\"@id\":\"https:\\\/\\\/candas365.es\\\/noticias\\\/author\\\/admin\\\/#author\",\"url\":\"https:\\\/\\\/candas365.es\\\/noticias\\\/author\\\/admin\\\/\",\"name\":\"Cand\\u00e1s 365\",\"image\":{\"@type\":\"ImageObject\",\"@id\":\"https:\\\/\\\/candas365.es\\\/noticias\\\/pesimismo-en-el-sector-aleman-de-la-construccion\\\/#authorImage\",\"url\":\"https:\\\/\\\/secure.gravatar.com\\\/avatar\\\/496a8e03d0c493ede1718b7934145dbdf8d89be1036b0eec9544e1094c9de390?s=96&d=mm&r=g\",\"width\":96,\"height\":96,\"caption\":\"Cand\\u00e1s 365\"},\"sameAs\":[\"https:\\\/\\\/www.facebook.com\\\/carrenoactualidad\",\"https:\\\/\\\/twitter.com\\\/nbasturias\",\"https:\\\/\\\/www.instagram.com\\\/nachofdezber\\\/\",\"https:\\\/\\\/www.youtube.com\\\/channel\\\/UCZP-2wLEB9Rv6erhFmqVnvg\"]},{\"@type\":\"WebPage\",\"@id\":\"https:\\\/\\\/candas365.es\\\/noticias\\\/pesimismo-en-el-sector-aleman-de-la-construccion\\\/#webpage\",\"url\":\"https:\\\/\\\/candas365.es\\\/noticias\\\/pesimismo-en-el-sector-aleman-de-la-construccion\\\/\",\"name\":\"Pesimismo en el sector alem\\u00e1n de la construcci\\u00f3n | Cand\\u00e1s 365\",\"description\":\"Wiesbaden\\\/Berl\\u00edn, 24 ene (dpa) - El sector de la construcci\\u00f3n en Alemania pronostic\\u00f3 para 2025 una ca\\u00edda de ventas por quinto a\\u00f1o consecutivo\",\"inLanguage\":\"es-ES\",\"isPartOf\":{\"@id\":\"https:\\\/\\\/candas365.es\\\/noticias\\\/#website\"},\"breadcrumb\":{\"@id\":\"https:\\\/\\\/candas365.es\\\/noticias\\\/pesimismo-en-el-sector-aleman-de-la-construccion\\\/#breadcrumblist\"},\"author\":{\"@id\":\"https:\\\/\\\/candas365.es\\\/noticias\\\/author\\\/admin\\\/#author\"},\"creator\":{\"@id\":\"https:\\\/\\\/candas365.es\\\/noticias\\\/author\\\/admin\\\/#author\"},\"image\":{\"@type\":\"ImageObject\",\"url\":\"https:\\\/\\\/candas365.es\\\/noticias\\\/wp-content\\\/uploads\\\/2025\\\/01\\\/construccion.jpg\",\"@id\":\"https:\\\/\\\/candas365.es\\\/noticias\\\/pesimismo-en-el-sector-aleman-de-la-construccion\\\/#mainImage\",\"width\":989,\"height\":668,\"caption\":\"Una obra de una casa de apartamentos en Fr\\u00e1ncfort del Oder. Foto: Patrick Pleul\\\/dpa\"},\"primaryImageOfPage\":{\"@id\":\"https:\\\/\\\/candas365.es\\\/noticias\\\/pesimismo-en-el-sector-aleman-de-la-construccion\\\/#mainImage\"},\"datePublished\":\"2025-01-25T20:46:47+01:00\",\"dateModified\":\"2025-01-25T20:46:47+01:00\"},{\"@type\":\"WebSite\",\"@id\":\"https:\\\/\\\/candas365.es\\\/noticias\\\/#website\",\"url\":\"https:\\\/\\\/candas365.es\\\/noticias\\\/\",\"name\":\"Cand\\u00e1s 365\",\"alternateName\":\"Cand\\u00e1s 365 Noticias\",\"description\":\"Actualidad desde Carre\\u00f1o para el mundo\",\"inLanguage\":\"es-ES\",\"publisher\":{\"@id\":\"https:\\\/\\\/candas365.es\\\/noticias\\\/#organization\"}}]}\n\t\t<\/script>\n\t\t<!-- All in One SEO Pro -->\r\n\t\t<title>Pesimismo en el sector alem\u00e1n de la construcci\u00f3n | Cand\u00e1s 365<\/title>\n\n","aioseo_head_json":{"title":"Pesimismo en el sector alem\u00e1n de la construcci\u00f3n | Cand\u00e1s 365","description":"Wiesbaden\/Berl\u00edn, 24 ene (dpa) - El sector de la construcci\u00f3n en Alemania pronostic\u00f3 para 2025 una ca\u00edda de ventas por quinto a\u00f1o consecutivo","canonical_url":"https:\/\/candas365.es\/noticias\/pesimismo-en-el-sector-aleman-de-la-construccion\/","robots":"max-image-preview:large","keywords":"econom\u00eda","webmasterTools":{"google-site-verification":"UA-32230408-1","msvalidate.01":"354F3CDFB2DA171B47FBE9ABF1F88D5","miscellaneous":""},"schema":{"@context":"https:\/\/schema.org","@graph":[{"@type":"BreadcrumbList","@id":"https:\/\/candas365.es\/noticias\/pesimismo-en-el-sector-aleman-de-la-construccion\/#breadcrumblist","itemListElement":[{"@type":"ListItem","@id":"https:\/\/candas365.es\/noticias#listItem","position":1,"name":"Home","item":"https:\/\/candas365.es\/noticias","nextItem":{"@type":"ListItem","@id":"https:\/\/candas365.es\/noticias\/category\/economia\/#listItem","name":"Econom\u00eda"}},{"@type":"ListItem","@id":"https:\/\/candas365.es\/noticias\/category\/economia\/#listItem","position":2,"name":"Econom\u00eda","item":"https:\/\/candas365.es\/noticias\/category\/economia\/","nextItem":{"@type":"ListItem","@id":"https:\/\/candas365.es\/noticias\/pesimismo-en-el-sector-aleman-de-la-construccion\/#listItem","name":"Pesimismo en el sector alem\u00e1n de la construcci\u00f3n"},"previousItem":{"@type":"ListItem","@id":"https:\/\/candas365.es\/noticias#listItem","name":"Home"}},{"@type":"ListItem","@id":"https:\/\/candas365.es\/noticias\/pesimismo-en-el-sector-aleman-de-la-construccion\/#listItem","position":3,"name":"Pesimismo en el sector alem\u00e1n de la construcci\u00f3n","previousItem":{"@type":"ListItem","@id":"https:\/\/candas365.es\/noticias\/category\/economia\/#listItem","name":"Econom\u00eda"}}]},{"@type":"NewsArticle","@id":"https:\/\/candas365.es\/noticias\/pesimismo-en-el-sector-aleman-de-la-construccion\/#newsarticle","name":"Pesimismo en el sector alem\u00e1n de la construcci\u00f3n | Cand\u00e1s 365","headline":"Pesimismo en el sector alem\u00e1n de la construcci\u00f3n","author":{"@id":"https:\/\/candas365.es\/noticias\/author\/admin\/#author"},"publisher":{"@id":"https:\/\/candas365.es\/noticias\/#organization"},"image":{"@type":"ImageObject","url":"https:\/\/candas365.es\/noticias\/wp-content\/uploads\/2025\/01\/construccion.jpg","width":989,"height":668,"caption":"Una obra de una casa de apartamentos en Fr\u00e1ncfort del Oder. Foto: Patrick Pleul\/dpa"},"datePublished":"2025-01-25T20:46:47+01:00","dateModified":"2025-01-25T20:46:47+01:00","inLanguage":"es-ES","mainEntityOfPage":{"@id":"https:\/\/candas365.es\/noticias\/pesimismo-en-el-sector-aleman-de-la-construccion\/#webpage"},"isPartOf":{"@id":"https:\/\/candas365.es\/noticias\/pesimismo-en-el-sector-aleman-de-la-construccion\/#webpage"},"articleSection":"Econom\u00eda, Econom\u00eda, Reportajes","dateline":"Publicado el enero 25, 2025."},{"@type":"Organization","@id":"https:\/\/candas365.es\/noticias\/#organization","name":"Cand\u00e1s 365","description":"Cand\u00e1s 365 es un diario digital independiente, fundado en 2012, con base en Asturias. Informamos con rigor sobre actualidad, sociedad, cultura y ocio, con una mirada local y global.","url":"https:\/\/candas365.es\/noticias\/","email":"info@candas365.es","telephone":"+34652131393","foundingDate":"2012-06-10","logo":{"@type":"ImageObject","url":"https:\/\/candas365.es\/noticias\/wp-content\/uploads\/2024\/09\/Candas-365-Redes.jpg","@id":"https:\/\/candas365.es\/noticias\/pesimismo-en-el-sector-aleman-de-la-construccion\/#organizationLogo","width":1152,"height":864,"caption":"Cand\u00e1s 365 Redes"},"image":{"@id":"https:\/\/candas365.es\/noticias\/pesimismo-en-el-sector-aleman-de-la-construccion\/#organizationLogo"},"sameAs":["https:\/\/www.facebook.com\/Nachofdezber","https:\/\/x.com\/NabercoDigital","https:\/\/www.instagram.com\/nachofdezber\/","https:\/\/www.youtube.com\/channel\/UCZP-2wLEB9Rv6erhFmqVnvg"],"address":{"@id":"https:\/\/candas365.es\/noticias\/#postaladdress","@type":"PostalAddress","streetAddress":"san antonio 4, san antonio 4","postalCode":"33430","addressLocality":"Cand\u00e1s","addressRegion":"Asturias","addressCountry":"ES"}},{"@type":"Person","@id":"https:\/\/candas365.es\/noticias\/author\/admin\/#author","url":"https:\/\/candas365.es\/noticias\/author\/admin\/","name":"Cand\u00e1s 365","image":{"@type":"ImageObject","@id":"https:\/\/candas365.es\/noticias\/pesimismo-en-el-sector-aleman-de-la-construccion\/#authorImage","url":"https:\/\/secure.gravatar.com\/avatar\/496a8e03d0c493ede1718b7934145dbdf8d89be1036b0eec9544e1094c9de390?s=96&d=mm&r=g","width":96,"height":96,"caption":"Cand\u00e1s 365"},"sameAs":["https:\/\/www.facebook.com\/carrenoactualidad","https:\/\/twitter.com\/nbasturias","https:\/\/www.instagram.com\/nachofdezber\/","https:\/\/www.youtube.com\/channel\/UCZP-2wLEB9Rv6erhFmqVnvg"]},{"@type":"WebPage","@id":"https:\/\/candas365.es\/noticias\/pesimismo-en-el-sector-aleman-de-la-construccion\/#webpage","url":"https:\/\/candas365.es\/noticias\/pesimismo-en-el-sector-aleman-de-la-construccion\/","name":"Pesimismo en el sector alem\u00e1n de la construcci\u00f3n | Cand\u00e1s 365","description":"Wiesbaden\/Berl\u00edn, 24 ene (dpa) - El sector de la construcci\u00f3n en Alemania pronostic\u00f3 para 2025 una ca\u00edda de ventas por quinto a\u00f1o consecutivo","inLanguage":"es-ES","isPartOf":{"@id":"https:\/\/candas365.es\/noticias\/#website"},"breadcrumb":{"@id":"https:\/\/candas365.es\/noticias\/pesimismo-en-el-sector-aleman-de-la-construccion\/#breadcrumblist"},"author":{"@id":"https:\/\/candas365.es\/noticias\/author\/admin\/#author"},"creator":{"@id":"https:\/\/candas365.es\/noticias\/author\/admin\/#author"},"image":{"@type":"ImageObject","url":"https:\/\/candas365.es\/noticias\/wp-content\/uploads\/2025\/01\/construccion.jpg","@id":"https:\/\/candas365.es\/noticias\/pesimismo-en-el-sector-aleman-de-la-construccion\/#mainImage","width":989,"height":668,"caption":"Una obra de una casa de apartamentos en Fr\u00e1ncfort del Oder. Foto: Patrick Pleul\/dpa"},"primaryImageOfPage":{"@id":"https:\/\/candas365.es\/noticias\/pesimismo-en-el-sector-aleman-de-la-construccion\/#mainImage"},"datePublished":"2025-01-25T20:46:47+01:00","dateModified":"2025-01-25T20:46:47+01:00"},{"@type":"WebSite","@id":"https:\/\/candas365.es\/noticias\/#website","url":"https:\/\/candas365.es\/noticias\/","name":"Cand\u00e1s 365","alternateName":"Cand\u00e1s 365 Noticias","description":"Actualidad desde Carre\u00f1o para el mundo","inLanguage":"es-ES","publisher":{"@id":"https:\/\/candas365.es\/noticias\/#organization"}}]},"og:locale":"es_ES","og:site_name":"Cand\u00e1s 365","og:type":"article","og:title":"Pesimismo en el sector alem\u00e1n de la construcci\u00f3n | Cand\u00e1s 365","og:description":"Wiesbaden\/Berl\u00edn, 24 ene (dpa) - El sector de la construcci\u00f3n en Alemania pronostic\u00f3 para 2025 una ca\u00edda de ventas por quinto a\u00f1o consecutivo","og:url":"https:\/\/candas365.es\/noticias\/pesimismo-en-el-sector-aleman-de-la-construccion\/","og:image":"https:\/\/candas365.es\/noticias\/wp-content\/uploads\/2025\/01\/construccion.jpg","og:image:secure_url":"https:\/\/candas365.es\/noticias\/wp-content\/uploads\/2025\/01\/construccion.jpg","og:image:width":989,"og:image:height":668,"article:published_time":"2025-01-25T19:46:47+00:00","article:modified_time":"2025-01-25T19:46:47+00:00","article:publisher":"https:\/\/www.facebook.com\/Nachofdezber","article:author":"https:\/\/www.facebook.com\/carrenoactualidad","twitter:card":"summary_large_image","twitter:site":"@NabercoDigital","twitter:title":"Pesimismo en el sector alem\u00e1n de la construcci\u00f3n | Cand\u00e1s 365","twitter:description":"Wiesbaden\/Berl\u00edn, 24 ene (dpa) - El sector de la construcci\u00f3n en Alemania pronostic\u00f3 para 2025 una ca\u00edda de ventas por quinto a\u00f1o consecutivo","twitter:creator":"@nbasturias","twitter:image":"https:\/\/candas365.es\/noticias\/wp-content\/uploads\/2025\/01\/construccion.jpg","twitter:label1":"Escrito por","twitter:data1":"Cand\u00e1s 365","twitter:label2":"Tiempo de lectura estimado","twitter:data2":"3 minutos"},"aioseo_meta_data":{"post_id":"184842","title":null,"description":"Wiesbaden\/Berl\u00edn, 24 ene (dpa) - El sector de la construcci\u00f3n en Alemania pronostic\u00f3 para 2025 una ca\u00edda de ventas por quinto a\u00f1o consecutivo","keywords":null,"keyphrases":{"focus":{"keyphrase":"construcci\u00f3n","score":93,"analysis":{"keyphraseInTitle":{"score":9,"maxScore":9,"error":0},"keyphraseInDescription":{"score":9,"maxScore":9,"error":0},"keyphraseLength":{"score":9,"maxScore":9,"error":0,"length":2},"keyphraseInURL":{"score":1,"maxScore":5,"error":1},"keyphraseInIntroduction":{"score":9,"maxScore":9,"error":0},"keyphraseInSubHeadings":[],"keyphraseInImageAlt":{"score":9,"maxScore":9,"error":0},"keywordDensity":{"type":"best","score":9,"maxScore":9,"error":0}}},"additional":[{"keyphrase":"construcci\u00f3n","score":100,"analysis":{"keyphraseInDescription":{"score":9,"maxScore":9,"error":0},"keyphraseLength":{"score":9,"maxScore":9,"error":0,"length":2},"keyphraseInIntroduction":{"score":9,"maxScore":9,"error":0},"keyphraseInImageAlt":{"score":9,"maxScore":9,"error":0},"keywordDensity":{"type":"best","score":9,"maxScore":9,"error":0}}}]},"primary_term":null,"canonical_url":null,"og_title":null,"og_description":null,"og_object_type":"default","og_image_type":"default","og_image_url":null,"og_image_width":null,"og_image_height":null,"og_image_custom_url":null,"og_image_custom_fields":null,"og_video":"","og_custom_url":null,"og_article_section":null,"og_article_tags":null,"twitter_use_og":false,"twitter_card":"default","twitter_image_type":"default","twitter_image_url":null,"twitter_image_custom_url":null,"twitter_image_custom_fields":null,"twitter_title":null,"twitter_description":null,"schema":{"blockGraphs":[],"customGraphs":[],"default":{"data":{"Article":[],"Course":[],"Dataset":[],"FAQPage":[],"Movie":[],"Person":[],"Product":[],"ProductReview":[],"Car":[],"Recipe":[],"Service":[],"SoftwareApplication":[],"WebPage":[]},"graphName":"Article","isEnabled":true},"graphs":[]},"schema_type":"default","schema_type_options":null,"pillar_content":false,"robots_default":true,"robots_noindex":false,"robots_noarchive":false,"robots_nosnippet":false,"robots_nofollow":false,"robots_noimageindex":false,"robots_noodp":false,"robots_notranslate":false,"robots_max_snippet":"-1","robots_max_videopreview":"-1","robots_max_imagepreview":"large","priority":null,"frequency":"default","location":null,"local_seo":null,"seo_analyzer_scan_date":"2025-09-03 09:29:37","breadcrumb_settings":null,"limit_modified_date":false,"reviewed_by":null,"open_ai":"{\"title\":{\"suggestions\":[],\"usage\":0},\"description\":{\"suggestions\":[],\"usage\":0}}","ai":null,"created":"2025-01-25 19:37:41","updated":"2025-09-03 09:29:37"},"aioseo_breadcrumb":"<div class=\"aioseo-breadcrumbs\"><span class=\"aioseo-breadcrumb\">\n\t<a href=\"https:\/\/candas365.es\/noticias\" title=\"Home\">Home<\/a>\n<\/span><span class=\"aioseo-breadcrumb-separator\">&ndash;<\/span><span class=\"aioseo-breadcrumb\">\n\t<a href=\"https:\/\/candas365.es\/noticias\/category\/economia\/\" title=\"Econom\u00eda\">Econom\u00eda<\/a>\n<\/span><span class=\"aioseo-breadcrumb-separator\">&ndash;<\/span><span class=\"aioseo-breadcrumb\">\n\tPesimismo en el sector alem\u00e1n de la construcci\u00f3n\n<\/span><\/div>","aioseo_breadcrumb_json":[{"label":"Home","link":"https:\/\/candas365.es\/noticias"},{"label":"Econom\u00eda","link":"https:\/\/candas365.es\/noticias\/category\/economia\/"},{"label":"Pesimismo en el sector alem\u00e1n de la construcci\u00f3n","link":"https:\/\/candas365.es\/noticias\/pesimismo-en-el-sector-aleman-de-la-construccion\/"}],"_links":{"self":[{"href":"https:\/\/candas365.es\/noticias\/wp-json\/wp\/v2\/posts\/184842","targetHints":{"allow":["GET"]}}],"collection":[{"href":"https:\/\/candas365.es\/noticias\/wp-json\/wp\/v2\/posts"}],"about":[{"href":"https:\/\/candas365.es\/noticias\/wp-json\/wp\/v2\/types\/post"}],"author":[{"embeddable":true,"href":"https:\/\/candas365.es\/noticias\/wp-json\/wp\/v2\/users\/1"}],"replies":[{"embeddable":true,"href":"https:\/\/candas365.es\/noticias\/wp-json\/wp\/v2\/comments?post=184842"}],"version-history":[{"count":0,"href":"https:\/\/candas365.es\/noticias\/wp-json\/wp\/v2\/posts\/184842\/revisions"}],"wp:featuredmedia":[{"embeddable":true,"href":"https:\/\/candas365.es\/noticias\/wp-json\/wp\/v2\/media\/184843"}],"wp:attachment":[{"href":"https:\/\/candas365.es\/noticias\/wp-json\/wp\/v2\/media?parent=184842"}],"wp:term":[{"taxonomy":"category","embeddable":true,"href":"https:\/\/candas365.es\/noticias\/wp-json\/wp\/v2\/categories?post=184842"},{"taxonomy":"post_tag","embeddable":true,"href":"https:\/\/candas365.es\/noticias\/wp-json\/wp\/v2\/tags?post=184842"}],"curies":[{"name":"wp","href":"https:\/\/api.w.org\/{rel}","templated":true}]}}