{"id":184776,"date":"2025-01-09T20:08:31","date_gmt":"2025-01-09T19:08:31","guid":{"rendered":"https:\/\/candas365.es\/noticias\/?p=184776"},"modified":"2025-01-09T20:08:31","modified_gmt":"2025-01-09T19:08:31","slug":"compromiso-y-cercania-en-cada-proyecto-disenos-y-reformas-m2-en-burgos","status":"publish","type":"post","link":"https:\/\/candas365.es\/noticias\/compromiso-y-cercania-en-cada-proyecto-disenos-y-reformas-m2-en-burgos\/","title":{"rendered":"Compromiso y cercan\u00eda en cada proyecto: Dise\u00f1os y Reformas M2 en Burgos"},"content":{"rendered":"<p><span style=\"font-weight: 400;\">\u00bfTe has planteado hacer reformas integrales para mejorar tu vivienda o local? Contar con un equipo cualificado que asuma cada detalle es fundamental para garantizar resultados eficientes y duraderos. En ese contexto, <\/span><b>Dise\u00f1os y Reformas M2: Expertos en reformas integrales en Burgos<\/b><span style=\"font-weight: 400;\"> pone a tu disposici\u00f3n m\u00e1s de 20 a\u00f1os de trayectoria, la cual les ha permitido acumular un alto grado de especializaci\u00f3n y versatilidad.<\/span><\/p>\n<p><img fetchpriority=\"high\" decoding=\"async\" class=\"aligncenter size-large wp-image-184777\" src=\"https:\/\/candas365.es\/noticias\/wp-content\/uploads\/2025\/01\/Reformas-650x407.jpg\" alt=\"Reformas\" width=\"650\" height=\"407\" srcset=\"https:\/\/candas365.es\/noticias\/wp-content\/uploads\/2025\/01\/Reformas-650x407.jpg 650w, https:\/\/candas365.es\/noticias\/wp-content\/uploads\/2025\/01\/Reformas-360x225.jpg 360w, https:\/\/candas365.es\/noticias\/wp-content\/uploads\/2025\/01\/Reformas-768x481.jpg 768w, https:\/\/candas365.es\/noticias\/wp-content\/uploads\/2025\/01\/Reformas-150x94.jpg 150w, https:\/\/candas365.es\/noticias\/wp-content\/uploads\/2025\/01\/Reformas-450x282.jpg 450w, https:\/\/candas365.es\/noticias\/wp-content\/uploads\/2025\/01\/Reformas.jpg 1077w\" sizes=\"(max-width: 650px) 100vw, 650px\" \/><\/p>\n<p><span style=\"font-weight: 400;\">El m\u00e9todo de trabajo de esta<\/span><span style=\"color: #ff6600;\"><a style=\"color: #ff6600;\" href=\"https:\/\/xn--diseosyreformasm2-ixb.es\/\" target=\"_blank\" rel=\"nofollow noopener\"> <b>empresa de reformas en Burgos<\/b><\/a><\/span><span style=\"font-weight: 400;\"> se basa en la <\/span><b>comunicaci\u00f3n constante<\/b><span style=\"font-weight: 400;\"> con el cliente, desde la fase inicial hasta la entrega final. En primer lugar, escuchan tus ideas y eval\u00faan las caracter\u00edsticas del espacio. A continuaci\u00f3n, gracias a su habilidad en <\/span><b>dise\u00f1os 3D<\/b><span style=\"font-weight: 400;\">, presentan una propuesta ajustada que permite al cliente hacerse una idea clara de c\u00f3mo ser\u00e1 el resultado final. Con esta planificaci\u00f3n previa, se evitan sobresaltos y se agiliza la ejecuci\u00f3n de las obras.<\/span><\/p>\n<p><span style=\"font-weight: 400;\">El cat\u00e1logo de servicios de Dise\u00f1os y Reformas M2 incluye labores de <\/span><b>alba\u00f1iler\u00eda<\/b><span style=\"font-weight: 400;\">, con el desarrollo de estructuras s\u00f3lidas y revestimientos de calidad; trabajos de <\/span><b>pintura<\/b><span style=\"font-weight: 400;\"> tanto interior como exterior, utilizando productos de primeras marcas; soluciones integrales de <\/span><b>fontaner\u00eda<\/b><span style=\"font-weight: 400;\">, concebidas para optimizar el suministro de agua y las redes de saneamiento; y amplia experiencia en <\/span><b>carpinter\u00eda<\/b><span style=\"font-weight: 400;\">, abarcando desde la instalaci\u00f3n de suelos hasta la fabricaci\u00f3n de muebles a medida.<\/span><\/p>\n<p><span style=\"font-weight: 400;\">Pero su labor no se limita \u00fanicamente al \u00e1mbito de las reformas; tambi\u00e9n se encargan de la <\/span><b>emisi\u00f3n de certificados energ\u00e9ticos<\/b><span style=\"font-weight: 400;\">. Este documento analiza el comportamiento t\u00e9rmico de un inmueble y aporta sugerencias para reducir el consumo de energ\u00eda, cumpliendo adem\u00e1s con la normativa en vigor para operaciones de venta o alquiler. De esta manera, Dise\u00f1os y Reformas M2 ofrece un servicio integral que atiende tanto a la mejora est\u00e9tica como a la eficiencia funcional de la vivienda.<\/span><\/p>\n<p><span style=\"font-weight: 400;\">La <\/span><b>puntualidad<\/b><span style=\"font-weight: 400;\"> y el <\/span><b>respeto por el cliente<\/b><span style=\"font-weight: 400;\"> son otras de las se\u00f1as de identidad de esta empresa. Una vez establecidos los plazos y el presupuesto, trabajan para ajustarse a los acuerdos y proveer soluciones eficaces ante cualquier imprevisto. Su objetivo principal es convertir la experiencia de reforma en algo positivo y libre de complicaciones innecesarias.<\/span><\/p>\n<p><span style=\"font-weight: 400;\">Gracias a su reputaci\u00f3n, sustentada en la satisfacci\u00f3n de numerosos clientes a lo largo de m\u00e1s de dos d\u00e9cadas, Dise\u00f1os y Reformas M2 se mantiene como una de las mejores opciones en Burgos para quienes busquen un cambio sustancial en su vivienda o local comercial.<\/span><\/p>\n<p><b>Datos de contacto<\/b><span style=\"font-weight: 400;\">:<\/span><\/p>\n<ul>\n<li style=\"font-weight: 400;\" aria-level=\"1\"><b>Direcci\u00f3n<\/b><span style=\"font-weight: 400;\">: Burgos<\/span><\/li>\n<li style=\"font-weight: 400;\" aria-level=\"1\"><b>Tel\u00e9fono<\/b><span style=\"font-weight: 400;\">: 722 48 48 65<\/span><\/li>\n<li style=\"font-weight: 400;\" aria-level=\"1\"><b>Email<\/b><span style=\"font-weight: 400;\">: m2.disyref@gmail.com<\/span><\/li>\n<\/ul>\n<p><span style=\"font-weight: 400;\">Si quieres realizar una reforma integral sin sobresaltos, dale tu confianza a un equipo que combina experiencia, tecnolog\u00eda y pasi\u00f3n por el detalle.<\/span><\/p>\n","protected":false},"excerpt":{"rendered":"<p>\u00bfTe has planteado hacer reformas integrales para mejorar tu vivienda o local? Contar con un equipo cualificado que asuma cada detalle es fundamental para garantizar resultados eficientes y duraderos. En ese contexto, Dise\u00f1os y Reformas M2: Expertos en reformas integrales en Burgos pone a tu disposici\u00f3n m\u00e1s de 20 a\u00f1os de trayectoria, la cual les<\/p>\n","protected":false},"author":1,"featured_media":184777,"comment_status":"closed","ping_status":"closed","sticky":false,"template":"","format":"standard","meta":{"footnotes":""},"categories":[151],"tags":[383],"class_list":{"0":"post-184776","1":"post","2":"type-post","3":"status-publish","4":"format-standard","5":"has-post-thumbnail","7":"category-canal-empresas","8":"tag-empresas"},"aioseo_notices":[],"aioseo_head":"\n\t\t<!-- All in One SEO Pro 4.9.6.2 - aioseo.com -->\n\t<meta name=\"description\" content=\"\u00bfTe has planteado hacer reformas integrales para mejorar tu vivienda o local? Contar con un equipo cualificado que asuma cada detalle es fundamental\" \/>\n\t<meta name=\"robots\" content=\"max-image-preview:large\" \/>\n\t<meta name=\"author\" content=\"Cand\u00e1s 365\"\/>\n\t<meta name=\"google-site-verification\" content=\"UA-32230408-1\" \/>\n\t<meta name=\"msvalidate.01\" content=\"354F3CDFB2DA171B47FBE9ABF1F88D5\" \/>\n\t<meta name=\"keywords\" content=\"canal empresas\" \/>\n\t<link rel=\"canonical\" href=\"https:\/\/candas365.es\/noticias\/compromiso-y-cercania-en-cada-proyecto-disenos-y-reformas-m2-en-burgos\/\" \/>\n\t<meta name=\"generator\" content=\"All in One SEO Pro (AIOSEO) 4.9.6.2\" \/>\n\t\t<meta property=\"og:locale\" content=\"es_ES\" \/>\n\t\t<meta property=\"og:site_name\" content=\"Cand\u00e1s 365\" \/>\n\t\t<meta property=\"og:type\" content=\"article\" \/>\n\t\t<meta property=\"og:title\" content=\"Compromiso y cercan\u00eda en cada proyecto: Dise\u00f1os y Reformas M2 en Burgos | Cand\u00e1s 365\" \/>\n\t\t<meta property=\"og:description\" content=\"\u00bfTe has planteado hacer reformas integrales para mejorar tu vivienda o local? Contar con un equipo cualificado que asuma cada detalle es fundamental\" \/>\n\t\t<meta property=\"og:url\" content=\"https:\/\/candas365.es\/noticias\/compromiso-y-cercania-en-cada-proyecto-disenos-y-reformas-m2-en-burgos\/\" \/>\n\t\t<meta property=\"og:image\" content=\"https:\/\/candas365.es\/noticias\/wp-content\/uploads\/2025\/01\/Reformas.jpg\" \/>\n\t\t<meta property=\"og:image:secure_url\" content=\"https:\/\/candas365.es\/noticias\/wp-content\/uploads\/2025\/01\/Reformas.jpg\" \/>\n\t\t<meta property=\"og:image:width\" content=\"1077\" \/>\n\t\t<meta property=\"og:image:height\" content=\"674\" \/>\n\t\t<meta property=\"article:published_time\" content=\"2025-01-09T19:08:31+00:00\" \/>\n\t\t<meta property=\"article:modified_time\" content=\"2025-01-09T19:08:31+00:00\" \/>\n\t\t<meta property=\"article:publisher\" content=\"https:\/\/www.facebook.com\/Nachofdezber\" \/>\n\t\t<meta property=\"article:author\" content=\"https:\/\/www.facebook.com\/carrenoactualidad\" \/>\n\t\t<meta name=\"twitter:card\" content=\"summary_large_image\" \/>\n\t\t<meta name=\"twitter:site\" content=\"@NabercoDigital\" \/>\n\t\t<meta name=\"twitter:title\" content=\"Compromiso y cercan\u00eda en cada proyecto: Dise\u00f1os y Reformas M2 en Burgos | Cand\u00e1s 365\" \/>\n\t\t<meta name=\"twitter:description\" content=\"\u00bfTe has planteado hacer reformas integrales para mejorar tu vivienda o local? Contar con un equipo cualificado que asuma cada detalle es fundamental\" \/>\n\t\t<meta name=\"twitter:creator\" content=\"@nbasturias\" \/>\n\t\t<meta name=\"twitter:image\" content=\"https:\/\/candas365.es\/noticias\/wp-content\/uploads\/2025\/01\/Reformas.jpg\" \/>\n\t\t<meta name=\"twitter:label1\" content=\"Escrito por\" \/>\n\t\t<meta name=\"twitter:data1\" content=\"Cand\u00e1s 365\" \/>\n\t\t<meta name=\"twitter:label2\" content=\"Tiempo de lectura estimado\" \/>\n\t\t<meta name=\"twitter:data2\" content=\"2 minutos\" \/>\n\t\t<script type=\"application\/ld+json\" class=\"aioseo-schema\">\n\t\t\t{\"@context\":\"https:\\\/\\\/schema.org\",\"@graph\":[{\"@type\":\"BreadcrumbList\",\"@id\":\"https:\\\/\\\/candas365.es\\\/noticias\\\/compromiso-y-cercania-en-cada-proyecto-disenos-y-reformas-m2-en-burgos\\\/#breadcrumblist\",\"itemListElement\":[{\"@type\":\"ListItem\",\"@id\":\"https:\\\/\\\/candas365.es\\\/noticias#listItem\",\"position\":1,\"name\":\"Home\",\"item\":\"https:\\\/\\\/candas365.es\\\/noticias\",\"nextItem\":{\"@type\":\"ListItem\",\"@id\":\"https:\\\/\\\/candas365.es\\\/noticias\\\/category\\\/canal-empresas\\\/#listItem\",\"name\":\"Canal Empresas\"}},{\"@type\":\"ListItem\",\"@id\":\"https:\\\/\\\/candas365.es\\\/noticias\\\/category\\\/canal-empresas\\\/#listItem\",\"position\":2,\"name\":\"Canal Empresas\",\"item\":\"https:\\\/\\\/candas365.es\\\/noticias\\\/category\\\/canal-empresas\\\/\",\"nextItem\":{\"@type\":\"ListItem\",\"@id\":\"https:\\\/\\\/candas365.es\\\/noticias\\\/compromiso-y-cercania-en-cada-proyecto-disenos-y-reformas-m2-en-burgos\\\/#listItem\",\"name\":\"Compromiso y cercan\\u00eda en cada proyecto: Dise\\u00f1os y Reformas M2 en Burgos\"},\"previousItem\":{\"@type\":\"ListItem\",\"@id\":\"https:\\\/\\\/candas365.es\\\/noticias#listItem\",\"name\":\"Home\"}},{\"@type\":\"ListItem\",\"@id\":\"https:\\\/\\\/candas365.es\\\/noticias\\\/compromiso-y-cercania-en-cada-proyecto-disenos-y-reformas-m2-en-burgos\\\/#listItem\",\"position\":3,\"name\":\"Compromiso y cercan\\u00eda en cada proyecto: Dise\\u00f1os y Reformas M2 en Burgos\",\"previousItem\":{\"@type\":\"ListItem\",\"@id\":\"https:\\\/\\\/candas365.es\\\/noticias\\\/category\\\/canal-empresas\\\/#listItem\",\"name\":\"Canal Empresas\"}}]},{\"@type\":\"NewsArticle\",\"@id\":\"https:\\\/\\\/candas365.es\\\/noticias\\\/compromiso-y-cercania-en-cada-proyecto-disenos-y-reformas-m2-en-burgos\\\/#newsarticle\",\"name\":\"Compromiso y cercan\\u00eda en cada proyecto: Dise\\u00f1os y Reformas M2 en Burgos | Cand\\u00e1s 365\",\"headline\":\"Compromiso y cercan\\u00eda en cada proyecto: Dise\\u00f1os y Reformas M2 en Burgos\",\"author\":{\"@id\":\"https:\\\/\\\/candas365.es\\\/noticias\\\/author\\\/admin\\\/#author\"},\"publisher\":{\"@id\":\"https:\\\/\\\/candas365.es\\\/noticias\\\/#organization\"},\"image\":{\"@type\":\"ImageObject\",\"url\":\"https:\\\/\\\/candas365.es\\\/noticias\\\/wp-content\\\/uploads\\\/2025\\\/01\\\/Reformas.jpg\",\"width\":1077,\"height\":674,\"caption\":\"Reformas\"},\"datePublished\":\"2025-01-09T20:08:31+01:00\",\"dateModified\":\"2025-01-09T20:08:31+01:00\",\"inLanguage\":\"es-ES\",\"mainEntityOfPage\":{\"@id\":\"https:\\\/\\\/candas365.es\\\/noticias\\\/compromiso-y-cercania-en-cada-proyecto-disenos-y-reformas-m2-en-burgos\\\/#webpage\"},\"isPartOf\":{\"@id\":\"https:\\\/\\\/candas365.es\\\/noticias\\\/compromiso-y-cercania-en-cada-proyecto-disenos-y-reformas-m2-en-burgos\\\/#webpage\"},\"articleSection\":\"Canal Empresas, empresas\",\"dateline\":\"Publicado el enero 9, 2025.\"},{\"@type\":\"Organization\",\"@id\":\"https:\\\/\\\/candas365.es\\\/noticias\\\/#organization\",\"name\":\"Cand\\u00e1s 365\",\"description\":\"Cand\\u00e1s 365 es un diario digital independiente, fundado en 2012, con base en Asturias. Informamos con rigor sobre actualidad, sociedad, cultura y ocio, con una mirada local y global.\",\"url\":\"https:\\\/\\\/candas365.es\\\/noticias\\\/\",\"email\":\"info@candas365.es\",\"telephone\":\"+34652131393\",\"foundingDate\":\"2012-06-10\",\"logo\":{\"@type\":\"ImageObject\",\"url\":\"https:\\\/\\\/candas365.es\\\/noticias\\\/wp-content\\\/uploads\\\/2024\\\/09\\\/Candas-365-Redes.jpg\",\"@id\":\"https:\\\/\\\/candas365.es\\\/noticias\\\/compromiso-y-cercania-en-cada-proyecto-disenos-y-reformas-m2-en-burgos\\\/#organizationLogo\",\"width\":1152,\"height\":864,\"caption\":\"Cand\\u00e1s 365 Redes\"},\"image\":{\"@id\":\"https:\\\/\\\/candas365.es\\\/noticias\\\/compromiso-y-cercania-en-cada-proyecto-disenos-y-reformas-m2-en-burgos\\\/#organizationLogo\"},\"sameAs\":[\"https:\\\/\\\/www.facebook.com\\\/Nachofdezber\",\"https:\\\/\\\/x.com\\\/NabercoDigital\",\"https:\\\/\\\/www.instagram.com\\\/nachofdezber\\\/\",\"https:\\\/\\\/www.youtube.com\\\/channel\\\/UCZP-2wLEB9Rv6erhFmqVnvg\"],\"address\":{\"@id\":\"https:\\\/\\\/candas365.es\\\/noticias\\\/#postaladdress\",\"@type\":\"PostalAddress\",\"streetAddress\":\"san antonio 4, san antonio 4\",\"postalCode\":\"33430\",\"addressLocality\":\"Cand\\u00e1s\",\"addressRegion\":\"Asturias\",\"addressCountry\":\"ES\"}},{\"@type\":\"Person\",\"@id\":\"https:\\\/\\\/candas365.es\\\/noticias\\\/author\\\/admin\\\/#author\",\"url\":\"https:\\\/\\\/candas365.es\\\/noticias\\\/author\\\/admin\\\/\",\"name\":\"Cand\\u00e1s 365\",\"image\":{\"@type\":\"ImageObject\",\"@id\":\"https:\\\/\\\/candas365.es\\\/noticias\\\/compromiso-y-cercania-en-cada-proyecto-disenos-y-reformas-m2-en-burgos\\\/#authorImage\",\"url\":\"https:\\\/\\\/secure.gravatar.com\\\/avatar\\\/496a8e03d0c493ede1718b7934145dbdf8d89be1036b0eec9544e1094c9de390?s=96&d=mm&r=g\",\"width\":96,\"height\":96,\"caption\":\"Cand\\u00e1s 365\"},\"sameAs\":[\"https:\\\/\\\/www.facebook.com\\\/carrenoactualidad\",\"https:\\\/\\\/twitter.com\\\/nbasturias\",\"https:\\\/\\\/www.instagram.com\\\/nachofdezber\\\/\",\"https:\\\/\\\/www.youtube.com\\\/channel\\\/UCZP-2wLEB9Rv6erhFmqVnvg\"]},{\"@type\":\"WebPage\",\"@id\":\"https:\\\/\\\/candas365.es\\\/noticias\\\/compromiso-y-cercania-en-cada-proyecto-disenos-y-reformas-m2-en-burgos\\\/#webpage\",\"url\":\"https:\\\/\\\/candas365.es\\\/noticias\\\/compromiso-y-cercania-en-cada-proyecto-disenos-y-reformas-m2-en-burgos\\\/\",\"name\":\"Compromiso y cercan\\u00eda en cada proyecto: Dise\\u00f1os y Reformas M2 en Burgos | Cand\\u00e1s 365\",\"description\":\"\\u00bfTe has planteado hacer reformas integrales para mejorar tu vivienda o local? Contar con un equipo cualificado que asuma cada detalle es fundamental\",\"inLanguage\":\"es-ES\",\"isPartOf\":{\"@id\":\"https:\\\/\\\/candas365.es\\\/noticias\\\/#website\"},\"breadcrumb\":{\"@id\":\"https:\\\/\\\/candas365.es\\\/noticias\\\/compromiso-y-cercania-en-cada-proyecto-disenos-y-reformas-m2-en-burgos\\\/#breadcrumblist\"},\"author\":{\"@id\":\"https:\\\/\\\/candas365.es\\\/noticias\\\/author\\\/admin\\\/#author\"},\"creator\":{\"@id\":\"https:\\\/\\\/candas365.es\\\/noticias\\\/author\\\/admin\\\/#author\"},\"image\":{\"@type\":\"ImageObject\",\"url\":\"https:\\\/\\\/candas365.es\\\/noticias\\\/wp-content\\\/uploads\\\/2025\\\/01\\\/Reformas.jpg\",\"@id\":\"https:\\\/\\\/candas365.es\\\/noticias\\\/compromiso-y-cercania-en-cada-proyecto-disenos-y-reformas-m2-en-burgos\\\/#mainImage\",\"width\":1077,\"height\":674,\"caption\":\"Reformas\"},\"primaryImageOfPage\":{\"@id\":\"https:\\\/\\\/candas365.es\\\/noticias\\\/compromiso-y-cercania-en-cada-proyecto-disenos-y-reformas-m2-en-burgos\\\/#mainImage\"},\"datePublished\":\"2025-01-09T20:08:31+01:00\",\"dateModified\":\"2025-01-09T20:08:31+01:00\"},{\"@type\":\"WebSite\",\"@id\":\"https:\\\/\\\/candas365.es\\\/noticias\\\/#website\",\"url\":\"https:\\\/\\\/candas365.es\\\/noticias\\\/\",\"name\":\"Cand\\u00e1s 365\",\"alternateName\":\"Cand\\u00e1s 365 Noticias\",\"description\":\"Actualidad desde Carre\\u00f1o para el mundo\",\"inLanguage\":\"es-ES\",\"publisher\":{\"@id\":\"https:\\\/\\\/candas365.es\\\/noticias\\\/#organization\"}}]}\n\t\t<\/script>\n\t\t<!-- All in One SEO Pro -->\r\n\t\t<title>Compromiso y cercan\u00eda en cada proyecto: Dise\u00f1os y Reformas M2 en Burgos | Cand\u00e1s 365<\/title>\n\n","aioseo_head_json":{"title":"Compromiso y cercan\u00eda en cada proyecto: Dise\u00f1os y Reformas M2 en Burgos | Cand\u00e1s 365","description":"\u00bfTe has planteado hacer reformas integrales para mejorar tu vivienda o local? Contar con un equipo cualificado que asuma cada detalle es fundamental","canonical_url":"https:\/\/candas365.es\/noticias\/compromiso-y-cercania-en-cada-proyecto-disenos-y-reformas-m2-en-burgos\/","robots":"max-image-preview:large","keywords":"canal empresas","webmasterTools":{"google-site-verification":"UA-32230408-1","msvalidate.01":"354F3CDFB2DA171B47FBE9ABF1F88D5","miscellaneous":""},"schema":{"@context":"https:\/\/schema.org","@graph":[{"@type":"BreadcrumbList","@id":"https:\/\/candas365.es\/noticias\/compromiso-y-cercania-en-cada-proyecto-disenos-y-reformas-m2-en-burgos\/#breadcrumblist","itemListElement":[{"@type":"ListItem","@id":"https:\/\/candas365.es\/noticias#listItem","position":1,"name":"Home","item":"https:\/\/candas365.es\/noticias","nextItem":{"@type":"ListItem","@id":"https:\/\/candas365.es\/noticias\/category\/canal-empresas\/#listItem","name":"Canal Empresas"}},{"@type":"ListItem","@id":"https:\/\/candas365.es\/noticias\/category\/canal-empresas\/#listItem","position":2,"name":"Canal Empresas","item":"https:\/\/candas365.es\/noticias\/category\/canal-empresas\/","nextItem":{"@type":"ListItem","@id":"https:\/\/candas365.es\/noticias\/compromiso-y-cercania-en-cada-proyecto-disenos-y-reformas-m2-en-burgos\/#listItem","name":"Compromiso y cercan\u00eda en cada proyecto: Dise\u00f1os y Reformas M2 en Burgos"},"previousItem":{"@type":"ListItem","@id":"https:\/\/candas365.es\/noticias#listItem","name":"Home"}},{"@type":"ListItem","@id":"https:\/\/candas365.es\/noticias\/compromiso-y-cercania-en-cada-proyecto-disenos-y-reformas-m2-en-burgos\/#listItem","position":3,"name":"Compromiso y cercan\u00eda en cada proyecto: Dise\u00f1os y Reformas M2 en Burgos","previousItem":{"@type":"ListItem","@id":"https:\/\/candas365.es\/noticias\/category\/canal-empresas\/#listItem","name":"Canal Empresas"}}]},{"@type":"NewsArticle","@id":"https:\/\/candas365.es\/noticias\/compromiso-y-cercania-en-cada-proyecto-disenos-y-reformas-m2-en-burgos\/#newsarticle","name":"Compromiso y cercan\u00eda en cada proyecto: Dise\u00f1os y Reformas M2 en Burgos | Cand\u00e1s 365","headline":"Compromiso y cercan\u00eda en cada proyecto: Dise\u00f1os y Reformas M2 en Burgos","author":{"@id":"https:\/\/candas365.es\/noticias\/author\/admin\/#author"},"publisher":{"@id":"https:\/\/candas365.es\/noticias\/#organization"},"image":{"@type":"ImageObject","url":"https:\/\/candas365.es\/noticias\/wp-content\/uploads\/2025\/01\/Reformas.jpg","width":1077,"height":674,"caption":"Reformas"},"datePublished":"2025-01-09T20:08:31+01:00","dateModified":"2025-01-09T20:08:31+01:00","inLanguage":"es-ES","mainEntityOfPage":{"@id":"https:\/\/candas365.es\/noticias\/compromiso-y-cercania-en-cada-proyecto-disenos-y-reformas-m2-en-burgos\/#webpage"},"isPartOf":{"@id":"https:\/\/candas365.es\/noticias\/compromiso-y-cercania-en-cada-proyecto-disenos-y-reformas-m2-en-burgos\/#webpage"},"articleSection":"Canal Empresas, empresas","dateline":"Publicado el enero 9, 2025."},{"@type":"Organization","@id":"https:\/\/candas365.es\/noticias\/#organization","name":"Cand\u00e1s 365","description":"Cand\u00e1s 365 es un diario digital independiente, fundado en 2012, con base en Asturias. Informamos con rigor sobre actualidad, sociedad, cultura y ocio, con una mirada local y global.","url":"https:\/\/candas365.es\/noticias\/","email":"info@candas365.es","telephone":"+34652131393","foundingDate":"2012-06-10","logo":{"@type":"ImageObject","url":"https:\/\/candas365.es\/noticias\/wp-content\/uploads\/2024\/09\/Candas-365-Redes.jpg","@id":"https:\/\/candas365.es\/noticias\/compromiso-y-cercania-en-cada-proyecto-disenos-y-reformas-m2-en-burgos\/#organizationLogo","width":1152,"height":864,"caption":"Cand\u00e1s 365 Redes"},"image":{"@id":"https:\/\/candas365.es\/noticias\/compromiso-y-cercania-en-cada-proyecto-disenos-y-reformas-m2-en-burgos\/#organizationLogo"},"sameAs":["https:\/\/www.facebook.com\/Nachofdezber","https:\/\/x.com\/NabercoDigital","https:\/\/www.instagram.com\/nachofdezber\/","https:\/\/www.youtube.com\/channel\/UCZP-2wLEB9Rv6erhFmqVnvg"],"address":{"@id":"https:\/\/candas365.es\/noticias\/#postaladdress","@type":"PostalAddress","streetAddress":"san antonio 4, san antonio 4","postalCode":"33430","addressLocality":"Cand\u00e1s","addressRegion":"Asturias","addressCountry":"ES"}},{"@type":"Person","@id":"https:\/\/candas365.es\/noticias\/author\/admin\/#author","url":"https:\/\/candas365.es\/noticias\/author\/admin\/","name":"Cand\u00e1s 365","image":{"@type":"ImageObject","@id":"https:\/\/candas365.es\/noticias\/compromiso-y-cercania-en-cada-proyecto-disenos-y-reformas-m2-en-burgos\/#authorImage","url":"https:\/\/secure.gravatar.com\/avatar\/496a8e03d0c493ede1718b7934145dbdf8d89be1036b0eec9544e1094c9de390?s=96&d=mm&r=g","width":96,"height":96,"caption":"Cand\u00e1s 365"},"sameAs":["https:\/\/www.facebook.com\/carrenoactualidad","https:\/\/twitter.com\/nbasturias","https:\/\/www.instagram.com\/nachofdezber\/","https:\/\/www.youtube.com\/channel\/UCZP-2wLEB9Rv6erhFmqVnvg"]},{"@type":"WebPage","@id":"https:\/\/candas365.es\/noticias\/compromiso-y-cercania-en-cada-proyecto-disenos-y-reformas-m2-en-burgos\/#webpage","url":"https:\/\/candas365.es\/noticias\/compromiso-y-cercania-en-cada-proyecto-disenos-y-reformas-m2-en-burgos\/","name":"Compromiso y cercan\u00eda en cada proyecto: Dise\u00f1os y Reformas M2 en Burgos | Cand\u00e1s 365","description":"\u00bfTe has planteado hacer reformas integrales para mejorar tu vivienda o local? Contar con un equipo cualificado que asuma cada detalle es fundamental","inLanguage":"es-ES","isPartOf":{"@id":"https:\/\/candas365.es\/noticias\/#website"},"breadcrumb":{"@id":"https:\/\/candas365.es\/noticias\/compromiso-y-cercania-en-cada-proyecto-disenos-y-reformas-m2-en-burgos\/#breadcrumblist"},"author":{"@id":"https:\/\/candas365.es\/noticias\/author\/admin\/#author"},"creator":{"@id":"https:\/\/candas365.es\/noticias\/author\/admin\/#author"},"image":{"@type":"ImageObject","url":"https:\/\/candas365.es\/noticias\/wp-content\/uploads\/2025\/01\/Reformas.jpg","@id":"https:\/\/candas365.es\/noticias\/compromiso-y-cercania-en-cada-proyecto-disenos-y-reformas-m2-en-burgos\/#mainImage","width":1077,"height":674,"caption":"Reformas"},"primaryImageOfPage":{"@id":"https:\/\/candas365.es\/noticias\/compromiso-y-cercania-en-cada-proyecto-disenos-y-reformas-m2-en-burgos\/#mainImage"},"datePublished":"2025-01-09T20:08:31+01:00","dateModified":"2025-01-09T20:08:31+01:00"},{"@type":"WebSite","@id":"https:\/\/candas365.es\/noticias\/#website","url":"https:\/\/candas365.es\/noticias\/","name":"Cand\u00e1s 365","alternateName":"Cand\u00e1s 365 Noticias","description":"Actualidad desde Carre\u00f1o para el mundo","inLanguage":"es-ES","publisher":{"@id":"https:\/\/candas365.es\/noticias\/#organization"}}]},"og:locale":"es_ES","og:site_name":"Cand\u00e1s 365","og:type":"article","og:title":"Compromiso y cercan\u00eda en cada proyecto: Dise\u00f1os y Reformas M2 en Burgos | Cand\u00e1s 365","og:description":"\u00bfTe has planteado hacer reformas integrales para mejorar tu vivienda o local? Contar con un equipo cualificado que asuma cada detalle es fundamental","og:url":"https:\/\/candas365.es\/noticias\/compromiso-y-cercania-en-cada-proyecto-disenos-y-reformas-m2-en-burgos\/","og:image":"https:\/\/candas365.es\/noticias\/wp-content\/uploads\/2025\/01\/Reformas.jpg","og:image:secure_url":"https:\/\/candas365.es\/noticias\/wp-content\/uploads\/2025\/01\/Reformas.jpg","og:image:width":1077,"og:image:height":674,"article:published_time":"2025-01-09T19:08:31+00:00","article:modified_time":"2025-01-09T19:08:31+00:00","article:publisher":"https:\/\/www.facebook.com\/Nachofdezber","article:author":"https:\/\/www.facebook.com\/carrenoactualidad","twitter:card":"summary_large_image","twitter:site":"@NabercoDigital","twitter:title":"Compromiso y cercan\u00eda en cada proyecto: Dise\u00f1os y Reformas M2 en Burgos | Cand\u00e1s 365","twitter:description":"\u00bfTe has planteado hacer reformas integrales para mejorar tu vivienda o local? Contar con un equipo cualificado que asuma cada detalle es fundamental","twitter:creator":"@nbasturias","twitter:image":"https:\/\/candas365.es\/noticias\/wp-content\/uploads\/2025\/01\/Reformas.jpg","twitter:label1":"Escrito por","twitter:data1":"Cand\u00e1s 365","twitter:label2":"Tiempo de lectura estimado","twitter:data2":"2 minutos"},"aioseo_meta_data":{"post_id":"184776","title":null,"description":"\u00bfTe has planteado hacer reformas integrales para mejorar tu vivienda o local? Contar con un equipo cualificado que asuma cada detalle es fundamental","keywords":null,"keyphrases":{"focus":{"keyphrase":"reformas","score":93,"analysis":{"keyphraseInTitle":{"score":9,"maxScore":9,"error":0},"keyphraseInDescription":{"score":9,"maxScore":9,"error":0},"keyphraseLength":{"score":9,"maxScore":9,"error":0,"length":1},"keyphraseInURL":{"score":1,"maxScore":5,"error":1},"keyphraseInIntroduction":{"score":9,"maxScore":9,"error":0},"keyphraseInSubHeadings":[],"keyphraseInImageAlt":{"score":9,"maxScore":9,"error":0},"keywordDensity":{"type":"best","score":9,"maxScore":9,"error":0}}},"additional":[{"keyphrase":"reformas","score":100,"analysis":{"keyphraseInDescription":{"score":9,"maxScore":9,"error":0},"keyphraseLength":{"score":9,"maxScore":9,"error":0,"length":1},"keyphraseInIntroduction":{"score":9,"maxScore":9,"error":0},"keyphraseInImageAlt":{"score":9,"maxScore":9,"error":0},"keywordDensity":{"type":"best","score":9,"maxScore":9,"error":0}}}]},"primary_term":null,"canonical_url":null,"og_title":null,"og_description":null,"og_object_type":"default","og_image_type":"default","og_image_url":null,"og_image_width":null,"og_image_height":null,"og_image_custom_url":null,"og_image_custom_fields":null,"og_video":"","og_custom_url":null,"og_article_section":null,"og_article_tags":null,"twitter_use_og":false,"twitter_card":"default","twitter_image_type":"default","twitter_image_url":null,"twitter_image_custom_url":null,"twitter_image_custom_fields":null,"twitter_title":null,"twitter_description":null,"schema":{"blockGraphs":[],"customGraphs":[],"default":{"data":{"Article":[],"Course":[],"Dataset":[],"FAQPage":[],"Movie":[],"Person":[],"Product":[],"ProductReview":[],"Car":[],"Recipe":[],"Service":[],"SoftwareApplication":[],"WebPage":[]},"graphName":"Article","isEnabled":true},"graphs":[]},"schema_type":"default","schema_type_options":null,"pillar_content":false,"robots_default":true,"robots_noindex":false,"robots_noarchive":false,"robots_nosnippet":false,"robots_nofollow":false,"robots_noimageindex":false,"robots_noodp":false,"robots_notranslate":false,"robots_max_snippet":"-1","robots_max_videopreview":"-1","robots_max_imagepreview":"large","priority":null,"frequency":"default","location":null,"local_seo":null,"seo_analyzer_scan_date":"2025-09-03 09:23:16","breadcrumb_settings":null,"limit_modified_date":false,"reviewed_by":null,"open_ai":"{\"title\":{\"suggestions\":[],\"usage\":0},\"description\":{\"suggestions\":[],\"usage\":0}}","ai":null,"created":"2025-01-09 19:05:32","updated":"2025-09-03 09:23:16"},"aioseo_breadcrumb":"<div class=\"aioseo-breadcrumbs\"><span class=\"aioseo-breadcrumb\">\n\t<a href=\"https:\/\/candas365.es\/noticias\" title=\"Home\">Home<\/a>\n<\/span><span class=\"aioseo-breadcrumb-separator\">&ndash;<\/span><span class=\"aioseo-breadcrumb\">\n\t<a href=\"https:\/\/candas365.es\/noticias\/category\/canal-empresas\/\" title=\"Canal Empresas\">Canal Empresas<\/a>\n<\/span><span class=\"aioseo-breadcrumb-separator\">&ndash;<\/span><span class=\"aioseo-breadcrumb\">\n\tCompromiso y cercan\u00eda en cada proyecto: Dise\u00f1os y Reformas M2 en Burgos\n<\/span><\/div>","aioseo_breadcrumb_json":[{"label":"Home","link":"https:\/\/candas365.es\/noticias"},{"label":"Canal Empresas","link":"https:\/\/candas365.es\/noticias\/category\/canal-empresas\/"},{"label":"Compromiso y cercan\u00eda en cada proyecto: Dise\u00f1os y Reformas M2 en Burgos","link":"https:\/\/candas365.es\/noticias\/compromiso-y-cercania-en-cada-proyecto-disenos-y-reformas-m2-en-burgos\/"}],"_links":{"self":[{"href":"https:\/\/candas365.es\/noticias\/wp-json\/wp\/v2\/posts\/184776","targetHints":{"allow":["GET"]}}],"collection":[{"href":"https:\/\/candas365.es\/noticias\/wp-json\/wp\/v2\/posts"}],"about":[{"href":"https:\/\/candas365.es\/noticias\/wp-json\/wp\/v2\/types\/post"}],"author":[{"embeddable":true,"href":"https:\/\/candas365.es\/noticias\/wp-json\/wp\/v2\/users\/1"}],"replies":[{"embeddable":true,"href":"https:\/\/candas365.es\/noticias\/wp-json\/wp\/v2\/comments?post=184776"}],"version-history":[{"count":0,"href":"https:\/\/candas365.es\/noticias\/wp-json\/wp\/v2\/posts\/184776\/revisions"}],"wp:featuredmedia":[{"embeddable":true,"href":"https:\/\/candas365.es\/noticias\/wp-json\/wp\/v2\/media\/184777"}],"wp:attachment":[{"href":"https:\/\/candas365.es\/noticias\/wp-json\/wp\/v2\/media?parent=184776"}],"wp:term":[{"taxonomy":"category","embeddable":true,"href":"https:\/\/candas365.es\/noticias\/wp-json\/wp\/v2\/categories?post=184776"},{"taxonomy":"post_tag","embeddable":true,"href":"https:\/\/candas365.es\/noticias\/wp-json\/wp\/v2\/tags?post=184776"}],"curies":[{"name":"wp","href":"https:\/\/api.w.org\/{rel}","templated":true}]}}