{"id":184707,"date":"2025-01-01T17:27:50","date_gmt":"2025-01-01T16:27:50","guid":{"rendered":"https:\/\/candas365.es\/noticias\/?p=184707"},"modified":"2025-01-01T17:27:50","modified_gmt":"2025-01-01T16:27:50","slug":"prorroga-presupuestaria-en-espana","status":"publish","type":"post","link":"https:\/\/candas365.es\/noticias\/prorroga-presupuestaria-en-espana\/","title":{"rendered":"Pr\u00f3rroga presupuestaria en Espa\u00f1a"},"content":{"rendered":"<p>El Gobierno de Espa\u00f1a ha prorrogado los <strong>Presupuestos Generales del Estado<\/strong> (PGE) para este nuevo a\u00f1o 2025, que contemplan la reasignaci\u00f3n de partidas para reconstrucci\u00f3n de los territorios afectados por la dana, y ha retrasado la entrada en vigor del nuevo impuesto a los cigarrillos electr\u00f3nicos hasta el 1 de abril de 2025.<\/p>\n<figure id=\"attachment_184708\" aria-describedby=\"caption-attachment-184708\" style=\"width: 650px\" class=\"wp-caption aligncenter\"><img fetchpriority=\"high\" decoding=\"async\" class=\"size-large wp-image-184708\" src=\"https:\/\/candas365.es\/noticias\/wp-content\/uploads\/2025\/01\/Prorroga-presupuestaria-en-Espana-650x431.jpg\" alt=\"Pr\u00f3rroga presupuestaria en Espa\u00f1a\" width=\"650\" height=\"431\" srcset=\"https:\/\/candas365.es\/noticias\/wp-content\/uploads\/2025\/01\/Prorroga-presupuestaria-en-Espana-650x431.jpg 650w, https:\/\/candas365.es\/noticias\/wp-content\/uploads\/2025\/01\/Prorroga-presupuestaria-en-Espana-360x239.jpg 360w, https:\/\/candas365.es\/noticias\/wp-content\/uploads\/2025\/01\/Prorroga-presupuestaria-en-Espana-768x509.jpg 768w, https:\/\/candas365.es\/noticias\/wp-content\/uploads\/2025\/01\/Prorroga-presupuestaria-en-Espana-150x99.jpg 150w, https:\/\/candas365.es\/noticias\/wp-content\/uploads\/2025\/01\/Prorroga-presupuestaria-en-Espana-450x298.jpg 450w, https:\/\/candas365.es\/noticias\/wp-content\/uploads\/2025\/01\/Prorroga-presupuestaria-en-Espana.jpg 993w\" sizes=\"(max-width: 650px) 100vw, 650px\" \/><figcaption id=\"caption-attachment-184708\" class=\"wp-caption-text\">Cigarrillo electr\u00f3nico | Foto de 123rf\/vershininphoto<\/figcaption><\/figure>\n<p><strong>Para los aut\u00f3nomos se prorrogan un a\u00f1o m\u00e1s<\/strong>, durante 2025, los l\u00edmites cuantitativos excluyentes para la aplicaci\u00f3n el m\u00e9todo de estimaci\u00f3n objetiva, as\u00ed como los l\u00edmites para la aplicaci\u00f3n del r\u00e9gimen simplificado del IVA.<\/p>\n<p><strong>La pr\u00f3rroga presupuestaria recoge la creaci\u00f3n del componente 32 del Plan de Recuperaci\u00f3n, en respuesta a desastres naturale<\/strong>s, que permite atender los objetivos de reconstrucci\u00f3n, resiliencia y relanzamiento de la actividad en los territorios afectados por la dana registrada a finales de octubre.<\/p>\n<blockquote><p>No obstante, Hacienda indic\u00f3 que el Gobierno \u201csigue trabajando para elaborar y preparar unos nuevos Presupuestos\u201d, cuya aprobaci\u00f3n sigue siendo \u201cuna prioridad\u201d.<\/p><\/blockquote>\n<p>Por otro lado, el nuevo impuesto a los cigarrillos electr\u00f3nicos retrasa su entrada en vigor hasta el 1 de abril de 2025 para \u201cdar un mayor margen a la adaptaci\u00f3n de esta figura tributaria\u201d. Tambi\u00e9n se establece el gravamen para el sector energ\u00e9tico en 2025, que incluye incentivos para la descarbonizaci\u00f3n y la transici\u00f3n ecol\u00f3gica.<\/p>\n<p>En materia de IRPF, el Gobierno eleva de 1.500 a 2.500 euros la cuant\u00eda total de los rendimientos \u00edntegros del trabajo procedentes del segundo y restantes pagadores que obligan a presentar la declaraci\u00f3n de la renta.<\/p>\n<p>De este modo, no estar\u00e1n obligados a presentar la declaraci\u00f3n de la Renta aquellos contribuyentes con ingresos de hasta 22.000 euros que tengan m\u00e1s de un pagador siempre que la suma de las rentas del segundo o restantes pagadores no superen los 2.500 euros -hasta ahora eran 1.500 euros-.<\/p>\n<p>Como novedad, el Gobierno permitir\u00e1 en 2025 a la Comunidad Valenciana formalizar nuevas operaciones de endeudamiento a largo plazo o asignar recursos con cargo a los mecanismos adicionales de financiaci\u00f3n para financiar los gastos extraordinarios derivados de la <a href=\"https:\/\/candas365.es\/noticias\/dana-interior-creara-un-listado-de-desparecidos\/\"><span style=\"color: #ff6600;\"><strong>dana<\/strong><\/span><\/a>. La financiaci\u00f3n asignada con cargo a los mecanismos extraordinarios de financiaci\u00f3n para cubrir esos gastos extraordinarios se considerar\u00e1 incluida dentro del Fondo de Financiaci\u00f3n a comunidades aut\u00f3nomas.<\/p>\n<p>(<span style=\"color: #ff6600;\"><a style=\"color: #ff6600;\" href=\"https:\/\/www.servimedia.es\/\" target=\"_blank\" rel=\"noopener\"><strong>SERVIMEDIA<\/strong><\/a><\/span>)<\/p>\n","protected":false},"excerpt":{"rendered":"<p>El Gobierno de Espa\u00f1a ha prorrogado los Presupuestos Generales del Estado (PGE) para este nuevo a\u00f1o 2025, que contemplan la reasignaci\u00f3n de partidas para reconstrucci\u00f3n de los territorios afectados por la dana, y ha retrasado la entrada en vigor del nuevo impuesto a los cigarrillos electr\u00f3nicos hasta el 1 de abril de 2025. Para los<\/p>\n","protected":false},"author":1,"featured_media":184708,"comment_status":"closed","ping_status":"closed","sticky":false,"template":"","format":"standard","meta":{"footnotes":""},"categories":[486],"tags":[437],"class_list":{"0":"post-184707","1":"post","2":"type-post","3":"status-publish","4":"format-standard","5":"has-post-thumbnail","7":"category-economia","8":"tag-economia"},"aioseo_notices":[],"aioseo_head":"\n\t\t<!-- All in One SEO Pro 4.9.6.2 - aioseo.com -->\n\t<meta name=\"description\" content=\"El Gobierno de Espa\u00f1a ha prorrogado los Presupuestos Generales del Estado (PGE) para este nuevo a\u00f1o 2025, que contemplan la reasignaci\u00f3n de partidas\" \/>\n\t<meta name=\"robots\" content=\"max-image-preview:large\" \/>\n\t<meta name=\"author\" content=\"Cand\u00e1s 365\"\/>\n\t<meta name=\"google-site-verification\" content=\"UA-32230408-1\" \/>\n\t<meta name=\"msvalidate.01\" content=\"354F3CDFB2DA171B47FBE9ABF1F88D5\" \/>\n\t<meta name=\"keywords\" content=\"econom\u00eda\" \/>\n\t<link rel=\"canonical\" href=\"https:\/\/candas365.es\/noticias\/prorroga-presupuestaria-en-espana\/\" \/>\n\t<meta name=\"generator\" content=\"All in One SEO Pro (AIOSEO) 4.9.6.2\" \/>\n\t\t<meta property=\"og:locale\" content=\"es_ES\" \/>\n\t\t<meta property=\"og:site_name\" content=\"Cand\u00e1s 365\" \/>\n\t\t<meta property=\"og:type\" content=\"article\" \/>\n\t\t<meta property=\"og:title\" content=\"Pr\u00f3rroga presupuestaria en Espa\u00f1a | Cand\u00e1s 365\" \/>\n\t\t<meta property=\"og:description\" content=\"El Gobierno de Espa\u00f1a ha prorrogado los Presupuestos Generales del Estado (PGE) para este nuevo a\u00f1o 2025, que contemplan la reasignaci\u00f3n de partidas\" \/>\n\t\t<meta property=\"og:url\" content=\"https:\/\/candas365.es\/noticias\/prorroga-presupuestaria-en-espana\/\" \/>\n\t\t<meta property=\"og:image\" content=\"https:\/\/candas365.es\/noticias\/wp-content\/uploads\/2025\/01\/Prorroga-presupuestaria-en-Espana.jpg\" \/>\n\t\t<meta property=\"og:image:secure_url\" content=\"https:\/\/candas365.es\/noticias\/wp-content\/uploads\/2025\/01\/Prorroga-presupuestaria-en-Espana.jpg\" \/>\n\t\t<meta property=\"og:image:width\" content=\"993\" \/>\n\t\t<meta property=\"og:image:height\" content=\"658\" \/>\n\t\t<meta property=\"article:published_time\" content=\"2025-01-01T16:27:50+00:00\" \/>\n\t\t<meta property=\"article:modified_time\" content=\"2025-01-01T16:27:50+00:00\" \/>\n\t\t<meta property=\"article:publisher\" content=\"https:\/\/www.facebook.com\/Nachofdezber\" \/>\n\t\t<meta property=\"article:author\" content=\"https:\/\/www.facebook.com\/carrenoactualidad\" \/>\n\t\t<meta name=\"twitter:card\" content=\"summary_large_image\" \/>\n\t\t<meta name=\"twitter:site\" content=\"@NabercoDigital\" \/>\n\t\t<meta name=\"twitter:title\" content=\"Pr\u00f3rroga presupuestaria en Espa\u00f1a | Cand\u00e1s 365\" \/>\n\t\t<meta name=\"twitter:description\" content=\"El Gobierno de Espa\u00f1a ha prorrogado los Presupuestos Generales del Estado (PGE) para este nuevo a\u00f1o 2025, que contemplan la reasignaci\u00f3n de partidas\" \/>\n\t\t<meta name=\"twitter:creator\" content=\"@nbasturias\" \/>\n\t\t<meta name=\"twitter:image\" content=\"https:\/\/candas365.es\/noticias\/wp-content\/uploads\/2025\/01\/Prorroga-presupuestaria-en-Espana.jpg\" \/>\n\t\t<meta name=\"twitter:label1\" content=\"Escrito por\" \/>\n\t\t<meta name=\"twitter:data1\" content=\"Cand\u00e1s 365\" \/>\n\t\t<meta name=\"twitter:label2\" content=\"Tiempo de lectura estimado\" \/>\n\t\t<meta name=\"twitter:data2\" content=\"2 minutos\" \/>\n\t\t<script type=\"application\/ld+json\" class=\"aioseo-schema\">\n\t\t\t{\"@context\":\"https:\\\/\\\/schema.org\",\"@graph\":[{\"@type\":\"BreadcrumbList\",\"@id\":\"https:\\\/\\\/candas365.es\\\/noticias\\\/prorroga-presupuestaria-en-espana\\\/#breadcrumblist\",\"itemListElement\":[{\"@type\":\"ListItem\",\"@id\":\"https:\\\/\\\/candas365.es\\\/noticias#listItem\",\"position\":1,\"name\":\"Home\",\"item\":\"https:\\\/\\\/candas365.es\\\/noticias\",\"nextItem\":{\"@type\":\"ListItem\",\"@id\":\"https:\\\/\\\/candas365.es\\\/noticias\\\/category\\\/economia\\\/#listItem\",\"name\":\"Econom\\u00eda\"}},{\"@type\":\"ListItem\",\"@id\":\"https:\\\/\\\/candas365.es\\\/noticias\\\/category\\\/economia\\\/#listItem\",\"position\":2,\"name\":\"Econom\\u00eda\",\"item\":\"https:\\\/\\\/candas365.es\\\/noticias\\\/category\\\/economia\\\/\",\"nextItem\":{\"@type\":\"ListItem\",\"@id\":\"https:\\\/\\\/candas365.es\\\/noticias\\\/prorroga-presupuestaria-en-espana\\\/#listItem\",\"name\":\"Pr\\u00f3rroga presupuestaria en Espa\\u00f1a\"},\"previousItem\":{\"@type\":\"ListItem\",\"@id\":\"https:\\\/\\\/candas365.es\\\/noticias#listItem\",\"name\":\"Home\"}},{\"@type\":\"ListItem\",\"@id\":\"https:\\\/\\\/candas365.es\\\/noticias\\\/prorroga-presupuestaria-en-espana\\\/#listItem\",\"position\":3,\"name\":\"Pr\\u00f3rroga presupuestaria en Espa\\u00f1a\",\"previousItem\":{\"@type\":\"ListItem\",\"@id\":\"https:\\\/\\\/candas365.es\\\/noticias\\\/category\\\/economia\\\/#listItem\",\"name\":\"Econom\\u00eda\"}}]},{\"@type\":\"NewsArticle\",\"@id\":\"https:\\\/\\\/candas365.es\\\/noticias\\\/prorroga-presupuestaria-en-espana\\\/#newsarticle\",\"name\":\"Pr\\u00f3rroga presupuestaria en Espa\\u00f1a | Cand\\u00e1s 365\",\"headline\":\"Pr\\u00f3rroga presupuestaria en Espa\\u00f1a\",\"author\":{\"@id\":\"https:\\\/\\\/candas365.es\\\/noticias\\\/author\\\/admin\\\/#author\"},\"publisher\":{\"@id\":\"https:\\\/\\\/candas365.es\\\/noticias\\\/#organization\"},\"image\":{\"@type\":\"ImageObject\",\"url\":\"https:\\\/\\\/candas365.es\\\/noticias\\\/wp-content\\\/uploads\\\/2025\\\/01\\\/Prorroga-presupuestaria-en-Espana.jpg\",\"width\":993,\"height\":658,\"caption\":\"Cigarrillo electr\\u00f3nico | Foto de 123rf\\\/vershininphoto\"},\"datePublished\":\"2025-01-01T17:27:50+01:00\",\"dateModified\":\"2025-01-01T17:27:50+01:00\",\"inLanguage\":\"es-ES\",\"mainEntityOfPage\":{\"@id\":\"https:\\\/\\\/candas365.es\\\/noticias\\\/prorroga-presupuestaria-en-espana\\\/#webpage\"},\"isPartOf\":{\"@id\":\"https:\\\/\\\/candas365.es\\\/noticias\\\/prorroga-presupuestaria-en-espana\\\/#webpage\"},\"articleSection\":\"Econom\\u00eda, Econom\\u00eda\",\"dateline\":\"Publicado el enero 1, 2025.\"},{\"@type\":\"Organization\",\"@id\":\"https:\\\/\\\/candas365.es\\\/noticias\\\/#organization\",\"name\":\"Cand\\u00e1s 365\",\"description\":\"Cand\\u00e1s 365 es un diario digital independiente, fundado en 2012, con base en Asturias. Informamos con rigor sobre actualidad, sociedad, cultura y ocio, con una mirada local y global.\",\"url\":\"https:\\\/\\\/candas365.es\\\/noticias\\\/\",\"email\":\"info@candas365.es\",\"telephone\":\"+34652131393\",\"foundingDate\":\"2012-06-10\",\"logo\":{\"@type\":\"ImageObject\",\"url\":\"https:\\\/\\\/candas365.es\\\/noticias\\\/wp-content\\\/uploads\\\/2024\\\/09\\\/Candas-365-Redes.jpg\",\"@id\":\"https:\\\/\\\/candas365.es\\\/noticias\\\/prorroga-presupuestaria-en-espana\\\/#organizationLogo\",\"width\":1152,\"height\":864,\"caption\":\"Cand\\u00e1s 365 Redes\"},\"image\":{\"@id\":\"https:\\\/\\\/candas365.es\\\/noticias\\\/prorroga-presupuestaria-en-espana\\\/#organizationLogo\"},\"sameAs\":[\"https:\\\/\\\/www.facebook.com\\\/Nachofdezber\",\"https:\\\/\\\/x.com\\\/NabercoDigital\",\"https:\\\/\\\/www.instagram.com\\\/nachofdezber\\\/\",\"https:\\\/\\\/www.youtube.com\\\/channel\\\/UCZP-2wLEB9Rv6erhFmqVnvg\"],\"address\":{\"@id\":\"https:\\\/\\\/candas365.es\\\/noticias\\\/#postaladdress\",\"@type\":\"PostalAddress\",\"streetAddress\":\"san antonio 4, san antonio 4\",\"postalCode\":\"33430\",\"addressLocality\":\"Cand\\u00e1s\",\"addressRegion\":\"Asturias\",\"addressCountry\":\"ES\"}},{\"@type\":\"Person\",\"@id\":\"https:\\\/\\\/candas365.es\\\/noticias\\\/author\\\/admin\\\/#author\",\"url\":\"https:\\\/\\\/candas365.es\\\/noticias\\\/author\\\/admin\\\/\",\"name\":\"Cand\\u00e1s 365\",\"image\":{\"@type\":\"ImageObject\",\"@id\":\"https:\\\/\\\/candas365.es\\\/noticias\\\/prorroga-presupuestaria-en-espana\\\/#authorImage\",\"url\":\"https:\\\/\\\/secure.gravatar.com\\\/avatar\\\/496a8e03d0c493ede1718b7934145dbdf8d89be1036b0eec9544e1094c9de390?s=96&d=mm&r=g\",\"width\":96,\"height\":96,\"caption\":\"Cand\\u00e1s 365\"},\"sameAs\":[\"https:\\\/\\\/www.facebook.com\\\/carrenoactualidad\",\"https:\\\/\\\/twitter.com\\\/nbasturias\",\"https:\\\/\\\/www.instagram.com\\\/nachofdezber\\\/\",\"https:\\\/\\\/www.youtube.com\\\/channel\\\/UCZP-2wLEB9Rv6erhFmqVnvg\"]},{\"@type\":\"WebPage\",\"@id\":\"https:\\\/\\\/candas365.es\\\/noticias\\\/prorroga-presupuestaria-en-espana\\\/#webpage\",\"url\":\"https:\\\/\\\/candas365.es\\\/noticias\\\/prorroga-presupuestaria-en-espana\\\/\",\"name\":\"Pr\\u00f3rroga presupuestaria en Espa\\u00f1a | Cand\\u00e1s 365\",\"description\":\"El Gobierno de Espa\\u00f1a ha prorrogado los Presupuestos Generales del Estado (PGE) para este nuevo a\\u00f1o 2025, que contemplan la reasignaci\\u00f3n de partidas\",\"inLanguage\":\"es-ES\",\"isPartOf\":{\"@id\":\"https:\\\/\\\/candas365.es\\\/noticias\\\/#website\"},\"breadcrumb\":{\"@id\":\"https:\\\/\\\/candas365.es\\\/noticias\\\/prorroga-presupuestaria-en-espana\\\/#breadcrumblist\"},\"author\":{\"@id\":\"https:\\\/\\\/candas365.es\\\/noticias\\\/author\\\/admin\\\/#author\"},\"creator\":{\"@id\":\"https:\\\/\\\/candas365.es\\\/noticias\\\/author\\\/admin\\\/#author\"},\"image\":{\"@type\":\"ImageObject\",\"url\":\"https:\\\/\\\/candas365.es\\\/noticias\\\/wp-content\\\/uploads\\\/2025\\\/01\\\/Prorroga-presupuestaria-en-Espana.jpg\",\"@id\":\"https:\\\/\\\/candas365.es\\\/noticias\\\/prorroga-presupuestaria-en-espana\\\/#mainImage\",\"width\":993,\"height\":658,\"caption\":\"Cigarrillo electr\\u00f3nico | Foto de 123rf\\\/vershininphoto\"},\"primaryImageOfPage\":{\"@id\":\"https:\\\/\\\/candas365.es\\\/noticias\\\/prorroga-presupuestaria-en-espana\\\/#mainImage\"},\"datePublished\":\"2025-01-01T17:27:50+01:00\",\"dateModified\":\"2025-01-01T17:27:50+01:00\"},{\"@type\":\"WebSite\",\"@id\":\"https:\\\/\\\/candas365.es\\\/noticias\\\/#website\",\"url\":\"https:\\\/\\\/candas365.es\\\/noticias\\\/\",\"name\":\"Cand\\u00e1s 365\",\"alternateName\":\"Cand\\u00e1s 365 Noticias\",\"description\":\"Actualidad desde Carre\\u00f1o para el mundo\",\"inLanguage\":\"es-ES\",\"publisher\":{\"@id\":\"https:\\\/\\\/candas365.es\\\/noticias\\\/#organization\"}}]}\n\t\t<\/script>\n\t\t<!-- All in One SEO Pro -->\r\n\t\t<title>Pr\u00f3rroga presupuestaria en Espa\u00f1a | Cand\u00e1s 365<\/title>\n\n","aioseo_head_json":{"title":"Pr\u00f3rroga presupuestaria en Espa\u00f1a | Cand\u00e1s 365","description":"El Gobierno de Espa\u00f1a ha prorrogado los Presupuestos Generales del Estado (PGE) para este nuevo a\u00f1o 2025, que contemplan la reasignaci\u00f3n de partidas","canonical_url":"https:\/\/candas365.es\/noticias\/prorroga-presupuestaria-en-espana\/","robots":"max-image-preview:large","keywords":"econom\u00eda","webmasterTools":{"google-site-verification":"UA-32230408-1","msvalidate.01":"354F3CDFB2DA171B47FBE9ABF1F88D5","miscellaneous":""},"schema":{"@context":"https:\/\/schema.org","@graph":[{"@type":"BreadcrumbList","@id":"https:\/\/candas365.es\/noticias\/prorroga-presupuestaria-en-espana\/#breadcrumblist","itemListElement":[{"@type":"ListItem","@id":"https:\/\/candas365.es\/noticias#listItem","position":1,"name":"Home","item":"https:\/\/candas365.es\/noticias","nextItem":{"@type":"ListItem","@id":"https:\/\/candas365.es\/noticias\/category\/economia\/#listItem","name":"Econom\u00eda"}},{"@type":"ListItem","@id":"https:\/\/candas365.es\/noticias\/category\/economia\/#listItem","position":2,"name":"Econom\u00eda","item":"https:\/\/candas365.es\/noticias\/category\/economia\/","nextItem":{"@type":"ListItem","@id":"https:\/\/candas365.es\/noticias\/prorroga-presupuestaria-en-espana\/#listItem","name":"Pr\u00f3rroga presupuestaria en Espa\u00f1a"},"previousItem":{"@type":"ListItem","@id":"https:\/\/candas365.es\/noticias#listItem","name":"Home"}},{"@type":"ListItem","@id":"https:\/\/candas365.es\/noticias\/prorroga-presupuestaria-en-espana\/#listItem","position":3,"name":"Pr\u00f3rroga presupuestaria en Espa\u00f1a","previousItem":{"@type":"ListItem","@id":"https:\/\/candas365.es\/noticias\/category\/economia\/#listItem","name":"Econom\u00eda"}}]},{"@type":"NewsArticle","@id":"https:\/\/candas365.es\/noticias\/prorroga-presupuestaria-en-espana\/#newsarticle","name":"Pr\u00f3rroga presupuestaria en Espa\u00f1a | Cand\u00e1s 365","headline":"Pr\u00f3rroga presupuestaria en Espa\u00f1a","author":{"@id":"https:\/\/candas365.es\/noticias\/author\/admin\/#author"},"publisher":{"@id":"https:\/\/candas365.es\/noticias\/#organization"},"image":{"@type":"ImageObject","url":"https:\/\/candas365.es\/noticias\/wp-content\/uploads\/2025\/01\/Prorroga-presupuestaria-en-Espana.jpg","width":993,"height":658,"caption":"Cigarrillo electr\u00f3nico | Foto de 123rf\/vershininphoto"},"datePublished":"2025-01-01T17:27:50+01:00","dateModified":"2025-01-01T17:27:50+01:00","inLanguage":"es-ES","mainEntityOfPage":{"@id":"https:\/\/candas365.es\/noticias\/prorroga-presupuestaria-en-espana\/#webpage"},"isPartOf":{"@id":"https:\/\/candas365.es\/noticias\/prorroga-presupuestaria-en-espana\/#webpage"},"articleSection":"Econom\u00eda, Econom\u00eda","dateline":"Publicado el enero 1, 2025."},{"@type":"Organization","@id":"https:\/\/candas365.es\/noticias\/#organization","name":"Cand\u00e1s 365","description":"Cand\u00e1s 365 es un diario digital independiente, fundado en 2012, con base en Asturias. Informamos con rigor sobre actualidad, sociedad, cultura y ocio, con una mirada local y global.","url":"https:\/\/candas365.es\/noticias\/","email":"info@candas365.es","telephone":"+34652131393","foundingDate":"2012-06-10","logo":{"@type":"ImageObject","url":"https:\/\/candas365.es\/noticias\/wp-content\/uploads\/2024\/09\/Candas-365-Redes.jpg","@id":"https:\/\/candas365.es\/noticias\/prorroga-presupuestaria-en-espana\/#organizationLogo","width":1152,"height":864,"caption":"Cand\u00e1s 365 Redes"},"image":{"@id":"https:\/\/candas365.es\/noticias\/prorroga-presupuestaria-en-espana\/#organizationLogo"},"sameAs":["https:\/\/www.facebook.com\/Nachofdezber","https:\/\/x.com\/NabercoDigital","https:\/\/www.instagram.com\/nachofdezber\/","https:\/\/www.youtube.com\/channel\/UCZP-2wLEB9Rv6erhFmqVnvg"],"address":{"@id":"https:\/\/candas365.es\/noticias\/#postaladdress","@type":"PostalAddress","streetAddress":"san antonio 4, san antonio 4","postalCode":"33430","addressLocality":"Cand\u00e1s","addressRegion":"Asturias","addressCountry":"ES"}},{"@type":"Person","@id":"https:\/\/candas365.es\/noticias\/author\/admin\/#author","url":"https:\/\/candas365.es\/noticias\/author\/admin\/","name":"Cand\u00e1s 365","image":{"@type":"ImageObject","@id":"https:\/\/candas365.es\/noticias\/prorroga-presupuestaria-en-espana\/#authorImage","url":"https:\/\/secure.gravatar.com\/avatar\/496a8e03d0c493ede1718b7934145dbdf8d89be1036b0eec9544e1094c9de390?s=96&d=mm&r=g","width":96,"height":96,"caption":"Cand\u00e1s 365"},"sameAs":["https:\/\/www.facebook.com\/carrenoactualidad","https:\/\/twitter.com\/nbasturias","https:\/\/www.instagram.com\/nachofdezber\/","https:\/\/www.youtube.com\/channel\/UCZP-2wLEB9Rv6erhFmqVnvg"]},{"@type":"WebPage","@id":"https:\/\/candas365.es\/noticias\/prorroga-presupuestaria-en-espana\/#webpage","url":"https:\/\/candas365.es\/noticias\/prorroga-presupuestaria-en-espana\/","name":"Pr\u00f3rroga presupuestaria en Espa\u00f1a | Cand\u00e1s 365","description":"El Gobierno de Espa\u00f1a ha prorrogado los Presupuestos Generales del Estado (PGE) para este nuevo a\u00f1o 2025, que contemplan la reasignaci\u00f3n de partidas","inLanguage":"es-ES","isPartOf":{"@id":"https:\/\/candas365.es\/noticias\/#website"},"breadcrumb":{"@id":"https:\/\/candas365.es\/noticias\/prorroga-presupuestaria-en-espana\/#breadcrumblist"},"author":{"@id":"https:\/\/candas365.es\/noticias\/author\/admin\/#author"},"creator":{"@id":"https:\/\/candas365.es\/noticias\/author\/admin\/#author"},"image":{"@type":"ImageObject","url":"https:\/\/candas365.es\/noticias\/wp-content\/uploads\/2025\/01\/Prorroga-presupuestaria-en-Espana.jpg","@id":"https:\/\/candas365.es\/noticias\/prorroga-presupuestaria-en-espana\/#mainImage","width":993,"height":658,"caption":"Cigarrillo electr\u00f3nico | Foto de 123rf\/vershininphoto"},"primaryImageOfPage":{"@id":"https:\/\/candas365.es\/noticias\/prorroga-presupuestaria-en-espana\/#mainImage"},"datePublished":"2025-01-01T17:27:50+01:00","dateModified":"2025-01-01T17:27:50+01:00"},{"@type":"WebSite","@id":"https:\/\/candas365.es\/noticias\/#website","url":"https:\/\/candas365.es\/noticias\/","name":"Cand\u00e1s 365","alternateName":"Cand\u00e1s 365 Noticias","description":"Actualidad desde Carre\u00f1o para el mundo","inLanguage":"es-ES","publisher":{"@id":"https:\/\/candas365.es\/noticias\/#organization"}}]},"og:locale":"es_ES","og:site_name":"Cand\u00e1s 365","og:type":"article","og:title":"Pr\u00f3rroga presupuestaria en Espa\u00f1a | Cand\u00e1s 365","og:description":"El Gobierno de Espa\u00f1a ha prorrogado los Presupuestos Generales del Estado (PGE) para este nuevo a\u00f1o 2025, que contemplan la reasignaci\u00f3n de partidas","og:url":"https:\/\/candas365.es\/noticias\/prorroga-presupuestaria-en-espana\/","og:image":"https:\/\/candas365.es\/noticias\/wp-content\/uploads\/2025\/01\/Prorroga-presupuestaria-en-Espana.jpg","og:image:secure_url":"https:\/\/candas365.es\/noticias\/wp-content\/uploads\/2025\/01\/Prorroga-presupuestaria-en-Espana.jpg","og:image:width":993,"og:image:height":658,"article:published_time":"2025-01-01T16:27:50+00:00","article:modified_time":"2025-01-01T16:27:50+00:00","article:publisher":"https:\/\/www.facebook.com\/Nachofdezber","article:author":"https:\/\/www.facebook.com\/carrenoactualidad","twitter:card":"summary_large_image","twitter:site":"@NabercoDigital","twitter:title":"Pr\u00f3rroga presupuestaria en Espa\u00f1a | Cand\u00e1s 365","twitter:description":"El Gobierno de Espa\u00f1a ha prorrogado los Presupuestos Generales del Estado (PGE) para este nuevo a\u00f1o 2025, que contemplan la reasignaci\u00f3n de partidas","twitter:creator":"@nbasturias","twitter:image":"https:\/\/candas365.es\/noticias\/wp-content\/uploads\/2025\/01\/Prorroga-presupuestaria-en-Espana.jpg","twitter:label1":"Escrito por","twitter:data1":"Cand\u00e1s 365","twitter:label2":"Tiempo de lectura estimado","twitter:data2":"2 minutos"},"aioseo_meta_data":{"post_id":"184707","title":null,"description":"El Gobierno de Espa\u00f1a ha prorrogado los Presupuestos Generales del Estado (PGE) para este nuevo a\u00f1o 2025, que contemplan la reasignaci\u00f3n de partidas","keywords":null,"keyphrases":{"focus":{"keyphrase":"Espa\u00f1a","score":78,"analysis":{"keyphraseInTitle":{"score":9,"maxScore":9,"error":0},"keyphraseInDescription":{"score":9,"maxScore":9,"error":0},"keyphraseLength":{"score":9,"maxScore":9,"error":0,"length":2},"keyphraseInURL":{"score":1,"maxScore":5,"error":1},"keyphraseInIntroduction":{"score":9,"maxScore":9,"error":0},"keyphraseInSubHeadings":[],"keyphraseInImageAlt":{"score":9,"maxScore":9,"error":0},"keywordDensity":{"score":0,"type":"low","maxScore":9,"error":1}}},"additional":[{"keyphrase":"Espa\u00f1a","score":80,"analysis":{"keyphraseInDescription":{"score":9,"maxScore":9,"error":0},"keyphraseLength":{"score":9,"maxScore":9,"error":0,"length":2},"keyphraseInIntroduction":{"score":9,"maxScore":9,"error":0},"keyphraseInImageAlt":{"score":9,"maxScore":9,"error":0},"keywordDensity":{"score":0,"type":"low","maxScore":9,"error":1}}}]},"primary_term":null,"canonical_url":null,"og_title":null,"og_description":null,"og_object_type":"default","og_image_type":"default","og_image_url":null,"og_image_width":null,"og_image_height":null,"og_image_custom_url":null,"og_image_custom_fields":null,"og_video":"","og_custom_url":null,"og_article_section":null,"og_article_tags":null,"twitter_use_og":false,"twitter_card":"default","twitter_image_type":"default","twitter_image_url":null,"twitter_image_custom_url":null,"twitter_image_custom_fields":null,"twitter_title":null,"twitter_description":null,"schema":{"blockGraphs":[],"customGraphs":[],"default":{"data":{"Article":[],"Course":[],"Dataset":[],"FAQPage":[],"Movie":[],"Person":[],"Product":[],"ProductReview":[],"Car":[],"Recipe":[],"Service":[],"SoftwareApplication":[],"WebPage":[]},"graphName":"Article","isEnabled":true},"graphs":[]},"schema_type":"default","schema_type_options":null,"pillar_content":false,"robots_default":true,"robots_noindex":false,"robots_noarchive":false,"robots_nosnippet":false,"robots_nofollow":false,"robots_noimageindex":false,"robots_noodp":false,"robots_notranslate":false,"robots_max_snippet":"-1","robots_max_videopreview":"-1","robots_max_imagepreview":"large","priority":null,"frequency":"default","location":null,"local_seo":null,"seo_analyzer_scan_date":"2025-09-03 09:14:27","breadcrumb_settings":null,"limit_modified_date":false,"reviewed_by":null,"open_ai":"{\"title\":{\"suggestions\":[],\"usage\":0},\"description\":{\"suggestions\":[],\"usage\":0}}","ai":null,"created":"2025-01-01 16:19:24","updated":"2025-09-03 09:14:27"},"aioseo_breadcrumb":"<div class=\"aioseo-breadcrumbs\"><span class=\"aioseo-breadcrumb\">\n\t<a href=\"https:\/\/candas365.es\/noticias\" title=\"Home\">Home<\/a>\n<\/span><span class=\"aioseo-breadcrumb-separator\">&ndash;<\/span><span class=\"aioseo-breadcrumb\">\n\t<a href=\"https:\/\/candas365.es\/noticias\/category\/economia\/\" title=\"Econom\u00eda\">Econom\u00eda<\/a>\n<\/span><span class=\"aioseo-breadcrumb-separator\">&ndash;<\/span><span class=\"aioseo-breadcrumb\">\n\tPr\u00f3rroga presupuestaria en Espa\u00f1a\n<\/span><\/div>","aioseo_breadcrumb_json":[{"label":"Home","link":"https:\/\/candas365.es\/noticias"},{"label":"Econom\u00eda","link":"https:\/\/candas365.es\/noticias\/category\/economia\/"},{"label":"Pr\u00f3rroga presupuestaria en Espa\u00f1a","link":"https:\/\/candas365.es\/noticias\/prorroga-presupuestaria-en-espana\/"}],"_links":{"self":[{"href":"https:\/\/candas365.es\/noticias\/wp-json\/wp\/v2\/posts\/184707","targetHints":{"allow":["GET"]}}],"collection":[{"href":"https:\/\/candas365.es\/noticias\/wp-json\/wp\/v2\/posts"}],"about":[{"href":"https:\/\/candas365.es\/noticias\/wp-json\/wp\/v2\/types\/post"}],"author":[{"embeddable":true,"href":"https:\/\/candas365.es\/noticias\/wp-json\/wp\/v2\/users\/1"}],"replies":[{"embeddable":true,"href":"https:\/\/candas365.es\/noticias\/wp-json\/wp\/v2\/comments?post=184707"}],"version-history":[{"count":0,"href":"https:\/\/candas365.es\/noticias\/wp-json\/wp\/v2\/posts\/184707\/revisions"}],"wp:featuredmedia":[{"embeddable":true,"href":"https:\/\/candas365.es\/noticias\/wp-json\/wp\/v2\/media\/184708"}],"wp:attachment":[{"href":"https:\/\/candas365.es\/noticias\/wp-json\/wp\/v2\/media?parent=184707"}],"wp:term":[{"taxonomy":"category","embeddable":true,"href":"https:\/\/candas365.es\/noticias\/wp-json\/wp\/v2\/categories?post=184707"},{"taxonomy":"post_tag","embeddable":true,"href":"https:\/\/candas365.es\/noticias\/wp-json\/wp\/v2\/tags?post=184707"}],"curies":[{"name":"wp","href":"https:\/\/api.w.org\/{rel}","templated":true}]}}