{"id":184701,"date":"2025-01-01T15:24:46","date_gmt":"2025-01-01T14:24:46","guid":{"rendered":"https:\/\/candas365.es\/noticias\/?p=184701"},"modified":"2025-01-01T15:25:35","modified_gmt":"2025-01-01T14:25:35","slug":"el-ine-comenzara-2025-publicando-el-primer-indice-del-alquiler","status":"publish","type":"post","link":"https:\/\/candas365.es\/noticias\/el-ine-comenzara-2025-publicando-el-primer-indice-del-alquiler\/","title":{"rendered":"El INE comenzar\u00e1 2025 publicando el primer \u00edndice del alquiler"},"content":{"rendered":"<p>El INE publicar\u00e1 el jueves los primeros resultados del <strong>\u00edndice de referencia de los contratos de arrendamiento de vivienda<\/strong>, que actuar\u00e1 como l\u00edmite para actualizar los alquileres cada a\u00f1o y evitar \u201cincrementos desproporcionados\u201d.<\/p>\n<p><img fetchpriority=\"high\" decoding=\"async\" class=\"aligncenter size-full wp-image-184702\" src=\"https:\/\/candas365.es\/noticias\/wp-content\/uploads\/2025\/01\/alquiler.jpg\" alt=\"alquiler\" width=\"640\" height=\"427\" srcset=\"https:\/\/candas365.es\/noticias\/wp-content\/uploads\/2025\/01\/alquiler.jpg 640w, https:\/\/candas365.es\/noticias\/wp-content\/uploads\/2025\/01\/alquiler-360x240.jpg 360w, https:\/\/candas365.es\/noticias\/wp-content\/uploads\/2025\/01\/alquiler-150x100.jpg 150w, https:\/\/candas365.es\/noticias\/wp-content\/uploads\/2025\/01\/alquiler-450x300.jpg 450w\" sizes=\"(max-width: 640px) 100vw, 640px\" \/><\/p>\n<p>Este \u00edndice, que apareci\u00f3 publicado en el Bolet\u00edn Oficial del Estado (BOE) el pasado 20 de diciembre, est\u00e1 regulado en la Ley de Vivienda, que mandata al INE a definir el \u00edndice antes del 31 de diciembre de 2024 para que se fije como l\u00edmite de referencia \u201ccon el objeto de evitar incrementos desproporcionados en la renta de los contratos de arrendamiento\u201d. <strong>Ma\u00f1ana, Estad\u00edstica dar\u00e1 a conocer los primeros resultados y los publicar\u00e1 mensualmente en la misma fecha que el <a href=\"https:\/\/candas365.es\/noticias\/category\/economia\/\"><span style=\"color: #ff6600;\">\u00cdndice de Precios de Consumo<\/span><\/a> (IPC).<\/strong><\/p>\n<p>Hasta abril de 2022, la renta se revisaba entre arrendador y arrendatario en base al IPC y a partir de abril de 2022 la renovaci\u00f3n anual de las rentas del alquiler estuvo regida por el \u00cdndice de Garant\u00eda de Competitividad (IGC), que limit\u00f3 las subidas a un 2% durante los ocho meses restantes de 2022 y 2023 y a un 3% durante el pasado a\u00f1o 2024.<\/p>\n<p>En esta nueva metodolog\u00eda del INE para elaborar la referencia se considera el IPC, el \u00cdndice de Precios de Consumo subyacente (IPCS) y la diferencia entre las tasas de crecimiento anual de ambos \u00edndices. <strong>Adem\u00e1s, tambi\u00e9n se incluye un par\u00e1metro, definido a propuesta de la Direcci\u00f3n General de Pol\u00edtica Econ\u00f3mica, que guarda relaci\u00f3n con el crecimiento esperado a largo plazo de este \u00edndice.<\/strong><\/p>\n<p>Asimismo, tambi\u00e9n se aplicar\u00e1 un coeficiente moderador, definido a propuesta conjunta de la Direcci\u00f3n General de Vivienda y Suelo del Ministerio de Vivienda y Agenda Urbana y de la Direcci\u00f3n General de Pol\u00edtica Econ\u00f3mica del Ministerio de Econom\u00eda, Comercio y Empresa, que tendr\u00e1 en consideraci\u00f3n las circunstancias del mercado del alquiler.<\/p>\n<p>Este \u00edndice de referencia se utilizar\u00e1 como l\u00edmite para la actualizaci\u00f3n anual de los contratos de arrendamiento de vivienda, ser\u00e1 el m\u00ednimo valor entre la tasa de variaci\u00f3n anual del \u00cdPC, la tasa de variaci\u00f3n anual del IPC subyacente y la tasa de variaci\u00f3n anual media ajustada, elaborada seg\u00fan lo previsto en la metodolog\u00eda aprobada.<\/p>\n<p>(<a href=\"https:\/\/www.servimedia.es\/\" target=\"_blank\" rel=\"noopener\"><span style=\"color: #ff6600;\"><strong>SERVIMEDIA<\/strong><\/span><\/a>)<\/p>\n","protected":false},"excerpt":{"rendered":"<p>El INE publicar\u00e1 el jueves los primeros resultados del \u00edndice de referencia de los contratos de arrendamiento de vivienda, que actuar\u00e1 como l\u00edmite para actualizar los alquileres cada a\u00f1o y evitar \u201cincrementos desproporcionados\u201d. Este \u00edndice, que apareci\u00f3 publicado en el Bolet\u00edn Oficial del Estado (BOE) el pasado 20 de diciembre, est\u00e1 regulado en la Ley<\/p>\n","protected":false},"author":1,"featured_media":184702,"comment_status":"closed","ping_status":"closed","sticky":false,"template":"","format":"standard","meta":{"footnotes":""},"categories":[486],"tags":[437],"class_list":{"0":"post-184701","1":"post","2":"type-post","3":"status-publish","4":"format-standard","5":"has-post-thumbnail","7":"category-economia","8":"tag-economia"},"aioseo_notices":[],"aioseo_head":"\n\t\t<!-- All in One SEO Pro 4.9.6.2 - aioseo.com -->\n\t<meta name=\"description\" content=\"El INE publicar\u00e1 el jueves los primeros resultados del \u00edndice de referencia de los contratos de arrendamiento de vivienda, que actuar\u00e1 como l\u00edmite para\" \/>\n\t<meta name=\"robots\" content=\"max-image-preview:large\" \/>\n\t<meta name=\"author\" content=\"Cand\u00e1s 365\"\/>\n\t<meta name=\"google-site-verification\" content=\"UA-32230408-1\" \/>\n\t<meta name=\"msvalidate.01\" content=\"354F3CDFB2DA171B47FBE9ABF1F88D5\" \/>\n\t<meta name=\"keywords\" content=\"econom\u00eda\" \/>\n\t<link rel=\"canonical\" href=\"https:\/\/candas365.es\/noticias\/el-ine-comenzara-2025-publicando-el-primer-indice-del-alquiler\/\" \/>\n\t<meta name=\"generator\" content=\"All in One SEO Pro (AIOSEO) 4.9.6.2\" \/>\n\t\t<meta property=\"og:locale\" content=\"es_ES\" \/>\n\t\t<meta property=\"og:site_name\" content=\"Cand\u00e1s 365\" \/>\n\t\t<meta property=\"og:type\" content=\"article\" \/>\n\t\t<meta property=\"og:title\" content=\"El INE comenzar\u00e1 2025 publicando el primer \u00edndice del alquiler | Cand\u00e1s 365\" \/>\n\t\t<meta property=\"og:description\" content=\"El INE publicar\u00e1 el jueves los primeros resultados del \u00edndice de referencia de los contratos de arrendamiento de vivienda, que actuar\u00e1 como l\u00edmite para\" \/>\n\t\t<meta property=\"og:url\" content=\"https:\/\/candas365.es\/noticias\/el-ine-comenzara-2025-publicando-el-primer-indice-del-alquiler\/\" \/>\n\t\t<meta property=\"og:image\" content=\"https:\/\/candas365.es\/noticias\/wp-content\/uploads\/2025\/01\/alquiler.jpg\" \/>\n\t\t<meta property=\"og:image:secure_url\" content=\"https:\/\/candas365.es\/noticias\/wp-content\/uploads\/2025\/01\/alquiler.jpg\" \/>\n\t\t<meta property=\"og:image:width\" content=\"640\" \/>\n\t\t<meta property=\"og:image:height\" content=\"427\" \/>\n\t\t<meta property=\"article:published_time\" content=\"2025-01-01T14:24:46+00:00\" \/>\n\t\t<meta property=\"article:modified_time\" content=\"2025-01-01T14:25:35+00:00\" \/>\n\t\t<meta property=\"article:publisher\" content=\"https:\/\/www.facebook.com\/Nachofdezber\" \/>\n\t\t<meta property=\"article:author\" content=\"https:\/\/www.facebook.com\/carrenoactualidad\" \/>\n\t\t<meta name=\"twitter:card\" content=\"summary_large_image\" \/>\n\t\t<meta name=\"twitter:site\" content=\"@NabercoDigital\" \/>\n\t\t<meta name=\"twitter:title\" content=\"El INE comenzar\u00e1 2025 publicando el primer \u00edndice del alquiler | Cand\u00e1s 365\" \/>\n\t\t<meta name=\"twitter:description\" content=\"El INE publicar\u00e1 el jueves los primeros resultados del \u00edndice de referencia de los contratos de arrendamiento de vivienda, que actuar\u00e1 como l\u00edmite para\" \/>\n\t\t<meta name=\"twitter:creator\" content=\"@nbasturias\" \/>\n\t\t<meta name=\"twitter:image\" content=\"https:\/\/candas365.es\/noticias\/wp-content\/uploads\/2025\/01\/alquiler.jpg\" \/>\n\t\t<meta name=\"twitter:label1\" content=\"Escrito por\" \/>\n\t\t<meta name=\"twitter:data1\" content=\"Cand\u00e1s 365\" \/>\n\t\t<meta name=\"twitter:label2\" content=\"Tiempo de lectura estimado\" \/>\n\t\t<meta name=\"twitter:data2\" content=\"2 minutos\" \/>\n\t\t<script type=\"application\/ld+json\" class=\"aioseo-schema\">\n\t\t\t{\"@context\":\"https:\\\/\\\/schema.org\",\"@graph\":[{\"@type\":\"BreadcrumbList\",\"@id\":\"https:\\\/\\\/candas365.es\\\/noticias\\\/el-ine-comenzara-2025-publicando-el-primer-indice-del-alquiler\\\/#breadcrumblist\",\"itemListElement\":[{\"@type\":\"ListItem\",\"@id\":\"https:\\\/\\\/candas365.es\\\/noticias#listItem\",\"position\":1,\"name\":\"Home\",\"item\":\"https:\\\/\\\/candas365.es\\\/noticias\",\"nextItem\":{\"@type\":\"ListItem\",\"@id\":\"https:\\\/\\\/candas365.es\\\/noticias\\\/category\\\/economia\\\/#listItem\",\"name\":\"Econom\\u00eda\"}},{\"@type\":\"ListItem\",\"@id\":\"https:\\\/\\\/candas365.es\\\/noticias\\\/category\\\/economia\\\/#listItem\",\"position\":2,\"name\":\"Econom\\u00eda\",\"item\":\"https:\\\/\\\/candas365.es\\\/noticias\\\/category\\\/economia\\\/\",\"nextItem\":{\"@type\":\"ListItem\",\"@id\":\"https:\\\/\\\/candas365.es\\\/noticias\\\/el-ine-comenzara-2025-publicando-el-primer-indice-del-alquiler\\\/#listItem\",\"name\":\"El INE comenzar\\u00e1 2025 publicando el primer \\u00edndice del alquiler\"},\"previousItem\":{\"@type\":\"ListItem\",\"@id\":\"https:\\\/\\\/candas365.es\\\/noticias#listItem\",\"name\":\"Home\"}},{\"@type\":\"ListItem\",\"@id\":\"https:\\\/\\\/candas365.es\\\/noticias\\\/el-ine-comenzara-2025-publicando-el-primer-indice-del-alquiler\\\/#listItem\",\"position\":3,\"name\":\"El INE comenzar\\u00e1 2025 publicando el primer \\u00edndice del alquiler\",\"previousItem\":{\"@type\":\"ListItem\",\"@id\":\"https:\\\/\\\/candas365.es\\\/noticias\\\/category\\\/economia\\\/#listItem\",\"name\":\"Econom\\u00eda\"}}]},{\"@type\":\"NewsArticle\",\"@id\":\"https:\\\/\\\/candas365.es\\\/noticias\\\/el-ine-comenzara-2025-publicando-el-primer-indice-del-alquiler\\\/#newsarticle\",\"name\":\"El INE comenzar\\u00e1 2025 publicando el primer \\u00edndice del alquiler | Cand\\u00e1s 365\",\"headline\":\"El INE comenzar\\u00e1 2025 publicando el primer \\u00edndice del alquiler\",\"author\":{\"@id\":\"https:\\\/\\\/candas365.es\\\/noticias\\\/author\\\/admin\\\/#author\"},\"publisher\":{\"@id\":\"https:\\\/\\\/candas365.es\\\/noticias\\\/#organization\"},\"image\":{\"@type\":\"ImageObject\",\"url\":\"https:\\\/\\\/candas365.es\\\/noticias\\\/wp-content\\\/uploads\\\/2025\\\/01\\\/alquiler.jpg\",\"width\":640,\"height\":427,\"caption\":\"alquiler\"},\"datePublished\":\"2025-01-01T15:24:46+01:00\",\"dateModified\":\"2025-01-01T15:25:35+01:00\",\"inLanguage\":\"es-ES\",\"mainEntityOfPage\":{\"@id\":\"https:\\\/\\\/candas365.es\\\/noticias\\\/el-ine-comenzara-2025-publicando-el-primer-indice-del-alquiler\\\/#webpage\"},\"isPartOf\":{\"@id\":\"https:\\\/\\\/candas365.es\\\/noticias\\\/el-ine-comenzara-2025-publicando-el-primer-indice-del-alquiler\\\/#webpage\"},\"articleSection\":\"Econom\\u00eda, Econom\\u00eda\",\"dateline\":\"Publicado el enero 1, 2025.\"},{\"@type\":\"Organization\",\"@id\":\"https:\\\/\\\/candas365.es\\\/noticias\\\/#organization\",\"name\":\"Cand\\u00e1s 365\",\"description\":\"Cand\\u00e1s 365 es un diario digital independiente, fundado en 2012, con base en Asturias. Informamos con rigor sobre actualidad, sociedad, cultura y ocio, con una mirada local y global.\",\"url\":\"https:\\\/\\\/candas365.es\\\/noticias\\\/\",\"email\":\"info@candas365.es\",\"telephone\":\"+34652131393\",\"foundingDate\":\"2012-06-10\",\"logo\":{\"@type\":\"ImageObject\",\"url\":\"https:\\\/\\\/candas365.es\\\/noticias\\\/wp-content\\\/uploads\\\/2024\\\/09\\\/Candas-365-Redes.jpg\",\"@id\":\"https:\\\/\\\/candas365.es\\\/noticias\\\/el-ine-comenzara-2025-publicando-el-primer-indice-del-alquiler\\\/#organizationLogo\",\"width\":1152,\"height\":864,\"caption\":\"Cand\\u00e1s 365 Redes\"},\"image\":{\"@id\":\"https:\\\/\\\/candas365.es\\\/noticias\\\/el-ine-comenzara-2025-publicando-el-primer-indice-del-alquiler\\\/#organizationLogo\"},\"sameAs\":[\"https:\\\/\\\/www.facebook.com\\\/Nachofdezber\",\"https:\\\/\\\/x.com\\\/NabercoDigital\",\"https:\\\/\\\/www.instagram.com\\\/nachofdezber\\\/\",\"https:\\\/\\\/www.youtube.com\\\/channel\\\/UCZP-2wLEB9Rv6erhFmqVnvg\"],\"address\":{\"@id\":\"https:\\\/\\\/candas365.es\\\/noticias\\\/#postaladdress\",\"@type\":\"PostalAddress\",\"streetAddress\":\"san antonio 4, san antonio 4\",\"postalCode\":\"33430\",\"addressLocality\":\"Cand\\u00e1s\",\"addressRegion\":\"Asturias\",\"addressCountry\":\"ES\"}},{\"@type\":\"Person\",\"@id\":\"https:\\\/\\\/candas365.es\\\/noticias\\\/author\\\/admin\\\/#author\",\"url\":\"https:\\\/\\\/candas365.es\\\/noticias\\\/author\\\/admin\\\/\",\"name\":\"Cand\\u00e1s 365\",\"image\":{\"@type\":\"ImageObject\",\"@id\":\"https:\\\/\\\/candas365.es\\\/noticias\\\/el-ine-comenzara-2025-publicando-el-primer-indice-del-alquiler\\\/#authorImage\",\"url\":\"https:\\\/\\\/secure.gravatar.com\\\/avatar\\\/496a8e03d0c493ede1718b7934145dbdf8d89be1036b0eec9544e1094c9de390?s=96&d=mm&r=g\",\"width\":96,\"height\":96,\"caption\":\"Cand\\u00e1s 365\"},\"sameAs\":[\"https:\\\/\\\/www.facebook.com\\\/carrenoactualidad\",\"https:\\\/\\\/twitter.com\\\/nbasturias\",\"https:\\\/\\\/www.instagram.com\\\/nachofdezber\\\/\",\"https:\\\/\\\/www.youtube.com\\\/channel\\\/UCZP-2wLEB9Rv6erhFmqVnvg\"]},{\"@type\":\"WebPage\",\"@id\":\"https:\\\/\\\/candas365.es\\\/noticias\\\/el-ine-comenzara-2025-publicando-el-primer-indice-del-alquiler\\\/#webpage\",\"url\":\"https:\\\/\\\/candas365.es\\\/noticias\\\/el-ine-comenzara-2025-publicando-el-primer-indice-del-alquiler\\\/\",\"name\":\"El INE comenzar\\u00e1 2025 publicando el primer \\u00edndice del alquiler | Cand\\u00e1s 365\",\"description\":\"El INE publicar\\u00e1 el jueves los primeros resultados del \\u00edndice de referencia de los contratos de arrendamiento de vivienda, que actuar\\u00e1 como l\\u00edmite para\",\"inLanguage\":\"es-ES\",\"isPartOf\":{\"@id\":\"https:\\\/\\\/candas365.es\\\/noticias\\\/#website\"},\"breadcrumb\":{\"@id\":\"https:\\\/\\\/candas365.es\\\/noticias\\\/el-ine-comenzara-2025-publicando-el-primer-indice-del-alquiler\\\/#breadcrumblist\"},\"author\":{\"@id\":\"https:\\\/\\\/candas365.es\\\/noticias\\\/author\\\/admin\\\/#author\"},\"creator\":{\"@id\":\"https:\\\/\\\/candas365.es\\\/noticias\\\/author\\\/admin\\\/#author\"},\"image\":{\"@type\":\"ImageObject\",\"url\":\"https:\\\/\\\/candas365.es\\\/noticias\\\/wp-content\\\/uploads\\\/2025\\\/01\\\/alquiler.jpg\",\"@id\":\"https:\\\/\\\/candas365.es\\\/noticias\\\/el-ine-comenzara-2025-publicando-el-primer-indice-del-alquiler\\\/#mainImage\",\"width\":640,\"height\":427,\"caption\":\"alquiler\"},\"primaryImageOfPage\":{\"@id\":\"https:\\\/\\\/candas365.es\\\/noticias\\\/el-ine-comenzara-2025-publicando-el-primer-indice-del-alquiler\\\/#mainImage\"},\"datePublished\":\"2025-01-01T15:24:46+01:00\",\"dateModified\":\"2025-01-01T15:25:35+01:00\"},{\"@type\":\"WebSite\",\"@id\":\"https:\\\/\\\/candas365.es\\\/noticias\\\/#website\",\"url\":\"https:\\\/\\\/candas365.es\\\/noticias\\\/\",\"name\":\"Cand\\u00e1s 365\",\"alternateName\":\"Cand\\u00e1s 365 Noticias\",\"description\":\"Actualidad desde Carre\\u00f1o para el mundo\",\"inLanguage\":\"es-ES\",\"publisher\":{\"@id\":\"https:\\\/\\\/candas365.es\\\/noticias\\\/#organization\"}}]}\n\t\t<\/script>\n\t\t<!-- All in One SEO Pro -->\r\n\t\t<title>El INE comenzar\u00e1 2025 publicando el primer \u00edndice del alquiler | Cand\u00e1s 365<\/title>\n\n","aioseo_head_json":{"title":"El INE comenzar\u00e1 2025 publicando el primer \u00edndice del alquiler | Cand\u00e1s 365","description":"El INE publicar\u00e1 el jueves los primeros resultados del \u00edndice de referencia de los contratos de arrendamiento de vivienda, que actuar\u00e1 como l\u00edmite para","canonical_url":"https:\/\/candas365.es\/noticias\/el-ine-comenzara-2025-publicando-el-primer-indice-del-alquiler\/","robots":"max-image-preview:large","keywords":"econom\u00eda","webmasterTools":{"google-site-verification":"UA-32230408-1","msvalidate.01":"354F3CDFB2DA171B47FBE9ABF1F88D5","miscellaneous":""},"schema":{"@context":"https:\/\/schema.org","@graph":[{"@type":"BreadcrumbList","@id":"https:\/\/candas365.es\/noticias\/el-ine-comenzara-2025-publicando-el-primer-indice-del-alquiler\/#breadcrumblist","itemListElement":[{"@type":"ListItem","@id":"https:\/\/candas365.es\/noticias#listItem","position":1,"name":"Home","item":"https:\/\/candas365.es\/noticias","nextItem":{"@type":"ListItem","@id":"https:\/\/candas365.es\/noticias\/category\/economia\/#listItem","name":"Econom\u00eda"}},{"@type":"ListItem","@id":"https:\/\/candas365.es\/noticias\/category\/economia\/#listItem","position":2,"name":"Econom\u00eda","item":"https:\/\/candas365.es\/noticias\/category\/economia\/","nextItem":{"@type":"ListItem","@id":"https:\/\/candas365.es\/noticias\/el-ine-comenzara-2025-publicando-el-primer-indice-del-alquiler\/#listItem","name":"El INE comenzar\u00e1 2025 publicando el primer \u00edndice del alquiler"},"previousItem":{"@type":"ListItem","@id":"https:\/\/candas365.es\/noticias#listItem","name":"Home"}},{"@type":"ListItem","@id":"https:\/\/candas365.es\/noticias\/el-ine-comenzara-2025-publicando-el-primer-indice-del-alquiler\/#listItem","position":3,"name":"El INE comenzar\u00e1 2025 publicando el primer \u00edndice del alquiler","previousItem":{"@type":"ListItem","@id":"https:\/\/candas365.es\/noticias\/category\/economia\/#listItem","name":"Econom\u00eda"}}]},{"@type":"NewsArticle","@id":"https:\/\/candas365.es\/noticias\/el-ine-comenzara-2025-publicando-el-primer-indice-del-alquiler\/#newsarticle","name":"El INE comenzar\u00e1 2025 publicando el primer \u00edndice del alquiler | Cand\u00e1s 365","headline":"El INE comenzar\u00e1 2025 publicando el primer \u00edndice del alquiler","author":{"@id":"https:\/\/candas365.es\/noticias\/author\/admin\/#author"},"publisher":{"@id":"https:\/\/candas365.es\/noticias\/#organization"},"image":{"@type":"ImageObject","url":"https:\/\/candas365.es\/noticias\/wp-content\/uploads\/2025\/01\/alquiler.jpg","width":640,"height":427,"caption":"alquiler"},"datePublished":"2025-01-01T15:24:46+01:00","dateModified":"2025-01-01T15:25:35+01:00","inLanguage":"es-ES","mainEntityOfPage":{"@id":"https:\/\/candas365.es\/noticias\/el-ine-comenzara-2025-publicando-el-primer-indice-del-alquiler\/#webpage"},"isPartOf":{"@id":"https:\/\/candas365.es\/noticias\/el-ine-comenzara-2025-publicando-el-primer-indice-del-alquiler\/#webpage"},"articleSection":"Econom\u00eda, Econom\u00eda","dateline":"Publicado el enero 1, 2025."},{"@type":"Organization","@id":"https:\/\/candas365.es\/noticias\/#organization","name":"Cand\u00e1s 365","description":"Cand\u00e1s 365 es un diario digital independiente, fundado en 2012, con base en Asturias. Informamos con rigor sobre actualidad, sociedad, cultura y ocio, con una mirada local y global.","url":"https:\/\/candas365.es\/noticias\/","email":"info@candas365.es","telephone":"+34652131393","foundingDate":"2012-06-10","logo":{"@type":"ImageObject","url":"https:\/\/candas365.es\/noticias\/wp-content\/uploads\/2024\/09\/Candas-365-Redes.jpg","@id":"https:\/\/candas365.es\/noticias\/el-ine-comenzara-2025-publicando-el-primer-indice-del-alquiler\/#organizationLogo","width":1152,"height":864,"caption":"Cand\u00e1s 365 Redes"},"image":{"@id":"https:\/\/candas365.es\/noticias\/el-ine-comenzara-2025-publicando-el-primer-indice-del-alquiler\/#organizationLogo"},"sameAs":["https:\/\/www.facebook.com\/Nachofdezber","https:\/\/x.com\/NabercoDigital","https:\/\/www.instagram.com\/nachofdezber\/","https:\/\/www.youtube.com\/channel\/UCZP-2wLEB9Rv6erhFmqVnvg"],"address":{"@id":"https:\/\/candas365.es\/noticias\/#postaladdress","@type":"PostalAddress","streetAddress":"san antonio 4, san antonio 4","postalCode":"33430","addressLocality":"Cand\u00e1s","addressRegion":"Asturias","addressCountry":"ES"}},{"@type":"Person","@id":"https:\/\/candas365.es\/noticias\/author\/admin\/#author","url":"https:\/\/candas365.es\/noticias\/author\/admin\/","name":"Cand\u00e1s 365","image":{"@type":"ImageObject","@id":"https:\/\/candas365.es\/noticias\/el-ine-comenzara-2025-publicando-el-primer-indice-del-alquiler\/#authorImage","url":"https:\/\/secure.gravatar.com\/avatar\/496a8e03d0c493ede1718b7934145dbdf8d89be1036b0eec9544e1094c9de390?s=96&d=mm&r=g","width":96,"height":96,"caption":"Cand\u00e1s 365"},"sameAs":["https:\/\/www.facebook.com\/carrenoactualidad","https:\/\/twitter.com\/nbasturias","https:\/\/www.instagram.com\/nachofdezber\/","https:\/\/www.youtube.com\/channel\/UCZP-2wLEB9Rv6erhFmqVnvg"]},{"@type":"WebPage","@id":"https:\/\/candas365.es\/noticias\/el-ine-comenzara-2025-publicando-el-primer-indice-del-alquiler\/#webpage","url":"https:\/\/candas365.es\/noticias\/el-ine-comenzara-2025-publicando-el-primer-indice-del-alquiler\/","name":"El INE comenzar\u00e1 2025 publicando el primer \u00edndice del alquiler | Cand\u00e1s 365","description":"El INE publicar\u00e1 el jueves los primeros resultados del \u00edndice de referencia de los contratos de arrendamiento de vivienda, que actuar\u00e1 como l\u00edmite para","inLanguage":"es-ES","isPartOf":{"@id":"https:\/\/candas365.es\/noticias\/#website"},"breadcrumb":{"@id":"https:\/\/candas365.es\/noticias\/el-ine-comenzara-2025-publicando-el-primer-indice-del-alquiler\/#breadcrumblist"},"author":{"@id":"https:\/\/candas365.es\/noticias\/author\/admin\/#author"},"creator":{"@id":"https:\/\/candas365.es\/noticias\/author\/admin\/#author"},"image":{"@type":"ImageObject","url":"https:\/\/candas365.es\/noticias\/wp-content\/uploads\/2025\/01\/alquiler.jpg","@id":"https:\/\/candas365.es\/noticias\/el-ine-comenzara-2025-publicando-el-primer-indice-del-alquiler\/#mainImage","width":640,"height":427,"caption":"alquiler"},"primaryImageOfPage":{"@id":"https:\/\/candas365.es\/noticias\/el-ine-comenzara-2025-publicando-el-primer-indice-del-alquiler\/#mainImage"},"datePublished":"2025-01-01T15:24:46+01:00","dateModified":"2025-01-01T15:25:35+01:00"},{"@type":"WebSite","@id":"https:\/\/candas365.es\/noticias\/#website","url":"https:\/\/candas365.es\/noticias\/","name":"Cand\u00e1s 365","alternateName":"Cand\u00e1s 365 Noticias","description":"Actualidad desde Carre\u00f1o para el mundo","inLanguage":"es-ES","publisher":{"@id":"https:\/\/candas365.es\/noticias\/#organization"}}]},"og:locale":"es_ES","og:site_name":"Cand\u00e1s 365","og:type":"article","og:title":"El INE comenzar\u00e1 2025 publicando el primer \u00edndice del alquiler | Cand\u00e1s 365","og:description":"El INE publicar\u00e1 el jueves los primeros resultados del \u00edndice de referencia de los contratos de arrendamiento de vivienda, que actuar\u00e1 como l\u00edmite para","og:url":"https:\/\/candas365.es\/noticias\/el-ine-comenzara-2025-publicando-el-primer-indice-del-alquiler\/","og:image":"https:\/\/candas365.es\/noticias\/wp-content\/uploads\/2025\/01\/alquiler.jpg","og:image:secure_url":"https:\/\/candas365.es\/noticias\/wp-content\/uploads\/2025\/01\/alquiler.jpg","og:image:width":640,"og:image:height":427,"article:published_time":"2025-01-01T14:24:46+00:00","article:modified_time":"2025-01-01T14:25:35+00:00","article:publisher":"https:\/\/www.facebook.com\/Nachofdezber","article:author":"https:\/\/www.facebook.com\/carrenoactualidad","twitter:card":"summary_large_image","twitter:site":"@NabercoDigital","twitter:title":"El INE comenzar\u00e1 2025 publicando el primer \u00edndice del alquiler | Cand\u00e1s 365","twitter:description":"El INE publicar\u00e1 el jueves los primeros resultados del \u00edndice de referencia de los contratos de arrendamiento de vivienda, que actuar\u00e1 como l\u00edmite para","twitter:creator":"@nbasturias","twitter:image":"https:\/\/candas365.es\/noticias\/wp-content\/uploads\/2025\/01\/alquiler.jpg","twitter:label1":"Escrito por","twitter:data1":"Cand\u00e1s 365","twitter:label2":"Tiempo de lectura estimado","twitter:data2":"2 minutos"},"aioseo_meta_data":{"post_id":"184701","title":null,"description":"El INE publicar\u00e1 el jueves los primeros resultados del \u00edndice de referencia de los contratos de arrendamiento de vivienda, que actuar\u00e1 como l\u00edmite para","keywords":null,"keyphrases":{"focus":{"keyphrase":"alquiler","score":80,"analysis":{"keyphraseInTitle":{"score":9,"maxScore":9,"error":0},"keyphraseInDescription":{"score":3,"maxScore":9,"error":1},"keyphraseLength":{"score":9,"maxScore":9,"error":0,"length":1},"keyphraseInURL":{"score":5,"maxScore":5,"error":0},"keyphraseInIntroduction":{"score":3,"maxScore":9,"error":1},"keyphraseInSubHeadings":[],"keyphraseInImageAlt":{"score":9,"maxScore":9,"error":0},"keywordDensity":{"type":"best","score":9,"maxScore":9,"error":0}}},"additional":[{"keyphrase":"INE","score":87,"analysis":{"keyphraseInDescription":{"score":9,"maxScore":9,"error":0},"keyphraseLength":{"score":9,"maxScore":9,"error":0,"length":1},"keyphraseInIntroduction":{"score":9,"maxScore":9,"error":0},"keyphraseInImageAlt":{"score":3,"maxScore":9,"error":1},"keywordDensity":{"type":"best","score":9,"maxScore":9,"error":0}}}]},"primary_term":null,"canonical_url":null,"og_title":null,"og_description":null,"og_object_type":"default","og_image_type":"default","og_image_url":null,"og_image_width":null,"og_image_height":null,"og_image_custom_url":null,"og_image_custom_fields":null,"og_video":"","og_custom_url":null,"og_article_section":null,"og_article_tags":null,"twitter_use_og":false,"twitter_card":"default","twitter_image_type":"default","twitter_image_url":null,"twitter_image_custom_url":null,"twitter_image_custom_fields":null,"twitter_title":null,"twitter_description":null,"schema":{"blockGraphs":[],"customGraphs":[],"default":{"data":{"Article":[],"Course":[],"Dataset":[],"FAQPage":[],"Movie":[],"Person":[],"Product":[],"ProductReview":[],"Car":[],"Recipe":[],"Service":[],"SoftwareApplication":[],"WebPage":[]},"graphName":"Article","isEnabled":true},"graphs":[]},"schema_type":"default","schema_type_options":null,"pillar_content":false,"robots_default":true,"robots_noindex":false,"robots_noarchive":false,"robots_nosnippet":false,"robots_nofollow":false,"robots_noimageindex":false,"robots_noodp":false,"robots_notranslate":false,"robots_max_snippet":"-1","robots_max_videopreview":"-1","robots_max_imagepreview":"large","priority":null,"frequency":"default","location":null,"local_seo":null,"seo_analyzer_scan_date":"2025-09-03 09:14:22","breadcrumb_settings":null,"limit_modified_date":false,"reviewed_by":null,"open_ai":"{\"title\":{\"suggestions\":[],\"usage\":0},\"description\":{\"suggestions\":[],\"usage\":0}}","ai":null,"created":"2025-01-01 14:18:38","updated":"2025-09-03 09:14:22"},"aioseo_breadcrumb":"<div class=\"aioseo-breadcrumbs\"><span class=\"aioseo-breadcrumb\">\n\t<a href=\"https:\/\/candas365.es\/noticias\" title=\"Home\">Home<\/a>\n<\/span><span class=\"aioseo-breadcrumb-separator\">&ndash;<\/span><span class=\"aioseo-breadcrumb\">\n\t<a href=\"https:\/\/candas365.es\/noticias\/category\/economia\/\" title=\"Econom\u00eda\">Econom\u00eda<\/a>\n<\/span><span class=\"aioseo-breadcrumb-separator\">&ndash;<\/span><span class=\"aioseo-breadcrumb\">\n\tEl INE comenzar\u00e1 2025 publicando el primer \u00edndice del alquiler\n<\/span><\/div>","aioseo_breadcrumb_json":[{"label":"Home","link":"https:\/\/candas365.es\/noticias"},{"label":"Econom\u00eda","link":"https:\/\/candas365.es\/noticias\/category\/economia\/"},{"label":"El INE comenzar\u00e1 2025 publicando el primer \u00edndice del alquiler","link":"https:\/\/candas365.es\/noticias\/el-ine-comenzara-2025-publicando-el-primer-indice-del-alquiler\/"}],"_links":{"self":[{"href":"https:\/\/candas365.es\/noticias\/wp-json\/wp\/v2\/posts\/184701","targetHints":{"allow":["GET"]}}],"collection":[{"href":"https:\/\/candas365.es\/noticias\/wp-json\/wp\/v2\/posts"}],"about":[{"href":"https:\/\/candas365.es\/noticias\/wp-json\/wp\/v2\/types\/post"}],"author":[{"embeddable":true,"href":"https:\/\/candas365.es\/noticias\/wp-json\/wp\/v2\/users\/1"}],"replies":[{"embeddable":true,"href":"https:\/\/candas365.es\/noticias\/wp-json\/wp\/v2\/comments?post=184701"}],"version-history":[{"count":0,"href":"https:\/\/candas365.es\/noticias\/wp-json\/wp\/v2\/posts\/184701\/revisions"}],"wp:featuredmedia":[{"embeddable":true,"href":"https:\/\/candas365.es\/noticias\/wp-json\/wp\/v2\/media\/184702"}],"wp:attachment":[{"href":"https:\/\/candas365.es\/noticias\/wp-json\/wp\/v2\/media?parent=184701"}],"wp:term":[{"taxonomy":"category","embeddable":true,"href":"https:\/\/candas365.es\/noticias\/wp-json\/wp\/v2\/categories?post=184701"},{"taxonomy":"post_tag","embeddable":true,"href":"https:\/\/candas365.es\/noticias\/wp-json\/wp\/v2\/tags?post=184701"}],"curies":[{"name":"wp","href":"https:\/\/api.w.org\/{rel}","templated":true}]}}