{"id":184390,"date":"2024-11-26T01:37:18","date_gmt":"2024-11-26T00:37:18","guid":{"rendered":"https:\/\/candas365.es\/noticias\/?p=184390"},"modified":"2024-11-26T01:37:18","modified_gmt":"2024-11-26T00:37:18","slug":"el-pp-rechaza-retomar-la-negociacion-migratoria","status":"publish","type":"post","link":"https:\/\/candas365.es\/noticias\/el-pp-rechaza-retomar-la-negociacion-migratoria\/","title":{"rendered":"El PP rechaza retomar la negociaci\u00f3n migratoria"},"content":{"rendered":"<p>El PP declin\u00f3 el lunes la nueva oferta del Gobierno para reanudar las conversaciones y sellar un acuerdo que permitan distribuir a los miles de menores migrantes que se encuentran a la espera de salir de Canarias y Ceuta, comunidad y ciudad en las que gobiernan los populares y que apremian a G\u00e9nova a sentarse a negociar con el Ejecutivo.<\/p>\n<figure id=\"attachment_184391\" aria-describedby=\"caption-attachment-184391\" style=\"width: 650px\" class=\"wp-caption aligncenter\"><img fetchpriority=\"high\" decoding=\"async\" class=\"size-large wp-image-184391\" src=\"https:\/\/candas365.es\/noticias\/wp-content\/uploads\/2024\/11\/Tellado-PP-650x437.jpg\" alt=\"Tellado PP\" width=\"650\" height=\"437\" srcset=\"https:\/\/candas365.es\/noticias\/wp-content\/uploads\/2024\/11\/Tellado-PP-650x437.jpg 650w, https:\/\/candas365.es\/noticias\/wp-content\/uploads\/2024\/11\/Tellado-PP-360x242.jpg 360w, https:\/\/candas365.es\/noticias\/wp-content\/uploads\/2024\/11\/Tellado-PP-768x517.jpg 768w, https:\/\/candas365.es\/noticias\/wp-content\/uploads\/2024\/11\/Tellado-PP-150x101.jpg 150w, https:\/\/candas365.es\/noticias\/wp-content\/uploads\/2024\/11\/Tellado-PP-450x303.jpg 450w, https:\/\/candas365.es\/noticias\/wp-content\/uploads\/2024\/11\/Tellado-PP.jpg 1002w\" sizes=\"(max-width: 650px) 100vw, 650px\" \/><figcaption id=\"caption-attachment-184391\" class=\"wp-caption-text\">\u00c1ngel V\u00edctor Torres, Miguel Tellado y Fernando Calvijo se re\u00fanen en el Congreso de los Diputados | Foto del Gobierno<\/figcaption><\/figure>\n<p>\u00c1ngel V\u00edctor Torres, ministro de Pol\u00edtica Territorial e interlocutor gubernamental en esta materia, volvi\u00f3 a escribir en la ma\u00f1ana del s\u00e1bado a <a href=\"https:\/\/candas365.es\/noticias\/tellado-espana-no-se-merece-tener-un-gobierno-que-no-gobierna\/\"><span style=\"color: #ff6600;\"><strong>Miguel Tellado<\/strong><\/span><\/a>, su interlocutor y portavoz del PP en el Congreso. A trav\u00e9s de una carta, le plante\u00f3 dos fechas para volver a sentarse la pr\u00f3xima semana: el lunes 25 o el jueves 28, seg\u00fan el documento al que tuvo acceso Servimedia.<\/p>\n<p>Fuentes populares confirmaron en la tarde del lunes que Tellado rechaz\u00f3 la propuesta y reiter\u00f3 las mismas condiciones que esgrimi\u00f3 para suspender el di\u00e1logo el 5 de octubre. Es decir, que el Gobierno solicite a la Comisi\u00f3n Europea el despliegue de Frontex y pida el posible traslado de menores migrantes a otros pa\u00edses de la Uni\u00f3n a trav\u00e9s del Mecanismo Voluntario de Solidaridad.<\/p>\n<p>Desde La Moncloa consideran que ya han cumplido con esta premisa. El pasado 16 de septiembre, Torres envi\u00f3 una misiva a la presidenta del Ejecutivo comunitario, Ursula von der Leyen, en la que solicit\u00f3 \u201cla ayuda que sea precisa\u201d. Acto seguido, emplaz\u00f3 a Tellado a celebrar una nueva cumbre en la que participar\u00edan los presidentes de Canarias y Ceuta, Fernando Clavijo y Juan Jes\u00fas Vivas, quienes aceptaron la propuesta. \u00abParece un intento de diluir responsabilidades y ganar tiempo a costa de las comunidades m\u00e1s afectadas, que est\u00e1n soportando una presi\u00f3n migratoria sin precedentes, sin los recursos ni el apoyo necesario\u00bb, valoran ahora fuentes populares tras rechazar la invitaci\u00f3n.<\/p>\n<h2>JUNTS Y LAS COMPETENCIAS DE INMIGRACI\u00d3N<\/h2>\n<p>En privado, los populares tacharon este movimiento de \u201cpropaganda\u201d, no d\u00e1ndose por satisfechos hasta que haya una petici\u00f3n formal de sus reclamaciones. Adem\u00e1s, recalcaron que la dirigente alemana ha trasladado al PP que Europa est\u00e1 \u201cpreparada para asistir a Espa\u00f1a\u201d y ayudar en el \u201cdi\u00e1logo\u201d con otros pa\u00edses para relocalizar a los menores migrantes, y que Frontex ha confirmado a Alberto N\u00fa\u00f1ez Feij\u00f3o su \u201cdisposici\u00f3n\u201d a colaborar en la crisis migratoria.<\/p>\n<p>Si el Ejecutivo no cede a esta pretensi\u00f3n, que es solo el primer escollo de unas negociaciones con m\u00faltiples aristas y cuya dificultad est\u00e1 en determinar en qu\u00e9 grado se implica el Estado en la financiaci\u00f3n de la acogida de los menores, el PP no dar\u00e1 su brazo a torcer e invitar\u00e1 al Gobierno a buscar el apoyo de sus socios parlamentarios. Adem\u00e1s, la presunta implicaci\u00f3n de Torres en el \u2018caso Koldo\u2019 \u2013V\u00edctor de Aldama le acusa de pedirle 50.000 euros a trav\u00e9s de un tercero\u2013 enfr\u00eda a\u00fan m\u00e1s las posibilidades de que haya un acercamiento. De hecho, sospechan que este \u00faltimo paso puede ser una \u00abcortina de humo\u00bb.<\/p>\n<p>Por su parte, el ministro amag\u00f3 el viernes con una suerte de ultim\u00e1tum al principal partido de la oposici\u00f3n. \u201cO se est\u00e1 en la soluci\u00f3n de la respuesta a los menores no acompa\u00f1ados que llegan a los territorios frontera, o se est\u00e1 en el no. Creo que ya, despu\u00e9s de tanto tiempo, debemos tener una respuesta definitiva\u201d, declar\u00f3 en una rueda de prensa en La Moncloa en la \u00faltima ronda de reuniones de Pedro S\u00e1nchez con presidentes auton\u00f3micos.<\/p>\n<p>En el hipot\u00e9tico escenario de que el Gobierno opte por buscar el apoyo de sus socios parlamentarios para modificar el art\u00edculo 35 de la Ley de Extranjer\u00eda, el reto que tendr\u00e1 por delante ser\u00e1 convencer a Junts, ya que se niega a que Catalu\u00f1a participe en la relocalizaci\u00f3n de los menores migrantes. No obstante, en los \u00faltimos d\u00edas se ha avanzado mucho en el acuerdo para el traspaso \u201cintegral\u201d de las competencias de inmigraci\u00f3n, seg\u00fan fuentes gubernamentales. El secretario general de los independentistas catalanes, Jordi Turull, afirm\u00f3 este jueves que el debate ya es solo \u201cjur\u00eddico\u201d y no pol\u00edtico, y que se \u201cest\u00e1n cerrando\u201d los \u00faltimos \u201cflecos\u201d. Se desconoce el alcance y los efectos que tendr\u00eda de materializarse definitivamente sobre esta cuesti\u00f3n, dado que la Generalitat est\u00e1 en manos del PSC.<\/p>\n<h2>PRESI\u00d3N DE CANARIAS Y CEUTA<\/h2>\n<p>La negativa del PP choca con la postura de sus gobiernos en Canarias y Ceuta, las comunidades m\u00e1s afectadas por una crisis migratoria que ha desbordado la capacidad de sus centros de acogida. El presidente del Ejecutivo insular, que milita en Coalici\u00f3n Canaria y es socio de gobierno de los populares, Fernando Clavijo, defendi\u00f3 hace tres d\u00edas que es \u201cimprescindible\u201d retomar las negociaciones.<\/p>\n<p>\u201cTenemos que sentarnos, tenemos que ser capaces de darle una oportunidad a esos ni\u00f1os y a esas ni\u00f1as y darle una oportunidad tambi\u00e9n a Canarias, que no puede, la presi\u00f3n sigue y aguantamos y aguantamos, pero la presi\u00f3n es insostenible\u201d, se\u00f1al\u00f3.<\/p>\n<p>Clavijo ya fue en su momento muy cr\u00edtico con la decisi\u00f3n del PP de levantarse de la mesa. \u201cNo solo no la compartimos, sino que no la entendemos y desde luego no justificamos de ninguna manera que te levantes de una mesa de negociaci\u00f3n, sobre todo con un asunto tan importante como el que estamos hablando\u201d, afirm\u00f3 hace ya m\u00e1s de un mes tras reunirse con S\u00e1nchez en Madrid.<\/p>\n<p>Vivas tambi\u00e9n abog\u00f3 el pasado viernes por recuperar el di\u00e1logo. \u201cYo espero que el Partido Popular acuda a esa reuni\u00f3n pero que haya una buena disposici\u00f3n tambi\u00e9n por parte del Gobierno porque todo el mundo tiene aqu\u00ed que poner de su parte\u201d, dijo el presidente ceut\u00ed antes de abandonar La Moncloa. Gobierno, Canarias y Ceuta coinciden en que la soluci\u00f3n pasa por reformar el art\u00edculo 35 de la Ley de Extranjer\u00eda. Pero el PP solo acceder\u00e1 si el Ejecutivo garantiza su implicaci\u00f3n y compromiso econ\u00f3mico.<\/p>\n<p>(<a href=\"https:\/\/www.servimedia.es\/\" target=\"_blank\" rel=\"noopener\"><span style=\"color: #ff6600;\"><strong>SERVIMEDIA<\/strong><\/span><\/a>)<\/p>\n","protected":false},"excerpt":{"rendered":"<p>El PP declin\u00f3 el lunes la nueva oferta del Gobierno para reanudar las conversaciones y sellar un acuerdo que permitan distribuir a los miles de menores migrantes que se encuentran a la espera de salir de Canarias y Ceuta, comunidad y ciudad en las que gobiernan los populares y que apremian a G\u00e9nova a sentarse<\/p>\n","protected":false},"author":1,"featured_media":184391,"comment_status":"closed","ping_status":"closed","sticky":false,"template":"","format":"standard","meta":{"footnotes":""},"categories":[343],"tags":[470,480],"class_list":{"0":"post-184390","1":"post","2":"type-post","3":"status-publish","4":"format-standard","5":"has-post-thumbnail","7":"category-actualidad","8":"tag-politica","9":"tag-pp"},"aioseo_notices":[],"aioseo_head":"\n\t\t<!-- All in One SEO Pro 4.9.6.2 - aioseo.com -->\n\t<meta name=\"description\" content=\"El PP declin\u00f3 el lunes la nueva oferta del Gobierno para reanudar las conversaciones y sellar un acuerdo que permitan distribuir a los miles de menores\" \/>\n\t<meta name=\"robots\" content=\"max-image-preview:large\" \/>\n\t<meta name=\"author\" content=\"Cand\u00e1s 365\"\/>\n\t<meta name=\"google-site-verification\" content=\"UA-32230408-1\" \/>\n\t<meta name=\"msvalidate.01\" content=\"354F3CDFB2DA171B47FBE9ABF1F88D5\" \/>\n\t<meta name=\"keywords\" content=\"actualidad\" \/>\n\t<link rel=\"canonical\" href=\"https:\/\/candas365.es\/noticias\/el-pp-rechaza-retomar-la-negociacion-migratoria\/\" \/>\n\t<meta name=\"generator\" content=\"All in One SEO Pro (AIOSEO) 4.9.6.2\" \/>\n\t\t<meta property=\"og:locale\" content=\"es_ES\" \/>\n\t\t<meta property=\"og:site_name\" content=\"Cand\u00e1s 365\" \/>\n\t\t<meta property=\"og:type\" content=\"article\" \/>\n\t\t<meta property=\"og:title\" content=\"El PP rechaza retomar la negociaci\u00f3n migratoria | Cand\u00e1s 365\" \/>\n\t\t<meta property=\"og:description\" content=\"El PP declin\u00f3 el lunes la nueva oferta del Gobierno para reanudar las conversaciones y sellar un acuerdo que permitan distribuir a los miles de menores\" \/>\n\t\t<meta property=\"og:url\" content=\"https:\/\/candas365.es\/noticias\/el-pp-rechaza-retomar-la-negociacion-migratoria\/\" \/>\n\t\t<meta property=\"og:image\" content=\"https:\/\/candas365.es\/noticias\/wp-content\/uploads\/2024\/11\/Tellado-PP.jpg\" \/>\n\t\t<meta property=\"og:image:secure_url\" content=\"https:\/\/candas365.es\/noticias\/wp-content\/uploads\/2024\/11\/Tellado-PP.jpg\" \/>\n\t\t<meta property=\"og:image:width\" content=\"1002\" \/>\n\t\t<meta property=\"og:image:height\" content=\"674\" \/>\n\t\t<meta property=\"article:published_time\" content=\"2024-11-26T00:37:18+00:00\" \/>\n\t\t<meta property=\"article:modified_time\" content=\"2024-11-26T00:37:18+00:00\" \/>\n\t\t<meta property=\"article:publisher\" content=\"https:\/\/www.facebook.com\/Nachofdezber\" \/>\n\t\t<meta property=\"article:author\" content=\"https:\/\/www.facebook.com\/carrenoactualidad\" \/>\n\t\t<meta name=\"twitter:card\" content=\"summary_large_image\" \/>\n\t\t<meta name=\"twitter:site\" content=\"@NabercoDigital\" \/>\n\t\t<meta name=\"twitter:title\" content=\"El PP rechaza retomar la negociaci\u00f3n migratoria | Cand\u00e1s 365\" \/>\n\t\t<meta name=\"twitter:description\" content=\"El PP declin\u00f3 el lunes la nueva oferta del Gobierno para reanudar las conversaciones y sellar un acuerdo que permitan distribuir a los miles de menores\" \/>\n\t\t<meta name=\"twitter:creator\" content=\"@nbasturias\" \/>\n\t\t<meta name=\"twitter:image\" content=\"https:\/\/candas365.es\/noticias\/wp-content\/uploads\/2024\/11\/Tellado-PP.jpg\" \/>\n\t\t<meta name=\"twitter:label1\" content=\"Escrito por\" \/>\n\t\t<meta name=\"twitter:data1\" content=\"Cand\u00e1s 365\" \/>\n\t\t<meta name=\"twitter:label2\" content=\"Tiempo de lectura estimado\" \/>\n\t\t<meta name=\"twitter:data2\" content=\"5 minutos\" \/>\n\t\t<script type=\"application\/ld+json\" class=\"aioseo-schema\">\n\t\t\t{\"@context\":\"https:\\\/\\\/schema.org\",\"@graph\":[{\"@type\":\"BreadcrumbList\",\"@id\":\"https:\\\/\\\/candas365.es\\\/noticias\\\/el-pp-rechaza-retomar-la-negociacion-migratoria\\\/#breadcrumblist\",\"itemListElement\":[{\"@type\":\"ListItem\",\"@id\":\"https:\\\/\\\/candas365.es\\\/noticias#listItem\",\"position\":1,\"name\":\"Home\",\"item\":\"https:\\\/\\\/candas365.es\\\/noticias\",\"nextItem\":{\"@type\":\"ListItem\",\"@id\":\"https:\\\/\\\/candas365.es\\\/noticias\\\/category\\\/actualidad\\\/#listItem\",\"name\":\"Actualidad\"}},{\"@type\":\"ListItem\",\"@id\":\"https:\\\/\\\/candas365.es\\\/noticias\\\/category\\\/actualidad\\\/#listItem\",\"position\":2,\"name\":\"Actualidad\",\"item\":\"https:\\\/\\\/candas365.es\\\/noticias\\\/category\\\/actualidad\\\/\",\"nextItem\":{\"@type\":\"ListItem\",\"@id\":\"https:\\\/\\\/candas365.es\\\/noticias\\\/el-pp-rechaza-retomar-la-negociacion-migratoria\\\/#listItem\",\"name\":\"El PP rechaza retomar la negociaci\\u00f3n migratoria\"},\"previousItem\":{\"@type\":\"ListItem\",\"@id\":\"https:\\\/\\\/candas365.es\\\/noticias#listItem\",\"name\":\"Home\"}},{\"@type\":\"ListItem\",\"@id\":\"https:\\\/\\\/candas365.es\\\/noticias\\\/el-pp-rechaza-retomar-la-negociacion-migratoria\\\/#listItem\",\"position\":3,\"name\":\"El PP rechaza retomar la negociaci\\u00f3n migratoria\",\"previousItem\":{\"@type\":\"ListItem\",\"@id\":\"https:\\\/\\\/candas365.es\\\/noticias\\\/category\\\/actualidad\\\/#listItem\",\"name\":\"Actualidad\"}}]},{\"@type\":\"NewsArticle\",\"@id\":\"https:\\\/\\\/candas365.es\\\/noticias\\\/el-pp-rechaza-retomar-la-negociacion-migratoria\\\/#newsarticle\",\"name\":\"El PP rechaza retomar la negociaci\\u00f3n migratoria | Cand\\u00e1s 365\",\"headline\":\"El PP rechaza retomar la negociaci\\u00f3n migratoria\",\"author\":{\"@id\":\"https:\\\/\\\/candas365.es\\\/noticias\\\/author\\\/admin\\\/#author\"},\"publisher\":{\"@id\":\"https:\\\/\\\/candas365.es\\\/noticias\\\/#organization\"},\"image\":{\"@type\":\"ImageObject\",\"url\":\"https:\\\/\\\/candas365.es\\\/noticias\\\/wp-content\\\/uploads\\\/2024\\\/11\\\/Tellado-PP.jpg\",\"width\":1002,\"height\":674,\"caption\":\"\\u00c1ngel V\\u00edctor Torres, Miguel Tellado y Fernando Calvijo se re\\u00fanen en el Congreso de los Diputados | Foto del Gobierno\"},\"datePublished\":\"2024-11-26T01:37:18+01:00\",\"dateModified\":\"2024-11-26T01:37:18+01:00\",\"inLanguage\":\"es-ES\",\"mainEntityOfPage\":{\"@id\":\"https:\\\/\\\/candas365.es\\\/noticias\\\/el-pp-rechaza-retomar-la-negociacion-migratoria\\\/#webpage\"},\"isPartOf\":{\"@id\":\"https:\\\/\\\/candas365.es\\\/noticias\\\/el-pp-rechaza-retomar-la-negociacion-migratoria\\\/#webpage\"},\"articleSection\":\"Actualidad, pol\\u00edtica, PP\",\"dateline\":\"Publicado el noviembre 26, 2024.\"},{\"@type\":\"Organization\",\"@id\":\"https:\\\/\\\/candas365.es\\\/noticias\\\/#organization\",\"name\":\"Cand\\u00e1s 365\",\"description\":\"Cand\\u00e1s 365 es un diario digital independiente, fundado en 2012, con base en Asturias. Informamos con rigor sobre actualidad, sociedad, cultura y ocio, con una mirada local y global.\",\"url\":\"https:\\\/\\\/candas365.es\\\/noticias\\\/\",\"email\":\"info@candas365.es\",\"telephone\":\"+34652131393\",\"foundingDate\":\"2012-06-10\",\"logo\":{\"@type\":\"ImageObject\",\"url\":\"https:\\\/\\\/candas365.es\\\/noticias\\\/wp-content\\\/uploads\\\/2024\\\/09\\\/Candas-365-Redes.jpg\",\"@id\":\"https:\\\/\\\/candas365.es\\\/noticias\\\/el-pp-rechaza-retomar-la-negociacion-migratoria\\\/#organizationLogo\",\"width\":1152,\"height\":864,\"caption\":\"Cand\\u00e1s 365 Redes\"},\"image\":{\"@id\":\"https:\\\/\\\/candas365.es\\\/noticias\\\/el-pp-rechaza-retomar-la-negociacion-migratoria\\\/#organizationLogo\"},\"sameAs\":[\"https:\\\/\\\/www.facebook.com\\\/Nachofdezber\",\"https:\\\/\\\/x.com\\\/NabercoDigital\",\"https:\\\/\\\/www.instagram.com\\\/nachofdezber\\\/\",\"https:\\\/\\\/www.youtube.com\\\/channel\\\/UCZP-2wLEB9Rv6erhFmqVnvg\"],\"address\":{\"@id\":\"https:\\\/\\\/candas365.es\\\/noticias\\\/#postaladdress\",\"@type\":\"PostalAddress\",\"streetAddress\":\"san antonio 4, san antonio 4\",\"postalCode\":\"33430\",\"addressLocality\":\"Cand\\u00e1s\",\"addressRegion\":\"Asturias\",\"addressCountry\":\"ES\"}},{\"@type\":\"Person\",\"@id\":\"https:\\\/\\\/candas365.es\\\/noticias\\\/author\\\/admin\\\/#author\",\"url\":\"https:\\\/\\\/candas365.es\\\/noticias\\\/author\\\/admin\\\/\",\"name\":\"Cand\\u00e1s 365\",\"image\":{\"@type\":\"ImageObject\",\"@id\":\"https:\\\/\\\/candas365.es\\\/noticias\\\/el-pp-rechaza-retomar-la-negociacion-migratoria\\\/#authorImage\",\"url\":\"https:\\\/\\\/secure.gravatar.com\\\/avatar\\\/496a8e03d0c493ede1718b7934145dbdf8d89be1036b0eec9544e1094c9de390?s=96&d=mm&r=g\",\"width\":96,\"height\":96,\"caption\":\"Cand\\u00e1s 365\"},\"sameAs\":[\"https:\\\/\\\/www.facebook.com\\\/carrenoactualidad\",\"https:\\\/\\\/twitter.com\\\/nbasturias\",\"https:\\\/\\\/www.instagram.com\\\/nachofdezber\\\/\",\"https:\\\/\\\/www.youtube.com\\\/channel\\\/UCZP-2wLEB9Rv6erhFmqVnvg\"]},{\"@type\":\"WebPage\",\"@id\":\"https:\\\/\\\/candas365.es\\\/noticias\\\/el-pp-rechaza-retomar-la-negociacion-migratoria\\\/#webpage\",\"url\":\"https:\\\/\\\/candas365.es\\\/noticias\\\/el-pp-rechaza-retomar-la-negociacion-migratoria\\\/\",\"name\":\"El PP rechaza retomar la negociaci\\u00f3n migratoria | Cand\\u00e1s 365\",\"description\":\"El PP declin\\u00f3 el lunes la nueva oferta del Gobierno para reanudar las conversaciones y sellar un acuerdo que permitan distribuir a los miles de menores\",\"inLanguage\":\"es-ES\",\"isPartOf\":{\"@id\":\"https:\\\/\\\/candas365.es\\\/noticias\\\/#website\"},\"breadcrumb\":{\"@id\":\"https:\\\/\\\/candas365.es\\\/noticias\\\/el-pp-rechaza-retomar-la-negociacion-migratoria\\\/#breadcrumblist\"},\"author\":{\"@id\":\"https:\\\/\\\/candas365.es\\\/noticias\\\/author\\\/admin\\\/#author\"},\"creator\":{\"@id\":\"https:\\\/\\\/candas365.es\\\/noticias\\\/author\\\/admin\\\/#author\"},\"image\":{\"@type\":\"ImageObject\",\"url\":\"https:\\\/\\\/candas365.es\\\/noticias\\\/wp-content\\\/uploads\\\/2024\\\/11\\\/Tellado-PP.jpg\",\"@id\":\"https:\\\/\\\/candas365.es\\\/noticias\\\/el-pp-rechaza-retomar-la-negociacion-migratoria\\\/#mainImage\",\"width\":1002,\"height\":674,\"caption\":\"\\u00c1ngel V\\u00edctor Torres, Miguel Tellado y Fernando Calvijo se re\\u00fanen en el Congreso de los Diputados | Foto del Gobierno\"},\"primaryImageOfPage\":{\"@id\":\"https:\\\/\\\/candas365.es\\\/noticias\\\/el-pp-rechaza-retomar-la-negociacion-migratoria\\\/#mainImage\"},\"datePublished\":\"2024-11-26T01:37:18+01:00\",\"dateModified\":\"2024-11-26T01:37:18+01:00\"},{\"@type\":\"WebSite\",\"@id\":\"https:\\\/\\\/candas365.es\\\/noticias\\\/#website\",\"url\":\"https:\\\/\\\/candas365.es\\\/noticias\\\/\",\"name\":\"Cand\\u00e1s 365\",\"alternateName\":\"Cand\\u00e1s 365 Noticias\",\"description\":\"Actualidad desde Carre\\u00f1o para el mundo\",\"inLanguage\":\"es-ES\",\"publisher\":{\"@id\":\"https:\\\/\\\/candas365.es\\\/noticias\\\/#organization\"}}]}\n\t\t<\/script>\n\t\t<!-- All in One SEO Pro -->\r\n\t\t<title>El PP rechaza retomar la negociaci\u00f3n migratoria | Cand\u00e1s 365<\/title>\n\n","aioseo_head_json":{"title":"El PP rechaza retomar la negociaci\u00f3n migratoria | Cand\u00e1s 365","description":"El PP declin\u00f3 el lunes la nueva oferta del Gobierno para reanudar las conversaciones y sellar un acuerdo que permitan distribuir a los miles de menores","canonical_url":"https:\/\/candas365.es\/noticias\/el-pp-rechaza-retomar-la-negociacion-migratoria\/","robots":"max-image-preview:large","keywords":"actualidad","webmasterTools":{"google-site-verification":"UA-32230408-1","msvalidate.01":"354F3CDFB2DA171B47FBE9ABF1F88D5","miscellaneous":""},"schema":{"@context":"https:\/\/schema.org","@graph":[{"@type":"BreadcrumbList","@id":"https:\/\/candas365.es\/noticias\/el-pp-rechaza-retomar-la-negociacion-migratoria\/#breadcrumblist","itemListElement":[{"@type":"ListItem","@id":"https:\/\/candas365.es\/noticias#listItem","position":1,"name":"Home","item":"https:\/\/candas365.es\/noticias","nextItem":{"@type":"ListItem","@id":"https:\/\/candas365.es\/noticias\/category\/actualidad\/#listItem","name":"Actualidad"}},{"@type":"ListItem","@id":"https:\/\/candas365.es\/noticias\/category\/actualidad\/#listItem","position":2,"name":"Actualidad","item":"https:\/\/candas365.es\/noticias\/category\/actualidad\/","nextItem":{"@type":"ListItem","@id":"https:\/\/candas365.es\/noticias\/el-pp-rechaza-retomar-la-negociacion-migratoria\/#listItem","name":"El PP rechaza retomar la negociaci\u00f3n migratoria"},"previousItem":{"@type":"ListItem","@id":"https:\/\/candas365.es\/noticias#listItem","name":"Home"}},{"@type":"ListItem","@id":"https:\/\/candas365.es\/noticias\/el-pp-rechaza-retomar-la-negociacion-migratoria\/#listItem","position":3,"name":"El PP rechaza retomar la negociaci\u00f3n migratoria","previousItem":{"@type":"ListItem","@id":"https:\/\/candas365.es\/noticias\/category\/actualidad\/#listItem","name":"Actualidad"}}]},{"@type":"NewsArticle","@id":"https:\/\/candas365.es\/noticias\/el-pp-rechaza-retomar-la-negociacion-migratoria\/#newsarticle","name":"El PP rechaza retomar la negociaci\u00f3n migratoria | Cand\u00e1s 365","headline":"El PP rechaza retomar la negociaci\u00f3n migratoria","author":{"@id":"https:\/\/candas365.es\/noticias\/author\/admin\/#author"},"publisher":{"@id":"https:\/\/candas365.es\/noticias\/#organization"},"image":{"@type":"ImageObject","url":"https:\/\/candas365.es\/noticias\/wp-content\/uploads\/2024\/11\/Tellado-PP.jpg","width":1002,"height":674,"caption":"\u00c1ngel V\u00edctor Torres, Miguel Tellado y Fernando Calvijo se re\u00fanen en el Congreso de los Diputados | Foto del Gobierno"},"datePublished":"2024-11-26T01:37:18+01:00","dateModified":"2024-11-26T01:37:18+01:00","inLanguage":"es-ES","mainEntityOfPage":{"@id":"https:\/\/candas365.es\/noticias\/el-pp-rechaza-retomar-la-negociacion-migratoria\/#webpage"},"isPartOf":{"@id":"https:\/\/candas365.es\/noticias\/el-pp-rechaza-retomar-la-negociacion-migratoria\/#webpage"},"articleSection":"Actualidad, pol\u00edtica, PP","dateline":"Publicado el noviembre 26, 2024."},{"@type":"Organization","@id":"https:\/\/candas365.es\/noticias\/#organization","name":"Cand\u00e1s 365","description":"Cand\u00e1s 365 es un diario digital independiente, fundado en 2012, con base en Asturias. Informamos con rigor sobre actualidad, sociedad, cultura y ocio, con una mirada local y global.","url":"https:\/\/candas365.es\/noticias\/","email":"info@candas365.es","telephone":"+34652131393","foundingDate":"2012-06-10","logo":{"@type":"ImageObject","url":"https:\/\/candas365.es\/noticias\/wp-content\/uploads\/2024\/09\/Candas-365-Redes.jpg","@id":"https:\/\/candas365.es\/noticias\/el-pp-rechaza-retomar-la-negociacion-migratoria\/#organizationLogo","width":1152,"height":864,"caption":"Cand\u00e1s 365 Redes"},"image":{"@id":"https:\/\/candas365.es\/noticias\/el-pp-rechaza-retomar-la-negociacion-migratoria\/#organizationLogo"},"sameAs":["https:\/\/www.facebook.com\/Nachofdezber","https:\/\/x.com\/NabercoDigital","https:\/\/www.instagram.com\/nachofdezber\/","https:\/\/www.youtube.com\/channel\/UCZP-2wLEB9Rv6erhFmqVnvg"],"address":{"@id":"https:\/\/candas365.es\/noticias\/#postaladdress","@type":"PostalAddress","streetAddress":"san antonio 4, san antonio 4","postalCode":"33430","addressLocality":"Cand\u00e1s","addressRegion":"Asturias","addressCountry":"ES"}},{"@type":"Person","@id":"https:\/\/candas365.es\/noticias\/author\/admin\/#author","url":"https:\/\/candas365.es\/noticias\/author\/admin\/","name":"Cand\u00e1s 365","image":{"@type":"ImageObject","@id":"https:\/\/candas365.es\/noticias\/el-pp-rechaza-retomar-la-negociacion-migratoria\/#authorImage","url":"https:\/\/secure.gravatar.com\/avatar\/496a8e03d0c493ede1718b7934145dbdf8d89be1036b0eec9544e1094c9de390?s=96&d=mm&r=g","width":96,"height":96,"caption":"Cand\u00e1s 365"},"sameAs":["https:\/\/www.facebook.com\/carrenoactualidad","https:\/\/twitter.com\/nbasturias","https:\/\/www.instagram.com\/nachofdezber\/","https:\/\/www.youtube.com\/channel\/UCZP-2wLEB9Rv6erhFmqVnvg"]},{"@type":"WebPage","@id":"https:\/\/candas365.es\/noticias\/el-pp-rechaza-retomar-la-negociacion-migratoria\/#webpage","url":"https:\/\/candas365.es\/noticias\/el-pp-rechaza-retomar-la-negociacion-migratoria\/","name":"El PP rechaza retomar la negociaci\u00f3n migratoria | Cand\u00e1s 365","description":"El PP declin\u00f3 el lunes la nueva oferta del Gobierno para reanudar las conversaciones y sellar un acuerdo que permitan distribuir a los miles de menores","inLanguage":"es-ES","isPartOf":{"@id":"https:\/\/candas365.es\/noticias\/#website"},"breadcrumb":{"@id":"https:\/\/candas365.es\/noticias\/el-pp-rechaza-retomar-la-negociacion-migratoria\/#breadcrumblist"},"author":{"@id":"https:\/\/candas365.es\/noticias\/author\/admin\/#author"},"creator":{"@id":"https:\/\/candas365.es\/noticias\/author\/admin\/#author"},"image":{"@type":"ImageObject","url":"https:\/\/candas365.es\/noticias\/wp-content\/uploads\/2024\/11\/Tellado-PP.jpg","@id":"https:\/\/candas365.es\/noticias\/el-pp-rechaza-retomar-la-negociacion-migratoria\/#mainImage","width":1002,"height":674,"caption":"\u00c1ngel V\u00edctor Torres, Miguel Tellado y Fernando Calvijo se re\u00fanen en el Congreso de los Diputados | Foto del Gobierno"},"primaryImageOfPage":{"@id":"https:\/\/candas365.es\/noticias\/el-pp-rechaza-retomar-la-negociacion-migratoria\/#mainImage"},"datePublished":"2024-11-26T01:37:18+01:00","dateModified":"2024-11-26T01:37:18+01:00"},{"@type":"WebSite","@id":"https:\/\/candas365.es\/noticias\/#website","url":"https:\/\/candas365.es\/noticias\/","name":"Cand\u00e1s 365","alternateName":"Cand\u00e1s 365 Noticias","description":"Actualidad desde Carre\u00f1o para el mundo","inLanguage":"es-ES","publisher":{"@id":"https:\/\/candas365.es\/noticias\/#organization"}}]},"og:locale":"es_ES","og:site_name":"Cand\u00e1s 365","og:type":"article","og:title":"El PP rechaza retomar la negociaci\u00f3n migratoria | Cand\u00e1s 365","og:description":"El PP declin\u00f3 el lunes la nueva oferta del Gobierno para reanudar las conversaciones y sellar un acuerdo que permitan distribuir a los miles de menores","og:url":"https:\/\/candas365.es\/noticias\/el-pp-rechaza-retomar-la-negociacion-migratoria\/","og:image":"https:\/\/candas365.es\/noticias\/wp-content\/uploads\/2024\/11\/Tellado-PP.jpg","og:image:secure_url":"https:\/\/candas365.es\/noticias\/wp-content\/uploads\/2024\/11\/Tellado-PP.jpg","og:image:width":1002,"og:image:height":674,"article:published_time":"2024-11-26T00:37:18+00:00","article:modified_time":"2024-11-26T00:37:18+00:00","article:publisher":"https:\/\/www.facebook.com\/Nachofdezber","article:author":"https:\/\/www.facebook.com\/carrenoactualidad","twitter:card":"summary_large_image","twitter:site":"@NabercoDigital","twitter:title":"El PP rechaza retomar la negociaci\u00f3n migratoria | Cand\u00e1s 365","twitter:description":"El PP declin\u00f3 el lunes la nueva oferta del Gobierno para reanudar las conversaciones y sellar un acuerdo que permitan distribuir a los miles de menores","twitter:creator":"@nbasturias","twitter:image":"https:\/\/candas365.es\/noticias\/wp-content\/uploads\/2024\/11\/Tellado-PP.jpg","twitter:label1":"Escrito por","twitter:data1":"Cand\u00e1s 365","twitter:label2":"Tiempo de lectura estimado","twitter:data2":"5 minutos"},"aioseo_meta_data":{"post_id":"184390","title":null,"description":"El PP declin\u00f3 el lunes la nueva oferta del Gobierno para reanudar las conversaciones y sellar un acuerdo que permitan distribuir a los miles de menores","keywords":null,"keyphrases":{"focus":{"keyphrase":"PP","score":85,"analysis":{"keyphraseInTitle":{"score":9,"maxScore":9,"error":0},"keyphraseInDescription":{"score":9,"maxScore":9,"error":0},"keyphraseLength":{"score":9,"maxScore":9,"error":0,"length":1},"keyphraseInURL":{"score":1,"maxScore":5,"error":1},"keyphraseInIntroduction":{"score":9,"maxScore":9,"error":0},"keyphraseInSubHeadings":{"score":3,"maxScore":9,"error":1},"keyphraseInImageAlt":{"score":9,"maxScore":9,"error":0},"keywordDensity":{"type":"best","score":9,"maxScore":9,"error":0}}},"additional":[{"keyphrase":"PP","score":100,"analysis":{"keyphraseInDescription":{"score":9,"maxScore":9,"error":0},"keyphraseLength":{"score":9,"maxScore":9,"error":0,"length":1},"keyphraseInIntroduction":{"score":9,"maxScore":9,"error":0},"keyphraseInImageAlt":{"score":9,"maxScore":9,"error":0},"keywordDensity":{"type":"best","score":9,"maxScore":9,"error":0}}}]},"primary_term":null,"canonical_url":null,"og_title":null,"og_description":null,"og_object_type":"default","og_image_type":"default","og_image_url":null,"og_image_width":null,"og_image_height":null,"og_image_custom_url":null,"og_image_custom_fields":null,"og_video":"","og_custom_url":null,"og_article_section":null,"og_article_tags":null,"twitter_use_og":false,"twitter_card":"default","twitter_image_type":"default","twitter_image_url":null,"twitter_image_custom_url":null,"twitter_image_custom_fields":null,"twitter_title":null,"twitter_description":null,"schema":{"blockGraphs":[],"customGraphs":[],"default":{"data":{"Article":[],"Course":[],"Dataset":[],"FAQPage":[],"Movie":[],"Person":[],"Product":[],"ProductReview":[],"Car":[],"Recipe":[],"Service":[],"SoftwareApplication":[],"WebPage":[]},"graphName":"Article","isEnabled":true},"graphs":[]},"schema_type":"default","schema_type_options":null,"pillar_content":false,"robots_default":true,"robots_noindex":false,"robots_noarchive":false,"robots_nosnippet":false,"robots_nofollow":false,"robots_noimageindex":false,"robots_noodp":false,"robots_notranslate":false,"robots_max_snippet":"-1","robots_max_videopreview":"-1","robots_max_imagepreview":"large","priority":null,"frequency":"default","location":null,"local_seo":null,"seo_analyzer_scan_date":"2025-09-03 08:37:18","breadcrumb_settings":null,"limit_modified_date":false,"reviewed_by":null,"open_ai":"{\"title\":{\"suggestions\":[],\"usage\":0},\"description\":{\"suggestions\":[],\"usage\":0}}","ai":null,"created":"2024-11-26 00:30:19","updated":"2025-09-03 08:37:18"},"aioseo_breadcrumb":"<div class=\"aioseo-breadcrumbs\"><span class=\"aioseo-breadcrumb\">\n\t<a href=\"https:\/\/candas365.es\/noticias\" title=\"Home\">Home<\/a>\n<\/span><span class=\"aioseo-breadcrumb-separator\">&ndash;<\/span><span class=\"aioseo-breadcrumb\">\n\t<a href=\"https:\/\/candas365.es\/noticias\/category\/actualidad\/\" title=\"Actualidad\">Actualidad<\/a>\n<\/span><span class=\"aioseo-breadcrumb-separator\">&ndash;<\/span><span class=\"aioseo-breadcrumb\">\n\tEl PP rechaza retomar la negociaci\u00f3n migratoria\n<\/span><\/div>","aioseo_breadcrumb_json":[{"label":"Home","link":"https:\/\/candas365.es\/noticias"},{"label":"Actualidad","link":"https:\/\/candas365.es\/noticias\/category\/actualidad\/"},{"label":"El PP rechaza retomar la negociaci\u00f3n migratoria","link":"https:\/\/candas365.es\/noticias\/el-pp-rechaza-retomar-la-negociacion-migratoria\/"}],"_links":{"self":[{"href":"https:\/\/candas365.es\/noticias\/wp-json\/wp\/v2\/posts\/184390","targetHints":{"allow":["GET"]}}],"collection":[{"href":"https:\/\/candas365.es\/noticias\/wp-json\/wp\/v2\/posts"}],"about":[{"href":"https:\/\/candas365.es\/noticias\/wp-json\/wp\/v2\/types\/post"}],"author":[{"embeddable":true,"href":"https:\/\/candas365.es\/noticias\/wp-json\/wp\/v2\/users\/1"}],"replies":[{"embeddable":true,"href":"https:\/\/candas365.es\/noticias\/wp-json\/wp\/v2\/comments?post=184390"}],"version-history":[{"count":0,"href":"https:\/\/candas365.es\/noticias\/wp-json\/wp\/v2\/posts\/184390\/revisions"}],"wp:featuredmedia":[{"embeddable":true,"href":"https:\/\/candas365.es\/noticias\/wp-json\/wp\/v2\/media\/184391"}],"wp:attachment":[{"href":"https:\/\/candas365.es\/noticias\/wp-json\/wp\/v2\/media?parent=184390"}],"wp:term":[{"taxonomy":"category","embeddable":true,"href":"https:\/\/candas365.es\/noticias\/wp-json\/wp\/v2\/categories?post=184390"},{"taxonomy":"post_tag","embeddable":true,"href":"https:\/\/candas365.es\/noticias\/wp-json\/wp\/v2\/tags?post=184390"}],"curies":[{"name":"wp","href":"https:\/\/api.w.org\/{rel}","templated":true}]}}