{"id":184363,"date":"2024-11-24T18:12:25","date_gmt":"2024-11-24T17:12:25","guid":{"rendered":"https:\/\/candas365.es\/noticias\/?p=184363"},"modified":"2024-11-24T18:12:25","modified_gmt":"2024-11-24T17:12:25","slug":"vw-halt-an-werksschliesungen-fest-sparansage-auch-bei-bosch","status":"publish","type":"post","link":"https:\/\/candas365.es\/noticias\/vw-halt-an-werksschliesungen-fest-sparansage-auch-bei-bosch\/","title":{"rendered":"VW h\u00e4lt an Werksschlie\u00dfungen fest &#8211; Sparansage auch bei Bosch"},"content":{"rendered":"<p><span class=\"dateline\">Berlin\u00a0<span class=\"credit\">(<a href=\"https:\/\/www.dpa-news.de\/\"><span style=\"color: #ff6600;\"><strong>dpa<\/strong><\/span><\/a>)<\/span>\u00a0&#8211;\u00a0<\/span>Volkswagen h\u00e4lt trotz des Widerstands seiner Besch\u00e4ftigten an den Pl\u00e4nen zu Werksschlie\u00dfungen in<span style=\"color: #ff6600;\"><strong> <a style=\"color: #ff6600;\" href=\"https:\/\/candas365.es\/noticias\/category\/candas-news\/\">Deutschland<\/a><\/strong><\/span> fest. \u00abWir m\u00fcssen unsere Kapazit\u00e4ten verringern und an die neuen Realit\u00e4ten anpassen\u00bb, sagte VW-Markenchef Thomas Sch\u00e4fer der \u00abWelt am Sonntag\u00bb. Dazu geh\u00f6rten neben den Fahrzeugwerken auch die Komponentenstandorte. Auf die Frage, ob VW auf eine Werkschlie\u00dfung verzichten k\u00f6nne, sagte Sch\u00e4fer: \u00abWir sehen das aktuell nicht.\u00bb<\/p>\n<figure id=\"attachment_184364\" aria-describedby=\"caption-attachment-184364\" style=\"width: 650px\" class=\"wp-caption aligncenter\"><img fetchpriority=\"high\" decoding=\"async\" class=\"size-large wp-image-184364\" src=\"https:\/\/candas365.es\/noticias\/wp-content\/uploads\/2024\/11\/Beschaftigte-von-Volkswagen-650x431.jpg\" alt=\"Besch\u00e4ftigte von Volkswagen\" width=\"650\" height=\"431\" srcset=\"https:\/\/candas365.es\/noticias\/wp-content\/uploads\/2024\/11\/Beschaftigte-von-Volkswagen-650x431.jpg 650w, https:\/\/candas365.es\/noticias\/wp-content\/uploads\/2024\/11\/Beschaftigte-von-Volkswagen-360x239.jpg 360w, https:\/\/candas365.es\/noticias\/wp-content\/uploads\/2024\/11\/Beschaftigte-von-Volkswagen-768x510.jpg 768w, https:\/\/candas365.es\/noticias\/wp-content\/uploads\/2024\/11\/Beschaftigte-von-Volkswagen-150x100.jpg 150w, https:\/\/candas365.es\/noticias\/wp-content\/uploads\/2024\/11\/Beschaftigte-von-Volkswagen-450x299.jpg 450w, https:\/\/candas365.es\/noticias\/wp-content\/uploads\/2024\/11\/Beschaftigte-von-Volkswagen.jpg 993w\" sizes=\"(max-width: 650px) 100vw, 650px\" \/><figcaption id=\"caption-attachment-184364\" class=\"wp-caption-text\">Besch\u00e4ftigte von Volkswagen demonstrieren bei den Tarifverhandlungen von Volkswagen und IG Metall vor der Volkswagen Arena in Wolfsburg. Foto: Alicia Windzio\/dpa<\/figcaption><\/figure>\n<p>Auch K\u00fcndigungen wollte Sch\u00e4fer weiter nicht ausschlie\u00dfen. Der Stellenabbau \u00ab\u00fcber die demografische Kurve und mit den bisherigen Instrumenten wie Altersteilzeit und Aufhebungsangeboten wird nicht reichen\u00bb, sagte er. Das w\u00fcrde zu lange dauern. Bei der Neuaufstellung der Marke denke er an einen Zeitraum von drei oder vier Jahren. \u00abEs bringt nichts, eine Restrukturierung bis 2035 zu ziehen. Dann h\u00e4tte uns der Wettbewerb l\u00e4ngst abgeh\u00e4ngt.\u00bb<\/p>\n<p>Ziel sei es, die Marke Volkswagen wieder an die Spitze im Volumensegment zu f\u00fchren. Dazu m\u00fcsse das Unternehmen wirtschaftlich auf stabile F\u00fc\u00dfe gestellt werden. \u00abKonkret: Unsere Kapazit\u00e4ten in Europa sind zu hoch. Sie wurden geplant f\u00fcr einen Markt von rund 16 Millionen Fahrzeugen pro Jahr, jetzt ist der Automarkt in Europa auf 14 Millionen geschrumpft\u00bb, sagte der Manager. Gleichzeitig habe VW in Deutschland mit strukturellen Nachteilen zu k\u00e4mpfen. Dazu geh\u00f6rten auch die Arbeitskosten. Diese seien im Vergleich zum Wettbewerb und zu den eigenen Standorten in S\u00fcd- und Osteuropa etwa doppelt so hoch.<\/p>\n<p>Der Forderung der IG Metall nach Gehaltsk\u00fcrzungen auch im Management stimmte Sch\u00e4fer zu. \u00abWenn es eine Vereinbarung in den Tarifverhandlungen gibt, dann geh\u00f6rt es f\u00fcr mich dazu, dass Vorstand und Management einen Beitrag leisten\u00bb, sagte er. Bereits seit Januar sei das Fixgehalt des Vorstands um f\u00fcnf Prozent reduziert, das Management verzichte au\u00dferdem auf einen Inflationsausgleich von 1.000 Euro und 3,5 Prozent Gehaltserh\u00f6hung.<\/p>\n<p>Bei VW kommt es Anfang Dezember zu Warnstreiks. Das hat die Tarifkommission der IG Metall einstimmig beschlossen, wie die Gewerkschaft am Freitag mitteilte. Nach der bislang ergebnislosen Tarifrunde wolle man den Druck erh\u00f6hen. Standortschlie\u00dfungen und Massenentlassungen seien weiter nicht vom Tisch. Einzelheiten zu Terminen und betroffenen Standorten nannte die Gewerkschaft zun\u00e4chst nicht. IG-Metall-Verhandlungsf\u00fchrer Thorsten Gr\u00f6ger hatte zuvor betont: \u00abWenn n\u00f6tig, dann wird es ein Arbeitskampf werden, den die Bundesrepublik so seit Jahrzehnten nicht erlebt hat.\u00bb<\/p>\n<p>Auch beim Zulieferer Bosch rumort es. Neben dem Abbau Tausender Stellen setzt der Technologiekonzern zur Senkung der Kosten auch auf eine k\u00fcrzere Wochenarbeitszeit f\u00fcr einen Teil der Besch\u00e4ftigten in Deutschland. Insgesamt sind rund 10.000 Mitarbeitende betroffen, unter anderem an den Standorten Abstatt, Holzkirchen, Stuttgart-Feuerbach, Schwieberdingen, Hildesheim, Leonberg, Renningen, Schw\u00e4bisch Gm\u00fcnd und Gerlingen-Schillerh\u00f6he, wie eine Sprecherin auf Anfrage mitteilte. Die meisten Betroffenen haben bisher Vertr\u00e4ge, die eine w\u00f6chentliche Arbeitszeit von 38 bis 40 Stunden vorsehen. Mit der Verk\u00fcrzung der Arbeitszeit verringert sich auch das Gehalt entsprechend.<\/p>\n<p>Kritik an dem Vorgehen kam vom Betriebsratschef der Zuliefersparte, Frank Sell, der zugleich stellvertretender Aufsichtsratschef des Stiftungsunternehmens ist. Durch den Eingriff in das Entgelt der Besch\u00e4ftigten sei ein neuer Tiefpunkt in der Zusammenarbeit mit der Gesch\u00e4ftsf\u00fchrung erreicht. Damit werde der soziale Frieden im Unternehmen aufs Spiel gesetzt. \u00abWir werden unseren Widerstand zu diesen Pl\u00e4nen nun auf allen Ebenen organisieren\u00bb, teilte Sell mit.<\/p>\n","protected":false},"excerpt":{"rendered":"<p>Berlin\u00a0(dpa)\u00a0&#8211;\u00a0Volkswagen h\u00e4lt trotz des Widerstands seiner Besch\u00e4ftigten an den Pl\u00e4nen zu Werksschlie\u00dfungen in Deutschland fest. \u00abWir m\u00fcssen unsere Kapazit\u00e4ten verringern und an die neuen Realit\u00e4ten anpassen\u00bb, sagte VW-Markenchef Thomas Sch\u00e4fer der \u00abWelt am Sonntag\u00bb. Dazu geh\u00f6rten neben den Fahrzeugwerken auch die Komponentenstandorte. Auf die Frage, ob VW auf eine Werkschlie\u00dfung verzichten k\u00f6nne, sagte Sch\u00e4fer: \u00abWir<\/p>\n","protected":false},"author":1,"featured_media":184364,"comment_status":"closed","ping_status":"closed","sticky":false,"template":"","format":"standard","meta":{"footnotes":""},"categories":[536],"tags":[427],"class_list":{"0":"post-184363","1":"post","2":"type-post","3":"status-publish","4":"format-standard","5":"has-post-thumbnail","7":"category-candas-news","8":"tag-news"},"aioseo_notices":[],"aioseo_head":"\n\t\t<!-- All in One SEO Pro 4.9.6.2 - aioseo.com -->\n\t<meta name=\"description\" content=\"Berlin (dpa) - Volkswagen h\u00e4lt trotz des Widerstands seiner Besch\u00e4ftigten an den Pl\u00e4nen zu Werksschlie\u00dfungen in Deutschland fest. \u00abWir m\u00fcssen unsere\" \/>\n\t<meta name=\"robots\" content=\"max-image-preview:large\" \/>\n\t<meta name=\"author\" content=\"Cand\u00e1s 365\"\/>\n\t<meta name=\"google-site-verification\" content=\"UA-32230408-1\" \/>\n\t<meta name=\"msvalidate.01\" content=\"354F3CDFB2DA171B47FBE9ABF1F88D5\" \/>\n\t<meta name=\"keywords\" content=\"news\" \/>\n\t<link rel=\"canonical\" href=\"https:\/\/candas365.es\/noticias\/vw-halt-an-werksschliesungen-fest-sparansage-auch-bei-bosch\/\" \/>\n\t<meta name=\"generator\" content=\"All in One SEO Pro (AIOSEO) 4.9.6.2\" \/>\n\t\t<meta property=\"og:locale\" content=\"es_ES\" \/>\n\t\t<meta property=\"og:site_name\" content=\"Cand\u00e1s 365\" \/>\n\t\t<meta property=\"og:type\" content=\"article\" \/>\n\t\t<meta property=\"og:title\" content=\"VW h\u00e4lt an Werksschlie\u00dfungen fest \u2013 Sparansage auch bei Bosch | Cand\u00e1s 365\" \/>\n\t\t<meta property=\"og:description\" content=\"Berlin (dpa) - Volkswagen h\u00e4lt trotz des Widerstands seiner Besch\u00e4ftigten an den Pl\u00e4nen zu Werksschlie\u00dfungen in Deutschland fest. \u00abWir m\u00fcssen unsere\" \/>\n\t\t<meta property=\"og:url\" content=\"https:\/\/candas365.es\/noticias\/vw-halt-an-werksschliesungen-fest-sparansage-auch-bei-bosch\/\" \/>\n\t\t<meta property=\"og:image\" content=\"https:\/\/candas365.es\/noticias\/wp-content\/uploads\/2024\/11\/Beschaftigte-von-Volkswagen.jpg\" \/>\n\t\t<meta property=\"og:image:secure_url\" content=\"https:\/\/candas365.es\/noticias\/wp-content\/uploads\/2024\/11\/Beschaftigte-von-Volkswagen.jpg\" \/>\n\t\t<meta property=\"og:image:width\" content=\"993\" \/>\n\t\t<meta property=\"og:image:height\" content=\"659\" \/>\n\t\t<meta property=\"article:published_time\" content=\"2024-11-24T17:12:25+00:00\" \/>\n\t\t<meta property=\"article:modified_time\" content=\"2024-11-24T17:12:25+00:00\" \/>\n\t\t<meta property=\"article:publisher\" content=\"https:\/\/www.facebook.com\/Nachofdezber\" \/>\n\t\t<meta property=\"article:author\" content=\"https:\/\/www.facebook.com\/carrenoactualidad\" \/>\n\t\t<meta name=\"twitter:card\" content=\"summary_large_image\" \/>\n\t\t<meta name=\"twitter:site\" content=\"@NabercoDigital\" \/>\n\t\t<meta name=\"twitter:title\" content=\"VW h\u00e4lt an Werksschlie\u00dfungen fest \u2013 Sparansage auch bei Bosch | Cand\u00e1s 365\" \/>\n\t\t<meta name=\"twitter:description\" content=\"Berlin (dpa) - Volkswagen h\u00e4lt trotz des Widerstands seiner Besch\u00e4ftigten an den Pl\u00e4nen zu Werksschlie\u00dfungen in Deutschland fest. \u00abWir m\u00fcssen unsere\" \/>\n\t\t<meta name=\"twitter:creator\" content=\"@nbasturias\" \/>\n\t\t<meta name=\"twitter:image\" content=\"https:\/\/candas365.es\/noticias\/wp-content\/uploads\/2024\/11\/Beschaftigte-von-Volkswagen.jpg\" \/>\n\t\t<meta name=\"twitter:label1\" content=\"Escrito por\" \/>\n\t\t<meta name=\"twitter:data1\" content=\"Cand\u00e1s 365\" \/>\n\t\t<meta name=\"twitter:label2\" content=\"Tiempo de lectura estimado\" \/>\n\t\t<meta name=\"twitter:data2\" content=\"3 minutos\" \/>\n\t\t<script type=\"application\/ld+json\" class=\"aioseo-schema\">\n\t\t\t{\"@context\":\"https:\\\/\\\/schema.org\",\"@graph\":[{\"@type\":\"BreadcrumbList\",\"@id\":\"https:\\\/\\\/candas365.es\\\/noticias\\\/vw-halt-an-werksschliesungen-fest-sparansage-auch-bei-bosch\\\/#breadcrumblist\",\"itemListElement\":[{\"@type\":\"ListItem\",\"@id\":\"https:\\\/\\\/candas365.es\\\/noticias#listItem\",\"position\":1,\"name\":\"Home\",\"item\":\"https:\\\/\\\/candas365.es\\\/noticias\",\"nextItem\":{\"@type\":\"ListItem\",\"@id\":\"https:\\\/\\\/candas365.es\\\/noticias\\\/category\\\/candas-news\\\/#listItem\",\"name\":\"News\"}},{\"@type\":\"ListItem\",\"@id\":\"https:\\\/\\\/candas365.es\\\/noticias\\\/category\\\/candas-news\\\/#listItem\",\"position\":2,\"name\":\"News\",\"item\":\"https:\\\/\\\/candas365.es\\\/noticias\\\/category\\\/candas-news\\\/\",\"nextItem\":{\"@type\":\"ListItem\",\"@id\":\"https:\\\/\\\/candas365.es\\\/noticias\\\/vw-halt-an-werksschliesungen-fest-sparansage-auch-bei-bosch\\\/#listItem\",\"name\":\"VW h\\u00e4lt an Werksschlie\\u00dfungen fest &#8211; Sparansage auch bei Bosch\"},\"previousItem\":{\"@type\":\"ListItem\",\"@id\":\"https:\\\/\\\/candas365.es\\\/noticias#listItem\",\"name\":\"Home\"}},{\"@type\":\"ListItem\",\"@id\":\"https:\\\/\\\/candas365.es\\\/noticias\\\/vw-halt-an-werksschliesungen-fest-sparansage-auch-bei-bosch\\\/#listItem\",\"position\":3,\"name\":\"VW h\\u00e4lt an Werksschlie\\u00dfungen fest &#8211; Sparansage auch bei Bosch\",\"previousItem\":{\"@type\":\"ListItem\",\"@id\":\"https:\\\/\\\/candas365.es\\\/noticias\\\/category\\\/candas-news\\\/#listItem\",\"name\":\"News\"}}]},{\"@type\":\"NewsArticle\",\"@id\":\"https:\\\/\\\/candas365.es\\\/noticias\\\/vw-halt-an-werksschliesungen-fest-sparansage-auch-bei-bosch\\\/#newsarticle\",\"name\":\"VW h\\u00e4lt an Werksschlie\\u00dfungen fest \\u2013 Sparansage auch bei Bosch | Cand\\u00e1s 365\",\"headline\":\"VW h\\u00e4lt an Werksschlie\\u00dfungen fest &#8211; Sparansage auch bei Bosch\",\"author\":{\"@id\":\"https:\\\/\\\/candas365.es\\\/noticias\\\/author\\\/admin\\\/#author\"},\"publisher\":{\"@id\":\"https:\\\/\\\/candas365.es\\\/noticias\\\/#organization\"},\"image\":{\"@type\":\"ImageObject\",\"url\":\"https:\\\/\\\/candas365.es\\\/noticias\\\/wp-content\\\/uploads\\\/2024\\\/11\\\/Beschaftigte-von-Volkswagen.jpg\",\"width\":993,\"height\":659,\"caption\":\"Besch\\u00e4ftigte von Volkswagen demonstrieren bei den Tarifverhandlungen von Volkswagen und IG Metall vor der Volkswagen Arena in Wolfsburg. Foto: Alicia Windzio\\\/dpa\"},\"datePublished\":\"2024-11-24T18:12:25+01:00\",\"dateModified\":\"2024-11-24T18:12:25+01:00\",\"inLanguage\":\"es-ES\",\"mainEntityOfPage\":{\"@id\":\"https:\\\/\\\/candas365.es\\\/noticias\\\/vw-halt-an-werksschliesungen-fest-sparansage-auch-bei-bosch\\\/#webpage\"},\"isPartOf\":{\"@id\":\"https:\\\/\\\/candas365.es\\\/noticias\\\/vw-halt-an-werksschliesungen-fest-sparansage-auch-bei-bosch\\\/#webpage\"},\"articleSection\":\"News, news\",\"dateline\":\"Publicado el noviembre 24, 2024.\"},{\"@type\":\"Organization\",\"@id\":\"https:\\\/\\\/candas365.es\\\/noticias\\\/#organization\",\"name\":\"Cand\\u00e1s 365\",\"description\":\"Cand\\u00e1s 365 es un diario digital independiente, fundado en 2012, con base en Asturias. Informamos con rigor sobre actualidad, sociedad, cultura y ocio, con una mirada local y global.\",\"url\":\"https:\\\/\\\/candas365.es\\\/noticias\\\/\",\"email\":\"info@candas365.es\",\"telephone\":\"+34652131393\",\"foundingDate\":\"2012-06-10\",\"logo\":{\"@type\":\"ImageObject\",\"url\":\"https:\\\/\\\/candas365.es\\\/noticias\\\/wp-content\\\/uploads\\\/2024\\\/09\\\/Candas-365-Redes.jpg\",\"@id\":\"https:\\\/\\\/candas365.es\\\/noticias\\\/vw-halt-an-werksschliesungen-fest-sparansage-auch-bei-bosch\\\/#organizationLogo\",\"width\":1152,\"height\":864,\"caption\":\"Cand\\u00e1s 365 Redes\"},\"image\":{\"@id\":\"https:\\\/\\\/candas365.es\\\/noticias\\\/vw-halt-an-werksschliesungen-fest-sparansage-auch-bei-bosch\\\/#organizationLogo\"},\"sameAs\":[\"https:\\\/\\\/www.facebook.com\\\/Nachofdezber\",\"https:\\\/\\\/x.com\\\/NabercoDigital\",\"https:\\\/\\\/www.instagram.com\\\/nachofdezber\\\/\",\"https:\\\/\\\/www.youtube.com\\\/channel\\\/UCZP-2wLEB9Rv6erhFmqVnvg\"],\"address\":{\"@id\":\"https:\\\/\\\/candas365.es\\\/noticias\\\/#postaladdress\",\"@type\":\"PostalAddress\",\"streetAddress\":\"san antonio 4, san antonio 4\",\"postalCode\":\"33430\",\"addressLocality\":\"Cand\\u00e1s\",\"addressRegion\":\"Asturias\",\"addressCountry\":\"ES\"}},{\"@type\":\"Person\",\"@id\":\"https:\\\/\\\/candas365.es\\\/noticias\\\/author\\\/admin\\\/#author\",\"url\":\"https:\\\/\\\/candas365.es\\\/noticias\\\/author\\\/admin\\\/\",\"name\":\"Cand\\u00e1s 365\",\"image\":{\"@type\":\"ImageObject\",\"@id\":\"https:\\\/\\\/candas365.es\\\/noticias\\\/vw-halt-an-werksschliesungen-fest-sparansage-auch-bei-bosch\\\/#authorImage\",\"url\":\"https:\\\/\\\/secure.gravatar.com\\\/avatar\\\/496a8e03d0c493ede1718b7934145dbdf8d89be1036b0eec9544e1094c9de390?s=96&d=mm&r=g\",\"width\":96,\"height\":96,\"caption\":\"Cand\\u00e1s 365\"},\"sameAs\":[\"https:\\\/\\\/www.facebook.com\\\/carrenoactualidad\",\"https:\\\/\\\/twitter.com\\\/nbasturias\",\"https:\\\/\\\/www.instagram.com\\\/nachofdezber\\\/\",\"https:\\\/\\\/www.youtube.com\\\/channel\\\/UCZP-2wLEB9Rv6erhFmqVnvg\"]},{\"@type\":\"WebPage\",\"@id\":\"https:\\\/\\\/candas365.es\\\/noticias\\\/vw-halt-an-werksschliesungen-fest-sparansage-auch-bei-bosch\\\/#webpage\",\"url\":\"https:\\\/\\\/candas365.es\\\/noticias\\\/vw-halt-an-werksschliesungen-fest-sparansage-auch-bei-bosch\\\/\",\"name\":\"VW h\\u00e4lt an Werksschlie\\u00dfungen fest \\u2013 Sparansage auch bei Bosch | Cand\\u00e1s 365\",\"description\":\"Berlin (dpa) - Volkswagen h\\u00e4lt trotz des Widerstands seiner Besch\\u00e4ftigten an den Pl\\u00e4nen zu Werksschlie\\u00dfungen in Deutschland fest. \\u00abWir m\\u00fcssen unsere\",\"inLanguage\":\"es-ES\",\"isPartOf\":{\"@id\":\"https:\\\/\\\/candas365.es\\\/noticias\\\/#website\"},\"breadcrumb\":{\"@id\":\"https:\\\/\\\/candas365.es\\\/noticias\\\/vw-halt-an-werksschliesungen-fest-sparansage-auch-bei-bosch\\\/#breadcrumblist\"},\"author\":{\"@id\":\"https:\\\/\\\/candas365.es\\\/noticias\\\/author\\\/admin\\\/#author\"},\"creator\":{\"@id\":\"https:\\\/\\\/candas365.es\\\/noticias\\\/author\\\/admin\\\/#author\"},\"image\":{\"@type\":\"ImageObject\",\"url\":\"https:\\\/\\\/candas365.es\\\/noticias\\\/wp-content\\\/uploads\\\/2024\\\/11\\\/Beschaftigte-von-Volkswagen.jpg\",\"@id\":\"https:\\\/\\\/candas365.es\\\/noticias\\\/vw-halt-an-werksschliesungen-fest-sparansage-auch-bei-bosch\\\/#mainImage\",\"width\":993,\"height\":659,\"caption\":\"Besch\\u00e4ftigte von Volkswagen demonstrieren bei den Tarifverhandlungen von Volkswagen und IG Metall vor der Volkswagen Arena in Wolfsburg. Foto: Alicia Windzio\\\/dpa\"},\"primaryImageOfPage\":{\"@id\":\"https:\\\/\\\/candas365.es\\\/noticias\\\/vw-halt-an-werksschliesungen-fest-sparansage-auch-bei-bosch\\\/#mainImage\"},\"datePublished\":\"2024-11-24T18:12:25+01:00\",\"dateModified\":\"2024-11-24T18:12:25+01:00\"},{\"@type\":\"WebSite\",\"@id\":\"https:\\\/\\\/candas365.es\\\/noticias\\\/#website\",\"url\":\"https:\\\/\\\/candas365.es\\\/noticias\\\/\",\"name\":\"Cand\\u00e1s 365\",\"alternateName\":\"Cand\\u00e1s 365 Noticias\",\"description\":\"Actualidad desde Carre\\u00f1o para el mundo\",\"inLanguage\":\"es-ES\",\"publisher\":{\"@id\":\"https:\\\/\\\/candas365.es\\\/noticias\\\/#organization\"}}]}\n\t\t<\/script>\n\t\t<!-- All in One SEO Pro -->\r\n\t\t<title>VW h\u00e4lt an Werksschlie\u00dfungen fest \u2013 Sparansage auch bei Bosch | Cand\u00e1s 365<\/title>\n\n","aioseo_head_json":{"title":"VW h\u00e4lt an Werksschlie\u00dfungen fest \u2013 Sparansage auch bei Bosch | Cand\u00e1s 365","description":"Berlin (dpa) - Volkswagen h\u00e4lt trotz des Widerstands seiner Besch\u00e4ftigten an den Pl\u00e4nen zu Werksschlie\u00dfungen in Deutschland fest. \u00abWir m\u00fcssen unsere","canonical_url":"https:\/\/candas365.es\/noticias\/vw-halt-an-werksschliesungen-fest-sparansage-auch-bei-bosch\/","robots":"max-image-preview:large","keywords":"news","webmasterTools":{"google-site-verification":"UA-32230408-1","msvalidate.01":"354F3CDFB2DA171B47FBE9ABF1F88D5","miscellaneous":""},"schema":{"@context":"https:\/\/schema.org","@graph":[{"@type":"BreadcrumbList","@id":"https:\/\/candas365.es\/noticias\/vw-halt-an-werksschliesungen-fest-sparansage-auch-bei-bosch\/#breadcrumblist","itemListElement":[{"@type":"ListItem","@id":"https:\/\/candas365.es\/noticias#listItem","position":1,"name":"Home","item":"https:\/\/candas365.es\/noticias","nextItem":{"@type":"ListItem","@id":"https:\/\/candas365.es\/noticias\/category\/candas-news\/#listItem","name":"News"}},{"@type":"ListItem","@id":"https:\/\/candas365.es\/noticias\/category\/candas-news\/#listItem","position":2,"name":"News","item":"https:\/\/candas365.es\/noticias\/category\/candas-news\/","nextItem":{"@type":"ListItem","@id":"https:\/\/candas365.es\/noticias\/vw-halt-an-werksschliesungen-fest-sparansage-auch-bei-bosch\/#listItem","name":"VW h\u00e4lt an Werksschlie\u00dfungen fest &#8211; Sparansage auch bei Bosch"},"previousItem":{"@type":"ListItem","@id":"https:\/\/candas365.es\/noticias#listItem","name":"Home"}},{"@type":"ListItem","@id":"https:\/\/candas365.es\/noticias\/vw-halt-an-werksschliesungen-fest-sparansage-auch-bei-bosch\/#listItem","position":3,"name":"VW h\u00e4lt an Werksschlie\u00dfungen fest &#8211; Sparansage auch bei Bosch","previousItem":{"@type":"ListItem","@id":"https:\/\/candas365.es\/noticias\/category\/candas-news\/#listItem","name":"News"}}]},{"@type":"NewsArticle","@id":"https:\/\/candas365.es\/noticias\/vw-halt-an-werksschliesungen-fest-sparansage-auch-bei-bosch\/#newsarticle","name":"VW h\u00e4lt an Werksschlie\u00dfungen fest \u2013 Sparansage auch bei Bosch | Cand\u00e1s 365","headline":"VW h\u00e4lt an Werksschlie\u00dfungen fest &#8211; Sparansage auch bei Bosch","author":{"@id":"https:\/\/candas365.es\/noticias\/author\/admin\/#author"},"publisher":{"@id":"https:\/\/candas365.es\/noticias\/#organization"},"image":{"@type":"ImageObject","url":"https:\/\/candas365.es\/noticias\/wp-content\/uploads\/2024\/11\/Beschaftigte-von-Volkswagen.jpg","width":993,"height":659,"caption":"Besch\u00e4ftigte von Volkswagen demonstrieren bei den Tarifverhandlungen von Volkswagen und IG Metall vor der Volkswagen Arena in Wolfsburg. Foto: Alicia Windzio\/dpa"},"datePublished":"2024-11-24T18:12:25+01:00","dateModified":"2024-11-24T18:12:25+01:00","inLanguage":"es-ES","mainEntityOfPage":{"@id":"https:\/\/candas365.es\/noticias\/vw-halt-an-werksschliesungen-fest-sparansage-auch-bei-bosch\/#webpage"},"isPartOf":{"@id":"https:\/\/candas365.es\/noticias\/vw-halt-an-werksschliesungen-fest-sparansage-auch-bei-bosch\/#webpage"},"articleSection":"News, news","dateline":"Publicado el noviembre 24, 2024."},{"@type":"Organization","@id":"https:\/\/candas365.es\/noticias\/#organization","name":"Cand\u00e1s 365","description":"Cand\u00e1s 365 es un diario digital independiente, fundado en 2012, con base en Asturias. Informamos con rigor sobre actualidad, sociedad, cultura y ocio, con una mirada local y global.","url":"https:\/\/candas365.es\/noticias\/","email":"info@candas365.es","telephone":"+34652131393","foundingDate":"2012-06-10","logo":{"@type":"ImageObject","url":"https:\/\/candas365.es\/noticias\/wp-content\/uploads\/2024\/09\/Candas-365-Redes.jpg","@id":"https:\/\/candas365.es\/noticias\/vw-halt-an-werksschliesungen-fest-sparansage-auch-bei-bosch\/#organizationLogo","width":1152,"height":864,"caption":"Cand\u00e1s 365 Redes"},"image":{"@id":"https:\/\/candas365.es\/noticias\/vw-halt-an-werksschliesungen-fest-sparansage-auch-bei-bosch\/#organizationLogo"},"sameAs":["https:\/\/www.facebook.com\/Nachofdezber","https:\/\/x.com\/NabercoDigital","https:\/\/www.instagram.com\/nachofdezber\/","https:\/\/www.youtube.com\/channel\/UCZP-2wLEB9Rv6erhFmqVnvg"],"address":{"@id":"https:\/\/candas365.es\/noticias\/#postaladdress","@type":"PostalAddress","streetAddress":"san antonio 4, san antonio 4","postalCode":"33430","addressLocality":"Cand\u00e1s","addressRegion":"Asturias","addressCountry":"ES"}},{"@type":"Person","@id":"https:\/\/candas365.es\/noticias\/author\/admin\/#author","url":"https:\/\/candas365.es\/noticias\/author\/admin\/","name":"Cand\u00e1s 365","image":{"@type":"ImageObject","@id":"https:\/\/candas365.es\/noticias\/vw-halt-an-werksschliesungen-fest-sparansage-auch-bei-bosch\/#authorImage","url":"https:\/\/secure.gravatar.com\/avatar\/496a8e03d0c493ede1718b7934145dbdf8d89be1036b0eec9544e1094c9de390?s=96&d=mm&r=g","width":96,"height":96,"caption":"Cand\u00e1s 365"},"sameAs":["https:\/\/www.facebook.com\/carrenoactualidad","https:\/\/twitter.com\/nbasturias","https:\/\/www.instagram.com\/nachofdezber\/","https:\/\/www.youtube.com\/channel\/UCZP-2wLEB9Rv6erhFmqVnvg"]},{"@type":"WebPage","@id":"https:\/\/candas365.es\/noticias\/vw-halt-an-werksschliesungen-fest-sparansage-auch-bei-bosch\/#webpage","url":"https:\/\/candas365.es\/noticias\/vw-halt-an-werksschliesungen-fest-sparansage-auch-bei-bosch\/","name":"VW h\u00e4lt an Werksschlie\u00dfungen fest \u2013 Sparansage auch bei Bosch | Cand\u00e1s 365","description":"Berlin (dpa) - Volkswagen h\u00e4lt trotz des Widerstands seiner Besch\u00e4ftigten an den Pl\u00e4nen zu Werksschlie\u00dfungen in Deutschland fest. \u00abWir m\u00fcssen unsere","inLanguage":"es-ES","isPartOf":{"@id":"https:\/\/candas365.es\/noticias\/#website"},"breadcrumb":{"@id":"https:\/\/candas365.es\/noticias\/vw-halt-an-werksschliesungen-fest-sparansage-auch-bei-bosch\/#breadcrumblist"},"author":{"@id":"https:\/\/candas365.es\/noticias\/author\/admin\/#author"},"creator":{"@id":"https:\/\/candas365.es\/noticias\/author\/admin\/#author"},"image":{"@type":"ImageObject","url":"https:\/\/candas365.es\/noticias\/wp-content\/uploads\/2024\/11\/Beschaftigte-von-Volkswagen.jpg","@id":"https:\/\/candas365.es\/noticias\/vw-halt-an-werksschliesungen-fest-sparansage-auch-bei-bosch\/#mainImage","width":993,"height":659,"caption":"Besch\u00e4ftigte von Volkswagen demonstrieren bei den Tarifverhandlungen von Volkswagen und IG Metall vor der Volkswagen Arena in Wolfsburg. Foto: Alicia Windzio\/dpa"},"primaryImageOfPage":{"@id":"https:\/\/candas365.es\/noticias\/vw-halt-an-werksschliesungen-fest-sparansage-auch-bei-bosch\/#mainImage"},"datePublished":"2024-11-24T18:12:25+01:00","dateModified":"2024-11-24T18:12:25+01:00"},{"@type":"WebSite","@id":"https:\/\/candas365.es\/noticias\/#website","url":"https:\/\/candas365.es\/noticias\/","name":"Cand\u00e1s 365","alternateName":"Cand\u00e1s 365 Noticias","description":"Actualidad desde Carre\u00f1o para el mundo","inLanguage":"es-ES","publisher":{"@id":"https:\/\/candas365.es\/noticias\/#organization"}}]},"og:locale":"es_ES","og:site_name":"Cand\u00e1s 365","og:type":"article","og:title":"VW h\u00e4lt an Werksschlie\u00dfungen fest \u2013 Sparansage auch bei Bosch | Cand\u00e1s 365","og:description":"Berlin (dpa) - Volkswagen h\u00e4lt trotz des Widerstands seiner Besch\u00e4ftigten an den Pl\u00e4nen zu Werksschlie\u00dfungen in Deutschland fest. \u00abWir m\u00fcssen unsere","og:url":"https:\/\/candas365.es\/noticias\/vw-halt-an-werksschliesungen-fest-sparansage-auch-bei-bosch\/","og:image":"https:\/\/candas365.es\/noticias\/wp-content\/uploads\/2024\/11\/Beschaftigte-von-Volkswagen.jpg","og:image:secure_url":"https:\/\/candas365.es\/noticias\/wp-content\/uploads\/2024\/11\/Beschaftigte-von-Volkswagen.jpg","og:image:width":993,"og:image:height":659,"article:published_time":"2024-11-24T17:12:25+00:00","article:modified_time":"2024-11-24T17:12:25+00:00","article:publisher":"https:\/\/www.facebook.com\/Nachofdezber","article:author":"https:\/\/www.facebook.com\/carrenoactualidad","twitter:card":"summary_large_image","twitter:site":"@NabercoDigital","twitter:title":"VW h\u00e4lt an Werksschlie\u00dfungen fest \u2013 Sparansage auch bei Bosch | Cand\u00e1s 365","twitter:description":"Berlin (dpa) - Volkswagen h\u00e4lt trotz des Widerstands seiner Besch\u00e4ftigten an den Pl\u00e4nen zu Werksschlie\u00dfungen in Deutschland fest. \u00abWir m\u00fcssen unsere","twitter:creator":"@nbasturias","twitter:image":"https:\/\/candas365.es\/noticias\/wp-content\/uploads\/2024\/11\/Beschaftigte-von-Volkswagen.jpg","twitter:label1":"Escrito por","twitter:data1":"Cand\u00e1s 365","twitter:label2":"Tiempo de lectura estimado","twitter:data2":"3 minutos"},"aioseo_meta_data":{"post_id":"184363","title":null,"description":"Berlin (dpa) - Volkswagen h\u00e4lt trotz des Widerstands seiner Besch\u00e4ftigten an den Pl\u00e4nen zu Werksschlie\u00dfungen in Deutschland fest. \u00abWir m\u00fcssen unsere","keywords":null,"keyphrases":{"focus":{"keyphrase":"Volkswagen","score":83,"analysis":{"keyphraseInTitle":{"score":3,"maxScore":9,"error":1},"keyphraseInDescription":{"score":9,"maxScore":9,"error":0},"keyphraseLength":{"score":9,"maxScore":9,"error":0,"length":1},"keyphraseInURL":{"score":1,"maxScore":5,"error":1},"keyphraseInIntroduction":{"score":9,"maxScore":9,"error":0},"keyphraseInSubHeadings":[],"keyphraseInImageAlt":{"score":9,"maxScore":9,"error":0},"keywordDensity":{"type":"best","score":9,"maxScore":9,"error":0}}},"additional":[{"keyphrase":"Volkswagen","score":100,"analysis":{"keyphraseInDescription":{"score":9,"maxScore":9,"error":0},"keyphraseLength":{"score":9,"maxScore":9,"error":0,"length":1},"keyphraseInIntroduction":{"score":9,"maxScore":9,"error":0},"keyphraseInImageAlt":{"score":9,"maxScore":9,"error":0},"keywordDensity":{"type":"best","score":9,"maxScore":9,"error":0}}}]},"primary_term":null,"canonical_url":null,"og_title":null,"og_description":null,"og_object_type":"default","og_image_type":"default","og_image_url":null,"og_image_width":null,"og_image_height":null,"og_image_custom_url":null,"og_image_custom_fields":null,"og_video":"","og_custom_url":null,"og_article_section":null,"og_article_tags":null,"twitter_use_og":false,"twitter_card":"default","twitter_image_type":"default","twitter_image_url":null,"twitter_image_custom_url":null,"twitter_image_custom_fields":null,"twitter_title":null,"twitter_description":null,"schema":{"blockGraphs":[],"customGraphs":[],"default":{"data":{"Article":[],"Course":[],"Dataset":[],"FAQPage":[],"Movie":[],"Person":[],"Product":[],"ProductReview":[],"Car":[],"Recipe":[],"Service":[],"SoftwareApplication":[],"WebPage":[]},"graphName":"Article","isEnabled":true},"graphs":[]},"schema_type":"default","schema_type_options":null,"pillar_content":false,"robots_default":true,"robots_noindex":false,"robots_noarchive":false,"robots_nosnippet":false,"robots_nofollow":false,"robots_noimageindex":false,"robots_noodp":false,"robots_notranslate":false,"robots_max_snippet":"-1","robots_max_videopreview":"-1","robots_max_imagepreview":"large","priority":null,"frequency":"default","location":null,"local_seo":null,"seo_analyzer_scan_date":"2025-09-03 08:35:16","breadcrumb_settings":null,"limit_modified_date":false,"reviewed_by":null,"open_ai":"{\"title\":{\"suggestions\":[],\"usage\":0},\"description\":{\"suggestions\":[],\"usage\":0}}","ai":null,"created":"2024-11-24 17:07:32","updated":"2025-09-03 08:35:16"},"aioseo_breadcrumb":"<div class=\"aioseo-breadcrumbs\"><span class=\"aioseo-breadcrumb\">\n\t<a href=\"https:\/\/candas365.es\/noticias\" title=\"Home\">Home<\/a>\n<\/span><span class=\"aioseo-breadcrumb-separator\">&ndash;<\/span><span class=\"aioseo-breadcrumb\">\n\t<a href=\"https:\/\/candas365.es\/noticias\/category\/candas-news\/\" title=\"News\">News<\/a>\n<\/span><span class=\"aioseo-breadcrumb-separator\">&ndash;<\/span><span class=\"aioseo-breadcrumb\">\n\tVW h\u00e4lt an Werksschlie\u00dfungen fest \u2013 Sparansage auch bei Bosch\n<\/span><\/div>","aioseo_breadcrumb_json":[{"label":"Home","link":"https:\/\/candas365.es\/noticias"},{"label":"News","link":"https:\/\/candas365.es\/noticias\/category\/candas-news\/"},{"label":"VW h\u00e4lt an Werksschlie\u00dfungen fest &#8211; Sparansage auch bei Bosch","link":"https:\/\/candas365.es\/noticias\/vw-halt-an-werksschliesungen-fest-sparansage-auch-bei-bosch\/"}],"_links":{"self":[{"href":"https:\/\/candas365.es\/noticias\/wp-json\/wp\/v2\/posts\/184363","targetHints":{"allow":["GET"]}}],"collection":[{"href":"https:\/\/candas365.es\/noticias\/wp-json\/wp\/v2\/posts"}],"about":[{"href":"https:\/\/candas365.es\/noticias\/wp-json\/wp\/v2\/types\/post"}],"author":[{"embeddable":true,"href":"https:\/\/candas365.es\/noticias\/wp-json\/wp\/v2\/users\/1"}],"replies":[{"embeddable":true,"href":"https:\/\/candas365.es\/noticias\/wp-json\/wp\/v2\/comments?post=184363"}],"version-history":[{"count":0,"href":"https:\/\/candas365.es\/noticias\/wp-json\/wp\/v2\/posts\/184363\/revisions"}],"wp:featuredmedia":[{"embeddable":true,"href":"https:\/\/candas365.es\/noticias\/wp-json\/wp\/v2\/media\/184364"}],"wp:attachment":[{"href":"https:\/\/candas365.es\/noticias\/wp-json\/wp\/v2\/media?parent=184363"}],"wp:term":[{"taxonomy":"category","embeddable":true,"href":"https:\/\/candas365.es\/noticias\/wp-json\/wp\/v2\/categories?post=184363"},{"taxonomy":"post_tag","embeddable":true,"href":"https:\/\/candas365.es\/noticias\/wp-json\/wp\/v2\/tags?post=184363"}],"curies":[{"name":"wp","href":"https:\/\/api.w.org\/{rel}","templated":true}]}}