{"id":184357,"date":"2024-11-24T18:02:47","date_gmt":"2024-11-24T17:02:47","guid":{"rendered":"https:\/\/candas365.es\/noticias\/?p=184357"},"modified":"2024-11-24T18:02:47","modified_gmt":"2024-11-24T17:02:47","slug":"juncker-fur-ende-der-grenzkontrollen-innerhalb-der-eu","status":"publish","type":"post","link":"https:\/\/candas365.es\/noticias\/juncker-fur-ende-der-grenzkontrollen-innerhalb-der-eu\/","title":{"rendered":"Juncker f\u00fcr Ende der Grenzkontrollen innerhalb der EU"},"content":{"rendered":"<p><span class=\"dateline\">Luxemburg\u00a0<span class=\"credit\">(<a href=\"https:\/\/www.dpa-news.de\/\" target=\"_blank\" rel=\"noopener\"><span style=\"color: #ff6600;\"><strong>dpa<\/strong><\/span><\/a>)<\/span>\u00a0&#8211;\u00a0<\/span>Der fr\u00fchere EU-Kommissionspr\u00e4sident Jean-Claude Juncker hat die Wiedereinf\u00fchrung von Grenzkontrollen in Deutschland und anderen EU-Staaten kritisiert. \u00abIch h\u00e4tte gerne, dass das aufh\u00f6rt\u00bb, sagte er der Deutschen Presse-Agentur. \u00abWer denkt, an offiziellen Grenzpunkten Fl\u00fcchtlinge zuhauf und sonstige mit Haftbefehl ausgestatteten Menschen dingfest zu machen, der irrt sich.\u00bb Schlepper t\u00e4ten alles, um nicht in offizielle Polizeikontrollen zu geraten. Dies gelte besonders f\u00fcr die Gro\u00dfregion rund um Luxemburg, wo es einen regen Austausch \u00fcber die Grenzen zu Deutschland, Frankreich und Belgien hinweg gebe.<\/p>\n<figure id=\"attachment_184358\" aria-describedby=\"caption-attachment-184358\" style=\"width: 650px\" class=\"wp-caption aligncenter\"><img fetchpriority=\"high\" decoding=\"async\" class=\"size-large wp-image-184358\" src=\"https:\/\/candas365.es\/noticias\/wp-content\/uploads\/2024\/11\/Polizisten-650x416.jpg\" alt=\"Polizisten\" width=\"650\" height=\"416\" srcset=\"https:\/\/candas365.es\/noticias\/wp-content\/uploads\/2024\/11\/Polizisten-650x416.jpg 650w, https:\/\/candas365.es\/noticias\/wp-content\/uploads\/2024\/11\/Polizisten-360x231.jpg 360w, https:\/\/candas365.es\/noticias\/wp-content\/uploads\/2024\/11\/Polizisten-768x492.jpg 768w, https:\/\/candas365.es\/noticias\/wp-content\/uploads\/2024\/11\/Polizisten-150x96.jpg 150w, https:\/\/candas365.es\/noticias\/wp-content\/uploads\/2024\/11\/Polizisten-450x288.jpg 450w, https:\/\/candas365.es\/noticias\/wp-content\/uploads\/2024\/11\/Polizisten.jpg 1035w\" sizes=\"(max-width: 650px) 100vw, 650px\" \/><figcaption id=\"caption-attachment-184358\" class=\"wp-caption-text\">Polizisten kontrollieren am Grenz\u00fcbergang Kiefersfelden den aus \u00d6sterreich kommenden Verkehr. Foto: Peter Kneffel\/dpa<\/figcaption><\/figure>\n<p>\u00abMich st\u00f6rt, dass es so eine normale Sache zu werden scheint, dass man Grenzkontrollen wieder durchf\u00fchrt. Und ich m\u00f6chte mich nicht daran gew\u00f6hnen\u00bb, sagte Juncker. Deutschland hatte am 16. September wieder Kontrollen an allen deutschen Grenzen eingef\u00fchrt und dies mit einer Begrenzung der \u00abirregul\u00e4ren Migration\u00bb und dem Schutz der inneren Sicherheit begr\u00fcndet. Auch andere EU-Staaten kontrollieren wieder ihre Grenzen.<\/p>\n<p>Das Schengen-Abkommen \u00fcber unkontrollierte Grenz\u00fcbertritte, dessen 40. Jahrestag im kommenden Jahr gefeiert werden soll, erlaubt Grenzkontrollen ausnahmsweise bei einer \u00abernsthaften Bedrohung der \u00f6ffentlichen Ordnung oder der inneren Sicherheit\u00bb f\u00fcr zun\u00e4chst sechs Monate.<\/p>\n<h2>\u00abRiesenaufriss und \u00c4rger\u00bb<\/h2>\n<p>Juncker sagte, wenn man jetzt auch in Deutschland dar\u00fcber nachdenke, solche Kontrollen dauerhaft einzuf\u00fchren, \u00abdann tut das dem Lebensgef\u00fchl der Menschen in der Gro\u00dfregion nicht gut\u00bb. Er f\u00fcgte hinzu: \u00abInsofern w\u00e4re ich dankbar daf\u00fcr, wenn man dies einstellen w\u00fcrde.\u00bb Er begr\u00fc\u00dfte, dass das luxemburgische Parlament von der Regierung des Gro\u00dfherzogtums eine Intervention bei EU-Kommissionspr\u00e4sidentin Ursula von der Leyen gefordert hatte: \u00abIch stehe voll hinter diesem Parlamentsbeschluss.\u00bb<\/p>\n<p>Laut Bundespolizei wurden im Oktober 135 illegale Einreisen aus Luxemburg gez\u00e4hlt, es gab 80 Zur\u00fcckweisungen. Die Luxemburger Zahlen dazu fallen aber niedriger aus. \u00abDas ist also ein Riesenaufriss, was viel \u00c4rger f\u00fcr arbeitende Menschen bedeutet\u00bb, sagte Juncker unter Hinweis auf rund 220.000 Grenzg\u00e4nger t\u00e4glich. \u00abDie Leute sind daran gew\u00f6hnt, dass sie sich im Grenzraum so wie auf eigenem Territorium frei bewegen k\u00f6nnen.\u00bb<\/p>\n<h2>Rechtliche \u00dcberpr\u00fcfung erbeten<\/h2>\n<p>Wenn die Bundespolizei \u00abbis zu den Z\u00e4hnen bewaffnet\u00bb auch auf der Moselbr\u00fccke von Schengen Grenzkontrollen mache, \u00abzeugt das ja nicht von besonderem Einfallsreichtum und auch nicht von Sensibilit\u00e4t im Umgang mit den Menschen in der Grenzregion\u00bb, sagte Juncker, der von 1995 bis 2013 Premierminister Luxemburgs war.<\/p>\n<p>Die vom Luxemburger Parlament j\u00fcngst verabschiedete Resolution gegen die Wiedereinf\u00fchrung von tempor\u00e4ren Grenzkontrollen beinhaltet auch die Bitte an die Luxemburger Regierung, M\u00f6glichkeiten einer rechtlichen Anfechtung zu pr\u00fcfen.<\/p>\n","protected":false},"excerpt":{"rendered":"<p>Luxemburg\u00a0(dpa)\u00a0&#8211;\u00a0Der fr\u00fchere EU-Kommissionspr\u00e4sident Jean-Claude Juncker hat die Wiedereinf\u00fchrung von Grenzkontrollen in Deutschland und anderen EU-Staaten kritisiert. \u00abIch h\u00e4tte gerne, dass das aufh\u00f6rt\u00bb, sagte er der Deutschen Presse-Agentur. \u00abWer denkt, an offiziellen Grenzpunkten Fl\u00fcchtlinge zuhauf und sonstige mit Haftbefehl ausgestatteten Menschen dingfest zu machen, der irrt sich.\u00bb Schlepper t\u00e4ten alles, um nicht in offizielle Polizeikontrollen zu<\/p>\n","protected":false},"author":1,"featured_media":184358,"comment_status":"closed","ping_status":"closed","sticky":false,"template":"","format":"standard","meta":{"footnotes":""},"categories":[536],"tags":[427],"class_list":{"0":"post-184357","1":"post","2":"type-post","3":"status-publish","4":"format-standard","5":"has-post-thumbnail","7":"category-candas-news","8":"tag-news"},"aioseo_notices":[],"aioseo_head":"\n\t\t<!-- All in One SEO Pro 4.9.6.2 - aioseo.com -->\n\t<meta name=\"description\" content=\"Luxemburg (dpa) - Der fr\u00fchere EU-Kommissionspr\u00e4sident Jean-Claude Juncker hat die Wiedereinf\u00fchrung von Grenzkontrollen in Deutschland\" \/>\n\t<meta name=\"robots\" content=\"max-image-preview:large\" \/>\n\t<meta name=\"author\" content=\"Cand\u00e1s 365\"\/>\n\t<meta name=\"google-site-verification\" content=\"UA-32230408-1\" \/>\n\t<meta name=\"msvalidate.01\" content=\"354F3CDFB2DA171B47FBE9ABF1F88D5\" \/>\n\t<meta name=\"keywords\" content=\"news\" \/>\n\t<link rel=\"canonical\" href=\"https:\/\/candas365.es\/noticias\/juncker-fur-ende-der-grenzkontrollen-innerhalb-der-eu\/\" \/>\n\t<meta name=\"generator\" content=\"All in One SEO Pro (AIOSEO) 4.9.6.2\" \/>\n\t\t<meta property=\"og:locale\" content=\"es_ES\" \/>\n\t\t<meta property=\"og:site_name\" content=\"Cand\u00e1s 365\" \/>\n\t\t<meta property=\"og:type\" content=\"article\" \/>\n\t\t<meta property=\"og:title\" content=\"Juncker f\u00fcr Ende der Grenzkontrollen innerhalb der EU | Cand\u00e1s 365\" \/>\n\t\t<meta property=\"og:description\" content=\"Luxemburg (dpa) - Der fr\u00fchere EU-Kommissionspr\u00e4sident Jean-Claude Juncker hat die Wiedereinf\u00fchrung von Grenzkontrollen in Deutschland\" \/>\n\t\t<meta property=\"og:url\" content=\"https:\/\/candas365.es\/noticias\/juncker-fur-ende-der-grenzkontrollen-innerhalb-der-eu\/\" \/>\n\t\t<meta property=\"og:image\" content=\"https:\/\/candas365.es\/noticias\/wp-content\/uploads\/2024\/11\/Polizisten.jpg\" \/>\n\t\t<meta property=\"og:image:secure_url\" content=\"https:\/\/candas365.es\/noticias\/wp-content\/uploads\/2024\/11\/Polizisten.jpg\" \/>\n\t\t<meta property=\"og:image:width\" content=\"1035\" \/>\n\t\t<meta property=\"og:image:height\" content=\"663\" \/>\n\t\t<meta property=\"article:published_time\" content=\"2024-11-24T17:02:47+00:00\" \/>\n\t\t<meta property=\"article:modified_time\" content=\"2024-11-24T17:02:47+00:00\" \/>\n\t\t<meta property=\"article:publisher\" content=\"https:\/\/www.facebook.com\/Nachofdezber\" \/>\n\t\t<meta property=\"article:author\" content=\"https:\/\/www.facebook.com\/carrenoactualidad\" \/>\n\t\t<meta name=\"twitter:card\" content=\"summary_large_image\" \/>\n\t\t<meta name=\"twitter:site\" content=\"@NabercoDigital\" \/>\n\t\t<meta name=\"twitter:title\" content=\"Juncker f\u00fcr Ende der Grenzkontrollen innerhalb der EU | Cand\u00e1s 365\" \/>\n\t\t<meta name=\"twitter:description\" content=\"Luxemburg (dpa) - Der fr\u00fchere EU-Kommissionspr\u00e4sident Jean-Claude Juncker hat die Wiedereinf\u00fchrung von Grenzkontrollen in Deutschland\" \/>\n\t\t<meta name=\"twitter:creator\" content=\"@nbasturias\" \/>\n\t\t<meta name=\"twitter:image\" content=\"https:\/\/candas365.es\/noticias\/wp-content\/uploads\/2024\/11\/Polizisten.jpg\" \/>\n\t\t<meta name=\"twitter:label1\" content=\"Escrito por\" \/>\n\t\t<meta name=\"twitter:data1\" content=\"Cand\u00e1s 365\" \/>\n\t\t<meta name=\"twitter:label2\" content=\"Tiempo de lectura estimado\" \/>\n\t\t<meta name=\"twitter:data2\" content=\"2 minutos\" \/>\n\t\t<script type=\"application\/ld+json\" class=\"aioseo-schema\">\n\t\t\t{\"@context\":\"https:\\\/\\\/schema.org\",\"@graph\":[{\"@type\":\"BreadcrumbList\",\"@id\":\"https:\\\/\\\/candas365.es\\\/noticias\\\/juncker-fur-ende-der-grenzkontrollen-innerhalb-der-eu\\\/#breadcrumblist\",\"itemListElement\":[{\"@type\":\"ListItem\",\"@id\":\"https:\\\/\\\/candas365.es\\\/noticias#listItem\",\"position\":1,\"name\":\"Home\",\"item\":\"https:\\\/\\\/candas365.es\\\/noticias\",\"nextItem\":{\"@type\":\"ListItem\",\"@id\":\"https:\\\/\\\/candas365.es\\\/noticias\\\/category\\\/candas-news\\\/#listItem\",\"name\":\"News\"}},{\"@type\":\"ListItem\",\"@id\":\"https:\\\/\\\/candas365.es\\\/noticias\\\/category\\\/candas-news\\\/#listItem\",\"position\":2,\"name\":\"News\",\"item\":\"https:\\\/\\\/candas365.es\\\/noticias\\\/category\\\/candas-news\\\/\",\"nextItem\":{\"@type\":\"ListItem\",\"@id\":\"https:\\\/\\\/candas365.es\\\/noticias\\\/juncker-fur-ende-der-grenzkontrollen-innerhalb-der-eu\\\/#listItem\",\"name\":\"Juncker f\\u00fcr Ende der Grenzkontrollen innerhalb der EU\"},\"previousItem\":{\"@type\":\"ListItem\",\"@id\":\"https:\\\/\\\/candas365.es\\\/noticias#listItem\",\"name\":\"Home\"}},{\"@type\":\"ListItem\",\"@id\":\"https:\\\/\\\/candas365.es\\\/noticias\\\/juncker-fur-ende-der-grenzkontrollen-innerhalb-der-eu\\\/#listItem\",\"position\":3,\"name\":\"Juncker f\\u00fcr Ende der Grenzkontrollen innerhalb der EU\",\"previousItem\":{\"@type\":\"ListItem\",\"@id\":\"https:\\\/\\\/candas365.es\\\/noticias\\\/category\\\/candas-news\\\/#listItem\",\"name\":\"News\"}}]},{\"@type\":\"NewsArticle\",\"@id\":\"https:\\\/\\\/candas365.es\\\/noticias\\\/juncker-fur-ende-der-grenzkontrollen-innerhalb-der-eu\\\/#newsarticle\",\"name\":\"Juncker f\\u00fcr Ende der Grenzkontrollen innerhalb der EU | Cand\\u00e1s 365\",\"headline\":\"Juncker f\\u00fcr Ende der Grenzkontrollen innerhalb der EU\",\"author\":{\"@id\":\"https:\\\/\\\/candas365.es\\\/noticias\\\/author\\\/admin\\\/#author\"},\"publisher\":{\"@id\":\"https:\\\/\\\/candas365.es\\\/noticias\\\/#organization\"},\"image\":{\"@type\":\"ImageObject\",\"url\":\"https:\\\/\\\/candas365.es\\\/noticias\\\/wp-content\\\/uploads\\\/2024\\\/11\\\/Polizisten.jpg\",\"width\":1035,\"height\":663,\"caption\":\"Polizisten kontrollieren am Grenz\\u00fcbergang Kiefersfelden den aus \\u00d6sterreich kommenden Verkehr. Foto: Peter Kneffel\\\/dpa\"},\"datePublished\":\"2024-11-24T18:02:47+01:00\",\"dateModified\":\"2024-11-24T18:02:47+01:00\",\"inLanguage\":\"es-ES\",\"mainEntityOfPage\":{\"@id\":\"https:\\\/\\\/candas365.es\\\/noticias\\\/juncker-fur-ende-der-grenzkontrollen-innerhalb-der-eu\\\/#webpage\"},\"isPartOf\":{\"@id\":\"https:\\\/\\\/candas365.es\\\/noticias\\\/juncker-fur-ende-der-grenzkontrollen-innerhalb-der-eu\\\/#webpage\"},\"articleSection\":\"News, news\",\"dateline\":\"Publicado el noviembre 24, 2024.\"},{\"@type\":\"Organization\",\"@id\":\"https:\\\/\\\/candas365.es\\\/noticias\\\/#organization\",\"name\":\"Cand\\u00e1s 365\",\"description\":\"Cand\\u00e1s 365 es un diario digital independiente, fundado en 2012, con base en Asturias. Informamos con rigor sobre actualidad, sociedad, cultura y ocio, con una mirada local y global.\",\"url\":\"https:\\\/\\\/candas365.es\\\/noticias\\\/\",\"email\":\"info@candas365.es\",\"telephone\":\"+34652131393\",\"foundingDate\":\"2012-06-10\",\"logo\":{\"@type\":\"ImageObject\",\"url\":\"https:\\\/\\\/candas365.es\\\/noticias\\\/wp-content\\\/uploads\\\/2024\\\/09\\\/Candas-365-Redes.jpg\",\"@id\":\"https:\\\/\\\/candas365.es\\\/noticias\\\/juncker-fur-ende-der-grenzkontrollen-innerhalb-der-eu\\\/#organizationLogo\",\"width\":1152,\"height\":864,\"caption\":\"Cand\\u00e1s 365 Redes\"},\"image\":{\"@id\":\"https:\\\/\\\/candas365.es\\\/noticias\\\/juncker-fur-ende-der-grenzkontrollen-innerhalb-der-eu\\\/#organizationLogo\"},\"sameAs\":[\"https:\\\/\\\/www.facebook.com\\\/Nachofdezber\",\"https:\\\/\\\/x.com\\\/NabercoDigital\",\"https:\\\/\\\/www.instagram.com\\\/nachofdezber\\\/\",\"https:\\\/\\\/www.youtube.com\\\/channel\\\/UCZP-2wLEB9Rv6erhFmqVnvg\"],\"address\":{\"@id\":\"https:\\\/\\\/candas365.es\\\/noticias\\\/#postaladdress\",\"@type\":\"PostalAddress\",\"streetAddress\":\"san antonio 4, san antonio 4\",\"postalCode\":\"33430\",\"addressLocality\":\"Cand\\u00e1s\",\"addressRegion\":\"Asturias\",\"addressCountry\":\"ES\"}},{\"@type\":\"Person\",\"@id\":\"https:\\\/\\\/candas365.es\\\/noticias\\\/author\\\/admin\\\/#author\",\"url\":\"https:\\\/\\\/candas365.es\\\/noticias\\\/author\\\/admin\\\/\",\"name\":\"Cand\\u00e1s 365\",\"image\":{\"@type\":\"ImageObject\",\"@id\":\"https:\\\/\\\/candas365.es\\\/noticias\\\/juncker-fur-ende-der-grenzkontrollen-innerhalb-der-eu\\\/#authorImage\",\"url\":\"https:\\\/\\\/secure.gravatar.com\\\/avatar\\\/496a8e03d0c493ede1718b7934145dbdf8d89be1036b0eec9544e1094c9de390?s=96&d=mm&r=g\",\"width\":96,\"height\":96,\"caption\":\"Cand\\u00e1s 365\"},\"sameAs\":[\"https:\\\/\\\/www.facebook.com\\\/carrenoactualidad\",\"https:\\\/\\\/twitter.com\\\/nbasturias\",\"https:\\\/\\\/www.instagram.com\\\/nachofdezber\\\/\",\"https:\\\/\\\/www.youtube.com\\\/channel\\\/UCZP-2wLEB9Rv6erhFmqVnvg\"]},{\"@type\":\"WebPage\",\"@id\":\"https:\\\/\\\/candas365.es\\\/noticias\\\/juncker-fur-ende-der-grenzkontrollen-innerhalb-der-eu\\\/#webpage\",\"url\":\"https:\\\/\\\/candas365.es\\\/noticias\\\/juncker-fur-ende-der-grenzkontrollen-innerhalb-der-eu\\\/\",\"name\":\"Juncker f\\u00fcr Ende der Grenzkontrollen innerhalb der EU | Cand\\u00e1s 365\",\"description\":\"Luxemburg (dpa) - Der fr\\u00fchere EU-Kommissionspr\\u00e4sident Jean-Claude Juncker hat die Wiedereinf\\u00fchrung von Grenzkontrollen in Deutschland\",\"inLanguage\":\"es-ES\",\"isPartOf\":{\"@id\":\"https:\\\/\\\/candas365.es\\\/noticias\\\/#website\"},\"breadcrumb\":{\"@id\":\"https:\\\/\\\/candas365.es\\\/noticias\\\/juncker-fur-ende-der-grenzkontrollen-innerhalb-der-eu\\\/#breadcrumblist\"},\"author\":{\"@id\":\"https:\\\/\\\/candas365.es\\\/noticias\\\/author\\\/admin\\\/#author\"},\"creator\":{\"@id\":\"https:\\\/\\\/candas365.es\\\/noticias\\\/author\\\/admin\\\/#author\"},\"image\":{\"@type\":\"ImageObject\",\"url\":\"https:\\\/\\\/candas365.es\\\/noticias\\\/wp-content\\\/uploads\\\/2024\\\/11\\\/Polizisten.jpg\",\"@id\":\"https:\\\/\\\/candas365.es\\\/noticias\\\/juncker-fur-ende-der-grenzkontrollen-innerhalb-der-eu\\\/#mainImage\",\"width\":1035,\"height\":663,\"caption\":\"Polizisten kontrollieren am Grenz\\u00fcbergang Kiefersfelden den aus \\u00d6sterreich kommenden Verkehr. Foto: Peter Kneffel\\\/dpa\"},\"primaryImageOfPage\":{\"@id\":\"https:\\\/\\\/candas365.es\\\/noticias\\\/juncker-fur-ende-der-grenzkontrollen-innerhalb-der-eu\\\/#mainImage\"},\"datePublished\":\"2024-11-24T18:02:47+01:00\",\"dateModified\":\"2024-11-24T18:02:47+01:00\"},{\"@type\":\"WebSite\",\"@id\":\"https:\\\/\\\/candas365.es\\\/noticias\\\/#website\",\"url\":\"https:\\\/\\\/candas365.es\\\/noticias\\\/\",\"name\":\"Cand\\u00e1s 365\",\"alternateName\":\"Cand\\u00e1s 365 Noticias\",\"description\":\"Actualidad desde Carre\\u00f1o para el mundo\",\"inLanguage\":\"es-ES\",\"publisher\":{\"@id\":\"https:\\\/\\\/candas365.es\\\/noticias\\\/#organization\"}}]}\n\t\t<\/script>\n\t\t<!-- All in One SEO Pro -->\r\n\t\t<title>Juncker f\u00fcr Ende der Grenzkontrollen innerhalb der EU | Cand\u00e1s 365<\/title>\n\n","aioseo_head_json":{"title":"Juncker f\u00fcr Ende der Grenzkontrollen innerhalb der EU | Cand\u00e1s 365","description":"Luxemburg (dpa) - Der fr\u00fchere EU-Kommissionspr\u00e4sident Jean-Claude Juncker hat die Wiedereinf\u00fchrung von Grenzkontrollen in Deutschland","canonical_url":"https:\/\/candas365.es\/noticias\/juncker-fur-ende-der-grenzkontrollen-innerhalb-der-eu\/","robots":"max-image-preview:large","keywords":"news","webmasterTools":{"google-site-verification":"UA-32230408-1","msvalidate.01":"354F3CDFB2DA171B47FBE9ABF1F88D5","miscellaneous":""},"schema":{"@context":"https:\/\/schema.org","@graph":[{"@type":"BreadcrumbList","@id":"https:\/\/candas365.es\/noticias\/juncker-fur-ende-der-grenzkontrollen-innerhalb-der-eu\/#breadcrumblist","itemListElement":[{"@type":"ListItem","@id":"https:\/\/candas365.es\/noticias#listItem","position":1,"name":"Home","item":"https:\/\/candas365.es\/noticias","nextItem":{"@type":"ListItem","@id":"https:\/\/candas365.es\/noticias\/category\/candas-news\/#listItem","name":"News"}},{"@type":"ListItem","@id":"https:\/\/candas365.es\/noticias\/category\/candas-news\/#listItem","position":2,"name":"News","item":"https:\/\/candas365.es\/noticias\/category\/candas-news\/","nextItem":{"@type":"ListItem","@id":"https:\/\/candas365.es\/noticias\/juncker-fur-ende-der-grenzkontrollen-innerhalb-der-eu\/#listItem","name":"Juncker f\u00fcr Ende der Grenzkontrollen innerhalb der EU"},"previousItem":{"@type":"ListItem","@id":"https:\/\/candas365.es\/noticias#listItem","name":"Home"}},{"@type":"ListItem","@id":"https:\/\/candas365.es\/noticias\/juncker-fur-ende-der-grenzkontrollen-innerhalb-der-eu\/#listItem","position":3,"name":"Juncker f\u00fcr Ende der Grenzkontrollen innerhalb der EU","previousItem":{"@type":"ListItem","@id":"https:\/\/candas365.es\/noticias\/category\/candas-news\/#listItem","name":"News"}}]},{"@type":"NewsArticle","@id":"https:\/\/candas365.es\/noticias\/juncker-fur-ende-der-grenzkontrollen-innerhalb-der-eu\/#newsarticle","name":"Juncker f\u00fcr Ende der Grenzkontrollen innerhalb der EU | Cand\u00e1s 365","headline":"Juncker f\u00fcr Ende der Grenzkontrollen innerhalb der EU","author":{"@id":"https:\/\/candas365.es\/noticias\/author\/admin\/#author"},"publisher":{"@id":"https:\/\/candas365.es\/noticias\/#organization"},"image":{"@type":"ImageObject","url":"https:\/\/candas365.es\/noticias\/wp-content\/uploads\/2024\/11\/Polizisten.jpg","width":1035,"height":663,"caption":"Polizisten kontrollieren am Grenz\u00fcbergang Kiefersfelden den aus \u00d6sterreich kommenden Verkehr. Foto: Peter Kneffel\/dpa"},"datePublished":"2024-11-24T18:02:47+01:00","dateModified":"2024-11-24T18:02:47+01:00","inLanguage":"es-ES","mainEntityOfPage":{"@id":"https:\/\/candas365.es\/noticias\/juncker-fur-ende-der-grenzkontrollen-innerhalb-der-eu\/#webpage"},"isPartOf":{"@id":"https:\/\/candas365.es\/noticias\/juncker-fur-ende-der-grenzkontrollen-innerhalb-der-eu\/#webpage"},"articleSection":"News, news","dateline":"Publicado el noviembre 24, 2024."},{"@type":"Organization","@id":"https:\/\/candas365.es\/noticias\/#organization","name":"Cand\u00e1s 365","description":"Cand\u00e1s 365 es un diario digital independiente, fundado en 2012, con base en Asturias. Informamos con rigor sobre actualidad, sociedad, cultura y ocio, con una mirada local y global.","url":"https:\/\/candas365.es\/noticias\/","email":"info@candas365.es","telephone":"+34652131393","foundingDate":"2012-06-10","logo":{"@type":"ImageObject","url":"https:\/\/candas365.es\/noticias\/wp-content\/uploads\/2024\/09\/Candas-365-Redes.jpg","@id":"https:\/\/candas365.es\/noticias\/juncker-fur-ende-der-grenzkontrollen-innerhalb-der-eu\/#organizationLogo","width":1152,"height":864,"caption":"Cand\u00e1s 365 Redes"},"image":{"@id":"https:\/\/candas365.es\/noticias\/juncker-fur-ende-der-grenzkontrollen-innerhalb-der-eu\/#organizationLogo"},"sameAs":["https:\/\/www.facebook.com\/Nachofdezber","https:\/\/x.com\/NabercoDigital","https:\/\/www.instagram.com\/nachofdezber\/","https:\/\/www.youtube.com\/channel\/UCZP-2wLEB9Rv6erhFmqVnvg"],"address":{"@id":"https:\/\/candas365.es\/noticias\/#postaladdress","@type":"PostalAddress","streetAddress":"san antonio 4, san antonio 4","postalCode":"33430","addressLocality":"Cand\u00e1s","addressRegion":"Asturias","addressCountry":"ES"}},{"@type":"Person","@id":"https:\/\/candas365.es\/noticias\/author\/admin\/#author","url":"https:\/\/candas365.es\/noticias\/author\/admin\/","name":"Cand\u00e1s 365","image":{"@type":"ImageObject","@id":"https:\/\/candas365.es\/noticias\/juncker-fur-ende-der-grenzkontrollen-innerhalb-der-eu\/#authorImage","url":"https:\/\/secure.gravatar.com\/avatar\/496a8e03d0c493ede1718b7934145dbdf8d89be1036b0eec9544e1094c9de390?s=96&d=mm&r=g","width":96,"height":96,"caption":"Cand\u00e1s 365"},"sameAs":["https:\/\/www.facebook.com\/carrenoactualidad","https:\/\/twitter.com\/nbasturias","https:\/\/www.instagram.com\/nachofdezber\/","https:\/\/www.youtube.com\/channel\/UCZP-2wLEB9Rv6erhFmqVnvg"]},{"@type":"WebPage","@id":"https:\/\/candas365.es\/noticias\/juncker-fur-ende-der-grenzkontrollen-innerhalb-der-eu\/#webpage","url":"https:\/\/candas365.es\/noticias\/juncker-fur-ende-der-grenzkontrollen-innerhalb-der-eu\/","name":"Juncker f\u00fcr Ende der Grenzkontrollen innerhalb der EU | Cand\u00e1s 365","description":"Luxemburg (dpa) - Der fr\u00fchere EU-Kommissionspr\u00e4sident Jean-Claude Juncker hat die Wiedereinf\u00fchrung von Grenzkontrollen in Deutschland","inLanguage":"es-ES","isPartOf":{"@id":"https:\/\/candas365.es\/noticias\/#website"},"breadcrumb":{"@id":"https:\/\/candas365.es\/noticias\/juncker-fur-ende-der-grenzkontrollen-innerhalb-der-eu\/#breadcrumblist"},"author":{"@id":"https:\/\/candas365.es\/noticias\/author\/admin\/#author"},"creator":{"@id":"https:\/\/candas365.es\/noticias\/author\/admin\/#author"},"image":{"@type":"ImageObject","url":"https:\/\/candas365.es\/noticias\/wp-content\/uploads\/2024\/11\/Polizisten.jpg","@id":"https:\/\/candas365.es\/noticias\/juncker-fur-ende-der-grenzkontrollen-innerhalb-der-eu\/#mainImage","width":1035,"height":663,"caption":"Polizisten kontrollieren am Grenz\u00fcbergang Kiefersfelden den aus \u00d6sterreich kommenden Verkehr. Foto: Peter Kneffel\/dpa"},"primaryImageOfPage":{"@id":"https:\/\/candas365.es\/noticias\/juncker-fur-ende-der-grenzkontrollen-innerhalb-der-eu\/#mainImage"},"datePublished":"2024-11-24T18:02:47+01:00","dateModified":"2024-11-24T18:02:47+01:00"},{"@type":"WebSite","@id":"https:\/\/candas365.es\/noticias\/#website","url":"https:\/\/candas365.es\/noticias\/","name":"Cand\u00e1s 365","alternateName":"Cand\u00e1s 365 Noticias","description":"Actualidad desde Carre\u00f1o para el mundo","inLanguage":"es-ES","publisher":{"@id":"https:\/\/candas365.es\/noticias\/#organization"}}]},"og:locale":"es_ES","og:site_name":"Cand\u00e1s 365","og:type":"article","og:title":"Juncker f\u00fcr Ende der Grenzkontrollen innerhalb der EU | Cand\u00e1s 365","og:description":"Luxemburg (dpa) - Der fr\u00fchere EU-Kommissionspr\u00e4sident Jean-Claude Juncker hat die Wiedereinf\u00fchrung von Grenzkontrollen in Deutschland","og:url":"https:\/\/candas365.es\/noticias\/juncker-fur-ende-der-grenzkontrollen-innerhalb-der-eu\/","og:image":"https:\/\/candas365.es\/noticias\/wp-content\/uploads\/2024\/11\/Polizisten.jpg","og:image:secure_url":"https:\/\/candas365.es\/noticias\/wp-content\/uploads\/2024\/11\/Polizisten.jpg","og:image:width":1035,"og:image:height":663,"article:published_time":"2024-11-24T17:02:47+00:00","article:modified_time":"2024-11-24T17:02:47+00:00","article:publisher":"https:\/\/www.facebook.com\/Nachofdezber","article:author":"https:\/\/www.facebook.com\/carrenoactualidad","twitter:card":"summary_large_image","twitter:site":"@NabercoDigital","twitter:title":"Juncker f\u00fcr Ende der Grenzkontrollen innerhalb der EU | Cand\u00e1s 365","twitter:description":"Luxemburg (dpa) - Der fr\u00fchere EU-Kommissionspr\u00e4sident Jean-Claude Juncker hat die Wiedereinf\u00fchrung von Grenzkontrollen in Deutschland","twitter:creator":"@nbasturias","twitter:image":"https:\/\/candas365.es\/noticias\/wp-content\/uploads\/2024\/11\/Polizisten.jpg","twitter:label1":"Escrito por","twitter:data1":"Cand\u00e1s 365","twitter:label2":"Tiempo de lectura estimado","twitter:data2":"2 minutos"},"aioseo_meta_data":{"post_id":"184357","title":null,"description":"Luxemburg (dpa) - Der fr\u00fchere EU-Kommissionspr\u00e4sident Jean-Claude Juncker hat die Wiedereinf\u00fchrung von Grenzkontrollen in Deutschland","keywords":null,"keyphrases":{"focus":{"keyphrase":"Juncker","score":76,"analysis":{"keyphraseInTitle":{"score":9,"maxScore":9,"error":0},"keyphraseInDescription":{"score":9,"maxScore":9,"error":0},"keyphraseLength":{"score":9,"maxScore":9,"error":0,"length":1},"keyphraseInURL":{"score":1,"maxScore":5,"error":1},"keyphraseInIntroduction":{"score":9,"maxScore":9,"error":0},"keyphraseInSubHeadings":{"score":3,"maxScore":9,"error":1},"keyphraseInImageAlt":{"score":3,"maxScore":9,"error":1},"keywordDensity":{"type":"best","score":9,"maxScore":9,"error":0}}},"additional":[{"keyphrase":"Juncker","score":87,"analysis":{"keyphraseInDescription":{"score":9,"maxScore":9,"error":0},"keyphraseLength":{"score":9,"maxScore":9,"error":0,"length":1},"keyphraseInIntroduction":{"score":9,"maxScore":9,"error":0},"keyphraseInImageAlt":{"score":3,"maxScore":9,"error":1},"keywordDensity":{"type":"best","score":9,"maxScore":9,"error":0}}}]},"primary_term":null,"canonical_url":null,"og_title":null,"og_description":null,"og_object_type":"default","og_image_type":"default","og_image_url":null,"og_image_width":null,"og_image_height":null,"og_image_custom_url":null,"og_image_custom_fields":null,"og_video":"","og_custom_url":null,"og_article_section":null,"og_article_tags":null,"twitter_use_og":false,"twitter_card":"default","twitter_image_type":"default","twitter_image_url":null,"twitter_image_custom_url":null,"twitter_image_custom_fields":null,"twitter_title":null,"twitter_description":null,"schema":{"blockGraphs":[],"customGraphs":[],"default":{"data":{"Article":[],"Course":[],"Dataset":[],"FAQPage":[],"Movie":[],"Person":[],"Product":[],"ProductReview":[],"Car":[],"Recipe":[],"Service":[],"SoftwareApplication":[],"WebPage":[]},"graphName":"Article","isEnabled":true},"graphs":[]},"schema_type":"default","schema_type_options":null,"pillar_content":false,"robots_default":true,"robots_noindex":false,"robots_noarchive":false,"robots_nosnippet":false,"robots_nofollow":false,"robots_noimageindex":false,"robots_noodp":false,"robots_notranslate":false,"robots_max_snippet":"-1","robots_max_videopreview":"-1","robots_max_imagepreview":"large","priority":null,"frequency":"default","location":null,"local_seo":null,"seo_analyzer_scan_date":"2025-09-03 08:35:12","breadcrumb_settings":null,"limit_modified_date":false,"reviewed_by":null,"open_ai":"{\"title\":{\"suggestions\":[],\"usage\":0},\"description\":{\"suggestions\":[],\"usage\":0}}","ai":null,"created":"2024-11-24 16:58:43","updated":"2025-09-03 08:35:12"},"aioseo_breadcrumb":"<div class=\"aioseo-breadcrumbs\"><span class=\"aioseo-breadcrumb\">\n\t<a href=\"https:\/\/candas365.es\/noticias\" title=\"Home\">Home<\/a>\n<\/span><span class=\"aioseo-breadcrumb-separator\">&ndash;<\/span><span class=\"aioseo-breadcrumb\">\n\t<a href=\"https:\/\/candas365.es\/noticias\/category\/candas-news\/\" title=\"News\">News<\/a>\n<\/span><span class=\"aioseo-breadcrumb-separator\">&ndash;<\/span><span class=\"aioseo-breadcrumb\">\n\tJuncker f\u00fcr Ende der Grenzkontrollen innerhalb der EU\n<\/span><\/div>","aioseo_breadcrumb_json":[{"label":"Home","link":"https:\/\/candas365.es\/noticias"},{"label":"News","link":"https:\/\/candas365.es\/noticias\/category\/candas-news\/"},{"label":"Juncker f\u00fcr Ende der Grenzkontrollen innerhalb der EU","link":"https:\/\/candas365.es\/noticias\/juncker-fur-ende-der-grenzkontrollen-innerhalb-der-eu\/"}],"_links":{"self":[{"href":"https:\/\/candas365.es\/noticias\/wp-json\/wp\/v2\/posts\/184357","targetHints":{"allow":["GET"]}}],"collection":[{"href":"https:\/\/candas365.es\/noticias\/wp-json\/wp\/v2\/posts"}],"about":[{"href":"https:\/\/candas365.es\/noticias\/wp-json\/wp\/v2\/types\/post"}],"author":[{"embeddable":true,"href":"https:\/\/candas365.es\/noticias\/wp-json\/wp\/v2\/users\/1"}],"replies":[{"embeddable":true,"href":"https:\/\/candas365.es\/noticias\/wp-json\/wp\/v2\/comments?post=184357"}],"version-history":[{"count":0,"href":"https:\/\/candas365.es\/noticias\/wp-json\/wp\/v2\/posts\/184357\/revisions"}],"wp:featuredmedia":[{"embeddable":true,"href":"https:\/\/candas365.es\/noticias\/wp-json\/wp\/v2\/media\/184358"}],"wp:attachment":[{"href":"https:\/\/candas365.es\/noticias\/wp-json\/wp\/v2\/media?parent=184357"}],"wp:term":[{"taxonomy":"category","embeddable":true,"href":"https:\/\/candas365.es\/noticias\/wp-json\/wp\/v2\/categories?post=184357"},{"taxonomy":"post_tag","embeddable":true,"href":"https:\/\/candas365.es\/noticias\/wp-json\/wp\/v2\/tags?post=184357"}],"curies":[{"name":"wp","href":"https:\/\/api.w.org\/{rel}","templated":true}]}}