{"id":184017,"date":"2024-11-11T16:00:30","date_gmt":"2024-11-11T15:00:30","guid":{"rendered":"https:\/\/candas365.es\/noticias\/?p=184017"},"modified":"2024-11-11T16:00:30","modified_gmt":"2024-11-11T15:00:30","slug":"cambios-en-cogersa","status":"publish","type":"post","link":"https:\/\/candas365.es\/noticias\/cambios-en-cogersa\/","title":{"rendered":"Cambios en Cogersa"},"content":{"rendered":"<p><strong>Cogersa<\/strong> ha informando que iniciar\u00e1 la reestructuraci\u00f3n interna con la supresi\u00f3n del \u00e1rea de Organizaci\u00f3n a partir de <a href=\"https:\/\/candas365.es\/noticias\/category\/agenda\/\"><span style=\"color: #ff6600;\"><strong>diciembre de 2024<\/strong><\/span><\/a>. Adem\u00e1s el consorcio ha aprobado la ampliaci\u00f3n de las instalaciones de compostaje y la adquisici\u00f3n de una nave en Siero para la puesta en marcha de una planta para impulsar la reutilizaci\u00f3n de residuos.<\/p>\n<figure id=\"attachment_184018\" aria-describedby=\"caption-attachment-184018\" style=\"width: 650px\" class=\"wp-caption aligncenter\"><img fetchpriority=\"high\" decoding=\"async\" class=\"size-large wp-image-184018\" src=\"https:\/\/candas365.es\/noticias\/wp-content\/uploads\/2024\/11\/Cogersa-650x296.jpg\" alt=\"Cogersa\" width=\"650\" height=\"296\" srcset=\"https:\/\/candas365.es\/noticias\/wp-content\/uploads\/2024\/11\/Cogersa-650x296.jpg 650w, https:\/\/candas365.es\/noticias\/wp-content\/uploads\/2024\/11\/Cogersa-360x164.jpg 360w, https:\/\/candas365.es\/noticias\/wp-content\/uploads\/2024\/11\/Cogersa-768x350.jpg 768w, https:\/\/candas365.es\/noticias\/wp-content\/uploads\/2024\/11\/Cogersa-150x68.jpg 150w, https:\/\/candas365.es\/noticias\/wp-content\/uploads\/2024\/11\/Cogersa-450x205.jpg 450w, https:\/\/candas365.es\/noticias\/wp-content\/uploads\/2024\/11\/Cogersa.jpg 1122w\" sizes=\"(max-width: 650px) 100vw, 650px\" \/><figcaption id=\"caption-attachment-184018\" class=\"wp-caption-text\">Foto: Prensa Gobierno de Asturias<\/figcaption><\/figure>\n<p>El Consorcio para la Gesti\u00f3n de Residuos S\u00f3lidos de Asturias (Cogersa) iniciar\u00e1 el proceso de reestructuraci\u00f3n interna de sus \u00f3rganos de gesti\u00f3n con la supresi\u00f3n del \u00e1rea de Organizaci\u00f3n. La decisi\u00f3n ha sido adoptada por la gerencia de la sociedad y tendr\u00e1 efectos a partir del uno de diciembre, seg\u00fan la informaci\u00f3n facilitada esta ma\u00f1ana por la gerente, Paz Orviz, al consejo de administraci\u00f3n.<\/p>\n<p>La eliminaci\u00f3n de esta \u00e1rea supone el primer cambio interno en la reordenaci\u00f3n de la estructura de Cogersa y responde al mandato asignado a la gerencia por los \u00f3rganos de gobierno y por la presidencia del consorcio. La nueva organizaci\u00f3n podr\u00eda estar definida en un plazo de mes y medio, para lo que se contratar\u00e1 un servicio externo de consultor\u00eda.<\/p>\n<p>Se trata de una primera decisi\u00f3n \u00abr\u00e1pida\u00bb y \u00abquir\u00fargica\u00bb, seg\u00fan ha explicado la consejera de Transici\u00f3n Ecol\u00f3gica del <a title=\"Principado\" href=\"https:\/\/actualidad.asturias.es\/\" target=\"_blank\" rel=\"noopener\"><span style=\"color: #ff6600;\"><strong>Principado<\/strong><\/span><\/a> y presidenta de Cogersa, Nieves Roque\u00f1\u00ed.<\/p>\n<p>Por otro lado, en la reuni\u00f3n del consejo y de la comisi\u00f3n delegada se ha aprobado el proyecto de ampliaci\u00f3n de la planta de compostaje y la adquisici\u00f3n de una nave en Siero para la puesta en marcha de una nave de preparaci\u00f3n para la reutilizaci\u00f3n. \u201cEste proyecto nos pone en la l\u00ednea de cumplimiento de los objetivos de reciclaje y de preparaci\u00f3n para la reutilizaci\u00f3n en el marco de la Ley de Residuos\u00bb, ha explicado Roque\u00f1\u00ed. La adquisici\u00f3n de este inmueble se trasladar\u00e1 para su aprobaci\u00f3n a la junta general del consorcio en una reuni\u00f3n prevista para diciembre.<\/p>\n<h2>Reconstrucci\u00f3n plan de basura bruta<\/h2>\n<p>Adem\u00e1s, Roque\u00f1\u00ed ha considerado \u201cuna buena noticia\u201d el inicio de los trabajos de reconstrucci\u00f3n de la nave A de la planta de tratamiento de basura bruta, que se extender\u00e1n durante un a\u00f1o con el objetivo de que las instalaciones entren en funcionamiento a finales de 2025. Posteriormente, comenzar\u00e1 un per\u00edodo de puesta en marcha que se prolongar\u00e1 durante cinco meses.<\/p>\n<p>La presidenta del consorcio ha explicado que el coste de las obras de reconstrucci\u00f3n, valoradas en 14,7 millones, se financiar\u00e1 inicialmente con recursos propios de Cogersa. Posteriormente, se reclamar\u00e1 a los explotadores de la planta que asuman parte de los da\u00f1os. Para ello, los peritos del consorcio est\u00e1n evaluando los desperfectos que les corresponder\u00eda abonar a las empresas Valtalia y Tragsa.<\/p>\n","protected":false},"excerpt":{"rendered":"<p>Cogersa ha informando que iniciar\u00e1 la reestructuraci\u00f3n interna con la supresi\u00f3n del \u00e1rea de Organizaci\u00f3n a partir de diciembre de 2024. Adem\u00e1s el consorcio ha aprobado la ampliaci\u00f3n de las instalaciones de compostaje y la adquisici\u00f3n de una nave en Siero para la puesta en marcha de una planta para impulsar la reutilizaci\u00f3n de residuos.<\/p>\n","protected":false},"author":1,"featured_media":184018,"comment_status":"closed","ping_status":"closed","sticky":false,"template":"","format":"standard","meta":{"footnotes":""},"categories":[7,316],"tags":[380],"class_list":{"0":"post-184017","1":"post","2":"type-post","3":"status-publish","4":"format-standard","5":"has-post-thumbnail","7":"category-asturias","8":"category-destacadas","9":"tag-asturias"},"aioseo_notices":[],"aioseo_head":"\n\t\t<!-- All in One SEO Pro 4.9.6.2 - aioseo.com -->\n\t<meta name=\"description\" content=\"Cogersa ha informando que iniciar\u00e1 la reestructuraci\u00f3n interna con la supresi\u00f3n del \u00e1rea de Organizaci\u00f3n a partir de diciembre de 2024. Adem\u00e1s el consorcio\" \/>\n\t<meta name=\"robots\" content=\"max-image-preview:large\" \/>\n\t<meta name=\"author\" content=\"Cand\u00e1s 365\"\/>\n\t<meta name=\"google-site-verification\" content=\"UA-32230408-1\" \/>\n\t<meta name=\"msvalidate.01\" content=\"354F3CDFB2DA171B47FBE9ABF1F88D5\" \/>\n\t<meta name=\"keywords\" content=\"asturias,destacadas\" \/>\n\t<link rel=\"canonical\" href=\"https:\/\/candas365.es\/noticias\/cambios-en-cogersa\/\" \/>\n\t<meta name=\"generator\" content=\"All in One SEO Pro (AIOSEO) 4.9.6.2\" \/>\n\t\t<meta property=\"og:locale\" content=\"es_ES\" \/>\n\t\t<meta property=\"og:site_name\" content=\"Cand\u00e1s 365\" \/>\n\t\t<meta property=\"og:type\" content=\"article\" \/>\n\t\t<meta property=\"og:title\" content=\"Cambios en Cogersa | Cand\u00e1s 365\" \/>\n\t\t<meta property=\"og:description\" content=\"Cogersa ha informando que iniciar\u00e1 la reestructuraci\u00f3n interna con la supresi\u00f3n del \u00e1rea de Organizaci\u00f3n a partir de diciembre de 2024. Adem\u00e1s el consorcio\" \/>\n\t\t<meta property=\"og:url\" content=\"https:\/\/candas365.es\/noticias\/cambios-en-cogersa\/\" \/>\n\t\t<meta property=\"og:image\" content=\"https:\/\/candas365.es\/noticias\/wp-content\/uploads\/2024\/11\/Cogersa.jpg\" \/>\n\t\t<meta property=\"og:image:secure_url\" content=\"https:\/\/candas365.es\/noticias\/wp-content\/uploads\/2024\/11\/Cogersa.jpg\" \/>\n\t\t<meta property=\"og:image:width\" content=\"1122\" \/>\n\t\t<meta property=\"og:image:height\" content=\"511\" \/>\n\t\t<meta property=\"article:published_time\" content=\"2024-11-11T15:00:30+00:00\" \/>\n\t\t<meta property=\"article:modified_time\" content=\"2024-11-11T15:00:30+00:00\" \/>\n\t\t<meta property=\"article:publisher\" content=\"https:\/\/www.facebook.com\/Nachofdezber\" \/>\n\t\t<meta property=\"article:author\" content=\"https:\/\/www.facebook.com\/carrenoactualidad\" \/>\n\t\t<meta name=\"twitter:card\" content=\"summary_large_image\" \/>\n\t\t<meta name=\"twitter:site\" content=\"@NabercoDigital\" \/>\n\t\t<meta name=\"twitter:title\" content=\"Cambios en Cogersa | Cand\u00e1s 365\" \/>\n\t\t<meta name=\"twitter:description\" content=\"Cogersa ha informando que iniciar\u00e1 la reestructuraci\u00f3n interna con la supresi\u00f3n del \u00e1rea de Organizaci\u00f3n a partir de diciembre de 2024. Adem\u00e1s el consorcio\" \/>\n\t\t<meta name=\"twitter:creator\" content=\"@nbasturias\" \/>\n\t\t<meta name=\"twitter:image\" content=\"https:\/\/candas365.es\/noticias\/wp-content\/uploads\/2024\/11\/Cogersa.jpg\" \/>\n\t\t<meta name=\"twitter:label1\" content=\"Escrito por\" \/>\n\t\t<meta name=\"twitter:data1\" content=\"Cand\u00e1s 365\" \/>\n\t\t<meta name=\"twitter:label2\" content=\"Tiempo de lectura estimado\" \/>\n\t\t<meta name=\"twitter:data2\" content=\"2 minutos\" \/>\n\t\t<script type=\"application\/ld+json\" class=\"aioseo-schema\">\n\t\t\t{\"@context\":\"https:\\\/\\\/schema.org\",\"@graph\":[{\"@type\":\"BreadcrumbList\",\"@id\":\"https:\\\/\\\/candas365.es\\\/noticias\\\/cambios-en-cogersa\\\/#breadcrumblist\",\"itemListElement\":[{\"@type\":\"ListItem\",\"@id\":\"https:\\\/\\\/candas365.es\\\/noticias#listItem\",\"position\":1,\"name\":\"Home\",\"item\":\"https:\\\/\\\/candas365.es\\\/noticias\",\"nextItem\":{\"@type\":\"ListItem\",\"@id\":\"https:\\\/\\\/candas365.es\\\/noticias\\\/category\\\/asturias\\\/#listItem\",\"name\":\"Asturias\"}},{\"@type\":\"ListItem\",\"@id\":\"https:\\\/\\\/candas365.es\\\/noticias\\\/category\\\/asturias\\\/#listItem\",\"position\":2,\"name\":\"Asturias\",\"item\":\"https:\\\/\\\/candas365.es\\\/noticias\\\/category\\\/asturias\\\/\",\"nextItem\":{\"@type\":\"ListItem\",\"@id\":\"https:\\\/\\\/candas365.es\\\/noticias\\\/cambios-en-cogersa\\\/#listItem\",\"name\":\"Cambios en Cogersa\"},\"previousItem\":{\"@type\":\"ListItem\",\"@id\":\"https:\\\/\\\/candas365.es\\\/noticias#listItem\",\"name\":\"Home\"}},{\"@type\":\"ListItem\",\"@id\":\"https:\\\/\\\/candas365.es\\\/noticias\\\/cambios-en-cogersa\\\/#listItem\",\"position\":3,\"name\":\"Cambios en Cogersa\",\"previousItem\":{\"@type\":\"ListItem\",\"@id\":\"https:\\\/\\\/candas365.es\\\/noticias\\\/category\\\/asturias\\\/#listItem\",\"name\":\"Asturias\"}}]},{\"@type\":\"NewsArticle\",\"@id\":\"https:\\\/\\\/candas365.es\\\/noticias\\\/cambios-en-cogersa\\\/#newsarticle\",\"name\":\"Cambios en Cogersa | Cand\\u00e1s 365\",\"headline\":\"Cambios en Cogersa\",\"author\":{\"@id\":\"https:\\\/\\\/candas365.es\\\/noticias\\\/author\\\/admin\\\/#author\"},\"publisher\":{\"@id\":\"https:\\\/\\\/candas365.es\\\/noticias\\\/#organization\"},\"image\":{\"@type\":\"ImageObject\",\"url\":\"https:\\\/\\\/candas365.es\\\/noticias\\\/wp-content\\\/uploads\\\/2024\\\/11\\\/Cogersa.jpg\",\"width\":1122,\"height\":511,\"caption\":\"Foto: Prensa Gobierno de Asturias\"},\"datePublished\":\"2024-11-11T16:00:30+01:00\",\"dateModified\":\"2024-11-11T16:00:30+01:00\",\"inLanguage\":\"es-ES\",\"mainEntityOfPage\":{\"@id\":\"https:\\\/\\\/candas365.es\\\/noticias\\\/cambios-en-cogersa\\\/#webpage\"},\"isPartOf\":{\"@id\":\"https:\\\/\\\/candas365.es\\\/noticias\\\/cambios-en-cogersa\\\/#webpage\"},\"articleSection\":\"Asturias, Destacadas, Asturias\",\"dateline\":\"Publicado el noviembre 11, 2024.\"},{\"@type\":\"Organization\",\"@id\":\"https:\\\/\\\/candas365.es\\\/noticias\\\/#organization\",\"name\":\"Cand\\u00e1s 365\",\"description\":\"Cand\\u00e1s 365 es un diario digital independiente, fundado en 2012, con base en Asturias. Informamos con rigor sobre actualidad, sociedad, cultura y ocio, con una mirada local y global.\",\"url\":\"https:\\\/\\\/candas365.es\\\/noticias\\\/\",\"email\":\"info@candas365.es\",\"telephone\":\"+34652131393\",\"foundingDate\":\"2012-06-10\",\"logo\":{\"@type\":\"ImageObject\",\"url\":\"https:\\\/\\\/candas365.es\\\/noticias\\\/wp-content\\\/uploads\\\/2024\\\/09\\\/Candas-365-Redes.jpg\",\"@id\":\"https:\\\/\\\/candas365.es\\\/noticias\\\/cambios-en-cogersa\\\/#organizationLogo\",\"width\":1152,\"height\":864,\"caption\":\"Cand\\u00e1s 365 Redes\"},\"image\":{\"@id\":\"https:\\\/\\\/candas365.es\\\/noticias\\\/cambios-en-cogersa\\\/#organizationLogo\"},\"sameAs\":[\"https:\\\/\\\/www.facebook.com\\\/Nachofdezber\",\"https:\\\/\\\/x.com\\\/NabercoDigital\",\"https:\\\/\\\/www.instagram.com\\\/nachofdezber\\\/\",\"https:\\\/\\\/www.youtube.com\\\/channel\\\/UCZP-2wLEB9Rv6erhFmqVnvg\"],\"address\":{\"@id\":\"https:\\\/\\\/candas365.es\\\/noticias\\\/#postaladdress\",\"@type\":\"PostalAddress\",\"streetAddress\":\"san antonio 4, san antonio 4\",\"postalCode\":\"33430\",\"addressLocality\":\"Cand\\u00e1s\",\"addressRegion\":\"Asturias\",\"addressCountry\":\"ES\"}},{\"@type\":\"Person\",\"@id\":\"https:\\\/\\\/candas365.es\\\/noticias\\\/author\\\/admin\\\/#author\",\"url\":\"https:\\\/\\\/candas365.es\\\/noticias\\\/author\\\/admin\\\/\",\"name\":\"Cand\\u00e1s 365\",\"image\":{\"@type\":\"ImageObject\",\"@id\":\"https:\\\/\\\/candas365.es\\\/noticias\\\/cambios-en-cogersa\\\/#authorImage\",\"url\":\"https:\\\/\\\/secure.gravatar.com\\\/avatar\\\/496a8e03d0c493ede1718b7934145dbdf8d89be1036b0eec9544e1094c9de390?s=96&d=mm&r=g\",\"width\":96,\"height\":96,\"caption\":\"Cand\\u00e1s 365\"},\"sameAs\":[\"https:\\\/\\\/www.facebook.com\\\/carrenoactualidad\",\"https:\\\/\\\/twitter.com\\\/nbasturias\",\"https:\\\/\\\/www.instagram.com\\\/nachofdezber\\\/\",\"https:\\\/\\\/www.youtube.com\\\/channel\\\/UCZP-2wLEB9Rv6erhFmqVnvg\"]},{\"@type\":\"WebPage\",\"@id\":\"https:\\\/\\\/candas365.es\\\/noticias\\\/cambios-en-cogersa\\\/#webpage\",\"url\":\"https:\\\/\\\/candas365.es\\\/noticias\\\/cambios-en-cogersa\\\/\",\"name\":\"Cambios en Cogersa | Cand\\u00e1s 365\",\"description\":\"Cogersa ha informando que iniciar\\u00e1 la reestructuraci\\u00f3n interna con la supresi\\u00f3n del \\u00e1rea de Organizaci\\u00f3n a partir de diciembre de 2024. Adem\\u00e1s el consorcio\",\"inLanguage\":\"es-ES\",\"isPartOf\":{\"@id\":\"https:\\\/\\\/candas365.es\\\/noticias\\\/#website\"},\"breadcrumb\":{\"@id\":\"https:\\\/\\\/candas365.es\\\/noticias\\\/cambios-en-cogersa\\\/#breadcrumblist\"},\"author\":{\"@id\":\"https:\\\/\\\/candas365.es\\\/noticias\\\/author\\\/admin\\\/#author\"},\"creator\":{\"@id\":\"https:\\\/\\\/candas365.es\\\/noticias\\\/author\\\/admin\\\/#author\"},\"image\":{\"@type\":\"ImageObject\",\"url\":\"https:\\\/\\\/candas365.es\\\/noticias\\\/wp-content\\\/uploads\\\/2024\\\/11\\\/Cogersa.jpg\",\"@id\":\"https:\\\/\\\/candas365.es\\\/noticias\\\/cambios-en-cogersa\\\/#mainImage\",\"width\":1122,\"height\":511,\"caption\":\"Foto: Prensa Gobierno de Asturias\"},\"primaryImageOfPage\":{\"@id\":\"https:\\\/\\\/candas365.es\\\/noticias\\\/cambios-en-cogersa\\\/#mainImage\"},\"datePublished\":\"2024-11-11T16:00:30+01:00\",\"dateModified\":\"2024-11-11T16:00:30+01:00\"},{\"@type\":\"WebSite\",\"@id\":\"https:\\\/\\\/candas365.es\\\/noticias\\\/#website\",\"url\":\"https:\\\/\\\/candas365.es\\\/noticias\\\/\",\"name\":\"Cand\\u00e1s 365\",\"alternateName\":\"Cand\\u00e1s 365 Noticias\",\"description\":\"Actualidad desde Carre\\u00f1o para el mundo\",\"inLanguage\":\"es-ES\",\"publisher\":{\"@id\":\"https:\\\/\\\/candas365.es\\\/noticias\\\/#organization\"}}]}\n\t\t<\/script>\n\t\t<!-- All in One SEO Pro -->\r\n\t\t<title>Cambios en Cogersa | Cand\u00e1s 365<\/title>\n\n","aioseo_head_json":{"title":"Cambios en Cogersa | Cand\u00e1s 365","description":"Cogersa ha informando que iniciar\u00e1 la reestructuraci\u00f3n interna con la supresi\u00f3n del \u00e1rea de Organizaci\u00f3n a partir de diciembre de 2024. Adem\u00e1s el consorcio","canonical_url":"https:\/\/candas365.es\/noticias\/cambios-en-cogersa\/","robots":"max-image-preview:large","keywords":"asturias,destacadas","webmasterTools":{"google-site-verification":"UA-32230408-1","msvalidate.01":"354F3CDFB2DA171B47FBE9ABF1F88D5","miscellaneous":""},"schema":{"@context":"https:\/\/schema.org","@graph":[{"@type":"BreadcrumbList","@id":"https:\/\/candas365.es\/noticias\/cambios-en-cogersa\/#breadcrumblist","itemListElement":[{"@type":"ListItem","@id":"https:\/\/candas365.es\/noticias#listItem","position":1,"name":"Home","item":"https:\/\/candas365.es\/noticias","nextItem":{"@type":"ListItem","@id":"https:\/\/candas365.es\/noticias\/category\/asturias\/#listItem","name":"Asturias"}},{"@type":"ListItem","@id":"https:\/\/candas365.es\/noticias\/category\/asturias\/#listItem","position":2,"name":"Asturias","item":"https:\/\/candas365.es\/noticias\/category\/asturias\/","nextItem":{"@type":"ListItem","@id":"https:\/\/candas365.es\/noticias\/cambios-en-cogersa\/#listItem","name":"Cambios en Cogersa"},"previousItem":{"@type":"ListItem","@id":"https:\/\/candas365.es\/noticias#listItem","name":"Home"}},{"@type":"ListItem","@id":"https:\/\/candas365.es\/noticias\/cambios-en-cogersa\/#listItem","position":3,"name":"Cambios en Cogersa","previousItem":{"@type":"ListItem","@id":"https:\/\/candas365.es\/noticias\/category\/asturias\/#listItem","name":"Asturias"}}]},{"@type":"NewsArticle","@id":"https:\/\/candas365.es\/noticias\/cambios-en-cogersa\/#newsarticle","name":"Cambios en Cogersa | Cand\u00e1s 365","headline":"Cambios en Cogersa","author":{"@id":"https:\/\/candas365.es\/noticias\/author\/admin\/#author"},"publisher":{"@id":"https:\/\/candas365.es\/noticias\/#organization"},"image":{"@type":"ImageObject","url":"https:\/\/candas365.es\/noticias\/wp-content\/uploads\/2024\/11\/Cogersa.jpg","width":1122,"height":511,"caption":"Foto: Prensa Gobierno de Asturias"},"datePublished":"2024-11-11T16:00:30+01:00","dateModified":"2024-11-11T16:00:30+01:00","inLanguage":"es-ES","mainEntityOfPage":{"@id":"https:\/\/candas365.es\/noticias\/cambios-en-cogersa\/#webpage"},"isPartOf":{"@id":"https:\/\/candas365.es\/noticias\/cambios-en-cogersa\/#webpage"},"articleSection":"Asturias, Destacadas, Asturias","dateline":"Publicado el noviembre 11, 2024."},{"@type":"Organization","@id":"https:\/\/candas365.es\/noticias\/#organization","name":"Cand\u00e1s 365","description":"Cand\u00e1s 365 es un diario digital independiente, fundado en 2012, con base en Asturias. Informamos con rigor sobre actualidad, sociedad, cultura y ocio, con una mirada local y global.","url":"https:\/\/candas365.es\/noticias\/","email":"info@candas365.es","telephone":"+34652131393","foundingDate":"2012-06-10","logo":{"@type":"ImageObject","url":"https:\/\/candas365.es\/noticias\/wp-content\/uploads\/2024\/09\/Candas-365-Redes.jpg","@id":"https:\/\/candas365.es\/noticias\/cambios-en-cogersa\/#organizationLogo","width":1152,"height":864,"caption":"Cand\u00e1s 365 Redes"},"image":{"@id":"https:\/\/candas365.es\/noticias\/cambios-en-cogersa\/#organizationLogo"},"sameAs":["https:\/\/www.facebook.com\/Nachofdezber","https:\/\/x.com\/NabercoDigital","https:\/\/www.instagram.com\/nachofdezber\/","https:\/\/www.youtube.com\/channel\/UCZP-2wLEB9Rv6erhFmqVnvg"],"address":{"@id":"https:\/\/candas365.es\/noticias\/#postaladdress","@type":"PostalAddress","streetAddress":"san antonio 4, san antonio 4","postalCode":"33430","addressLocality":"Cand\u00e1s","addressRegion":"Asturias","addressCountry":"ES"}},{"@type":"Person","@id":"https:\/\/candas365.es\/noticias\/author\/admin\/#author","url":"https:\/\/candas365.es\/noticias\/author\/admin\/","name":"Cand\u00e1s 365","image":{"@type":"ImageObject","@id":"https:\/\/candas365.es\/noticias\/cambios-en-cogersa\/#authorImage","url":"https:\/\/secure.gravatar.com\/avatar\/496a8e03d0c493ede1718b7934145dbdf8d89be1036b0eec9544e1094c9de390?s=96&d=mm&r=g","width":96,"height":96,"caption":"Cand\u00e1s 365"},"sameAs":["https:\/\/www.facebook.com\/carrenoactualidad","https:\/\/twitter.com\/nbasturias","https:\/\/www.instagram.com\/nachofdezber\/","https:\/\/www.youtube.com\/channel\/UCZP-2wLEB9Rv6erhFmqVnvg"]},{"@type":"WebPage","@id":"https:\/\/candas365.es\/noticias\/cambios-en-cogersa\/#webpage","url":"https:\/\/candas365.es\/noticias\/cambios-en-cogersa\/","name":"Cambios en Cogersa | Cand\u00e1s 365","description":"Cogersa ha informando que iniciar\u00e1 la reestructuraci\u00f3n interna con la supresi\u00f3n del \u00e1rea de Organizaci\u00f3n a partir de diciembre de 2024. Adem\u00e1s el consorcio","inLanguage":"es-ES","isPartOf":{"@id":"https:\/\/candas365.es\/noticias\/#website"},"breadcrumb":{"@id":"https:\/\/candas365.es\/noticias\/cambios-en-cogersa\/#breadcrumblist"},"author":{"@id":"https:\/\/candas365.es\/noticias\/author\/admin\/#author"},"creator":{"@id":"https:\/\/candas365.es\/noticias\/author\/admin\/#author"},"image":{"@type":"ImageObject","url":"https:\/\/candas365.es\/noticias\/wp-content\/uploads\/2024\/11\/Cogersa.jpg","@id":"https:\/\/candas365.es\/noticias\/cambios-en-cogersa\/#mainImage","width":1122,"height":511,"caption":"Foto: Prensa Gobierno de Asturias"},"primaryImageOfPage":{"@id":"https:\/\/candas365.es\/noticias\/cambios-en-cogersa\/#mainImage"},"datePublished":"2024-11-11T16:00:30+01:00","dateModified":"2024-11-11T16:00:30+01:00"},{"@type":"WebSite","@id":"https:\/\/candas365.es\/noticias\/#website","url":"https:\/\/candas365.es\/noticias\/","name":"Cand\u00e1s 365","alternateName":"Cand\u00e1s 365 Noticias","description":"Actualidad desde Carre\u00f1o para el mundo","inLanguage":"es-ES","publisher":{"@id":"https:\/\/candas365.es\/noticias\/#organization"}}]},"og:locale":"es_ES","og:site_name":"Cand\u00e1s 365","og:type":"article","og:title":"Cambios en Cogersa | Cand\u00e1s 365","og:description":"Cogersa ha informando que iniciar\u00e1 la reestructuraci\u00f3n interna con la supresi\u00f3n del \u00e1rea de Organizaci\u00f3n a partir de diciembre de 2024. Adem\u00e1s el consorcio","og:url":"https:\/\/candas365.es\/noticias\/cambios-en-cogersa\/","og:image":"https:\/\/candas365.es\/noticias\/wp-content\/uploads\/2024\/11\/Cogersa.jpg","og:image:secure_url":"https:\/\/candas365.es\/noticias\/wp-content\/uploads\/2024\/11\/Cogersa.jpg","og:image:width":1122,"og:image:height":511,"article:published_time":"2024-11-11T15:00:30+00:00","article:modified_time":"2024-11-11T15:00:30+00:00","article:publisher":"https:\/\/www.facebook.com\/Nachofdezber","article:author":"https:\/\/www.facebook.com\/carrenoactualidad","twitter:card":"summary_large_image","twitter:site":"@NabercoDigital","twitter:title":"Cambios en Cogersa | Cand\u00e1s 365","twitter:description":"Cogersa ha informando que iniciar\u00e1 la reestructuraci\u00f3n interna con la supresi\u00f3n del \u00e1rea de Organizaci\u00f3n a partir de diciembre de 2024. Adem\u00e1s el consorcio","twitter:creator":"@nbasturias","twitter:image":"https:\/\/candas365.es\/noticias\/wp-content\/uploads\/2024\/11\/Cogersa.jpg","twitter:label1":"Escrito por","twitter:data1":"Cand\u00e1s 365","twitter:label2":"Tiempo de lectura estimado","twitter:data2":"2 minutos"},"aioseo_meta_data":{"post_id":"184017","title":null,"description":"Cogersa ha informando que iniciar\u00e1 la reestructuraci\u00f3n interna con la supresi\u00f3n del \u00e1rea de Organizaci\u00f3n a partir de diciembre de 2024. Adem\u00e1s el consorcio","keywords":null,"keyphrases":{"focus":{"keyphrase":"Cogersa","score":85,"analysis":{"keyphraseInTitle":{"score":9,"maxScore":9,"error":0},"keyphraseInDescription":{"score":9,"maxScore":9,"error":0},"keyphraseLength":{"score":9,"maxScore":9,"error":0,"length":1},"keyphraseInURL":{"score":1,"maxScore":5,"error":1},"keyphraseInIntroduction":{"score":9,"maxScore":9,"error":0},"keyphraseInSubHeadings":{"score":3,"maxScore":9,"error":1},"keyphraseInImageAlt":{"score":9,"maxScore":9,"error":0},"keywordDensity":{"type":"best","score":9,"maxScore":9,"error":0}}},"additional":[{"keyphrase":"Cogersa","score":100,"analysis":{"keyphraseInDescription":{"score":9,"maxScore":9,"error":0},"keyphraseLength":{"score":9,"maxScore":9,"error":0,"length":1},"keyphraseInIntroduction":{"score":9,"maxScore":9,"error":0},"keyphraseInImageAlt":{"score":9,"maxScore":9,"error":0},"keywordDensity":{"type":"best","score":9,"maxScore":9,"error":0}}}]},"primary_term":null,"canonical_url":null,"og_title":null,"og_description":null,"og_object_type":"default","og_image_type":"default","og_image_url":null,"og_image_width":null,"og_image_height":null,"og_image_custom_url":null,"og_image_custom_fields":null,"og_video":"","og_custom_url":null,"og_article_section":null,"og_article_tags":null,"twitter_use_og":false,"twitter_card":"default","twitter_image_type":"default","twitter_image_url":null,"twitter_image_custom_url":null,"twitter_image_custom_fields":null,"twitter_title":null,"twitter_description":null,"schema":{"blockGraphs":[],"customGraphs":[],"default":{"data":{"Article":[],"Course":[],"Dataset":[],"FAQPage":[],"Movie":[],"Person":[],"Product":[],"ProductReview":[],"Car":[],"Recipe":[],"Service":[],"SoftwareApplication":[],"WebPage":[]},"graphName":"Article","isEnabled":true},"graphs":[]},"schema_type":"default","schema_type_options":null,"pillar_content":false,"robots_default":true,"robots_noindex":false,"robots_noarchive":false,"robots_nosnippet":false,"robots_nofollow":false,"robots_noimageindex":false,"robots_noodp":false,"robots_notranslate":false,"robots_max_snippet":"-1","robots_max_videopreview":"-1","robots_max_imagepreview":"large","priority":null,"frequency":"default","location":null,"local_seo":null,"seo_analyzer_scan_date":"2025-09-03 08:08:20","breadcrumb_settings":null,"limit_modified_date":false,"reviewed_by":null,"open_ai":"{\"title\":{\"suggestions\":[],\"usage\":0},\"description\":{\"suggestions\":[],\"usage\":0}}","ai":null,"created":"2024-11-11 14:54:54","updated":"2025-09-03 08:08:20"},"aioseo_breadcrumb":"<div class=\"aioseo-breadcrumbs\"><span class=\"aioseo-breadcrumb\">\n\t<a href=\"https:\/\/candas365.es\/noticias\" title=\"Home\">Home<\/a>\n<\/span><span class=\"aioseo-breadcrumb-separator\">&ndash;<\/span><span class=\"aioseo-breadcrumb\">\n\t<a href=\"https:\/\/candas365.es\/noticias\/category\/asturias\/\" title=\"Asturias\">Asturias<\/a>\n<\/span><span class=\"aioseo-breadcrumb-separator\">&ndash;<\/span><span class=\"aioseo-breadcrumb\">\n\tCambios en Cogersa\n<\/span><\/div>","aioseo_breadcrumb_json":[{"label":"Home","link":"https:\/\/candas365.es\/noticias"},{"label":"Asturias","link":"https:\/\/candas365.es\/noticias\/category\/asturias\/"},{"label":"Cambios en Cogersa","link":"https:\/\/candas365.es\/noticias\/cambios-en-cogersa\/"}],"_links":{"self":[{"href":"https:\/\/candas365.es\/noticias\/wp-json\/wp\/v2\/posts\/184017","targetHints":{"allow":["GET"]}}],"collection":[{"href":"https:\/\/candas365.es\/noticias\/wp-json\/wp\/v2\/posts"}],"about":[{"href":"https:\/\/candas365.es\/noticias\/wp-json\/wp\/v2\/types\/post"}],"author":[{"embeddable":true,"href":"https:\/\/candas365.es\/noticias\/wp-json\/wp\/v2\/users\/1"}],"replies":[{"embeddable":true,"href":"https:\/\/candas365.es\/noticias\/wp-json\/wp\/v2\/comments?post=184017"}],"version-history":[{"count":0,"href":"https:\/\/candas365.es\/noticias\/wp-json\/wp\/v2\/posts\/184017\/revisions"}],"wp:featuredmedia":[{"embeddable":true,"href":"https:\/\/candas365.es\/noticias\/wp-json\/wp\/v2\/media\/184018"}],"wp:attachment":[{"href":"https:\/\/candas365.es\/noticias\/wp-json\/wp\/v2\/media?parent=184017"}],"wp:term":[{"taxonomy":"category","embeddable":true,"href":"https:\/\/candas365.es\/noticias\/wp-json\/wp\/v2\/categories?post=184017"},{"taxonomy":"post_tag","embeddable":true,"href":"https:\/\/candas365.es\/noticias\/wp-json\/wp\/v2\/tags?post=184017"}],"curies":[{"name":"wp","href":"https:\/\/api.w.org\/{rel}","templated":true}]}}