{"id":184004,"date":"2024-11-10T14:50:41","date_gmt":"2024-11-10T13:50:41","guid":{"rendered":"https:\/\/candas365.es\/noticias\/?p=184004"},"modified":"2024-11-10T14:50:41","modified_gmt":"2024-11-10T13:50:41","slug":"huelga-de-reparto-de-butano-en-espana","status":"publish","type":"post","link":"https:\/\/candas365.es\/noticias\/huelga-de-reparto-de-butano-en-espana\/","title":{"rendered":"Huelga de reparto de butano en Espa\u00f1a"},"content":{"rendered":"<p>Fedglp ha informado que continuar\u00e1 este mi\u00e9rcoles con la huelga de reparto de butano en protesta por la \u00abinacci\u00f3n\u00bb del Ministerio de Transici\u00f3n Ecol\u00f3gica y Reto Demogr\u00e1fico ante sus reivindicaciones.<\/p>\n<p><img fetchpriority=\"high\" decoding=\"async\" class=\"aligncenter size-full wp-image-184005\" src=\"https:\/\/candas365.es\/noticias\/wp-content\/uploads\/2024\/11\/gas-butano.jpg\" alt=\"gas butano\" width=\"640\" height=\"427\" srcset=\"https:\/\/candas365.es\/noticias\/wp-content\/uploads\/2024\/11\/gas-butano.jpg 640w, https:\/\/candas365.es\/noticias\/wp-content\/uploads\/2024\/11\/gas-butano-360x240.jpg 360w, https:\/\/candas365.es\/noticias\/wp-content\/uploads\/2024\/11\/gas-butano-150x100.jpg 150w, https:\/\/candas365.es\/noticias\/wp-content\/uploads\/2024\/11\/gas-butano-450x300.jpg 450w\" sizes=\"(max-width: 640px) 100vw, 640px\" \/><\/p>\n<p>Seg\u00fan esta patronal, el Gobierno deber\u00eda garantizar que sus <a href=\"https:\/\/naberco.es\/tag\/empresas\/\" target=\"_blank\" rel=\"noopener\"><span style=\"color: #ff6600;\"><strong>transportistas<\/strong><\/span><\/a> reciben de los operadores una retribuci\u00f3n de al menos 4,8 euros por bombona, frente a los 25 c\u00e9ntimos actuales.<\/p>\n<p>Por ello, <strong>mantiene el calendario de suspensiones de reparto para los d\u00edas 13, 21 y 29 de noviembre y 5, 11, 17 y 23 de diciembre.<\/strong><\/p>\n<p>Sin embargo, el servicio de reparto domiciliario de bombonas no se suspender\u00e1 en la provincia de Valencia y en otras zonas afectadas por la reciente <a href=\"https:\/\/candas365.es\/noticias\/tag\/dana-en-espana\/\"><span style=\"color: #ff6600;\"><strong>DANA<\/strong><\/span><\/a>, donde muchos hogares dependen de este suministro para su bienestar diario.<\/p>\n<p>Esta huelga se plantea ante la \u00abinacci\u00f3n\u00bb del Ministerio de Transici\u00f3n Ecol\u00f3gica y las condiciones impuestas por las petroleras que obligan a los distribuidores de butano a trabajar a p\u00e9rdidas.<\/p>\n<p>Los paros afectan al reparto de m\u00e1s de 150.000 bombonas de butano que diariamente se suministran en toda la geograf\u00eda espa\u00f1ola a m\u00e1s de 6 millones de hogares.<\/p>\n<p>Los convocantes explicaron que durante el periodo de suspensi\u00f3n las agencias de distribuci\u00f3n no realizan entregas domiciliarias a particulares ni empresas, aunque siguen garantizando el suministro a los puntos de venta.<\/p>\n<p>Adem\u00e1s, aseguraron que la suspensi\u00f3n no afecta a los usuarios en situaci\u00f3n de vulnerabilidad social, centros educativos, sanitarios, de atenci\u00f3n social, residencias de mayores, ni a instituciones sin \u00e1nimo de lucro.<\/p>\n<p>Los convocantes denuncian que los repartidores de butano atraviesan una situaci\u00f3n cr\u00edtica desde hace a\u00f1os, como consecuencia de que el sistema de actualizaci\u00f3n de la retribuci\u00f3n que perciben por cada bombona lleva m\u00e1s de una d\u00e9cada sin actualizarse.<\/p>\n<p>(<a href=\"https:\/\/www.servimedia.es\/\" target=\"_blank\" rel=\"noopener\"><span style=\"color: #ff6600;\"><strong>SERVIMEDIA<\/strong><\/span><\/a>)<\/p>\n","protected":false},"excerpt":{"rendered":"<p>Fedglp ha informado que continuar\u00e1 este mi\u00e9rcoles con la huelga de reparto de butano en protesta por la \u00abinacci\u00f3n\u00bb del Ministerio de Transici\u00f3n Ecol\u00f3gica y Reto Demogr\u00e1fico ante sus reivindicaciones. Seg\u00fan esta patronal, el Gobierno deber\u00eda garantizar que sus transportistas reciben de los operadores una retribuci\u00f3n de al menos 4,8 euros por bombona, frente a<\/p>\n","protected":false},"author":1,"featured_media":184005,"comment_status":"closed","ping_status":"closed","sticky":false,"template":"","format":"standard","meta":{"footnotes":""},"categories":[486],"tags":[437],"class_list":{"0":"post-184004","1":"post","2":"type-post","3":"status-publish","4":"format-standard","5":"has-post-thumbnail","7":"category-economia","8":"tag-economia"},"aioseo_notices":[],"aioseo_head":"\n\t\t<!-- All in One SEO Pro 4.9.6.2 - aioseo.com -->\n\t<meta name=\"description\" content=\"Fedglp ha informado que continuar\u00e1 este mi\u00e9rcoles con la huelga de reparto de butano en protesta por la &quot;inacci\u00f3n&quot; del Ministerio de Transici\u00f3n Ecol\u00f3gica y Reto\" \/>\n\t<meta name=\"robots\" content=\"max-image-preview:large\" \/>\n\t<meta name=\"author\" content=\"Cand\u00e1s 365\"\/>\n\t<meta name=\"google-site-verification\" content=\"UA-32230408-1\" \/>\n\t<meta name=\"msvalidate.01\" content=\"354F3CDFB2DA171B47FBE9ABF1F88D5\" \/>\n\t<meta name=\"keywords\" content=\"econom\u00eda\" \/>\n\t<link rel=\"canonical\" href=\"https:\/\/candas365.es\/noticias\/huelga-de-reparto-de-butano-en-espana\/\" \/>\n\t<meta name=\"generator\" content=\"All in One SEO Pro (AIOSEO) 4.9.6.2\" \/>\n\t\t<meta property=\"og:locale\" content=\"es_ES\" \/>\n\t\t<meta property=\"og:site_name\" content=\"Cand\u00e1s 365\" \/>\n\t\t<meta property=\"og:type\" content=\"article\" \/>\n\t\t<meta property=\"og:title\" content=\"Huelga de reparto de butano en Espa\u00f1a | Cand\u00e1s 365\" \/>\n\t\t<meta property=\"og:description\" content=\"Fedglp ha informado que continuar\u00e1 este mi\u00e9rcoles con la huelga de reparto de butano en protesta por la &quot;inacci\u00f3n&quot; del Ministerio de Transici\u00f3n Ecol\u00f3gica y Reto\" \/>\n\t\t<meta property=\"og:url\" content=\"https:\/\/candas365.es\/noticias\/huelga-de-reparto-de-butano-en-espana\/\" \/>\n\t\t<meta property=\"og:image\" content=\"https:\/\/candas365.es\/noticias\/wp-content\/uploads\/2024\/11\/gas-butano.jpg\" \/>\n\t\t<meta property=\"og:image:secure_url\" content=\"https:\/\/candas365.es\/noticias\/wp-content\/uploads\/2024\/11\/gas-butano.jpg\" \/>\n\t\t<meta property=\"og:image:width\" content=\"640\" \/>\n\t\t<meta property=\"og:image:height\" content=\"427\" \/>\n\t\t<meta property=\"article:published_time\" content=\"2024-11-10T13:50:41+00:00\" \/>\n\t\t<meta property=\"article:modified_time\" content=\"2024-11-10T13:50:41+00:00\" \/>\n\t\t<meta property=\"article:publisher\" content=\"https:\/\/www.facebook.com\/Nachofdezber\" \/>\n\t\t<meta property=\"article:author\" content=\"https:\/\/www.facebook.com\/carrenoactualidad\" \/>\n\t\t<meta name=\"twitter:card\" content=\"summary_large_image\" \/>\n\t\t<meta name=\"twitter:site\" content=\"@NabercoDigital\" \/>\n\t\t<meta name=\"twitter:title\" content=\"Huelga de reparto de butano en Espa\u00f1a | Cand\u00e1s 365\" \/>\n\t\t<meta name=\"twitter:description\" content=\"Fedglp ha informado que continuar\u00e1 este mi\u00e9rcoles con la huelga de reparto de butano en protesta por la &quot;inacci\u00f3n&quot; del Ministerio de Transici\u00f3n Ecol\u00f3gica y Reto\" \/>\n\t\t<meta name=\"twitter:creator\" content=\"@nbasturias\" \/>\n\t\t<meta name=\"twitter:image\" content=\"https:\/\/candas365.es\/noticias\/wp-content\/uploads\/2024\/11\/gas-butano.jpg\" \/>\n\t\t<meta name=\"twitter:label1\" content=\"Escrito por\" \/>\n\t\t<meta name=\"twitter:data1\" content=\"Cand\u00e1s 365\" \/>\n\t\t<meta name=\"twitter:label2\" content=\"Tiempo de lectura estimado\" \/>\n\t\t<meta name=\"twitter:data2\" content=\"2 minutos\" \/>\n\t\t<script type=\"application\/ld+json\" class=\"aioseo-schema\">\n\t\t\t{\"@context\":\"https:\\\/\\\/schema.org\",\"@graph\":[{\"@type\":\"BreadcrumbList\",\"@id\":\"https:\\\/\\\/candas365.es\\\/noticias\\\/huelga-de-reparto-de-butano-en-espana\\\/#breadcrumblist\",\"itemListElement\":[{\"@type\":\"ListItem\",\"@id\":\"https:\\\/\\\/candas365.es\\\/noticias#listItem\",\"position\":1,\"name\":\"Home\",\"item\":\"https:\\\/\\\/candas365.es\\\/noticias\",\"nextItem\":{\"@type\":\"ListItem\",\"@id\":\"https:\\\/\\\/candas365.es\\\/noticias\\\/category\\\/economia\\\/#listItem\",\"name\":\"Econom\\u00eda\"}},{\"@type\":\"ListItem\",\"@id\":\"https:\\\/\\\/candas365.es\\\/noticias\\\/category\\\/economia\\\/#listItem\",\"position\":2,\"name\":\"Econom\\u00eda\",\"item\":\"https:\\\/\\\/candas365.es\\\/noticias\\\/category\\\/economia\\\/\",\"nextItem\":{\"@type\":\"ListItem\",\"@id\":\"https:\\\/\\\/candas365.es\\\/noticias\\\/huelga-de-reparto-de-butano-en-espana\\\/#listItem\",\"name\":\"Huelga de reparto de butano en Espa\\u00f1a\"},\"previousItem\":{\"@type\":\"ListItem\",\"@id\":\"https:\\\/\\\/candas365.es\\\/noticias#listItem\",\"name\":\"Home\"}},{\"@type\":\"ListItem\",\"@id\":\"https:\\\/\\\/candas365.es\\\/noticias\\\/huelga-de-reparto-de-butano-en-espana\\\/#listItem\",\"position\":3,\"name\":\"Huelga de reparto de butano en Espa\\u00f1a\",\"previousItem\":{\"@type\":\"ListItem\",\"@id\":\"https:\\\/\\\/candas365.es\\\/noticias\\\/category\\\/economia\\\/#listItem\",\"name\":\"Econom\\u00eda\"}}]},{\"@type\":\"NewsArticle\",\"@id\":\"https:\\\/\\\/candas365.es\\\/noticias\\\/huelga-de-reparto-de-butano-en-espana\\\/#newsarticle\",\"name\":\"Huelga de reparto de butano en Espa\\u00f1a | Cand\\u00e1s 365\",\"headline\":\"Huelga de reparto de butano en Espa\\u00f1a\",\"author\":{\"@id\":\"https:\\\/\\\/candas365.es\\\/noticias\\\/author\\\/admin\\\/#author\"},\"publisher\":{\"@id\":\"https:\\\/\\\/candas365.es\\\/noticias\\\/#organization\"},\"image\":{\"@type\":\"ImageObject\",\"url\":\"https:\\\/\\\/candas365.es\\\/noticias\\\/wp-content\\\/uploads\\\/2024\\\/11\\\/gas-butano.jpg\",\"width\":640,\"height\":427,\"caption\":\"gas butano\"},\"datePublished\":\"2024-11-10T14:50:41+01:00\",\"dateModified\":\"2024-11-10T14:50:41+01:00\",\"inLanguage\":\"es-ES\",\"mainEntityOfPage\":{\"@id\":\"https:\\\/\\\/candas365.es\\\/noticias\\\/huelga-de-reparto-de-butano-en-espana\\\/#webpage\"},\"isPartOf\":{\"@id\":\"https:\\\/\\\/candas365.es\\\/noticias\\\/huelga-de-reparto-de-butano-en-espana\\\/#webpage\"},\"articleSection\":\"Econom\\u00eda, Econom\\u00eda\",\"dateline\":\"Publicado el noviembre 10, 2024.\"},{\"@type\":\"Organization\",\"@id\":\"https:\\\/\\\/candas365.es\\\/noticias\\\/#organization\",\"name\":\"Cand\\u00e1s 365\",\"description\":\"Cand\\u00e1s 365 es un diario digital independiente, fundado en 2012, con base en Asturias. Informamos con rigor sobre actualidad, sociedad, cultura y ocio, con una mirada local y global.\",\"url\":\"https:\\\/\\\/candas365.es\\\/noticias\\\/\",\"email\":\"info@candas365.es\",\"telephone\":\"+34652131393\",\"foundingDate\":\"2012-06-10\",\"logo\":{\"@type\":\"ImageObject\",\"url\":\"https:\\\/\\\/candas365.es\\\/noticias\\\/wp-content\\\/uploads\\\/2024\\\/09\\\/Candas-365-Redes.jpg\",\"@id\":\"https:\\\/\\\/candas365.es\\\/noticias\\\/huelga-de-reparto-de-butano-en-espana\\\/#organizationLogo\",\"width\":1152,\"height\":864,\"caption\":\"Cand\\u00e1s 365 Redes\"},\"image\":{\"@id\":\"https:\\\/\\\/candas365.es\\\/noticias\\\/huelga-de-reparto-de-butano-en-espana\\\/#organizationLogo\"},\"sameAs\":[\"https:\\\/\\\/www.facebook.com\\\/Nachofdezber\",\"https:\\\/\\\/x.com\\\/NabercoDigital\",\"https:\\\/\\\/www.instagram.com\\\/nachofdezber\\\/\",\"https:\\\/\\\/www.youtube.com\\\/channel\\\/UCZP-2wLEB9Rv6erhFmqVnvg\"],\"address\":{\"@id\":\"https:\\\/\\\/candas365.es\\\/noticias\\\/#postaladdress\",\"@type\":\"PostalAddress\",\"streetAddress\":\"san antonio 4, san antonio 4\",\"postalCode\":\"33430\",\"addressLocality\":\"Cand\\u00e1s\",\"addressRegion\":\"Asturias\",\"addressCountry\":\"ES\"}},{\"@type\":\"Person\",\"@id\":\"https:\\\/\\\/candas365.es\\\/noticias\\\/author\\\/admin\\\/#author\",\"url\":\"https:\\\/\\\/candas365.es\\\/noticias\\\/author\\\/admin\\\/\",\"name\":\"Cand\\u00e1s 365\",\"image\":{\"@type\":\"ImageObject\",\"@id\":\"https:\\\/\\\/candas365.es\\\/noticias\\\/huelga-de-reparto-de-butano-en-espana\\\/#authorImage\",\"url\":\"https:\\\/\\\/secure.gravatar.com\\\/avatar\\\/496a8e03d0c493ede1718b7934145dbdf8d89be1036b0eec9544e1094c9de390?s=96&d=mm&r=g\",\"width\":96,\"height\":96,\"caption\":\"Cand\\u00e1s 365\"},\"sameAs\":[\"https:\\\/\\\/www.facebook.com\\\/carrenoactualidad\",\"https:\\\/\\\/twitter.com\\\/nbasturias\",\"https:\\\/\\\/www.instagram.com\\\/nachofdezber\\\/\",\"https:\\\/\\\/www.youtube.com\\\/channel\\\/UCZP-2wLEB9Rv6erhFmqVnvg\"]},{\"@type\":\"WebPage\",\"@id\":\"https:\\\/\\\/candas365.es\\\/noticias\\\/huelga-de-reparto-de-butano-en-espana\\\/#webpage\",\"url\":\"https:\\\/\\\/candas365.es\\\/noticias\\\/huelga-de-reparto-de-butano-en-espana\\\/\",\"name\":\"Huelga de reparto de butano en Espa\\u00f1a | Cand\\u00e1s 365\",\"description\":\"Fedglp ha informado que continuar\\u00e1 este mi\\u00e9rcoles con la huelga de reparto de butano en protesta por la \\\"inacci\\u00f3n\\\" del Ministerio de Transici\\u00f3n Ecol\\u00f3gica y Reto\",\"inLanguage\":\"es-ES\",\"isPartOf\":{\"@id\":\"https:\\\/\\\/candas365.es\\\/noticias\\\/#website\"},\"breadcrumb\":{\"@id\":\"https:\\\/\\\/candas365.es\\\/noticias\\\/huelga-de-reparto-de-butano-en-espana\\\/#breadcrumblist\"},\"author\":{\"@id\":\"https:\\\/\\\/candas365.es\\\/noticias\\\/author\\\/admin\\\/#author\"},\"creator\":{\"@id\":\"https:\\\/\\\/candas365.es\\\/noticias\\\/author\\\/admin\\\/#author\"},\"image\":{\"@type\":\"ImageObject\",\"url\":\"https:\\\/\\\/candas365.es\\\/noticias\\\/wp-content\\\/uploads\\\/2024\\\/11\\\/gas-butano.jpg\",\"@id\":\"https:\\\/\\\/candas365.es\\\/noticias\\\/huelga-de-reparto-de-butano-en-espana\\\/#mainImage\",\"width\":640,\"height\":427,\"caption\":\"gas butano\"},\"primaryImageOfPage\":{\"@id\":\"https:\\\/\\\/candas365.es\\\/noticias\\\/huelga-de-reparto-de-butano-en-espana\\\/#mainImage\"},\"datePublished\":\"2024-11-10T14:50:41+01:00\",\"dateModified\":\"2024-11-10T14:50:41+01:00\"},{\"@type\":\"WebSite\",\"@id\":\"https:\\\/\\\/candas365.es\\\/noticias\\\/#website\",\"url\":\"https:\\\/\\\/candas365.es\\\/noticias\\\/\",\"name\":\"Cand\\u00e1s 365\",\"alternateName\":\"Cand\\u00e1s 365 Noticias\",\"description\":\"Actualidad desde Carre\\u00f1o para el mundo\",\"inLanguage\":\"es-ES\",\"publisher\":{\"@id\":\"https:\\\/\\\/candas365.es\\\/noticias\\\/#organization\"}}]}\n\t\t<\/script>\n\t\t<!-- All in One SEO Pro -->\r\n\t\t<title>Huelga de reparto de butano en Espa\u00f1a | Cand\u00e1s 365<\/title>\n\n","aioseo_head_json":{"title":"Huelga de reparto de butano en Espa\u00f1a | Cand\u00e1s 365","description":"Fedglp ha informado que continuar\u00e1 este mi\u00e9rcoles con la huelga de reparto de butano en protesta por la \"inacci\u00f3n\" del Ministerio de Transici\u00f3n Ecol\u00f3gica y Reto","canonical_url":"https:\/\/candas365.es\/noticias\/huelga-de-reparto-de-butano-en-espana\/","robots":"max-image-preview:large","keywords":"econom\u00eda","webmasterTools":{"google-site-verification":"UA-32230408-1","msvalidate.01":"354F3CDFB2DA171B47FBE9ABF1F88D5","miscellaneous":""},"schema":{"@context":"https:\/\/schema.org","@graph":[{"@type":"BreadcrumbList","@id":"https:\/\/candas365.es\/noticias\/huelga-de-reparto-de-butano-en-espana\/#breadcrumblist","itemListElement":[{"@type":"ListItem","@id":"https:\/\/candas365.es\/noticias#listItem","position":1,"name":"Home","item":"https:\/\/candas365.es\/noticias","nextItem":{"@type":"ListItem","@id":"https:\/\/candas365.es\/noticias\/category\/economia\/#listItem","name":"Econom\u00eda"}},{"@type":"ListItem","@id":"https:\/\/candas365.es\/noticias\/category\/economia\/#listItem","position":2,"name":"Econom\u00eda","item":"https:\/\/candas365.es\/noticias\/category\/economia\/","nextItem":{"@type":"ListItem","@id":"https:\/\/candas365.es\/noticias\/huelga-de-reparto-de-butano-en-espana\/#listItem","name":"Huelga de reparto de butano en Espa\u00f1a"},"previousItem":{"@type":"ListItem","@id":"https:\/\/candas365.es\/noticias#listItem","name":"Home"}},{"@type":"ListItem","@id":"https:\/\/candas365.es\/noticias\/huelga-de-reparto-de-butano-en-espana\/#listItem","position":3,"name":"Huelga de reparto de butano en Espa\u00f1a","previousItem":{"@type":"ListItem","@id":"https:\/\/candas365.es\/noticias\/category\/economia\/#listItem","name":"Econom\u00eda"}}]},{"@type":"NewsArticle","@id":"https:\/\/candas365.es\/noticias\/huelga-de-reparto-de-butano-en-espana\/#newsarticle","name":"Huelga de reparto de butano en Espa\u00f1a | Cand\u00e1s 365","headline":"Huelga de reparto de butano en Espa\u00f1a","author":{"@id":"https:\/\/candas365.es\/noticias\/author\/admin\/#author"},"publisher":{"@id":"https:\/\/candas365.es\/noticias\/#organization"},"image":{"@type":"ImageObject","url":"https:\/\/candas365.es\/noticias\/wp-content\/uploads\/2024\/11\/gas-butano.jpg","width":640,"height":427,"caption":"gas butano"},"datePublished":"2024-11-10T14:50:41+01:00","dateModified":"2024-11-10T14:50:41+01:00","inLanguage":"es-ES","mainEntityOfPage":{"@id":"https:\/\/candas365.es\/noticias\/huelga-de-reparto-de-butano-en-espana\/#webpage"},"isPartOf":{"@id":"https:\/\/candas365.es\/noticias\/huelga-de-reparto-de-butano-en-espana\/#webpage"},"articleSection":"Econom\u00eda, Econom\u00eda","dateline":"Publicado el noviembre 10, 2024."},{"@type":"Organization","@id":"https:\/\/candas365.es\/noticias\/#organization","name":"Cand\u00e1s 365","description":"Cand\u00e1s 365 es un diario digital independiente, fundado en 2012, con base en Asturias. Informamos con rigor sobre actualidad, sociedad, cultura y ocio, con una mirada local y global.","url":"https:\/\/candas365.es\/noticias\/","email":"info@candas365.es","telephone":"+34652131393","foundingDate":"2012-06-10","logo":{"@type":"ImageObject","url":"https:\/\/candas365.es\/noticias\/wp-content\/uploads\/2024\/09\/Candas-365-Redes.jpg","@id":"https:\/\/candas365.es\/noticias\/huelga-de-reparto-de-butano-en-espana\/#organizationLogo","width":1152,"height":864,"caption":"Cand\u00e1s 365 Redes"},"image":{"@id":"https:\/\/candas365.es\/noticias\/huelga-de-reparto-de-butano-en-espana\/#organizationLogo"},"sameAs":["https:\/\/www.facebook.com\/Nachofdezber","https:\/\/x.com\/NabercoDigital","https:\/\/www.instagram.com\/nachofdezber\/","https:\/\/www.youtube.com\/channel\/UCZP-2wLEB9Rv6erhFmqVnvg"],"address":{"@id":"https:\/\/candas365.es\/noticias\/#postaladdress","@type":"PostalAddress","streetAddress":"san antonio 4, san antonio 4","postalCode":"33430","addressLocality":"Cand\u00e1s","addressRegion":"Asturias","addressCountry":"ES"}},{"@type":"Person","@id":"https:\/\/candas365.es\/noticias\/author\/admin\/#author","url":"https:\/\/candas365.es\/noticias\/author\/admin\/","name":"Cand\u00e1s 365","image":{"@type":"ImageObject","@id":"https:\/\/candas365.es\/noticias\/huelga-de-reparto-de-butano-en-espana\/#authorImage","url":"https:\/\/secure.gravatar.com\/avatar\/496a8e03d0c493ede1718b7934145dbdf8d89be1036b0eec9544e1094c9de390?s=96&d=mm&r=g","width":96,"height":96,"caption":"Cand\u00e1s 365"},"sameAs":["https:\/\/www.facebook.com\/carrenoactualidad","https:\/\/twitter.com\/nbasturias","https:\/\/www.instagram.com\/nachofdezber\/","https:\/\/www.youtube.com\/channel\/UCZP-2wLEB9Rv6erhFmqVnvg"]},{"@type":"WebPage","@id":"https:\/\/candas365.es\/noticias\/huelga-de-reparto-de-butano-en-espana\/#webpage","url":"https:\/\/candas365.es\/noticias\/huelga-de-reparto-de-butano-en-espana\/","name":"Huelga de reparto de butano en Espa\u00f1a | Cand\u00e1s 365","description":"Fedglp ha informado que continuar\u00e1 este mi\u00e9rcoles con la huelga de reparto de butano en protesta por la \"inacci\u00f3n\" del Ministerio de Transici\u00f3n Ecol\u00f3gica y Reto","inLanguage":"es-ES","isPartOf":{"@id":"https:\/\/candas365.es\/noticias\/#website"},"breadcrumb":{"@id":"https:\/\/candas365.es\/noticias\/huelga-de-reparto-de-butano-en-espana\/#breadcrumblist"},"author":{"@id":"https:\/\/candas365.es\/noticias\/author\/admin\/#author"},"creator":{"@id":"https:\/\/candas365.es\/noticias\/author\/admin\/#author"},"image":{"@type":"ImageObject","url":"https:\/\/candas365.es\/noticias\/wp-content\/uploads\/2024\/11\/gas-butano.jpg","@id":"https:\/\/candas365.es\/noticias\/huelga-de-reparto-de-butano-en-espana\/#mainImage","width":640,"height":427,"caption":"gas butano"},"primaryImageOfPage":{"@id":"https:\/\/candas365.es\/noticias\/huelga-de-reparto-de-butano-en-espana\/#mainImage"},"datePublished":"2024-11-10T14:50:41+01:00","dateModified":"2024-11-10T14:50:41+01:00"},{"@type":"WebSite","@id":"https:\/\/candas365.es\/noticias\/#website","url":"https:\/\/candas365.es\/noticias\/","name":"Cand\u00e1s 365","alternateName":"Cand\u00e1s 365 Noticias","description":"Actualidad desde Carre\u00f1o para el mundo","inLanguage":"es-ES","publisher":{"@id":"https:\/\/candas365.es\/noticias\/#organization"}}]},"og:locale":"es_ES","og:site_name":"Cand\u00e1s 365","og:type":"article","og:title":"Huelga de reparto de butano en Espa\u00f1a | Cand\u00e1s 365","og:description":"Fedglp ha informado que continuar\u00e1 este mi\u00e9rcoles con la huelga de reparto de butano en protesta por la &quot;inacci\u00f3n&quot; del Ministerio de Transici\u00f3n Ecol\u00f3gica y Reto","og:url":"https:\/\/candas365.es\/noticias\/huelga-de-reparto-de-butano-en-espana\/","og:image":"https:\/\/candas365.es\/noticias\/wp-content\/uploads\/2024\/11\/gas-butano.jpg","og:image:secure_url":"https:\/\/candas365.es\/noticias\/wp-content\/uploads\/2024\/11\/gas-butano.jpg","og:image:width":640,"og:image:height":427,"article:published_time":"2024-11-10T13:50:41+00:00","article:modified_time":"2024-11-10T13:50:41+00:00","article:publisher":"https:\/\/www.facebook.com\/Nachofdezber","article:author":"https:\/\/www.facebook.com\/carrenoactualidad","twitter:card":"summary_large_image","twitter:site":"@NabercoDigital","twitter:title":"Huelga de reparto de butano en Espa\u00f1a | Cand\u00e1s 365","twitter:description":"Fedglp ha informado que continuar\u00e1 este mi\u00e9rcoles con la huelga de reparto de butano en protesta por la &quot;inacci\u00f3n&quot; del Ministerio de Transici\u00f3n Ecol\u00f3gica y Reto","twitter:creator":"@nbasturias","twitter:image":"https:\/\/candas365.es\/noticias\/wp-content\/uploads\/2024\/11\/gas-butano.jpg","twitter:label1":"Escrito por","twitter:data1":"Cand\u00e1s 365","twitter:label2":"Tiempo de lectura estimado","twitter:data2":"2 minutos"},"aioseo_meta_data":{"post_id":"184004","title":null,"description":"Fedglp ha informado que continuar\u00e1 este mi\u00e9rcoles con la huelga de reparto de butano en protesta por la \"inacci\u00f3n\" del Ministerio de Transici\u00f3n Ecol\u00f3gica y Reto","keywords":null,"keyphrases":{"focus":{"keyphrase":"butano","score":93,"analysis":{"keyphraseInTitle":{"score":9,"maxScore":9,"error":0},"keyphraseInDescription":{"score":9,"maxScore":9,"error":0},"keyphraseLength":{"score":9,"maxScore":9,"error":0,"length":1},"keyphraseInURL":{"score":1,"maxScore":5,"error":1},"keyphraseInIntroduction":{"score":9,"maxScore":9,"error":0},"keyphraseInSubHeadings":[],"keyphraseInImageAlt":{"score":9,"maxScore":9,"error":0},"keywordDensity":{"type":"best","score":9,"maxScore":9,"error":0}}},"additional":[{"keyphrase":"butano","score":100,"analysis":{"keyphraseInDescription":{"score":9,"maxScore":9,"error":0},"keyphraseLength":{"score":9,"maxScore":9,"error":0,"length":1},"keyphraseInIntroduction":{"score":9,"maxScore":9,"error":0},"keyphraseInImageAlt":{"score":9,"maxScore":9,"error":0},"keywordDensity":{"type":"best","score":9,"maxScore":9,"error":0}}}]},"primary_term":null,"canonical_url":null,"og_title":null,"og_description":null,"og_object_type":"default","og_image_type":"default","og_image_url":null,"og_image_width":null,"og_image_height":null,"og_image_custom_url":null,"og_image_custom_fields":null,"og_video":"","og_custom_url":null,"og_article_section":null,"og_article_tags":null,"twitter_use_og":false,"twitter_card":"default","twitter_image_type":"default","twitter_image_url":null,"twitter_image_custom_url":null,"twitter_image_custom_fields":null,"twitter_title":null,"twitter_description":null,"schema":{"blockGraphs":[],"customGraphs":[],"default":{"data":{"Article":[],"Course":[],"Dataset":[],"FAQPage":[],"Movie":[],"Person":[],"Product":[],"ProductReview":[],"Car":[],"Recipe":[],"Service":[],"SoftwareApplication":[],"WebPage":[]},"graphName":"Article","isEnabled":true},"graphs":[]},"schema_type":"default","schema_type_options":null,"pillar_content":false,"robots_default":true,"robots_noindex":false,"robots_noarchive":false,"robots_nosnippet":false,"robots_nofollow":false,"robots_noimageindex":false,"robots_noodp":false,"robots_notranslate":false,"robots_max_snippet":"-1","robots_max_videopreview":"-1","robots_max_imagepreview":"large","priority":null,"frequency":"default","location":null,"local_seo":null,"seo_analyzer_scan_date":"2025-09-03 08:08:18","breadcrumb_settings":null,"limit_modified_date":false,"reviewed_by":null,"open_ai":"{\"title\":{\"suggestions\":[],\"usage\":0},\"description\":{\"suggestions\":[],\"usage\":0}}","ai":null,"created":"2024-11-10 13:46:08","updated":"2025-09-03 08:08:18"},"aioseo_breadcrumb":"<div class=\"aioseo-breadcrumbs\"><span class=\"aioseo-breadcrumb\">\n\t<a href=\"https:\/\/candas365.es\/noticias\" title=\"Home\">Home<\/a>\n<\/span><span class=\"aioseo-breadcrumb-separator\">&ndash;<\/span><span class=\"aioseo-breadcrumb\">\n\t<a href=\"https:\/\/candas365.es\/noticias\/category\/economia\/\" title=\"Econom\u00eda\">Econom\u00eda<\/a>\n<\/span><span class=\"aioseo-breadcrumb-separator\">&ndash;<\/span><span class=\"aioseo-breadcrumb\">\n\tHuelga de reparto de butano en Espa\u00f1a\n<\/span><\/div>","aioseo_breadcrumb_json":[{"label":"Home","link":"https:\/\/candas365.es\/noticias"},{"label":"Econom\u00eda","link":"https:\/\/candas365.es\/noticias\/category\/economia\/"},{"label":"Huelga de reparto de butano en Espa\u00f1a","link":"https:\/\/candas365.es\/noticias\/huelga-de-reparto-de-butano-en-espana\/"}],"_links":{"self":[{"href":"https:\/\/candas365.es\/noticias\/wp-json\/wp\/v2\/posts\/184004","targetHints":{"allow":["GET"]}}],"collection":[{"href":"https:\/\/candas365.es\/noticias\/wp-json\/wp\/v2\/posts"}],"about":[{"href":"https:\/\/candas365.es\/noticias\/wp-json\/wp\/v2\/types\/post"}],"author":[{"embeddable":true,"href":"https:\/\/candas365.es\/noticias\/wp-json\/wp\/v2\/users\/1"}],"replies":[{"embeddable":true,"href":"https:\/\/candas365.es\/noticias\/wp-json\/wp\/v2\/comments?post=184004"}],"version-history":[{"count":0,"href":"https:\/\/candas365.es\/noticias\/wp-json\/wp\/v2\/posts\/184004\/revisions"}],"wp:featuredmedia":[{"embeddable":true,"href":"https:\/\/candas365.es\/noticias\/wp-json\/wp\/v2\/media\/184005"}],"wp:attachment":[{"href":"https:\/\/candas365.es\/noticias\/wp-json\/wp\/v2\/media?parent=184004"}],"wp:term":[{"taxonomy":"category","embeddable":true,"href":"https:\/\/candas365.es\/noticias\/wp-json\/wp\/v2\/categories?post=184004"},{"taxonomy":"post_tag","embeddable":true,"href":"https:\/\/candas365.es\/noticias\/wp-json\/wp\/v2\/tags?post=184004"}],"curies":[{"name":"wp","href":"https:\/\/api.w.org\/{rel}","templated":true}]}}