{"id":183934,"date":"2024-11-02T01:01:06","date_gmt":"2024-11-02T00:01:06","guid":{"rendered":"https:\/\/candas365.es\/noticias\/?p=183934"},"modified":"2024-11-02T01:01:06","modified_gmt":"2024-11-02T00:01:06","slug":"alerta-en-asturias-por-la-calidad-del-aire","status":"publish","type":"post","link":"https:\/\/candas365.es\/noticias\/alerta-en-asturias-por-la-calidad-del-aire\/","title":{"rendered":"Alerta en Asturias por la calidad del aire"},"content":{"rendered":"<p>El Gobierno del <a href=\"https:\/\/actualidad.asturias.es\/\" target=\"_blank\" rel=\"noopener\"><span style=\"color: #ff6600;\"><strong>Principado<\/strong><\/span><\/a> de Asturias ha informando de que la calidad del aire no ser\u00e1 favorable los pr\u00f3ximos d\u00edas debido a la llegada de polvo sahariano.<\/p>\n<figure id=\"attachment_183935\" aria-describedby=\"caption-attachment-183935\" style=\"width: 650px\" class=\"wp-caption aligncenter\"><img fetchpriority=\"high\" decoding=\"async\" class=\"size-large wp-image-183935\" src=\"https:\/\/candas365.es\/noticias\/wp-content\/uploads\/2024\/11\/Asturias-calidad-aire-650x447.jpg\" alt=\"Asturias calidad aire\" width=\"650\" height=\"447\" srcset=\"https:\/\/candas365.es\/noticias\/wp-content\/uploads\/2024\/11\/Asturias-calidad-aire-650x447.jpg 650w, https:\/\/candas365.es\/noticias\/wp-content\/uploads\/2024\/11\/Asturias-calidad-aire-360x248.jpg 360w, https:\/\/candas365.es\/noticias\/wp-content\/uploads\/2024\/11\/Asturias-calidad-aire-768x529.jpg 768w, https:\/\/candas365.es\/noticias\/wp-content\/uploads\/2024\/11\/Asturias-calidad-aire-150x103.jpg 150w, https:\/\/candas365.es\/noticias\/wp-content\/uploads\/2024\/11\/Asturias-calidad-aire-450x310.jpg 450w, https:\/\/candas365.es\/noticias\/wp-content\/uploads\/2024\/11\/Asturias-calidad-aire.jpg 889w\" sizes=\"(max-width: 650px) 100vw, 650px\" \/><figcaption id=\"caption-attachment-183935\" class=\"wp-caption-text\">Foto: Cand\u00e1s 365<\/figcaption><\/figure>\n<p><strong>El Gobierno de Asturias advierte de que la calidad del aire en el Principado no ser\u00e1 favorable durante los pr\u00f3ximos d\u00edas a causa de la intrusi\u00f3n de masas de aire africano que traen consigo polvo sahariano.<\/strong> Esta situaci\u00f3n ya fue detectada el jueves cuando en todas las estaciones que integran la Red de Calidad del Aire se superaron los valores l\u00edmite diarios de part\u00edculas PM10, establecidos en 50 microgramos por metro c\u00fabico (\u00b5g\/m\u00b3). <strong>No obstante, los datos provisionales registrados hoy en algunas estaciones son m\u00e1s favorables.<\/strong><\/p>\n<p>La previsi\u00f3n para hpy y ma\u00f1ana del Ministerio para la Transici\u00f3n Ecol\u00f3gica y el Reto Demogr\u00e1fico alerta de la llegada de masas de aire africano en superficie sobre la pen\u00ednsula y las islas. Estima concentraciones de polvo en los rangos 10-200 \u00b5g\/m3 para el sureste; 10-100 \u00b5g\/m3 para el suroeste, centro, norte y noreste peninsular, y 10-50 \u00b5g\/m3 para el noroeste, este y las islas Baleares. <strong>La situaci\u00f3n de mala calidad del aire es generalizada en la mayor parte del pa\u00eds.<\/strong><\/p>\n<p>Debido a ello, el Gobierno de Asturias recomienda que aquellas <a href=\"https:\/\/candas365.es\/noticias\/category\/salud\/\"><span style=\"color: #ff6600;\"><strong>personas con enfermedades<\/strong><\/span><\/a> respiratorias o circulatorias (incluyendo las patolog\u00edas cardiacas) reduzcan su actividad al aire libre y sigan su plan de tratamiento m\u00e9dico de forma meticulosa.<\/p>\n<p>La evoluci\u00f3n de la calidad del aire puede consultarse <a href=\"https:\/\/asturaire.asturias.es\/\" target=\"_blank\" rel=\"noopener\"><span style=\"color: #ff6600;\"><strong>pulsando aqu\u00ed<\/strong><\/span><\/a>.<\/p>\n","protected":false},"excerpt":{"rendered":"<p>El Gobierno del Principado de Asturias ha informando de que la calidad del aire no ser\u00e1 favorable los pr\u00f3ximos d\u00edas debido a la llegada de polvo sahariano. El Gobierno de Asturias advierte de que la calidad del aire en el Principado no ser\u00e1 favorable durante los pr\u00f3ximos d\u00edas a causa de la intrusi\u00f3n de masas<\/p>\n","protected":false},"author":1,"featured_media":183935,"comment_status":"closed","ping_status":"closed","sticky":false,"template":"","format":"standard","meta":{"footnotes":""},"categories":[7,316],"tags":[380,378],"class_list":{"0":"post-183934","1":"post","2":"type-post","3":"status-publish","4":"format-standard","5":"has-post-thumbnail","7":"category-asturias","8":"category-destacadas","9":"tag-asturias","10":"tag-salud"},"aioseo_notices":[],"aioseo_head":"\n\t\t<!-- All in One SEO Pro 4.9.6.2 - aioseo.com -->\n\t<meta name=\"description\" content=\"El Gobierno del Principado de Asturias ha informando de que la calidad del aire no ser\u00e1 favorable los pr\u00f3ximos d\u00edas debido a la llegada de polvo sahariano.\" \/>\n\t<meta name=\"robots\" content=\"max-image-preview:large\" \/>\n\t<meta name=\"author\" content=\"Cand\u00e1s 365\"\/>\n\t<meta name=\"google-site-verification\" content=\"UA-32230408-1\" \/>\n\t<meta name=\"msvalidate.01\" content=\"354F3CDFB2DA171B47FBE9ABF1F88D5\" \/>\n\t<meta name=\"keywords\" content=\"asturias,destacadas\" \/>\n\t<link rel=\"canonical\" href=\"https:\/\/candas365.es\/noticias\/alerta-en-asturias-por-la-calidad-del-aire\/\" \/>\n\t<meta name=\"generator\" content=\"All in One SEO Pro (AIOSEO) 4.9.6.2\" \/>\n\t\t<meta property=\"og:locale\" content=\"es_ES\" \/>\n\t\t<meta property=\"og:site_name\" content=\"Cand\u00e1s 365\" \/>\n\t\t<meta property=\"og:type\" content=\"article\" \/>\n\t\t<meta property=\"og:title\" content=\"Alerta en Asturias por la calidad del aire | Cand\u00e1s 365\" \/>\n\t\t<meta property=\"og:description\" content=\"El Gobierno del Principado de Asturias ha informando de que la calidad del aire no ser\u00e1 favorable los pr\u00f3ximos d\u00edas debido a la llegada de polvo sahariano.\" \/>\n\t\t<meta property=\"og:url\" content=\"https:\/\/candas365.es\/noticias\/alerta-en-asturias-por-la-calidad-del-aire\/\" \/>\n\t\t<meta property=\"og:image\" content=\"https:\/\/candas365.es\/noticias\/wp-content\/uploads\/2024\/11\/Asturias-calidad-aire.jpg\" \/>\n\t\t<meta property=\"og:image:secure_url\" content=\"https:\/\/candas365.es\/noticias\/wp-content\/uploads\/2024\/11\/Asturias-calidad-aire.jpg\" \/>\n\t\t<meta property=\"og:image:width\" content=\"889\" \/>\n\t\t<meta property=\"og:image:height\" content=\"612\" \/>\n\t\t<meta property=\"article:published_time\" content=\"2024-11-02T00:01:06+00:00\" \/>\n\t\t<meta property=\"article:modified_time\" content=\"2024-11-02T00:01:06+00:00\" \/>\n\t\t<meta property=\"article:publisher\" content=\"https:\/\/www.facebook.com\/Nachofdezber\" \/>\n\t\t<meta property=\"article:author\" content=\"https:\/\/www.facebook.com\/carrenoactualidad\" \/>\n\t\t<meta name=\"twitter:card\" content=\"summary_large_image\" \/>\n\t\t<meta name=\"twitter:site\" content=\"@NabercoDigital\" \/>\n\t\t<meta name=\"twitter:title\" content=\"Alerta en Asturias por la calidad del aire | Cand\u00e1s 365\" \/>\n\t\t<meta name=\"twitter:description\" content=\"El Gobierno del Principado de Asturias ha informando de que la calidad del aire no ser\u00e1 favorable los pr\u00f3ximos d\u00edas debido a la llegada de polvo sahariano.\" \/>\n\t\t<meta name=\"twitter:creator\" content=\"@nbasturias\" \/>\n\t\t<meta name=\"twitter:image\" content=\"https:\/\/candas365.es\/noticias\/wp-content\/uploads\/2024\/11\/Asturias-calidad-aire.jpg\" \/>\n\t\t<meta name=\"twitter:label1\" content=\"Escrito por\" \/>\n\t\t<meta name=\"twitter:data1\" content=\"Cand\u00e1s 365\" \/>\n\t\t<meta name=\"twitter:label2\" content=\"Tiempo de lectura estimado\" \/>\n\t\t<meta name=\"twitter:data2\" content=\"1 minuto\" \/>\n\t\t<script type=\"application\/ld+json\" class=\"aioseo-schema\">\n\t\t\t{\"@context\":\"https:\\\/\\\/schema.org\",\"@graph\":[{\"@type\":\"BreadcrumbList\",\"@id\":\"https:\\\/\\\/candas365.es\\\/noticias\\\/alerta-en-asturias-por-la-calidad-del-aire\\\/#breadcrumblist\",\"itemListElement\":[{\"@type\":\"ListItem\",\"@id\":\"https:\\\/\\\/candas365.es\\\/noticias#listItem\",\"position\":1,\"name\":\"Home\",\"item\":\"https:\\\/\\\/candas365.es\\\/noticias\",\"nextItem\":{\"@type\":\"ListItem\",\"@id\":\"https:\\\/\\\/candas365.es\\\/noticias\\\/category\\\/asturias\\\/#listItem\",\"name\":\"Asturias\"}},{\"@type\":\"ListItem\",\"@id\":\"https:\\\/\\\/candas365.es\\\/noticias\\\/category\\\/asturias\\\/#listItem\",\"position\":2,\"name\":\"Asturias\",\"item\":\"https:\\\/\\\/candas365.es\\\/noticias\\\/category\\\/asturias\\\/\",\"nextItem\":{\"@type\":\"ListItem\",\"@id\":\"https:\\\/\\\/candas365.es\\\/noticias\\\/alerta-en-asturias-por-la-calidad-del-aire\\\/#listItem\",\"name\":\"Alerta en Asturias por la calidad del aire\"},\"previousItem\":{\"@type\":\"ListItem\",\"@id\":\"https:\\\/\\\/candas365.es\\\/noticias#listItem\",\"name\":\"Home\"}},{\"@type\":\"ListItem\",\"@id\":\"https:\\\/\\\/candas365.es\\\/noticias\\\/alerta-en-asturias-por-la-calidad-del-aire\\\/#listItem\",\"position\":3,\"name\":\"Alerta en Asturias por la calidad del aire\",\"previousItem\":{\"@type\":\"ListItem\",\"@id\":\"https:\\\/\\\/candas365.es\\\/noticias\\\/category\\\/asturias\\\/#listItem\",\"name\":\"Asturias\"}}]},{\"@type\":\"NewsArticle\",\"@id\":\"https:\\\/\\\/candas365.es\\\/noticias\\\/alerta-en-asturias-por-la-calidad-del-aire\\\/#newsarticle\",\"name\":\"Alerta en Asturias por la calidad del aire | Cand\\u00e1s 365\",\"headline\":\"Alerta en Asturias por la calidad del aire\",\"author\":{\"@id\":\"https:\\\/\\\/candas365.es\\\/noticias\\\/author\\\/admin\\\/#author\"},\"publisher\":{\"@id\":\"https:\\\/\\\/candas365.es\\\/noticias\\\/#organization\"},\"image\":{\"@type\":\"ImageObject\",\"url\":\"https:\\\/\\\/candas365.es\\\/noticias\\\/wp-content\\\/uploads\\\/2024\\\/11\\\/Asturias-calidad-aire.jpg\",\"width\":889,\"height\":612,\"caption\":\"Foto: Cand\\u00e1s 365\"},\"datePublished\":\"2024-11-02T01:01:06+01:00\",\"dateModified\":\"2024-11-02T01:01:06+01:00\",\"inLanguage\":\"es-ES\",\"mainEntityOfPage\":{\"@id\":\"https:\\\/\\\/candas365.es\\\/noticias\\\/alerta-en-asturias-por-la-calidad-del-aire\\\/#webpage\"},\"isPartOf\":{\"@id\":\"https:\\\/\\\/candas365.es\\\/noticias\\\/alerta-en-asturias-por-la-calidad-del-aire\\\/#webpage\"},\"articleSection\":\"Asturias, Destacadas, Asturias, Salud\",\"dateline\":\"Publicado el noviembre 2, 2024.\"},{\"@type\":\"Organization\",\"@id\":\"https:\\\/\\\/candas365.es\\\/noticias\\\/#organization\",\"name\":\"Cand\\u00e1s 365\",\"description\":\"Cand\\u00e1s 365 es un diario digital independiente, fundado en 2012, con base en Asturias. Informamos con rigor sobre actualidad, sociedad, cultura y ocio, con una mirada local y global.\",\"url\":\"https:\\\/\\\/candas365.es\\\/noticias\\\/\",\"email\":\"info@candas365.es\",\"telephone\":\"+34652131393\",\"foundingDate\":\"2012-06-10\",\"logo\":{\"@type\":\"ImageObject\",\"url\":\"https:\\\/\\\/candas365.es\\\/noticias\\\/wp-content\\\/uploads\\\/2024\\\/09\\\/Candas-365-Redes.jpg\",\"@id\":\"https:\\\/\\\/candas365.es\\\/noticias\\\/alerta-en-asturias-por-la-calidad-del-aire\\\/#organizationLogo\",\"width\":1152,\"height\":864,\"caption\":\"Cand\\u00e1s 365 Redes\"},\"image\":{\"@id\":\"https:\\\/\\\/candas365.es\\\/noticias\\\/alerta-en-asturias-por-la-calidad-del-aire\\\/#organizationLogo\"},\"sameAs\":[\"https:\\\/\\\/www.facebook.com\\\/Nachofdezber\",\"https:\\\/\\\/x.com\\\/NabercoDigital\",\"https:\\\/\\\/www.instagram.com\\\/nachofdezber\\\/\",\"https:\\\/\\\/www.youtube.com\\\/channel\\\/UCZP-2wLEB9Rv6erhFmqVnvg\"],\"address\":{\"@id\":\"https:\\\/\\\/candas365.es\\\/noticias\\\/#postaladdress\",\"@type\":\"PostalAddress\",\"streetAddress\":\"san antonio 4, san antonio 4\",\"postalCode\":\"33430\",\"addressLocality\":\"Cand\\u00e1s\",\"addressRegion\":\"Asturias\",\"addressCountry\":\"ES\"}},{\"@type\":\"Person\",\"@id\":\"https:\\\/\\\/candas365.es\\\/noticias\\\/author\\\/admin\\\/#author\",\"url\":\"https:\\\/\\\/candas365.es\\\/noticias\\\/author\\\/admin\\\/\",\"name\":\"Cand\\u00e1s 365\",\"image\":{\"@type\":\"ImageObject\",\"@id\":\"https:\\\/\\\/candas365.es\\\/noticias\\\/alerta-en-asturias-por-la-calidad-del-aire\\\/#authorImage\",\"url\":\"https:\\\/\\\/secure.gravatar.com\\\/avatar\\\/496a8e03d0c493ede1718b7934145dbdf8d89be1036b0eec9544e1094c9de390?s=96&d=mm&r=g\",\"width\":96,\"height\":96,\"caption\":\"Cand\\u00e1s 365\"},\"sameAs\":[\"https:\\\/\\\/www.facebook.com\\\/carrenoactualidad\",\"https:\\\/\\\/twitter.com\\\/nbasturias\",\"https:\\\/\\\/www.instagram.com\\\/nachofdezber\\\/\",\"https:\\\/\\\/www.youtube.com\\\/channel\\\/UCZP-2wLEB9Rv6erhFmqVnvg\"]},{\"@type\":\"WebPage\",\"@id\":\"https:\\\/\\\/candas365.es\\\/noticias\\\/alerta-en-asturias-por-la-calidad-del-aire\\\/#webpage\",\"url\":\"https:\\\/\\\/candas365.es\\\/noticias\\\/alerta-en-asturias-por-la-calidad-del-aire\\\/\",\"name\":\"Alerta en Asturias por la calidad del aire | Cand\\u00e1s 365\",\"description\":\"El Gobierno del Principado de Asturias ha informando de que la calidad del aire no ser\\u00e1 favorable los pr\\u00f3ximos d\\u00edas debido a la llegada de polvo sahariano.\",\"inLanguage\":\"es-ES\",\"isPartOf\":{\"@id\":\"https:\\\/\\\/candas365.es\\\/noticias\\\/#website\"},\"breadcrumb\":{\"@id\":\"https:\\\/\\\/candas365.es\\\/noticias\\\/alerta-en-asturias-por-la-calidad-del-aire\\\/#breadcrumblist\"},\"author\":{\"@id\":\"https:\\\/\\\/candas365.es\\\/noticias\\\/author\\\/admin\\\/#author\"},\"creator\":{\"@id\":\"https:\\\/\\\/candas365.es\\\/noticias\\\/author\\\/admin\\\/#author\"},\"image\":{\"@type\":\"ImageObject\",\"url\":\"https:\\\/\\\/candas365.es\\\/noticias\\\/wp-content\\\/uploads\\\/2024\\\/11\\\/Asturias-calidad-aire.jpg\",\"@id\":\"https:\\\/\\\/candas365.es\\\/noticias\\\/alerta-en-asturias-por-la-calidad-del-aire\\\/#mainImage\",\"width\":889,\"height\":612,\"caption\":\"Foto: Cand\\u00e1s 365\"},\"primaryImageOfPage\":{\"@id\":\"https:\\\/\\\/candas365.es\\\/noticias\\\/alerta-en-asturias-por-la-calidad-del-aire\\\/#mainImage\"},\"datePublished\":\"2024-11-02T01:01:06+01:00\",\"dateModified\":\"2024-11-02T01:01:06+01:00\"},{\"@type\":\"WebSite\",\"@id\":\"https:\\\/\\\/candas365.es\\\/noticias\\\/#website\",\"url\":\"https:\\\/\\\/candas365.es\\\/noticias\\\/\",\"name\":\"Cand\\u00e1s 365\",\"alternateName\":\"Cand\\u00e1s 365 Noticias\",\"description\":\"Actualidad desde Carre\\u00f1o para el mundo\",\"inLanguage\":\"es-ES\",\"publisher\":{\"@id\":\"https:\\\/\\\/candas365.es\\\/noticias\\\/#organization\"}}]}\n\t\t<\/script>\n\t\t<!-- All in One SEO Pro -->\r\n\t\t<title>Alerta en Asturias por la calidad del aire | Cand\u00e1s 365<\/title>\n\n","aioseo_head_json":{"title":"Alerta en Asturias por la calidad del aire | Cand\u00e1s 365","description":"El Gobierno del Principado de Asturias ha informando de que la calidad del aire no ser\u00e1 favorable los pr\u00f3ximos d\u00edas debido a la llegada de polvo sahariano.","canonical_url":"https:\/\/candas365.es\/noticias\/alerta-en-asturias-por-la-calidad-del-aire\/","robots":"max-image-preview:large","keywords":"asturias,destacadas","webmasterTools":{"google-site-verification":"UA-32230408-1","msvalidate.01":"354F3CDFB2DA171B47FBE9ABF1F88D5","miscellaneous":""},"schema":{"@context":"https:\/\/schema.org","@graph":[{"@type":"BreadcrumbList","@id":"https:\/\/candas365.es\/noticias\/alerta-en-asturias-por-la-calidad-del-aire\/#breadcrumblist","itemListElement":[{"@type":"ListItem","@id":"https:\/\/candas365.es\/noticias#listItem","position":1,"name":"Home","item":"https:\/\/candas365.es\/noticias","nextItem":{"@type":"ListItem","@id":"https:\/\/candas365.es\/noticias\/category\/asturias\/#listItem","name":"Asturias"}},{"@type":"ListItem","@id":"https:\/\/candas365.es\/noticias\/category\/asturias\/#listItem","position":2,"name":"Asturias","item":"https:\/\/candas365.es\/noticias\/category\/asturias\/","nextItem":{"@type":"ListItem","@id":"https:\/\/candas365.es\/noticias\/alerta-en-asturias-por-la-calidad-del-aire\/#listItem","name":"Alerta en Asturias por la calidad del aire"},"previousItem":{"@type":"ListItem","@id":"https:\/\/candas365.es\/noticias#listItem","name":"Home"}},{"@type":"ListItem","@id":"https:\/\/candas365.es\/noticias\/alerta-en-asturias-por-la-calidad-del-aire\/#listItem","position":3,"name":"Alerta en Asturias por la calidad del aire","previousItem":{"@type":"ListItem","@id":"https:\/\/candas365.es\/noticias\/category\/asturias\/#listItem","name":"Asturias"}}]},{"@type":"NewsArticle","@id":"https:\/\/candas365.es\/noticias\/alerta-en-asturias-por-la-calidad-del-aire\/#newsarticle","name":"Alerta en Asturias por la calidad del aire | Cand\u00e1s 365","headline":"Alerta en Asturias por la calidad del aire","author":{"@id":"https:\/\/candas365.es\/noticias\/author\/admin\/#author"},"publisher":{"@id":"https:\/\/candas365.es\/noticias\/#organization"},"image":{"@type":"ImageObject","url":"https:\/\/candas365.es\/noticias\/wp-content\/uploads\/2024\/11\/Asturias-calidad-aire.jpg","width":889,"height":612,"caption":"Foto: Cand\u00e1s 365"},"datePublished":"2024-11-02T01:01:06+01:00","dateModified":"2024-11-02T01:01:06+01:00","inLanguage":"es-ES","mainEntityOfPage":{"@id":"https:\/\/candas365.es\/noticias\/alerta-en-asturias-por-la-calidad-del-aire\/#webpage"},"isPartOf":{"@id":"https:\/\/candas365.es\/noticias\/alerta-en-asturias-por-la-calidad-del-aire\/#webpage"},"articleSection":"Asturias, Destacadas, Asturias, Salud","dateline":"Publicado el noviembre 2, 2024."},{"@type":"Organization","@id":"https:\/\/candas365.es\/noticias\/#organization","name":"Cand\u00e1s 365","description":"Cand\u00e1s 365 es un diario digital independiente, fundado en 2012, con base en Asturias. Informamos con rigor sobre actualidad, sociedad, cultura y ocio, con una mirada local y global.","url":"https:\/\/candas365.es\/noticias\/","email":"info@candas365.es","telephone":"+34652131393","foundingDate":"2012-06-10","logo":{"@type":"ImageObject","url":"https:\/\/candas365.es\/noticias\/wp-content\/uploads\/2024\/09\/Candas-365-Redes.jpg","@id":"https:\/\/candas365.es\/noticias\/alerta-en-asturias-por-la-calidad-del-aire\/#organizationLogo","width":1152,"height":864,"caption":"Cand\u00e1s 365 Redes"},"image":{"@id":"https:\/\/candas365.es\/noticias\/alerta-en-asturias-por-la-calidad-del-aire\/#organizationLogo"},"sameAs":["https:\/\/www.facebook.com\/Nachofdezber","https:\/\/x.com\/NabercoDigital","https:\/\/www.instagram.com\/nachofdezber\/","https:\/\/www.youtube.com\/channel\/UCZP-2wLEB9Rv6erhFmqVnvg"],"address":{"@id":"https:\/\/candas365.es\/noticias\/#postaladdress","@type":"PostalAddress","streetAddress":"san antonio 4, san antonio 4","postalCode":"33430","addressLocality":"Cand\u00e1s","addressRegion":"Asturias","addressCountry":"ES"}},{"@type":"Person","@id":"https:\/\/candas365.es\/noticias\/author\/admin\/#author","url":"https:\/\/candas365.es\/noticias\/author\/admin\/","name":"Cand\u00e1s 365","image":{"@type":"ImageObject","@id":"https:\/\/candas365.es\/noticias\/alerta-en-asturias-por-la-calidad-del-aire\/#authorImage","url":"https:\/\/secure.gravatar.com\/avatar\/496a8e03d0c493ede1718b7934145dbdf8d89be1036b0eec9544e1094c9de390?s=96&d=mm&r=g","width":96,"height":96,"caption":"Cand\u00e1s 365"},"sameAs":["https:\/\/www.facebook.com\/carrenoactualidad","https:\/\/twitter.com\/nbasturias","https:\/\/www.instagram.com\/nachofdezber\/","https:\/\/www.youtube.com\/channel\/UCZP-2wLEB9Rv6erhFmqVnvg"]},{"@type":"WebPage","@id":"https:\/\/candas365.es\/noticias\/alerta-en-asturias-por-la-calidad-del-aire\/#webpage","url":"https:\/\/candas365.es\/noticias\/alerta-en-asturias-por-la-calidad-del-aire\/","name":"Alerta en Asturias por la calidad del aire | Cand\u00e1s 365","description":"El Gobierno del Principado de Asturias ha informando de que la calidad del aire no ser\u00e1 favorable los pr\u00f3ximos d\u00edas debido a la llegada de polvo sahariano.","inLanguage":"es-ES","isPartOf":{"@id":"https:\/\/candas365.es\/noticias\/#website"},"breadcrumb":{"@id":"https:\/\/candas365.es\/noticias\/alerta-en-asturias-por-la-calidad-del-aire\/#breadcrumblist"},"author":{"@id":"https:\/\/candas365.es\/noticias\/author\/admin\/#author"},"creator":{"@id":"https:\/\/candas365.es\/noticias\/author\/admin\/#author"},"image":{"@type":"ImageObject","url":"https:\/\/candas365.es\/noticias\/wp-content\/uploads\/2024\/11\/Asturias-calidad-aire.jpg","@id":"https:\/\/candas365.es\/noticias\/alerta-en-asturias-por-la-calidad-del-aire\/#mainImage","width":889,"height":612,"caption":"Foto: Cand\u00e1s 365"},"primaryImageOfPage":{"@id":"https:\/\/candas365.es\/noticias\/alerta-en-asturias-por-la-calidad-del-aire\/#mainImage"},"datePublished":"2024-11-02T01:01:06+01:00","dateModified":"2024-11-02T01:01:06+01:00"},{"@type":"WebSite","@id":"https:\/\/candas365.es\/noticias\/#website","url":"https:\/\/candas365.es\/noticias\/","name":"Cand\u00e1s 365","alternateName":"Cand\u00e1s 365 Noticias","description":"Actualidad desde Carre\u00f1o para el mundo","inLanguage":"es-ES","publisher":{"@id":"https:\/\/candas365.es\/noticias\/#organization"}}]},"og:locale":"es_ES","og:site_name":"Cand\u00e1s 365","og:type":"article","og:title":"Alerta en Asturias por la calidad del aire | Cand\u00e1s 365","og:description":"El Gobierno del Principado de Asturias ha informando de que la calidad del aire no ser\u00e1 favorable los pr\u00f3ximos d\u00edas debido a la llegada de polvo sahariano.","og:url":"https:\/\/candas365.es\/noticias\/alerta-en-asturias-por-la-calidad-del-aire\/","og:image":"https:\/\/candas365.es\/noticias\/wp-content\/uploads\/2024\/11\/Asturias-calidad-aire.jpg","og:image:secure_url":"https:\/\/candas365.es\/noticias\/wp-content\/uploads\/2024\/11\/Asturias-calidad-aire.jpg","og:image:width":889,"og:image:height":612,"article:published_time":"2024-11-02T00:01:06+00:00","article:modified_time":"2024-11-02T00:01:06+00:00","article:publisher":"https:\/\/www.facebook.com\/Nachofdezber","article:author":"https:\/\/www.facebook.com\/carrenoactualidad","twitter:card":"summary_large_image","twitter:site":"@NabercoDigital","twitter:title":"Alerta en Asturias por la calidad del aire | Cand\u00e1s 365","twitter:description":"El Gobierno del Principado de Asturias ha informando de que la calidad del aire no ser\u00e1 favorable los pr\u00f3ximos d\u00edas debido a la llegada de polvo sahariano.","twitter:creator":"@nbasturias","twitter:image":"https:\/\/candas365.es\/noticias\/wp-content\/uploads\/2024\/11\/Asturias-calidad-aire.jpg","twitter:label1":"Escrito por","twitter:data1":"Cand\u00e1s 365","twitter:label2":"Tiempo de lectura estimado","twitter:data2":"1 minuto"},"aioseo_meta_data":{"post_id":"183934","title":null,"description":"El Gobierno del Principado de Asturias ha informando de que la calidad del aire no ser\u00e1 favorable los pr\u00f3ximos d\u00edas debido a la llegada de polvo sahariano.","keywords":null,"keyphrases":{"focus":{"keyphrase":"Asturias","score":93,"analysis":{"keyphraseInTitle":{"score":9,"maxScore":9,"error":0},"keyphraseInDescription":{"score":9,"maxScore":9,"error":0},"keyphraseLength":{"score":9,"maxScore":9,"error":0,"length":1},"keyphraseInURL":{"score":1,"maxScore":5,"error":1},"keyphraseInIntroduction":{"score":9,"maxScore":9,"error":0},"keyphraseInSubHeadings":[],"keyphraseInImageAlt":{"score":9,"maxScore":9,"error":0},"keywordDensity":{"type":"best","score":9,"maxScore":9,"error":0}}},"additional":[{"keyphrase":"aire","score":80,"analysis":{"keyphraseInDescription":{"score":9,"maxScore":9,"error":0},"keyphraseLength":{"score":9,"maxScore":9,"error":0,"length":1},"keyphraseInIntroduction":{"score":9,"maxScore":9,"error":0},"keyphraseInImageAlt":{"score":9,"maxScore":9,"error":0},"keywordDensity":{"type":"high","score":0,"maxScore":9,"error":1}}}]},"primary_term":null,"canonical_url":null,"og_title":null,"og_description":null,"og_object_type":"default","og_image_type":"default","og_image_url":null,"og_image_width":null,"og_image_height":null,"og_image_custom_url":null,"og_image_custom_fields":null,"og_video":"","og_custom_url":null,"og_article_section":null,"og_article_tags":null,"twitter_use_og":false,"twitter_card":"default","twitter_image_type":"default","twitter_image_url":null,"twitter_image_custom_url":null,"twitter_image_custom_fields":null,"twitter_title":null,"twitter_description":null,"schema":{"blockGraphs":[],"customGraphs":[],"default":{"data":{"Article":[],"Course":[],"Dataset":[],"FAQPage":[],"Movie":[],"Person":[],"Product":[],"ProductReview":[],"Car":[],"Recipe":[],"Service":[],"SoftwareApplication":[],"WebPage":[]},"graphName":"Article","isEnabled":true},"graphs":[]},"schema_type":"default","schema_type_options":null,"pillar_content":false,"robots_default":true,"robots_noindex":false,"robots_noarchive":false,"robots_nosnippet":false,"robots_nofollow":false,"robots_noimageindex":false,"robots_noodp":false,"robots_notranslate":false,"robots_max_snippet":"-1","robots_max_videopreview":"-1","robots_max_imagepreview":"large","priority":null,"frequency":"default","location":null,"local_seo":null,"seo_analyzer_scan_date":"2025-09-03 08:00:26","breadcrumb_settings":null,"limit_modified_date":false,"reviewed_by":null,"open_ai":"{\"title\":{\"suggestions\":[],\"usage\":0},\"description\":{\"suggestions\":[],\"usage\":0}}","ai":null,"created":"2024-11-01 23:50:43","updated":"2025-09-03 08:00:26"},"aioseo_breadcrumb":"<div class=\"aioseo-breadcrumbs\"><span class=\"aioseo-breadcrumb\">\n\t<a href=\"https:\/\/candas365.es\/noticias\" title=\"Home\">Home<\/a>\n<\/span><span class=\"aioseo-breadcrumb-separator\">&ndash;<\/span><span class=\"aioseo-breadcrumb\">\n\t<a href=\"https:\/\/candas365.es\/noticias\/category\/asturias\/\" title=\"Asturias\">Asturias<\/a>\n<\/span><span class=\"aioseo-breadcrumb-separator\">&ndash;<\/span><span class=\"aioseo-breadcrumb\">\n\tAlerta en Asturias por la calidad del aire\n<\/span><\/div>","aioseo_breadcrumb_json":[{"label":"Home","link":"https:\/\/candas365.es\/noticias"},{"label":"Asturias","link":"https:\/\/candas365.es\/noticias\/category\/asturias\/"},{"label":"Alerta en Asturias por la calidad del aire","link":"https:\/\/candas365.es\/noticias\/alerta-en-asturias-por-la-calidad-del-aire\/"}],"_links":{"self":[{"href":"https:\/\/candas365.es\/noticias\/wp-json\/wp\/v2\/posts\/183934","targetHints":{"allow":["GET"]}}],"collection":[{"href":"https:\/\/candas365.es\/noticias\/wp-json\/wp\/v2\/posts"}],"about":[{"href":"https:\/\/candas365.es\/noticias\/wp-json\/wp\/v2\/types\/post"}],"author":[{"embeddable":true,"href":"https:\/\/candas365.es\/noticias\/wp-json\/wp\/v2\/users\/1"}],"replies":[{"embeddable":true,"href":"https:\/\/candas365.es\/noticias\/wp-json\/wp\/v2\/comments?post=183934"}],"version-history":[{"count":0,"href":"https:\/\/candas365.es\/noticias\/wp-json\/wp\/v2\/posts\/183934\/revisions"}],"wp:featuredmedia":[{"embeddable":true,"href":"https:\/\/candas365.es\/noticias\/wp-json\/wp\/v2\/media\/183935"}],"wp:attachment":[{"href":"https:\/\/candas365.es\/noticias\/wp-json\/wp\/v2\/media?parent=183934"}],"wp:term":[{"taxonomy":"category","embeddable":true,"href":"https:\/\/candas365.es\/noticias\/wp-json\/wp\/v2\/categories?post=183934"},{"taxonomy":"post_tag","embeddable":true,"href":"https:\/\/candas365.es\/noticias\/wp-json\/wp\/v2\/tags?post=183934"}],"curies":[{"name":"wp","href":"https:\/\/api.w.org\/{rel}","templated":true}]}}