{"id":183923,"date":"2024-11-01T15:38:20","date_gmt":"2024-11-01T14:38:20","guid":{"rendered":"https:\/\/candas365.es\/noticias\/?p=183923"},"modified":"2024-11-01T15:38:20","modified_gmt":"2024-11-01T14:38:20","slug":"el-precio-de-la-luz-subira-el-2-de-noviembre-en-espana","status":"publish","type":"post","link":"https:\/\/candas365.es\/noticias\/el-precio-de-la-luz-subira-el-2-de-noviembre-en-espana\/","title":{"rendered":"El precio de la luz subir\u00e1 el 2 de noviembre en Espa\u00f1a"},"content":{"rendered":"<p>Ma\u00f1ana s\u00e1bado 2 de noviembre de 2024, el <span style=\"color: #ff6600;\"><a style=\"color: #ff6600;\" href=\"https:\/\/candas365.es\/noticias\/category\/economia\/\"><strong>precio medio de la electricidad<\/strong> <\/a><\/span>en el mercado mayorista subir\u00e1 un 12,3% al situarse en los 91,64 euros el megavatio hora (MWh) frente a los 81,61 euros de hoy. Con ello, suma 13 d\u00edas por encima de los 45 euros por MWh, el m\u00ednimo de la media mensual para que se mantenga el IVA de la electricidad en el 10%.<\/p>\n<p><img fetchpriority=\"high\" decoding=\"async\" class=\"aligncenter size-full wp-image-179804\" src=\"https:\/\/candas365.es\/noticias\/wp-content\/uploads\/2024\/04\/Precio-de-la-electricidad-1.jpg\" alt=\"Precio de la electricidad\" width=\"640\" height=\"427\" srcset=\"https:\/\/candas365.es\/noticias\/wp-content\/uploads\/2024\/04\/Precio-de-la-electricidad-1.jpg 640w, https:\/\/candas365.es\/noticias\/wp-content\/uploads\/2024\/04\/Precio-de-la-electricidad-1-360x240.jpg 360w, https:\/\/candas365.es\/noticias\/wp-content\/uploads\/2024\/04\/Precio-de-la-electricidad-1-150x100.jpg 150w, https:\/\/candas365.es\/noticias\/wp-content\/uploads\/2024\/04\/Precio-de-la-electricidad-1-450x300.jpg 450w\" sizes=\"(max-width: 640px) 100vw, 640px\" \/><\/p>\n<p>Seg\u00fan los \u00faltimos datos del Operador del Mercado Ib\u00e9rico de la Electricidad (OMIE) recogidos por Servimedia, los 91,64 euros por MWh suponen una subida del 84,7% con respecto a los 49,61 euros del s\u00e1bado de la semana pasada y un incremento del 2,1% sobre los 93,59 euros de hace un mes, el 2 de octubre.<\/p>\n<p>Adem\u00e1s, en comparativa interanual, este s\u00e1bado se produce un encarecimiento muy fuerte, ya que el 2 de noviembre del a\u00f1o pasado el precio fue de 4,42 euros por MWh.<\/p>\n<p>(<a href=\"https:\/\/www.servimedia.es\/\" target=\"_blank\" rel=\"noopener\"><span style=\"color: #ff6600;\"><strong>SERVIMEDIA<\/strong><\/span><\/a>)<\/p>\n","protected":false},"excerpt":{"rendered":"<p>Ma\u00f1ana s\u00e1bado 2 de noviembre de 2024, el precio medio de la electricidad en el mercado mayorista subir\u00e1 un 12,3% al situarse en los 91,64 euros el megavatio hora (MWh) frente a los 81,61 euros de hoy. Con ello, suma 13 d\u00edas por encima de los 45 euros por MWh, el m\u00ednimo de la media<\/p>\n","protected":false},"author":1,"featured_media":179804,"comment_status":"closed","ping_status":"closed","sticky":false,"template":"","format":"standard","meta":{"footnotes":""},"categories":[486],"tags":[437],"class_list":{"0":"post-183923","1":"post","2":"type-post","3":"status-publish","4":"format-standard","5":"has-post-thumbnail","7":"category-economia","8":"tag-economia"},"aioseo_notices":[],"aioseo_head":"\n\t\t<!-- All in One SEO Pro 4.9.6.2 - aioseo.com -->\n\t<meta name=\"description\" content=\"Ma\u00f1ana s\u00e1bado 2 de noviembre de 2024, el precio medio de la electricidad en el mercado mayorista subir\u00e1 un 12,3% al situarse en los 91,64 euros el megavatio\" \/>\n\t<meta name=\"robots\" content=\"max-image-preview:large\" \/>\n\t<meta name=\"author\" content=\"Cand\u00e1s 365\"\/>\n\t<meta name=\"google-site-verification\" content=\"UA-32230408-1\" \/>\n\t<meta name=\"msvalidate.01\" content=\"354F3CDFB2DA171B47FBE9ABF1F88D5\" \/>\n\t<meta name=\"keywords\" content=\"econom\u00eda\" \/>\n\t<link rel=\"canonical\" href=\"https:\/\/candas365.es\/noticias\/el-precio-de-la-luz-subira-el-2-de-noviembre-en-espana\/\" \/>\n\t<meta name=\"generator\" content=\"All in One SEO Pro (AIOSEO) 4.9.6.2\" \/>\n\t\t<meta property=\"og:locale\" content=\"es_ES\" \/>\n\t\t<meta property=\"og:site_name\" content=\"Cand\u00e1s 365\" \/>\n\t\t<meta property=\"og:type\" content=\"article\" \/>\n\t\t<meta property=\"og:title\" content=\"El precio de la luz subir\u00e1 el 2 de noviembre en Espa\u00f1a | Cand\u00e1s 365\" \/>\n\t\t<meta property=\"og:description\" content=\"Ma\u00f1ana s\u00e1bado 2 de noviembre de 2024, el precio medio de la electricidad en el mercado mayorista subir\u00e1 un 12,3% al situarse en los 91,64 euros el megavatio\" \/>\n\t\t<meta property=\"og:url\" content=\"https:\/\/candas365.es\/noticias\/el-precio-de-la-luz-subira-el-2-de-noviembre-en-espana\/\" \/>\n\t\t<meta property=\"og:image\" content=\"https:\/\/candas365.es\/noticias\/wp-content\/uploads\/2024\/04\/Precio-de-la-electricidad-1.jpg\" \/>\n\t\t<meta property=\"og:image:secure_url\" content=\"https:\/\/candas365.es\/noticias\/wp-content\/uploads\/2024\/04\/Precio-de-la-electricidad-1.jpg\" \/>\n\t\t<meta property=\"og:image:width\" content=\"640\" \/>\n\t\t<meta property=\"og:image:height\" content=\"427\" \/>\n\t\t<meta property=\"article:published_time\" content=\"2024-11-01T14:38:20+00:00\" \/>\n\t\t<meta property=\"article:modified_time\" content=\"2024-11-01T14:38:20+00:00\" \/>\n\t\t<meta property=\"article:publisher\" content=\"https:\/\/www.facebook.com\/Nachofdezber\" \/>\n\t\t<meta property=\"article:author\" content=\"https:\/\/www.facebook.com\/carrenoactualidad\" \/>\n\t\t<meta name=\"twitter:card\" content=\"summary_large_image\" \/>\n\t\t<meta name=\"twitter:site\" content=\"@NabercoDigital\" \/>\n\t\t<meta name=\"twitter:title\" content=\"El precio de la luz subir\u00e1 el 2 de noviembre en Espa\u00f1a | Cand\u00e1s 365\" \/>\n\t\t<meta name=\"twitter:description\" content=\"Ma\u00f1ana s\u00e1bado 2 de noviembre de 2024, el precio medio de la electricidad en el mercado mayorista subir\u00e1 un 12,3% al situarse en los 91,64 euros el megavatio\" \/>\n\t\t<meta name=\"twitter:creator\" content=\"@nbasturias\" \/>\n\t\t<meta name=\"twitter:image\" content=\"https:\/\/candas365.es\/noticias\/wp-content\/uploads\/2024\/04\/Precio-de-la-electricidad-1.jpg\" \/>\n\t\t<meta name=\"twitter:label1\" content=\"Escrito por\" \/>\n\t\t<meta name=\"twitter:data1\" content=\"Cand\u00e1s 365\" \/>\n\t\t<meta name=\"twitter:label2\" content=\"Tiempo de lectura estimado\" \/>\n\t\t<meta name=\"twitter:data2\" content=\"1 minuto\" \/>\n\t\t<script type=\"application\/ld+json\" class=\"aioseo-schema\">\n\t\t\t{\"@context\":\"https:\\\/\\\/schema.org\",\"@graph\":[{\"@type\":\"BreadcrumbList\",\"@id\":\"https:\\\/\\\/candas365.es\\\/noticias\\\/el-precio-de-la-luz-subira-el-2-de-noviembre-en-espana\\\/#breadcrumblist\",\"itemListElement\":[{\"@type\":\"ListItem\",\"@id\":\"https:\\\/\\\/candas365.es\\\/noticias#listItem\",\"position\":1,\"name\":\"Home\",\"item\":\"https:\\\/\\\/candas365.es\\\/noticias\",\"nextItem\":{\"@type\":\"ListItem\",\"@id\":\"https:\\\/\\\/candas365.es\\\/noticias\\\/category\\\/economia\\\/#listItem\",\"name\":\"Econom\\u00eda\"}},{\"@type\":\"ListItem\",\"@id\":\"https:\\\/\\\/candas365.es\\\/noticias\\\/category\\\/economia\\\/#listItem\",\"position\":2,\"name\":\"Econom\\u00eda\",\"item\":\"https:\\\/\\\/candas365.es\\\/noticias\\\/category\\\/economia\\\/\",\"nextItem\":{\"@type\":\"ListItem\",\"@id\":\"https:\\\/\\\/candas365.es\\\/noticias\\\/el-precio-de-la-luz-subira-el-2-de-noviembre-en-espana\\\/#listItem\",\"name\":\"El precio de la luz subir\\u00e1 el 2 de noviembre en Espa\\u00f1a\"},\"previousItem\":{\"@type\":\"ListItem\",\"@id\":\"https:\\\/\\\/candas365.es\\\/noticias#listItem\",\"name\":\"Home\"}},{\"@type\":\"ListItem\",\"@id\":\"https:\\\/\\\/candas365.es\\\/noticias\\\/el-precio-de-la-luz-subira-el-2-de-noviembre-en-espana\\\/#listItem\",\"position\":3,\"name\":\"El precio de la luz subir\\u00e1 el 2 de noviembre en Espa\\u00f1a\",\"previousItem\":{\"@type\":\"ListItem\",\"@id\":\"https:\\\/\\\/candas365.es\\\/noticias\\\/category\\\/economia\\\/#listItem\",\"name\":\"Econom\\u00eda\"}}]},{\"@type\":\"NewsArticle\",\"@id\":\"https:\\\/\\\/candas365.es\\\/noticias\\\/el-precio-de-la-luz-subira-el-2-de-noviembre-en-espana\\\/#newsarticle\",\"name\":\"El precio de la luz subir\\u00e1 el 2 de noviembre en Espa\\u00f1a | Cand\\u00e1s 365\",\"headline\":\"El precio de la luz subir\\u00e1 el 2 de noviembre en Espa\\u00f1a\",\"author\":{\"@id\":\"https:\\\/\\\/candas365.es\\\/noticias\\\/author\\\/admin\\\/#author\"},\"publisher\":{\"@id\":\"https:\\\/\\\/candas365.es\\\/noticias\\\/#organization\"},\"image\":{\"@type\":\"ImageObject\",\"url\":\"https:\\\/\\\/candas365.es\\\/noticias\\\/wp-content\\\/uploads\\\/2024\\\/04\\\/Precio-de-la-electricidad-1.jpg\",\"width\":640,\"height\":427,\"caption\":\"Precio de la electricidad\"},\"datePublished\":\"2024-11-01T15:38:20+01:00\",\"dateModified\":\"2024-11-01T15:38:20+01:00\",\"inLanguage\":\"es-ES\",\"mainEntityOfPage\":{\"@id\":\"https:\\\/\\\/candas365.es\\\/noticias\\\/el-precio-de-la-luz-subira-el-2-de-noviembre-en-espana\\\/#webpage\"},\"isPartOf\":{\"@id\":\"https:\\\/\\\/candas365.es\\\/noticias\\\/el-precio-de-la-luz-subira-el-2-de-noviembre-en-espana\\\/#webpage\"},\"articleSection\":\"Econom\\u00eda, Econom\\u00eda\",\"dateline\":\"Publicado el noviembre 1, 2024.\"},{\"@type\":\"Organization\",\"@id\":\"https:\\\/\\\/candas365.es\\\/noticias\\\/#organization\",\"name\":\"Cand\\u00e1s 365\",\"description\":\"Cand\\u00e1s 365 es un diario digital independiente, fundado en 2012, con base en Asturias. Informamos con rigor sobre actualidad, sociedad, cultura y ocio, con una mirada local y global.\",\"url\":\"https:\\\/\\\/candas365.es\\\/noticias\\\/\",\"email\":\"info@candas365.es\",\"telephone\":\"+34652131393\",\"foundingDate\":\"2012-06-10\",\"logo\":{\"@type\":\"ImageObject\",\"url\":\"https:\\\/\\\/candas365.es\\\/noticias\\\/wp-content\\\/uploads\\\/2024\\\/09\\\/Candas-365-Redes.jpg\",\"@id\":\"https:\\\/\\\/candas365.es\\\/noticias\\\/el-precio-de-la-luz-subira-el-2-de-noviembre-en-espana\\\/#organizationLogo\",\"width\":1152,\"height\":864,\"caption\":\"Cand\\u00e1s 365 Redes\"},\"image\":{\"@id\":\"https:\\\/\\\/candas365.es\\\/noticias\\\/el-precio-de-la-luz-subira-el-2-de-noviembre-en-espana\\\/#organizationLogo\"},\"sameAs\":[\"https:\\\/\\\/www.facebook.com\\\/Nachofdezber\",\"https:\\\/\\\/x.com\\\/NabercoDigital\",\"https:\\\/\\\/www.instagram.com\\\/nachofdezber\\\/\",\"https:\\\/\\\/www.youtube.com\\\/channel\\\/UCZP-2wLEB9Rv6erhFmqVnvg\"],\"address\":{\"@id\":\"https:\\\/\\\/candas365.es\\\/noticias\\\/#postaladdress\",\"@type\":\"PostalAddress\",\"streetAddress\":\"san antonio 4, san antonio 4\",\"postalCode\":\"33430\",\"addressLocality\":\"Cand\\u00e1s\",\"addressRegion\":\"Asturias\",\"addressCountry\":\"ES\"}},{\"@type\":\"Person\",\"@id\":\"https:\\\/\\\/candas365.es\\\/noticias\\\/author\\\/admin\\\/#author\",\"url\":\"https:\\\/\\\/candas365.es\\\/noticias\\\/author\\\/admin\\\/\",\"name\":\"Cand\\u00e1s 365\",\"image\":{\"@type\":\"ImageObject\",\"@id\":\"https:\\\/\\\/candas365.es\\\/noticias\\\/el-precio-de-la-luz-subira-el-2-de-noviembre-en-espana\\\/#authorImage\",\"url\":\"https:\\\/\\\/secure.gravatar.com\\\/avatar\\\/496a8e03d0c493ede1718b7934145dbdf8d89be1036b0eec9544e1094c9de390?s=96&d=mm&r=g\",\"width\":96,\"height\":96,\"caption\":\"Cand\\u00e1s 365\"},\"sameAs\":[\"https:\\\/\\\/www.facebook.com\\\/carrenoactualidad\",\"https:\\\/\\\/twitter.com\\\/nbasturias\",\"https:\\\/\\\/www.instagram.com\\\/nachofdezber\\\/\",\"https:\\\/\\\/www.youtube.com\\\/channel\\\/UCZP-2wLEB9Rv6erhFmqVnvg\"]},{\"@type\":\"WebPage\",\"@id\":\"https:\\\/\\\/candas365.es\\\/noticias\\\/el-precio-de-la-luz-subira-el-2-de-noviembre-en-espana\\\/#webpage\",\"url\":\"https:\\\/\\\/candas365.es\\\/noticias\\\/el-precio-de-la-luz-subira-el-2-de-noviembre-en-espana\\\/\",\"name\":\"El precio de la luz subir\\u00e1 el 2 de noviembre en Espa\\u00f1a | Cand\\u00e1s 365\",\"description\":\"Ma\\u00f1ana s\\u00e1bado 2 de noviembre de 2024, el precio medio de la electricidad en el mercado mayorista subir\\u00e1 un 12,3% al situarse en los 91,64 euros el megavatio\",\"inLanguage\":\"es-ES\",\"isPartOf\":{\"@id\":\"https:\\\/\\\/candas365.es\\\/noticias\\\/#website\"},\"breadcrumb\":{\"@id\":\"https:\\\/\\\/candas365.es\\\/noticias\\\/el-precio-de-la-luz-subira-el-2-de-noviembre-en-espana\\\/#breadcrumblist\"},\"author\":{\"@id\":\"https:\\\/\\\/candas365.es\\\/noticias\\\/author\\\/admin\\\/#author\"},\"creator\":{\"@id\":\"https:\\\/\\\/candas365.es\\\/noticias\\\/author\\\/admin\\\/#author\"},\"image\":{\"@type\":\"ImageObject\",\"url\":\"https:\\\/\\\/candas365.es\\\/noticias\\\/wp-content\\\/uploads\\\/2024\\\/04\\\/Precio-de-la-electricidad-1.jpg\",\"@id\":\"https:\\\/\\\/candas365.es\\\/noticias\\\/el-precio-de-la-luz-subira-el-2-de-noviembre-en-espana\\\/#mainImage\",\"width\":640,\"height\":427,\"caption\":\"Precio de la electricidad\"},\"primaryImageOfPage\":{\"@id\":\"https:\\\/\\\/candas365.es\\\/noticias\\\/el-precio-de-la-luz-subira-el-2-de-noviembre-en-espana\\\/#mainImage\"},\"datePublished\":\"2024-11-01T15:38:20+01:00\",\"dateModified\":\"2024-11-01T15:38:20+01:00\"},{\"@type\":\"WebSite\",\"@id\":\"https:\\\/\\\/candas365.es\\\/noticias\\\/#website\",\"url\":\"https:\\\/\\\/candas365.es\\\/noticias\\\/\",\"name\":\"Cand\\u00e1s 365\",\"alternateName\":\"Cand\\u00e1s 365 Noticias\",\"description\":\"Actualidad desde Carre\\u00f1o para el mundo\",\"inLanguage\":\"es-ES\",\"publisher\":{\"@id\":\"https:\\\/\\\/candas365.es\\\/noticias\\\/#organization\"}}]}\n\t\t<\/script>\n\t\t<!-- All in One SEO Pro -->\r\n\t\t<title>El precio de la luz subir\u00e1 el 2 de noviembre en Espa\u00f1a | Cand\u00e1s 365<\/title>\n\n","aioseo_head_json":{"title":"El precio de la luz subir\u00e1 el 2 de noviembre en Espa\u00f1a | Cand\u00e1s 365","description":"Ma\u00f1ana s\u00e1bado 2 de noviembre de 2024, el precio medio de la electricidad en el mercado mayorista subir\u00e1 un 12,3% al situarse en los 91,64 euros el megavatio","canonical_url":"https:\/\/candas365.es\/noticias\/el-precio-de-la-luz-subira-el-2-de-noviembre-en-espana\/","robots":"max-image-preview:large","keywords":"econom\u00eda","webmasterTools":{"google-site-verification":"UA-32230408-1","msvalidate.01":"354F3CDFB2DA171B47FBE9ABF1F88D5","miscellaneous":""},"schema":{"@context":"https:\/\/schema.org","@graph":[{"@type":"BreadcrumbList","@id":"https:\/\/candas365.es\/noticias\/el-precio-de-la-luz-subira-el-2-de-noviembre-en-espana\/#breadcrumblist","itemListElement":[{"@type":"ListItem","@id":"https:\/\/candas365.es\/noticias#listItem","position":1,"name":"Home","item":"https:\/\/candas365.es\/noticias","nextItem":{"@type":"ListItem","@id":"https:\/\/candas365.es\/noticias\/category\/economia\/#listItem","name":"Econom\u00eda"}},{"@type":"ListItem","@id":"https:\/\/candas365.es\/noticias\/category\/economia\/#listItem","position":2,"name":"Econom\u00eda","item":"https:\/\/candas365.es\/noticias\/category\/economia\/","nextItem":{"@type":"ListItem","@id":"https:\/\/candas365.es\/noticias\/el-precio-de-la-luz-subira-el-2-de-noviembre-en-espana\/#listItem","name":"El precio de la luz subir\u00e1 el 2 de noviembre en Espa\u00f1a"},"previousItem":{"@type":"ListItem","@id":"https:\/\/candas365.es\/noticias#listItem","name":"Home"}},{"@type":"ListItem","@id":"https:\/\/candas365.es\/noticias\/el-precio-de-la-luz-subira-el-2-de-noviembre-en-espana\/#listItem","position":3,"name":"El precio de la luz subir\u00e1 el 2 de noviembre en Espa\u00f1a","previousItem":{"@type":"ListItem","@id":"https:\/\/candas365.es\/noticias\/category\/economia\/#listItem","name":"Econom\u00eda"}}]},{"@type":"NewsArticle","@id":"https:\/\/candas365.es\/noticias\/el-precio-de-la-luz-subira-el-2-de-noviembre-en-espana\/#newsarticle","name":"El precio de la luz subir\u00e1 el 2 de noviembre en Espa\u00f1a | Cand\u00e1s 365","headline":"El precio de la luz subir\u00e1 el 2 de noviembre en Espa\u00f1a","author":{"@id":"https:\/\/candas365.es\/noticias\/author\/admin\/#author"},"publisher":{"@id":"https:\/\/candas365.es\/noticias\/#organization"},"image":{"@type":"ImageObject","url":"https:\/\/candas365.es\/noticias\/wp-content\/uploads\/2024\/04\/Precio-de-la-electricidad-1.jpg","width":640,"height":427,"caption":"Precio de la electricidad"},"datePublished":"2024-11-01T15:38:20+01:00","dateModified":"2024-11-01T15:38:20+01:00","inLanguage":"es-ES","mainEntityOfPage":{"@id":"https:\/\/candas365.es\/noticias\/el-precio-de-la-luz-subira-el-2-de-noviembre-en-espana\/#webpage"},"isPartOf":{"@id":"https:\/\/candas365.es\/noticias\/el-precio-de-la-luz-subira-el-2-de-noviembre-en-espana\/#webpage"},"articleSection":"Econom\u00eda, Econom\u00eda","dateline":"Publicado el noviembre 1, 2024."},{"@type":"Organization","@id":"https:\/\/candas365.es\/noticias\/#organization","name":"Cand\u00e1s 365","description":"Cand\u00e1s 365 es un diario digital independiente, fundado en 2012, con base en Asturias. Informamos con rigor sobre actualidad, sociedad, cultura y ocio, con una mirada local y global.","url":"https:\/\/candas365.es\/noticias\/","email":"info@candas365.es","telephone":"+34652131393","foundingDate":"2012-06-10","logo":{"@type":"ImageObject","url":"https:\/\/candas365.es\/noticias\/wp-content\/uploads\/2024\/09\/Candas-365-Redes.jpg","@id":"https:\/\/candas365.es\/noticias\/el-precio-de-la-luz-subira-el-2-de-noviembre-en-espana\/#organizationLogo","width":1152,"height":864,"caption":"Cand\u00e1s 365 Redes"},"image":{"@id":"https:\/\/candas365.es\/noticias\/el-precio-de-la-luz-subira-el-2-de-noviembre-en-espana\/#organizationLogo"},"sameAs":["https:\/\/www.facebook.com\/Nachofdezber","https:\/\/x.com\/NabercoDigital","https:\/\/www.instagram.com\/nachofdezber\/","https:\/\/www.youtube.com\/channel\/UCZP-2wLEB9Rv6erhFmqVnvg"],"address":{"@id":"https:\/\/candas365.es\/noticias\/#postaladdress","@type":"PostalAddress","streetAddress":"san antonio 4, san antonio 4","postalCode":"33430","addressLocality":"Cand\u00e1s","addressRegion":"Asturias","addressCountry":"ES"}},{"@type":"Person","@id":"https:\/\/candas365.es\/noticias\/author\/admin\/#author","url":"https:\/\/candas365.es\/noticias\/author\/admin\/","name":"Cand\u00e1s 365","image":{"@type":"ImageObject","@id":"https:\/\/candas365.es\/noticias\/el-precio-de-la-luz-subira-el-2-de-noviembre-en-espana\/#authorImage","url":"https:\/\/secure.gravatar.com\/avatar\/496a8e03d0c493ede1718b7934145dbdf8d89be1036b0eec9544e1094c9de390?s=96&d=mm&r=g","width":96,"height":96,"caption":"Cand\u00e1s 365"},"sameAs":["https:\/\/www.facebook.com\/carrenoactualidad","https:\/\/twitter.com\/nbasturias","https:\/\/www.instagram.com\/nachofdezber\/","https:\/\/www.youtube.com\/channel\/UCZP-2wLEB9Rv6erhFmqVnvg"]},{"@type":"WebPage","@id":"https:\/\/candas365.es\/noticias\/el-precio-de-la-luz-subira-el-2-de-noviembre-en-espana\/#webpage","url":"https:\/\/candas365.es\/noticias\/el-precio-de-la-luz-subira-el-2-de-noviembre-en-espana\/","name":"El precio de la luz subir\u00e1 el 2 de noviembre en Espa\u00f1a | Cand\u00e1s 365","description":"Ma\u00f1ana s\u00e1bado 2 de noviembre de 2024, el precio medio de la electricidad en el mercado mayorista subir\u00e1 un 12,3% al situarse en los 91,64 euros el megavatio","inLanguage":"es-ES","isPartOf":{"@id":"https:\/\/candas365.es\/noticias\/#website"},"breadcrumb":{"@id":"https:\/\/candas365.es\/noticias\/el-precio-de-la-luz-subira-el-2-de-noviembre-en-espana\/#breadcrumblist"},"author":{"@id":"https:\/\/candas365.es\/noticias\/author\/admin\/#author"},"creator":{"@id":"https:\/\/candas365.es\/noticias\/author\/admin\/#author"},"image":{"@type":"ImageObject","url":"https:\/\/candas365.es\/noticias\/wp-content\/uploads\/2024\/04\/Precio-de-la-electricidad-1.jpg","@id":"https:\/\/candas365.es\/noticias\/el-precio-de-la-luz-subira-el-2-de-noviembre-en-espana\/#mainImage","width":640,"height":427,"caption":"Precio de la electricidad"},"primaryImageOfPage":{"@id":"https:\/\/candas365.es\/noticias\/el-precio-de-la-luz-subira-el-2-de-noviembre-en-espana\/#mainImage"},"datePublished":"2024-11-01T15:38:20+01:00","dateModified":"2024-11-01T15:38:20+01:00"},{"@type":"WebSite","@id":"https:\/\/candas365.es\/noticias\/#website","url":"https:\/\/candas365.es\/noticias\/","name":"Cand\u00e1s 365","alternateName":"Cand\u00e1s 365 Noticias","description":"Actualidad desde Carre\u00f1o para el mundo","inLanguage":"es-ES","publisher":{"@id":"https:\/\/candas365.es\/noticias\/#organization"}}]},"og:locale":"es_ES","og:site_name":"Cand\u00e1s 365","og:type":"article","og:title":"El precio de la luz subir\u00e1 el 2 de noviembre en Espa\u00f1a | Cand\u00e1s 365","og:description":"Ma\u00f1ana s\u00e1bado 2 de noviembre de 2024, el precio medio de la electricidad en el mercado mayorista subir\u00e1 un 12,3% al situarse en los 91,64 euros el megavatio","og:url":"https:\/\/candas365.es\/noticias\/el-precio-de-la-luz-subira-el-2-de-noviembre-en-espana\/","og:image":"https:\/\/candas365.es\/noticias\/wp-content\/uploads\/2024\/04\/Precio-de-la-electricidad-1.jpg","og:image:secure_url":"https:\/\/candas365.es\/noticias\/wp-content\/uploads\/2024\/04\/Precio-de-la-electricidad-1.jpg","og:image:width":640,"og:image:height":427,"article:published_time":"2024-11-01T14:38:20+00:00","article:modified_time":"2024-11-01T14:38:20+00:00","article:publisher":"https:\/\/www.facebook.com\/Nachofdezber","article:author":"https:\/\/www.facebook.com\/carrenoactualidad","twitter:card":"summary_large_image","twitter:site":"@NabercoDigital","twitter:title":"El precio de la luz subir\u00e1 el 2 de noviembre en Espa\u00f1a | Cand\u00e1s 365","twitter:description":"Ma\u00f1ana s\u00e1bado 2 de noviembre de 2024, el precio medio de la electricidad en el mercado mayorista subir\u00e1 un 12,3% al situarse en los 91,64 euros el megavatio","twitter:creator":"@nbasturias","twitter:image":"https:\/\/candas365.es\/noticias\/wp-content\/uploads\/2024\/04\/Precio-de-la-electricidad-1.jpg","twitter:label1":"Escrito por","twitter:data1":"Cand\u00e1s 365","twitter:label2":"Tiempo de lectura estimado","twitter:data2":"1 minuto"},"aioseo_meta_data":{"post_id":"183923","title":null,"description":"Ma\u00f1ana s\u00e1bado 2 de noviembre de 2024, el precio medio de la electricidad en el mercado mayorista subir\u00e1 un 12,3% al situarse en los 91,64 euros el megavatio","keywords":null,"keyphrases":{"focus":{"keyphrase":"precio","score":93,"analysis":{"keyphraseInTitle":{"score":9,"maxScore":9,"error":0},"keyphraseInDescription":{"score":9,"maxScore":9,"error":0},"keyphraseLength":{"score":9,"maxScore":9,"error":0,"length":1},"keyphraseInURL":{"score":1,"maxScore":5,"error":1},"keyphraseInIntroduction":{"score":9,"maxScore":9,"error":0},"keyphraseInSubHeadings":[],"keyphraseInImageAlt":{"score":9,"maxScore":9,"error":0},"keywordDensity":{"type":"best","score":9,"maxScore":9,"error":0}}},"additional":[{"keyphrase":"electricidad","score":100,"analysis":{"keyphraseInDescription":{"score":9,"maxScore":9,"error":0},"keyphraseLength":{"score":9,"maxScore":9,"error":0,"length":1},"keyphraseInIntroduction":{"score":9,"maxScore":9,"error":0},"keyphraseInImageAlt":{"score":9,"maxScore":9,"error":0},"keywordDensity":{"type":"best","score":9,"maxScore":9,"error":0}}}]},"primary_term":null,"canonical_url":null,"og_title":null,"og_description":null,"og_object_type":"default","og_image_type":"default","og_image_url":null,"og_image_width":null,"og_image_height":null,"og_image_custom_url":null,"og_image_custom_fields":null,"og_video":"","og_custom_url":null,"og_article_section":null,"og_article_tags":null,"twitter_use_og":false,"twitter_card":"default","twitter_image_type":"default","twitter_image_url":null,"twitter_image_custom_url":null,"twitter_image_custom_fields":null,"twitter_title":null,"twitter_description":null,"schema":{"blockGraphs":[],"customGraphs":[],"default":{"data":{"Article":[],"Course":[],"Dataset":[],"FAQPage":[],"Movie":[],"Person":[],"Product":[],"ProductReview":[],"Car":[],"Recipe":[],"Service":[],"SoftwareApplication":[],"WebPage":[]},"graphName":"Article","isEnabled":true},"graphs":[]},"schema_type":"default","schema_type_options":null,"pillar_content":false,"robots_default":true,"robots_noindex":false,"robots_noarchive":false,"robots_nosnippet":false,"robots_nofollow":false,"robots_noimageindex":false,"robots_noodp":false,"robots_notranslate":false,"robots_max_snippet":"-1","robots_max_videopreview":"-1","robots_max_imagepreview":"large","priority":null,"frequency":"default","location":null,"local_seo":null,"seo_analyzer_scan_date":"2025-09-03 07:58:28","breadcrumb_settings":null,"limit_modified_date":false,"reviewed_by":null,"open_ai":"{\"title\":{\"suggestions\":[],\"usage\":0},\"description\":{\"suggestions\":[],\"usage\":0}}","ai":null,"created":"2024-11-01 14:35:08","updated":"2025-09-03 07:58:28"},"aioseo_breadcrumb":"<div class=\"aioseo-breadcrumbs\"><span class=\"aioseo-breadcrumb\">\n\t<a href=\"https:\/\/candas365.es\/noticias\" title=\"Home\">Home<\/a>\n<\/span><span class=\"aioseo-breadcrumb-separator\">&ndash;<\/span><span class=\"aioseo-breadcrumb\">\n\t<a href=\"https:\/\/candas365.es\/noticias\/category\/economia\/\" title=\"Econom\u00eda\">Econom\u00eda<\/a>\n<\/span><span class=\"aioseo-breadcrumb-separator\">&ndash;<\/span><span class=\"aioseo-breadcrumb\">\n\tEl precio de la luz subir\u00e1 el 2 de noviembre en Espa\u00f1a\n<\/span><\/div>","aioseo_breadcrumb_json":[{"label":"Home","link":"https:\/\/candas365.es\/noticias"},{"label":"Econom\u00eda","link":"https:\/\/candas365.es\/noticias\/category\/economia\/"},{"label":"El precio de la luz subir\u00e1 el 2 de noviembre en Espa\u00f1a","link":"https:\/\/candas365.es\/noticias\/el-precio-de-la-luz-subira-el-2-de-noviembre-en-espana\/"}],"_links":{"self":[{"href":"https:\/\/candas365.es\/noticias\/wp-json\/wp\/v2\/posts\/183923","targetHints":{"allow":["GET"]}}],"collection":[{"href":"https:\/\/candas365.es\/noticias\/wp-json\/wp\/v2\/posts"}],"about":[{"href":"https:\/\/candas365.es\/noticias\/wp-json\/wp\/v2\/types\/post"}],"author":[{"embeddable":true,"href":"https:\/\/candas365.es\/noticias\/wp-json\/wp\/v2\/users\/1"}],"replies":[{"embeddable":true,"href":"https:\/\/candas365.es\/noticias\/wp-json\/wp\/v2\/comments?post=183923"}],"version-history":[{"count":0,"href":"https:\/\/candas365.es\/noticias\/wp-json\/wp\/v2\/posts\/183923\/revisions"}],"wp:featuredmedia":[{"embeddable":true,"href":"https:\/\/candas365.es\/noticias\/wp-json\/wp\/v2\/media\/179804"}],"wp:attachment":[{"href":"https:\/\/candas365.es\/noticias\/wp-json\/wp\/v2\/media?parent=183923"}],"wp:term":[{"taxonomy":"category","embeddable":true,"href":"https:\/\/candas365.es\/noticias\/wp-json\/wp\/v2\/categories?post=183923"},{"taxonomy":"post_tag","embeddable":true,"href":"https:\/\/candas365.es\/noticias\/wp-json\/wp\/v2\/tags?post=183923"}],"curies":[{"name":"wp","href":"https:\/\/api.w.org\/{rel}","templated":true}]}}