{"id":183908,"date":"2024-10-31T07:11:32","date_gmt":"2024-10-31T06:11:32","guid":{"rendered":"https:\/\/candas365.es\/noticias\/?p=183908"},"modified":"2024-10-31T07:12:26","modified_gmt":"2024-10-31T06:12:26","slug":"la-tarta-de-cumpleanos-perfecta","status":"publish","type":"post","link":"https:\/\/candas365.es\/noticias\/la-tarta-de-cumpleanos-perfecta\/","title":{"rendered":"La tarta de cumplea\u00f1os perfecta"},"content":{"rendered":"<p>En la vida siempre hay un d\u00eda, deseo y fecha especial para muchas personas; el <strong>cumplea\u00f1os y nunca puede faltar una tarta <\/strong>ya sea para un familiar, la pareja, un compa\u00f1ero de trabajo o para los m\u00e1s peque\u00f1os de la casa. <strong><a title=\"Tartas Online\" href=\"https:\/\/oohlalabistro.com\" target=\"_blank\" rel=\"noopener\"><span style=\"color: #ff6600;\">Tartas Online<\/span><\/a> son una excelente elecci\u00f3n para poner sabor y buenos recuerdos a esos d\u00edas especiales en los que se desea celebrar la vida con los dem\u00e1s.<\/strong><\/p>\n<p><img fetchpriority=\"high\" decoding=\"async\" class=\"aligncenter size-full wp-image-183909\" src=\"https:\/\/candas365.es\/noticias\/wp-content\/uploads\/2024\/10\/La-tarta-de-cumpleanos-perfecta.jpg\" alt=\"La tarta de cumplea\u00f1os perfecta\" width=\"640\" height=\"427\" srcset=\"https:\/\/candas365.es\/noticias\/wp-content\/uploads\/2024\/10\/La-tarta-de-cumpleanos-perfecta.jpg 640w, https:\/\/candas365.es\/noticias\/wp-content\/uploads\/2024\/10\/La-tarta-de-cumpleanos-perfecta-360x240.jpg 360w, https:\/\/candas365.es\/noticias\/wp-content\/uploads\/2024\/10\/La-tarta-de-cumpleanos-perfecta-150x100.jpg 150w, https:\/\/candas365.es\/noticias\/wp-content\/uploads\/2024\/10\/La-tarta-de-cumpleanos-perfecta-450x300.jpg 450w\" sizes=\"(max-width: 640px) 100vw, 640px\" \/><\/p>\n<p>No hay duda de que las<strong> tartas de cumplea\u00f1os<\/strong> son mucho m\u00e1s que un simple postre; son el centro de una celebraci\u00f3n, un s\u00edmbolo de alegr\u00eda y buenos deseos.<strong> Hoy en d\u00eda puedes comprarlas de manera online accediendo a oohlalabistro.com<\/strong>, en su sitio web podr\u00e1s descubrir sus propuestas y sabores, y adem\u00e1s tambi\u00e9n podr\u00e1s ver y probar nuevos productos que se pueden comer en cualquier d\u00eda del a\u00f1o, pues lo importante es poner siempre sabor y felicidad a una comida con amigos, cena en pareja o una tarde en familia.<\/p>\n<h2>Tartas de cumplea\u00f1os<\/h2>\n<p><strong>Las tartas han ido evolucionando<\/strong> con el paso de los a\u00f1os, y hoy en d\u00eda hay propuestas para todas las personas, lo m\u00e1s importante es elegir siempre sabores que sean del agrado del protagonista del d\u00eda y tambi\u00e9n se pueden combinar con otras tartas para aquellos que quieran probar y disfrutar de otras variedades. <strong>Disfrutar de m\u00e1s de una propuesta puede ser un buen plan.<\/strong><\/p>\n<p>Para los amantes de lo tradicional, una tarta de vainilla o chocolate es siempre una elecci\u00f3n segura. Sin embargo, puedes darles un giro con r<strong>ellenos innovadore<\/strong>s como crema de avellanas, ganache de chocolate blanco o un refrescante toque de frutas del bosque. La decoraci\u00f3n tambi\u00e9n puede ser m\u00e1s creativa, <strong>hoy en d\u00eda son muchas las personas que eligen un glaseado metalizado o detalles en fondant de colores.<\/strong><\/p>\n<p>Las tartas de frutas tambi\u00e9n son una apuesta fresca y deliciosa. Se pueden realizar combinaciones como mango y maracuy\u00e1 para disfrutar de un sabor tropical o manzana y canela para un sabor hogare\u00f1o y reconfortante. <strong>Y no podemos olvidarnos de la tarta de lim\u00f3n. Todas ellas ser\u00e1n ideales para ese d\u00eda y momento especial.<\/strong><\/p>\n<h2>Chocolate y nuevas propuestas<\/h2>\n<p><strong>Para los verdaderos amantes del chocolate<\/strong>, una tarta de triple chocolate con diferentes texturas es otra opci\u00f3n a la hora de elegir y comprar una deliciosa tarta de chocolate, y para los que quieran experimentar con tartas que mezclen texturas diferentes, una de las recomendaciones de los expertos es probar tartas con una base crujiente de galleta, un suave relleno de mousse y un top de gelatina de frutas. Las tartas de mousse de cappuccino con un toque de licor y un crujiente de cacao tambi\u00e9n est\u00e1n deliciosas.<\/p>\n<p>Cada vez m\u00e1s personas buscan opciones que se adapten a necesidades diet\u00e9ticas espec\u00edficas. Las tartas sin gluten elaboradas con harina de almendra o coco pueden ser igual de deliciosas. Para una opci\u00f3n vegana son muchas las personas que eligen una tarta de zanahoria que use pur\u00e9 de manzana como sustituto del huevo y leche de almendras en lugar de l\u00e1cteos.<\/p>\n<h2>Conf\u00eda en profesionales<\/h2>\n<p><strong>Accediendo al sitio web que te hemos mencionado podr\u00e1s realizar tus pedidos, dejarte asesorar y probar tartas de gran calidad<\/strong> y con mucho sabor, propuestas nuevas o las que son parte de tu vida, pues tambi\u00e9n hay momentos en los que a muchas personas les gusta que llegue el d\u00eda del cumplea\u00f1os para volver a llevarse a la boca su tarta ideal.<\/p>\n<p>Tartas de siempre elaboradas con los mejores ingredientes y todo a tu alcance en la tienda online de <strong>oohlalabistro.com<\/strong>. <strong>\u00bfGanas de celebrar momentos y disfrutar de buenos sabores? No lo dudes y disfruta de los peque\u00f1os y tan importantes placeres de la vida.<\/strong><\/p>\n","protected":false},"excerpt":{"rendered":"<p>En la vida siempre hay un d\u00eda, deseo y fecha especial para muchas personas; el cumplea\u00f1os y nunca puede faltar una tarta ya sea para un familiar, la pareja, un compa\u00f1ero de trabajo o para los m\u00e1s peque\u00f1os de la casa. Tartas Online son una excelente elecci\u00f3n para poner sabor y buenos recuerdos a esos<\/p>\n","protected":false},"author":1,"featured_media":183909,"comment_status":"closed","ping_status":"closed","sticky":false,"template":"","format":"standard","meta":{"footnotes":""},"categories":[142],"tags":[452],"class_list":{"0":"post-183908","1":"post","2":"type-post","3":"status-publish","4":"format-standard","5":"has-post-thumbnail","7":"category-revista","8":"tag-gastronomia"},"aioseo_notices":[],"aioseo_head":"\n\t\t<!-- All in One SEO Pro 4.9.6.2 - aioseo.com -->\n\t<meta name=\"description\" content=\"En la vida siempre hay un d\u00eda, deseo y fecha especial para muchas personas; el cumplea\u00f1os y nunca puede faltar una tarta ya sea para un familiar, la pareja,\" \/>\n\t<meta name=\"robots\" content=\"max-image-preview:large\" \/>\n\t<meta name=\"author\" content=\"Cand\u00e1s 365\"\/>\n\t<meta name=\"google-site-verification\" content=\"UA-32230408-1\" \/>\n\t<meta name=\"msvalidate.01\" content=\"354F3CDFB2DA171B47FBE9ABF1F88D5\" \/>\n\t<meta name=\"keywords\" content=\"revista\" \/>\n\t<link rel=\"canonical\" href=\"https:\/\/candas365.es\/noticias\/la-tarta-de-cumpleanos-perfecta\/\" \/>\n\t<meta name=\"generator\" content=\"All in One SEO Pro (AIOSEO) 4.9.6.2\" \/>\n\t\t<meta property=\"og:locale\" content=\"es_ES\" \/>\n\t\t<meta property=\"og:site_name\" content=\"Cand\u00e1s 365\" \/>\n\t\t<meta property=\"og:type\" content=\"article\" \/>\n\t\t<meta property=\"og:title\" content=\"La tarta de cumplea\u00f1os perfecta | Cand\u00e1s 365\" \/>\n\t\t<meta property=\"og:description\" content=\"En la vida siempre hay un d\u00eda, deseo y fecha especial para muchas personas; el cumplea\u00f1os y nunca puede faltar una tarta ya sea para un familiar, la pareja,\" \/>\n\t\t<meta property=\"og:url\" content=\"https:\/\/candas365.es\/noticias\/la-tarta-de-cumpleanos-perfecta\/\" \/>\n\t\t<meta property=\"og:image\" content=\"https:\/\/candas365.es\/noticias\/wp-content\/uploads\/2024\/10\/La-tarta-de-cumpleanos-perfecta.jpg\" \/>\n\t\t<meta property=\"og:image:secure_url\" content=\"https:\/\/candas365.es\/noticias\/wp-content\/uploads\/2024\/10\/La-tarta-de-cumpleanos-perfecta.jpg\" \/>\n\t\t<meta property=\"og:image:width\" content=\"640\" \/>\n\t\t<meta property=\"og:image:height\" content=\"427\" \/>\n\t\t<meta property=\"article:published_time\" content=\"2024-10-31T06:11:32+00:00\" \/>\n\t\t<meta property=\"article:modified_time\" content=\"2024-10-31T06:12:26+00:00\" \/>\n\t\t<meta property=\"article:publisher\" content=\"https:\/\/www.facebook.com\/Nachofdezber\" \/>\n\t\t<meta property=\"article:author\" content=\"https:\/\/www.facebook.com\/carrenoactualidad\" \/>\n\t\t<meta name=\"twitter:card\" content=\"summary_large_image\" \/>\n\t\t<meta name=\"twitter:site\" content=\"@NabercoDigital\" \/>\n\t\t<meta name=\"twitter:title\" content=\"La tarta de cumplea\u00f1os perfecta | Cand\u00e1s 365\" \/>\n\t\t<meta name=\"twitter:description\" content=\"En la vida siempre hay un d\u00eda, deseo y fecha especial para muchas personas; el cumplea\u00f1os y nunca puede faltar una tarta ya sea para un familiar, la pareja,\" \/>\n\t\t<meta name=\"twitter:creator\" content=\"@nbasturias\" \/>\n\t\t<meta name=\"twitter:image\" content=\"https:\/\/candas365.es\/noticias\/wp-content\/uploads\/2024\/10\/La-tarta-de-cumpleanos-perfecta.jpg\" \/>\n\t\t<meta name=\"twitter:label1\" content=\"Escrito por\" \/>\n\t\t<meta name=\"twitter:data1\" content=\"Cand\u00e1s 365\" \/>\n\t\t<meta name=\"twitter:label2\" content=\"Tiempo de lectura estimado\" \/>\n\t\t<meta name=\"twitter:data2\" content=\"3 minutos\" \/>\n\t\t<script type=\"application\/ld+json\" class=\"aioseo-schema\">\n\t\t\t{\"@context\":\"https:\\\/\\\/schema.org\",\"@graph\":[{\"@type\":\"BreadcrumbList\",\"@id\":\"https:\\\/\\\/candas365.es\\\/noticias\\\/la-tarta-de-cumpleanos-perfecta\\\/#breadcrumblist\",\"itemListElement\":[{\"@type\":\"ListItem\",\"@id\":\"https:\\\/\\\/candas365.es\\\/noticias#listItem\",\"position\":1,\"name\":\"Home\",\"item\":\"https:\\\/\\\/candas365.es\\\/noticias\",\"nextItem\":{\"@type\":\"ListItem\",\"@id\":\"https:\\\/\\\/candas365.es\\\/noticias\\\/category\\\/revista\\\/#listItem\",\"name\":\"Revista\"}},{\"@type\":\"ListItem\",\"@id\":\"https:\\\/\\\/candas365.es\\\/noticias\\\/category\\\/revista\\\/#listItem\",\"position\":2,\"name\":\"Revista\",\"item\":\"https:\\\/\\\/candas365.es\\\/noticias\\\/category\\\/revista\\\/\",\"nextItem\":{\"@type\":\"ListItem\",\"@id\":\"https:\\\/\\\/candas365.es\\\/noticias\\\/la-tarta-de-cumpleanos-perfecta\\\/#listItem\",\"name\":\"La tarta de cumplea\\u00f1os perfecta\"},\"previousItem\":{\"@type\":\"ListItem\",\"@id\":\"https:\\\/\\\/candas365.es\\\/noticias#listItem\",\"name\":\"Home\"}},{\"@type\":\"ListItem\",\"@id\":\"https:\\\/\\\/candas365.es\\\/noticias\\\/la-tarta-de-cumpleanos-perfecta\\\/#listItem\",\"position\":3,\"name\":\"La tarta de cumplea\\u00f1os perfecta\",\"previousItem\":{\"@type\":\"ListItem\",\"@id\":\"https:\\\/\\\/candas365.es\\\/noticias\\\/category\\\/revista\\\/#listItem\",\"name\":\"Revista\"}}]},{\"@type\":\"NewsArticle\",\"@id\":\"https:\\\/\\\/candas365.es\\\/noticias\\\/la-tarta-de-cumpleanos-perfecta\\\/#newsarticle\",\"name\":\"La tarta de cumplea\\u00f1os perfecta | Cand\\u00e1s 365\",\"headline\":\"La tarta de cumplea\\u00f1os perfecta\",\"author\":{\"@id\":\"https:\\\/\\\/candas365.es\\\/noticias\\\/author\\\/admin\\\/#author\"},\"publisher\":{\"@id\":\"https:\\\/\\\/candas365.es\\\/noticias\\\/#organization\"},\"image\":{\"@type\":\"ImageObject\",\"url\":\"https:\\\/\\\/candas365.es\\\/noticias\\\/wp-content\\\/uploads\\\/2024\\\/10\\\/La-tarta-de-cumpleanos-perfecta.jpg\",\"width\":640,\"height\":427,\"caption\":\"La tarta de cumplea\\u00f1os perfecta\"},\"datePublished\":\"2024-10-31T07:11:32+01:00\",\"dateModified\":\"2024-10-31T07:12:26+01:00\",\"inLanguage\":\"es-ES\",\"mainEntityOfPage\":{\"@id\":\"https:\\\/\\\/candas365.es\\\/noticias\\\/la-tarta-de-cumpleanos-perfecta\\\/#webpage\"},\"isPartOf\":{\"@id\":\"https:\\\/\\\/candas365.es\\\/noticias\\\/la-tarta-de-cumpleanos-perfecta\\\/#webpage\"},\"articleSection\":\"Revista, Gastronom\\u00eda\",\"dateline\":\"Publicado el octubre 31, 2024.\"},{\"@type\":\"Organization\",\"@id\":\"https:\\\/\\\/candas365.es\\\/noticias\\\/#organization\",\"name\":\"Cand\\u00e1s 365\",\"description\":\"Cand\\u00e1s 365 es un diario digital independiente, fundado en 2012, con base en Asturias. Informamos con rigor sobre actualidad, sociedad, cultura y ocio, con una mirada local y global.\",\"url\":\"https:\\\/\\\/candas365.es\\\/noticias\\\/\",\"email\":\"info@candas365.es\",\"telephone\":\"+34652131393\",\"foundingDate\":\"2012-06-10\",\"logo\":{\"@type\":\"ImageObject\",\"url\":\"https:\\\/\\\/candas365.es\\\/noticias\\\/wp-content\\\/uploads\\\/2024\\\/09\\\/Candas-365-Redes.jpg\",\"@id\":\"https:\\\/\\\/candas365.es\\\/noticias\\\/la-tarta-de-cumpleanos-perfecta\\\/#organizationLogo\",\"width\":1152,\"height\":864,\"caption\":\"Cand\\u00e1s 365 Redes\"},\"image\":{\"@id\":\"https:\\\/\\\/candas365.es\\\/noticias\\\/la-tarta-de-cumpleanos-perfecta\\\/#organizationLogo\"},\"sameAs\":[\"https:\\\/\\\/www.facebook.com\\\/Nachofdezber\",\"https:\\\/\\\/x.com\\\/NabercoDigital\",\"https:\\\/\\\/www.instagram.com\\\/nachofdezber\\\/\",\"https:\\\/\\\/www.youtube.com\\\/channel\\\/UCZP-2wLEB9Rv6erhFmqVnvg\"],\"address\":{\"@id\":\"https:\\\/\\\/candas365.es\\\/noticias\\\/#postaladdress\",\"@type\":\"PostalAddress\",\"streetAddress\":\"san antonio 4, san antonio 4\",\"postalCode\":\"33430\",\"addressLocality\":\"Cand\\u00e1s\",\"addressRegion\":\"Asturias\",\"addressCountry\":\"ES\"}},{\"@type\":\"Person\",\"@id\":\"https:\\\/\\\/candas365.es\\\/noticias\\\/author\\\/admin\\\/#author\",\"url\":\"https:\\\/\\\/candas365.es\\\/noticias\\\/author\\\/admin\\\/\",\"name\":\"Cand\\u00e1s 365\",\"image\":{\"@type\":\"ImageObject\",\"@id\":\"https:\\\/\\\/candas365.es\\\/noticias\\\/la-tarta-de-cumpleanos-perfecta\\\/#authorImage\",\"url\":\"https:\\\/\\\/secure.gravatar.com\\\/avatar\\\/496a8e03d0c493ede1718b7934145dbdf8d89be1036b0eec9544e1094c9de390?s=96&d=mm&r=g\",\"width\":96,\"height\":96,\"caption\":\"Cand\\u00e1s 365\"},\"sameAs\":[\"https:\\\/\\\/www.facebook.com\\\/carrenoactualidad\",\"https:\\\/\\\/twitter.com\\\/nbasturias\",\"https:\\\/\\\/www.instagram.com\\\/nachofdezber\\\/\",\"https:\\\/\\\/www.youtube.com\\\/channel\\\/UCZP-2wLEB9Rv6erhFmqVnvg\"]},{\"@type\":\"WebPage\",\"@id\":\"https:\\\/\\\/candas365.es\\\/noticias\\\/la-tarta-de-cumpleanos-perfecta\\\/#webpage\",\"url\":\"https:\\\/\\\/candas365.es\\\/noticias\\\/la-tarta-de-cumpleanos-perfecta\\\/\",\"name\":\"La tarta de cumplea\\u00f1os perfecta | Cand\\u00e1s 365\",\"description\":\"En la vida siempre hay un d\\u00eda, deseo y fecha especial para muchas personas; el cumplea\\u00f1os y nunca puede faltar una tarta ya sea para un familiar, la pareja,\",\"inLanguage\":\"es-ES\",\"isPartOf\":{\"@id\":\"https:\\\/\\\/candas365.es\\\/noticias\\\/#website\"},\"breadcrumb\":{\"@id\":\"https:\\\/\\\/candas365.es\\\/noticias\\\/la-tarta-de-cumpleanos-perfecta\\\/#breadcrumblist\"},\"author\":{\"@id\":\"https:\\\/\\\/candas365.es\\\/noticias\\\/author\\\/admin\\\/#author\"},\"creator\":{\"@id\":\"https:\\\/\\\/candas365.es\\\/noticias\\\/author\\\/admin\\\/#author\"},\"image\":{\"@type\":\"ImageObject\",\"url\":\"https:\\\/\\\/candas365.es\\\/noticias\\\/wp-content\\\/uploads\\\/2024\\\/10\\\/La-tarta-de-cumpleanos-perfecta.jpg\",\"@id\":\"https:\\\/\\\/candas365.es\\\/noticias\\\/la-tarta-de-cumpleanos-perfecta\\\/#mainImage\",\"width\":640,\"height\":427,\"caption\":\"La tarta de cumplea\\u00f1os perfecta\"},\"primaryImageOfPage\":{\"@id\":\"https:\\\/\\\/candas365.es\\\/noticias\\\/la-tarta-de-cumpleanos-perfecta\\\/#mainImage\"},\"datePublished\":\"2024-10-31T07:11:32+01:00\",\"dateModified\":\"2024-10-31T07:12:26+01:00\"},{\"@type\":\"WebSite\",\"@id\":\"https:\\\/\\\/candas365.es\\\/noticias\\\/#website\",\"url\":\"https:\\\/\\\/candas365.es\\\/noticias\\\/\",\"name\":\"Cand\\u00e1s 365\",\"alternateName\":\"Cand\\u00e1s 365 Noticias\",\"description\":\"Actualidad desde Carre\\u00f1o para el mundo\",\"inLanguage\":\"es-ES\",\"publisher\":{\"@id\":\"https:\\\/\\\/candas365.es\\\/noticias\\\/#organization\"}}]}\n\t\t<\/script>\n\t\t<!-- All in One SEO Pro -->\r\n\t\t<title>La tarta de cumplea\u00f1os perfecta | Cand\u00e1s 365<\/title>\n\n","aioseo_head_json":{"title":"La tarta de cumplea\u00f1os perfecta | Cand\u00e1s 365","description":"En la vida siempre hay un d\u00eda, deseo y fecha especial para muchas personas; el cumplea\u00f1os y nunca puede faltar una tarta ya sea para un familiar, la pareja,","canonical_url":"https:\/\/candas365.es\/noticias\/la-tarta-de-cumpleanos-perfecta\/","robots":"max-image-preview:large","keywords":"revista","webmasterTools":{"google-site-verification":"UA-32230408-1","msvalidate.01":"354F3CDFB2DA171B47FBE9ABF1F88D5","miscellaneous":""},"schema":{"@context":"https:\/\/schema.org","@graph":[{"@type":"BreadcrumbList","@id":"https:\/\/candas365.es\/noticias\/la-tarta-de-cumpleanos-perfecta\/#breadcrumblist","itemListElement":[{"@type":"ListItem","@id":"https:\/\/candas365.es\/noticias#listItem","position":1,"name":"Home","item":"https:\/\/candas365.es\/noticias","nextItem":{"@type":"ListItem","@id":"https:\/\/candas365.es\/noticias\/category\/revista\/#listItem","name":"Revista"}},{"@type":"ListItem","@id":"https:\/\/candas365.es\/noticias\/category\/revista\/#listItem","position":2,"name":"Revista","item":"https:\/\/candas365.es\/noticias\/category\/revista\/","nextItem":{"@type":"ListItem","@id":"https:\/\/candas365.es\/noticias\/la-tarta-de-cumpleanos-perfecta\/#listItem","name":"La tarta de cumplea\u00f1os perfecta"},"previousItem":{"@type":"ListItem","@id":"https:\/\/candas365.es\/noticias#listItem","name":"Home"}},{"@type":"ListItem","@id":"https:\/\/candas365.es\/noticias\/la-tarta-de-cumpleanos-perfecta\/#listItem","position":3,"name":"La tarta de cumplea\u00f1os perfecta","previousItem":{"@type":"ListItem","@id":"https:\/\/candas365.es\/noticias\/category\/revista\/#listItem","name":"Revista"}}]},{"@type":"NewsArticle","@id":"https:\/\/candas365.es\/noticias\/la-tarta-de-cumpleanos-perfecta\/#newsarticle","name":"La tarta de cumplea\u00f1os perfecta | Cand\u00e1s 365","headline":"La tarta de cumplea\u00f1os perfecta","author":{"@id":"https:\/\/candas365.es\/noticias\/author\/admin\/#author"},"publisher":{"@id":"https:\/\/candas365.es\/noticias\/#organization"},"image":{"@type":"ImageObject","url":"https:\/\/candas365.es\/noticias\/wp-content\/uploads\/2024\/10\/La-tarta-de-cumpleanos-perfecta.jpg","width":640,"height":427,"caption":"La tarta de cumplea\u00f1os perfecta"},"datePublished":"2024-10-31T07:11:32+01:00","dateModified":"2024-10-31T07:12:26+01:00","inLanguage":"es-ES","mainEntityOfPage":{"@id":"https:\/\/candas365.es\/noticias\/la-tarta-de-cumpleanos-perfecta\/#webpage"},"isPartOf":{"@id":"https:\/\/candas365.es\/noticias\/la-tarta-de-cumpleanos-perfecta\/#webpage"},"articleSection":"Revista, Gastronom\u00eda","dateline":"Publicado el octubre 31, 2024."},{"@type":"Organization","@id":"https:\/\/candas365.es\/noticias\/#organization","name":"Cand\u00e1s 365","description":"Cand\u00e1s 365 es un diario digital independiente, fundado en 2012, con base en Asturias. Informamos con rigor sobre actualidad, sociedad, cultura y ocio, con una mirada local y global.","url":"https:\/\/candas365.es\/noticias\/","email":"info@candas365.es","telephone":"+34652131393","foundingDate":"2012-06-10","logo":{"@type":"ImageObject","url":"https:\/\/candas365.es\/noticias\/wp-content\/uploads\/2024\/09\/Candas-365-Redes.jpg","@id":"https:\/\/candas365.es\/noticias\/la-tarta-de-cumpleanos-perfecta\/#organizationLogo","width":1152,"height":864,"caption":"Cand\u00e1s 365 Redes"},"image":{"@id":"https:\/\/candas365.es\/noticias\/la-tarta-de-cumpleanos-perfecta\/#organizationLogo"},"sameAs":["https:\/\/www.facebook.com\/Nachofdezber","https:\/\/x.com\/NabercoDigital","https:\/\/www.instagram.com\/nachofdezber\/","https:\/\/www.youtube.com\/channel\/UCZP-2wLEB9Rv6erhFmqVnvg"],"address":{"@id":"https:\/\/candas365.es\/noticias\/#postaladdress","@type":"PostalAddress","streetAddress":"san antonio 4, san antonio 4","postalCode":"33430","addressLocality":"Cand\u00e1s","addressRegion":"Asturias","addressCountry":"ES"}},{"@type":"Person","@id":"https:\/\/candas365.es\/noticias\/author\/admin\/#author","url":"https:\/\/candas365.es\/noticias\/author\/admin\/","name":"Cand\u00e1s 365","image":{"@type":"ImageObject","@id":"https:\/\/candas365.es\/noticias\/la-tarta-de-cumpleanos-perfecta\/#authorImage","url":"https:\/\/secure.gravatar.com\/avatar\/496a8e03d0c493ede1718b7934145dbdf8d89be1036b0eec9544e1094c9de390?s=96&d=mm&r=g","width":96,"height":96,"caption":"Cand\u00e1s 365"},"sameAs":["https:\/\/www.facebook.com\/carrenoactualidad","https:\/\/twitter.com\/nbasturias","https:\/\/www.instagram.com\/nachofdezber\/","https:\/\/www.youtube.com\/channel\/UCZP-2wLEB9Rv6erhFmqVnvg"]},{"@type":"WebPage","@id":"https:\/\/candas365.es\/noticias\/la-tarta-de-cumpleanos-perfecta\/#webpage","url":"https:\/\/candas365.es\/noticias\/la-tarta-de-cumpleanos-perfecta\/","name":"La tarta de cumplea\u00f1os perfecta | Cand\u00e1s 365","description":"En la vida siempre hay un d\u00eda, deseo y fecha especial para muchas personas; el cumplea\u00f1os y nunca puede faltar una tarta ya sea para un familiar, la pareja,","inLanguage":"es-ES","isPartOf":{"@id":"https:\/\/candas365.es\/noticias\/#website"},"breadcrumb":{"@id":"https:\/\/candas365.es\/noticias\/la-tarta-de-cumpleanos-perfecta\/#breadcrumblist"},"author":{"@id":"https:\/\/candas365.es\/noticias\/author\/admin\/#author"},"creator":{"@id":"https:\/\/candas365.es\/noticias\/author\/admin\/#author"},"image":{"@type":"ImageObject","url":"https:\/\/candas365.es\/noticias\/wp-content\/uploads\/2024\/10\/La-tarta-de-cumpleanos-perfecta.jpg","@id":"https:\/\/candas365.es\/noticias\/la-tarta-de-cumpleanos-perfecta\/#mainImage","width":640,"height":427,"caption":"La tarta de cumplea\u00f1os perfecta"},"primaryImageOfPage":{"@id":"https:\/\/candas365.es\/noticias\/la-tarta-de-cumpleanos-perfecta\/#mainImage"},"datePublished":"2024-10-31T07:11:32+01:00","dateModified":"2024-10-31T07:12:26+01:00"},{"@type":"WebSite","@id":"https:\/\/candas365.es\/noticias\/#website","url":"https:\/\/candas365.es\/noticias\/","name":"Cand\u00e1s 365","alternateName":"Cand\u00e1s 365 Noticias","description":"Actualidad desde Carre\u00f1o para el mundo","inLanguage":"es-ES","publisher":{"@id":"https:\/\/candas365.es\/noticias\/#organization"}}]},"og:locale":"es_ES","og:site_name":"Cand\u00e1s 365","og:type":"article","og:title":"La tarta de cumplea\u00f1os perfecta | Cand\u00e1s 365","og:description":"En la vida siempre hay un d\u00eda, deseo y fecha especial para muchas personas; el cumplea\u00f1os y nunca puede faltar una tarta ya sea para un familiar, la pareja,","og:url":"https:\/\/candas365.es\/noticias\/la-tarta-de-cumpleanos-perfecta\/","og:image":"https:\/\/candas365.es\/noticias\/wp-content\/uploads\/2024\/10\/La-tarta-de-cumpleanos-perfecta.jpg","og:image:secure_url":"https:\/\/candas365.es\/noticias\/wp-content\/uploads\/2024\/10\/La-tarta-de-cumpleanos-perfecta.jpg","og:image:width":640,"og:image:height":427,"article:published_time":"2024-10-31T06:11:32+00:00","article:modified_time":"2024-10-31T06:12:26+00:00","article:publisher":"https:\/\/www.facebook.com\/Nachofdezber","article:author":"https:\/\/www.facebook.com\/carrenoactualidad","twitter:card":"summary_large_image","twitter:site":"@NabercoDigital","twitter:title":"La tarta de cumplea\u00f1os perfecta | Cand\u00e1s 365","twitter:description":"En la vida siempre hay un d\u00eda, deseo y fecha especial para muchas personas; el cumplea\u00f1os y nunca puede faltar una tarta ya sea para un familiar, la pareja,","twitter:creator":"@nbasturias","twitter:image":"https:\/\/candas365.es\/noticias\/wp-content\/uploads\/2024\/10\/La-tarta-de-cumpleanos-perfecta.jpg","twitter:label1":"Escrito por","twitter:data1":"Cand\u00e1s 365","twitter:label2":"Tiempo de lectura estimado","twitter:data2":"3 minutos"},"aioseo_meta_data":{"post_id":"183908","title":null,"description":"En la vida siempre hay un d\u00eda, deseo y fecha especial para muchas personas; el cumplea\u00f1os y nunca puede faltar una tarta ya sea para un familiar, la pareja,","keywords":null,"keyphrases":{"focus":{"keyphrase":"tarta","score":78,"analysis":{"keyphraseInTitle":{"score":9,"maxScore":9,"error":0},"keyphraseInDescription":{"score":9,"maxScore":9,"error":0},"keyphraseLength":{"score":9,"maxScore":9,"error":0,"length":1},"keyphraseInURL":{"score":5,"maxScore":5,"error":0},"keyphraseInIntroduction":{"score":9,"maxScore":9,"error":0},"keyphraseInSubHeadings":{"score":3,"maxScore":9,"error":1},"keyphraseInImageAlt":{"score":9,"maxScore":9,"error":0},"keywordDensity":{"type":"high","score":0,"maxScore":9,"error":1}}},"additional":[{"keyphrase":"tarta","score":80,"analysis":{"keyphraseInDescription":{"score":9,"maxScore":9,"error":0},"keyphraseLength":{"score":9,"maxScore":9,"error":0,"length":1},"keyphraseInIntroduction":{"score":9,"maxScore":9,"error":0},"keyphraseInImageAlt":{"score":9,"maxScore":9,"error":0},"keywordDensity":{"type":"high","score":0,"maxScore":9,"error":1}}}]},"primary_term":null,"canonical_url":null,"og_title":null,"og_description":null,"og_object_type":"default","og_image_type":"default","og_image_url":null,"og_image_width":null,"og_image_height":null,"og_image_custom_url":null,"og_image_custom_fields":null,"og_video":"","og_custom_url":null,"og_article_section":null,"og_article_tags":null,"twitter_use_og":false,"twitter_card":"default","twitter_image_type":"default","twitter_image_url":null,"twitter_image_custom_url":null,"twitter_image_custom_fields":null,"twitter_title":null,"twitter_description":null,"schema":{"blockGraphs":[],"customGraphs":[],"default":{"data":{"Article":[],"Course":[],"Dataset":[],"FAQPage":[],"Movie":[],"Person":[],"Product":[],"ProductReview":[],"Car":[],"Recipe":[],"Service":[],"SoftwareApplication":[],"WebPage":[]},"graphName":"Article","isEnabled":true},"graphs":[]},"schema_type":"default","schema_type_options":null,"pillar_content":false,"robots_default":true,"robots_noindex":false,"robots_noarchive":false,"robots_nosnippet":false,"robots_nofollow":false,"robots_noimageindex":false,"robots_noodp":false,"robots_notranslate":false,"robots_max_snippet":"-1","robots_max_videopreview":"-1","robots_max_imagepreview":"large","priority":null,"frequency":"default","location":null,"local_seo":null,"seo_analyzer_scan_date":"2025-09-03 07:56:22","breadcrumb_settings":null,"limit_modified_date":false,"reviewed_by":null,"open_ai":"{\"title\":{\"suggestions\":[],\"usage\":0},\"description\":{\"suggestions\":[],\"usage\":0}}","ai":null,"created":"2024-10-31 06:03:13","updated":"2025-09-03 07:56:22"},"aioseo_breadcrumb":"<div class=\"aioseo-breadcrumbs\"><span class=\"aioseo-breadcrumb\">\n\t<a href=\"https:\/\/candas365.es\/noticias\" title=\"Home\">Home<\/a>\n<\/span><span class=\"aioseo-breadcrumb-separator\">&ndash;<\/span><span class=\"aioseo-breadcrumb\">\n\t<a href=\"https:\/\/candas365.es\/noticias\/category\/revista\/\" title=\"Revista\">Revista<\/a>\n<\/span><span class=\"aioseo-breadcrumb-separator\">&ndash;<\/span><span class=\"aioseo-breadcrumb\">\n\tLa tarta de cumplea\u00f1os perfecta\n<\/span><\/div>","aioseo_breadcrumb_json":[{"label":"Home","link":"https:\/\/candas365.es\/noticias"},{"label":"Revista","link":"https:\/\/candas365.es\/noticias\/category\/revista\/"},{"label":"La tarta de cumplea\u00f1os perfecta","link":"https:\/\/candas365.es\/noticias\/la-tarta-de-cumpleanos-perfecta\/"}],"_links":{"self":[{"href":"https:\/\/candas365.es\/noticias\/wp-json\/wp\/v2\/posts\/183908","targetHints":{"allow":["GET"]}}],"collection":[{"href":"https:\/\/candas365.es\/noticias\/wp-json\/wp\/v2\/posts"}],"about":[{"href":"https:\/\/candas365.es\/noticias\/wp-json\/wp\/v2\/types\/post"}],"author":[{"embeddable":true,"href":"https:\/\/candas365.es\/noticias\/wp-json\/wp\/v2\/users\/1"}],"replies":[{"embeddable":true,"href":"https:\/\/candas365.es\/noticias\/wp-json\/wp\/v2\/comments?post=183908"}],"version-history":[{"count":0,"href":"https:\/\/candas365.es\/noticias\/wp-json\/wp\/v2\/posts\/183908\/revisions"}],"wp:featuredmedia":[{"embeddable":true,"href":"https:\/\/candas365.es\/noticias\/wp-json\/wp\/v2\/media\/183909"}],"wp:attachment":[{"href":"https:\/\/candas365.es\/noticias\/wp-json\/wp\/v2\/media?parent=183908"}],"wp:term":[{"taxonomy":"category","embeddable":true,"href":"https:\/\/candas365.es\/noticias\/wp-json\/wp\/v2\/categories?post=183908"},{"taxonomy":"post_tag","embeddable":true,"href":"https:\/\/candas365.es\/noticias\/wp-json\/wp\/v2\/tags?post=183908"}],"curies":[{"name":"wp","href":"https:\/\/api.w.org\/{rel}","templated":true}]}}