{"id":183885,"date":"2024-10-27T01:56:47","date_gmt":"2024-10-26T23:56:47","guid":{"rendered":"https:\/\/candas365.es\/noticias\/?p=183885"},"modified":"2024-10-27T01:56:47","modified_gmt":"2024-10-26T23:56:47","slug":"espana-despedira-octubre-de-2024-con-mal-tiempo","status":"publish","type":"post","link":"https:\/\/candas365.es\/noticias\/espana-despedira-octubre-de-2024-con-mal-tiempo\/","title":{"rendered":"Espa\u00f1a despedir\u00e1 octubre de 2024 con mal tiempo"},"content":{"rendered":"<p>Espa\u00f1a despedir\u00e1 el mes de octubre de 2024 con <a href=\"https:\/\/candas365.es\/noticias\/category\/el-tiempo\/\"><span style=\"color: #ff6600;\"><strong>mal tiempo<\/strong><\/span><\/a>, pues <a href=\"https:\/\/www.aemet.es\/\" target=\"_blank\" rel=\"noopener\"><span style=\"color: #ff6600;\"><strong>AEMET<\/strong><\/span><\/a> informa en su previsi\u00f3n de lluvias generalizadas por una DANA que afectar\u00e1 al pa\u00eds durante \u201cbuena parte\u201d de la semana.<\/p>\n<figure id=\"attachment_183886\" aria-describedby=\"caption-attachment-183886\" style=\"width: 650px\" class=\"wp-caption aligncenter\"><img fetchpriority=\"high\" decoding=\"async\" class=\"size-large wp-image-183886\" src=\"https:\/\/candas365.es\/noticias\/wp-content\/uploads\/2024\/10\/Mal-tiempo-Espana-650x425.jpg\" alt=\"Mal tiempo Espa\u00f1a\" width=\"650\" height=\"425\" srcset=\"https:\/\/candas365.es\/noticias\/wp-content\/uploads\/2024\/10\/Mal-tiempo-Espana-650x425.jpg 650w, https:\/\/candas365.es\/noticias\/wp-content\/uploads\/2024\/10\/Mal-tiempo-Espana-360x235.jpg 360w, https:\/\/candas365.es\/noticias\/wp-content\/uploads\/2024\/10\/Mal-tiempo-Espana-768x502.jpg 768w, https:\/\/candas365.es\/noticias\/wp-content\/uploads\/2024\/10\/Mal-tiempo-Espana-150x98.jpg 150w, https:\/\/candas365.es\/noticias\/wp-content\/uploads\/2024\/10\/Mal-tiempo-Espana-450x294.jpg 450w, https:\/\/candas365.es\/noticias\/wp-content\/uploads\/2024\/10\/Mal-tiempo-Espana.jpg 847w\" sizes=\"(max-width: 650px) 100vw, 650px\" \/><figcaption id=\"caption-attachment-183886\" class=\"wp-caption-text\">Una mujer de espaldas con un paraguas en una calle con lluvia | Foto de Servimedia<\/figcaption><\/figure>\n<p>Una DANA (depresi\u00f3n aislada en niveles altos) se situar\u00e1 sobre la Pen\u00ednsula durante las pr\u00f3ximas horas y se prev\u00e9 que afecte al pa\u00eds durante \u201cbuena parte\u201d de la pr\u00f3xima semana. Como consecuencia, se esperan precipitaciones generalizadas en la pen\u00ednsula y Baleares, con \u201cmayor probabilidad e intensidad\u201d en la vertiente mediterr\u00e1nea, donde no se descarta que pueda haber lluvias torrenciales.<\/p>\n<p>Seg\u00fan la predicci\u00f3n de la Agencia Estatal de Meteorolog\u00eda (Aemet), durante este fin de semana la DANA se mantendr\u00e1 \u201cpr\u00e1cticamente estacionaria\u201d sobre el interior peninsular y se esperan chubascos en \u201camplias\u201d zonas de la pen\u00ednsula y Baleares, que, \u201cen general\u201d, ser\u00e1n de intensidad \u201cmoderada\u201d pero que podr\u00edan ser \u201clocalmente fuertes\u201d y con tormenta \u201cm\u00e1s probables\u201d en Baleares, sierras del oeste de Andaluc\u00eda, Cant\u00e1brico, Alto Ebro y sistema Ib\u00e9rico.<\/p>\n<p>A partir del lunes, comenzar\u00e1 la \u201cparte m\u00e1s adversa\u201d del episodio y es \u201cprobable\u201d que la DANA se desplace hacia el suroeste hasta situarse en las cercan\u00edas del golfo de C\u00e1diz, donde podr\u00eda permanecer con \u201cligeros desplazamientos\u201d durante \u201cbuena parte de la semana\u201d, seg\u00fan precis\u00f3 la Aemet, para, a continuaci\u00f3n, subrayar que, al mismo tiempo, en el Mediterr\u00e1neo se establecer\u00e1 un viento de levante que se \u201cintensificar\u00e1\u201d el martes, favoreciendo la llegada de \u201cgran cantidad de humedad\u201d al este peninsular.<\/p>\n<p>\u201cSe esperan chubascos muy fuertes sin poder descartar, a d\u00eda de hoy, que alcancen localmente intensidad torrencial, adem\u00e1s de ser persistentes e ir acompa\u00f1ados de rachas de viento muy fuertes\u201d, abund\u00f3, al tiempo que indic\u00f3 que todav\u00eda existe \u201cgran incertidumbre\u201d sobre la localizaci\u00f3n \u201cexacta\u201d de los mayores acumulados.<\/p>\n<h2>EL PEOR D\u00cdA, EL MARTES<\/h2>\n<p>El lunes, lo \u201cm\u00e1s probable\u201d es que los m\u00e1ximos se alcancen en el Mediterr\u00e1neo en Catalu\u00f1a y Castell\u00f3n, as\u00ed como en el Estrecho y, desde la tarde, tambi\u00e9n en el sureste peninsular, mientras el martes, d\u00eda en el que se esperan los mayores acumulados de todo el episodio, la \u201cmayor probabilidad\u201d de estas precipitaciones intensas se extender\u00edan hasta el centro peninsular y este de la meseta sur e, incluso con mayores acumulados, a Albor\u00e1n y Mediterr\u00e1neo peninsular, menos probables en Barcelona y Girona.<\/p>\n<p>Por su parte, el mi\u00e9rcoles las zonas \u201cm\u00e1s probables\u201d donde se puedan registrar precipitaciones localmente \u201cmuy fuertes y persistentes\u201d ser\u00edan el oeste de Albor\u00e1n, Estrecho y bajo Guadalquivir, as\u00ed como el cuadrante nordeste. Las vertientes cant\u00e1brica y atl\u00e1ntica, con excepci\u00f3n del cuadrante suroeste peninsular, y Baleares, tendr\u00edan \u201cmucha menor afectaci\u00f3n\u201d estos d\u00edas.<\/p>\n<p>Durante el jueves, la DANA seguir\u00e1 afectando al territorio, pero, seg\u00fan la Aemet, \u201csurgen m\u00faltiples escenarios sobre su ubicaci\u00f3n y, en consecuencia, aumenta la incertidumbre sobre las zonas afectadas\u201d. \u201cEs posible que contin\u00faen d\u00e1ndose chubascos y tormentas fuertes en amplias zonas de nuestro territorio, m\u00e1s probables en el cuadrante suroeste y mar Balear\u201d, agreg\u00f3, al tiempo que se\u00f1al\u00f3 que el episodio continuar\u00e1 \u00abcomo m\u00ednimo\u201d hasta el jueves, si bien algunos escenarios lo \u00abprorrogan\u00bb hasta el s\u00e1bado 2 de noviembre.<\/p>\n<p>La Aemet actualizar\u00e1 esta informaci\u00f3n este domingo y recomienda un \u201cseguimiento detallado y actualizado de esta situaci\u00f3n\u201d a trav\u00e9s de sus predicciones y avisos de fen\u00f3menos meteorol\u00f3gicos adversos en su web.<\/p>\n<p>(<a href=\"https:\/\/www.servimedia.es\/\" target=\"_blank\" rel=\"noopener\"><span style=\"color: #ff6600;\"><strong>SERVIMEDIA<\/strong><\/span><\/a>)<\/p>\n","protected":false},"excerpt":{"rendered":"<p>Espa\u00f1a despedir\u00e1 el mes de octubre de 2024 con mal tiempo, pues AEMET informa en su previsi\u00f3n de lluvias generalizadas por una DANA que afectar\u00e1 al pa\u00eds durante \u201cbuena parte\u201d de la semana. Una DANA (depresi\u00f3n aislada en niveles altos) se situar\u00e1 sobre la Pen\u00ednsula durante las pr\u00f3ximas horas y se prev\u00e9 que afecte al<\/p>\n","protected":false},"author":1,"featured_media":183886,"comment_status":"closed","ping_status":"closed","sticky":false,"template":"","format":"standard","meta":{"footnotes":""},"categories":[358],"tags":[429],"class_list":{"0":"post-183885","1":"post","2":"type-post","3":"status-publish","4":"format-standard","5":"has-post-thumbnail","7":"category-el-tiempo","8":"tag-el-tiempo"},"aioseo_notices":[],"aioseo_head":"\n\t\t<!-- All in One SEO Pro 4.9.6.2 - aioseo.com -->\n\t<meta name=\"description\" content=\"Espa\u00f1a despedir\u00e1 el mes de octubre de 2024 con mal tiempo, pues AEMET informa en su previsi\u00f3n de lluvias generalizadas por una DANA que afectar\u00e1 al pa\u00eds durante\" \/>\n\t<meta name=\"robots\" content=\"max-image-preview:large\" \/>\n\t<meta name=\"author\" content=\"Cand\u00e1s 365\"\/>\n\t<meta name=\"google-site-verification\" content=\"UA-32230408-1\" \/>\n\t<meta name=\"msvalidate.01\" content=\"354F3CDFB2DA171B47FBE9ABF1F88D5\" \/>\n\t<meta name=\"keywords\" content=\"el tiempo\" \/>\n\t<link rel=\"canonical\" href=\"https:\/\/candas365.es\/noticias\/espana-despedira-octubre-de-2024-con-mal-tiempo\/\" \/>\n\t<meta name=\"generator\" content=\"All in One SEO Pro (AIOSEO) 4.9.6.2\" \/>\n\t\t<meta property=\"og:locale\" content=\"es_ES\" \/>\n\t\t<meta property=\"og:site_name\" content=\"Cand\u00e1s 365\" \/>\n\t\t<meta property=\"og:type\" content=\"article\" \/>\n\t\t<meta property=\"og:title\" content=\"Espa\u00f1a despedir\u00e1 octubre de 2024 con mal tiempo | Cand\u00e1s 365\" \/>\n\t\t<meta property=\"og:description\" content=\"Espa\u00f1a despedir\u00e1 el mes de octubre de 2024 con mal tiempo, pues AEMET informa en su previsi\u00f3n de lluvias generalizadas por una DANA que afectar\u00e1 al pa\u00eds durante\" \/>\n\t\t<meta property=\"og:url\" content=\"https:\/\/candas365.es\/noticias\/espana-despedira-octubre-de-2024-con-mal-tiempo\/\" \/>\n\t\t<meta property=\"og:image\" content=\"https:\/\/candas365.es\/noticias\/wp-content\/uploads\/2024\/10\/Mal-tiempo-Espana.jpg\" \/>\n\t\t<meta property=\"og:image:secure_url\" content=\"https:\/\/candas365.es\/noticias\/wp-content\/uploads\/2024\/10\/Mal-tiempo-Espana.jpg\" \/>\n\t\t<meta property=\"og:image:width\" content=\"847\" \/>\n\t\t<meta property=\"og:image:height\" content=\"554\" \/>\n\t\t<meta property=\"article:published_time\" content=\"2024-10-26T23:56:47+00:00\" \/>\n\t\t<meta property=\"article:modified_time\" content=\"2024-10-26T23:56:47+00:00\" \/>\n\t\t<meta property=\"article:publisher\" content=\"https:\/\/www.facebook.com\/Nachofdezber\" \/>\n\t\t<meta property=\"article:author\" content=\"https:\/\/www.facebook.com\/carrenoactualidad\" \/>\n\t\t<meta name=\"twitter:card\" content=\"summary_large_image\" \/>\n\t\t<meta name=\"twitter:site\" content=\"@NabercoDigital\" \/>\n\t\t<meta name=\"twitter:title\" content=\"Espa\u00f1a despedir\u00e1 octubre de 2024 con mal tiempo | Cand\u00e1s 365\" \/>\n\t\t<meta name=\"twitter:description\" content=\"Espa\u00f1a despedir\u00e1 el mes de octubre de 2024 con mal tiempo, pues AEMET informa en su previsi\u00f3n de lluvias generalizadas por una DANA que afectar\u00e1 al pa\u00eds durante\" \/>\n\t\t<meta name=\"twitter:creator\" content=\"@nbasturias\" \/>\n\t\t<meta name=\"twitter:image\" content=\"https:\/\/candas365.es\/noticias\/wp-content\/uploads\/2024\/10\/Mal-tiempo-Espana.jpg\" \/>\n\t\t<meta name=\"twitter:label1\" content=\"Escrito por\" \/>\n\t\t<meta name=\"twitter:data1\" content=\"Cand\u00e1s 365\" \/>\n\t\t<meta name=\"twitter:label2\" content=\"Tiempo de lectura estimado\" \/>\n\t\t<meta name=\"twitter:data2\" content=\"3 minutos\" \/>\n\t\t<script type=\"application\/ld+json\" class=\"aioseo-schema\">\n\t\t\t{\"@context\":\"https:\\\/\\\/schema.org\",\"@graph\":[{\"@type\":\"BreadcrumbList\",\"@id\":\"https:\\\/\\\/candas365.es\\\/noticias\\\/espana-despedira-octubre-de-2024-con-mal-tiempo\\\/#breadcrumblist\",\"itemListElement\":[{\"@type\":\"ListItem\",\"@id\":\"https:\\\/\\\/candas365.es\\\/noticias#listItem\",\"position\":1,\"name\":\"Home\",\"item\":\"https:\\\/\\\/candas365.es\\\/noticias\",\"nextItem\":{\"@type\":\"ListItem\",\"@id\":\"https:\\\/\\\/candas365.es\\\/noticias\\\/category\\\/el-tiempo\\\/#listItem\",\"name\":\"El tiempo\"}},{\"@type\":\"ListItem\",\"@id\":\"https:\\\/\\\/candas365.es\\\/noticias\\\/category\\\/el-tiempo\\\/#listItem\",\"position\":2,\"name\":\"El tiempo\",\"item\":\"https:\\\/\\\/candas365.es\\\/noticias\\\/category\\\/el-tiempo\\\/\",\"nextItem\":{\"@type\":\"ListItem\",\"@id\":\"https:\\\/\\\/candas365.es\\\/noticias\\\/espana-despedira-octubre-de-2024-con-mal-tiempo\\\/#listItem\",\"name\":\"Espa\\u00f1a despedir\\u00e1 octubre de 2024 con mal tiempo\"},\"previousItem\":{\"@type\":\"ListItem\",\"@id\":\"https:\\\/\\\/candas365.es\\\/noticias#listItem\",\"name\":\"Home\"}},{\"@type\":\"ListItem\",\"@id\":\"https:\\\/\\\/candas365.es\\\/noticias\\\/espana-despedira-octubre-de-2024-con-mal-tiempo\\\/#listItem\",\"position\":3,\"name\":\"Espa\\u00f1a despedir\\u00e1 octubre de 2024 con mal tiempo\",\"previousItem\":{\"@type\":\"ListItem\",\"@id\":\"https:\\\/\\\/candas365.es\\\/noticias\\\/category\\\/el-tiempo\\\/#listItem\",\"name\":\"El tiempo\"}}]},{\"@type\":\"NewsArticle\",\"@id\":\"https:\\\/\\\/candas365.es\\\/noticias\\\/espana-despedira-octubre-de-2024-con-mal-tiempo\\\/#newsarticle\",\"name\":\"Espa\\u00f1a despedir\\u00e1 octubre de 2024 con mal tiempo | Cand\\u00e1s 365\",\"headline\":\"Espa\\u00f1a despedir\\u00e1 octubre de 2024 con mal tiempo\",\"author\":{\"@id\":\"https:\\\/\\\/candas365.es\\\/noticias\\\/author\\\/admin\\\/#author\"},\"publisher\":{\"@id\":\"https:\\\/\\\/candas365.es\\\/noticias\\\/#organization\"},\"image\":{\"@type\":\"ImageObject\",\"url\":\"https:\\\/\\\/candas365.es\\\/noticias\\\/wp-content\\\/uploads\\\/2024\\\/10\\\/Mal-tiempo-Espana.jpg\",\"width\":847,\"height\":554,\"caption\":\"Una mujer de espaldas con un paraguas en una calle con lluvia | Foto de Servimedia\"},\"datePublished\":\"2024-10-27T01:56:47+02:00\",\"dateModified\":\"2024-10-27T01:56:47+02:00\",\"inLanguage\":\"es-ES\",\"mainEntityOfPage\":{\"@id\":\"https:\\\/\\\/candas365.es\\\/noticias\\\/espana-despedira-octubre-de-2024-con-mal-tiempo\\\/#webpage\"},\"isPartOf\":{\"@id\":\"https:\\\/\\\/candas365.es\\\/noticias\\\/espana-despedira-octubre-de-2024-con-mal-tiempo\\\/#webpage\"},\"articleSection\":\"El tiempo, El tiempo\",\"dateline\":\"Publicado el octubre 27, 2024.\"},{\"@type\":\"Organization\",\"@id\":\"https:\\\/\\\/candas365.es\\\/noticias\\\/#organization\",\"name\":\"Cand\\u00e1s 365\",\"description\":\"Cand\\u00e1s 365 es un diario digital independiente, fundado en 2012, con base en Asturias. Informamos con rigor sobre actualidad, sociedad, cultura y ocio, con una mirada local y global.\",\"url\":\"https:\\\/\\\/candas365.es\\\/noticias\\\/\",\"email\":\"info@candas365.es\",\"telephone\":\"+34652131393\",\"foundingDate\":\"2012-06-10\",\"logo\":{\"@type\":\"ImageObject\",\"url\":\"https:\\\/\\\/candas365.es\\\/noticias\\\/wp-content\\\/uploads\\\/2024\\\/09\\\/Candas-365-Redes.jpg\",\"@id\":\"https:\\\/\\\/candas365.es\\\/noticias\\\/espana-despedira-octubre-de-2024-con-mal-tiempo\\\/#organizationLogo\",\"width\":1152,\"height\":864,\"caption\":\"Cand\\u00e1s 365 Redes\"},\"image\":{\"@id\":\"https:\\\/\\\/candas365.es\\\/noticias\\\/espana-despedira-octubre-de-2024-con-mal-tiempo\\\/#organizationLogo\"},\"sameAs\":[\"https:\\\/\\\/www.facebook.com\\\/Nachofdezber\",\"https:\\\/\\\/x.com\\\/NabercoDigital\",\"https:\\\/\\\/www.instagram.com\\\/nachofdezber\\\/\",\"https:\\\/\\\/www.youtube.com\\\/channel\\\/UCZP-2wLEB9Rv6erhFmqVnvg\"],\"address\":{\"@id\":\"https:\\\/\\\/candas365.es\\\/noticias\\\/#postaladdress\",\"@type\":\"PostalAddress\",\"streetAddress\":\"san antonio 4, san antonio 4\",\"postalCode\":\"33430\",\"addressLocality\":\"Cand\\u00e1s\",\"addressRegion\":\"Asturias\",\"addressCountry\":\"ES\"}},{\"@type\":\"Person\",\"@id\":\"https:\\\/\\\/candas365.es\\\/noticias\\\/author\\\/admin\\\/#author\",\"url\":\"https:\\\/\\\/candas365.es\\\/noticias\\\/author\\\/admin\\\/\",\"name\":\"Cand\\u00e1s 365\",\"image\":{\"@type\":\"ImageObject\",\"@id\":\"https:\\\/\\\/candas365.es\\\/noticias\\\/espana-despedira-octubre-de-2024-con-mal-tiempo\\\/#authorImage\",\"url\":\"https:\\\/\\\/secure.gravatar.com\\\/avatar\\\/496a8e03d0c493ede1718b7934145dbdf8d89be1036b0eec9544e1094c9de390?s=96&d=mm&r=g\",\"width\":96,\"height\":96,\"caption\":\"Cand\\u00e1s 365\"},\"sameAs\":[\"https:\\\/\\\/www.facebook.com\\\/carrenoactualidad\",\"https:\\\/\\\/twitter.com\\\/nbasturias\",\"https:\\\/\\\/www.instagram.com\\\/nachofdezber\\\/\",\"https:\\\/\\\/www.youtube.com\\\/channel\\\/UCZP-2wLEB9Rv6erhFmqVnvg\"]},{\"@type\":\"WebPage\",\"@id\":\"https:\\\/\\\/candas365.es\\\/noticias\\\/espana-despedira-octubre-de-2024-con-mal-tiempo\\\/#webpage\",\"url\":\"https:\\\/\\\/candas365.es\\\/noticias\\\/espana-despedira-octubre-de-2024-con-mal-tiempo\\\/\",\"name\":\"Espa\\u00f1a despedir\\u00e1 octubre de 2024 con mal tiempo | Cand\\u00e1s 365\",\"description\":\"Espa\\u00f1a despedir\\u00e1 el mes de octubre de 2024 con mal tiempo, pues AEMET informa en su previsi\\u00f3n de lluvias generalizadas por una DANA que afectar\\u00e1 al pa\\u00eds durante\",\"inLanguage\":\"es-ES\",\"isPartOf\":{\"@id\":\"https:\\\/\\\/candas365.es\\\/noticias\\\/#website\"},\"breadcrumb\":{\"@id\":\"https:\\\/\\\/candas365.es\\\/noticias\\\/espana-despedira-octubre-de-2024-con-mal-tiempo\\\/#breadcrumblist\"},\"author\":{\"@id\":\"https:\\\/\\\/candas365.es\\\/noticias\\\/author\\\/admin\\\/#author\"},\"creator\":{\"@id\":\"https:\\\/\\\/candas365.es\\\/noticias\\\/author\\\/admin\\\/#author\"},\"image\":{\"@type\":\"ImageObject\",\"url\":\"https:\\\/\\\/candas365.es\\\/noticias\\\/wp-content\\\/uploads\\\/2024\\\/10\\\/Mal-tiempo-Espana.jpg\",\"@id\":\"https:\\\/\\\/candas365.es\\\/noticias\\\/espana-despedira-octubre-de-2024-con-mal-tiempo\\\/#mainImage\",\"width\":847,\"height\":554,\"caption\":\"Una mujer de espaldas con un paraguas en una calle con lluvia | Foto de Servimedia\"},\"primaryImageOfPage\":{\"@id\":\"https:\\\/\\\/candas365.es\\\/noticias\\\/espana-despedira-octubre-de-2024-con-mal-tiempo\\\/#mainImage\"},\"datePublished\":\"2024-10-27T01:56:47+02:00\",\"dateModified\":\"2024-10-27T01:56:47+02:00\"},{\"@type\":\"WebSite\",\"@id\":\"https:\\\/\\\/candas365.es\\\/noticias\\\/#website\",\"url\":\"https:\\\/\\\/candas365.es\\\/noticias\\\/\",\"name\":\"Cand\\u00e1s 365\",\"alternateName\":\"Cand\\u00e1s 365 Noticias\",\"description\":\"Actualidad desde Carre\\u00f1o para el mundo\",\"inLanguage\":\"es-ES\",\"publisher\":{\"@id\":\"https:\\\/\\\/candas365.es\\\/noticias\\\/#organization\"}}]}\n\t\t<\/script>\n\t\t<!-- All in One SEO Pro -->\r\n\t\t<title>Espa\u00f1a despedir\u00e1 octubre de 2024 con mal tiempo | Cand\u00e1s 365<\/title>\n\n","aioseo_head_json":{"title":"Espa\u00f1a despedir\u00e1 octubre de 2024 con mal tiempo | Cand\u00e1s 365","description":"Espa\u00f1a despedir\u00e1 el mes de octubre de 2024 con mal tiempo, pues AEMET informa en su previsi\u00f3n de lluvias generalizadas por una DANA que afectar\u00e1 al pa\u00eds durante","canonical_url":"https:\/\/candas365.es\/noticias\/espana-despedira-octubre-de-2024-con-mal-tiempo\/","robots":"max-image-preview:large","keywords":"el tiempo","webmasterTools":{"google-site-verification":"UA-32230408-1","msvalidate.01":"354F3CDFB2DA171B47FBE9ABF1F88D5","miscellaneous":""},"schema":{"@context":"https:\/\/schema.org","@graph":[{"@type":"BreadcrumbList","@id":"https:\/\/candas365.es\/noticias\/espana-despedira-octubre-de-2024-con-mal-tiempo\/#breadcrumblist","itemListElement":[{"@type":"ListItem","@id":"https:\/\/candas365.es\/noticias#listItem","position":1,"name":"Home","item":"https:\/\/candas365.es\/noticias","nextItem":{"@type":"ListItem","@id":"https:\/\/candas365.es\/noticias\/category\/el-tiempo\/#listItem","name":"El tiempo"}},{"@type":"ListItem","@id":"https:\/\/candas365.es\/noticias\/category\/el-tiempo\/#listItem","position":2,"name":"El tiempo","item":"https:\/\/candas365.es\/noticias\/category\/el-tiempo\/","nextItem":{"@type":"ListItem","@id":"https:\/\/candas365.es\/noticias\/espana-despedira-octubre-de-2024-con-mal-tiempo\/#listItem","name":"Espa\u00f1a despedir\u00e1 octubre de 2024 con mal tiempo"},"previousItem":{"@type":"ListItem","@id":"https:\/\/candas365.es\/noticias#listItem","name":"Home"}},{"@type":"ListItem","@id":"https:\/\/candas365.es\/noticias\/espana-despedira-octubre-de-2024-con-mal-tiempo\/#listItem","position":3,"name":"Espa\u00f1a despedir\u00e1 octubre de 2024 con mal tiempo","previousItem":{"@type":"ListItem","@id":"https:\/\/candas365.es\/noticias\/category\/el-tiempo\/#listItem","name":"El tiempo"}}]},{"@type":"NewsArticle","@id":"https:\/\/candas365.es\/noticias\/espana-despedira-octubre-de-2024-con-mal-tiempo\/#newsarticle","name":"Espa\u00f1a despedir\u00e1 octubre de 2024 con mal tiempo | Cand\u00e1s 365","headline":"Espa\u00f1a despedir\u00e1 octubre de 2024 con mal tiempo","author":{"@id":"https:\/\/candas365.es\/noticias\/author\/admin\/#author"},"publisher":{"@id":"https:\/\/candas365.es\/noticias\/#organization"},"image":{"@type":"ImageObject","url":"https:\/\/candas365.es\/noticias\/wp-content\/uploads\/2024\/10\/Mal-tiempo-Espana.jpg","width":847,"height":554,"caption":"Una mujer de espaldas con un paraguas en una calle con lluvia | Foto de Servimedia"},"datePublished":"2024-10-27T01:56:47+02:00","dateModified":"2024-10-27T01:56:47+02:00","inLanguage":"es-ES","mainEntityOfPage":{"@id":"https:\/\/candas365.es\/noticias\/espana-despedira-octubre-de-2024-con-mal-tiempo\/#webpage"},"isPartOf":{"@id":"https:\/\/candas365.es\/noticias\/espana-despedira-octubre-de-2024-con-mal-tiempo\/#webpage"},"articleSection":"El tiempo, El tiempo","dateline":"Publicado el octubre 27, 2024."},{"@type":"Organization","@id":"https:\/\/candas365.es\/noticias\/#organization","name":"Cand\u00e1s 365","description":"Cand\u00e1s 365 es un diario digital independiente, fundado en 2012, con base en Asturias. Informamos con rigor sobre actualidad, sociedad, cultura y ocio, con una mirada local y global.","url":"https:\/\/candas365.es\/noticias\/","email":"info@candas365.es","telephone":"+34652131393","foundingDate":"2012-06-10","logo":{"@type":"ImageObject","url":"https:\/\/candas365.es\/noticias\/wp-content\/uploads\/2024\/09\/Candas-365-Redes.jpg","@id":"https:\/\/candas365.es\/noticias\/espana-despedira-octubre-de-2024-con-mal-tiempo\/#organizationLogo","width":1152,"height":864,"caption":"Cand\u00e1s 365 Redes"},"image":{"@id":"https:\/\/candas365.es\/noticias\/espana-despedira-octubre-de-2024-con-mal-tiempo\/#organizationLogo"},"sameAs":["https:\/\/www.facebook.com\/Nachofdezber","https:\/\/x.com\/NabercoDigital","https:\/\/www.instagram.com\/nachofdezber\/","https:\/\/www.youtube.com\/channel\/UCZP-2wLEB9Rv6erhFmqVnvg"],"address":{"@id":"https:\/\/candas365.es\/noticias\/#postaladdress","@type":"PostalAddress","streetAddress":"san antonio 4, san antonio 4","postalCode":"33430","addressLocality":"Cand\u00e1s","addressRegion":"Asturias","addressCountry":"ES"}},{"@type":"Person","@id":"https:\/\/candas365.es\/noticias\/author\/admin\/#author","url":"https:\/\/candas365.es\/noticias\/author\/admin\/","name":"Cand\u00e1s 365","image":{"@type":"ImageObject","@id":"https:\/\/candas365.es\/noticias\/espana-despedira-octubre-de-2024-con-mal-tiempo\/#authorImage","url":"https:\/\/secure.gravatar.com\/avatar\/496a8e03d0c493ede1718b7934145dbdf8d89be1036b0eec9544e1094c9de390?s=96&d=mm&r=g","width":96,"height":96,"caption":"Cand\u00e1s 365"},"sameAs":["https:\/\/www.facebook.com\/carrenoactualidad","https:\/\/twitter.com\/nbasturias","https:\/\/www.instagram.com\/nachofdezber\/","https:\/\/www.youtube.com\/channel\/UCZP-2wLEB9Rv6erhFmqVnvg"]},{"@type":"WebPage","@id":"https:\/\/candas365.es\/noticias\/espana-despedira-octubre-de-2024-con-mal-tiempo\/#webpage","url":"https:\/\/candas365.es\/noticias\/espana-despedira-octubre-de-2024-con-mal-tiempo\/","name":"Espa\u00f1a despedir\u00e1 octubre de 2024 con mal tiempo | Cand\u00e1s 365","description":"Espa\u00f1a despedir\u00e1 el mes de octubre de 2024 con mal tiempo, pues AEMET informa en su previsi\u00f3n de lluvias generalizadas por una DANA que afectar\u00e1 al pa\u00eds durante","inLanguage":"es-ES","isPartOf":{"@id":"https:\/\/candas365.es\/noticias\/#website"},"breadcrumb":{"@id":"https:\/\/candas365.es\/noticias\/espana-despedira-octubre-de-2024-con-mal-tiempo\/#breadcrumblist"},"author":{"@id":"https:\/\/candas365.es\/noticias\/author\/admin\/#author"},"creator":{"@id":"https:\/\/candas365.es\/noticias\/author\/admin\/#author"},"image":{"@type":"ImageObject","url":"https:\/\/candas365.es\/noticias\/wp-content\/uploads\/2024\/10\/Mal-tiempo-Espana.jpg","@id":"https:\/\/candas365.es\/noticias\/espana-despedira-octubre-de-2024-con-mal-tiempo\/#mainImage","width":847,"height":554,"caption":"Una mujer de espaldas con un paraguas en una calle con lluvia | Foto de Servimedia"},"primaryImageOfPage":{"@id":"https:\/\/candas365.es\/noticias\/espana-despedira-octubre-de-2024-con-mal-tiempo\/#mainImage"},"datePublished":"2024-10-27T01:56:47+02:00","dateModified":"2024-10-27T01:56:47+02:00"},{"@type":"WebSite","@id":"https:\/\/candas365.es\/noticias\/#website","url":"https:\/\/candas365.es\/noticias\/","name":"Cand\u00e1s 365","alternateName":"Cand\u00e1s 365 Noticias","description":"Actualidad desde Carre\u00f1o para el mundo","inLanguage":"es-ES","publisher":{"@id":"https:\/\/candas365.es\/noticias\/#organization"}}]},"og:locale":"es_ES","og:site_name":"Cand\u00e1s 365","og:type":"article","og:title":"Espa\u00f1a despedir\u00e1 octubre de 2024 con mal tiempo | Cand\u00e1s 365","og:description":"Espa\u00f1a despedir\u00e1 el mes de octubre de 2024 con mal tiempo, pues AEMET informa en su previsi\u00f3n de lluvias generalizadas por una DANA que afectar\u00e1 al pa\u00eds durante","og:url":"https:\/\/candas365.es\/noticias\/espana-despedira-octubre-de-2024-con-mal-tiempo\/","og:image":"https:\/\/candas365.es\/noticias\/wp-content\/uploads\/2024\/10\/Mal-tiempo-Espana.jpg","og:image:secure_url":"https:\/\/candas365.es\/noticias\/wp-content\/uploads\/2024\/10\/Mal-tiempo-Espana.jpg","og:image:width":847,"og:image:height":554,"article:published_time":"2024-10-26T23:56:47+00:00","article:modified_time":"2024-10-26T23:56:47+00:00","article:publisher":"https:\/\/www.facebook.com\/Nachofdezber","article:author":"https:\/\/www.facebook.com\/carrenoactualidad","twitter:card":"summary_large_image","twitter:site":"@NabercoDigital","twitter:title":"Espa\u00f1a despedir\u00e1 octubre de 2024 con mal tiempo | Cand\u00e1s 365","twitter:description":"Espa\u00f1a despedir\u00e1 el mes de octubre de 2024 con mal tiempo, pues AEMET informa en su previsi\u00f3n de lluvias generalizadas por una DANA que afectar\u00e1 al pa\u00eds durante","twitter:creator":"@nbasturias","twitter:image":"https:\/\/candas365.es\/noticias\/wp-content\/uploads\/2024\/10\/Mal-tiempo-Espana.jpg","twitter:label1":"Escrito por","twitter:data1":"Cand\u00e1s 365","twitter:label2":"Tiempo de lectura estimado","twitter:data2":"3 minutos"},"aioseo_meta_data":{"post_id":"183885","title":null,"description":"Espa\u00f1a despedir\u00e1 el mes de octubre de 2024 con mal tiempo, pues AEMET informa en su previsi\u00f3n de lluvias generalizadas por una DANA que afectar\u00e1 al pa\u00eds durante","keywords":null,"keyphrases":{"focus":{"keyphrase":"tiempo","score":85,"analysis":{"keyphraseInTitle":{"score":9,"maxScore":9,"error":0},"keyphraseInDescription":{"score":9,"maxScore":9,"error":0},"keyphraseLength":{"score":9,"maxScore":9,"error":0,"length":1},"keyphraseInURL":{"score":1,"maxScore":5,"error":1},"keyphraseInIntroduction":{"score":9,"maxScore":9,"error":0},"keyphraseInSubHeadings":{"score":3,"maxScore":9,"error":1},"keyphraseInImageAlt":{"score":9,"maxScore":9,"error":0},"keywordDensity":{"type":"best","score":9,"maxScore":9,"error":0}}},"additional":[{"keyphrase":"tiempo","score":100,"analysis":{"keyphraseInDescription":{"score":9,"maxScore":9,"error":0},"keyphraseLength":{"score":9,"maxScore":9,"error":0,"length":1},"keyphraseInIntroduction":{"score":9,"maxScore":9,"error":0},"keyphraseInImageAlt":{"score":9,"maxScore":9,"error":0},"keywordDensity":{"type":"best","score":9,"maxScore":9,"error":0}}},{"keyphrase":"Espa\u00f1a","score":80,"analysis":{"keyphraseInDescription":{"score":9,"maxScore":9,"error":0},"keyphraseLength":{"score":9,"maxScore":9,"error":0,"length":2},"keyphraseInIntroduction":{"score":9,"maxScore":9,"error":0},"keyphraseInImageAlt":{"score":9,"maxScore":9,"error":0},"keywordDensity":{"score":0,"type":"low","maxScore":9,"error":1}}}]},"primary_term":null,"canonical_url":null,"og_title":null,"og_description":null,"og_object_type":"default","og_image_type":"default","og_image_url":null,"og_image_width":null,"og_image_height":null,"og_image_custom_url":null,"og_image_custom_fields":null,"og_video":"","og_custom_url":null,"og_article_section":null,"og_article_tags":null,"twitter_use_og":false,"twitter_card":"default","twitter_image_type":"default","twitter_image_url":null,"twitter_image_custom_url":null,"twitter_image_custom_fields":null,"twitter_title":null,"twitter_description":null,"schema":{"blockGraphs":[],"customGraphs":[],"default":{"data":{"Article":[],"Course":[],"Dataset":[],"FAQPage":[],"Movie":[],"Person":[],"Product":[],"ProductReview":[],"Car":[],"Recipe":[],"Service":[],"SoftwareApplication":[],"WebPage":[]},"graphName":"Article","isEnabled":true},"graphs":[]},"schema_type":"default","schema_type_options":null,"pillar_content":false,"robots_default":true,"robots_noindex":false,"robots_noarchive":false,"robots_nosnippet":false,"robots_nofollow":false,"robots_noimageindex":false,"robots_noodp":false,"robots_notranslate":false,"robots_max_snippet":"-1","robots_max_videopreview":"-1","robots_max_imagepreview":"large","priority":null,"frequency":"default","location":null,"local_seo":null,"seo_analyzer_scan_date":"2025-09-03 07:54:32","breadcrumb_settings":null,"limit_modified_date":false,"reviewed_by":null,"open_ai":"{\"title\":{\"suggestions\":[],\"usage\":0},\"description\":{\"suggestions\":[],\"usage\":0}}","ai":null,"created":"2024-10-26 23:51:09","updated":"2025-09-03 07:54:32"},"aioseo_breadcrumb":"<div class=\"aioseo-breadcrumbs\"><span class=\"aioseo-breadcrumb\">\n\t<a href=\"https:\/\/candas365.es\/noticias\" title=\"Home\">Home<\/a>\n<\/span><span class=\"aioseo-breadcrumb-separator\">&ndash;<\/span><span class=\"aioseo-breadcrumb\">\n\t<a href=\"https:\/\/candas365.es\/noticias\/category\/el-tiempo\/\" title=\"El tiempo\">El tiempo<\/a>\n<\/span><span class=\"aioseo-breadcrumb-separator\">&ndash;<\/span><span class=\"aioseo-breadcrumb\">\n\tEspa\u00f1a despedir\u00e1 octubre de 2024 con mal tiempo\n<\/span><\/div>","aioseo_breadcrumb_json":[{"label":"Home","link":"https:\/\/candas365.es\/noticias"},{"label":"El tiempo","link":"https:\/\/candas365.es\/noticias\/category\/el-tiempo\/"},{"label":"Espa\u00f1a despedir\u00e1 octubre de 2024 con mal tiempo","link":"https:\/\/candas365.es\/noticias\/espana-despedira-octubre-de-2024-con-mal-tiempo\/"}],"_links":{"self":[{"href":"https:\/\/candas365.es\/noticias\/wp-json\/wp\/v2\/posts\/183885","targetHints":{"allow":["GET"]}}],"collection":[{"href":"https:\/\/candas365.es\/noticias\/wp-json\/wp\/v2\/posts"}],"about":[{"href":"https:\/\/candas365.es\/noticias\/wp-json\/wp\/v2\/types\/post"}],"author":[{"embeddable":true,"href":"https:\/\/candas365.es\/noticias\/wp-json\/wp\/v2\/users\/1"}],"replies":[{"embeddable":true,"href":"https:\/\/candas365.es\/noticias\/wp-json\/wp\/v2\/comments?post=183885"}],"version-history":[{"count":0,"href":"https:\/\/candas365.es\/noticias\/wp-json\/wp\/v2\/posts\/183885\/revisions"}],"wp:featuredmedia":[{"embeddable":true,"href":"https:\/\/candas365.es\/noticias\/wp-json\/wp\/v2\/media\/183886"}],"wp:attachment":[{"href":"https:\/\/candas365.es\/noticias\/wp-json\/wp\/v2\/media?parent=183885"}],"wp:term":[{"taxonomy":"category","embeddable":true,"href":"https:\/\/candas365.es\/noticias\/wp-json\/wp\/v2\/categories?post=183885"},{"taxonomy":"post_tag","embeddable":true,"href":"https:\/\/candas365.es\/noticias\/wp-json\/wp\/v2\/tags?post=183885"}],"curies":[{"name":"wp","href":"https:\/\/api.w.org\/{rel}","templated":true}]}}