{"id":183686,"date":"2024-10-22T23:56:51","date_gmt":"2024-10-22T21:56:51","guid":{"rendered":"https:\/\/candas365.es\/noticias\/?p=183686"},"modified":"2024-10-22T23:56:51","modified_gmt":"2024-10-22T21:56:51","slug":"preocupacion-en-alemania-por-la-cosecha-de-calabazas","status":"publish","type":"post","link":"https:\/\/candas365.es\/noticias\/preocupacion-en-alemania-por-la-cosecha-de-calabazas\/","title":{"rendered":"Preocupaci\u00f3n en Alemania por la cosecha de calabazas"},"content":{"rendered":"<p>Berl\u00edn\/M\u00fanich, 20 oct (<a href=\"https:\/\/www.dpa-news.de\/\" target=\"_blank\" rel=\"noopener\"><span style=\"color: #ff6600;\"><strong>dpa<\/strong><\/span><\/a>) &#8211; El secretario general de la Asociaci\u00f3n Alemana de Agricultores, Bernhard Kr\u00fcsken, alert\u00f3 que \u00ablos <a href=\"https:\/\/candas365.es\/noticias\/category\/el-tiempo\/\"><span style=\"color: #ff6600;\"><strong>caprichos del clima<\/strong><\/span> <\/a>de este a\u00f1o, con inundaciones y una prolongada humedad, est\u00e1n repercutiendo sobre el cultivo de calabazas\u00bb.<\/p>\n<figure id=\"attachment_183687\" aria-describedby=\"caption-attachment-183687\" style=\"width: 650px\" class=\"wp-caption aligncenter\"><img fetchpriority=\"high\" decoding=\"async\" class=\"size-large wp-image-183687\" src=\"https:\/\/candas365.es\/noticias\/wp-content\/uploads\/2024\/10\/calabazas-650x434.jpg\" alt=\"calabazas\" width=\"650\" height=\"434\" srcset=\"https:\/\/candas365.es\/noticias\/wp-content\/uploads\/2024\/10\/calabazas-650x434.jpg 650w, https:\/\/candas365.es\/noticias\/wp-content\/uploads\/2024\/10\/calabazas-360x240.jpg 360w, https:\/\/candas365.es\/noticias\/wp-content\/uploads\/2024\/10\/calabazas-768x512.jpg 768w, https:\/\/candas365.es\/noticias\/wp-content\/uploads\/2024\/10\/calabazas-150x100.jpg 150w, https:\/\/candas365.es\/noticias\/wp-content\/uploads\/2024\/10\/calabazas-450x300.jpg 450w, https:\/\/candas365.es\/noticias\/wp-content\/uploads\/2024\/10\/calabazas.jpg 997w\" sizes=\"(max-width: 650px) 100vw, 650px\" \/><figcaption id=\"caption-attachment-183687\" class=\"wp-caption-text\">Varias calabazas, en un cultivo de la regi\u00f3n del Bosque del Spree, en el este de Alemania. Las calabazas no solo se consumen, tambi\u00e9n se usan para decorar celebraciones como Halloween, en octubre. Foto: Frank Hammerschmidt\/dpa<\/figcaption><\/figure>\n<p>A\u00fan no se dispone de cifras, por lo que es dif\u00edcil predecir los precios para los consumidores. Sin embargo, las condiciones hablan en contra de una buena cosecha. Una de las razones es que la elevada humedad aumenta la probabilidad de enfermedades en las calabazas.<\/p>\n<p>Sin embargo, la Asociaci\u00f3n Central de Horticultura afirma que la situaci\u00f3n var\u00eda mucho de una regi\u00f3n a otra de Alemania.<\/p>\n<p>La C\u00e1mara de Agricultura de Renania del Norte-Westfalia, donde reside la segunda mayor superficie de cultivo de calabazas, anunci\u00f3 recientemente que las p\u00e9rdidas por podredumbre eran este a\u00f1o m\u00e1s elevadas de lo habitual.<\/p>\n<p>La Asociaci\u00f3n de Agricultores de Baviera a\u00fan no ha emitido previsiones. Sin embargo, tambi\u00e9n en este caso apuntan a fuertes lluvias y humedad persistente.<\/p>\n<p>En Baden-W\u00fcrttemberg, el cuarto estado alem\u00e1n productor de calabazas despu\u00e9s de Renania-Palatinado, la gente segu\u00eda siendo optimista a principios de septiembre. El suministro de calabazas era al menos satisfactorio, seg\u00fan el Ministerio de Agricultura local en aquel momento.<\/p>\n<p>La mayor\u00eda de las calabazas que se venden en Alemania proceden de la producci\u00f3n nacional. Seg\u00fan la asociaci\u00f3n de agricultores, s\u00f3lo se importa alrededor del 10 %, procedente de Espa\u00f1a, los Pa\u00edses Bajos o Sud\u00e1frica.<\/p>\n<p>Adem\u00e1s de su uso como alimento, la calabaza tambi\u00e9n es popular como decoraci\u00f3n, por ejemplo en las celebraciones de Halloween. Esta fiesta, cada vez m\u00e1s popular en Alemania, se celebra el 31 de octubre.<\/p>\n","protected":false},"excerpt":{"rendered":"<p>Berl\u00edn\/M\u00fanich, 20 oct (dpa) &#8211; El secretario general de la Asociaci\u00f3n Alemana de Agricultores, Bernhard Kr\u00fcsken, alert\u00f3 que \u00ablos caprichos del clima de este a\u00f1o, con inundaciones y una prolongada humedad, est\u00e1n repercutiendo sobre el cultivo de calabazas\u00bb. A\u00fan no se dispone de cifras, por lo que es dif\u00edcil predecir los precios para los consumidores.<\/p>\n","protected":false},"author":1,"featured_media":183687,"comment_status":"closed","ping_status":"closed","sticky":false,"template":"","format":"standard","meta":{"footnotes":""},"categories":[486],"tags":[417,437],"class_list":{"0":"post-183686","1":"post","2":"type-post","3":"status-publish","4":"format-standard","5":"has-post-thumbnail","7":"category-economia","8":"tag-alemania","9":"tag-economia"},"aioseo_notices":[],"aioseo_head":"\n\t\t<!-- All in One SEO Pro 4.9.6.2 - aioseo.com -->\n\t<meta name=\"description\" content=\"Berl\u00edn\/M\u00fanich, 20 oct (dpa) - El secretario general de la Asociaci\u00f3n Alemana de Agricultores, Bernhard Kr\u00fcsken, alert\u00f3 que &quot;los caprichos del clima de este a\u00f1o\" \/>\n\t<meta name=\"robots\" content=\"max-image-preview:large\" \/>\n\t<meta name=\"author\" content=\"Cand\u00e1s 365\"\/>\n\t<meta name=\"google-site-verification\" content=\"UA-32230408-1\" \/>\n\t<meta name=\"msvalidate.01\" content=\"354F3CDFB2DA171B47FBE9ABF1F88D5\" \/>\n\t<meta name=\"keywords\" content=\"econom\u00eda\" \/>\n\t<link rel=\"canonical\" href=\"https:\/\/candas365.es\/noticias\/preocupacion-en-alemania-por-la-cosecha-de-calabazas\/\" \/>\n\t<meta name=\"generator\" content=\"All in One SEO Pro (AIOSEO) 4.9.6.2\" \/>\n\t\t<meta property=\"og:locale\" content=\"es_ES\" \/>\n\t\t<meta property=\"og:site_name\" content=\"Cand\u00e1s 365\" \/>\n\t\t<meta property=\"og:type\" content=\"article\" \/>\n\t\t<meta property=\"og:title\" content=\"Preocupaci\u00f3n en Alemania por la cosecha de calabazas | Cand\u00e1s 365\" \/>\n\t\t<meta property=\"og:description\" content=\"Berl\u00edn\/M\u00fanich, 20 oct (dpa) - El secretario general de la Asociaci\u00f3n Alemana de Agricultores, Bernhard Kr\u00fcsken, alert\u00f3 que &quot;los caprichos del clima de este a\u00f1o\" \/>\n\t\t<meta property=\"og:url\" content=\"https:\/\/candas365.es\/noticias\/preocupacion-en-alemania-por-la-cosecha-de-calabazas\/\" \/>\n\t\t<meta property=\"og:image\" content=\"https:\/\/candas365.es\/noticias\/wp-content\/uploads\/2024\/10\/calabazas.jpg\" \/>\n\t\t<meta property=\"og:image:secure_url\" content=\"https:\/\/candas365.es\/noticias\/wp-content\/uploads\/2024\/10\/calabazas.jpg\" \/>\n\t\t<meta property=\"og:image:width\" content=\"997\" \/>\n\t\t<meta property=\"og:image:height\" content=\"665\" \/>\n\t\t<meta property=\"article:published_time\" content=\"2024-10-22T21:56:51+00:00\" \/>\n\t\t<meta property=\"article:modified_time\" content=\"2024-10-22T21:56:51+00:00\" \/>\n\t\t<meta property=\"article:publisher\" content=\"https:\/\/www.facebook.com\/Nachofdezber\" \/>\n\t\t<meta property=\"article:author\" content=\"https:\/\/www.facebook.com\/carrenoactualidad\" \/>\n\t\t<meta name=\"twitter:card\" content=\"summary_large_image\" \/>\n\t\t<meta name=\"twitter:site\" content=\"@NabercoDigital\" \/>\n\t\t<meta name=\"twitter:title\" content=\"Preocupaci\u00f3n en Alemania por la cosecha de calabazas | Cand\u00e1s 365\" \/>\n\t\t<meta name=\"twitter:description\" content=\"Berl\u00edn\/M\u00fanich, 20 oct (dpa) - El secretario general de la Asociaci\u00f3n Alemana de Agricultores, Bernhard Kr\u00fcsken, alert\u00f3 que &quot;los caprichos del clima de este a\u00f1o\" \/>\n\t\t<meta name=\"twitter:creator\" content=\"@nbasturias\" \/>\n\t\t<meta name=\"twitter:image\" content=\"https:\/\/candas365.es\/noticias\/wp-content\/uploads\/2024\/10\/calabazas.jpg\" \/>\n\t\t<meta name=\"twitter:label1\" content=\"Escrito por\" \/>\n\t\t<meta name=\"twitter:data1\" content=\"Cand\u00e1s 365\" \/>\n\t\t<meta name=\"twitter:label2\" content=\"Tiempo de lectura estimado\" \/>\n\t\t<meta name=\"twitter:data2\" content=\"2 minutos\" \/>\n\t\t<script type=\"application\/ld+json\" class=\"aioseo-schema\">\n\t\t\t{\"@context\":\"https:\\\/\\\/schema.org\",\"@graph\":[{\"@type\":\"BreadcrumbList\",\"@id\":\"https:\\\/\\\/candas365.es\\\/noticias\\\/preocupacion-en-alemania-por-la-cosecha-de-calabazas\\\/#breadcrumblist\",\"itemListElement\":[{\"@type\":\"ListItem\",\"@id\":\"https:\\\/\\\/candas365.es\\\/noticias#listItem\",\"position\":1,\"name\":\"Home\",\"item\":\"https:\\\/\\\/candas365.es\\\/noticias\",\"nextItem\":{\"@type\":\"ListItem\",\"@id\":\"https:\\\/\\\/candas365.es\\\/noticias\\\/category\\\/economia\\\/#listItem\",\"name\":\"Econom\\u00eda\"}},{\"@type\":\"ListItem\",\"@id\":\"https:\\\/\\\/candas365.es\\\/noticias\\\/category\\\/economia\\\/#listItem\",\"position\":2,\"name\":\"Econom\\u00eda\",\"item\":\"https:\\\/\\\/candas365.es\\\/noticias\\\/category\\\/economia\\\/\",\"nextItem\":{\"@type\":\"ListItem\",\"@id\":\"https:\\\/\\\/candas365.es\\\/noticias\\\/preocupacion-en-alemania-por-la-cosecha-de-calabazas\\\/#listItem\",\"name\":\"Preocupaci\\u00f3n en Alemania por la cosecha de calabazas\"},\"previousItem\":{\"@type\":\"ListItem\",\"@id\":\"https:\\\/\\\/candas365.es\\\/noticias#listItem\",\"name\":\"Home\"}},{\"@type\":\"ListItem\",\"@id\":\"https:\\\/\\\/candas365.es\\\/noticias\\\/preocupacion-en-alemania-por-la-cosecha-de-calabazas\\\/#listItem\",\"position\":3,\"name\":\"Preocupaci\\u00f3n en Alemania por la cosecha de calabazas\",\"previousItem\":{\"@type\":\"ListItem\",\"@id\":\"https:\\\/\\\/candas365.es\\\/noticias\\\/category\\\/economia\\\/#listItem\",\"name\":\"Econom\\u00eda\"}}]},{\"@type\":\"NewsArticle\",\"@id\":\"https:\\\/\\\/candas365.es\\\/noticias\\\/preocupacion-en-alemania-por-la-cosecha-de-calabazas\\\/#newsarticle\",\"name\":\"Preocupaci\\u00f3n en Alemania por la cosecha de calabazas | Cand\\u00e1s 365\",\"headline\":\"Preocupaci\\u00f3n en Alemania por la cosecha de calabazas\",\"author\":{\"@id\":\"https:\\\/\\\/candas365.es\\\/noticias\\\/author\\\/admin\\\/#author\"},\"publisher\":{\"@id\":\"https:\\\/\\\/candas365.es\\\/noticias\\\/#organization\"},\"image\":{\"@type\":\"ImageObject\",\"url\":\"https:\\\/\\\/candas365.es\\\/noticias\\\/wp-content\\\/uploads\\\/2024\\\/10\\\/calabazas.jpg\",\"width\":997,\"height\":665,\"caption\":\"Varias calabazas, en un cultivo de la regi\\u00f3n del Bosque del Spree, en el este de Alemania. Las calabazas no solo se consumen, tambi\\u00e9n se usan para decorar celebraciones como Halloween, en octubre. Foto: Frank Hammerschmidt\\\/dpa\"},\"datePublished\":\"2024-10-22T23:56:51+02:00\",\"dateModified\":\"2024-10-22T23:56:51+02:00\",\"inLanguage\":\"es-ES\",\"mainEntityOfPage\":{\"@id\":\"https:\\\/\\\/candas365.es\\\/noticias\\\/preocupacion-en-alemania-por-la-cosecha-de-calabazas\\\/#webpage\"},\"isPartOf\":{\"@id\":\"https:\\\/\\\/candas365.es\\\/noticias\\\/preocupacion-en-alemania-por-la-cosecha-de-calabazas\\\/#webpage\"},\"articleSection\":\"Econom\\u00eda, Alemania, Econom\\u00eda\",\"dateline\":\"Publicado el octubre 22, 2024.\"},{\"@type\":\"Organization\",\"@id\":\"https:\\\/\\\/candas365.es\\\/noticias\\\/#organization\",\"name\":\"Cand\\u00e1s 365\",\"description\":\"Cand\\u00e1s 365 es un diario digital independiente, fundado en 2012, con base en Asturias. Informamos con rigor sobre actualidad, sociedad, cultura y ocio, con una mirada local y global.\",\"url\":\"https:\\\/\\\/candas365.es\\\/noticias\\\/\",\"email\":\"info@candas365.es\",\"telephone\":\"+34652131393\",\"foundingDate\":\"2012-06-10\",\"logo\":{\"@type\":\"ImageObject\",\"url\":\"https:\\\/\\\/candas365.es\\\/noticias\\\/wp-content\\\/uploads\\\/2024\\\/09\\\/Candas-365-Redes.jpg\",\"@id\":\"https:\\\/\\\/candas365.es\\\/noticias\\\/preocupacion-en-alemania-por-la-cosecha-de-calabazas\\\/#organizationLogo\",\"width\":1152,\"height\":864,\"caption\":\"Cand\\u00e1s 365 Redes\"},\"image\":{\"@id\":\"https:\\\/\\\/candas365.es\\\/noticias\\\/preocupacion-en-alemania-por-la-cosecha-de-calabazas\\\/#organizationLogo\"},\"sameAs\":[\"https:\\\/\\\/www.facebook.com\\\/Nachofdezber\",\"https:\\\/\\\/x.com\\\/NabercoDigital\",\"https:\\\/\\\/www.instagram.com\\\/nachofdezber\\\/\",\"https:\\\/\\\/www.youtube.com\\\/channel\\\/UCZP-2wLEB9Rv6erhFmqVnvg\"],\"address\":{\"@id\":\"https:\\\/\\\/candas365.es\\\/noticias\\\/#postaladdress\",\"@type\":\"PostalAddress\",\"streetAddress\":\"san antonio 4, san antonio 4\",\"postalCode\":\"33430\",\"addressLocality\":\"Cand\\u00e1s\",\"addressRegion\":\"Asturias\",\"addressCountry\":\"ES\"}},{\"@type\":\"Person\",\"@id\":\"https:\\\/\\\/candas365.es\\\/noticias\\\/author\\\/admin\\\/#author\",\"url\":\"https:\\\/\\\/candas365.es\\\/noticias\\\/author\\\/admin\\\/\",\"name\":\"Cand\\u00e1s 365\",\"image\":{\"@type\":\"ImageObject\",\"@id\":\"https:\\\/\\\/candas365.es\\\/noticias\\\/preocupacion-en-alemania-por-la-cosecha-de-calabazas\\\/#authorImage\",\"url\":\"https:\\\/\\\/secure.gravatar.com\\\/avatar\\\/496a8e03d0c493ede1718b7934145dbdf8d89be1036b0eec9544e1094c9de390?s=96&d=mm&r=g\",\"width\":96,\"height\":96,\"caption\":\"Cand\\u00e1s 365\"},\"sameAs\":[\"https:\\\/\\\/www.facebook.com\\\/carrenoactualidad\",\"https:\\\/\\\/twitter.com\\\/nbasturias\",\"https:\\\/\\\/www.instagram.com\\\/nachofdezber\\\/\",\"https:\\\/\\\/www.youtube.com\\\/channel\\\/UCZP-2wLEB9Rv6erhFmqVnvg\"]},{\"@type\":\"WebPage\",\"@id\":\"https:\\\/\\\/candas365.es\\\/noticias\\\/preocupacion-en-alemania-por-la-cosecha-de-calabazas\\\/#webpage\",\"url\":\"https:\\\/\\\/candas365.es\\\/noticias\\\/preocupacion-en-alemania-por-la-cosecha-de-calabazas\\\/\",\"name\":\"Preocupaci\\u00f3n en Alemania por la cosecha de calabazas | Cand\\u00e1s 365\",\"description\":\"Berl\\u00edn\\\/M\\u00fanich, 20 oct (dpa) - El secretario general de la Asociaci\\u00f3n Alemana de Agricultores, Bernhard Kr\\u00fcsken, alert\\u00f3 que \\\"los caprichos del clima de este a\\u00f1o\",\"inLanguage\":\"es-ES\",\"isPartOf\":{\"@id\":\"https:\\\/\\\/candas365.es\\\/noticias\\\/#website\"},\"breadcrumb\":{\"@id\":\"https:\\\/\\\/candas365.es\\\/noticias\\\/preocupacion-en-alemania-por-la-cosecha-de-calabazas\\\/#breadcrumblist\"},\"author\":{\"@id\":\"https:\\\/\\\/candas365.es\\\/noticias\\\/author\\\/admin\\\/#author\"},\"creator\":{\"@id\":\"https:\\\/\\\/candas365.es\\\/noticias\\\/author\\\/admin\\\/#author\"},\"image\":{\"@type\":\"ImageObject\",\"url\":\"https:\\\/\\\/candas365.es\\\/noticias\\\/wp-content\\\/uploads\\\/2024\\\/10\\\/calabazas.jpg\",\"@id\":\"https:\\\/\\\/candas365.es\\\/noticias\\\/preocupacion-en-alemania-por-la-cosecha-de-calabazas\\\/#mainImage\",\"width\":997,\"height\":665,\"caption\":\"Varias calabazas, en un cultivo de la regi\\u00f3n del Bosque del Spree, en el este de Alemania. Las calabazas no solo se consumen, tambi\\u00e9n se usan para decorar celebraciones como Halloween, en octubre. Foto: Frank Hammerschmidt\\\/dpa\"},\"primaryImageOfPage\":{\"@id\":\"https:\\\/\\\/candas365.es\\\/noticias\\\/preocupacion-en-alemania-por-la-cosecha-de-calabazas\\\/#mainImage\"},\"datePublished\":\"2024-10-22T23:56:51+02:00\",\"dateModified\":\"2024-10-22T23:56:51+02:00\"},{\"@type\":\"WebSite\",\"@id\":\"https:\\\/\\\/candas365.es\\\/noticias\\\/#website\",\"url\":\"https:\\\/\\\/candas365.es\\\/noticias\\\/\",\"name\":\"Cand\\u00e1s 365\",\"alternateName\":\"Cand\\u00e1s 365 Noticias\",\"description\":\"Actualidad desde Carre\\u00f1o para el mundo\",\"inLanguage\":\"es-ES\",\"publisher\":{\"@id\":\"https:\\\/\\\/candas365.es\\\/noticias\\\/#organization\"}}]}\n\t\t<\/script>\n\t\t<!-- All in One SEO Pro -->\r\n\t\t<title>Preocupaci\u00f3n en Alemania por la cosecha de calabazas | Cand\u00e1s 365<\/title>\n\n","aioseo_head_json":{"title":"Preocupaci\u00f3n en Alemania por la cosecha de calabazas | Cand\u00e1s 365","description":"Berl\u00edn\/M\u00fanich, 20 oct (dpa) - El secretario general de la Asociaci\u00f3n Alemana de Agricultores, Bernhard Kr\u00fcsken, alert\u00f3 que \"los caprichos del clima de este a\u00f1o","canonical_url":"https:\/\/candas365.es\/noticias\/preocupacion-en-alemania-por-la-cosecha-de-calabazas\/","robots":"max-image-preview:large","keywords":"econom\u00eda","webmasterTools":{"google-site-verification":"UA-32230408-1","msvalidate.01":"354F3CDFB2DA171B47FBE9ABF1F88D5","miscellaneous":""},"schema":{"@context":"https:\/\/schema.org","@graph":[{"@type":"BreadcrumbList","@id":"https:\/\/candas365.es\/noticias\/preocupacion-en-alemania-por-la-cosecha-de-calabazas\/#breadcrumblist","itemListElement":[{"@type":"ListItem","@id":"https:\/\/candas365.es\/noticias#listItem","position":1,"name":"Home","item":"https:\/\/candas365.es\/noticias","nextItem":{"@type":"ListItem","@id":"https:\/\/candas365.es\/noticias\/category\/economia\/#listItem","name":"Econom\u00eda"}},{"@type":"ListItem","@id":"https:\/\/candas365.es\/noticias\/category\/economia\/#listItem","position":2,"name":"Econom\u00eda","item":"https:\/\/candas365.es\/noticias\/category\/economia\/","nextItem":{"@type":"ListItem","@id":"https:\/\/candas365.es\/noticias\/preocupacion-en-alemania-por-la-cosecha-de-calabazas\/#listItem","name":"Preocupaci\u00f3n en Alemania por la cosecha de calabazas"},"previousItem":{"@type":"ListItem","@id":"https:\/\/candas365.es\/noticias#listItem","name":"Home"}},{"@type":"ListItem","@id":"https:\/\/candas365.es\/noticias\/preocupacion-en-alemania-por-la-cosecha-de-calabazas\/#listItem","position":3,"name":"Preocupaci\u00f3n en Alemania por la cosecha de calabazas","previousItem":{"@type":"ListItem","@id":"https:\/\/candas365.es\/noticias\/category\/economia\/#listItem","name":"Econom\u00eda"}}]},{"@type":"NewsArticle","@id":"https:\/\/candas365.es\/noticias\/preocupacion-en-alemania-por-la-cosecha-de-calabazas\/#newsarticle","name":"Preocupaci\u00f3n en Alemania por la cosecha de calabazas | Cand\u00e1s 365","headline":"Preocupaci\u00f3n en Alemania por la cosecha de calabazas","author":{"@id":"https:\/\/candas365.es\/noticias\/author\/admin\/#author"},"publisher":{"@id":"https:\/\/candas365.es\/noticias\/#organization"},"image":{"@type":"ImageObject","url":"https:\/\/candas365.es\/noticias\/wp-content\/uploads\/2024\/10\/calabazas.jpg","width":997,"height":665,"caption":"Varias calabazas, en un cultivo de la regi\u00f3n del Bosque del Spree, en el este de Alemania. Las calabazas no solo se consumen, tambi\u00e9n se usan para decorar celebraciones como Halloween, en octubre. Foto: Frank Hammerschmidt\/dpa"},"datePublished":"2024-10-22T23:56:51+02:00","dateModified":"2024-10-22T23:56:51+02:00","inLanguage":"es-ES","mainEntityOfPage":{"@id":"https:\/\/candas365.es\/noticias\/preocupacion-en-alemania-por-la-cosecha-de-calabazas\/#webpage"},"isPartOf":{"@id":"https:\/\/candas365.es\/noticias\/preocupacion-en-alemania-por-la-cosecha-de-calabazas\/#webpage"},"articleSection":"Econom\u00eda, Alemania, Econom\u00eda","dateline":"Publicado el octubre 22, 2024."},{"@type":"Organization","@id":"https:\/\/candas365.es\/noticias\/#organization","name":"Cand\u00e1s 365","description":"Cand\u00e1s 365 es un diario digital independiente, fundado en 2012, con base en Asturias. Informamos con rigor sobre actualidad, sociedad, cultura y ocio, con una mirada local y global.","url":"https:\/\/candas365.es\/noticias\/","email":"info@candas365.es","telephone":"+34652131393","foundingDate":"2012-06-10","logo":{"@type":"ImageObject","url":"https:\/\/candas365.es\/noticias\/wp-content\/uploads\/2024\/09\/Candas-365-Redes.jpg","@id":"https:\/\/candas365.es\/noticias\/preocupacion-en-alemania-por-la-cosecha-de-calabazas\/#organizationLogo","width":1152,"height":864,"caption":"Cand\u00e1s 365 Redes"},"image":{"@id":"https:\/\/candas365.es\/noticias\/preocupacion-en-alemania-por-la-cosecha-de-calabazas\/#organizationLogo"},"sameAs":["https:\/\/www.facebook.com\/Nachofdezber","https:\/\/x.com\/NabercoDigital","https:\/\/www.instagram.com\/nachofdezber\/","https:\/\/www.youtube.com\/channel\/UCZP-2wLEB9Rv6erhFmqVnvg"],"address":{"@id":"https:\/\/candas365.es\/noticias\/#postaladdress","@type":"PostalAddress","streetAddress":"san antonio 4, san antonio 4","postalCode":"33430","addressLocality":"Cand\u00e1s","addressRegion":"Asturias","addressCountry":"ES"}},{"@type":"Person","@id":"https:\/\/candas365.es\/noticias\/author\/admin\/#author","url":"https:\/\/candas365.es\/noticias\/author\/admin\/","name":"Cand\u00e1s 365","image":{"@type":"ImageObject","@id":"https:\/\/candas365.es\/noticias\/preocupacion-en-alemania-por-la-cosecha-de-calabazas\/#authorImage","url":"https:\/\/secure.gravatar.com\/avatar\/496a8e03d0c493ede1718b7934145dbdf8d89be1036b0eec9544e1094c9de390?s=96&d=mm&r=g","width":96,"height":96,"caption":"Cand\u00e1s 365"},"sameAs":["https:\/\/www.facebook.com\/carrenoactualidad","https:\/\/twitter.com\/nbasturias","https:\/\/www.instagram.com\/nachofdezber\/","https:\/\/www.youtube.com\/channel\/UCZP-2wLEB9Rv6erhFmqVnvg"]},{"@type":"WebPage","@id":"https:\/\/candas365.es\/noticias\/preocupacion-en-alemania-por-la-cosecha-de-calabazas\/#webpage","url":"https:\/\/candas365.es\/noticias\/preocupacion-en-alemania-por-la-cosecha-de-calabazas\/","name":"Preocupaci\u00f3n en Alemania por la cosecha de calabazas | Cand\u00e1s 365","description":"Berl\u00edn\/M\u00fanich, 20 oct (dpa) - El secretario general de la Asociaci\u00f3n Alemana de Agricultores, Bernhard Kr\u00fcsken, alert\u00f3 que \"los caprichos del clima de este a\u00f1o","inLanguage":"es-ES","isPartOf":{"@id":"https:\/\/candas365.es\/noticias\/#website"},"breadcrumb":{"@id":"https:\/\/candas365.es\/noticias\/preocupacion-en-alemania-por-la-cosecha-de-calabazas\/#breadcrumblist"},"author":{"@id":"https:\/\/candas365.es\/noticias\/author\/admin\/#author"},"creator":{"@id":"https:\/\/candas365.es\/noticias\/author\/admin\/#author"},"image":{"@type":"ImageObject","url":"https:\/\/candas365.es\/noticias\/wp-content\/uploads\/2024\/10\/calabazas.jpg","@id":"https:\/\/candas365.es\/noticias\/preocupacion-en-alemania-por-la-cosecha-de-calabazas\/#mainImage","width":997,"height":665,"caption":"Varias calabazas, en un cultivo de la regi\u00f3n del Bosque del Spree, en el este de Alemania. Las calabazas no solo se consumen, tambi\u00e9n se usan para decorar celebraciones como Halloween, en octubre. Foto: Frank Hammerschmidt\/dpa"},"primaryImageOfPage":{"@id":"https:\/\/candas365.es\/noticias\/preocupacion-en-alemania-por-la-cosecha-de-calabazas\/#mainImage"},"datePublished":"2024-10-22T23:56:51+02:00","dateModified":"2024-10-22T23:56:51+02:00"},{"@type":"WebSite","@id":"https:\/\/candas365.es\/noticias\/#website","url":"https:\/\/candas365.es\/noticias\/","name":"Cand\u00e1s 365","alternateName":"Cand\u00e1s 365 Noticias","description":"Actualidad desde Carre\u00f1o para el mundo","inLanguage":"es-ES","publisher":{"@id":"https:\/\/candas365.es\/noticias\/#organization"}}]},"og:locale":"es_ES","og:site_name":"Cand\u00e1s 365","og:type":"article","og:title":"Preocupaci\u00f3n en Alemania por la cosecha de calabazas | Cand\u00e1s 365","og:description":"Berl\u00edn\/M\u00fanich, 20 oct (dpa) - El secretario general de la Asociaci\u00f3n Alemana de Agricultores, Bernhard Kr\u00fcsken, alert\u00f3 que &quot;los caprichos del clima de este a\u00f1o","og:url":"https:\/\/candas365.es\/noticias\/preocupacion-en-alemania-por-la-cosecha-de-calabazas\/","og:image":"https:\/\/candas365.es\/noticias\/wp-content\/uploads\/2024\/10\/calabazas.jpg","og:image:secure_url":"https:\/\/candas365.es\/noticias\/wp-content\/uploads\/2024\/10\/calabazas.jpg","og:image:width":997,"og:image:height":665,"article:published_time":"2024-10-22T21:56:51+00:00","article:modified_time":"2024-10-22T21:56:51+00:00","article:publisher":"https:\/\/www.facebook.com\/Nachofdezber","article:author":"https:\/\/www.facebook.com\/carrenoactualidad","twitter:card":"summary_large_image","twitter:site":"@NabercoDigital","twitter:title":"Preocupaci\u00f3n en Alemania por la cosecha de calabazas | Cand\u00e1s 365","twitter:description":"Berl\u00edn\/M\u00fanich, 20 oct (dpa) - El secretario general de la Asociaci\u00f3n Alemana de Agricultores, Bernhard Kr\u00fcsken, alert\u00f3 que &quot;los caprichos del clima de este a\u00f1o","twitter:creator":"@nbasturias","twitter:image":"https:\/\/candas365.es\/noticias\/wp-content\/uploads\/2024\/10\/calabazas.jpg","twitter:label1":"Escrito por","twitter:data1":"Cand\u00e1s 365","twitter:label2":"Tiempo de lectura estimado","twitter:data2":"2 minutos"},"aioseo_meta_data":{"post_id":"183686","title":null,"description":"Berl\u00edn\/M\u00fanich, 20 oct (dpa) - El secretario general de la Asociaci\u00f3n Alemana de Agricultores, Bernhard Kr\u00fcsken, alert\u00f3 que \"los caprichos del clima de este a\u00f1o","keywords":null,"keyphrases":{"focus":{"keyphrase":"calabazas","score":83,"analysis":{"keyphraseInTitle":{"score":9,"maxScore":9,"error":0},"keyphraseInDescription":{"score":3,"maxScore":9,"error":1},"keyphraseLength":{"score":9,"maxScore":9,"error":0,"length":1},"keyphraseInURL":{"score":1,"maxScore":5,"error":1},"keyphraseInIntroduction":{"score":9,"maxScore":9,"error":0},"keyphraseInSubHeadings":[],"keyphraseInImageAlt":{"score":9,"maxScore":9,"error":0},"keywordDensity":{"type":"best","score":9,"maxScore":9,"error":0}}},"additional":[{"keyphrase":"calabazas","score":87,"analysis":{"keyphraseInDescription":{"score":3,"maxScore":9,"error":1},"keyphraseLength":{"score":9,"maxScore":9,"error":0,"length":1},"keyphraseInIntroduction":{"score":9,"maxScore":9,"error":0},"keyphraseInImageAlt":{"score":9,"maxScore":9,"error":0},"keywordDensity":{"type":"best","score":9,"maxScore":9,"error":0}}}]},"primary_term":null,"canonical_url":null,"og_title":null,"og_description":null,"og_object_type":"default","og_image_type":"default","og_image_url":null,"og_image_width":null,"og_image_height":null,"og_image_custom_url":null,"og_image_custom_fields":null,"og_video":"","og_custom_url":null,"og_article_section":null,"og_article_tags":null,"twitter_use_og":false,"twitter_card":"default","twitter_image_type":"default","twitter_image_url":null,"twitter_image_custom_url":null,"twitter_image_custom_fields":null,"twitter_title":null,"twitter_description":null,"schema":{"blockGraphs":[],"customGraphs":[],"default":{"data":{"Article":[],"Course":[],"Dataset":[],"FAQPage":[],"Movie":[],"Person":[],"Product":[],"ProductReview":[],"Car":[],"Recipe":[],"Service":[],"SoftwareApplication":[],"WebPage":[]},"graphName":"Article","isEnabled":true},"graphs":[]},"schema_type":"default","schema_type_options":null,"pillar_content":false,"robots_default":true,"robots_noindex":false,"robots_noarchive":false,"robots_nosnippet":false,"robots_nofollow":false,"robots_noimageindex":false,"robots_noodp":false,"robots_notranslate":false,"robots_max_snippet":"-1","robots_max_videopreview":"-1","robots_max_imagepreview":"large","priority":null,"frequency":"default","location":null,"local_seo":null,"seo_analyzer_scan_date":"2025-09-03 07:43:18","breadcrumb_settings":null,"limit_modified_date":false,"reviewed_by":null,"open_ai":"{\"title\":{\"suggestions\":[],\"usage\":0},\"description\":{\"suggestions\":[],\"usage\":0}}","ai":null,"created":"2024-10-22 21:50:38","updated":"2025-09-03 07:43:18"},"aioseo_breadcrumb":"<div class=\"aioseo-breadcrumbs\"><span class=\"aioseo-breadcrumb\">\n\t<a href=\"https:\/\/candas365.es\/noticias\" title=\"Home\">Home<\/a>\n<\/span><span class=\"aioseo-breadcrumb-separator\">&ndash;<\/span><span class=\"aioseo-breadcrumb\">\n\t<a href=\"https:\/\/candas365.es\/noticias\/category\/economia\/\" title=\"Econom\u00eda\">Econom\u00eda<\/a>\n<\/span><span class=\"aioseo-breadcrumb-separator\">&ndash;<\/span><span class=\"aioseo-breadcrumb\">\n\tPreocupaci\u00f3n en Alemania por la cosecha de calabazas\n<\/span><\/div>","aioseo_breadcrumb_json":[{"label":"Home","link":"https:\/\/candas365.es\/noticias"},{"label":"Econom\u00eda","link":"https:\/\/candas365.es\/noticias\/category\/economia\/"},{"label":"Preocupaci\u00f3n en Alemania por la cosecha de calabazas","link":"https:\/\/candas365.es\/noticias\/preocupacion-en-alemania-por-la-cosecha-de-calabazas\/"}],"_links":{"self":[{"href":"https:\/\/candas365.es\/noticias\/wp-json\/wp\/v2\/posts\/183686","targetHints":{"allow":["GET"]}}],"collection":[{"href":"https:\/\/candas365.es\/noticias\/wp-json\/wp\/v2\/posts"}],"about":[{"href":"https:\/\/candas365.es\/noticias\/wp-json\/wp\/v2\/types\/post"}],"author":[{"embeddable":true,"href":"https:\/\/candas365.es\/noticias\/wp-json\/wp\/v2\/users\/1"}],"replies":[{"embeddable":true,"href":"https:\/\/candas365.es\/noticias\/wp-json\/wp\/v2\/comments?post=183686"}],"version-history":[{"count":0,"href":"https:\/\/candas365.es\/noticias\/wp-json\/wp\/v2\/posts\/183686\/revisions"}],"wp:featuredmedia":[{"embeddable":true,"href":"https:\/\/candas365.es\/noticias\/wp-json\/wp\/v2\/media\/183687"}],"wp:attachment":[{"href":"https:\/\/candas365.es\/noticias\/wp-json\/wp\/v2\/media?parent=183686"}],"wp:term":[{"taxonomy":"category","embeddable":true,"href":"https:\/\/candas365.es\/noticias\/wp-json\/wp\/v2\/categories?post=183686"},{"taxonomy":"post_tag","embeddable":true,"href":"https:\/\/candas365.es\/noticias\/wp-json\/wp\/v2\/tags?post=183686"}],"curies":[{"name":"wp","href":"https:\/\/api.w.org\/{rel}","templated":true}]}}