{"id":183644,"date":"2024-10-20T23:46:22","date_gmt":"2024-10-20T21:46:22","guid":{"rendered":"https:\/\/candas365.es\/noticias\/?p=183644"},"modified":"2024-10-20T23:47:27","modified_gmt":"2024-10-20T21:47:27","slug":"un-estudio-aleman-subraya-las-ventajas-de-la-semana-laboral-de-cuatro-dias","status":"publish","type":"post","link":"https:\/\/candas365.es\/noticias\/un-estudio-aleman-subraya-las-ventajas-de-la-semana-laboral-de-cuatro-dias\/","title":{"rendered":"Un estudio alem\u00e1n subraya las ventajas de la semana laboral de cuatro d\u00edas"},"content":{"rendered":"<p>D\u00fcsseldorf (Alemania), 18 oct (<a href=\"https:\/\/www.dpa-news.de\/\" target=\"_blank\" rel=\"noopener\"><span style=\"color: #ff6600;\"><strong>dpa<\/strong><\/span><\/a>) &#8211; El hecho de que algunas <a href=\"https:\/\/candas365.es\/noticias\/category\/canal-empresas\/\"><span style=\"color: #ff6600;\"><strong>empresas<\/strong><\/span><\/a> reduzcan ligeramente la jornada laboral de sus empleados y les sigan pagando su salario \u00edntegro puede resultar ventajoso para ambas partes, seg\u00fan los resultados de un estudio realizado en Alemania dados a conocer hoy.<\/p>\n<p><img fetchpriority=\"high\" decoding=\"async\" class=\"aligncenter size-full wp-image-183645\" src=\"https:\/\/candas365.es\/noticias\/wp-content\/uploads\/2024\/10\/laboral.jpg\" alt=\"semana laboral \" width=\"640\" height=\"291\" srcset=\"https:\/\/candas365.es\/noticias\/wp-content\/uploads\/2024\/10\/laboral.jpg 640w, https:\/\/candas365.es\/noticias\/wp-content\/uploads\/2024\/10\/laboral-360x164.jpg 360w, https:\/\/candas365.es\/noticias\/wp-content\/uploads\/2024\/10\/laboral-150x68.jpg 150w, https:\/\/candas365.es\/noticias\/wp-content\/uploads\/2024\/10\/laboral-450x205.jpg 450w\" sizes=\"(max-width: 640px) 100vw, 640px\" \/><\/p>\n<p>Los expertos presentaron en D\u00fcsseldorf, en el oeste del pa\u00eds, un estudio sobre la llamada semana de cuatro d\u00edas, en el que m\u00e1s de cuarenta empresas y organizaciones alemanas introdujeron un nuevo modelo de jornada laboral durante seis meses a modo de prueba.<\/p>\n<p>La directora del estudio, Julia Backmann, de la Universidad de M\u00fcnster, afirm\u00f3 que la productividad se increment\u00f3 ligeramente y que tambi\u00e9n aument\u00f3 la satisfacci\u00f3n de los empleados.<\/p>\n<p>Los empleados encuestados tambi\u00e9n declararon que su salud mental y f\u00edsica hab\u00eda mejorado.<\/p>\n<p>Tras la introducci\u00f3n del nuevo modelo de jornada laboral, muchas empresas cambiaron sus procesos. Entre ellos se constat\u00f3 que celebraron menos reuniones internas o que estas fueron m\u00e1s breves.<\/p>\n<p>Sin embargo, la importancia del estudio de la Universidad de M\u00fcnster, en el que tambi\u00e9n particip\u00f3 la consultora de gesti\u00f3n Intrapren\u00f6r, es limitada, ya que las organizaciones participantes no son consideradas representativas del conjunto de la econom\u00eda alemana.<\/p>\n<p>Entre los participantes hubo guarder\u00edas, asesor\u00edas fiscales y estudios de arquitectura. El estudio cont\u00f3 con la participaci\u00f3n de un total de 900 personas.<\/p>\n<p>Las organizaciones eligieron distintos modelos de trabajo. Por t\u00e9rmino medio, redujeron su jornada semanal en algo menos de cuatro horas, es decir, media jornada.<\/p>\n<p>Un tercio de las organizaciones participantes optaron por una aut\u00e9ntica semana de cuatro d\u00edas, es decir, un 20 % menos de horas de trabajo con el mismo salario.<\/p>\n","protected":false},"excerpt":{"rendered":"<p>D\u00fcsseldorf (Alemania), 18 oct (dpa) &#8211; El hecho de que algunas empresas reduzcan ligeramente la jornada laboral de sus empleados y les sigan pagando su salario \u00edntegro puede resultar ventajoso para ambas partes, seg\u00fan los resultados de un estudio realizado en Alemania dados a conocer hoy. Los expertos presentaron en D\u00fcsseldorf, en el oeste del<\/p>\n","protected":false},"author":1,"featured_media":183645,"comment_status":"closed","ping_status":"closed","sticky":false,"template":"","format":"standard","meta":{"footnotes":""},"categories":[486],"tags":[417,437],"class_list":{"0":"post-183644","1":"post","2":"type-post","3":"status-publish","4":"format-standard","5":"has-post-thumbnail","7":"category-economia","8":"tag-alemania","9":"tag-economia"},"aioseo_notices":[],"aioseo_head":"\n\t\t<!-- All in One SEO Pro 4.9.6.2 - aioseo.com -->\n\t<meta name=\"description\" content=\"D\u00fcsseldorf (Alemania), 18 oct (dpa) - El hecho de que algunas empresas reduzcan ligeramente la jornada laboral de sus empleados y les sigan pagando su salario\" \/>\n\t<meta name=\"robots\" content=\"max-image-preview:large\" \/>\n\t<meta name=\"author\" content=\"Cand\u00e1s 365\"\/>\n\t<meta name=\"google-site-verification\" content=\"UA-32230408-1\" \/>\n\t<meta name=\"msvalidate.01\" content=\"354F3CDFB2DA171B47FBE9ABF1F88D5\" \/>\n\t<meta name=\"keywords\" content=\"econom\u00eda\" \/>\n\t<link rel=\"canonical\" href=\"https:\/\/candas365.es\/noticias\/un-estudio-aleman-subraya-las-ventajas-de-la-semana-laboral-de-cuatro-dias\/\" \/>\n\t<meta name=\"generator\" content=\"All in One SEO Pro (AIOSEO) 4.9.6.2\" \/>\n\t\t<meta property=\"og:locale\" content=\"es_ES\" \/>\n\t\t<meta property=\"og:site_name\" content=\"Cand\u00e1s 365\" \/>\n\t\t<meta property=\"og:type\" content=\"article\" \/>\n\t\t<meta property=\"og:title\" content=\"Un estudio alem\u00e1n subraya las ventajas de la semana laboral de cuatro d\u00edas | Cand\u00e1s 365\" \/>\n\t\t<meta property=\"og:description\" content=\"D\u00fcsseldorf (Alemania), 18 oct (dpa) - El hecho de que algunas empresas reduzcan ligeramente la jornada laboral de sus empleados y les sigan pagando su salario\" \/>\n\t\t<meta property=\"og:url\" content=\"https:\/\/candas365.es\/noticias\/un-estudio-aleman-subraya-las-ventajas-de-la-semana-laboral-de-cuatro-dias\/\" \/>\n\t\t<meta property=\"og:image\" content=\"https:\/\/candas365.es\/noticias\/wp-content\/uploads\/2024\/10\/laboral.jpg\" \/>\n\t\t<meta property=\"og:image:secure_url\" content=\"https:\/\/candas365.es\/noticias\/wp-content\/uploads\/2024\/10\/laboral.jpg\" \/>\n\t\t<meta property=\"og:image:width\" content=\"640\" \/>\n\t\t<meta property=\"og:image:height\" content=\"291\" \/>\n\t\t<meta property=\"article:published_time\" content=\"2024-10-20T21:46:22+00:00\" \/>\n\t\t<meta property=\"article:modified_time\" content=\"2024-10-20T21:47:27+00:00\" \/>\n\t\t<meta property=\"article:publisher\" content=\"https:\/\/www.facebook.com\/Nachofdezber\" \/>\n\t\t<meta property=\"article:author\" content=\"https:\/\/www.facebook.com\/carrenoactualidad\" \/>\n\t\t<meta name=\"twitter:card\" content=\"summary_large_image\" \/>\n\t\t<meta name=\"twitter:site\" content=\"@NabercoDigital\" \/>\n\t\t<meta name=\"twitter:title\" content=\"Un estudio alem\u00e1n subraya las ventajas de la semana laboral de cuatro d\u00edas | Cand\u00e1s 365\" \/>\n\t\t<meta name=\"twitter:description\" content=\"D\u00fcsseldorf (Alemania), 18 oct (dpa) - El hecho de que algunas empresas reduzcan ligeramente la jornada laboral de sus empleados y les sigan pagando su salario\" \/>\n\t\t<meta name=\"twitter:creator\" content=\"@nbasturias\" \/>\n\t\t<meta name=\"twitter:image\" content=\"https:\/\/candas365.es\/noticias\/wp-content\/uploads\/2024\/10\/laboral.jpg\" \/>\n\t\t<meta name=\"twitter:label1\" content=\"Escrito por\" \/>\n\t\t<meta name=\"twitter:data1\" content=\"Cand\u00e1s 365\" \/>\n\t\t<meta name=\"twitter:label2\" content=\"Tiempo de lectura estimado\" \/>\n\t\t<meta name=\"twitter:data2\" content=\"1 minuto\" \/>\n\t\t<script type=\"application\/ld+json\" class=\"aioseo-schema\">\n\t\t\t{\"@context\":\"https:\\\/\\\/schema.org\",\"@graph\":[{\"@type\":\"BreadcrumbList\",\"@id\":\"https:\\\/\\\/candas365.es\\\/noticias\\\/un-estudio-aleman-subraya-las-ventajas-de-la-semana-laboral-de-cuatro-dias\\\/#breadcrumblist\",\"itemListElement\":[{\"@type\":\"ListItem\",\"@id\":\"https:\\\/\\\/candas365.es\\\/noticias#listItem\",\"position\":1,\"name\":\"Home\",\"item\":\"https:\\\/\\\/candas365.es\\\/noticias\",\"nextItem\":{\"@type\":\"ListItem\",\"@id\":\"https:\\\/\\\/candas365.es\\\/noticias\\\/category\\\/economia\\\/#listItem\",\"name\":\"Econom\\u00eda\"}},{\"@type\":\"ListItem\",\"@id\":\"https:\\\/\\\/candas365.es\\\/noticias\\\/category\\\/economia\\\/#listItem\",\"position\":2,\"name\":\"Econom\\u00eda\",\"item\":\"https:\\\/\\\/candas365.es\\\/noticias\\\/category\\\/economia\\\/\",\"nextItem\":{\"@type\":\"ListItem\",\"@id\":\"https:\\\/\\\/candas365.es\\\/noticias\\\/un-estudio-aleman-subraya-las-ventajas-de-la-semana-laboral-de-cuatro-dias\\\/#listItem\",\"name\":\"Un estudio alem\\u00e1n subraya las ventajas de la semana laboral de cuatro d\\u00edas\"},\"previousItem\":{\"@type\":\"ListItem\",\"@id\":\"https:\\\/\\\/candas365.es\\\/noticias#listItem\",\"name\":\"Home\"}},{\"@type\":\"ListItem\",\"@id\":\"https:\\\/\\\/candas365.es\\\/noticias\\\/un-estudio-aleman-subraya-las-ventajas-de-la-semana-laboral-de-cuatro-dias\\\/#listItem\",\"position\":3,\"name\":\"Un estudio alem\\u00e1n subraya las ventajas de la semana laboral de cuatro d\\u00edas\",\"previousItem\":{\"@type\":\"ListItem\",\"@id\":\"https:\\\/\\\/candas365.es\\\/noticias\\\/category\\\/economia\\\/#listItem\",\"name\":\"Econom\\u00eda\"}}]},{\"@type\":\"NewsArticle\",\"@id\":\"https:\\\/\\\/candas365.es\\\/noticias\\\/un-estudio-aleman-subraya-las-ventajas-de-la-semana-laboral-de-cuatro-dias\\\/#newsarticle\",\"name\":\"Un estudio alem\\u00e1n subraya las ventajas de la semana laboral de cuatro d\\u00edas | Cand\\u00e1s 365\",\"headline\":\"Un estudio alem\\u00e1n subraya las ventajas de la semana laboral de cuatro d\\u00edas\",\"author\":{\"@id\":\"https:\\\/\\\/candas365.es\\\/noticias\\\/author\\\/admin\\\/#author\"},\"publisher\":{\"@id\":\"https:\\\/\\\/candas365.es\\\/noticias\\\/#organization\"},\"image\":{\"@type\":\"ImageObject\",\"url\":\"https:\\\/\\\/candas365.es\\\/noticias\\\/wp-content\\\/uploads\\\/2024\\\/10\\\/laboral.jpg\",\"width\":640,\"height\":291,\"caption\":\"semana laboral\"},\"datePublished\":\"2024-10-20T23:46:22+02:00\",\"dateModified\":\"2024-10-20T23:47:27+02:00\",\"inLanguage\":\"es-ES\",\"mainEntityOfPage\":{\"@id\":\"https:\\\/\\\/candas365.es\\\/noticias\\\/un-estudio-aleman-subraya-las-ventajas-de-la-semana-laboral-de-cuatro-dias\\\/#webpage\"},\"isPartOf\":{\"@id\":\"https:\\\/\\\/candas365.es\\\/noticias\\\/un-estudio-aleman-subraya-las-ventajas-de-la-semana-laboral-de-cuatro-dias\\\/#webpage\"},\"articleSection\":\"Econom\\u00eda, Alemania, Econom\\u00eda\",\"dateline\":\"Publicado el octubre 20, 2024.\"},{\"@type\":\"Organization\",\"@id\":\"https:\\\/\\\/candas365.es\\\/noticias\\\/#organization\",\"name\":\"Cand\\u00e1s 365\",\"description\":\"Cand\\u00e1s 365 es un diario digital independiente, fundado en 2012, con base en Asturias. Informamos con rigor sobre actualidad, sociedad, cultura y ocio, con una mirada local y global.\",\"url\":\"https:\\\/\\\/candas365.es\\\/noticias\\\/\",\"email\":\"info@candas365.es\",\"telephone\":\"+34652131393\",\"foundingDate\":\"2012-06-10\",\"logo\":{\"@type\":\"ImageObject\",\"url\":\"https:\\\/\\\/candas365.es\\\/noticias\\\/wp-content\\\/uploads\\\/2024\\\/09\\\/Candas-365-Redes.jpg\",\"@id\":\"https:\\\/\\\/candas365.es\\\/noticias\\\/un-estudio-aleman-subraya-las-ventajas-de-la-semana-laboral-de-cuatro-dias\\\/#organizationLogo\",\"width\":1152,\"height\":864,\"caption\":\"Cand\\u00e1s 365 Redes\"},\"image\":{\"@id\":\"https:\\\/\\\/candas365.es\\\/noticias\\\/un-estudio-aleman-subraya-las-ventajas-de-la-semana-laboral-de-cuatro-dias\\\/#organizationLogo\"},\"sameAs\":[\"https:\\\/\\\/www.facebook.com\\\/Nachofdezber\",\"https:\\\/\\\/x.com\\\/NabercoDigital\",\"https:\\\/\\\/www.instagram.com\\\/nachofdezber\\\/\",\"https:\\\/\\\/www.youtube.com\\\/channel\\\/UCZP-2wLEB9Rv6erhFmqVnvg\"],\"address\":{\"@id\":\"https:\\\/\\\/candas365.es\\\/noticias\\\/#postaladdress\",\"@type\":\"PostalAddress\",\"streetAddress\":\"san antonio 4, san antonio 4\",\"postalCode\":\"33430\",\"addressLocality\":\"Cand\\u00e1s\",\"addressRegion\":\"Asturias\",\"addressCountry\":\"ES\"}},{\"@type\":\"Person\",\"@id\":\"https:\\\/\\\/candas365.es\\\/noticias\\\/author\\\/admin\\\/#author\",\"url\":\"https:\\\/\\\/candas365.es\\\/noticias\\\/author\\\/admin\\\/\",\"name\":\"Cand\\u00e1s 365\",\"image\":{\"@type\":\"ImageObject\",\"@id\":\"https:\\\/\\\/candas365.es\\\/noticias\\\/un-estudio-aleman-subraya-las-ventajas-de-la-semana-laboral-de-cuatro-dias\\\/#authorImage\",\"url\":\"https:\\\/\\\/secure.gravatar.com\\\/avatar\\\/496a8e03d0c493ede1718b7934145dbdf8d89be1036b0eec9544e1094c9de390?s=96&d=mm&r=g\",\"width\":96,\"height\":96,\"caption\":\"Cand\\u00e1s 365\"},\"sameAs\":[\"https:\\\/\\\/www.facebook.com\\\/carrenoactualidad\",\"https:\\\/\\\/twitter.com\\\/nbasturias\",\"https:\\\/\\\/www.instagram.com\\\/nachofdezber\\\/\",\"https:\\\/\\\/www.youtube.com\\\/channel\\\/UCZP-2wLEB9Rv6erhFmqVnvg\"]},{\"@type\":\"WebPage\",\"@id\":\"https:\\\/\\\/candas365.es\\\/noticias\\\/un-estudio-aleman-subraya-las-ventajas-de-la-semana-laboral-de-cuatro-dias\\\/#webpage\",\"url\":\"https:\\\/\\\/candas365.es\\\/noticias\\\/un-estudio-aleman-subraya-las-ventajas-de-la-semana-laboral-de-cuatro-dias\\\/\",\"name\":\"Un estudio alem\\u00e1n subraya las ventajas de la semana laboral de cuatro d\\u00edas | Cand\\u00e1s 365\",\"description\":\"D\\u00fcsseldorf (Alemania), 18 oct (dpa) - El hecho de que algunas empresas reduzcan ligeramente la jornada laboral de sus empleados y les sigan pagando su salario\",\"inLanguage\":\"es-ES\",\"isPartOf\":{\"@id\":\"https:\\\/\\\/candas365.es\\\/noticias\\\/#website\"},\"breadcrumb\":{\"@id\":\"https:\\\/\\\/candas365.es\\\/noticias\\\/un-estudio-aleman-subraya-las-ventajas-de-la-semana-laboral-de-cuatro-dias\\\/#breadcrumblist\"},\"author\":{\"@id\":\"https:\\\/\\\/candas365.es\\\/noticias\\\/author\\\/admin\\\/#author\"},\"creator\":{\"@id\":\"https:\\\/\\\/candas365.es\\\/noticias\\\/author\\\/admin\\\/#author\"},\"image\":{\"@type\":\"ImageObject\",\"url\":\"https:\\\/\\\/candas365.es\\\/noticias\\\/wp-content\\\/uploads\\\/2024\\\/10\\\/laboral.jpg\",\"@id\":\"https:\\\/\\\/candas365.es\\\/noticias\\\/un-estudio-aleman-subraya-las-ventajas-de-la-semana-laboral-de-cuatro-dias\\\/#mainImage\",\"width\":640,\"height\":291,\"caption\":\"semana laboral\"},\"primaryImageOfPage\":{\"@id\":\"https:\\\/\\\/candas365.es\\\/noticias\\\/un-estudio-aleman-subraya-las-ventajas-de-la-semana-laboral-de-cuatro-dias\\\/#mainImage\"},\"datePublished\":\"2024-10-20T23:46:22+02:00\",\"dateModified\":\"2024-10-20T23:47:27+02:00\"},{\"@type\":\"WebSite\",\"@id\":\"https:\\\/\\\/candas365.es\\\/noticias\\\/#website\",\"url\":\"https:\\\/\\\/candas365.es\\\/noticias\\\/\",\"name\":\"Cand\\u00e1s 365\",\"alternateName\":\"Cand\\u00e1s 365 Noticias\",\"description\":\"Actualidad desde Carre\\u00f1o para el mundo\",\"inLanguage\":\"es-ES\",\"publisher\":{\"@id\":\"https:\\\/\\\/candas365.es\\\/noticias\\\/#organization\"}}]}\n\t\t<\/script>\n\t\t<!-- All in One SEO Pro -->\r\n\t\t<title>Un estudio alem\u00e1n subraya las ventajas de la semana laboral de cuatro d\u00edas | Cand\u00e1s 365<\/title>\n\n","aioseo_head_json":{"title":"Un estudio alem\u00e1n subraya las ventajas de la semana laboral de cuatro d\u00edas | Cand\u00e1s 365","description":"D\u00fcsseldorf (Alemania), 18 oct (dpa) - El hecho de que algunas empresas reduzcan ligeramente la jornada laboral de sus empleados y les sigan pagando su salario","canonical_url":"https:\/\/candas365.es\/noticias\/un-estudio-aleman-subraya-las-ventajas-de-la-semana-laboral-de-cuatro-dias\/","robots":"max-image-preview:large","keywords":"econom\u00eda","webmasterTools":{"google-site-verification":"UA-32230408-1","msvalidate.01":"354F3CDFB2DA171B47FBE9ABF1F88D5","miscellaneous":""},"schema":{"@context":"https:\/\/schema.org","@graph":[{"@type":"BreadcrumbList","@id":"https:\/\/candas365.es\/noticias\/un-estudio-aleman-subraya-las-ventajas-de-la-semana-laboral-de-cuatro-dias\/#breadcrumblist","itemListElement":[{"@type":"ListItem","@id":"https:\/\/candas365.es\/noticias#listItem","position":1,"name":"Home","item":"https:\/\/candas365.es\/noticias","nextItem":{"@type":"ListItem","@id":"https:\/\/candas365.es\/noticias\/category\/economia\/#listItem","name":"Econom\u00eda"}},{"@type":"ListItem","@id":"https:\/\/candas365.es\/noticias\/category\/economia\/#listItem","position":2,"name":"Econom\u00eda","item":"https:\/\/candas365.es\/noticias\/category\/economia\/","nextItem":{"@type":"ListItem","@id":"https:\/\/candas365.es\/noticias\/un-estudio-aleman-subraya-las-ventajas-de-la-semana-laboral-de-cuatro-dias\/#listItem","name":"Un estudio alem\u00e1n subraya las ventajas de la semana laboral de cuatro d\u00edas"},"previousItem":{"@type":"ListItem","@id":"https:\/\/candas365.es\/noticias#listItem","name":"Home"}},{"@type":"ListItem","@id":"https:\/\/candas365.es\/noticias\/un-estudio-aleman-subraya-las-ventajas-de-la-semana-laboral-de-cuatro-dias\/#listItem","position":3,"name":"Un estudio alem\u00e1n subraya las ventajas de la semana laboral de cuatro d\u00edas","previousItem":{"@type":"ListItem","@id":"https:\/\/candas365.es\/noticias\/category\/economia\/#listItem","name":"Econom\u00eda"}}]},{"@type":"NewsArticle","@id":"https:\/\/candas365.es\/noticias\/un-estudio-aleman-subraya-las-ventajas-de-la-semana-laboral-de-cuatro-dias\/#newsarticle","name":"Un estudio alem\u00e1n subraya las ventajas de la semana laboral de cuatro d\u00edas | Cand\u00e1s 365","headline":"Un estudio alem\u00e1n subraya las ventajas de la semana laboral de cuatro d\u00edas","author":{"@id":"https:\/\/candas365.es\/noticias\/author\/admin\/#author"},"publisher":{"@id":"https:\/\/candas365.es\/noticias\/#organization"},"image":{"@type":"ImageObject","url":"https:\/\/candas365.es\/noticias\/wp-content\/uploads\/2024\/10\/laboral.jpg","width":640,"height":291,"caption":"semana laboral"},"datePublished":"2024-10-20T23:46:22+02:00","dateModified":"2024-10-20T23:47:27+02:00","inLanguage":"es-ES","mainEntityOfPage":{"@id":"https:\/\/candas365.es\/noticias\/un-estudio-aleman-subraya-las-ventajas-de-la-semana-laboral-de-cuatro-dias\/#webpage"},"isPartOf":{"@id":"https:\/\/candas365.es\/noticias\/un-estudio-aleman-subraya-las-ventajas-de-la-semana-laboral-de-cuatro-dias\/#webpage"},"articleSection":"Econom\u00eda, Alemania, Econom\u00eda","dateline":"Publicado el octubre 20, 2024."},{"@type":"Organization","@id":"https:\/\/candas365.es\/noticias\/#organization","name":"Cand\u00e1s 365","description":"Cand\u00e1s 365 es un diario digital independiente, fundado en 2012, con base en Asturias. Informamos con rigor sobre actualidad, sociedad, cultura y ocio, con una mirada local y global.","url":"https:\/\/candas365.es\/noticias\/","email":"info@candas365.es","telephone":"+34652131393","foundingDate":"2012-06-10","logo":{"@type":"ImageObject","url":"https:\/\/candas365.es\/noticias\/wp-content\/uploads\/2024\/09\/Candas-365-Redes.jpg","@id":"https:\/\/candas365.es\/noticias\/un-estudio-aleman-subraya-las-ventajas-de-la-semana-laboral-de-cuatro-dias\/#organizationLogo","width":1152,"height":864,"caption":"Cand\u00e1s 365 Redes"},"image":{"@id":"https:\/\/candas365.es\/noticias\/un-estudio-aleman-subraya-las-ventajas-de-la-semana-laboral-de-cuatro-dias\/#organizationLogo"},"sameAs":["https:\/\/www.facebook.com\/Nachofdezber","https:\/\/x.com\/NabercoDigital","https:\/\/www.instagram.com\/nachofdezber\/","https:\/\/www.youtube.com\/channel\/UCZP-2wLEB9Rv6erhFmqVnvg"],"address":{"@id":"https:\/\/candas365.es\/noticias\/#postaladdress","@type":"PostalAddress","streetAddress":"san antonio 4, san antonio 4","postalCode":"33430","addressLocality":"Cand\u00e1s","addressRegion":"Asturias","addressCountry":"ES"}},{"@type":"Person","@id":"https:\/\/candas365.es\/noticias\/author\/admin\/#author","url":"https:\/\/candas365.es\/noticias\/author\/admin\/","name":"Cand\u00e1s 365","image":{"@type":"ImageObject","@id":"https:\/\/candas365.es\/noticias\/un-estudio-aleman-subraya-las-ventajas-de-la-semana-laboral-de-cuatro-dias\/#authorImage","url":"https:\/\/secure.gravatar.com\/avatar\/496a8e03d0c493ede1718b7934145dbdf8d89be1036b0eec9544e1094c9de390?s=96&d=mm&r=g","width":96,"height":96,"caption":"Cand\u00e1s 365"},"sameAs":["https:\/\/www.facebook.com\/carrenoactualidad","https:\/\/twitter.com\/nbasturias","https:\/\/www.instagram.com\/nachofdezber\/","https:\/\/www.youtube.com\/channel\/UCZP-2wLEB9Rv6erhFmqVnvg"]},{"@type":"WebPage","@id":"https:\/\/candas365.es\/noticias\/un-estudio-aleman-subraya-las-ventajas-de-la-semana-laboral-de-cuatro-dias\/#webpage","url":"https:\/\/candas365.es\/noticias\/un-estudio-aleman-subraya-las-ventajas-de-la-semana-laboral-de-cuatro-dias\/","name":"Un estudio alem\u00e1n subraya las ventajas de la semana laboral de cuatro d\u00edas | Cand\u00e1s 365","description":"D\u00fcsseldorf (Alemania), 18 oct (dpa) - El hecho de que algunas empresas reduzcan ligeramente la jornada laboral de sus empleados y les sigan pagando su salario","inLanguage":"es-ES","isPartOf":{"@id":"https:\/\/candas365.es\/noticias\/#website"},"breadcrumb":{"@id":"https:\/\/candas365.es\/noticias\/un-estudio-aleman-subraya-las-ventajas-de-la-semana-laboral-de-cuatro-dias\/#breadcrumblist"},"author":{"@id":"https:\/\/candas365.es\/noticias\/author\/admin\/#author"},"creator":{"@id":"https:\/\/candas365.es\/noticias\/author\/admin\/#author"},"image":{"@type":"ImageObject","url":"https:\/\/candas365.es\/noticias\/wp-content\/uploads\/2024\/10\/laboral.jpg","@id":"https:\/\/candas365.es\/noticias\/un-estudio-aleman-subraya-las-ventajas-de-la-semana-laboral-de-cuatro-dias\/#mainImage","width":640,"height":291,"caption":"semana laboral"},"primaryImageOfPage":{"@id":"https:\/\/candas365.es\/noticias\/un-estudio-aleman-subraya-las-ventajas-de-la-semana-laboral-de-cuatro-dias\/#mainImage"},"datePublished":"2024-10-20T23:46:22+02:00","dateModified":"2024-10-20T23:47:27+02:00"},{"@type":"WebSite","@id":"https:\/\/candas365.es\/noticias\/#website","url":"https:\/\/candas365.es\/noticias\/","name":"Cand\u00e1s 365","alternateName":"Cand\u00e1s 365 Noticias","description":"Actualidad desde Carre\u00f1o para el mundo","inLanguage":"es-ES","publisher":{"@id":"https:\/\/candas365.es\/noticias\/#organization"}}]},"og:locale":"es_ES","og:site_name":"Cand\u00e1s 365","og:type":"article","og:title":"Un estudio alem\u00e1n subraya las ventajas de la semana laboral de cuatro d\u00edas | Cand\u00e1s 365","og:description":"D\u00fcsseldorf (Alemania), 18 oct (dpa) - El hecho de que algunas empresas reduzcan ligeramente la jornada laboral de sus empleados y les sigan pagando su salario","og:url":"https:\/\/candas365.es\/noticias\/un-estudio-aleman-subraya-las-ventajas-de-la-semana-laboral-de-cuatro-dias\/","og:image":"https:\/\/candas365.es\/noticias\/wp-content\/uploads\/2024\/10\/laboral.jpg","og:image:secure_url":"https:\/\/candas365.es\/noticias\/wp-content\/uploads\/2024\/10\/laboral.jpg","og:image:width":640,"og:image:height":291,"article:published_time":"2024-10-20T21:46:22+00:00","article:modified_time":"2024-10-20T21:47:27+00:00","article:publisher":"https:\/\/www.facebook.com\/Nachofdezber","article:author":"https:\/\/www.facebook.com\/carrenoactualidad","twitter:card":"summary_large_image","twitter:site":"@NabercoDigital","twitter:title":"Un estudio alem\u00e1n subraya las ventajas de la semana laboral de cuatro d\u00edas | Cand\u00e1s 365","twitter:description":"D\u00fcsseldorf (Alemania), 18 oct (dpa) - El hecho de que algunas empresas reduzcan ligeramente la jornada laboral de sus empleados y les sigan pagando su salario","twitter:creator":"@nbasturias","twitter:image":"https:\/\/candas365.es\/noticias\/wp-content\/uploads\/2024\/10\/laboral.jpg","twitter:label1":"Escrito por","twitter:data1":"Cand\u00e1s 365","twitter:label2":"Tiempo de lectura estimado","twitter:data2":"1 minuto"},"aioseo_meta_data":{"post_id":"183644","title":null,"description":"D\u00fcsseldorf (Alemania), 18 oct (dpa) - El hecho de que algunas empresas reduzcan ligeramente la jornada laboral de sus empleados y les sigan pagando su salario","keywords":null,"keyphrases":{"focus":{"keyphrase":"laboral","score":100,"analysis":{"keyphraseInTitle":{"score":9,"maxScore":9,"error":0},"keyphraseInDescription":{"score":9,"maxScore":9,"error":0},"keyphraseLength":{"score":9,"maxScore":9,"error":0,"length":1},"keyphraseInURL":{"score":5,"maxScore":5,"error":0},"keyphraseInIntroduction":{"score":9,"maxScore":9,"error":0},"keyphraseInSubHeadings":[],"keyphraseInImageAlt":{"score":9,"maxScore":9,"error":0},"keywordDensity":{"type":"best","score":9,"maxScore":9,"error":0}}},"additional":[{"keyphrase":"laboral","score":100,"analysis":{"keyphraseInDescription":{"score":9,"maxScore":9,"error":0},"keyphraseLength":{"score":9,"maxScore":9,"error":0,"length":1},"keyphraseInIntroduction":{"score":9,"maxScore":9,"error":0},"keyphraseInImageAlt":{"score":9,"maxScore":9,"error":0},"keywordDensity":{"type":"best","score":9,"maxScore":9,"error":0}}}]},"primary_term":null,"canonical_url":null,"og_title":null,"og_description":null,"og_object_type":"default","og_image_type":"default","og_image_url":null,"og_image_width":null,"og_image_height":null,"og_image_custom_url":null,"og_image_custom_fields":null,"og_video":"","og_custom_url":null,"og_article_section":null,"og_article_tags":null,"twitter_use_og":false,"twitter_card":"default","twitter_image_type":"default","twitter_image_url":null,"twitter_image_custom_url":null,"twitter_image_custom_fields":null,"twitter_title":null,"twitter_description":null,"schema":{"blockGraphs":[],"customGraphs":[],"default":{"data":{"Article":[],"Course":[],"Dataset":[],"FAQPage":[],"Movie":[],"Person":[],"Product":[],"ProductReview":[],"Car":[],"Recipe":[],"Service":[],"SoftwareApplication":[],"WebPage":[]},"graphName":"Article","isEnabled":true},"graphs":[]},"schema_type":"default","schema_type_options":null,"pillar_content":false,"robots_default":true,"robots_noindex":false,"robots_noarchive":false,"robots_nosnippet":false,"robots_nofollow":false,"robots_noimageindex":false,"robots_noodp":false,"robots_notranslate":false,"robots_max_snippet":"-1","robots_max_videopreview":"-1","robots_max_imagepreview":"large","priority":null,"frequency":"default","location":null,"local_seo":null,"seo_analyzer_scan_date":"2025-09-03 07:36:56","breadcrumb_settings":null,"limit_modified_date":false,"reviewed_by":null,"open_ai":"{\"title\":{\"suggestions\":[],\"usage\":0},\"description\":{\"suggestions\":[],\"usage\":0}}","ai":null,"created":"2024-10-20 21:40:14","updated":"2025-09-03 07:36:56"},"aioseo_breadcrumb":"<div class=\"aioseo-breadcrumbs\"><span class=\"aioseo-breadcrumb\">\n\t<a href=\"https:\/\/candas365.es\/noticias\" title=\"Home\">Home<\/a>\n<\/span><span class=\"aioseo-breadcrumb-separator\">&ndash;<\/span><span class=\"aioseo-breadcrumb\">\n\t<a href=\"https:\/\/candas365.es\/noticias\/category\/economia\/\" title=\"Econom\u00eda\">Econom\u00eda<\/a>\n<\/span><span class=\"aioseo-breadcrumb-separator\">&ndash;<\/span><span class=\"aioseo-breadcrumb\">\n\tUn estudio alem\u00e1n subraya las ventajas de la semana laboral de cuatro d\u00edas\n<\/span><\/div>","aioseo_breadcrumb_json":[{"label":"Home","link":"https:\/\/candas365.es\/noticias"},{"label":"Econom\u00eda","link":"https:\/\/candas365.es\/noticias\/category\/economia\/"},{"label":"Un estudio alem\u00e1n subraya las ventajas de la semana laboral de cuatro d\u00edas","link":"https:\/\/candas365.es\/noticias\/un-estudio-aleman-subraya-las-ventajas-de-la-semana-laboral-de-cuatro-dias\/"}],"_links":{"self":[{"href":"https:\/\/candas365.es\/noticias\/wp-json\/wp\/v2\/posts\/183644","targetHints":{"allow":["GET"]}}],"collection":[{"href":"https:\/\/candas365.es\/noticias\/wp-json\/wp\/v2\/posts"}],"about":[{"href":"https:\/\/candas365.es\/noticias\/wp-json\/wp\/v2\/types\/post"}],"author":[{"embeddable":true,"href":"https:\/\/candas365.es\/noticias\/wp-json\/wp\/v2\/users\/1"}],"replies":[{"embeddable":true,"href":"https:\/\/candas365.es\/noticias\/wp-json\/wp\/v2\/comments?post=183644"}],"version-history":[{"count":0,"href":"https:\/\/candas365.es\/noticias\/wp-json\/wp\/v2\/posts\/183644\/revisions"}],"wp:featuredmedia":[{"embeddable":true,"href":"https:\/\/candas365.es\/noticias\/wp-json\/wp\/v2\/media\/183645"}],"wp:attachment":[{"href":"https:\/\/candas365.es\/noticias\/wp-json\/wp\/v2\/media?parent=183644"}],"wp:term":[{"taxonomy":"category","embeddable":true,"href":"https:\/\/candas365.es\/noticias\/wp-json\/wp\/v2\/categories?post=183644"},{"taxonomy":"post_tag","embeddable":true,"href":"https:\/\/candas365.es\/noticias\/wp-json\/wp\/v2\/tags?post=183644"}],"curies":[{"name":"wp","href":"https:\/\/api.w.org\/{rel}","templated":true}]}}