{"id":183566,"date":"2024-10-16T06:49:55","date_gmt":"2024-10-16T04:49:55","guid":{"rendered":"https:\/\/candas365.es\/noticias\/?p=183566"},"modified":"2024-10-16T06:49:55","modified_gmt":"2024-10-16T04:49:55","slug":"el-domingo-comenzara-corveradanza","status":"publish","type":"post","link":"https:\/\/candas365.es\/noticias\/el-domingo-comenzara-corveradanza\/","title":{"rendered":"El domingo comenzar\u00e1 \u00abCorveradanza\u00bb"},"content":{"rendered":"<p>El <span style=\"color: #ff6600;\"><a style=\"color: #ff6600;\" title=\"Ayuntamiento de Corvera\" href=\"https:\/\/www.corvera.es\/\" target=\"_blank\" rel=\"noopener\"><strong>Ayuntamiento de Corvera<\/strong><\/a><\/span> ha informado de que el pr\u00f3ximo <span style=\"color: #ff6600;\"><strong><a style=\"color: #ff6600;\" href=\"https:\/\/candas365.es\/noticias\/category\/agenda\/\">domingo<\/a><\/strong><\/span> comenzar\u00e1 la nueva programaci\u00f3n de <strong>\u201cCorveradanza<\/strong>\u201d con el espect\u00e1culo \u201c\u00a1Aire!\u201d de Producciones Nun Tris.<\/p>\n<figure id=\"attachment_183567\" aria-describedby=\"caption-attachment-183567\" style=\"width: 478px\" class=\"wp-caption aligncenter\"><img fetchpriority=\"high\" decoding=\"async\" class=\"wp-image-183567 size-full\" src=\"https:\/\/candas365.es\/noticias\/wp-content\/uploads\/2024\/10\/Corveradanza.jpg\" alt=\"Corveradanza\" width=\"478\" height=\"674\" srcset=\"https:\/\/candas365.es\/noticias\/wp-content\/uploads\/2024\/10\/Corveradanza.jpg 478w, https:\/\/candas365.es\/noticias\/wp-content\/uploads\/2024\/10\/Corveradanza-213x300.jpg 213w, https:\/\/candas365.es\/noticias\/wp-content\/uploads\/2024\/10\/Corveradanza-340x480.jpg 340w, https:\/\/candas365.es\/noticias\/wp-content\/uploads\/2024\/10\/Corveradanza-150x212.jpg 150w, https:\/\/candas365.es\/noticias\/wp-content\/uploads\/2024\/10\/Corveradanza-450x635.jpg 450w\" sizes=\"(max-width: 478px) 100vw, 478px\" \/><figcaption id=\"caption-attachment-183567\" class=\"wp-caption-text\">Foto: Prensa Ayuntamiento de Corvera<\/figcaption><\/figure>\n<p>De la mano del circuito auton\u00f3mico Asturies Cultura en Rede, Corvera acoge este domingo el espect\u00e1culo \u201c\u00a1Aire!\u201d de Producciones Nun Tris, con el que el Ayuntamiento inicia la programaci\u00f3n de \u201cCorveradanza\u201d.<strong> El Gobierno local replica un a\u00f1o m\u00e1s su propuesta cultural para acercar la danza a todos los p\u00fablicos, con convocatorias que en este caso se prolongar\u00e1n hasta el mes de noviembre.<\/strong><\/p>\n<p><strong>\u201c\u00a1Aire!\u201d se representar\u00e1 este domingo 20 de octubre a las 19:00 horas en el teatro El Llar de Las Vegas, con entrada libre y gratuita hasta completar aforo.<\/strong> \u201cLa primera cita de Corveradanza ser\u00e1 este domingo gracias a la presencia de Nun Ris que nos ofrecer\u00e1 su espect\u00e1culo Aire, pero habr\u00e1 m\u00e1s actividades, como el festival que est\u00e1 previsto para el mi\u00e9rcoles d\u00eda 23 de octubre, en El Llar, a partir de las siete de la tarde, en el que habr\u00e1 actuaciones de la academia de baile Chass\u00e9, de La Caracola y tambi\u00e9n del grupo Total Freak. Nuestro objetivo con este ciclo sigue siendo el de familiarizar al p\u00fablico en general con la danza a trav\u00e9s tanto de compa\u00f1\u00edas profesionales como amateurs, dando cabida adem\u00e1s a nuestros talentos locales\u201d, adelant\u00f3 Jos\u00e9 Luis Montes, concejal de Cultura del Ayuntamiento de Corvera.<\/p>\n<p>En cuanto a la propuesta de Nun Tris y su espect\u00e1culo \u00a1Aire! \u201ceste sintoniza con una corriente creativa in\u00e9dita hasta el momento en nuestra comunidad, y que se viene dando en algunas comunidades como Euskadi o Galicia, donde grupos y compa\u00f1\u00edas de prestigio se plantean investigar sobre las tradiciones de sus territorios, no solo en cuanto a danza sino tambi\u00e9n sobre costumbres populares y otras muestras, pero d\u00e1ndole siempre una lectura contempor\u00e1nea donde lo popular y tradicional no muere porque se adapta a las nuevas formas de vida y de expresi\u00f3n (\u2026). En el espect\u00e1culo \u00a1Aire! la visibilidad de lo tradicional y\/o popular est\u00e1 apoyada en una idea central o l\u00ednea de acci\u00f3n que es la que lleva a la creaci\u00f3n de las coreograf\u00edas y de las secuencias que en ella se dan. Se parte de la idea del ruinismo o post-cat\u00e1strofe, y se identifica con la realidad inmediata; esto es, el lugar donde se desarrolla la acci\u00f3n realmente, en este caso Asturias, que padece las consecuencias del abandono y del olvido; desde esa situaci\u00f3n inicial se trata de perfilar un nuevo horizonte donde se puedan reconocer las nuevas vivencias de una manera clara y n\u00edtida. Para llegar a este punto, la dramaturgia empez\u00f3 a crearse a partir de \u201csecuencias de memoria\u201d. Partiendo de la premisa de la verdad esc\u00e9nica, estas secuencias, que coincidir\u00e1n con las que se plantean en el espect\u00e1culo final, se tratan como trozos de realidad perdida en un caos, como huellas en las que nos reconocemos\u201d<\/p>\n","protected":false},"excerpt":{"rendered":"<p>El Ayuntamiento de Corvera ha informado de que el pr\u00f3ximo domingo comenzar\u00e1 la nueva programaci\u00f3n de \u201cCorveradanza\u201d con el espect\u00e1culo \u201c\u00a1Aire!\u201d de Producciones Nun Tris. De la mano del circuito auton\u00f3mico Asturies Cultura en Rede, Corvera acoge este domingo el espect\u00e1culo \u201c\u00a1Aire!\u201d de Producciones Nun Tris, con el que el Ayuntamiento inicia la programaci\u00f3n de<\/p>\n","protected":false},"author":1,"featured_media":183567,"comment_status":"closed","ping_status":"closed","sticky":false,"template":"","format":"standard","meta":{"footnotes":""},"categories":[1],"tags":[540],"class_list":{"0":"post-183566","1":"post","2":"type-post","3":"status-publish","4":"format-standard","5":"has-post-thumbnail","7":"category-agenda","8":"tag-corvera"},"aioseo_notices":[],"aioseo_head":"\n\t\t<!-- All in One SEO Pro 4.9.6.2 - aioseo.com -->\n\t<meta name=\"description\" content=\"El Ayuntamiento de Corvera ha informado de que el pr\u00f3ximo domingo comenzar\u00e1 la nueva programaci\u00f3n de \u201cCorveradanza\u201d con el espect\u00e1culo\" \/>\n\t<meta name=\"robots\" content=\"max-image-preview:large\" \/>\n\t<meta name=\"author\" content=\"Cand\u00e1s 365\"\/>\n\t<meta name=\"google-site-verification\" content=\"UA-32230408-1\" \/>\n\t<meta name=\"msvalidate.01\" content=\"354F3CDFB2DA171B47FBE9ABF1F88D5\" \/>\n\t<meta name=\"keywords\" content=\"agenda\" \/>\n\t<link rel=\"canonical\" href=\"https:\/\/candas365.es\/noticias\/el-domingo-comenzara-corveradanza\/\" \/>\n\t<meta name=\"generator\" content=\"All in One SEO Pro (AIOSEO) 4.9.6.2\" \/>\n\t\t<meta property=\"og:locale\" content=\"es_ES\" \/>\n\t\t<meta property=\"og:site_name\" content=\"Cand\u00e1s 365\" \/>\n\t\t<meta property=\"og:type\" content=\"article\" \/>\n\t\t<meta property=\"og:title\" content=\"El domingo comenzar\u00e1 \u00abCorveradanza\u00bb | Cand\u00e1s 365\" \/>\n\t\t<meta property=\"og:description\" content=\"El Ayuntamiento de Corvera ha informado de que el pr\u00f3ximo domingo comenzar\u00e1 la nueva programaci\u00f3n de \u201cCorveradanza\u201d con el espect\u00e1culo\" \/>\n\t\t<meta property=\"og:url\" content=\"https:\/\/candas365.es\/noticias\/el-domingo-comenzara-corveradanza\/\" \/>\n\t\t<meta property=\"og:image\" content=\"https:\/\/candas365.es\/noticias\/wp-content\/uploads\/2024\/10\/Corveradanza.jpg\" \/>\n\t\t<meta property=\"og:image:secure_url\" content=\"https:\/\/candas365.es\/noticias\/wp-content\/uploads\/2024\/10\/Corveradanza.jpg\" \/>\n\t\t<meta property=\"og:image:width\" content=\"478\" \/>\n\t\t<meta property=\"og:image:height\" content=\"674\" \/>\n\t\t<meta property=\"article:published_time\" content=\"2024-10-16T04:49:55+00:00\" \/>\n\t\t<meta property=\"article:modified_time\" content=\"2024-10-16T04:49:55+00:00\" \/>\n\t\t<meta property=\"article:publisher\" content=\"https:\/\/www.facebook.com\/Nachofdezber\" \/>\n\t\t<meta property=\"article:author\" content=\"https:\/\/www.facebook.com\/carrenoactualidad\" \/>\n\t\t<meta name=\"twitter:card\" content=\"summary_large_image\" \/>\n\t\t<meta name=\"twitter:site\" content=\"@NabercoDigital\" \/>\n\t\t<meta name=\"twitter:title\" content=\"El domingo comenzar\u00e1 \u00abCorveradanza\u00bb | Cand\u00e1s 365\" \/>\n\t\t<meta name=\"twitter:description\" content=\"El Ayuntamiento de Corvera ha informado de que el pr\u00f3ximo domingo comenzar\u00e1 la nueva programaci\u00f3n de \u201cCorveradanza\u201d con el espect\u00e1culo\" \/>\n\t\t<meta name=\"twitter:creator\" content=\"@nbasturias\" \/>\n\t\t<meta name=\"twitter:image\" content=\"https:\/\/candas365.es\/noticias\/wp-content\/uploads\/2024\/10\/Corveradanza.jpg\" \/>\n\t\t<meta name=\"twitter:label1\" content=\"Escrito por\" \/>\n\t\t<meta name=\"twitter:data1\" content=\"Cand\u00e1s 365\" \/>\n\t\t<meta name=\"twitter:label2\" content=\"Tiempo de lectura estimado\" \/>\n\t\t<meta name=\"twitter:data2\" content=\"3 minutos\" \/>\n\t\t<script type=\"application\/ld+json\" class=\"aioseo-schema\">\n\t\t\t{\"@context\":\"https:\\\/\\\/schema.org\",\"@graph\":[{\"@type\":\"BreadcrumbList\",\"@id\":\"https:\\\/\\\/candas365.es\\\/noticias\\\/el-domingo-comenzara-corveradanza\\\/#breadcrumblist\",\"itemListElement\":[{\"@type\":\"ListItem\",\"@id\":\"https:\\\/\\\/candas365.es\\\/noticias#listItem\",\"position\":1,\"name\":\"Home\",\"item\":\"https:\\\/\\\/candas365.es\\\/noticias\",\"nextItem\":{\"@type\":\"ListItem\",\"@id\":\"https:\\\/\\\/candas365.es\\\/noticias\\\/category\\\/agenda\\\/#listItem\",\"name\":\"Agenda\"}},{\"@type\":\"ListItem\",\"@id\":\"https:\\\/\\\/candas365.es\\\/noticias\\\/category\\\/agenda\\\/#listItem\",\"position\":2,\"name\":\"Agenda\",\"item\":\"https:\\\/\\\/candas365.es\\\/noticias\\\/category\\\/agenda\\\/\",\"nextItem\":{\"@type\":\"ListItem\",\"@id\":\"https:\\\/\\\/candas365.es\\\/noticias\\\/el-domingo-comenzara-corveradanza\\\/#listItem\",\"name\":\"El domingo comenzar\\u00e1 \\u00abCorveradanza\\u00bb\"},\"previousItem\":{\"@type\":\"ListItem\",\"@id\":\"https:\\\/\\\/candas365.es\\\/noticias#listItem\",\"name\":\"Home\"}},{\"@type\":\"ListItem\",\"@id\":\"https:\\\/\\\/candas365.es\\\/noticias\\\/el-domingo-comenzara-corveradanza\\\/#listItem\",\"position\":3,\"name\":\"El domingo comenzar\\u00e1 \\u00abCorveradanza\\u00bb\",\"previousItem\":{\"@type\":\"ListItem\",\"@id\":\"https:\\\/\\\/candas365.es\\\/noticias\\\/category\\\/agenda\\\/#listItem\",\"name\":\"Agenda\"}}]},{\"@type\":\"NewsArticle\",\"@id\":\"https:\\\/\\\/candas365.es\\\/noticias\\\/el-domingo-comenzara-corveradanza\\\/#newsarticle\",\"name\":\"El domingo comenzar\\u00e1 \\u00abCorveradanza\\u00bb | Cand\\u00e1s 365\",\"headline\":\"El domingo comenzar\\u00e1 \\u00abCorveradanza\\u00bb\",\"author\":{\"@id\":\"https:\\\/\\\/candas365.es\\\/noticias\\\/author\\\/admin\\\/#author\"},\"publisher\":{\"@id\":\"https:\\\/\\\/candas365.es\\\/noticias\\\/#organization\"},\"image\":{\"@type\":\"ImageObject\",\"url\":\"https:\\\/\\\/candas365.es\\\/noticias\\\/wp-content\\\/uploads\\\/2024\\\/10\\\/Corveradanza.jpg\",\"width\":478,\"height\":674,\"caption\":\"Foto: Prensa Ayuntamiento de Corvera\"},\"datePublished\":\"2024-10-16T06:49:55+02:00\",\"dateModified\":\"2024-10-16T06:49:55+02:00\",\"inLanguage\":\"es-ES\",\"mainEntityOfPage\":{\"@id\":\"https:\\\/\\\/candas365.es\\\/noticias\\\/el-domingo-comenzara-corveradanza\\\/#webpage\"},\"isPartOf\":{\"@id\":\"https:\\\/\\\/candas365.es\\\/noticias\\\/el-domingo-comenzara-corveradanza\\\/#webpage\"},\"articleSection\":\"Agenda, Corvera\",\"dateline\":\"Publicado el octubre 16, 2024.\"},{\"@type\":\"Organization\",\"@id\":\"https:\\\/\\\/candas365.es\\\/noticias\\\/#organization\",\"name\":\"Cand\\u00e1s 365\",\"description\":\"Cand\\u00e1s 365 es un diario digital independiente, fundado en 2012, con base en Asturias. Informamos con rigor sobre actualidad, sociedad, cultura y ocio, con una mirada local y global.\",\"url\":\"https:\\\/\\\/candas365.es\\\/noticias\\\/\",\"email\":\"info@candas365.es\",\"telephone\":\"+34652131393\",\"foundingDate\":\"2012-06-10\",\"logo\":{\"@type\":\"ImageObject\",\"url\":\"https:\\\/\\\/candas365.es\\\/noticias\\\/wp-content\\\/uploads\\\/2024\\\/09\\\/Candas-365-Redes.jpg\",\"@id\":\"https:\\\/\\\/candas365.es\\\/noticias\\\/el-domingo-comenzara-corveradanza\\\/#organizationLogo\",\"width\":1152,\"height\":864,\"caption\":\"Cand\\u00e1s 365 Redes\"},\"image\":{\"@id\":\"https:\\\/\\\/candas365.es\\\/noticias\\\/el-domingo-comenzara-corveradanza\\\/#organizationLogo\"},\"sameAs\":[\"https:\\\/\\\/www.facebook.com\\\/Nachofdezber\",\"https:\\\/\\\/x.com\\\/NabercoDigital\",\"https:\\\/\\\/www.instagram.com\\\/nachofdezber\\\/\",\"https:\\\/\\\/www.youtube.com\\\/channel\\\/UCZP-2wLEB9Rv6erhFmqVnvg\"],\"address\":{\"@id\":\"https:\\\/\\\/candas365.es\\\/noticias\\\/#postaladdress\",\"@type\":\"PostalAddress\",\"streetAddress\":\"san antonio 4, san antonio 4\",\"postalCode\":\"33430\",\"addressLocality\":\"Cand\\u00e1s\",\"addressRegion\":\"Asturias\",\"addressCountry\":\"ES\"}},{\"@type\":\"Person\",\"@id\":\"https:\\\/\\\/candas365.es\\\/noticias\\\/author\\\/admin\\\/#author\",\"url\":\"https:\\\/\\\/candas365.es\\\/noticias\\\/author\\\/admin\\\/\",\"name\":\"Cand\\u00e1s 365\",\"image\":{\"@type\":\"ImageObject\",\"@id\":\"https:\\\/\\\/candas365.es\\\/noticias\\\/el-domingo-comenzara-corveradanza\\\/#authorImage\",\"url\":\"https:\\\/\\\/secure.gravatar.com\\\/avatar\\\/496a8e03d0c493ede1718b7934145dbdf8d89be1036b0eec9544e1094c9de390?s=96&d=mm&r=g\",\"width\":96,\"height\":96,\"caption\":\"Cand\\u00e1s 365\"},\"sameAs\":[\"https:\\\/\\\/www.facebook.com\\\/carrenoactualidad\",\"https:\\\/\\\/twitter.com\\\/nbasturias\",\"https:\\\/\\\/www.instagram.com\\\/nachofdezber\\\/\",\"https:\\\/\\\/www.youtube.com\\\/channel\\\/UCZP-2wLEB9Rv6erhFmqVnvg\"]},{\"@type\":\"WebPage\",\"@id\":\"https:\\\/\\\/candas365.es\\\/noticias\\\/el-domingo-comenzara-corveradanza\\\/#webpage\",\"url\":\"https:\\\/\\\/candas365.es\\\/noticias\\\/el-domingo-comenzara-corveradanza\\\/\",\"name\":\"El domingo comenzar\\u00e1 \\u00abCorveradanza\\u00bb | Cand\\u00e1s 365\",\"description\":\"El Ayuntamiento de Corvera ha informado de que el pr\\u00f3ximo domingo comenzar\\u00e1 la nueva programaci\\u00f3n de \\u201cCorveradanza\\u201d con el espect\\u00e1culo\",\"inLanguage\":\"es-ES\",\"isPartOf\":{\"@id\":\"https:\\\/\\\/candas365.es\\\/noticias\\\/#website\"},\"breadcrumb\":{\"@id\":\"https:\\\/\\\/candas365.es\\\/noticias\\\/el-domingo-comenzara-corveradanza\\\/#breadcrumblist\"},\"author\":{\"@id\":\"https:\\\/\\\/candas365.es\\\/noticias\\\/author\\\/admin\\\/#author\"},\"creator\":{\"@id\":\"https:\\\/\\\/candas365.es\\\/noticias\\\/author\\\/admin\\\/#author\"},\"image\":{\"@type\":\"ImageObject\",\"url\":\"https:\\\/\\\/candas365.es\\\/noticias\\\/wp-content\\\/uploads\\\/2024\\\/10\\\/Corveradanza.jpg\",\"@id\":\"https:\\\/\\\/candas365.es\\\/noticias\\\/el-domingo-comenzara-corveradanza\\\/#mainImage\",\"width\":478,\"height\":674,\"caption\":\"Foto: Prensa Ayuntamiento de Corvera\"},\"primaryImageOfPage\":{\"@id\":\"https:\\\/\\\/candas365.es\\\/noticias\\\/el-domingo-comenzara-corveradanza\\\/#mainImage\"},\"datePublished\":\"2024-10-16T06:49:55+02:00\",\"dateModified\":\"2024-10-16T06:49:55+02:00\"},{\"@type\":\"WebSite\",\"@id\":\"https:\\\/\\\/candas365.es\\\/noticias\\\/#website\",\"url\":\"https:\\\/\\\/candas365.es\\\/noticias\\\/\",\"name\":\"Cand\\u00e1s 365\",\"alternateName\":\"Cand\\u00e1s 365 Noticias\",\"description\":\"Actualidad desde Carre\\u00f1o para el mundo\",\"inLanguage\":\"es-ES\",\"publisher\":{\"@id\":\"https:\\\/\\\/candas365.es\\\/noticias\\\/#organization\"}}]}\n\t\t<\/script>\n\t\t<!-- All in One SEO Pro -->\r\n\t\t<title>El domingo comenzar\u00e1 \u00abCorveradanza\u00bb | Cand\u00e1s 365<\/title>\n\n","aioseo_head_json":{"title":"El domingo comenzar\u00e1 \u00abCorveradanza\u00bb | Cand\u00e1s 365","description":"El Ayuntamiento de Corvera ha informado de que el pr\u00f3ximo domingo comenzar\u00e1 la nueva programaci\u00f3n de \u201cCorveradanza\u201d con el espect\u00e1culo","canonical_url":"https:\/\/candas365.es\/noticias\/el-domingo-comenzara-corveradanza\/","robots":"max-image-preview:large","keywords":"agenda","webmasterTools":{"google-site-verification":"UA-32230408-1","msvalidate.01":"354F3CDFB2DA171B47FBE9ABF1F88D5","miscellaneous":""},"schema":{"@context":"https:\/\/schema.org","@graph":[{"@type":"BreadcrumbList","@id":"https:\/\/candas365.es\/noticias\/el-domingo-comenzara-corveradanza\/#breadcrumblist","itemListElement":[{"@type":"ListItem","@id":"https:\/\/candas365.es\/noticias#listItem","position":1,"name":"Home","item":"https:\/\/candas365.es\/noticias","nextItem":{"@type":"ListItem","@id":"https:\/\/candas365.es\/noticias\/category\/agenda\/#listItem","name":"Agenda"}},{"@type":"ListItem","@id":"https:\/\/candas365.es\/noticias\/category\/agenda\/#listItem","position":2,"name":"Agenda","item":"https:\/\/candas365.es\/noticias\/category\/agenda\/","nextItem":{"@type":"ListItem","@id":"https:\/\/candas365.es\/noticias\/el-domingo-comenzara-corveradanza\/#listItem","name":"El domingo comenzar\u00e1 \u00abCorveradanza\u00bb"},"previousItem":{"@type":"ListItem","@id":"https:\/\/candas365.es\/noticias#listItem","name":"Home"}},{"@type":"ListItem","@id":"https:\/\/candas365.es\/noticias\/el-domingo-comenzara-corveradanza\/#listItem","position":3,"name":"El domingo comenzar\u00e1 \u00abCorveradanza\u00bb","previousItem":{"@type":"ListItem","@id":"https:\/\/candas365.es\/noticias\/category\/agenda\/#listItem","name":"Agenda"}}]},{"@type":"NewsArticle","@id":"https:\/\/candas365.es\/noticias\/el-domingo-comenzara-corveradanza\/#newsarticle","name":"El domingo comenzar\u00e1 \u00abCorveradanza\u00bb | Cand\u00e1s 365","headline":"El domingo comenzar\u00e1 \u00abCorveradanza\u00bb","author":{"@id":"https:\/\/candas365.es\/noticias\/author\/admin\/#author"},"publisher":{"@id":"https:\/\/candas365.es\/noticias\/#organization"},"image":{"@type":"ImageObject","url":"https:\/\/candas365.es\/noticias\/wp-content\/uploads\/2024\/10\/Corveradanza.jpg","width":478,"height":674,"caption":"Foto: Prensa Ayuntamiento de Corvera"},"datePublished":"2024-10-16T06:49:55+02:00","dateModified":"2024-10-16T06:49:55+02:00","inLanguage":"es-ES","mainEntityOfPage":{"@id":"https:\/\/candas365.es\/noticias\/el-domingo-comenzara-corveradanza\/#webpage"},"isPartOf":{"@id":"https:\/\/candas365.es\/noticias\/el-domingo-comenzara-corveradanza\/#webpage"},"articleSection":"Agenda, Corvera","dateline":"Publicado el octubre 16, 2024."},{"@type":"Organization","@id":"https:\/\/candas365.es\/noticias\/#organization","name":"Cand\u00e1s 365","description":"Cand\u00e1s 365 es un diario digital independiente, fundado en 2012, con base en Asturias. Informamos con rigor sobre actualidad, sociedad, cultura y ocio, con una mirada local y global.","url":"https:\/\/candas365.es\/noticias\/","email":"info@candas365.es","telephone":"+34652131393","foundingDate":"2012-06-10","logo":{"@type":"ImageObject","url":"https:\/\/candas365.es\/noticias\/wp-content\/uploads\/2024\/09\/Candas-365-Redes.jpg","@id":"https:\/\/candas365.es\/noticias\/el-domingo-comenzara-corveradanza\/#organizationLogo","width":1152,"height":864,"caption":"Cand\u00e1s 365 Redes"},"image":{"@id":"https:\/\/candas365.es\/noticias\/el-domingo-comenzara-corveradanza\/#organizationLogo"},"sameAs":["https:\/\/www.facebook.com\/Nachofdezber","https:\/\/x.com\/NabercoDigital","https:\/\/www.instagram.com\/nachofdezber\/","https:\/\/www.youtube.com\/channel\/UCZP-2wLEB9Rv6erhFmqVnvg"],"address":{"@id":"https:\/\/candas365.es\/noticias\/#postaladdress","@type":"PostalAddress","streetAddress":"san antonio 4, san antonio 4","postalCode":"33430","addressLocality":"Cand\u00e1s","addressRegion":"Asturias","addressCountry":"ES"}},{"@type":"Person","@id":"https:\/\/candas365.es\/noticias\/author\/admin\/#author","url":"https:\/\/candas365.es\/noticias\/author\/admin\/","name":"Cand\u00e1s 365","image":{"@type":"ImageObject","@id":"https:\/\/candas365.es\/noticias\/el-domingo-comenzara-corveradanza\/#authorImage","url":"https:\/\/secure.gravatar.com\/avatar\/496a8e03d0c493ede1718b7934145dbdf8d89be1036b0eec9544e1094c9de390?s=96&d=mm&r=g","width":96,"height":96,"caption":"Cand\u00e1s 365"},"sameAs":["https:\/\/www.facebook.com\/carrenoactualidad","https:\/\/twitter.com\/nbasturias","https:\/\/www.instagram.com\/nachofdezber\/","https:\/\/www.youtube.com\/channel\/UCZP-2wLEB9Rv6erhFmqVnvg"]},{"@type":"WebPage","@id":"https:\/\/candas365.es\/noticias\/el-domingo-comenzara-corveradanza\/#webpage","url":"https:\/\/candas365.es\/noticias\/el-domingo-comenzara-corveradanza\/","name":"El domingo comenzar\u00e1 \u00abCorveradanza\u00bb | Cand\u00e1s 365","description":"El Ayuntamiento de Corvera ha informado de que el pr\u00f3ximo domingo comenzar\u00e1 la nueva programaci\u00f3n de \u201cCorveradanza\u201d con el espect\u00e1culo","inLanguage":"es-ES","isPartOf":{"@id":"https:\/\/candas365.es\/noticias\/#website"},"breadcrumb":{"@id":"https:\/\/candas365.es\/noticias\/el-domingo-comenzara-corveradanza\/#breadcrumblist"},"author":{"@id":"https:\/\/candas365.es\/noticias\/author\/admin\/#author"},"creator":{"@id":"https:\/\/candas365.es\/noticias\/author\/admin\/#author"},"image":{"@type":"ImageObject","url":"https:\/\/candas365.es\/noticias\/wp-content\/uploads\/2024\/10\/Corveradanza.jpg","@id":"https:\/\/candas365.es\/noticias\/el-domingo-comenzara-corveradanza\/#mainImage","width":478,"height":674,"caption":"Foto: Prensa Ayuntamiento de Corvera"},"primaryImageOfPage":{"@id":"https:\/\/candas365.es\/noticias\/el-domingo-comenzara-corveradanza\/#mainImage"},"datePublished":"2024-10-16T06:49:55+02:00","dateModified":"2024-10-16T06:49:55+02:00"},{"@type":"WebSite","@id":"https:\/\/candas365.es\/noticias\/#website","url":"https:\/\/candas365.es\/noticias\/","name":"Cand\u00e1s 365","alternateName":"Cand\u00e1s 365 Noticias","description":"Actualidad desde Carre\u00f1o para el mundo","inLanguage":"es-ES","publisher":{"@id":"https:\/\/candas365.es\/noticias\/#organization"}}]},"og:locale":"es_ES","og:site_name":"Cand\u00e1s 365","og:type":"article","og:title":"El domingo comenzar\u00e1 \u00abCorveradanza\u00bb | Cand\u00e1s 365","og:description":"El Ayuntamiento de Corvera ha informado de que el pr\u00f3ximo domingo comenzar\u00e1 la nueva programaci\u00f3n de \u201cCorveradanza\u201d con el espect\u00e1culo","og:url":"https:\/\/candas365.es\/noticias\/el-domingo-comenzara-corveradanza\/","og:image":"https:\/\/candas365.es\/noticias\/wp-content\/uploads\/2024\/10\/Corveradanza.jpg","og:image:secure_url":"https:\/\/candas365.es\/noticias\/wp-content\/uploads\/2024\/10\/Corveradanza.jpg","og:image:width":478,"og:image:height":674,"article:published_time":"2024-10-16T04:49:55+00:00","article:modified_time":"2024-10-16T04:49:55+00:00","article:publisher":"https:\/\/www.facebook.com\/Nachofdezber","article:author":"https:\/\/www.facebook.com\/carrenoactualidad","twitter:card":"summary_large_image","twitter:site":"@NabercoDigital","twitter:title":"El domingo comenzar\u00e1 \u00abCorveradanza\u00bb | Cand\u00e1s 365","twitter:description":"El Ayuntamiento de Corvera ha informado de que el pr\u00f3ximo domingo comenzar\u00e1 la nueva programaci\u00f3n de \u201cCorveradanza\u201d con el espect\u00e1culo","twitter:creator":"@nbasturias","twitter:image":"https:\/\/candas365.es\/noticias\/wp-content\/uploads\/2024\/10\/Corveradanza.jpg","twitter:label1":"Escrito por","twitter:data1":"Cand\u00e1s 365","twitter:label2":"Tiempo de lectura estimado","twitter:data2":"3 minutos"},"aioseo_meta_data":{"post_id":"183566","title":null,"description":"El Ayuntamiento de Corvera ha informado de que el pr\u00f3ximo domingo comenzar\u00e1 la nueva programaci\u00f3n de \u201cCorveradanza\u201d con el espect\u00e1culo","keywords":null,"keyphrases":{"focus":{"keyphrase":"Corveradanza","score":93,"analysis":{"keyphraseInTitle":{"score":9,"maxScore":9,"error":0},"keyphraseInDescription":{"score":9,"maxScore":9,"error":0},"keyphraseLength":{"score":9,"maxScore":9,"error":0,"length":1},"keyphraseInURL":{"score":1,"maxScore":5,"error":1},"keyphraseInIntroduction":{"score":9,"maxScore":9,"error":0},"keyphraseInSubHeadings":[],"keyphraseInImageAlt":{"score":9,"maxScore":9,"error":0},"keywordDensity":{"type":"best","score":9,"maxScore":9,"error":0}}},"additional":[{"keyphrase":"Corveradanza","score":100,"analysis":{"keyphraseInDescription":{"score":9,"maxScore":9,"error":0},"keyphraseLength":{"score":9,"maxScore":9,"error":0,"length":1},"keyphraseInIntroduction":{"score":9,"maxScore":9,"error":0},"keyphraseInImageAlt":{"score":9,"maxScore":9,"error":0},"keywordDensity":{"type":"best","score":9,"maxScore":9,"error":0}}}]},"primary_term":null,"canonical_url":null,"og_title":null,"og_description":null,"og_object_type":"default","og_image_type":"default","og_image_url":null,"og_image_width":null,"og_image_height":null,"og_image_custom_url":null,"og_image_custom_fields":null,"og_video":"","og_custom_url":null,"og_article_section":null,"og_article_tags":null,"twitter_use_og":false,"twitter_card":"default","twitter_image_type":"default","twitter_image_url":null,"twitter_image_custom_url":null,"twitter_image_custom_fields":null,"twitter_title":null,"twitter_description":null,"schema":{"blockGraphs":[],"customGraphs":[],"default":{"data":{"Article":[],"Course":[],"Dataset":[],"FAQPage":[],"Movie":[],"Person":[],"Product":[],"ProductReview":[],"Car":[],"Recipe":[],"Service":[],"SoftwareApplication":[],"WebPage":[]},"graphName":"Article","isEnabled":true},"graphs":[]},"schema_type":"default","schema_type_options":null,"pillar_content":false,"robots_default":true,"robots_noindex":false,"robots_noarchive":false,"robots_nosnippet":false,"robots_nofollow":false,"robots_noimageindex":false,"robots_noodp":false,"robots_notranslate":false,"robots_max_snippet":"-1","robots_max_videopreview":"-1","robots_max_imagepreview":"large","priority":null,"frequency":"default","location":null,"local_seo":null,"seo_analyzer_scan_date":"2025-09-02 15:08:10","breadcrumb_settings":null,"limit_modified_date":false,"reviewed_by":null,"open_ai":"{\"title\":{\"suggestions\":[],\"usage\":0},\"description\":{\"suggestions\":[],\"usage\":0}}","ai":null,"created":"2024-10-16 04:44:31","updated":"2025-09-02 15:08:10"},"aioseo_breadcrumb":"<div class=\"aioseo-breadcrumbs\"><span class=\"aioseo-breadcrumb\">\n\t<a href=\"https:\/\/candas365.es\/noticias\" title=\"Home\">Home<\/a>\n<\/span><span class=\"aioseo-breadcrumb-separator\">&ndash;<\/span><span class=\"aioseo-breadcrumb\">\n\t<a href=\"https:\/\/candas365.es\/noticias\/category\/agenda\/\" title=\"Agenda\">Agenda<\/a>\n<\/span><span class=\"aioseo-breadcrumb-separator\">&ndash;<\/span><span class=\"aioseo-breadcrumb\">\n\tEl domingo comenzar\u00e1 \u00abCorveradanza\u00bb\n<\/span><\/div>","aioseo_breadcrumb_json":[{"label":"Home","link":"https:\/\/candas365.es\/noticias"},{"label":"Agenda","link":"https:\/\/candas365.es\/noticias\/category\/agenda\/"},{"label":"El domingo comenzar\u00e1 \u00abCorveradanza\u00bb","link":"https:\/\/candas365.es\/noticias\/el-domingo-comenzara-corveradanza\/"}],"_links":{"self":[{"href":"https:\/\/candas365.es\/noticias\/wp-json\/wp\/v2\/posts\/183566","targetHints":{"allow":["GET"]}}],"collection":[{"href":"https:\/\/candas365.es\/noticias\/wp-json\/wp\/v2\/posts"}],"about":[{"href":"https:\/\/candas365.es\/noticias\/wp-json\/wp\/v2\/types\/post"}],"author":[{"embeddable":true,"href":"https:\/\/candas365.es\/noticias\/wp-json\/wp\/v2\/users\/1"}],"replies":[{"embeddable":true,"href":"https:\/\/candas365.es\/noticias\/wp-json\/wp\/v2\/comments?post=183566"}],"version-history":[{"count":0,"href":"https:\/\/candas365.es\/noticias\/wp-json\/wp\/v2\/posts\/183566\/revisions"}],"wp:featuredmedia":[{"embeddable":true,"href":"https:\/\/candas365.es\/noticias\/wp-json\/wp\/v2\/media\/183567"}],"wp:attachment":[{"href":"https:\/\/candas365.es\/noticias\/wp-json\/wp\/v2\/media?parent=183566"}],"wp:term":[{"taxonomy":"category","embeddable":true,"href":"https:\/\/candas365.es\/noticias\/wp-json\/wp\/v2\/categories?post=183566"},{"taxonomy":"post_tag","embeddable":true,"href":"https:\/\/candas365.es\/noticias\/wp-json\/wp\/v2\/tags?post=183566"}],"curies":[{"name":"wp","href":"https:\/\/api.w.org\/{rel}","templated":true}]}}