{"id":183535,"date":"2024-10-12T20:45:33","date_gmt":"2024-10-12T18:45:33","guid":{"rendered":"https:\/\/candas365.es\/noticias\/?p=183535"},"modified":"2024-10-12T20:45:33","modified_gmt":"2024-10-12T18:45:33","slug":"domingo-con-sabor-a-manzana-dos-recetas-sencillas","status":"publish","type":"post","link":"https:\/\/candas365.es\/noticias\/domingo-con-sabor-a-manzana-dos-recetas-sencillas\/","title":{"rendered":"\u00bfDomingo con sabor a manzana?: Dos recetas sencillas"},"content":{"rendered":"<p>La manzana es una de las frutas m\u00e1s deliciosas y adem\u00e1s forman parte de la cultura de Asturias y tambi\u00e9n del <span style=\"color: #ff6600;\"><a style=\"color: #ff6600;\" href=\"https:\/\/candas365.es\/noticias\/category\/noticias-carreno\/\"><strong>Concejo de Carre\u00f1o<\/strong><\/a><\/span>. Gracias a las manzanas se pueden preparar una gran variedad de opciones gastron\u00f3micas, y las siguientes que te ofrecemos se pueden disfrutar en cualquier momento del d\u00eda.<\/p>\n<p><img fetchpriority=\"high\" decoding=\"async\" class=\"aligncenter size-full wp-image-183536\" src=\"https:\/\/candas365.es\/noticias\/wp-content\/uploads\/2024\/10\/recetas-manzana.jpg\" alt=\"recetas manzana\" width=\"640\" height=\"452\" srcset=\"https:\/\/candas365.es\/noticias\/wp-content\/uploads\/2024\/10\/recetas-manzana.jpg 640w, https:\/\/candas365.es\/noticias\/wp-content\/uploads\/2024\/10\/recetas-manzana-360x254.jpg 360w, https:\/\/candas365.es\/noticias\/wp-content\/uploads\/2024\/10\/recetas-manzana-150x106.jpg 150w, https:\/\/candas365.es\/noticias\/wp-content\/uploads\/2024\/10\/recetas-manzana-450x318.jpg 450w\" sizes=\"(max-width: 640px) 100vw, 640px\" \/><\/p>\n<h2>Compota de manzana y canela<\/h2>\n<p>Para preparar est\u00e1 propuesta se necesitan <strong>4 manzanas grandes<\/strong>, peladas, descorazonadas y cortadas en cubos, luego tendremos que a\u00f1adir media taza de agua, un cuarto taza de az\u00facar y una cucharada peque\u00f1a de canela molida.<\/p>\n<p>Lo primero que debemos hacer es colocar las manzanas en una cacerola junto con el agua, el az\u00facar y la canela. Luego se pueden cocinar a a fuego medio, revolviendo ocasionalmente los ingredientes hasta que las manzanas est\u00e9n tiernas. <strong>Esto deber\u00eda llevar unos 20 minutos m\u00e1s o menos.<\/strong><\/p>\n<p>El siguiente paso ser\u00e1 dejar enfriar todo un poco y luego triturar las manzanas con un tenedor o una batidora de mano, dependiendo de cu\u00e1n suave prefieras la compota.<\/p>\n<h2>Ensalada de manzana y nueces<\/h2>\n<p>Otra propuesta sencilla, y que no te llevar\u00e1 mucho tiempos es la ensalada de manzana y nueces.<strong> \u00bfQu\u00e9 necesitamos? dos manzanas rojas, cortadas en cubos, una taza de espinacas frescas, media taza de nueces tostadas y un cuarto de taza de queso azul desmenuzado. Adem\u00e1s tambi\u00e9n tendr\u00e1s que a\u00f1adir dos cucharadas de vinagre bals\u00e1mico, una cucharada de miel y sal y pimienta al gusto<\/strong><\/p>\n<p>Para darle forma a esta receta necesitar\u00e1s un taz\u00f3n grande para ir combinando las manzanas, las espinacas, las nueces y el queso azul. Luego el siguiente paso ser\u00e1 utilizar un recipiente peque\u00f1o para batir el vinagre bals\u00e1mico con la miel, y sazonar todo ello con sal y pimienta al gusto.<\/p>\n<p>Despu\u00e9s llegar\u00e1 el momento de verter el aderezo sobre la ensalada y mezclarlo bien para que todos los ingredientes queden cubiertos.<\/p>\n<p>Dos recetas sencillas para que disfrutes de un domingo cocinando y preparando algo diferente para ti o para tu gente. Muy pronto m\u00e1s recetas \u00a1!<\/p>\n","protected":false},"excerpt":{"rendered":"<p>La manzana es una de las frutas m\u00e1s deliciosas y adem\u00e1s forman parte de la cultura de Asturias y tambi\u00e9n del Concejo de Carre\u00f1o. Gracias a las manzanas se pueden preparar una gran variedad de opciones gastron\u00f3micas, y las siguientes que te ofrecemos se pueden disfrutar en cualquier momento del d\u00eda. Compota de manzana y<\/p>\n","protected":false},"author":1,"featured_media":183536,"comment_status":"closed","ping_status":"closed","sticky":false,"template":"","format":"standard","meta":{"footnotes":""},"categories":[142],"tags":[452],"class_list":{"0":"post-183535","1":"post","2":"type-post","3":"status-publish","4":"format-standard","5":"has-post-thumbnail","7":"category-revista","8":"tag-gastronomia"},"aioseo_notices":[],"aioseo_head":"\n\t\t<!-- All in One SEO Pro 4.9.6.2 - aioseo.com -->\n\t<meta name=\"description\" content=\"La manzana es una de las frutas m\u00e1s deliciosas y adem\u00e1s forman parte de la cultura de Asturias y tambi\u00e9n del Concejo de Carre\u00f1o. Gracias a las manzanas\" \/>\n\t<meta name=\"robots\" content=\"max-image-preview:large\" \/>\n\t<meta name=\"author\" content=\"Cand\u00e1s 365\"\/>\n\t<meta name=\"google-site-verification\" content=\"UA-32230408-1\" \/>\n\t<meta name=\"msvalidate.01\" content=\"354F3CDFB2DA171B47FBE9ABF1F88D5\" \/>\n\t<meta name=\"keywords\" content=\"revista\" \/>\n\t<link rel=\"canonical\" href=\"https:\/\/candas365.es\/noticias\/domingo-con-sabor-a-manzana-dos-recetas-sencillas\/\" \/>\n\t<meta name=\"generator\" content=\"All in One SEO Pro (AIOSEO) 4.9.6.2\" \/>\n\t\t<meta property=\"og:locale\" content=\"es_ES\" \/>\n\t\t<meta property=\"og:site_name\" content=\"Cand\u00e1s 365\" \/>\n\t\t<meta property=\"og:type\" content=\"article\" \/>\n\t\t<meta property=\"og:title\" content=\"\u00bfDomingo con sabor a manzana?: Dos recetas sencillas | Cand\u00e1s 365\" \/>\n\t\t<meta property=\"og:description\" content=\"La manzana es una de las frutas m\u00e1s deliciosas y adem\u00e1s forman parte de la cultura de Asturias y tambi\u00e9n del Concejo de Carre\u00f1o. Gracias a las manzanas\" \/>\n\t\t<meta property=\"og:url\" content=\"https:\/\/candas365.es\/noticias\/domingo-con-sabor-a-manzana-dos-recetas-sencillas\/\" \/>\n\t\t<meta property=\"og:image\" content=\"https:\/\/candas365.es\/noticias\/wp-content\/uploads\/2024\/10\/recetas-manzana.jpg\" \/>\n\t\t<meta property=\"og:image:secure_url\" content=\"https:\/\/candas365.es\/noticias\/wp-content\/uploads\/2024\/10\/recetas-manzana.jpg\" \/>\n\t\t<meta property=\"og:image:width\" content=\"640\" \/>\n\t\t<meta property=\"og:image:height\" content=\"452\" \/>\n\t\t<meta property=\"article:published_time\" content=\"2024-10-12T18:45:33+00:00\" \/>\n\t\t<meta property=\"article:modified_time\" content=\"2024-10-12T18:45:33+00:00\" \/>\n\t\t<meta property=\"article:publisher\" content=\"https:\/\/www.facebook.com\/Nachofdezber\" \/>\n\t\t<meta property=\"article:author\" content=\"https:\/\/www.facebook.com\/carrenoactualidad\" \/>\n\t\t<meta name=\"twitter:card\" content=\"summary_large_image\" \/>\n\t\t<meta name=\"twitter:site\" content=\"@NabercoDigital\" \/>\n\t\t<meta name=\"twitter:title\" content=\"\u00bfDomingo con sabor a manzana?: Dos recetas sencillas | Cand\u00e1s 365\" \/>\n\t\t<meta name=\"twitter:description\" content=\"La manzana es una de las frutas m\u00e1s deliciosas y adem\u00e1s forman parte de la cultura de Asturias y tambi\u00e9n del Concejo de Carre\u00f1o. Gracias a las manzanas\" \/>\n\t\t<meta name=\"twitter:creator\" content=\"@nbasturias\" \/>\n\t\t<meta name=\"twitter:image\" content=\"https:\/\/candas365.es\/noticias\/wp-content\/uploads\/2024\/10\/recetas-manzana.jpg\" \/>\n\t\t<meta name=\"twitter:label1\" content=\"Escrito por\" \/>\n\t\t<meta name=\"twitter:data1\" content=\"Cand\u00e1s 365\" \/>\n\t\t<meta name=\"twitter:label2\" content=\"Tiempo de lectura estimado\" \/>\n\t\t<meta name=\"twitter:data2\" content=\"2 minutos\" \/>\n\t\t<script type=\"application\/ld+json\" class=\"aioseo-schema\">\n\t\t\t{\"@context\":\"https:\\\/\\\/schema.org\",\"@graph\":[{\"@type\":\"BreadcrumbList\",\"@id\":\"https:\\\/\\\/candas365.es\\\/noticias\\\/domingo-con-sabor-a-manzana-dos-recetas-sencillas\\\/#breadcrumblist\",\"itemListElement\":[{\"@type\":\"ListItem\",\"@id\":\"https:\\\/\\\/candas365.es\\\/noticias#listItem\",\"position\":1,\"name\":\"Home\",\"item\":\"https:\\\/\\\/candas365.es\\\/noticias\",\"nextItem\":{\"@type\":\"ListItem\",\"@id\":\"https:\\\/\\\/candas365.es\\\/noticias\\\/category\\\/revista\\\/#listItem\",\"name\":\"Revista\"}},{\"@type\":\"ListItem\",\"@id\":\"https:\\\/\\\/candas365.es\\\/noticias\\\/category\\\/revista\\\/#listItem\",\"position\":2,\"name\":\"Revista\",\"item\":\"https:\\\/\\\/candas365.es\\\/noticias\\\/category\\\/revista\\\/\",\"nextItem\":{\"@type\":\"ListItem\",\"@id\":\"https:\\\/\\\/candas365.es\\\/noticias\\\/domingo-con-sabor-a-manzana-dos-recetas-sencillas\\\/#listItem\",\"name\":\"\\u00bfDomingo con sabor a manzana?: Dos recetas sencillas\"},\"previousItem\":{\"@type\":\"ListItem\",\"@id\":\"https:\\\/\\\/candas365.es\\\/noticias#listItem\",\"name\":\"Home\"}},{\"@type\":\"ListItem\",\"@id\":\"https:\\\/\\\/candas365.es\\\/noticias\\\/domingo-con-sabor-a-manzana-dos-recetas-sencillas\\\/#listItem\",\"position\":3,\"name\":\"\\u00bfDomingo con sabor a manzana?: Dos recetas sencillas\",\"previousItem\":{\"@type\":\"ListItem\",\"@id\":\"https:\\\/\\\/candas365.es\\\/noticias\\\/category\\\/revista\\\/#listItem\",\"name\":\"Revista\"}}]},{\"@type\":\"NewsArticle\",\"@id\":\"https:\\\/\\\/candas365.es\\\/noticias\\\/domingo-con-sabor-a-manzana-dos-recetas-sencillas\\\/#newsarticle\",\"name\":\"\\u00bfDomingo con sabor a manzana?: Dos recetas sencillas | Cand\\u00e1s 365\",\"headline\":\"\\u00bfDomingo con sabor a manzana?: Dos recetas sencillas\",\"author\":{\"@id\":\"https:\\\/\\\/candas365.es\\\/noticias\\\/author\\\/admin\\\/#author\"},\"publisher\":{\"@id\":\"https:\\\/\\\/candas365.es\\\/noticias\\\/#organization\"},\"image\":{\"@type\":\"ImageObject\",\"url\":\"https:\\\/\\\/candas365.es\\\/noticias\\\/wp-content\\\/uploads\\\/2024\\\/10\\\/recetas-manzana.jpg\",\"width\":640,\"height\":452,\"caption\":\"recetas manzana\"},\"datePublished\":\"2024-10-12T20:45:33+02:00\",\"dateModified\":\"2024-10-12T20:45:33+02:00\",\"inLanguage\":\"es-ES\",\"mainEntityOfPage\":{\"@id\":\"https:\\\/\\\/candas365.es\\\/noticias\\\/domingo-con-sabor-a-manzana-dos-recetas-sencillas\\\/#webpage\"},\"isPartOf\":{\"@id\":\"https:\\\/\\\/candas365.es\\\/noticias\\\/domingo-con-sabor-a-manzana-dos-recetas-sencillas\\\/#webpage\"},\"articleSection\":\"Revista, Gastronom\\u00eda\",\"dateline\":\"Publicado el octubre 12, 2024.\"},{\"@type\":\"Organization\",\"@id\":\"https:\\\/\\\/candas365.es\\\/noticias\\\/#organization\",\"name\":\"Cand\\u00e1s 365\",\"description\":\"Cand\\u00e1s 365 es un diario digital independiente, fundado en 2012, con base en Asturias. Informamos con rigor sobre actualidad, sociedad, cultura y ocio, con una mirada local y global.\",\"url\":\"https:\\\/\\\/candas365.es\\\/noticias\\\/\",\"email\":\"info@candas365.es\",\"telephone\":\"+34652131393\",\"foundingDate\":\"2012-06-10\",\"logo\":{\"@type\":\"ImageObject\",\"url\":\"https:\\\/\\\/candas365.es\\\/noticias\\\/wp-content\\\/uploads\\\/2024\\\/09\\\/Candas-365-Redes.jpg\",\"@id\":\"https:\\\/\\\/candas365.es\\\/noticias\\\/domingo-con-sabor-a-manzana-dos-recetas-sencillas\\\/#organizationLogo\",\"width\":1152,\"height\":864,\"caption\":\"Cand\\u00e1s 365 Redes\"},\"image\":{\"@id\":\"https:\\\/\\\/candas365.es\\\/noticias\\\/domingo-con-sabor-a-manzana-dos-recetas-sencillas\\\/#organizationLogo\"},\"sameAs\":[\"https:\\\/\\\/www.facebook.com\\\/Nachofdezber\",\"https:\\\/\\\/x.com\\\/NabercoDigital\",\"https:\\\/\\\/www.instagram.com\\\/nachofdezber\\\/\",\"https:\\\/\\\/www.youtube.com\\\/channel\\\/UCZP-2wLEB9Rv6erhFmqVnvg\"],\"address\":{\"@id\":\"https:\\\/\\\/candas365.es\\\/noticias\\\/#postaladdress\",\"@type\":\"PostalAddress\",\"streetAddress\":\"san antonio 4, san antonio 4\",\"postalCode\":\"33430\",\"addressLocality\":\"Cand\\u00e1s\",\"addressRegion\":\"Asturias\",\"addressCountry\":\"ES\"}},{\"@type\":\"Person\",\"@id\":\"https:\\\/\\\/candas365.es\\\/noticias\\\/author\\\/admin\\\/#author\",\"url\":\"https:\\\/\\\/candas365.es\\\/noticias\\\/author\\\/admin\\\/\",\"name\":\"Cand\\u00e1s 365\",\"image\":{\"@type\":\"ImageObject\",\"@id\":\"https:\\\/\\\/candas365.es\\\/noticias\\\/domingo-con-sabor-a-manzana-dos-recetas-sencillas\\\/#authorImage\",\"url\":\"https:\\\/\\\/secure.gravatar.com\\\/avatar\\\/496a8e03d0c493ede1718b7934145dbdf8d89be1036b0eec9544e1094c9de390?s=96&d=mm&r=g\",\"width\":96,\"height\":96,\"caption\":\"Cand\\u00e1s 365\"},\"sameAs\":[\"https:\\\/\\\/www.facebook.com\\\/carrenoactualidad\",\"https:\\\/\\\/twitter.com\\\/nbasturias\",\"https:\\\/\\\/www.instagram.com\\\/nachofdezber\\\/\",\"https:\\\/\\\/www.youtube.com\\\/channel\\\/UCZP-2wLEB9Rv6erhFmqVnvg\"]},{\"@type\":\"WebPage\",\"@id\":\"https:\\\/\\\/candas365.es\\\/noticias\\\/domingo-con-sabor-a-manzana-dos-recetas-sencillas\\\/#webpage\",\"url\":\"https:\\\/\\\/candas365.es\\\/noticias\\\/domingo-con-sabor-a-manzana-dos-recetas-sencillas\\\/\",\"name\":\"\\u00bfDomingo con sabor a manzana?: Dos recetas sencillas | Cand\\u00e1s 365\",\"description\":\"La manzana es una de las frutas m\\u00e1s deliciosas y adem\\u00e1s forman parte de la cultura de Asturias y tambi\\u00e9n del Concejo de Carre\\u00f1o. Gracias a las manzanas\",\"inLanguage\":\"es-ES\",\"isPartOf\":{\"@id\":\"https:\\\/\\\/candas365.es\\\/noticias\\\/#website\"},\"breadcrumb\":{\"@id\":\"https:\\\/\\\/candas365.es\\\/noticias\\\/domingo-con-sabor-a-manzana-dos-recetas-sencillas\\\/#breadcrumblist\"},\"author\":{\"@id\":\"https:\\\/\\\/candas365.es\\\/noticias\\\/author\\\/admin\\\/#author\"},\"creator\":{\"@id\":\"https:\\\/\\\/candas365.es\\\/noticias\\\/author\\\/admin\\\/#author\"},\"image\":{\"@type\":\"ImageObject\",\"url\":\"https:\\\/\\\/candas365.es\\\/noticias\\\/wp-content\\\/uploads\\\/2024\\\/10\\\/recetas-manzana.jpg\",\"@id\":\"https:\\\/\\\/candas365.es\\\/noticias\\\/domingo-con-sabor-a-manzana-dos-recetas-sencillas\\\/#mainImage\",\"width\":640,\"height\":452,\"caption\":\"recetas manzana\"},\"primaryImageOfPage\":{\"@id\":\"https:\\\/\\\/candas365.es\\\/noticias\\\/domingo-con-sabor-a-manzana-dos-recetas-sencillas\\\/#mainImage\"},\"datePublished\":\"2024-10-12T20:45:33+02:00\",\"dateModified\":\"2024-10-12T20:45:33+02:00\"},{\"@type\":\"WebSite\",\"@id\":\"https:\\\/\\\/candas365.es\\\/noticias\\\/#website\",\"url\":\"https:\\\/\\\/candas365.es\\\/noticias\\\/\",\"name\":\"Cand\\u00e1s 365\",\"alternateName\":\"Cand\\u00e1s 365 Noticias\",\"description\":\"Actualidad desde Carre\\u00f1o para el mundo\",\"inLanguage\":\"es-ES\",\"publisher\":{\"@id\":\"https:\\\/\\\/candas365.es\\\/noticias\\\/#organization\"}}]}\n\t\t<\/script>\n\t\t<!-- All in One SEO Pro -->\r\n\t\t<title>\u00bfDomingo con sabor a manzana?: Dos recetas sencillas | Cand\u00e1s 365<\/title>\n\n","aioseo_head_json":{"title":"\u00bfDomingo con sabor a manzana?: Dos recetas sencillas | Cand\u00e1s 365","description":"La manzana es una de las frutas m\u00e1s deliciosas y adem\u00e1s forman parte de la cultura de Asturias y tambi\u00e9n del Concejo de Carre\u00f1o. Gracias a las manzanas","canonical_url":"https:\/\/candas365.es\/noticias\/domingo-con-sabor-a-manzana-dos-recetas-sencillas\/","robots":"max-image-preview:large","keywords":"revista","webmasterTools":{"google-site-verification":"UA-32230408-1","msvalidate.01":"354F3CDFB2DA171B47FBE9ABF1F88D5","miscellaneous":""},"schema":{"@context":"https:\/\/schema.org","@graph":[{"@type":"BreadcrumbList","@id":"https:\/\/candas365.es\/noticias\/domingo-con-sabor-a-manzana-dos-recetas-sencillas\/#breadcrumblist","itemListElement":[{"@type":"ListItem","@id":"https:\/\/candas365.es\/noticias#listItem","position":1,"name":"Home","item":"https:\/\/candas365.es\/noticias","nextItem":{"@type":"ListItem","@id":"https:\/\/candas365.es\/noticias\/category\/revista\/#listItem","name":"Revista"}},{"@type":"ListItem","@id":"https:\/\/candas365.es\/noticias\/category\/revista\/#listItem","position":2,"name":"Revista","item":"https:\/\/candas365.es\/noticias\/category\/revista\/","nextItem":{"@type":"ListItem","@id":"https:\/\/candas365.es\/noticias\/domingo-con-sabor-a-manzana-dos-recetas-sencillas\/#listItem","name":"\u00bfDomingo con sabor a manzana?: Dos recetas sencillas"},"previousItem":{"@type":"ListItem","@id":"https:\/\/candas365.es\/noticias#listItem","name":"Home"}},{"@type":"ListItem","@id":"https:\/\/candas365.es\/noticias\/domingo-con-sabor-a-manzana-dos-recetas-sencillas\/#listItem","position":3,"name":"\u00bfDomingo con sabor a manzana?: Dos recetas sencillas","previousItem":{"@type":"ListItem","@id":"https:\/\/candas365.es\/noticias\/category\/revista\/#listItem","name":"Revista"}}]},{"@type":"NewsArticle","@id":"https:\/\/candas365.es\/noticias\/domingo-con-sabor-a-manzana-dos-recetas-sencillas\/#newsarticle","name":"\u00bfDomingo con sabor a manzana?: Dos recetas sencillas | Cand\u00e1s 365","headline":"\u00bfDomingo con sabor a manzana?: Dos recetas sencillas","author":{"@id":"https:\/\/candas365.es\/noticias\/author\/admin\/#author"},"publisher":{"@id":"https:\/\/candas365.es\/noticias\/#organization"},"image":{"@type":"ImageObject","url":"https:\/\/candas365.es\/noticias\/wp-content\/uploads\/2024\/10\/recetas-manzana.jpg","width":640,"height":452,"caption":"recetas manzana"},"datePublished":"2024-10-12T20:45:33+02:00","dateModified":"2024-10-12T20:45:33+02:00","inLanguage":"es-ES","mainEntityOfPage":{"@id":"https:\/\/candas365.es\/noticias\/domingo-con-sabor-a-manzana-dos-recetas-sencillas\/#webpage"},"isPartOf":{"@id":"https:\/\/candas365.es\/noticias\/domingo-con-sabor-a-manzana-dos-recetas-sencillas\/#webpage"},"articleSection":"Revista, Gastronom\u00eda","dateline":"Publicado el octubre 12, 2024."},{"@type":"Organization","@id":"https:\/\/candas365.es\/noticias\/#organization","name":"Cand\u00e1s 365","description":"Cand\u00e1s 365 es un diario digital independiente, fundado en 2012, con base en Asturias. Informamos con rigor sobre actualidad, sociedad, cultura y ocio, con una mirada local y global.","url":"https:\/\/candas365.es\/noticias\/","email":"info@candas365.es","telephone":"+34652131393","foundingDate":"2012-06-10","logo":{"@type":"ImageObject","url":"https:\/\/candas365.es\/noticias\/wp-content\/uploads\/2024\/09\/Candas-365-Redes.jpg","@id":"https:\/\/candas365.es\/noticias\/domingo-con-sabor-a-manzana-dos-recetas-sencillas\/#organizationLogo","width":1152,"height":864,"caption":"Cand\u00e1s 365 Redes"},"image":{"@id":"https:\/\/candas365.es\/noticias\/domingo-con-sabor-a-manzana-dos-recetas-sencillas\/#organizationLogo"},"sameAs":["https:\/\/www.facebook.com\/Nachofdezber","https:\/\/x.com\/NabercoDigital","https:\/\/www.instagram.com\/nachofdezber\/","https:\/\/www.youtube.com\/channel\/UCZP-2wLEB9Rv6erhFmqVnvg"],"address":{"@id":"https:\/\/candas365.es\/noticias\/#postaladdress","@type":"PostalAddress","streetAddress":"san antonio 4, san antonio 4","postalCode":"33430","addressLocality":"Cand\u00e1s","addressRegion":"Asturias","addressCountry":"ES"}},{"@type":"Person","@id":"https:\/\/candas365.es\/noticias\/author\/admin\/#author","url":"https:\/\/candas365.es\/noticias\/author\/admin\/","name":"Cand\u00e1s 365","image":{"@type":"ImageObject","@id":"https:\/\/candas365.es\/noticias\/domingo-con-sabor-a-manzana-dos-recetas-sencillas\/#authorImage","url":"https:\/\/secure.gravatar.com\/avatar\/496a8e03d0c493ede1718b7934145dbdf8d89be1036b0eec9544e1094c9de390?s=96&d=mm&r=g","width":96,"height":96,"caption":"Cand\u00e1s 365"},"sameAs":["https:\/\/www.facebook.com\/carrenoactualidad","https:\/\/twitter.com\/nbasturias","https:\/\/www.instagram.com\/nachofdezber\/","https:\/\/www.youtube.com\/channel\/UCZP-2wLEB9Rv6erhFmqVnvg"]},{"@type":"WebPage","@id":"https:\/\/candas365.es\/noticias\/domingo-con-sabor-a-manzana-dos-recetas-sencillas\/#webpage","url":"https:\/\/candas365.es\/noticias\/domingo-con-sabor-a-manzana-dos-recetas-sencillas\/","name":"\u00bfDomingo con sabor a manzana?: Dos recetas sencillas | Cand\u00e1s 365","description":"La manzana es una de las frutas m\u00e1s deliciosas y adem\u00e1s forman parte de la cultura de Asturias y tambi\u00e9n del Concejo de Carre\u00f1o. Gracias a las manzanas","inLanguage":"es-ES","isPartOf":{"@id":"https:\/\/candas365.es\/noticias\/#website"},"breadcrumb":{"@id":"https:\/\/candas365.es\/noticias\/domingo-con-sabor-a-manzana-dos-recetas-sencillas\/#breadcrumblist"},"author":{"@id":"https:\/\/candas365.es\/noticias\/author\/admin\/#author"},"creator":{"@id":"https:\/\/candas365.es\/noticias\/author\/admin\/#author"},"image":{"@type":"ImageObject","url":"https:\/\/candas365.es\/noticias\/wp-content\/uploads\/2024\/10\/recetas-manzana.jpg","@id":"https:\/\/candas365.es\/noticias\/domingo-con-sabor-a-manzana-dos-recetas-sencillas\/#mainImage","width":640,"height":452,"caption":"recetas manzana"},"primaryImageOfPage":{"@id":"https:\/\/candas365.es\/noticias\/domingo-con-sabor-a-manzana-dos-recetas-sencillas\/#mainImage"},"datePublished":"2024-10-12T20:45:33+02:00","dateModified":"2024-10-12T20:45:33+02:00"},{"@type":"WebSite","@id":"https:\/\/candas365.es\/noticias\/#website","url":"https:\/\/candas365.es\/noticias\/","name":"Cand\u00e1s 365","alternateName":"Cand\u00e1s 365 Noticias","description":"Actualidad desde Carre\u00f1o para el mundo","inLanguage":"es-ES","publisher":{"@id":"https:\/\/candas365.es\/noticias\/#organization"}}]},"og:locale":"es_ES","og:site_name":"Cand\u00e1s 365","og:type":"article","og:title":"\u00bfDomingo con sabor a manzana?: Dos recetas sencillas | Cand\u00e1s 365","og:description":"La manzana es una de las frutas m\u00e1s deliciosas y adem\u00e1s forman parte de la cultura de Asturias y tambi\u00e9n del Concejo de Carre\u00f1o. Gracias a las manzanas","og:url":"https:\/\/candas365.es\/noticias\/domingo-con-sabor-a-manzana-dos-recetas-sencillas\/","og:image":"https:\/\/candas365.es\/noticias\/wp-content\/uploads\/2024\/10\/recetas-manzana.jpg","og:image:secure_url":"https:\/\/candas365.es\/noticias\/wp-content\/uploads\/2024\/10\/recetas-manzana.jpg","og:image:width":640,"og:image:height":452,"article:published_time":"2024-10-12T18:45:33+00:00","article:modified_time":"2024-10-12T18:45:33+00:00","article:publisher":"https:\/\/www.facebook.com\/Nachofdezber","article:author":"https:\/\/www.facebook.com\/carrenoactualidad","twitter:card":"summary_large_image","twitter:site":"@NabercoDigital","twitter:title":"\u00bfDomingo con sabor a manzana?: Dos recetas sencillas | Cand\u00e1s 365","twitter:description":"La manzana es una de las frutas m\u00e1s deliciosas y adem\u00e1s forman parte de la cultura de Asturias y tambi\u00e9n del Concejo de Carre\u00f1o. Gracias a las manzanas","twitter:creator":"@nbasturias","twitter:image":"https:\/\/candas365.es\/noticias\/wp-content\/uploads\/2024\/10\/recetas-manzana.jpg","twitter:label1":"Escrito por","twitter:data1":"Cand\u00e1s 365","twitter:label2":"Tiempo de lectura estimado","twitter:data2":"2 minutos"},"aioseo_meta_data":{"post_id":"183535","title":null,"description":"La manzana es una de las frutas m\u00e1s deliciosas y adem\u00e1s forman parte de la cultura de Asturias y tambi\u00e9n del Concejo de Carre\u00f1o. Gracias a las manzanas","keywords":null,"keyphrases":{"focus":{"keyphrase":"manzana","score":72,"analysis":{"keyphraseInTitle":{"score":9,"maxScore":9,"error":0},"keyphraseInDescription":{"score":9,"maxScore":9,"error":0},"keyphraseLength":{"score":9,"maxScore":9,"error":0,"length":1},"keyphraseInURL":{"score":1,"maxScore":5,"error":1},"keyphraseInIntroduction":{"score":9,"maxScore":9,"error":0},"keyphraseInSubHeadings":{"score":3,"maxScore":9,"error":1},"keyphraseInImageAlt":{"score":9,"maxScore":9,"error":0},"keywordDensity":{"type":"high","score":0,"maxScore":9,"error":1}}},"additional":[{"keyphrase":"manzana","score":80,"analysis":{"keyphraseInDescription":{"score":9,"maxScore":9,"error":0},"keyphraseLength":{"score":9,"maxScore":9,"error":0,"length":1},"keyphraseInIntroduction":{"score":9,"maxScore":9,"error":0},"keyphraseInImageAlt":{"score":9,"maxScore":9,"error":0},"keywordDensity":{"type":"high","score":0,"maxScore":9,"error":1}}}]},"primary_term":null,"canonical_url":null,"og_title":null,"og_description":null,"og_object_type":"default","og_image_type":"default","og_image_url":null,"og_image_width":null,"og_image_height":null,"og_image_custom_url":null,"og_image_custom_fields":null,"og_video":"","og_custom_url":null,"og_article_section":null,"og_article_tags":null,"twitter_use_og":false,"twitter_card":"default","twitter_image_type":"default","twitter_image_url":null,"twitter_image_custom_url":null,"twitter_image_custom_fields":null,"twitter_title":null,"twitter_description":null,"schema":{"blockGraphs":[],"customGraphs":[],"default":{"data":{"Article":[],"Course":[],"Dataset":[],"FAQPage":[],"Movie":[],"Person":[],"Product":[],"ProductReview":[],"Car":[],"Recipe":[],"Service":[],"SoftwareApplication":[],"WebPage":[]},"graphName":"Article","isEnabled":true},"graphs":[]},"schema_type":"default","schema_type_options":null,"pillar_content":false,"robots_default":true,"robots_noindex":false,"robots_noarchive":false,"robots_nosnippet":false,"robots_nofollow":false,"robots_noimageindex":false,"robots_noodp":false,"robots_notranslate":false,"robots_max_snippet":"-1","robots_max_videopreview":"-1","robots_max_imagepreview":"large","priority":null,"frequency":"default","location":null,"local_seo":null,"seo_analyzer_scan_date":"2025-09-02 15:04:14","breadcrumb_settings":null,"limit_modified_date":false,"reviewed_by":null,"open_ai":"{\"title\":{\"suggestions\":[],\"usage\":0},\"description\":{\"suggestions\":[],\"usage\":0}}","ai":null,"created":"2024-10-12 18:39:56","updated":"2025-09-02 15:04:14"},"aioseo_breadcrumb":"<div class=\"aioseo-breadcrumbs\"><span class=\"aioseo-breadcrumb\">\n\t<a href=\"https:\/\/candas365.es\/noticias\" title=\"Home\">Home<\/a>\n<\/span><span class=\"aioseo-breadcrumb-separator\">&ndash;<\/span><span class=\"aioseo-breadcrumb\">\n\t<a href=\"https:\/\/candas365.es\/noticias\/category\/revista\/\" title=\"Revista\">Revista<\/a>\n<\/span><span class=\"aioseo-breadcrumb-separator\">&ndash;<\/span><span class=\"aioseo-breadcrumb\">\n\t\u00bfDomingo con sabor a manzana?: Dos recetas sencillas\n<\/span><\/div>","aioseo_breadcrumb_json":[{"label":"Home","link":"https:\/\/candas365.es\/noticias"},{"label":"Revista","link":"https:\/\/candas365.es\/noticias\/category\/revista\/"},{"label":"\u00bfDomingo con sabor a manzana?: Dos recetas sencillas","link":"https:\/\/candas365.es\/noticias\/domingo-con-sabor-a-manzana-dos-recetas-sencillas\/"}],"_links":{"self":[{"href":"https:\/\/candas365.es\/noticias\/wp-json\/wp\/v2\/posts\/183535","targetHints":{"allow":["GET"]}}],"collection":[{"href":"https:\/\/candas365.es\/noticias\/wp-json\/wp\/v2\/posts"}],"about":[{"href":"https:\/\/candas365.es\/noticias\/wp-json\/wp\/v2\/types\/post"}],"author":[{"embeddable":true,"href":"https:\/\/candas365.es\/noticias\/wp-json\/wp\/v2\/users\/1"}],"replies":[{"embeddable":true,"href":"https:\/\/candas365.es\/noticias\/wp-json\/wp\/v2\/comments?post=183535"}],"version-history":[{"count":0,"href":"https:\/\/candas365.es\/noticias\/wp-json\/wp\/v2\/posts\/183535\/revisions"}],"wp:featuredmedia":[{"embeddable":true,"href":"https:\/\/candas365.es\/noticias\/wp-json\/wp\/v2\/media\/183536"}],"wp:attachment":[{"href":"https:\/\/candas365.es\/noticias\/wp-json\/wp\/v2\/media?parent=183535"}],"wp:term":[{"taxonomy":"category","embeddable":true,"href":"https:\/\/candas365.es\/noticias\/wp-json\/wp\/v2\/categories?post=183535"},{"taxonomy":"post_tag","embeddable":true,"href":"https:\/\/candas365.es\/noticias\/wp-json\/wp\/v2\/tags?post=183535"}],"curies":[{"name":"wp","href":"https:\/\/api.w.org\/{rel}","templated":true}]}}