{"id":183529,"date":"2024-10-12T20:12:42","date_gmt":"2024-10-12T18:12:42","guid":{"rendered":"https:\/\/candas365.es\/noticias\/?p=183529"},"modified":"2024-10-12T20:12:42","modified_gmt":"2024-10-12T18:12:42","slug":"turismo-alemania-esta-de-moda","status":"publish","type":"post","link":"https:\/\/candas365.es\/noticias\/turismo-alemania-esta-de-moda\/","title":{"rendered":"Turismo: Alemania est\u00e1 de moda"},"content":{"rendered":"<p>Wiesbaden (Alemania), 11 oct (<a href=\"https:\/\/www.dpa-news.de\/\" target=\"_blank\" rel=\"noopener\"><span style=\"color: #ff6600;\"><strong>dpa<\/strong><\/span><\/a>) &#8211; Alemania registr\u00f3 en agosto m\u00e1s pernoctaciones <a href=\"https:\/\/candas365.es\/noticias\/category\/turismo\/\"><span style=\"color: #ff6600;\"><strong>tur\u00edsticas<\/strong><\/span><\/a> que nunca en un solo mes, a tenor de las cifras que la Oficina Federal de Estad\u00edstica (Destatis) public\u00f3 hoy.<\/p>\n<figure id=\"attachment_183530\" aria-describedby=\"caption-attachment-183530\" style=\"width: 650px\" class=\"wp-caption aligncenter\"><img fetchpriority=\"high\" decoding=\"async\" class=\"size-large wp-image-183530\" src=\"https:\/\/candas365.es\/noticias\/wp-content\/uploads\/2024\/10\/Alemania-turismo-650x432.jpg\" alt=\"Alemania turismo\" width=\"650\" height=\"432\" srcset=\"https:\/\/candas365.es\/noticias\/wp-content\/uploads\/2024\/10\/Alemania-turismo-650x432.jpg 650w, https:\/\/candas365.es\/noticias\/wp-content\/uploads\/2024\/10\/Alemania-turismo-360x239.jpg 360w, https:\/\/candas365.es\/noticias\/wp-content\/uploads\/2024\/10\/Alemania-turismo-768x511.jpg 768w, https:\/\/candas365.es\/noticias\/wp-content\/uploads\/2024\/10\/Alemania-turismo-150x100.jpg 150w, https:\/\/candas365.es\/noticias\/wp-content\/uploads\/2024\/10\/Alemania-turismo-450x299.jpg 450w, https:\/\/candas365.es\/noticias\/wp-content\/uploads\/2024\/10\/Alemania-turismo.jpg 1000w\" sizes=\"(max-width: 650px) 100vw, 650px\" \/><figcaption id=\"caption-attachment-183530\" class=\"wp-caption-text\">Veraneantes en un lago del norte de Alemania. Foto: Hauke-Christian Dittrich\/dpa<\/figcaption><\/figure>\n<p>Un total de 59 millones de pernoctaciones de turistas nacionales y extranjeros representan el mes m\u00e1s fuerte desde que se analizan estos datos. El sector deja as\u00ed atr\u00e1s por fin la crisis de la pandemia del coronavirus, ya que la cifra m\u00e1s alta hasta la fecha se registr\u00f3 en julio de 2019, cuando se contabilizaron unas 200.000 pernoctaciones menos.<\/p>\n<p>En las estad\u00edsticas solo se incluyen los establecimientos de mayor tama\u00f1o con al menos diez plazas.<\/p>\n<p>Los campings, en particular, registraron un n\u00famero de clientes significativamente mayor que antes. Con 9,7 millones de pernoctaciones, este segmento tambi\u00e9n estableci\u00f3 un nuevo r\u00e9cord. El anterior, de 9,5 millones de pernoctaciones, fue alcanzado en agosto de 2022.<\/p>\n<p>Los turistas procedentes del extranjero contribuyeron por encima de la media al r\u00e9cord hist\u00f3rico. El n\u00famero de pernoctaciones aument\u00f3 un 5,7 %, hasta los 10,1 millones, en comparaci\u00f3n con el mismo mes del a\u00f1o anterior. Los clientes nacionales sumaron 48,9 millones de pernoctaciones. Ambos grupos, combinados, generaron un aumento interanual del 3,3 %.<\/p>\n<p>En los ocho primeros meses de 2024, la cifra de todas las pernoctaciones del a\u00f1o anterior se super\u00f3 en un 2 %, con 339,3 millones. Tambi\u00e9n en este caso el n\u00famero de visitantes extranjeros aument\u00f3 m\u00e1s que el de nacionales. Tras la pandemia, los alemanes volvieron a optar con m\u00e1s rapidez por los cl\u00e1sicos destinos vacacionales.<\/p>\n","protected":false},"excerpt":{"rendered":"<p>Wiesbaden (Alemania), 11 oct (dpa) &#8211; Alemania registr\u00f3 en agosto m\u00e1s pernoctaciones tur\u00edsticas que nunca en un solo mes, a tenor de las cifras que la Oficina Federal de Estad\u00edstica (Destatis) public\u00f3 hoy. Un total de 59 millones de pernoctaciones de turistas nacionales y extranjeros representan el mes m\u00e1s fuerte desde que se analizan estos<\/p>\n","protected":false},"author":1,"featured_media":183530,"comment_status":"closed","ping_status":"closed","sticky":false,"template":"","format":"standard","meta":{"footnotes":""},"categories":[359],"tags":[417,412],"class_list":{"0":"post-183529","1":"post","2":"type-post","3":"status-publish","4":"format-standard","5":"has-post-thumbnail","7":"category-turismo","8":"tag-alemania","9":"tag-turismo"},"aioseo_notices":[],"aioseo_head":"\n\t\t<!-- All in One SEO Pro 4.9.6.2 - aioseo.com -->\n\t<meta name=\"description\" content=\"Wiesbaden (Alemania), 11 oct (dpa) - Alemania registr\u00f3 en agosto m\u00e1s pernoctaciones tur\u00edsticas que nunca en un solo mes, a tenor de las cifras que la Oficina\" \/>\n\t<meta name=\"robots\" content=\"max-image-preview:large\" \/>\n\t<meta name=\"author\" content=\"Cand\u00e1s 365\"\/>\n\t<meta name=\"google-site-verification\" content=\"UA-32230408-1\" \/>\n\t<meta name=\"msvalidate.01\" content=\"354F3CDFB2DA171B47FBE9ABF1F88D5\" \/>\n\t<meta name=\"keywords\" content=\"turismo\" \/>\n\t<link rel=\"canonical\" href=\"https:\/\/candas365.es\/noticias\/turismo-alemania-esta-de-moda\/\" \/>\n\t<meta name=\"generator\" content=\"All in One SEO Pro (AIOSEO) 4.9.6.2\" \/>\n\t\t<meta property=\"og:locale\" content=\"es_ES\" \/>\n\t\t<meta property=\"og:site_name\" content=\"Cand\u00e1s 365\" \/>\n\t\t<meta property=\"og:type\" content=\"article\" \/>\n\t\t<meta property=\"og:title\" content=\"Turismo: Alemania est\u00e1 de moda | Cand\u00e1s 365\" \/>\n\t\t<meta property=\"og:description\" content=\"Wiesbaden (Alemania), 11 oct (dpa) - Alemania registr\u00f3 en agosto m\u00e1s pernoctaciones tur\u00edsticas que nunca en un solo mes, a tenor de las cifras que la Oficina\" \/>\n\t\t<meta property=\"og:url\" content=\"https:\/\/candas365.es\/noticias\/turismo-alemania-esta-de-moda\/\" \/>\n\t\t<meta property=\"og:image\" content=\"https:\/\/candas365.es\/noticias\/wp-content\/uploads\/2024\/10\/Alemania-turismo.jpg\" \/>\n\t\t<meta property=\"og:image:secure_url\" content=\"https:\/\/candas365.es\/noticias\/wp-content\/uploads\/2024\/10\/Alemania-turismo.jpg\" \/>\n\t\t<meta property=\"og:image:width\" content=\"1000\" \/>\n\t\t<meta property=\"og:image:height\" content=\"665\" \/>\n\t\t<meta property=\"article:published_time\" content=\"2024-10-12T18:12:42+00:00\" \/>\n\t\t<meta property=\"article:modified_time\" content=\"2024-10-12T18:12:42+00:00\" \/>\n\t\t<meta property=\"article:publisher\" content=\"https:\/\/www.facebook.com\/Nachofdezber\" \/>\n\t\t<meta property=\"article:author\" content=\"https:\/\/www.facebook.com\/carrenoactualidad\" \/>\n\t\t<meta name=\"twitter:card\" content=\"summary_large_image\" \/>\n\t\t<meta name=\"twitter:site\" content=\"@NabercoDigital\" \/>\n\t\t<meta name=\"twitter:title\" content=\"Turismo: Alemania est\u00e1 de moda | Cand\u00e1s 365\" \/>\n\t\t<meta name=\"twitter:description\" content=\"Wiesbaden (Alemania), 11 oct (dpa) - Alemania registr\u00f3 en agosto m\u00e1s pernoctaciones tur\u00edsticas que nunca en un solo mes, a tenor de las cifras que la Oficina\" \/>\n\t\t<meta name=\"twitter:creator\" content=\"@nbasturias\" \/>\n\t\t<meta name=\"twitter:image\" content=\"https:\/\/candas365.es\/noticias\/wp-content\/uploads\/2024\/10\/Alemania-turismo.jpg\" \/>\n\t\t<meta name=\"twitter:label1\" content=\"Escrito por\" \/>\n\t\t<meta name=\"twitter:data1\" content=\"Cand\u00e1s 365\" \/>\n\t\t<meta name=\"twitter:label2\" content=\"Tiempo de lectura estimado\" \/>\n\t\t<meta name=\"twitter:data2\" content=\"1 minuto\" \/>\n\t\t<script type=\"application\/ld+json\" class=\"aioseo-schema\">\n\t\t\t{\"@context\":\"https:\\\/\\\/schema.org\",\"@graph\":[{\"@type\":\"BreadcrumbList\",\"@id\":\"https:\\\/\\\/candas365.es\\\/noticias\\\/turismo-alemania-esta-de-moda\\\/#breadcrumblist\",\"itemListElement\":[{\"@type\":\"ListItem\",\"@id\":\"https:\\\/\\\/candas365.es\\\/noticias#listItem\",\"position\":1,\"name\":\"Home\",\"item\":\"https:\\\/\\\/candas365.es\\\/noticias\",\"nextItem\":{\"@type\":\"ListItem\",\"@id\":\"https:\\\/\\\/candas365.es\\\/noticias\\\/category\\\/turismo\\\/#listItem\",\"name\":\"Turismo\"}},{\"@type\":\"ListItem\",\"@id\":\"https:\\\/\\\/candas365.es\\\/noticias\\\/category\\\/turismo\\\/#listItem\",\"position\":2,\"name\":\"Turismo\",\"item\":\"https:\\\/\\\/candas365.es\\\/noticias\\\/category\\\/turismo\\\/\",\"nextItem\":{\"@type\":\"ListItem\",\"@id\":\"https:\\\/\\\/candas365.es\\\/noticias\\\/turismo-alemania-esta-de-moda\\\/#listItem\",\"name\":\"Turismo: Alemania est\\u00e1 de moda\"},\"previousItem\":{\"@type\":\"ListItem\",\"@id\":\"https:\\\/\\\/candas365.es\\\/noticias#listItem\",\"name\":\"Home\"}},{\"@type\":\"ListItem\",\"@id\":\"https:\\\/\\\/candas365.es\\\/noticias\\\/turismo-alemania-esta-de-moda\\\/#listItem\",\"position\":3,\"name\":\"Turismo: Alemania est\\u00e1 de moda\",\"previousItem\":{\"@type\":\"ListItem\",\"@id\":\"https:\\\/\\\/candas365.es\\\/noticias\\\/category\\\/turismo\\\/#listItem\",\"name\":\"Turismo\"}}]},{\"@type\":\"NewsArticle\",\"@id\":\"https:\\\/\\\/candas365.es\\\/noticias\\\/turismo-alemania-esta-de-moda\\\/#newsarticle\",\"name\":\"Turismo: Alemania est\\u00e1 de moda | Cand\\u00e1s 365\",\"headline\":\"Turismo: Alemania est\\u00e1 de moda\",\"author\":{\"@id\":\"https:\\\/\\\/candas365.es\\\/noticias\\\/author\\\/admin\\\/#author\"},\"publisher\":{\"@id\":\"https:\\\/\\\/candas365.es\\\/noticias\\\/#organization\"},\"image\":{\"@type\":\"ImageObject\",\"url\":\"https:\\\/\\\/candas365.es\\\/noticias\\\/wp-content\\\/uploads\\\/2024\\\/10\\\/Alemania-turismo.jpg\",\"width\":1000,\"height\":665,\"caption\":\"Veraneantes en un lago del norte de Alemania. Foto: Hauke-Christian Dittrich\\\/dpa\"},\"datePublished\":\"2024-10-12T20:12:42+02:00\",\"dateModified\":\"2024-10-12T20:12:42+02:00\",\"inLanguage\":\"es-ES\",\"mainEntityOfPage\":{\"@id\":\"https:\\\/\\\/candas365.es\\\/noticias\\\/turismo-alemania-esta-de-moda\\\/#webpage\"},\"isPartOf\":{\"@id\":\"https:\\\/\\\/candas365.es\\\/noticias\\\/turismo-alemania-esta-de-moda\\\/#webpage\"},\"articleSection\":\"Turismo, Alemania, turismo\",\"dateline\":\"Publicado el octubre 12, 2024.\"},{\"@type\":\"Organization\",\"@id\":\"https:\\\/\\\/candas365.es\\\/noticias\\\/#organization\",\"name\":\"Cand\\u00e1s 365\",\"description\":\"Cand\\u00e1s 365 es un diario digital independiente, fundado en 2012, con base en Asturias. Informamos con rigor sobre actualidad, sociedad, cultura y ocio, con una mirada local y global.\",\"url\":\"https:\\\/\\\/candas365.es\\\/noticias\\\/\",\"email\":\"info@candas365.es\",\"telephone\":\"+34652131393\",\"foundingDate\":\"2012-06-10\",\"logo\":{\"@type\":\"ImageObject\",\"url\":\"https:\\\/\\\/candas365.es\\\/noticias\\\/wp-content\\\/uploads\\\/2024\\\/09\\\/Candas-365-Redes.jpg\",\"@id\":\"https:\\\/\\\/candas365.es\\\/noticias\\\/turismo-alemania-esta-de-moda\\\/#organizationLogo\",\"width\":1152,\"height\":864,\"caption\":\"Cand\\u00e1s 365 Redes\"},\"image\":{\"@id\":\"https:\\\/\\\/candas365.es\\\/noticias\\\/turismo-alemania-esta-de-moda\\\/#organizationLogo\"},\"sameAs\":[\"https:\\\/\\\/www.facebook.com\\\/Nachofdezber\",\"https:\\\/\\\/x.com\\\/NabercoDigital\",\"https:\\\/\\\/www.instagram.com\\\/nachofdezber\\\/\",\"https:\\\/\\\/www.youtube.com\\\/channel\\\/UCZP-2wLEB9Rv6erhFmqVnvg\"],\"address\":{\"@id\":\"https:\\\/\\\/candas365.es\\\/noticias\\\/#postaladdress\",\"@type\":\"PostalAddress\",\"streetAddress\":\"san antonio 4, san antonio 4\",\"postalCode\":\"33430\",\"addressLocality\":\"Cand\\u00e1s\",\"addressRegion\":\"Asturias\",\"addressCountry\":\"ES\"}},{\"@type\":\"Person\",\"@id\":\"https:\\\/\\\/candas365.es\\\/noticias\\\/author\\\/admin\\\/#author\",\"url\":\"https:\\\/\\\/candas365.es\\\/noticias\\\/author\\\/admin\\\/\",\"name\":\"Cand\\u00e1s 365\",\"image\":{\"@type\":\"ImageObject\",\"@id\":\"https:\\\/\\\/candas365.es\\\/noticias\\\/turismo-alemania-esta-de-moda\\\/#authorImage\",\"url\":\"https:\\\/\\\/secure.gravatar.com\\\/avatar\\\/496a8e03d0c493ede1718b7934145dbdf8d89be1036b0eec9544e1094c9de390?s=96&d=mm&r=g\",\"width\":96,\"height\":96,\"caption\":\"Cand\\u00e1s 365\"},\"sameAs\":[\"https:\\\/\\\/www.facebook.com\\\/carrenoactualidad\",\"https:\\\/\\\/twitter.com\\\/nbasturias\",\"https:\\\/\\\/www.instagram.com\\\/nachofdezber\\\/\",\"https:\\\/\\\/www.youtube.com\\\/channel\\\/UCZP-2wLEB9Rv6erhFmqVnvg\"]},{\"@type\":\"WebPage\",\"@id\":\"https:\\\/\\\/candas365.es\\\/noticias\\\/turismo-alemania-esta-de-moda\\\/#webpage\",\"url\":\"https:\\\/\\\/candas365.es\\\/noticias\\\/turismo-alemania-esta-de-moda\\\/\",\"name\":\"Turismo: Alemania est\\u00e1 de moda | Cand\\u00e1s 365\",\"description\":\"Wiesbaden (Alemania), 11 oct (dpa) - Alemania registr\\u00f3 en agosto m\\u00e1s pernoctaciones tur\\u00edsticas que nunca en un solo mes, a tenor de las cifras que la Oficina\",\"inLanguage\":\"es-ES\",\"isPartOf\":{\"@id\":\"https:\\\/\\\/candas365.es\\\/noticias\\\/#website\"},\"breadcrumb\":{\"@id\":\"https:\\\/\\\/candas365.es\\\/noticias\\\/turismo-alemania-esta-de-moda\\\/#breadcrumblist\"},\"author\":{\"@id\":\"https:\\\/\\\/candas365.es\\\/noticias\\\/author\\\/admin\\\/#author\"},\"creator\":{\"@id\":\"https:\\\/\\\/candas365.es\\\/noticias\\\/author\\\/admin\\\/#author\"},\"image\":{\"@type\":\"ImageObject\",\"url\":\"https:\\\/\\\/candas365.es\\\/noticias\\\/wp-content\\\/uploads\\\/2024\\\/10\\\/Alemania-turismo.jpg\",\"@id\":\"https:\\\/\\\/candas365.es\\\/noticias\\\/turismo-alemania-esta-de-moda\\\/#mainImage\",\"width\":1000,\"height\":665,\"caption\":\"Veraneantes en un lago del norte de Alemania. Foto: Hauke-Christian Dittrich\\\/dpa\"},\"primaryImageOfPage\":{\"@id\":\"https:\\\/\\\/candas365.es\\\/noticias\\\/turismo-alemania-esta-de-moda\\\/#mainImage\"},\"datePublished\":\"2024-10-12T20:12:42+02:00\",\"dateModified\":\"2024-10-12T20:12:42+02:00\"},{\"@type\":\"WebSite\",\"@id\":\"https:\\\/\\\/candas365.es\\\/noticias\\\/#website\",\"url\":\"https:\\\/\\\/candas365.es\\\/noticias\\\/\",\"name\":\"Cand\\u00e1s 365\",\"alternateName\":\"Cand\\u00e1s 365 Noticias\",\"description\":\"Actualidad desde Carre\\u00f1o para el mundo\",\"inLanguage\":\"es-ES\",\"publisher\":{\"@id\":\"https:\\\/\\\/candas365.es\\\/noticias\\\/#organization\"}}]}\n\t\t<\/script>\n\t\t<!-- All in One SEO Pro -->\r\n\t\t<title>Turismo: Alemania est\u00e1 de moda | Cand\u00e1s 365<\/title>\n\n","aioseo_head_json":{"title":"Turismo: Alemania est\u00e1 de moda | Cand\u00e1s 365","description":"Wiesbaden (Alemania), 11 oct (dpa) - Alemania registr\u00f3 en agosto m\u00e1s pernoctaciones tur\u00edsticas que nunca en un solo mes, a tenor de las cifras que la Oficina","canonical_url":"https:\/\/candas365.es\/noticias\/turismo-alemania-esta-de-moda\/","robots":"max-image-preview:large","keywords":"turismo","webmasterTools":{"google-site-verification":"UA-32230408-1","msvalidate.01":"354F3CDFB2DA171B47FBE9ABF1F88D5","miscellaneous":""},"schema":{"@context":"https:\/\/schema.org","@graph":[{"@type":"BreadcrumbList","@id":"https:\/\/candas365.es\/noticias\/turismo-alemania-esta-de-moda\/#breadcrumblist","itemListElement":[{"@type":"ListItem","@id":"https:\/\/candas365.es\/noticias#listItem","position":1,"name":"Home","item":"https:\/\/candas365.es\/noticias","nextItem":{"@type":"ListItem","@id":"https:\/\/candas365.es\/noticias\/category\/turismo\/#listItem","name":"Turismo"}},{"@type":"ListItem","@id":"https:\/\/candas365.es\/noticias\/category\/turismo\/#listItem","position":2,"name":"Turismo","item":"https:\/\/candas365.es\/noticias\/category\/turismo\/","nextItem":{"@type":"ListItem","@id":"https:\/\/candas365.es\/noticias\/turismo-alemania-esta-de-moda\/#listItem","name":"Turismo: Alemania est\u00e1 de moda"},"previousItem":{"@type":"ListItem","@id":"https:\/\/candas365.es\/noticias#listItem","name":"Home"}},{"@type":"ListItem","@id":"https:\/\/candas365.es\/noticias\/turismo-alemania-esta-de-moda\/#listItem","position":3,"name":"Turismo: Alemania est\u00e1 de moda","previousItem":{"@type":"ListItem","@id":"https:\/\/candas365.es\/noticias\/category\/turismo\/#listItem","name":"Turismo"}}]},{"@type":"NewsArticle","@id":"https:\/\/candas365.es\/noticias\/turismo-alemania-esta-de-moda\/#newsarticle","name":"Turismo: Alemania est\u00e1 de moda | Cand\u00e1s 365","headline":"Turismo: Alemania est\u00e1 de moda","author":{"@id":"https:\/\/candas365.es\/noticias\/author\/admin\/#author"},"publisher":{"@id":"https:\/\/candas365.es\/noticias\/#organization"},"image":{"@type":"ImageObject","url":"https:\/\/candas365.es\/noticias\/wp-content\/uploads\/2024\/10\/Alemania-turismo.jpg","width":1000,"height":665,"caption":"Veraneantes en un lago del norte de Alemania. Foto: Hauke-Christian Dittrich\/dpa"},"datePublished":"2024-10-12T20:12:42+02:00","dateModified":"2024-10-12T20:12:42+02:00","inLanguage":"es-ES","mainEntityOfPage":{"@id":"https:\/\/candas365.es\/noticias\/turismo-alemania-esta-de-moda\/#webpage"},"isPartOf":{"@id":"https:\/\/candas365.es\/noticias\/turismo-alemania-esta-de-moda\/#webpage"},"articleSection":"Turismo, Alemania, turismo","dateline":"Publicado el octubre 12, 2024."},{"@type":"Organization","@id":"https:\/\/candas365.es\/noticias\/#organization","name":"Cand\u00e1s 365","description":"Cand\u00e1s 365 es un diario digital independiente, fundado en 2012, con base en Asturias. Informamos con rigor sobre actualidad, sociedad, cultura y ocio, con una mirada local y global.","url":"https:\/\/candas365.es\/noticias\/","email":"info@candas365.es","telephone":"+34652131393","foundingDate":"2012-06-10","logo":{"@type":"ImageObject","url":"https:\/\/candas365.es\/noticias\/wp-content\/uploads\/2024\/09\/Candas-365-Redes.jpg","@id":"https:\/\/candas365.es\/noticias\/turismo-alemania-esta-de-moda\/#organizationLogo","width":1152,"height":864,"caption":"Cand\u00e1s 365 Redes"},"image":{"@id":"https:\/\/candas365.es\/noticias\/turismo-alemania-esta-de-moda\/#organizationLogo"},"sameAs":["https:\/\/www.facebook.com\/Nachofdezber","https:\/\/x.com\/NabercoDigital","https:\/\/www.instagram.com\/nachofdezber\/","https:\/\/www.youtube.com\/channel\/UCZP-2wLEB9Rv6erhFmqVnvg"],"address":{"@id":"https:\/\/candas365.es\/noticias\/#postaladdress","@type":"PostalAddress","streetAddress":"san antonio 4, san antonio 4","postalCode":"33430","addressLocality":"Cand\u00e1s","addressRegion":"Asturias","addressCountry":"ES"}},{"@type":"Person","@id":"https:\/\/candas365.es\/noticias\/author\/admin\/#author","url":"https:\/\/candas365.es\/noticias\/author\/admin\/","name":"Cand\u00e1s 365","image":{"@type":"ImageObject","@id":"https:\/\/candas365.es\/noticias\/turismo-alemania-esta-de-moda\/#authorImage","url":"https:\/\/secure.gravatar.com\/avatar\/496a8e03d0c493ede1718b7934145dbdf8d89be1036b0eec9544e1094c9de390?s=96&d=mm&r=g","width":96,"height":96,"caption":"Cand\u00e1s 365"},"sameAs":["https:\/\/www.facebook.com\/carrenoactualidad","https:\/\/twitter.com\/nbasturias","https:\/\/www.instagram.com\/nachofdezber\/","https:\/\/www.youtube.com\/channel\/UCZP-2wLEB9Rv6erhFmqVnvg"]},{"@type":"WebPage","@id":"https:\/\/candas365.es\/noticias\/turismo-alemania-esta-de-moda\/#webpage","url":"https:\/\/candas365.es\/noticias\/turismo-alemania-esta-de-moda\/","name":"Turismo: Alemania est\u00e1 de moda | Cand\u00e1s 365","description":"Wiesbaden (Alemania), 11 oct (dpa) - Alemania registr\u00f3 en agosto m\u00e1s pernoctaciones tur\u00edsticas que nunca en un solo mes, a tenor de las cifras que la Oficina","inLanguage":"es-ES","isPartOf":{"@id":"https:\/\/candas365.es\/noticias\/#website"},"breadcrumb":{"@id":"https:\/\/candas365.es\/noticias\/turismo-alemania-esta-de-moda\/#breadcrumblist"},"author":{"@id":"https:\/\/candas365.es\/noticias\/author\/admin\/#author"},"creator":{"@id":"https:\/\/candas365.es\/noticias\/author\/admin\/#author"},"image":{"@type":"ImageObject","url":"https:\/\/candas365.es\/noticias\/wp-content\/uploads\/2024\/10\/Alemania-turismo.jpg","@id":"https:\/\/candas365.es\/noticias\/turismo-alemania-esta-de-moda\/#mainImage","width":1000,"height":665,"caption":"Veraneantes en un lago del norte de Alemania. Foto: Hauke-Christian Dittrich\/dpa"},"primaryImageOfPage":{"@id":"https:\/\/candas365.es\/noticias\/turismo-alemania-esta-de-moda\/#mainImage"},"datePublished":"2024-10-12T20:12:42+02:00","dateModified":"2024-10-12T20:12:42+02:00"},{"@type":"WebSite","@id":"https:\/\/candas365.es\/noticias\/#website","url":"https:\/\/candas365.es\/noticias\/","name":"Cand\u00e1s 365","alternateName":"Cand\u00e1s 365 Noticias","description":"Actualidad desde Carre\u00f1o para el mundo","inLanguage":"es-ES","publisher":{"@id":"https:\/\/candas365.es\/noticias\/#organization"}}]},"og:locale":"es_ES","og:site_name":"Cand\u00e1s 365","og:type":"article","og:title":"Turismo: Alemania est\u00e1 de moda | Cand\u00e1s 365","og:description":"Wiesbaden (Alemania), 11 oct (dpa) - Alemania registr\u00f3 en agosto m\u00e1s pernoctaciones tur\u00edsticas que nunca en un solo mes, a tenor de las cifras que la Oficina","og:url":"https:\/\/candas365.es\/noticias\/turismo-alemania-esta-de-moda\/","og:image":"https:\/\/candas365.es\/noticias\/wp-content\/uploads\/2024\/10\/Alemania-turismo.jpg","og:image:secure_url":"https:\/\/candas365.es\/noticias\/wp-content\/uploads\/2024\/10\/Alemania-turismo.jpg","og:image:width":1000,"og:image:height":665,"article:published_time":"2024-10-12T18:12:42+00:00","article:modified_time":"2024-10-12T18:12:42+00:00","article:publisher":"https:\/\/www.facebook.com\/Nachofdezber","article:author":"https:\/\/www.facebook.com\/carrenoactualidad","twitter:card":"summary_large_image","twitter:site":"@NabercoDigital","twitter:title":"Turismo: Alemania est\u00e1 de moda | Cand\u00e1s 365","twitter:description":"Wiesbaden (Alemania), 11 oct (dpa) - Alemania registr\u00f3 en agosto m\u00e1s pernoctaciones tur\u00edsticas que nunca en un solo mes, a tenor de las cifras que la Oficina","twitter:creator":"@nbasturias","twitter:image":"https:\/\/candas365.es\/noticias\/wp-content\/uploads\/2024\/10\/Alemania-turismo.jpg","twitter:label1":"Escrito por","twitter:data1":"Cand\u00e1s 365","twitter:label2":"Tiempo de lectura estimado","twitter:data2":"1 minuto"},"aioseo_meta_data":{"post_id":"183529","title":null,"description":"Wiesbaden (Alemania), 11 oct (dpa) - Alemania registr\u00f3 en agosto m\u00e1s pernoctaciones tur\u00edsticas que nunca en un solo mes, a tenor de las cifras que la Oficina","keywords":null,"keyphrases":{"focus":{"keyphrase":"Alemania","score":93,"analysis":{"keyphraseInTitle":{"score":9,"maxScore":9,"error":0},"keyphraseInDescription":{"score":9,"maxScore":9,"error":0},"keyphraseLength":{"score":9,"maxScore":9,"error":0,"length":1},"keyphraseInURL":{"score":1,"maxScore":5,"error":1},"keyphraseInIntroduction":{"score":9,"maxScore":9,"error":0},"keyphraseInSubHeadings":[],"keyphraseInImageAlt":{"score":9,"maxScore":9,"error":0},"keywordDensity":{"type":"best","score":9,"maxScore":9,"error":0}}},"additional":[{"keyphrase":"Alemania","score":100,"analysis":{"keyphraseInDescription":{"score":9,"maxScore":9,"error":0},"keyphraseLength":{"score":9,"maxScore":9,"error":0,"length":1},"keyphraseInIntroduction":{"score":9,"maxScore":9,"error":0},"keyphraseInImageAlt":{"score":9,"maxScore":9,"error":0},"keywordDensity":{"type":"best","score":9,"maxScore":9,"error":0}}}]},"primary_term":null,"canonical_url":null,"og_title":null,"og_description":null,"og_object_type":"default","og_image_type":"default","og_image_url":null,"og_image_width":null,"og_image_height":null,"og_image_custom_url":null,"og_image_custom_fields":null,"og_video":"","og_custom_url":null,"og_article_section":null,"og_article_tags":null,"twitter_use_og":false,"twitter_card":"default","twitter_image_type":"default","twitter_image_url":null,"twitter_image_custom_url":null,"twitter_image_custom_fields":null,"twitter_title":null,"twitter_description":null,"schema":{"blockGraphs":[],"customGraphs":[],"default":{"data":{"Article":[],"Course":[],"Dataset":[],"FAQPage":[],"Movie":[],"Person":[],"Product":[],"ProductReview":[],"Car":[],"Recipe":[],"Service":[],"SoftwareApplication":[],"WebPage":[]},"graphName":"Article","isEnabled":true},"graphs":[]},"schema_type":"default","schema_type_options":null,"pillar_content":false,"robots_default":true,"robots_noindex":false,"robots_noarchive":false,"robots_nosnippet":false,"robots_nofollow":false,"robots_noimageindex":false,"robots_noodp":false,"robots_notranslate":false,"robots_max_snippet":"-1","robots_max_videopreview":"-1","robots_max_imagepreview":"large","priority":null,"frequency":"default","location":null,"local_seo":null,"seo_analyzer_scan_date":"2025-09-02 15:04:11","breadcrumb_settings":null,"limit_modified_date":false,"reviewed_by":null,"open_ai":"{\"title\":{\"suggestions\":[],\"usage\":0},\"description\":{\"suggestions\":[],\"usage\":0}}","ai":null,"created":"2024-10-12 18:05:49","updated":"2025-09-02 15:04:11"},"aioseo_breadcrumb":"<div class=\"aioseo-breadcrumbs\"><span class=\"aioseo-breadcrumb\">\n\t<a href=\"https:\/\/candas365.es\/noticias\" title=\"Home\">Home<\/a>\n<\/span><span class=\"aioseo-breadcrumb-separator\">&ndash;<\/span><span class=\"aioseo-breadcrumb\">\n\t<a href=\"https:\/\/candas365.es\/noticias\/category\/turismo\/\" title=\"Turismo\">Turismo<\/a>\n<\/span><span class=\"aioseo-breadcrumb-separator\">&ndash;<\/span><span class=\"aioseo-breadcrumb\">\n\tTurismo: Alemania est\u00e1 de moda\n<\/span><\/div>","aioseo_breadcrumb_json":[{"label":"Home","link":"https:\/\/candas365.es\/noticias"},{"label":"Turismo","link":"https:\/\/candas365.es\/noticias\/category\/turismo\/"},{"label":"Turismo: Alemania est\u00e1 de moda","link":"https:\/\/candas365.es\/noticias\/turismo-alemania-esta-de-moda\/"}],"_links":{"self":[{"href":"https:\/\/candas365.es\/noticias\/wp-json\/wp\/v2\/posts\/183529","targetHints":{"allow":["GET"]}}],"collection":[{"href":"https:\/\/candas365.es\/noticias\/wp-json\/wp\/v2\/posts"}],"about":[{"href":"https:\/\/candas365.es\/noticias\/wp-json\/wp\/v2\/types\/post"}],"author":[{"embeddable":true,"href":"https:\/\/candas365.es\/noticias\/wp-json\/wp\/v2\/users\/1"}],"replies":[{"embeddable":true,"href":"https:\/\/candas365.es\/noticias\/wp-json\/wp\/v2\/comments?post=183529"}],"version-history":[{"count":0,"href":"https:\/\/candas365.es\/noticias\/wp-json\/wp\/v2\/posts\/183529\/revisions"}],"wp:featuredmedia":[{"embeddable":true,"href":"https:\/\/candas365.es\/noticias\/wp-json\/wp\/v2\/media\/183530"}],"wp:attachment":[{"href":"https:\/\/candas365.es\/noticias\/wp-json\/wp\/v2\/media?parent=183529"}],"wp:term":[{"taxonomy":"category","embeddable":true,"href":"https:\/\/candas365.es\/noticias\/wp-json\/wp\/v2\/categories?post=183529"},{"taxonomy":"post_tag","embeddable":true,"href":"https:\/\/candas365.es\/noticias\/wp-json\/wp\/v2\/tags?post=183529"}],"curies":[{"name":"wp","href":"https:\/\/api.w.org\/{rel}","templated":true}]}}