{"id":183487,"date":"2024-10-11T12:54:55","date_gmt":"2024-10-11T10:54:55","guid":{"rendered":"https:\/\/candas365.es\/noticias\/?p=183487"},"modified":"2024-10-11T12:54:55","modified_gmt":"2024-10-11T10:54:55","slug":"los-emprendedores-de-oaxaca-marcan-tendencia","status":"publish","type":"post","link":"https:\/\/candas365.es\/noticias\/los-emprendedores-de-oaxaca-marcan-tendencia\/","title":{"rendered":"Los emprendedores de Oaxaca marcan tendencia"},"content":{"rendered":"<p>Los <a href=\"https:\/\/candas365.es\/noticias\/category\/canal-empresas\/\"><span style=\"color: #ff6600;\"><strong>emprendedores<\/strong><\/span><\/a> de Oaxaca est\u00e1n marcan tendencia actualmente por su crecimiento econ\u00f3mico impulsado por instituciones como Compartamos Banco.<\/p>\n<p><img fetchpriority=\"high\" decoding=\"async\" class=\"aligncenter size-full wp-image-183488\" src=\"https:\/\/candas365.es\/noticias\/wp-content\/uploads\/2024\/10\/emprendedores.jpg\" alt=\"emprendedores\" width=\"640\" height=\"427\" srcset=\"https:\/\/candas365.es\/noticias\/wp-content\/uploads\/2024\/10\/emprendedores.jpg 640w, https:\/\/candas365.es\/noticias\/wp-content\/uploads\/2024\/10\/emprendedores-360x240.jpg 360w, https:\/\/candas365.es\/noticias\/wp-content\/uploads\/2024\/10\/emprendedores-150x100.jpg 150w, https:\/\/candas365.es\/noticias\/wp-content\/uploads\/2024\/10\/emprendedores-450x300.jpg 450w\" sizes=\"(max-width: 640px) 100vw, 640px\" \/><\/p>\n<p><strong>Oaxaca\u00a0<\/strong>est\u00e1 marcando tendencia a trav\u00e9s de emprendimientos en torno a la compra-venta de indumentaria, alimento, calzado, perfumer\u00eda, abarrotes y miscel\u00e1neas. En efecto, la actividad comercial de los oaxaque\u00f1os est\u00e1 contribuyendo a la creaci\u00f3n de empleos y a la revitalizaci\u00f3n econ\u00f3mica de las comunidades, es as\u00ed como lo marca la instituci\u00f3n financiera de cr\u00e9ditos,\u00a0<strong>Compartamos Banco<\/strong>, dirigida especialmente a emprendedores y microempresarios.<\/p>\n<p>De acuerdo con la instituci\u00f3n, los emprendedores muestran actualmente un mayor inter\u00e9s por acceder a financiamientos para destinar el capital obtenido para<strong>\u00a0iniciar un negocio o el que ya tienen<\/strong>. Con respecto a\u00a0<strong>Oaxaca<\/strong>, la INAGI se\u00f1al\u00f3 que es\u00a0<strong>el estado con mayor esperanza de vida de los negocios en M\u00e9xico<\/strong>, con 13.3 a\u00f1os. Por otro lado, el Instituto Oaxaque\u00f1o del Emprendedor y de la Competitividad (IODEMC), destaca que el 75% de los empleos generados en el estado provienen de\u00a0<strong>pymes<\/strong>, las cuales aportan 52% del PIB de la entidad.<\/p>\n<p>Frente panorama y para conmemorar los 34 a\u00f1os de Compartamos Banco, se celebr\u00f3 el \u00ab<strong>Fiest\u00f3n Compartamos 2024<\/strong>\u00bb en compa\u00f1\u00eda de 4.500 clientes para homenajear la creatividad de los<span style=\"color: #ff6600;\"><strong>\u00a0<\/strong><\/span><a href=\"https:\/\/notipress.mx\/tecnologia\/empoderamiento-femenino-conquista-espacios-herramientas-digitales-18083\" target=\"_blank\" rel=\"nofollow noopener\"><span style=\"color: #ff6600;\"><strong>emprendimientos y visibilizar su impacto en la econom\u00eda y la cultura<\/strong><\/span><\/a>. Una de las emprendedoras que tom\u00f3 la palabra fue Alicia Luna quien asegur\u00f3 ser clienta del banco desde hace 20 a\u00f1os y que gracias a los cr\u00e9ditos otorgados por la instituci\u00f3n ella pudo sacar adelante su cafeter\u00eda.<\/p>\n<p>Actualmente, la instituci\u00f3n cuenta con m\u00e1s de\u00a0<strong>3 millones 105 mil clientes en todo el pa\u00eds<\/strong>\u00a0y ha\u00a0<strong>otorgado cr\u00e9ditos por m\u00e1s de 44 mil 753 millones de pesos<\/strong>. Los emprendedores de Oaxaca se destacan como uno de los mejores clientes de la firma.<\/p>\n<p>La instituci\u00f3n observ\u00f3 que los\u00a0emprendimientos suelen tener una vida muy corta de aproximadamente uno o dos a\u00f1os. Por ello, los servicios de este banco no solo se enfocan en otorgar financiamiento sino tambi\u00e9n pone a disposici\u00f3n\u00a0<strong>asesor\u00eda y capacitaci\u00f3n\u00a0<\/strong>para hacer que los negocios financiados sean m\u00e1s competitivos frente un mercado que cada vez m\u00e1s presenta exigencias.<\/p>\n<p>Miguel \u00c1ngel Ortega, director regional de Ventas Sur de Compartamos Banco, coment\u00f3 a NotiPress que \u00abla expansi\u00f3n de estos negocios ha tenido un\u00a0<strong>efecto domin\u00f3 en las comunidades<\/strong>, impulsando la econom\u00eda local mediante la creaci\u00f3n de empleos, generando ingresos para familias que dependen del comercio local\u00bb. Muestra de ello es el testimonio de otra emprendedora, Rosa Magdalena Gonz\u00e1lez, quien lleva 8 a\u00f1os en el giro de la preparaci\u00f3n y venta de alimentos, as\u00ed como 12 a\u00f1os en la cartera de clientes de Compartamos Banco, espec\u00edficamente del cr\u00e9dito grupal.<\/p>\n<p>Las diferentes iniciativas en Oaxaca, respaldadas por instituciones como Compartamos Banco, tienen el potencial de transformar la econom\u00eda local. El banco asegura querer acompa\u00f1ar a la comunidad en esta carrera ayudando a los emprendimientos de los clientes y resolviendo sus necesidades financieras, siempre con\u00a0<strong>sentido humano<\/strong>.<\/p>\n<p>NotiPress \/ Por Axel Olivares<\/p>\n","protected":false},"excerpt":{"rendered":"<p>Los emprendedores de Oaxaca est\u00e1n marcan tendencia actualmente por su crecimiento econ\u00f3mico impulsado por instituciones como Compartamos Banco. Oaxaca\u00a0est\u00e1 marcando tendencia a trav\u00e9s de emprendimientos en torno a la compra-venta de indumentaria, alimento, calzado, perfumer\u00eda, abarrotes y miscel\u00e1neas. En efecto, la actividad comercial de los oaxaque\u00f1os est\u00e1 contribuyendo a la creaci\u00f3n de empleos y a<\/p>\n","protected":false},"author":1,"featured_media":183488,"comment_status":"closed","ping_status":"closed","sticky":false,"template":"","format":"standard","meta":{"footnotes":""},"categories":[486],"tags":[437,518],"class_list":{"0":"post-183487","1":"post","2":"type-post","3":"status-publish","4":"format-standard","5":"has-post-thumbnail","7":"category-economia","8":"tag-economia","9":"tag-mexico"},"aioseo_notices":[],"aioseo_head":"\n\t\t<!-- All in One SEO Pro 4.9.6.2 - aioseo.com -->\n\t<meta name=\"description\" content=\"Los emprendedores de Oaxaca est\u00e1n marcan tendencia actualmente por su crecimiento econ\u00f3mico impulsado por instituciones como Compartamos Banco.\" \/>\n\t<meta name=\"robots\" content=\"max-image-preview:large\" \/>\n\t<meta name=\"author\" content=\"Cand\u00e1s 365\"\/>\n\t<meta name=\"google-site-verification\" content=\"UA-32230408-1\" \/>\n\t<meta name=\"msvalidate.01\" content=\"354F3CDFB2DA171B47FBE9ABF1F88D5\" \/>\n\t<meta name=\"keywords\" content=\"econom\u00eda\" \/>\n\t<link rel=\"canonical\" href=\"https:\/\/candas365.es\/noticias\/los-emprendedores-de-oaxaca-marcan-tendencia\/\" \/>\n\t<meta name=\"generator\" content=\"All in One SEO Pro (AIOSEO) 4.9.6.2\" \/>\n\t\t<meta property=\"og:locale\" content=\"es_ES\" \/>\n\t\t<meta property=\"og:site_name\" content=\"Cand\u00e1s 365\" \/>\n\t\t<meta property=\"og:type\" content=\"article\" \/>\n\t\t<meta property=\"og:title\" content=\"Los emprendedores de Oaxaca marcan tendencia | Cand\u00e1s 365\" \/>\n\t\t<meta property=\"og:description\" content=\"Los emprendedores de Oaxaca est\u00e1n marcan tendencia actualmente por su crecimiento econ\u00f3mico impulsado por instituciones como Compartamos Banco.\" \/>\n\t\t<meta property=\"og:url\" content=\"https:\/\/candas365.es\/noticias\/los-emprendedores-de-oaxaca-marcan-tendencia\/\" \/>\n\t\t<meta property=\"og:image\" content=\"https:\/\/candas365.es\/noticias\/wp-content\/uploads\/2024\/10\/emprendedores.jpg\" \/>\n\t\t<meta property=\"og:image:secure_url\" content=\"https:\/\/candas365.es\/noticias\/wp-content\/uploads\/2024\/10\/emprendedores.jpg\" \/>\n\t\t<meta property=\"og:image:width\" content=\"640\" \/>\n\t\t<meta property=\"og:image:height\" content=\"427\" \/>\n\t\t<meta property=\"article:published_time\" content=\"2024-10-11T10:54:55+00:00\" \/>\n\t\t<meta property=\"article:modified_time\" content=\"2024-10-11T10:54:55+00:00\" \/>\n\t\t<meta property=\"article:publisher\" content=\"https:\/\/www.facebook.com\/Nachofdezber\" \/>\n\t\t<meta property=\"article:author\" content=\"https:\/\/www.facebook.com\/carrenoactualidad\" \/>\n\t\t<meta name=\"twitter:card\" content=\"summary_large_image\" \/>\n\t\t<meta name=\"twitter:site\" content=\"@NabercoDigital\" \/>\n\t\t<meta name=\"twitter:title\" content=\"Los emprendedores de Oaxaca marcan tendencia | Cand\u00e1s 365\" \/>\n\t\t<meta name=\"twitter:description\" content=\"Los emprendedores de Oaxaca est\u00e1n marcan tendencia actualmente por su crecimiento econ\u00f3mico impulsado por instituciones como Compartamos Banco.\" \/>\n\t\t<meta name=\"twitter:creator\" content=\"@nbasturias\" \/>\n\t\t<meta name=\"twitter:image\" content=\"https:\/\/candas365.es\/noticias\/wp-content\/uploads\/2024\/10\/emprendedores.jpg\" \/>\n\t\t<meta name=\"twitter:label1\" content=\"Escrito por\" \/>\n\t\t<meta name=\"twitter:data1\" content=\"Cand\u00e1s 365\" \/>\n\t\t<meta name=\"twitter:label2\" content=\"Tiempo de lectura estimado\" \/>\n\t\t<meta name=\"twitter:data2\" content=\"3 minutos\" \/>\n\t\t<script type=\"application\/ld+json\" class=\"aioseo-schema\">\n\t\t\t{\"@context\":\"https:\\\/\\\/schema.org\",\"@graph\":[{\"@type\":\"BreadcrumbList\",\"@id\":\"https:\\\/\\\/candas365.es\\\/noticias\\\/los-emprendedores-de-oaxaca-marcan-tendencia\\\/#breadcrumblist\",\"itemListElement\":[{\"@type\":\"ListItem\",\"@id\":\"https:\\\/\\\/candas365.es\\\/noticias#listItem\",\"position\":1,\"name\":\"Home\",\"item\":\"https:\\\/\\\/candas365.es\\\/noticias\",\"nextItem\":{\"@type\":\"ListItem\",\"@id\":\"https:\\\/\\\/candas365.es\\\/noticias\\\/category\\\/economia\\\/#listItem\",\"name\":\"Econom\\u00eda\"}},{\"@type\":\"ListItem\",\"@id\":\"https:\\\/\\\/candas365.es\\\/noticias\\\/category\\\/economia\\\/#listItem\",\"position\":2,\"name\":\"Econom\\u00eda\",\"item\":\"https:\\\/\\\/candas365.es\\\/noticias\\\/category\\\/economia\\\/\",\"nextItem\":{\"@type\":\"ListItem\",\"@id\":\"https:\\\/\\\/candas365.es\\\/noticias\\\/los-emprendedores-de-oaxaca-marcan-tendencia\\\/#listItem\",\"name\":\"Los emprendedores de Oaxaca marcan tendencia\"},\"previousItem\":{\"@type\":\"ListItem\",\"@id\":\"https:\\\/\\\/candas365.es\\\/noticias#listItem\",\"name\":\"Home\"}},{\"@type\":\"ListItem\",\"@id\":\"https:\\\/\\\/candas365.es\\\/noticias\\\/los-emprendedores-de-oaxaca-marcan-tendencia\\\/#listItem\",\"position\":3,\"name\":\"Los emprendedores de Oaxaca marcan tendencia\",\"previousItem\":{\"@type\":\"ListItem\",\"@id\":\"https:\\\/\\\/candas365.es\\\/noticias\\\/category\\\/economia\\\/#listItem\",\"name\":\"Econom\\u00eda\"}}]},{\"@type\":\"NewsArticle\",\"@id\":\"https:\\\/\\\/candas365.es\\\/noticias\\\/los-emprendedores-de-oaxaca-marcan-tendencia\\\/#newsarticle\",\"name\":\"Los emprendedores de Oaxaca marcan tendencia | Cand\\u00e1s 365\",\"headline\":\"Los emprendedores de Oaxaca marcan tendencia\",\"author\":{\"@id\":\"https:\\\/\\\/candas365.es\\\/noticias\\\/author\\\/admin\\\/#author\"},\"publisher\":{\"@id\":\"https:\\\/\\\/candas365.es\\\/noticias\\\/#organization\"},\"image\":{\"@type\":\"ImageObject\",\"url\":\"https:\\\/\\\/candas365.es\\\/noticias\\\/wp-content\\\/uploads\\\/2024\\\/10\\\/emprendedores.jpg\",\"width\":640,\"height\":427,\"caption\":\"emprendedores\"},\"datePublished\":\"2024-10-11T12:54:55+02:00\",\"dateModified\":\"2024-10-11T12:54:55+02:00\",\"inLanguage\":\"es-ES\",\"mainEntityOfPage\":{\"@id\":\"https:\\\/\\\/candas365.es\\\/noticias\\\/los-emprendedores-de-oaxaca-marcan-tendencia\\\/#webpage\"},\"isPartOf\":{\"@id\":\"https:\\\/\\\/candas365.es\\\/noticias\\\/los-emprendedores-de-oaxaca-marcan-tendencia\\\/#webpage\"},\"articleSection\":\"Econom\\u00eda, Econom\\u00eda, M\\u00e9xico\",\"dateline\":\"Publicado el octubre 11, 2024.\"},{\"@type\":\"Organization\",\"@id\":\"https:\\\/\\\/candas365.es\\\/noticias\\\/#organization\",\"name\":\"Cand\\u00e1s 365\",\"description\":\"Cand\\u00e1s 365 es un diario digital independiente, fundado en 2012, con base en Asturias. Informamos con rigor sobre actualidad, sociedad, cultura y ocio, con una mirada local y global.\",\"url\":\"https:\\\/\\\/candas365.es\\\/noticias\\\/\",\"email\":\"info@candas365.es\",\"telephone\":\"+34652131393\",\"foundingDate\":\"2012-06-10\",\"logo\":{\"@type\":\"ImageObject\",\"url\":\"https:\\\/\\\/candas365.es\\\/noticias\\\/wp-content\\\/uploads\\\/2024\\\/09\\\/Candas-365-Redes.jpg\",\"@id\":\"https:\\\/\\\/candas365.es\\\/noticias\\\/los-emprendedores-de-oaxaca-marcan-tendencia\\\/#organizationLogo\",\"width\":1152,\"height\":864,\"caption\":\"Cand\\u00e1s 365 Redes\"},\"image\":{\"@id\":\"https:\\\/\\\/candas365.es\\\/noticias\\\/los-emprendedores-de-oaxaca-marcan-tendencia\\\/#organizationLogo\"},\"sameAs\":[\"https:\\\/\\\/www.facebook.com\\\/Nachofdezber\",\"https:\\\/\\\/x.com\\\/NabercoDigital\",\"https:\\\/\\\/www.instagram.com\\\/nachofdezber\\\/\",\"https:\\\/\\\/www.youtube.com\\\/channel\\\/UCZP-2wLEB9Rv6erhFmqVnvg\"],\"address\":{\"@id\":\"https:\\\/\\\/candas365.es\\\/noticias\\\/#postaladdress\",\"@type\":\"PostalAddress\",\"streetAddress\":\"san antonio 4, san antonio 4\",\"postalCode\":\"33430\",\"addressLocality\":\"Cand\\u00e1s\",\"addressRegion\":\"Asturias\",\"addressCountry\":\"ES\"}},{\"@type\":\"Person\",\"@id\":\"https:\\\/\\\/candas365.es\\\/noticias\\\/author\\\/admin\\\/#author\",\"url\":\"https:\\\/\\\/candas365.es\\\/noticias\\\/author\\\/admin\\\/\",\"name\":\"Cand\\u00e1s 365\",\"image\":{\"@type\":\"ImageObject\",\"@id\":\"https:\\\/\\\/candas365.es\\\/noticias\\\/los-emprendedores-de-oaxaca-marcan-tendencia\\\/#authorImage\",\"url\":\"https:\\\/\\\/secure.gravatar.com\\\/avatar\\\/496a8e03d0c493ede1718b7934145dbdf8d89be1036b0eec9544e1094c9de390?s=96&d=mm&r=g\",\"width\":96,\"height\":96,\"caption\":\"Cand\\u00e1s 365\"},\"sameAs\":[\"https:\\\/\\\/www.facebook.com\\\/carrenoactualidad\",\"https:\\\/\\\/twitter.com\\\/nbasturias\",\"https:\\\/\\\/www.instagram.com\\\/nachofdezber\\\/\",\"https:\\\/\\\/www.youtube.com\\\/channel\\\/UCZP-2wLEB9Rv6erhFmqVnvg\"]},{\"@type\":\"WebPage\",\"@id\":\"https:\\\/\\\/candas365.es\\\/noticias\\\/los-emprendedores-de-oaxaca-marcan-tendencia\\\/#webpage\",\"url\":\"https:\\\/\\\/candas365.es\\\/noticias\\\/los-emprendedores-de-oaxaca-marcan-tendencia\\\/\",\"name\":\"Los emprendedores de Oaxaca marcan tendencia | Cand\\u00e1s 365\",\"description\":\"Los emprendedores de Oaxaca est\\u00e1n marcan tendencia actualmente por su crecimiento econ\\u00f3mico impulsado por instituciones como Compartamos Banco.\",\"inLanguage\":\"es-ES\",\"isPartOf\":{\"@id\":\"https:\\\/\\\/candas365.es\\\/noticias\\\/#website\"},\"breadcrumb\":{\"@id\":\"https:\\\/\\\/candas365.es\\\/noticias\\\/los-emprendedores-de-oaxaca-marcan-tendencia\\\/#breadcrumblist\"},\"author\":{\"@id\":\"https:\\\/\\\/candas365.es\\\/noticias\\\/author\\\/admin\\\/#author\"},\"creator\":{\"@id\":\"https:\\\/\\\/candas365.es\\\/noticias\\\/author\\\/admin\\\/#author\"},\"image\":{\"@type\":\"ImageObject\",\"url\":\"https:\\\/\\\/candas365.es\\\/noticias\\\/wp-content\\\/uploads\\\/2024\\\/10\\\/emprendedores.jpg\",\"@id\":\"https:\\\/\\\/candas365.es\\\/noticias\\\/los-emprendedores-de-oaxaca-marcan-tendencia\\\/#mainImage\",\"width\":640,\"height\":427,\"caption\":\"emprendedores\"},\"primaryImageOfPage\":{\"@id\":\"https:\\\/\\\/candas365.es\\\/noticias\\\/los-emprendedores-de-oaxaca-marcan-tendencia\\\/#mainImage\"},\"datePublished\":\"2024-10-11T12:54:55+02:00\",\"dateModified\":\"2024-10-11T12:54:55+02:00\"},{\"@type\":\"WebSite\",\"@id\":\"https:\\\/\\\/candas365.es\\\/noticias\\\/#website\",\"url\":\"https:\\\/\\\/candas365.es\\\/noticias\\\/\",\"name\":\"Cand\\u00e1s 365\",\"alternateName\":\"Cand\\u00e1s 365 Noticias\",\"description\":\"Actualidad desde Carre\\u00f1o para el mundo\",\"inLanguage\":\"es-ES\",\"publisher\":{\"@id\":\"https:\\\/\\\/candas365.es\\\/noticias\\\/#organization\"}}]}\n\t\t<\/script>\n\t\t<!-- All in One SEO Pro -->\r\n\t\t<title>Los emprendedores de Oaxaca marcan tendencia | Cand\u00e1s 365<\/title>\n\n","aioseo_head_json":{"title":"Los emprendedores de Oaxaca marcan tendencia | Cand\u00e1s 365","description":"Los emprendedores de Oaxaca est\u00e1n marcan tendencia actualmente por su crecimiento econ\u00f3mico impulsado por instituciones como Compartamos Banco.","canonical_url":"https:\/\/candas365.es\/noticias\/los-emprendedores-de-oaxaca-marcan-tendencia\/","robots":"max-image-preview:large","keywords":"econom\u00eda","webmasterTools":{"google-site-verification":"UA-32230408-1","msvalidate.01":"354F3CDFB2DA171B47FBE9ABF1F88D5","miscellaneous":""},"schema":{"@context":"https:\/\/schema.org","@graph":[{"@type":"BreadcrumbList","@id":"https:\/\/candas365.es\/noticias\/los-emprendedores-de-oaxaca-marcan-tendencia\/#breadcrumblist","itemListElement":[{"@type":"ListItem","@id":"https:\/\/candas365.es\/noticias#listItem","position":1,"name":"Home","item":"https:\/\/candas365.es\/noticias","nextItem":{"@type":"ListItem","@id":"https:\/\/candas365.es\/noticias\/category\/economia\/#listItem","name":"Econom\u00eda"}},{"@type":"ListItem","@id":"https:\/\/candas365.es\/noticias\/category\/economia\/#listItem","position":2,"name":"Econom\u00eda","item":"https:\/\/candas365.es\/noticias\/category\/economia\/","nextItem":{"@type":"ListItem","@id":"https:\/\/candas365.es\/noticias\/los-emprendedores-de-oaxaca-marcan-tendencia\/#listItem","name":"Los emprendedores de Oaxaca marcan tendencia"},"previousItem":{"@type":"ListItem","@id":"https:\/\/candas365.es\/noticias#listItem","name":"Home"}},{"@type":"ListItem","@id":"https:\/\/candas365.es\/noticias\/los-emprendedores-de-oaxaca-marcan-tendencia\/#listItem","position":3,"name":"Los emprendedores de Oaxaca marcan tendencia","previousItem":{"@type":"ListItem","@id":"https:\/\/candas365.es\/noticias\/category\/economia\/#listItem","name":"Econom\u00eda"}}]},{"@type":"NewsArticle","@id":"https:\/\/candas365.es\/noticias\/los-emprendedores-de-oaxaca-marcan-tendencia\/#newsarticle","name":"Los emprendedores de Oaxaca marcan tendencia | Cand\u00e1s 365","headline":"Los emprendedores de Oaxaca marcan tendencia","author":{"@id":"https:\/\/candas365.es\/noticias\/author\/admin\/#author"},"publisher":{"@id":"https:\/\/candas365.es\/noticias\/#organization"},"image":{"@type":"ImageObject","url":"https:\/\/candas365.es\/noticias\/wp-content\/uploads\/2024\/10\/emprendedores.jpg","width":640,"height":427,"caption":"emprendedores"},"datePublished":"2024-10-11T12:54:55+02:00","dateModified":"2024-10-11T12:54:55+02:00","inLanguage":"es-ES","mainEntityOfPage":{"@id":"https:\/\/candas365.es\/noticias\/los-emprendedores-de-oaxaca-marcan-tendencia\/#webpage"},"isPartOf":{"@id":"https:\/\/candas365.es\/noticias\/los-emprendedores-de-oaxaca-marcan-tendencia\/#webpage"},"articleSection":"Econom\u00eda, Econom\u00eda, M\u00e9xico","dateline":"Publicado el octubre 11, 2024."},{"@type":"Organization","@id":"https:\/\/candas365.es\/noticias\/#organization","name":"Cand\u00e1s 365","description":"Cand\u00e1s 365 es un diario digital independiente, fundado en 2012, con base en Asturias. Informamos con rigor sobre actualidad, sociedad, cultura y ocio, con una mirada local y global.","url":"https:\/\/candas365.es\/noticias\/","email":"info@candas365.es","telephone":"+34652131393","foundingDate":"2012-06-10","logo":{"@type":"ImageObject","url":"https:\/\/candas365.es\/noticias\/wp-content\/uploads\/2024\/09\/Candas-365-Redes.jpg","@id":"https:\/\/candas365.es\/noticias\/los-emprendedores-de-oaxaca-marcan-tendencia\/#organizationLogo","width":1152,"height":864,"caption":"Cand\u00e1s 365 Redes"},"image":{"@id":"https:\/\/candas365.es\/noticias\/los-emprendedores-de-oaxaca-marcan-tendencia\/#organizationLogo"},"sameAs":["https:\/\/www.facebook.com\/Nachofdezber","https:\/\/x.com\/NabercoDigital","https:\/\/www.instagram.com\/nachofdezber\/","https:\/\/www.youtube.com\/channel\/UCZP-2wLEB9Rv6erhFmqVnvg"],"address":{"@id":"https:\/\/candas365.es\/noticias\/#postaladdress","@type":"PostalAddress","streetAddress":"san antonio 4, san antonio 4","postalCode":"33430","addressLocality":"Cand\u00e1s","addressRegion":"Asturias","addressCountry":"ES"}},{"@type":"Person","@id":"https:\/\/candas365.es\/noticias\/author\/admin\/#author","url":"https:\/\/candas365.es\/noticias\/author\/admin\/","name":"Cand\u00e1s 365","image":{"@type":"ImageObject","@id":"https:\/\/candas365.es\/noticias\/los-emprendedores-de-oaxaca-marcan-tendencia\/#authorImage","url":"https:\/\/secure.gravatar.com\/avatar\/496a8e03d0c493ede1718b7934145dbdf8d89be1036b0eec9544e1094c9de390?s=96&d=mm&r=g","width":96,"height":96,"caption":"Cand\u00e1s 365"},"sameAs":["https:\/\/www.facebook.com\/carrenoactualidad","https:\/\/twitter.com\/nbasturias","https:\/\/www.instagram.com\/nachofdezber\/","https:\/\/www.youtube.com\/channel\/UCZP-2wLEB9Rv6erhFmqVnvg"]},{"@type":"WebPage","@id":"https:\/\/candas365.es\/noticias\/los-emprendedores-de-oaxaca-marcan-tendencia\/#webpage","url":"https:\/\/candas365.es\/noticias\/los-emprendedores-de-oaxaca-marcan-tendencia\/","name":"Los emprendedores de Oaxaca marcan tendencia | Cand\u00e1s 365","description":"Los emprendedores de Oaxaca est\u00e1n marcan tendencia actualmente por su crecimiento econ\u00f3mico impulsado por instituciones como Compartamos Banco.","inLanguage":"es-ES","isPartOf":{"@id":"https:\/\/candas365.es\/noticias\/#website"},"breadcrumb":{"@id":"https:\/\/candas365.es\/noticias\/los-emprendedores-de-oaxaca-marcan-tendencia\/#breadcrumblist"},"author":{"@id":"https:\/\/candas365.es\/noticias\/author\/admin\/#author"},"creator":{"@id":"https:\/\/candas365.es\/noticias\/author\/admin\/#author"},"image":{"@type":"ImageObject","url":"https:\/\/candas365.es\/noticias\/wp-content\/uploads\/2024\/10\/emprendedores.jpg","@id":"https:\/\/candas365.es\/noticias\/los-emprendedores-de-oaxaca-marcan-tendencia\/#mainImage","width":640,"height":427,"caption":"emprendedores"},"primaryImageOfPage":{"@id":"https:\/\/candas365.es\/noticias\/los-emprendedores-de-oaxaca-marcan-tendencia\/#mainImage"},"datePublished":"2024-10-11T12:54:55+02:00","dateModified":"2024-10-11T12:54:55+02:00"},{"@type":"WebSite","@id":"https:\/\/candas365.es\/noticias\/#website","url":"https:\/\/candas365.es\/noticias\/","name":"Cand\u00e1s 365","alternateName":"Cand\u00e1s 365 Noticias","description":"Actualidad desde Carre\u00f1o para el mundo","inLanguage":"es-ES","publisher":{"@id":"https:\/\/candas365.es\/noticias\/#organization"}}]},"og:locale":"es_ES","og:site_name":"Cand\u00e1s 365","og:type":"article","og:title":"Los emprendedores de Oaxaca marcan tendencia | Cand\u00e1s 365","og:description":"Los emprendedores de Oaxaca est\u00e1n marcan tendencia actualmente por su crecimiento econ\u00f3mico impulsado por instituciones como Compartamos Banco.","og:url":"https:\/\/candas365.es\/noticias\/los-emprendedores-de-oaxaca-marcan-tendencia\/","og:image":"https:\/\/candas365.es\/noticias\/wp-content\/uploads\/2024\/10\/emprendedores.jpg","og:image:secure_url":"https:\/\/candas365.es\/noticias\/wp-content\/uploads\/2024\/10\/emprendedores.jpg","og:image:width":640,"og:image:height":427,"article:published_time":"2024-10-11T10:54:55+00:00","article:modified_time":"2024-10-11T10:54:55+00:00","article:publisher":"https:\/\/www.facebook.com\/Nachofdezber","article:author":"https:\/\/www.facebook.com\/carrenoactualidad","twitter:card":"summary_large_image","twitter:site":"@NabercoDigital","twitter:title":"Los emprendedores de Oaxaca marcan tendencia | Cand\u00e1s 365","twitter:description":"Los emprendedores de Oaxaca est\u00e1n marcan tendencia actualmente por su crecimiento econ\u00f3mico impulsado por instituciones como Compartamos Banco.","twitter:creator":"@nbasturias","twitter:image":"https:\/\/candas365.es\/noticias\/wp-content\/uploads\/2024\/10\/emprendedores.jpg","twitter:label1":"Escrito por","twitter:data1":"Cand\u00e1s 365","twitter:label2":"Tiempo de lectura estimado","twitter:data2":"3 minutos"},"aioseo_meta_data":{"post_id":"183487","title":null,"description":"Los emprendedores de Oaxaca est\u00e1n marcan tendencia actualmente por su crecimiento econ\u00f3mico impulsado por instituciones como Compartamos Banco.","keywords":null,"keyphrases":{"focus":{"keyphrase":"emprendedores","score":93,"analysis":{"keyphraseInTitle":{"score":9,"maxScore":9,"error":0},"keyphraseInDescription":{"score":9,"maxScore":9,"error":0},"keyphraseLength":{"score":9,"maxScore":9,"error":0,"length":1},"keyphraseInURL":{"score":1,"maxScore":5,"error":1},"keyphraseInIntroduction":{"score":9,"maxScore":9,"error":0},"keyphraseInSubHeadings":[],"keyphraseInImageAlt":{"score":9,"maxScore":9,"error":0},"keywordDensity":{"type":"best","score":9,"maxScore":9,"error":0}}},"additional":[{"keyphrase":"emprendedores","score":100,"analysis":{"keyphraseInDescription":{"score":9,"maxScore":9,"error":0},"keyphraseLength":{"score":9,"maxScore":9,"error":0,"length":1},"keyphraseInIntroduction":{"score":9,"maxScore":9,"error":0},"keyphraseInImageAlt":{"score":9,"maxScore":9,"error":0},"keywordDensity":{"type":"best","score":9,"maxScore":9,"error":0}}}]},"primary_term":null,"canonical_url":null,"og_title":null,"og_description":null,"og_object_type":"default","og_image_type":"default","og_image_url":null,"og_image_width":null,"og_image_height":null,"og_image_custom_url":null,"og_image_custom_fields":null,"og_video":"","og_custom_url":null,"og_article_section":null,"og_article_tags":null,"twitter_use_og":false,"twitter_card":"default","twitter_image_type":"default","twitter_image_url":null,"twitter_image_custom_url":null,"twitter_image_custom_fields":null,"twitter_title":null,"twitter_description":null,"schema":{"blockGraphs":[],"customGraphs":[],"default":{"data":{"Article":[],"Course":[],"Dataset":[],"FAQPage":[],"Movie":[],"Person":[],"Product":[],"ProductReview":[],"Car":[],"Recipe":[],"Service":[],"SoftwareApplication":[],"WebPage":[]},"graphName":"Article","isEnabled":true},"graphs":[]},"schema_type":"default","schema_type_options":null,"pillar_content":false,"robots_default":true,"robots_noindex":false,"robots_noarchive":false,"robots_nosnippet":false,"robots_nofollow":false,"robots_noimageindex":false,"robots_noodp":false,"robots_notranslate":false,"robots_max_snippet":"-1","robots_max_videopreview":"-1","robots_max_imagepreview":"large","priority":null,"frequency":"default","location":null,"local_seo":null,"seo_analyzer_scan_date":"2025-09-02 14:58:23","breadcrumb_settings":null,"limit_modified_date":false,"reviewed_by":null,"open_ai":"{\"title\":{\"suggestions\":[],\"usage\":0},\"description\":{\"suggestions\":[],\"usage\":0}}","ai":null,"created":"2024-10-11 10:34:50","updated":"2025-09-02 14:58:23"},"aioseo_breadcrumb":"<div class=\"aioseo-breadcrumbs\"><span class=\"aioseo-breadcrumb\">\n\t<a href=\"https:\/\/candas365.es\/noticias\" title=\"Home\">Home<\/a>\n<\/span><span class=\"aioseo-breadcrumb-separator\">&ndash;<\/span><span class=\"aioseo-breadcrumb\">\n\t<a href=\"https:\/\/candas365.es\/noticias\/category\/economia\/\" title=\"Econom\u00eda\">Econom\u00eda<\/a>\n<\/span><span class=\"aioseo-breadcrumb-separator\">&ndash;<\/span><span class=\"aioseo-breadcrumb\">\n\tLos emprendedores de Oaxaca marcan tendencia\n<\/span><\/div>","aioseo_breadcrumb_json":[{"label":"Home","link":"https:\/\/candas365.es\/noticias"},{"label":"Econom\u00eda","link":"https:\/\/candas365.es\/noticias\/category\/economia\/"},{"label":"Los emprendedores de Oaxaca marcan tendencia","link":"https:\/\/candas365.es\/noticias\/los-emprendedores-de-oaxaca-marcan-tendencia\/"}],"_links":{"self":[{"href":"https:\/\/candas365.es\/noticias\/wp-json\/wp\/v2\/posts\/183487","targetHints":{"allow":["GET"]}}],"collection":[{"href":"https:\/\/candas365.es\/noticias\/wp-json\/wp\/v2\/posts"}],"about":[{"href":"https:\/\/candas365.es\/noticias\/wp-json\/wp\/v2\/types\/post"}],"author":[{"embeddable":true,"href":"https:\/\/candas365.es\/noticias\/wp-json\/wp\/v2\/users\/1"}],"replies":[{"embeddable":true,"href":"https:\/\/candas365.es\/noticias\/wp-json\/wp\/v2\/comments?post=183487"}],"version-history":[{"count":0,"href":"https:\/\/candas365.es\/noticias\/wp-json\/wp\/v2\/posts\/183487\/revisions"}],"wp:featuredmedia":[{"embeddable":true,"href":"https:\/\/candas365.es\/noticias\/wp-json\/wp\/v2\/media\/183488"}],"wp:attachment":[{"href":"https:\/\/candas365.es\/noticias\/wp-json\/wp\/v2\/media?parent=183487"}],"wp:term":[{"taxonomy":"category","embeddable":true,"href":"https:\/\/candas365.es\/noticias\/wp-json\/wp\/v2\/categories?post=183487"},{"taxonomy":"post_tag","embeddable":true,"href":"https:\/\/candas365.es\/noticias\/wp-json\/wp\/v2\/tags?post=183487"}],"curies":[{"name":"wp","href":"https:\/\/api.w.org\/{rel}","templated":true}]}}