{"id":183435,"date":"2024-10-08T19:13:29","date_gmt":"2024-10-08T17:13:29","guid":{"rendered":"https:\/\/candas365.es\/noticias\/?p=183435"},"modified":"2024-10-08T19:13:29","modified_gmt":"2024-10-08T17:13:29","slug":"violencia-en-el-futbol-17-detenidos-en-espana","status":"publish","type":"post","link":"https:\/\/candas365.es\/noticias\/violencia-en-el-futbol-17-detenidos-en-espana\/","title":{"rendered":"Violencia en el f\u00fatbol: 17 detenidos en Espa\u00f1a"},"content":{"rendered":"<p>La Polic\u00eda Nacional y los Mossos d&#8217;Esquadra han detenido a 17 aficionados por su presunta participaci\u00f3n en una <a href=\"https:\/\/candas365.es\/noticias\/category\/sucesos\/\"><strong>r<span style=\"color: #ff6600;\">i\u00f1a tumultuaria<\/span><\/strong><\/a> ocurrida el pasado 23 de junio en Cornell\u00e1 de Llobregat, antes del partido entre el RCD Espanyol y el Real Oviedo.<\/p>\n<p><img fetchpriority=\"high\" decoding=\"async\" class=\"aligncenter size-full wp-image-179901\" src=\"https:\/\/candas365.es\/noticias\/wp-content\/uploads\/2024\/04\/Sucesos.jpg\" alt=\"Sucesos\" width=\"640\" height=\"400\" srcset=\"https:\/\/candas365.es\/noticias\/wp-content\/uploads\/2024\/04\/Sucesos.jpg 640w, https:\/\/candas365.es\/noticias\/wp-content\/uploads\/2024\/04\/Sucesos-360x225.jpg 360w, https:\/\/candas365.es\/noticias\/wp-content\/uploads\/2024\/04\/Sucesos-150x94.jpg 150w, https:\/\/candas365.es\/noticias\/wp-content\/uploads\/2024\/04\/Sucesos-450x281.jpg 450w\" sizes=\"(max-width: 640px) 100vw, 640px\" \/><\/p>\n<p>Seg\u00fan inform\u00f3 este martes la Polic\u00eda, los arrestados se enfrentaron violentamente, propin\u00e1ndose agresiones f\u00edsicas y lanzando sillas y botellas de establecimientos cercanos, lo que caus\u00f3 heridas de diversa consideraci\u00f3n a varios implicados.<\/p>\n<p>La operaci\u00f3n conjunta se ha saldado con 12 detenidos en distintas poblaciones catalanas y 5 en Oviedo. Adem\u00e1s, hay 12 personas investigadas. No se descartan m\u00e1s detenciones, ya que la operaci\u00f3n sigue abierta en diferentes localidades.<\/p>\n<p>Los hechos tuvieron lugar alrededor de las 17.00 horas del 23 de junio, cuando aficionados radicales del Real Oviedo se encontraron casualmente con seguidores del Espanyol en el paseo de los Ferrocarrils de Cornell\u00e1 de Llobregat.<\/p>\n<h2>\u00abTOLERANCIA CERO\u00bb<\/h2>\n<p>La reyerta se extendi\u00f3 por los alrededores, afectando a un centro comercial pr\u00f3ximo. Un seguidor del Oviedo result\u00f3 gravemente herido con rotura de peron\u00e9 y una brecha en la cabeza. Tambi\u00e9n se produjeron da\u00f1os en el mobiliario de bares de la zona.<\/p>\n<p>La investigaci\u00f3n ha contado con la colaboraci\u00f3n de LaLiga, que se ha personado como acusaci\u00f3n en el proceso judicial. Esta operaci\u00f3n se enmarca en la lucha contra la violencia en el deporte, reflejando el compromiso con la &#8216;Tolerancia Cero&#8217; por parte de entidades p\u00fablicas y privadas.<\/p>\n<p>El Juzgado de Instrucci\u00f3n n\u00famero Uno de Oviedo ha decretado como medida cautelar el alejamiento del estadio Carlos Tartiere para los cinco detenidos en la ciudad asturiana durante los d\u00edas de partido del Real Oviedo.<\/p>\n<p>(<a href=\"https:\/\/www.servimedia.es\/\" target=\"_blank\" rel=\"noopener\"><span style=\"color: #ff6600;\"><strong>SERVIMEDIA<\/strong><\/span><\/a>)<\/p>\n","protected":false},"excerpt":{"rendered":"<p>La Polic\u00eda Nacional y los Mossos d&#8217;Esquadra han detenido a 17 aficionados por su presunta participaci\u00f3n en una ri\u00f1a tumultuaria ocurrida el pasado 23 de junio en Cornell\u00e1 de Llobregat, antes del partido entre el RCD Espanyol y el Real Oviedo. Seg\u00fan inform\u00f3 este martes la Polic\u00eda, los arrestados se enfrentaron violentamente, propin\u00e1ndose agresiones f\u00edsicas<\/p>\n","protected":false},"author":1,"featured_media":179901,"comment_status":"closed","ping_status":"closed","sticky":false,"template":"","format":"standard","meta":{"footnotes":""},"categories":[487],"tags":[391],"class_list":{"0":"post-183435","1":"post","2":"type-post","3":"status-publish","4":"format-standard","5":"has-post-thumbnail","7":"category-sucesos","8":"tag-sucesos"},"aioseo_notices":[],"aioseo_head":"\n\t\t<!-- All in One SEO Pro 4.9.6.2 - aioseo.com -->\n\t<meta name=\"description\" content=\"La Polic\u00eda Nacional y los Mossos d&#039;Esquadra han detenido a 17 aficionados por su presunta participaci\u00f3n en una ri\u00f1a tumultuaria ocurrida el pasado 23\" \/>\n\t<meta name=\"robots\" content=\"max-image-preview:large\" \/>\n\t<meta name=\"author\" content=\"Cand\u00e1s 365\"\/>\n\t<meta name=\"google-site-verification\" content=\"UA-32230408-1\" \/>\n\t<meta name=\"msvalidate.01\" content=\"354F3CDFB2DA171B47FBE9ABF1F88D5\" \/>\n\t<meta name=\"keywords\" content=\"sucesos\" \/>\n\t<link rel=\"canonical\" href=\"https:\/\/candas365.es\/noticias\/violencia-en-el-futbol-17-detenidos-en-espana\/\" \/>\n\t<meta name=\"generator\" content=\"All in One SEO Pro (AIOSEO) 4.9.6.2\" \/>\n\t\t<meta property=\"og:locale\" content=\"es_ES\" \/>\n\t\t<meta property=\"og:site_name\" content=\"Cand\u00e1s 365\" \/>\n\t\t<meta property=\"og:type\" content=\"article\" \/>\n\t\t<meta property=\"og:title\" content=\"Violencia en el f\u00fatbol: 17 detenidos en Espa\u00f1a | Cand\u00e1s 365\" \/>\n\t\t<meta property=\"og:description\" content=\"La Polic\u00eda Nacional y los Mossos d&#039;Esquadra han detenido a 17 aficionados por su presunta participaci\u00f3n en una ri\u00f1a tumultuaria ocurrida el pasado 23\" \/>\n\t\t<meta property=\"og:url\" content=\"https:\/\/candas365.es\/noticias\/violencia-en-el-futbol-17-detenidos-en-espana\/\" \/>\n\t\t<meta property=\"og:image\" content=\"https:\/\/candas365.es\/noticias\/wp-content\/uploads\/2024\/04\/Sucesos.jpg\" \/>\n\t\t<meta property=\"og:image:secure_url\" content=\"https:\/\/candas365.es\/noticias\/wp-content\/uploads\/2024\/04\/Sucesos.jpg\" \/>\n\t\t<meta property=\"og:image:width\" content=\"640\" \/>\n\t\t<meta property=\"og:image:height\" content=\"400\" \/>\n\t\t<meta property=\"article:published_time\" content=\"2024-10-08T17:13:29+00:00\" \/>\n\t\t<meta property=\"article:modified_time\" content=\"2024-10-08T17:13:29+00:00\" \/>\n\t\t<meta property=\"article:publisher\" content=\"https:\/\/www.facebook.com\/Nachofdezber\" \/>\n\t\t<meta property=\"article:author\" content=\"https:\/\/www.facebook.com\/carrenoactualidad\" \/>\n\t\t<meta name=\"twitter:card\" content=\"summary_large_image\" \/>\n\t\t<meta name=\"twitter:site\" content=\"@NabercoDigital\" \/>\n\t\t<meta name=\"twitter:title\" content=\"Violencia en el f\u00fatbol: 17 detenidos en Espa\u00f1a | Cand\u00e1s 365\" \/>\n\t\t<meta name=\"twitter:description\" content=\"La Polic\u00eda Nacional y los Mossos d&#039;Esquadra han detenido a 17 aficionados por su presunta participaci\u00f3n en una ri\u00f1a tumultuaria ocurrida el pasado 23\" \/>\n\t\t<meta name=\"twitter:creator\" content=\"@nbasturias\" \/>\n\t\t<meta name=\"twitter:image\" content=\"https:\/\/candas365.es\/noticias\/wp-content\/uploads\/2024\/04\/Sucesos.jpg\" \/>\n\t\t<meta name=\"twitter:label1\" content=\"Escrito por\" \/>\n\t\t<meta name=\"twitter:data1\" content=\"Cand\u00e1s 365\" \/>\n\t\t<meta name=\"twitter:label2\" content=\"Tiempo de lectura estimado\" \/>\n\t\t<meta name=\"twitter:data2\" content=\"1 minuto\" \/>\n\t\t<script type=\"application\/ld+json\" class=\"aioseo-schema\">\n\t\t\t{\"@context\":\"https:\\\/\\\/schema.org\",\"@graph\":[{\"@type\":\"BreadcrumbList\",\"@id\":\"https:\\\/\\\/candas365.es\\\/noticias\\\/violencia-en-el-futbol-17-detenidos-en-espana\\\/#breadcrumblist\",\"itemListElement\":[{\"@type\":\"ListItem\",\"@id\":\"https:\\\/\\\/candas365.es\\\/noticias#listItem\",\"position\":1,\"name\":\"Home\",\"item\":\"https:\\\/\\\/candas365.es\\\/noticias\",\"nextItem\":{\"@type\":\"ListItem\",\"@id\":\"https:\\\/\\\/candas365.es\\\/noticias\\\/category\\\/sucesos\\\/#listItem\",\"name\":\"Sucesos\"}},{\"@type\":\"ListItem\",\"@id\":\"https:\\\/\\\/candas365.es\\\/noticias\\\/category\\\/sucesos\\\/#listItem\",\"position\":2,\"name\":\"Sucesos\",\"item\":\"https:\\\/\\\/candas365.es\\\/noticias\\\/category\\\/sucesos\\\/\",\"nextItem\":{\"@type\":\"ListItem\",\"@id\":\"https:\\\/\\\/candas365.es\\\/noticias\\\/violencia-en-el-futbol-17-detenidos-en-espana\\\/#listItem\",\"name\":\"Violencia en el f\\u00fatbol: 17 detenidos en Espa\\u00f1a\"},\"previousItem\":{\"@type\":\"ListItem\",\"@id\":\"https:\\\/\\\/candas365.es\\\/noticias#listItem\",\"name\":\"Home\"}},{\"@type\":\"ListItem\",\"@id\":\"https:\\\/\\\/candas365.es\\\/noticias\\\/violencia-en-el-futbol-17-detenidos-en-espana\\\/#listItem\",\"position\":3,\"name\":\"Violencia en el f\\u00fatbol: 17 detenidos en Espa\\u00f1a\",\"previousItem\":{\"@type\":\"ListItem\",\"@id\":\"https:\\\/\\\/candas365.es\\\/noticias\\\/category\\\/sucesos\\\/#listItem\",\"name\":\"Sucesos\"}}]},{\"@type\":\"NewsArticle\",\"@id\":\"https:\\\/\\\/candas365.es\\\/noticias\\\/violencia-en-el-futbol-17-detenidos-en-espana\\\/#newsarticle\",\"name\":\"Violencia en el f\\u00fatbol: 17 detenidos en Espa\\u00f1a | Cand\\u00e1s 365\",\"headline\":\"Violencia en el f\\u00fatbol: 17 detenidos en Espa\\u00f1a\",\"author\":{\"@id\":\"https:\\\/\\\/candas365.es\\\/noticias\\\/author\\\/admin\\\/#author\"},\"publisher\":{\"@id\":\"https:\\\/\\\/candas365.es\\\/noticias\\\/#organization\"},\"image\":{\"@type\":\"ImageObject\",\"url\":\"https:\\\/\\\/candas365.es\\\/noticias\\\/wp-content\\\/uploads\\\/2024\\\/04\\\/Sucesos.jpg\",\"width\":640,\"height\":400,\"caption\":\"Sucesos\"},\"datePublished\":\"2024-10-08T19:13:29+02:00\",\"dateModified\":\"2024-10-08T19:13:29+02:00\",\"inLanguage\":\"es-ES\",\"mainEntityOfPage\":{\"@id\":\"https:\\\/\\\/candas365.es\\\/noticias\\\/violencia-en-el-futbol-17-detenidos-en-espana\\\/#webpage\"},\"isPartOf\":{\"@id\":\"https:\\\/\\\/candas365.es\\\/noticias\\\/violencia-en-el-futbol-17-detenidos-en-espana\\\/#webpage\"},\"articleSection\":\"Sucesos, sucesos\",\"dateline\":\"Publicado el octubre 8, 2024.\"},{\"@type\":\"Organization\",\"@id\":\"https:\\\/\\\/candas365.es\\\/noticias\\\/#organization\",\"name\":\"Cand\\u00e1s 365\",\"description\":\"Cand\\u00e1s 365 es un diario digital independiente, fundado en 2012, con base en Asturias. Informamos con rigor sobre actualidad, sociedad, cultura y ocio, con una mirada local y global.\",\"url\":\"https:\\\/\\\/candas365.es\\\/noticias\\\/\",\"email\":\"info@candas365.es\",\"telephone\":\"+34652131393\",\"foundingDate\":\"2012-06-10\",\"logo\":{\"@type\":\"ImageObject\",\"url\":\"https:\\\/\\\/candas365.es\\\/noticias\\\/wp-content\\\/uploads\\\/2024\\\/09\\\/Candas-365-Redes.jpg\",\"@id\":\"https:\\\/\\\/candas365.es\\\/noticias\\\/violencia-en-el-futbol-17-detenidos-en-espana\\\/#organizationLogo\",\"width\":1152,\"height\":864,\"caption\":\"Cand\\u00e1s 365 Redes\"},\"image\":{\"@id\":\"https:\\\/\\\/candas365.es\\\/noticias\\\/violencia-en-el-futbol-17-detenidos-en-espana\\\/#organizationLogo\"},\"sameAs\":[\"https:\\\/\\\/www.facebook.com\\\/Nachofdezber\",\"https:\\\/\\\/x.com\\\/NabercoDigital\",\"https:\\\/\\\/www.instagram.com\\\/nachofdezber\\\/\",\"https:\\\/\\\/www.youtube.com\\\/channel\\\/UCZP-2wLEB9Rv6erhFmqVnvg\"],\"address\":{\"@id\":\"https:\\\/\\\/candas365.es\\\/noticias\\\/#postaladdress\",\"@type\":\"PostalAddress\",\"streetAddress\":\"san antonio 4, san antonio 4\",\"postalCode\":\"33430\",\"addressLocality\":\"Cand\\u00e1s\",\"addressRegion\":\"Asturias\",\"addressCountry\":\"ES\"}},{\"@type\":\"Person\",\"@id\":\"https:\\\/\\\/candas365.es\\\/noticias\\\/author\\\/admin\\\/#author\",\"url\":\"https:\\\/\\\/candas365.es\\\/noticias\\\/author\\\/admin\\\/\",\"name\":\"Cand\\u00e1s 365\",\"image\":{\"@type\":\"ImageObject\",\"@id\":\"https:\\\/\\\/candas365.es\\\/noticias\\\/violencia-en-el-futbol-17-detenidos-en-espana\\\/#authorImage\",\"url\":\"https:\\\/\\\/secure.gravatar.com\\\/avatar\\\/496a8e03d0c493ede1718b7934145dbdf8d89be1036b0eec9544e1094c9de390?s=96&d=mm&r=g\",\"width\":96,\"height\":96,\"caption\":\"Cand\\u00e1s 365\"},\"sameAs\":[\"https:\\\/\\\/www.facebook.com\\\/carrenoactualidad\",\"https:\\\/\\\/twitter.com\\\/nbasturias\",\"https:\\\/\\\/www.instagram.com\\\/nachofdezber\\\/\",\"https:\\\/\\\/www.youtube.com\\\/channel\\\/UCZP-2wLEB9Rv6erhFmqVnvg\"]},{\"@type\":\"WebPage\",\"@id\":\"https:\\\/\\\/candas365.es\\\/noticias\\\/violencia-en-el-futbol-17-detenidos-en-espana\\\/#webpage\",\"url\":\"https:\\\/\\\/candas365.es\\\/noticias\\\/violencia-en-el-futbol-17-detenidos-en-espana\\\/\",\"name\":\"Violencia en el f\\u00fatbol: 17 detenidos en Espa\\u00f1a | Cand\\u00e1s 365\",\"description\":\"La Polic\\u00eda Nacional y los Mossos d'Esquadra han detenido a 17 aficionados por su presunta participaci\\u00f3n en una ri\\u00f1a tumultuaria ocurrida el pasado 23\",\"inLanguage\":\"es-ES\",\"isPartOf\":{\"@id\":\"https:\\\/\\\/candas365.es\\\/noticias\\\/#website\"},\"breadcrumb\":{\"@id\":\"https:\\\/\\\/candas365.es\\\/noticias\\\/violencia-en-el-futbol-17-detenidos-en-espana\\\/#breadcrumblist\"},\"author\":{\"@id\":\"https:\\\/\\\/candas365.es\\\/noticias\\\/author\\\/admin\\\/#author\"},\"creator\":{\"@id\":\"https:\\\/\\\/candas365.es\\\/noticias\\\/author\\\/admin\\\/#author\"},\"image\":{\"@type\":\"ImageObject\",\"url\":\"https:\\\/\\\/candas365.es\\\/noticias\\\/wp-content\\\/uploads\\\/2024\\\/04\\\/Sucesos.jpg\",\"@id\":\"https:\\\/\\\/candas365.es\\\/noticias\\\/violencia-en-el-futbol-17-detenidos-en-espana\\\/#mainImage\",\"width\":640,\"height\":400,\"caption\":\"Sucesos\"},\"primaryImageOfPage\":{\"@id\":\"https:\\\/\\\/candas365.es\\\/noticias\\\/violencia-en-el-futbol-17-detenidos-en-espana\\\/#mainImage\"},\"datePublished\":\"2024-10-08T19:13:29+02:00\",\"dateModified\":\"2024-10-08T19:13:29+02:00\"},{\"@type\":\"WebSite\",\"@id\":\"https:\\\/\\\/candas365.es\\\/noticias\\\/#website\",\"url\":\"https:\\\/\\\/candas365.es\\\/noticias\\\/\",\"name\":\"Cand\\u00e1s 365\",\"alternateName\":\"Cand\\u00e1s 365 Noticias\",\"description\":\"Actualidad desde Carre\\u00f1o para el mundo\",\"inLanguage\":\"es-ES\",\"publisher\":{\"@id\":\"https:\\\/\\\/candas365.es\\\/noticias\\\/#organization\"}}]}\n\t\t<\/script>\n\t\t<!-- All in One SEO Pro -->\r\n\t\t<title>Violencia en el f\u00fatbol: 17 detenidos en Espa\u00f1a | Cand\u00e1s 365<\/title>\n\n","aioseo_head_json":{"title":"Violencia en el f\u00fatbol: 17 detenidos en Espa\u00f1a | Cand\u00e1s 365","description":"La Polic\u00eda Nacional y los Mossos d'Esquadra han detenido a 17 aficionados por su presunta participaci\u00f3n en una ri\u00f1a tumultuaria ocurrida el pasado 23","canonical_url":"https:\/\/candas365.es\/noticias\/violencia-en-el-futbol-17-detenidos-en-espana\/","robots":"max-image-preview:large","keywords":"sucesos","webmasterTools":{"google-site-verification":"UA-32230408-1","msvalidate.01":"354F3CDFB2DA171B47FBE9ABF1F88D5","miscellaneous":""},"schema":{"@context":"https:\/\/schema.org","@graph":[{"@type":"BreadcrumbList","@id":"https:\/\/candas365.es\/noticias\/violencia-en-el-futbol-17-detenidos-en-espana\/#breadcrumblist","itemListElement":[{"@type":"ListItem","@id":"https:\/\/candas365.es\/noticias#listItem","position":1,"name":"Home","item":"https:\/\/candas365.es\/noticias","nextItem":{"@type":"ListItem","@id":"https:\/\/candas365.es\/noticias\/category\/sucesos\/#listItem","name":"Sucesos"}},{"@type":"ListItem","@id":"https:\/\/candas365.es\/noticias\/category\/sucesos\/#listItem","position":2,"name":"Sucesos","item":"https:\/\/candas365.es\/noticias\/category\/sucesos\/","nextItem":{"@type":"ListItem","@id":"https:\/\/candas365.es\/noticias\/violencia-en-el-futbol-17-detenidos-en-espana\/#listItem","name":"Violencia en el f\u00fatbol: 17 detenidos en Espa\u00f1a"},"previousItem":{"@type":"ListItem","@id":"https:\/\/candas365.es\/noticias#listItem","name":"Home"}},{"@type":"ListItem","@id":"https:\/\/candas365.es\/noticias\/violencia-en-el-futbol-17-detenidos-en-espana\/#listItem","position":3,"name":"Violencia en el f\u00fatbol: 17 detenidos en Espa\u00f1a","previousItem":{"@type":"ListItem","@id":"https:\/\/candas365.es\/noticias\/category\/sucesos\/#listItem","name":"Sucesos"}}]},{"@type":"NewsArticle","@id":"https:\/\/candas365.es\/noticias\/violencia-en-el-futbol-17-detenidos-en-espana\/#newsarticle","name":"Violencia en el f\u00fatbol: 17 detenidos en Espa\u00f1a | Cand\u00e1s 365","headline":"Violencia en el f\u00fatbol: 17 detenidos en Espa\u00f1a","author":{"@id":"https:\/\/candas365.es\/noticias\/author\/admin\/#author"},"publisher":{"@id":"https:\/\/candas365.es\/noticias\/#organization"},"image":{"@type":"ImageObject","url":"https:\/\/candas365.es\/noticias\/wp-content\/uploads\/2024\/04\/Sucesos.jpg","width":640,"height":400,"caption":"Sucesos"},"datePublished":"2024-10-08T19:13:29+02:00","dateModified":"2024-10-08T19:13:29+02:00","inLanguage":"es-ES","mainEntityOfPage":{"@id":"https:\/\/candas365.es\/noticias\/violencia-en-el-futbol-17-detenidos-en-espana\/#webpage"},"isPartOf":{"@id":"https:\/\/candas365.es\/noticias\/violencia-en-el-futbol-17-detenidos-en-espana\/#webpage"},"articleSection":"Sucesos, sucesos","dateline":"Publicado el octubre 8, 2024."},{"@type":"Organization","@id":"https:\/\/candas365.es\/noticias\/#organization","name":"Cand\u00e1s 365","description":"Cand\u00e1s 365 es un diario digital independiente, fundado en 2012, con base en Asturias. Informamos con rigor sobre actualidad, sociedad, cultura y ocio, con una mirada local y global.","url":"https:\/\/candas365.es\/noticias\/","email":"info@candas365.es","telephone":"+34652131393","foundingDate":"2012-06-10","logo":{"@type":"ImageObject","url":"https:\/\/candas365.es\/noticias\/wp-content\/uploads\/2024\/09\/Candas-365-Redes.jpg","@id":"https:\/\/candas365.es\/noticias\/violencia-en-el-futbol-17-detenidos-en-espana\/#organizationLogo","width":1152,"height":864,"caption":"Cand\u00e1s 365 Redes"},"image":{"@id":"https:\/\/candas365.es\/noticias\/violencia-en-el-futbol-17-detenidos-en-espana\/#organizationLogo"},"sameAs":["https:\/\/www.facebook.com\/Nachofdezber","https:\/\/x.com\/NabercoDigital","https:\/\/www.instagram.com\/nachofdezber\/","https:\/\/www.youtube.com\/channel\/UCZP-2wLEB9Rv6erhFmqVnvg"],"address":{"@id":"https:\/\/candas365.es\/noticias\/#postaladdress","@type":"PostalAddress","streetAddress":"san antonio 4, san antonio 4","postalCode":"33430","addressLocality":"Cand\u00e1s","addressRegion":"Asturias","addressCountry":"ES"}},{"@type":"Person","@id":"https:\/\/candas365.es\/noticias\/author\/admin\/#author","url":"https:\/\/candas365.es\/noticias\/author\/admin\/","name":"Cand\u00e1s 365","image":{"@type":"ImageObject","@id":"https:\/\/candas365.es\/noticias\/violencia-en-el-futbol-17-detenidos-en-espana\/#authorImage","url":"https:\/\/secure.gravatar.com\/avatar\/496a8e03d0c493ede1718b7934145dbdf8d89be1036b0eec9544e1094c9de390?s=96&d=mm&r=g","width":96,"height":96,"caption":"Cand\u00e1s 365"},"sameAs":["https:\/\/www.facebook.com\/carrenoactualidad","https:\/\/twitter.com\/nbasturias","https:\/\/www.instagram.com\/nachofdezber\/","https:\/\/www.youtube.com\/channel\/UCZP-2wLEB9Rv6erhFmqVnvg"]},{"@type":"WebPage","@id":"https:\/\/candas365.es\/noticias\/violencia-en-el-futbol-17-detenidos-en-espana\/#webpage","url":"https:\/\/candas365.es\/noticias\/violencia-en-el-futbol-17-detenidos-en-espana\/","name":"Violencia en el f\u00fatbol: 17 detenidos en Espa\u00f1a | Cand\u00e1s 365","description":"La Polic\u00eda Nacional y los Mossos d'Esquadra han detenido a 17 aficionados por su presunta participaci\u00f3n en una ri\u00f1a tumultuaria ocurrida el pasado 23","inLanguage":"es-ES","isPartOf":{"@id":"https:\/\/candas365.es\/noticias\/#website"},"breadcrumb":{"@id":"https:\/\/candas365.es\/noticias\/violencia-en-el-futbol-17-detenidos-en-espana\/#breadcrumblist"},"author":{"@id":"https:\/\/candas365.es\/noticias\/author\/admin\/#author"},"creator":{"@id":"https:\/\/candas365.es\/noticias\/author\/admin\/#author"},"image":{"@type":"ImageObject","url":"https:\/\/candas365.es\/noticias\/wp-content\/uploads\/2024\/04\/Sucesos.jpg","@id":"https:\/\/candas365.es\/noticias\/violencia-en-el-futbol-17-detenidos-en-espana\/#mainImage","width":640,"height":400,"caption":"Sucesos"},"primaryImageOfPage":{"@id":"https:\/\/candas365.es\/noticias\/violencia-en-el-futbol-17-detenidos-en-espana\/#mainImage"},"datePublished":"2024-10-08T19:13:29+02:00","dateModified":"2024-10-08T19:13:29+02:00"},{"@type":"WebSite","@id":"https:\/\/candas365.es\/noticias\/#website","url":"https:\/\/candas365.es\/noticias\/","name":"Cand\u00e1s 365","alternateName":"Cand\u00e1s 365 Noticias","description":"Actualidad desde Carre\u00f1o para el mundo","inLanguage":"es-ES","publisher":{"@id":"https:\/\/candas365.es\/noticias\/#organization"}}]},"og:locale":"es_ES","og:site_name":"Cand\u00e1s 365","og:type":"article","og:title":"Violencia en el f\u00fatbol: 17 detenidos en Espa\u00f1a | Cand\u00e1s 365","og:description":"La Polic\u00eda Nacional y los Mossos d'Esquadra han detenido a 17 aficionados por su presunta participaci\u00f3n en una ri\u00f1a tumultuaria ocurrida el pasado 23","og:url":"https:\/\/candas365.es\/noticias\/violencia-en-el-futbol-17-detenidos-en-espana\/","og:image":"https:\/\/candas365.es\/noticias\/wp-content\/uploads\/2024\/04\/Sucesos.jpg","og:image:secure_url":"https:\/\/candas365.es\/noticias\/wp-content\/uploads\/2024\/04\/Sucesos.jpg","og:image:width":640,"og:image:height":400,"article:published_time":"2024-10-08T17:13:29+00:00","article:modified_time":"2024-10-08T17:13:29+00:00","article:publisher":"https:\/\/www.facebook.com\/Nachofdezber","article:author":"https:\/\/www.facebook.com\/carrenoactualidad","twitter:card":"summary_large_image","twitter:site":"@NabercoDigital","twitter:title":"Violencia en el f\u00fatbol: 17 detenidos en Espa\u00f1a | Cand\u00e1s 365","twitter:description":"La Polic\u00eda Nacional y los Mossos d'Esquadra han detenido a 17 aficionados por su presunta participaci\u00f3n en una ri\u00f1a tumultuaria ocurrida el pasado 23","twitter:creator":"@nbasturias","twitter:image":"https:\/\/candas365.es\/noticias\/wp-content\/uploads\/2024\/04\/Sucesos.jpg","twitter:label1":"Escrito por","twitter:data1":"Cand\u00e1s 365","twitter:label2":"Tiempo de lectura estimado","twitter:data2":"1 minuto"},"aioseo_meta_data":{"post_id":"183435","title":null,"description":"La Polic\u00eda Nacional y los Mossos d'Esquadra han detenido a 17 aficionados por su presunta participaci\u00f3n en una ri\u00f1a tumultuaria ocurrida el pasado 23","keywords":null,"keyphrases":{"focus":{"keyphrase":"17","score":76,"analysis":{"keyphraseInTitle":{"score":9,"maxScore":9,"error":0},"keyphraseInDescription":{"score":9,"maxScore":9,"error":0},"keyphraseLength":{"score":9,"maxScore":9,"error":0,"length":1},"keyphraseInURL":{"score":1,"maxScore":5,"error":1},"keyphraseInIntroduction":{"score":9,"maxScore":9,"error":0},"keyphraseInSubHeadings":{"score":3,"maxScore":9,"error":1},"keyphraseInImageAlt":{"score":3,"maxScore":9,"error":1},"keywordDensity":{"type":"best","score":9,"maxScore":9,"error":0}}},"additional":[{"keyphrase":"17 aficionados","score":67,"analysis":{"keyphraseInDescription":{"score":9,"maxScore":9,"error":0},"keyphraseLength":{"score":9,"maxScore":9,"error":0,"length":2},"keyphraseInIntroduction":{"score":9,"maxScore":9,"error":0},"keyphraseInImageAlt":{"score":3,"maxScore":9,"error":1},"keywordDensity":{"score":0,"type":"low","maxScore":9,"error":1}}}]},"primary_term":null,"canonical_url":null,"og_title":null,"og_description":null,"og_object_type":"default","og_image_type":"default","og_image_url":null,"og_image_width":null,"og_image_height":null,"og_image_custom_url":null,"og_image_custom_fields":null,"og_video":"","og_custom_url":null,"og_article_section":null,"og_article_tags":null,"twitter_use_og":false,"twitter_card":"default","twitter_image_type":"default","twitter_image_url":null,"twitter_image_custom_url":null,"twitter_image_custom_fields":null,"twitter_title":null,"twitter_description":null,"schema":{"blockGraphs":[],"customGraphs":[],"default":{"data":{"Article":[],"Course":[],"Dataset":[],"FAQPage":[],"Movie":[],"Person":[],"Product":[],"ProductReview":[],"Car":[],"Recipe":[],"Service":[],"SoftwareApplication":[],"WebPage":[]},"graphName":"Article","isEnabled":true},"graphs":[]},"schema_type":"default","schema_type_options":null,"pillar_content":false,"robots_default":true,"robots_noindex":false,"robots_noarchive":false,"robots_nosnippet":false,"robots_nofollow":false,"robots_noimageindex":false,"robots_noodp":false,"robots_notranslate":false,"robots_max_snippet":"-1","robots_max_videopreview":"-1","robots_max_imagepreview":"large","priority":null,"frequency":"default","location":null,"local_seo":null,"seo_analyzer_scan_date":"2025-09-02 14:52:30","breadcrumb_settings":null,"limit_modified_date":false,"reviewed_by":null,"open_ai":"{\"title\":{\"suggestions\":[],\"usage\":0},\"description\":{\"suggestions\":[],\"usage\":0}}","ai":null,"created":"2024-10-08 17:09:06","updated":"2025-09-02 14:52:30"},"aioseo_breadcrumb":"<div class=\"aioseo-breadcrumbs\"><span class=\"aioseo-breadcrumb\">\n\t<a href=\"https:\/\/candas365.es\/noticias\" title=\"Home\">Home<\/a>\n<\/span><span class=\"aioseo-breadcrumb-separator\">&ndash;<\/span><span class=\"aioseo-breadcrumb\">\n\t<a href=\"https:\/\/candas365.es\/noticias\/category\/sucesos\/\" title=\"Sucesos\">Sucesos<\/a>\n<\/span><span class=\"aioseo-breadcrumb-separator\">&ndash;<\/span><span class=\"aioseo-breadcrumb\">\n\tViolencia en el f\u00fatbol: 17 detenidos en Espa\u00f1a\n<\/span><\/div>","aioseo_breadcrumb_json":[{"label":"Home","link":"https:\/\/candas365.es\/noticias"},{"label":"Sucesos","link":"https:\/\/candas365.es\/noticias\/category\/sucesos\/"},{"label":"Violencia en el f\u00fatbol: 17 detenidos en Espa\u00f1a","link":"https:\/\/candas365.es\/noticias\/violencia-en-el-futbol-17-detenidos-en-espana\/"}],"_links":{"self":[{"href":"https:\/\/candas365.es\/noticias\/wp-json\/wp\/v2\/posts\/183435","targetHints":{"allow":["GET"]}}],"collection":[{"href":"https:\/\/candas365.es\/noticias\/wp-json\/wp\/v2\/posts"}],"about":[{"href":"https:\/\/candas365.es\/noticias\/wp-json\/wp\/v2\/types\/post"}],"author":[{"embeddable":true,"href":"https:\/\/candas365.es\/noticias\/wp-json\/wp\/v2\/users\/1"}],"replies":[{"embeddable":true,"href":"https:\/\/candas365.es\/noticias\/wp-json\/wp\/v2\/comments?post=183435"}],"version-history":[{"count":0,"href":"https:\/\/candas365.es\/noticias\/wp-json\/wp\/v2\/posts\/183435\/revisions"}],"wp:featuredmedia":[{"embeddable":true,"href":"https:\/\/candas365.es\/noticias\/wp-json\/wp\/v2\/media\/179901"}],"wp:attachment":[{"href":"https:\/\/candas365.es\/noticias\/wp-json\/wp\/v2\/media?parent=183435"}],"wp:term":[{"taxonomy":"category","embeddable":true,"href":"https:\/\/candas365.es\/noticias\/wp-json\/wp\/v2\/categories?post=183435"},{"taxonomy":"post_tag","embeddable":true,"href":"https:\/\/candas365.es\/noticias\/wp-json\/wp\/v2\/tags?post=183435"}],"curies":[{"name":"wp","href":"https:\/\/api.w.org\/{rel}","templated":true}]}}