{"id":183361,"date":"2024-10-03T13:14:31","date_gmt":"2024-10-03T11:14:31","guid":{"rendered":"https:\/\/candas365.es\/noticias\/?p=183361"},"modified":"2024-10-03T13:14:31","modified_gmt":"2024-10-03T11:14:31","slug":"asturias-impulsa-un-pacto-por-la-salud-mental","status":"publish","type":"post","link":"https:\/\/candas365.es\/noticias\/asturias-impulsa-un-pacto-por-la-salud-mental\/","title":{"rendered":"Asturias impulsa un pacto por la salud mental"},"content":{"rendered":"<p>La Consejer\u00eda de Salud\u00a0 del <a title=\"Principado\" href=\"https:\/\/actualidad.asturias.es\/\" target=\"_blank\" rel=\"noopener\"><span style=\"color: #ff6600;\"><strong>Principado<\/strong><\/span><\/a> de Asturias impulsar\u00e1 un Pacto por la <a href=\"https:\/\/candas365.es\/noticias\/category\/salud\/\"><span style=\"color: #ff6600;\"><strong>Salud Mental<\/strong><\/span><\/a> alineado con las recomendaciones internacionales, la estrategia estatal y el plan auton\u00f3mico en esta materia, que englobe a las instituciones y la sociedad con el fin de mejorar la asistencia a la ciudadan\u00eda y su bienestar. <strong>La titular de este departamento, Concepci\u00f3n Saavedra, ha expuesto en la Junta General este compromiso como una de las l\u00edneas maestras para esta legislatura.<\/strong><\/p>\n<figure id=\"attachment_183362\" aria-describedby=\"caption-attachment-183362\" style=\"width: 650px\" class=\"wp-caption aligncenter\"><img fetchpriority=\"high\" decoding=\"async\" class=\"size-large wp-image-183362\" src=\"https:\/\/candas365.es\/noticias\/wp-content\/uploads\/2024\/10\/Salud-Asturias-650x447.jpg\" alt=\"Salud Asturias\" width=\"650\" height=\"447\" srcset=\"https:\/\/candas365.es\/noticias\/wp-content\/uploads\/2024\/10\/Salud-Asturias-650x447.jpg 650w, https:\/\/candas365.es\/noticias\/wp-content\/uploads\/2024\/10\/Salud-Asturias-360x248.jpg 360w, https:\/\/candas365.es\/noticias\/wp-content\/uploads\/2024\/10\/Salud-Asturias-768x528.jpg 768w, https:\/\/candas365.es\/noticias\/wp-content\/uploads\/2024\/10\/Salud-Asturias-150x103.jpg 150w, https:\/\/candas365.es\/noticias\/wp-content\/uploads\/2024\/10\/Salud-Asturias-450x310.jpg 450w, https:\/\/candas365.es\/noticias\/wp-content\/uploads\/2024\/10\/Salud-Asturias.jpg 977w\" sizes=\"(max-width: 650px) 100vw, 650px\" \/><figcaption id=\"caption-attachment-183362\" class=\"wp-caption-text\">Foto: Prensa Gobierno de Asturias<\/figcaption><\/figure>\n<p>\u201cQueremos dise\u00f1ar un instrumento interdepartamental e intersectorial que lidere y coordine todas las pol\u00edticas y estrategias orientadas a la mejora de la salud mental de la poblaci\u00f3n, aunando esfuerzos desde las instituciones, los ayuntamientos y las entidades sociales\u201d, ha explicado.<\/p>\n<p>El acuerdo, seg\u00fan ha detallado, servir\u00e1 para sensibilizar a la ciudadan\u00eda sobre la importancia de la salud mental y para garantizar una atenci\u00f3n integral e integrada, desde un modelo comunitario, \u201ccentrado en la persona y respetuoso con sus derechos, proporcionando una atenci\u00f3n de calidad y asegurando la continuidad de cuidados, entre otros objetivos\u201d.<\/p>\n<p>Para lograr estos objetivos, en las pr\u00f3ximas semanas se convocar\u00e1 un Foro de Salud Mental como espacio de participaci\u00f3n, concienciaci\u00f3n y debate. En ese marco, la consejer\u00eda se plantea alcanzar el consenso pol\u00edtico y social necesario a lo largo del pr\u00f3ximo a\u00f1o para aprobar una nueva ley en 2026.<\/p>\n<p>\u201cLa atenci\u00f3n a la salud mental es una de nuestras l\u00edneas estrat\u00e9gicas porque sabemos la trascendencia que tiene para la poblaci\u00f3n, pero es preciso recordar que el bienestar emocional de las personas nos compete a todos. El Servicio de Salud no puede hacerlo solo, necesita del compromiso y del esfuerzo de toda la sociedad\u201d, ha explicado Saavedra.<\/p>\n<p>La consejera ha expuesto tambi\u00e9n algunas l\u00edneas maestras de la gesti\u00f3n, entre las que ha destacado varias: una estructura org\u00e1nica diferente, con m\u00e1s profesionales; la mejora de la atenci\u00f3n a la salud mental infanto-juvenil, la ampliaci\u00f3n de la red de dispositivos asistenciales, la prevenci\u00f3n del suicidio, una nueva legislaci\u00f3n, el refuerzo de la coordinaci\u00f3n institucional y el fortalecimiento de las alianzas con la sociedad.<\/p>\n<h2>Refuerzos en la plantilla<\/h2>\n<p>El Principado tiene previsto incorporar a diez profesionales al \u00e1rea de Salud Mental: seis especialistas en Psiquiatr\u00eda y otros cinco psic\u00f3logos cl\u00ednicos que finalizan su formaci\u00f3n este mes.<\/p>\n<h2>Nuevos dispositivos y mejor organizaci\u00f3n<\/h2>\n<p>La red asistencial se completar\u00e1 a medio plazo con un centro de atenci\u00f3n en el \u00e1rea II que re\u00fana todos los dispositivos de salud mental del \u00e1rea, con cabecera en Cangas del Narcea. Adem\u00e1s, en la comarca del Nal\u00f3n se rehabilitar\u00e1 el antiguo colegio de La Salle, en Cia\u00f1u, como nuevo recurso comunitario que integrar\u00e1 los programas que ahora se desarrollan en el Hospital Adaro e incorpore m\u00e1s prestaciones.<\/p>\n<h2>Atenci\u00f3n a j\u00f3venes y adolescentes<\/h2>\n<p>Salud tiene previsto abrir un nuevo centro de d\u00eda en Gij\u00f3n\/Xix\u00f3n, concretamente, en el centro de especialidades Doctor Avelino Gonz\u00e1lez de Pumar\u00edn. Adem\u00e1s, se ha incrementado el n\u00famero de plazas de la unidad de hospitalizaci\u00f3n de adolescentes del Hospital Universitario Central de Asturias (HUCA), con el objetivo de llegar a diez camas.<\/p>\n<p>Paralelamente, el Principado trabaja en una Estrategia de Bienestar Emocional en Adolescencia y Juventud desde un abordaje integral y comunitario, mediante la participaci\u00f3n de adolescentes y j\u00f3venes en la b\u00fasqueda de soluciones.<\/p>\n<h2>Prevenci\u00f3n del suicidio<\/h2>\n<p>Salud pondr\u00e1 en marcha la Agenda \u00danica del Suicidio con el fin de introducir cambios culturales y de opini\u00f3n en los servicios y en la sociedad civil ante este grave problema social. A la espera del plan en el que trabaja el Ministerio de Sanidad, el Principado crear\u00e1 antes de finalizar el a\u00f1o un grupo de trabajo multiprofesional e intersectorial que definir\u00e1 las actuaciones prioritarias.<\/p>\n","protected":false},"excerpt":{"rendered":"<p>La Consejer\u00eda de Salud\u00a0 del Principado de Asturias impulsar\u00e1 un Pacto por la Salud Mental alineado con las recomendaciones internacionales, la estrategia estatal y el plan auton\u00f3mico en esta materia, que englobe a las instituciones y la sociedad con el fin de mejorar la asistencia a la ciudadan\u00eda y su bienestar. La titular de este<\/p>\n","protected":false},"author":1,"featured_media":183362,"comment_status":"closed","ping_status":"closed","sticky":false,"template":"","format":"standard","meta":{"footnotes":""},"categories":[7],"tags":[380,378],"class_list":{"0":"post-183361","1":"post","2":"type-post","3":"status-publish","4":"format-standard","5":"has-post-thumbnail","7":"category-asturias","8":"tag-asturias","9":"tag-salud"},"aioseo_notices":[],"aioseo_head":"\n\t\t<!-- All in One SEO Pro 4.9.6.2 - aioseo.com -->\n\t<meta name=\"description\" content=\"La Consejer\u00eda de Salud del Principado de Asturias impulsar\u00e1 un Pacto por la Salud Mental alineado con las recomendaciones internacionales, la estrategia estatal\" \/>\n\t<meta name=\"robots\" content=\"max-image-preview:large\" \/>\n\t<meta name=\"author\" content=\"Cand\u00e1s 365\"\/>\n\t<meta name=\"google-site-verification\" content=\"UA-32230408-1\" \/>\n\t<meta name=\"msvalidate.01\" content=\"354F3CDFB2DA171B47FBE9ABF1F88D5\" \/>\n\t<meta name=\"keywords\" content=\"asturias\" \/>\n\t<link rel=\"canonical\" href=\"https:\/\/candas365.es\/noticias\/asturias-impulsa-un-pacto-por-la-salud-mental\/\" \/>\n\t<meta name=\"generator\" content=\"All in One SEO Pro (AIOSEO) 4.9.6.2\" \/>\n\t\t<meta property=\"og:locale\" content=\"es_ES\" \/>\n\t\t<meta property=\"og:site_name\" content=\"Cand\u00e1s 365\" \/>\n\t\t<meta property=\"og:type\" content=\"article\" \/>\n\t\t<meta property=\"og:title\" content=\"Asturias impulsa un pacto por la salud mental | Cand\u00e1s 365\" \/>\n\t\t<meta property=\"og:description\" content=\"La Consejer\u00eda de Salud del Principado de Asturias impulsar\u00e1 un Pacto por la Salud Mental alineado con las recomendaciones internacionales, la estrategia estatal\" \/>\n\t\t<meta property=\"og:url\" content=\"https:\/\/candas365.es\/noticias\/asturias-impulsa-un-pacto-por-la-salud-mental\/\" \/>\n\t\t<meta property=\"og:image\" content=\"https:\/\/candas365.es\/noticias\/wp-content\/uploads\/2024\/10\/Salud-Asturias.jpg\" \/>\n\t\t<meta property=\"og:image:secure_url\" content=\"https:\/\/candas365.es\/noticias\/wp-content\/uploads\/2024\/10\/Salud-Asturias.jpg\" \/>\n\t\t<meta property=\"og:image:width\" content=\"977\" \/>\n\t\t<meta property=\"og:image:height\" content=\"672\" \/>\n\t\t<meta property=\"article:published_time\" content=\"2024-10-03T11:14:31+00:00\" \/>\n\t\t<meta property=\"article:modified_time\" content=\"2024-10-03T11:14:31+00:00\" \/>\n\t\t<meta property=\"article:publisher\" content=\"https:\/\/www.facebook.com\/Nachofdezber\" \/>\n\t\t<meta property=\"article:author\" content=\"https:\/\/www.facebook.com\/carrenoactualidad\" \/>\n\t\t<meta name=\"twitter:card\" content=\"summary_large_image\" \/>\n\t\t<meta name=\"twitter:site\" content=\"@NabercoDigital\" \/>\n\t\t<meta name=\"twitter:title\" content=\"Asturias impulsa un pacto por la salud mental | Cand\u00e1s 365\" \/>\n\t\t<meta name=\"twitter:description\" content=\"La Consejer\u00eda de Salud del Principado de Asturias impulsar\u00e1 un Pacto por la Salud Mental alineado con las recomendaciones internacionales, la estrategia estatal\" \/>\n\t\t<meta name=\"twitter:creator\" content=\"@nbasturias\" \/>\n\t\t<meta name=\"twitter:image\" content=\"https:\/\/candas365.es\/noticias\/wp-content\/uploads\/2024\/10\/Salud-Asturias.jpg\" \/>\n\t\t<meta name=\"twitter:label1\" content=\"Escrito por\" \/>\n\t\t<meta name=\"twitter:data1\" content=\"Cand\u00e1s 365\" \/>\n\t\t<meta name=\"twitter:label2\" content=\"Tiempo de lectura estimado\" \/>\n\t\t<meta name=\"twitter:data2\" content=\"3 minutos\" \/>\n\t\t<script type=\"application\/ld+json\" class=\"aioseo-schema\">\n\t\t\t{\"@context\":\"https:\\\/\\\/schema.org\",\"@graph\":[{\"@type\":\"BreadcrumbList\",\"@id\":\"https:\\\/\\\/candas365.es\\\/noticias\\\/asturias-impulsa-un-pacto-por-la-salud-mental\\\/#breadcrumblist\",\"itemListElement\":[{\"@type\":\"ListItem\",\"@id\":\"https:\\\/\\\/candas365.es\\\/noticias#listItem\",\"position\":1,\"name\":\"Home\",\"item\":\"https:\\\/\\\/candas365.es\\\/noticias\",\"nextItem\":{\"@type\":\"ListItem\",\"@id\":\"https:\\\/\\\/candas365.es\\\/noticias\\\/category\\\/asturias\\\/#listItem\",\"name\":\"Asturias\"}},{\"@type\":\"ListItem\",\"@id\":\"https:\\\/\\\/candas365.es\\\/noticias\\\/category\\\/asturias\\\/#listItem\",\"position\":2,\"name\":\"Asturias\",\"item\":\"https:\\\/\\\/candas365.es\\\/noticias\\\/category\\\/asturias\\\/\",\"nextItem\":{\"@type\":\"ListItem\",\"@id\":\"https:\\\/\\\/candas365.es\\\/noticias\\\/asturias-impulsa-un-pacto-por-la-salud-mental\\\/#listItem\",\"name\":\"Asturias impulsa un pacto por la salud mental\"},\"previousItem\":{\"@type\":\"ListItem\",\"@id\":\"https:\\\/\\\/candas365.es\\\/noticias#listItem\",\"name\":\"Home\"}},{\"@type\":\"ListItem\",\"@id\":\"https:\\\/\\\/candas365.es\\\/noticias\\\/asturias-impulsa-un-pacto-por-la-salud-mental\\\/#listItem\",\"position\":3,\"name\":\"Asturias impulsa un pacto por la salud mental\",\"previousItem\":{\"@type\":\"ListItem\",\"@id\":\"https:\\\/\\\/candas365.es\\\/noticias\\\/category\\\/asturias\\\/#listItem\",\"name\":\"Asturias\"}}]},{\"@type\":\"NewsArticle\",\"@id\":\"https:\\\/\\\/candas365.es\\\/noticias\\\/asturias-impulsa-un-pacto-por-la-salud-mental\\\/#newsarticle\",\"name\":\"Asturias impulsa un pacto por la salud mental | Cand\\u00e1s 365\",\"headline\":\"Asturias impulsa un pacto por la salud mental\",\"author\":{\"@id\":\"https:\\\/\\\/candas365.es\\\/noticias\\\/author\\\/admin\\\/#author\"},\"publisher\":{\"@id\":\"https:\\\/\\\/candas365.es\\\/noticias\\\/#organization\"},\"image\":{\"@type\":\"ImageObject\",\"url\":\"https:\\\/\\\/candas365.es\\\/noticias\\\/wp-content\\\/uploads\\\/2024\\\/10\\\/Salud-Asturias.jpg\",\"width\":977,\"height\":672,\"caption\":\"Foto: Prensa Gobierno de Asturias\"},\"datePublished\":\"2024-10-03T13:14:31+02:00\",\"dateModified\":\"2024-10-03T13:14:31+02:00\",\"inLanguage\":\"es-ES\",\"mainEntityOfPage\":{\"@id\":\"https:\\\/\\\/candas365.es\\\/noticias\\\/asturias-impulsa-un-pacto-por-la-salud-mental\\\/#webpage\"},\"isPartOf\":{\"@id\":\"https:\\\/\\\/candas365.es\\\/noticias\\\/asturias-impulsa-un-pacto-por-la-salud-mental\\\/#webpage\"},\"articleSection\":\"Asturias, Asturias, Salud\",\"dateline\":\"Publicado el octubre 3, 2024.\"},{\"@type\":\"Organization\",\"@id\":\"https:\\\/\\\/candas365.es\\\/noticias\\\/#organization\",\"name\":\"Cand\\u00e1s 365\",\"description\":\"Cand\\u00e1s 365 es un diario digital independiente, fundado en 2012, con base en Asturias. Informamos con rigor sobre actualidad, sociedad, cultura y ocio, con una mirada local y global.\",\"url\":\"https:\\\/\\\/candas365.es\\\/noticias\\\/\",\"email\":\"info@candas365.es\",\"telephone\":\"+34652131393\",\"foundingDate\":\"2012-06-10\",\"logo\":{\"@type\":\"ImageObject\",\"url\":\"https:\\\/\\\/candas365.es\\\/noticias\\\/wp-content\\\/uploads\\\/2024\\\/09\\\/Candas-365-Redes.jpg\",\"@id\":\"https:\\\/\\\/candas365.es\\\/noticias\\\/asturias-impulsa-un-pacto-por-la-salud-mental\\\/#organizationLogo\",\"width\":1152,\"height\":864,\"caption\":\"Cand\\u00e1s 365 Redes\"},\"image\":{\"@id\":\"https:\\\/\\\/candas365.es\\\/noticias\\\/asturias-impulsa-un-pacto-por-la-salud-mental\\\/#organizationLogo\"},\"sameAs\":[\"https:\\\/\\\/www.facebook.com\\\/Nachofdezber\",\"https:\\\/\\\/x.com\\\/NabercoDigital\",\"https:\\\/\\\/www.instagram.com\\\/nachofdezber\\\/\",\"https:\\\/\\\/www.youtube.com\\\/channel\\\/UCZP-2wLEB9Rv6erhFmqVnvg\"],\"address\":{\"@id\":\"https:\\\/\\\/candas365.es\\\/noticias\\\/#postaladdress\",\"@type\":\"PostalAddress\",\"streetAddress\":\"san antonio 4, san antonio 4\",\"postalCode\":\"33430\",\"addressLocality\":\"Cand\\u00e1s\",\"addressRegion\":\"Asturias\",\"addressCountry\":\"ES\"}},{\"@type\":\"Person\",\"@id\":\"https:\\\/\\\/candas365.es\\\/noticias\\\/author\\\/admin\\\/#author\",\"url\":\"https:\\\/\\\/candas365.es\\\/noticias\\\/author\\\/admin\\\/\",\"name\":\"Cand\\u00e1s 365\",\"image\":{\"@type\":\"ImageObject\",\"@id\":\"https:\\\/\\\/candas365.es\\\/noticias\\\/asturias-impulsa-un-pacto-por-la-salud-mental\\\/#authorImage\",\"url\":\"https:\\\/\\\/secure.gravatar.com\\\/avatar\\\/496a8e03d0c493ede1718b7934145dbdf8d89be1036b0eec9544e1094c9de390?s=96&d=mm&r=g\",\"width\":96,\"height\":96,\"caption\":\"Cand\\u00e1s 365\"},\"sameAs\":[\"https:\\\/\\\/www.facebook.com\\\/carrenoactualidad\",\"https:\\\/\\\/twitter.com\\\/nbasturias\",\"https:\\\/\\\/www.instagram.com\\\/nachofdezber\\\/\",\"https:\\\/\\\/www.youtube.com\\\/channel\\\/UCZP-2wLEB9Rv6erhFmqVnvg\"]},{\"@type\":\"WebPage\",\"@id\":\"https:\\\/\\\/candas365.es\\\/noticias\\\/asturias-impulsa-un-pacto-por-la-salud-mental\\\/#webpage\",\"url\":\"https:\\\/\\\/candas365.es\\\/noticias\\\/asturias-impulsa-un-pacto-por-la-salud-mental\\\/\",\"name\":\"Asturias impulsa un pacto por la salud mental | Cand\\u00e1s 365\",\"description\":\"La Consejer\\u00eda de Salud del Principado de Asturias impulsar\\u00e1 un Pacto por la Salud Mental alineado con las recomendaciones internacionales, la estrategia estatal\",\"inLanguage\":\"es-ES\",\"isPartOf\":{\"@id\":\"https:\\\/\\\/candas365.es\\\/noticias\\\/#website\"},\"breadcrumb\":{\"@id\":\"https:\\\/\\\/candas365.es\\\/noticias\\\/asturias-impulsa-un-pacto-por-la-salud-mental\\\/#breadcrumblist\"},\"author\":{\"@id\":\"https:\\\/\\\/candas365.es\\\/noticias\\\/author\\\/admin\\\/#author\"},\"creator\":{\"@id\":\"https:\\\/\\\/candas365.es\\\/noticias\\\/author\\\/admin\\\/#author\"},\"image\":{\"@type\":\"ImageObject\",\"url\":\"https:\\\/\\\/candas365.es\\\/noticias\\\/wp-content\\\/uploads\\\/2024\\\/10\\\/Salud-Asturias.jpg\",\"@id\":\"https:\\\/\\\/candas365.es\\\/noticias\\\/asturias-impulsa-un-pacto-por-la-salud-mental\\\/#mainImage\",\"width\":977,\"height\":672,\"caption\":\"Foto: Prensa Gobierno de Asturias\"},\"primaryImageOfPage\":{\"@id\":\"https:\\\/\\\/candas365.es\\\/noticias\\\/asturias-impulsa-un-pacto-por-la-salud-mental\\\/#mainImage\"},\"datePublished\":\"2024-10-03T13:14:31+02:00\",\"dateModified\":\"2024-10-03T13:14:31+02:00\"},{\"@type\":\"WebSite\",\"@id\":\"https:\\\/\\\/candas365.es\\\/noticias\\\/#website\",\"url\":\"https:\\\/\\\/candas365.es\\\/noticias\\\/\",\"name\":\"Cand\\u00e1s 365\",\"alternateName\":\"Cand\\u00e1s 365 Noticias\",\"description\":\"Actualidad desde Carre\\u00f1o para el mundo\",\"inLanguage\":\"es-ES\",\"publisher\":{\"@id\":\"https:\\\/\\\/candas365.es\\\/noticias\\\/#organization\"}}]}\n\t\t<\/script>\n\t\t<!-- All in One SEO Pro -->\r\n\t\t<title>Asturias impulsa un pacto por la salud mental | Cand\u00e1s 365<\/title>\n\n","aioseo_head_json":{"title":"Asturias impulsa un pacto por la salud mental | Cand\u00e1s 365","description":"La Consejer\u00eda de Salud del Principado de Asturias impulsar\u00e1 un Pacto por la Salud Mental alineado con las recomendaciones internacionales, la estrategia estatal","canonical_url":"https:\/\/candas365.es\/noticias\/asturias-impulsa-un-pacto-por-la-salud-mental\/","robots":"max-image-preview:large","keywords":"asturias","webmasterTools":{"google-site-verification":"UA-32230408-1","msvalidate.01":"354F3CDFB2DA171B47FBE9ABF1F88D5","miscellaneous":""},"schema":{"@context":"https:\/\/schema.org","@graph":[{"@type":"BreadcrumbList","@id":"https:\/\/candas365.es\/noticias\/asturias-impulsa-un-pacto-por-la-salud-mental\/#breadcrumblist","itemListElement":[{"@type":"ListItem","@id":"https:\/\/candas365.es\/noticias#listItem","position":1,"name":"Home","item":"https:\/\/candas365.es\/noticias","nextItem":{"@type":"ListItem","@id":"https:\/\/candas365.es\/noticias\/category\/asturias\/#listItem","name":"Asturias"}},{"@type":"ListItem","@id":"https:\/\/candas365.es\/noticias\/category\/asturias\/#listItem","position":2,"name":"Asturias","item":"https:\/\/candas365.es\/noticias\/category\/asturias\/","nextItem":{"@type":"ListItem","@id":"https:\/\/candas365.es\/noticias\/asturias-impulsa-un-pacto-por-la-salud-mental\/#listItem","name":"Asturias impulsa un pacto por la salud mental"},"previousItem":{"@type":"ListItem","@id":"https:\/\/candas365.es\/noticias#listItem","name":"Home"}},{"@type":"ListItem","@id":"https:\/\/candas365.es\/noticias\/asturias-impulsa-un-pacto-por-la-salud-mental\/#listItem","position":3,"name":"Asturias impulsa un pacto por la salud mental","previousItem":{"@type":"ListItem","@id":"https:\/\/candas365.es\/noticias\/category\/asturias\/#listItem","name":"Asturias"}}]},{"@type":"NewsArticle","@id":"https:\/\/candas365.es\/noticias\/asturias-impulsa-un-pacto-por-la-salud-mental\/#newsarticle","name":"Asturias impulsa un pacto por la salud mental | Cand\u00e1s 365","headline":"Asturias impulsa un pacto por la salud mental","author":{"@id":"https:\/\/candas365.es\/noticias\/author\/admin\/#author"},"publisher":{"@id":"https:\/\/candas365.es\/noticias\/#organization"},"image":{"@type":"ImageObject","url":"https:\/\/candas365.es\/noticias\/wp-content\/uploads\/2024\/10\/Salud-Asturias.jpg","width":977,"height":672,"caption":"Foto: Prensa Gobierno de Asturias"},"datePublished":"2024-10-03T13:14:31+02:00","dateModified":"2024-10-03T13:14:31+02:00","inLanguage":"es-ES","mainEntityOfPage":{"@id":"https:\/\/candas365.es\/noticias\/asturias-impulsa-un-pacto-por-la-salud-mental\/#webpage"},"isPartOf":{"@id":"https:\/\/candas365.es\/noticias\/asturias-impulsa-un-pacto-por-la-salud-mental\/#webpage"},"articleSection":"Asturias, Asturias, Salud","dateline":"Publicado el octubre 3, 2024."},{"@type":"Organization","@id":"https:\/\/candas365.es\/noticias\/#organization","name":"Cand\u00e1s 365","description":"Cand\u00e1s 365 es un diario digital independiente, fundado en 2012, con base en Asturias. Informamos con rigor sobre actualidad, sociedad, cultura y ocio, con una mirada local y global.","url":"https:\/\/candas365.es\/noticias\/","email":"info@candas365.es","telephone":"+34652131393","foundingDate":"2012-06-10","logo":{"@type":"ImageObject","url":"https:\/\/candas365.es\/noticias\/wp-content\/uploads\/2024\/09\/Candas-365-Redes.jpg","@id":"https:\/\/candas365.es\/noticias\/asturias-impulsa-un-pacto-por-la-salud-mental\/#organizationLogo","width":1152,"height":864,"caption":"Cand\u00e1s 365 Redes"},"image":{"@id":"https:\/\/candas365.es\/noticias\/asturias-impulsa-un-pacto-por-la-salud-mental\/#organizationLogo"},"sameAs":["https:\/\/www.facebook.com\/Nachofdezber","https:\/\/x.com\/NabercoDigital","https:\/\/www.instagram.com\/nachofdezber\/","https:\/\/www.youtube.com\/channel\/UCZP-2wLEB9Rv6erhFmqVnvg"],"address":{"@id":"https:\/\/candas365.es\/noticias\/#postaladdress","@type":"PostalAddress","streetAddress":"san antonio 4, san antonio 4","postalCode":"33430","addressLocality":"Cand\u00e1s","addressRegion":"Asturias","addressCountry":"ES"}},{"@type":"Person","@id":"https:\/\/candas365.es\/noticias\/author\/admin\/#author","url":"https:\/\/candas365.es\/noticias\/author\/admin\/","name":"Cand\u00e1s 365","image":{"@type":"ImageObject","@id":"https:\/\/candas365.es\/noticias\/asturias-impulsa-un-pacto-por-la-salud-mental\/#authorImage","url":"https:\/\/secure.gravatar.com\/avatar\/496a8e03d0c493ede1718b7934145dbdf8d89be1036b0eec9544e1094c9de390?s=96&d=mm&r=g","width":96,"height":96,"caption":"Cand\u00e1s 365"},"sameAs":["https:\/\/www.facebook.com\/carrenoactualidad","https:\/\/twitter.com\/nbasturias","https:\/\/www.instagram.com\/nachofdezber\/","https:\/\/www.youtube.com\/channel\/UCZP-2wLEB9Rv6erhFmqVnvg"]},{"@type":"WebPage","@id":"https:\/\/candas365.es\/noticias\/asturias-impulsa-un-pacto-por-la-salud-mental\/#webpage","url":"https:\/\/candas365.es\/noticias\/asturias-impulsa-un-pacto-por-la-salud-mental\/","name":"Asturias impulsa un pacto por la salud mental | Cand\u00e1s 365","description":"La Consejer\u00eda de Salud del Principado de Asturias impulsar\u00e1 un Pacto por la Salud Mental alineado con las recomendaciones internacionales, la estrategia estatal","inLanguage":"es-ES","isPartOf":{"@id":"https:\/\/candas365.es\/noticias\/#website"},"breadcrumb":{"@id":"https:\/\/candas365.es\/noticias\/asturias-impulsa-un-pacto-por-la-salud-mental\/#breadcrumblist"},"author":{"@id":"https:\/\/candas365.es\/noticias\/author\/admin\/#author"},"creator":{"@id":"https:\/\/candas365.es\/noticias\/author\/admin\/#author"},"image":{"@type":"ImageObject","url":"https:\/\/candas365.es\/noticias\/wp-content\/uploads\/2024\/10\/Salud-Asturias.jpg","@id":"https:\/\/candas365.es\/noticias\/asturias-impulsa-un-pacto-por-la-salud-mental\/#mainImage","width":977,"height":672,"caption":"Foto: Prensa Gobierno de Asturias"},"primaryImageOfPage":{"@id":"https:\/\/candas365.es\/noticias\/asturias-impulsa-un-pacto-por-la-salud-mental\/#mainImage"},"datePublished":"2024-10-03T13:14:31+02:00","dateModified":"2024-10-03T13:14:31+02:00"},{"@type":"WebSite","@id":"https:\/\/candas365.es\/noticias\/#website","url":"https:\/\/candas365.es\/noticias\/","name":"Cand\u00e1s 365","alternateName":"Cand\u00e1s 365 Noticias","description":"Actualidad desde Carre\u00f1o para el mundo","inLanguage":"es-ES","publisher":{"@id":"https:\/\/candas365.es\/noticias\/#organization"}}]},"og:locale":"es_ES","og:site_name":"Cand\u00e1s 365","og:type":"article","og:title":"Asturias impulsa un pacto por la salud mental | Cand\u00e1s 365","og:description":"La Consejer\u00eda de Salud del Principado de Asturias impulsar\u00e1 un Pacto por la Salud Mental alineado con las recomendaciones internacionales, la estrategia estatal","og:url":"https:\/\/candas365.es\/noticias\/asturias-impulsa-un-pacto-por-la-salud-mental\/","og:image":"https:\/\/candas365.es\/noticias\/wp-content\/uploads\/2024\/10\/Salud-Asturias.jpg","og:image:secure_url":"https:\/\/candas365.es\/noticias\/wp-content\/uploads\/2024\/10\/Salud-Asturias.jpg","og:image:width":977,"og:image:height":672,"article:published_time":"2024-10-03T11:14:31+00:00","article:modified_time":"2024-10-03T11:14:31+00:00","article:publisher":"https:\/\/www.facebook.com\/Nachofdezber","article:author":"https:\/\/www.facebook.com\/carrenoactualidad","twitter:card":"summary_large_image","twitter:site":"@NabercoDigital","twitter:title":"Asturias impulsa un pacto por la salud mental | Cand\u00e1s 365","twitter:description":"La Consejer\u00eda de Salud del Principado de Asturias impulsar\u00e1 un Pacto por la Salud Mental alineado con las recomendaciones internacionales, la estrategia estatal","twitter:creator":"@nbasturias","twitter:image":"https:\/\/candas365.es\/noticias\/wp-content\/uploads\/2024\/10\/Salud-Asturias.jpg","twitter:label1":"Escrito por","twitter:data1":"Cand\u00e1s 365","twitter:label2":"Tiempo de lectura estimado","twitter:data2":"3 minutos"},"aioseo_meta_data":{"post_id":"183361","title":null,"description":"La Consejer\u00eda de Salud del Principado de Asturias impulsar\u00e1 un Pacto por la Salud Mental alineado con las recomendaciones internacionales, la estrategia estatal","keywords":null,"keyphrases":{"focus":{"keyphrase":"Salud","score":85,"analysis":{"keyphraseInTitle":{"score":9,"maxScore":9,"error":0},"keyphraseInDescription":{"score":9,"maxScore":9,"error":0},"keyphraseLength":{"score":9,"maxScore":9,"error":0,"length":1},"keyphraseInURL":{"score":1,"maxScore":5,"error":1},"keyphraseInIntroduction":{"score":9,"maxScore":9,"error":0},"keyphraseInSubHeadings":{"score":3,"maxScore":9,"error":1},"keyphraseInImageAlt":{"score":9,"maxScore":9,"error":0},"keywordDensity":{"type":"best","score":9,"maxScore":9,"error":0}}},"additional":[{"keyphrase":"Asturias ","score":80,"analysis":{"keyphraseInDescription":{"score":9,"maxScore":9,"error":0},"keyphraseLength":{"score":9,"maxScore":9,"error":0,"length":1},"keyphraseInIntroduction":{"score":9,"maxScore":9,"error":0},"keyphraseInImageAlt":{"score":9,"maxScore":9,"error":0},"keywordDensity":{"score":0,"type":"low","maxScore":9,"error":1}}},{"keyphrase":"Salud","score":100,"analysis":{"keyphraseInDescription":{"score":9,"maxScore":9,"error":0},"keyphraseLength":{"score":9,"maxScore":9,"error":0,"length":1},"keyphraseInIntroduction":{"score":9,"maxScore":9,"error":0},"keyphraseInImageAlt":{"score":9,"maxScore":9,"error":0},"keywordDensity":{"type":"best","score":9,"maxScore":9,"error":0}}}]},"primary_term":null,"canonical_url":null,"og_title":null,"og_description":null,"og_object_type":"default","og_image_type":"default","og_image_url":null,"og_image_width":null,"og_image_height":null,"og_image_custom_url":null,"og_image_custom_fields":null,"og_video":"","og_custom_url":null,"og_article_section":null,"og_article_tags":null,"twitter_use_og":false,"twitter_card":"default","twitter_image_type":"default","twitter_image_url":null,"twitter_image_custom_url":null,"twitter_image_custom_fields":null,"twitter_title":null,"twitter_description":null,"schema":{"blockGraphs":[],"customGraphs":[],"default":{"data":{"Article":[],"Course":[],"Dataset":[],"FAQPage":[],"Movie":[],"Person":[],"Product":[],"ProductReview":[],"Car":[],"Recipe":[],"Service":[],"SoftwareApplication":[],"WebPage":[]},"graphName":"Article","isEnabled":true},"graphs":[]},"schema_type":"default","schema_type_options":null,"pillar_content":false,"robots_default":true,"robots_noindex":false,"robots_noarchive":false,"robots_nosnippet":false,"robots_nofollow":false,"robots_noimageindex":false,"robots_noodp":false,"robots_notranslate":false,"robots_max_snippet":"-1","robots_max_videopreview":"-1","robots_max_imagepreview":"large","priority":null,"frequency":"default","location":null,"local_seo":null,"seo_analyzer_scan_date":"2025-09-02 14:40:23","breadcrumb_settings":null,"limit_modified_date":false,"reviewed_by":null,"open_ai":"{\"title\":{\"suggestions\":[],\"usage\":0},\"description\":{\"suggestions\":[],\"usage\":0}}","ai":null,"created":"2024-10-03 11:04:28","updated":"2025-09-02 14:40:23"},"aioseo_breadcrumb":"<div class=\"aioseo-breadcrumbs\"><span class=\"aioseo-breadcrumb\">\n\t<a href=\"https:\/\/candas365.es\/noticias\" title=\"Home\">Home<\/a>\n<\/span><span class=\"aioseo-breadcrumb-separator\">&ndash;<\/span><span class=\"aioseo-breadcrumb\">\n\t<a href=\"https:\/\/candas365.es\/noticias\/category\/asturias\/\" title=\"Asturias\">Asturias<\/a>\n<\/span><span class=\"aioseo-breadcrumb-separator\">&ndash;<\/span><span class=\"aioseo-breadcrumb\">\n\tAsturias impulsa un pacto por la salud mental\n<\/span><\/div>","aioseo_breadcrumb_json":[{"label":"Home","link":"https:\/\/candas365.es\/noticias"},{"label":"Asturias","link":"https:\/\/candas365.es\/noticias\/category\/asturias\/"},{"label":"Asturias impulsa un pacto por la salud mental","link":"https:\/\/candas365.es\/noticias\/asturias-impulsa-un-pacto-por-la-salud-mental\/"}],"_links":{"self":[{"href":"https:\/\/candas365.es\/noticias\/wp-json\/wp\/v2\/posts\/183361","targetHints":{"allow":["GET"]}}],"collection":[{"href":"https:\/\/candas365.es\/noticias\/wp-json\/wp\/v2\/posts"}],"about":[{"href":"https:\/\/candas365.es\/noticias\/wp-json\/wp\/v2\/types\/post"}],"author":[{"embeddable":true,"href":"https:\/\/candas365.es\/noticias\/wp-json\/wp\/v2\/users\/1"}],"replies":[{"embeddable":true,"href":"https:\/\/candas365.es\/noticias\/wp-json\/wp\/v2\/comments?post=183361"}],"version-history":[{"count":0,"href":"https:\/\/candas365.es\/noticias\/wp-json\/wp\/v2\/posts\/183361\/revisions"}],"wp:featuredmedia":[{"embeddable":true,"href":"https:\/\/candas365.es\/noticias\/wp-json\/wp\/v2\/media\/183362"}],"wp:attachment":[{"href":"https:\/\/candas365.es\/noticias\/wp-json\/wp\/v2\/media?parent=183361"}],"wp:term":[{"taxonomy":"category","embeddable":true,"href":"https:\/\/candas365.es\/noticias\/wp-json\/wp\/v2\/categories?post=183361"},{"taxonomy":"post_tag","embeddable":true,"href":"https:\/\/candas365.es\/noticias\/wp-json\/wp\/v2\/tags?post=183361"}],"curies":[{"name":"wp","href":"https:\/\/api.w.org\/{rel}","templated":true}]}}