{"id":183295,"date":"2024-09-30T18:15:33","date_gmt":"2024-09-30T16:15:33","guid":{"rendered":"https:\/\/candas365.es\/noticias\/?p=183295"},"modified":"2024-09-30T18:15:33","modified_gmt":"2024-09-30T16:15:33","slug":"las-pymes-alemanas-muestran-rasgos-casi-depresivos","status":"publish","type":"post","link":"https:\/\/candas365.es\/noticias\/las-pymes-alemanas-muestran-rasgos-casi-depresivos\/","title":{"rendered":"Las pymes alemanas muestran \u00abrasgos casi depresivos\u00bb"},"content":{"rendered":"<p>Neuss (Alemania), 29 sep (<a title=\"dpa\" href=\"https:\/\/www.dpa-news.de\/\" target=\"_blank\" rel=\"noopener\"><span style=\"color: #ff6600;\"><strong>dpa<\/strong><\/span><\/a>) &#8211; El estado de \u00e1nimo de las peque\u00f1as y medianas empresas (<a href=\"https:\/\/candas365.es\/noticias\/category\/canal-empresas\/\"><span style=\"color: #ff6600;\"><strong>pymes<\/strong><\/span><\/a>) alemanas mantiene una tendencia de deterioro y sigue mostr\u00e1ndose tensionado, a tenor de los resultados de una encuesta difundida por la agencia crediticia Creditreform.<\/p>\n<p><img fetchpriority=\"high\" decoding=\"async\" class=\"aligncenter size-full wp-image-183296\" src=\"https:\/\/candas365.es\/noticias\/wp-content\/uploads\/2024\/09\/pymes.jpg\" alt=\"pymes\" width=\"640\" height=\"412\" srcset=\"https:\/\/candas365.es\/noticias\/wp-content\/uploads\/2024\/09\/pymes.jpg 640w, https:\/\/candas365.es\/noticias\/wp-content\/uploads\/2024\/09\/pymes-360x232.jpg 360w, https:\/\/candas365.es\/noticias\/wp-content\/uploads\/2024\/09\/pymes-150x97.jpg 150w, https:\/\/candas365.es\/noticias\/wp-content\/uploads\/2024\/09\/pymes-450x290.jpg 450w\" sizes=\"(max-width: 640px) 100vw, 640px\" \/><\/p>\n<p>La baja actividad inversora y la escasa propensi\u00f3n al consumo est\u00e1n lastrando el negocio de las pymes germanas, seg\u00fan la agencia. Las pymes muestran \u00abrasgos casi depresivos\u00bb, seg\u00fan Patrik-Ludwig Hantzsch, jefe de investigaci\u00f3n econ\u00f3mica de Creditreform.<\/p>\n<p>El estado de \u00e1nimo actual es \u00abtan malo como durante la pandemia de coronavirus, cuando nadie sab\u00eda lo grave que llegar\u00eda a ser\u00bb, agreg\u00f3.<\/p>\n<p>El estudio se basa en una encuesta representativa realizada por Creditreform entre m\u00e1s de mil peque\u00f1as y medianas empresas, cuyos resultados revelan que los negocios han sido decepcionantes \u00faltimamente, sin ning\u00fan impulso econ\u00f3mico positivo reconocible.<\/p>\n<p>Un tercio de los encuestados aleg\u00f3 haber sufrido una ca\u00edda de los pedidos, mientras que solo el 18 % registr\u00f3 un aumento de la entrada de pedidos. Apenas algo menos de una cuarta parte de las empresas lograron aumentar su volumen de negocio en los \u00faltimos meses.<\/p>\n<p>Hac\u00eda 20 a\u00f1os que el clima empresarial en el sector de las pymes no era negativo durante dos a\u00f1os seguidos, afirm\u00f3 Hantzsch. \u00abEl ambiente positivo de principios de a\u00f1o, difundido por los expertos econ\u00f3micos y el Gobierno alem\u00e1n, fue desgraciadamente prematuro\u00bb, a\u00f1adi\u00f3.<\/p>\n<p>La situaci\u00f3n ha empeorado significativamente en los sectores manufacturero y minorista en particular, seg\u00fan el estudio, que tambi\u00e9n revela que se ha producido un desplome sobre todo en el sector de la construcci\u00f3n.<\/p>\n<p>Las pymes, que abastecen a la industria, est\u00e1n sometidas a una presi\u00f3n cada vez mayor en la actual recesi\u00f3n econ\u00f3mica, y el aumento de las insolvencias es solo el principio, seg\u00fan Hantzsch.<\/p>\n<p>Seg\u00fan la encuesta, casi el 80 % de las pymes est\u00e1n descontentas con la pol\u00edtica econ\u00f3mica del Gobierno alem\u00e1n. Desde el punto de vista de las empresas, los problemas m\u00e1s acuciantes son la reducci\u00f3n de la burocracia y la escasez de mano de obra cualificada.<\/p>\n<p>El sondeo muestra que las inciertas perspectivas econ\u00f3micas y la falta de liquidez dificultan la voluntad de invertir: solo el 40 % de las empresas tiene previsto hacerlo. Aunque esta cifra es superior a la del a\u00f1o anterior, seg\u00fan Creditreform es inferior a la media de los \u00faltimos a\u00f1os.<\/p>\n<p>La evoluci\u00f3n negativa de la econom\u00eda tambi\u00e9n ha repercutido en el mercado laboral. Un 21 % de las empresas, y por tanto incluso m\u00e1s que en 2023, redujeron su plantilla. Seg\u00fan las cifras, esto se debe principalmente a la d\u00e9bil situaci\u00f3n de los pedidos y a la escasez de mano de obra cualificada. La disposici\u00f3n a contratar en las pymes ha ca\u00eddo, por tanto, a su nivel m\u00e1s bajo de los \u00faltimos diez a\u00f1os.<\/p>\n<p>La encuesta tambi\u00e9n refleja que menos empresas han aumentado sus precios debido a la ca\u00edda de la inflaci\u00f3n: solo alrededor del 30 % ha aumentado sus precios de venta, frente al 40 % del a\u00f1o anterior, mientras que un 10 % ha bajado sus precios.<\/p>\n<p>Entre mediados de agosto y mediados de septiembre se encuest\u00f3 sobre su situaci\u00f3n empresarial y sus expectativas a unas 1.200 pymes, con no m\u00e1s de 500 empleados y un volumen de negocios no superior a 50 millones de euros (55,8 millones de d\u00f3lares).<\/p>\n","protected":false},"excerpt":{"rendered":"<p>Neuss (Alemania), 29 sep (dpa) &#8211; El estado de \u00e1nimo de las peque\u00f1as y medianas empresas (pymes) alemanas mantiene una tendencia de deterioro y sigue mostr\u00e1ndose tensionado, a tenor de los resultados de una encuesta difundida por la agencia crediticia Creditreform. La baja actividad inversora y la escasa propensi\u00f3n al consumo est\u00e1n lastrando el negocio<\/p>\n","protected":false},"author":1,"featured_media":183296,"comment_status":"closed","ping_status":"closed","sticky":false,"template":"","format":"standard","meta":{"footnotes":""},"categories":[151],"tags":[383],"class_list":{"0":"post-183295","1":"post","2":"type-post","3":"status-publish","4":"format-standard","5":"has-post-thumbnail","7":"category-canal-empresas","8":"tag-empresas"},"aioseo_notices":[],"aioseo_head":"\n\t\t<!-- All in One SEO Pro 4.9.6.2 - aioseo.com -->\n\t<meta name=\"description\" content=\"Neuss (Alemania), 29 sep (dpa) - El estado de \u00e1nimo de las peque\u00f1as y medianas empresas (pymes) alemanas mantiene una tendencia de deterioro y sigue mostr\u00e1ndose\" \/>\n\t<meta name=\"robots\" content=\"max-image-preview:large\" \/>\n\t<meta name=\"author\" content=\"Cand\u00e1s 365\"\/>\n\t<meta name=\"google-site-verification\" content=\"UA-32230408-1\" \/>\n\t<meta name=\"msvalidate.01\" content=\"354F3CDFB2DA171B47FBE9ABF1F88D5\" \/>\n\t<meta name=\"keywords\" content=\"canal empresas\" \/>\n\t<link rel=\"canonical\" href=\"https:\/\/candas365.es\/noticias\/las-pymes-alemanas-muestran-rasgos-casi-depresivos\/\" \/>\n\t<meta name=\"generator\" content=\"All in One SEO Pro (AIOSEO) 4.9.6.2\" \/>\n\t\t<meta property=\"og:locale\" content=\"es_ES\" \/>\n\t\t<meta property=\"og:site_name\" content=\"Cand\u00e1s 365\" \/>\n\t\t<meta property=\"og:type\" content=\"article\" \/>\n\t\t<meta property=\"og:title\" content=\"Las pymes alemanas muestran \u00abrasgos casi depresivos\u00bb | Cand\u00e1s 365\" \/>\n\t\t<meta property=\"og:description\" content=\"Neuss (Alemania), 29 sep (dpa) - El estado de \u00e1nimo de las peque\u00f1as y medianas empresas (pymes) alemanas mantiene una tendencia de deterioro y sigue mostr\u00e1ndose\" \/>\n\t\t<meta property=\"og:url\" content=\"https:\/\/candas365.es\/noticias\/las-pymes-alemanas-muestran-rasgos-casi-depresivos\/\" \/>\n\t\t<meta property=\"og:image\" content=\"https:\/\/candas365.es\/noticias\/wp-content\/uploads\/2024\/09\/pymes.jpg\" \/>\n\t\t<meta property=\"og:image:secure_url\" content=\"https:\/\/candas365.es\/noticias\/wp-content\/uploads\/2024\/09\/pymes.jpg\" \/>\n\t\t<meta property=\"og:image:width\" content=\"640\" \/>\n\t\t<meta property=\"og:image:height\" content=\"412\" \/>\n\t\t<meta property=\"article:published_time\" content=\"2024-09-30T16:15:33+00:00\" \/>\n\t\t<meta property=\"article:modified_time\" content=\"2024-09-30T16:15:33+00:00\" \/>\n\t\t<meta property=\"article:publisher\" content=\"https:\/\/www.facebook.com\/Nachofdezber\" \/>\n\t\t<meta property=\"article:author\" content=\"https:\/\/www.facebook.com\/carrenoactualidad\" \/>\n\t\t<meta name=\"twitter:card\" content=\"summary_large_image\" \/>\n\t\t<meta name=\"twitter:site\" content=\"@NabercoDigital\" \/>\n\t\t<meta name=\"twitter:title\" content=\"Las pymes alemanas muestran \u00abrasgos casi depresivos\u00bb | Cand\u00e1s 365\" \/>\n\t\t<meta name=\"twitter:description\" content=\"Neuss (Alemania), 29 sep (dpa) - El estado de \u00e1nimo de las peque\u00f1as y medianas empresas (pymes) alemanas mantiene una tendencia de deterioro y sigue mostr\u00e1ndose\" \/>\n\t\t<meta name=\"twitter:creator\" content=\"@nbasturias\" \/>\n\t\t<meta name=\"twitter:image\" content=\"https:\/\/candas365.es\/noticias\/wp-content\/uploads\/2024\/09\/pymes.jpg\" \/>\n\t\t<meta name=\"twitter:label1\" content=\"Escrito por\" \/>\n\t\t<meta name=\"twitter:data1\" content=\"Cand\u00e1s 365\" \/>\n\t\t<meta name=\"twitter:label2\" content=\"Tiempo de lectura estimado\" \/>\n\t\t<meta name=\"twitter:data2\" content=\"3 minutos\" \/>\n\t\t<script type=\"application\/ld+json\" class=\"aioseo-schema\">\n\t\t\t{\"@context\":\"https:\\\/\\\/schema.org\",\"@graph\":[{\"@type\":\"BreadcrumbList\",\"@id\":\"https:\\\/\\\/candas365.es\\\/noticias\\\/las-pymes-alemanas-muestran-rasgos-casi-depresivos\\\/#breadcrumblist\",\"itemListElement\":[{\"@type\":\"ListItem\",\"@id\":\"https:\\\/\\\/candas365.es\\\/noticias#listItem\",\"position\":1,\"name\":\"Home\",\"item\":\"https:\\\/\\\/candas365.es\\\/noticias\",\"nextItem\":{\"@type\":\"ListItem\",\"@id\":\"https:\\\/\\\/candas365.es\\\/noticias\\\/category\\\/canal-empresas\\\/#listItem\",\"name\":\"Canal Empresas\"}},{\"@type\":\"ListItem\",\"@id\":\"https:\\\/\\\/candas365.es\\\/noticias\\\/category\\\/canal-empresas\\\/#listItem\",\"position\":2,\"name\":\"Canal Empresas\",\"item\":\"https:\\\/\\\/candas365.es\\\/noticias\\\/category\\\/canal-empresas\\\/\",\"nextItem\":{\"@type\":\"ListItem\",\"@id\":\"https:\\\/\\\/candas365.es\\\/noticias\\\/las-pymes-alemanas-muestran-rasgos-casi-depresivos\\\/#listItem\",\"name\":\"Las pymes alemanas muestran \\u00abrasgos casi depresivos\\u00bb\"},\"previousItem\":{\"@type\":\"ListItem\",\"@id\":\"https:\\\/\\\/candas365.es\\\/noticias#listItem\",\"name\":\"Home\"}},{\"@type\":\"ListItem\",\"@id\":\"https:\\\/\\\/candas365.es\\\/noticias\\\/las-pymes-alemanas-muestran-rasgos-casi-depresivos\\\/#listItem\",\"position\":3,\"name\":\"Las pymes alemanas muestran \\u00abrasgos casi depresivos\\u00bb\",\"previousItem\":{\"@type\":\"ListItem\",\"@id\":\"https:\\\/\\\/candas365.es\\\/noticias\\\/category\\\/canal-empresas\\\/#listItem\",\"name\":\"Canal Empresas\"}}]},{\"@type\":\"NewsArticle\",\"@id\":\"https:\\\/\\\/candas365.es\\\/noticias\\\/las-pymes-alemanas-muestran-rasgos-casi-depresivos\\\/#newsarticle\",\"name\":\"Las pymes alemanas muestran \\u00abrasgos casi depresivos\\u00bb | Cand\\u00e1s 365\",\"headline\":\"Las pymes alemanas muestran \\u00abrasgos casi depresivos\\u00bb\",\"author\":{\"@id\":\"https:\\\/\\\/candas365.es\\\/noticias\\\/author\\\/admin\\\/#author\"},\"publisher\":{\"@id\":\"https:\\\/\\\/candas365.es\\\/noticias\\\/#organization\"},\"image\":{\"@type\":\"ImageObject\",\"url\":\"https:\\\/\\\/candas365.es\\\/noticias\\\/wp-content\\\/uploads\\\/2024\\\/09\\\/pymes.jpg\",\"width\":640,\"height\":412,\"caption\":\"pymes\"},\"datePublished\":\"2024-09-30T18:15:33+02:00\",\"dateModified\":\"2024-09-30T18:15:33+02:00\",\"inLanguage\":\"es-ES\",\"mainEntityOfPage\":{\"@id\":\"https:\\\/\\\/candas365.es\\\/noticias\\\/las-pymes-alemanas-muestran-rasgos-casi-depresivos\\\/#webpage\"},\"isPartOf\":{\"@id\":\"https:\\\/\\\/candas365.es\\\/noticias\\\/las-pymes-alemanas-muestran-rasgos-casi-depresivos\\\/#webpage\"},\"articleSection\":\"Canal Empresas, empresas\",\"dateline\":\"Publicado el septiembre 30, 2024.\"},{\"@type\":\"Organization\",\"@id\":\"https:\\\/\\\/candas365.es\\\/noticias\\\/#organization\",\"name\":\"Cand\\u00e1s 365\",\"description\":\"Cand\\u00e1s 365 es un diario digital independiente, fundado en 2012, con base en Asturias. Informamos con rigor sobre actualidad, sociedad, cultura y ocio, con una mirada local y global.\",\"url\":\"https:\\\/\\\/candas365.es\\\/noticias\\\/\",\"email\":\"info@candas365.es\",\"telephone\":\"+34652131393\",\"foundingDate\":\"2012-06-10\",\"logo\":{\"@type\":\"ImageObject\",\"url\":\"https:\\\/\\\/candas365.es\\\/noticias\\\/wp-content\\\/uploads\\\/2024\\\/09\\\/Candas-365-Redes.jpg\",\"@id\":\"https:\\\/\\\/candas365.es\\\/noticias\\\/las-pymes-alemanas-muestran-rasgos-casi-depresivos\\\/#organizationLogo\",\"width\":1152,\"height\":864,\"caption\":\"Cand\\u00e1s 365 Redes\"},\"image\":{\"@id\":\"https:\\\/\\\/candas365.es\\\/noticias\\\/las-pymes-alemanas-muestran-rasgos-casi-depresivos\\\/#organizationLogo\"},\"sameAs\":[\"https:\\\/\\\/www.facebook.com\\\/Nachofdezber\",\"https:\\\/\\\/x.com\\\/NabercoDigital\",\"https:\\\/\\\/www.instagram.com\\\/nachofdezber\\\/\",\"https:\\\/\\\/www.youtube.com\\\/channel\\\/UCZP-2wLEB9Rv6erhFmqVnvg\"],\"address\":{\"@id\":\"https:\\\/\\\/candas365.es\\\/noticias\\\/#postaladdress\",\"@type\":\"PostalAddress\",\"streetAddress\":\"san antonio 4, san antonio 4\",\"postalCode\":\"33430\",\"addressLocality\":\"Cand\\u00e1s\",\"addressRegion\":\"Asturias\",\"addressCountry\":\"ES\"}},{\"@type\":\"Person\",\"@id\":\"https:\\\/\\\/candas365.es\\\/noticias\\\/author\\\/admin\\\/#author\",\"url\":\"https:\\\/\\\/candas365.es\\\/noticias\\\/author\\\/admin\\\/\",\"name\":\"Cand\\u00e1s 365\",\"image\":{\"@type\":\"ImageObject\",\"@id\":\"https:\\\/\\\/candas365.es\\\/noticias\\\/las-pymes-alemanas-muestran-rasgos-casi-depresivos\\\/#authorImage\",\"url\":\"https:\\\/\\\/secure.gravatar.com\\\/avatar\\\/496a8e03d0c493ede1718b7934145dbdf8d89be1036b0eec9544e1094c9de390?s=96&d=mm&r=g\",\"width\":96,\"height\":96,\"caption\":\"Cand\\u00e1s 365\"},\"sameAs\":[\"https:\\\/\\\/www.facebook.com\\\/carrenoactualidad\",\"https:\\\/\\\/twitter.com\\\/nbasturias\",\"https:\\\/\\\/www.instagram.com\\\/nachofdezber\\\/\",\"https:\\\/\\\/www.youtube.com\\\/channel\\\/UCZP-2wLEB9Rv6erhFmqVnvg\"]},{\"@type\":\"WebPage\",\"@id\":\"https:\\\/\\\/candas365.es\\\/noticias\\\/las-pymes-alemanas-muestran-rasgos-casi-depresivos\\\/#webpage\",\"url\":\"https:\\\/\\\/candas365.es\\\/noticias\\\/las-pymes-alemanas-muestran-rasgos-casi-depresivos\\\/\",\"name\":\"Las pymes alemanas muestran \\u00abrasgos casi depresivos\\u00bb | Cand\\u00e1s 365\",\"description\":\"Neuss (Alemania), 29 sep (dpa) - El estado de \\u00e1nimo de las peque\\u00f1as y medianas empresas (pymes) alemanas mantiene una tendencia de deterioro y sigue mostr\\u00e1ndose\",\"inLanguage\":\"es-ES\",\"isPartOf\":{\"@id\":\"https:\\\/\\\/candas365.es\\\/noticias\\\/#website\"},\"breadcrumb\":{\"@id\":\"https:\\\/\\\/candas365.es\\\/noticias\\\/las-pymes-alemanas-muestran-rasgos-casi-depresivos\\\/#breadcrumblist\"},\"author\":{\"@id\":\"https:\\\/\\\/candas365.es\\\/noticias\\\/author\\\/admin\\\/#author\"},\"creator\":{\"@id\":\"https:\\\/\\\/candas365.es\\\/noticias\\\/author\\\/admin\\\/#author\"},\"image\":{\"@type\":\"ImageObject\",\"url\":\"https:\\\/\\\/candas365.es\\\/noticias\\\/wp-content\\\/uploads\\\/2024\\\/09\\\/pymes.jpg\",\"@id\":\"https:\\\/\\\/candas365.es\\\/noticias\\\/las-pymes-alemanas-muestran-rasgos-casi-depresivos\\\/#mainImage\",\"width\":640,\"height\":412,\"caption\":\"pymes\"},\"primaryImageOfPage\":{\"@id\":\"https:\\\/\\\/candas365.es\\\/noticias\\\/las-pymes-alemanas-muestran-rasgos-casi-depresivos\\\/#mainImage\"},\"datePublished\":\"2024-09-30T18:15:33+02:00\",\"dateModified\":\"2024-09-30T18:15:33+02:00\"},{\"@type\":\"WebSite\",\"@id\":\"https:\\\/\\\/candas365.es\\\/noticias\\\/#website\",\"url\":\"https:\\\/\\\/candas365.es\\\/noticias\\\/\",\"name\":\"Cand\\u00e1s 365\",\"alternateName\":\"Cand\\u00e1s 365 Noticias\",\"description\":\"Actualidad desde Carre\\u00f1o para el mundo\",\"inLanguage\":\"es-ES\",\"publisher\":{\"@id\":\"https:\\\/\\\/candas365.es\\\/noticias\\\/#organization\"}}]}\n\t\t<\/script>\n\t\t<!-- All in One SEO Pro -->\r\n\t\t<title>Las pymes alemanas muestran \u00abrasgos casi depresivos\u00bb | Cand\u00e1s 365<\/title>\n\n","aioseo_head_json":{"title":"Las pymes alemanas muestran \u00abrasgos casi depresivos\u00bb | Cand\u00e1s 365","description":"Neuss (Alemania), 29 sep (dpa) - El estado de \u00e1nimo de las peque\u00f1as y medianas empresas (pymes) alemanas mantiene una tendencia de deterioro y sigue mostr\u00e1ndose","canonical_url":"https:\/\/candas365.es\/noticias\/las-pymes-alemanas-muestran-rasgos-casi-depresivos\/","robots":"max-image-preview:large","keywords":"canal empresas","webmasterTools":{"google-site-verification":"UA-32230408-1","msvalidate.01":"354F3CDFB2DA171B47FBE9ABF1F88D5","miscellaneous":""},"schema":{"@context":"https:\/\/schema.org","@graph":[{"@type":"BreadcrumbList","@id":"https:\/\/candas365.es\/noticias\/las-pymes-alemanas-muestran-rasgos-casi-depresivos\/#breadcrumblist","itemListElement":[{"@type":"ListItem","@id":"https:\/\/candas365.es\/noticias#listItem","position":1,"name":"Home","item":"https:\/\/candas365.es\/noticias","nextItem":{"@type":"ListItem","@id":"https:\/\/candas365.es\/noticias\/category\/canal-empresas\/#listItem","name":"Canal Empresas"}},{"@type":"ListItem","@id":"https:\/\/candas365.es\/noticias\/category\/canal-empresas\/#listItem","position":2,"name":"Canal Empresas","item":"https:\/\/candas365.es\/noticias\/category\/canal-empresas\/","nextItem":{"@type":"ListItem","@id":"https:\/\/candas365.es\/noticias\/las-pymes-alemanas-muestran-rasgos-casi-depresivos\/#listItem","name":"Las pymes alemanas muestran \u00abrasgos casi depresivos\u00bb"},"previousItem":{"@type":"ListItem","@id":"https:\/\/candas365.es\/noticias#listItem","name":"Home"}},{"@type":"ListItem","@id":"https:\/\/candas365.es\/noticias\/las-pymes-alemanas-muestran-rasgos-casi-depresivos\/#listItem","position":3,"name":"Las pymes alemanas muestran \u00abrasgos casi depresivos\u00bb","previousItem":{"@type":"ListItem","@id":"https:\/\/candas365.es\/noticias\/category\/canal-empresas\/#listItem","name":"Canal Empresas"}}]},{"@type":"NewsArticle","@id":"https:\/\/candas365.es\/noticias\/las-pymes-alemanas-muestran-rasgos-casi-depresivos\/#newsarticle","name":"Las pymes alemanas muestran \u00abrasgos casi depresivos\u00bb | Cand\u00e1s 365","headline":"Las pymes alemanas muestran \u00abrasgos casi depresivos\u00bb","author":{"@id":"https:\/\/candas365.es\/noticias\/author\/admin\/#author"},"publisher":{"@id":"https:\/\/candas365.es\/noticias\/#organization"},"image":{"@type":"ImageObject","url":"https:\/\/candas365.es\/noticias\/wp-content\/uploads\/2024\/09\/pymes.jpg","width":640,"height":412,"caption":"pymes"},"datePublished":"2024-09-30T18:15:33+02:00","dateModified":"2024-09-30T18:15:33+02:00","inLanguage":"es-ES","mainEntityOfPage":{"@id":"https:\/\/candas365.es\/noticias\/las-pymes-alemanas-muestran-rasgos-casi-depresivos\/#webpage"},"isPartOf":{"@id":"https:\/\/candas365.es\/noticias\/las-pymes-alemanas-muestran-rasgos-casi-depresivos\/#webpage"},"articleSection":"Canal Empresas, empresas","dateline":"Publicado el septiembre 30, 2024."},{"@type":"Organization","@id":"https:\/\/candas365.es\/noticias\/#organization","name":"Cand\u00e1s 365","description":"Cand\u00e1s 365 es un diario digital independiente, fundado en 2012, con base en Asturias. Informamos con rigor sobre actualidad, sociedad, cultura y ocio, con una mirada local y global.","url":"https:\/\/candas365.es\/noticias\/","email":"info@candas365.es","telephone":"+34652131393","foundingDate":"2012-06-10","logo":{"@type":"ImageObject","url":"https:\/\/candas365.es\/noticias\/wp-content\/uploads\/2024\/09\/Candas-365-Redes.jpg","@id":"https:\/\/candas365.es\/noticias\/las-pymes-alemanas-muestran-rasgos-casi-depresivos\/#organizationLogo","width":1152,"height":864,"caption":"Cand\u00e1s 365 Redes"},"image":{"@id":"https:\/\/candas365.es\/noticias\/las-pymes-alemanas-muestran-rasgos-casi-depresivos\/#organizationLogo"},"sameAs":["https:\/\/www.facebook.com\/Nachofdezber","https:\/\/x.com\/NabercoDigital","https:\/\/www.instagram.com\/nachofdezber\/","https:\/\/www.youtube.com\/channel\/UCZP-2wLEB9Rv6erhFmqVnvg"],"address":{"@id":"https:\/\/candas365.es\/noticias\/#postaladdress","@type":"PostalAddress","streetAddress":"san antonio 4, san antonio 4","postalCode":"33430","addressLocality":"Cand\u00e1s","addressRegion":"Asturias","addressCountry":"ES"}},{"@type":"Person","@id":"https:\/\/candas365.es\/noticias\/author\/admin\/#author","url":"https:\/\/candas365.es\/noticias\/author\/admin\/","name":"Cand\u00e1s 365","image":{"@type":"ImageObject","@id":"https:\/\/candas365.es\/noticias\/las-pymes-alemanas-muestran-rasgos-casi-depresivos\/#authorImage","url":"https:\/\/secure.gravatar.com\/avatar\/496a8e03d0c493ede1718b7934145dbdf8d89be1036b0eec9544e1094c9de390?s=96&d=mm&r=g","width":96,"height":96,"caption":"Cand\u00e1s 365"},"sameAs":["https:\/\/www.facebook.com\/carrenoactualidad","https:\/\/twitter.com\/nbasturias","https:\/\/www.instagram.com\/nachofdezber\/","https:\/\/www.youtube.com\/channel\/UCZP-2wLEB9Rv6erhFmqVnvg"]},{"@type":"WebPage","@id":"https:\/\/candas365.es\/noticias\/las-pymes-alemanas-muestran-rasgos-casi-depresivos\/#webpage","url":"https:\/\/candas365.es\/noticias\/las-pymes-alemanas-muestran-rasgos-casi-depresivos\/","name":"Las pymes alemanas muestran \u00abrasgos casi depresivos\u00bb | Cand\u00e1s 365","description":"Neuss (Alemania), 29 sep (dpa) - El estado de \u00e1nimo de las peque\u00f1as y medianas empresas (pymes) alemanas mantiene una tendencia de deterioro y sigue mostr\u00e1ndose","inLanguage":"es-ES","isPartOf":{"@id":"https:\/\/candas365.es\/noticias\/#website"},"breadcrumb":{"@id":"https:\/\/candas365.es\/noticias\/las-pymes-alemanas-muestran-rasgos-casi-depresivos\/#breadcrumblist"},"author":{"@id":"https:\/\/candas365.es\/noticias\/author\/admin\/#author"},"creator":{"@id":"https:\/\/candas365.es\/noticias\/author\/admin\/#author"},"image":{"@type":"ImageObject","url":"https:\/\/candas365.es\/noticias\/wp-content\/uploads\/2024\/09\/pymes.jpg","@id":"https:\/\/candas365.es\/noticias\/las-pymes-alemanas-muestran-rasgos-casi-depresivos\/#mainImage","width":640,"height":412,"caption":"pymes"},"primaryImageOfPage":{"@id":"https:\/\/candas365.es\/noticias\/las-pymes-alemanas-muestran-rasgos-casi-depresivos\/#mainImage"},"datePublished":"2024-09-30T18:15:33+02:00","dateModified":"2024-09-30T18:15:33+02:00"},{"@type":"WebSite","@id":"https:\/\/candas365.es\/noticias\/#website","url":"https:\/\/candas365.es\/noticias\/","name":"Cand\u00e1s 365","alternateName":"Cand\u00e1s 365 Noticias","description":"Actualidad desde Carre\u00f1o para el mundo","inLanguage":"es-ES","publisher":{"@id":"https:\/\/candas365.es\/noticias\/#organization"}}]},"og:locale":"es_ES","og:site_name":"Cand\u00e1s 365","og:type":"article","og:title":"Las pymes alemanas muestran \u00abrasgos casi depresivos\u00bb | Cand\u00e1s 365","og:description":"Neuss (Alemania), 29 sep (dpa) - El estado de \u00e1nimo de las peque\u00f1as y medianas empresas (pymes) alemanas mantiene una tendencia de deterioro y sigue mostr\u00e1ndose","og:url":"https:\/\/candas365.es\/noticias\/las-pymes-alemanas-muestran-rasgos-casi-depresivos\/","og:image":"https:\/\/candas365.es\/noticias\/wp-content\/uploads\/2024\/09\/pymes.jpg","og:image:secure_url":"https:\/\/candas365.es\/noticias\/wp-content\/uploads\/2024\/09\/pymes.jpg","og:image:width":640,"og:image:height":412,"article:published_time":"2024-09-30T16:15:33+00:00","article:modified_time":"2024-09-30T16:15:33+00:00","article:publisher":"https:\/\/www.facebook.com\/Nachofdezber","article:author":"https:\/\/www.facebook.com\/carrenoactualidad","twitter:card":"summary_large_image","twitter:site":"@NabercoDigital","twitter:title":"Las pymes alemanas muestran \u00abrasgos casi depresivos\u00bb | Cand\u00e1s 365","twitter:description":"Neuss (Alemania), 29 sep (dpa) - El estado de \u00e1nimo de las peque\u00f1as y medianas empresas (pymes) alemanas mantiene una tendencia de deterioro y sigue mostr\u00e1ndose","twitter:creator":"@nbasturias","twitter:image":"https:\/\/candas365.es\/noticias\/wp-content\/uploads\/2024\/09\/pymes.jpg","twitter:label1":"Escrito por","twitter:data1":"Cand\u00e1s 365","twitter:label2":"Tiempo de lectura estimado","twitter:data2":"3 minutos"},"aioseo_meta_data":{"post_id":"183295","title":null,"description":"Neuss (Alemania), 29 sep (dpa) - El estado de \u00e1nimo de las peque\u00f1as y medianas empresas (pymes) alemanas mantiene una tendencia de deterioro y sigue mostr\u00e1ndose","keywords":null,"keyphrases":{"focus":{"keyphrase":"pymes","score":93,"analysis":{"keyphraseInTitle":{"score":9,"maxScore":9,"error":0},"keyphraseInDescription":{"score":9,"maxScore":9,"error":0},"keyphraseLength":{"score":9,"maxScore":9,"error":0,"length":1},"keyphraseInURL":{"score":1,"maxScore":5,"error":1},"keyphraseInIntroduction":{"score":9,"maxScore":9,"error":0},"keyphraseInSubHeadings":[],"keyphraseInImageAlt":{"score":9,"maxScore":9,"error":0},"keywordDensity":{"type":"best","score":9,"maxScore":9,"error":0}}},"additional":[{"keyphrase":"pymes","score":100,"analysis":{"keyphraseInDescription":{"score":9,"maxScore":9,"error":0},"keyphraseLength":{"score":9,"maxScore":9,"error":0,"length":1},"keyphraseInIntroduction":{"score":9,"maxScore":9,"error":0},"keyphraseInImageAlt":{"score":9,"maxScore":9,"error":0},"keywordDensity":{"type":"best","score":9,"maxScore":9,"error":0}}}]},"primary_term":null,"canonical_url":null,"og_title":null,"og_description":null,"og_object_type":"default","og_image_type":"default","og_image_url":null,"og_image_width":null,"og_image_height":null,"og_image_custom_url":null,"og_image_custom_fields":null,"og_video":"","og_custom_url":null,"og_article_section":null,"og_article_tags":null,"twitter_use_og":false,"twitter_card":"default","twitter_image_type":"default","twitter_image_url":null,"twitter_image_custom_url":null,"twitter_image_custom_fields":null,"twitter_title":null,"twitter_description":null,"schema":{"blockGraphs":[],"customGraphs":[],"default":{"data":{"Article":[],"Course":[],"Dataset":[],"FAQPage":[],"Movie":[],"Person":[],"Product":[],"ProductReview":[],"Car":[],"Recipe":[],"Service":[],"SoftwareApplication":[],"WebPage":[]},"graphName":"Article","isEnabled":true},"graphs":[]},"schema_type":"default","schema_type_options":null,"pillar_content":false,"robots_default":true,"robots_noindex":false,"robots_noarchive":false,"robots_nosnippet":false,"robots_nofollow":false,"robots_noimageindex":false,"robots_noodp":false,"robots_notranslate":false,"robots_max_snippet":"-1","robots_max_videopreview":"-1","robots_max_imagepreview":"large","priority":null,"frequency":"default","location":null,"local_seo":null,"seo_analyzer_scan_date":"2025-09-02 14:32:18","breadcrumb_settings":null,"limit_modified_date":false,"reviewed_by":null,"open_ai":"{\"title\":{\"suggestions\":[],\"usage\":0},\"description\":{\"suggestions\":[],\"usage\":0}}","ai":null,"created":"2024-09-30 16:09:33","updated":"2025-09-02 14:32:18"},"aioseo_breadcrumb":"<div class=\"aioseo-breadcrumbs\"><span class=\"aioseo-breadcrumb\">\n\t<a href=\"https:\/\/candas365.es\/noticias\" title=\"Home\">Home<\/a>\n<\/span><span class=\"aioseo-breadcrumb-separator\">&ndash;<\/span><span class=\"aioseo-breadcrumb\">\n\t<a href=\"https:\/\/candas365.es\/noticias\/category\/canal-empresas\/\" title=\"Canal Empresas\">Canal Empresas<\/a>\n<\/span><span class=\"aioseo-breadcrumb-separator\">&ndash;<\/span><span class=\"aioseo-breadcrumb\">\n\tLas pymes alemanas muestran \u00abrasgos casi depresivos\u00bb\n<\/span><\/div>","aioseo_breadcrumb_json":[{"label":"Home","link":"https:\/\/candas365.es\/noticias"},{"label":"Canal Empresas","link":"https:\/\/candas365.es\/noticias\/category\/canal-empresas\/"},{"label":"Las pymes alemanas muestran \u00abrasgos casi depresivos\u00bb","link":"https:\/\/candas365.es\/noticias\/las-pymes-alemanas-muestran-rasgos-casi-depresivos\/"}],"_links":{"self":[{"href":"https:\/\/candas365.es\/noticias\/wp-json\/wp\/v2\/posts\/183295","targetHints":{"allow":["GET"]}}],"collection":[{"href":"https:\/\/candas365.es\/noticias\/wp-json\/wp\/v2\/posts"}],"about":[{"href":"https:\/\/candas365.es\/noticias\/wp-json\/wp\/v2\/types\/post"}],"author":[{"embeddable":true,"href":"https:\/\/candas365.es\/noticias\/wp-json\/wp\/v2\/users\/1"}],"replies":[{"embeddable":true,"href":"https:\/\/candas365.es\/noticias\/wp-json\/wp\/v2\/comments?post=183295"}],"version-history":[{"count":0,"href":"https:\/\/candas365.es\/noticias\/wp-json\/wp\/v2\/posts\/183295\/revisions"}],"wp:featuredmedia":[{"embeddable":true,"href":"https:\/\/candas365.es\/noticias\/wp-json\/wp\/v2\/media\/183296"}],"wp:attachment":[{"href":"https:\/\/candas365.es\/noticias\/wp-json\/wp\/v2\/media?parent=183295"}],"wp:term":[{"taxonomy":"category","embeddable":true,"href":"https:\/\/candas365.es\/noticias\/wp-json\/wp\/v2\/categories?post=183295"},{"taxonomy":"post_tag","embeddable":true,"href":"https:\/\/candas365.es\/noticias\/wp-json\/wp\/v2\/tags?post=183295"}],"curies":[{"name":"wp","href":"https:\/\/api.w.org\/{rel}","templated":true}]}}