{"id":183256,"date":"2024-09-27T12:04:56","date_gmt":"2024-09-27T10:04:56","guid":{"rendered":"https:\/\/candas365.es\/noticias\/?p=183256"},"modified":"2024-09-27T12:09:37","modified_gmt":"2024-09-27T10:09:37","slug":"ampliacion-de-horarios-para-estudiar-en-la-biblioteca-de-candas","status":"publish","type":"post","link":"https:\/\/candas365.es\/noticias\/ampliacion-de-horarios-para-estudiar-en-la-biblioteca-de-candas\/","title":{"rendered":"Ampliaci\u00f3n de horarios para estudiar en la Biblioteca de Cand\u00e1s"},"content":{"rendered":"<p>El <a title=\"Ayuntamiento de Carre\u00f1o\" href=\"https:\/\/www.ayto-carreno.es\/\" target=\"_blank\" rel=\"noopener\"><span style=\"color: #ff6600;\"><strong>Ayuntamiento de Carre\u00f1o<\/strong><\/span><\/a> ha informado en una nota de prensa de la ampliaci\u00f3n de horarios en la sala de estudios de la Biblioteca municipal.<\/p>\n<figure id=\"attachment_183257\" aria-describedby=\"caption-attachment-183257\" style=\"width: 650px\" class=\"wp-caption aligncenter\"><img fetchpriority=\"high\" decoding=\"async\" class=\"size-large wp-image-183257\" src=\"https:\/\/candas365.es\/noticias\/wp-content\/uploads\/2024\/09\/Biblioteca-de-Candas-en-Carreno-650x372.jpg\" alt=\"Biblioteca de Cand\u00e1s en Carre\u00f1o\" width=\"650\" height=\"372\" srcset=\"https:\/\/candas365.es\/noticias\/wp-content\/uploads\/2024\/09\/Biblioteca-de-Candas-en-Carreno-650x372.jpg 650w, https:\/\/candas365.es\/noticias\/wp-content\/uploads\/2024\/09\/Biblioteca-de-Candas-en-Carreno-360x206.jpg 360w, https:\/\/candas365.es\/noticias\/wp-content\/uploads\/2024\/09\/Biblioteca-de-Candas-en-Carreno-768x440.jpg 768w, https:\/\/candas365.es\/noticias\/wp-content\/uploads\/2024\/09\/Biblioteca-de-Candas-en-Carreno-150x86.jpg 150w, https:\/\/candas365.es\/noticias\/wp-content\/uploads\/2024\/09\/Biblioteca-de-Candas-en-Carreno-450x258.jpg 450w, https:\/\/candas365.es\/noticias\/wp-content\/uploads\/2024\/09\/Biblioteca-de-Candas-en-Carreno.jpg 1109w\" sizes=\"(max-width: 650px) 100vw, 650px\" \/><figcaption id=\"caption-attachment-183257\" class=\"wp-caption-text\">Foto: Archivo Cand\u00e1s 365<\/figcaption><\/figure>\n<p>Los estudiantes de Carre\u00f1o disfrutar\u00e1n pr\u00f3ximamente de una ampliaci\u00f3n de horarios en la <span style=\"color: #ff6600;\"><a style=\"color: #ff6600;\" href=\"https:\/\/candas365.es\/noticias\/category\/sociedad\/\"><strong>sala de estudio<\/strong><\/a><\/span> gracias a las obras de mantenimiento y adecuaci\u00f3n que se llevar\u00e1n a cabo en el edificio. Desde el Ayuntamiento tambi\u00e9n afirman que \u201cuna mala previsi\u00f3n de las necesidades de la plantilla a lo largo de los a\u00f1os condujo a la actual falta de personal, que oblig\u00f3 a reducir horarios, con una especial afectaci\u00f3n para los usuarios de la sala de estudio, muy demandada, especialmente en \u00e9pocas de ex\u00e1menes\u201d.<\/p>\n<p>Para responder a las necesidades de las y los estudiantes, se aislar\u00e1 la planta de la sala de estudio del resto de la Biblioteca con puertas y separadores de vidrio y se dotar\u00e1 a este espacio de un sistema de entrada por c\u00f3digo de seguridad previa inscripci\u00f3n, para poder as\u00ed abrir la sala de estudio en horario mucho m\u00e1s amplio sin necesidad de que est\u00e9 presente el personal municipal.<\/p>\n<p>Adem\u00e1s, se llevar\u00e1n a cabo diversas tareas de conservaci\u00f3n y mejora del edificio, como pintura e iluminaci\u00f3n, ya que en la actualidad presenta varias deficiencias por falta de mantenimiento.<br \/>\nLa cantidad que se destinar\u00e1 a estos trabajos es de 11.000 euros, provenientes de la modificaci\u00f3n presupuestaria aprobada en el Pleno del 26 de septiembre de 2024.<\/p>\n","protected":false},"excerpt":{"rendered":"<p>El Ayuntamiento de Carre\u00f1o ha informado en una nota de prensa de la ampliaci\u00f3n de horarios en la sala de estudios de la Biblioteca municipal. Los estudiantes de Carre\u00f1o disfrutar\u00e1n pr\u00f3ximamente de una ampliaci\u00f3n de horarios en la sala de estudio gracias a las obras de mantenimiento y adecuaci\u00f3n que se llevar\u00e1n a cabo en<\/p>\n","protected":false},"author":1,"featured_media":183257,"comment_status":"closed","ping_status":"closed","sticky":false,"template":"","format":"standard","meta":{"footnotes":""},"categories":[2],"tags":[366,365,419],"class_list":{"0":"post-183256","1":"post","2":"type-post","3":"status-publish","4":"format-standard","5":"has-post-thumbnail","7":"category-noticias-carreno","8":"tag-candas","9":"tag-carreno","10":"tag-educacion"},"aioseo_notices":[],"aioseo_head":"\n\t\t<!-- All in One SEO Pro 4.9.6.2 - aioseo.com -->\n\t<meta name=\"description\" content=\"El Ayuntamiento de Carre\u00f1o ha informado en una nota de prensa de la ampliaci\u00f3n de horarios en la sala de estudios de la Biblioteca municipal.\" \/>\n\t<meta name=\"robots\" content=\"max-image-preview:large\" \/>\n\t<meta name=\"author\" content=\"Cand\u00e1s 365\"\/>\n\t<meta name=\"google-site-verification\" content=\"UA-32230408-1\" \/>\n\t<meta name=\"msvalidate.01\" content=\"354F3CDFB2DA171B47FBE9ABF1F88D5\" \/>\n\t<meta name=\"keywords\" content=\"noticias carre\u00f1o\" \/>\n\t<link rel=\"canonical\" href=\"https:\/\/candas365.es\/noticias\/ampliacion-de-horarios-para-estudiar-en-la-biblioteca-de-candas\/\" \/>\n\t<meta name=\"generator\" content=\"All in One SEO Pro (AIOSEO) 4.9.6.2\" \/>\n\t\t<meta property=\"og:locale\" content=\"es_ES\" \/>\n\t\t<meta property=\"og:site_name\" content=\"Cand\u00e1s 365\" \/>\n\t\t<meta property=\"og:type\" content=\"article\" \/>\n\t\t<meta property=\"og:title\" content=\"Ampliaci\u00f3n de horarios para estudiar en la Biblioteca de Cand\u00e1s | Cand\u00e1s 365\" \/>\n\t\t<meta property=\"og:description\" content=\"El Ayuntamiento de Carre\u00f1o ha informado en una nota de prensa de la ampliaci\u00f3n de horarios en la sala de estudios de la Biblioteca municipal.\" \/>\n\t\t<meta property=\"og:url\" content=\"https:\/\/candas365.es\/noticias\/ampliacion-de-horarios-para-estudiar-en-la-biblioteca-de-candas\/\" \/>\n\t\t<meta property=\"og:image\" content=\"https:\/\/candas365.es\/noticias\/wp-content\/uploads\/2024\/09\/Biblioteca-de-Candas-en-Carreno.jpg\" \/>\n\t\t<meta property=\"og:image:secure_url\" content=\"https:\/\/candas365.es\/noticias\/wp-content\/uploads\/2024\/09\/Biblioteca-de-Candas-en-Carreno.jpg\" \/>\n\t\t<meta property=\"og:image:width\" content=\"1109\" \/>\n\t\t<meta property=\"og:image:height\" content=\"635\" \/>\n\t\t<meta property=\"article:published_time\" content=\"2024-09-27T10:04:56+00:00\" \/>\n\t\t<meta property=\"article:modified_time\" content=\"2024-09-27T10:09:37+00:00\" \/>\n\t\t<meta property=\"article:publisher\" content=\"https:\/\/www.facebook.com\/Nachofdezber\" \/>\n\t\t<meta property=\"article:author\" content=\"https:\/\/www.facebook.com\/carrenoactualidad\" \/>\n\t\t<meta name=\"twitter:card\" content=\"summary_large_image\" \/>\n\t\t<meta name=\"twitter:site\" content=\"@NabercoDigital\" \/>\n\t\t<meta name=\"twitter:title\" content=\"Ampliaci\u00f3n de horarios para estudiar en la Biblioteca de Cand\u00e1s | Cand\u00e1s 365\" \/>\n\t\t<meta name=\"twitter:description\" content=\"El Ayuntamiento de Carre\u00f1o ha informado en una nota de prensa de la ampliaci\u00f3n de horarios en la sala de estudios de la Biblioteca municipal.\" \/>\n\t\t<meta name=\"twitter:creator\" content=\"@nbasturias\" \/>\n\t\t<meta name=\"twitter:image\" content=\"https:\/\/candas365.es\/noticias\/wp-content\/uploads\/2024\/09\/Biblioteca-de-Candas-en-Carreno.jpg\" \/>\n\t\t<meta name=\"twitter:label1\" content=\"Escrito por\" \/>\n\t\t<meta name=\"twitter:data1\" content=\"Cand\u00e1s 365\" \/>\n\t\t<meta name=\"twitter:label2\" content=\"Tiempo de lectura estimado\" \/>\n\t\t<meta name=\"twitter:data2\" content=\"1 minuto\" \/>\n\t\t<script type=\"application\/ld+json\" class=\"aioseo-schema\">\n\t\t\t{\"@context\":\"https:\\\/\\\/schema.org\",\"@graph\":[{\"@type\":\"BreadcrumbList\",\"@id\":\"https:\\\/\\\/candas365.es\\\/noticias\\\/ampliacion-de-horarios-para-estudiar-en-la-biblioteca-de-candas\\\/#breadcrumblist\",\"itemListElement\":[{\"@type\":\"ListItem\",\"@id\":\"https:\\\/\\\/candas365.es\\\/noticias#listItem\",\"position\":1,\"name\":\"Home\",\"item\":\"https:\\\/\\\/candas365.es\\\/noticias\",\"nextItem\":{\"@type\":\"ListItem\",\"@id\":\"https:\\\/\\\/candas365.es\\\/noticias\\\/category\\\/noticias-carreno\\\/#listItem\",\"name\":\"Noticias Carre\\u00f1o\"}},{\"@type\":\"ListItem\",\"@id\":\"https:\\\/\\\/candas365.es\\\/noticias\\\/category\\\/noticias-carreno\\\/#listItem\",\"position\":2,\"name\":\"Noticias Carre\\u00f1o\",\"item\":\"https:\\\/\\\/candas365.es\\\/noticias\\\/category\\\/noticias-carreno\\\/\",\"nextItem\":{\"@type\":\"ListItem\",\"@id\":\"https:\\\/\\\/candas365.es\\\/noticias\\\/ampliacion-de-horarios-para-estudiar-en-la-biblioteca-de-candas\\\/#listItem\",\"name\":\"Ampliaci\\u00f3n de horarios para estudiar en la Biblioteca de Cand\\u00e1s\"},\"previousItem\":{\"@type\":\"ListItem\",\"@id\":\"https:\\\/\\\/candas365.es\\\/noticias#listItem\",\"name\":\"Home\"}},{\"@type\":\"ListItem\",\"@id\":\"https:\\\/\\\/candas365.es\\\/noticias\\\/ampliacion-de-horarios-para-estudiar-en-la-biblioteca-de-candas\\\/#listItem\",\"position\":3,\"name\":\"Ampliaci\\u00f3n de horarios para estudiar en la Biblioteca de Cand\\u00e1s\",\"previousItem\":{\"@type\":\"ListItem\",\"@id\":\"https:\\\/\\\/candas365.es\\\/noticias\\\/category\\\/noticias-carreno\\\/#listItem\",\"name\":\"Noticias Carre\\u00f1o\"}}]},{\"@type\":\"NewsArticle\",\"@id\":\"https:\\\/\\\/candas365.es\\\/noticias\\\/ampliacion-de-horarios-para-estudiar-en-la-biblioteca-de-candas\\\/#newsarticle\",\"name\":\"Ampliaci\\u00f3n de horarios para estudiar en la Biblioteca de Cand\\u00e1s | Cand\\u00e1s 365\",\"headline\":\"Ampliaci\\u00f3n de horarios para estudiar en la Biblioteca de Cand\\u00e1s\",\"author\":{\"@id\":\"https:\\\/\\\/candas365.es\\\/noticias\\\/author\\\/admin\\\/#author\"},\"publisher\":{\"@id\":\"https:\\\/\\\/candas365.es\\\/noticias\\\/#organization\"},\"image\":{\"@type\":\"ImageObject\",\"url\":\"https:\\\/\\\/candas365.es\\\/noticias\\\/wp-content\\\/uploads\\\/2024\\\/09\\\/Biblioteca-de-Candas-en-Carreno.jpg\",\"width\":1109,\"height\":635,\"caption\":\"Foto: Archivo Cand\\u00e1s 365\"},\"datePublished\":\"2024-09-27T12:04:56+02:00\",\"dateModified\":\"2024-09-27T12:09:37+02:00\",\"inLanguage\":\"es-ES\",\"mainEntityOfPage\":{\"@id\":\"https:\\\/\\\/candas365.es\\\/noticias\\\/ampliacion-de-horarios-para-estudiar-en-la-biblioteca-de-candas\\\/#webpage\"},\"isPartOf\":{\"@id\":\"https:\\\/\\\/candas365.es\\\/noticias\\\/ampliacion-de-horarios-para-estudiar-en-la-biblioteca-de-candas\\\/#webpage\"},\"articleSection\":\"Noticias Carre\\u00f1o, Cand\\u00e1s, Carre\\u00f1o, educaci\\u00f3n\",\"dateline\":\"Publicado el septiembre 27, 2024.\"},{\"@type\":\"Organization\",\"@id\":\"https:\\\/\\\/candas365.es\\\/noticias\\\/#organization\",\"name\":\"Cand\\u00e1s 365\",\"description\":\"Cand\\u00e1s 365 es un diario digital independiente, fundado en 2012, con base en Asturias. Informamos con rigor sobre actualidad, sociedad, cultura y ocio, con una mirada local y global.\",\"url\":\"https:\\\/\\\/candas365.es\\\/noticias\\\/\",\"email\":\"info@candas365.es\",\"telephone\":\"+34652131393\",\"foundingDate\":\"2012-06-10\",\"logo\":{\"@type\":\"ImageObject\",\"url\":\"https:\\\/\\\/candas365.es\\\/noticias\\\/wp-content\\\/uploads\\\/2024\\\/09\\\/Candas-365-Redes.jpg\",\"@id\":\"https:\\\/\\\/candas365.es\\\/noticias\\\/ampliacion-de-horarios-para-estudiar-en-la-biblioteca-de-candas\\\/#organizationLogo\",\"width\":1152,\"height\":864,\"caption\":\"Cand\\u00e1s 365 Redes\"},\"image\":{\"@id\":\"https:\\\/\\\/candas365.es\\\/noticias\\\/ampliacion-de-horarios-para-estudiar-en-la-biblioteca-de-candas\\\/#organizationLogo\"},\"sameAs\":[\"https:\\\/\\\/www.facebook.com\\\/Nachofdezber\",\"https:\\\/\\\/x.com\\\/NabercoDigital\",\"https:\\\/\\\/www.instagram.com\\\/nachofdezber\\\/\",\"https:\\\/\\\/www.youtube.com\\\/channel\\\/UCZP-2wLEB9Rv6erhFmqVnvg\"],\"address\":{\"@id\":\"https:\\\/\\\/candas365.es\\\/noticias\\\/#postaladdress\",\"@type\":\"PostalAddress\",\"streetAddress\":\"san antonio 4, san antonio 4\",\"postalCode\":\"33430\",\"addressLocality\":\"Cand\\u00e1s\",\"addressRegion\":\"Asturias\",\"addressCountry\":\"ES\"}},{\"@type\":\"Person\",\"@id\":\"https:\\\/\\\/candas365.es\\\/noticias\\\/author\\\/admin\\\/#author\",\"url\":\"https:\\\/\\\/candas365.es\\\/noticias\\\/author\\\/admin\\\/\",\"name\":\"Cand\\u00e1s 365\",\"image\":{\"@type\":\"ImageObject\",\"@id\":\"https:\\\/\\\/candas365.es\\\/noticias\\\/ampliacion-de-horarios-para-estudiar-en-la-biblioteca-de-candas\\\/#authorImage\",\"url\":\"https:\\\/\\\/secure.gravatar.com\\\/avatar\\\/496a8e03d0c493ede1718b7934145dbdf8d89be1036b0eec9544e1094c9de390?s=96&d=mm&r=g\",\"width\":96,\"height\":96,\"caption\":\"Cand\\u00e1s 365\"},\"sameAs\":[\"https:\\\/\\\/www.facebook.com\\\/carrenoactualidad\",\"https:\\\/\\\/twitter.com\\\/nbasturias\",\"https:\\\/\\\/www.instagram.com\\\/nachofdezber\\\/\",\"https:\\\/\\\/www.youtube.com\\\/channel\\\/UCZP-2wLEB9Rv6erhFmqVnvg\"]},{\"@type\":\"WebPage\",\"@id\":\"https:\\\/\\\/candas365.es\\\/noticias\\\/ampliacion-de-horarios-para-estudiar-en-la-biblioteca-de-candas\\\/#webpage\",\"url\":\"https:\\\/\\\/candas365.es\\\/noticias\\\/ampliacion-de-horarios-para-estudiar-en-la-biblioteca-de-candas\\\/\",\"name\":\"Ampliaci\\u00f3n de horarios para estudiar en la Biblioteca de Cand\\u00e1s | Cand\\u00e1s 365\",\"description\":\"El Ayuntamiento de Carre\\u00f1o ha informado en una nota de prensa de la ampliaci\\u00f3n de horarios en la sala de estudios de la Biblioteca municipal.\",\"inLanguage\":\"es-ES\",\"isPartOf\":{\"@id\":\"https:\\\/\\\/candas365.es\\\/noticias\\\/#website\"},\"breadcrumb\":{\"@id\":\"https:\\\/\\\/candas365.es\\\/noticias\\\/ampliacion-de-horarios-para-estudiar-en-la-biblioteca-de-candas\\\/#breadcrumblist\"},\"author\":{\"@id\":\"https:\\\/\\\/candas365.es\\\/noticias\\\/author\\\/admin\\\/#author\"},\"creator\":{\"@id\":\"https:\\\/\\\/candas365.es\\\/noticias\\\/author\\\/admin\\\/#author\"},\"image\":{\"@type\":\"ImageObject\",\"url\":\"https:\\\/\\\/candas365.es\\\/noticias\\\/wp-content\\\/uploads\\\/2024\\\/09\\\/Biblioteca-de-Candas-en-Carreno.jpg\",\"@id\":\"https:\\\/\\\/candas365.es\\\/noticias\\\/ampliacion-de-horarios-para-estudiar-en-la-biblioteca-de-candas\\\/#mainImage\",\"width\":1109,\"height\":635,\"caption\":\"Foto: Archivo Cand\\u00e1s 365\"},\"primaryImageOfPage\":{\"@id\":\"https:\\\/\\\/candas365.es\\\/noticias\\\/ampliacion-de-horarios-para-estudiar-en-la-biblioteca-de-candas\\\/#mainImage\"},\"datePublished\":\"2024-09-27T12:04:56+02:00\",\"dateModified\":\"2024-09-27T12:09:37+02:00\"},{\"@type\":\"WebSite\",\"@id\":\"https:\\\/\\\/candas365.es\\\/noticias\\\/#website\",\"url\":\"https:\\\/\\\/candas365.es\\\/noticias\\\/\",\"name\":\"Cand\\u00e1s 365\",\"alternateName\":\"Cand\\u00e1s 365 Noticias\",\"description\":\"Actualidad desde Carre\\u00f1o para el mundo\",\"inLanguage\":\"es-ES\",\"publisher\":{\"@id\":\"https:\\\/\\\/candas365.es\\\/noticias\\\/#organization\"}}]}\n\t\t<\/script>\n\t\t<!-- All in One SEO Pro -->\r\n\t\t<title>Ampliaci\u00f3n de horarios para estudiar en la Biblioteca de Cand\u00e1s | Cand\u00e1s 365<\/title>\n\n","aioseo_head_json":{"title":"Ampliaci\u00f3n de horarios para estudiar en la Biblioteca de Cand\u00e1s | Cand\u00e1s 365","description":"El Ayuntamiento de Carre\u00f1o ha informado en una nota de prensa de la ampliaci\u00f3n de horarios en la sala de estudios de la Biblioteca municipal.","canonical_url":"https:\/\/candas365.es\/noticias\/ampliacion-de-horarios-para-estudiar-en-la-biblioteca-de-candas\/","robots":"max-image-preview:large","keywords":"noticias carre\u00f1o","webmasterTools":{"google-site-verification":"UA-32230408-1","msvalidate.01":"354F3CDFB2DA171B47FBE9ABF1F88D5","miscellaneous":""},"schema":{"@context":"https:\/\/schema.org","@graph":[{"@type":"BreadcrumbList","@id":"https:\/\/candas365.es\/noticias\/ampliacion-de-horarios-para-estudiar-en-la-biblioteca-de-candas\/#breadcrumblist","itemListElement":[{"@type":"ListItem","@id":"https:\/\/candas365.es\/noticias#listItem","position":1,"name":"Home","item":"https:\/\/candas365.es\/noticias","nextItem":{"@type":"ListItem","@id":"https:\/\/candas365.es\/noticias\/category\/noticias-carreno\/#listItem","name":"Noticias Carre\u00f1o"}},{"@type":"ListItem","@id":"https:\/\/candas365.es\/noticias\/category\/noticias-carreno\/#listItem","position":2,"name":"Noticias Carre\u00f1o","item":"https:\/\/candas365.es\/noticias\/category\/noticias-carreno\/","nextItem":{"@type":"ListItem","@id":"https:\/\/candas365.es\/noticias\/ampliacion-de-horarios-para-estudiar-en-la-biblioteca-de-candas\/#listItem","name":"Ampliaci\u00f3n de horarios para estudiar en la Biblioteca de Cand\u00e1s"},"previousItem":{"@type":"ListItem","@id":"https:\/\/candas365.es\/noticias#listItem","name":"Home"}},{"@type":"ListItem","@id":"https:\/\/candas365.es\/noticias\/ampliacion-de-horarios-para-estudiar-en-la-biblioteca-de-candas\/#listItem","position":3,"name":"Ampliaci\u00f3n de horarios para estudiar en la Biblioteca de Cand\u00e1s","previousItem":{"@type":"ListItem","@id":"https:\/\/candas365.es\/noticias\/category\/noticias-carreno\/#listItem","name":"Noticias Carre\u00f1o"}}]},{"@type":"NewsArticle","@id":"https:\/\/candas365.es\/noticias\/ampliacion-de-horarios-para-estudiar-en-la-biblioteca-de-candas\/#newsarticle","name":"Ampliaci\u00f3n de horarios para estudiar en la Biblioteca de Cand\u00e1s | Cand\u00e1s 365","headline":"Ampliaci\u00f3n de horarios para estudiar en la Biblioteca de Cand\u00e1s","author":{"@id":"https:\/\/candas365.es\/noticias\/author\/admin\/#author"},"publisher":{"@id":"https:\/\/candas365.es\/noticias\/#organization"},"image":{"@type":"ImageObject","url":"https:\/\/candas365.es\/noticias\/wp-content\/uploads\/2024\/09\/Biblioteca-de-Candas-en-Carreno.jpg","width":1109,"height":635,"caption":"Foto: Archivo Cand\u00e1s 365"},"datePublished":"2024-09-27T12:04:56+02:00","dateModified":"2024-09-27T12:09:37+02:00","inLanguage":"es-ES","mainEntityOfPage":{"@id":"https:\/\/candas365.es\/noticias\/ampliacion-de-horarios-para-estudiar-en-la-biblioteca-de-candas\/#webpage"},"isPartOf":{"@id":"https:\/\/candas365.es\/noticias\/ampliacion-de-horarios-para-estudiar-en-la-biblioteca-de-candas\/#webpage"},"articleSection":"Noticias Carre\u00f1o, Cand\u00e1s, Carre\u00f1o, educaci\u00f3n","dateline":"Publicado el septiembre 27, 2024."},{"@type":"Organization","@id":"https:\/\/candas365.es\/noticias\/#organization","name":"Cand\u00e1s 365","description":"Cand\u00e1s 365 es un diario digital independiente, fundado en 2012, con base en Asturias. Informamos con rigor sobre actualidad, sociedad, cultura y ocio, con una mirada local y global.","url":"https:\/\/candas365.es\/noticias\/","email":"info@candas365.es","telephone":"+34652131393","foundingDate":"2012-06-10","logo":{"@type":"ImageObject","url":"https:\/\/candas365.es\/noticias\/wp-content\/uploads\/2024\/09\/Candas-365-Redes.jpg","@id":"https:\/\/candas365.es\/noticias\/ampliacion-de-horarios-para-estudiar-en-la-biblioteca-de-candas\/#organizationLogo","width":1152,"height":864,"caption":"Cand\u00e1s 365 Redes"},"image":{"@id":"https:\/\/candas365.es\/noticias\/ampliacion-de-horarios-para-estudiar-en-la-biblioteca-de-candas\/#organizationLogo"},"sameAs":["https:\/\/www.facebook.com\/Nachofdezber","https:\/\/x.com\/NabercoDigital","https:\/\/www.instagram.com\/nachofdezber\/","https:\/\/www.youtube.com\/channel\/UCZP-2wLEB9Rv6erhFmqVnvg"],"address":{"@id":"https:\/\/candas365.es\/noticias\/#postaladdress","@type":"PostalAddress","streetAddress":"san antonio 4, san antonio 4","postalCode":"33430","addressLocality":"Cand\u00e1s","addressRegion":"Asturias","addressCountry":"ES"}},{"@type":"Person","@id":"https:\/\/candas365.es\/noticias\/author\/admin\/#author","url":"https:\/\/candas365.es\/noticias\/author\/admin\/","name":"Cand\u00e1s 365","image":{"@type":"ImageObject","@id":"https:\/\/candas365.es\/noticias\/ampliacion-de-horarios-para-estudiar-en-la-biblioteca-de-candas\/#authorImage","url":"https:\/\/secure.gravatar.com\/avatar\/496a8e03d0c493ede1718b7934145dbdf8d89be1036b0eec9544e1094c9de390?s=96&d=mm&r=g","width":96,"height":96,"caption":"Cand\u00e1s 365"},"sameAs":["https:\/\/www.facebook.com\/carrenoactualidad","https:\/\/twitter.com\/nbasturias","https:\/\/www.instagram.com\/nachofdezber\/","https:\/\/www.youtube.com\/channel\/UCZP-2wLEB9Rv6erhFmqVnvg"]},{"@type":"WebPage","@id":"https:\/\/candas365.es\/noticias\/ampliacion-de-horarios-para-estudiar-en-la-biblioteca-de-candas\/#webpage","url":"https:\/\/candas365.es\/noticias\/ampliacion-de-horarios-para-estudiar-en-la-biblioteca-de-candas\/","name":"Ampliaci\u00f3n de horarios para estudiar en la Biblioteca de Cand\u00e1s | Cand\u00e1s 365","description":"El Ayuntamiento de Carre\u00f1o ha informado en una nota de prensa de la ampliaci\u00f3n de horarios en la sala de estudios de la Biblioteca municipal.","inLanguage":"es-ES","isPartOf":{"@id":"https:\/\/candas365.es\/noticias\/#website"},"breadcrumb":{"@id":"https:\/\/candas365.es\/noticias\/ampliacion-de-horarios-para-estudiar-en-la-biblioteca-de-candas\/#breadcrumblist"},"author":{"@id":"https:\/\/candas365.es\/noticias\/author\/admin\/#author"},"creator":{"@id":"https:\/\/candas365.es\/noticias\/author\/admin\/#author"},"image":{"@type":"ImageObject","url":"https:\/\/candas365.es\/noticias\/wp-content\/uploads\/2024\/09\/Biblioteca-de-Candas-en-Carreno.jpg","@id":"https:\/\/candas365.es\/noticias\/ampliacion-de-horarios-para-estudiar-en-la-biblioteca-de-candas\/#mainImage","width":1109,"height":635,"caption":"Foto: Archivo Cand\u00e1s 365"},"primaryImageOfPage":{"@id":"https:\/\/candas365.es\/noticias\/ampliacion-de-horarios-para-estudiar-en-la-biblioteca-de-candas\/#mainImage"},"datePublished":"2024-09-27T12:04:56+02:00","dateModified":"2024-09-27T12:09:37+02:00"},{"@type":"WebSite","@id":"https:\/\/candas365.es\/noticias\/#website","url":"https:\/\/candas365.es\/noticias\/","name":"Cand\u00e1s 365","alternateName":"Cand\u00e1s 365 Noticias","description":"Actualidad desde Carre\u00f1o para el mundo","inLanguage":"es-ES","publisher":{"@id":"https:\/\/candas365.es\/noticias\/#organization"}}]},"og:locale":"es_ES","og:site_name":"Cand\u00e1s 365","og:type":"article","og:title":"Ampliaci\u00f3n de horarios para estudiar en la Biblioteca de Cand\u00e1s | Cand\u00e1s 365","og:description":"El Ayuntamiento de Carre\u00f1o ha informado en una nota de prensa de la ampliaci\u00f3n de horarios en la sala de estudios de la Biblioteca municipal.","og:url":"https:\/\/candas365.es\/noticias\/ampliacion-de-horarios-para-estudiar-en-la-biblioteca-de-candas\/","og:image":"https:\/\/candas365.es\/noticias\/wp-content\/uploads\/2024\/09\/Biblioteca-de-Candas-en-Carreno.jpg","og:image:secure_url":"https:\/\/candas365.es\/noticias\/wp-content\/uploads\/2024\/09\/Biblioteca-de-Candas-en-Carreno.jpg","og:image:width":1109,"og:image:height":635,"article:published_time":"2024-09-27T10:04:56+00:00","article:modified_time":"2024-09-27T10:09:37+00:00","article:publisher":"https:\/\/www.facebook.com\/Nachofdezber","article:author":"https:\/\/www.facebook.com\/carrenoactualidad","twitter:card":"summary_large_image","twitter:site":"@NabercoDigital","twitter:title":"Ampliaci\u00f3n de horarios para estudiar en la Biblioteca de Cand\u00e1s | Cand\u00e1s 365","twitter:description":"El Ayuntamiento de Carre\u00f1o ha informado en una nota de prensa de la ampliaci\u00f3n de horarios en la sala de estudios de la Biblioteca municipal.","twitter:creator":"@nbasturias","twitter:image":"https:\/\/candas365.es\/noticias\/wp-content\/uploads\/2024\/09\/Biblioteca-de-Candas-en-Carreno.jpg","twitter:label1":"Escrito por","twitter:data1":"Cand\u00e1s 365","twitter:label2":"Tiempo de lectura estimado","twitter:data2":"1 minuto"},"aioseo_meta_data":{"post_id":"183256","title":null,"description":"El Ayuntamiento de Carre\u00f1o ha informado en una nota de prensa de la ampliaci\u00f3n de horarios en la sala de estudios de la Biblioteca municipal.","keywords":null,"keyphrases":{"focus":{"keyphrase":"Biblioteca","score":100,"analysis":{"keyphraseInTitle":{"score":9,"maxScore":9,"error":0},"keyphraseInDescription":{"score":9,"maxScore":9,"error":0},"keyphraseLength":{"score":9,"maxScore":9,"error":0,"length":1},"keyphraseInURL":{"score":5,"maxScore":5,"error":0},"keyphraseInIntroduction":{"score":9,"maxScore":9,"error":0},"keyphraseInSubHeadings":[],"keyphraseInImageAlt":{"score":9,"maxScore":9,"error":0},"keywordDensity":{"type":"best","score":9,"maxScore":9,"error":0}}},"additional":[{"keyphrase":"Biblioteca","score":100,"analysis":{"keyphraseInDescription":{"score":9,"maxScore":9,"error":0},"keyphraseLength":{"score":9,"maxScore":9,"error":0,"length":1},"keyphraseInIntroduction":{"score":9,"maxScore":9,"error":0},"keyphraseInImageAlt":{"score":9,"maxScore":9,"error":0},"keywordDensity":{"type":"best","score":9,"maxScore":9,"error":0}}},{"keyphrase":"Cand\u00e1s","score":53,"analysis":{"keyphraseInDescription":{"score":3,"maxScore":9,"error":1},"keyphraseLength":{"score":9,"maxScore":9,"error":0,"length":2},"keyphraseInIntroduction":{"score":3,"maxScore":9,"error":1},"keyphraseInImageAlt":{"score":9,"maxScore":9,"error":0},"keywordDensity":{"score":0,"type":"low","maxScore":9,"error":1}}},{"keyphrase":"Carre\u00f1o","score":100,"analysis":{"keyphraseInDescription":{"score":9,"maxScore":9,"error":0},"keyphraseLength":{"score":9,"maxScore":9,"error":0,"length":2},"keyphraseInIntroduction":{"score":9,"maxScore":9,"error":0},"keyphraseInImageAlt":{"score":9,"maxScore":9,"error":0},"keywordDensity":{"type":"best","score":9,"maxScore":9,"error":0}}}]},"primary_term":null,"canonical_url":null,"og_title":null,"og_description":null,"og_object_type":"default","og_image_type":"default","og_image_url":null,"og_image_width":null,"og_image_height":null,"og_image_custom_url":null,"og_image_custom_fields":null,"og_video":"","og_custom_url":null,"og_article_section":null,"og_article_tags":null,"twitter_use_og":false,"twitter_card":"default","twitter_image_type":"default","twitter_image_url":null,"twitter_image_custom_url":null,"twitter_image_custom_fields":null,"twitter_title":null,"twitter_description":null,"schema":{"blockGraphs":[],"customGraphs":[],"default":{"data":{"Article":[],"Course":[],"Dataset":[],"FAQPage":[],"Movie":[],"Person":[],"Product":[],"ProductReview":[],"Car":[],"Recipe":[],"Service":[],"SoftwareApplication":[],"WebPage":[]},"graphName":"Article","isEnabled":true},"graphs":[]},"schema_type":"default","schema_type_options":null,"pillar_content":false,"robots_default":true,"robots_noindex":false,"robots_noarchive":false,"robots_nosnippet":false,"robots_nofollow":false,"robots_noimageindex":false,"robots_noodp":false,"robots_notranslate":false,"robots_max_snippet":"-1","robots_max_videopreview":"-1","robots_max_imagepreview":"large","priority":null,"frequency":"default","location":null,"local_seo":null,"seo_analyzer_scan_date":"2025-09-02 14:28:17","breadcrumb_settings":null,"limit_modified_date":false,"reviewed_by":null,"open_ai":"{\"title\":{\"suggestions\":[],\"usage\":0},\"description\":{\"suggestions\":[],\"usage\":0}}","ai":null,"created":"2024-09-27 09:52:00","updated":"2025-09-02 14:28:17"},"aioseo_breadcrumb":"<div class=\"aioseo-breadcrumbs\"><span class=\"aioseo-breadcrumb\">\n\t<a href=\"https:\/\/candas365.es\/noticias\" title=\"Home\">Home<\/a>\n<\/span><span class=\"aioseo-breadcrumb-separator\">&ndash;<\/span><span class=\"aioseo-breadcrumb\">\n\t<a href=\"https:\/\/candas365.es\/noticias\/category\/noticias-carreno\/\" title=\"Noticias Carre\u00f1o\">Noticias Carre\u00f1o<\/a>\n<\/span><span class=\"aioseo-breadcrumb-separator\">&ndash;<\/span><span class=\"aioseo-breadcrumb\">\n\tAmpliaci\u00f3n de horarios para estudiar en la Biblioteca de Cand\u00e1s\n<\/span><\/div>","aioseo_breadcrumb_json":[{"label":"Home","link":"https:\/\/candas365.es\/noticias"},{"label":"Noticias Carre\u00f1o","link":"https:\/\/candas365.es\/noticias\/category\/noticias-carreno\/"},{"label":"Ampliaci\u00f3n de horarios para estudiar en la Biblioteca de Cand\u00e1s","link":"https:\/\/candas365.es\/noticias\/ampliacion-de-horarios-para-estudiar-en-la-biblioteca-de-candas\/"}],"_links":{"self":[{"href":"https:\/\/candas365.es\/noticias\/wp-json\/wp\/v2\/posts\/183256","targetHints":{"allow":["GET"]}}],"collection":[{"href":"https:\/\/candas365.es\/noticias\/wp-json\/wp\/v2\/posts"}],"about":[{"href":"https:\/\/candas365.es\/noticias\/wp-json\/wp\/v2\/types\/post"}],"author":[{"embeddable":true,"href":"https:\/\/candas365.es\/noticias\/wp-json\/wp\/v2\/users\/1"}],"replies":[{"embeddable":true,"href":"https:\/\/candas365.es\/noticias\/wp-json\/wp\/v2\/comments?post=183256"}],"version-history":[{"count":0,"href":"https:\/\/candas365.es\/noticias\/wp-json\/wp\/v2\/posts\/183256\/revisions"}],"wp:featuredmedia":[{"embeddable":true,"href":"https:\/\/candas365.es\/noticias\/wp-json\/wp\/v2\/media\/183257"}],"wp:attachment":[{"href":"https:\/\/candas365.es\/noticias\/wp-json\/wp\/v2\/media?parent=183256"}],"wp:term":[{"taxonomy":"category","embeddable":true,"href":"https:\/\/candas365.es\/noticias\/wp-json\/wp\/v2\/categories?post=183256"},{"taxonomy":"post_tag","embeddable":true,"href":"https:\/\/candas365.es\/noticias\/wp-json\/wp\/v2\/tags?post=183256"}],"curies":[{"name":"wp","href":"https:\/\/api.w.org\/{rel}","templated":true}]}}