{"id":183096,"date":"2024-09-16T11:31:47","date_gmt":"2024-09-16T09:31:47","guid":{"rendered":"https:\/\/candas365.es\/noticias\/?p=183096"},"modified":"2024-09-16T11:32:16","modified_gmt":"2024-09-16T09:32:16","slug":"son-saludables-las-meriendas-de-los-escolares","status":"publish","type":"post","link":"https:\/\/candas365.es\/noticias\/son-saludables-las-meriendas-de-los-escolares\/","title":{"rendered":"\u00bfSon saludables las meriendas de los escolares?"},"content":{"rendered":"<p>Un estudio publicado recientemente afirma que <strong>una de cuatro meriendas escolares son poco saludables<\/strong>, con abundancia de az\u00facares y productos ultraprocesados.<\/p>\n<figure id=\"attachment_183097\" aria-describedby=\"caption-attachment-183097\" style=\"width: 650px\" class=\"wp-caption aligncenter\"><img fetchpriority=\"high\" decoding=\"async\" class=\"size-large wp-image-183097\" src=\"https:\/\/candas365.es\/noticias\/wp-content\/uploads\/2024\/09\/meriendas-650x440.jpg\" alt=\"meriendas\" width=\"650\" height=\"440\" srcset=\"https:\/\/candas365.es\/noticias\/wp-content\/uploads\/2024\/09\/meriendas-650x440.jpg 650w, https:\/\/candas365.es\/noticias\/wp-content\/uploads\/2024\/09\/meriendas-360x244.jpg 360w, https:\/\/candas365.es\/noticias\/wp-content\/uploads\/2024\/09\/meriendas-768x520.jpg 768w, https:\/\/candas365.es\/noticias\/wp-content\/uploads\/2024\/09\/meriendas-150x102.jpg 150w, https:\/\/candas365.es\/noticias\/wp-content\/uploads\/2024\/09\/meriendas-450x305.jpg 450w, https:\/\/candas365.es\/noticias\/wp-content\/uploads\/2024\/09\/meriendas.jpg 977w\" sizes=\"(max-width: 650px) 100vw, 650px\" \/><figcaption id=\"caption-attachment-183097\" class=\"wp-caption-text\">Un ni\u00f1o toma crema de cacao | Foto de 123RF\/lightfieldstudios<\/figcaption><\/figure>\n<p>Una investigaci\u00f3n concluye que los escolares en Catalu\u00f1a toman meriendas poco saludables, con abundancia de az\u00facares y productos ultraprocesados. Los resultados est\u00e1n en consonancia con los registrados por otros estudios en el resto de <a href=\"https:\/\/candas365.es\/noticias\/category\/actualidad\/\"><span style=\"color: #ff6600;\"><strong>Espa\u00f1a<\/strong><\/span><\/a> y en otros pa\u00edses desarrollados, ya que s\u00f3lo el 22% de las meriendas se considera saludable y acorde a las recomendaciones de las autoridades sanitarias.<\/p>\n<p>As\u00ed lo recoge un estudio liderado desde el grupo de investigaci\u00f3n FoodLab de la Universitat Oberta de Catalunya (UOC) en colaboraci\u00f3n con la Agencia de Salud P\u00fablica de Catalu\u00f1a, de la Generalitat de Catalunya, y publicado en abierto en la revista &#8216;Nutrients&#8217; sobre las meriendas de los ni\u00f1os en edad escolar en Catalu\u00f1a.<\/p>\n<p>Tras analizar 2.163 meriendas de 734 familias catalanas con ni\u00f1os y ni\u00f1as de 3 a 12 a\u00f1os, el estudio concluy\u00f3 que el 42% consist\u00eda en bocadillos, seguidos de boller\u00eda (24%), fruta (14%) y una combinaci\u00f3n de fruta y boller\u00eda (6%). De las meriendas registradas, solo el 22% pod\u00eda considerarse saludable y cumpl\u00eda las recomendaciones de las autoridades sanitarias y los expertos en nutrici\u00f3n infantil. Adem\u00e1s, a medida que aumenta la edad de los escolares, la calidad nutricional de las meriendas baja.<\/p>\n<p>\u00abAunque en esta investigaci\u00f3n no hemos estudiado los efectos de estas dietas, la evidencia cient\u00edfica nos informa que un desequilibrio nutricional recurrente en el tiempo puede tener consecuencias para la salud a corto y largo plazo, as\u00ed como afectar el crecimiento y el desarrollo\u00bb, explic\u00f3 Nadia San Onofre, investigadora de FoodLab y profesora de los Estudios de Ciencias de la Salud de la UOC. \u00abEs esencial desarrollar programas de educaci\u00f3n alimentaria para mejorar la calidad de la merienda desde la primera infancia y considerarla una oportunidad para ajustar las necesidades diet\u00e9ticas diarias de los ni\u00f1os y ni\u00f1as de Espa\u00f1a\u00bb, a\u00f1adi\u00f3.<\/p>\n<p>Seg\u00fan los investigadores de la UOC, en el \u00e1mbito internacional, estudios similares se\u00f1alan las mismas tendencias. Por ejemplo, una investigaci\u00f3n publicada en 2018 sobre las meriendas de estudiantes de entre 4 y 13 a\u00f1os en Australia, China, M\u00e9xico y Estados Unidos encontr\u00f3 diferencias en la frecuencia de consumo, as\u00ed como en el aporte energ\u00e9tico y nutricional de las ingestas, aunque en general detect\u00f3 una presencia elevada de az\u00facares a\u00f1adidos y grasas saturadas en las meriendas de los menores.<\/p>\n<p>La Organizaci\u00f3n Mundial de la Salud (OMS) lleva a\u00f1os dando la voz de alarma ante el aumento sostenido del sobrepeso y la obesidad infantil en todo el mundo. En 2022, m\u00e1s de 390 millones de ni\u00f1os y adolescentes de entre 5 y 19 a\u00f1os y 37 millones de menores de 5 a\u00f1os ten\u00edan sobrepeso. Seg\u00fan la OMS, el sobrepeso en la infancia y la adolescencia se asocia a un mayor riesgo de contraer, de manera precoz, enfermedades como la diabetes de tipo 2 y enfermedades cardiovasculares. Adem\u00e1s, tiene consecuencias psicosociales adversas y afecta al rendimiento escolar y a la calidad de vida.<\/p>\n<p>(<a href=\"https:\/\/www.servimedia.es\/\" target=\"_blank\" rel=\"noopener\"><span style=\"color: #ff6600;\"><strong>SERVIMEDIA<\/strong><\/span><\/a>)<\/p>\n","protected":false},"excerpt":{"rendered":"<p>Un estudio publicado recientemente afirma que una de cuatro meriendas escolares son poco saludables, con abundancia de az\u00facares y productos ultraprocesados. Una investigaci\u00f3n concluye que los escolares en Catalu\u00f1a toman meriendas poco saludables, con abundancia de az\u00facares y productos ultraprocesados. Los resultados est\u00e1n en consonancia con los registrados por otros estudios en el resto de<\/p>\n","protected":false},"author":1,"featured_media":183097,"comment_status":"closed","ping_status":"closed","sticky":false,"template":"","format":"standard","meta":{"footnotes":""},"categories":[372],"tags":[378],"class_list":{"0":"post-183096","1":"post","2":"type-post","3":"status-publish","4":"format-standard","5":"has-post-thumbnail","7":"category-salud","8":"tag-salud"},"aioseo_notices":[],"aioseo_head":"\n\t\t<!-- All in One SEO Pro 4.9.6.2 - aioseo.com -->\n\t<meta name=\"description\" content=\"Un estudio publicado recientemente afirma que una de cuatro meriendas escolares son poco saludables, con abundancia de az\u00facares y productos ultraprocesados.\" \/>\n\t<meta name=\"robots\" content=\"max-image-preview:large\" \/>\n\t<meta name=\"author\" content=\"Cand\u00e1s 365\"\/>\n\t<meta name=\"google-site-verification\" content=\"UA-32230408-1\" \/>\n\t<meta name=\"msvalidate.01\" content=\"354F3CDFB2DA171B47FBE9ABF1F88D5\" \/>\n\t<meta name=\"keywords\" content=\"salud\" \/>\n\t<link rel=\"canonical\" href=\"https:\/\/candas365.es\/noticias\/son-saludables-las-meriendas-de-los-escolares\/\" \/>\n\t<meta name=\"generator\" content=\"All in One SEO Pro (AIOSEO) 4.9.6.2\" \/>\n\t\t<meta property=\"og:locale\" content=\"es_ES\" \/>\n\t\t<meta property=\"og:site_name\" content=\"Cand\u00e1s 365\" \/>\n\t\t<meta property=\"og:type\" content=\"article\" \/>\n\t\t<meta property=\"og:title\" content=\"\u00bfSon saludables las meriendas de los escolares? | Cand\u00e1s 365\" \/>\n\t\t<meta property=\"og:description\" content=\"Un estudio publicado recientemente afirma que una de cuatro meriendas escolares son poco saludables, con abundancia de az\u00facares y productos ultraprocesados.\" \/>\n\t\t<meta property=\"og:url\" content=\"https:\/\/candas365.es\/noticias\/son-saludables-las-meriendas-de-los-escolares\/\" \/>\n\t\t<meta property=\"og:image\" content=\"https:\/\/candas365.es\/noticias\/wp-content\/uploads\/2024\/09\/meriendas.jpg\" \/>\n\t\t<meta property=\"og:image:secure_url\" content=\"https:\/\/candas365.es\/noticias\/wp-content\/uploads\/2024\/09\/meriendas.jpg\" \/>\n\t\t<meta property=\"og:image:width\" content=\"977\" \/>\n\t\t<meta property=\"og:image:height\" content=\"662\" \/>\n\t\t<meta property=\"article:published_time\" content=\"2024-09-16T09:31:47+00:00\" \/>\n\t\t<meta property=\"article:modified_time\" content=\"2024-09-16T09:32:16+00:00\" \/>\n\t\t<meta property=\"article:publisher\" content=\"https:\/\/www.facebook.com\/Nachofdezber\" \/>\n\t\t<meta property=\"article:author\" content=\"https:\/\/www.facebook.com\/carrenoactualidad\" \/>\n\t\t<meta name=\"twitter:card\" content=\"summary_large_image\" \/>\n\t\t<meta name=\"twitter:site\" content=\"@NabercoDigital\" \/>\n\t\t<meta name=\"twitter:title\" content=\"\u00bfSon saludables las meriendas de los escolares? | Cand\u00e1s 365\" \/>\n\t\t<meta name=\"twitter:description\" content=\"Un estudio publicado recientemente afirma que una de cuatro meriendas escolares son poco saludables, con abundancia de az\u00facares y productos ultraprocesados.\" \/>\n\t\t<meta name=\"twitter:creator\" content=\"@nbasturias\" \/>\n\t\t<meta name=\"twitter:image\" content=\"https:\/\/candas365.es\/noticias\/wp-content\/uploads\/2024\/09\/meriendas.jpg\" \/>\n\t\t<meta name=\"twitter:label1\" content=\"Escrito por\" \/>\n\t\t<meta name=\"twitter:data1\" content=\"Cand\u00e1s 365\" \/>\n\t\t<meta name=\"twitter:label2\" content=\"Tiempo de lectura estimado\" \/>\n\t\t<meta name=\"twitter:data2\" content=\"3 minutos\" \/>\n\t\t<script type=\"application\/ld+json\" class=\"aioseo-schema\">\n\t\t\t{\"@context\":\"https:\\\/\\\/schema.org\",\"@graph\":[{\"@type\":\"BreadcrumbList\",\"@id\":\"https:\\\/\\\/candas365.es\\\/noticias\\\/son-saludables-las-meriendas-de-los-escolares\\\/#breadcrumblist\",\"itemListElement\":[{\"@type\":\"ListItem\",\"@id\":\"https:\\\/\\\/candas365.es\\\/noticias#listItem\",\"position\":1,\"name\":\"Home\",\"item\":\"https:\\\/\\\/candas365.es\\\/noticias\",\"nextItem\":{\"@type\":\"ListItem\",\"@id\":\"https:\\\/\\\/candas365.es\\\/noticias\\\/category\\\/salud\\\/#listItem\",\"name\":\"Salud\"}},{\"@type\":\"ListItem\",\"@id\":\"https:\\\/\\\/candas365.es\\\/noticias\\\/category\\\/salud\\\/#listItem\",\"position\":2,\"name\":\"Salud\",\"item\":\"https:\\\/\\\/candas365.es\\\/noticias\\\/category\\\/salud\\\/\",\"nextItem\":{\"@type\":\"ListItem\",\"@id\":\"https:\\\/\\\/candas365.es\\\/noticias\\\/son-saludables-las-meriendas-de-los-escolares\\\/#listItem\",\"name\":\"\\u00bfSon saludables las meriendas de los escolares?\"},\"previousItem\":{\"@type\":\"ListItem\",\"@id\":\"https:\\\/\\\/candas365.es\\\/noticias#listItem\",\"name\":\"Home\"}},{\"@type\":\"ListItem\",\"@id\":\"https:\\\/\\\/candas365.es\\\/noticias\\\/son-saludables-las-meriendas-de-los-escolares\\\/#listItem\",\"position\":3,\"name\":\"\\u00bfSon saludables las meriendas de los escolares?\",\"previousItem\":{\"@type\":\"ListItem\",\"@id\":\"https:\\\/\\\/candas365.es\\\/noticias\\\/category\\\/salud\\\/#listItem\",\"name\":\"Salud\"}}]},{\"@type\":\"NewsArticle\",\"@id\":\"https:\\\/\\\/candas365.es\\\/noticias\\\/son-saludables-las-meriendas-de-los-escolares\\\/#newsarticle\",\"name\":\"\\u00bfSon saludables las meriendas de los escolares? | Cand\\u00e1s 365\",\"headline\":\"\\u00bfSon saludables las meriendas de los escolares?\",\"author\":{\"@id\":\"https:\\\/\\\/candas365.es\\\/noticias\\\/author\\\/admin\\\/#author\"},\"publisher\":{\"@id\":\"https:\\\/\\\/candas365.es\\\/noticias\\\/#organization\"},\"image\":{\"@type\":\"ImageObject\",\"url\":\"https:\\\/\\\/candas365.es\\\/noticias\\\/wp-content\\\/uploads\\\/2024\\\/09\\\/meriendas.jpg\",\"width\":977,\"height\":662,\"caption\":\"Un ni\\u00f1o toma crema de cacao | Foto de 123RF\\\/lightfieldstudios\"},\"datePublished\":\"2024-09-16T11:31:47+02:00\",\"dateModified\":\"2024-09-16T11:32:16+02:00\",\"inLanguage\":\"es-ES\",\"mainEntityOfPage\":{\"@id\":\"https:\\\/\\\/candas365.es\\\/noticias\\\/son-saludables-las-meriendas-de-los-escolares\\\/#webpage\"},\"isPartOf\":{\"@id\":\"https:\\\/\\\/candas365.es\\\/noticias\\\/son-saludables-las-meriendas-de-los-escolares\\\/#webpage\"},\"articleSection\":\"Salud, Salud\",\"dateline\":\"Publicado el septiembre 16, 2024.\"},{\"@type\":\"Organization\",\"@id\":\"https:\\\/\\\/candas365.es\\\/noticias\\\/#organization\",\"name\":\"Cand\\u00e1s 365\",\"description\":\"Cand\\u00e1s 365 es un diario digital independiente, fundado en 2012, con base en Asturias. Informamos con rigor sobre actualidad, sociedad, cultura y ocio, con una mirada local y global.\",\"url\":\"https:\\\/\\\/candas365.es\\\/noticias\\\/\",\"email\":\"info@candas365.es\",\"telephone\":\"+34652131393\",\"foundingDate\":\"2012-06-10\",\"logo\":{\"@type\":\"ImageObject\",\"url\":\"https:\\\/\\\/candas365.es\\\/noticias\\\/wp-content\\\/uploads\\\/2024\\\/09\\\/Candas-365-Redes.jpg\",\"@id\":\"https:\\\/\\\/candas365.es\\\/noticias\\\/son-saludables-las-meriendas-de-los-escolares\\\/#organizationLogo\",\"width\":1152,\"height\":864,\"caption\":\"Cand\\u00e1s 365 Redes\"},\"image\":{\"@id\":\"https:\\\/\\\/candas365.es\\\/noticias\\\/son-saludables-las-meriendas-de-los-escolares\\\/#organizationLogo\"},\"sameAs\":[\"https:\\\/\\\/www.facebook.com\\\/Nachofdezber\",\"https:\\\/\\\/x.com\\\/NabercoDigital\",\"https:\\\/\\\/www.instagram.com\\\/nachofdezber\\\/\",\"https:\\\/\\\/www.youtube.com\\\/channel\\\/UCZP-2wLEB9Rv6erhFmqVnvg\"],\"address\":{\"@id\":\"https:\\\/\\\/candas365.es\\\/noticias\\\/#postaladdress\",\"@type\":\"PostalAddress\",\"streetAddress\":\"san antonio 4, san antonio 4\",\"postalCode\":\"33430\",\"addressLocality\":\"Cand\\u00e1s\",\"addressRegion\":\"Asturias\",\"addressCountry\":\"ES\"}},{\"@type\":\"Person\",\"@id\":\"https:\\\/\\\/candas365.es\\\/noticias\\\/author\\\/admin\\\/#author\",\"url\":\"https:\\\/\\\/candas365.es\\\/noticias\\\/author\\\/admin\\\/\",\"name\":\"Cand\\u00e1s 365\",\"image\":{\"@type\":\"ImageObject\",\"@id\":\"https:\\\/\\\/candas365.es\\\/noticias\\\/son-saludables-las-meriendas-de-los-escolares\\\/#authorImage\",\"url\":\"https:\\\/\\\/secure.gravatar.com\\\/avatar\\\/496a8e03d0c493ede1718b7934145dbdf8d89be1036b0eec9544e1094c9de390?s=96&d=mm&r=g\",\"width\":96,\"height\":96,\"caption\":\"Cand\\u00e1s 365\"},\"sameAs\":[\"https:\\\/\\\/www.facebook.com\\\/carrenoactualidad\",\"https:\\\/\\\/twitter.com\\\/nbasturias\",\"https:\\\/\\\/www.instagram.com\\\/nachofdezber\\\/\",\"https:\\\/\\\/www.youtube.com\\\/channel\\\/UCZP-2wLEB9Rv6erhFmqVnvg\"]},{\"@type\":\"WebPage\",\"@id\":\"https:\\\/\\\/candas365.es\\\/noticias\\\/son-saludables-las-meriendas-de-los-escolares\\\/#webpage\",\"url\":\"https:\\\/\\\/candas365.es\\\/noticias\\\/son-saludables-las-meriendas-de-los-escolares\\\/\",\"name\":\"\\u00bfSon saludables las meriendas de los escolares? | Cand\\u00e1s 365\",\"description\":\"Un estudio publicado recientemente afirma que una de cuatro meriendas escolares son poco saludables, con abundancia de az\\u00facares y productos ultraprocesados.\",\"inLanguage\":\"es-ES\",\"isPartOf\":{\"@id\":\"https:\\\/\\\/candas365.es\\\/noticias\\\/#website\"},\"breadcrumb\":{\"@id\":\"https:\\\/\\\/candas365.es\\\/noticias\\\/son-saludables-las-meriendas-de-los-escolares\\\/#breadcrumblist\"},\"author\":{\"@id\":\"https:\\\/\\\/candas365.es\\\/noticias\\\/author\\\/admin\\\/#author\"},\"creator\":{\"@id\":\"https:\\\/\\\/candas365.es\\\/noticias\\\/author\\\/admin\\\/#author\"},\"image\":{\"@type\":\"ImageObject\",\"url\":\"https:\\\/\\\/candas365.es\\\/noticias\\\/wp-content\\\/uploads\\\/2024\\\/09\\\/meriendas.jpg\",\"@id\":\"https:\\\/\\\/candas365.es\\\/noticias\\\/son-saludables-las-meriendas-de-los-escolares\\\/#mainImage\",\"width\":977,\"height\":662,\"caption\":\"Un ni\\u00f1o toma crema de cacao | Foto de 123RF\\\/lightfieldstudios\"},\"primaryImageOfPage\":{\"@id\":\"https:\\\/\\\/candas365.es\\\/noticias\\\/son-saludables-las-meriendas-de-los-escolares\\\/#mainImage\"},\"datePublished\":\"2024-09-16T11:31:47+02:00\",\"dateModified\":\"2024-09-16T11:32:16+02:00\"},{\"@type\":\"WebSite\",\"@id\":\"https:\\\/\\\/candas365.es\\\/noticias\\\/#website\",\"url\":\"https:\\\/\\\/candas365.es\\\/noticias\\\/\",\"name\":\"Cand\\u00e1s 365\",\"alternateName\":\"Cand\\u00e1s 365 Noticias\",\"description\":\"Actualidad desde Carre\\u00f1o para el mundo\",\"inLanguage\":\"es-ES\",\"publisher\":{\"@id\":\"https:\\\/\\\/candas365.es\\\/noticias\\\/#organization\"}}]}\n\t\t<\/script>\n\t\t<!-- All in One SEO Pro -->\r\n\t\t<title>\u00bfSon saludables las meriendas de los escolares? | Cand\u00e1s 365<\/title>\n\n","aioseo_head_json":{"title":"\u00bfSon saludables las meriendas de los escolares? | Cand\u00e1s 365","description":"Un estudio publicado recientemente afirma que una de cuatro meriendas escolares son poco saludables, con abundancia de az\u00facares y productos ultraprocesados.","canonical_url":"https:\/\/candas365.es\/noticias\/son-saludables-las-meriendas-de-los-escolares\/","robots":"max-image-preview:large","keywords":"salud","webmasterTools":{"google-site-verification":"UA-32230408-1","msvalidate.01":"354F3CDFB2DA171B47FBE9ABF1F88D5","miscellaneous":""},"schema":{"@context":"https:\/\/schema.org","@graph":[{"@type":"BreadcrumbList","@id":"https:\/\/candas365.es\/noticias\/son-saludables-las-meriendas-de-los-escolares\/#breadcrumblist","itemListElement":[{"@type":"ListItem","@id":"https:\/\/candas365.es\/noticias#listItem","position":1,"name":"Home","item":"https:\/\/candas365.es\/noticias","nextItem":{"@type":"ListItem","@id":"https:\/\/candas365.es\/noticias\/category\/salud\/#listItem","name":"Salud"}},{"@type":"ListItem","@id":"https:\/\/candas365.es\/noticias\/category\/salud\/#listItem","position":2,"name":"Salud","item":"https:\/\/candas365.es\/noticias\/category\/salud\/","nextItem":{"@type":"ListItem","@id":"https:\/\/candas365.es\/noticias\/son-saludables-las-meriendas-de-los-escolares\/#listItem","name":"\u00bfSon saludables las meriendas de los escolares?"},"previousItem":{"@type":"ListItem","@id":"https:\/\/candas365.es\/noticias#listItem","name":"Home"}},{"@type":"ListItem","@id":"https:\/\/candas365.es\/noticias\/son-saludables-las-meriendas-de-los-escolares\/#listItem","position":3,"name":"\u00bfSon saludables las meriendas de los escolares?","previousItem":{"@type":"ListItem","@id":"https:\/\/candas365.es\/noticias\/category\/salud\/#listItem","name":"Salud"}}]},{"@type":"NewsArticle","@id":"https:\/\/candas365.es\/noticias\/son-saludables-las-meriendas-de-los-escolares\/#newsarticle","name":"\u00bfSon saludables las meriendas de los escolares? | Cand\u00e1s 365","headline":"\u00bfSon saludables las meriendas de los escolares?","author":{"@id":"https:\/\/candas365.es\/noticias\/author\/admin\/#author"},"publisher":{"@id":"https:\/\/candas365.es\/noticias\/#organization"},"image":{"@type":"ImageObject","url":"https:\/\/candas365.es\/noticias\/wp-content\/uploads\/2024\/09\/meriendas.jpg","width":977,"height":662,"caption":"Un ni\u00f1o toma crema de cacao | Foto de 123RF\/lightfieldstudios"},"datePublished":"2024-09-16T11:31:47+02:00","dateModified":"2024-09-16T11:32:16+02:00","inLanguage":"es-ES","mainEntityOfPage":{"@id":"https:\/\/candas365.es\/noticias\/son-saludables-las-meriendas-de-los-escolares\/#webpage"},"isPartOf":{"@id":"https:\/\/candas365.es\/noticias\/son-saludables-las-meriendas-de-los-escolares\/#webpage"},"articleSection":"Salud, Salud","dateline":"Publicado el septiembre 16, 2024."},{"@type":"Organization","@id":"https:\/\/candas365.es\/noticias\/#organization","name":"Cand\u00e1s 365","description":"Cand\u00e1s 365 es un diario digital independiente, fundado en 2012, con base en Asturias. Informamos con rigor sobre actualidad, sociedad, cultura y ocio, con una mirada local y global.","url":"https:\/\/candas365.es\/noticias\/","email":"info@candas365.es","telephone":"+34652131393","foundingDate":"2012-06-10","logo":{"@type":"ImageObject","url":"https:\/\/candas365.es\/noticias\/wp-content\/uploads\/2024\/09\/Candas-365-Redes.jpg","@id":"https:\/\/candas365.es\/noticias\/son-saludables-las-meriendas-de-los-escolares\/#organizationLogo","width":1152,"height":864,"caption":"Cand\u00e1s 365 Redes"},"image":{"@id":"https:\/\/candas365.es\/noticias\/son-saludables-las-meriendas-de-los-escolares\/#organizationLogo"},"sameAs":["https:\/\/www.facebook.com\/Nachofdezber","https:\/\/x.com\/NabercoDigital","https:\/\/www.instagram.com\/nachofdezber\/","https:\/\/www.youtube.com\/channel\/UCZP-2wLEB9Rv6erhFmqVnvg"],"address":{"@id":"https:\/\/candas365.es\/noticias\/#postaladdress","@type":"PostalAddress","streetAddress":"san antonio 4, san antonio 4","postalCode":"33430","addressLocality":"Cand\u00e1s","addressRegion":"Asturias","addressCountry":"ES"}},{"@type":"Person","@id":"https:\/\/candas365.es\/noticias\/author\/admin\/#author","url":"https:\/\/candas365.es\/noticias\/author\/admin\/","name":"Cand\u00e1s 365","image":{"@type":"ImageObject","@id":"https:\/\/candas365.es\/noticias\/son-saludables-las-meriendas-de-los-escolares\/#authorImage","url":"https:\/\/secure.gravatar.com\/avatar\/496a8e03d0c493ede1718b7934145dbdf8d89be1036b0eec9544e1094c9de390?s=96&d=mm&r=g","width":96,"height":96,"caption":"Cand\u00e1s 365"},"sameAs":["https:\/\/www.facebook.com\/carrenoactualidad","https:\/\/twitter.com\/nbasturias","https:\/\/www.instagram.com\/nachofdezber\/","https:\/\/www.youtube.com\/channel\/UCZP-2wLEB9Rv6erhFmqVnvg"]},{"@type":"WebPage","@id":"https:\/\/candas365.es\/noticias\/son-saludables-las-meriendas-de-los-escolares\/#webpage","url":"https:\/\/candas365.es\/noticias\/son-saludables-las-meriendas-de-los-escolares\/","name":"\u00bfSon saludables las meriendas de los escolares? | Cand\u00e1s 365","description":"Un estudio publicado recientemente afirma que una de cuatro meriendas escolares son poco saludables, con abundancia de az\u00facares y productos ultraprocesados.","inLanguage":"es-ES","isPartOf":{"@id":"https:\/\/candas365.es\/noticias\/#website"},"breadcrumb":{"@id":"https:\/\/candas365.es\/noticias\/son-saludables-las-meriendas-de-los-escolares\/#breadcrumblist"},"author":{"@id":"https:\/\/candas365.es\/noticias\/author\/admin\/#author"},"creator":{"@id":"https:\/\/candas365.es\/noticias\/author\/admin\/#author"},"image":{"@type":"ImageObject","url":"https:\/\/candas365.es\/noticias\/wp-content\/uploads\/2024\/09\/meriendas.jpg","@id":"https:\/\/candas365.es\/noticias\/son-saludables-las-meriendas-de-los-escolares\/#mainImage","width":977,"height":662,"caption":"Un ni\u00f1o toma crema de cacao | Foto de 123RF\/lightfieldstudios"},"primaryImageOfPage":{"@id":"https:\/\/candas365.es\/noticias\/son-saludables-las-meriendas-de-los-escolares\/#mainImage"},"datePublished":"2024-09-16T11:31:47+02:00","dateModified":"2024-09-16T11:32:16+02:00"},{"@type":"WebSite","@id":"https:\/\/candas365.es\/noticias\/#website","url":"https:\/\/candas365.es\/noticias\/","name":"Cand\u00e1s 365","alternateName":"Cand\u00e1s 365 Noticias","description":"Actualidad desde Carre\u00f1o para el mundo","inLanguage":"es-ES","publisher":{"@id":"https:\/\/candas365.es\/noticias\/#organization"}}]},"og:locale":"es_ES","og:site_name":"Cand\u00e1s 365","og:type":"article","og:title":"\u00bfSon saludables las meriendas de los escolares? | Cand\u00e1s 365","og:description":"Un estudio publicado recientemente afirma que una de cuatro meriendas escolares son poco saludables, con abundancia de az\u00facares y productos ultraprocesados.","og:url":"https:\/\/candas365.es\/noticias\/son-saludables-las-meriendas-de-los-escolares\/","og:image":"https:\/\/candas365.es\/noticias\/wp-content\/uploads\/2024\/09\/meriendas.jpg","og:image:secure_url":"https:\/\/candas365.es\/noticias\/wp-content\/uploads\/2024\/09\/meriendas.jpg","og:image:width":977,"og:image:height":662,"article:published_time":"2024-09-16T09:31:47+00:00","article:modified_time":"2024-09-16T09:32:16+00:00","article:publisher":"https:\/\/www.facebook.com\/Nachofdezber","article:author":"https:\/\/www.facebook.com\/carrenoactualidad","twitter:card":"summary_large_image","twitter:site":"@NabercoDigital","twitter:title":"\u00bfSon saludables las meriendas de los escolares? | Cand\u00e1s 365","twitter:description":"Un estudio publicado recientemente afirma que una de cuatro meriendas escolares son poco saludables, con abundancia de az\u00facares y productos ultraprocesados.","twitter:creator":"@nbasturias","twitter:image":"https:\/\/candas365.es\/noticias\/wp-content\/uploads\/2024\/09\/meriendas.jpg","twitter:label1":"Escrito por","twitter:data1":"Cand\u00e1s 365","twitter:label2":"Tiempo de lectura estimado","twitter:data2":"3 minutos"},"aioseo_meta_data":{"post_id":"183096","title":null,"description":"Un estudio publicado recientemente afirma que una de cuatro meriendas escolares son poco saludables, con abundancia de az\u00facares y productos ultraprocesados.","keywords":null,"keyphrases":{"focus":{"keyphrase":"meriendas","score":100,"analysis":{"keyphraseInTitle":{"score":9,"maxScore":9,"error":0},"keyphraseInDescription":{"score":9,"maxScore":9,"error":0},"keyphraseLength":{"score":9,"maxScore":9,"error":0,"length":1},"keyphraseInURL":{"score":5,"maxScore":5,"error":0},"keyphraseInIntroduction":{"score":9,"maxScore":9,"error":0},"keyphraseInSubHeadings":[],"keyphraseInImageAlt":{"score":9,"maxScore":9,"error":0},"keywordDensity":{"type":"best","score":9,"maxScore":9,"error":0}}},"additional":[{"keyphrase":"meriendas","score":100,"analysis":{"keyphraseInDescription":{"score":9,"maxScore":9,"error":0},"keyphraseLength":{"score":9,"maxScore":9,"error":0,"length":1},"keyphraseInIntroduction":{"score":9,"maxScore":9,"error":0},"keyphraseInImageAlt":{"score":9,"maxScore":9,"error":0},"keywordDensity":{"type":"best","score":9,"maxScore":9,"error":0}}}]},"primary_term":null,"canonical_url":null,"og_title":null,"og_description":null,"og_object_type":"default","og_image_type":"default","og_image_url":null,"og_image_width":null,"og_image_height":null,"og_image_custom_url":null,"og_image_custom_fields":null,"og_video":"","og_custom_url":null,"og_article_section":null,"og_article_tags":null,"twitter_use_og":false,"twitter_card":"default","twitter_image_type":"default","twitter_image_url":null,"twitter_image_custom_url":null,"twitter_image_custom_fields":null,"twitter_title":null,"twitter_description":null,"schema":{"blockGraphs":[],"customGraphs":[],"default":{"data":{"Article":[],"Course":[],"Dataset":[],"FAQPage":[],"Movie":[],"Person":[],"Product":[],"ProductReview":[],"Car":[],"Recipe":[],"Service":[],"SoftwareApplication":[],"WebPage":[]},"graphName":"Article","isEnabled":true},"graphs":[]},"schema_type":"default","schema_type_options":null,"pillar_content":false,"robots_default":true,"robots_noindex":false,"robots_noarchive":false,"robots_nosnippet":false,"robots_nofollow":false,"robots_noimageindex":false,"robots_noodp":false,"robots_notranslate":false,"robots_max_snippet":"-1","robots_max_videopreview":"-1","robots_max_imagepreview":"large","priority":null,"frequency":"default","location":null,"local_seo":null,"seo_analyzer_scan_date":"2025-09-02 14:10:16","breadcrumb_settings":null,"limit_modified_date":false,"reviewed_by":null,"open_ai":"{\"title\":{\"suggestions\":[],\"usage\":0},\"description\":{\"suggestions\":[],\"usage\":0}}","ai":null,"created":"2024-09-16 09:21:15","updated":"2025-09-02 14:10:16"},"aioseo_breadcrumb":"<div class=\"aioseo-breadcrumbs\"><span class=\"aioseo-breadcrumb\">\n\t<a href=\"https:\/\/candas365.es\/noticias\" title=\"Home\">Home<\/a>\n<\/span><span class=\"aioseo-breadcrumb-separator\">&ndash;<\/span><span class=\"aioseo-breadcrumb\">\n\t<a href=\"https:\/\/candas365.es\/noticias\/category\/salud\/\" title=\"Salud\">Salud<\/a>\n<\/span><span class=\"aioseo-breadcrumb-separator\">&ndash;<\/span><span class=\"aioseo-breadcrumb\">\n\t\u00bfSon saludables las meriendas de los escolares?\n<\/span><\/div>","aioseo_breadcrumb_json":[{"label":"Home","link":"https:\/\/candas365.es\/noticias"},{"label":"Salud","link":"https:\/\/candas365.es\/noticias\/category\/salud\/"},{"label":"\u00bfSon saludables las meriendas de los escolares?","link":"https:\/\/candas365.es\/noticias\/son-saludables-las-meriendas-de-los-escolares\/"}],"_links":{"self":[{"href":"https:\/\/candas365.es\/noticias\/wp-json\/wp\/v2\/posts\/183096","targetHints":{"allow":["GET"]}}],"collection":[{"href":"https:\/\/candas365.es\/noticias\/wp-json\/wp\/v2\/posts"}],"about":[{"href":"https:\/\/candas365.es\/noticias\/wp-json\/wp\/v2\/types\/post"}],"author":[{"embeddable":true,"href":"https:\/\/candas365.es\/noticias\/wp-json\/wp\/v2\/users\/1"}],"replies":[{"embeddable":true,"href":"https:\/\/candas365.es\/noticias\/wp-json\/wp\/v2\/comments?post=183096"}],"version-history":[{"count":0,"href":"https:\/\/candas365.es\/noticias\/wp-json\/wp\/v2\/posts\/183096\/revisions"}],"wp:featuredmedia":[{"embeddable":true,"href":"https:\/\/candas365.es\/noticias\/wp-json\/wp\/v2\/media\/183097"}],"wp:attachment":[{"href":"https:\/\/candas365.es\/noticias\/wp-json\/wp\/v2\/media?parent=183096"}],"wp:term":[{"taxonomy":"category","embeddable":true,"href":"https:\/\/candas365.es\/noticias\/wp-json\/wp\/v2\/categories?post=183096"},{"taxonomy":"post_tag","embeddable":true,"href":"https:\/\/candas365.es\/noticias\/wp-json\/wp\/v2\/tags?post=183096"}],"curies":[{"name":"wp","href":"https:\/\/api.w.org\/{rel}","templated":true}]}}