{"id":183020,"date":"2024-09-14T03:42:16","date_gmt":"2024-09-14T01:42:16","guid":{"rendered":"https:\/\/candas365.es\/noticias\/?p=183020"},"modified":"2024-09-14T03:42:16","modified_gmt":"2024-09-14T01:42:16","slug":"asturias-quiere-ser-referente-turistico-todo-el-ano","status":"publish","type":"post","link":"https:\/\/candas365.es\/noticias\/asturias-quiere-ser-referente-turistico-todo-el-ano\/","title":{"rendered":"Asturias quiere ser referente tur\u00edstico todo el a\u00f1o"},"content":{"rendered":"<p><span style=\"color: #ff6600;\"><a style=\"color: #ff6600;\" href=\"https:\/\/candas365.es\/noticias\/category\/asturias\/\"><strong>Asturias<\/strong><\/a><\/span> es uno de los destinos m\u00e1s queridos y deseados por miles de personas, tanto nacionales e internacionales que se acercan al Principado para hacer turismo y disfrutar de las muchas propuestas que cada jornada ofrecen pueblos y villas.<\/p>\n<figure id=\"attachment_183021\" aria-describedby=\"caption-attachment-183021\" style=\"width: 626px\" class=\"wp-caption aligncenter\"><img fetchpriority=\"high\" decoding=\"async\" class=\"wp-image-183021 size-large\" src=\"https:\/\/candas365.es\/noticias\/wp-content\/uploads\/2024\/09\/Asturias-turismo-626x480.jpg\" alt=\"Asturias turismo\" width=\"626\" height=\"480\" srcset=\"https:\/\/candas365.es\/noticias\/wp-content\/uploads\/2024\/09\/Asturias-turismo-626x480.jpg 626w, https:\/\/candas365.es\/noticias\/wp-content\/uploads\/2024\/09\/Asturias-turismo-360x276.jpg 360w, https:\/\/candas365.es\/noticias\/wp-content\/uploads\/2024\/09\/Asturias-turismo-768x589.jpg 768w, https:\/\/candas365.es\/noticias\/wp-content\/uploads\/2024\/09\/Asturias-turismo-150x115.jpg 150w, https:\/\/candas365.es\/noticias\/wp-content\/uploads\/2024\/09\/Asturias-turismo-450x345.jpg 450w, https:\/\/candas365.es\/noticias\/wp-content\/uploads\/2024\/09\/Asturias-turismo.jpg 883w\" sizes=\"(max-width: 626px) 100vw, 626px\" \/><figcaption id=\"caption-attachment-183021\" class=\"wp-caption-text\">Foto: Cand\u00e1s 365<\/figcaption><\/figure>\n<p>El <a title=\"Principado\" href=\"https:\/\/actualidad.asturias.es\/\" target=\"_blank\" rel=\"noopener\"><span style=\"color: #ff6600;\"><strong>Gobierno de Asturias<\/strong><\/span><\/a> ha planificado una campa\u00f1a de promoci\u00f3n tur\u00edstica para el \u00faltimo cuatrimestre de 2024, con una inversi\u00f3n superior a 3,2 millones. Esta programaci\u00f3n da continuidad a la estrategia del Principado, cuyo objetivo principal es incentivar los viajes en temporada baja y posicionar a Asturias como un destino atractivo tanto a nivel nacional como internacional en \u00e9pocas del a\u00f1o con menor demanda, como el oto\u00f1o y el invierno.<\/p>\n<p>As\u00ed, el Ejecutivo auton\u00f3mico impulsar\u00e1 50 acciones entre septiembre y diciembre. Destacan la participaci\u00f3n en ferias especializadas -como la World Travel Market de Londres, San Sebasti\u00e1n Gastronomika o la IBTM de Barcelona-, la participaci\u00f3n en jornadas comerciales, y la organizaci\u00f3n de m\u00e1s de 30 viajes en los que periodistas y turoperadores recorrer\u00e1n Asturias para publicar contenidos en medios o dise\u00f1ar nuevos paquetes de viajes.<\/p>\n<p>En cuanto a la comunicaci\u00f3n, se reactivan las campa\u00f1as publicitarias en los \u00e1mbitos internacional, nacional y regional -los asturianos son el segundo mercado tur\u00edstico para alojamientos, con un peso que crece en temporada baja-, con reportajes en medios especializados, microespacios en radio nacional y regional, anuncios en plataformas de televisi\u00f3n a la carta, una campa\u00f1a digital personalizada y publicidad exterior en Madrid, Barcelona, Bilbao, Lisboa y \u00c1msterdam.<\/p>\n<p>Por su car\u00e1cter desestacionalizador, la gastronom\u00eda, el Camino de Santiago, el ecoturismo, el turismo deportivo y el turismo industrial tendr\u00e1n un protagonismo especial en las campa\u00f1as de oto\u00f1o, dirigidas a 7 pa\u00edses, adem\u00e1s de Espa\u00f1a. Francia, Bruselas, Pa\u00edses Bajos, Portugal, Italia, Reino Unido y Alemania son los objetivos del plan de medios internacional que busca reforzar la demanda en las ciudades cuyos aeropuertos est\u00e1n conectados directamente con Asturias.<\/p>\n<p>Durante el oto\u00f1o se mantendr\u00e1 tambi\u00e9n la estrategia de marketing digital orientada a la recopilaci\u00f3n de datos, as\u00ed como la l\u00ednea de patrocinios, a trav\u00e9s de la cual Asturias asocia la marca Para\u00edso Natural a eventos que atraen turistas fuera de temporada, o que est\u00e1n alineados con la sostenibilidad y el turismo deportivo. Entre los eventos patrocinados de este oto\u00f1o destacan La Vuelta ciclista a Espa\u00f1a -que este a\u00f1o recalar\u00e1 4 d\u00edas en el Principado, con tres etapas y una de descanso- y el congreso de Gastronom\u00eda, Mujeres y Medio Rural F\u00e9minas, previsto para octubre.<\/p>\n<p>La desestacionalizaci\u00f3n es uno de los principales objetivos de la Estrategia de Turismo del Principado de Asturias 2020-2030, junto con la sostenibilidad y el equilibrio territorial. Un prop\u00f3sito que se estar\u00eda cumpliendo, a tenor de los \u00faltimos datos anuales registrados por el Instituto Nacional de Estad\u00edstica, seg\u00fan los cuales el n\u00famero de turistas y pernoctaciones creci\u00f3 un 18,2% y un 16,1%, respectivamente, durante la temporada baja, frente al 10,4% y 6% de aumento en los meses de junio a septiembre.<\/p>\n","protected":false},"excerpt":{"rendered":"<p>Asturias es uno de los destinos m\u00e1s queridos y deseados por miles de personas, tanto nacionales e internacionales que se acercan al Principado para hacer turismo y disfrutar de las muchas propuestas que cada jornada ofrecen pueblos y villas. El Gobierno de Asturias ha planificado una campa\u00f1a de promoci\u00f3n tur\u00edstica para el \u00faltimo cuatrimestre de<\/p>\n","protected":false},"author":1,"featured_media":183021,"comment_status":"closed","ping_status":"closed","sticky":false,"template":"","format":"standard","meta":{"footnotes":""},"categories":[359],"tags":[380,412],"class_list":{"0":"post-183020","1":"post","2":"type-post","3":"status-publish","4":"format-standard","5":"has-post-thumbnail","7":"category-turismo","8":"tag-asturias","9":"tag-turismo"},"aioseo_notices":[],"aioseo_head":"\n\t\t<!-- All in One SEO Pro 4.9.6.2 - aioseo.com -->\n\t<meta name=\"description\" content=\"Asturias es uno de los destinos m\u00e1s queridos y deseados por miles de personas, tanto nacionales e internacionales que se acercan al Principado para hacer\" \/>\n\t<meta name=\"robots\" content=\"max-image-preview:large\" \/>\n\t<meta name=\"author\" content=\"Cand\u00e1s 365\"\/>\n\t<meta name=\"google-site-verification\" content=\"UA-32230408-1\" \/>\n\t<meta name=\"msvalidate.01\" content=\"354F3CDFB2DA171B47FBE9ABF1F88D5\" \/>\n\t<meta name=\"keywords\" content=\"turismo\" \/>\n\t<link rel=\"canonical\" href=\"https:\/\/candas365.es\/noticias\/asturias-quiere-ser-referente-turistico-todo-el-ano\/\" \/>\n\t<meta name=\"generator\" content=\"All in One SEO Pro (AIOSEO) 4.9.6.2\" \/>\n\t\t<meta property=\"og:locale\" content=\"es_ES\" \/>\n\t\t<meta property=\"og:site_name\" content=\"Cand\u00e1s 365\" \/>\n\t\t<meta property=\"og:type\" content=\"article\" \/>\n\t\t<meta property=\"og:title\" content=\"Asturias quiere ser referente tur\u00edstico todo el a\u00f1o | Cand\u00e1s 365\" \/>\n\t\t<meta property=\"og:description\" content=\"Asturias es uno de los destinos m\u00e1s queridos y deseados por miles de personas, tanto nacionales e internacionales que se acercan al Principado para hacer\" \/>\n\t\t<meta property=\"og:url\" content=\"https:\/\/candas365.es\/noticias\/asturias-quiere-ser-referente-turistico-todo-el-ano\/\" \/>\n\t\t<meta property=\"og:image\" content=\"https:\/\/candas365.es\/noticias\/wp-content\/uploads\/2024\/09\/Asturias-turismo.jpg\" \/>\n\t\t<meta property=\"og:image:secure_url\" content=\"https:\/\/candas365.es\/noticias\/wp-content\/uploads\/2024\/09\/Asturias-turismo.jpg\" \/>\n\t\t<meta property=\"og:image:width\" content=\"883\" \/>\n\t\t<meta property=\"og:image:height\" content=\"677\" \/>\n\t\t<meta property=\"article:published_time\" content=\"2024-09-14T01:42:16+00:00\" \/>\n\t\t<meta property=\"article:modified_time\" content=\"2024-09-14T01:42:16+00:00\" \/>\n\t\t<meta property=\"article:publisher\" content=\"https:\/\/www.facebook.com\/Nachofdezber\" \/>\n\t\t<meta property=\"article:author\" content=\"https:\/\/www.facebook.com\/carrenoactualidad\" \/>\n\t\t<meta name=\"twitter:card\" content=\"summary_large_image\" \/>\n\t\t<meta name=\"twitter:site\" content=\"@NabercoDigital\" \/>\n\t\t<meta name=\"twitter:title\" content=\"Asturias quiere ser referente tur\u00edstico todo el a\u00f1o | Cand\u00e1s 365\" \/>\n\t\t<meta name=\"twitter:description\" content=\"Asturias es uno de los destinos m\u00e1s queridos y deseados por miles de personas, tanto nacionales e internacionales que se acercan al Principado para hacer\" \/>\n\t\t<meta name=\"twitter:creator\" content=\"@nbasturias\" \/>\n\t\t<meta name=\"twitter:image\" content=\"https:\/\/candas365.es\/noticias\/wp-content\/uploads\/2024\/09\/Asturias-turismo.jpg\" \/>\n\t\t<meta name=\"twitter:label1\" content=\"Escrito por\" \/>\n\t\t<meta name=\"twitter:data1\" content=\"Cand\u00e1s 365\" \/>\n\t\t<meta name=\"twitter:label2\" content=\"Tiempo de lectura estimado\" \/>\n\t\t<meta name=\"twitter:data2\" content=\"3 minutos\" \/>\n\t\t<script type=\"application\/ld+json\" class=\"aioseo-schema\">\n\t\t\t{\"@context\":\"https:\\\/\\\/schema.org\",\"@graph\":[{\"@type\":\"BreadcrumbList\",\"@id\":\"https:\\\/\\\/candas365.es\\\/noticias\\\/asturias-quiere-ser-referente-turistico-todo-el-ano\\\/#breadcrumblist\",\"itemListElement\":[{\"@type\":\"ListItem\",\"@id\":\"https:\\\/\\\/candas365.es\\\/noticias#listItem\",\"position\":1,\"name\":\"Home\",\"item\":\"https:\\\/\\\/candas365.es\\\/noticias\",\"nextItem\":{\"@type\":\"ListItem\",\"@id\":\"https:\\\/\\\/candas365.es\\\/noticias\\\/category\\\/turismo\\\/#listItem\",\"name\":\"Turismo\"}},{\"@type\":\"ListItem\",\"@id\":\"https:\\\/\\\/candas365.es\\\/noticias\\\/category\\\/turismo\\\/#listItem\",\"position\":2,\"name\":\"Turismo\",\"item\":\"https:\\\/\\\/candas365.es\\\/noticias\\\/category\\\/turismo\\\/\",\"nextItem\":{\"@type\":\"ListItem\",\"@id\":\"https:\\\/\\\/candas365.es\\\/noticias\\\/asturias-quiere-ser-referente-turistico-todo-el-ano\\\/#listItem\",\"name\":\"Asturias quiere ser referente tur\\u00edstico todo el a\\u00f1o\"},\"previousItem\":{\"@type\":\"ListItem\",\"@id\":\"https:\\\/\\\/candas365.es\\\/noticias#listItem\",\"name\":\"Home\"}},{\"@type\":\"ListItem\",\"@id\":\"https:\\\/\\\/candas365.es\\\/noticias\\\/asturias-quiere-ser-referente-turistico-todo-el-ano\\\/#listItem\",\"position\":3,\"name\":\"Asturias quiere ser referente tur\\u00edstico todo el a\\u00f1o\",\"previousItem\":{\"@type\":\"ListItem\",\"@id\":\"https:\\\/\\\/candas365.es\\\/noticias\\\/category\\\/turismo\\\/#listItem\",\"name\":\"Turismo\"}}]},{\"@type\":\"NewsArticle\",\"@id\":\"https:\\\/\\\/candas365.es\\\/noticias\\\/asturias-quiere-ser-referente-turistico-todo-el-ano\\\/#newsarticle\",\"name\":\"Asturias quiere ser referente tur\\u00edstico todo el a\\u00f1o | Cand\\u00e1s 365\",\"headline\":\"Asturias quiere ser referente tur\\u00edstico todo el a\\u00f1o\",\"author\":{\"@id\":\"https:\\\/\\\/candas365.es\\\/noticias\\\/author\\\/admin\\\/#author\"},\"publisher\":{\"@id\":\"https:\\\/\\\/candas365.es\\\/noticias\\\/#organization\"},\"image\":{\"@type\":\"ImageObject\",\"url\":\"https:\\\/\\\/candas365.es\\\/noticias\\\/wp-content\\\/uploads\\\/2024\\\/09\\\/Asturias-turismo.jpg\",\"width\":883,\"height\":677,\"caption\":\"Foto: Cand\\u00e1s 365\"},\"datePublished\":\"2024-09-14T03:42:16+02:00\",\"dateModified\":\"2024-09-14T03:42:16+02:00\",\"inLanguage\":\"es-ES\",\"mainEntityOfPage\":{\"@id\":\"https:\\\/\\\/candas365.es\\\/noticias\\\/asturias-quiere-ser-referente-turistico-todo-el-ano\\\/#webpage\"},\"isPartOf\":{\"@id\":\"https:\\\/\\\/candas365.es\\\/noticias\\\/asturias-quiere-ser-referente-turistico-todo-el-ano\\\/#webpage\"},\"articleSection\":\"Turismo, Asturias, turismo\",\"dateline\":\"Publicado el septiembre 14, 2024.\"},{\"@type\":\"Organization\",\"@id\":\"https:\\\/\\\/candas365.es\\\/noticias\\\/#organization\",\"name\":\"Cand\\u00e1s 365\",\"description\":\"Cand\\u00e1s 365 es un diario digital independiente, fundado en 2012, con base en Asturias. Informamos con rigor sobre actualidad, sociedad, cultura y ocio, con una mirada local y global.\",\"url\":\"https:\\\/\\\/candas365.es\\\/noticias\\\/\",\"email\":\"info@candas365.es\",\"telephone\":\"+34652131393\",\"foundingDate\":\"2012-06-10\",\"logo\":{\"@type\":\"ImageObject\",\"url\":\"https:\\\/\\\/candas365.es\\\/noticias\\\/wp-content\\\/uploads\\\/2024\\\/09\\\/Candas-365-Redes.jpg\",\"@id\":\"https:\\\/\\\/candas365.es\\\/noticias\\\/asturias-quiere-ser-referente-turistico-todo-el-ano\\\/#organizationLogo\",\"width\":1152,\"height\":864,\"caption\":\"Cand\\u00e1s 365 Redes\"},\"image\":{\"@id\":\"https:\\\/\\\/candas365.es\\\/noticias\\\/asturias-quiere-ser-referente-turistico-todo-el-ano\\\/#organizationLogo\"},\"sameAs\":[\"https:\\\/\\\/www.facebook.com\\\/Nachofdezber\",\"https:\\\/\\\/x.com\\\/NabercoDigital\",\"https:\\\/\\\/www.instagram.com\\\/nachofdezber\\\/\",\"https:\\\/\\\/www.youtube.com\\\/channel\\\/UCZP-2wLEB9Rv6erhFmqVnvg\"],\"address\":{\"@id\":\"https:\\\/\\\/candas365.es\\\/noticias\\\/#postaladdress\",\"@type\":\"PostalAddress\",\"streetAddress\":\"san antonio 4, san antonio 4\",\"postalCode\":\"33430\",\"addressLocality\":\"Cand\\u00e1s\",\"addressRegion\":\"Asturias\",\"addressCountry\":\"ES\"}},{\"@type\":\"Person\",\"@id\":\"https:\\\/\\\/candas365.es\\\/noticias\\\/author\\\/admin\\\/#author\",\"url\":\"https:\\\/\\\/candas365.es\\\/noticias\\\/author\\\/admin\\\/\",\"name\":\"Cand\\u00e1s 365\",\"image\":{\"@type\":\"ImageObject\",\"@id\":\"https:\\\/\\\/candas365.es\\\/noticias\\\/asturias-quiere-ser-referente-turistico-todo-el-ano\\\/#authorImage\",\"url\":\"https:\\\/\\\/secure.gravatar.com\\\/avatar\\\/496a8e03d0c493ede1718b7934145dbdf8d89be1036b0eec9544e1094c9de390?s=96&d=mm&r=g\",\"width\":96,\"height\":96,\"caption\":\"Cand\\u00e1s 365\"},\"sameAs\":[\"https:\\\/\\\/www.facebook.com\\\/carrenoactualidad\",\"https:\\\/\\\/twitter.com\\\/nbasturias\",\"https:\\\/\\\/www.instagram.com\\\/nachofdezber\\\/\",\"https:\\\/\\\/www.youtube.com\\\/channel\\\/UCZP-2wLEB9Rv6erhFmqVnvg\"]},{\"@type\":\"WebPage\",\"@id\":\"https:\\\/\\\/candas365.es\\\/noticias\\\/asturias-quiere-ser-referente-turistico-todo-el-ano\\\/#webpage\",\"url\":\"https:\\\/\\\/candas365.es\\\/noticias\\\/asturias-quiere-ser-referente-turistico-todo-el-ano\\\/\",\"name\":\"Asturias quiere ser referente tur\\u00edstico todo el a\\u00f1o | Cand\\u00e1s 365\",\"description\":\"Asturias es uno de los destinos m\\u00e1s queridos y deseados por miles de personas, tanto nacionales e internacionales que se acercan al Principado para hacer\",\"inLanguage\":\"es-ES\",\"isPartOf\":{\"@id\":\"https:\\\/\\\/candas365.es\\\/noticias\\\/#website\"},\"breadcrumb\":{\"@id\":\"https:\\\/\\\/candas365.es\\\/noticias\\\/asturias-quiere-ser-referente-turistico-todo-el-ano\\\/#breadcrumblist\"},\"author\":{\"@id\":\"https:\\\/\\\/candas365.es\\\/noticias\\\/author\\\/admin\\\/#author\"},\"creator\":{\"@id\":\"https:\\\/\\\/candas365.es\\\/noticias\\\/author\\\/admin\\\/#author\"},\"image\":{\"@type\":\"ImageObject\",\"url\":\"https:\\\/\\\/candas365.es\\\/noticias\\\/wp-content\\\/uploads\\\/2024\\\/09\\\/Asturias-turismo.jpg\",\"@id\":\"https:\\\/\\\/candas365.es\\\/noticias\\\/asturias-quiere-ser-referente-turistico-todo-el-ano\\\/#mainImage\",\"width\":883,\"height\":677,\"caption\":\"Foto: Cand\\u00e1s 365\"},\"primaryImageOfPage\":{\"@id\":\"https:\\\/\\\/candas365.es\\\/noticias\\\/asturias-quiere-ser-referente-turistico-todo-el-ano\\\/#mainImage\"},\"datePublished\":\"2024-09-14T03:42:16+02:00\",\"dateModified\":\"2024-09-14T03:42:16+02:00\"},{\"@type\":\"WebSite\",\"@id\":\"https:\\\/\\\/candas365.es\\\/noticias\\\/#website\",\"url\":\"https:\\\/\\\/candas365.es\\\/noticias\\\/\",\"name\":\"Cand\\u00e1s 365\",\"alternateName\":\"Cand\\u00e1s 365 Noticias\",\"description\":\"Actualidad desde Carre\\u00f1o para el mundo\",\"inLanguage\":\"es-ES\",\"publisher\":{\"@id\":\"https:\\\/\\\/candas365.es\\\/noticias\\\/#organization\"}}]}\n\t\t<\/script>\n\t\t<!-- All in One SEO Pro -->\r\n\t\t<title>Asturias quiere ser referente tur\u00edstico todo el a\u00f1o | Cand\u00e1s 365<\/title>\n\n","aioseo_head_json":{"title":"Asturias quiere ser referente tur\u00edstico todo el a\u00f1o | Cand\u00e1s 365","description":"Asturias es uno de los destinos m\u00e1s queridos y deseados por miles de personas, tanto nacionales e internacionales que se acercan al Principado para hacer","canonical_url":"https:\/\/candas365.es\/noticias\/asturias-quiere-ser-referente-turistico-todo-el-ano\/","robots":"max-image-preview:large","keywords":"turismo","webmasterTools":{"google-site-verification":"UA-32230408-1","msvalidate.01":"354F3CDFB2DA171B47FBE9ABF1F88D5","miscellaneous":""},"schema":{"@context":"https:\/\/schema.org","@graph":[{"@type":"BreadcrumbList","@id":"https:\/\/candas365.es\/noticias\/asturias-quiere-ser-referente-turistico-todo-el-ano\/#breadcrumblist","itemListElement":[{"@type":"ListItem","@id":"https:\/\/candas365.es\/noticias#listItem","position":1,"name":"Home","item":"https:\/\/candas365.es\/noticias","nextItem":{"@type":"ListItem","@id":"https:\/\/candas365.es\/noticias\/category\/turismo\/#listItem","name":"Turismo"}},{"@type":"ListItem","@id":"https:\/\/candas365.es\/noticias\/category\/turismo\/#listItem","position":2,"name":"Turismo","item":"https:\/\/candas365.es\/noticias\/category\/turismo\/","nextItem":{"@type":"ListItem","@id":"https:\/\/candas365.es\/noticias\/asturias-quiere-ser-referente-turistico-todo-el-ano\/#listItem","name":"Asturias quiere ser referente tur\u00edstico todo el a\u00f1o"},"previousItem":{"@type":"ListItem","@id":"https:\/\/candas365.es\/noticias#listItem","name":"Home"}},{"@type":"ListItem","@id":"https:\/\/candas365.es\/noticias\/asturias-quiere-ser-referente-turistico-todo-el-ano\/#listItem","position":3,"name":"Asturias quiere ser referente tur\u00edstico todo el a\u00f1o","previousItem":{"@type":"ListItem","@id":"https:\/\/candas365.es\/noticias\/category\/turismo\/#listItem","name":"Turismo"}}]},{"@type":"NewsArticle","@id":"https:\/\/candas365.es\/noticias\/asturias-quiere-ser-referente-turistico-todo-el-ano\/#newsarticle","name":"Asturias quiere ser referente tur\u00edstico todo el a\u00f1o | Cand\u00e1s 365","headline":"Asturias quiere ser referente tur\u00edstico todo el a\u00f1o","author":{"@id":"https:\/\/candas365.es\/noticias\/author\/admin\/#author"},"publisher":{"@id":"https:\/\/candas365.es\/noticias\/#organization"},"image":{"@type":"ImageObject","url":"https:\/\/candas365.es\/noticias\/wp-content\/uploads\/2024\/09\/Asturias-turismo.jpg","width":883,"height":677,"caption":"Foto: Cand\u00e1s 365"},"datePublished":"2024-09-14T03:42:16+02:00","dateModified":"2024-09-14T03:42:16+02:00","inLanguage":"es-ES","mainEntityOfPage":{"@id":"https:\/\/candas365.es\/noticias\/asturias-quiere-ser-referente-turistico-todo-el-ano\/#webpage"},"isPartOf":{"@id":"https:\/\/candas365.es\/noticias\/asturias-quiere-ser-referente-turistico-todo-el-ano\/#webpage"},"articleSection":"Turismo, Asturias, turismo","dateline":"Publicado el septiembre 14, 2024."},{"@type":"Organization","@id":"https:\/\/candas365.es\/noticias\/#organization","name":"Cand\u00e1s 365","description":"Cand\u00e1s 365 es un diario digital independiente, fundado en 2012, con base en Asturias. Informamos con rigor sobre actualidad, sociedad, cultura y ocio, con una mirada local y global.","url":"https:\/\/candas365.es\/noticias\/","email":"info@candas365.es","telephone":"+34652131393","foundingDate":"2012-06-10","logo":{"@type":"ImageObject","url":"https:\/\/candas365.es\/noticias\/wp-content\/uploads\/2024\/09\/Candas-365-Redes.jpg","@id":"https:\/\/candas365.es\/noticias\/asturias-quiere-ser-referente-turistico-todo-el-ano\/#organizationLogo","width":1152,"height":864,"caption":"Cand\u00e1s 365 Redes"},"image":{"@id":"https:\/\/candas365.es\/noticias\/asturias-quiere-ser-referente-turistico-todo-el-ano\/#organizationLogo"},"sameAs":["https:\/\/www.facebook.com\/Nachofdezber","https:\/\/x.com\/NabercoDigital","https:\/\/www.instagram.com\/nachofdezber\/","https:\/\/www.youtube.com\/channel\/UCZP-2wLEB9Rv6erhFmqVnvg"],"address":{"@id":"https:\/\/candas365.es\/noticias\/#postaladdress","@type":"PostalAddress","streetAddress":"san antonio 4, san antonio 4","postalCode":"33430","addressLocality":"Cand\u00e1s","addressRegion":"Asturias","addressCountry":"ES"}},{"@type":"Person","@id":"https:\/\/candas365.es\/noticias\/author\/admin\/#author","url":"https:\/\/candas365.es\/noticias\/author\/admin\/","name":"Cand\u00e1s 365","image":{"@type":"ImageObject","@id":"https:\/\/candas365.es\/noticias\/asturias-quiere-ser-referente-turistico-todo-el-ano\/#authorImage","url":"https:\/\/secure.gravatar.com\/avatar\/496a8e03d0c493ede1718b7934145dbdf8d89be1036b0eec9544e1094c9de390?s=96&d=mm&r=g","width":96,"height":96,"caption":"Cand\u00e1s 365"},"sameAs":["https:\/\/www.facebook.com\/carrenoactualidad","https:\/\/twitter.com\/nbasturias","https:\/\/www.instagram.com\/nachofdezber\/","https:\/\/www.youtube.com\/channel\/UCZP-2wLEB9Rv6erhFmqVnvg"]},{"@type":"WebPage","@id":"https:\/\/candas365.es\/noticias\/asturias-quiere-ser-referente-turistico-todo-el-ano\/#webpage","url":"https:\/\/candas365.es\/noticias\/asturias-quiere-ser-referente-turistico-todo-el-ano\/","name":"Asturias quiere ser referente tur\u00edstico todo el a\u00f1o | Cand\u00e1s 365","description":"Asturias es uno de los destinos m\u00e1s queridos y deseados por miles de personas, tanto nacionales e internacionales que se acercan al Principado para hacer","inLanguage":"es-ES","isPartOf":{"@id":"https:\/\/candas365.es\/noticias\/#website"},"breadcrumb":{"@id":"https:\/\/candas365.es\/noticias\/asturias-quiere-ser-referente-turistico-todo-el-ano\/#breadcrumblist"},"author":{"@id":"https:\/\/candas365.es\/noticias\/author\/admin\/#author"},"creator":{"@id":"https:\/\/candas365.es\/noticias\/author\/admin\/#author"},"image":{"@type":"ImageObject","url":"https:\/\/candas365.es\/noticias\/wp-content\/uploads\/2024\/09\/Asturias-turismo.jpg","@id":"https:\/\/candas365.es\/noticias\/asturias-quiere-ser-referente-turistico-todo-el-ano\/#mainImage","width":883,"height":677,"caption":"Foto: Cand\u00e1s 365"},"primaryImageOfPage":{"@id":"https:\/\/candas365.es\/noticias\/asturias-quiere-ser-referente-turistico-todo-el-ano\/#mainImage"},"datePublished":"2024-09-14T03:42:16+02:00","dateModified":"2024-09-14T03:42:16+02:00"},{"@type":"WebSite","@id":"https:\/\/candas365.es\/noticias\/#website","url":"https:\/\/candas365.es\/noticias\/","name":"Cand\u00e1s 365","alternateName":"Cand\u00e1s 365 Noticias","description":"Actualidad desde Carre\u00f1o para el mundo","inLanguage":"es-ES","publisher":{"@id":"https:\/\/candas365.es\/noticias\/#organization"}}]},"og:locale":"es_ES","og:site_name":"Cand\u00e1s 365","og:type":"article","og:title":"Asturias quiere ser referente tur\u00edstico todo el a\u00f1o | Cand\u00e1s 365","og:description":"Asturias es uno de los destinos m\u00e1s queridos y deseados por miles de personas, tanto nacionales e internacionales que se acercan al Principado para hacer","og:url":"https:\/\/candas365.es\/noticias\/asturias-quiere-ser-referente-turistico-todo-el-ano\/","og:image":"https:\/\/candas365.es\/noticias\/wp-content\/uploads\/2024\/09\/Asturias-turismo.jpg","og:image:secure_url":"https:\/\/candas365.es\/noticias\/wp-content\/uploads\/2024\/09\/Asturias-turismo.jpg","og:image:width":883,"og:image:height":677,"article:published_time":"2024-09-14T01:42:16+00:00","article:modified_time":"2024-09-14T01:42:16+00:00","article:publisher":"https:\/\/www.facebook.com\/Nachofdezber","article:author":"https:\/\/www.facebook.com\/carrenoactualidad","twitter:card":"summary_large_image","twitter:site":"@NabercoDigital","twitter:title":"Asturias quiere ser referente tur\u00edstico todo el a\u00f1o | Cand\u00e1s 365","twitter:description":"Asturias es uno de los destinos m\u00e1s queridos y deseados por miles de personas, tanto nacionales e internacionales que se acercan al Principado para hacer","twitter:creator":"@nbasturias","twitter:image":"https:\/\/candas365.es\/noticias\/wp-content\/uploads\/2024\/09\/Asturias-turismo.jpg","twitter:label1":"Escrito por","twitter:data1":"Cand\u00e1s 365","twitter:label2":"Tiempo de lectura estimado","twitter:data2":"3 minutos"},"aioseo_meta_data":{"post_id":"183020","title":null,"description":"Asturias es uno de los destinos m\u00e1s queridos y deseados por miles de personas, tanto nacionales e internacionales que se acercan al Principado para hacer","keywords":null,"keyphrases":{"focus":{"keyphrase":"Asturias","score":93,"analysis":{"keyphraseInTitle":{"score":9,"maxScore":9,"error":0},"keyphraseInDescription":{"score":9,"maxScore":9,"error":0},"keyphraseLength":{"score":9,"maxScore":9,"error":0,"length":1},"keyphraseInURL":{"score":1,"maxScore":5,"error":1},"keyphraseInIntroduction":{"score":9,"maxScore":9,"error":0},"keyphraseInSubHeadings":[],"keyphraseInImageAlt":{"score":9,"maxScore":9,"error":0},"keywordDensity":{"type":"best","score":9,"maxScore":9,"error":0}}},"additional":[{"keyphrase":"Asturias","score":100,"analysis":{"keyphraseInDescription":{"score":9,"maxScore":9,"error":0},"keyphraseLength":{"score":9,"maxScore":9,"error":0,"length":1},"keyphraseInIntroduction":{"score":9,"maxScore":9,"error":0},"keyphraseInImageAlt":{"score":9,"maxScore":9,"error":0},"keywordDensity":{"type":"best","score":9,"maxScore":9,"error":0}}}]},"primary_term":null,"canonical_url":null,"og_title":null,"og_description":null,"og_object_type":"default","og_image_type":"default","og_image_url":null,"og_image_width":null,"og_image_height":null,"og_image_custom_url":null,"og_image_custom_fields":null,"og_video":"","og_custom_url":null,"og_article_section":null,"og_article_tags":null,"twitter_use_og":false,"twitter_card":"default","twitter_image_type":"default","twitter_image_url":null,"twitter_image_custom_url":null,"twitter_image_custom_fields":null,"twitter_title":null,"twitter_description":null,"schema":{"blockGraphs":[],"customGraphs":[],"default":{"data":{"Article":[],"Course":[],"Dataset":[],"FAQPage":[],"Movie":[],"Person":[],"Product":[],"ProductReview":[],"Car":[],"Recipe":[],"Service":[],"SoftwareApplication":[],"WebPage":[]},"graphName":"Article","isEnabled":true},"graphs":[]},"schema_type":"default","schema_type_options":null,"pillar_content":false,"robots_default":true,"robots_noindex":false,"robots_noarchive":false,"robots_nosnippet":false,"robots_nofollow":false,"robots_noimageindex":false,"robots_noodp":false,"robots_notranslate":false,"robots_max_snippet":"-1","robots_max_videopreview":"-1","robots_max_imagepreview":"large","priority":null,"frequency":"default","location":null,"local_seo":null,"seo_analyzer_scan_date":"2025-09-02 14:00:33","breadcrumb_settings":null,"limit_modified_date":false,"reviewed_by":null,"open_ai":"{\"title\":{\"suggestions\":[],\"usage\":0},\"description\":{\"suggestions\":[],\"usage\":0}}","ai":null,"created":"2024-09-14 01:35:53","updated":"2025-09-02 14:00:33"},"aioseo_breadcrumb":"<div class=\"aioseo-breadcrumbs\"><span class=\"aioseo-breadcrumb\">\n\t<a href=\"https:\/\/candas365.es\/noticias\" title=\"Home\">Home<\/a>\n<\/span><span class=\"aioseo-breadcrumb-separator\">&ndash;<\/span><span class=\"aioseo-breadcrumb\">\n\t<a href=\"https:\/\/candas365.es\/noticias\/category\/turismo\/\" title=\"Turismo\">Turismo<\/a>\n<\/span><span class=\"aioseo-breadcrumb-separator\">&ndash;<\/span><span class=\"aioseo-breadcrumb\">\n\tAsturias quiere ser referente tur\u00edstico todo el a\u00f1o\n<\/span><\/div>","aioseo_breadcrumb_json":[{"label":"Home","link":"https:\/\/candas365.es\/noticias"},{"label":"Turismo","link":"https:\/\/candas365.es\/noticias\/category\/turismo\/"},{"label":"Asturias quiere ser referente tur\u00edstico todo el a\u00f1o","link":"https:\/\/candas365.es\/noticias\/asturias-quiere-ser-referente-turistico-todo-el-ano\/"}],"_links":{"self":[{"href":"https:\/\/candas365.es\/noticias\/wp-json\/wp\/v2\/posts\/183020","targetHints":{"allow":["GET"]}}],"collection":[{"href":"https:\/\/candas365.es\/noticias\/wp-json\/wp\/v2\/posts"}],"about":[{"href":"https:\/\/candas365.es\/noticias\/wp-json\/wp\/v2\/types\/post"}],"author":[{"embeddable":true,"href":"https:\/\/candas365.es\/noticias\/wp-json\/wp\/v2\/users\/1"}],"replies":[{"embeddable":true,"href":"https:\/\/candas365.es\/noticias\/wp-json\/wp\/v2\/comments?post=183020"}],"version-history":[{"count":0,"href":"https:\/\/candas365.es\/noticias\/wp-json\/wp\/v2\/posts\/183020\/revisions"}],"wp:featuredmedia":[{"embeddable":true,"href":"https:\/\/candas365.es\/noticias\/wp-json\/wp\/v2\/media\/183021"}],"wp:attachment":[{"href":"https:\/\/candas365.es\/noticias\/wp-json\/wp\/v2\/media?parent=183020"}],"wp:term":[{"taxonomy":"category","embeddable":true,"href":"https:\/\/candas365.es\/noticias\/wp-json\/wp\/v2\/categories?post=183020"},{"taxonomy":"post_tag","embeddable":true,"href":"https:\/\/candas365.es\/noticias\/wp-json\/wp\/v2\/tags?post=183020"}],"curies":[{"name":"wp","href":"https:\/\/api.w.org\/{rel}","templated":true}]}}