{"id":183002,"date":"2024-09-14T02:38:21","date_gmt":"2024-09-14T00:38:21","guid":{"rendered":"https:\/\/candas365.es\/noticias\/?p=183002"},"modified":"2024-09-14T02:39:33","modified_gmt":"2024-09-14T00:39:33","slug":"la-fundacion-jimenez-diaz-pone-en-marcha-un-nuevo-centro-de-rehabilitacion","status":"publish","type":"post","link":"https:\/\/candas365.es\/noticias\/la-fundacion-jimenez-diaz-pone-en-marcha-un-nuevo-centro-de-rehabilitacion\/","title":{"rendered":"La Fundaci\u00f3n Jim\u00e9nez D\u00edaz pone en marcha un nuevo Centro de Rehabilitaci\u00f3n"},"content":{"rendered":"<p>La <strong>Fundaci\u00f3n Jim\u00e9nez D\u00eda<\/strong>z pone en marcha un nuevo Centro de Rehabilitaci\u00f3n para mejorar su <a href=\"https:\/\/candas365.es\/noticias\/category\/salud\/\"><span style=\"color: #ff6600;\"><strong>oferta terap\u00e9utica<\/strong><\/span><\/a>. Tras realizar una reforma integral, ha inaugurado este nuevo espacio en la calle Guzm\u00e1n el Bueno de Madrid.<\/p>\n<figure id=\"attachment_183003\" aria-describedby=\"caption-attachment-183003\" style=\"width: 650px\" class=\"wp-caption aligncenter\"><img fetchpriority=\"high\" decoding=\"async\" class=\"size-large wp-image-183003\" src=\"https:\/\/candas365.es\/noticias\/wp-content\/uploads\/2024\/09\/Fundacion-Jimenez-Diaz-650x431.jpg\" alt=\"Fundaci\u00f3n Jim\u00e9nez D\u00edaz\" width=\"650\" height=\"431\" srcset=\"https:\/\/candas365.es\/noticias\/wp-content\/uploads\/2024\/09\/Fundacion-Jimenez-Diaz-650x431.jpg 650w, https:\/\/candas365.es\/noticias\/wp-content\/uploads\/2024\/09\/Fundacion-Jimenez-Diaz-360x239.jpg 360w, https:\/\/candas365.es\/noticias\/wp-content\/uploads\/2024\/09\/Fundacion-Jimenez-Diaz-768x510.jpg 768w, https:\/\/candas365.es\/noticias\/wp-content\/uploads\/2024\/09\/Fundacion-Jimenez-Diaz-150x100.jpg 150w, https:\/\/candas365.es\/noticias\/wp-content\/uploads\/2024\/09\/Fundacion-Jimenez-Diaz-450x299.jpg 450w, https:\/\/candas365.es\/noticias\/wp-content\/uploads\/2024\/09\/Fundacion-Jimenez-Diaz.jpg 993w\" sizes=\"(max-width: 650px) 100vw, 650px\" \/><figcaption id=\"caption-attachment-183003\" class=\"wp-caption-text\">Foto: Servimedia<\/figcaption><\/figure>\n<p>Con m\u00e1s de 1.000 metros cuadrados, est\u00e1 dise\u00f1ado para tratar a pacientes con patolog\u00edas traumatol\u00f3gicas, quir\u00fargicas, ginecol\u00f3gicas y urol\u00f3gicas, as\u00ed como a aquellos pertenecientes a las unidades de Suelo P\u00e9lvico, Linfedema y Mano.<\/p>\n<p>En los \u00faltimos a\u00f1os, la demanda de servicios de Rehabilitaci\u00f3n ha crecido de forma notable. Un aumento que ha sido especialmente visible en el Servicio de Rehabilitaci\u00f3n del Hospital Universitario Fundaci\u00f3n Jim\u00e9nez D\u00edaz, uno de los de mayor crecimiento en la Comunidad de Madrid (CAM). Adem\u00e1s, los servicios que se ofrecen en este tipo de centros sanitarios se han ido ampliando con los a\u00f1os, aline\u00e1ndose con la complejidad y las necesidades actuales de los pacientes.<\/p>\n<p>Con el fin de responder a estas demandas, la Fundaci\u00f3n Jim\u00e9nez D\u00edaz ha puesto en marcha este nuevo Centro \u00abcon el objetivo de ampliar su oferta terap\u00e9utica de excelencia en este \u00e1mbito, incluyendo las tecnolog\u00edas m\u00e1s novedosas y vanguardistas, y proporcionarlas, adem\u00e1s, de forma r\u00e1pida y eficaz para adaptarse a las necesidades y expectativas de sus pacientes\u00bb, explica el Dr. Carmelo Fern\u00e1ndez, jefe del Departamento de Medicina F\u00edsica y Rehabilitaci\u00f3n. Operativo desde este verano, el centro ya est\u00e1 recibiendo a pacientes ambulatorios del hospital.<\/p>\n<h2>TECNOLOG\u00cdA AVANZADA<\/h2>\n<p>\u201cEl nuevo centro permite abordar el tratamiento de los pacientes ambulatorios (no ingresados) de la Fundaci\u00f3n Jim\u00e9nez D\u00edaz afectados por diversas patolog\u00edas traumatol\u00f3gicas, quir\u00fargicas, ginecol\u00f3gicas y urol\u00f3gicas, entre otras, atendiendo tambi\u00e9n a pacientes de las unidades de Suelo P\u00e9lvico, Linfedema y Mano\u201d, a\u00f1ade Silvia Calvo, coordinadora del Servicio de Rehabilitaci\u00f3n. Gracias a la reforma, un 85% de los pacientes que antes eran tratados en el hospital ahora reciben atenci\u00f3n en estas nuevas instalaciones, lo que ha permitido ampliar la oferta asistencial.<\/p>\n<p>La cartera de servicios del centro incluye Rehabilitaci\u00f3n, Fisioterapia, Terapia Ocupacional, Logopedia, Foniatr\u00eda -con dos m\u00e9dicos rehabilitadores expertos en logo-foniatr\u00eda- y tratamientos de dolor -incluyendo procedimientos de bloqueos de nervio ecoguiados, bloqueos articulares y periarticulares ecoguiados, y procedimientos de dolor entre los que se incluyen bloqueos de nervio ecoguiados-. Servicios que quedan completados con el de Enfermer\u00eda, en el que est\u00e1 previsto realizar consultas de postinfiltraci\u00f3n.<\/p>\n<p>Las instalaciones cuentan con ocho consultas, una sala para realizar t\u00e9cnicas de intervencionismo, cinco ec\u00f3grafos, un aparato de dinamometr\u00eda isocin\u00e9tica, dos salas de suelo p\u00e9lvico con biofeedback y electro-estimulador y dos gimnasios con camillas el\u00e9ctricas (una de ellas Bobath), arn\u00e9s de marcha, barras paralelas, plataforma de equilibrio, hidrocolator, m\u00e1quinas de presoterapia, plano inclinado, vibrabath y equipos de terapia por ultrasonidos, instalaciones para realizar f\u00e9rulas, tecarterapia y mesa canadiense, entre otros equipos de vanguardia. Seg\u00fan Calvo, \u201cla equipaci\u00f3n y dotaci\u00f3n tecnol\u00f3gica del centro y el tama\u00f1o de sus instalaciones, nos permiten un margen de crecimiento importante, adem\u00e1s de una mejora en la calidad asistencial para nuestros pacientes\u201d.<\/p>\n<h2>EQUIPO ESPECIALIZADO<\/h2>\n<p>El equipo del nuevo Centro de Rehabilitaci\u00f3n cuenta con m\u00e1s de 50 profesionales altamente cualificados, entre los que se incluyen m\u00e1s de 30 fisioterapeutas, seis m\u00e9dicos rehabilitadores, cinco auxiliares, un terapeuta ocupacional y dos enfermeras, adem\u00e1s de personal administrativo.<\/p>\n<p>Mar\u00eda Luisa Seijas, supervisora de Rehabilitaci\u00f3n, se\u00f1ala que proporcionan \u00abm\u00e1s amplitud y confort en el tratamiento de los pacientes, con m\u00e1s luz natural y equipamiento nuevo y actualizado\u201d. Y un esfuerzo que, a la vista del impacto generado en los pacientes, est\u00e1 alcanzando su objetivo, ya que estos afirman \u00abencontrarse muy c\u00f3modos en el nuevo centro, les parece espacioso y luminoso\u201d.<\/p>\n<h2>FUNDACI\u00d3N JIM\u00c9NEZ D\u00cdAZ<\/h2>\n<p>El Hospital Universitario Fundaci\u00f3n Jim\u00e9nez D\u00edaz, fundado hace m\u00e1s de 80 a\u00f1os por el Dr. Carlos Jim\u00e9nez D\u00edaz, mantiene un concierto con la sanidad p\u00fablica desde el a\u00f1o 1953, por el que presta servicio sanitario p\u00fablico a la sociedad espa\u00f1ola.<\/p>\n<p>Seg\u00fan explic\u00f3, \u00absiguiendo los compromisos del grupo al que pertenece, Quir\u00f3nsalud, sus profesionales llevan a cabo labor asistencial, docente e investigadora\u00bb. As\u00ed, mantiene acuerdos con la Universidad Aut\u00f3noma de Madrid, entre otras entidades, y cuenta con su propia Escuela de Enfermer\u00eda. Su Instituto de Investigaci\u00f3n Sanitaria fue creado en 2009 por Convenio con la UAM y acreditado en 2010 y reacreditado en 2015 y 2020 por el Instituto de Salud Carlos III (ISCIII) para un periodo de cinco a\u00f1os.<\/p>\n<p>(<a href=\"https:\/\/www.servimedia.es\/\" target=\"_blank\" rel=\"noopener\"><span style=\"color: #ff6600;\"><strong>SERVIMEDIA<\/strong><\/span><\/a>)<\/p>\n","protected":false},"excerpt":{"rendered":"<p>La Fundaci\u00f3n Jim\u00e9nez D\u00edaz pone en marcha un nuevo Centro de Rehabilitaci\u00f3n para mejorar su oferta terap\u00e9utica. Tras realizar una reforma integral, ha inaugurado este nuevo espacio en la calle Guzm\u00e1n el Bueno de Madrid. Con m\u00e1s de 1.000 metros cuadrados, est\u00e1 dise\u00f1ado para tratar a pacientes con patolog\u00edas traumatol\u00f3gicas, quir\u00fargicas, ginecol\u00f3gicas y urol\u00f3gicas, as\u00ed<\/p>\n","protected":false},"author":1,"featured_media":183003,"comment_status":"closed","ping_status":"closed","sticky":false,"template":"","format":"standard","meta":{"footnotes":""},"categories":[372],"tags":[378],"class_list":{"0":"post-183002","1":"post","2":"type-post","3":"status-publish","4":"format-standard","5":"has-post-thumbnail","7":"category-salud","8":"tag-salud"},"aioseo_notices":[],"aioseo_head":"\n\t\t<!-- All in One SEO Pro 4.9.6.2 - aioseo.com -->\n\t<meta name=\"description\" content=\"La Fundaci\u00f3n Jim\u00e9nez D\u00edaz pone en marcha un nuevo Centro de Rehabilitaci\u00f3n para mejorar su oferta terap\u00e9utica. Tras realizar una reforma integral, ha inaugurado\" \/>\n\t<meta name=\"robots\" content=\"max-image-preview:large\" \/>\n\t<meta name=\"author\" content=\"Cand\u00e1s 365\"\/>\n\t<meta name=\"google-site-verification\" content=\"UA-32230408-1\" \/>\n\t<meta name=\"msvalidate.01\" content=\"354F3CDFB2DA171B47FBE9ABF1F88D5\" \/>\n\t<meta name=\"keywords\" content=\"salud\" \/>\n\t<link rel=\"canonical\" href=\"https:\/\/candas365.es\/noticias\/la-fundacion-jimenez-diaz-pone-en-marcha-un-nuevo-centro-de-rehabilitacion\/\" \/>\n\t<meta name=\"generator\" content=\"All in One SEO Pro (AIOSEO) 4.9.6.2\" \/>\n\t\t<meta property=\"og:locale\" content=\"es_ES\" \/>\n\t\t<meta property=\"og:site_name\" content=\"Cand\u00e1s 365\" \/>\n\t\t<meta property=\"og:type\" content=\"article\" \/>\n\t\t<meta property=\"og:title\" content=\"La Fundaci\u00f3n Jim\u00e9nez D\u00edaz pone en marcha un nuevo Centro de Rehabilitaci\u00f3n | Cand\u00e1s 365\" \/>\n\t\t<meta property=\"og:description\" content=\"La Fundaci\u00f3n Jim\u00e9nez D\u00edaz pone en marcha un nuevo Centro de Rehabilitaci\u00f3n para mejorar su oferta terap\u00e9utica. Tras realizar una reforma integral, ha inaugurado\" \/>\n\t\t<meta property=\"og:url\" content=\"https:\/\/candas365.es\/noticias\/la-fundacion-jimenez-diaz-pone-en-marcha-un-nuevo-centro-de-rehabilitacion\/\" \/>\n\t\t<meta property=\"og:image\" content=\"https:\/\/candas365.es\/noticias\/wp-content\/uploads\/2024\/09\/Fundacion-Jimenez-Diaz.jpg\" \/>\n\t\t<meta property=\"og:image:secure_url\" content=\"https:\/\/candas365.es\/noticias\/wp-content\/uploads\/2024\/09\/Fundacion-Jimenez-Diaz.jpg\" \/>\n\t\t<meta property=\"og:image:width\" content=\"993\" \/>\n\t\t<meta property=\"og:image:height\" content=\"659\" \/>\n\t\t<meta property=\"article:published_time\" content=\"2024-09-14T00:38:21+00:00\" \/>\n\t\t<meta property=\"article:modified_time\" content=\"2024-09-14T00:39:33+00:00\" \/>\n\t\t<meta property=\"article:publisher\" content=\"https:\/\/www.facebook.com\/Nachofdezber\" \/>\n\t\t<meta property=\"article:author\" content=\"https:\/\/www.facebook.com\/carrenoactualidad\" \/>\n\t\t<meta name=\"twitter:card\" content=\"summary_large_image\" \/>\n\t\t<meta name=\"twitter:site\" content=\"@NabercoDigital\" \/>\n\t\t<meta name=\"twitter:title\" content=\"La Fundaci\u00f3n Jim\u00e9nez D\u00edaz pone en marcha un nuevo Centro de Rehabilitaci\u00f3n | Cand\u00e1s 365\" \/>\n\t\t<meta name=\"twitter:description\" content=\"La Fundaci\u00f3n Jim\u00e9nez D\u00edaz pone en marcha un nuevo Centro de Rehabilitaci\u00f3n para mejorar su oferta terap\u00e9utica. Tras realizar una reforma integral, ha inaugurado\" \/>\n\t\t<meta name=\"twitter:creator\" content=\"@nbasturias\" \/>\n\t\t<meta name=\"twitter:image\" content=\"https:\/\/candas365.es\/noticias\/wp-content\/uploads\/2024\/09\/Fundacion-Jimenez-Diaz.jpg\" \/>\n\t\t<meta name=\"twitter:label1\" content=\"Escrito por\" \/>\n\t\t<meta name=\"twitter:data1\" content=\"Cand\u00e1s 365\" \/>\n\t\t<meta name=\"twitter:label2\" content=\"Tiempo de lectura estimado\" \/>\n\t\t<meta name=\"twitter:data2\" content=\"4 minutos\" \/>\n\t\t<script type=\"application\/ld+json\" class=\"aioseo-schema\">\n\t\t\t{\"@context\":\"https:\\\/\\\/schema.org\",\"@graph\":[{\"@type\":\"BreadcrumbList\",\"@id\":\"https:\\\/\\\/candas365.es\\\/noticias\\\/la-fundacion-jimenez-diaz-pone-en-marcha-un-nuevo-centro-de-rehabilitacion\\\/#breadcrumblist\",\"itemListElement\":[{\"@type\":\"ListItem\",\"@id\":\"https:\\\/\\\/candas365.es\\\/noticias#listItem\",\"position\":1,\"name\":\"Home\",\"item\":\"https:\\\/\\\/candas365.es\\\/noticias\",\"nextItem\":{\"@type\":\"ListItem\",\"@id\":\"https:\\\/\\\/candas365.es\\\/noticias\\\/category\\\/salud\\\/#listItem\",\"name\":\"Salud\"}},{\"@type\":\"ListItem\",\"@id\":\"https:\\\/\\\/candas365.es\\\/noticias\\\/category\\\/salud\\\/#listItem\",\"position\":2,\"name\":\"Salud\",\"item\":\"https:\\\/\\\/candas365.es\\\/noticias\\\/category\\\/salud\\\/\",\"nextItem\":{\"@type\":\"ListItem\",\"@id\":\"https:\\\/\\\/candas365.es\\\/noticias\\\/la-fundacion-jimenez-diaz-pone-en-marcha-un-nuevo-centro-de-rehabilitacion\\\/#listItem\",\"name\":\"La Fundaci\\u00f3n Jim\\u00e9nez D\\u00edaz pone en marcha un nuevo Centro de Rehabilitaci\\u00f3n\"},\"previousItem\":{\"@type\":\"ListItem\",\"@id\":\"https:\\\/\\\/candas365.es\\\/noticias#listItem\",\"name\":\"Home\"}},{\"@type\":\"ListItem\",\"@id\":\"https:\\\/\\\/candas365.es\\\/noticias\\\/la-fundacion-jimenez-diaz-pone-en-marcha-un-nuevo-centro-de-rehabilitacion\\\/#listItem\",\"position\":3,\"name\":\"La Fundaci\\u00f3n Jim\\u00e9nez D\\u00edaz pone en marcha un nuevo Centro de Rehabilitaci\\u00f3n\",\"previousItem\":{\"@type\":\"ListItem\",\"@id\":\"https:\\\/\\\/candas365.es\\\/noticias\\\/category\\\/salud\\\/#listItem\",\"name\":\"Salud\"}}]},{\"@type\":\"NewsArticle\",\"@id\":\"https:\\\/\\\/candas365.es\\\/noticias\\\/la-fundacion-jimenez-diaz-pone-en-marcha-un-nuevo-centro-de-rehabilitacion\\\/#newsarticle\",\"name\":\"La Fundaci\\u00f3n Jim\\u00e9nez D\\u00edaz pone en marcha un nuevo Centro de Rehabilitaci\\u00f3n | Cand\\u00e1s 365\",\"headline\":\"La Fundaci\\u00f3n Jim\\u00e9nez D\\u00edaz pone en marcha un nuevo Centro de Rehabilitaci\\u00f3n\",\"author\":{\"@id\":\"https:\\\/\\\/candas365.es\\\/noticias\\\/author\\\/admin\\\/#author\"},\"publisher\":{\"@id\":\"https:\\\/\\\/candas365.es\\\/noticias\\\/#organization\"},\"image\":{\"@type\":\"ImageObject\",\"url\":\"https:\\\/\\\/candas365.es\\\/noticias\\\/wp-content\\\/uploads\\\/2024\\\/09\\\/Fundacion-Jimenez-Diaz.jpg\",\"width\":993,\"height\":659,\"caption\":\"Foto: Servimedia\"},\"datePublished\":\"2024-09-14T02:38:21+02:00\",\"dateModified\":\"2024-09-14T02:39:33+02:00\",\"inLanguage\":\"es-ES\",\"mainEntityOfPage\":{\"@id\":\"https:\\\/\\\/candas365.es\\\/noticias\\\/la-fundacion-jimenez-diaz-pone-en-marcha-un-nuevo-centro-de-rehabilitacion\\\/#webpage\"},\"isPartOf\":{\"@id\":\"https:\\\/\\\/candas365.es\\\/noticias\\\/la-fundacion-jimenez-diaz-pone-en-marcha-un-nuevo-centro-de-rehabilitacion\\\/#webpage\"},\"articleSection\":\"Salud, Salud\",\"dateline\":\"Publicado el septiembre 14, 2024.\"},{\"@type\":\"Organization\",\"@id\":\"https:\\\/\\\/candas365.es\\\/noticias\\\/#organization\",\"name\":\"Cand\\u00e1s 365\",\"description\":\"Cand\\u00e1s 365 es un diario digital independiente, fundado en 2012, con base en Asturias. Informamos con rigor sobre actualidad, sociedad, cultura y ocio, con una mirada local y global.\",\"url\":\"https:\\\/\\\/candas365.es\\\/noticias\\\/\",\"email\":\"info@candas365.es\",\"telephone\":\"+34652131393\",\"foundingDate\":\"2012-06-10\",\"logo\":{\"@type\":\"ImageObject\",\"url\":\"https:\\\/\\\/candas365.es\\\/noticias\\\/wp-content\\\/uploads\\\/2024\\\/09\\\/Candas-365-Redes.jpg\",\"@id\":\"https:\\\/\\\/candas365.es\\\/noticias\\\/la-fundacion-jimenez-diaz-pone-en-marcha-un-nuevo-centro-de-rehabilitacion\\\/#organizationLogo\",\"width\":1152,\"height\":864,\"caption\":\"Cand\\u00e1s 365 Redes\"},\"image\":{\"@id\":\"https:\\\/\\\/candas365.es\\\/noticias\\\/la-fundacion-jimenez-diaz-pone-en-marcha-un-nuevo-centro-de-rehabilitacion\\\/#organizationLogo\"},\"sameAs\":[\"https:\\\/\\\/www.facebook.com\\\/Nachofdezber\",\"https:\\\/\\\/x.com\\\/NabercoDigital\",\"https:\\\/\\\/www.instagram.com\\\/nachofdezber\\\/\",\"https:\\\/\\\/www.youtube.com\\\/channel\\\/UCZP-2wLEB9Rv6erhFmqVnvg\"],\"address\":{\"@id\":\"https:\\\/\\\/candas365.es\\\/noticias\\\/#postaladdress\",\"@type\":\"PostalAddress\",\"streetAddress\":\"san antonio 4, san antonio 4\",\"postalCode\":\"33430\",\"addressLocality\":\"Cand\\u00e1s\",\"addressRegion\":\"Asturias\",\"addressCountry\":\"ES\"}},{\"@type\":\"Person\",\"@id\":\"https:\\\/\\\/candas365.es\\\/noticias\\\/author\\\/admin\\\/#author\",\"url\":\"https:\\\/\\\/candas365.es\\\/noticias\\\/author\\\/admin\\\/\",\"name\":\"Cand\\u00e1s 365\",\"image\":{\"@type\":\"ImageObject\",\"@id\":\"https:\\\/\\\/candas365.es\\\/noticias\\\/la-fundacion-jimenez-diaz-pone-en-marcha-un-nuevo-centro-de-rehabilitacion\\\/#authorImage\",\"url\":\"https:\\\/\\\/secure.gravatar.com\\\/avatar\\\/496a8e03d0c493ede1718b7934145dbdf8d89be1036b0eec9544e1094c9de390?s=96&d=mm&r=g\",\"width\":96,\"height\":96,\"caption\":\"Cand\\u00e1s 365\"},\"sameAs\":[\"https:\\\/\\\/www.facebook.com\\\/carrenoactualidad\",\"https:\\\/\\\/twitter.com\\\/nbasturias\",\"https:\\\/\\\/www.instagram.com\\\/nachofdezber\\\/\",\"https:\\\/\\\/www.youtube.com\\\/channel\\\/UCZP-2wLEB9Rv6erhFmqVnvg\"]},{\"@type\":\"WebPage\",\"@id\":\"https:\\\/\\\/candas365.es\\\/noticias\\\/la-fundacion-jimenez-diaz-pone-en-marcha-un-nuevo-centro-de-rehabilitacion\\\/#webpage\",\"url\":\"https:\\\/\\\/candas365.es\\\/noticias\\\/la-fundacion-jimenez-diaz-pone-en-marcha-un-nuevo-centro-de-rehabilitacion\\\/\",\"name\":\"La Fundaci\\u00f3n Jim\\u00e9nez D\\u00edaz pone en marcha un nuevo Centro de Rehabilitaci\\u00f3n | Cand\\u00e1s 365\",\"description\":\"La Fundaci\\u00f3n Jim\\u00e9nez D\\u00edaz pone en marcha un nuevo Centro de Rehabilitaci\\u00f3n para mejorar su oferta terap\\u00e9utica. Tras realizar una reforma integral, ha inaugurado\",\"inLanguage\":\"es-ES\",\"isPartOf\":{\"@id\":\"https:\\\/\\\/candas365.es\\\/noticias\\\/#website\"},\"breadcrumb\":{\"@id\":\"https:\\\/\\\/candas365.es\\\/noticias\\\/la-fundacion-jimenez-diaz-pone-en-marcha-un-nuevo-centro-de-rehabilitacion\\\/#breadcrumblist\"},\"author\":{\"@id\":\"https:\\\/\\\/candas365.es\\\/noticias\\\/author\\\/admin\\\/#author\"},\"creator\":{\"@id\":\"https:\\\/\\\/candas365.es\\\/noticias\\\/author\\\/admin\\\/#author\"},\"image\":{\"@type\":\"ImageObject\",\"url\":\"https:\\\/\\\/candas365.es\\\/noticias\\\/wp-content\\\/uploads\\\/2024\\\/09\\\/Fundacion-Jimenez-Diaz.jpg\",\"@id\":\"https:\\\/\\\/candas365.es\\\/noticias\\\/la-fundacion-jimenez-diaz-pone-en-marcha-un-nuevo-centro-de-rehabilitacion\\\/#mainImage\",\"width\":993,\"height\":659,\"caption\":\"Foto: Servimedia\"},\"primaryImageOfPage\":{\"@id\":\"https:\\\/\\\/candas365.es\\\/noticias\\\/la-fundacion-jimenez-diaz-pone-en-marcha-un-nuevo-centro-de-rehabilitacion\\\/#mainImage\"},\"datePublished\":\"2024-09-14T02:38:21+02:00\",\"dateModified\":\"2024-09-14T02:39:33+02:00\"},{\"@type\":\"WebSite\",\"@id\":\"https:\\\/\\\/candas365.es\\\/noticias\\\/#website\",\"url\":\"https:\\\/\\\/candas365.es\\\/noticias\\\/\",\"name\":\"Cand\\u00e1s 365\",\"alternateName\":\"Cand\\u00e1s 365 Noticias\",\"description\":\"Actualidad desde Carre\\u00f1o para el mundo\",\"inLanguage\":\"es-ES\",\"publisher\":{\"@id\":\"https:\\\/\\\/candas365.es\\\/noticias\\\/#organization\"}}]}\n\t\t<\/script>\n\t\t<!-- All in One SEO Pro -->\r\n\t\t<title>La Fundaci\u00f3n Jim\u00e9nez D\u00edaz pone en marcha un nuevo Centro de Rehabilitaci\u00f3n | Cand\u00e1s 365<\/title>\n\n","aioseo_head_json":{"title":"La Fundaci\u00f3n Jim\u00e9nez D\u00edaz pone en marcha un nuevo Centro de Rehabilitaci\u00f3n | Cand\u00e1s 365","description":"La Fundaci\u00f3n Jim\u00e9nez D\u00edaz pone en marcha un nuevo Centro de Rehabilitaci\u00f3n para mejorar su oferta terap\u00e9utica. Tras realizar una reforma integral, ha inaugurado","canonical_url":"https:\/\/candas365.es\/noticias\/la-fundacion-jimenez-diaz-pone-en-marcha-un-nuevo-centro-de-rehabilitacion\/","robots":"max-image-preview:large","keywords":"salud","webmasterTools":{"google-site-verification":"UA-32230408-1","msvalidate.01":"354F3CDFB2DA171B47FBE9ABF1F88D5","miscellaneous":""},"schema":{"@context":"https:\/\/schema.org","@graph":[{"@type":"BreadcrumbList","@id":"https:\/\/candas365.es\/noticias\/la-fundacion-jimenez-diaz-pone-en-marcha-un-nuevo-centro-de-rehabilitacion\/#breadcrumblist","itemListElement":[{"@type":"ListItem","@id":"https:\/\/candas365.es\/noticias#listItem","position":1,"name":"Home","item":"https:\/\/candas365.es\/noticias","nextItem":{"@type":"ListItem","@id":"https:\/\/candas365.es\/noticias\/category\/salud\/#listItem","name":"Salud"}},{"@type":"ListItem","@id":"https:\/\/candas365.es\/noticias\/category\/salud\/#listItem","position":2,"name":"Salud","item":"https:\/\/candas365.es\/noticias\/category\/salud\/","nextItem":{"@type":"ListItem","@id":"https:\/\/candas365.es\/noticias\/la-fundacion-jimenez-diaz-pone-en-marcha-un-nuevo-centro-de-rehabilitacion\/#listItem","name":"La Fundaci\u00f3n Jim\u00e9nez D\u00edaz pone en marcha un nuevo Centro de Rehabilitaci\u00f3n"},"previousItem":{"@type":"ListItem","@id":"https:\/\/candas365.es\/noticias#listItem","name":"Home"}},{"@type":"ListItem","@id":"https:\/\/candas365.es\/noticias\/la-fundacion-jimenez-diaz-pone-en-marcha-un-nuevo-centro-de-rehabilitacion\/#listItem","position":3,"name":"La Fundaci\u00f3n Jim\u00e9nez D\u00edaz pone en marcha un nuevo Centro de Rehabilitaci\u00f3n","previousItem":{"@type":"ListItem","@id":"https:\/\/candas365.es\/noticias\/category\/salud\/#listItem","name":"Salud"}}]},{"@type":"NewsArticle","@id":"https:\/\/candas365.es\/noticias\/la-fundacion-jimenez-diaz-pone-en-marcha-un-nuevo-centro-de-rehabilitacion\/#newsarticle","name":"La Fundaci\u00f3n Jim\u00e9nez D\u00edaz pone en marcha un nuevo Centro de Rehabilitaci\u00f3n | Cand\u00e1s 365","headline":"La Fundaci\u00f3n Jim\u00e9nez D\u00edaz pone en marcha un nuevo Centro de Rehabilitaci\u00f3n","author":{"@id":"https:\/\/candas365.es\/noticias\/author\/admin\/#author"},"publisher":{"@id":"https:\/\/candas365.es\/noticias\/#organization"},"image":{"@type":"ImageObject","url":"https:\/\/candas365.es\/noticias\/wp-content\/uploads\/2024\/09\/Fundacion-Jimenez-Diaz.jpg","width":993,"height":659,"caption":"Foto: Servimedia"},"datePublished":"2024-09-14T02:38:21+02:00","dateModified":"2024-09-14T02:39:33+02:00","inLanguage":"es-ES","mainEntityOfPage":{"@id":"https:\/\/candas365.es\/noticias\/la-fundacion-jimenez-diaz-pone-en-marcha-un-nuevo-centro-de-rehabilitacion\/#webpage"},"isPartOf":{"@id":"https:\/\/candas365.es\/noticias\/la-fundacion-jimenez-diaz-pone-en-marcha-un-nuevo-centro-de-rehabilitacion\/#webpage"},"articleSection":"Salud, Salud","dateline":"Publicado el septiembre 14, 2024."},{"@type":"Organization","@id":"https:\/\/candas365.es\/noticias\/#organization","name":"Cand\u00e1s 365","description":"Cand\u00e1s 365 es un diario digital independiente, fundado en 2012, con base en Asturias. Informamos con rigor sobre actualidad, sociedad, cultura y ocio, con una mirada local y global.","url":"https:\/\/candas365.es\/noticias\/","email":"info@candas365.es","telephone":"+34652131393","foundingDate":"2012-06-10","logo":{"@type":"ImageObject","url":"https:\/\/candas365.es\/noticias\/wp-content\/uploads\/2024\/09\/Candas-365-Redes.jpg","@id":"https:\/\/candas365.es\/noticias\/la-fundacion-jimenez-diaz-pone-en-marcha-un-nuevo-centro-de-rehabilitacion\/#organizationLogo","width":1152,"height":864,"caption":"Cand\u00e1s 365 Redes"},"image":{"@id":"https:\/\/candas365.es\/noticias\/la-fundacion-jimenez-diaz-pone-en-marcha-un-nuevo-centro-de-rehabilitacion\/#organizationLogo"},"sameAs":["https:\/\/www.facebook.com\/Nachofdezber","https:\/\/x.com\/NabercoDigital","https:\/\/www.instagram.com\/nachofdezber\/","https:\/\/www.youtube.com\/channel\/UCZP-2wLEB9Rv6erhFmqVnvg"],"address":{"@id":"https:\/\/candas365.es\/noticias\/#postaladdress","@type":"PostalAddress","streetAddress":"san antonio 4, san antonio 4","postalCode":"33430","addressLocality":"Cand\u00e1s","addressRegion":"Asturias","addressCountry":"ES"}},{"@type":"Person","@id":"https:\/\/candas365.es\/noticias\/author\/admin\/#author","url":"https:\/\/candas365.es\/noticias\/author\/admin\/","name":"Cand\u00e1s 365","image":{"@type":"ImageObject","@id":"https:\/\/candas365.es\/noticias\/la-fundacion-jimenez-diaz-pone-en-marcha-un-nuevo-centro-de-rehabilitacion\/#authorImage","url":"https:\/\/secure.gravatar.com\/avatar\/496a8e03d0c493ede1718b7934145dbdf8d89be1036b0eec9544e1094c9de390?s=96&d=mm&r=g","width":96,"height":96,"caption":"Cand\u00e1s 365"},"sameAs":["https:\/\/www.facebook.com\/carrenoactualidad","https:\/\/twitter.com\/nbasturias","https:\/\/www.instagram.com\/nachofdezber\/","https:\/\/www.youtube.com\/channel\/UCZP-2wLEB9Rv6erhFmqVnvg"]},{"@type":"WebPage","@id":"https:\/\/candas365.es\/noticias\/la-fundacion-jimenez-diaz-pone-en-marcha-un-nuevo-centro-de-rehabilitacion\/#webpage","url":"https:\/\/candas365.es\/noticias\/la-fundacion-jimenez-diaz-pone-en-marcha-un-nuevo-centro-de-rehabilitacion\/","name":"La Fundaci\u00f3n Jim\u00e9nez D\u00edaz pone en marcha un nuevo Centro de Rehabilitaci\u00f3n | Cand\u00e1s 365","description":"La Fundaci\u00f3n Jim\u00e9nez D\u00edaz pone en marcha un nuevo Centro de Rehabilitaci\u00f3n para mejorar su oferta terap\u00e9utica. Tras realizar una reforma integral, ha inaugurado","inLanguage":"es-ES","isPartOf":{"@id":"https:\/\/candas365.es\/noticias\/#website"},"breadcrumb":{"@id":"https:\/\/candas365.es\/noticias\/la-fundacion-jimenez-diaz-pone-en-marcha-un-nuevo-centro-de-rehabilitacion\/#breadcrumblist"},"author":{"@id":"https:\/\/candas365.es\/noticias\/author\/admin\/#author"},"creator":{"@id":"https:\/\/candas365.es\/noticias\/author\/admin\/#author"},"image":{"@type":"ImageObject","url":"https:\/\/candas365.es\/noticias\/wp-content\/uploads\/2024\/09\/Fundacion-Jimenez-Diaz.jpg","@id":"https:\/\/candas365.es\/noticias\/la-fundacion-jimenez-diaz-pone-en-marcha-un-nuevo-centro-de-rehabilitacion\/#mainImage","width":993,"height":659,"caption":"Foto: Servimedia"},"primaryImageOfPage":{"@id":"https:\/\/candas365.es\/noticias\/la-fundacion-jimenez-diaz-pone-en-marcha-un-nuevo-centro-de-rehabilitacion\/#mainImage"},"datePublished":"2024-09-14T02:38:21+02:00","dateModified":"2024-09-14T02:39:33+02:00"},{"@type":"WebSite","@id":"https:\/\/candas365.es\/noticias\/#website","url":"https:\/\/candas365.es\/noticias\/","name":"Cand\u00e1s 365","alternateName":"Cand\u00e1s 365 Noticias","description":"Actualidad desde Carre\u00f1o para el mundo","inLanguage":"es-ES","publisher":{"@id":"https:\/\/candas365.es\/noticias\/#organization"}}]},"og:locale":"es_ES","og:site_name":"Cand\u00e1s 365","og:type":"article","og:title":"La Fundaci\u00f3n Jim\u00e9nez D\u00edaz pone en marcha un nuevo Centro de Rehabilitaci\u00f3n | Cand\u00e1s 365","og:description":"La Fundaci\u00f3n Jim\u00e9nez D\u00edaz pone en marcha un nuevo Centro de Rehabilitaci\u00f3n para mejorar su oferta terap\u00e9utica. Tras realizar una reforma integral, ha inaugurado","og:url":"https:\/\/candas365.es\/noticias\/la-fundacion-jimenez-diaz-pone-en-marcha-un-nuevo-centro-de-rehabilitacion\/","og:image":"https:\/\/candas365.es\/noticias\/wp-content\/uploads\/2024\/09\/Fundacion-Jimenez-Diaz.jpg","og:image:secure_url":"https:\/\/candas365.es\/noticias\/wp-content\/uploads\/2024\/09\/Fundacion-Jimenez-Diaz.jpg","og:image:width":993,"og:image:height":659,"article:published_time":"2024-09-14T00:38:21+00:00","article:modified_time":"2024-09-14T00:39:33+00:00","article:publisher":"https:\/\/www.facebook.com\/Nachofdezber","article:author":"https:\/\/www.facebook.com\/carrenoactualidad","twitter:card":"summary_large_image","twitter:site":"@NabercoDigital","twitter:title":"La Fundaci\u00f3n Jim\u00e9nez D\u00edaz pone en marcha un nuevo Centro de Rehabilitaci\u00f3n | Cand\u00e1s 365","twitter:description":"La Fundaci\u00f3n Jim\u00e9nez D\u00edaz pone en marcha un nuevo Centro de Rehabilitaci\u00f3n para mejorar su oferta terap\u00e9utica. Tras realizar una reforma integral, ha inaugurado","twitter:creator":"@nbasturias","twitter:image":"https:\/\/candas365.es\/noticias\/wp-content\/uploads\/2024\/09\/Fundacion-Jimenez-Diaz.jpg","twitter:label1":"Escrito por","twitter:data1":"Cand\u00e1s 365","twitter:label2":"Tiempo de lectura estimado","twitter:data2":"4 minutos"},"aioseo_meta_data":{"post_id":"183002","title":null,"description":"La Fundaci\u00f3n Jim\u00e9nez D\u00edaz pone en marcha un nuevo Centro de Rehabilitaci\u00f3n para mejorar su oferta terap\u00e9utica. Tras realizar una reforma integral, ha inaugurado","keywords":null,"keyphrases":{"focus":{"keyphrase":"Fundaci\u00f3n Jim\u00e9nez D\u00edaz","score":96,"analysis":{"keyphraseInTitle":{"score":9,"maxScore":9,"error":0},"keyphraseInDescription":{"score":9,"maxScore":9,"error":0},"keyphraseLength":{"score":6,"maxScore":9,"error":1,"length":6},"keyphraseInURL":{"score":5,"maxScore":5,"error":0},"keyphraseInIntroduction":{"score":9,"maxScore":9,"error":0},"keyphraseInSubHeadings":{"score":9,"maxScore":9,"error":0},"keyphraseInImageAlt":{"score":9,"maxScore":9,"error":0},"keywordDensity":{"type":"best","score":9,"maxScore":9,"error":0}}},"additional":[{"keyphrase":"Fundaci\u00f3n Jim\u00e9nez D\u00edaz","score":93,"analysis":{"keyphraseInDescription":{"score":9,"maxScore":9,"error":0},"keyphraseLength":{"score":6,"maxScore":9,"error":1,"length":6},"keyphraseInIntroduction":{"score":9,"maxScore":9,"error":0},"keyphraseInImageAlt":{"score":9,"maxScore":9,"error":0},"keywordDensity":{"type":"best","score":9,"maxScore":9,"error":0}}}]},"primary_term":null,"canonical_url":null,"og_title":null,"og_description":null,"og_object_type":"default","og_image_type":"default","og_image_url":null,"og_image_width":null,"og_image_height":null,"og_image_custom_url":null,"og_image_custom_fields":null,"og_video":"","og_custom_url":null,"og_article_section":null,"og_article_tags":null,"twitter_use_og":false,"twitter_card":"default","twitter_image_type":"default","twitter_image_url":null,"twitter_image_custom_url":null,"twitter_image_custom_fields":null,"twitter_title":null,"twitter_description":null,"schema":{"blockGraphs":[],"customGraphs":[],"default":{"data":{"Article":[],"Course":[],"Dataset":[],"FAQPage":[],"Movie":[],"Person":[],"Product":[],"ProductReview":[],"Car":[],"Recipe":[],"Service":[],"SoftwareApplication":[],"WebPage":[]},"graphName":"Article","isEnabled":true},"graphs":[]},"schema_type":"default","schema_type_options":null,"pillar_content":false,"robots_default":true,"robots_noindex":false,"robots_noarchive":false,"robots_nosnippet":false,"robots_nofollow":false,"robots_noimageindex":false,"robots_noodp":false,"robots_notranslate":false,"robots_max_snippet":"-1","robots_max_videopreview":"-1","robots_max_imagepreview":"large","priority":null,"frequency":"default","location":null,"local_seo":null,"seo_analyzer_scan_date":"2025-09-02 13:58:17","breadcrumb_settings":null,"limit_modified_date":false,"reviewed_by":null,"open_ai":"{\"title\":{\"suggestions\":[],\"usage\":0},\"description\":{\"suggestions\":[],\"usage\":0}}","ai":null,"created":"2024-09-14 00:20:22","updated":"2025-09-02 13:58:17"},"aioseo_breadcrumb":"<div class=\"aioseo-breadcrumbs\"><span class=\"aioseo-breadcrumb\">\n\t<a href=\"https:\/\/candas365.es\/noticias\" title=\"Home\">Home<\/a>\n<\/span><span class=\"aioseo-breadcrumb-separator\">&ndash;<\/span><span class=\"aioseo-breadcrumb\">\n\t<a href=\"https:\/\/candas365.es\/noticias\/category\/salud\/\" title=\"Salud\">Salud<\/a>\n<\/span><span class=\"aioseo-breadcrumb-separator\">&ndash;<\/span><span class=\"aioseo-breadcrumb\">\n\tLa Fundaci\u00f3n Jim\u00e9nez D\u00edaz pone en marcha un nuevo Centro de Rehabilitaci\u00f3n\n<\/span><\/div>","aioseo_breadcrumb_json":[{"label":"Home","link":"https:\/\/candas365.es\/noticias"},{"label":"Salud","link":"https:\/\/candas365.es\/noticias\/category\/salud\/"},{"label":"La Fundaci\u00f3n Jim\u00e9nez D\u00edaz pone en marcha un nuevo Centro de Rehabilitaci\u00f3n","link":"https:\/\/candas365.es\/noticias\/la-fundacion-jimenez-diaz-pone-en-marcha-un-nuevo-centro-de-rehabilitacion\/"}],"_links":{"self":[{"href":"https:\/\/candas365.es\/noticias\/wp-json\/wp\/v2\/posts\/183002","targetHints":{"allow":["GET"]}}],"collection":[{"href":"https:\/\/candas365.es\/noticias\/wp-json\/wp\/v2\/posts"}],"about":[{"href":"https:\/\/candas365.es\/noticias\/wp-json\/wp\/v2\/types\/post"}],"author":[{"embeddable":true,"href":"https:\/\/candas365.es\/noticias\/wp-json\/wp\/v2\/users\/1"}],"replies":[{"embeddable":true,"href":"https:\/\/candas365.es\/noticias\/wp-json\/wp\/v2\/comments?post=183002"}],"version-history":[{"count":0,"href":"https:\/\/candas365.es\/noticias\/wp-json\/wp\/v2\/posts\/183002\/revisions"}],"wp:featuredmedia":[{"embeddable":true,"href":"https:\/\/candas365.es\/noticias\/wp-json\/wp\/v2\/media\/183003"}],"wp:attachment":[{"href":"https:\/\/candas365.es\/noticias\/wp-json\/wp\/v2\/media?parent=183002"}],"wp:term":[{"taxonomy":"category","embeddable":true,"href":"https:\/\/candas365.es\/noticias\/wp-json\/wp\/v2\/categories?post=183002"},{"taxonomy":"post_tag","embeddable":true,"href":"https:\/\/candas365.es\/noticias\/wp-json\/wp\/v2\/tags?post=183002"}],"curies":[{"name":"wp","href":"https:\/\/api.w.org\/{rel}","templated":true}]}}