{"id":182759,"date":"2024-08-30T05:12:06","date_gmt":"2024-08-30T03:12:06","guid":{"rendered":"https:\/\/candas365.es\/noticias\/?p=182759"},"modified":"2024-08-30T05:12:06","modified_gmt":"2024-08-30T03:12:06","slug":"historiador-aleman-compara-el-ataque-a-ucrania-con-la-invasion-nazi-de-polonia","status":"publish","type":"post","link":"https:\/\/candas365.es\/noticias\/historiador-aleman-compara-el-ataque-a-ucrania-con-la-invasion-nazi-de-polonia\/","title":{"rendered":"Historiador alem\u00e1n compara el ataque a Ucrania con la invasi\u00f3n nazi de Polonia"},"content":{"rendered":"<p>Berl\u00edn, 27 ago (<a title=\"dpa\" href=\"https:\/\/www.dpa-news.de\/\" target=\"_blank\" rel=\"noopener\"><span style=\"color: #ff6600;\"><strong>dpa<\/strong><\/span><\/a>) &#8211; A pocos d\u00edas de conmemorarse el inicio de la invasi\u00f3n de Polonia por la Alemania nazi, el 31 de agosto de 1939,<strong> el historiador y periodista alem\u00e1n G\u00f6tz Aly insiste en se\u00f1alar las similitudes entre aquel episodio hist\u00f3rico y el actual ataque ruso a <a href=\"https:\/\/candas365.es\/noticias\/tag\/conflictos\/\"><span style=\"color: #ff6600;\">Ucrania<\/span><\/a>.<\/strong><\/p>\n<figure id=\"attachment_182760\" aria-describedby=\"caption-attachment-182760\" style=\"width: 650px\" class=\"wp-caption aligncenter\"><img fetchpriority=\"high\" decoding=\"async\" class=\"size-large wp-image-182760\" src=\"https:\/\/candas365.es\/noticias\/wp-content\/uploads\/2024\/08\/Historiador-aleman-650x451.jpg\" alt=\"Historiador alem\u00e1n\" width=\"650\" height=\"451\" srcset=\"https:\/\/candas365.es\/noticias\/wp-content\/uploads\/2024\/08\/Historiador-aleman-650x451.jpg 650w, https:\/\/candas365.es\/noticias\/wp-content\/uploads\/2024\/08\/Historiador-aleman-360x250.jpg 360w, https:\/\/candas365.es\/noticias\/wp-content\/uploads\/2024\/08\/Historiador-aleman-768x533.jpg 768w, https:\/\/candas365.es\/noticias\/wp-content\/uploads\/2024\/08\/Historiador-aleman-150x104.jpg 150w, https:\/\/candas365.es\/noticias\/wp-content\/uploads\/2024\/08\/Historiador-aleman-450x312.jpg 450w, https:\/\/candas365.es\/noticias\/wp-content\/uploads\/2024\/08\/Historiador-aleman.jpg 950w\" sizes=\"(max-width: 650px) 100vw, 650px\" \/><figcaption id=\"caption-attachment-182760\" class=\"wp-caption-text\">El historiador y polit\u00f3logo alem\u00e1n G\u00f6tz Aly cree que hay un paralelismo entre el ataque ruso a Ucrania y la invasi\u00f3n nazi de Polonia. Foto: Sophia Kembowski\/dpa<\/figcaption><\/figure>\n<p>Al igual que hizo Hitler para justificar la necesidad del ataque hace 85 a\u00f1os, con el argumento de proteger a la minor\u00eda alemana en Polonia de las \u00abbandas de asesinos polacos\u00bb, el presidente Vlad\u00edmir Putin declar\u00f3 en las v\u00edsperas del ataque en 2022 que Ucrania estaba cometiendo un \u00abgenocidio\u00bb contra la poblaci\u00f3n rusa en el Donb\u00e1s, en el este del pa\u00eds.<\/p>\n<p>\u00abCuanto m\u00e1s lo investigo, m\u00e1s paralelismos veo\u00bb, comenta Aly, conocido por ser experto en la dictadura nazi y el Holocausto.<\/p>\n<p>Para \u00e9l, la similitud m\u00e1s evidente es el uso de un determinado tipo de lenguaje velado, como el hecho de que en Rusia se castigue a quien no se refiera a la guerra contra Ucrania con la denominaci\u00f3n \u00aboperaci\u00f3n militar especial\u00bb.<\/p>\n<p>En la Alemania nacionalsocialista, cuenta el periodista, fue muy parecido. El ministro de Propaganda, Joseph Goebbels, prohibi\u00f3 inmediatamente la palabra \u00abguerra\u00bb en los peri\u00f3dicos y la radio el 1 de septiembre de 1939.<\/p>\n<p>La raz\u00f3n esgrimida fue que, seg\u00fan el discurso dado por Hitler al anunciar el ataque, este solo buscaba devolver la agresi\u00f3n polaca. Otras f\u00f3rmulas eran \u00abcontrataque impuesto\u00bb, \u00abdevolver el fuego enemigo\u00bb o \u00abacci\u00f3n punitiva contra Polonia\u00bb.<\/p>\n<p>\u00abEso es muy, muy parecido\u00bb, expresa Aly.<\/p>\n<p>Tambi\u00e9n de modo similar a Hitler, el presidente ruso tambi\u00e9n se propuso desde el principio aterrorizar a la poblaci\u00f3n civil y desmoralizarla as\u00ed a largo plazo. \u00abLos ataques a\u00e9reos para aterrorizar a la poblaci\u00f3n eran todav\u00eda algo completamente nuevo en 1939\u00bb, recuerda Aly.<\/p>\n<p>La ciudad polaca de Wielun fue la primera en ser bombardeada desde el aire en las primeras horas del 1 de septiembre. No todos los pilotos que participaron lo hicieron de forma completamente impasible.<\/p>\n<p>Uno de ellos, Otto Schmidt, relat\u00f3 m\u00e1s tarde lo que se le pas\u00f3 por la cabeza en ese momento. \u00abLa gente ni siquiera sabe que hay una guerra. Puede que a partir de ahora est\u00e9n muertos, y puede que con mis bombas\u00bb, dijo.<\/p>\n<p>Hitler era consciente de que la mayor\u00eda de los alemanes estaban aterrorizados ante una nueva guerra en 1939. El entusiasmo no se materializ\u00f3 hasta m\u00e1s tarde, cuando se logr\u00f3 la \u00abvictoria rel\u00e1mpago\u00bb sobre Francia en 1940.<\/p>\n<p>Al principio de la guerra, sin embargo, el estado de \u00e1nimo predominante era una mezcla de escepticismo y preocupaci\u00f3n. Por ello, el r\u00e9gimen nazi intent\u00f3 mantener la normalidad en la medida de lo posible.<\/p>\n<p>Caf\u00e9s, restaurantes y bares segu\u00edan tan concurridos como siempre, y el primer fin de semana despu\u00e9s del comienzo de la guerra se celebraron en Alemania unos 200 partidos de f\u00fatbol. Pero cuando las sirenas antia\u00e9reas sonaron de repente en Berl\u00edn la noche del 1 de septiembre, el ambiente amenaz\u00f3 con cambiar.<\/p>\n<p>La gente, presa del p\u00e1nico, cogi\u00f3 sus m\u00e1scaras antig\u00e1s y corri\u00f3 a los b\u00fankeres. En la actualidad, Ucrania intenta de manera deliberada llevar la guerra al pa\u00eds del agresor y presionar as\u00ed a Putin.<\/p>\n<p>Para el r\u00e9gimen nazi, explica Aly, la guerra era tambi\u00e9n un medio de asegurar su gobierno corrupto, ya que solo mediante acciones externas pudo mantener su estabilidad interna.<\/p>\n<p>\u00abEl odio, las declaraciones de enemistad, las presiones b\u00e9licas y, en \u00faltima instancia, el miedo a la derrota se convirtieron en los medios para mantener a su propio pueblo sumiso\u00bb, comenta el historiador.<\/p>\n<p>Lo mismo puede decirse de Putin, expresa el periodista, que presenta el ataque contra Ucrania como una lucha defensiva contra todo Occidente. \u00abEsto es un signo de debilidad, no hay nada de leg\u00edtimo en ello. M\u00e1s bien pretende ocultar la falta de progreso social, la falta de libertad interna y abrir un mayor margen a la arbitrariedad pol\u00edtica interna\u00bb, resume.<\/p>\n<p>Estos d\u00e9ficits resultan a\u00fan m\u00e1s llamativos en comparaci\u00f3n directa con Ucrania, detalla, ya que que en los a\u00f1os anteriores a la agresi\u00f3n se orientaba cada vez m\u00e1s hacia Occidente y ya aspiraba entonces a ingresar en la Uni\u00f3n Europea (UE).<\/p>\n<p>\u00abSi no se detiene a Putin en Ucrania, continuar\u00e1 inmediatamente en Moldavia o en los pa\u00edses b\u00e1lticos (&#8230;). Por tanto, es imperativo decir y actuar en consecuencia: hasta aqu\u00ed y ni un paso m\u00e1s\u00bb, opina Aly.<\/p>\n<p><i class=\"lang-es\"><span class=\" readonly\" title=\"\">Por Christoph Driessen (dpa)<\/span><\/i><\/p>\n","protected":false},"excerpt":{"rendered":"<p>Berl\u00edn, 27 ago (dpa) &#8211; A pocos d\u00edas de conmemorarse el inicio de la invasi\u00f3n de Polonia por la Alemania nazi, el 31 de agosto de 1939, el historiador y periodista alem\u00e1n G\u00f6tz Aly insiste en se\u00f1alar las similitudes entre aquel episodio hist\u00f3rico y el actual ataque ruso a Ucrania. Al igual que hizo Hitler<\/p>\n","protected":false},"author":1,"featured_media":182760,"comment_status":"closed","ping_status":"closed","sticky":false,"template":"","format":"standard","meta":{"footnotes":""},"categories":[485],"tags":[464,418],"class_list":{"0":"post-182759","1":"post","2":"type-post","3":"status-publish","4":"format-standard","5":"has-post-thumbnail","7":"category-internacional","8":"tag-conflictos","9":"tag-internacional"},"aioseo_notices":[],"aioseo_head":"\n\t\t<!-- All in One SEO Pro 4.9.6.2 - aioseo.com -->\n\t<meta name=\"description\" content=\"Berl\u00edn, 27 ago (dpa) - A pocos d\u00edas de conmemorarse el inicio de la invasi\u00f3n de Polonia por la Alemania nazi, el 31 de agosto de 1939, el historiador\" \/>\n\t<meta name=\"robots\" content=\"max-image-preview:large\" \/>\n\t<meta name=\"author\" content=\"Cand\u00e1s 365\"\/>\n\t<meta name=\"google-site-verification\" content=\"UA-32230408-1\" \/>\n\t<meta name=\"msvalidate.01\" content=\"354F3CDFB2DA171B47FBE9ABF1F88D5\" \/>\n\t<meta name=\"keywords\" content=\"internacional\" \/>\n\t<link rel=\"canonical\" href=\"https:\/\/candas365.es\/noticias\/historiador-aleman-compara-el-ataque-a-ucrania-con-la-invasion-nazi-de-polonia\/\" \/>\n\t<meta name=\"generator\" content=\"All in One SEO Pro (AIOSEO) 4.9.6.2\" \/>\n\t\t<meta property=\"og:locale\" content=\"es_ES\" \/>\n\t\t<meta property=\"og:site_name\" content=\"Cand\u00e1s 365\" \/>\n\t\t<meta property=\"og:type\" content=\"article\" \/>\n\t\t<meta property=\"og:title\" content=\"Historiador alem\u00e1n compara el ataque a Ucrania con la invasi\u00f3n nazi de Polonia | Cand\u00e1s 365\" \/>\n\t\t<meta property=\"og:description\" content=\"Berl\u00edn, 27 ago (dpa) - A pocos d\u00edas de conmemorarse el inicio de la invasi\u00f3n de Polonia por la Alemania nazi, el 31 de agosto de 1939, el historiador\" \/>\n\t\t<meta property=\"og:url\" content=\"https:\/\/candas365.es\/noticias\/historiador-aleman-compara-el-ataque-a-ucrania-con-la-invasion-nazi-de-polonia\/\" \/>\n\t\t<meta property=\"og:image\" content=\"https:\/\/candas365.es\/noticias\/wp-content\/uploads\/2024\/08\/Historiador-aleman.jpg\" \/>\n\t\t<meta property=\"og:image:secure_url\" content=\"https:\/\/candas365.es\/noticias\/wp-content\/uploads\/2024\/08\/Historiador-aleman.jpg\" \/>\n\t\t<meta property=\"og:image:width\" content=\"950\" \/>\n\t\t<meta property=\"og:image:height\" content=\"659\" \/>\n\t\t<meta property=\"article:published_time\" content=\"2024-08-30T03:12:06+00:00\" \/>\n\t\t<meta property=\"article:modified_time\" content=\"2024-08-30T03:12:06+00:00\" \/>\n\t\t<meta property=\"article:publisher\" content=\"https:\/\/www.facebook.com\/Nachofdezber\" \/>\n\t\t<meta property=\"article:author\" content=\"https:\/\/www.facebook.com\/carrenoactualidad\" \/>\n\t\t<meta name=\"twitter:card\" content=\"summary_large_image\" \/>\n\t\t<meta name=\"twitter:site\" content=\"@NabercoDigital\" \/>\n\t\t<meta name=\"twitter:title\" content=\"Historiador alem\u00e1n compara el ataque a Ucrania con la invasi\u00f3n nazi de Polonia | Cand\u00e1s 365\" \/>\n\t\t<meta name=\"twitter:description\" content=\"Berl\u00edn, 27 ago (dpa) - A pocos d\u00edas de conmemorarse el inicio de la invasi\u00f3n de Polonia por la Alemania nazi, el 31 de agosto de 1939, el historiador\" \/>\n\t\t<meta name=\"twitter:creator\" content=\"@nbasturias\" \/>\n\t\t<meta name=\"twitter:image\" content=\"https:\/\/candas365.es\/noticias\/wp-content\/uploads\/2024\/08\/Historiador-aleman.jpg\" \/>\n\t\t<meta name=\"twitter:label1\" content=\"Escrito por\" \/>\n\t\t<meta name=\"twitter:data1\" content=\"Cand\u00e1s 365\" \/>\n\t\t<meta name=\"twitter:label2\" content=\"Tiempo de lectura estimado\" \/>\n\t\t<meta name=\"twitter:data2\" content=\"4 minutos\" \/>\n\t\t<script type=\"application\/ld+json\" class=\"aioseo-schema\">\n\t\t\t{\"@context\":\"https:\\\/\\\/schema.org\",\"@graph\":[{\"@type\":\"BreadcrumbList\",\"@id\":\"https:\\\/\\\/candas365.es\\\/noticias\\\/historiador-aleman-compara-el-ataque-a-ucrania-con-la-invasion-nazi-de-polonia\\\/#breadcrumblist\",\"itemListElement\":[{\"@type\":\"ListItem\",\"@id\":\"https:\\\/\\\/candas365.es\\\/noticias#listItem\",\"position\":1,\"name\":\"Home\",\"item\":\"https:\\\/\\\/candas365.es\\\/noticias\",\"nextItem\":{\"@type\":\"ListItem\",\"@id\":\"https:\\\/\\\/candas365.es\\\/noticias\\\/category\\\/internacional\\\/#listItem\",\"name\":\"Internacional\"}},{\"@type\":\"ListItem\",\"@id\":\"https:\\\/\\\/candas365.es\\\/noticias\\\/category\\\/internacional\\\/#listItem\",\"position\":2,\"name\":\"Internacional\",\"item\":\"https:\\\/\\\/candas365.es\\\/noticias\\\/category\\\/internacional\\\/\",\"nextItem\":{\"@type\":\"ListItem\",\"@id\":\"https:\\\/\\\/candas365.es\\\/noticias\\\/historiador-aleman-compara-el-ataque-a-ucrania-con-la-invasion-nazi-de-polonia\\\/#listItem\",\"name\":\"Historiador alem\\u00e1n compara el ataque a Ucrania con la invasi\\u00f3n nazi de Polonia\"},\"previousItem\":{\"@type\":\"ListItem\",\"@id\":\"https:\\\/\\\/candas365.es\\\/noticias#listItem\",\"name\":\"Home\"}},{\"@type\":\"ListItem\",\"@id\":\"https:\\\/\\\/candas365.es\\\/noticias\\\/historiador-aleman-compara-el-ataque-a-ucrania-con-la-invasion-nazi-de-polonia\\\/#listItem\",\"position\":3,\"name\":\"Historiador alem\\u00e1n compara el ataque a Ucrania con la invasi\\u00f3n nazi de Polonia\",\"previousItem\":{\"@type\":\"ListItem\",\"@id\":\"https:\\\/\\\/candas365.es\\\/noticias\\\/category\\\/internacional\\\/#listItem\",\"name\":\"Internacional\"}}]},{\"@type\":\"NewsArticle\",\"@id\":\"https:\\\/\\\/candas365.es\\\/noticias\\\/historiador-aleman-compara-el-ataque-a-ucrania-con-la-invasion-nazi-de-polonia\\\/#newsarticle\",\"name\":\"Historiador alem\\u00e1n compara el ataque a Ucrania con la invasi\\u00f3n nazi de Polonia | Cand\\u00e1s 365\",\"headline\":\"Historiador alem\\u00e1n compara el ataque a Ucrania con la invasi\\u00f3n nazi de Polonia\",\"author\":{\"@id\":\"https:\\\/\\\/candas365.es\\\/noticias\\\/author\\\/admin\\\/#author\"},\"publisher\":{\"@id\":\"https:\\\/\\\/candas365.es\\\/noticias\\\/#organization\"},\"image\":{\"@type\":\"ImageObject\",\"url\":\"https:\\\/\\\/candas365.es\\\/noticias\\\/wp-content\\\/uploads\\\/2024\\\/08\\\/Historiador-aleman.jpg\",\"width\":950,\"height\":659,\"caption\":\"El historiador y polit\\u00f3logo alem\\u00e1n G\\u00f6tz Aly cree que hay un paralelismo entre el ataque ruso a Ucrania y la invasi\\u00f3n nazi de Polonia. Foto: Sophia Kembowski\\\/dpa\"},\"datePublished\":\"2024-08-30T05:12:06+02:00\",\"dateModified\":\"2024-08-30T05:12:06+02:00\",\"inLanguage\":\"es-ES\",\"mainEntityOfPage\":{\"@id\":\"https:\\\/\\\/candas365.es\\\/noticias\\\/historiador-aleman-compara-el-ataque-a-ucrania-con-la-invasion-nazi-de-polonia\\\/#webpage\"},\"isPartOf\":{\"@id\":\"https:\\\/\\\/candas365.es\\\/noticias\\\/historiador-aleman-compara-el-ataque-a-ucrania-con-la-invasion-nazi-de-polonia\\\/#webpage\"},\"articleSection\":\"Internacional, conflictos, Internacional\",\"dateline\":\"Publicado el agosto 30, 2024.\"},{\"@type\":\"Organization\",\"@id\":\"https:\\\/\\\/candas365.es\\\/noticias\\\/#organization\",\"name\":\"Cand\\u00e1s 365\",\"description\":\"Cand\\u00e1s 365 es un diario digital independiente, fundado en 2012, con base en Asturias. Informamos con rigor sobre actualidad, sociedad, cultura y ocio, con una mirada local y global.\",\"url\":\"https:\\\/\\\/candas365.es\\\/noticias\\\/\",\"email\":\"info@candas365.es\",\"telephone\":\"+34652131393\",\"foundingDate\":\"2012-06-10\",\"logo\":{\"@type\":\"ImageObject\",\"url\":\"https:\\\/\\\/candas365.es\\\/noticias\\\/wp-content\\\/uploads\\\/2024\\\/09\\\/Candas-365-Redes.jpg\",\"@id\":\"https:\\\/\\\/candas365.es\\\/noticias\\\/historiador-aleman-compara-el-ataque-a-ucrania-con-la-invasion-nazi-de-polonia\\\/#organizationLogo\",\"width\":1152,\"height\":864,\"caption\":\"Cand\\u00e1s 365 Redes\"},\"image\":{\"@id\":\"https:\\\/\\\/candas365.es\\\/noticias\\\/historiador-aleman-compara-el-ataque-a-ucrania-con-la-invasion-nazi-de-polonia\\\/#organizationLogo\"},\"sameAs\":[\"https:\\\/\\\/www.facebook.com\\\/Nachofdezber\",\"https:\\\/\\\/x.com\\\/NabercoDigital\",\"https:\\\/\\\/www.instagram.com\\\/nachofdezber\\\/\",\"https:\\\/\\\/www.youtube.com\\\/channel\\\/UCZP-2wLEB9Rv6erhFmqVnvg\"],\"address\":{\"@id\":\"https:\\\/\\\/candas365.es\\\/noticias\\\/#postaladdress\",\"@type\":\"PostalAddress\",\"streetAddress\":\"san antonio 4, san antonio 4\",\"postalCode\":\"33430\",\"addressLocality\":\"Cand\\u00e1s\",\"addressRegion\":\"Asturias\",\"addressCountry\":\"ES\"}},{\"@type\":\"Person\",\"@id\":\"https:\\\/\\\/candas365.es\\\/noticias\\\/author\\\/admin\\\/#author\",\"url\":\"https:\\\/\\\/candas365.es\\\/noticias\\\/author\\\/admin\\\/\",\"name\":\"Cand\\u00e1s 365\",\"image\":{\"@type\":\"ImageObject\",\"@id\":\"https:\\\/\\\/candas365.es\\\/noticias\\\/historiador-aleman-compara-el-ataque-a-ucrania-con-la-invasion-nazi-de-polonia\\\/#authorImage\",\"url\":\"https:\\\/\\\/secure.gravatar.com\\\/avatar\\\/496a8e03d0c493ede1718b7934145dbdf8d89be1036b0eec9544e1094c9de390?s=96&d=mm&r=g\",\"width\":96,\"height\":96,\"caption\":\"Cand\\u00e1s 365\"},\"sameAs\":[\"https:\\\/\\\/www.facebook.com\\\/carrenoactualidad\",\"https:\\\/\\\/twitter.com\\\/nbasturias\",\"https:\\\/\\\/www.instagram.com\\\/nachofdezber\\\/\",\"https:\\\/\\\/www.youtube.com\\\/channel\\\/UCZP-2wLEB9Rv6erhFmqVnvg\"]},{\"@type\":\"WebPage\",\"@id\":\"https:\\\/\\\/candas365.es\\\/noticias\\\/historiador-aleman-compara-el-ataque-a-ucrania-con-la-invasion-nazi-de-polonia\\\/#webpage\",\"url\":\"https:\\\/\\\/candas365.es\\\/noticias\\\/historiador-aleman-compara-el-ataque-a-ucrania-con-la-invasion-nazi-de-polonia\\\/\",\"name\":\"Historiador alem\\u00e1n compara el ataque a Ucrania con la invasi\\u00f3n nazi de Polonia | Cand\\u00e1s 365\",\"description\":\"Berl\\u00edn, 27 ago (dpa) - A pocos d\\u00edas de conmemorarse el inicio de la invasi\\u00f3n de Polonia por la Alemania nazi, el 31 de agosto de 1939, el historiador\",\"inLanguage\":\"es-ES\",\"isPartOf\":{\"@id\":\"https:\\\/\\\/candas365.es\\\/noticias\\\/#website\"},\"breadcrumb\":{\"@id\":\"https:\\\/\\\/candas365.es\\\/noticias\\\/historiador-aleman-compara-el-ataque-a-ucrania-con-la-invasion-nazi-de-polonia\\\/#breadcrumblist\"},\"author\":{\"@id\":\"https:\\\/\\\/candas365.es\\\/noticias\\\/author\\\/admin\\\/#author\"},\"creator\":{\"@id\":\"https:\\\/\\\/candas365.es\\\/noticias\\\/author\\\/admin\\\/#author\"},\"image\":{\"@type\":\"ImageObject\",\"url\":\"https:\\\/\\\/candas365.es\\\/noticias\\\/wp-content\\\/uploads\\\/2024\\\/08\\\/Historiador-aleman.jpg\",\"@id\":\"https:\\\/\\\/candas365.es\\\/noticias\\\/historiador-aleman-compara-el-ataque-a-ucrania-con-la-invasion-nazi-de-polonia\\\/#mainImage\",\"width\":950,\"height\":659,\"caption\":\"El historiador y polit\\u00f3logo alem\\u00e1n G\\u00f6tz Aly cree que hay un paralelismo entre el ataque ruso a Ucrania y la invasi\\u00f3n nazi de Polonia. Foto: Sophia Kembowski\\\/dpa\"},\"primaryImageOfPage\":{\"@id\":\"https:\\\/\\\/candas365.es\\\/noticias\\\/historiador-aleman-compara-el-ataque-a-ucrania-con-la-invasion-nazi-de-polonia\\\/#mainImage\"},\"datePublished\":\"2024-08-30T05:12:06+02:00\",\"dateModified\":\"2024-08-30T05:12:06+02:00\"},{\"@type\":\"WebSite\",\"@id\":\"https:\\\/\\\/candas365.es\\\/noticias\\\/#website\",\"url\":\"https:\\\/\\\/candas365.es\\\/noticias\\\/\",\"name\":\"Cand\\u00e1s 365\",\"alternateName\":\"Cand\\u00e1s 365 Noticias\",\"description\":\"Actualidad desde Carre\\u00f1o para el mundo\",\"inLanguage\":\"es-ES\",\"publisher\":{\"@id\":\"https:\\\/\\\/candas365.es\\\/noticias\\\/#organization\"}}]}\n\t\t<\/script>\n\t\t<!-- All in One SEO Pro -->\r\n\t\t<title>Historiador alem\u00e1n compara el ataque a Ucrania con la invasi\u00f3n nazi de Polonia | Cand\u00e1s 365<\/title>\n\n","aioseo_head_json":{"title":"Historiador alem\u00e1n compara el ataque a Ucrania con la invasi\u00f3n nazi de Polonia | Cand\u00e1s 365","description":"Berl\u00edn, 27 ago (dpa) - A pocos d\u00edas de conmemorarse el inicio de la invasi\u00f3n de Polonia por la Alemania nazi, el 31 de agosto de 1939, el historiador","canonical_url":"https:\/\/candas365.es\/noticias\/historiador-aleman-compara-el-ataque-a-ucrania-con-la-invasion-nazi-de-polonia\/","robots":"max-image-preview:large","keywords":"internacional","webmasterTools":{"google-site-verification":"UA-32230408-1","msvalidate.01":"354F3CDFB2DA171B47FBE9ABF1F88D5","miscellaneous":""},"schema":{"@context":"https:\/\/schema.org","@graph":[{"@type":"BreadcrumbList","@id":"https:\/\/candas365.es\/noticias\/historiador-aleman-compara-el-ataque-a-ucrania-con-la-invasion-nazi-de-polonia\/#breadcrumblist","itemListElement":[{"@type":"ListItem","@id":"https:\/\/candas365.es\/noticias#listItem","position":1,"name":"Home","item":"https:\/\/candas365.es\/noticias","nextItem":{"@type":"ListItem","@id":"https:\/\/candas365.es\/noticias\/category\/internacional\/#listItem","name":"Internacional"}},{"@type":"ListItem","@id":"https:\/\/candas365.es\/noticias\/category\/internacional\/#listItem","position":2,"name":"Internacional","item":"https:\/\/candas365.es\/noticias\/category\/internacional\/","nextItem":{"@type":"ListItem","@id":"https:\/\/candas365.es\/noticias\/historiador-aleman-compara-el-ataque-a-ucrania-con-la-invasion-nazi-de-polonia\/#listItem","name":"Historiador alem\u00e1n compara el ataque a Ucrania con la invasi\u00f3n nazi de Polonia"},"previousItem":{"@type":"ListItem","@id":"https:\/\/candas365.es\/noticias#listItem","name":"Home"}},{"@type":"ListItem","@id":"https:\/\/candas365.es\/noticias\/historiador-aleman-compara-el-ataque-a-ucrania-con-la-invasion-nazi-de-polonia\/#listItem","position":3,"name":"Historiador alem\u00e1n compara el ataque a Ucrania con la invasi\u00f3n nazi de Polonia","previousItem":{"@type":"ListItem","@id":"https:\/\/candas365.es\/noticias\/category\/internacional\/#listItem","name":"Internacional"}}]},{"@type":"NewsArticle","@id":"https:\/\/candas365.es\/noticias\/historiador-aleman-compara-el-ataque-a-ucrania-con-la-invasion-nazi-de-polonia\/#newsarticle","name":"Historiador alem\u00e1n compara el ataque a Ucrania con la invasi\u00f3n nazi de Polonia | Cand\u00e1s 365","headline":"Historiador alem\u00e1n compara el ataque a Ucrania con la invasi\u00f3n nazi de Polonia","author":{"@id":"https:\/\/candas365.es\/noticias\/author\/admin\/#author"},"publisher":{"@id":"https:\/\/candas365.es\/noticias\/#organization"},"image":{"@type":"ImageObject","url":"https:\/\/candas365.es\/noticias\/wp-content\/uploads\/2024\/08\/Historiador-aleman.jpg","width":950,"height":659,"caption":"El historiador y polit\u00f3logo alem\u00e1n G\u00f6tz Aly cree que hay un paralelismo entre el ataque ruso a Ucrania y la invasi\u00f3n nazi de Polonia. Foto: Sophia Kembowski\/dpa"},"datePublished":"2024-08-30T05:12:06+02:00","dateModified":"2024-08-30T05:12:06+02:00","inLanguage":"es-ES","mainEntityOfPage":{"@id":"https:\/\/candas365.es\/noticias\/historiador-aleman-compara-el-ataque-a-ucrania-con-la-invasion-nazi-de-polonia\/#webpage"},"isPartOf":{"@id":"https:\/\/candas365.es\/noticias\/historiador-aleman-compara-el-ataque-a-ucrania-con-la-invasion-nazi-de-polonia\/#webpage"},"articleSection":"Internacional, conflictos, Internacional","dateline":"Publicado el agosto 30, 2024."},{"@type":"Organization","@id":"https:\/\/candas365.es\/noticias\/#organization","name":"Cand\u00e1s 365","description":"Cand\u00e1s 365 es un diario digital independiente, fundado en 2012, con base en Asturias. Informamos con rigor sobre actualidad, sociedad, cultura y ocio, con una mirada local y global.","url":"https:\/\/candas365.es\/noticias\/","email":"info@candas365.es","telephone":"+34652131393","foundingDate":"2012-06-10","logo":{"@type":"ImageObject","url":"https:\/\/candas365.es\/noticias\/wp-content\/uploads\/2024\/09\/Candas-365-Redes.jpg","@id":"https:\/\/candas365.es\/noticias\/historiador-aleman-compara-el-ataque-a-ucrania-con-la-invasion-nazi-de-polonia\/#organizationLogo","width":1152,"height":864,"caption":"Cand\u00e1s 365 Redes"},"image":{"@id":"https:\/\/candas365.es\/noticias\/historiador-aleman-compara-el-ataque-a-ucrania-con-la-invasion-nazi-de-polonia\/#organizationLogo"},"sameAs":["https:\/\/www.facebook.com\/Nachofdezber","https:\/\/x.com\/NabercoDigital","https:\/\/www.instagram.com\/nachofdezber\/","https:\/\/www.youtube.com\/channel\/UCZP-2wLEB9Rv6erhFmqVnvg"],"address":{"@id":"https:\/\/candas365.es\/noticias\/#postaladdress","@type":"PostalAddress","streetAddress":"san antonio 4, san antonio 4","postalCode":"33430","addressLocality":"Cand\u00e1s","addressRegion":"Asturias","addressCountry":"ES"}},{"@type":"Person","@id":"https:\/\/candas365.es\/noticias\/author\/admin\/#author","url":"https:\/\/candas365.es\/noticias\/author\/admin\/","name":"Cand\u00e1s 365","image":{"@type":"ImageObject","@id":"https:\/\/candas365.es\/noticias\/historiador-aleman-compara-el-ataque-a-ucrania-con-la-invasion-nazi-de-polonia\/#authorImage","url":"https:\/\/secure.gravatar.com\/avatar\/496a8e03d0c493ede1718b7934145dbdf8d89be1036b0eec9544e1094c9de390?s=96&d=mm&r=g","width":96,"height":96,"caption":"Cand\u00e1s 365"},"sameAs":["https:\/\/www.facebook.com\/carrenoactualidad","https:\/\/twitter.com\/nbasturias","https:\/\/www.instagram.com\/nachofdezber\/","https:\/\/www.youtube.com\/channel\/UCZP-2wLEB9Rv6erhFmqVnvg"]},{"@type":"WebPage","@id":"https:\/\/candas365.es\/noticias\/historiador-aleman-compara-el-ataque-a-ucrania-con-la-invasion-nazi-de-polonia\/#webpage","url":"https:\/\/candas365.es\/noticias\/historiador-aleman-compara-el-ataque-a-ucrania-con-la-invasion-nazi-de-polonia\/","name":"Historiador alem\u00e1n compara el ataque a Ucrania con la invasi\u00f3n nazi de Polonia | Cand\u00e1s 365","description":"Berl\u00edn, 27 ago (dpa) - A pocos d\u00edas de conmemorarse el inicio de la invasi\u00f3n de Polonia por la Alemania nazi, el 31 de agosto de 1939, el historiador","inLanguage":"es-ES","isPartOf":{"@id":"https:\/\/candas365.es\/noticias\/#website"},"breadcrumb":{"@id":"https:\/\/candas365.es\/noticias\/historiador-aleman-compara-el-ataque-a-ucrania-con-la-invasion-nazi-de-polonia\/#breadcrumblist"},"author":{"@id":"https:\/\/candas365.es\/noticias\/author\/admin\/#author"},"creator":{"@id":"https:\/\/candas365.es\/noticias\/author\/admin\/#author"},"image":{"@type":"ImageObject","url":"https:\/\/candas365.es\/noticias\/wp-content\/uploads\/2024\/08\/Historiador-aleman.jpg","@id":"https:\/\/candas365.es\/noticias\/historiador-aleman-compara-el-ataque-a-ucrania-con-la-invasion-nazi-de-polonia\/#mainImage","width":950,"height":659,"caption":"El historiador y polit\u00f3logo alem\u00e1n G\u00f6tz Aly cree que hay un paralelismo entre el ataque ruso a Ucrania y la invasi\u00f3n nazi de Polonia. Foto: Sophia Kembowski\/dpa"},"primaryImageOfPage":{"@id":"https:\/\/candas365.es\/noticias\/historiador-aleman-compara-el-ataque-a-ucrania-con-la-invasion-nazi-de-polonia\/#mainImage"},"datePublished":"2024-08-30T05:12:06+02:00","dateModified":"2024-08-30T05:12:06+02:00"},{"@type":"WebSite","@id":"https:\/\/candas365.es\/noticias\/#website","url":"https:\/\/candas365.es\/noticias\/","name":"Cand\u00e1s 365","alternateName":"Cand\u00e1s 365 Noticias","description":"Actualidad desde Carre\u00f1o para el mundo","inLanguage":"es-ES","publisher":{"@id":"https:\/\/candas365.es\/noticias\/#organization"}}]},"og:locale":"es_ES","og:site_name":"Cand\u00e1s 365","og:type":"article","og:title":"Historiador alem\u00e1n compara el ataque a Ucrania con la invasi\u00f3n nazi de Polonia | Cand\u00e1s 365","og:description":"Berl\u00edn, 27 ago (dpa) - A pocos d\u00edas de conmemorarse el inicio de la invasi\u00f3n de Polonia por la Alemania nazi, el 31 de agosto de 1939, el historiador","og:url":"https:\/\/candas365.es\/noticias\/historiador-aleman-compara-el-ataque-a-ucrania-con-la-invasion-nazi-de-polonia\/","og:image":"https:\/\/candas365.es\/noticias\/wp-content\/uploads\/2024\/08\/Historiador-aleman.jpg","og:image:secure_url":"https:\/\/candas365.es\/noticias\/wp-content\/uploads\/2024\/08\/Historiador-aleman.jpg","og:image:width":950,"og:image:height":659,"article:published_time":"2024-08-30T03:12:06+00:00","article:modified_time":"2024-08-30T03:12:06+00:00","article:publisher":"https:\/\/www.facebook.com\/Nachofdezber","article:author":"https:\/\/www.facebook.com\/carrenoactualidad","twitter:card":"summary_large_image","twitter:site":"@NabercoDigital","twitter:title":"Historiador alem\u00e1n compara el ataque a Ucrania con la invasi\u00f3n nazi de Polonia | Cand\u00e1s 365","twitter:description":"Berl\u00edn, 27 ago (dpa) - A pocos d\u00edas de conmemorarse el inicio de la invasi\u00f3n de Polonia por la Alemania nazi, el 31 de agosto de 1939, el historiador","twitter:creator":"@nbasturias","twitter:image":"https:\/\/candas365.es\/noticias\/wp-content\/uploads\/2024\/08\/Historiador-aleman.jpg","twitter:label1":"Escrito por","twitter:data1":"Cand\u00e1s 365","twitter:label2":"Tiempo de lectura estimado","twitter:data2":"4 minutos"},"aioseo_meta_data":{"post_id":"182759","title":null,"description":"Berl\u00edn, 27 ago (dpa) - A pocos d\u00edas de conmemorarse el inicio de la invasi\u00f3n de Polonia por la Alemania nazi, el 31 de agosto de 1939, el historiador","keywords":null,"keyphrases":{"focus":{"keyphrase":"historiador","score":78,"analysis":{"keyphraseInTitle":{"score":9,"maxScore":9,"error":0},"keyphraseInDescription":{"score":9,"maxScore":9,"error":0},"keyphraseLength":{"score":9,"maxScore":9,"error":0,"length":1},"keyphraseInURL":{"score":1,"maxScore":5,"error":1},"keyphraseInIntroduction":{"score":9,"maxScore":9,"error":0},"keyphraseInSubHeadings":[],"keyphraseInImageAlt":{"score":9,"maxScore":9,"error":0},"keywordDensity":{"score":0,"type":"low","maxScore":9,"error":1}}},"additional":[{"keyphrase":"historiador","score":80,"analysis":{"keyphraseInDescription":{"score":9,"maxScore":9,"error":0},"keyphraseLength":{"score":9,"maxScore":9,"error":0,"length":1},"keyphraseInIntroduction":{"score":9,"maxScore":9,"error":0},"keyphraseInImageAlt":{"score":9,"maxScore":9,"error":0},"keywordDensity":{"score":0,"type":"low","maxScore":9,"error":1}}}]},"primary_term":null,"canonical_url":null,"og_title":null,"og_description":null,"og_object_type":"default","og_image_type":"default","og_image_url":null,"og_image_width":null,"og_image_height":null,"og_image_custom_url":null,"og_image_custom_fields":null,"og_video":"","og_custom_url":null,"og_article_section":null,"og_article_tags":null,"twitter_use_og":false,"twitter_card":"default","twitter_image_type":"default","twitter_image_url":null,"twitter_image_custom_url":null,"twitter_image_custom_fields":null,"twitter_title":null,"twitter_description":null,"schema":{"blockGraphs":[],"customGraphs":[],"default":{"data":{"Article":[],"Course":[],"Dataset":[],"FAQPage":[],"Movie":[],"Person":[],"Product":[],"ProductReview":[],"Car":[],"Recipe":[],"Service":[],"SoftwareApplication":[],"WebPage":[]},"graphName":"Article","isEnabled":true},"graphs":[]},"schema_type":"default","schema_type_options":null,"pillar_content":false,"robots_default":true,"robots_noindex":false,"robots_noarchive":false,"robots_nosnippet":false,"robots_nofollow":false,"robots_noimageindex":false,"robots_noodp":false,"robots_notranslate":false,"robots_max_snippet":"-1","robots_max_videopreview":"-1","robots_max_imagepreview":"large","priority":null,"frequency":"default","location":null,"local_seo":null,"seo_analyzer_scan_date":"2025-09-02 13:33:13","breadcrumb_settings":null,"limit_modified_date":false,"reviewed_by":null,"open_ai":"{\"title\":{\"suggestions\":[],\"usage\":0},\"description\":{\"suggestions\":[],\"usage\":0}}","ai":null,"created":"2024-08-30 03:06:45","updated":"2025-09-02 13:33:13"},"aioseo_breadcrumb":"<div class=\"aioseo-breadcrumbs\"><span class=\"aioseo-breadcrumb\">\n\t<a href=\"https:\/\/candas365.es\/noticias\" title=\"Home\">Home<\/a>\n<\/span><span class=\"aioseo-breadcrumb-separator\">&ndash;<\/span><span class=\"aioseo-breadcrumb\">\n\t<a href=\"https:\/\/candas365.es\/noticias\/category\/internacional\/\" title=\"Internacional\">Internacional<\/a>\n<\/span><span class=\"aioseo-breadcrumb-separator\">&ndash;<\/span><span class=\"aioseo-breadcrumb\">\n\tHistoriador alem\u00e1n compara el ataque a Ucrania con la invasi\u00f3n nazi de Polonia\n<\/span><\/div>","aioseo_breadcrumb_json":[{"label":"Home","link":"https:\/\/candas365.es\/noticias"},{"label":"Internacional","link":"https:\/\/candas365.es\/noticias\/category\/internacional\/"},{"label":"Historiador alem\u00e1n compara el ataque a Ucrania con la invasi\u00f3n nazi de Polonia","link":"https:\/\/candas365.es\/noticias\/historiador-aleman-compara-el-ataque-a-ucrania-con-la-invasion-nazi-de-polonia\/"}],"_links":{"self":[{"href":"https:\/\/candas365.es\/noticias\/wp-json\/wp\/v2\/posts\/182759","targetHints":{"allow":["GET"]}}],"collection":[{"href":"https:\/\/candas365.es\/noticias\/wp-json\/wp\/v2\/posts"}],"about":[{"href":"https:\/\/candas365.es\/noticias\/wp-json\/wp\/v2\/types\/post"}],"author":[{"embeddable":true,"href":"https:\/\/candas365.es\/noticias\/wp-json\/wp\/v2\/users\/1"}],"replies":[{"embeddable":true,"href":"https:\/\/candas365.es\/noticias\/wp-json\/wp\/v2\/comments?post=182759"}],"version-history":[{"count":0,"href":"https:\/\/candas365.es\/noticias\/wp-json\/wp\/v2\/posts\/182759\/revisions"}],"wp:featuredmedia":[{"embeddable":true,"href":"https:\/\/candas365.es\/noticias\/wp-json\/wp\/v2\/media\/182760"}],"wp:attachment":[{"href":"https:\/\/candas365.es\/noticias\/wp-json\/wp\/v2\/media?parent=182759"}],"wp:term":[{"taxonomy":"category","embeddable":true,"href":"https:\/\/candas365.es\/noticias\/wp-json\/wp\/v2\/categories?post=182759"},{"taxonomy":"post_tag","embeddable":true,"href":"https:\/\/candas365.es\/noticias\/wp-json\/wp\/v2\/tags?post=182759"}],"curies":[{"name":"wp","href":"https:\/\/api.w.org\/{rel}","templated":true}]}}