{"id":182657,"date":"2024-08-18T16:59:46","date_gmt":"2024-08-18T14:59:46","guid":{"rendered":"https:\/\/candas365.es\/noticias\/?p=182657"},"modified":"2024-08-18T16:59:46","modified_gmt":"2024-08-18T14:59:46","slug":"zweifel-an-neuem-haushaltskompromiss-der-ampel","status":"publish","type":"post","link":"https:\/\/candas365.es\/noticias\/zweifel-an-neuem-haushaltskompromiss-der-ampel\/","title":{"rendered":"Zweifel an neuem Haushaltskompromiss der Ampel"},"content":{"rendered":"<p>Berlin (<a title=\"dpa\" href=\"https:\/\/www.dpa-news.de\/\" target=\"_blank\" rel=\"noopener\"><span style=\"color: #ff6600;\"><strong>dpa<\/strong><\/span><\/a>) &#8211; Die m\u00fchsam errungene Einigung der Ampel-Regierung zum Bundeshaushalt 2025 st\u00f6\u00dft bei Opposition und Beobachtern auf Kritik.<\/p>\n<figure id=\"attachment_182658\" aria-describedby=\"caption-attachment-182658\" style=\"width: 650px\" class=\"wp-caption aligncenter\"><img fetchpriority=\"high\" decoding=\"async\" class=\"size-large wp-image-182658\" src=\"https:\/\/candas365.es\/noticias\/wp-content\/uploads\/2024\/08\/Lindner-650x434.jpg\" alt=\"Lindner\" width=\"650\" height=\"434\" srcset=\"https:\/\/candas365.es\/noticias\/wp-content\/uploads\/2024\/08\/Lindner-650x434.jpg 650w, https:\/\/candas365.es\/noticias\/wp-content\/uploads\/2024\/08\/Lindner-360x240.jpg 360w, https:\/\/candas365.es\/noticias\/wp-content\/uploads\/2024\/08\/Lindner-768x513.jpg 768w, https:\/\/candas365.es\/noticias\/wp-content\/uploads\/2024\/08\/Lindner-150x100.jpg 150w, https:\/\/candas365.es\/noticias\/wp-content\/uploads\/2024\/08\/Lindner-450x300.jpg 450w, https:\/\/candas365.es\/noticias\/wp-content\/uploads\/2024\/08\/Lindner.jpg 971w\" sizes=\"(max-width: 650px) 100vw, 650px\" \/><figcaption id=\"caption-attachment-182658\" class=\"wp-caption-text\">Statement zur Einigung auf Bundeshaushalt 2025 von Finanzminister Christian Lindner (FDP). Die Spitzen der Ampel-Koalition haben einen neuen Kompromiss zum Bundeshaushalt f\u00fcr das kommende Jahr gefunden. Foto: Christoph Reichwein\/dpa<\/figcaption><\/figure>\n<p>F\u00fcr rechtlich riskant h\u00e4lt sie der M\u00fcnchner Staatsrechtler Stefan Korioth. Als \u00abdas gr\u00f6\u00dfte Problem bei diesem Kompromiss\u00bb sieht der Universit\u00e4tsprofessor die hohe globale Minderausgabe an, also die Annahme, dass 12 Milliarden Euro zwar verplant, am Ende voraussichtlich aber doch nicht ausgegeben werden. Dieses Instrument sei zwar \u00fcblich, aber nicht in der H\u00f6he, sagte er dem Berliner \u00abTagesspiegel\u00bb (Online).<\/p>\n<p>Es sei unklar, von welchen Erfahrungswerten die Koalition hier ausgehe, sagte Korioth. \u00abUnd daher stellt sich die Frage, ob hier nicht einfach eine Unterdeckung verschleiert werden soll.\u00bb<\/p>\n<h2>Gutachten machten Nachverhandlungen n\u00f6tig<\/h2>\n<p>Urspr\u00fcnglich hatten sich Kanzler Olaf Scholz (SPD), Wirtschaftsminister Robert Habeck (Gr\u00fcne) und Finanzminister Christian Lindner (FDP) schon im Juli auf einen Entwurf zum Bundeshaushalt 2025 verst\u00e4ndigt. Mehrere Gutachten lie\u00dfen aber Zweifel an der Machbarkeit von Finanzierungsmodellen aufkommen, was Nachverhandlungen zur Folge hatte.<\/p>\n<p>Der neue Kompromiss vom Freitag sieht im Kern Umschichtungen von Geld f\u00fcr die bundeseigene Deutsche Bahn vor. Die Milliardenl\u00fccke wurde von 17 Milliarden auf 12 Milliarden Euro gedr\u00fcckt. Die Zeit f\u00fcr das Spitzentrio dr\u00e4ngte auch deshalb, weil der Bundestag vor der Haushaltswoche im September noch ausreichend Zeit haben soll, sich mit dem Zahlenwerk zu befassen. Die Abgeordneten beschlie\u00dfen den Haushalt am Ende.<\/p>\n<h2>SPD hofft auf \u00abweitere Verbesserungen\u00bb im Bundestag<\/h2>\n<p>Unionsfraktionsvize Ulrich Lange (CSU) sprach von einem \u00abHarakiri-Haushalt\u00bb. Die AfD-Fraktionsvorsitzende Alice Weidel nannte den Entwurf \u00abkomplett unseri\u00f6s\u00bb. Sie bem\u00e4ngelte: \u00abZur Sanierung der Staatsfinanzen durch Verzicht auf \u00fcberfl\u00fcssige Staatsausgaben ist diese Koalition offenkundig nicht willens. Es ist der politische, moralische und finanzielle Bankrott dieser Regierung.\u00bb SPD-Fraktionsvize Achim Post r\u00e4umte ein, f\u00fcr den Bundestag bleibe noch einiges zu tun. Seine Partei wolle einen Haushalt, der starke Investitionen ansto\u00dfe und die soziale, innere und \u00e4u\u00dfere Sicherheit Deutschlands gew\u00e4hrleistet. \u00abDer Entwurf der Regierung sieht hierf\u00fcr wichtige Weichenstellungen vor, hinter die wir keinesfalls zur\u00fcckfallen d\u00fcrfen. Stattdessen ist unser Ziel, wie sonst auch in den parlamentarischen Beratungen, m\u00f6glichst noch weitere Verbesserungen zu erreichen\u00bb, sagte er.<\/p>\n<p>Lindner selbst sieht beim m\u00fchsam errungenen neuen Haushaltskompromiss der Koalitionsspitzen Licht und Schatten. Der FDP-Chef hob zwar hervor, dass die Schuldenbremse weiter eingehalten werde und Steuern nicht erh\u00f6ht w\u00fcrden. Auch sieht er keine verfassungsrechtlichen Probleme. Allerdings lie\u00df Lindner auch Missmut \u00fcber die verbleibende Milliardenl\u00fccke von 12 Milliarden Euro erkennen.<\/p>\n<h2>\u00abDa hat sich keiner mit Ruhm bekleckert\u00bb<\/h2>\n<p>Die Ampel operiert mit einer sogenannten globalen Minderausgabe von 12 Milliarden Euro. Die Regierung geht hierbei davon aus, dass die Ministerien nicht das gesamte Geld in dem Jahr ausgeben werden &#8211; zum Beispiel, weil sich Projekte verz\u00f6gern. \u00abBesser w\u00e4re es, sie w\u00e4re einstellig\u00bb, hatte Lindner gesagt. In den ARD-\u00abTagesthemen\u00bb ging der Finanzminister am Freitagabend davon aus, dass die Summe bis November noch sinken wird, \u00abdurch die \u00f6konomischen Entwicklungen und durch Aktualisierungsnotwendigkeiten\u00bb, wie er sagte.<\/p>\n<p>Vizekanzler Habeck hadert mit dem Vorlauf zum neuen Kompromiss. \u00abDas h\u00e4tte alles leiser, nicht \u00f6ffentlich, passieren sollen\u00bb, sagte er \u00fcber den \u00f6ffentlich ausgetragenen Streit. \u00abDa hat sich keiner mit Ruhm bekleckert.\u00bb Auch SPD-Chef Lars Klingbeil r\u00e4umte bei RTL\/ntv ein: \u00abDiskussion ist okay, aber es h\u00e4tte an vielen Stellen leiser sein k\u00f6nnen. Es h\u00e4tte auch vertraulicher sein k\u00f6nnen. Und gerade die \u00f6ffentliche Inszenierung von Streit hat sicherlich keiner der drei Ampel-Parteien geholfen, das w\u00e4re nicht n\u00f6tig gewesen.\u00bb<\/p>\n<h2>Diskussion um Auswirkungen auf die Bahn<\/h2>\n<p>Ungemach droht der Koalition wegen eines neuen Finanzierungsmodells f\u00fcr die Deutsche Bahn, das f\u00fcr Konkurrenten h\u00f6here Trassenpreise und f\u00fcr deren Kunden h\u00f6here Fahrpreise nach sich ziehen k\u00f6nnten. Nach dem Kompromiss der Koalitionsspitzen soll die Infrastruktursparte der Deutschen Bahn AG zus\u00e4tzliches Eigenkapital im Umfang von 4,5 Milliarden Euro bekommen. Das soll direkte Zusch\u00fcsse aus dem Bundeshaushalt ersetzen.<\/p>\n<p>Au\u00dferdem soll die Bahn ein Darlehen des Bundes in H\u00f6he von 3 Milliarden Euro erhalten. Bisher war eine Eigenkapitalerh\u00f6hung von rund 5,9 Milliarden Euro vorgesehen. Damit soll die Bahn Investitionen zur Sanierung des maroden Schienennetzes vornehmen. Mehr Eigenkapital f\u00fcr die Bahn kann aus Finanzierungsgr\u00fcnden steigende Trassenpreise bedeuten &#8211; also Geb\u00fchren f\u00fcr die Nutzung des Schienennetzes, eine Art Schienenmaut.<\/p>\n<p>Staatsrechtler Korioth merkte an: \u00abDie Bahn hat bekannterma\u00dfen wirtschaftliche Schwierigkeiten, ist immer wieder defizit\u00e4r, weshalb eine R\u00fcckzahlung des Darlehens nicht unbedingt einkalkuliert werden kann. Und bei einer im Kompromiss vereinbarten Laufzeit des Kredits von 34 Jahren stellt sich schon die Frage, ob die R\u00fcckzahlungsf\u00e4higkeit hier nicht doch auch in der Koalition bezweifelt wird.\u00bb Nicht un\u00fcblich w\u00e4ren ihm zufolge zehn bis zw\u00f6lf Jahre.<\/p>\n<h2>CSU-Politiker Lang: Bahn wird Kredite nicht zur\u00fcckzahlen k\u00f6nnen<\/h2>\n<p>Auch CSU-Politiker Lange ist wenig zuversichtlich: \u00abDie hoch verschuldete Bahn wird die Kredite nicht zur\u00fcckzahlen k\u00f6nnen und die Eigenkapitalerh\u00f6hung wie schon diverse Male zuvor irgendwo im Konzern versenken.\u00bb<\/p>\n<p>Die Allianz pro Schiene sieht das Finanzierungsmodell \u00abausgesprochen kritisch\u00bb, wie der Leiter Verkehrspolitik des Bahnverbandes, Andreas Gei\u00dfler, betonte. \u00abEigenkapitalerh\u00f6hungen anstelle der eigentlich \u00fcblichen Baukostenzusch\u00fcsse f\u00fchren zu h\u00f6heren Trassenpreisen, machen also in der Konsequenz die Nutzung der Schieneninfrastruktur f\u00fcr Eisenbahnverkehrsunternehmen und damit die Wirtschaft und Reisenden erheblich teurer\u00bb, erl\u00e4uterte Gei\u00dfler.<\/p>\n","protected":false},"excerpt":{"rendered":"<p>Berlin (dpa) &#8211; Die m\u00fchsam errungene Einigung der Ampel-Regierung zum Bundeshaushalt 2025 st\u00f6\u00dft bei Opposition und Beobachtern auf Kritik. F\u00fcr rechtlich riskant h\u00e4lt sie der M\u00fcnchner Staatsrechtler Stefan Korioth. Als \u00abdas gr\u00f6\u00dfte Problem bei diesem Kompromiss\u00bb sieht der Universit\u00e4tsprofessor die hohe globale Minderausgabe an, also die Annahme, dass 12 Milliarden Euro zwar verplant, am Ende<\/p>\n","protected":false},"author":1,"featured_media":182658,"comment_status":"closed","ping_status":"closed","sticky":false,"template":"","format":"standard","meta":{"footnotes":""},"categories":[536],"tags":[427],"class_list":{"0":"post-182657","1":"post","2":"type-post","3":"status-publish","4":"format-standard","5":"has-post-thumbnail","7":"category-candas-news","8":"tag-news"},"aioseo_notices":[],"aioseo_head":"\n\t\t<!-- All in One SEO Pro 4.9.6.2 - aioseo.com -->\n\t<meta name=\"description\" content=\"Berlin (dpa) - Die m\u00fchsam errungene Einigung der Ampel-Regierung zum Bundeshaushalt 2025 st\u00f6\u00dft bei Opposition und Beobachtern auf Kritik.\" \/>\n\t<meta name=\"robots\" content=\"max-image-preview:large\" \/>\n\t<meta name=\"author\" content=\"Cand\u00e1s 365\"\/>\n\t<meta name=\"google-site-verification\" content=\"UA-32230408-1\" \/>\n\t<meta name=\"msvalidate.01\" content=\"354F3CDFB2DA171B47FBE9ABF1F88D5\" \/>\n\t<meta name=\"keywords\" content=\"news\" \/>\n\t<link rel=\"canonical\" href=\"https:\/\/candas365.es\/noticias\/zweifel-an-neuem-haushaltskompromiss-der-ampel\/\" \/>\n\t<meta name=\"generator\" content=\"All in One SEO Pro (AIOSEO) 4.9.6.2\" \/>\n\t\t<meta property=\"og:locale\" content=\"es_ES\" \/>\n\t\t<meta property=\"og:site_name\" content=\"Cand\u00e1s 365\" \/>\n\t\t<meta property=\"og:type\" content=\"article\" \/>\n\t\t<meta property=\"og:title\" content=\"Zweifel an neuem Haushaltskompromiss der Ampel | Cand\u00e1s 365\" \/>\n\t\t<meta property=\"og:description\" content=\"Berlin (dpa) - Die m\u00fchsam errungene Einigung der Ampel-Regierung zum Bundeshaushalt 2025 st\u00f6\u00dft bei Opposition und Beobachtern auf Kritik.\" \/>\n\t\t<meta property=\"og:url\" content=\"https:\/\/candas365.es\/noticias\/zweifel-an-neuem-haushaltskompromiss-der-ampel\/\" \/>\n\t\t<meta property=\"og:image\" content=\"https:\/\/candas365.es\/noticias\/wp-content\/uploads\/2024\/08\/Lindner.jpg\" \/>\n\t\t<meta property=\"og:image:secure_url\" content=\"https:\/\/candas365.es\/noticias\/wp-content\/uploads\/2024\/08\/Lindner.jpg\" \/>\n\t\t<meta property=\"og:image:width\" content=\"971\" \/>\n\t\t<meta property=\"og:image:height\" content=\"648\" \/>\n\t\t<meta property=\"article:published_time\" content=\"2024-08-18T14:59:46+00:00\" \/>\n\t\t<meta property=\"article:modified_time\" content=\"2024-08-18T14:59:46+00:00\" \/>\n\t\t<meta property=\"article:publisher\" content=\"https:\/\/www.facebook.com\/Nachofdezber\" \/>\n\t\t<meta property=\"article:author\" content=\"https:\/\/www.facebook.com\/carrenoactualidad\" \/>\n\t\t<meta name=\"twitter:card\" content=\"summary_large_image\" \/>\n\t\t<meta name=\"twitter:site\" content=\"@NabercoDigital\" \/>\n\t\t<meta name=\"twitter:title\" content=\"Zweifel an neuem Haushaltskompromiss der Ampel | Cand\u00e1s 365\" \/>\n\t\t<meta name=\"twitter:description\" content=\"Berlin (dpa) - Die m\u00fchsam errungene Einigung der Ampel-Regierung zum Bundeshaushalt 2025 st\u00f6\u00dft bei Opposition und Beobachtern auf Kritik.\" \/>\n\t\t<meta name=\"twitter:creator\" content=\"@nbasturias\" \/>\n\t\t<meta name=\"twitter:image\" content=\"https:\/\/candas365.es\/noticias\/wp-content\/uploads\/2024\/08\/Lindner.jpg\" \/>\n\t\t<meta name=\"twitter:label1\" content=\"Escrito por\" \/>\n\t\t<meta name=\"twitter:data1\" content=\"Cand\u00e1s 365\" \/>\n\t\t<meta name=\"twitter:label2\" content=\"Tiempo de lectura estimado\" \/>\n\t\t<meta name=\"twitter:data2\" content=\"5 minutos\" \/>\n\t\t<script type=\"application\/ld+json\" class=\"aioseo-schema\">\n\t\t\t{\"@context\":\"https:\\\/\\\/schema.org\",\"@graph\":[{\"@type\":\"BreadcrumbList\",\"@id\":\"https:\\\/\\\/candas365.es\\\/noticias\\\/zweifel-an-neuem-haushaltskompromiss-der-ampel\\\/#breadcrumblist\",\"itemListElement\":[{\"@type\":\"ListItem\",\"@id\":\"https:\\\/\\\/candas365.es\\\/noticias#listItem\",\"position\":1,\"name\":\"Home\",\"item\":\"https:\\\/\\\/candas365.es\\\/noticias\",\"nextItem\":{\"@type\":\"ListItem\",\"@id\":\"https:\\\/\\\/candas365.es\\\/noticias\\\/category\\\/candas-news\\\/#listItem\",\"name\":\"News\"}},{\"@type\":\"ListItem\",\"@id\":\"https:\\\/\\\/candas365.es\\\/noticias\\\/category\\\/candas-news\\\/#listItem\",\"position\":2,\"name\":\"News\",\"item\":\"https:\\\/\\\/candas365.es\\\/noticias\\\/category\\\/candas-news\\\/\",\"nextItem\":{\"@type\":\"ListItem\",\"@id\":\"https:\\\/\\\/candas365.es\\\/noticias\\\/zweifel-an-neuem-haushaltskompromiss-der-ampel\\\/#listItem\",\"name\":\"Zweifel an neuem Haushaltskompromiss der Ampel\"},\"previousItem\":{\"@type\":\"ListItem\",\"@id\":\"https:\\\/\\\/candas365.es\\\/noticias#listItem\",\"name\":\"Home\"}},{\"@type\":\"ListItem\",\"@id\":\"https:\\\/\\\/candas365.es\\\/noticias\\\/zweifel-an-neuem-haushaltskompromiss-der-ampel\\\/#listItem\",\"position\":3,\"name\":\"Zweifel an neuem Haushaltskompromiss der Ampel\",\"previousItem\":{\"@type\":\"ListItem\",\"@id\":\"https:\\\/\\\/candas365.es\\\/noticias\\\/category\\\/candas-news\\\/#listItem\",\"name\":\"News\"}}]},{\"@type\":\"NewsArticle\",\"@id\":\"https:\\\/\\\/candas365.es\\\/noticias\\\/zweifel-an-neuem-haushaltskompromiss-der-ampel\\\/#newsarticle\",\"name\":\"Zweifel an neuem Haushaltskompromiss der Ampel | Cand\\u00e1s 365\",\"headline\":\"Zweifel an neuem Haushaltskompromiss der Ampel\",\"author\":{\"@id\":\"https:\\\/\\\/candas365.es\\\/noticias\\\/author\\\/admin\\\/#author\"},\"publisher\":{\"@id\":\"https:\\\/\\\/candas365.es\\\/noticias\\\/#organization\"},\"image\":{\"@type\":\"ImageObject\",\"url\":\"https:\\\/\\\/candas365.es\\\/noticias\\\/wp-content\\\/uploads\\\/2024\\\/08\\\/Lindner.jpg\",\"width\":971,\"height\":648,\"caption\":\"Statement zur Einigung auf Bundeshaushalt 2025 von Finanzminister Christian Lindner (FDP). Die Spitzen der Ampel-Koalition haben einen neuen Kompromiss zum Bundeshaushalt f\\u00fcr das kommende Jahr gefunden. Foto: Christoph Reichwein\\\/dpa\"},\"datePublished\":\"2024-08-18T16:59:46+02:00\",\"dateModified\":\"2024-08-18T16:59:46+02:00\",\"inLanguage\":\"es-ES\",\"mainEntityOfPage\":{\"@id\":\"https:\\\/\\\/candas365.es\\\/noticias\\\/zweifel-an-neuem-haushaltskompromiss-der-ampel\\\/#webpage\"},\"isPartOf\":{\"@id\":\"https:\\\/\\\/candas365.es\\\/noticias\\\/zweifel-an-neuem-haushaltskompromiss-der-ampel\\\/#webpage\"},\"articleSection\":\"News, news\",\"dateline\":\"Publicado el agosto 18, 2024.\"},{\"@type\":\"Organization\",\"@id\":\"https:\\\/\\\/candas365.es\\\/noticias\\\/#organization\",\"name\":\"Cand\\u00e1s 365\",\"description\":\"Cand\\u00e1s 365 es un diario digital independiente, fundado en 2012, con base en Asturias. Informamos con rigor sobre actualidad, sociedad, cultura y ocio, con una mirada local y global.\",\"url\":\"https:\\\/\\\/candas365.es\\\/noticias\\\/\",\"email\":\"info@candas365.es\",\"telephone\":\"+34652131393\",\"foundingDate\":\"2012-06-10\",\"logo\":{\"@type\":\"ImageObject\",\"url\":\"https:\\\/\\\/candas365.es\\\/noticias\\\/wp-content\\\/uploads\\\/2024\\\/09\\\/Candas-365-Redes.jpg\",\"@id\":\"https:\\\/\\\/candas365.es\\\/noticias\\\/zweifel-an-neuem-haushaltskompromiss-der-ampel\\\/#organizationLogo\",\"width\":1152,\"height\":864,\"caption\":\"Cand\\u00e1s 365 Redes\"},\"image\":{\"@id\":\"https:\\\/\\\/candas365.es\\\/noticias\\\/zweifel-an-neuem-haushaltskompromiss-der-ampel\\\/#organizationLogo\"},\"sameAs\":[\"https:\\\/\\\/www.facebook.com\\\/Nachofdezber\",\"https:\\\/\\\/x.com\\\/NabercoDigital\",\"https:\\\/\\\/www.instagram.com\\\/nachofdezber\\\/\",\"https:\\\/\\\/www.youtube.com\\\/channel\\\/UCZP-2wLEB9Rv6erhFmqVnvg\"],\"address\":{\"@id\":\"https:\\\/\\\/candas365.es\\\/noticias\\\/#postaladdress\",\"@type\":\"PostalAddress\",\"streetAddress\":\"san antonio 4, san antonio 4\",\"postalCode\":\"33430\",\"addressLocality\":\"Cand\\u00e1s\",\"addressRegion\":\"Asturias\",\"addressCountry\":\"ES\"}},{\"@type\":\"Person\",\"@id\":\"https:\\\/\\\/candas365.es\\\/noticias\\\/author\\\/admin\\\/#author\",\"url\":\"https:\\\/\\\/candas365.es\\\/noticias\\\/author\\\/admin\\\/\",\"name\":\"Cand\\u00e1s 365\",\"image\":{\"@type\":\"ImageObject\",\"@id\":\"https:\\\/\\\/candas365.es\\\/noticias\\\/zweifel-an-neuem-haushaltskompromiss-der-ampel\\\/#authorImage\",\"url\":\"https:\\\/\\\/secure.gravatar.com\\\/avatar\\\/496a8e03d0c493ede1718b7934145dbdf8d89be1036b0eec9544e1094c9de390?s=96&d=mm&r=g\",\"width\":96,\"height\":96,\"caption\":\"Cand\\u00e1s 365\"},\"sameAs\":[\"https:\\\/\\\/www.facebook.com\\\/carrenoactualidad\",\"https:\\\/\\\/twitter.com\\\/nbasturias\",\"https:\\\/\\\/www.instagram.com\\\/nachofdezber\\\/\",\"https:\\\/\\\/www.youtube.com\\\/channel\\\/UCZP-2wLEB9Rv6erhFmqVnvg\"]},{\"@type\":\"WebPage\",\"@id\":\"https:\\\/\\\/candas365.es\\\/noticias\\\/zweifel-an-neuem-haushaltskompromiss-der-ampel\\\/#webpage\",\"url\":\"https:\\\/\\\/candas365.es\\\/noticias\\\/zweifel-an-neuem-haushaltskompromiss-der-ampel\\\/\",\"name\":\"Zweifel an neuem Haushaltskompromiss der Ampel | Cand\\u00e1s 365\",\"description\":\"Berlin (dpa) - Die m\\u00fchsam errungene Einigung der Ampel-Regierung zum Bundeshaushalt 2025 st\\u00f6\\u00dft bei Opposition und Beobachtern auf Kritik.\",\"inLanguage\":\"es-ES\",\"isPartOf\":{\"@id\":\"https:\\\/\\\/candas365.es\\\/noticias\\\/#website\"},\"breadcrumb\":{\"@id\":\"https:\\\/\\\/candas365.es\\\/noticias\\\/zweifel-an-neuem-haushaltskompromiss-der-ampel\\\/#breadcrumblist\"},\"author\":{\"@id\":\"https:\\\/\\\/candas365.es\\\/noticias\\\/author\\\/admin\\\/#author\"},\"creator\":{\"@id\":\"https:\\\/\\\/candas365.es\\\/noticias\\\/author\\\/admin\\\/#author\"},\"image\":{\"@type\":\"ImageObject\",\"url\":\"https:\\\/\\\/candas365.es\\\/noticias\\\/wp-content\\\/uploads\\\/2024\\\/08\\\/Lindner.jpg\",\"@id\":\"https:\\\/\\\/candas365.es\\\/noticias\\\/zweifel-an-neuem-haushaltskompromiss-der-ampel\\\/#mainImage\",\"width\":971,\"height\":648,\"caption\":\"Statement zur Einigung auf Bundeshaushalt 2025 von Finanzminister Christian Lindner (FDP). Die Spitzen der Ampel-Koalition haben einen neuen Kompromiss zum Bundeshaushalt f\\u00fcr das kommende Jahr gefunden. Foto: Christoph Reichwein\\\/dpa\"},\"primaryImageOfPage\":{\"@id\":\"https:\\\/\\\/candas365.es\\\/noticias\\\/zweifel-an-neuem-haushaltskompromiss-der-ampel\\\/#mainImage\"},\"datePublished\":\"2024-08-18T16:59:46+02:00\",\"dateModified\":\"2024-08-18T16:59:46+02:00\"},{\"@type\":\"WebSite\",\"@id\":\"https:\\\/\\\/candas365.es\\\/noticias\\\/#website\",\"url\":\"https:\\\/\\\/candas365.es\\\/noticias\\\/\",\"name\":\"Cand\\u00e1s 365\",\"alternateName\":\"Cand\\u00e1s 365 Noticias\",\"description\":\"Actualidad desde Carre\\u00f1o para el mundo\",\"inLanguage\":\"es-ES\",\"publisher\":{\"@id\":\"https:\\\/\\\/candas365.es\\\/noticias\\\/#organization\"}}]}\n\t\t<\/script>\n\t\t<!-- All in One SEO Pro -->\r\n\t\t<title>Zweifel an neuem Haushaltskompromiss der Ampel | Cand\u00e1s 365<\/title>\n\n","aioseo_head_json":{"title":"Zweifel an neuem Haushaltskompromiss der Ampel | Cand\u00e1s 365","description":"Berlin (dpa) - Die m\u00fchsam errungene Einigung der Ampel-Regierung zum Bundeshaushalt 2025 st\u00f6\u00dft bei Opposition und Beobachtern auf Kritik.","canonical_url":"https:\/\/candas365.es\/noticias\/zweifel-an-neuem-haushaltskompromiss-der-ampel\/","robots":"max-image-preview:large","keywords":"news","webmasterTools":{"google-site-verification":"UA-32230408-1","msvalidate.01":"354F3CDFB2DA171B47FBE9ABF1F88D5","miscellaneous":""},"schema":{"@context":"https:\/\/schema.org","@graph":[{"@type":"BreadcrumbList","@id":"https:\/\/candas365.es\/noticias\/zweifel-an-neuem-haushaltskompromiss-der-ampel\/#breadcrumblist","itemListElement":[{"@type":"ListItem","@id":"https:\/\/candas365.es\/noticias#listItem","position":1,"name":"Home","item":"https:\/\/candas365.es\/noticias","nextItem":{"@type":"ListItem","@id":"https:\/\/candas365.es\/noticias\/category\/candas-news\/#listItem","name":"News"}},{"@type":"ListItem","@id":"https:\/\/candas365.es\/noticias\/category\/candas-news\/#listItem","position":2,"name":"News","item":"https:\/\/candas365.es\/noticias\/category\/candas-news\/","nextItem":{"@type":"ListItem","@id":"https:\/\/candas365.es\/noticias\/zweifel-an-neuem-haushaltskompromiss-der-ampel\/#listItem","name":"Zweifel an neuem Haushaltskompromiss der Ampel"},"previousItem":{"@type":"ListItem","@id":"https:\/\/candas365.es\/noticias#listItem","name":"Home"}},{"@type":"ListItem","@id":"https:\/\/candas365.es\/noticias\/zweifel-an-neuem-haushaltskompromiss-der-ampel\/#listItem","position":3,"name":"Zweifel an neuem Haushaltskompromiss der Ampel","previousItem":{"@type":"ListItem","@id":"https:\/\/candas365.es\/noticias\/category\/candas-news\/#listItem","name":"News"}}]},{"@type":"NewsArticle","@id":"https:\/\/candas365.es\/noticias\/zweifel-an-neuem-haushaltskompromiss-der-ampel\/#newsarticle","name":"Zweifel an neuem Haushaltskompromiss der Ampel | Cand\u00e1s 365","headline":"Zweifel an neuem Haushaltskompromiss der Ampel","author":{"@id":"https:\/\/candas365.es\/noticias\/author\/admin\/#author"},"publisher":{"@id":"https:\/\/candas365.es\/noticias\/#organization"},"image":{"@type":"ImageObject","url":"https:\/\/candas365.es\/noticias\/wp-content\/uploads\/2024\/08\/Lindner.jpg","width":971,"height":648,"caption":"Statement zur Einigung auf Bundeshaushalt 2025 von Finanzminister Christian Lindner (FDP). Die Spitzen der Ampel-Koalition haben einen neuen Kompromiss zum Bundeshaushalt f\u00fcr das kommende Jahr gefunden. Foto: Christoph Reichwein\/dpa"},"datePublished":"2024-08-18T16:59:46+02:00","dateModified":"2024-08-18T16:59:46+02:00","inLanguage":"es-ES","mainEntityOfPage":{"@id":"https:\/\/candas365.es\/noticias\/zweifel-an-neuem-haushaltskompromiss-der-ampel\/#webpage"},"isPartOf":{"@id":"https:\/\/candas365.es\/noticias\/zweifel-an-neuem-haushaltskompromiss-der-ampel\/#webpage"},"articleSection":"News, news","dateline":"Publicado el agosto 18, 2024."},{"@type":"Organization","@id":"https:\/\/candas365.es\/noticias\/#organization","name":"Cand\u00e1s 365","description":"Cand\u00e1s 365 es un diario digital independiente, fundado en 2012, con base en Asturias. Informamos con rigor sobre actualidad, sociedad, cultura y ocio, con una mirada local y global.","url":"https:\/\/candas365.es\/noticias\/","email":"info@candas365.es","telephone":"+34652131393","foundingDate":"2012-06-10","logo":{"@type":"ImageObject","url":"https:\/\/candas365.es\/noticias\/wp-content\/uploads\/2024\/09\/Candas-365-Redes.jpg","@id":"https:\/\/candas365.es\/noticias\/zweifel-an-neuem-haushaltskompromiss-der-ampel\/#organizationLogo","width":1152,"height":864,"caption":"Cand\u00e1s 365 Redes"},"image":{"@id":"https:\/\/candas365.es\/noticias\/zweifel-an-neuem-haushaltskompromiss-der-ampel\/#organizationLogo"},"sameAs":["https:\/\/www.facebook.com\/Nachofdezber","https:\/\/x.com\/NabercoDigital","https:\/\/www.instagram.com\/nachofdezber\/","https:\/\/www.youtube.com\/channel\/UCZP-2wLEB9Rv6erhFmqVnvg"],"address":{"@id":"https:\/\/candas365.es\/noticias\/#postaladdress","@type":"PostalAddress","streetAddress":"san antonio 4, san antonio 4","postalCode":"33430","addressLocality":"Cand\u00e1s","addressRegion":"Asturias","addressCountry":"ES"}},{"@type":"Person","@id":"https:\/\/candas365.es\/noticias\/author\/admin\/#author","url":"https:\/\/candas365.es\/noticias\/author\/admin\/","name":"Cand\u00e1s 365","image":{"@type":"ImageObject","@id":"https:\/\/candas365.es\/noticias\/zweifel-an-neuem-haushaltskompromiss-der-ampel\/#authorImage","url":"https:\/\/secure.gravatar.com\/avatar\/496a8e03d0c493ede1718b7934145dbdf8d89be1036b0eec9544e1094c9de390?s=96&d=mm&r=g","width":96,"height":96,"caption":"Cand\u00e1s 365"},"sameAs":["https:\/\/www.facebook.com\/carrenoactualidad","https:\/\/twitter.com\/nbasturias","https:\/\/www.instagram.com\/nachofdezber\/","https:\/\/www.youtube.com\/channel\/UCZP-2wLEB9Rv6erhFmqVnvg"]},{"@type":"WebPage","@id":"https:\/\/candas365.es\/noticias\/zweifel-an-neuem-haushaltskompromiss-der-ampel\/#webpage","url":"https:\/\/candas365.es\/noticias\/zweifel-an-neuem-haushaltskompromiss-der-ampel\/","name":"Zweifel an neuem Haushaltskompromiss der Ampel | Cand\u00e1s 365","description":"Berlin (dpa) - Die m\u00fchsam errungene Einigung der Ampel-Regierung zum Bundeshaushalt 2025 st\u00f6\u00dft bei Opposition und Beobachtern auf Kritik.","inLanguage":"es-ES","isPartOf":{"@id":"https:\/\/candas365.es\/noticias\/#website"},"breadcrumb":{"@id":"https:\/\/candas365.es\/noticias\/zweifel-an-neuem-haushaltskompromiss-der-ampel\/#breadcrumblist"},"author":{"@id":"https:\/\/candas365.es\/noticias\/author\/admin\/#author"},"creator":{"@id":"https:\/\/candas365.es\/noticias\/author\/admin\/#author"},"image":{"@type":"ImageObject","url":"https:\/\/candas365.es\/noticias\/wp-content\/uploads\/2024\/08\/Lindner.jpg","@id":"https:\/\/candas365.es\/noticias\/zweifel-an-neuem-haushaltskompromiss-der-ampel\/#mainImage","width":971,"height":648,"caption":"Statement zur Einigung auf Bundeshaushalt 2025 von Finanzminister Christian Lindner (FDP). Die Spitzen der Ampel-Koalition haben einen neuen Kompromiss zum Bundeshaushalt f\u00fcr das kommende Jahr gefunden. Foto: Christoph Reichwein\/dpa"},"primaryImageOfPage":{"@id":"https:\/\/candas365.es\/noticias\/zweifel-an-neuem-haushaltskompromiss-der-ampel\/#mainImage"},"datePublished":"2024-08-18T16:59:46+02:00","dateModified":"2024-08-18T16:59:46+02:00"},{"@type":"WebSite","@id":"https:\/\/candas365.es\/noticias\/#website","url":"https:\/\/candas365.es\/noticias\/","name":"Cand\u00e1s 365","alternateName":"Cand\u00e1s 365 Noticias","description":"Actualidad desde Carre\u00f1o para el mundo","inLanguage":"es-ES","publisher":{"@id":"https:\/\/candas365.es\/noticias\/#organization"}}]},"og:locale":"es_ES","og:site_name":"Cand\u00e1s 365","og:type":"article","og:title":"Zweifel an neuem Haushaltskompromiss der Ampel | Cand\u00e1s 365","og:description":"Berlin (dpa) - Die m\u00fchsam errungene Einigung der Ampel-Regierung zum Bundeshaushalt 2025 st\u00f6\u00dft bei Opposition und Beobachtern auf Kritik.","og:url":"https:\/\/candas365.es\/noticias\/zweifel-an-neuem-haushaltskompromiss-der-ampel\/","og:image":"https:\/\/candas365.es\/noticias\/wp-content\/uploads\/2024\/08\/Lindner.jpg","og:image:secure_url":"https:\/\/candas365.es\/noticias\/wp-content\/uploads\/2024\/08\/Lindner.jpg","og:image:width":971,"og:image:height":648,"article:published_time":"2024-08-18T14:59:46+00:00","article:modified_time":"2024-08-18T14:59:46+00:00","article:publisher":"https:\/\/www.facebook.com\/Nachofdezber","article:author":"https:\/\/www.facebook.com\/carrenoactualidad","twitter:card":"summary_large_image","twitter:site":"@NabercoDigital","twitter:title":"Zweifel an neuem Haushaltskompromiss der Ampel | Cand\u00e1s 365","twitter:description":"Berlin (dpa) - Die m\u00fchsam errungene Einigung der Ampel-Regierung zum Bundeshaushalt 2025 st\u00f6\u00dft bei Opposition und Beobachtern auf Kritik.","twitter:creator":"@nbasturias","twitter:image":"https:\/\/candas365.es\/noticias\/wp-content\/uploads\/2024\/08\/Lindner.jpg","twitter:label1":"Escrito por","twitter:data1":"Cand\u00e1s 365","twitter:label2":"Tiempo de lectura estimado","twitter:data2":"5 minutos"},"aioseo_meta_data":{"post_id":"182657","title":null,"description":"Berlin (dpa) - Die m\u00fchsam errungene Einigung der Ampel-Regierung zum Bundeshaushalt 2025 st\u00f6\u00dft bei Opposition und Beobachtern auf Kritik.","keywords":null,"keyphrases":{"focus":{"keyphrase":"Lindner","score":59,"analysis":{"keyphraseInTitle":{"score":3,"maxScore":9,"error":1},"keyphraseInDescription":{"score":3,"maxScore":9,"error":1},"keyphraseLength":{"score":9,"maxScore":9,"error":0,"length":1},"keyphraseInURL":{"score":1,"maxScore":5,"error":1},"keyphraseInIntroduction":{"score":3,"maxScore":9,"error":1},"keyphraseInSubHeadings":{"score":3,"maxScore":9,"error":1},"keyphraseInImageAlt":{"score":9,"maxScore":9,"error":0},"keywordDensity":{"type":"best","score":9,"maxScore":9,"error":0}}},"additional":[{"keyphrase":"Ampel","score":67,"analysis":{"keyphraseInDescription":{"score":9,"maxScore":9,"error":0},"keyphraseLength":{"score":9,"maxScore":9,"error":0,"length":1},"keyphraseInIntroduction":{"score":9,"maxScore":9,"error":0},"keyphraseInImageAlt":{"score":3,"maxScore":9,"error":1},"keywordDensity":{"score":0,"type":"low","maxScore":9,"error":1}}}]},"primary_term":null,"canonical_url":null,"og_title":null,"og_description":null,"og_object_type":"default","og_image_type":"default","og_image_url":null,"og_image_width":null,"og_image_height":null,"og_image_custom_url":null,"og_image_custom_fields":null,"og_video":"","og_custom_url":null,"og_article_section":null,"og_article_tags":null,"twitter_use_og":false,"twitter_card":"default","twitter_image_type":"default","twitter_image_url":null,"twitter_image_custom_url":null,"twitter_image_custom_fields":null,"twitter_title":null,"twitter_description":null,"schema":{"blockGraphs":[],"customGraphs":[],"default":{"data":{"Article":[],"Course":[],"Dataset":[],"FAQPage":[],"Movie":[],"Person":[],"Product":[],"ProductReview":[],"Car":[],"Recipe":[],"Service":[],"SoftwareApplication":[],"WebPage":[]},"graphName":"Article","isEnabled":true},"graphs":[]},"schema_type":"default","schema_type_options":null,"pillar_content":false,"robots_default":true,"robots_noindex":false,"robots_noarchive":false,"robots_nosnippet":false,"robots_nofollow":false,"robots_noimageindex":false,"robots_noodp":false,"robots_notranslate":false,"robots_max_snippet":"-1","robots_max_videopreview":"-1","robots_max_imagepreview":"large","priority":null,"frequency":"default","location":null,"local_seo":null,"seo_analyzer_scan_date":"2025-09-02 13:23:25","breadcrumb_settings":null,"limit_modified_date":false,"reviewed_by":null,"open_ai":"{\"title\":{\"suggestions\":[],\"usage\":0},\"description\":{\"suggestions\":[],\"usage\":0}}","ai":null,"created":"2024-08-18 14:53:12","updated":"2025-09-02 13:23:25"},"aioseo_breadcrumb":"<div class=\"aioseo-breadcrumbs\"><span class=\"aioseo-breadcrumb\">\n\t<a href=\"https:\/\/candas365.es\/noticias\" title=\"Home\">Home<\/a>\n<\/span><span class=\"aioseo-breadcrumb-separator\">&ndash;<\/span><span class=\"aioseo-breadcrumb\">\n\t<a href=\"https:\/\/candas365.es\/noticias\/category\/candas-news\/\" title=\"News\">News<\/a>\n<\/span><span class=\"aioseo-breadcrumb-separator\">&ndash;<\/span><span class=\"aioseo-breadcrumb\">\n\tZweifel an neuem Haushaltskompromiss der Ampel\n<\/span><\/div>","aioseo_breadcrumb_json":[{"label":"Home","link":"https:\/\/candas365.es\/noticias"},{"label":"News","link":"https:\/\/candas365.es\/noticias\/category\/candas-news\/"},{"label":"Zweifel an neuem Haushaltskompromiss der Ampel","link":"https:\/\/candas365.es\/noticias\/zweifel-an-neuem-haushaltskompromiss-der-ampel\/"}],"_links":{"self":[{"href":"https:\/\/candas365.es\/noticias\/wp-json\/wp\/v2\/posts\/182657","targetHints":{"allow":["GET"]}}],"collection":[{"href":"https:\/\/candas365.es\/noticias\/wp-json\/wp\/v2\/posts"}],"about":[{"href":"https:\/\/candas365.es\/noticias\/wp-json\/wp\/v2\/types\/post"}],"author":[{"embeddable":true,"href":"https:\/\/candas365.es\/noticias\/wp-json\/wp\/v2\/users\/1"}],"replies":[{"embeddable":true,"href":"https:\/\/candas365.es\/noticias\/wp-json\/wp\/v2\/comments?post=182657"}],"version-history":[{"count":0,"href":"https:\/\/candas365.es\/noticias\/wp-json\/wp\/v2\/posts\/182657\/revisions"}],"wp:featuredmedia":[{"embeddable":true,"href":"https:\/\/candas365.es\/noticias\/wp-json\/wp\/v2\/media\/182658"}],"wp:attachment":[{"href":"https:\/\/candas365.es\/noticias\/wp-json\/wp\/v2\/media?parent=182657"}],"wp:term":[{"taxonomy":"category","embeddable":true,"href":"https:\/\/candas365.es\/noticias\/wp-json\/wp\/v2\/categories?post=182657"},{"taxonomy":"post_tag","embeddable":true,"href":"https:\/\/candas365.es\/noticias\/wp-json\/wp\/v2\/tags?post=182657"}],"curies":[{"name":"wp","href":"https:\/\/api.w.org\/{rel}","templated":true}]}}