{"id":182637,"date":"2024-08-13T16:22:01","date_gmt":"2024-08-13T14:22:01","guid":{"rendered":"https:\/\/candas365.es\/noticias\/?p=182637"},"modified":"2024-08-13T16:22:01","modified_gmt":"2024-08-13T14:22:01","slug":"los-requisitos-esenciales-para-un-turismo-inclusivo","status":"publish","type":"post","link":"https:\/\/candas365.es\/noticias\/los-requisitos-esenciales-para-un-turismo-inclusivo\/","title":{"rendered":"Los requisitos esenciales para un turismo inclusivo"},"content":{"rendered":"<p>Infraestructuras adaptadas y accesibilidad digital son dos de los requisitos esenciales para que los <span style=\"color: #ff6600;\"><a style=\"color: #ff6600;\" href=\"https:\/\/candas365.es\/noticias\/category\/turismo\/\"><strong>destinos tur\u00edsticos<\/strong><\/a><\/span> sean accesibles para personas con movilidad reducida y garantizar as\u00ed que pueden \u00abdisfrutar de sus vacaciones de manera c\u00f3moda y segura\u00bb.<\/p>\n<figure id=\"attachment_182638\" aria-describedby=\"caption-attachment-182638\" style=\"width: 650px\" class=\"wp-caption aligncenter\"><img fetchpriority=\"high\" decoding=\"async\" class=\"size-large wp-image-182638\" src=\"https:\/\/candas365.es\/noticias\/wp-content\/uploads\/2024\/08\/Turismo-y-destinos-inclusivos-650x374.jpg\" alt=\"Turismo y destinos inclusivos\" width=\"650\" height=\"374\" srcset=\"https:\/\/candas365.es\/noticias\/wp-content\/uploads\/2024\/08\/Turismo-y-destinos-inclusivos-650x374.jpg 650w, https:\/\/candas365.es\/noticias\/wp-content\/uploads\/2024\/08\/Turismo-y-destinos-inclusivos-360x207.jpg 360w, https:\/\/candas365.es\/noticias\/wp-content\/uploads\/2024\/08\/Turismo-y-destinos-inclusivos-768x442.jpg 768w, https:\/\/candas365.es\/noticias\/wp-content\/uploads\/2024\/08\/Turismo-y-destinos-inclusivos-150x86.jpg 150w, https:\/\/candas365.es\/noticias\/wp-content\/uploads\/2024\/08\/Turismo-y-destinos-inclusivos-450x259.jpg 450w, https:\/\/candas365.es\/noticias\/wp-content\/uploads\/2024\/08\/Turismo-y-destinos-inclusivos.jpg 1086w\" sizes=\"(max-width: 650px) 100vw, 650px\" \/><figcaption id=\"caption-attachment-182638\" class=\"wp-caption-text\">Silla de ruedas en un camino accesible | Foto de Rehatrans<\/figcaption><\/figure>\n<p>As\u00ed lo asegur\u00f3 Rehatrans, la compa\u00f1\u00eda l\u00edder en Espa\u00f1a adaptaci\u00f3n de veh\u00edculos para personas con movilidad reducida, que enumer\u00f3 las caracter\u00edsticas principales que un destino tur\u00edstico debe incorporar \u201cpara ser verdaderamente accesible\u201d.<\/p>\n<p>Uno de esos requisitos es que las infraestructuras sean accesibles y el transporte est\u00e9 adaptado. En este sentido, las infraestructuras del destino deben ser completamente accesibles, lo que incluye rampas y ascensores en lugar de escaleras, pasillos anchos que permitan el f\u00e1cil desplazamiento de sillas de ruedas, y barandillas en \u00e1reas donde se requiera apoyo adicional. Adem\u00e1s, el transporte p\u00fablico debe estar adaptado para facilitar el acceso a personas con movilidad reducida, lo que debe incluir autobuses con rampas o elevadores, trenes con plataformas a nivel del suelo, y taxis adaptados que permitan el ingreso de sillas de ruedas, explic\u00f3 la compa\u00f1\u00eda.<\/p>\n<p>En cuanto al alojamiento, debe contar con habitaciones adaptadas que incluyan ba\u00f1os accesibles, con barras de apoyo, duchas a ras de suelo y puertas amplias. Adem\u00e1s, las \u00e1reas comunes, como piscinas y restaurantes, tambi\u00e9n deben ser accesibles, afirm\u00f3 Rehatrans.<\/p>\n<p>Los espacios p\u00fablicos, como plazas, parques y playas, deben estar equipados con caminos accesibles y \u00e1reas reservadas para personas con movilidad reducida. En las playas, es fundamental contar con sillas anfibias y pasarelas que faciliten el acceso al agua. Tambi\u00e9n es importante que las actividades tur\u00edsticas, como visitas guiadas, museos y eventos culturales, sean accesibles para todos. Esto puede incluir recorridos adaptados, int\u00e9rpretes de lengua de se\u00f1as y la disponibilidad de ayudas t\u00e9cnicas, agreg\u00f3 la compa\u00f1\u00eda.<\/p>\n<p>El personal que trabaja en destinos tur\u00edsticos debe estar capacitado en atenci\u00f3n a personas con discapacidad, asegurando un trato respetuoso y eficiente. Adem\u00e1s, en estos destinos debe haber una correcta se\u00f1alizaci\u00f3n: los letreros deben ser claros, de tama\u00f1o adecuado y ubicados a una altura accesible, y la informaci\u00f3n debe estar disponible en formatos accesibles, como braille o audiogu\u00edas.<\/p>\n<p>Rehatrans precis\u00f3 tambi\u00e9n que la accesibilidad no se limita al entorno f\u00edsico, sino que las p\u00e1ginas web de destinos tur\u00edsticos deben ser accesibles para personas con discapacidades, incluyendo funciones que permitan la navegaci\u00f3n mediante teclado, lectores de pantalla y otras tecnolog\u00edas de asistencia, concluy\u00f3 la compa\u00f1\u00eda.<\/p>\n<p>(<a href=\"https:\/\/www.servimedia.es\/noticias\" target=\"_blank\" rel=\"noopener\"><span style=\"color: #ff6600;\"><strong>SERVIMEDIA<\/strong><\/span><\/a>)<\/p>\n","protected":false},"excerpt":{"rendered":"<p>Infraestructuras adaptadas y accesibilidad digital son dos de los requisitos esenciales para que los destinos tur\u00edsticos sean accesibles para personas con movilidad reducida y garantizar as\u00ed que pueden \u00abdisfrutar de sus vacaciones de manera c\u00f3moda y segura\u00bb. As\u00ed lo asegur\u00f3 Rehatrans, la compa\u00f1\u00eda l\u00edder en Espa\u00f1a adaptaci\u00f3n de veh\u00edculos para personas con movilidad reducida, que<\/p>\n","protected":false},"author":1,"featured_media":182638,"comment_status":"closed","ping_status":"closed","sticky":false,"template":"","format":"standard","meta":{"footnotes":""},"categories":[359],"tags":[412],"class_list":{"0":"post-182637","1":"post","2":"type-post","3":"status-publish","4":"format-standard","5":"has-post-thumbnail","7":"category-turismo","8":"tag-turismo"},"aioseo_notices":[],"aioseo_head":"\n\t\t<!-- All in One SEO Pro 4.9.6.2 - aioseo.com -->\n\t<meta name=\"description\" content=\"nfraestructuras adaptadas y accesibilidad digital son dos de los requisitos esenciales para que los destinos tur\u00edsticos sean accesibles para personas\" \/>\n\t<meta name=\"robots\" content=\"max-image-preview:large\" \/>\n\t<meta name=\"author\" content=\"Cand\u00e1s 365\"\/>\n\t<meta name=\"google-site-verification\" content=\"UA-32230408-1\" \/>\n\t<meta name=\"msvalidate.01\" content=\"354F3CDFB2DA171B47FBE9ABF1F88D5\" \/>\n\t<meta name=\"keywords\" content=\"turismo\" \/>\n\t<link rel=\"canonical\" href=\"https:\/\/candas365.es\/noticias\/los-requisitos-esenciales-para-un-turismo-inclusivo\/\" \/>\n\t<meta name=\"generator\" content=\"All in One SEO Pro (AIOSEO) 4.9.6.2\" \/>\n\t\t<meta property=\"og:locale\" content=\"es_ES\" \/>\n\t\t<meta property=\"og:site_name\" content=\"Cand\u00e1s 365\" \/>\n\t\t<meta property=\"og:type\" content=\"article\" \/>\n\t\t<meta property=\"og:title\" content=\"Los requisitos esenciales para un turismo inclusivo | Cand\u00e1s 365\" \/>\n\t\t<meta property=\"og:description\" content=\"nfraestructuras adaptadas y accesibilidad digital son dos de los requisitos esenciales para que los destinos tur\u00edsticos sean accesibles para personas\" \/>\n\t\t<meta property=\"og:url\" content=\"https:\/\/candas365.es\/noticias\/los-requisitos-esenciales-para-un-turismo-inclusivo\/\" \/>\n\t\t<meta property=\"og:image\" content=\"https:\/\/candas365.es\/noticias\/wp-content\/uploads\/2024\/08\/Turismo-y-destinos-inclusivos.jpg\" \/>\n\t\t<meta property=\"og:image:secure_url\" content=\"https:\/\/candas365.es\/noticias\/wp-content\/uploads\/2024\/08\/Turismo-y-destinos-inclusivos.jpg\" \/>\n\t\t<meta property=\"og:image:width\" content=\"1086\" \/>\n\t\t<meta property=\"og:image:height\" content=\"625\" \/>\n\t\t<meta property=\"article:published_time\" content=\"2024-08-13T14:22:01+00:00\" \/>\n\t\t<meta property=\"article:modified_time\" content=\"2024-08-13T14:22:01+00:00\" \/>\n\t\t<meta property=\"article:publisher\" content=\"https:\/\/www.facebook.com\/Nachofdezber\" \/>\n\t\t<meta property=\"article:author\" content=\"https:\/\/www.facebook.com\/carrenoactualidad\" \/>\n\t\t<meta name=\"twitter:card\" content=\"summary_large_image\" \/>\n\t\t<meta name=\"twitter:site\" content=\"@NabercoDigital\" \/>\n\t\t<meta name=\"twitter:title\" content=\"Los requisitos esenciales para un turismo inclusivo | Cand\u00e1s 365\" \/>\n\t\t<meta name=\"twitter:description\" content=\"nfraestructuras adaptadas y accesibilidad digital son dos de los requisitos esenciales para que los destinos tur\u00edsticos sean accesibles para personas\" \/>\n\t\t<meta name=\"twitter:creator\" content=\"@nbasturias\" \/>\n\t\t<meta name=\"twitter:image\" content=\"https:\/\/candas365.es\/noticias\/wp-content\/uploads\/2024\/08\/Turismo-y-destinos-inclusivos.jpg\" \/>\n\t\t<meta name=\"twitter:label1\" content=\"Escrito por\" \/>\n\t\t<meta name=\"twitter:data1\" content=\"Cand\u00e1s 365\" \/>\n\t\t<meta name=\"twitter:label2\" content=\"Tiempo de lectura estimado\" \/>\n\t\t<meta name=\"twitter:data2\" content=\"2 minutos\" \/>\n\t\t<script type=\"application\/ld+json\" class=\"aioseo-schema\">\n\t\t\t{\"@context\":\"https:\\\/\\\/schema.org\",\"@graph\":[{\"@type\":\"BreadcrumbList\",\"@id\":\"https:\\\/\\\/candas365.es\\\/noticias\\\/los-requisitos-esenciales-para-un-turismo-inclusivo\\\/#breadcrumblist\",\"itemListElement\":[{\"@type\":\"ListItem\",\"@id\":\"https:\\\/\\\/candas365.es\\\/noticias#listItem\",\"position\":1,\"name\":\"Home\",\"item\":\"https:\\\/\\\/candas365.es\\\/noticias\",\"nextItem\":{\"@type\":\"ListItem\",\"@id\":\"https:\\\/\\\/candas365.es\\\/noticias\\\/category\\\/turismo\\\/#listItem\",\"name\":\"Turismo\"}},{\"@type\":\"ListItem\",\"@id\":\"https:\\\/\\\/candas365.es\\\/noticias\\\/category\\\/turismo\\\/#listItem\",\"position\":2,\"name\":\"Turismo\",\"item\":\"https:\\\/\\\/candas365.es\\\/noticias\\\/category\\\/turismo\\\/\",\"nextItem\":{\"@type\":\"ListItem\",\"@id\":\"https:\\\/\\\/candas365.es\\\/noticias\\\/los-requisitos-esenciales-para-un-turismo-inclusivo\\\/#listItem\",\"name\":\"Los requisitos esenciales para un turismo inclusivo\"},\"previousItem\":{\"@type\":\"ListItem\",\"@id\":\"https:\\\/\\\/candas365.es\\\/noticias#listItem\",\"name\":\"Home\"}},{\"@type\":\"ListItem\",\"@id\":\"https:\\\/\\\/candas365.es\\\/noticias\\\/los-requisitos-esenciales-para-un-turismo-inclusivo\\\/#listItem\",\"position\":3,\"name\":\"Los requisitos esenciales para un turismo inclusivo\",\"previousItem\":{\"@type\":\"ListItem\",\"@id\":\"https:\\\/\\\/candas365.es\\\/noticias\\\/category\\\/turismo\\\/#listItem\",\"name\":\"Turismo\"}}]},{\"@type\":\"NewsArticle\",\"@id\":\"https:\\\/\\\/candas365.es\\\/noticias\\\/los-requisitos-esenciales-para-un-turismo-inclusivo\\\/#newsarticle\",\"name\":\"Los requisitos esenciales para un turismo inclusivo | Cand\\u00e1s 365\",\"headline\":\"Los requisitos esenciales para un turismo inclusivo\",\"author\":{\"@id\":\"https:\\\/\\\/candas365.es\\\/noticias\\\/author\\\/admin\\\/#author\"},\"publisher\":{\"@id\":\"https:\\\/\\\/candas365.es\\\/noticias\\\/#organization\"},\"image\":{\"@type\":\"ImageObject\",\"url\":\"https:\\\/\\\/candas365.es\\\/noticias\\\/wp-content\\\/uploads\\\/2024\\\/08\\\/Turismo-y-destinos-inclusivos.jpg\",\"width\":1086,\"height\":625,\"caption\":\"Silla de ruedas en un camino accesible | Foto de Rehatrans\"},\"datePublished\":\"2024-08-13T16:22:01+02:00\",\"dateModified\":\"2024-08-13T16:22:01+02:00\",\"inLanguage\":\"es-ES\",\"mainEntityOfPage\":{\"@id\":\"https:\\\/\\\/candas365.es\\\/noticias\\\/los-requisitos-esenciales-para-un-turismo-inclusivo\\\/#webpage\"},\"isPartOf\":{\"@id\":\"https:\\\/\\\/candas365.es\\\/noticias\\\/los-requisitos-esenciales-para-un-turismo-inclusivo\\\/#webpage\"},\"articleSection\":\"Turismo, turismo\",\"dateline\":\"Publicado el agosto 13, 2024.\"},{\"@type\":\"Organization\",\"@id\":\"https:\\\/\\\/candas365.es\\\/noticias\\\/#organization\",\"name\":\"Cand\\u00e1s 365\",\"description\":\"Cand\\u00e1s 365 es un diario digital independiente, fundado en 2012, con base en Asturias. Informamos con rigor sobre actualidad, sociedad, cultura y ocio, con una mirada local y global.\",\"url\":\"https:\\\/\\\/candas365.es\\\/noticias\\\/\",\"email\":\"info@candas365.es\",\"telephone\":\"+34652131393\",\"foundingDate\":\"2012-06-10\",\"logo\":{\"@type\":\"ImageObject\",\"url\":\"https:\\\/\\\/candas365.es\\\/noticias\\\/wp-content\\\/uploads\\\/2024\\\/09\\\/Candas-365-Redes.jpg\",\"@id\":\"https:\\\/\\\/candas365.es\\\/noticias\\\/los-requisitos-esenciales-para-un-turismo-inclusivo\\\/#organizationLogo\",\"width\":1152,\"height\":864,\"caption\":\"Cand\\u00e1s 365 Redes\"},\"image\":{\"@id\":\"https:\\\/\\\/candas365.es\\\/noticias\\\/los-requisitos-esenciales-para-un-turismo-inclusivo\\\/#organizationLogo\"},\"sameAs\":[\"https:\\\/\\\/www.facebook.com\\\/Nachofdezber\",\"https:\\\/\\\/x.com\\\/NabercoDigital\",\"https:\\\/\\\/www.instagram.com\\\/nachofdezber\\\/\",\"https:\\\/\\\/www.youtube.com\\\/channel\\\/UCZP-2wLEB9Rv6erhFmqVnvg\"],\"address\":{\"@id\":\"https:\\\/\\\/candas365.es\\\/noticias\\\/#postaladdress\",\"@type\":\"PostalAddress\",\"streetAddress\":\"san antonio 4, san antonio 4\",\"postalCode\":\"33430\",\"addressLocality\":\"Cand\\u00e1s\",\"addressRegion\":\"Asturias\",\"addressCountry\":\"ES\"}},{\"@type\":\"Person\",\"@id\":\"https:\\\/\\\/candas365.es\\\/noticias\\\/author\\\/admin\\\/#author\",\"url\":\"https:\\\/\\\/candas365.es\\\/noticias\\\/author\\\/admin\\\/\",\"name\":\"Cand\\u00e1s 365\",\"image\":{\"@type\":\"ImageObject\",\"@id\":\"https:\\\/\\\/candas365.es\\\/noticias\\\/los-requisitos-esenciales-para-un-turismo-inclusivo\\\/#authorImage\",\"url\":\"https:\\\/\\\/secure.gravatar.com\\\/avatar\\\/496a8e03d0c493ede1718b7934145dbdf8d89be1036b0eec9544e1094c9de390?s=96&d=mm&r=g\",\"width\":96,\"height\":96,\"caption\":\"Cand\\u00e1s 365\"},\"sameAs\":[\"https:\\\/\\\/www.facebook.com\\\/carrenoactualidad\",\"https:\\\/\\\/twitter.com\\\/nbasturias\",\"https:\\\/\\\/www.instagram.com\\\/nachofdezber\\\/\",\"https:\\\/\\\/www.youtube.com\\\/channel\\\/UCZP-2wLEB9Rv6erhFmqVnvg\"]},{\"@type\":\"WebPage\",\"@id\":\"https:\\\/\\\/candas365.es\\\/noticias\\\/los-requisitos-esenciales-para-un-turismo-inclusivo\\\/#webpage\",\"url\":\"https:\\\/\\\/candas365.es\\\/noticias\\\/los-requisitos-esenciales-para-un-turismo-inclusivo\\\/\",\"name\":\"Los requisitos esenciales para un turismo inclusivo | Cand\\u00e1s 365\",\"description\":\"nfraestructuras adaptadas y accesibilidad digital son dos de los requisitos esenciales para que los destinos tur\\u00edsticos sean accesibles para personas\",\"inLanguage\":\"es-ES\",\"isPartOf\":{\"@id\":\"https:\\\/\\\/candas365.es\\\/noticias\\\/#website\"},\"breadcrumb\":{\"@id\":\"https:\\\/\\\/candas365.es\\\/noticias\\\/los-requisitos-esenciales-para-un-turismo-inclusivo\\\/#breadcrumblist\"},\"author\":{\"@id\":\"https:\\\/\\\/candas365.es\\\/noticias\\\/author\\\/admin\\\/#author\"},\"creator\":{\"@id\":\"https:\\\/\\\/candas365.es\\\/noticias\\\/author\\\/admin\\\/#author\"},\"image\":{\"@type\":\"ImageObject\",\"url\":\"https:\\\/\\\/candas365.es\\\/noticias\\\/wp-content\\\/uploads\\\/2024\\\/08\\\/Turismo-y-destinos-inclusivos.jpg\",\"@id\":\"https:\\\/\\\/candas365.es\\\/noticias\\\/los-requisitos-esenciales-para-un-turismo-inclusivo\\\/#mainImage\",\"width\":1086,\"height\":625,\"caption\":\"Silla de ruedas en un camino accesible | Foto de Rehatrans\"},\"primaryImageOfPage\":{\"@id\":\"https:\\\/\\\/candas365.es\\\/noticias\\\/los-requisitos-esenciales-para-un-turismo-inclusivo\\\/#mainImage\"},\"datePublished\":\"2024-08-13T16:22:01+02:00\",\"dateModified\":\"2024-08-13T16:22:01+02:00\"},{\"@type\":\"WebSite\",\"@id\":\"https:\\\/\\\/candas365.es\\\/noticias\\\/#website\",\"url\":\"https:\\\/\\\/candas365.es\\\/noticias\\\/\",\"name\":\"Cand\\u00e1s 365\",\"alternateName\":\"Cand\\u00e1s 365 Noticias\",\"description\":\"Actualidad desde Carre\\u00f1o para el mundo\",\"inLanguage\":\"es-ES\",\"publisher\":{\"@id\":\"https:\\\/\\\/candas365.es\\\/noticias\\\/#organization\"}}]}\n\t\t<\/script>\n\t\t<!-- All in One SEO Pro -->\r\n\t\t<title>Los requisitos esenciales para un turismo inclusivo | Cand\u00e1s 365<\/title>\n\n","aioseo_head_json":{"title":"Los requisitos esenciales para un turismo inclusivo | Cand\u00e1s 365","description":"nfraestructuras adaptadas y accesibilidad digital son dos de los requisitos esenciales para que los destinos tur\u00edsticos sean accesibles para personas","canonical_url":"https:\/\/candas365.es\/noticias\/los-requisitos-esenciales-para-un-turismo-inclusivo\/","robots":"max-image-preview:large","keywords":"turismo","webmasterTools":{"google-site-verification":"UA-32230408-1","msvalidate.01":"354F3CDFB2DA171B47FBE9ABF1F88D5","miscellaneous":""},"schema":{"@context":"https:\/\/schema.org","@graph":[{"@type":"BreadcrumbList","@id":"https:\/\/candas365.es\/noticias\/los-requisitos-esenciales-para-un-turismo-inclusivo\/#breadcrumblist","itemListElement":[{"@type":"ListItem","@id":"https:\/\/candas365.es\/noticias#listItem","position":1,"name":"Home","item":"https:\/\/candas365.es\/noticias","nextItem":{"@type":"ListItem","@id":"https:\/\/candas365.es\/noticias\/category\/turismo\/#listItem","name":"Turismo"}},{"@type":"ListItem","@id":"https:\/\/candas365.es\/noticias\/category\/turismo\/#listItem","position":2,"name":"Turismo","item":"https:\/\/candas365.es\/noticias\/category\/turismo\/","nextItem":{"@type":"ListItem","@id":"https:\/\/candas365.es\/noticias\/los-requisitos-esenciales-para-un-turismo-inclusivo\/#listItem","name":"Los requisitos esenciales para un turismo inclusivo"},"previousItem":{"@type":"ListItem","@id":"https:\/\/candas365.es\/noticias#listItem","name":"Home"}},{"@type":"ListItem","@id":"https:\/\/candas365.es\/noticias\/los-requisitos-esenciales-para-un-turismo-inclusivo\/#listItem","position":3,"name":"Los requisitos esenciales para un turismo inclusivo","previousItem":{"@type":"ListItem","@id":"https:\/\/candas365.es\/noticias\/category\/turismo\/#listItem","name":"Turismo"}}]},{"@type":"NewsArticle","@id":"https:\/\/candas365.es\/noticias\/los-requisitos-esenciales-para-un-turismo-inclusivo\/#newsarticle","name":"Los requisitos esenciales para un turismo inclusivo | Cand\u00e1s 365","headline":"Los requisitos esenciales para un turismo inclusivo","author":{"@id":"https:\/\/candas365.es\/noticias\/author\/admin\/#author"},"publisher":{"@id":"https:\/\/candas365.es\/noticias\/#organization"},"image":{"@type":"ImageObject","url":"https:\/\/candas365.es\/noticias\/wp-content\/uploads\/2024\/08\/Turismo-y-destinos-inclusivos.jpg","width":1086,"height":625,"caption":"Silla de ruedas en un camino accesible | Foto de Rehatrans"},"datePublished":"2024-08-13T16:22:01+02:00","dateModified":"2024-08-13T16:22:01+02:00","inLanguage":"es-ES","mainEntityOfPage":{"@id":"https:\/\/candas365.es\/noticias\/los-requisitos-esenciales-para-un-turismo-inclusivo\/#webpage"},"isPartOf":{"@id":"https:\/\/candas365.es\/noticias\/los-requisitos-esenciales-para-un-turismo-inclusivo\/#webpage"},"articleSection":"Turismo, turismo","dateline":"Publicado el agosto 13, 2024."},{"@type":"Organization","@id":"https:\/\/candas365.es\/noticias\/#organization","name":"Cand\u00e1s 365","description":"Cand\u00e1s 365 es un diario digital independiente, fundado en 2012, con base en Asturias. Informamos con rigor sobre actualidad, sociedad, cultura y ocio, con una mirada local y global.","url":"https:\/\/candas365.es\/noticias\/","email":"info@candas365.es","telephone":"+34652131393","foundingDate":"2012-06-10","logo":{"@type":"ImageObject","url":"https:\/\/candas365.es\/noticias\/wp-content\/uploads\/2024\/09\/Candas-365-Redes.jpg","@id":"https:\/\/candas365.es\/noticias\/los-requisitos-esenciales-para-un-turismo-inclusivo\/#organizationLogo","width":1152,"height":864,"caption":"Cand\u00e1s 365 Redes"},"image":{"@id":"https:\/\/candas365.es\/noticias\/los-requisitos-esenciales-para-un-turismo-inclusivo\/#organizationLogo"},"sameAs":["https:\/\/www.facebook.com\/Nachofdezber","https:\/\/x.com\/NabercoDigital","https:\/\/www.instagram.com\/nachofdezber\/","https:\/\/www.youtube.com\/channel\/UCZP-2wLEB9Rv6erhFmqVnvg"],"address":{"@id":"https:\/\/candas365.es\/noticias\/#postaladdress","@type":"PostalAddress","streetAddress":"san antonio 4, san antonio 4","postalCode":"33430","addressLocality":"Cand\u00e1s","addressRegion":"Asturias","addressCountry":"ES"}},{"@type":"Person","@id":"https:\/\/candas365.es\/noticias\/author\/admin\/#author","url":"https:\/\/candas365.es\/noticias\/author\/admin\/","name":"Cand\u00e1s 365","image":{"@type":"ImageObject","@id":"https:\/\/candas365.es\/noticias\/los-requisitos-esenciales-para-un-turismo-inclusivo\/#authorImage","url":"https:\/\/secure.gravatar.com\/avatar\/496a8e03d0c493ede1718b7934145dbdf8d89be1036b0eec9544e1094c9de390?s=96&d=mm&r=g","width":96,"height":96,"caption":"Cand\u00e1s 365"},"sameAs":["https:\/\/www.facebook.com\/carrenoactualidad","https:\/\/twitter.com\/nbasturias","https:\/\/www.instagram.com\/nachofdezber\/","https:\/\/www.youtube.com\/channel\/UCZP-2wLEB9Rv6erhFmqVnvg"]},{"@type":"WebPage","@id":"https:\/\/candas365.es\/noticias\/los-requisitos-esenciales-para-un-turismo-inclusivo\/#webpage","url":"https:\/\/candas365.es\/noticias\/los-requisitos-esenciales-para-un-turismo-inclusivo\/","name":"Los requisitos esenciales para un turismo inclusivo | Cand\u00e1s 365","description":"nfraestructuras adaptadas y accesibilidad digital son dos de los requisitos esenciales para que los destinos tur\u00edsticos sean accesibles para personas","inLanguage":"es-ES","isPartOf":{"@id":"https:\/\/candas365.es\/noticias\/#website"},"breadcrumb":{"@id":"https:\/\/candas365.es\/noticias\/los-requisitos-esenciales-para-un-turismo-inclusivo\/#breadcrumblist"},"author":{"@id":"https:\/\/candas365.es\/noticias\/author\/admin\/#author"},"creator":{"@id":"https:\/\/candas365.es\/noticias\/author\/admin\/#author"},"image":{"@type":"ImageObject","url":"https:\/\/candas365.es\/noticias\/wp-content\/uploads\/2024\/08\/Turismo-y-destinos-inclusivos.jpg","@id":"https:\/\/candas365.es\/noticias\/los-requisitos-esenciales-para-un-turismo-inclusivo\/#mainImage","width":1086,"height":625,"caption":"Silla de ruedas en un camino accesible | Foto de Rehatrans"},"primaryImageOfPage":{"@id":"https:\/\/candas365.es\/noticias\/los-requisitos-esenciales-para-un-turismo-inclusivo\/#mainImage"},"datePublished":"2024-08-13T16:22:01+02:00","dateModified":"2024-08-13T16:22:01+02:00"},{"@type":"WebSite","@id":"https:\/\/candas365.es\/noticias\/#website","url":"https:\/\/candas365.es\/noticias\/","name":"Cand\u00e1s 365","alternateName":"Cand\u00e1s 365 Noticias","description":"Actualidad desde Carre\u00f1o para el mundo","inLanguage":"es-ES","publisher":{"@id":"https:\/\/candas365.es\/noticias\/#organization"}}]},"og:locale":"es_ES","og:site_name":"Cand\u00e1s 365","og:type":"article","og:title":"Los requisitos esenciales para un turismo inclusivo | Cand\u00e1s 365","og:description":"nfraestructuras adaptadas y accesibilidad digital son dos de los requisitos esenciales para que los destinos tur\u00edsticos sean accesibles para personas","og:url":"https:\/\/candas365.es\/noticias\/los-requisitos-esenciales-para-un-turismo-inclusivo\/","og:image":"https:\/\/candas365.es\/noticias\/wp-content\/uploads\/2024\/08\/Turismo-y-destinos-inclusivos.jpg","og:image:secure_url":"https:\/\/candas365.es\/noticias\/wp-content\/uploads\/2024\/08\/Turismo-y-destinos-inclusivos.jpg","og:image:width":1086,"og:image:height":625,"article:published_time":"2024-08-13T14:22:01+00:00","article:modified_time":"2024-08-13T14:22:01+00:00","article:publisher":"https:\/\/www.facebook.com\/Nachofdezber","article:author":"https:\/\/www.facebook.com\/carrenoactualidad","twitter:card":"summary_large_image","twitter:site":"@NabercoDigital","twitter:title":"Los requisitos esenciales para un turismo inclusivo | Cand\u00e1s 365","twitter:description":"nfraestructuras adaptadas y accesibilidad digital son dos de los requisitos esenciales para que los destinos tur\u00edsticos sean accesibles para personas","twitter:creator":"@nbasturias","twitter:image":"https:\/\/candas365.es\/noticias\/wp-content\/uploads\/2024\/08\/Turismo-y-destinos-inclusivos.jpg","twitter:label1":"Escrito por","twitter:data1":"Cand\u00e1s 365","twitter:label2":"Tiempo de lectura estimado","twitter:data2":"2 minutos"},"aioseo_meta_data":{"post_id":"182637","title":null,"description":"nfraestructuras adaptadas y accesibilidad digital son dos de los requisitos esenciales para que los destinos tur\u00edsticos sean accesibles para personas","keywords":null,"keyphrases":{"focus":{"keyphrase":"requisitos","score":68,"analysis":{"keyphraseInTitle":{"score":9,"maxScore":9,"error":0},"keyphraseInDescription":{"score":9,"maxScore":9,"error":0},"keyphraseLength":{"score":9,"maxScore":9,"error":0,"length":1},"keyphraseInURL":{"score":1,"maxScore":5,"error":1},"keyphraseInIntroduction":{"score":9,"maxScore":9,"error":0},"keyphraseInSubHeadings":[],"keyphraseInImageAlt":{"score":3,"maxScore":9,"error":1},"keywordDensity":{"score":0,"type":"low","maxScore":9,"error":1}}},"additional":[{"keyphrase":"destinos","score":100,"analysis":{"keyphraseInDescription":{"score":9,"maxScore":9,"error":0},"keyphraseLength":{"score":9,"maxScore":9,"error":0,"length":1},"keyphraseInIntroduction":{"score":9,"maxScore":9,"error":0},"keyphraseInImageAlt":{"score":9,"maxScore":9,"error":0},"keywordDensity":{"type":"best","score":9,"maxScore":9,"error":0}}},{"keyphrase":"tur\u00edsticos","score":87,"analysis":{"keyphraseInDescription":{"score":9,"maxScore":9,"error":0},"keyphraseLength":{"score":9,"maxScore":9,"error":0,"length":2},"keyphraseInIntroduction":{"score":9,"maxScore":9,"error":0},"keyphraseInImageAlt":{"score":3,"maxScore":9,"error":1},"keywordDensity":{"type":"best","score":9,"maxScore":9,"error":0}}}]},"primary_term":null,"canonical_url":null,"og_title":null,"og_description":null,"og_object_type":"default","og_image_type":"default","og_image_url":null,"og_image_width":null,"og_image_height":null,"og_image_custom_url":null,"og_image_custom_fields":null,"og_video":"","og_custom_url":null,"og_article_section":null,"og_article_tags":null,"twitter_use_og":false,"twitter_card":"default","twitter_image_type":"default","twitter_image_url":null,"twitter_image_custom_url":null,"twitter_image_custom_fields":null,"twitter_title":null,"twitter_description":null,"schema":{"blockGraphs":[],"customGraphs":[],"default":{"data":{"Article":[],"Course":[],"Dataset":[],"FAQPage":[],"Movie":[],"Person":[],"Product":[],"ProductReview":[],"Car":[],"Recipe":[],"Service":[],"SoftwareApplication":[],"WebPage":[]},"graphName":"Article","isEnabled":true},"graphs":[]},"schema_type":"default","schema_type_options":null,"pillar_content":false,"robots_default":true,"robots_noindex":false,"robots_noarchive":false,"robots_nosnippet":false,"robots_nofollow":false,"robots_noimageindex":false,"robots_noodp":false,"robots_notranslate":false,"robots_max_snippet":"-1","robots_max_videopreview":"-1","robots_max_imagepreview":"large","priority":null,"frequency":"default","location":null,"local_seo":null,"seo_analyzer_scan_date":"2025-09-02 13:22:13","breadcrumb_settings":null,"limit_modified_date":false,"reviewed_by":null,"open_ai":"{\"title\":{\"suggestions\":[],\"usage\":0},\"description\":{\"suggestions\":[],\"usage\":0}}","ai":null,"created":"2024-08-13 14:15:55","updated":"2025-09-02 13:22:13"},"aioseo_breadcrumb":"<div class=\"aioseo-breadcrumbs\"><span class=\"aioseo-breadcrumb\">\n\t<a href=\"https:\/\/candas365.es\/noticias\" title=\"Home\">Home<\/a>\n<\/span><span class=\"aioseo-breadcrumb-separator\">&ndash;<\/span><span class=\"aioseo-breadcrumb\">\n\t<a href=\"https:\/\/candas365.es\/noticias\/category\/turismo\/\" title=\"Turismo\">Turismo<\/a>\n<\/span><span class=\"aioseo-breadcrumb-separator\">&ndash;<\/span><span class=\"aioseo-breadcrumb\">\n\tLos requisitos esenciales para un turismo inclusivo\n<\/span><\/div>","aioseo_breadcrumb_json":[{"label":"Home","link":"https:\/\/candas365.es\/noticias"},{"label":"Turismo","link":"https:\/\/candas365.es\/noticias\/category\/turismo\/"},{"label":"Los requisitos esenciales para un turismo inclusivo","link":"https:\/\/candas365.es\/noticias\/los-requisitos-esenciales-para-un-turismo-inclusivo\/"}],"_links":{"self":[{"href":"https:\/\/candas365.es\/noticias\/wp-json\/wp\/v2\/posts\/182637","targetHints":{"allow":["GET"]}}],"collection":[{"href":"https:\/\/candas365.es\/noticias\/wp-json\/wp\/v2\/posts"}],"about":[{"href":"https:\/\/candas365.es\/noticias\/wp-json\/wp\/v2\/types\/post"}],"author":[{"embeddable":true,"href":"https:\/\/candas365.es\/noticias\/wp-json\/wp\/v2\/users\/1"}],"replies":[{"embeddable":true,"href":"https:\/\/candas365.es\/noticias\/wp-json\/wp\/v2\/comments?post=182637"}],"version-history":[{"count":0,"href":"https:\/\/candas365.es\/noticias\/wp-json\/wp\/v2\/posts\/182637\/revisions"}],"wp:featuredmedia":[{"embeddable":true,"href":"https:\/\/candas365.es\/noticias\/wp-json\/wp\/v2\/media\/182638"}],"wp:attachment":[{"href":"https:\/\/candas365.es\/noticias\/wp-json\/wp\/v2\/media?parent=182637"}],"wp:term":[{"taxonomy":"category","embeddable":true,"href":"https:\/\/candas365.es\/noticias\/wp-json\/wp\/v2\/categories?post=182637"},{"taxonomy":"post_tag","embeddable":true,"href":"https:\/\/candas365.es\/noticias\/wp-json\/wp\/v2\/tags?post=182637"}],"curies":[{"name":"wp","href":"https:\/\/api.w.org\/{rel}","templated":true}]}}