{"id":182625,"date":"2024-08-12T18:11:18","date_gmt":"2024-08-12T16:11:18","guid":{"rendered":"https:\/\/candas365.es\/noticias\/?p=182625"},"modified":"2024-08-12T18:11:18","modified_gmt":"2024-08-12T16:11:18","slug":"scholz-llama-a-iran-a-evitar-una-escalada-militar-en-cercano-oriente","status":"publish","type":"post","link":"https:\/\/candas365.es\/noticias\/scholz-llama-a-iran-a-evitar-una-escalada-militar-en-cercano-oriente\/","title":{"rendered":"Scholz llama a Ir\u00e1n a evitar una escalada militar en Cercano Oriente"},"content":{"rendered":"<p>Berl\u00edn, 12 ago (<a title=\"dpa\" href=\"https:\/\/www.dpa-news.de\/\" target=\"_blank\" rel=\"noopener\"><span style=\"color: #ff6600;\"><strong>dpa<\/strong><\/span><\/a>) &#8211; El canciller alem\u00e1n, Olaf Scholz, hizo hoy un llamamiento a Ir\u00e1n para que evite una nueva escalada militar en<span style=\"color: #ff6600;\"> <a style=\"color: #ff6600;\" href=\"https:\/\/candas365.es\/noticias\/category\/internacional\/\"><strong>Cercano Oriente<\/strong><\/a><\/span>.<\/p>\n<p><img fetchpriority=\"high\" decoding=\"async\" class=\"aligncenter size-full wp-image-182626\" src=\"https:\/\/candas365.es\/noticias\/wp-content\/uploads\/2024\/08\/Iran.jpg\" alt=\"Ir\u00e1n\" width=\"640\" height=\"427\" srcset=\"https:\/\/candas365.es\/noticias\/wp-content\/uploads\/2024\/08\/Iran.jpg 640w, https:\/\/candas365.es\/noticias\/wp-content\/uploads\/2024\/08\/Iran-360x240.jpg 360w, https:\/\/candas365.es\/noticias\/wp-content\/uploads\/2024\/08\/Iran-150x100.jpg 150w, https:\/\/candas365.es\/noticias\/wp-content\/uploads\/2024\/08\/Iran-450x300.jpg 450w\" sizes=\"(max-width: 640px) 100vw, 640px\" \/><\/p>\n<p>Scholz reclam\u00f3 romper ya la espiral de violencia en la regi\u00f3n en una una conversaci\u00f3n telef\u00f3nica con el nuevo presidente iran\u00ed, Masoud Pezeshkian, seg\u00fan un portavoz del Gobierno alem\u00e1n. Cualquier otra cosa entra\u00f1ar\u00eda un peligro incalculable para los pa\u00edses y los pueblos de la regi\u00f3n, agreg\u00f3.<\/p>\n<p>El canciller germano expres\u00f3 su gran preocupaci\u00f3n por el peligro de una conflagraci\u00f3n regional en Cercano Oriente. Dej\u00f3 claro que ahora debe alcanzarse y aplicarse de inmediato un acuerdo para el alto el fuego y la liberaci\u00f3n de los rehenes en la Franja de Gaza. \u00abSer\u00eda una importante contribuci\u00f3n a la desescalada regional\u00bb, afirm\u00f3.<\/p>\n<p>Desde el asesinato selectivo de dos figuras destacadas de Ham\u00e1s y la milicia libanesa Hezbol\u00e1 por parte de Israel, el temor a una conflagraci\u00f3n b\u00e9lica ha crecido en la regi\u00f3n.<\/p>\n<p>Ir\u00e1n y sus aliados en L\u00edbano anunciaron ataques masivos de represalia contra Israel tras los asesinatos. Las fuerzas armadas israel\u00edes llevan d\u00edas en estado de m\u00e1xima alerta.<\/p>\n","protected":false},"excerpt":{"rendered":"<p>Berl\u00edn, 12 ago (dpa) &#8211; El canciller alem\u00e1n, Olaf Scholz, hizo hoy un llamamiento a Ir\u00e1n para que evite una nueva escalada militar en Cercano Oriente. Scholz reclam\u00f3 romper ya la espiral de violencia en la regi\u00f3n en una una conversaci\u00f3n telef\u00f3nica con el nuevo presidente iran\u00ed, Masoud Pezeshkian, seg\u00fan un portavoz del Gobierno alem\u00e1n.<\/p>\n","protected":false},"author":1,"featured_media":182626,"comment_status":"closed","ping_status":"closed","sticky":false,"template":"","format":"standard","meta":{"footnotes":""},"categories":[485],"tags":[464,418],"class_list":{"0":"post-182625","1":"post","2":"type-post","3":"status-publish","4":"format-standard","5":"has-post-thumbnail","7":"category-internacional","8":"tag-conflictos","9":"tag-internacional"},"aioseo_notices":[],"aioseo_head":"\n\t\t<!-- All in One SEO Pro 4.9.6.2 - aioseo.com -->\n\t<meta name=\"description\" content=\"Berl\u00edn, 12 ago (dpa) - El canciller alem\u00e1n, Olaf Scholz, hizo hoy un llamamiento a Ir\u00e1n para que evite una nueva escalada militar en Cercano Oriente.\" \/>\n\t<meta name=\"robots\" content=\"max-image-preview:large\" \/>\n\t<meta name=\"author\" content=\"Cand\u00e1s 365\"\/>\n\t<meta name=\"google-site-verification\" content=\"UA-32230408-1\" \/>\n\t<meta name=\"msvalidate.01\" content=\"354F3CDFB2DA171B47FBE9ABF1F88D5\" \/>\n\t<meta name=\"keywords\" content=\"internacional\" \/>\n\t<link rel=\"canonical\" href=\"https:\/\/candas365.es\/noticias\/scholz-llama-a-iran-a-evitar-una-escalada-militar-en-cercano-oriente\/\" \/>\n\t<meta name=\"generator\" content=\"All in One SEO Pro (AIOSEO) 4.9.6.2\" \/>\n\t\t<meta property=\"og:locale\" content=\"es_ES\" \/>\n\t\t<meta property=\"og:site_name\" content=\"Cand\u00e1s 365\" \/>\n\t\t<meta property=\"og:type\" content=\"article\" \/>\n\t\t<meta property=\"og:title\" content=\"Scholz llama a Ir\u00e1n a evitar una escalada militar en Cercano Oriente | Cand\u00e1s 365\" \/>\n\t\t<meta property=\"og:description\" content=\"Berl\u00edn, 12 ago (dpa) - El canciller alem\u00e1n, Olaf Scholz, hizo hoy un llamamiento a Ir\u00e1n para que evite una nueva escalada militar en Cercano Oriente.\" \/>\n\t\t<meta property=\"og:url\" content=\"https:\/\/candas365.es\/noticias\/scholz-llama-a-iran-a-evitar-una-escalada-militar-en-cercano-oriente\/\" \/>\n\t\t<meta property=\"og:image\" content=\"https:\/\/candas365.es\/noticias\/wp-content\/uploads\/2024\/08\/Iran.jpg\" \/>\n\t\t<meta property=\"og:image:secure_url\" content=\"https:\/\/candas365.es\/noticias\/wp-content\/uploads\/2024\/08\/Iran.jpg\" \/>\n\t\t<meta property=\"og:image:width\" content=\"640\" \/>\n\t\t<meta property=\"og:image:height\" content=\"427\" \/>\n\t\t<meta property=\"article:published_time\" content=\"2024-08-12T16:11:18+00:00\" \/>\n\t\t<meta property=\"article:modified_time\" content=\"2024-08-12T16:11:18+00:00\" \/>\n\t\t<meta property=\"article:publisher\" content=\"https:\/\/www.facebook.com\/Nachofdezber\" \/>\n\t\t<meta property=\"article:author\" content=\"https:\/\/www.facebook.com\/carrenoactualidad\" \/>\n\t\t<meta name=\"twitter:card\" content=\"summary_large_image\" \/>\n\t\t<meta name=\"twitter:site\" content=\"@NabercoDigital\" \/>\n\t\t<meta name=\"twitter:title\" content=\"Scholz llama a Ir\u00e1n a evitar una escalada militar en Cercano Oriente | Cand\u00e1s 365\" \/>\n\t\t<meta name=\"twitter:description\" content=\"Berl\u00edn, 12 ago (dpa) - El canciller alem\u00e1n, Olaf Scholz, hizo hoy un llamamiento a Ir\u00e1n para que evite una nueva escalada militar en Cercano Oriente.\" \/>\n\t\t<meta name=\"twitter:creator\" content=\"@nbasturias\" \/>\n\t\t<meta name=\"twitter:image\" content=\"https:\/\/candas365.es\/noticias\/wp-content\/uploads\/2024\/08\/Iran.jpg\" \/>\n\t\t<meta name=\"twitter:label1\" content=\"Escrito por\" \/>\n\t\t<meta name=\"twitter:data1\" content=\"Cand\u00e1s 365\" \/>\n\t\t<meta name=\"twitter:label2\" content=\"Tiempo de lectura estimado\" \/>\n\t\t<meta name=\"twitter:data2\" content=\"1 minuto\" \/>\n\t\t<script type=\"application\/ld+json\" class=\"aioseo-schema\">\n\t\t\t{\"@context\":\"https:\\\/\\\/schema.org\",\"@graph\":[{\"@type\":\"BreadcrumbList\",\"@id\":\"https:\\\/\\\/candas365.es\\\/noticias\\\/scholz-llama-a-iran-a-evitar-una-escalada-militar-en-cercano-oriente\\\/#breadcrumblist\",\"itemListElement\":[{\"@type\":\"ListItem\",\"@id\":\"https:\\\/\\\/candas365.es\\\/noticias#listItem\",\"position\":1,\"name\":\"Home\",\"item\":\"https:\\\/\\\/candas365.es\\\/noticias\",\"nextItem\":{\"@type\":\"ListItem\",\"@id\":\"https:\\\/\\\/candas365.es\\\/noticias\\\/category\\\/internacional\\\/#listItem\",\"name\":\"Internacional\"}},{\"@type\":\"ListItem\",\"@id\":\"https:\\\/\\\/candas365.es\\\/noticias\\\/category\\\/internacional\\\/#listItem\",\"position\":2,\"name\":\"Internacional\",\"item\":\"https:\\\/\\\/candas365.es\\\/noticias\\\/category\\\/internacional\\\/\",\"nextItem\":{\"@type\":\"ListItem\",\"@id\":\"https:\\\/\\\/candas365.es\\\/noticias\\\/scholz-llama-a-iran-a-evitar-una-escalada-militar-en-cercano-oriente\\\/#listItem\",\"name\":\"Scholz llama a Ir\\u00e1n a evitar una escalada militar en Cercano Oriente\"},\"previousItem\":{\"@type\":\"ListItem\",\"@id\":\"https:\\\/\\\/candas365.es\\\/noticias#listItem\",\"name\":\"Home\"}},{\"@type\":\"ListItem\",\"@id\":\"https:\\\/\\\/candas365.es\\\/noticias\\\/scholz-llama-a-iran-a-evitar-una-escalada-militar-en-cercano-oriente\\\/#listItem\",\"position\":3,\"name\":\"Scholz llama a Ir\\u00e1n a evitar una escalada militar en Cercano Oriente\",\"previousItem\":{\"@type\":\"ListItem\",\"@id\":\"https:\\\/\\\/candas365.es\\\/noticias\\\/category\\\/internacional\\\/#listItem\",\"name\":\"Internacional\"}}]},{\"@type\":\"NewsArticle\",\"@id\":\"https:\\\/\\\/candas365.es\\\/noticias\\\/scholz-llama-a-iran-a-evitar-una-escalada-militar-en-cercano-oriente\\\/#newsarticle\",\"name\":\"Scholz llama a Ir\\u00e1n a evitar una escalada militar en Cercano Oriente | Cand\\u00e1s 365\",\"headline\":\"Scholz llama a Ir\\u00e1n a evitar una escalada militar en Cercano Oriente\",\"author\":{\"@id\":\"https:\\\/\\\/candas365.es\\\/noticias\\\/author\\\/admin\\\/#author\"},\"publisher\":{\"@id\":\"https:\\\/\\\/candas365.es\\\/noticias\\\/#organization\"},\"image\":{\"@type\":\"ImageObject\",\"url\":\"https:\\\/\\\/candas365.es\\\/noticias\\\/wp-content\\\/uploads\\\/2024\\\/08\\\/Iran.jpg\",\"width\":640,\"height\":427,\"caption\":\"Ir\\u00e1n\"},\"datePublished\":\"2024-08-12T18:11:18+02:00\",\"dateModified\":\"2024-08-12T18:11:18+02:00\",\"inLanguage\":\"es-ES\",\"mainEntityOfPage\":{\"@id\":\"https:\\\/\\\/candas365.es\\\/noticias\\\/scholz-llama-a-iran-a-evitar-una-escalada-militar-en-cercano-oriente\\\/#webpage\"},\"isPartOf\":{\"@id\":\"https:\\\/\\\/candas365.es\\\/noticias\\\/scholz-llama-a-iran-a-evitar-una-escalada-militar-en-cercano-oriente\\\/#webpage\"},\"articleSection\":\"Internacional, conflictos, Internacional\",\"dateline\":\"Publicado el agosto 12, 2024.\"},{\"@type\":\"Organization\",\"@id\":\"https:\\\/\\\/candas365.es\\\/noticias\\\/#organization\",\"name\":\"Cand\\u00e1s 365\",\"description\":\"Cand\\u00e1s 365 es un diario digital independiente, fundado en 2012, con base en Asturias. Informamos con rigor sobre actualidad, sociedad, cultura y ocio, con una mirada local y global.\",\"url\":\"https:\\\/\\\/candas365.es\\\/noticias\\\/\",\"email\":\"info@candas365.es\",\"telephone\":\"+34652131393\",\"foundingDate\":\"2012-06-10\",\"logo\":{\"@type\":\"ImageObject\",\"url\":\"https:\\\/\\\/candas365.es\\\/noticias\\\/wp-content\\\/uploads\\\/2024\\\/09\\\/Candas-365-Redes.jpg\",\"@id\":\"https:\\\/\\\/candas365.es\\\/noticias\\\/scholz-llama-a-iran-a-evitar-una-escalada-militar-en-cercano-oriente\\\/#organizationLogo\",\"width\":1152,\"height\":864,\"caption\":\"Cand\\u00e1s 365 Redes\"},\"image\":{\"@id\":\"https:\\\/\\\/candas365.es\\\/noticias\\\/scholz-llama-a-iran-a-evitar-una-escalada-militar-en-cercano-oriente\\\/#organizationLogo\"},\"sameAs\":[\"https:\\\/\\\/www.facebook.com\\\/Nachofdezber\",\"https:\\\/\\\/x.com\\\/NabercoDigital\",\"https:\\\/\\\/www.instagram.com\\\/nachofdezber\\\/\",\"https:\\\/\\\/www.youtube.com\\\/channel\\\/UCZP-2wLEB9Rv6erhFmqVnvg\"],\"address\":{\"@id\":\"https:\\\/\\\/candas365.es\\\/noticias\\\/#postaladdress\",\"@type\":\"PostalAddress\",\"streetAddress\":\"san antonio 4, san antonio 4\",\"postalCode\":\"33430\",\"addressLocality\":\"Cand\\u00e1s\",\"addressRegion\":\"Asturias\",\"addressCountry\":\"ES\"}},{\"@type\":\"Person\",\"@id\":\"https:\\\/\\\/candas365.es\\\/noticias\\\/author\\\/admin\\\/#author\",\"url\":\"https:\\\/\\\/candas365.es\\\/noticias\\\/author\\\/admin\\\/\",\"name\":\"Cand\\u00e1s 365\",\"image\":{\"@type\":\"ImageObject\",\"@id\":\"https:\\\/\\\/candas365.es\\\/noticias\\\/scholz-llama-a-iran-a-evitar-una-escalada-militar-en-cercano-oriente\\\/#authorImage\",\"url\":\"https:\\\/\\\/secure.gravatar.com\\\/avatar\\\/496a8e03d0c493ede1718b7934145dbdf8d89be1036b0eec9544e1094c9de390?s=96&d=mm&r=g\",\"width\":96,\"height\":96,\"caption\":\"Cand\\u00e1s 365\"},\"sameAs\":[\"https:\\\/\\\/www.facebook.com\\\/carrenoactualidad\",\"https:\\\/\\\/twitter.com\\\/nbasturias\",\"https:\\\/\\\/www.instagram.com\\\/nachofdezber\\\/\",\"https:\\\/\\\/www.youtube.com\\\/channel\\\/UCZP-2wLEB9Rv6erhFmqVnvg\"]},{\"@type\":\"WebPage\",\"@id\":\"https:\\\/\\\/candas365.es\\\/noticias\\\/scholz-llama-a-iran-a-evitar-una-escalada-militar-en-cercano-oriente\\\/#webpage\",\"url\":\"https:\\\/\\\/candas365.es\\\/noticias\\\/scholz-llama-a-iran-a-evitar-una-escalada-militar-en-cercano-oriente\\\/\",\"name\":\"Scholz llama a Ir\\u00e1n a evitar una escalada militar en Cercano Oriente | Cand\\u00e1s 365\",\"description\":\"Berl\\u00edn, 12 ago (dpa) - El canciller alem\\u00e1n, Olaf Scholz, hizo hoy un llamamiento a Ir\\u00e1n para que evite una nueva escalada militar en Cercano Oriente.\",\"inLanguage\":\"es-ES\",\"isPartOf\":{\"@id\":\"https:\\\/\\\/candas365.es\\\/noticias\\\/#website\"},\"breadcrumb\":{\"@id\":\"https:\\\/\\\/candas365.es\\\/noticias\\\/scholz-llama-a-iran-a-evitar-una-escalada-militar-en-cercano-oriente\\\/#breadcrumblist\"},\"author\":{\"@id\":\"https:\\\/\\\/candas365.es\\\/noticias\\\/author\\\/admin\\\/#author\"},\"creator\":{\"@id\":\"https:\\\/\\\/candas365.es\\\/noticias\\\/author\\\/admin\\\/#author\"},\"image\":{\"@type\":\"ImageObject\",\"url\":\"https:\\\/\\\/candas365.es\\\/noticias\\\/wp-content\\\/uploads\\\/2024\\\/08\\\/Iran.jpg\",\"@id\":\"https:\\\/\\\/candas365.es\\\/noticias\\\/scholz-llama-a-iran-a-evitar-una-escalada-militar-en-cercano-oriente\\\/#mainImage\",\"width\":640,\"height\":427,\"caption\":\"Ir\\u00e1n\"},\"primaryImageOfPage\":{\"@id\":\"https:\\\/\\\/candas365.es\\\/noticias\\\/scholz-llama-a-iran-a-evitar-una-escalada-militar-en-cercano-oriente\\\/#mainImage\"},\"datePublished\":\"2024-08-12T18:11:18+02:00\",\"dateModified\":\"2024-08-12T18:11:18+02:00\"},{\"@type\":\"WebSite\",\"@id\":\"https:\\\/\\\/candas365.es\\\/noticias\\\/#website\",\"url\":\"https:\\\/\\\/candas365.es\\\/noticias\\\/\",\"name\":\"Cand\\u00e1s 365\",\"alternateName\":\"Cand\\u00e1s 365 Noticias\",\"description\":\"Actualidad desde Carre\\u00f1o para el mundo\",\"inLanguage\":\"es-ES\",\"publisher\":{\"@id\":\"https:\\\/\\\/candas365.es\\\/noticias\\\/#organization\"}}]}\n\t\t<\/script>\n\t\t<!-- All in One SEO Pro -->\r\n\t\t<title>Scholz llama a Ir\u00e1n a evitar una escalada militar en Cercano Oriente | Cand\u00e1s 365<\/title>\n\n","aioseo_head_json":{"title":"Scholz llama a Ir\u00e1n a evitar una escalada militar en Cercano Oriente | Cand\u00e1s 365","description":"Berl\u00edn, 12 ago (dpa) - El canciller alem\u00e1n, Olaf Scholz, hizo hoy un llamamiento a Ir\u00e1n para que evite una nueva escalada militar en Cercano Oriente.","canonical_url":"https:\/\/candas365.es\/noticias\/scholz-llama-a-iran-a-evitar-una-escalada-militar-en-cercano-oriente\/","robots":"max-image-preview:large","keywords":"internacional","webmasterTools":{"google-site-verification":"UA-32230408-1","msvalidate.01":"354F3CDFB2DA171B47FBE9ABF1F88D5","miscellaneous":""},"schema":{"@context":"https:\/\/schema.org","@graph":[{"@type":"BreadcrumbList","@id":"https:\/\/candas365.es\/noticias\/scholz-llama-a-iran-a-evitar-una-escalada-militar-en-cercano-oriente\/#breadcrumblist","itemListElement":[{"@type":"ListItem","@id":"https:\/\/candas365.es\/noticias#listItem","position":1,"name":"Home","item":"https:\/\/candas365.es\/noticias","nextItem":{"@type":"ListItem","@id":"https:\/\/candas365.es\/noticias\/category\/internacional\/#listItem","name":"Internacional"}},{"@type":"ListItem","@id":"https:\/\/candas365.es\/noticias\/category\/internacional\/#listItem","position":2,"name":"Internacional","item":"https:\/\/candas365.es\/noticias\/category\/internacional\/","nextItem":{"@type":"ListItem","@id":"https:\/\/candas365.es\/noticias\/scholz-llama-a-iran-a-evitar-una-escalada-militar-en-cercano-oriente\/#listItem","name":"Scholz llama a Ir\u00e1n a evitar una escalada militar en Cercano Oriente"},"previousItem":{"@type":"ListItem","@id":"https:\/\/candas365.es\/noticias#listItem","name":"Home"}},{"@type":"ListItem","@id":"https:\/\/candas365.es\/noticias\/scholz-llama-a-iran-a-evitar-una-escalada-militar-en-cercano-oriente\/#listItem","position":3,"name":"Scholz llama a Ir\u00e1n a evitar una escalada militar en Cercano Oriente","previousItem":{"@type":"ListItem","@id":"https:\/\/candas365.es\/noticias\/category\/internacional\/#listItem","name":"Internacional"}}]},{"@type":"NewsArticle","@id":"https:\/\/candas365.es\/noticias\/scholz-llama-a-iran-a-evitar-una-escalada-militar-en-cercano-oriente\/#newsarticle","name":"Scholz llama a Ir\u00e1n a evitar una escalada militar en Cercano Oriente | Cand\u00e1s 365","headline":"Scholz llama a Ir\u00e1n a evitar una escalada militar en Cercano Oriente","author":{"@id":"https:\/\/candas365.es\/noticias\/author\/admin\/#author"},"publisher":{"@id":"https:\/\/candas365.es\/noticias\/#organization"},"image":{"@type":"ImageObject","url":"https:\/\/candas365.es\/noticias\/wp-content\/uploads\/2024\/08\/Iran.jpg","width":640,"height":427,"caption":"Ir\u00e1n"},"datePublished":"2024-08-12T18:11:18+02:00","dateModified":"2024-08-12T18:11:18+02:00","inLanguage":"es-ES","mainEntityOfPage":{"@id":"https:\/\/candas365.es\/noticias\/scholz-llama-a-iran-a-evitar-una-escalada-militar-en-cercano-oriente\/#webpage"},"isPartOf":{"@id":"https:\/\/candas365.es\/noticias\/scholz-llama-a-iran-a-evitar-una-escalada-militar-en-cercano-oriente\/#webpage"},"articleSection":"Internacional, conflictos, Internacional","dateline":"Publicado el agosto 12, 2024."},{"@type":"Organization","@id":"https:\/\/candas365.es\/noticias\/#organization","name":"Cand\u00e1s 365","description":"Cand\u00e1s 365 es un diario digital independiente, fundado en 2012, con base en Asturias. Informamos con rigor sobre actualidad, sociedad, cultura y ocio, con una mirada local y global.","url":"https:\/\/candas365.es\/noticias\/","email":"info@candas365.es","telephone":"+34652131393","foundingDate":"2012-06-10","logo":{"@type":"ImageObject","url":"https:\/\/candas365.es\/noticias\/wp-content\/uploads\/2024\/09\/Candas-365-Redes.jpg","@id":"https:\/\/candas365.es\/noticias\/scholz-llama-a-iran-a-evitar-una-escalada-militar-en-cercano-oriente\/#organizationLogo","width":1152,"height":864,"caption":"Cand\u00e1s 365 Redes"},"image":{"@id":"https:\/\/candas365.es\/noticias\/scholz-llama-a-iran-a-evitar-una-escalada-militar-en-cercano-oriente\/#organizationLogo"},"sameAs":["https:\/\/www.facebook.com\/Nachofdezber","https:\/\/x.com\/NabercoDigital","https:\/\/www.instagram.com\/nachofdezber\/","https:\/\/www.youtube.com\/channel\/UCZP-2wLEB9Rv6erhFmqVnvg"],"address":{"@id":"https:\/\/candas365.es\/noticias\/#postaladdress","@type":"PostalAddress","streetAddress":"san antonio 4, san antonio 4","postalCode":"33430","addressLocality":"Cand\u00e1s","addressRegion":"Asturias","addressCountry":"ES"}},{"@type":"Person","@id":"https:\/\/candas365.es\/noticias\/author\/admin\/#author","url":"https:\/\/candas365.es\/noticias\/author\/admin\/","name":"Cand\u00e1s 365","image":{"@type":"ImageObject","@id":"https:\/\/candas365.es\/noticias\/scholz-llama-a-iran-a-evitar-una-escalada-militar-en-cercano-oriente\/#authorImage","url":"https:\/\/secure.gravatar.com\/avatar\/496a8e03d0c493ede1718b7934145dbdf8d89be1036b0eec9544e1094c9de390?s=96&d=mm&r=g","width":96,"height":96,"caption":"Cand\u00e1s 365"},"sameAs":["https:\/\/www.facebook.com\/carrenoactualidad","https:\/\/twitter.com\/nbasturias","https:\/\/www.instagram.com\/nachofdezber\/","https:\/\/www.youtube.com\/channel\/UCZP-2wLEB9Rv6erhFmqVnvg"]},{"@type":"WebPage","@id":"https:\/\/candas365.es\/noticias\/scholz-llama-a-iran-a-evitar-una-escalada-militar-en-cercano-oriente\/#webpage","url":"https:\/\/candas365.es\/noticias\/scholz-llama-a-iran-a-evitar-una-escalada-militar-en-cercano-oriente\/","name":"Scholz llama a Ir\u00e1n a evitar una escalada militar en Cercano Oriente | Cand\u00e1s 365","description":"Berl\u00edn, 12 ago (dpa) - El canciller alem\u00e1n, Olaf Scholz, hizo hoy un llamamiento a Ir\u00e1n para que evite una nueva escalada militar en Cercano Oriente.","inLanguage":"es-ES","isPartOf":{"@id":"https:\/\/candas365.es\/noticias\/#website"},"breadcrumb":{"@id":"https:\/\/candas365.es\/noticias\/scholz-llama-a-iran-a-evitar-una-escalada-militar-en-cercano-oriente\/#breadcrumblist"},"author":{"@id":"https:\/\/candas365.es\/noticias\/author\/admin\/#author"},"creator":{"@id":"https:\/\/candas365.es\/noticias\/author\/admin\/#author"},"image":{"@type":"ImageObject","url":"https:\/\/candas365.es\/noticias\/wp-content\/uploads\/2024\/08\/Iran.jpg","@id":"https:\/\/candas365.es\/noticias\/scholz-llama-a-iran-a-evitar-una-escalada-militar-en-cercano-oriente\/#mainImage","width":640,"height":427,"caption":"Ir\u00e1n"},"primaryImageOfPage":{"@id":"https:\/\/candas365.es\/noticias\/scholz-llama-a-iran-a-evitar-una-escalada-militar-en-cercano-oriente\/#mainImage"},"datePublished":"2024-08-12T18:11:18+02:00","dateModified":"2024-08-12T18:11:18+02:00"},{"@type":"WebSite","@id":"https:\/\/candas365.es\/noticias\/#website","url":"https:\/\/candas365.es\/noticias\/","name":"Cand\u00e1s 365","alternateName":"Cand\u00e1s 365 Noticias","description":"Actualidad desde Carre\u00f1o para el mundo","inLanguage":"es-ES","publisher":{"@id":"https:\/\/candas365.es\/noticias\/#organization"}}]},"og:locale":"es_ES","og:site_name":"Cand\u00e1s 365","og:type":"article","og:title":"Scholz llama a Ir\u00e1n a evitar una escalada militar en Cercano Oriente | Cand\u00e1s 365","og:description":"Berl\u00edn, 12 ago (dpa) - El canciller alem\u00e1n, Olaf Scholz, hizo hoy un llamamiento a Ir\u00e1n para que evite una nueva escalada militar en Cercano Oriente.","og:url":"https:\/\/candas365.es\/noticias\/scholz-llama-a-iran-a-evitar-una-escalada-militar-en-cercano-oriente\/","og:image":"https:\/\/candas365.es\/noticias\/wp-content\/uploads\/2024\/08\/Iran.jpg","og:image:secure_url":"https:\/\/candas365.es\/noticias\/wp-content\/uploads\/2024\/08\/Iran.jpg","og:image:width":640,"og:image:height":427,"article:published_time":"2024-08-12T16:11:18+00:00","article:modified_time":"2024-08-12T16:11:18+00:00","article:publisher":"https:\/\/www.facebook.com\/Nachofdezber","article:author":"https:\/\/www.facebook.com\/carrenoactualidad","twitter:card":"summary_large_image","twitter:site":"@NabercoDigital","twitter:title":"Scholz llama a Ir\u00e1n a evitar una escalada militar en Cercano Oriente | Cand\u00e1s 365","twitter:description":"Berl\u00edn, 12 ago (dpa) - El canciller alem\u00e1n, Olaf Scholz, hizo hoy un llamamiento a Ir\u00e1n para que evite una nueva escalada militar en Cercano Oriente.","twitter:creator":"@nbasturias","twitter:image":"https:\/\/candas365.es\/noticias\/wp-content\/uploads\/2024\/08\/Iran.jpg","twitter:label1":"Escrito por","twitter:data1":"Cand\u00e1s 365","twitter:label2":"Tiempo de lectura estimado","twitter:data2":"1 minuto"},"aioseo_meta_data":{"post_id":"182625","title":null,"description":"Berl\u00edn, 12 ago (dpa) - El canciller alem\u00e1n, Olaf Scholz, hizo hoy un llamamiento a Ir\u00e1n para que evite una nueva escalada militar en Cercano Oriente.","keywords":null,"keyphrases":{"focus":{"keyphrase":"Ir\u00e1n","score":93,"analysis":{"keyphraseInTitle":{"score":9,"maxScore":9,"error":0},"keyphraseInDescription":{"score":9,"maxScore":9,"error":0},"keyphraseLength":{"score":9,"maxScore":9,"error":0,"length":2},"keyphraseInURL":{"score":1,"maxScore":5,"error":1},"keyphraseInIntroduction":{"score":9,"maxScore":9,"error":0},"keyphraseInSubHeadings":[],"keyphraseInImageAlt":{"score":9,"maxScore":9,"error":0},"keywordDensity":{"type":"best","score":9,"maxScore":9,"error":0}}},"additional":[{"keyphrase":"Ir\u00e1n","score":100,"analysis":{"keyphraseInDescription":{"score":9,"maxScore":9,"error":0},"keyphraseLength":{"score":9,"maxScore":9,"error":0,"length":2},"keyphraseInIntroduction":{"score":9,"maxScore":9,"error":0},"keyphraseInImageAlt":{"score":9,"maxScore":9,"error":0},"keywordDensity":{"type":"best","score":9,"maxScore":9,"error":0}}}]},"primary_term":null,"canonical_url":null,"og_title":null,"og_description":null,"og_object_type":"default","og_image_type":"default","og_image_url":null,"og_image_width":null,"og_image_height":null,"og_image_custom_url":null,"og_image_custom_fields":null,"og_video":"","og_custom_url":null,"og_article_section":null,"og_article_tags":null,"twitter_use_og":false,"twitter_card":"default","twitter_image_type":"default","twitter_image_url":null,"twitter_image_custom_url":null,"twitter_image_custom_fields":null,"twitter_title":null,"twitter_description":null,"schema":{"blockGraphs":[],"customGraphs":[],"default":{"data":{"Article":[],"Course":[],"Dataset":[],"FAQPage":[],"Movie":[],"Person":[],"Product":[],"ProductReview":[],"Car":[],"Recipe":[],"Service":[],"SoftwareApplication":[],"WebPage":[]},"graphName":"Article","isEnabled":true},"graphs":[]},"schema_type":"default","schema_type_options":null,"pillar_content":false,"robots_default":true,"robots_noindex":false,"robots_noarchive":false,"robots_nosnippet":false,"robots_nofollow":false,"robots_noimageindex":false,"robots_noodp":false,"robots_notranslate":false,"robots_max_snippet":"-1","robots_max_videopreview":"-1","robots_max_imagepreview":"large","priority":null,"frequency":"default","location":null,"local_seo":null,"seo_analyzer_scan_date":"2025-09-02 13:19:12","breadcrumb_settings":null,"limit_modified_date":false,"reviewed_by":null,"open_ai":"{\"title\":{\"suggestions\":[],\"usage\":0},\"description\":{\"suggestions\":[],\"usage\":0}}","ai":null,"created":"2024-08-12 16:07:24","updated":"2025-09-02 13:19:12"},"aioseo_breadcrumb":"<div class=\"aioseo-breadcrumbs\"><span class=\"aioseo-breadcrumb\">\n\t<a href=\"https:\/\/candas365.es\/noticias\" title=\"Home\">Home<\/a>\n<\/span><span class=\"aioseo-breadcrumb-separator\">&ndash;<\/span><span class=\"aioseo-breadcrumb\">\n\t<a href=\"https:\/\/candas365.es\/noticias\/category\/internacional\/\" title=\"Internacional\">Internacional<\/a>\n<\/span><span class=\"aioseo-breadcrumb-separator\">&ndash;<\/span><span class=\"aioseo-breadcrumb\">\n\tScholz llama a Ir\u00e1n a evitar una escalada militar en Cercano Oriente\n<\/span><\/div>","aioseo_breadcrumb_json":[{"label":"Home","link":"https:\/\/candas365.es\/noticias"},{"label":"Internacional","link":"https:\/\/candas365.es\/noticias\/category\/internacional\/"},{"label":"Scholz llama a Ir\u00e1n a evitar una escalada militar en Cercano Oriente","link":"https:\/\/candas365.es\/noticias\/scholz-llama-a-iran-a-evitar-una-escalada-militar-en-cercano-oriente\/"}],"_links":{"self":[{"href":"https:\/\/candas365.es\/noticias\/wp-json\/wp\/v2\/posts\/182625","targetHints":{"allow":["GET"]}}],"collection":[{"href":"https:\/\/candas365.es\/noticias\/wp-json\/wp\/v2\/posts"}],"about":[{"href":"https:\/\/candas365.es\/noticias\/wp-json\/wp\/v2\/types\/post"}],"author":[{"embeddable":true,"href":"https:\/\/candas365.es\/noticias\/wp-json\/wp\/v2\/users\/1"}],"replies":[{"embeddable":true,"href":"https:\/\/candas365.es\/noticias\/wp-json\/wp\/v2\/comments?post=182625"}],"version-history":[{"count":0,"href":"https:\/\/candas365.es\/noticias\/wp-json\/wp\/v2\/posts\/182625\/revisions"}],"wp:featuredmedia":[{"embeddable":true,"href":"https:\/\/candas365.es\/noticias\/wp-json\/wp\/v2\/media\/182626"}],"wp:attachment":[{"href":"https:\/\/candas365.es\/noticias\/wp-json\/wp\/v2\/media?parent=182625"}],"wp:term":[{"taxonomy":"category","embeddable":true,"href":"https:\/\/candas365.es\/noticias\/wp-json\/wp\/v2\/categories?post=182625"},{"taxonomy":"post_tag","embeddable":true,"href":"https:\/\/candas365.es\/noticias\/wp-json\/wp\/v2\/tags?post=182625"}],"curies":[{"name":"wp","href":"https:\/\/api.w.org\/{rel}","templated":true}]}}