{"id":182614,"date":"2024-08-12T17:50:04","date_gmt":"2024-08-12T15:50:04","guid":{"rendered":"https:\/\/candas365.es\/noticias\/?p=182614"},"modified":"2024-08-12T17:50:04","modified_gmt":"2024-08-12T15:50:04","slug":"gobierno-aleman-reconoce-ignorar-la-intencion-del-ataque-ucraniano-a-kursk","status":"publish","type":"post","link":"https:\/\/candas365.es\/noticias\/gobierno-aleman-reconoce-ignorar-la-intencion-del-ataque-ucraniano-a-kursk\/","title":{"rendered":"Gobierno alem\u00e1n reconoce \u00abignorar\u00bb la intenci\u00f3n del ataque ucraniano a Kursk"},"content":{"rendered":"<p>Berl\u00edn, 12 ago (<a title=\"dpa\" href=\"https:\/\/www.dpa-news.de\/\" target=\"_blank\" rel=\"noopener\"><span style=\"color: #ff6600;\"><strong>dpa<\/strong><\/span><\/a>) &#8211; El Gobierno alem\u00e1n no fue informado de antemano sobre los detalles del <a href=\"https:\/\/candas365.es\/noticias\/tag\/conflictos\/\"><span style=\"color: #ff6600;\"><strong>avance ucraniano<\/strong><\/span><\/a> en territorio ruso, seg\u00fan se desprende de declaraciones formuladas hoy por un portavoz oficial.<\/p>\n<p><img fetchpriority=\"high\" decoding=\"async\" class=\"aligncenter size-full wp-image-176718\" src=\"https:\/\/candas365.es\/noticias\/wp-content\/uploads\/2023\/12\/noticias.jpg\" alt=\"noticias\" width=\"640\" height=\"480\" srcset=\"https:\/\/candas365.es\/noticias\/wp-content\/uploads\/2023\/12\/noticias.jpg 640w, https:\/\/candas365.es\/noticias\/wp-content\/uploads\/2023\/12\/noticias-360x270.jpg 360w, https:\/\/candas365.es\/noticias\/wp-content\/uploads\/2023\/12\/noticias-150x113.jpg 150w, https:\/\/candas365.es\/noticias\/wp-content\/uploads\/2023\/12\/noticias-450x338.jpg 450w\" sizes=\"(max-width: 640px) 100vw, 640px\" \/><\/p>\n<p>\u00abHay informaciones contradictorias y a veces deliberadamente falsificadas sobre la operaci\u00f3n, que al parecer se prepar\u00f3 en gran secreto y sin retroalimentaci\u00f3n. Hasta ahora todo parece indicar que se trata de una operaci\u00f3n limitada en lo que respecta al espacio\u00bb, declar\u00f3 en Berl\u00edn el portavoz adjunto del gobierno, Wolfgang B\u00fcchner.<\/p>\n<p>La situaci\u00f3n militar sobre el terreno sigue siendo muy cambiante, a\u00f1adi\u00f3. \u00abPor lo tanto, no ser\u00eda prudente hacer ahora declaraciones p\u00fablicas sobre esta base, comentar o evaluar la evoluci\u00f3n militar de forma burocr\u00e1tica. Esto tambi\u00e9n se aplica al uso de sistemas de armas espec\u00edficos\u00bb, dijo B\u00fcchner, despu\u00e9s de que hubiera indicios no confirmados del uso de armas alemanas.<\/p>\n<p>B\u00fcchner dijo tambi\u00e9n que se manten\u00eda un intenso di\u00e1logo con los socios m\u00e1s cercanos y con el gobierno de Kiev.<\/p>\n<p>El Ministerio de Defensa dej\u00f3 claro que no hab\u00eda obst\u00e1culos fundamentales para el uso de las armas suministradas por Alemania. \u00abEl derecho internacional estipula que un Estado atacado tambi\u00e9n puede defenderse en el territorio del atacante. Eso est\u00e1 claro, tambi\u00e9n desde nuestro punto de vista\u00bb, dijo un portavoz del Ministerio de Defensa.<\/p>\n<p>\u00abY no hay requisitos adicionales para el uso de armas, al menos en lo que respecta al arsenal de la Bundeswehr, que se hayan emitido all\u00ed y que habr\u00eda que respetar. No hay obst\u00e1culos de ning\u00fan tipo y Ucrania es libre de elegir sus opciones\u00bb, sostuvo el vocero.<\/p>\n<p>Ucrania, dijo, solo puede utilizar las armas en el marco del derecho internacional \u00aby eso es un hecho\u00bb.<\/p>\n<p>Rusia lleva casi dos a\u00f1os y medio librando una guerra de agresi\u00f3n contra Ucrania. En su campa\u00f1a de defensa, Ucrania lanz\u00f3 el pasado martes por primera vez un ataque sorpresa con sus propias tropas contra territorio ruso.<\/p>\n<p>La situaci\u00f3n en la regi\u00f3n rusa de Kursk se considera poco clara. Seg\u00fan los informes, las unidades ucranianas se han establecido en muchos lugares. Rusia est\u00e1 acumulando cada vez m\u00e1s fuerzas para repeler el avance ucraniano. Decenas de miles de personas han huido o han sido evacuadas.<\/p>\n","protected":false},"excerpt":{"rendered":"<p>Berl\u00edn, 12 ago (dpa) &#8211; El Gobierno alem\u00e1n no fue informado de antemano sobre los detalles del avance ucraniano en territorio ruso, seg\u00fan se desprende de declaraciones formuladas hoy por un portavoz oficial. \u00abHay informaciones contradictorias y a veces deliberadamente falsificadas sobre la operaci\u00f3n, que al parecer se prepar\u00f3 en gran secreto y sin retroalimentaci\u00f3n.<\/p>\n","protected":false},"author":1,"featured_media":176718,"comment_status":"closed","ping_status":"closed","sticky":false,"template":"","format":"standard","meta":{"footnotes":""},"categories":[485],"tags":[417,464],"class_list":{"0":"post-182614","1":"post","2":"type-post","3":"status-publish","4":"format-standard","5":"has-post-thumbnail","7":"category-internacional","8":"tag-alemania","9":"tag-conflictos"},"aioseo_notices":[],"aioseo_head":"\n\t\t<!-- All in One SEO Pro 4.9.6.2 - aioseo.com -->\n\t<meta name=\"description\" content=\"Berl\u00edn, 12 ago (dpa) - El Gobierno alem\u00e1n no fue informado de antemano sobre los detalles del avance ucraniano en territorio ruso, seg\u00fan se desprende de\" \/>\n\t<meta name=\"robots\" content=\"max-image-preview:large\" \/>\n\t<meta name=\"author\" content=\"Cand\u00e1s 365\"\/>\n\t<meta name=\"google-site-verification\" content=\"UA-32230408-1\" \/>\n\t<meta name=\"msvalidate.01\" content=\"354F3CDFB2DA171B47FBE9ABF1F88D5\" \/>\n\t<meta name=\"keywords\" content=\"internacional\" \/>\n\t<link rel=\"canonical\" href=\"https:\/\/candas365.es\/noticias\/gobierno-aleman-reconoce-ignorar-la-intencion-del-ataque-ucraniano-a-kursk\/\" \/>\n\t<meta name=\"generator\" content=\"All in One SEO Pro (AIOSEO) 4.9.6.2\" \/>\n\t\t<meta property=\"og:locale\" content=\"es_ES\" \/>\n\t\t<meta property=\"og:site_name\" content=\"Cand\u00e1s 365\" \/>\n\t\t<meta property=\"og:type\" content=\"article\" \/>\n\t\t<meta property=\"og:title\" content=\"Gobierno alem\u00e1n reconoce \u00abignorar\u00bb la intenci\u00f3n del ataque ucraniano a Kursk | Cand\u00e1s 365\" \/>\n\t\t<meta property=\"og:description\" content=\"Berl\u00edn, 12 ago (dpa) - El Gobierno alem\u00e1n no fue informado de antemano sobre los detalles del avance ucraniano en territorio ruso, seg\u00fan se desprende de\" \/>\n\t\t<meta property=\"og:url\" content=\"https:\/\/candas365.es\/noticias\/gobierno-aleman-reconoce-ignorar-la-intencion-del-ataque-ucraniano-a-kursk\/\" \/>\n\t\t<meta property=\"og:image\" content=\"https:\/\/candas365.es\/noticias\/wp-content\/uploads\/2023\/12\/noticias.jpg\" \/>\n\t\t<meta property=\"og:image:secure_url\" content=\"https:\/\/candas365.es\/noticias\/wp-content\/uploads\/2023\/12\/noticias.jpg\" \/>\n\t\t<meta property=\"og:image:width\" content=\"640\" \/>\n\t\t<meta property=\"og:image:height\" content=\"480\" \/>\n\t\t<meta property=\"article:published_time\" content=\"2024-08-12T15:50:04+00:00\" \/>\n\t\t<meta property=\"article:modified_time\" content=\"2024-08-12T15:50:04+00:00\" \/>\n\t\t<meta property=\"article:publisher\" content=\"https:\/\/www.facebook.com\/Nachofdezber\" \/>\n\t\t<meta property=\"article:author\" content=\"https:\/\/www.facebook.com\/carrenoactualidad\" \/>\n\t\t<meta name=\"twitter:card\" content=\"summary_large_image\" \/>\n\t\t<meta name=\"twitter:site\" content=\"@NabercoDigital\" \/>\n\t\t<meta name=\"twitter:title\" content=\"Gobierno alem\u00e1n reconoce \u00abignorar\u00bb la intenci\u00f3n del ataque ucraniano a Kursk | Cand\u00e1s 365\" \/>\n\t\t<meta name=\"twitter:description\" content=\"Berl\u00edn, 12 ago (dpa) - El Gobierno alem\u00e1n no fue informado de antemano sobre los detalles del avance ucraniano en territorio ruso, seg\u00fan se desprende de\" \/>\n\t\t<meta name=\"twitter:creator\" content=\"@nbasturias\" \/>\n\t\t<meta name=\"twitter:image\" content=\"https:\/\/candas365.es\/noticias\/wp-content\/uploads\/2023\/12\/noticias.jpg\" \/>\n\t\t<meta name=\"twitter:label1\" content=\"Escrito por\" \/>\n\t\t<meta name=\"twitter:data1\" content=\"Cand\u00e1s 365\" \/>\n\t\t<meta name=\"twitter:label2\" content=\"Tiempo de lectura estimado\" \/>\n\t\t<meta name=\"twitter:data2\" content=\"2 minutos\" \/>\n\t\t<script type=\"application\/ld+json\" class=\"aioseo-schema\">\n\t\t\t{\"@context\":\"https:\\\/\\\/schema.org\",\"@graph\":[{\"@type\":\"BreadcrumbList\",\"@id\":\"https:\\\/\\\/candas365.es\\\/noticias\\\/gobierno-aleman-reconoce-ignorar-la-intencion-del-ataque-ucraniano-a-kursk\\\/#breadcrumblist\",\"itemListElement\":[{\"@type\":\"ListItem\",\"@id\":\"https:\\\/\\\/candas365.es\\\/noticias#listItem\",\"position\":1,\"name\":\"Home\",\"item\":\"https:\\\/\\\/candas365.es\\\/noticias\",\"nextItem\":{\"@type\":\"ListItem\",\"@id\":\"https:\\\/\\\/candas365.es\\\/noticias\\\/category\\\/internacional\\\/#listItem\",\"name\":\"Internacional\"}},{\"@type\":\"ListItem\",\"@id\":\"https:\\\/\\\/candas365.es\\\/noticias\\\/category\\\/internacional\\\/#listItem\",\"position\":2,\"name\":\"Internacional\",\"item\":\"https:\\\/\\\/candas365.es\\\/noticias\\\/category\\\/internacional\\\/\",\"nextItem\":{\"@type\":\"ListItem\",\"@id\":\"https:\\\/\\\/candas365.es\\\/noticias\\\/gobierno-aleman-reconoce-ignorar-la-intencion-del-ataque-ucraniano-a-kursk\\\/#listItem\",\"name\":\"Gobierno alem\\u00e1n reconoce \\u00abignorar\\u00bb la intenci\\u00f3n del ataque ucraniano a Kursk\"},\"previousItem\":{\"@type\":\"ListItem\",\"@id\":\"https:\\\/\\\/candas365.es\\\/noticias#listItem\",\"name\":\"Home\"}},{\"@type\":\"ListItem\",\"@id\":\"https:\\\/\\\/candas365.es\\\/noticias\\\/gobierno-aleman-reconoce-ignorar-la-intencion-del-ataque-ucraniano-a-kursk\\\/#listItem\",\"position\":3,\"name\":\"Gobierno alem\\u00e1n reconoce \\u00abignorar\\u00bb la intenci\\u00f3n del ataque ucraniano a Kursk\",\"previousItem\":{\"@type\":\"ListItem\",\"@id\":\"https:\\\/\\\/candas365.es\\\/noticias\\\/category\\\/internacional\\\/#listItem\",\"name\":\"Internacional\"}}]},{\"@type\":\"NewsArticle\",\"@id\":\"https:\\\/\\\/candas365.es\\\/noticias\\\/gobierno-aleman-reconoce-ignorar-la-intencion-del-ataque-ucraniano-a-kursk\\\/#newsarticle\",\"name\":\"Gobierno alem\\u00e1n reconoce \\u00abignorar\\u00bb la intenci\\u00f3n del ataque ucraniano a Kursk | Cand\\u00e1s 365\",\"headline\":\"Gobierno alem\\u00e1n reconoce \\u00abignorar\\u00bb la intenci\\u00f3n del ataque ucraniano a Kursk\",\"author\":{\"@id\":\"https:\\\/\\\/candas365.es\\\/noticias\\\/author\\\/admin\\\/#author\"},\"publisher\":{\"@id\":\"https:\\\/\\\/candas365.es\\\/noticias\\\/#organization\"},\"image\":{\"@type\":\"ImageObject\",\"url\":\"https:\\\/\\\/candas365.es\\\/noticias\\\/wp-content\\\/uploads\\\/2023\\\/12\\\/noticias.jpg\",\"width\":640,\"height\":480,\"caption\":\"noticias\"},\"datePublished\":\"2024-08-12T17:50:04+02:00\",\"dateModified\":\"2024-08-12T17:50:04+02:00\",\"inLanguage\":\"es-ES\",\"mainEntityOfPage\":{\"@id\":\"https:\\\/\\\/candas365.es\\\/noticias\\\/gobierno-aleman-reconoce-ignorar-la-intencion-del-ataque-ucraniano-a-kursk\\\/#webpage\"},\"isPartOf\":{\"@id\":\"https:\\\/\\\/candas365.es\\\/noticias\\\/gobierno-aleman-reconoce-ignorar-la-intencion-del-ataque-ucraniano-a-kursk\\\/#webpage\"},\"articleSection\":\"Internacional, Alemania, conflictos\",\"dateline\":\"Publicado el agosto 12, 2024.\"},{\"@type\":\"Organization\",\"@id\":\"https:\\\/\\\/candas365.es\\\/noticias\\\/#organization\",\"name\":\"Cand\\u00e1s 365\",\"description\":\"Cand\\u00e1s 365 es un diario digital independiente, fundado en 2012, con base en Asturias. Informamos con rigor sobre actualidad, sociedad, cultura y ocio, con una mirada local y global.\",\"url\":\"https:\\\/\\\/candas365.es\\\/noticias\\\/\",\"email\":\"info@candas365.es\",\"telephone\":\"+34652131393\",\"foundingDate\":\"2012-06-10\",\"logo\":{\"@type\":\"ImageObject\",\"url\":\"https:\\\/\\\/candas365.es\\\/noticias\\\/wp-content\\\/uploads\\\/2024\\\/09\\\/Candas-365-Redes.jpg\",\"@id\":\"https:\\\/\\\/candas365.es\\\/noticias\\\/gobierno-aleman-reconoce-ignorar-la-intencion-del-ataque-ucraniano-a-kursk\\\/#organizationLogo\",\"width\":1152,\"height\":864,\"caption\":\"Cand\\u00e1s 365 Redes\"},\"image\":{\"@id\":\"https:\\\/\\\/candas365.es\\\/noticias\\\/gobierno-aleman-reconoce-ignorar-la-intencion-del-ataque-ucraniano-a-kursk\\\/#organizationLogo\"},\"sameAs\":[\"https:\\\/\\\/www.facebook.com\\\/Nachofdezber\",\"https:\\\/\\\/x.com\\\/NabercoDigital\",\"https:\\\/\\\/www.instagram.com\\\/nachofdezber\\\/\",\"https:\\\/\\\/www.youtube.com\\\/channel\\\/UCZP-2wLEB9Rv6erhFmqVnvg\"],\"address\":{\"@id\":\"https:\\\/\\\/candas365.es\\\/noticias\\\/#postaladdress\",\"@type\":\"PostalAddress\",\"streetAddress\":\"san antonio 4, san antonio 4\",\"postalCode\":\"33430\",\"addressLocality\":\"Cand\\u00e1s\",\"addressRegion\":\"Asturias\",\"addressCountry\":\"ES\"}},{\"@type\":\"Person\",\"@id\":\"https:\\\/\\\/candas365.es\\\/noticias\\\/author\\\/admin\\\/#author\",\"url\":\"https:\\\/\\\/candas365.es\\\/noticias\\\/author\\\/admin\\\/\",\"name\":\"Cand\\u00e1s 365\",\"image\":{\"@type\":\"ImageObject\",\"@id\":\"https:\\\/\\\/candas365.es\\\/noticias\\\/gobierno-aleman-reconoce-ignorar-la-intencion-del-ataque-ucraniano-a-kursk\\\/#authorImage\",\"url\":\"https:\\\/\\\/secure.gravatar.com\\\/avatar\\\/496a8e03d0c493ede1718b7934145dbdf8d89be1036b0eec9544e1094c9de390?s=96&d=mm&r=g\",\"width\":96,\"height\":96,\"caption\":\"Cand\\u00e1s 365\"},\"sameAs\":[\"https:\\\/\\\/www.facebook.com\\\/carrenoactualidad\",\"https:\\\/\\\/twitter.com\\\/nbasturias\",\"https:\\\/\\\/www.instagram.com\\\/nachofdezber\\\/\",\"https:\\\/\\\/www.youtube.com\\\/channel\\\/UCZP-2wLEB9Rv6erhFmqVnvg\"]},{\"@type\":\"WebPage\",\"@id\":\"https:\\\/\\\/candas365.es\\\/noticias\\\/gobierno-aleman-reconoce-ignorar-la-intencion-del-ataque-ucraniano-a-kursk\\\/#webpage\",\"url\":\"https:\\\/\\\/candas365.es\\\/noticias\\\/gobierno-aleman-reconoce-ignorar-la-intencion-del-ataque-ucraniano-a-kursk\\\/\",\"name\":\"Gobierno alem\\u00e1n reconoce \\u00abignorar\\u00bb la intenci\\u00f3n del ataque ucraniano a Kursk | Cand\\u00e1s 365\",\"description\":\"Berl\\u00edn, 12 ago (dpa) - El Gobierno alem\\u00e1n no fue informado de antemano sobre los detalles del avance ucraniano en territorio ruso, seg\\u00fan se desprende de\",\"inLanguage\":\"es-ES\",\"isPartOf\":{\"@id\":\"https:\\\/\\\/candas365.es\\\/noticias\\\/#website\"},\"breadcrumb\":{\"@id\":\"https:\\\/\\\/candas365.es\\\/noticias\\\/gobierno-aleman-reconoce-ignorar-la-intencion-del-ataque-ucraniano-a-kursk\\\/#breadcrumblist\"},\"author\":{\"@id\":\"https:\\\/\\\/candas365.es\\\/noticias\\\/author\\\/admin\\\/#author\"},\"creator\":{\"@id\":\"https:\\\/\\\/candas365.es\\\/noticias\\\/author\\\/admin\\\/#author\"},\"image\":{\"@type\":\"ImageObject\",\"url\":\"https:\\\/\\\/candas365.es\\\/noticias\\\/wp-content\\\/uploads\\\/2023\\\/12\\\/noticias.jpg\",\"@id\":\"https:\\\/\\\/candas365.es\\\/noticias\\\/gobierno-aleman-reconoce-ignorar-la-intencion-del-ataque-ucraniano-a-kursk\\\/#mainImage\",\"width\":640,\"height\":480,\"caption\":\"noticias\"},\"primaryImageOfPage\":{\"@id\":\"https:\\\/\\\/candas365.es\\\/noticias\\\/gobierno-aleman-reconoce-ignorar-la-intencion-del-ataque-ucraniano-a-kursk\\\/#mainImage\"},\"datePublished\":\"2024-08-12T17:50:04+02:00\",\"dateModified\":\"2024-08-12T17:50:04+02:00\"},{\"@type\":\"WebSite\",\"@id\":\"https:\\\/\\\/candas365.es\\\/noticias\\\/#website\",\"url\":\"https:\\\/\\\/candas365.es\\\/noticias\\\/\",\"name\":\"Cand\\u00e1s 365\",\"alternateName\":\"Cand\\u00e1s 365 Noticias\",\"description\":\"Actualidad desde Carre\\u00f1o para el mundo\",\"inLanguage\":\"es-ES\",\"publisher\":{\"@id\":\"https:\\\/\\\/candas365.es\\\/noticias\\\/#organization\"}}]}\n\t\t<\/script>\n\t\t<!-- All in One SEO Pro -->\r\n\t\t<title>Gobierno alem\u00e1n reconoce \u00abignorar\u00bb la intenci\u00f3n del ataque ucraniano a Kursk | Cand\u00e1s 365<\/title>\n\n","aioseo_head_json":{"title":"Gobierno alem\u00e1n reconoce \u00abignorar\u00bb la intenci\u00f3n del ataque ucraniano a Kursk | Cand\u00e1s 365","description":"Berl\u00edn, 12 ago (dpa) - El Gobierno alem\u00e1n no fue informado de antemano sobre los detalles del avance ucraniano en territorio ruso, seg\u00fan se desprende de","canonical_url":"https:\/\/candas365.es\/noticias\/gobierno-aleman-reconoce-ignorar-la-intencion-del-ataque-ucraniano-a-kursk\/","robots":"max-image-preview:large","keywords":"internacional","webmasterTools":{"google-site-verification":"UA-32230408-1","msvalidate.01":"354F3CDFB2DA171B47FBE9ABF1F88D5","miscellaneous":""},"schema":{"@context":"https:\/\/schema.org","@graph":[{"@type":"BreadcrumbList","@id":"https:\/\/candas365.es\/noticias\/gobierno-aleman-reconoce-ignorar-la-intencion-del-ataque-ucraniano-a-kursk\/#breadcrumblist","itemListElement":[{"@type":"ListItem","@id":"https:\/\/candas365.es\/noticias#listItem","position":1,"name":"Home","item":"https:\/\/candas365.es\/noticias","nextItem":{"@type":"ListItem","@id":"https:\/\/candas365.es\/noticias\/category\/internacional\/#listItem","name":"Internacional"}},{"@type":"ListItem","@id":"https:\/\/candas365.es\/noticias\/category\/internacional\/#listItem","position":2,"name":"Internacional","item":"https:\/\/candas365.es\/noticias\/category\/internacional\/","nextItem":{"@type":"ListItem","@id":"https:\/\/candas365.es\/noticias\/gobierno-aleman-reconoce-ignorar-la-intencion-del-ataque-ucraniano-a-kursk\/#listItem","name":"Gobierno alem\u00e1n reconoce \u00abignorar\u00bb la intenci\u00f3n del ataque ucraniano a Kursk"},"previousItem":{"@type":"ListItem","@id":"https:\/\/candas365.es\/noticias#listItem","name":"Home"}},{"@type":"ListItem","@id":"https:\/\/candas365.es\/noticias\/gobierno-aleman-reconoce-ignorar-la-intencion-del-ataque-ucraniano-a-kursk\/#listItem","position":3,"name":"Gobierno alem\u00e1n reconoce \u00abignorar\u00bb la intenci\u00f3n del ataque ucraniano a Kursk","previousItem":{"@type":"ListItem","@id":"https:\/\/candas365.es\/noticias\/category\/internacional\/#listItem","name":"Internacional"}}]},{"@type":"NewsArticle","@id":"https:\/\/candas365.es\/noticias\/gobierno-aleman-reconoce-ignorar-la-intencion-del-ataque-ucraniano-a-kursk\/#newsarticle","name":"Gobierno alem\u00e1n reconoce \u00abignorar\u00bb la intenci\u00f3n del ataque ucraniano a Kursk | Cand\u00e1s 365","headline":"Gobierno alem\u00e1n reconoce \u00abignorar\u00bb la intenci\u00f3n del ataque ucraniano a Kursk","author":{"@id":"https:\/\/candas365.es\/noticias\/author\/admin\/#author"},"publisher":{"@id":"https:\/\/candas365.es\/noticias\/#organization"},"image":{"@type":"ImageObject","url":"https:\/\/candas365.es\/noticias\/wp-content\/uploads\/2023\/12\/noticias.jpg","width":640,"height":480,"caption":"noticias"},"datePublished":"2024-08-12T17:50:04+02:00","dateModified":"2024-08-12T17:50:04+02:00","inLanguage":"es-ES","mainEntityOfPage":{"@id":"https:\/\/candas365.es\/noticias\/gobierno-aleman-reconoce-ignorar-la-intencion-del-ataque-ucraniano-a-kursk\/#webpage"},"isPartOf":{"@id":"https:\/\/candas365.es\/noticias\/gobierno-aleman-reconoce-ignorar-la-intencion-del-ataque-ucraniano-a-kursk\/#webpage"},"articleSection":"Internacional, Alemania, conflictos","dateline":"Publicado el agosto 12, 2024."},{"@type":"Organization","@id":"https:\/\/candas365.es\/noticias\/#organization","name":"Cand\u00e1s 365","description":"Cand\u00e1s 365 es un diario digital independiente, fundado en 2012, con base en Asturias. Informamos con rigor sobre actualidad, sociedad, cultura y ocio, con una mirada local y global.","url":"https:\/\/candas365.es\/noticias\/","email":"info@candas365.es","telephone":"+34652131393","foundingDate":"2012-06-10","logo":{"@type":"ImageObject","url":"https:\/\/candas365.es\/noticias\/wp-content\/uploads\/2024\/09\/Candas-365-Redes.jpg","@id":"https:\/\/candas365.es\/noticias\/gobierno-aleman-reconoce-ignorar-la-intencion-del-ataque-ucraniano-a-kursk\/#organizationLogo","width":1152,"height":864,"caption":"Cand\u00e1s 365 Redes"},"image":{"@id":"https:\/\/candas365.es\/noticias\/gobierno-aleman-reconoce-ignorar-la-intencion-del-ataque-ucraniano-a-kursk\/#organizationLogo"},"sameAs":["https:\/\/www.facebook.com\/Nachofdezber","https:\/\/x.com\/NabercoDigital","https:\/\/www.instagram.com\/nachofdezber\/","https:\/\/www.youtube.com\/channel\/UCZP-2wLEB9Rv6erhFmqVnvg"],"address":{"@id":"https:\/\/candas365.es\/noticias\/#postaladdress","@type":"PostalAddress","streetAddress":"san antonio 4, san antonio 4","postalCode":"33430","addressLocality":"Cand\u00e1s","addressRegion":"Asturias","addressCountry":"ES"}},{"@type":"Person","@id":"https:\/\/candas365.es\/noticias\/author\/admin\/#author","url":"https:\/\/candas365.es\/noticias\/author\/admin\/","name":"Cand\u00e1s 365","image":{"@type":"ImageObject","@id":"https:\/\/candas365.es\/noticias\/gobierno-aleman-reconoce-ignorar-la-intencion-del-ataque-ucraniano-a-kursk\/#authorImage","url":"https:\/\/secure.gravatar.com\/avatar\/496a8e03d0c493ede1718b7934145dbdf8d89be1036b0eec9544e1094c9de390?s=96&d=mm&r=g","width":96,"height":96,"caption":"Cand\u00e1s 365"},"sameAs":["https:\/\/www.facebook.com\/carrenoactualidad","https:\/\/twitter.com\/nbasturias","https:\/\/www.instagram.com\/nachofdezber\/","https:\/\/www.youtube.com\/channel\/UCZP-2wLEB9Rv6erhFmqVnvg"]},{"@type":"WebPage","@id":"https:\/\/candas365.es\/noticias\/gobierno-aleman-reconoce-ignorar-la-intencion-del-ataque-ucraniano-a-kursk\/#webpage","url":"https:\/\/candas365.es\/noticias\/gobierno-aleman-reconoce-ignorar-la-intencion-del-ataque-ucraniano-a-kursk\/","name":"Gobierno alem\u00e1n reconoce \u00abignorar\u00bb la intenci\u00f3n del ataque ucraniano a Kursk | Cand\u00e1s 365","description":"Berl\u00edn, 12 ago (dpa) - El Gobierno alem\u00e1n no fue informado de antemano sobre los detalles del avance ucraniano en territorio ruso, seg\u00fan se desprende de","inLanguage":"es-ES","isPartOf":{"@id":"https:\/\/candas365.es\/noticias\/#website"},"breadcrumb":{"@id":"https:\/\/candas365.es\/noticias\/gobierno-aleman-reconoce-ignorar-la-intencion-del-ataque-ucraniano-a-kursk\/#breadcrumblist"},"author":{"@id":"https:\/\/candas365.es\/noticias\/author\/admin\/#author"},"creator":{"@id":"https:\/\/candas365.es\/noticias\/author\/admin\/#author"},"image":{"@type":"ImageObject","url":"https:\/\/candas365.es\/noticias\/wp-content\/uploads\/2023\/12\/noticias.jpg","@id":"https:\/\/candas365.es\/noticias\/gobierno-aleman-reconoce-ignorar-la-intencion-del-ataque-ucraniano-a-kursk\/#mainImage","width":640,"height":480,"caption":"noticias"},"primaryImageOfPage":{"@id":"https:\/\/candas365.es\/noticias\/gobierno-aleman-reconoce-ignorar-la-intencion-del-ataque-ucraniano-a-kursk\/#mainImage"},"datePublished":"2024-08-12T17:50:04+02:00","dateModified":"2024-08-12T17:50:04+02:00"},{"@type":"WebSite","@id":"https:\/\/candas365.es\/noticias\/#website","url":"https:\/\/candas365.es\/noticias\/","name":"Cand\u00e1s 365","alternateName":"Cand\u00e1s 365 Noticias","description":"Actualidad desde Carre\u00f1o para el mundo","inLanguage":"es-ES","publisher":{"@id":"https:\/\/candas365.es\/noticias\/#organization"}}]},"og:locale":"es_ES","og:site_name":"Cand\u00e1s 365","og:type":"article","og:title":"Gobierno alem\u00e1n reconoce \u00abignorar\u00bb la intenci\u00f3n del ataque ucraniano a Kursk | Cand\u00e1s 365","og:description":"Berl\u00edn, 12 ago (dpa) - El Gobierno alem\u00e1n no fue informado de antemano sobre los detalles del avance ucraniano en territorio ruso, seg\u00fan se desprende de","og:url":"https:\/\/candas365.es\/noticias\/gobierno-aleman-reconoce-ignorar-la-intencion-del-ataque-ucraniano-a-kursk\/","og:image":"https:\/\/candas365.es\/noticias\/wp-content\/uploads\/2023\/12\/noticias.jpg","og:image:secure_url":"https:\/\/candas365.es\/noticias\/wp-content\/uploads\/2023\/12\/noticias.jpg","og:image:width":640,"og:image:height":480,"article:published_time":"2024-08-12T15:50:04+00:00","article:modified_time":"2024-08-12T15:50:04+00:00","article:publisher":"https:\/\/www.facebook.com\/Nachofdezber","article:author":"https:\/\/www.facebook.com\/carrenoactualidad","twitter:card":"summary_large_image","twitter:site":"@NabercoDigital","twitter:title":"Gobierno alem\u00e1n reconoce \u00abignorar\u00bb la intenci\u00f3n del ataque ucraniano a Kursk | Cand\u00e1s 365","twitter:description":"Berl\u00edn, 12 ago (dpa) - El Gobierno alem\u00e1n no fue informado de antemano sobre los detalles del avance ucraniano en territorio ruso, seg\u00fan se desprende de","twitter:creator":"@nbasturias","twitter:image":"https:\/\/candas365.es\/noticias\/wp-content\/uploads\/2023\/12\/noticias.jpg","twitter:label1":"Escrito por","twitter:data1":"Cand\u00e1s 365","twitter:label2":"Tiempo de lectura estimado","twitter:data2":"2 minutos"},"aioseo_meta_data":{"post_id":"182614","title":null,"description":"Berl\u00edn, 12 ago (dpa) - El Gobierno alem\u00e1n no fue informado de antemano sobre los detalles del avance ucraniano en territorio ruso, seg\u00fan se desprende de","keywords":null,"keyphrases":{"focus":{"keyphrase":"Gobierno","score":83,"analysis":{"keyphraseInTitle":{"score":9,"maxScore":9,"error":0},"keyphraseInDescription":{"score":9,"maxScore":9,"error":0},"keyphraseLength":{"score":9,"maxScore":9,"error":0,"length":1},"keyphraseInURL":{"score":1,"maxScore":5,"error":1},"keyphraseInIntroduction":{"score":9,"maxScore":9,"error":0},"keyphraseInSubHeadings":[],"keyphraseInImageAlt":{"score":3,"maxScore":9,"error":1},"keywordDensity":{"type":"best","score":9,"maxScore":9,"error":0}}},"additional":[{"keyphrase":"Gobierno alem\u00e1n","score":67,"analysis":{"keyphraseInDescription":{"score":9,"maxScore":9,"error":0},"keyphraseLength":{"score":9,"maxScore":9,"error":0,"length":3},"keyphraseInIntroduction":{"score":9,"maxScore":9,"error":0},"keyphraseInImageAlt":{"score":3,"maxScore":9,"error":1},"keywordDensity":{"score":0,"type":"low","maxScore":9,"error":1}}}]},"primary_term":null,"canonical_url":null,"og_title":null,"og_description":null,"og_object_type":"default","og_image_type":"default","og_image_url":null,"og_image_width":null,"og_image_height":null,"og_image_custom_url":null,"og_image_custom_fields":null,"og_video":"","og_custom_url":null,"og_article_section":null,"og_article_tags":null,"twitter_use_og":false,"twitter_card":"default","twitter_image_type":"default","twitter_image_url":null,"twitter_image_custom_url":null,"twitter_image_custom_fields":null,"twitter_title":null,"twitter_description":null,"schema":{"blockGraphs":[],"customGraphs":[],"default":{"data":{"Article":[],"Course":[],"Dataset":[],"FAQPage":[],"Movie":[],"Person":[],"Product":[],"ProductReview":[],"Car":[],"Recipe":[],"Service":[],"SoftwareApplication":[],"WebPage":[]},"graphName":"Article","isEnabled":true},"graphs":[]},"schema_type":"default","schema_type_options":null,"pillar_content":false,"robots_default":true,"robots_noindex":false,"robots_noarchive":false,"robots_nosnippet":false,"robots_nofollow":false,"robots_noimageindex":false,"robots_noodp":false,"robots_notranslate":false,"robots_max_snippet":"-1","robots_max_videopreview":"-1","robots_max_imagepreview":"large","priority":null,"frequency":"default","location":null,"local_seo":null,"seo_analyzer_scan_date":"2025-09-02 13:17:11","breadcrumb_settings":null,"limit_modified_date":false,"reviewed_by":null,"open_ai":"{\"title\":{\"suggestions\":[],\"usage\":0},\"description\":{\"suggestions\":[],\"usage\":0}}","ai":null,"created":"2024-08-12 15:47:16","updated":"2025-09-02 13:17:11"},"aioseo_breadcrumb":"<div class=\"aioseo-breadcrumbs\"><span class=\"aioseo-breadcrumb\">\n\t<a href=\"https:\/\/candas365.es\/noticias\" title=\"Home\">Home<\/a>\n<\/span><span class=\"aioseo-breadcrumb-separator\">&ndash;<\/span><span class=\"aioseo-breadcrumb\">\n\t<a href=\"https:\/\/candas365.es\/noticias\/category\/internacional\/\" title=\"Internacional\">Internacional<\/a>\n<\/span><span class=\"aioseo-breadcrumb-separator\">&ndash;<\/span><span class=\"aioseo-breadcrumb\">\n\tGobierno alem\u00e1n reconoce \u00abignorar\u00bb la intenci\u00f3n del ataque ucraniano a Kursk\n<\/span><\/div>","aioseo_breadcrumb_json":[{"label":"Home","link":"https:\/\/candas365.es\/noticias"},{"label":"Internacional","link":"https:\/\/candas365.es\/noticias\/category\/internacional\/"},{"label":"Gobierno alem\u00e1n reconoce \u00abignorar\u00bb la intenci\u00f3n del ataque ucraniano a Kursk","link":"https:\/\/candas365.es\/noticias\/gobierno-aleman-reconoce-ignorar-la-intencion-del-ataque-ucraniano-a-kursk\/"}],"_links":{"self":[{"href":"https:\/\/candas365.es\/noticias\/wp-json\/wp\/v2\/posts\/182614","targetHints":{"allow":["GET"]}}],"collection":[{"href":"https:\/\/candas365.es\/noticias\/wp-json\/wp\/v2\/posts"}],"about":[{"href":"https:\/\/candas365.es\/noticias\/wp-json\/wp\/v2\/types\/post"}],"author":[{"embeddable":true,"href":"https:\/\/candas365.es\/noticias\/wp-json\/wp\/v2\/users\/1"}],"replies":[{"embeddable":true,"href":"https:\/\/candas365.es\/noticias\/wp-json\/wp\/v2\/comments?post=182614"}],"version-history":[{"count":0,"href":"https:\/\/candas365.es\/noticias\/wp-json\/wp\/v2\/posts\/182614\/revisions"}],"wp:featuredmedia":[{"embeddable":true,"href":"https:\/\/candas365.es\/noticias\/wp-json\/wp\/v2\/media\/176718"}],"wp:attachment":[{"href":"https:\/\/candas365.es\/noticias\/wp-json\/wp\/v2\/media?parent=182614"}],"wp:term":[{"taxonomy":"category","embeddable":true,"href":"https:\/\/candas365.es\/noticias\/wp-json\/wp\/v2\/categories?post=182614"},{"taxonomy":"post_tag","embeddable":true,"href":"https:\/\/candas365.es\/noticias\/wp-json\/wp\/v2\/tags?post=182614"}],"curies":[{"name":"wp","href":"https:\/\/api.w.org\/{rel}","templated":true}]}}