{"id":182595,"date":"2024-08-12T17:21:19","date_gmt":"2024-08-12T15:21:19","guid":{"rendered":"https:\/\/candas365.es\/noticias\/?p=182595"},"modified":"2024-08-12T17:21:19","modified_gmt":"2024-08-12T15:21:19","slug":"se-frena-la-caida-de-los-precios-inmobiliarios-en-alemania","status":"publish","type":"post","link":"https:\/\/candas365.es\/noticias\/se-frena-la-caida-de-los-precios-inmobiliarios-en-alemania\/","title":{"rendered":"Se frena la ca\u00edda de los precios inmobiliarios en Alemania"},"content":{"rendered":"<p>Berl\u00edn, 12 ago (<a title=\"dpa\" href=\"https:\/\/www.dpa-news.de\/\" target=\"_blank\" rel=\"noopener\"><span style=\"color: #ff6600;\"><strong>dpa<\/strong><\/span><\/a>) &#8211; El descenso de casi dos a\u00f1os de los precios de la vivienda en <span style=\"color: #ff6600;\"><a style=\"color: #ff6600;\" href=\"https:\/\/candas365.es\/noticias\/category\/internacional\/\"><strong>Alemania<\/strong><\/a><\/span> se ha detenido, al menos de momento, indican datos de la asociaci\u00f3n alemana de bancos hipotecarios (vdp, por sus siglas en alem\u00e1n).<\/p>\n<figure id=\"attachment_182596\" aria-describedby=\"caption-attachment-182596\" style=\"width: 650px\" class=\"wp-caption aligncenter\"><img fetchpriority=\"high\" decoding=\"async\" class=\"size-large wp-image-182596\" src=\"https:\/\/candas365.es\/noticias\/wp-content\/uploads\/2024\/08\/precios-inmobiliarios-en-Alemania-650x432.jpg\" alt=\"precios inmobiliarios en Alemania\" width=\"650\" height=\"432\" srcset=\"https:\/\/candas365.es\/noticias\/wp-content\/uploads\/2024\/08\/precios-inmobiliarios-en-Alemania-650x432.jpg 650w, https:\/\/candas365.es\/noticias\/wp-content\/uploads\/2024\/08\/precios-inmobiliarios-en-Alemania-360x239.jpg 360w, https:\/\/candas365.es\/noticias\/wp-content\/uploads\/2024\/08\/precios-inmobiliarios-en-Alemania-768x511.jpg 768w, https:\/\/candas365.es\/noticias\/wp-content\/uploads\/2024\/08\/precios-inmobiliarios-en-Alemania-150x100.jpg 150w, https:\/\/candas365.es\/noticias\/wp-content\/uploads\/2024\/08\/precios-inmobiliarios-en-Alemania-450x299.jpg 450w, https:\/\/candas365.es\/noticias\/wp-content\/uploads\/2024\/08\/precios-inmobiliarios-en-Alemania.jpg 982w\" sizes=\"(max-width: 650px) 100vw, 650px\" \/><figcaption id=\"caption-attachment-182596\" class=\"wp-caption-text\">Un edificio en construcci\u00f3n en M\u00fanich Foto: Sven Hoppe\/dpa\/dpa-tmn\/Archivbild<\/figcaption><\/figure>\n<p>A tenor de estas cifras, tanto los inmuebles residenciales como los comerciales fueron ligeramente m\u00e1s caros en el segundo trimestre que en los tres primeros meses de este a\u00f1o. El \u00edndice de precios inmobiliarios de la vdp subi\u00f3 medio punto porcentual, hasta los 175,5 puntos, seg\u00fan anunci\u00f3 la asociaci\u00f3n en Berl\u00edn.<\/p>\n<p>En los \u00faltimos d\u00edas, el Volksbank y el Raiffeisenbank, as\u00ed como el Instituto de Econom\u00eda Mundial de Kiel, proclamaron ya un cambio de tendencia en el mercado inmobiliario, pero los bancos de la vdp se muestran cautos al respecto.<\/p>\n<p>\u00abA\u00fan es demasiado pronto para proclamar un cambio de tendencia, pero hay indicios de que la dif\u00edcil situaci\u00f3n se est\u00e1 suavizando\u00bb, declar\u00f3 el director gerente, Jens Tolckmitt. Seg\u00fan la asociaci\u00f3n, el \u00edndice de la vdp se basa en datos de transacciones de m\u00e1s de 700 entidades de cr\u00e9dito.<\/p>\n<p>Seg\u00fan el \u00edndice, los pisos y edificios residenciales fueron medio punto porcentual m\u00e1s caros en el segundo trimestre que en el primero, pero un 2,9 % m\u00e1s baratos en comparaci\u00f3n con el a\u00f1o anterior.<\/p>\n<p>A tenor de la vdp, la tendencia en las siete mayores ciudades ha sido dispar en lo que va de a\u00f1o: en D\u00fcsseldorf (-0,5 %), M\u00fanich (-0,4 %) y Stuttgart (-0,2 %), los precios siguieron bajando ligeramente del primer al segundo trimestre, mientras que en Fr\u00e1ncfort (+0,5 %), Hamburgo (+0,6 %), Colonia (+1,1 %) y Berl\u00edn (+1,2 %) subieron.<\/p>\n<p>En cambio, en el mercado del alquiler no se habla a\u00fan de bajada de precios: de acuerdo con las cifras de la vdp, los alquileres de los nuevos contratos en viviendas plurifamiliares fueron de media un 6,1 % m\u00e1s caros en el segundo trimestre que un a\u00f1o antes, lo que supone un aumento del 1,4 % respecto al primer trimestre.<\/p>\n<p>Seg\u00fan el \u00edndice de la vdp, los precios de oficinas y locales comerciales cayeron un 7,4 % interanual, un descenso mucho m\u00e1s acusado que en el primer trimestre, con un ligero aumento del 0,4 % del primer al segundo trimestre.<\/p>\n<p>Tolckmitt no espera que los precios inmobiliarios en su conjunto vuelvan a dispararse, sino m\u00e1s bien un movimiento lateral durante algunos trimestres.<\/p>\n","protected":false},"excerpt":{"rendered":"<p>Berl\u00edn, 12 ago (dpa) &#8211; El descenso de casi dos a\u00f1os de los precios de la vivienda en Alemania se ha detenido, al menos de momento, indican datos de la asociaci\u00f3n alemana de bancos hipotecarios (vdp, por sus siglas en alem\u00e1n). A tenor de estas cifras, tanto los inmuebles residenciales como los comerciales fueron ligeramente<\/p>\n","protected":false},"author":1,"featured_media":182596,"comment_status":"closed","ping_status":"closed","sticky":false,"template":"","format":"standard","meta":{"footnotes":""},"categories":[486],"tags":[417,437],"class_list":{"0":"post-182595","1":"post","2":"type-post","3":"status-publish","4":"format-standard","5":"has-post-thumbnail","7":"category-economia","8":"tag-alemania","9":"tag-economia"},"aioseo_notices":[],"aioseo_head":"\n\t\t<!-- All in One SEO Pro 4.9.6.2 - aioseo.com -->\n\t<meta name=\"description\" content=\"Berl\u00edn, 12 ago (dpa) - El descenso de casi dos a\u00f1os de los precios de la vivienda en Alemania se ha detenido, al menos de momento, indican datos de\" \/>\n\t<meta name=\"robots\" content=\"max-image-preview:large\" \/>\n\t<meta name=\"author\" content=\"Cand\u00e1s 365\"\/>\n\t<meta name=\"google-site-verification\" content=\"UA-32230408-1\" \/>\n\t<meta name=\"msvalidate.01\" content=\"354F3CDFB2DA171B47FBE9ABF1F88D5\" \/>\n\t<meta name=\"keywords\" content=\"econom\u00eda\" \/>\n\t<link rel=\"canonical\" href=\"https:\/\/candas365.es\/noticias\/se-frena-la-caida-de-los-precios-inmobiliarios-en-alemania\/\" \/>\n\t<meta name=\"generator\" content=\"All in One SEO Pro (AIOSEO) 4.9.6.2\" \/>\n\t\t<meta property=\"og:locale\" content=\"es_ES\" \/>\n\t\t<meta property=\"og:site_name\" content=\"Cand\u00e1s 365\" \/>\n\t\t<meta property=\"og:type\" content=\"article\" \/>\n\t\t<meta property=\"og:title\" content=\"Se frena la ca\u00edda de los precios inmobiliarios en Alemania | Cand\u00e1s 365\" \/>\n\t\t<meta property=\"og:description\" content=\"Berl\u00edn, 12 ago (dpa) - El descenso de casi dos a\u00f1os de los precios de la vivienda en Alemania se ha detenido, al menos de momento, indican datos de\" \/>\n\t\t<meta property=\"og:url\" content=\"https:\/\/candas365.es\/noticias\/se-frena-la-caida-de-los-precios-inmobiliarios-en-alemania\/\" \/>\n\t\t<meta property=\"og:image\" content=\"https:\/\/candas365.es\/noticias\/wp-content\/uploads\/2024\/08\/precios-inmobiliarios-en-Alemania.jpg\" \/>\n\t\t<meta property=\"og:image:secure_url\" content=\"https:\/\/candas365.es\/noticias\/wp-content\/uploads\/2024\/08\/precios-inmobiliarios-en-Alemania.jpg\" \/>\n\t\t<meta property=\"og:image:width\" content=\"982\" \/>\n\t\t<meta property=\"og:image:height\" content=\"653\" \/>\n\t\t<meta property=\"article:published_time\" content=\"2024-08-12T15:21:19+00:00\" \/>\n\t\t<meta property=\"article:modified_time\" content=\"2024-08-12T15:21:19+00:00\" \/>\n\t\t<meta property=\"article:publisher\" content=\"https:\/\/www.facebook.com\/Nachofdezber\" \/>\n\t\t<meta property=\"article:author\" content=\"https:\/\/www.facebook.com\/carrenoactualidad\" \/>\n\t\t<meta name=\"twitter:card\" content=\"summary_large_image\" \/>\n\t\t<meta name=\"twitter:site\" content=\"@NabercoDigital\" \/>\n\t\t<meta name=\"twitter:title\" content=\"Se frena la ca\u00edda de los precios inmobiliarios en Alemania | Cand\u00e1s 365\" \/>\n\t\t<meta name=\"twitter:description\" content=\"Berl\u00edn, 12 ago (dpa) - El descenso de casi dos a\u00f1os de los precios de la vivienda en Alemania se ha detenido, al menos de momento, indican datos de\" \/>\n\t\t<meta name=\"twitter:creator\" content=\"@nbasturias\" \/>\n\t\t<meta name=\"twitter:image\" content=\"https:\/\/candas365.es\/noticias\/wp-content\/uploads\/2024\/08\/precios-inmobiliarios-en-Alemania.jpg\" \/>\n\t\t<meta name=\"twitter:label1\" content=\"Escrito por\" \/>\n\t\t<meta name=\"twitter:data1\" content=\"Cand\u00e1s 365\" \/>\n\t\t<meta name=\"twitter:label2\" content=\"Tiempo de lectura estimado\" \/>\n\t\t<meta name=\"twitter:data2\" content=\"2 minutos\" \/>\n\t\t<script type=\"application\/ld+json\" class=\"aioseo-schema\">\n\t\t\t{\"@context\":\"https:\\\/\\\/schema.org\",\"@graph\":[{\"@type\":\"BreadcrumbList\",\"@id\":\"https:\\\/\\\/candas365.es\\\/noticias\\\/se-frena-la-caida-de-los-precios-inmobiliarios-en-alemania\\\/#breadcrumblist\",\"itemListElement\":[{\"@type\":\"ListItem\",\"@id\":\"https:\\\/\\\/candas365.es\\\/noticias#listItem\",\"position\":1,\"name\":\"Home\",\"item\":\"https:\\\/\\\/candas365.es\\\/noticias\",\"nextItem\":{\"@type\":\"ListItem\",\"@id\":\"https:\\\/\\\/candas365.es\\\/noticias\\\/category\\\/economia\\\/#listItem\",\"name\":\"Econom\\u00eda\"}},{\"@type\":\"ListItem\",\"@id\":\"https:\\\/\\\/candas365.es\\\/noticias\\\/category\\\/economia\\\/#listItem\",\"position\":2,\"name\":\"Econom\\u00eda\",\"item\":\"https:\\\/\\\/candas365.es\\\/noticias\\\/category\\\/economia\\\/\",\"nextItem\":{\"@type\":\"ListItem\",\"@id\":\"https:\\\/\\\/candas365.es\\\/noticias\\\/se-frena-la-caida-de-los-precios-inmobiliarios-en-alemania\\\/#listItem\",\"name\":\"Se frena la ca\\u00edda de los precios inmobiliarios en Alemania\"},\"previousItem\":{\"@type\":\"ListItem\",\"@id\":\"https:\\\/\\\/candas365.es\\\/noticias#listItem\",\"name\":\"Home\"}},{\"@type\":\"ListItem\",\"@id\":\"https:\\\/\\\/candas365.es\\\/noticias\\\/se-frena-la-caida-de-los-precios-inmobiliarios-en-alemania\\\/#listItem\",\"position\":3,\"name\":\"Se frena la ca\\u00edda de los precios inmobiliarios en Alemania\",\"previousItem\":{\"@type\":\"ListItem\",\"@id\":\"https:\\\/\\\/candas365.es\\\/noticias\\\/category\\\/economia\\\/#listItem\",\"name\":\"Econom\\u00eda\"}}]},{\"@type\":\"NewsArticle\",\"@id\":\"https:\\\/\\\/candas365.es\\\/noticias\\\/se-frena-la-caida-de-los-precios-inmobiliarios-en-alemania\\\/#newsarticle\",\"name\":\"Se frena la ca\\u00edda de los precios inmobiliarios en Alemania | Cand\\u00e1s 365\",\"headline\":\"Se frena la ca\\u00edda de los precios inmobiliarios en Alemania\",\"author\":{\"@id\":\"https:\\\/\\\/candas365.es\\\/noticias\\\/author\\\/admin\\\/#author\"},\"publisher\":{\"@id\":\"https:\\\/\\\/candas365.es\\\/noticias\\\/#organization\"},\"image\":{\"@type\":\"ImageObject\",\"url\":\"https:\\\/\\\/candas365.es\\\/noticias\\\/wp-content\\\/uploads\\\/2024\\\/08\\\/precios-inmobiliarios-en-Alemania.jpg\",\"width\":982,\"height\":653,\"caption\":\"Un edificio en construcci\\u00f3n en M\\u00fanich Foto: Sven Hoppe\\\/dpa\\\/dpa-tmn\\\/Archivbild\"},\"datePublished\":\"2024-08-12T17:21:19+02:00\",\"dateModified\":\"2024-08-12T17:21:19+02:00\",\"inLanguage\":\"es-ES\",\"mainEntityOfPage\":{\"@id\":\"https:\\\/\\\/candas365.es\\\/noticias\\\/se-frena-la-caida-de-los-precios-inmobiliarios-en-alemania\\\/#webpage\"},\"isPartOf\":{\"@id\":\"https:\\\/\\\/candas365.es\\\/noticias\\\/se-frena-la-caida-de-los-precios-inmobiliarios-en-alemania\\\/#webpage\"},\"articleSection\":\"Econom\\u00eda, Alemania, Econom\\u00eda\",\"dateline\":\"Publicado el agosto 12, 2024.\"},{\"@type\":\"Organization\",\"@id\":\"https:\\\/\\\/candas365.es\\\/noticias\\\/#organization\",\"name\":\"Cand\\u00e1s 365\",\"description\":\"Cand\\u00e1s 365 es un diario digital independiente, fundado en 2012, con base en Asturias. Informamos con rigor sobre actualidad, sociedad, cultura y ocio, con una mirada local y global.\",\"url\":\"https:\\\/\\\/candas365.es\\\/noticias\\\/\",\"email\":\"info@candas365.es\",\"telephone\":\"+34652131393\",\"foundingDate\":\"2012-06-10\",\"logo\":{\"@type\":\"ImageObject\",\"url\":\"https:\\\/\\\/candas365.es\\\/noticias\\\/wp-content\\\/uploads\\\/2024\\\/09\\\/Candas-365-Redes.jpg\",\"@id\":\"https:\\\/\\\/candas365.es\\\/noticias\\\/se-frena-la-caida-de-los-precios-inmobiliarios-en-alemania\\\/#organizationLogo\",\"width\":1152,\"height\":864,\"caption\":\"Cand\\u00e1s 365 Redes\"},\"image\":{\"@id\":\"https:\\\/\\\/candas365.es\\\/noticias\\\/se-frena-la-caida-de-los-precios-inmobiliarios-en-alemania\\\/#organizationLogo\"},\"sameAs\":[\"https:\\\/\\\/www.facebook.com\\\/Nachofdezber\",\"https:\\\/\\\/x.com\\\/NabercoDigital\",\"https:\\\/\\\/www.instagram.com\\\/nachofdezber\\\/\",\"https:\\\/\\\/www.youtube.com\\\/channel\\\/UCZP-2wLEB9Rv6erhFmqVnvg\"],\"address\":{\"@id\":\"https:\\\/\\\/candas365.es\\\/noticias\\\/#postaladdress\",\"@type\":\"PostalAddress\",\"streetAddress\":\"san antonio 4, san antonio 4\",\"postalCode\":\"33430\",\"addressLocality\":\"Cand\\u00e1s\",\"addressRegion\":\"Asturias\",\"addressCountry\":\"ES\"}},{\"@type\":\"Person\",\"@id\":\"https:\\\/\\\/candas365.es\\\/noticias\\\/author\\\/admin\\\/#author\",\"url\":\"https:\\\/\\\/candas365.es\\\/noticias\\\/author\\\/admin\\\/\",\"name\":\"Cand\\u00e1s 365\",\"image\":{\"@type\":\"ImageObject\",\"@id\":\"https:\\\/\\\/candas365.es\\\/noticias\\\/se-frena-la-caida-de-los-precios-inmobiliarios-en-alemania\\\/#authorImage\",\"url\":\"https:\\\/\\\/secure.gravatar.com\\\/avatar\\\/496a8e03d0c493ede1718b7934145dbdf8d89be1036b0eec9544e1094c9de390?s=96&d=mm&r=g\",\"width\":96,\"height\":96,\"caption\":\"Cand\\u00e1s 365\"},\"sameAs\":[\"https:\\\/\\\/www.facebook.com\\\/carrenoactualidad\",\"https:\\\/\\\/twitter.com\\\/nbasturias\",\"https:\\\/\\\/www.instagram.com\\\/nachofdezber\\\/\",\"https:\\\/\\\/www.youtube.com\\\/channel\\\/UCZP-2wLEB9Rv6erhFmqVnvg\"]},{\"@type\":\"WebPage\",\"@id\":\"https:\\\/\\\/candas365.es\\\/noticias\\\/se-frena-la-caida-de-los-precios-inmobiliarios-en-alemania\\\/#webpage\",\"url\":\"https:\\\/\\\/candas365.es\\\/noticias\\\/se-frena-la-caida-de-los-precios-inmobiliarios-en-alemania\\\/\",\"name\":\"Se frena la ca\\u00edda de los precios inmobiliarios en Alemania | Cand\\u00e1s 365\",\"description\":\"Berl\\u00edn, 12 ago (dpa) - El descenso de casi dos a\\u00f1os de los precios de la vivienda en Alemania se ha detenido, al menos de momento, indican datos de\",\"inLanguage\":\"es-ES\",\"isPartOf\":{\"@id\":\"https:\\\/\\\/candas365.es\\\/noticias\\\/#website\"},\"breadcrumb\":{\"@id\":\"https:\\\/\\\/candas365.es\\\/noticias\\\/se-frena-la-caida-de-los-precios-inmobiliarios-en-alemania\\\/#breadcrumblist\"},\"author\":{\"@id\":\"https:\\\/\\\/candas365.es\\\/noticias\\\/author\\\/admin\\\/#author\"},\"creator\":{\"@id\":\"https:\\\/\\\/candas365.es\\\/noticias\\\/author\\\/admin\\\/#author\"},\"image\":{\"@type\":\"ImageObject\",\"url\":\"https:\\\/\\\/candas365.es\\\/noticias\\\/wp-content\\\/uploads\\\/2024\\\/08\\\/precios-inmobiliarios-en-Alemania.jpg\",\"@id\":\"https:\\\/\\\/candas365.es\\\/noticias\\\/se-frena-la-caida-de-los-precios-inmobiliarios-en-alemania\\\/#mainImage\",\"width\":982,\"height\":653,\"caption\":\"Un edificio en construcci\\u00f3n en M\\u00fanich Foto: Sven Hoppe\\\/dpa\\\/dpa-tmn\\\/Archivbild\"},\"primaryImageOfPage\":{\"@id\":\"https:\\\/\\\/candas365.es\\\/noticias\\\/se-frena-la-caida-de-los-precios-inmobiliarios-en-alemania\\\/#mainImage\"},\"datePublished\":\"2024-08-12T17:21:19+02:00\",\"dateModified\":\"2024-08-12T17:21:19+02:00\"},{\"@type\":\"WebSite\",\"@id\":\"https:\\\/\\\/candas365.es\\\/noticias\\\/#website\",\"url\":\"https:\\\/\\\/candas365.es\\\/noticias\\\/\",\"name\":\"Cand\\u00e1s 365\",\"alternateName\":\"Cand\\u00e1s 365 Noticias\",\"description\":\"Actualidad desde Carre\\u00f1o para el mundo\",\"inLanguage\":\"es-ES\",\"publisher\":{\"@id\":\"https:\\\/\\\/candas365.es\\\/noticias\\\/#organization\"}}]}\n\t\t<\/script>\n\t\t<!-- All in One SEO Pro -->\r\n\t\t<title>Se frena la ca\u00edda de los precios inmobiliarios en Alemania | Cand\u00e1s 365<\/title>\n\n","aioseo_head_json":{"title":"Se frena la ca\u00edda de los precios inmobiliarios en Alemania | Cand\u00e1s 365","description":"Berl\u00edn, 12 ago (dpa) - El descenso de casi dos a\u00f1os de los precios de la vivienda en Alemania se ha detenido, al menos de momento, indican datos de","canonical_url":"https:\/\/candas365.es\/noticias\/se-frena-la-caida-de-los-precios-inmobiliarios-en-alemania\/","robots":"max-image-preview:large","keywords":"econom\u00eda","webmasterTools":{"google-site-verification":"UA-32230408-1","msvalidate.01":"354F3CDFB2DA171B47FBE9ABF1F88D5","miscellaneous":""},"schema":{"@context":"https:\/\/schema.org","@graph":[{"@type":"BreadcrumbList","@id":"https:\/\/candas365.es\/noticias\/se-frena-la-caida-de-los-precios-inmobiliarios-en-alemania\/#breadcrumblist","itemListElement":[{"@type":"ListItem","@id":"https:\/\/candas365.es\/noticias#listItem","position":1,"name":"Home","item":"https:\/\/candas365.es\/noticias","nextItem":{"@type":"ListItem","@id":"https:\/\/candas365.es\/noticias\/category\/economia\/#listItem","name":"Econom\u00eda"}},{"@type":"ListItem","@id":"https:\/\/candas365.es\/noticias\/category\/economia\/#listItem","position":2,"name":"Econom\u00eda","item":"https:\/\/candas365.es\/noticias\/category\/economia\/","nextItem":{"@type":"ListItem","@id":"https:\/\/candas365.es\/noticias\/se-frena-la-caida-de-los-precios-inmobiliarios-en-alemania\/#listItem","name":"Se frena la ca\u00edda de los precios inmobiliarios en Alemania"},"previousItem":{"@type":"ListItem","@id":"https:\/\/candas365.es\/noticias#listItem","name":"Home"}},{"@type":"ListItem","@id":"https:\/\/candas365.es\/noticias\/se-frena-la-caida-de-los-precios-inmobiliarios-en-alemania\/#listItem","position":3,"name":"Se frena la ca\u00edda de los precios inmobiliarios en Alemania","previousItem":{"@type":"ListItem","@id":"https:\/\/candas365.es\/noticias\/category\/economia\/#listItem","name":"Econom\u00eda"}}]},{"@type":"NewsArticle","@id":"https:\/\/candas365.es\/noticias\/se-frena-la-caida-de-los-precios-inmobiliarios-en-alemania\/#newsarticle","name":"Se frena la ca\u00edda de los precios inmobiliarios en Alemania | Cand\u00e1s 365","headline":"Se frena la ca\u00edda de los precios inmobiliarios en Alemania","author":{"@id":"https:\/\/candas365.es\/noticias\/author\/admin\/#author"},"publisher":{"@id":"https:\/\/candas365.es\/noticias\/#organization"},"image":{"@type":"ImageObject","url":"https:\/\/candas365.es\/noticias\/wp-content\/uploads\/2024\/08\/precios-inmobiliarios-en-Alemania.jpg","width":982,"height":653,"caption":"Un edificio en construcci\u00f3n en M\u00fanich Foto: Sven Hoppe\/dpa\/dpa-tmn\/Archivbild"},"datePublished":"2024-08-12T17:21:19+02:00","dateModified":"2024-08-12T17:21:19+02:00","inLanguage":"es-ES","mainEntityOfPage":{"@id":"https:\/\/candas365.es\/noticias\/se-frena-la-caida-de-los-precios-inmobiliarios-en-alemania\/#webpage"},"isPartOf":{"@id":"https:\/\/candas365.es\/noticias\/se-frena-la-caida-de-los-precios-inmobiliarios-en-alemania\/#webpage"},"articleSection":"Econom\u00eda, Alemania, Econom\u00eda","dateline":"Publicado el agosto 12, 2024."},{"@type":"Organization","@id":"https:\/\/candas365.es\/noticias\/#organization","name":"Cand\u00e1s 365","description":"Cand\u00e1s 365 es un diario digital independiente, fundado en 2012, con base en Asturias. Informamos con rigor sobre actualidad, sociedad, cultura y ocio, con una mirada local y global.","url":"https:\/\/candas365.es\/noticias\/","email":"info@candas365.es","telephone":"+34652131393","foundingDate":"2012-06-10","logo":{"@type":"ImageObject","url":"https:\/\/candas365.es\/noticias\/wp-content\/uploads\/2024\/09\/Candas-365-Redes.jpg","@id":"https:\/\/candas365.es\/noticias\/se-frena-la-caida-de-los-precios-inmobiliarios-en-alemania\/#organizationLogo","width":1152,"height":864,"caption":"Cand\u00e1s 365 Redes"},"image":{"@id":"https:\/\/candas365.es\/noticias\/se-frena-la-caida-de-los-precios-inmobiliarios-en-alemania\/#organizationLogo"},"sameAs":["https:\/\/www.facebook.com\/Nachofdezber","https:\/\/x.com\/NabercoDigital","https:\/\/www.instagram.com\/nachofdezber\/","https:\/\/www.youtube.com\/channel\/UCZP-2wLEB9Rv6erhFmqVnvg"],"address":{"@id":"https:\/\/candas365.es\/noticias\/#postaladdress","@type":"PostalAddress","streetAddress":"san antonio 4, san antonio 4","postalCode":"33430","addressLocality":"Cand\u00e1s","addressRegion":"Asturias","addressCountry":"ES"}},{"@type":"Person","@id":"https:\/\/candas365.es\/noticias\/author\/admin\/#author","url":"https:\/\/candas365.es\/noticias\/author\/admin\/","name":"Cand\u00e1s 365","image":{"@type":"ImageObject","@id":"https:\/\/candas365.es\/noticias\/se-frena-la-caida-de-los-precios-inmobiliarios-en-alemania\/#authorImage","url":"https:\/\/secure.gravatar.com\/avatar\/496a8e03d0c493ede1718b7934145dbdf8d89be1036b0eec9544e1094c9de390?s=96&d=mm&r=g","width":96,"height":96,"caption":"Cand\u00e1s 365"},"sameAs":["https:\/\/www.facebook.com\/carrenoactualidad","https:\/\/twitter.com\/nbasturias","https:\/\/www.instagram.com\/nachofdezber\/","https:\/\/www.youtube.com\/channel\/UCZP-2wLEB9Rv6erhFmqVnvg"]},{"@type":"WebPage","@id":"https:\/\/candas365.es\/noticias\/se-frena-la-caida-de-los-precios-inmobiliarios-en-alemania\/#webpage","url":"https:\/\/candas365.es\/noticias\/se-frena-la-caida-de-los-precios-inmobiliarios-en-alemania\/","name":"Se frena la ca\u00edda de los precios inmobiliarios en Alemania | Cand\u00e1s 365","description":"Berl\u00edn, 12 ago (dpa) - El descenso de casi dos a\u00f1os de los precios de la vivienda en Alemania se ha detenido, al menos de momento, indican datos de","inLanguage":"es-ES","isPartOf":{"@id":"https:\/\/candas365.es\/noticias\/#website"},"breadcrumb":{"@id":"https:\/\/candas365.es\/noticias\/se-frena-la-caida-de-los-precios-inmobiliarios-en-alemania\/#breadcrumblist"},"author":{"@id":"https:\/\/candas365.es\/noticias\/author\/admin\/#author"},"creator":{"@id":"https:\/\/candas365.es\/noticias\/author\/admin\/#author"},"image":{"@type":"ImageObject","url":"https:\/\/candas365.es\/noticias\/wp-content\/uploads\/2024\/08\/precios-inmobiliarios-en-Alemania.jpg","@id":"https:\/\/candas365.es\/noticias\/se-frena-la-caida-de-los-precios-inmobiliarios-en-alemania\/#mainImage","width":982,"height":653,"caption":"Un edificio en construcci\u00f3n en M\u00fanich Foto: Sven Hoppe\/dpa\/dpa-tmn\/Archivbild"},"primaryImageOfPage":{"@id":"https:\/\/candas365.es\/noticias\/se-frena-la-caida-de-los-precios-inmobiliarios-en-alemania\/#mainImage"},"datePublished":"2024-08-12T17:21:19+02:00","dateModified":"2024-08-12T17:21:19+02:00"},{"@type":"WebSite","@id":"https:\/\/candas365.es\/noticias\/#website","url":"https:\/\/candas365.es\/noticias\/","name":"Cand\u00e1s 365","alternateName":"Cand\u00e1s 365 Noticias","description":"Actualidad desde Carre\u00f1o para el mundo","inLanguage":"es-ES","publisher":{"@id":"https:\/\/candas365.es\/noticias\/#organization"}}]},"og:locale":"es_ES","og:site_name":"Cand\u00e1s 365","og:type":"article","og:title":"Se frena la ca\u00edda de los precios inmobiliarios en Alemania | Cand\u00e1s 365","og:description":"Berl\u00edn, 12 ago (dpa) - El descenso de casi dos a\u00f1os de los precios de la vivienda en Alemania se ha detenido, al menos de momento, indican datos de","og:url":"https:\/\/candas365.es\/noticias\/se-frena-la-caida-de-los-precios-inmobiliarios-en-alemania\/","og:image":"https:\/\/candas365.es\/noticias\/wp-content\/uploads\/2024\/08\/precios-inmobiliarios-en-Alemania.jpg","og:image:secure_url":"https:\/\/candas365.es\/noticias\/wp-content\/uploads\/2024\/08\/precios-inmobiliarios-en-Alemania.jpg","og:image:width":982,"og:image:height":653,"article:published_time":"2024-08-12T15:21:19+00:00","article:modified_time":"2024-08-12T15:21:19+00:00","article:publisher":"https:\/\/www.facebook.com\/Nachofdezber","article:author":"https:\/\/www.facebook.com\/carrenoactualidad","twitter:card":"summary_large_image","twitter:site":"@NabercoDigital","twitter:title":"Se frena la ca\u00edda de los precios inmobiliarios en Alemania | Cand\u00e1s 365","twitter:description":"Berl\u00edn, 12 ago (dpa) - El descenso de casi dos a\u00f1os de los precios de la vivienda en Alemania se ha detenido, al menos de momento, indican datos de","twitter:creator":"@nbasturias","twitter:image":"https:\/\/candas365.es\/noticias\/wp-content\/uploads\/2024\/08\/precios-inmobiliarios-en-Alemania.jpg","twitter:label1":"Escrito por","twitter:data1":"Cand\u00e1s 365","twitter:label2":"Tiempo de lectura estimado","twitter:data2":"2 minutos"},"aioseo_meta_data":{"post_id":"182595","title":null,"description":"Berl\u00edn, 12 ago (dpa) - El descenso de casi dos a\u00f1os de los precios de la vivienda en Alemania se ha detenido, al menos de momento, indican datos de","keywords":null,"keyphrases":{"focus":{"keyphrase":"Alemania","score":78,"analysis":{"keyphraseInTitle":{"score":9,"maxScore":9,"error":0},"keyphraseInDescription":{"score":9,"maxScore":9,"error":0},"keyphraseLength":{"score":9,"maxScore":9,"error":0,"length":1},"keyphraseInURL":{"score":1,"maxScore":5,"error":1},"keyphraseInIntroduction":{"score":9,"maxScore":9,"error":0},"keyphraseInSubHeadings":[],"keyphraseInImageAlt":{"score":9,"maxScore":9,"error":0},"keywordDensity":{"score":0,"type":"low","maxScore":9,"error":1}}},"additional":[{"keyphrase":"precios","score":100,"analysis":{"keyphraseInDescription":{"score":9,"maxScore":9,"error":0},"keyphraseLength":{"score":9,"maxScore":9,"error":0,"length":1},"keyphraseInIntroduction":{"score":9,"maxScore":9,"error":0},"keyphraseInImageAlt":{"score":9,"maxScore":9,"error":0},"keywordDensity":{"type":"best","score":9,"maxScore":9,"error":0}}}]},"primary_term":null,"canonical_url":null,"og_title":null,"og_description":null,"og_object_type":"default","og_image_type":"default","og_image_url":null,"og_image_width":null,"og_image_height":null,"og_image_custom_url":null,"og_image_custom_fields":null,"og_video":"","og_custom_url":null,"og_article_section":null,"og_article_tags":null,"twitter_use_og":false,"twitter_card":"default","twitter_image_type":"default","twitter_image_url":null,"twitter_image_custom_url":null,"twitter_image_custom_fields":null,"twitter_title":null,"twitter_description":null,"schema":{"blockGraphs":[],"customGraphs":[],"default":{"data":{"Article":[],"Course":[],"Dataset":[],"FAQPage":[],"Movie":[],"Person":[],"Product":[],"ProductReview":[],"Car":[],"Recipe":[],"Service":[],"SoftwareApplication":[],"WebPage":[]},"graphName":"Article","isEnabled":true},"graphs":[]},"schema_type":"default","schema_type_options":null,"pillar_content":false,"robots_default":true,"robots_noindex":false,"robots_noarchive":false,"robots_nosnippet":false,"robots_nofollow":false,"robots_noimageindex":false,"robots_noodp":false,"robots_notranslate":false,"robots_max_snippet":"-1","robots_max_videopreview":"-1","robots_max_imagepreview":"large","priority":null,"frequency":"default","location":null,"local_seo":null,"seo_analyzer_scan_date":"2025-09-02 13:15:19","breadcrumb_settings":null,"limit_modified_date":false,"reviewed_by":null,"open_ai":"{\"title\":{\"suggestions\":[],\"usage\":0},\"description\":{\"suggestions\":[],\"usage\":0}}","ai":null,"created":"2024-08-12 15:16:22","updated":"2025-09-02 13:15:19"},"aioseo_breadcrumb":"<div class=\"aioseo-breadcrumbs\"><span class=\"aioseo-breadcrumb\">\n\t<a href=\"https:\/\/candas365.es\/noticias\" title=\"Home\">Home<\/a>\n<\/span><span class=\"aioseo-breadcrumb-separator\">&ndash;<\/span><span class=\"aioseo-breadcrumb\">\n\t<a href=\"https:\/\/candas365.es\/noticias\/category\/economia\/\" title=\"Econom\u00eda\">Econom\u00eda<\/a>\n<\/span><span class=\"aioseo-breadcrumb-separator\">&ndash;<\/span><span class=\"aioseo-breadcrumb\">\n\tSe frena la ca\u00edda de los precios inmobiliarios en Alemania\n<\/span><\/div>","aioseo_breadcrumb_json":[{"label":"Home","link":"https:\/\/candas365.es\/noticias"},{"label":"Econom\u00eda","link":"https:\/\/candas365.es\/noticias\/category\/economia\/"},{"label":"Se frena la ca\u00edda de los precios inmobiliarios en Alemania","link":"https:\/\/candas365.es\/noticias\/se-frena-la-caida-de-los-precios-inmobiliarios-en-alemania\/"}],"_links":{"self":[{"href":"https:\/\/candas365.es\/noticias\/wp-json\/wp\/v2\/posts\/182595","targetHints":{"allow":["GET"]}}],"collection":[{"href":"https:\/\/candas365.es\/noticias\/wp-json\/wp\/v2\/posts"}],"about":[{"href":"https:\/\/candas365.es\/noticias\/wp-json\/wp\/v2\/types\/post"}],"author":[{"embeddable":true,"href":"https:\/\/candas365.es\/noticias\/wp-json\/wp\/v2\/users\/1"}],"replies":[{"embeddable":true,"href":"https:\/\/candas365.es\/noticias\/wp-json\/wp\/v2\/comments?post=182595"}],"version-history":[{"count":0,"href":"https:\/\/candas365.es\/noticias\/wp-json\/wp\/v2\/posts\/182595\/revisions"}],"wp:featuredmedia":[{"embeddable":true,"href":"https:\/\/candas365.es\/noticias\/wp-json\/wp\/v2\/media\/182596"}],"wp:attachment":[{"href":"https:\/\/candas365.es\/noticias\/wp-json\/wp\/v2\/media?parent=182595"}],"wp:term":[{"taxonomy":"category","embeddable":true,"href":"https:\/\/candas365.es\/noticias\/wp-json\/wp\/v2\/categories?post=182595"},{"taxonomy":"post_tag","embeddable":true,"href":"https:\/\/candas365.es\/noticias\/wp-json\/wp\/v2\/tags?post=182595"}],"curies":[{"name":"wp","href":"https:\/\/api.w.org\/{rel}","templated":true}]}}