{"id":182555,"date":"2024-08-08T03:44:17","date_gmt":"2024-08-08T01:44:17","guid":{"rendered":"https:\/\/candas365.es\/noticias\/?p=182555"},"modified":"2024-08-08T03:44:17","modified_gmt":"2024-08-08T01:44:17","slug":"aumenta-el-numero-de-enfermeros-extranjeros-que-eligen-alemania","status":"publish","type":"post","link":"https:\/\/candas365.es\/noticias\/aumenta-el-numero-de-enfermeros-extranjeros-que-eligen-alemania\/","title":{"rendered":"Aumenta el n\u00famero de enfermeros extranjeros que eligen Alemania"},"content":{"rendered":"<p>Berl\u00edn (Alemania), 6 ago (<span style=\"color: #ff6600;\"><a style=\"color: #ff6600;\" title=\"dpa\" href=\"https:\/\/www.dpa-news.de\/\" target=\"_blank\" rel=\"noopener\"><strong>dpa<\/strong><\/a><\/span>) &#8211; Para hablar con su hijo antes de que entre a la escuela, Priyaraj Prabha tiene que despertarse a las 4 de la ma\u00f1ana. Esa es la hora en donde vive y trabaja, en la ciudad alemana de Homburg, pero son las 7 en el estado de Kerala, en India, donde vive su familia.<\/p>\n<figure id=\"attachment_182556\" aria-describedby=\"caption-attachment-182556\" style=\"width: 650px\" class=\"wp-caption alignleft\"><img fetchpriority=\"high\" decoding=\"async\" class=\"size-large wp-image-182556\" src=\"https:\/\/candas365.es\/noticias\/wp-content\/uploads\/2024\/08\/enfermeros-extranjeros-Alemania-650x378.jpg\" alt=\"enfermeros extranjeros Alemania\" width=\"650\" height=\"378\" srcset=\"https:\/\/candas365.es\/noticias\/wp-content\/uploads\/2024\/08\/enfermeros-extranjeros-Alemania-650x378.jpg 650w, https:\/\/candas365.es\/noticias\/wp-content\/uploads\/2024\/08\/enfermeros-extranjeros-Alemania-360x209.jpg 360w, https:\/\/candas365.es\/noticias\/wp-content\/uploads\/2024\/08\/enfermeros-extranjeros-Alemania-768x447.jpg 768w, https:\/\/candas365.es\/noticias\/wp-content\/uploads\/2024\/08\/enfermeros-extranjeros-Alemania-150x87.jpg 150w, https:\/\/candas365.es\/noticias\/wp-content\/uploads\/2024\/08\/enfermeros-extranjeros-Alemania-450x262.jpg 450w, https:\/\/candas365.es\/noticias\/wp-content\/uploads\/2024\/08\/enfermeros-extranjeros-Alemania.jpg 1099w\" sizes=\"(max-width: 650px) 100vw, 650px\" \/><figcaption id=\"caption-attachment-182556\" class=\"wp-caption-text\">Foto: Oliver Dietze\/dpa<\/figcaption><\/figure>\n<p>La mujer, de 35 a\u00f1os, llama tan temprano a su hijo de 8 solo en ocasiones especiales, como cuando tiene una prueba dif\u00edcil en la escuela, por ejemplo. <strong>Sin embargo, levantarse temprano es parte de la rutina de Prahba, una de las 270.000 enfermeras y enfermeros extranjeros que trabajan en Alemania.<\/strong><\/p>\n<p>Prabha trabaj\u00f3 durante ocho a\u00f1os como enfermera hasta que se enter\u00f3 por una amiga de la posibilidad de irse a <a href=\"https:\/\/candas365.es\/noticias\/category\/internacional\/\"><span style=\"color: #ff6600;\"><strong>Alemania<\/strong><\/span><\/a> a trav\u00e9s de un programa estatal germano (\u00abTriple Win\u00bb). Con esta iniciativa, la Sociedad Alemana para la Cooperaci\u00f3n Internacional (GIZ) busca enfermeros formados en pa\u00edses que no pertenecen a la Uni\u00f3n Europea (UE) para trabajar en cl\u00ednicas e instituciones de cuidado alemanas.<\/p>\n<p>A causa del envejecimiento de la sociedad, la Oficina Federal de Estad\u00edstica prev\u00e9 un d\u00e9ficit de entre 280.000 y 690.000 cuidadores de personas para 2049.<\/p>\n<p>Seg\u00fan la Agencia de Trabajo de Alemania, el crecimiento del empleo en el sector de los cuidados en los \u00faltimos diez a\u00f1os se debi\u00f3 mayormente a los extranjeros y, desde 2022, ya solo a los extranjeros. Tambi\u00e9n llama la atenci\u00f3n que la mayor\u00eda de ellos proceden ahora de pa\u00edses que no forman parte de la UE. En 2018, esto todav\u00eda aplicaba a alrededor de la mitad de los cuidadores extranjeros sujetos a cotizaciones a la seguridad social, y en 2023 a casi dos tercios.<\/p>\n<p>Christian M\u00fcller, jefe de recursos humanos del Hospital Universitario del Sarre, en Homburg, y empleador de Prabha, se\u00f1ala que el mercado en la UE est\u00e1 bajo tensiones. Hace unos a\u00f1os, el hospital tambi\u00e9n se dio cuenta de que parte del personal de enfermer\u00eda de la UE no quer\u00eda vivir en Alemania a largo plazo.<\/p>\n<p>El caso de Prabha es distinto, al igual que el de muchos de sus colegas de pa\u00edses como India o M\u00e9xico. \u00abTrabajar en un pa\u00eds europeo era mi sue\u00f1o\u00bb, afirma.<\/p>\n<p>Est\u00e1 en Alemania desde mediados de marzo y comenta que en su pa\u00eds, los enfermeros deben ocuparse de muchas m\u00e1s cosas y m\u00e1s pacientes. Dice que en Alemania tiene m\u00e1s tiempo y menos estr\u00e9s. \u00abPodemos atender mejor a los pacientes\u00bb, asegura.<\/p>\n<p>Antes de llegar al pa\u00eds europeo, tuvo que superar el obst\u00e1culo m\u00e1s dif\u00edcil: aprobar los cursos de alem\u00e1n. Pero el idioma no es el \u00fanico desaf\u00edo. En muchas ciudades es dif\u00edcil conseguir vivienda, seg\u00fan explica M\u00fcller. Sin embargo, en el marco del programa \u00abTriple Win\u00bb, los empleadores se comprometen a conseguir una vivienda para quienes llegan del extranjero.<\/p>\n<p>Los cuidadores como Prabha tambi\u00e9n tienen que cumplir ahora menos requisitos para traer a sus c\u00f3nyuges e hijos menores a vivir con ellos en Alemania. Actualmente es posible hacerlo sin tener que demostrar que se dispone de espacio suficiente o que el c\u00f3nyugue domina el idioma. Los requisitos son un procedimiento de reconocimiento finalizado, permiso de residencia, y medios de vida seguros para ellos y sus hijos.<\/p>\n<p>Prabha a\u00fan no es considerada enfermera cualificada en Alemania. Adem\u00e1s de un examen de lengua alemana del nivel B2, esta mujer india a\u00fan tiene que superar un examen de sus conocimientos de enfermer\u00eda antes de que se la reconozca como tal.<\/p>\n<p>Esta no es su primera experiencia en el extranjero, lejos de su marido y su hijo en la India. Prabha ya hab\u00eda trabajado antes en Arabia Saud\u00ed. Pero esto se acab\u00f3 a los dos a\u00f1os. \u00abLo dej\u00e9 porque quer\u00eda estar con mi familia\u00bb, cuenta. All\u00ed no iba a poder permitirse llevar a su familia a vivir con ella. Debido a su salario en Alemania, cree que ahora las cosas podr\u00edan ser diferentes.<\/p>\n<p><i class=\"lang-es\"><span class=\" readonly\" title=\"\">Por Franziska Spiecker (dpa)<\/span><\/i><\/p>\n","protected":false},"excerpt":{"rendered":"<p>Berl\u00edn (Alemania), 6 ago (dpa) &#8211; Para hablar con su hijo antes de que entre a la escuela, Priyaraj Prabha tiene que despertarse a las 4 de la ma\u00f1ana. Esa es la hora en donde vive y trabaja, en la ciudad alemana de Homburg, pero son las 7 en el estado de Kerala, en India,<\/p>\n","protected":false},"author":1,"featured_media":182556,"comment_status":"closed","ping_status":"closed","sticky":false,"template":"","format":"standard","meta":{"footnotes":""},"categories":[372],"tags":[417,378],"class_list":{"0":"post-182555","1":"post","2":"type-post","3":"status-publish","4":"format-standard","5":"has-post-thumbnail","7":"category-salud","8":"tag-alemania","9":"tag-salud"},"aioseo_notices":[],"aioseo_head":"\n\t\t<!-- All in One SEO Pro 4.9.6.2 - aioseo.com -->\n\t<meta name=\"description\" content=\"Berl\u00edn (Alemania), 6 ago (dpa) - Para hablar con su hijo antes de que entre a la escuela, Priyaraj Prabha tiene que despertarse a las 4 de la ma\u00f1ana.\" \/>\n\t<meta name=\"robots\" content=\"max-image-preview:large\" \/>\n\t<meta name=\"author\" content=\"Cand\u00e1s 365\"\/>\n\t<meta name=\"google-site-verification\" content=\"UA-32230408-1\" \/>\n\t<meta name=\"msvalidate.01\" content=\"354F3CDFB2DA171B47FBE9ABF1F88D5\" \/>\n\t<meta name=\"keywords\" content=\"salud\" \/>\n\t<link rel=\"canonical\" href=\"https:\/\/candas365.es\/noticias\/aumenta-el-numero-de-enfermeros-extranjeros-que-eligen-alemania\/\" \/>\n\t<meta name=\"generator\" content=\"All in One SEO Pro (AIOSEO) 4.9.6.2\" \/>\n\t\t<meta property=\"og:locale\" content=\"es_ES\" \/>\n\t\t<meta property=\"og:site_name\" content=\"Cand\u00e1s 365\" \/>\n\t\t<meta property=\"og:type\" content=\"article\" \/>\n\t\t<meta property=\"og:title\" content=\"Aumenta el n\u00famero de enfermeros extranjeros que eligen Alemania | Cand\u00e1s 365\" \/>\n\t\t<meta property=\"og:description\" content=\"Berl\u00edn (Alemania), 6 ago (dpa) - Para hablar con su hijo antes de que entre a la escuela, Priyaraj Prabha tiene que despertarse a las 4 de la ma\u00f1ana.\" \/>\n\t\t<meta property=\"og:url\" content=\"https:\/\/candas365.es\/noticias\/aumenta-el-numero-de-enfermeros-extranjeros-que-eligen-alemania\/\" \/>\n\t\t<meta property=\"og:image\" content=\"https:\/\/candas365.es\/noticias\/wp-content\/uploads\/2024\/08\/enfermeros-extranjeros-Alemania.jpg\" \/>\n\t\t<meta property=\"og:image:secure_url\" content=\"https:\/\/candas365.es\/noticias\/wp-content\/uploads\/2024\/08\/enfermeros-extranjeros-Alemania.jpg\" \/>\n\t\t<meta property=\"og:image:width\" content=\"1099\" \/>\n\t\t<meta property=\"og:image:height\" content=\"639\" \/>\n\t\t<meta property=\"article:published_time\" content=\"2024-08-08T01:44:17+00:00\" \/>\n\t\t<meta property=\"article:modified_time\" content=\"2024-08-08T01:44:17+00:00\" \/>\n\t\t<meta property=\"article:publisher\" content=\"https:\/\/www.facebook.com\/Nachofdezber\" \/>\n\t\t<meta property=\"article:author\" content=\"https:\/\/www.facebook.com\/carrenoactualidad\" \/>\n\t\t<meta name=\"twitter:card\" content=\"summary_large_image\" \/>\n\t\t<meta name=\"twitter:site\" content=\"@NabercoDigital\" \/>\n\t\t<meta name=\"twitter:title\" content=\"Aumenta el n\u00famero de enfermeros extranjeros que eligen Alemania | Cand\u00e1s 365\" \/>\n\t\t<meta name=\"twitter:description\" content=\"Berl\u00edn (Alemania), 6 ago (dpa) - Para hablar con su hijo antes de que entre a la escuela, Priyaraj Prabha tiene que despertarse a las 4 de la ma\u00f1ana.\" \/>\n\t\t<meta name=\"twitter:creator\" content=\"@nbasturias\" \/>\n\t\t<meta name=\"twitter:image\" content=\"https:\/\/candas365.es\/noticias\/wp-content\/uploads\/2024\/08\/enfermeros-extranjeros-Alemania.jpg\" \/>\n\t\t<meta name=\"twitter:label1\" content=\"Escrito por\" \/>\n\t\t<meta name=\"twitter:data1\" content=\"Cand\u00e1s 365\" \/>\n\t\t<meta name=\"twitter:label2\" content=\"Tiempo de lectura estimado\" \/>\n\t\t<meta name=\"twitter:data2\" content=\"4 minutos\" \/>\n\t\t<script type=\"application\/ld+json\" class=\"aioseo-schema\">\n\t\t\t{\"@context\":\"https:\\\/\\\/schema.org\",\"@graph\":[{\"@type\":\"BreadcrumbList\",\"@id\":\"https:\\\/\\\/candas365.es\\\/noticias\\\/aumenta-el-numero-de-enfermeros-extranjeros-que-eligen-alemania\\\/#breadcrumblist\",\"itemListElement\":[{\"@type\":\"ListItem\",\"@id\":\"https:\\\/\\\/candas365.es\\\/noticias#listItem\",\"position\":1,\"name\":\"Home\",\"item\":\"https:\\\/\\\/candas365.es\\\/noticias\",\"nextItem\":{\"@type\":\"ListItem\",\"@id\":\"https:\\\/\\\/candas365.es\\\/noticias\\\/category\\\/salud\\\/#listItem\",\"name\":\"Salud\"}},{\"@type\":\"ListItem\",\"@id\":\"https:\\\/\\\/candas365.es\\\/noticias\\\/category\\\/salud\\\/#listItem\",\"position\":2,\"name\":\"Salud\",\"item\":\"https:\\\/\\\/candas365.es\\\/noticias\\\/category\\\/salud\\\/\",\"nextItem\":{\"@type\":\"ListItem\",\"@id\":\"https:\\\/\\\/candas365.es\\\/noticias\\\/aumenta-el-numero-de-enfermeros-extranjeros-que-eligen-alemania\\\/#listItem\",\"name\":\"Aumenta el n\\u00famero de enfermeros extranjeros que eligen Alemania\"},\"previousItem\":{\"@type\":\"ListItem\",\"@id\":\"https:\\\/\\\/candas365.es\\\/noticias#listItem\",\"name\":\"Home\"}},{\"@type\":\"ListItem\",\"@id\":\"https:\\\/\\\/candas365.es\\\/noticias\\\/aumenta-el-numero-de-enfermeros-extranjeros-que-eligen-alemania\\\/#listItem\",\"position\":3,\"name\":\"Aumenta el n\\u00famero de enfermeros extranjeros que eligen Alemania\",\"previousItem\":{\"@type\":\"ListItem\",\"@id\":\"https:\\\/\\\/candas365.es\\\/noticias\\\/category\\\/salud\\\/#listItem\",\"name\":\"Salud\"}}]},{\"@type\":\"NewsArticle\",\"@id\":\"https:\\\/\\\/candas365.es\\\/noticias\\\/aumenta-el-numero-de-enfermeros-extranjeros-que-eligen-alemania\\\/#newsarticle\",\"name\":\"Aumenta el n\\u00famero de enfermeros extranjeros que eligen Alemania | Cand\\u00e1s 365\",\"headline\":\"Aumenta el n\\u00famero de enfermeros extranjeros que eligen Alemania\",\"author\":{\"@id\":\"https:\\\/\\\/candas365.es\\\/noticias\\\/author\\\/admin\\\/#author\"},\"publisher\":{\"@id\":\"https:\\\/\\\/candas365.es\\\/noticias\\\/#organization\"},\"image\":{\"@type\":\"ImageObject\",\"url\":\"https:\\\/\\\/candas365.es\\\/noticias\\\/wp-content\\\/uploads\\\/2024\\\/08\\\/enfermeros-extranjeros-Alemania.jpg\",\"width\":1099,\"height\":639,\"caption\":\"Foto: Oliver Dietze\\\/dpa\"},\"datePublished\":\"2024-08-08T03:44:17+02:00\",\"dateModified\":\"2024-08-08T03:44:17+02:00\",\"inLanguage\":\"es-ES\",\"mainEntityOfPage\":{\"@id\":\"https:\\\/\\\/candas365.es\\\/noticias\\\/aumenta-el-numero-de-enfermeros-extranjeros-que-eligen-alemania\\\/#webpage\"},\"isPartOf\":{\"@id\":\"https:\\\/\\\/candas365.es\\\/noticias\\\/aumenta-el-numero-de-enfermeros-extranjeros-que-eligen-alemania\\\/#webpage\"},\"articleSection\":\"Salud, Alemania, Salud\",\"dateline\":\"Publicado el agosto 8, 2024.\"},{\"@type\":\"Organization\",\"@id\":\"https:\\\/\\\/candas365.es\\\/noticias\\\/#organization\",\"name\":\"Cand\\u00e1s 365\",\"description\":\"Cand\\u00e1s 365 es un diario digital independiente, fundado en 2012, con base en Asturias. Informamos con rigor sobre actualidad, sociedad, cultura y ocio, con una mirada local y global.\",\"url\":\"https:\\\/\\\/candas365.es\\\/noticias\\\/\",\"email\":\"info@candas365.es\",\"telephone\":\"+34652131393\",\"foundingDate\":\"2012-06-10\",\"logo\":{\"@type\":\"ImageObject\",\"url\":\"https:\\\/\\\/candas365.es\\\/noticias\\\/wp-content\\\/uploads\\\/2024\\\/09\\\/Candas-365-Redes.jpg\",\"@id\":\"https:\\\/\\\/candas365.es\\\/noticias\\\/aumenta-el-numero-de-enfermeros-extranjeros-que-eligen-alemania\\\/#organizationLogo\",\"width\":1152,\"height\":864,\"caption\":\"Cand\\u00e1s 365 Redes\"},\"image\":{\"@id\":\"https:\\\/\\\/candas365.es\\\/noticias\\\/aumenta-el-numero-de-enfermeros-extranjeros-que-eligen-alemania\\\/#organizationLogo\"},\"sameAs\":[\"https:\\\/\\\/www.facebook.com\\\/Nachofdezber\",\"https:\\\/\\\/x.com\\\/NabercoDigital\",\"https:\\\/\\\/www.instagram.com\\\/nachofdezber\\\/\",\"https:\\\/\\\/www.youtube.com\\\/channel\\\/UCZP-2wLEB9Rv6erhFmqVnvg\"],\"address\":{\"@id\":\"https:\\\/\\\/candas365.es\\\/noticias\\\/#postaladdress\",\"@type\":\"PostalAddress\",\"streetAddress\":\"san antonio 4, san antonio 4\",\"postalCode\":\"33430\",\"addressLocality\":\"Cand\\u00e1s\",\"addressRegion\":\"Asturias\",\"addressCountry\":\"ES\"}},{\"@type\":\"Person\",\"@id\":\"https:\\\/\\\/candas365.es\\\/noticias\\\/author\\\/admin\\\/#author\",\"url\":\"https:\\\/\\\/candas365.es\\\/noticias\\\/author\\\/admin\\\/\",\"name\":\"Cand\\u00e1s 365\",\"image\":{\"@type\":\"ImageObject\",\"@id\":\"https:\\\/\\\/candas365.es\\\/noticias\\\/aumenta-el-numero-de-enfermeros-extranjeros-que-eligen-alemania\\\/#authorImage\",\"url\":\"https:\\\/\\\/secure.gravatar.com\\\/avatar\\\/496a8e03d0c493ede1718b7934145dbdf8d89be1036b0eec9544e1094c9de390?s=96&d=mm&r=g\",\"width\":96,\"height\":96,\"caption\":\"Cand\\u00e1s 365\"},\"sameAs\":[\"https:\\\/\\\/www.facebook.com\\\/carrenoactualidad\",\"https:\\\/\\\/twitter.com\\\/nbasturias\",\"https:\\\/\\\/www.instagram.com\\\/nachofdezber\\\/\",\"https:\\\/\\\/www.youtube.com\\\/channel\\\/UCZP-2wLEB9Rv6erhFmqVnvg\"]},{\"@type\":\"WebPage\",\"@id\":\"https:\\\/\\\/candas365.es\\\/noticias\\\/aumenta-el-numero-de-enfermeros-extranjeros-que-eligen-alemania\\\/#webpage\",\"url\":\"https:\\\/\\\/candas365.es\\\/noticias\\\/aumenta-el-numero-de-enfermeros-extranjeros-que-eligen-alemania\\\/\",\"name\":\"Aumenta el n\\u00famero de enfermeros extranjeros que eligen Alemania | Cand\\u00e1s 365\",\"description\":\"Berl\\u00edn (Alemania), 6 ago (dpa) - Para hablar con su hijo antes de que entre a la escuela, Priyaraj Prabha tiene que despertarse a las 4 de la ma\\u00f1ana.\",\"inLanguage\":\"es-ES\",\"isPartOf\":{\"@id\":\"https:\\\/\\\/candas365.es\\\/noticias\\\/#website\"},\"breadcrumb\":{\"@id\":\"https:\\\/\\\/candas365.es\\\/noticias\\\/aumenta-el-numero-de-enfermeros-extranjeros-que-eligen-alemania\\\/#breadcrumblist\"},\"author\":{\"@id\":\"https:\\\/\\\/candas365.es\\\/noticias\\\/author\\\/admin\\\/#author\"},\"creator\":{\"@id\":\"https:\\\/\\\/candas365.es\\\/noticias\\\/author\\\/admin\\\/#author\"},\"image\":{\"@type\":\"ImageObject\",\"url\":\"https:\\\/\\\/candas365.es\\\/noticias\\\/wp-content\\\/uploads\\\/2024\\\/08\\\/enfermeros-extranjeros-Alemania.jpg\",\"@id\":\"https:\\\/\\\/candas365.es\\\/noticias\\\/aumenta-el-numero-de-enfermeros-extranjeros-que-eligen-alemania\\\/#mainImage\",\"width\":1099,\"height\":639,\"caption\":\"Foto: Oliver Dietze\\\/dpa\"},\"primaryImageOfPage\":{\"@id\":\"https:\\\/\\\/candas365.es\\\/noticias\\\/aumenta-el-numero-de-enfermeros-extranjeros-que-eligen-alemania\\\/#mainImage\"},\"datePublished\":\"2024-08-08T03:44:17+02:00\",\"dateModified\":\"2024-08-08T03:44:17+02:00\"},{\"@type\":\"WebSite\",\"@id\":\"https:\\\/\\\/candas365.es\\\/noticias\\\/#website\",\"url\":\"https:\\\/\\\/candas365.es\\\/noticias\\\/\",\"name\":\"Cand\\u00e1s 365\",\"alternateName\":\"Cand\\u00e1s 365 Noticias\",\"description\":\"Actualidad desde Carre\\u00f1o para el mundo\",\"inLanguage\":\"es-ES\",\"publisher\":{\"@id\":\"https:\\\/\\\/candas365.es\\\/noticias\\\/#organization\"}}]}\n\t\t<\/script>\n\t\t<!-- All in One SEO Pro -->\r\n\t\t<title>Aumenta el n\u00famero de enfermeros extranjeros que eligen Alemania | Cand\u00e1s 365<\/title>\n\n","aioseo_head_json":{"title":"Aumenta el n\u00famero de enfermeros extranjeros que eligen Alemania | Cand\u00e1s 365","description":"Berl\u00edn (Alemania), 6 ago (dpa) - Para hablar con su hijo antes de que entre a la escuela, Priyaraj Prabha tiene que despertarse a las 4 de la ma\u00f1ana.","canonical_url":"https:\/\/candas365.es\/noticias\/aumenta-el-numero-de-enfermeros-extranjeros-que-eligen-alemania\/","robots":"max-image-preview:large","keywords":"salud","webmasterTools":{"google-site-verification":"UA-32230408-1","msvalidate.01":"354F3CDFB2DA171B47FBE9ABF1F88D5","miscellaneous":""},"schema":{"@context":"https:\/\/schema.org","@graph":[{"@type":"BreadcrumbList","@id":"https:\/\/candas365.es\/noticias\/aumenta-el-numero-de-enfermeros-extranjeros-que-eligen-alemania\/#breadcrumblist","itemListElement":[{"@type":"ListItem","@id":"https:\/\/candas365.es\/noticias#listItem","position":1,"name":"Home","item":"https:\/\/candas365.es\/noticias","nextItem":{"@type":"ListItem","@id":"https:\/\/candas365.es\/noticias\/category\/salud\/#listItem","name":"Salud"}},{"@type":"ListItem","@id":"https:\/\/candas365.es\/noticias\/category\/salud\/#listItem","position":2,"name":"Salud","item":"https:\/\/candas365.es\/noticias\/category\/salud\/","nextItem":{"@type":"ListItem","@id":"https:\/\/candas365.es\/noticias\/aumenta-el-numero-de-enfermeros-extranjeros-que-eligen-alemania\/#listItem","name":"Aumenta el n\u00famero de enfermeros extranjeros que eligen Alemania"},"previousItem":{"@type":"ListItem","@id":"https:\/\/candas365.es\/noticias#listItem","name":"Home"}},{"@type":"ListItem","@id":"https:\/\/candas365.es\/noticias\/aumenta-el-numero-de-enfermeros-extranjeros-que-eligen-alemania\/#listItem","position":3,"name":"Aumenta el n\u00famero de enfermeros extranjeros que eligen Alemania","previousItem":{"@type":"ListItem","@id":"https:\/\/candas365.es\/noticias\/category\/salud\/#listItem","name":"Salud"}}]},{"@type":"NewsArticle","@id":"https:\/\/candas365.es\/noticias\/aumenta-el-numero-de-enfermeros-extranjeros-que-eligen-alemania\/#newsarticle","name":"Aumenta el n\u00famero de enfermeros extranjeros que eligen Alemania | Cand\u00e1s 365","headline":"Aumenta el n\u00famero de enfermeros extranjeros que eligen Alemania","author":{"@id":"https:\/\/candas365.es\/noticias\/author\/admin\/#author"},"publisher":{"@id":"https:\/\/candas365.es\/noticias\/#organization"},"image":{"@type":"ImageObject","url":"https:\/\/candas365.es\/noticias\/wp-content\/uploads\/2024\/08\/enfermeros-extranjeros-Alemania.jpg","width":1099,"height":639,"caption":"Foto: Oliver Dietze\/dpa"},"datePublished":"2024-08-08T03:44:17+02:00","dateModified":"2024-08-08T03:44:17+02:00","inLanguage":"es-ES","mainEntityOfPage":{"@id":"https:\/\/candas365.es\/noticias\/aumenta-el-numero-de-enfermeros-extranjeros-que-eligen-alemania\/#webpage"},"isPartOf":{"@id":"https:\/\/candas365.es\/noticias\/aumenta-el-numero-de-enfermeros-extranjeros-que-eligen-alemania\/#webpage"},"articleSection":"Salud, Alemania, Salud","dateline":"Publicado el agosto 8, 2024."},{"@type":"Organization","@id":"https:\/\/candas365.es\/noticias\/#organization","name":"Cand\u00e1s 365","description":"Cand\u00e1s 365 es un diario digital independiente, fundado en 2012, con base en Asturias. Informamos con rigor sobre actualidad, sociedad, cultura y ocio, con una mirada local y global.","url":"https:\/\/candas365.es\/noticias\/","email":"info@candas365.es","telephone":"+34652131393","foundingDate":"2012-06-10","logo":{"@type":"ImageObject","url":"https:\/\/candas365.es\/noticias\/wp-content\/uploads\/2024\/09\/Candas-365-Redes.jpg","@id":"https:\/\/candas365.es\/noticias\/aumenta-el-numero-de-enfermeros-extranjeros-que-eligen-alemania\/#organizationLogo","width":1152,"height":864,"caption":"Cand\u00e1s 365 Redes"},"image":{"@id":"https:\/\/candas365.es\/noticias\/aumenta-el-numero-de-enfermeros-extranjeros-que-eligen-alemania\/#organizationLogo"},"sameAs":["https:\/\/www.facebook.com\/Nachofdezber","https:\/\/x.com\/NabercoDigital","https:\/\/www.instagram.com\/nachofdezber\/","https:\/\/www.youtube.com\/channel\/UCZP-2wLEB9Rv6erhFmqVnvg"],"address":{"@id":"https:\/\/candas365.es\/noticias\/#postaladdress","@type":"PostalAddress","streetAddress":"san antonio 4, san antonio 4","postalCode":"33430","addressLocality":"Cand\u00e1s","addressRegion":"Asturias","addressCountry":"ES"}},{"@type":"Person","@id":"https:\/\/candas365.es\/noticias\/author\/admin\/#author","url":"https:\/\/candas365.es\/noticias\/author\/admin\/","name":"Cand\u00e1s 365","image":{"@type":"ImageObject","@id":"https:\/\/candas365.es\/noticias\/aumenta-el-numero-de-enfermeros-extranjeros-que-eligen-alemania\/#authorImage","url":"https:\/\/secure.gravatar.com\/avatar\/496a8e03d0c493ede1718b7934145dbdf8d89be1036b0eec9544e1094c9de390?s=96&d=mm&r=g","width":96,"height":96,"caption":"Cand\u00e1s 365"},"sameAs":["https:\/\/www.facebook.com\/carrenoactualidad","https:\/\/twitter.com\/nbasturias","https:\/\/www.instagram.com\/nachofdezber\/","https:\/\/www.youtube.com\/channel\/UCZP-2wLEB9Rv6erhFmqVnvg"]},{"@type":"WebPage","@id":"https:\/\/candas365.es\/noticias\/aumenta-el-numero-de-enfermeros-extranjeros-que-eligen-alemania\/#webpage","url":"https:\/\/candas365.es\/noticias\/aumenta-el-numero-de-enfermeros-extranjeros-que-eligen-alemania\/","name":"Aumenta el n\u00famero de enfermeros extranjeros que eligen Alemania | Cand\u00e1s 365","description":"Berl\u00edn (Alemania), 6 ago (dpa) - Para hablar con su hijo antes de que entre a la escuela, Priyaraj Prabha tiene que despertarse a las 4 de la ma\u00f1ana.","inLanguage":"es-ES","isPartOf":{"@id":"https:\/\/candas365.es\/noticias\/#website"},"breadcrumb":{"@id":"https:\/\/candas365.es\/noticias\/aumenta-el-numero-de-enfermeros-extranjeros-que-eligen-alemania\/#breadcrumblist"},"author":{"@id":"https:\/\/candas365.es\/noticias\/author\/admin\/#author"},"creator":{"@id":"https:\/\/candas365.es\/noticias\/author\/admin\/#author"},"image":{"@type":"ImageObject","url":"https:\/\/candas365.es\/noticias\/wp-content\/uploads\/2024\/08\/enfermeros-extranjeros-Alemania.jpg","@id":"https:\/\/candas365.es\/noticias\/aumenta-el-numero-de-enfermeros-extranjeros-que-eligen-alemania\/#mainImage","width":1099,"height":639,"caption":"Foto: Oliver Dietze\/dpa"},"primaryImageOfPage":{"@id":"https:\/\/candas365.es\/noticias\/aumenta-el-numero-de-enfermeros-extranjeros-que-eligen-alemania\/#mainImage"},"datePublished":"2024-08-08T03:44:17+02:00","dateModified":"2024-08-08T03:44:17+02:00"},{"@type":"WebSite","@id":"https:\/\/candas365.es\/noticias\/#website","url":"https:\/\/candas365.es\/noticias\/","name":"Cand\u00e1s 365","alternateName":"Cand\u00e1s 365 Noticias","description":"Actualidad desde Carre\u00f1o para el mundo","inLanguage":"es-ES","publisher":{"@id":"https:\/\/candas365.es\/noticias\/#organization"}}]},"og:locale":"es_ES","og:site_name":"Cand\u00e1s 365","og:type":"article","og:title":"Aumenta el n\u00famero de enfermeros extranjeros que eligen Alemania | Cand\u00e1s 365","og:description":"Berl\u00edn (Alemania), 6 ago (dpa) - Para hablar con su hijo antes de que entre a la escuela, Priyaraj Prabha tiene que despertarse a las 4 de la ma\u00f1ana.","og:url":"https:\/\/candas365.es\/noticias\/aumenta-el-numero-de-enfermeros-extranjeros-que-eligen-alemania\/","og:image":"https:\/\/candas365.es\/noticias\/wp-content\/uploads\/2024\/08\/enfermeros-extranjeros-Alemania.jpg","og:image:secure_url":"https:\/\/candas365.es\/noticias\/wp-content\/uploads\/2024\/08\/enfermeros-extranjeros-Alemania.jpg","og:image:width":1099,"og:image:height":639,"article:published_time":"2024-08-08T01:44:17+00:00","article:modified_time":"2024-08-08T01:44:17+00:00","article:publisher":"https:\/\/www.facebook.com\/Nachofdezber","article:author":"https:\/\/www.facebook.com\/carrenoactualidad","twitter:card":"summary_large_image","twitter:site":"@NabercoDigital","twitter:title":"Aumenta el n\u00famero de enfermeros extranjeros que eligen Alemania | Cand\u00e1s 365","twitter:description":"Berl\u00edn (Alemania), 6 ago (dpa) - Para hablar con su hijo antes de que entre a la escuela, Priyaraj Prabha tiene que despertarse a las 4 de la ma\u00f1ana.","twitter:creator":"@nbasturias","twitter:image":"https:\/\/candas365.es\/noticias\/wp-content\/uploads\/2024\/08\/enfermeros-extranjeros-Alemania.jpg","twitter:label1":"Escrito por","twitter:data1":"Cand\u00e1s 365","twitter:label2":"Tiempo de lectura estimado","twitter:data2":"4 minutos"},"aioseo_meta_data":{"post_id":"182555","title":null,"description":"Berl\u00edn (Alemania), 6 ago (dpa) - Para hablar con su hijo antes de que entre a la escuela, Priyaraj Prabha tiene que despertarse a las 4 de la ma\u00f1ana.","keywords":null,"keyphrases":{"focus":{"keyphrase":"Alemania","score":93,"analysis":{"keyphraseInTitle":{"score":9,"maxScore":9,"error":0},"keyphraseInDescription":{"score":9,"maxScore":9,"error":0},"keyphraseLength":{"score":9,"maxScore":9,"error":0,"length":1},"keyphraseInURL":{"score":1,"maxScore":5,"error":1},"keyphraseInIntroduction":{"score":9,"maxScore":9,"error":0},"keyphraseInSubHeadings":[],"keyphraseInImageAlt":{"score":9,"maxScore":9,"error":0},"keywordDensity":{"type":"best","score":9,"maxScore":9,"error":0}}},"additional":[{"keyphrase":"Alemania","score":100,"analysis":{"keyphraseInDescription":{"score":9,"maxScore":9,"error":0},"keyphraseLength":{"score":9,"maxScore":9,"error":0,"length":1},"keyphraseInIntroduction":{"score":9,"maxScore":9,"error":0},"keyphraseInImageAlt":{"score":9,"maxScore":9,"error":0},"keywordDensity":{"type":"best","score":9,"maxScore":9,"error":0}}}]},"primary_term":null,"canonical_url":null,"og_title":null,"og_description":null,"og_object_type":"default","og_image_type":"default","og_image_url":null,"og_image_width":null,"og_image_height":null,"og_image_custom_url":null,"og_image_custom_fields":null,"og_video":"","og_custom_url":null,"og_article_section":null,"og_article_tags":null,"twitter_use_og":false,"twitter_card":"default","twitter_image_type":"default","twitter_image_url":null,"twitter_image_custom_url":null,"twitter_image_custom_fields":null,"twitter_title":null,"twitter_description":null,"schema":{"blockGraphs":[],"customGraphs":[],"default":{"data":{"Article":[],"Course":[],"Dataset":[],"FAQPage":[],"Movie":[],"Person":[],"Product":[],"ProductReview":[],"Car":[],"Recipe":[],"Service":[],"SoftwareApplication":[],"WebPage":[]},"graphName":"Article","isEnabled":true},"graphs":[]},"schema_type":"default","schema_type_options":null,"pillar_content":false,"robots_default":true,"robots_noindex":false,"robots_noarchive":false,"robots_nosnippet":false,"robots_nofollow":false,"robots_noimageindex":false,"robots_noodp":false,"robots_notranslate":false,"robots_max_snippet":"-1","robots_max_videopreview":"-1","robots_max_imagepreview":"large","priority":null,"frequency":"default","location":null,"local_seo":null,"seo_analyzer_scan_date":"2025-09-02 13:10:11","breadcrumb_settings":null,"limit_modified_date":false,"reviewed_by":null,"open_ai":"{\"title\":{\"suggestions\":[],\"usage\":0},\"description\":{\"suggestions\":[],\"usage\":0}}","ai":null,"created":"2024-08-08 01:37:28","updated":"2025-09-02 13:10:11"},"aioseo_breadcrumb":"<div class=\"aioseo-breadcrumbs\"><span class=\"aioseo-breadcrumb\">\n\t<a href=\"https:\/\/candas365.es\/noticias\" title=\"Home\">Home<\/a>\n<\/span><span class=\"aioseo-breadcrumb-separator\">&ndash;<\/span><span class=\"aioseo-breadcrumb\">\n\t<a href=\"https:\/\/candas365.es\/noticias\/category\/salud\/\" title=\"Salud\">Salud<\/a>\n<\/span><span class=\"aioseo-breadcrumb-separator\">&ndash;<\/span><span class=\"aioseo-breadcrumb\">\n\tAumenta el n\u00famero de enfermeros extranjeros que eligen Alemania\n<\/span><\/div>","aioseo_breadcrumb_json":[{"label":"Home","link":"https:\/\/candas365.es\/noticias"},{"label":"Salud","link":"https:\/\/candas365.es\/noticias\/category\/salud\/"},{"label":"Aumenta el n\u00famero de enfermeros extranjeros que eligen Alemania","link":"https:\/\/candas365.es\/noticias\/aumenta-el-numero-de-enfermeros-extranjeros-que-eligen-alemania\/"}],"_links":{"self":[{"href":"https:\/\/candas365.es\/noticias\/wp-json\/wp\/v2\/posts\/182555","targetHints":{"allow":["GET"]}}],"collection":[{"href":"https:\/\/candas365.es\/noticias\/wp-json\/wp\/v2\/posts"}],"about":[{"href":"https:\/\/candas365.es\/noticias\/wp-json\/wp\/v2\/types\/post"}],"author":[{"embeddable":true,"href":"https:\/\/candas365.es\/noticias\/wp-json\/wp\/v2\/users\/1"}],"replies":[{"embeddable":true,"href":"https:\/\/candas365.es\/noticias\/wp-json\/wp\/v2\/comments?post=182555"}],"version-history":[{"count":0,"href":"https:\/\/candas365.es\/noticias\/wp-json\/wp\/v2\/posts\/182555\/revisions"}],"wp:featuredmedia":[{"embeddable":true,"href":"https:\/\/candas365.es\/noticias\/wp-json\/wp\/v2\/media\/182556"}],"wp:attachment":[{"href":"https:\/\/candas365.es\/noticias\/wp-json\/wp\/v2\/media?parent=182555"}],"wp:term":[{"taxonomy":"category","embeddable":true,"href":"https:\/\/candas365.es\/noticias\/wp-json\/wp\/v2\/categories?post=182555"},{"taxonomy":"post_tag","embeddable":true,"href":"https:\/\/candas365.es\/noticias\/wp-json\/wp\/v2\/tags?post=182555"}],"curies":[{"name":"wp","href":"https:\/\/api.w.org\/{rel}","templated":true}]}}