{"id":182422,"date":"2024-07-28T15:57:31","date_gmt":"2024-07-28T13:57:31","guid":{"rendered":"https:\/\/candas365.es\/noticias\/?p=182422"},"modified":"2024-07-28T15:57:31","modified_gmt":"2024-07-28T13:57:31","slug":"nueva-edicion-de-los-premios-nacionales-de-enfermeria-del-cge","status":"publish","type":"post","link":"https:\/\/candas365.es\/noticias\/nueva-edicion-de-los-premios-nacionales-de-enfermeria-del-cge\/","title":{"rendered":"Nueva edici\u00f3n de los Premios Nacionales de Enfermer\u00eda del CGE"},"content":{"rendered":"<p>La <strong>II edici\u00f3n de los Premios Nacionales de Enfermer\u00eda<\/strong> del Consejo General de Enfermer\u00eda (CGE) ya est\u00e1 en marcha con 88 candidaturas propuestas por los 52 colegios provinciales de toda <a href=\"https:\/\/candas365.es\/noticias\/tag\/espana\/\"><span style=\"color: #ff6600;\"><strong>Espa\u00f1a<\/strong><\/span><\/a> para las seis categor\u00edas de que constan estos galardones.<\/p>\n<figure id=\"attachment_182423\" aria-describedby=\"caption-attachment-182423\" style=\"width: 650px\" class=\"wp-caption aligncenter\"><img fetchpriority=\"high\" decoding=\"async\" class=\"size-large wp-image-182423\" src=\"https:\/\/candas365.es\/noticias\/wp-content\/uploads\/2024\/07\/Premios-Nacionales-de-Enfermeria-650x412.jpg\" alt=\"Premios Nacionales de Enfermer\u00eda\" width=\"650\" height=\"412\" srcset=\"https:\/\/candas365.es\/noticias\/wp-content\/uploads\/2024\/07\/Premios-Nacionales-de-Enfermeria-650x412.jpg 650w, https:\/\/candas365.es\/noticias\/wp-content\/uploads\/2024\/07\/Premios-Nacionales-de-Enfermeria-360x228.jpg 360w, https:\/\/candas365.es\/noticias\/wp-content\/uploads\/2024\/07\/Premios-Nacionales-de-Enfermeria-768x487.jpg 768w, https:\/\/candas365.es\/noticias\/wp-content\/uploads\/2024\/07\/Premios-Nacionales-de-Enfermeria-150x95.jpg 150w, https:\/\/candas365.es\/noticias\/wp-content\/uploads\/2024\/07\/Premios-Nacionales-de-Enfermeria-450x285.jpg 450w, https:\/\/candas365.es\/noticias\/wp-content\/uploads\/2024\/07\/Premios-Nacionales-de-Enfermeria.jpg 1052w\" sizes=\"(max-width: 650px) 100vw, 650px\" \/><figcaption id=\"caption-attachment-182423\" class=\"wp-caption-text\">Figura de los Premios Nacionales de Enfermer\u00eda | Foto de CGE<\/figcaption><\/figure>\n<p>Seg\u00fan inform\u00f3 el CGE,<strong> estos premios distinguen la labor de las enfermeras espa\u00f1olas, as\u00ed como aquella persona que haya difundido o potenciado la labor enfermera fuera del \u00e1mbito de la profesi\u00f3n.<\/strong><\/p>\n<p>De esta forma se premia la actividad profesional en el \u00e1mbito asistencial, gestor, docente e investigador, adem\u00e1s de a la trayectoria profesional a lo largo de toda la vida. Fuera del \u00e1mbito de la enfermer\u00eda, tambi\u00e9n se reconocer\u00e1 a quien m\u00e1s haya difundido o potenciado la labor de estas profesionales.<\/p>\n<p>A este respecto, el presidente del CGE, Florentino P\u00e9rez Raya, explic\u00f3 que \u201cse habla de una profesi\u00f3n que cuida a la sociedad en todas las etapas de la vida, que educa en salud, que previene la enfermedad con la promoci\u00f3n de h\u00e1bitos de vida saludable, que cura, que vacuna, que realiza t\u00e9cnicas complejas, que investiga, que prescribe, que gestiona\u2026\u201d.<\/p>\n<p>Para elegir a los 88 candidatos, desde el CGE se pidi\u00f3 la colaboraci\u00f3n de los 52 colegios provinciales de Enfermer\u00eda de toda Espa\u00f1a, como ya sucediera en la primera edici\u00f3n, quienes ya remitieron sus propuestas para cada una de las categor\u00edas hasta conformar el listado final.<\/p>\n<h2>CATEGOR\u00cdAS DE LOS PREMIOS<\/h2>\n<p>Por categor\u00edas, la que acumula un mayor n\u00famero de propuestas fue la de investigaci\u00f3n, con 20 candidatos, seguida de la de trayectoria profesional, con 19 aspirantes. <strong>Los \u00e1mbitos asistencial y gesti\u00f3n registran 16 y 15 propuestas, respectivamente.<\/strong><\/p>\n<p>La categor\u00eda destinada a las personas ajenas a la profesi\u00f3n es la que tiene menos propuestas, con un total de cinco, mientras la categor\u00eda de docencia cuenta con 13 candidatos.<\/p>\n<p>Un total de 22 colegios provinciales presentaron sus propuestas. De ellos, los colegios de C\u00f3rdoba (16), Madrid (9), Navarra (8) y Salamanca (8) fueron los que m\u00e1s propuestas remitieron al CGE.<\/p>\n<p>En general cada colegio estableci\u00f3 su propio procedimiento para elegir sus opciones, en algunos casos fue la Junta de Gobierno la encargada de realizar la selecci\u00f3n, en otros como en el caso de Madrid o Zaragoza, ofrecieron a todos sus colegiados la posibilidad de presentar candidaturas.<\/p>\n<h2>JURADO DE LOS PREMIOS<\/h2>\n<p>Adem\u00e1s, en el caso de Navarra, este colegio conform\u00f3 un jurado, integrado por los cinco finalistas de la regi\u00f3n de la primera edici\u00f3n -dos de ellas resultaron ganadoras de esta distinci\u00f3n- para elegir a los aspirantes que finalmente presentaron de entre los colegiados navarros que se postularon para los premios.<\/p>\n<p>Una vez conformada la selecci\u00f3n inicial con todos los candidatos propuestos, un jurado formado por representantes del Consejo General de Enfermer\u00eda, la Asociaci\u00f3n Nacional de Directivos de Enfermer\u00eda (ANDE), la Uni\u00f3n Espa\u00f1ola de Sociedades Cient\u00edficas de Enfermer\u00eda (Uesce) y una representante de la Conferencia Nacional de Decanos de Enfermer\u00eda ser\u00e1n los encargados de seleccionar a los cinco finalistas de cada categor\u00eda.<\/p>\n<p>Sin embargo, la elecci\u00f3n final de los ganadores de los II Premios Nacionales de Enfermer\u00eda del CGE ser\u00e1 mixta: 50% la votaci\u00f3n del jurado y 50% a trav\u00e9s de una votaci\u00f3n popular online que se abrir\u00e1 el pr\u00f3ximo mes de septiembre y en la que s\u00f3lo podr\u00e1n votar enfermeros colegiados en Espa\u00f1a. Posteriormente, los premiados se conocer\u00e1n en un acto p\u00fablico que tendr\u00e1 lugar a finales del mes de octubre.<\/p>\n<p>(<a href=\"https:\/\/www.servimedia.es\/\" target=\"_blank\" rel=\"noopener\"><span style=\"color: #ff6600;\"><strong>SERVIMEDIA<\/strong><\/span><\/a>)<\/p>\n","protected":false},"excerpt":{"rendered":"<p>La II edici\u00f3n de los Premios Nacionales de Enfermer\u00eda del Consejo General de Enfermer\u00eda (CGE) ya est\u00e1 en marcha con 88 candidaturas propuestas por los 52 colegios provinciales de toda Espa\u00f1a para las seis categor\u00edas de que constan estos galardones. Seg\u00fan inform\u00f3 el CGE, estos premios distinguen la labor de las enfermeras espa\u00f1olas, as\u00ed como<\/p>\n","protected":false},"author":1,"featured_media":182423,"comment_status":"closed","ping_status":"closed","sticky":false,"template":"","format":"standard","meta":{"footnotes":""},"categories":[372],"tags":[378],"class_list":{"0":"post-182422","1":"post","2":"type-post","3":"status-publish","4":"format-standard","5":"has-post-thumbnail","7":"category-salud","8":"tag-salud"},"aioseo_notices":[],"aioseo_head":"\n\t\t<!-- All in One SEO Pro 4.9.6.2 - aioseo.com -->\n\t<meta name=\"description\" content=\"La II edici\u00f3n de los Premios Nacionales de Enfermer\u00eda del Consejo General de Enfermer\u00eda (CGE) ya est\u00e1 en marcha con 88 candidaturas propuestas por los 52\" \/>\n\t<meta name=\"robots\" content=\"max-image-preview:large\" \/>\n\t<meta name=\"author\" content=\"Cand\u00e1s 365\"\/>\n\t<meta name=\"google-site-verification\" content=\"UA-32230408-1\" \/>\n\t<meta name=\"msvalidate.01\" content=\"354F3CDFB2DA171B47FBE9ABF1F88D5\" \/>\n\t<meta name=\"keywords\" content=\"salud\" \/>\n\t<link rel=\"canonical\" href=\"https:\/\/candas365.es\/noticias\/nueva-edicion-de-los-premios-nacionales-de-enfermeria-del-cge\/\" \/>\n\t<meta name=\"generator\" content=\"All in One SEO Pro (AIOSEO) 4.9.6.2\" \/>\n\t\t<meta property=\"og:locale\" content=\"es_ES\" \/>\n\t\t<meta property=\"og:site_name\" content=\"Cand\u00e1s 365\" \/>\n\t\t<meta property=\"og:type\" content=\"article\" \/>\n\t\t<meta property=\"og:title\" content=\"Nueva edici\u00f3n de los Premios Nacionales de Enfermer\u00eda del CGE | Cand\u00e1s 365\" \/>\n\t\t<meta property=\"og:description\" content=\"La II edici\u00f3n de los Premios Nacionales de Enfermer\u00eda del Consejo General de Enfermer\u00eda (CGE) ya est\u00e1 en marcha con 88 candidaturas propuestas por los 52\" \/>\n\t\t<meta property=\"og:url\" content=\"https:\/\/candas365.es\/noticias\/nueva-edicion-de-los-premios-nacionales-de-enfermeria-del-cge\/\" \/>\n\t\t<meta property=\"og:image\" content=\"https:\/\/candas365.es\/noticias\/wp-content\/uploads\/2024\/07\/Premios-Nacionales-de-Enfermeria.jpg\" \/>\n\t\t<meta property=\"og:image:secure_url\" content=\"https:\/\/candas365.es\/noticias\/wp-content\/uploads\/2024\/07\/Premios-Nacionales-de-Enfermeria.jpg\" \/>\n\t\t<meta property=\"og:image:width\" content=\"1052\" \/>\n\t\t<meta property=\"og:image:height\" content=\"667\" \/>\n\t\t<meta property=\"article:published_time\" content=\"2024-07-28T13:57:31+00:00\" \/>\n\t\t<meta property=\"article:modified_time\" content=\"2024-07-28T13:57:31+00:00\" \/>\n\t\t<meta property=\"article:publisher\" content=\"https:\/\/www.facebook.com\/Nachofdezber\" \/>\n\t\t<meta property=\"article:author\" content=\"https:\/\/www.facebook.com\/carrenoactualidad\" \/>\n\t\t<meta name=\"twitter:card\" content=\"summary_large_image\" \/>\n\t\t<meta name=\"twitter:site\" content=\"@NabercoDigital\" \/>\n\t\t<meta name=\"twitter:title\" content=\"Nueva edici\u00f3n de los Premios Nacionales de Enfermer\u00eda del CGE | Cand\u00e1s 365\" \/>\n\t\t<meta name=\"twitter:description\" content=\"La II edici\u00f3n de los Premios Nacionales de Enfermer\u00eda del Consejo General de Enfermer\u00eda (CGE) ya est\u00e1 en marcha con 88 candidaturas propuestas por los 52\" \/>\n\t\t<meta name=\"twitter:creator\" content=\"@nbasturias\" \/>\n\t\t<meta name=\"twitter:image\" content=\"https:\/\/candas365.es\/noticias\/wp-content\/uploads\/2024\/07\/Premios-Nacionales-de-Enfermeria.jpg\" \/>\n\t\t<meta name=\"twitter:label1\" content=\"Escrito por\" \/>\n\t\t<meta name=\"twitter:data1\" content=\"Cand\u00e1s 365\" \/>\n\t\t<meta name=\"twitter:label2\" content=\"Tiempo de lectura estimado\" \/>\n\t\t<meta name=\"twitter:data2\" content=\"3 minutos\" \/>\n\t\t<script type=\"application\/ld+json\" class=\"aioseo-schema\">\n\t\t\t{\"@context\":\"https:\\\/\\\/schema.org\",\"@graph\":[{\"@type\":\"BreadcrumbList\",\"@id\":\"https:\\\/\\\/candas365.es\\\/noticias\\\/nueva-edicion-de-los-premios-nacionales-de-enfermeria-del-cge\\\/#breadcrumblist\",\"itemListElement\":[{\"@type\":\"ListItem\",\"@id\":\"https:\\\/\\\/candas365.es\\\/noticias#listItem\",\"position\":1,\"name\":\"Home\",\"item\":\"https:\\\/\\\/candas365.es\\\/noticias\",\"nextItem\":{\"@type\":\"ListItem\",\"@id\":\"https:\\\/\\\/candas365.es\\\/noticias\\\/category\\\/salud\\\/#listItem\",\"name\":\"Salud\"}},{\"@type\":\"ListItem\",\"@id\":\"https:\\\/\\\/candas365.es\\\/noticias\\\/category\\\/salud\\\/#listItem\",\"position\":2,\"name\":\"Salud\",\"item\":\"https:\\\/\\\/candas365.es\\\/noticias\\\/category\\\/salud\\\/\",\"nextItem\":{\"@type\":\"ListItem\",\"@id\":\"https:\\\/\\\/candas365.es\\\/noticias\\\/nueva-edicion-de-los-premios-nacionales-de-enfermeria-del-cge\\\/#listItem\",\"name\":\"Nueva edici\\u00f3n de los Premios Nacionales de Enfermer\\u00eda del CGE\"},\"previousItem\":{\"@type\":\"ListItem\",\"@id\":\"https:\\\/\\\/candas365.es\\\/noticias#listItem\",\"name\":\"Home\"}},{\"@type\":\"ListItem\",\"@id\":\"https:\\\/\\\/candas365.es\\\/noticias\\\/nueva-edicion-de-los-premios-nacionales-de-enfermeria-del-cge\\\/#listItem\",\"position\":3,\"name\":\"Nueva edici\\u00f3n de los Premios Nacionales de Enfermer\\u00eda del CGE\",\"previousItem\":{\"@type\":\"ListItem\",\"@id\":\"https:\\\/\\\/candas365.es\\\/noticias\\\/category\\\/salud\\\/#listItem\",\"name\":\"Salud\"}}]},{\"@type\":\"NewsArticle\",\"@id\":\"https:\\\/\\\/candas365.es\\\/noticias\\\/nueva-edicion-de-los-premios-nacionales-de-enfermeria-del-cge\\\/#newsarticle\",\"name\":\"Nueva edici\\u00f3n de los Premios Nacionales de Enfermer\\u00eda del CGE | Cand\\u00e1s 365\",\"headline\":\"Nueva edici\\u00f3n de los Premios Nacionales de Enfermer\\u00eda del CGE\",\"author\":{\"@id\":\"https:\\\/\\\/candas365.es\\\/noticias\\\/author\\\/admin\\\/#author\"},\"publisher\":{\"@id\":\"https:\\\/\\\/candas365.es\\\/noticias\\\/#organization\"},\"image\":{\"@type\":\"ImageObject\",\"url\":\"https:\\\/\\\/candas365.es\\\/noticias\\\/wp-content\\\/uploads\\\/2024\\\/07\\\/Premios-Nacionales-de-Enfermeria.jpg\",\"width\":1052,\"height\":667,\"caption\":\"Figura de los Premios Nacionales de Enfermer\\u00eda | Foto de CGE\"},\"datePublished\":\"2024-07-28T15:57:31+02:00\",\"dateModified\":\"2024-07-28T15:57:31+02:00\",\"inLanguage\":\"es-ES\",\"mainEntityOfPage\":{\"@id\":\"https:\\\/\\\/candas365.es\\\/noticias\\\/nueva-edicion-de-los-premios-nacionales-de-enfermeria-del-cge\\\/#webpage\"},\"isPartOf\":{\"@id\":\"https:\\\/\\\/candas365.es\\\/noticias\\\/nueva-edicion-de-los-premios-nacionales-de-enfermeria-del-cge\\\/#webpage\"},\"articleSection\":\"Salud, Salud\",\"dateline\":\"Publicado el julio 28, 2024.\"},{\"@type\":\"Organization\",\"@id\":\"https:\\\/\\\/candas365.es\\\/noticias\\\/#organization\",\"name\":\"Cand\\u00e1s 365\",\"description\":\"Cand\\u00e1s 365 es un diario digital independiente, fundado en 2012, con base en Asturias. Informamos con rigor sobre actualidad, sociedad, cultura y ocio, con una mirada local y global.\",\"url\":\"https:\\\/\\\/candas365.es\\\/noticias\\\/\",\"email\":\"info@candas365.es\",\"telephone\":\"+34652131393\",\"foundingDate\":\"2012-06-10\",\"logo\":{\"@type\":\"ImageObject\",\"url\":\"https:\\\/\\\/candas365.es\\\/noticias\\\/wp-content\\\/uploads\\\/2024\\\/09\\\/Candas-365-Redes.jpg\",\"@id\":\"https:\\\/\\\/candas365.es\\\/noticias\\\/nueva-edicion-de-los-premios-nacionales-de-enfermeria-del-cge\\\/#organizationLogo\",\"width\":1152,\"height\":864,\"caption\":\"Cand\\u00e1s 365 Redes\"},\"image\":{\"@id\":\"https:\\\/\\\/candas365.es\\\/noticias\\\/nueva-edicion-de-los-premios-nacionales-de-enfermeria-del-cge\\\/#organizationLogo\"},\"sameAs\":[\"https:\\\/\\\/www.facebook.com\\\/Nachofdezber\",\"https:\\\/\\\/x.com\\\/NabercoDigital\",\"https:\\\/\\\/www.instagram.com\\\/nachofdezber\\\/\",\"https:\\\/\\\/www.youtube.com\\\/channel\\\/UCZP-2wLEB9Rv6erhFmqVnvg\"],\"address\":{\"@id\":\"https:\\\/\\\/candas365.es\\\/noticias\\\/#postaladdress\",\"@type\":\"PostalAddress\",\"streetAddress\":\"san antonio 4, san antonio 4\",\"postalCode\":\"33430\",\"addressLocality\":\"Cand\\u00e1s\",\"addressRegion\":\"Asturias\",\"addressCountry\":\"ES\"}},{\"@type\":\"Person\",\"@id\":\"https:\\\/\\\/candas365.es\\\/noticias\\\/author\\\/admin\\\/#author\",\"url\":\"https:\\\/\\\/candas365.es\\\/noticias\\\/author\\\/admin\\\/\",\"name\":\"Cand\\u00e1s 365\",\"image\":{\"@type\":\"ImageObject\",\"@id\":\"https:\\\/\\\/candas365.es\\\/noticias\\\/nueva-edicion-de-los-premios-nacionales-de-enfermeria-del-cge\\\/#authorImage\",\"url\":\"https:\\\/\\\/secure.gravatar.com\\\/avatar\\\/496a8e03d0c493ede1718b7934145dbdf8d89be1036b0eec9544e1094c9de390?s=96&d=mm&r=g\",\"width\":96,\"height\":96,\"caption\":\"Cand\\u00e1s 365\"},\"sameAs\":[\"https:\\\/\\\/www.facebook.com\\\/carrenoactualidad\",\"https:\\\/\\\/twitter.com\\\/nbasturias\",\"https:\\\/\\\/www.instagram.com\\\/nachofdezber\\\/\",\"https:\\\/\\\/www.youtube.com\\\/channel\\\/UCZP-2wLEB9Rv6erhFmqVnvg\"]},{\"@type\":\"WebPage\",\"@id\":\"https:\\\/\\\/candas365.es\\\/noticias\\\/nueva-edicion-de-los-premios-nacionales-de-enfermeria-del-cge\\\/#webpage\",\"url\":\"https:\\\/\\\/candas365.es\\\/noticias\\\/nueva-edicion-de-los-premios-nacionales-de-enfermeria-del-cge\\\/\",\"name\":\"Nueva edici\\u00f3n de los Premios Nacionales de Enfermer\\u00eda del CGE | Cand\\u00e1s 365\",\"description\":\"La II edici\\u00f3n de los Premios Nacionales de Enfermer\\u00eda del Consejo General de Enfermer\\u00eda (CGE) ya est\\u00e1 en marcha con 88 candidaturas propuestas por los 52\",\"inLanguage\":\"es-ES\",\"isPartOf\":{\"@id\":\"https:\\\/\\\/candas365.es\\\/noticias\\\/#website\"},\"breadcrumb\":{\"@id\":\"https:\\\/\\\/candas365.es\\\/noticias\\\/nueva-edicion-de-los-premios-nacionales-de-enfermeria-del-cge\\\/#breadcrumblist\"},\"author\":{\"@id\":\"https:\\\/\\\/candas365.es\\\/noticias\\\/author\\\/admin\\\/#author\"},\"creator\":{\"@id\":\"https:\\\/\\\/candas365.es\\\/noticias\\\/author\\\/admin\\\/#author\"},\"image\":{\"@type\":\"ImageObject\",\"url\":\"https:\\\/\\\/candas365.es\\\/noticias\\\/wp-content\\\/uploads\\\/2024\\\/07\\\/Premios-Nacionales-de-Enfermeria.jpg\",\"@id\":\"https:\\\/\\\/candas365.es\\\/noticias\\\/nueva-edicion-de-los-premios-nacionales-de-enfermeria-del-cge\\\/#mainImage\",\"width\":1052,\"height\":667,\"caption\":\"Figura de los Premios Nacionales de Enfermer\\u00eda | Foto de CGE\"},\"primaryImageOfPage\":{\"@id\":\"https:\\\/\\\/candas365.es\\\/noticias\\\/nueva-edicion-de-los-premios-nacionales-de-enfermeria-del-cge\\\/#mainImage\"},\"datePublished\":\"2024-07-28T15:57:31+02:00\",\"dateModified\":\"2024-07-28T15:57:31+02:00\"},{\"@type\":\"WebSite\",\"@id\":\"https:\\\/\\\/candas365.es\\\/noticias\\\/#website\",\"url\":\"https:\\\/\\\/candas365.es\\\/noticias\\\/\",\"name\":\"Cand\\u00e1s 365\",\"alternateName\":\"Cand\\u00e1s 365 Noticias\",\"description\":\"Actualidad desde Carre\\u00f1o para el mundo\",\"inLanguage\":\"es-ES\",\"publisher\":{\"@id\":\"https:\\\/\\\/candas365.es\\\/noticias\\\/#organization\"}}]}\n\t\t<\/script>\n\t\t<!-- All in One SEO Pro -->\r\n\t\t<title>Nueva edici\u00f3n de los Premios Nacionales de Enfermer\u00eda del CGE | Cand\u00e1s 365<\/title>\n\n","aioseo_head_json":{"title":"Nueva edici\u00f3n de los Premios Nacionales de Enfermer\u00eda del CGE | Cand\u00e1s 365","description":"La II edici\u00f3n de los Premios Nacionales de Enfermer\u00eda del Consejo General de Enfermer\u00eda (CGE) ya est\u00e1 en marcha con 88 candidaturas propuestas por los 52","canonical_url":"https:\/\/candas365.es\/noticias\/nueva-edicion-de-los-premios-nacionales-de-enfermeria-del-cge\/","robots":"max-image-preview:large","keywords":"salud","webmasterTools":{"google-site-verification":"UA-32230408-1","msvalidate.01":"354F3CDFB2DA171B47FBE9ABF1F88D5","miscellaneous":""},"schema":{"@context":"https:\/\/schema.org","@graph":[{"@type":"BreadcrumbList","@id":"https:\/\/candas365.es\/noticias\/nueva-edicion-de-los-premios-nacionales-de-enfermeria-del-cge\/#breadcrumblist","itemListElement":[{"@type":"ListItem","@id":"https:\/\/candas365.es\/noticias#listItem","position":1,"name":"Home","item":"https:\/\/candas365.es\/noticias","nextItem":{"@type":"ListItem","@id":"https:\/\/candas365.es\/noticias\/category\/salud\/#listItem","name":"Salud"}},{"@type":"ListItem","@id":"https:\/\/candas365.es\/noticias\/category\/salud\/#listItem","position":2,"name":"Salud","item":"https:\/\/candas365.es\/noticias\/category\/salud\/","nextItem":{"@type":"ListItem","@id":"https:\/\/candas365.es\/noticias\/nueva-edicion-de-los-premios-nacionales-de-enfermeria-del-cge\/#listItem","name":"Nueva edici\u00f3n de los Premios Nacionales de Enfermer\u00eda del CGE"},"previousItem":{"@type":"ListItem","@id":"https:\/\/candas365.es\/noticias#listItem","name":"Home"}},{"@type":"ListItem","@id":"https:\/\/candas365.es\/noticias\/nueva-edicion-de-los-premios-nacionales-de-enfermeria-del-cge\/#listItem","position":3,"name":"Nueva edici\u00f3n de los Premios Nacionales de Enfermer\u00eda del CGE","previousItem":{"@type":"ListItem","@id":"https:\/\/candas365.es\/noticias\/category\/salud\/#listItem","name":"Salud"}}]},{"@type":"NewsArticle","@id":"https:\/\/candas365.es\/noticias\/nueva-edicion-de-los-premios-nacionales-de-enfermeria-del-cge\/#newsarticle","name":"Nueva edici\u00f3n de los Premios Nacionales de Enfermer\u00eda del CGE | Cand\u00e1s 365","headline":"Nueva edici\u00f3n de los Premios Nacionales de Enfermer\u00eda del CGE","author":{"@id":"https:\/\/candas365.es\/noticias\/author\/admin\/#author"},"publisher":{"@id":"https:\/\/candas365.es\/noticias\/#organization"},"image":{"@type":"ImageObject","url":"https:\/\/candas365.es\/noticias\/wp-content\/uploads\/2024\/07\/Premios-Nacionales-de-Enfermeria.jpg","width":1052,"height":667,"caption":"Figura de los Premios Nacionales de Enfermer\u00eda | Foto de CGE"},"datePublished":"2024-07-28T15:57:31+02:00","dateModified":"2024-07-28T15:57:31+02:00","inLanguage":"es-ES","mainEntityOfPage":{"@id":"https:\/\/candas365.es\/noticias\/nueva-edicion-de-los-premios-nacionales-de-enfermeria-del-cge\/#webpage"},"isPartOf":{"@id":"https:\/\/candas365.es\/noticias\/nueva-edicion-de-los-premios-nacionales-de-enfermeria-del-cge\/#webpage"},"articleSection":"Salud, Salud","dateline":"Publicado el julio 28, 2024."},{"@type":"Organization","@id":"https:\/\/candas365.es\/noticias\/#organization","name":"Cand\u00e1s 365","description":"Cand\u00e1s 365 es un diario digital independiente, fundado en 2012, con base en Asturias. Informamos con rigor sobre actualidad, sociedad, cultura y ocio, con una mirada local y global.","url":"https:\/\/candas365.es\/noticias\/","email":"info@candas365.es","telephone":"+34652131393","foundingDate":"2012-06-10","logo":{"@type":"ImageObject","url":"https:\/\/candas365.es\/noticias\/wp-content\/uploads\/2024\/09\/Candas-365-Redes.jpg","@id":"https:\/\/candas365.es\/noticias\/nueva-edicion-de-los-premios-nacionales-de-enfermeria-del-cge\/#organizationLogo","width":1152,"height":864,"caption":"Cand\u00e1s 365 Redes"},"image":{"@id":"https:\/\/candas365.es\/noticias\/nueva-edicion-de-los-premios-nacionales-de-enfermeria-del-cge\/#organizationLogo"},"sameAs":["https:\/\/www.facebook.com\/Nachofdezber","https:\/\/x.com\/NabercoDigital","https:\/\/www.instagram.com\/nachofdezber\/","https:\/\/www.youtube.com\/channel\/UCZP-2wLEB9Rv6erhFmqVnvg"],"address":{"@id":"https:\/\/candas365.es\/noticias\/#postaladdress","@type":"PostalAddress","streetAddress":"san antonio 4, san antonio 4","postalCode":"33430","addressLocality":"Cand\u00e1s","addressRegion":"Asturias","addressCountry":"ES"}},{"@type":"Person","@id":"https:\/\/candas365.es\/noticias\/author\/admin\/#author","url":"https:\/\/candas365.es\/noticias\/author\/admin\/","name":"Cand\u00e1s 365","image":{"@type":"ImageObject","@id":"https:\/\/candas365.es\/noticias\/nueva-edicion-de-los-premios-nacionales-de-enfermeria-del-cge\/#authorImage","url":"https:\/\/secure.gravatar.com\/avatar\/496a8e03d0c493ede1718b7934145dbdf8d89be1036b0eec9544e1094c9de390?s=96&d=mm&r=g","width":96,"height":96,"caption":"Cand\u00e1s 365"},"sameAs":["https:\/\/www.facebook.com\/carrenoactualidad","https:\/\/twitter.com\/nbasturias","https:\/\/www.instagram.com\/nachofdezber\/","https:\/\/www.youtube.com\/channel\/UCZP-2wLEB9Rv6erhFmqVnvg"]},{"@type":"WebPage","@id":"https:\/\/candas365.es\/noticias\/nueva-edicion-de-los-premios-nacionales-de-enfermeria-del-cge\/#webpage","url":"https:\/\/candas365.es\/noticias\/nueva-edicion-de-los-premios-nacionales-de-enfermeria-del-cge\/","name":"Nueva edici\u00f3n de los Premios Nacionales de Enfermer\u00eda del CGE | Cand\u00e1s 365","description":"La II edici\u00f3n de los Premios Nacionales de Enfermer\u00eda del Consejo General de Enfermer\u00eda (CGE) ya est\u00e1 en marcha con 88 candidaturas propuestas por los 52","inLanguage":"es-ES","isPartOf":{"@id":"https:\/\/candas365.es\/noticias\/#website"},"breadcrumb":{"@id":"https:\/\/candas365.es\/noticias\/nueva-edicion-de-los-premios-nacionales-de-enfermeria-del-cge\/#breadcrumblist"},"author":{"@id":"https:\/\/candas365.es\/noticias\/author\/admin\/#author"},"creator":{"@id":"https:\/\/candas365.es\/noticias\/author\/admin\/#author"},"image":{"@type":"ImageObject","url":"https:\/\/candas365.es\/noticias\/wp-content\/uploads\/2024\/07\/Premios-Nacionales-de-Enfermeria.jpg","@id":"https:\/\/candas365.es\/noticias\/nueva-edicion-de-los-premios-nacionales-de-enfermeria-del-cge\/#mainImage","width":1052,"height":667,"caption":"Figura de los Premios Nacionales de Enfermer\u00eda | Foto de CGE"},"primaryImageOfPage":{"@id":"https:\/\/candas365.es\/noticias\/nueva-edicion-de-los-premios-nacionales-de-enfermeria-del-cge\/#mainImage"},"datePublished":"2024-07-28T15:57:31+02:00","dateModified":"2024-07-28T15:57:31+02:00"},{"@type":"WebSite","@id":"https:\/\/candas365.es\/noticias\/#website","url":"https:\/\/candas365.es\/noticias\/","name":"Cand\u00e1s 365","alternateName":"Cand\u00e1s 365 Noticias","description":"Actualidad desde Carre\u00f1o para el mundo","inLanguage":"es-ES","publisher":{"@id":"https:\/\/candas365.es\/noticias\/#organization"}}]},"og:locale":"es_ES","og:site_name":"Cand\u00e1s 365","og:type":"article","og:title":"Nueva edici\u00f3n de los Premios Nacionales de Enfermer\u00eda del CGE | Cand\u00e1s 365","og:description":"La II edici\u00f3n de los Premios Nacionales de Enfermer\u00eda del Consejo General de Enfermer\u00eda (CGE) ya est\u00e1 en marcha con 88 candidaturas propuestas por los 52","og:url":"https:\/\/candas365.es\/noticias\/nueva-edicion-de-los-premios-nacionales-de-enfermeria-del-cge\/","og:image":"https:\/\/candas365.es\/noticias\/wp-content\/uploads\/2024\/07\/Premios-Nacionales-de-Enfermeria.jpg","og:image:secure_url":"https:\/\/candas365.es\/noticias\/wp-content\/uploads\/2024\/07\/Premios-Nacionales-de-Enfermeria.jpg","og:image:width":1052,"og:image:height":667,"article:published_time":"2024-07-28T13:57:31+00:00","article:modified_time":"2024-07-28T13:57:31+00:00","article:publisher":"https:\/\/www.facebook.com\/Nachofdezber","article:author":"https:\/\/www.facebook.com\/carrenoactualidad","twitter:card":"summary_large_image","twitter:site":"@NabercoDigital","twitter:title":"Nueva edici\u00f3n de los Premios Nacionales de Enfermer\u00eda del CGE | Cand\u00e1s 365","twitter:description":"La II edici\u00f3n de los Premios Nacionales de Enfermer\u00eda del Consejo General de Enfermer\u00eda (CGE) ya est\u00e1 en marcha con 88 candidaturas propuestas por los 52","twitter:creator":"@nbasturias","twitter:image":"https:\/\/candas365.es\/noticias\/wp-content\/uploads\/2024\/07\/Premios-Nacionales-de-Enfermeria.jpg","twitter:label1":"Escrito por","twitter:data1":"Cand\u00e1s 365","twitter:label2":"Tiempo de lectura estimado","twitter:data2":"3 minutos"},"aioseo_meta_data":{"post_id":"182422","title":null,"description":"La II edici\u00f3n de los Premios Nacionales de Enfermer\u00eda del Consejo General de Enfermer\u00eda (CGE) ya est\u00e1 en marcha con 88 candidaturas propuestas por los 52","keywords":null,"keyphrases":{"focus":{"keyphrase":"Enfermer\u00eda","score":85,"analysis":{"keyphraseInTitle":{"score":9,"maxScore":9,"error":0},"keyphraseInDescription":{"score":9,"maxScore":9,"error":0},"keyphraseLength":{"score":9,"maxScore":9,"error":0,"length":2},"keyphraseInURL":{"score":1,"maxScore":5,"error":1},"keyphraseInIntroduction":{"score":9,"maxScore":9,"error":0},"keyphraseInSubHeadings":{"score":3,"maxScore":9,"error":1},"keyphraseInImageAlt":{"score":9,"maxScore":9,"error":0},"keywordDensity":{"type":"best","score":9,"maxScore":9,"error":0}}},"additional":[{"keyphrase":"Premios","score":100,"analysis":{"keyphraseInDescription":{"score":9,"maxScore":9,"error":0},"keyphraseLength":{"score":9,"maxScore":9,"error":0,"length":1},"keyphraseInIntroduction":{"score":9,"maxScore":9,"error":0},"keyphraseInImageAlt":{"score":9,"maxScore":9,"error":0},"keywordDensity":{"type":"best","score":9,"maxScore":9,"error":0}}}]},"primary_term":null,"canonical_url":null,"og_title":null,"og_description":null,"og_object_type":"default","og_image_type":"default","og_image_url":null,"og_image_width":null,"og_image_height":null,"og_image_custom_url":null,"og_image_custom_fields":null,"og_video":"","og_custom_url":null,"og_article_section":null,"og_article_tags":null,"twitter_use_og":false,"twitter_card":"default","twitter_image_type":"default","twitter_image_url":null,"twitter_image_custom_url":null,"twitter_image_custom_fields":null,"twitter_title":null,"twitter_description":null,"schema":{"blockGraphs":[],"customGraphs":[],"default":{"data":{"Article":[],"Course":[],"Dataset":[],"FAQPage":[],"Movie":[],"Person":[],"Product":[],"ProductReview":[],"Car":[],"Recipe":[],"Service":[],"SoftwareApplication":[],"WebPage":[]},"graphName":"Article","isEnabled":true},"graphs":[]},"schema_type":"default","schema_type_options":null,"pillar_content":false,"robots_default":true,"robots_noindex":false,"robots_noarchive":false,"robots_nosnippet":false,"robots_nofollow":false,"robots_noimageindex":false,"robots_noodp":false,"robots_notranslate":false,"robots_max_snippet":"-1","robots_max_videopreview":"-1","robots_max_imagepreview":"large","priority":null,"frequency":"default","location":null,"local_seo":null,"seo_analyzer_scan_date":"2025-09-02 12:54:18","breadcrumb_settings":null,"limit_modified_date":false,"reviewed_by":null,"open_ai":"{\"title\":{\"suggestions\":[],\"usage\":0},\"description\":{\"suggestions\":[],\"usage\":0}}","ai":null,"created":"2024-07-28 13:49:44","updated":"2025-09-02 12:54:18"},"aioseo_breadcrumb":"<div class=\"aioseo-breadcrumbs\"><span class=\"aioseo-breadcrumb\">\n\t<a href=\"https:\/\/candas365.es\/noticias\" title=\"Home\">Home<\/a>\n<\/span><span class=\"aioseo-breadcrumb-separator\">&ndash;<\/span><span class=\"aioseo-breadcrumb\">\n\t<a href=\"https:\/\/candas365.es\/noticias\/category\/salud\/\" title=\"Salud\">Salud<\/a>\n<\/span><span class=\"aioseo-breadcrumb-separator\">&ndash;<\/span><span class=\"aioseo-breadcrumb\">\n\tNueva edici\u00f3n de los Premios Nacionales de Enfermer\u00eda del CGE\n<\/span><\/div>","aioseo_breadcrumb_json":[{"label":"Home","link":"https:\/\/candas365.es\/noticias"},{"label":"Salud","link":"https:\/\/candas365.es\/noticias\/category\/salud\/"},{"label":"Nueva edici\u00f3n de los Premios Nacionales de Enfermer\u00eda del CGE","link":"https:\/\/candas365.es\/noticias\/nueva-edicion-de-los-premios-nacionales-de-enfermeria-del-cge\/"}],"_links":{"self":[{"href":"https:\/\/candas365.es\/noticias\/wp-json\/wp\/v2\/posts\/182422","targetHints":{"allow":["GET"]}}],"collection":[{"href":"https:\/\/candas365.es\/noticias\/wp-json\/wp\/v2\/posts"}],"about":[{"href":"https:\/\/candas365.es\/noticias\/wp-json\/wp\/v2\/types\/post"}],"author":[{"embeddable":true,"href":"https:\/\/candas365.es\/noticias\/wp-json\/wp\/v2\/users\/1"}],"replies":[{"embeddable":true,"href":"https:\/\/candas365.es\/noticias\/wp-json\/wp\/v2\/comments?post=182422"}],"version-history":[{"count":0,"href":"https:\/\/candas365.es\/noticias\/wp-json\/wp\/v2\/posts\/182422\/revisions"}],"wp:featuredmedia":[{"embeddable":true,"href":"https:\/\/candas365.es\/noticias\/wp-json\/wp\/v2\/media\/182423"}],"wp:attachment":[{"href":"https:\/\/candas365.es\/noticias\/wp-json\/wp\/v2\/media?parent=182422"}],"wp:term":[{"taxonomy":"category","embeddable":true,"href":"https:\/\/candas365.es\/noticias\/wp-json\/wp\/v2\/categories?post=182422"},{"taxonomy":"post_tag","embeddable":true,"href":"https:\/\/candas365.es\/noticias\/wp-json\/wp\/v2\/tags?post=182422"}],"curies":[{"name":"wp","href":"https:\/\/api.w.org\/{rel}","templated":true}]}}