{"id":182410,"date":"2024-07-26T22:35:41","date_gmt":"2024-07-26T20:35:41","guid":{"rendered":"https:\/\/candas365.es\/noticias\/?p=182410"},"modified":"2024-07-26T22:35:41","modified_gmt":"2024-07-26T20:35:41","slug":"corvera-abrira-su-parque-acuatico-el-1-de-agosto-2024","status":"publish","type":"post","link":"https:\/\/candas365.es\/noticias\/corvera-abrira-su-parque-acuatico-el-1-de-agosto-2024\/","title":{"rendered":"Corvera abrir\u00e1 su parque acu\u00e1tico el 1 de agosto 2024"},"content":{"rendered":"<p>El <span style=\"color: #ff6600;\"><a style=\"color: #ff6600;\" href=\"https:\/\/candas365.es\/noticias\/category\/agenda\/\"><strong>1 de agosto<\/strong><\/a><\/span> de 2024 abrir\u00e1 sus puertas el Parque Acu\u00e1tico de <strong><span style=\"color: #ff6600;\"><a style=\"color: #ff6600;\" title=\"Corvera\" href=\"https:\/\/www.corvera.es\/\" target=\"_blank\" rel=\"noopener\">Corvera<\/a><\/span><\/strong>, conocido como \u00abPACO\u00bb, que este a\u00f1o permanecer\u00e1 <strong>abierto al p\u00fablico hasta el 5 de septiembre de lunes a domingo, en horario de 11:30 a 20:15 horas.<\/strong><\/p>\n<p><img fetchpriority=\"high\" decoding=\"async\" class=\"aligncenter size-full wp-image-182411\" src=\"https:\/\/candas365.es\/noticias\/wp-content\/uploads\/2024\/07\/parque-acuatico.jpg\" alt=\"parque acu\u00e1tico\" width=\"640\" height=\"425\" srcset=\"https:\/\/candas365.es\/noticias\/wp-content\/uploads\/2024\/07\/parque-acuatico.jpg 640w, https:\/\/candas365.es\/noticias\/wp-content\/uploads\/2024\/07\/parque-acuatico-360x239.jpg 360w, https:\/\/candas365.es\/noticias\/wp-content\/uploads\/2024\/07\/parque-acuatico-150x100.jpg 150w, https:\/\/candas365.es\/noticias\/wp-content\/uploads\/2024\/07\/parque-acuatico-450x299.jpg 450w\" sizes=\"(max-width: 640px) 100vw, 640px\" \/><\/p>\n<p>El jueves 1 de agosto abrir\u00e1 sus puertas el Parque Acu\u00e1tico de Corvera PACO, que este a\u00f1o permanecer\u00e1 abierto al p\u00fablico hasta el 5 de septiembre de lunes a domingo, en horario de 11:30 a 20:15 horas.<strong> El Ayuntamiento de Corvera pone en servicio as\u00ed el tan esperado equipamiento l\u00fadico en el que se han invertido 1,3 millones de euros.<\/strong><\/p>\n<p><strong>El PACO, con acceso desde el final de la calle Miguel \u00c1ngel Blanco de Las Vegas, ocupa una superficie de 4.228 m2<\/strong>. El equipamiento incluye zonas verdes de descanso, merendero, sol\u00e1rium, terraza con servicio de restauraci\u00f3n y el \u00e1rea de piscinas con diferentes instalaciones acu\u00e1ticas. El parque abrir\u00e1 el jueves con un aforo para 519 personas, que tras la apertura de una zona verde que a\u00fan permanecer\u00e1 cerrada al p\u00fablico, se ampliar\u00e1 hasta 551.<\/p>\n<p>\u201cCuando naci\u00f3 el proyecto del PACO lo hac\u00edamos con la intenci\u00f3n de convertir una zona que estaba con equipamientos y espacios que nos encontramos totalmente en ruinas y abandonados, convertirla en una equipamiento diferente, singular, para ofrecer algo que los corveranos no ten\u00edan, pero lo hac\u00edamos con toda la humildad del mundo, no quer\u00edamos ser los primeros de Asturias en tener un parque acu\u00e1tico ni queremos compararnos con otros parques acu\u00e1ticos de otros sitios que sabemos que tienen m\u00e1s espacio disponible del que ten\u00edamos nosotros, que hemos utilizado el m\u00e1ximo disponible. Nuestra pretensi\u00f3n era doble: por un lado ofrecer un equipamiento de calidad y distinto a los corveranos y, por otro lado, ser capaces con ese equipamiento de atraer visitantes y turistas de Asturias a Corvera\u201d, se\u00f1al\u00f3 el alcalde de Corvera, Iv\u00e1n Fern\u00e1ndez.<\/p>\n<p><strong>El PACO dispone de cinco toboganes<\/strong>: tres pistas paralelas de 22 metros de longitud y una ca\u00edda de 5,6 metros; un tobog\u00e1n en espiral con la misma ca\u00edda y una longitud de 44 metros y otro tobog\u00e1n cerrado o tubo con 7,5 metros de ca\u00edda y 26 metros de longitud. Todos los toboganes finalizan en una piscina de 145 metros cuadrados anexa a otra de mayor calado destinada al ba\u00f1o. <strong>La altura m\u00ednima que deben tener las personas usuarias para la utilizaci\u00f3n de estos toboganes es de 1,20 metros, siendo obligatorio que los\/as menores de 10 a\u00f1os est\u00e9n acompa\u00f1ados\/as de una persona mayor de edad.<\/strong><\/p>\n<p>La zona de piscinas incluye adem\u00e1s un \u00e1rea para juegos acu\u00e1ticos infantiles de chorros de agua: uno con forma de delf\u00edn; otro con forma de pez; otros dos con forma de palmera \u2013una de ellas con un cubo de agua con forma de coco incorporado- y otro imitando una tabla de surf. Hay adem\u00e1s dos arcos acu\u00e1ticos de suelo con pulverizaci\u00f3n de agua y otros tres con chorros verticales. <strong>El \u00e1rea acu\u00e1tica infantil se completa con una torre con dos toboganes y tres juegos de agua con una altura total de 4,44 metros.<\/strong><\/p>\n<p>No hay venta anticipada de entradas individuales, \u00e9stas se ponen a la venta para cada jornada de forma on line a las 9:00 horas del mismo d\u00eda y presencialmente en taquilla a las 11:30 horas. Para adquirir bonos es imprescindible previamente darse de alta en el sistema de compra on line, lo que debe hacerse presencialmente en la taquilla del propio PACO o en el polideportivo Toso Mu\u00f1iz de Las Vegas (s\u00f3lo es necesario darse de alta la primera vez que se vayan a adquirir bonos). <strong>Una vez dada de alta la persona usuaria en el sistema, ya se pueden adquirir bonos tanto on line como en taquilla, pero las entradas de cada bono se deben canjear para cada jornada, sujetas a las mismas condiciones que las entradas individuales.<\/strong> Es posible canjear las entradas de los bonos de forma telem\u00e1tica. Cada bono dispone de un c\u00f3digo que el sistema de expedici\u00f3n solicitar\u00e1 en el momento de canjear la\/a entrada\/s del d\u00eda. Los bonos no son personales, por lo que un mismo bono puede ser canjeado por varias personas \u2013dentro de la misma categor\u00eda de entrada- incluso en un mismo d\u00eda. Se puede entrar y salir de las instalaciones en el d\u00eda cuantas veces se desee conservando la entrada.<\/p>\n<h2>Las normas del recinto<\/h2>\n<p>Las normas del recinto permiten la entrada de alimentos y bebidas del exterior, teniendo en cuenta no obstante que no est\u00e1 permitido introducir envases de vidrio u otros materiales susceptibles de rotura. El consumo de comida y bebida puede realizarse exclusivamente en las zonas habilitadas para tal fin. No se pueden reservar mesas y\/o sillas en las zonas habilitadas para comer. No est\u00e1 permitido fumar en todo el Parque, ni acceder con mesas, sillas y\/o hamacas. Si se permite la entrada de sombrillas pero s\u00f3lo se pueden utilizar en las mesas de las zonas habilitadas para el consumo de alimentos y bebidas. No est\u00e1 permitido el uso de colchonetas y flotadores en las piscinas, ni juegos de pelota en el recinto, ni correr en la zona de agua, entre otras normas generales.<\/p>\n","protected":false},"excerpt":{"rendered":"<p>El 1 de agosto de 2024 abrir\u00e1 sus puertas el Parque Acu\u00e1tico de Corvera, conocido como \u00abPACO\u00bb, que este a\u00f1o permanecer\u00e1 abierto al p\u00fablico hasta el 5 de septiembre de lunes a domingo, en horario de 11:30 a 20:15 horas. El jueves 1 de agosto abrir\u00e1 sus puertas el Parque Acu\u00e1tico de Corvera PACO, que<\/p>\n","protected":false},"author":1,"featured_media":182411,"comment_status":"closed","ping_status":"closed","sticky":false,"template":"","format":"standard","meta":{"footnotes":""},"categories":[1],"tags":[540,465],"class_list":{"0":"post-182410","1":"post","2":"type-post","3":"status-publish","4":"format-standard","5":"has-post-thumbnail","7":"category-agenda","8":"tag-corvera","9":"tag-ocio"},"aioseo_notices":[],"aioseo_head":"\n\t\t<!-- All in One SEO Pro 4.9.6.2 - aioseo.com -->\n\t<meta name=\"description\" content=\"El 1 de agosto de 2024 abrir\u00e1 sus puertas el Parque Acu\u00e1tico de Corvera, conocido como &quot;PACO&quot;, que este a\u00f1o permanecer\u00e1 abierto al p\u00fablico hasta el 5\" \/>\n\t<meta name=\"robots\" content=\"max-image-preview:large\" \/>\n\t<meta name=\"author\" content=\"Cand\u00e1s 365\"\/>\n\t<meta name=\"google-site-verification\" content=\"UA-32230408-1\" \/>\n\t<meta name=\"msvalidate.01\" content=\"354F3CDFB2DA171B47FBE9ABF1F88D5\" \/>\n\t<meta name=\"keywords\" content=\"agenda\" \/>\n\t<link rel=\"canonical\" href=\"https:\/\/candas365.es\/noticias\/corvera-abrira-su-parque-acuatico-el-1-de-agosto-2024\/\" \/>\n\t<meta name=\"generator\" content=\"All in One SEO Pro (AIOSEO) 4.9.6.2\" \/>\n\t\t<meta property=\"og:locale\" content=\"es_ES\" \/>\n\t\t<meta property=\"og:site_name\" content=\"Cand\u00e1s 365\" \/>\n\t\t<meta property=\"og:type\" content=\"article\" \/>\n\t\t<meta property=\"og:title\" content=\"Corvera abrir\u00e1 su parque acu\u00e1tico el 1 de agosto 2024 | Cand\u00e1s 365\" \/>\n\t\t<meta property=\"og:description\" content=\"El 1 de agosto de 2024 abrir\u00e1 sus puertas el Parque Acu\u00e1tico de Corvera, conocido como &quot;PACO&quot;, que este a\u00f1o permanecer\u00e1 abierto al p\u00fablico hasta el 5\" \/>\n\t\t<meta property=\"og:url\" content=\"https:\/\/candas365.es\/noticias\/corvera-abrira-su-parque-acuatico-el-1-de-agosto-2024\/\" \/>\n\t\t<meta property=\"og:image\" content=\"https:\/\/candas365.es\/noticias\/wp-content\/uploads\/2024\/07\/parque-acuatico.jpg\" \/>\n\t\t<meta property=\"og:image:secure_url\" content=\"https:\/\/candas365.es\/noticias\/wp-content\/uploads\/2024\/07\/parque-acuatico.jpg\" \/>\n\t\t<meta property=\"og:image:width\" content=\"640\" \/>\n\t\t<meta property=\"og:image:height\" content=\"425\" \/>\n\t\t<meta property=\"article:published_time\" content=\"2024-07-26T20:35:41+00:00\" \/>\n\t\t<meta property=\"article:modified_time\" content=\"2024-07-26T20:35:41+00:00\" \/>\n\t\t<meta property=\"article:publisher\" content=\"https:\/\/www.facebook.com\/Nachofdezber\" \/>\n\t\t<meta property=\"article:author\" content=\"https:\/\/www.facebook.com\/carrenoactualidad\" \/>\n\t\t<meta name=\"twitter:card\" content=\"summary_large_image\" \/>\n\t\t<meta name=\"twitter:site\" content=\"@NabercoDigital\" \/>\n\t\t<meta name=\"twitter:title\" content=\"Corvera abrir\u00e1 su parque acu\u00e1tico el 1 de agosto 2024 | Cand\u00e1s 365\" \/>\n\t\t<meta name=\"twitter:description\" content=\"El 1 de agosto de 2024 abrir\u00e1 sus puertas el Parque Acu\u00e1tico de Corvera, conocido como &quot;PACO&quot;, que este a\u00f1o permanecer\u00e1 abierto al p\u00fablico hasta el 5\" \/>\n\t\t<meta name=\"twitter:creator\" content=\"@nbasturias\" \/>\n\t\t<meta name=\"twitter:image\" content=\"https:\/\/candas365.es\/noticias\/wp-content\/uploads\/2024\/07\/parque-acuatico.jpg\" \/>\n\t\t<meta name=\"twitter:label1\" content=\"Escrito por\" \/>\n\t\t<meta name=\"twitter:data1\" content=\"Cand\u00e1s 365\" \/>\n\t\t<meta name=\"twitter:label2\" content=\"Tiempo de lectura estimado\" \/>\n\t\t<meta name=\"twitter:data2\" content=\"4 minutos\" \/>\n\t\t<script type=\"application\/ld+json\" class=\"aioseo-schema\">\n\t\t\t{\"@context\":\"https:\\\/\\\/schema.org\",\"@graph\":[{\"@type\":\"BreadcrumbList\",\"@id\":\"https:\\\/\\\/candas365.es\\\/noticias\\\/corvera-abrira-su-parque-acuatico-el-1-de-agosto-2024\\\/#breadcrumblist\",\"itemListElement\":[{\"@type\":\"ListItem\",\"@id\":\"https:\\\/\\\/candas365.es\\\/noticias#listItem\",\"position\":1,\"name\":\"Home\",\"item\":\"https:\\\/\\\/candas365.es\\\/noticias\",\"nextItem\":{\"@type\":\"ListItem\",\"@id\":\"https:\\\/\\\/candas365.es\\\/noticias\\\/category\\\/agenda\\\/#listItem\",\"name\":\"Agenda\"}},{\"@type\":\"ListItem\",\"@id\":\"https:\\\/\\\/candas365.es\\\/noticias\\\/category\\\/agenda\\\/#listItem\",\"position\":2,\"name\":\"Agenda\",\"item\":\"https:\\\/\\\/candas365.es\\\/noticias\\\/category\\\/agenda\\\/\",\"nextItem\":{\"@type\":\"ListItem\",\"@id\":\"https:\\\/\\\/candas365.es\\\/noticias\\\/corvera-abrira-su-parque-acuatico-el-1-de-agosto-2024\\\/#listItem\",\"name\":\"Corvera abrir\\u00e1 su parque acu\\u00e1tico el 1 de agosto 2024\"},\"previousItem\":{\"@type\":\"ListItem\",\"@id\":\"https:\\\/\\\/candas365.es\\\/noticias#listItem\",\"name\":\"Home\"}},{\"@type\":\"ListItem\",\"@id\":\"https:\\\/\\\/candas365.es\\\/noticias\\\/corvera-abrira-su-parque-acuatico-el-1-de-agosto-2024\\\/#listItem\",\"position\":3,\"name\":\"Corvera abrir\\u00e1 su parque acu\\u00e1tico el 1 de agosto 2024\",\"previousItem\":{\"@type\":\"ListItem\",\"@id\":\"https:\\\/\\\/candas365.es\\\/noticias\\\/category\\\/agenda\\\/#listItem\",\"name\":\"Agenda\"}}]},{\"@type\":\"NewsArticle\",\"@id\":\"https:\\\/\\\/candas365.es\\\/noticias\\\/corvera-abrira-su-parque-acuatico-el-1-de-agosto-2024\\\/#newsarticle\",\"name\":\"Corvera abrir\\u00e1 su parque acu\\u00e1tico el 1 de agosto 2024 | Cand\\u00e1s 365\",\"headline\":\"Corvera abrir\\u00e1 su parque acu\\u00e1tico el 1 de agosto 2024\",\"author\":{\"@id\":\"https:\\\/\\\/candas365.es\\\/noticias\\\/author\\\/admin\\\/#author\"},\"publisher\":{\"@id\":\"https:\\\/\\\/candas365.es\\\/noticias\\\/#organization\"},\"image\":{\"@type\":\"ImageObject\",\"url\":\"https:\\\/\\\/candas365.es\\\/noticias\\\/wp-content\\\/uploads\\\/2024\\\/07\\\/parque-acuatico.jpg\",\"width\":640,\"height\":425,\"caption\":\"parque acu\\u00e1tico\"},\"datePublished\":\"2024-07-26T22:35:41+02:00\",\"dateModified\":\"2024-07-26T22:35:41+02:00\",\"inLanguage\":\"es-ES\",\"mainEntityOfPage\":{\"@id\":\"https:\\\/\\\/candas365.es\\\/noticias\\\/corvera-abrira-su-parque-acuatico-el-1-de-agosto-2024\\\/#webpage\"},\"isPartOf\":{\"@id\":\"https:\\\/\\\/candas365.es\\\/noticias\\\/corvera-abrira-su-parque-acuatico-el-1-de-agosto-2024\\\/#webpage\"},\"articleSection\":\"Agenda, Corvera, Ocio\",\"dateline\":\"Publicado el julio 26, 2024.\"},{\"@type\":\"Organization\",\"@id\":\"https:\\\/\\\/candas365.es\\\/noticias\\\/#organization\",\"name\":\"Cand\\u00e1s 365\",\"description\":\"Cand\\u00e1s 365 es un diario digital independiente, fundado en 2012, con base en Asturias. Informamos con rigor sobre actualidad, sociedad, cultura y ocio, con una mirada local y global.\",\"url\":\"https:\\\/\\\/candas365.es\\\/noticias\\\/\",\"email\":\"info@candas365.es\",\"telephone\":\"+34652131393\",\"foundingDate\":\"2012-06-10\",\"logo\":{\"@type\":\"ImageObject\",\"url\":\"https:\\\/\\\/candas365.es\\\/noticias\\\/wp-content\\\/uploads\\\/2024\\\/09\\\/Candas-365-Redes.jpg\",\"@id\":\"https:\\\/\\\/candas365.es\\\/noticias\\\/corvera-abrira-su-parque-acuatico-el-1-de-agosto-2024\\\/#organizationLogo\",\"width\":1152,\"height\":864,\"caption\":\"Cand\\u00e1s 365 Redes\"},\"image\":{\"@id\":\"https:\\\/\\\/candas365.es\\\/noticias\\\/corvera-abrira-su-parque-acuatico-el-1-de-agosto-2024\\\/#organizationLogo\"},\"sameAs\":[\"https:\\\/\\\/www.facebook.com\\\/Nachofdezber\",\"https:\\\/\\\/x.com\\\/NabercoDigital\",\"https:\\\/\\\/www.instagram.com\\\/nachofdezber\\\/\",\"https:\\\/\\\/www.youtube.com\\\/channel\\\/UCZP-2wLEB9Rv6erhFmqVnvg\"],\"address\":{\"@id\":\"https:\\\/\\\/candas365.es\\\/noticias\\\/#postaladdress\",\"@type\":\"PostalAddress\",\"streetAddress\":\"san antonio 4, san antonio 4\",\"postalCode\":\"33430\",\"addressLocality\":\"Cand\\u00e1s\",\"addressRegion\":\"Asturias\",\"addressCountry\":\"ES\"}},{\"@type\":\"Person\",\"@id\":\"https:\\\/\\\/candas365.es\\\/noticias\\\/author\\\/admin\\\/#author\",\"url\":\"https:\\\/\\\/candas365.es\\\/noticias\\\/author\\\/admin\\\/\",\"name\":\"Cand\\u00e1s 365\",\"image\":{\"@type\":\"ImageObject\",\"@id\":\"https:\\\/\\\/candas365.es\\\/noticias\\\/corvera-abrira-su-parque-acuatico-el-1-de-agosto-2024\\\/#authorImage\",\"url\":\"https:\\\/\\\/secure.gravatar.com\\\/avatar\\\/496a8e03d0c493ede1718b7934145dbdf8d89be1036b0eec9544e1094c9de390?s=96&d=mm&r=g\",\"width\":96,\"height\":96,\"caption\":\"Cand\\u00e1s 365\"},\"sameAs\":[\"https:\\\/\\\/www.facebook.com\\\/carrenoactualidad\",\"https:\\\/\\\/twitter.com\\\/nbasturias\",\"https:\\\/\\\/www.instagram.com\\\/nachofdezber\\\/\",\"https:\\\/\\\/www.youtube.com\\\/channel\\\/UCZP-2wLEB9Rv6erhFmqVnvg\"]},{\"@type\":\"WebPage\",\"@id\":\"https:\\\/\\\/candas365.es\\\/noticias\\\/corvera-abrira-su-parque-acuatico-el-1-de-agosto-2024\\\/#webpage\",\"url\":\"https:\\\/\\\/candas365.es\\\/noticias\\\/corvera-abrira-su-parque-acuatico-el-1-de-agosto-2024\\\/\",\"name\":\"Corvera abrir\\u00e1 su parque acu\\u00e1tico el 1 de agosto 2024 | Cand\\u00e1s 365\",\"description\":\"El 1 de agosto de 2024 abrir\\u00e1 sus puertas el Parque Acu\\u00e1tico de Corvera, conocido como \\\"PACO\\\", que este a\\u00f1o permanecer\\u00e1 abierto al p\\u00fablico hasta el 5\",\"inLanguage\":\"es-ES\",\"isPartOf\":{\"@id\":\"https:\\\/\\\/candas365.es\\\/noticias\\\/#website\"},\"breadcrumb\":{\"@id\":\"https:\\\/\\\/candas365.es\\\/noticias\\\/corvera-abrira-su-parque-acuatico-el-1-de-agosto-2024\\\/#breadcrumblist\"},\"author\":{\"@id\":\"https:\\\/\\\/candas365.es\\\/noticias\\\/author\\\/admin\\\/#author\"},\"creator\":{\"@id\":\"https:\\\/\\\/candas365.es\\\/noticias\\\/author\\\/admin\\\/#author\"},\"image\":{\"@type\":\"ImageObject\",\"url\":\"https:\\\/\\\/candas365.es\\\/noticias\\\/wp-content\\\/uploads\\\/2024\\\/07\\\/parque-acuatico.jpg\",\"@id\":\"https:\\\/\\\/candas365.es\\\/noticias\\\/corvera-abrira-su-parque-acuatico-el-1-de-agosto-2024\\\/#mainImage\",\"width\":640,\"height\":425,\"caption\":\"parque acu\\u00e1tico\"},\"primaryImageOfPage\":{\"@id\":\"https:\\\/\\\/candas365.es\\\/noticias\\\/corvera-abrira-su-parque-acuatico-el-1-de-agosto-2024\\\/#mainImage\"},\"datePublished\":\"2024-07-26T22:35:41+02:00\",\"dateModified\":\"2024-07-26T22:35:41+02:00\"},{\"@type\":\"WebSite\",\"@id\":\"https:\\\/\\\/candas365.es\\\/noticias\\\/#website\",\"url\":\"https:\\\/\\\/candas365.es\\\/noticias\\\/\",\"name\":\"Cand\\u00e1s 365\",\"alternateName\":\"Cand\\u00e1s 365 Noticias\",\"description\":\"Actualidad desde Carre\\u00f1o para el mundo\",\"inLanguage\":\"es-ES\",\"publisher\":{\"@id\":\"https:\\\/\\\/candas365.es\\\/noticias\\\/#organization\"}}]}\n\t\t<\/script>\n\t\t<!-- All in One SEO Pro -->\r\n\t\t<title>Corvera abrir\u00e1 su parque acu\u00e1tico el 1 de agosto 2024 | Cand\u00e1s 365<\/title>\n\n","aioseo_head_json":{"title":"Corvera abrir\u00e1 su parque acu\u00e1tico el 1 de agosto 2024 | Cand\u00e1s 365","description":"El 1 de agosto de 2024 abrir\u00e1 sus puertas el Parque Acu\u00e1tico de Corvera, conocido como \"PACO\", que este a\u00f1o permanecer\u00e1 abierto al p\u00fablico hasta el 5","canonical_url":"https:\/\/candas365.es\/noticias\/corvera-abrira-su-parque-acuatico-el-1-de-agosto-2024\/","robots":"max-image-preview:large","keywords":"agenda","webmasterTools":{"google-site-verification":"UA-32230408-1","msvalidate.01":"354F3CDFB2DA171B47FBE9ABF1F88D5","miscellaneous":""},"schema":{"@context":"https:\/\/schema.org","@graph":[{"@type":"BreadcrumbList","@id":"https:\/\/candas365.es\/noticias\/corvera-abrira-su-parque-acuatico-el-1-de-agosto-2024\/#breadcrumblist","itemListElement":[{"@type":"ListItem","@id":"https:\/\/candas365.es\/noticias#listItem","position":1,"name":"Home","item":"https:\/\/candas365.es\/noticias","nextItem":{"@type":"ListItem","@id":"https:\/\/candas365.es\/noticias\/category\/agenda\/#listItem","name":"Agenda"}},{"@type":"ListItem","@id":"https:\/\/candas365.es\/noticias\/category\/agenda\/#listItem","position":2,"name":"Agenda","item":"https:\/\/candas365.es\/noticias\/category\/agenda\/","nextItem":{"@type":"ListItem","@id":"https:\/\/candas365.es\/noticias\/corvera-abrira-su-parque-acuatico-el-1-de-agosto-2024\/#listItem","name":"Corvera abrir\u00e1 su parque acu\u00e1tico el 1 de agosto 2024"},"previousItem":{"@type":"ListItem","@id":"https:\/\/candas365.es\/noticias#listItem","name":"Home"}},{"@type":"ListItem","@id":"https:\/\/candas365.es\/noticias\/corvera-abrira-su-parque-acuatico-el-1-de-agosto-2024\/#listItem","position":3,"name":"Corvera abrir\u00e1 su parque acu\u00e1tico el 1 de agosto 2024","previousItem":{"@type":"ListItem","@id":"https:\/\/candas365.es\/noticias\/category\/agenda\/#listItem","name":"Agenda"}}]},{"@type":"NewsArticle","@id":"https:\/\/candas365.es\/noticias\/corvera-abrira-su-parque-acuatico-el-1-de-agosto-2024\/#newsarticle","name":"Corvera abrir\u00e1 su parque acu\u00e1tico el 1 de agosto 2024 | Cand\u00e1s 365","headline":"Corvera abrir\u00e1 su parque acu\u00e1tico el 1 de agosto 2024","author":{"@id":"https:\/\/candas365.es\/noticias\/author\/admin\/#author"},"publisher":{"@id":"https:\/\/candas365.es\/noticias\/#organization"},"image":{"@type":"ImageObject","url":"https:\/\/candas365.es\/noticias\/wp-content\/uploads\/2024\/07\/parque-acuatico.jpg","width":640,"height":425,"caption":"parque acu\u00e1tico"},"datePublished":"2024-07-26T22:35:41+02:00","dateModified":"2024-07-26T22:35:41+02:00","inLanguage":"es-ES","mainEntityOfPage":{"@id":"https:\/\/candas365.es\/noticias\/corvera-abrira-su-parque-acuatico-el-1-de-agosto-2024\/#webpage"},"isPartOf":{"@id":"https:\/\/candas365.es\/noticias\/corvera-abrira-su-parque-acuatico-el-1-de-agosto-2024\/#webpage"},"articleSection":"Agenda, Corvera, Ocio","dateline":"Publicado el julio 26, 2024."},{"@type":"Organization","@id":"https:\/\/candas365.es\/noticias\/#organization","name":"Cand\u00e1s 365","description":"Cand\u00e1s 365 es un diario digital independiente, fundado en 2012, con base en Asturias. Informamos con rigor sobre actualidad, sociedad, cultura y ocio, con una mirada local y global.","url":"https:\/\/candas365.es\/noticias\/","email":"info@candas365.es","telephone":"+34652131393","foundingDate":"2012-06-10","logo":{"@type":"ImageObject","url":"https:\/\/candas365.es\/noticias\/wp-content\/uploads\/2024\/09\/Candas-365-Redes.jpg","@id":"https:\/\/candas365.es\/noticias\/corvera-abrira-su-parque-acuatico-el-1-de-agosto-2024\/#organizationLogo","width":1152,"height":864,"caption":"Cand\u00e1s 365 Redes"},"image":{"@id":"https:\/\/candas365.es\/noticias\/corvera-abrira-su-parque-acuatico-el-1-de-agosto-2024\/#organizationLogo"},"sameAs":["https:\/\/www.facebook.com\/Nachofdezber","https:\/\/x.com\/NabercoDigital","https:\/\/www.instagram.com\/nachofdezber\/","https:\/\/www.youtube.com\/channel\/UCZP-2wLEB9Rv6erhFmqVnvg"],"address":{"@id":"https:\/\/candas365.es\/noticias\/#postaladdress","@type":"PostalAddress","streetAddress":"san antonio 4, san antonio 4","postalCode":"33430","addressLocality":"Cand\u00e1s","addressRegion":"Asturias","addressCountry":"ES"}},{"@type":"Person","@id":"https:\/\/candas365.es\/noticias\/author\/admin\/#author","url":"https:\/\/candas365.es\/noticias\/author\/admin\/","name":"Cand\u00e1s 365","image":{"@type":"ImageObject","@id":"https:\/\/candas365.es\/noticias\/corvera-abrira-su-parque-acuatico-el-1-de-agosto-2024\/#authorImage","url":"https:\/\/secure.gravatar.com\/avatar\/496a8e03d0c493ede1718b7934145dbdf8d89be1036b0eec9544e1094c9de390?s=96&d=mm&r=g","width":96,"height":96,"caption":"Cand\u00e1s 365"},"sameAs":["https:\/\/www.facebook.com\/carrenoactualidad","https:\/\/twitter.com\/nbasturias","https:\/\/www.instagram.com\/nachofdezber\/","https:\/\/www.youtube.com\/channel\/UCZP-2wLEB9Rv6erhFmqVnvg"]},{"@type":"WebPage","@id":"https:\/\/candas365.es\/noticias\/corvera-abrira-su-parque-acuatico-el-1-de-agosto-2024\/#webpage","url":"https:\/\/candas365.es\/noticias\/corvera-abrira-su-parque-acuatico-el-1-de-agosto-2024\/","name":"Corvera abrir\u00e1 su parque acu\u00e1tico el 1 de agosto 2024 | Cand\u00e1s 365","description":"El 1 de agosto de 2024 abrir\u00e1 sus puertas el Parque Acu\u00e1tico de Corvera, conocido como \"PACO\", que este a\u00f1o permanecer\u00e1 abierto al p\u00fablico hasta el 5","inLanguage":"es-ES","isPartOf":{"@id":"https:\/\/candas365.es\/noticias\/#website"},"breadcrumb":{"@id":"https:\/\/candas365.es\/noticias\/corvera-abrira-su-parque-acuatico-el-1-de-agosto-2024\/#breadcrumblist"},"author":{"@id":"https:\/\/candas365.es\/noticias\/author\/admin\/#author"},"creator":{"@id":"https:\/\/candas365.es\/noticias\/author\/admin\/#author"},"image":{"@type":"ImageObject","url":"https:\/\/candas365.es\/noticias\/wp-content\/uploads\/2024\/07\/parque-acuatico.jpg","@id":"https:\/\/candas365.es\/noticias\/corvera-abrira-su-parque-acuatico-el-1-de-agosto-2024\/#mainImage","width":640,"height":425,"caption":"parque acu\u00e1tico"},"primaryImageOfPage":{"@id":"https:\/\/candas365.es\/noticias\/corvera-abrira-su-parque-acuatico-el-1-de-agosto-2024\/#mainImage"},"datePublished":"2024-07-26T22:35:41+02:00","dateModified":"2024-07-26T22:35:41+02:00"},{"@type":"WebSite","@id":"https:\/\/candas365.es\/noticias\/#website","url":"https:\/\/candas365.es\/noticias\/","name":"Cand\u00e1s 365","alternateName":"Cand\u00e1s 365 Noticias","description":"Actualidad desde Carre\u00f1o para el mundo","inLanguage":"es-ES","publisher":{"@id":"https:\/\/candas365.es\/noticias\/#organization"}}]},"og:locale":"es_ES","og:site_name":"Cand\u00e1s 365","og:type":"article","og:title":"Corvera abrir\u00e1 su parque acu\u00e1tico el 1 de agosto 2024 | Cand\u00e1s 365","og:description":"El 1 de agosto de 2024 abrir\u00e1 sus puertas el Parque Acu\u00e1tico de Corvera, conocido como &quot;PACO&quot;, que este a\u00f1o permanecer\u00e1 abierto al p\u00fablico hasta el 5","og:url":"https:\/\/candas365.es\/noticias\/corvera-abrira-su-parque-acuatico-el-1-de-agosto-2024\/","og:image":"https:\/\/candas365.es\/noticias\/wp-content\/uploads\/2024\/07\/parque-acuatico.jpg","og:image:secure_url":"https:\/\/candas365.es\/noticias\/wp-content\/uploads\/2024\/07\/parque-acuatico.jpg","og:image:width":640,"og:image:height":425,"article:published_time":"2024-07-26T20:35:41+00:00","article:modified_time":"2024-07-26T20:35:41+00:00","article:publisher":"https:\/\/www.facebook.com\/Nachofdezber","article:author":"https:\/\/www.facebook.com\/carrenoactualidad","twitter:card":"summary_large_image","twitter:site":"@NabercoDigital","twitter:title":"Corvera abrir\u00e1 su parque acu\u00e1tico el 1 de agosto 2024 | Cand\u00e1s 365","twitter:description":"El 1 de agosto de 2024 abrir\u00e1 sus puertas el Parque Acu\u00e1tico de Corvera, conocido como &quot;PACO&quot;, que este a\u00f1o permanecer\u00e1 abierto al p\u00fablico hasta el 5","twitter:creator":"@nbasturias","twitter:image":"https:\/\/candas365.es\/noticias\/wp-content\/uploads\/2024\/07\/parque-acuatico.jpg","twitter:label1":"Escrito por","twitter:data1":"Cand\u00e1s 365","twitter:label2":"Tiempo de lectura estimado","twitter:data2":"4 minutos"},"aioseo_meta_data":{"post_id":"182410","title":null,"description":"El 1 de agosto de 2024 abrir\u00e1 sus puertas el Parque Acu\u00e1tico de Corvera, conocido como \"PACO\", que este a\u00f1o permanecer\u00e1 abierto al p\u00fablico hasta el 5","keywords":null,"keyphrases":{"focus":{"keyphrase":"Parque","score":85,"analysis":{"keyphraseInTitle":{"score":9,"maxScore":9,"error":0},"keyphraseInDescription":{"score":9,"maxScore":9,"error":0},"keyphraseLength":{"score":9,"maxScore":9,"error":0,"length":1},"keyphraseInURL":{"score":1,"maxScore":5,"error":1},"keyphraseInIntroduction":{"score":9,"maxScore":9,"error":0},"keyphraseInSubHeadings":{"score":3,"maxScore":9,"error":1},"keyphraseInImageAlt":{"score":9,"maxScore":9,"error":0},"keywordDensity":{"type":"best","score":9,"maxScore":9,"error":0}}},"additional":[{"keyphrase":"Corvera","score":87,"analysis":{"keyphraseInDescription":{"score":9,"maxScore":9,"error":0},"keyphraseLength":{"score":9,"maxScore":9,"error":0,"length":1},"keyphraseInIntroduction":{"score":9,"maxScore":9,"error":0},"keyphraseInImageAlt":{"score":3,"maxScore":9,"error":1},"keywordDensity":{"type":"best","score":9,"maxScore":9,"error":0}}},{"keyphrase":"Parque Acu\u00e1tico","score":80,"analysis":{"keyphraseInDescription":{"score":9,"maxScore":9,"error":0},"keyphraseLength":{"score":9,"maxScore":9,"error":0,"length":3},"keyphraseInIntroduction":{"score":9,"maxScore":9,"error":0},"keyphraseInImageAlt":{"score":9,"maxScore":9,"error":0},"keywordDensity":{"score":0,"type":"low","maxScore":9,"error":1}}}]},"primary_term":null,"canonical_url":null,"og_title":null,"og_description":null,"og_object_type":"default","og_image_type":"default","og_image_url":null,"og_image_width":null,"og_image_height":null,"og_image_custom_url":null,"og_image_custom_fields":null,"og_video":"","og_custom_url":null,"og_article_section":null,"og_article_tags":null,"twitter_use_og":false,"twitter_card":"default","twitter_image_type":"default","twitter_image_url":null,"twitter_image_custom_url":null,"twitter_image_custom_fields":null,"twitter_title":null,"twitter_description":null,"schema":{"blockGraphs":[],"customGraphs":[],"default":{"data":{"Article":[],"Course":[],"Dataset":[],"FAQPage":[],"Movie":[],"Person":[],"Product":[],"ProductReview":[],"Car":[],"Recipe":[],"Service":[],"SoftwareApplication":[],"WebPage":[]},"graphName":"Article","isEnabled":true},"graphs":[]},"schema_type":"default","schema_type_options":null,"pillar_content":false,"robots_default":true,"robots_noindex":false,"robots_noarchive":false,"robots_nosnippet":false,"robots_nofollow":false,"robots_noimageindex":false,"robots_noodp":false,"robots_notranslate":false,"robots_max_snippet":"-1","robots_max_videopreview":"-1","robots_max_imagepreview":"large","priority":null,"frequency":"default","location":null,"local_seo":null,"seo_analyzer_scan_date":"2025-09-02 12:52:30","breadcrumb_settings":null,"limit_modified_date":false,"reviewed_by":null,"open_ai":"{\"title\":{\"suggestions\":[],\"usage\":0},\"description\":{\"suggestions\":[],\"usage\":0}}","ai":null,"created":"2024-07-26 20:28:03","updated":"2025-09-02 12:52:30"},"aioseo_breadcrumb":"<div class=\"aioseo-breadcrumbs\"><span class=\"aioseo-breadcrumb\">\n\t<a href=\"https:\/\/candas365.es\/noticias\" title=\"Home\">Home<\/a>\n<\/span><span class=\"aioseo-breadcrumb-separator\">&ndash;<\/span><span class=\"aioseo-breadcrumb\">\n\t<a href=\"https:\/\/candas365.es\/noticias\/category\/agenda\/\" title=\"Agenda\">Agenda<\/a>\n<\/span><span class=\"aioseo-breadcrumb-separator\">&ndash;<\/span><span class=\"aioseo-breadcrumb\">\n\tCorvera abrir\u00e1 su parque acu\u00e1tico el 1 de agosto 2024\n<\/span><\/div>","aioseo_breadcrumb_json":[{"label":"Home","link":"https:\/\/candas365.es\/noticias"},{"label":"Agenda","link":"https:\/\/candas365.es\/noticias\/category\/agenda\/"},{"label":"Corvera abrir\u00e1 su parque acu\u00e1tico el 1 de agosto 2024","link":"https:\/\/candas365.es\/noticias\/corvera-abrira-su-parque-acuatico-el-1-de-agosto-2024\/"}],"_links":{"self":[{"href":"https:\/\/candas365.es\/noticias\/wp-json\/wp\/v2\/posts\/182410","targetHints":{"allow":["GET"]}}],"collection":[{"href":"https:\/\/candas365.es\/noticias\/wp-json\/wp\/v2\/posts"}],"about":[{"href":"https:\/\/candas365.es\/noticias\/wp-json\/wp\/v2\/types\/post"}],"author":[{"embeddable":true,"href":"https:\/\/candas365.es\/noticias\/wp-json\/wp\/v2\/users\/1"}],"replies":[{"embeddable":true,"href":"https:\/\/candas365.es\/noticias\/wp-json\/wp\/v2\/comments?post=182410"}],"version-history":[{"count":0,"href":"https:\/\/candas365.es\/noticias\/wp-json\/wp\/v2\/posts\/182410\/revisions"}],"wp:featuredmedia":[{"embeddable":true,"href":"https:\/\/candas365.es\/noticias\/wp-json\/wp\/v2\/media\/182411"}],"wp:attachment":[{"href":"https:\/\/candas365.es\/noticias\/wp-json\/wp\/v2\/media?parent=182410"}],"wp:term":[{"taxonomy":"category","embeddable":true,"href":"https:\/\/candas365.es\/noticias\/wp-json\/wp\/v2\/categories?post=182410"},{"taxonomy":"post_tag","embeddable":true,"href":"https:\/\/candas365.es\/noticias\/wp-json\/wp\/v2\/tags?post=182410"}],"curies":[{"name":"wp","href":"https:\/\/api.w.org\/{rel}","templated":true}]}}