{"id":182300,"date":"2024-07-16T22:52:12","date_gmt":"2024-07-16T20:52:12","guid":{"rendered":"https:\/\/candas365.es\/noticias\/?p=182300"},"modified":"2024-07-16T22:52:12","modified_gmt":"2024-07-16T20:52:12","slug":"la-inversion-en-empresas-emergentes-crece-en-alemania","status":"publish","type":"post","link":"https:\/\/candas365.es\/noticias\/la-inversion-en-empresas-emergentes-crece-en-alemania\/","title":{"rendered":"La inversi\u00f3n en empresas emergentes crece en Alemania"},"content":{"rendered":"<p>Fr\u00e1ncfort, 16 jul (<a title=\"dpa\" href=\"https:\/\/www.dpa-news.de\/\" target=\"_blank\" rel=\"noopener\"><span style=\"color: #ff6600;\"><strong>dpa<\/strong><\/span><\/a>) &#8211; La inversi\u00f3n en <a href=\"https:\/\/candas365.es\/noticias\/category\/canal-empresas\/\"><span style=\"color: #ff6600;\"><strong>empresas emergentes<\/strong><\/span><\/a> creci\u00f3 en Alemania un 12 % interanual en el primer semestre del a\u00f1o, hasta unos 3.400 millones de euros (3.700 millones de d\u00f3lares), seg\u00fan anunci\u00f3 hoy la consultora EY.<\/p>\n<figure id=\"attachment_182301\" aria-describedby=\"caption-attachment-182301\" style=\"width: 650px\" class=\"wp-caption aligncenter\"><img fetchpriority=\"high\" decoding=\"async\" class=\"size-large wp-image-182301\" src=\"https:\/\/candas365.es\/noticias\/wp-content\/uploads\/2024\/07\/empresas-emergentes-650x427.jpg\" alt=\"empresas emergentes\" width=\"650\" height=\"427\" srcset=\"https:\/\/candas365.es\/noticias\/wp-content\/uploads\/2024\/07\/empresas-emergentes-650x427.jpg 650w, https:\/\/candas365.es\/noticias\/wp-content\/uploads\/2024\/07\/empresas-emergentes-360x236.jpg 360w, https:\/\/candas365.es\/noticias\/wp-content\/uploads\/2024\/07\/empresas-emergentes-768x504.jpg 768w, https:\/\/candas365.es\/noticias\/wp-content\/uploads\/2024\/07\/empresas-emergentes-150x98.jpg 150w, https:\/\/candas365.es\/noticias\/wp-content\/uploads\/2024\/07\/empresas-emergentes-450x295.jpg 450w, https:\/\/candas365.es\/noticias\/wp-content\/uploads\/2024\/07\/empresas-emergentes.jpg 1004w\" sizes=\"(max-width: 650px) 100vw, 650px\" \/><figcaption id=\"caption-attachment-182301\" class=\"wp-caption-text\">Foto: Sebastian Gollnow\/dpa<\/figcaption><\/figure>\n<p>En los dos primeros semestres de 2022 y 2023, la inversi\u00f3n recibida por las start-ups en Alemania cay\u00f3 de manera significativa.<\/p>\n<p>A pesar de la tendencia al alza, seg\u00fan el estudio de EY, la financiaci\u00f3n no ha mejorado para todas las empresas de este tipo. EY explic\u00f3 que, por ejemplo, el n\u00famero de rondas de financiaci\u00f3n se redujo a 367, casi una quinta parte menos que hace un a\u00f1o.<\/p>\n<p>\u00abTodav\u00eda no hay se\u00f1ales de un suspiro general de alivio en el panorama alem\u00e1n de las start-ups\u00bb, declar\u00f3 Thomas Pr\u00fcver, socio de EY.<\/p>\n<p>El directivo detall\u00f3 que en el primer semestre de 2024 se observ\u00f3 un ligero aumento en las rondas de financiaci\u00f3n de rango mediano y grande de m\u00e1s de 100 millones de euros. Sin embargo, las menores de diez millones de euros se desplomaron.<\/p>\n<p>Pr\u00fcver consider\u00f3 \u00abalarmante que, al parecer, a las start-ups muy j\u00f3venes les resulte cada vez m\u00e1s dif\u00edcil obtener dinero fresco\u00bb, ya que argument\u00f3 que las inyecciones de liquidez son esenciales para ellas, sobre todo en la fase inicial.<\/p>\n<p>Las start-ups experimentaron un auge durante la pandemia de coronavirus, beneficiadas por los tipos de inter\u00e9s bajos y el impulso a la digitalizaci\u00f3n, sobre todo por el auge del comercio en l\u00ednea. En 2021, las start-ups captaron en Alemania casi 7.600 millones de euros en los primeros meses del a\u00f1o.<\/p>\n<p>Sin embargo, la crisis sigui\u00f3 a la subida de los tipos de inter\u00e9s y muchas de ellas recortaron puestos de trabajo, mientras otras fueron absorbidas. Seg\u00fan EY, las inversiones de capital riesgo cayeron un 39 % en 2023.<\/p>\n<p>En una comparativa dentro de Alemania, Berl\u00edn se mantuvo a la cabeza en el primer semestre del a\u00f1o, aunque las inversiones all\u00ed cayeron una cuarta parte, hasta algo menos de 1.100 millones de euros. Una de las razones es que se invirti\u00f3 mucho menos en el sector minorista en l\u00ednea, donde Berl\u00edn es tradicionalmente fuerte.<\/p>\n<p>En cambio, las inversiones en start-ups crecieron en Renania del Norte-Westfalia. Seg\u00fan EY, recibieron 822 millones de euros en los seis primeros meses, 653 millones m\u00e1s que en el mismo periodo del a\u00f1o anterior.<\/p>\n<p>En dicha regi\u00f3n, la inversi\u00f3n en empresas emergentes fue aupada por las rondas de financiaci\u00f3n logradas por el servicio de traducci\u00f3n Deepl (277 millones de euros) y la empresa de semiconductores Black Semiconductor (254 millones de euros).<\/p>\n<p>En un tercer lugar, seg\u00fan EY, se encuentran las start-ups de Baviera, con 577 millones de euros, lo que supone un descenso de alrededor de un tercio con respecto a la primera mitad del a\u00f1o pasado.<\/p>\n","protected":false},"excerpt":{"rendered":"<p>Fr\u00e1ncfort, 16 jul (dpa) &#8211; La inversi\u00f3n en empresas emergentes creci\u00f3 en Alemania un 12 % interanual en el primer semestre del a\u00f1o, hasta unos 3.400 millones de euros (3.700 millones de d\u00f3lares), seg\u00fan anunci\u00f3 hoy la consultora EY. En los dos primeros semestres de 2022 y 2023, la inversi\u00f3n recibida por las start-ups en<\/p>\n","protected":false},"author":1,"featured_media":182301,"comment_status":"closed","ping_status":"closed","sticky":false,"template":"","format":"standard","meta":{"footnotes":""},"categories":[151],"tags":[417,383],"class_list":{"0":"post-182300","1":"post","2":"type-post","3":"status-publish","4":"format-standard","5":"has-post-thumbnail","7":"category-canal-empresas","8":"tag-alemania","9":"tag-empresas"},"aioseo_notices":[],"aioseo_head":"\n\t\t<!-- All in One SEO Pro 4.9.6.2 - aioseo.com -->\n\t<meta name=\"description\" content=\"Fr\u00e1ncfort, 16 jul (dpa) - La inversi\u00f3n en empresas emergentes creci\u00f3 en Alemania un 12 % interanual en el primer semestre del a\u00f1o, hasta unos 3.400 millones\" \/>\n\t<meta name=\"robots\" content=\"max-image-preview:large\" \/>\n\t<meta name=\"author\" content=\"Cand\u00e1s 365\"\/>\n\t<meta name=\"google-site-verification\" content=\"UA-32230408-1\" \/>\n\t<meta name=\"msvalidate.01\" content=\"354F3CDFB2DA171B47FBE9ABF1F88D5\" \/>\n\t<meta name=\"keywords\" content=\"canal empresas\" \/>\n\t<link rel=\"canonical\" href=\"https:\/\/candas365.es\/noticias\/la-inversion-en-empresas-emergentes-crece-en-alemania\/\" \/>\n\t<meta name=\"generator\" content=\"All in One SEO Pro (AIOSEO) 4.9.6.2\" \/>\n\t\t<meta property=\"og:locale\" content=\"es_ES\" \/>\n\t\t<meta property=\"og:site_name\" content=\"Cand\u00e1s 365\" \/>\n\t\t<meta property=\"og:type\" content=\"article\" \/>\n\t\t<meta property=\"og:title\" content=\"La inversi\u00f3n en empresas emergentes crece en Alemania | Cand\u00e1s 365\" \/>\n\t\t<meta property=\"og:description\" content=\"Fr\u00e1ncfort, 16 jul (dpa) - La inversi\u00f3n en empresas emergentes creci\u00f3 en Alemania un 12 % interanual en el primer semestre del a\u00f1o, hasta unos 3.400 millones\" \/>\n\t\t<meta property=\"og:url\" content=\"https:\/\/candas365.es\/noticias\/la-inversion-en-empresas-emergentes-crece-en-alemania\/\" \/>\n\t\t<meta property=\"og:image\" content=\"https:\/\/candas365.es\/noticias\/wp-content\/uploads\/2024\/07\/empresas-emergentes.jpg\" \/>\n\t\t<meta property=\"og:image:secure_url\" content=\"https:\/\/candas365.es\/noticias\/wp-content\/uploads\/2024\/07\/empresas-emergentes.jpg\" \/>\n\t\t<meta property=\"og:image:width\" content=\"1004\" \/>\n\t\t<meta property=\"og:image:height\" content=\"659\" \/>\n\t\t<meta property=\"article:published_time\" content=\"2024-07-16T20:52:12+00:00\" \/>\n\t\t<meta property=\"article:modified_time\" content=\"2024-07-16T20:52:12+00:00\" \/>\n\t\t<meta property=\"article:publisher\" content=\"https:\/\/www.facebook.com\/Nachofdezber\" \/>\n\t\t<meta property=\"article:author\" content=\"https:\/\/www.facebook.com\/carrenoactualidad\" \/>\n\t\t<meta name=\"twitter:card\" content=\"summary_large_image\" \/>\n\t\t<meta name=\"twitter:site\" content=\"@NabercoDigital\" \/>\n\t\t<meta name=\"twitter:title\" content=\"La inversi\u00f3n en empresas emergentes crece en Alemania | Cand\u00e1s 365\" \/>\n\t\t<meta name=\"twitter:description\" content=\"Fr\u00e1ncfort, 16 jul (dpa) - La inversi\u00f3n en empresas emergentes creci\u00f3 en Alemania un 12 % interanual en el primer semestre del a\u00f1o, hasta unos 3.400 millones\" \/>\n\t\t<meta name=\"twitter:creator\" content=\"@nbasturias\" \/>\n\t\t<meta name=\"twitter:image\" content=\"https:\/\/candas365.es\/noticias\/wp-content\/uploads\/2024\/07\/empresas-emergentes.jpg\" \/>\n\t\t<meta name=\"twitter:label1\" content=\"Escrito por\" \/>\n\t\t<meta name=\"twitter:data1\" content=\"Cand\u00e1s 365\" \/>\n\t\t<meta name=\"twitter:label2\" content=\"Tiempo de lectura estimado\" \/>\n\t\t<meta name=\"twitter:data2\" content=\"2 minutos\" \/>\n\t\t<script type=\"application\/ld+json\" class=\"aioseo-schema\">\n\t\t\t{\"@context\":\"https:\\\/\\\/schema.org\",\"@graph\":[{\"@type\":\"BreadcrumbList\",\"@id\":\"https:\\\/\\\/candas365.es\\\/noticias\\\/la-inversion-en-empresas-emergentes-crece-en-alemania\\\/#breadcrumblist\",\"itemListElement\":[{\"@type\":\"ListItem\",\"@id\":\"https:\\\/\\\/candas365.es\\\/noticias#listItem\",\"position\":1,\"name\":\"Home\",\"item\":\"https:\\\/\\\/candas365.es\\\/noticias\",\"nextItem\":{\"@type\":\"ListItem\",\"@id\":\"https:\\\/\\\/candas365.es\\\/noticias\\\/category\\\/canal-empresas\\\/#listItem\",\"name\":\"Canal Empresas\"}},{\"@type\":\"ListItem\",\"@id\":\"https:\\\/\\\/candas365.es\\\/noticias\\\/category\\\/canal-empresas\\\/#listItem\",\"position\":2,\"name\":\"Canal Empresas\",\"item\":\"https:\\\/\\\/candas365.es\\\/noticias\\\/category\\\/canal-empresas\\\/\",\"nextItem\":{\"@type\":\"ListItem\",\"@id\":\"https:\\\/\\\/candas365.es\\\/noticias\\\/la-inversion-en-empresas-emergentes-crece-en-alemania\\\/#listItem\",\"name\":\"La inversi\\u00f3n en empresas emergentes crece en Alemania\"},\"previousItem\":{\"@type\":\"ListItem\",\"@id\":\"https:\\\/\\\/candas365.es\\\/noticias#listItem\",\"name\":\"Home\"}},{\"@type\":\"ListItem\",\"@id\":\"https:\\\/\\\/candas365.es\\\/noticias\\\/la-inversion-en-empresas-emergentes-crece-en-alemania\\\/#listItem\",\"position\":3,\"name\":\"La inversi\\u00f3n en empresas emergentes crece en Alemania\",\"previousItem\":{\"@type\":\"ListItem\",\"@id\":\"https:\\\/\\\/candas365.es\\\/noticias\\\/category\\\/canal-empresas\\\/#listItem\",\"name\":\"Canal Empresas\"}}]},{\"@type\":\"NewsArticle\",\"@id\":\"https:\\\/\\\/candas365.es\\\/noticias\\\/la-inversion-en-empresas-emergentes-crece-en-alemania\\\/#newsarticle\",\"name\":\"La inversi\\u00f3n en empresas emergentes crece en Alemania | Cand\\u00e1s 365\",\"headline\":\"La inversi\\u00f3n en empresas emergentes crece en Alemania\",\"author\":{\"@id\":\"https:\\\/\\\/candas365.es\\\/noticias\\\/author\\\/admin\\\/#author\"},\"publisher\":{\"@id\":\"https:\\\/\\\/candas365.es\\\/noticias\\\/#organization\"},\"image\":{\"@type\":\"ImageObject\",\"url\":\"https:\\\/\\\/candas365.es\\\/noticias\\\/wp-content\\\/uploads\\\/2024\\\/07\\\/empresas-emergentes.jpg\",\"width\":1004,\"height\":659,\"caption\":\"Foto: Sebastian Gollnow\\\/dpa\"},\"datePublished\":\"2024-07-16T22:52:12+02:00\",\"dateModified\":\"2024-07-16T22:52:12+02:00\",\"inLanguage\":\"es-ES\",\"mainEntityOfPage\":{\"@id\":\"https:\\\/\\\/candas365.es\\\/noticias\\\/la-inversion-en-empresas-emergentes-crece-en-alemania\\\/#webpage\"},\"isPartOf\":{\"@id\":\"https:\\\/\\\/candas365.es\\\/noticias\\\/la-inversion-en-empresas-emergentes-crece-en-alemania\\\/#webpage\"},\"articleSection\":\"Canal Empresas, Alemania, empresas\",\"dateline\":\"Publicado el julio 16, 2024.\"},{\"@type\":\"Organization\",\"@id\":\"https:\\\/\\\/candas365.es\\\/noticias\\\/#organization\",\"name\":\"Cand\\u00e1s 365\",\"description\":\"Cand\\u00e1s 365 es un diario digital independiente, fundado en 2012, con base en Asturias. Informamos con rigor sobre actualidad, sociedad, cultura y ocio, con una mirada local y global.\",\"url\":\"https:\\\/\\\/candas365.es\\\/noticias\\\/\",\"email\":\"info@candas365.es\",\"telephone\":\"+34652131393\",\"foundingDate\":\"2012-06-10\",\"logo\":{\"@type\":\"ImageObject\",\"url\":\"https:\\\/\\\/candas365.es\\\/noticias\\\/wp-content\\\/uploads\\\/2024\\\/09\\\/Candas-365-Redes.jpg\",\"@id\":\"https:\\\/\\\/candas365.es\\\/noticias\\\/la-inversion-en-empresas-emergentes-crece-en-alemania\\\/#organizationLogo\",\"width\":1152,\"height\":864,\"caption\":\"Cand\\u00e1s 365 Redes\"},\"image\":{\"@id\":\"https:\\\/\\\/candas365.es\\\/noticias\\\/la-inversion-en-empresas-emergentes-crece-en-alemania\\\/#organizationLogo\"},\"sameAs\":[\"https:\\\/\\\/www.facebook.com\\\/Nachofdezber\",\"https:\\\/\\\/x.com\\\/NabercoDigital\",\"https:\\\/\\\/www.instagram.com\\\/nachofdezber\\\/\",\"https:\\\/\\\/www.youtube.com\\\/channel\\\/UCZP-2wLEB9Rv6erhFmqVnvg\"],\"address\":{\"@id\":\"https:\\\/\\\/candas365.es\\\/noticias\\\/#postaladdress\",\"@type\":\"PostalAddress\",\"streetAddress\":\"san antonio 4, san antonio 4\",\"postalCode\":\"33430\",\"addressLocality\":\"Cand\\u00e1s\",\"addressRegion\":\"Asturias\",\"addressCountry\":\"ES\"}},{\"@type\":\"Person\",\"@id\":\"https:\\\/\\\/candas365.es\\\/noticias\\\/author\\\/admin\\\/#author\",\"url\":\"https:\\\/\\\/candas365.es\\\/noticias\\\/author\\\/admin\\\/\",\"name\":\"Cand\\u00e1s 365\",\"image\":{\"@type\":\"ImageObject\",\"@id\":\"https:\\\/\\\/candas365.es\\\/noticias\\\/la-inversion-en-empresas-emergentes-crece-en-alemania\\\/#authorImage\",\"url\":\"https:\\\/\\\/secure.gravatar.com\\\/avatar\\\/496a8e03d0c493ede1718b7934145dbdf8d89be1036b0eec9544e1094c9de390?s=96&d=mm&r=g\",\"width\":96,\"height\":96,\"caption\":\"Cand\\u00e1s 365\"},\"sameAs\":[\"https:\\\/\\\/www.facebook.com\\\/carrenoactualidad\",\"https:\\\/\\\/twitter.com\\\/nbasturias\",\"https:\\\/\\\/www.instagram.com\\\/nachofdezber\\\/\",\"https:\\\/\\\/www.youtube.com\\\/channel\\\/UCZP-2wLEB9Rv6erhFmqVnvg\"]},{\"@type\":\"WebPage\",\"@id\":\"https:\\\/\\\/candas365.es\\\/noticias\\\/la-inversion-en-empresas-emergentes-crece-en-alemania\\\/#webpage\",\"url\":\"https:\\\/\\\/candas365.es\\\/noticias\\\/la-inversion-en-empresas-emergentes-crece-en-alemania\\\/\",\"name\":\"La inversi\\u00f3n en empresas emergentes crece en Alemania | Cand\\u00e1s 365\",\"description\":\"Fr\\u00e1ncfort, 16 jul (dpa) - La inversi\\u00f3n en empresas emergentes creci\\u00f3 en Alemania un 12 % interanual en el primer semestre del a\\u00f1o, hasta unos 3.400 millones\",\"inLanguage\":\"es-ES\",\"isPartOf\":{\"@id\":\"https:\\\/\\\/candas365.es\\\/noticias\\\/#website\"},\"breadcrumb\":{\"@id\":\"https:\\\/\\\/candas365.es\\\/noticias\\\/la-inversion-en-empresas-emergentes-crece-en-alemania\\\/#breadcrumblist\"},\"author\":{\"@id\":\"https:\\\/\\\/candas365.es\\\/noticias\\\/author\\\/admin\\\/#author\"},\"creator\":{\"@id\":\"https:\\\/\\\/candas365.es\\\/noticias\\\/author\\\/admin\\\/#author\"},\"image\":{\"@type\":\"ImageObject\",\"url\":\"https:\\\/\\\/candas365.es\\\/noticias\\\/wp-content\\\/uploads\\\/2024\\\/07\\\/empresas-emergentes.jpg\",\"@id\":\"https:\\\/\\\/candas365.es\\\/noticias\\\/la-inversion-en-empresas-emergentes-crece-en-alemania\\\/#mainImage\",\"width\":1004,\"height\":659,\"caption\":\"Foto: Sebastian Gollnow\\\/dpa\"},\"primaryImageOfPage\":{\"@id\":\"https:\\\/\\\/candas365.es\\\/noticias\\\/la-inversion-en-empresas-emergentes-crece-en-alemania\\\/#mainImage\"},\"datePublished\":\"2024-07-16T22:52:12+02:00\",\"dateModified\":\"2024-07-16T22:52:12+02:00\"},{\"@type\":\"WebSite\",\"@id\":\"https:\\\/\\\/candas365.es\\\/noticias\\\/#website\",\"url\":\"https:\\\/\\\/candas365.es\\\/noticias\\\/\",\"name\":\"Cand\\u00e1s 365\",\"alternateName\":\"Cand\\u00e1s 365 Noticias\",\"description\":\"Actualidad desde Carre\\u00f1o para el mundo\",\"inLanguage\":\"es-ES\",\"publisher\":{\"@id\":\"https:\\\/\\\/candas365.es\\\/noticias\\\/#organization\"}}]}\n\t\t<\/script>\n\t\t<!-- All in One SEO Pro -->\r\n\t\t<title>La inversi\u00f3n en empresas emergentes crece en Alemania | Cand\u00e1s 365<\/title>\n\n","aioseo_head_json":{"title":"La inversi\u00f3n en empresas emergentes crece en Alemania | Cand\u00e1s 365","description":"Fr\u00e1ncfort, 16 jul (dpa) - La inversi\u00f3n en empresas emergentes creci\u00f3 en Alemania un 12 % interanual en el primer semestre del a\u00f1o, hasta unos 3.400 millones","canonical_url":"https:\/\/candas365.es\/noticias\/la-inversion-en-empresas-emergentes-crece-en-alemania\/","robots":"max-image-preview:large","keywords":"canal empresas","webmasterTools":{"google-site-verification":"UA-32230408-1","msvalidate.01":"354F3CDFB2DA171B47FBE9ABF1F88D5","miscellaneous":""},"schema":{"@context":"https:\/\/schema.org","@graph":[{"@type":"BreadcrumbList","@id":"https:\/\/candas365.es\/noticias\/la-inversion-en-empresas-emergentes-crece-en-alemania\/#breadcrumblist","itemListElement":[{"@type":"ListItem","@id":"https:\/\/candas365.es\/noticias#listItem","position":1,"name":"Home","item":"https:\/\/candas365.es\/noticias","nextItem":{"@type":"ListItem","@id":"https:\/\/candas365.es\/noticias\/category\/canal-empresas\/#listItem","name":"Canal Empresas"}},{"@type":"ListItem","@id":"https:\/\/candas365.es\/noticias\/category\/canal-empresas\/#listItem","position":2,"name":"Canal Empresas","item":"https:\/\/candas365.es\/noticias\/category\/canal-empresas\/","nextItem":{"@type":"ListItem","@id":"https:\/\/candas365.es\/noticias\/la-inversion-en-empresas-emergentes-crece-en-alemania\/#listItem","name":"La inversi\u00f3n en empresas emergentes crece en Alemania"},"previousItem":{"@type":"ListItem","@id":"https:\/\/candas365.es\/noticias#listItem","name":"Home"}},{"@type":"ListItem","@id":"https:\/\/candas365.es\/noticias\/la-inversion-en-empresas-emergentes-crece-en-alemania\/#listItem","position":3,"name":"La inversi\u00f3n en empresas emergentes crece en Alemania","previousItem":{"@type":"ListItem","@id":"https:\/\/candas365.es\/noticias\/category\/canal-empresas\/#listItem","name":"Canal Empresas"}}]},{"@type":"NewsArticle","@id":"https:\/\/candas365.es\/noticias\/la-inversion-en-empresas-emergentes-crece-en-alemania\/#newsarticle","name":"La inversi\u00f3n en empresas emergentes crece en Alemania | Cand\u00e1s 365","headline":"La inversi\u00f3n en empresas emergentes crece en Alemania","author":{"@id":"https:\/\/candas365.es\/noticias\/author\/admin\/#author"},"publisher":{"@id":"https:\/\/candas365.es\/noticias\/#organization"},"image":{"@type":"ImageObject","url":"https:\/\/candas365.es\/noticias\/wp-content\/uploads\/2024\/07\/empresas-emergentes.jpg","width":1004,"height":659,"caption":"Foto: Sebastian Gollnow\/dpa"},"datePublished":"2024-07-16T22:52:12+02:00","dateModified":"2024-07-16T22:52:12+02:00","inLanguage":"es-ES","mainEntityOfPage":{"@id":"https:\/\/candas365.es\/noticias\/la-inversion-en-empresas-emergentes-crece-en-alemania\/#webpage"},"isPartOf":{"@id":"https:\/\/candas365.es\/noticias\/la-inversion-en-empresas-emergentes-crece-en-alemania\/#webpage"},"articleSection":"Canal Empresas, Alemania, empresas","dateline":"Publicado el julio 16, 2024."},{"@type":"Organization","@id":"https:\/\/candas365.es\/noticias\/#organization","name":"Cand\u00e1s 365","description":"Cand\u00e1s 365 es un diario digital independiente, fundado en 2012, con base en Asturias. Informamos con rigor sobre actualidad, sociedad, cultura y ocio, con una mirada local y global.","url":"https:\/\/candas365.es\/noticias\/","email":"info@candas365.es","telephone":"+34652131393","foundingDate":"2012-06-10","logo":{"@type":"ImageObject","url":"https:\/\/candas365.es\/noticias\/wp-content\/uploads\/2024\/09\/Candas-365-Redes.jpg","@id":"https:\/\/candas365.es\/noticias\/la-inversion-en-empresas-emergentes-crece-en-alemania\/#organizationLogo","width":1152,"height":864,"caption":"Cand\u00e1s 365 Redes"},"image":{"@id":"https:\/\/candas365.es\/noticias\/la-inversion-en-empresas-emergentes-crece-en-alemania\/#organizationLogo"},"sameAs":["https:\/\/www.facebook.com\/Nachofdezber","https:\/\/x.com\/NabercoDigital","https:\/\/www.instagram.com\/nachofdezber\/","https:\/\/www.youtube.com\/channel\/UCZP-2wLEB9Rv6erhFmqVnvg"],"address":{"@id":"https:\/\/candas365.es\/noticias\/#postaladdress","@type":"PostalAddress","streetAddress":"san antonio 4, san antonio 4","postalCode":"33430","addressLocality":"Cand\u00e1s","addressRegion":"Asturias","addressCountry":"ES"}},{"@type":"Person","@id":"https:\/\/candas365.es\/noticias\/author\/admin\/#author","url":"https:\/\/candas365.es\/noticias\/author\/admin\/","name":"Cand\u00e1s 365","image":{"@type":"ImageObject","@id":"https:\/\/candas365.es\/noticias\/la-inversion-en-empresas-emergentes-crece-en-alemania\/#authorImage","url":"https:\/\/secure.gravatar.com\/avatar\/496a8e03d0c493ede1718b7934145dbdf8d89be1036b0eec9544e1094c9de390?s=96&d=mm&r=g","width":96,"height":96,"caption":"Cand\u00e1s 365"},"sameAs":["https:\/\/www.facebook.com\/carrenoactualidad","https:\/\/twitter.com\/nbasturias","https:\/\/www.instagram.com\/nachofdezber\/","https:\/\/www.youtube.com\/channel\/UCZP-2wLEB9Rv6erhFmqVnvg"]},{"@type":"WebPage","@id":"https:\/\/candas365.es\/noticias\/la-inversion-en-empresas-emergentes-crece-en-alemania\/#webpage","url":"https:\/\/candas365.es\/noticias\/la-inversion-en-empresas-emergentes-crece-en-alemania\/","name":"La inversi\u00f3n en empresas emergentes crece en Alemania | Cand\u00e1s 365","description":"Fr\u00e1ncfort, 16 jul (dpa) - La inversi\u00f3n en empresas emergentes creci\u00f3 en Alemania un 12 % interanual en el primer semestre del a\u00f1o, hasta unos 3.400 millones","inLanguage":"es-ES","isPartOf":{"@id":"https:\/\/candas365.es\/noticias\/#website"},"breadcrumb":{"@id":"https:\/\/candas365.es\/noticias\/la-inversion-en-empresas-emergentes-crece-en-alemania\/#breadcrumblist"},"author":{"@id":"https:\/\/candas365.es\/noticias\/author\/admin\/#author"},"creator":{"@id":"https:\/\/candas365.es\/noticias\/author\/admin\/#author"},"image":{"@type":"ImageObject","url":"https:\/\/candas365.es\/noticias\/wp-content\/uploads\/2024\/07\/empresas-emergentes.jpg","@id":"https:\/\/candas365.es\/noticias\/la-inversion-en-empresas-emergentes-crece-en-alemania\/#mainImage","width":1004,"height":659,"caption":"Foto: Sebastian Gollnow\/dpa"},"primaryImageOfPage":{"@id":"https:\/\/candas365.es\/noticias\/la-inversion-en-empresas-emergentes-crece-en-alemania\/#mainImage"},"datePublished":"2024-07-16T22:52:12+02:00","dateModified":"2024-07-16T22:52:12+02:00"},{"@type":"WebSite","@id":"https:\/\/candas365.es\/noticias\/#website","url":"https:\/\/candas365.es\/noticias\/","name":"Cand\u00e1s 365","alternateName":"Cand\u00e1s 365 Noticias","description":"Actualidad desde Carre\u00f1o para el mundo","inLanguage":"es-ES","publisher":{"@id":"https:\/\/candas365.es\/noticias\/#organization"}}]},"og:locale":"es_ES","og:site_name":"Cand\u00e1s 365","og:type":"article","og:title":"La inversi\u00f3n en empresas emergentes crece en Alemania | Cand\u00e1s 365","og:description":"Fr\u00e1ncfort, 16 jul (dpa) - La inversi\u00f3n en empresas emergentes creci\u00f3 en Alemania un 12 % interanual en el primer semestre del a\u00f1o, hasta unos 3.400 millones","og:url":"https:\/\/candas365.es\/noticias\/la-inversion-en-empresas-emergentes-crece-en-alemania\/","og:image":"https:\/\/candas365.es\/noticias\/wp-content\/uploads\/2024\/07\/empresas-emergentes.jpg","og:image:secure_url":"https:\/\/candas365.es\/noticias\/wp-content\/uploads\/2024\/07\/empresas-emergentes.jpg","og:image:width":1004,"og:image:height":659,"article:published_time":"2024-07-16T20:52:12+00:00","article:modified_time":"2024-07-16T20:52:12+00:00","article:publisher":"https:\/\/www.facebook.com\/Nachofdezber","article:author":"https:\/\/www.facebook.com\/carrenoactualidad","twitter:card":"summary_large_image","twitter:site":"@NabercoDigital","twitter:title":"La inversi\u00f3n en empresas emergentes crece en Alemania | Cand\u00e1s 365","twitter:description":"Fr\u00e1ncfort, 16 jul (dpa) - La inversi\u00f3n en empresas emergentes creci\u00f3 en Alemania un 12 % interanual en el primer semestre del a\u00f1o, hasta unos 3.400 millones","twitter:creator":"@nbasturias","twitter:image":"https:\/\/candas365.es\/noticias\/wp-content\/uploads\/2024\/07\/empresas-emergentes.jpg","twitter:label1":"Escrito por","twitter:data1":"Cand\u00e1s 365","twitter:label2":"Tiempo de lectura estimado","twitter:data2":"2 minutos"},"aioseo_meta_data":{"post_id":"182300","title":null,"description":"Fr\u00e1ncfort, 16 jul (dpa) - La inversi\u00f3n en empresas emergentes creci\u00f3 en Alemania un 12 % interanual en el primer semestre del a\u00f1o, hasta unos 3.400 millones","keywords":null,"keyphrases":{"focus":{"keyphrase":"empresas","score":93,"analysis":{"keyphraseInTitle":{"score":9,"maxScore":9,"error":0},"keyphraseInDescription":{"score":9,"maxScore":9,"error":0},"keyphraseLength":{"score":9,"maxScore":9,"error":0,"length":1},"keyphraseInURL":{"score":1,"maxScore":5,"error":1},"keyphraseInIntroduction":{"score":9,"maxScore":9,"error":0},"keyphraseInSubHeadings":[],"keyphraseInImageAlt":{"score":9,"maxScore":9,"error":0},"keywordDensity":{"type":"best","score":9,"maxScore":9,"error":0}}},"additional":[{"keyphrase":"empresas","score":100,"analysis":{"keyphraseInDescription":{"score":9,"maxScore":9,"error":0},"keyphraseLength":{"score":9,"maxScore":9,"error":0,"length":1},"keyphraseInIntroduction":{"score":9,"maxScore":9,"error":0},"keyphraseInImageAlt":{"score":9,"maxScore":9,"error":0},"keywordDensity":{"type":"best","score":9,"maxScore":9,"error":0}}},{"keyphrase":"emergentes","score":80,"analysis":{"keyphraseInDescription":{"score":9,"maxScore":9,"error":0},"keyphraseLength":{"score":9,"maxScore":9,"error":0,"length":1},"keyphraseInIntroduction":{"score":9,"maxScore":9,"error":0},"keyphraseInImageAlt":{"score":9,"maxScore":9,"error":0},"keywordDensity":{"score":0,"type":"low","maxScore":9,"error":1}}}]},"primary_term":null,"canonical_url":null,"og_title":null,"og_description":null,"og_object_type":"default","og_image_type":"default","og_image_url":null,"og_image_width":null,"og_image_height":null,"og_image_custom_url":null,"og_image_custom_fields":null,"og_video":"","og_custom_url":null,"og_article_section":null,"og_article_tags":null,"twitter_use_og":false,"twitter_card":"default","twitter_image_type":"default","twitter_image_url":null,"twitter_image_custom_url":null,"twitter_image_custom_fields":null,"twitter_title":null,"twitter_description":null,"schema":{"blockGraphs":[],"customGraphs":[],"default":{"data":{"Article":[],"Course":[],"Dataset":[],"FAQPage":[],"Movie":[],"Person":[],"Product":[],"ProductReview":[],"Car":[],"Recipe":[],"Service":[],"SoftwareApplication":[],"WebPage":[]},"graphName":"Article","isEnabled":true},"graphs":[]},"schema_type":"default","schema_type_options":null,"pillar_content":false,"robots_default":true,"robots_noindex":false,"robots_noarchive":false,"robots_nosnippet":false,"robots_nofollow":false,"robots_noimageindex":false,"robots_noodp":false,"robots_notranslate":false,"robots_max_snippet":"-1","robots_max_videopreview":"-1","robots_max_imagepreview":"large","priority":null,"frequency":"default","location":null,"local_seo":null,"seo_analyzer_scan_date":"2025-09-02 12:43:10","breadcrumb_settings":null,"limit_modified_date":false,"reviewed_by":null,"open_ai":"{\"title\":{\"suggestions\":[],\"usage\":0},\"description\":{\"suggestions\":[],\"usage\":0}}","ai":null,"created":"2024-07-16 20:46:50","updated":"2025-09-02 12:43:10"},"aioseo_breadcrumb":"<div class=\"aioseo-breadcrumbs\"><span class=\"aioseo-breadcrumb\">\n\t<a href=\"https:\/\/candas365.es\/noticias\" title=\"Home\">Home<\/a>\n<\/span><span class=\"aioseo-breadcrumb-separator\">&ndash;<\/span><span class=\"aioseo-breadcrumb\">\n\t<a href=\"https:\/\/candas365.es\/noticias\/category\/canal-empresas\/\" title=\"Canal Empresas\">Canal Empresas<\/a>\n<\/span><span class=\"aioseo-breadcrumb-separator\">&ndash;<\/span><span class=\"aioseo-breadcrumb\">\n\tLa inversi\u00f3n en empresas emergentes crece en Alemania\n<\/span><\/div>","aioseo_breadcrumb_json":[{"label":"Home","link":"https:\/\/candas365.es\/noticias"},{"label":"Canal Empresas","link":"https:\/\/candas365.es\/noticias\/category\/canal-empresas\/"},{"label":"La inversi\u00f3n en empresas emergentes crece en Alemania","link":"https:\/\/candas365.es\/noticias\/la-inversion-en-empresas-emergentes-crece-en-alemania\/"}],"_links":{"self":[{"href":"https:\/\/candas365.es\/noticias\/wp-json\/wp\/v2\/posts\/182300","targetHints":{"allow":["GET"]}}],"collection":[{"href":"https:\/\/candas365.es\/noticias\/wp-json\/wp\/v2\/posts"}],"about":[{"href":"https:\/\/candas365.es\/noticias\/wp-json\/wp\/v2\/types\/post"}],"author":[{"embeddable":true,"href":"https:\/\/candas365.es\/noticias\/wp-json\/wp\/v2\/users\/1"}],"replies":[{"embeddable":true,"href":"https:\/\/candas365.es\/noticias\/wp-json\/wp\/v2\/comments?post=182300"}],"version-history":[{"count":0,"href":"https:\/\/candas365.es\/noticias\/wp-json\/wp\/v2\/posts\/182300\/revisions"}],"wp:featuredmedia":[{"embeddable":true,"href":"https:\/\/candas365.es\/noticias\/wp-json\/wp\/v2\/media\/182301"}],"wp:attachment":[{"href":"https:\/\/candas365.es\/noticias\/wp-json\/wp\/v2\/media?parent=182300"}],"wp:term":[{"taxonomy":"category","embeddable":true,"href":"https:\/\/candas365.es\/noticias\/wp-json\/wp\/v2\/categories?post=182300"},{"taxonomy":"post_tag","embeddable":true,"href":"https:\/\/candas365.es\/noticias\/wp-json\/wp\/v2\/tags?post=182300"}],"curies":[{"name":"wp","href":"https:\/\/api.w.org\/{rel}","templated":true}]}}