{"id":182267,"date":"2024-07-14T21:55:36","date_gmt":"2024-07-14T19:55:36","guid":{"rendered":"https:\/\/candas365.es\/noticias\/?p=182267"},"modified":"2024-07-14T21:55:36","modified_gmt":"2024-07-14T19:55:36","slug":"una-fuerte-tormenta-causa-danos-en-baviera","status":"publish","type":"post","link":"https:\/\/candas365.es\/noticias\/una-fuerte-tormenta-causa-danos-en-baviera\/","title":{"rendered":"Una fuerte tormenta causa da\u00f1os en Baviera"},"content":{"rendered":"<p>M\u00fanich, 13 jul (<a title=\"dpa\" href=\"https:\/\/www.dpa-news.de\/\" target=\"_blank\" rel=\"noopener\"><span style=\"color: #ff6600;\"><strong>dpa<\/strong><\/span><\/a>) &#8211; Una fuerte<span style=\"color: #ff6600;\"><strong> <a style=\"color: #ff6600;\" href=\"https:\/\/candas365.es\/noticias\/category\/el-tiempo\/\">tormenta<\/a><\/strong><\/span> provoc\u00f3 inundaciones de carreteras y s\u00f3tanos y cortes de tr\u00e1fico debido a la ca\u00edda de \u00e1rboles en el estado federado de Baviera, en el sur de Alemania.<\/p>\n<figure id=\"attachment_182268\" aria-describedby=\"caption-attachment-182268\" style=\"width: 650px\" class=\"wp-caption aligncenter\"><img fetchpriority=\"high\" decoding=\"async\" class=\"size-large wp-image-182268\" src=\"https:\/\/candas365.es\/noticias\/wp-content\/uploads\/2024\/07\/Una-fuerte-tormenta-causa-danos-en-Baviera-650x427.jpg\" alt=\"Una fuerte tormenta causa da\u00f1os en Baviera\" width=\"650\" height=\"427\" srcset=\"https:\/\/candas365.es\/noticias\/wp-content\/uploads\/2024\/07\/Una-fuerte-tormenta-causa-danos-en-Baviera-650x427.jpg 650w, https:\/\/candas365.es\/noticias\/wp-content\/uploads\/2024\/07\/Una-fuerte-tormenta-causa-danos-en-Baviera-360x236.jpg 360w, https:\/\/candas365.es\/noticias\/wp-content\/uploads\/2024\/07\/Una-fuerte-tormenta-causa-danos-en-Baviera-768x504.jpg 768w, https:\/\/candas365.es\/noticias\/wp-content\/uploads\/2024\/07\/Una-fuerte-tormenta-causa-danos-en-Baviera-150x98.jpg 150w, https:\/\/candas365.es\/noticias\/wp-content\/uploads\/2024\/07\/Una-fuerte-tormenta-causa-danos-en-Baviera-450x295.jpg 450w, https:\/\/candas365.es\/noticias\/wp-content\/uploads\/2024\/07\/Una-fuerte-tormenta-causa-danos-en-Baviera.jpg 1022w\" sizes=\"(max-width: 650px) 100vw, 650px\" \/><figcaption id=\"caption-attachment-182268\" class=\"wp-caption-text\">Un coche atrapado en una calle inundada y con granizo en Baviera. Foto: Michael Breher\/dpa<\/figcaption><\/figure>\n<p>Seg\u00fan un portavoz de la Polic\u00eda de la ciudad de Kempten, al suroeste de M\u00fanich, las carreteras se ti\u00f1eron de blanco por el granizo, y los servicios de emergencia informaron de unas 320 intervenciones entre las 18:00 horas (16:00 GMT) y la medianoche.<\/p>\n<p>Las zonas m\u00e1s afectadas fueron la regi\u00f3n de Algovia y el distrito de Lindau, cerca del lago Constanza y de la frontera con Austria.<\/p>\n<p>Las operaciones de seguimiento, incluido el bombeo de s\u00f3tanos, continuaron durante la noche.<\/p>\n<p>La comisar\u00eda de Rosenheim registr\u00f3 a su vez otras 230 operaciones. No se registraron heridos.<\/p>\n<p>Tambi\u00e9n hubo inundaciones por las fuertes lluvias en el norte, en Baja Sajonia, donde los servicios de emergencia tuvieron que intervenir en m\u00e1s de 100 incidentes hasta bien entrada la noche, seg\u00fan los bomberos.<\/p>\n<p>En una cl\u00ednica entr\u00f3 tanta agua que el servicio de urgencias tuvo que cerrar. El desbordamiento de una balsa de retenci\u00f3n de aguas pluviales provoc\u00f3 la inundaci\u00f3n de numerosos s\u00f3tanos en una zona residencial y se cerraron temporalmente varias carreteras.<\/p>\n<p>En el sur de Baja Sajonia, los fuertes vientos causaron da\u00f1os materiales. Seg\u00fan la Polic\u00eda, en Dissen am Teutoburger Wald se desprendieron ramas que da\u00f1aron varios edificios de viviendas. Los da\u00f1os materiales ascendieron a unos 130.000 euros (142.000 d\u00f3lares).<\/p>\n<p>Seg\u00fan los bomberos, una residencia de ancianos tambi\u00e9n result\u00f3 da\u00f1ada por el viento.<\/p>\n","protected":false},"excerpt":{"rendered":"<p>M\u00fanich, 13 jul (dpa) &#8211; Una fuerte tormenta provoc\u00f3 inundaciones de carreteras y s\u00f3tanos y cortes de tr\u00e1fico debido a la ca\u00edda de \u00e1rboles en el estado federado de Baviera, en el sur de Alemania. Seg\u00fan un portavoz de la Polic\u00eda de la ciudad de Kempten, al suroeste de M\u00fanich, las carreteras se ti\u00f1eron de<\/p>\n","protected":false},"author":1,"featured_media":182268,"comment_status":"closed","ping_status":"closed","sticky":false,"template":"","format":"standard","meta":{"footnotes":""},"categories":[487],"tags":[417,391],"class_list":{"0":"post-182267","1":"post","2":"type-post","3":"status-publish","4":"format-standard","5":"has-post-thumbnail","7":"category-sucesos","8":"tag-alemania","9":"tag-sucesos"},"aioseo_notices":[],"aioseo_head":"\n\t\t<!-- All in One SEO Pro 4.9.6.2 - aioseo.com -->\n\t<meta name=\"description\" content=\"M\u00fanich, 13 jul (dpa) - Una fuerte tormenta provoc\u00f3 inundaciones de carreteras y s\u00f3tanos y cortes de tr\u00e1fico debido a la ca\u00edda de \u00e1rboles en el estado federado\" \/>\n\t<meta name=\"robots\" content=\"max-image-preview:large\" \/>\n\t<meta name=\"author\" content=\"Cand\u00e1s 365\"\/>\n\t<meta name=\"google-site-verification\" content=\"UA-32230408-1\" \/>\n\t<meta name=\"msvalidate.01\" content=\"354F3CDFB2DA171B47FBE9ABF1F88D5\" \/>\n\t<meta name=\"keywords\" content=\"sucesos\" \/>\n\t<link rel=\"canonical\" href=\"https:\/\/candas365.es\/noticias\/una-fuerte-tormenta-causa-danos-en-baviera\/\" \/>\n\t<meta name=\"generator\" content=\"All in One SEO Pro (AIOSEO) 4.9.6.2\" \/>\n\t\t<meta property=\"og:locale\" content=\"es_ES\" \/>\n\t\t<meta property=\"og:site_name\" content=\"Cand\u00e1s 365\" \/>\n\t\t<meta property=\"og:type\" content=\"article\" \/>\n\t\t<meta property=\"og:title\" content=\"Una fuerte tormenta causa da\u00f1os en Baviera | Cand\u00e1s 365\" \/>\n\t\t<meta property=\"og:description\" content=\"M\u00fanich, 13 jul (dpa) - Una fuerte tormenta provoc\u00f3 inundaciones de carreteras y s\u00f3tanos y cortes de tr\u00e1fico debido a la ca\u00edda de \u00e1rboles en el estado federado\" \/>\n\t\t<meta property=\"og:url\" content=\"https:\/\/candas365.es\/noticias\/una-fuerte-tormenta-causa-danos-en-baviera\/\" \/>\n\t\t<meta property=\"og:image\" content=\"https:\/\/candas365.es\/noticias\/wp-content\/uploads\/2024\/07\/Una-fuerte-tormenta-causa-danos-en-Baviera.jpg\" \/>\n\t\t<meta property=\"og:image:secure_url\" content=\"https:\/\/candas365.es\/noticias\/wp-content\/uploads\/2024\/07\/Una-fuerte-tormenta-causa-danos-en-Baviera.jpg\" \/>\n\t\t<meta property=\"og:image:width\" content=\"1022\" \/>\n\t\t<meta property=\"og:image:height\" content=\"671\" \/>\n\t\t<meta property=\"article:published_time\" content=\"2024-07-14T19:55:36+00:00\" \/>\n\t\t<meta property=\"article:modified_time\" content=\"2024-07-14T19:55:36+00:00\" \/>\n\t\t<meta property=\"article:publisher\" content=\"https:\/\/www.facebook.com\/Nachofdezber\" \/>\n\t\t<meta property=\"article:author\" content=\"https:\/\/www.facebook.com\/carrenoactualidad\" \/>\n\t\t<meta name=\"twitter:card\" content=\"summary_large_image\" \/>\n\t\t<meta name=\"twitter:site\" content=\"@NabercoDigital\" \/>\n\t\t<meta name=\"twitter:title\" content=\"Una fuerte tormenta causa da\u00f1os en Baviera | Cand\u00e1s 365\" \/>\n\t\t<meta name=\"twitter:description\" content=\"M\u00fanich, 13 jul (dpa) - Una fuerte tormenta provoc\u00f3 inundaciones de carreteras y s\u00f3tanos y cortes de tr\u00e1fico debido a la ca\u00edda de \u00e1rboles en el estado federado\" \/>\n\t\t<meta name=\"twitter:creator\" content=\"@nbasturias\" \/>\n\t\t<meta name=\"twitter:image\" content=\"https:\/\/candas365.es\/noticias\/wp-content\/uploads\/2024\/07\/Una-fuerte-tormenta-causa-danos-en-Baviera.jpg\" \/>\n\t\t<meta name=\"twitter:label1\" content=\"Escrito por\" \/>\n\t\t<meta name=\"twitter:data1\" content=\"Cand\u00e1s 365\" \/>\n\t\t<meta name=\"twitter:label2\" content=\"Tiempo de lectura estimado\" \/>\n\t\t<meta name=\"twitter:data2\" content=\"1 minuto\" \/>\n\t\t<script type=\"application\/ld+json\" class=\"aioseo-schema\">\n\t\t\t{\"@context\":\"https:\\\/\\\/schema.org\",\"@graph\":[{\"@type\":\"BreadcrumbList\",\"@id\":\"https:\\\/\\\/candas365.es\\\/noticias\\\/una-fuerte-tormenta-causa-danos-en-baviera\\\/#breadcrumblist\",\"itemListElement\":[{\"@type\":\"ListItem\",\"@id\":\"https:\\\/\\\/candas365.es\\\/noticias#listItem\",\"position\":1,\"name\":\"Home\",\"item\":\"https:\\\/\\\/candas365.es\\\/noticias\",\"nextItem\":{\"@type\":\"ListItem\",\"@id\":\"https:\\\/\\\/candas365.es\\\/noticias\\\/category\\\/sucesos\\\/#listItem\",\"name\":\"Sucesos\"}},{\"@type\":\"ListItem\",\"@id\":\"https:\\\/\\\/candas365.es\\\/noticias\\\/category\\\/sucesos\\\/#listItem\",\"position\":2,\"name\":\"Sucesos\",\"item\":\"https:\\\/\\\/candas365.es\\\/noticias\\\/category\\\/sucesos\\\/\",\"nextItem\":{\"@type\":\"ListItem\",\"@id\":\"https:\\\/\\\/candas365.es\\\/noticias\\\/una-fuerte-tormenta-causa-danos-en-baviera\\\/#listItem\",\"name\":\"Una fuerte tormenta causa da\\u00f1os en Baviera\"},\"previousItem\":{\"@type\":\"ListItem\",\"@id\":\"https:\\\/\\\/candas365.es\\\/noticias#listItem\",\"name\":\"Home\"}},{\"@type\":\"ListItem\",\"@id\":\"https:\\\/\\\/candas365.es\\\/noticias\\\/una-fuerte-tormenta-causa-danos-en-baviera\\\/#listItem\",\"position\":3,\"name\":\"Una fuerte tormenta causa da\\u00f1os en Baviera\",\"previousItem\":{\"@type\":\"ListItem\",\"@id\":\"https:\\\/\\\/candas365.es\\\/noticias\\\/category\\\/sucesos\\\/#listItem\",\"name\":\"Sucesos\"}}]},{\"@type\":\"NewsArticle\",\"@id\":\"https:\\\/\\\/candas365.es\\\/noticias\\\/una-fuerte-tormenta-causa-danos-en-baviera\\\/#newsarticle\",\"name\":\"Una fuerte tormenta causa da\\u00f1os en Baviera | Cand\\u00e1s 365\",\"headline\":\"Una fuerte tormenta causa da\\u00f1os en Baviera\",\"author\":{\"@id\":\"https:\\\/\\\/candas365.es\\\/noticias\\\/author\\\/admin\\\/#author\"},\"publisher\":{\"@id\":\"https:\\\/\\\/candas365.es\\\/noticias\\\/#organization\"},\"image\":{\"@type\":\"ImageObject\",\"url\":\"https:\\\/\\\/candas365.es\\\/noticias\\\/wp-content\\\/uploads\\\/2024\\\/07\\\/Una-fuerte-tormenta-causa-danos-en-Baviera.jpg\",\"width\":1022,\"height\":671,\"caption\":\"Un coche atrapado en una calle inundada y con granizo en Baviera. Foto: Michael Breher\\\/dpa\"},\"datePublished\":\"2024-07-14T21:55:36+02:00\",\"dateModified\":\"2024-07-14T21:55:36+02:00\",\"inLanguage\":\"es-ES\",\"mainEntityOfPage\":{\"@id\":\"https:\\\/\\\/candas365.es\\\/noticias\\\/una-fuerte-tormenta-causa-danos-en-baviera\\\/#webpage\"},\"isPartOf\":{\"@id\":\"https:\\\/\\\/candas365.es\\\/noticias\\\/una-fuerte-tormenta-causa-danos-en-baviera\\\/#webpage\"},\"articleSection\":\"Sucesos, Alemania, sucesos\",\"dateline\":\"Publicado el julio 14, 2024.\"},{\"@type\":\"Organization\",\"@id\":\"https:\\\/\\\/candas365.es\\\/noticias\\\/#organization\",\"name\":\"Cand\\u00e1s 365\",\"description\":\"Cand\\u00e1s 365 es un diario digital independiente, fundado en 2012, con base en Asturias. Informamos con rigor sobre actualidad, sociedad, cultura y ocio, con una mirada local y global.\",\"url\":\"https:\\\/\\\/candas365.es\\\/noticias\\\/\",\"email\":\"info@candas365.es\",\"telephone\":\"+34652131393\",\"foundingDate\":\"2012-06-10\",\"logo\":{\"@type\":\"ImageObject\",\"url\":\"https:\\\/\\\/candas365.es\\\/noticias\\\/wp-content\\\/uploads\\\/2024\\\/09\\\/Candas-365-Redes.jpg\",\"@id\":\"https:\\\/\\\/candas365.es\\\/noticias\\\/una-fuerte-tormenta-causa-danos-en-baviera\\\/#organizationLogo\",\"width\":1152,\"height\":864,\"caption\":\"Cand\\u00e1s 365 Redes\"},\"image\":{\"@id\":\"https:\\\/\\\/candas365.es\\\/noticias\\\/una-fuerte-tormenta-causa-danos-en-baviera\\\/#organizationLogo\"},\"sameAs\":[\"https:\\\/\\\/www.facebook.com\\\/Nachofdezber\",\"https:\\\/\\\/x.com\\\/NabercoDigital\",\"https:\\\/\\\/www.instagram.com\\\/nachofdezber\\\/\",\"https:\\\/\\\/www.youtube.com\\\/channel\\\/UCZP-2wLEB9Rv6erhFmqVnvg\"],\"address\":{\"@id\":\"https:\\\/\\\/candas365.es\\\/noticias\\\/#postaladdress\",\"@type\":\"PostalAddress\",\"streetAddress\":\"san antonio 4, san antonio 4\",\"postalCode\":\"33430\",\"addressLocality\":\"Cand\\u00e1s\",\"addressRegion\":\"Asturias\",\"addressCountry\":\"ES\"}},{\"@type\":\"Person\",\"@id\":\"https:\\\/\\\/candas365.es\\\/noticias\\\/author\\\/admin\\\/#author\",\"url\":\"https:\\\/\\\/candas365.es\\\/noticias\\\/author\\\/admin\\\/\",\"name\":\"Cand\\u00e1s 365\",\"image\":{\"@type\":\"ImageObject\",\"@id\":\"https:\\\/\\\/candas365.es\\\/noticias\\\/una-fuerte-tormenta-causa-danos-en-baviera\\\/#authorImage\",\"url\":\"https:\\\/\\\/secure.gravatar.com\\\/avatar\\\/496a8e03d0c493ede1718b7934145dbdf8d89be1036b0eec9544e1094c9de390?s=96&d=mm&r=g\",\"width\":96,\"height\":96,\"caption\":\"Cand\\u00e1s 365\"},\"sameAs\":[\"https:\\\/\\\/www.facebook.com\\\/carrenoactualidad\",\"https:\\\/\\\/twitter.com\\\/nbasturias\",\"https:\\\/\\\/www.instagram.com\\\/nachofdezber\\\/\",\"https:\\\/\\\/www.youtube.com\\\/channel\\\/UCZP-2wLEB9Rv6erhFmqVnvg\"]},{\"@type\":\"WebPage\",\"@id\":\"https:\\\/\\\/candas365.es\\\/noticias\\\/una-fuerte-tormenta-causa-danos-en-baviera\\\/#webpage\",\"url\":\"https:\\\/\\\/candas365.es\\\/noticias\\\/una-fuerte-tormenta-causa-danos-en-baviera\\\/\",\"name\":\"Una fuerte tormenta causa da\\u00f1os en Baviera | Cand\\u00e1s 365\",\"description\":\"M\\u00fanich, 13 jul (dpa) - Una fuerte tormenta provoc\\u00f3 inundaciones de carreteras y s\\u00f3tanos y cortes de tr\\u00e1fico debido a la ca\\u00edda de \\u00e1rboles en el estado federado\",\"inLanguage\":\"es-ES\",\"isPartOf\":{\"@id\":\"https:\\\/\\\/candas365.es\\\/noticias\\\/#website\"},\"breadcrumb\":{\"@id\":\"https:\\\/\\\/candas365.es\\\/noticias\\\/una-fuerte-tormenta-causa-danos-en-baviera\\\/#breadcrumblist\"},\"author\":{\"@id\":\"https:\\\/\\\/candas365.es\\\/noticias\\\/author\\\/admin\\\/#author\"},\"creator\":{\"@id\":\"https:\\\/\\\/candas365.es\\\/noticias\\\/author\\\/admin\\\/#author\"},\"image\":{\"@type\":\"ImageObject\",\"url\":\"https:\\\/\\\/candas365.es\\\/noticias\\\/wp-content\\\/uploads\\\/2024\\\/07\\\/Una-fuerte-tormenta-causa-danos-en-Baviera.jpg\",\"@id\":\"https:\\\/\\\/candas365.es\\\/noticias\\\/una-fuerte-tormenta-causa-danos-en-baviera\\\/#mainImage\",\"width\":1022,\"height\":671,\"caption\":\"Un coche atrapado en una calle inundada y con granizo en Baviera. Foto: Michael Breher\\\/dpa\"},\"primaryImageOfPage\":{\"@id\":\"https:\\\/\\\/candas365.es\\\/noticias\\\/una-fuerte-tormenta-causa-danos-en-baviera\\\/#mainImage\"},\"datePublished\":\"2024-07-14T21:55:36+02:00\",\"dateModified\":\"2024-07-14T21:55:36+02:00\"},{\"@type\":\"WebSite\",\"@id\":\"https:\\\/\\\/candas365.es\\\/noticias\\\/#website\",\"url\":\"https:\\\/\\\/candas365.es\\\/noticias\\\/\",\"name\":\"Cand\\u00e1s 365\",\"alternateName\":\"Cand\\u00e1s 365 Noticias\",\"description\":\"Actualidad desde Carre\\u00f1o para el mundo\",\"inLanguage\":\"es-ES\",\"publisher\":{\"@id\":\"https:\\\/\\\/candas365.es\\\/noticias\\\/#organization\"}}]}\n\t\t<\/script>\n\t\t<!-- All in One SEO Pro -->\r\n\t\t<title>Una fuerte tormenta causa da\u00f1os en Baviera | Cand\u00e1s 365<\/title>\n\n","aioseo_head_json":{"title":"Una fuerte tormenta causa da\u00f1os en Baviera | Cand\u00e1s 365","description":"M\u00fanich, 13 jul (dpa) - Una fuerte tormenta provoc\u00f3 inundaciones de carreteras y s\u00f3tanos y cortes de tr\u00e1fico debido a la ca\u00edda de \u00e1rboles en el estado federado","canonical_url":"https:\/\/candas365.es\/noticias\/una-fuerte-tormenta-causa-danos-en-baviera\/","robots":"max-image-preview:large","keywords":"sucesos","webmasterTools":{"google-site-verification":"UA-32230408-1","msvalidate.01":"354F3CDFB2DA171B47FBE9ABF1F88D5","miscellaneous":""},"schema":{"@context":"https:\/\/schema.org","@graph":[{"@type":"BreadcrumbList","@id":"https:\/\/candas365.es\/noticias\/una-fuerte-tormenta-causa-danos-en-baviera\/#breadcrumblist","itemListElement":[{"@type":"ListItem","@id":"https:\/\/candas365.es\/noticias#listItem","position":1,"name":"Home","item":"https:\/\/candas365.es\/noticias","nextItem":{"@type":"ListItem","@id":"https:\/\/candas365.es\/noticias\/category\/sucesos\/#listItem","name":"Sucesos"}},{"@type":"ListItem","@id":"https:\/\/candas365.es\/noticias\/category\/sucesos\/#listItem","position":2,"name":"Sucesos","item":"https:\/\/candas365.es\/noticias\/category\/sucesos\/","nextItem":{"@type":"ListItem","@id":"https:\/\/candas365.es\/noticias\/una-fuerte-tormenta-causa-danos-en-baviera\/#listItem","name":"Una fuerte tormenta causa da\u00f1os en Baviera"},"previousItem":{"@type":"ListItem","@id":"https:\/\/candas365.es\/noticias#listItem","name":"Home"}},{"@type":"ListItem","@id":"https:\/\/candas365.es\/noticias\/una-fuerte-tormenta-causa-danos-en-baviera\/#listItem","position":3,"name":"Una fuerte tormenta causa da\u00f1os en Baviera","previousItem":{"@type":"ListItem","@id":"https:\/\/candas365.es\/noticias\/category\/sucesos\/#listItem","name":"Sucesos"}}]},{"@type":"NewsArticle","@id":"https:\/\/candas365.es\/noticias\/una-fuerte-tormenta-causa-danos-en-baviera\/#newsarticle","name":"Una fuerte tormenta causa da\u00f1os en Baviera | Cand\u00e1s 365","headline":"Una fuerte tormenta causa da\u00f1os en Baviera","author":{"@id":"https:\/\/candas365.es\/noticias\/author\/admin\/#author"},"publisher":{"@id":"https:\/\/candas365.es\/noticias\/#organization"},"image":{"@type":"ImageObject","url":"https:\/\/candas365.es\/noticias\/wp-content\/uploads\/2024\/07\/Una-fuerte-tormenta-causa-danos-en-Baviera.jpg","width":1022,"height":671,"caption":"Un coche atrapado en una calle inundada y con granizo en Baviera. Foto: Michael Breher\/dpa"},"datePublished":"2024-07-14T21:55:36+02:00","dateModified":"2024-07-14T21:55:36+02:00","inLanguage":"es-ES","mainEntityOfPage":{"@id":"https:\/\/candas365.es\/noticias\/una-fuerte-tormenta-causa-danos-en-baviera\/#webpage"},"isPartOf":{"@id":"https:\/\/candas365.es\/noticias\/una-fuerte-tormenta-causa-danos-en-baviera\/#webpage"},"articleSection":"Sucesos, Alemania, sucesos","dateline":"Publicado el julio 14, 2024."},{"@type":"Organization","@id":"https:\/\/candas365.es\/noticias\/#organization","name":"Cand\u00e1s 365","description":"Cand\u00e1s 365 es un diario digital independiente, fundado en 2012, con base en Asturias. Informamos con rigor sobre actualidad, sociedad, cultura y ocio, con una mirada local y global.","url":"https:\/\/candas365.es\/noticias\/","email":"info@candas365.es","telephone":"+34652131393","foundingDate":"2012-06-10","logo":{"@type":"ImageObject","url":"https:\/\/candas365.es\/noticias\/wp-content\/uploads\/2024\/09\/Candas-365-Redes.jpg","@id":"https:\/\/candas365.es\/noticias\/una-fuerte-tormenta-causa-danos-en-baviera\/#organizationLogo","width":1152,"height":864,"caption":"Cand\u00e1s 365 Redes"},"image":{"@id":"https:\/\/candas365.es\/noticias\/una-fuerte-tormenta-causa-danos-en-baviera\/#organizationLogo"},"sameAs":["https:\/\/www.facebook.com\/Nachofdezber","https:\/\/x.com\/NabercoDigital","https:\/\/www.instagram.com\/nachofdezber\/","https:\/\/www.youtube.com\/channel\/UCZP-2wLEB9Rv6erhFmqVnvg"],"address":{"@id":"https:\/\/candas365.es\/noticias\/#postaladdress","@type":"PostalAddress","streetAddress":"san antonio 4, san antonio 4","postalCode":"33430","addressLocality":"Cand\u00e1s","addressRegion":"Asturias","addressCountry":"ES"}},{"@type":"Person","@id":"https:\/\/candas365.es\/noticias\/author\/admin\/#author","url":"https:\/\/candas365.es\/noticias\/author\/admin\/","name":"Cand\u00e1s 365","image":{"@type":"ImageObject","@id":"https:\/\/candas365.es\/noticias\/una-fuerte-tormenta-causa-danos-en-baviera\/#authorImage","url":"https:\/\/secure.gravatar.com\/avatar\/496a8e03d0c493ede1718b7934145dbdf8d89be1036b0eec9544e1094c9de390?s=96&d=mm&r=g","width":96,"height":96,"caption":"Cand\u00e1s 365"},"sameAs":["https:\/\/www.facebook.com\/carrenoactualidad","https:\/\/twitter.com\/nbasturias","https:\/\/www.instagram.com\/nachofdezber\/","https:\/\/www.youtube.com\/channel\/UCZP-2wLEB9Rv6erhFmqVnvg"]},{"@type":"WebPage","@id":"https:\/\/candas365.es\/noticias\/una-fuerte-tormenta-causa-danos-en-baviera\/#webpage","url":"https:\/\/candas365.es\/noticias\/una-fuerte-tormenta-causa-danos-en-baviera\/","name":"Una fuerte tormenta causa da\u00f1os en Baviera | Cand\u00e1s 365","description":"M\u00fanich, 13 jul (dpa) - Una fuerte tormenta provoc\u00f3 inundaciones de carreteras y s\u00f3tanos y cortes de tr\u00e1fico debido a la ca\u00edda de \u00e1rboles en el estado federado","inLanguage":"es-ES","isPartOf":{"@id":"https:\/\/candas365.es\/noticias\/#website"},"breadcrumb":{"@id":"https:\/\/candas365.es\/noticias\/una-fuerte-tormenta-causa-danos-en-baviera\/#breadcrumblist"},"author":{"@id":"https:\/\/candas365.es\/noticias\/author\/admin\/#author"},"creator":{"@id":"https:\/\/candas365.es\/noticias\/author\/admin\/#author"},"image":{"@type":"ImageObject","url":"https:\/\/candas365.es\/noticias\/wp-content\/uploads\/2024\/07\/Una-fuerte-tormenta-causa-danos-en-Baviera.jpg","@id":"https:\/\/candas365.es\/noticias\/una-fuerte-tormenta-causa-danos-en-baviera\/#mainImage","width":1022,"height":671,"caption":"Un coche atrapado en una calle inundada y con granizo en Baviera. Foto: Michael Breher\/dpa"},"primaryImageOfPage":{"@id":"https:\/\/candas365.es\/noticias\/una-fuerte-tormenta-causa-danos-en-baviera\/#mainImage"},"datePublished":"2024-07-14T21:55:36+02:00","dateModified":"2024-07-14T21:55:36+02:00"},{"@type":"WebSite","@id":"https:\/\/candas365.es\/noticias\/#website","url":"https:\/\/candas365.es\/noticias\/","name":"Cand\u00e1s 365","alternateName":"Cand\u00e1s 365 Noticias","description":"Actualidad desde Carre\u00f1o para el mundo","inLanguage":"es-ES","publisher":{"@id":"https:\/\/candas365.es\/noticias\/#organization"}}]},"og:locale":"es_ES","og:site_name":"Cand\u00e1s 365","og:type":"article","og:title":"Una fuerte tormenta causa da\u00f1os en Baviera | Cand\u00e1s 365","og:description":"M\u00fanich, 13 jul (dpa) - Una fuerte tormenta provoc\u00f3 inundaciones de carreteras y s\u00f3tanos y cortes de tr\u00e1fico debido a la ca\u00edda de \u00e1rboles en el estado federado","og:url":"https:\/\/candas365.es\/noticias\/una-fuerte-tormenta-causa-danos-en-baviera\/","og:image":"https:\/\/candas365.es\/noticias\/wp-content\/uploads\/2024\/07\/Una-fuerte-tormenta-causa-danos-en-Baviera.jpg","og:image:secure_url":"https:\/\/candas365.es\/noticias\/wp-content\/uploads\/2024\/07\/Una-fuerte-tormenta-causa-danos-en-Baviera.jpg","og:image:width":1022,"og:image:height":671,"article:published_time":"2024-07-14T19:55:36+00:00","article:modified_time":"2024-07-14T19:55:36+00:00","article:publisher":"https:\/\/www.facebook.com\/Nachofdezber","article:author":"https:\/\/www.facebook.com\/carrenoactualidad","twitter:card":"summary_large_image","twitter:site":"@NabercoDigital","twitter:title":"Una fuerte tormenta causa da\u00f1os en Baviera | Cand\u00e1s 365","twitter:description":"M\u00fanich, 13 jul (dpa) - Una fuerte tormenta provoc\u00f3 inundaciones de carreteras y s\u00f3tanos y cortes de tr\u00e1fico debido a la ca\u00edda de \u00e1rboles en el estado federado","twitter:creator":"@nbasturias","twitter:image":"https:\/\/candas365.es\/noticias\/wp-content\/uploads\/2024\/07\/Una-fuerte-tormenta-causa-danos-en-Baviera.jpg","twitter:label1":"Escrito por","twitter:data1":"Cand\u00e1s 365","twitter:label2":"Tiempo de lectura estimado","twitter:data2":"1 minuto"},"aioseo_meta_data":{"post_id":"182267","title":null,"description":"M\u00fanich, 13 jul (dpa) - Una fuerte tormenta provoc\u00f3 inundaciones de carreteras y s\u00f3tanos y cortes de tr\u00e1fico debido a la ca\u00edda de \u00e1rboles en el estado federado","keywords":null,"keyphrases":{"focus":{"keyphrase":"tormenta","score":78,"analysis":{"keyphraseInTitle":{"score":9,"maxScore":9,"error":0},"keyphraseInDescription":{"score":9,"maxScore":9,"error":0},"keyphraseLength":{"score":9,"maxScore":9,"error":0,"length":1},"keyphraseInURL":{"score":1,"maxScore":5,"error":1},"keyphraseInIntroduction":{"score":9,"maxScore":9,"error":0},"keyphraseInSubHeadings":[],"keyphraseInImageAlt":{"score":9,"maxScore":9,"error":0},"keywordDensity":{"score":0,"type":"low","maxScore":9,"error":1}}},"additional":[{"keyphrase":"tormenta","score":80,"analysis":{"keyphraseInDescription":{"score":9,"maxScore":9,"error":0},"keyphraseLength":{"score":9,"maxScore":9,"error":0,"length":1},"keyphraseInIntroduction":{"score":9,"maxScore":9,"error":0},"keyphraseInImageAlt":{"score":9,"maxScore":9,"error":0},"keywordDensity":{"score":0,"type":"low","maxScore":9,"error":1}}}]},"primary_term":null,"canonical_url":null,"og_title":null,"og_description":null,"og_object_type":"default","og_image_type":"default","og_image_url":null,"og_image_width":null,"og_image_height":null,"og_image_custom_url":null,"og_image_custom_fields":null,"og_video":"","og_custom_url":null,"og_article_section":null,"og_article_tags":null,"twitter_use_og":false,"twitter_card":"default","twitter_image_type":"default","twitter_image_url":null,"twitter_image_custom_url":null,"twitter_image_custom_fields":null,"twitter_title":null,"twitter_description":null,"schema":{"blockGraphs":[],"customGraphs":[],"default":{"data":{"Article":[],"Course":[],"Dataset":[],"FAQPage":[],"Movie":[],"Person":[],"Product":[],"ProductReview":[],"Car":[],"Recipe":[],"Service":[],"SoftwareApplication":[],"WebPage":[]},"graphName":"Article","isEnabled":true},"graphs":[]},"schema_type":"default","schema_type_options":null,"pillar_content":false,"robots_default":true,"robots_noindex":false,"robots_noarchive":false,"robots_nosnippet":false,"robots_nofollow":false,"robots_noimageindex":false,"robots_noodp":false,"robots_notranslate":false,"robots_max_snippet":"-1","robots_max_videopreview":"-1","robots_max_imagepreview":"large","priority":null,"frequency":"default","location":null,"local_seo":null,"seo_analyzer_scan_date":"2025-09-02 12:39:14","breadcrumb_settings":null,"limit_modified_date":false,"reviewed_by":null,"open_ai":"{\"title\":{\"suggestions\":[],\"usage\":0},\"description\":{\"suggestions\":[],\"usage\":0}}","ai":null,"created":"2024-07-14 19:51:00","updated":"2025-09-02 12:39:14"},"aioseo_breadcrumb":"<div class=\"aioseo-breadcrumbs\"><span class=\"aioseo-breadcrumb\">\n\t<a href=\"https:\/\/candas365.es\/noticias\" title=\"Home\">Home<\/a>\n<\/span><span class=\"aioseo-breadcrumb-separator\">&ndash;<\/span><span class=\"aioseo-breadcrumb\">\n\t<a href=\"https:\/\/candas365.es\/noticias\/category\/sucesos\/\" title=\"Sucesos\">Sucesos<\/a>\n<\/span><span class=\"aioseo-breadcrumb-separator\">&ndash;<\/span><span class=\"aioseo-breadcrumb\">\n\tUna fuerte tormenta causa da\u00f1os en Baviera\n<\/span><\/div>","aioseo_breadcrumb_json":[{"label":"Home","link":"https:\/\/candas365.es\/noticias"},{"label":"Sucesos","link":"https:\/\/candas365.es\/noticias\/category\/sucesos\/"},{"label":"Una fuerte tormenta causa da\u00f1os en Baviera","link":"https:\/\/candas365.es\/noticias\/una-fuerte-tormenta-causa-danos-en-baviera\/"}],"_links":{"self":[{"href":"https:\/\/candas365.es\/noticias\/wp-json\/wp\/v2\/posts\/182267","targetHints":{"allow":["GET"]}}],"collection":[{"href":"https:\/\/candas365.es\/noticias\/wp-json\/wp\/v2\/posts"}],"about":[{"href":"https:\/\/candas365.es\/noticias\/wp-json\/wp\/v2\/types\/post"}],"author":[{"embeddable":true,"href":"https:\/\/candas365.es\/noticias\/wp-json\/wp\/v2\/users\/1"}],"replies":[{"embeddable":true,"href":"https:\/\/candas365.es\/noticias\/wp-json\/wp\/v2\/comments?post=182267"}],"version-history":[{"count":0,"href":"https:\/\/candas365.es\/noticias\/wp-json\/wp\/v2\/posts\/182267\/revisions"}],"wp:featuredmedia":[{"embeddable":true,"href":"https:\/\/candas365.es\/noticias\/wp-json\/wp\/v2\/media\/182268"}],"wp:attachment":[{"href":"https:\/\/candas365.es\/noticias\/wp-json\/wp\/v2\/media?parent=182267"}],"wp:term":[{"taxonomy":"category","embeddable":true,"href":"https:\/\/candas365.es\/noticias\/wp-json\/wp\/v2\/categories?post=182267"},{"taxonomy":"post_tag","embeddable":true,"href":"https:\/\/candas365.es\/noticias\/wp-json\/wp\/v2\/tags?post=182267"}],"curies":[{"name":"wp","href":"https:\/\/api.w.org\/{rel}","templated":true}]}}