{"id":182054,"date":"2024-06-26T17:12:18","date_gmt":"2024-06-26T15:12:18","guid":{"rendered":"https:\/\/candas365.es\/noticias\/?p=182054"},"modified":"2024-06-26T17:12:18","modified_gmt":"2024-06-26T15:12:18","slug":"el-magacin-jot-down-ha-creado-el-ecopaquete-literario","status":"publish","type":"post","link":"https:\/\/candas365.es\/noticias\/el-magacin-jot-down-ha-creado-el-ecopaquete-literario\/","title":{"rendered":"El magac\u00edn \u00abJot Down\u00bb ha creado el \u00abEcopaquete Literario\u00bb"},"content":{"rendered":"<p>El magac\u00edn &#8216;Jot Down&#8217; ha creado el &#8216;Ecopaquete Literario&#8217;, una iniciativa cuyo objetivo es ofrecer gratuitamente <a href=\"https:\/\/candas365.es\/noticias\/tag\/cultura\/\"><span style=\"color: #ff6600;\"><strong>libros y revistas<\/strong><\/span><\/a> que iban destinados al reciclaje. De esta forma, esta campa\u00f1a permite a los lectores adquirir gratuitamente una selecci\u00f3n de sus libros y revistas m\u00e1s ic\u00f3nicos pagando solamente los gastos de env\u00edo.<\/p>\n<figure id=\"attachment_182055\" aria-describedby=\"caption-attachment-182055\" style=\"width: 650px\" class=\"wp-caption aligncenter\"><img fetchpriority=\"high\" decoding=\"async\" class=\"size-large wp-image-182055\" src=\"https:\/\/candas365.es\/noticias\/wp-content\/uploads\/2024\/06\/Jot-Down-650x462.jpg\" alt=\"Jot Down\" width=\"650\" height=\"462\" srcset=\"https:\/\/candas365.es\/noticias\/wp-content\/uploads\/2024\/06\/Jot-Down-650x462.jpg 650w, https:\/\/candas365.es\/noticias\/wp-content\/uploads\/2024\/06\/Jot-Down-360x256.jpg 360w, https:\/\/candas365.es\/noticias\/wp-content\/uploads\/2024\/06\/Jot-Down-768x546.jpg 768w, https:\/\/candas365.es\/noticias\/wp-content\/uploads\/2024\/06\/Jot-Down-150x107.jpg 150w, https:\/\/candas365.es\/noticias\/wp-content\/uploads\/2024\/06\/Jot-Down-450x320.jpg 450w, https:\/\/candas365.es\/noticias\/wp-content\/uploads\/2024\/06\/Jot-Down.jpg 919w\" sizes=\"(max-width: 650px) 100vw, 650px\" \/><figcaption id=\"caption-attachment-182055\" class=\"wp-caption-text\">Foto: Servimedia<\/figcaption><\/figure>\n<p>La publicaci\u00f3n explica que, \u00abm\u00e1s que simplemente salvar libros del olvido, &#8216;Jot Down&#8217; ha cultivado una comunidad lectora consciente del impacto ambiental de sus h\u00e1bitos de consumo\u00bb, ya que el ciclo de \u00abproducci\u00f3n y destrucci\u00f3n\u00bb de publicaciones se ha visto interrumpido con esta iniciativa.<\/p>\n<p>La idea surgi\u00f3 de una necesidad log\u00edstica, seg\u00fan manifest\u00f3 el editor de &#8216;Jot Down&#8217; \u00c1ngel L. Fern\u00e1ndez, en redes sociales: \u00abAyer decidimos que el lunes llevar\u00edamos a reciclar cuatro palets de libros y revistas porque necesitamos sitio en la nave. No he dormido pensando en ello. Y \u00a1eureka! surgi\u00f3 esta idea y acabamos de registrar el pedido n\u00famero 500. Que orgullo de comunidad de lectores\u00bb.<\/p>\n<p>En 48 horas, la iniciativa alcanz\u00f3 las 500 peticiones que ya se han enviado en su mayor\u00eda. \u00abEsto refleja no solo el amor por la lectura, sino tambi\u00e9n un compromiso creciente con la sostenibilidad. Este movimiento no solo da nueva vida a libros y revistas, sino que tambi\u00e9n propone una reflexi\u00f3n m\u00e1s amplia sobre c\u00f3mo consumimos y valoramos los recursos culturales\u00bb, se\u00f1al\u00f3 Fern\u00e1ndez.<\/p>\n<p>(<a href=\"https:\/\/www.servimedia.es\/\" target=\"_blank\" rel=\"noopener\"><span style=\"color: #ff6600;\"><strong>SERVIMEDIA<\/strong><\/span><\/a>)<\/p>\n","protected":false},"excerpt":{"rendered":"<p>El magac\u00edn &#8216;Jot Down&#8217; ha creado el &#8216;Ecopaquete Literario&#8217;, una iniciativa cuyo objetivo es ofrecer gratuitamente libros y revistas que iban destinados al reciclaje. De esta forma, esta campa\u00f1a permite a los lectores adquirir gratuitamente una selecci\u00f3n de sus libros y revistas m\u00e1s ic\u00f3nicos pagando solamente los gastos de env\u00edo. La publicaci\u00f3n explica que, \u00abm\u00e1s<\/p>\n","protected":false},"author":1,"featured_media":182055,"comment_status":"closed","ping_status":"closed","sticky":false,"template":"","format":"standard","meta":{"footnotes":""},"categories":[142],"tags":[430,465],"class_list":{"0":"post-182054","1":"post","2":"type-post","3":"status-publish","4":"format-standard","5":"has-post-thumbnail","7":"category-revista","8":"tag-cultura","9":"tag-ocio"},"aioseo_notices":[],"aioseo_head":"\n\t\t<!-- All in One SEO Pro 4.9.6.2 - aioseo.com -->\n\t<meta name=\"description\" content=\"El magac\u00edn &#039;Jot Down&#039; ha creado el &#039;Ecopaquete Literario&#039;, una iniciativa cuyo objetivo es ofrecer gratuitamente libros y revistas que iban destinados al reciclaje\" \/>\n\t<meta name=\"robots\" content=\"max-image-preview:large\" \/>\n\t<meta name=\"author\" content=\"Cand\u00e1s 365\"\/>\n\t<meta name=\"google-site-verification\" content=\"UA-32230408-1\" \/>\n\t<meta name=\"msvalidate.01\" content=\"354F3CDFB2DA171B47FBE9ABF1F88D5\" \/>\n\t<meta name=\"keywords\" content=\"revista\" \/>\n\t<link rel=\"canonical\" href=\"https:\/\/candas365.es\/noticias\/el-magacin-jot-down-ha-creado-el-ecopaquete-literario\/\" \/>\n\t<meta name=\"generator\" content=\"All in One SEO Pro (AIOSEO) 4.9.6.2\" \/>\n\t\t<meta property=\"og:locale\" content=\"es_ES\" \/>\n\t\t<meta property=\"og:site_name\" content=\"Cand\u00e1s 365\" \/>\n\t\t<meta property=\"og:type\" content=\"article\" \/>\n\t\t<meta property=\"og:title\" content=\"El magac\u00edn \u00abJot Down\u00bb ha creado el \u00abEcopaquete Literario\u00bb | Cand\u00e1s 365\" \/>\n\t\t<meta property=\"og:description\" content=\"El magac\u00edn &#039;Jot Down&#039; ha creado el &#039;Ecopaquete Literario&#039;, una iniciativa cuyo objetivo es ofrecer gratuitamente libros y revistas que iban destinados al reciclaje\" \/>\n\t\t<meta property=\"og:url\" content=\"https:\/\/candas365.es\/noticias\/el-magacin-jot-down-ha-creado-el-ecopaquete-literario\/\" \/>\n\t\t<meta property=\"og:image\" content=\"https:\/\/candas365.es\/noticias\/wp-content\/uploads\/2024\/06\/Jot-Down.jpg\" \/>\n\t\t<meta property=\"og:image:secure_url\" content=\"https:\/\/candas365.es\/noticias\/wp-content\/uploads\/2024\/06\/Jot-Down.jpg\" \/>\n\t\t<meta property=\"og:image:width\" content=\"919\" \/>\n\t\t<meta property=\"og:image:height\" content=\"653\" \/>\n\t\t<meta property=\"article:published_time\" content=\"2024-06-26T15:12:18+00:00\" \/>\n\t\t<meta property=\"article:modified_time\" content=\"2024-06-26T15:12:18+00:00\" \/>\n\t\t<meta property=\"article:publisher\" content=\"https:\/\/www.facebook.com\/Nachofdezber\" \/>\n\t\t<meta property=\"article:author\" content=\"https:\/\/www.facebook.com\/carrenoactualidad\" \/>\n\t\t<meta name=\"twitter:card\" content=\"summary_large_image\" \/>\n\t\t<meta name=\"twitter:site\" content=\"@NabercoDigital\" \/>\n\t\t<meta name=\"twitter:title\" content=\"El magac\u00edn \u00abJot Down\u00bb ha creado el \u00abEcopaquete Literario\u00bb | Cand\u00e1s 365\" \/>\n\t\t<meta name=\"twitter:description\" content=\"El magac\u00edn &#039;Jot Down&#039; ha creado el &#039;Ecopaquete Literario&#039;, una iniciativa cuyo objetivo es ofrecer gratuitamente libros y revistas que iban destinados al reciclaje\" \/>\n\t\t<meta name=\"twitter:creator\" content=\"@nbasturias\" \/>\n\t\t<meta name=\"twitter:image\" content=\"https:\/\/candas365.es\/noticias\/wp-content\/uploads\/2024\/06\/Jot-Down.jpg\" \/>\n\t\t<meta name=\"twitter:label1\" content=\"Escrito por\" \/>\n\t\t<meta name=\"twitter:data1\" content=\"Cand\u00e1s 365\" \/>\n\t\t<meta name=\"twitter:label2\" content=\"Tiempo de lectura estimado\" \/>\n\t\t<meta name=\"twitter:data2\" content=\"1 minuto\" \/>\n\t\t<script type=\"application\/ld+json\" class=\"aioseo-schema\">\n\t\t\t{\"@context\":\"https:\\\/\\\/schema.org\",\"@graph\":[{\"@type\":\"BreadcrumbList\",\"@id\":\"https:\\\/\\\/candas365.es\\\/noticias\\\/el-magacin-jot-down-ha-creado-el-ecopaquete-literario\\\/#breadcrumblist\",\"itemListElement\":[{\"@type\":\"ListItem\",\"@id\":\"https:\\\/\\\/candas365.es\\\/noticias#listItem\",\"position\":1,\"name\":\"Home\",\"item\":\"https:\\\/\\\/candas365.es\\\/noticias\",\"nextItem\":{\"@type\":\"ListItem\",\"@id\":\"https:\\\/\\\/candas365.es\\\/noticias\\\/category\\\/revista\\\/#listItem\",\"name\":\"Revista\"}},{\"@type\":\"ListItem\",\"@id\":\"https:\\\/\\\/candas365.es\\\/noticias\\\/category\\\/revista\\\/#listItem\",\"position\":2,\"name\":\"Revista\",\"item\":\"https:\\\/\\\/candas365.es\\\/noticias\\\/category\\\/revista\\\/\",\"nextItem\":{\"@type\":\"ListItem\",\"@id\":\"https:\\\/\\\/candas365.es\\\/noticias\\\/el-magacin-jot-down-ha-creado-el-ecopaquete-literario\\\/#listItem\",\"name\":\"El magac\\u00edn \\u00abJot Down\\u00bb ha creado el \\u00abEcopaquete Literario\\u00bb\"},\"previousItem\":{\"@type\":\"ListItem\",\"@id\":\"https:\\\/\\\/candas365.es\\\/noticias#listItem\",\"name\":\"Home\"}},{\"@type\":\"ListItem\",\"@id\":\"https:\\\/\\\/candas365.es\\\/noticias\\\/el-magacin-jot-down-ha-creado-el-ecopaquete-literario\\\/#listItem\",\"position\":3,\"name\":\"El magac\\u00edn \\u00abJot Down\\u00bb ha creado el \\u00abEcopaquete Literario\\u00bb\",\"previousItem\":{\"@type\":\"ListItem\",\"@id\":\"https:\\\/\\\/candas365.es\\\/noticias\\\/category\\\/revista\\\/#listItem\",\"name\":\"Revista\"}}]},{\"@type\":\"NewsArticle\",\"@id\":\"https:\\\/\\\/candas365.es\\\/noticias\\\/el-magacin-jot-down-ha-creado-el-ecopaquete-literario\\\/#newsarticle\",\"name\":\"El magac\\u00edn \\u00abJot Down\\u00bb ha creado el \\u00abEcopaquete Literario\\u00bb | Cand\\u00e1s 365\",\"headline\":\"El magac\\u00edn \\u00abJot Down\\u00bb ha creado el \\u00abEcopaquete Literario\\u00bb\",\"author\":{\"@id\":\"https:\\\/\\\/candas365.es\\\/noticias\\\/author\\\/admin\\\/#author\"},\"publisher\":{\"@id\":\"https:\\\/\\\/candas365.es\\\/noticias\\\/#organization\"},\"image\":{\"@type\":\"ImageObject\",\"url\":\"https:\\\/\\\/candas365.es\\\/noticias\\\/wp-content\\\/uploads\\\/2024\\\/06\\\/Jot-Down.jpg\",\"width\":919,\"height\":653,\"caption\":\"Foto: Servimedia\"},\"datePublished\":\"2024-06-26T17:12:18+02:00\",\"dateModified\":\"2024-06-26T17:12:18+02:00\",\"inLanguage\":\"es-ES\",\"mainEntityOfPage\":{\"@id\":\"https:\\\/\\\/candas365.es\\\/noticias\\\/el-magacin-jot-down-ha-creado-el-ecopaquete-literario\\\/#webpage\"},\"isPartOf\":{\"@id\":\"https:\\\/\\\/candas365.es\\\/noticias\\\/el-magacin-jot-down-ha-creado-el-ecopaquete-literario\\\/#webpage\"},\"articleSection\":\"Revista, cultura, Ocio\",\"dateline\":\"Publicado el junio 26, 2024.\"},{\"@type\":\"Organization\",\"@id\":\"https:\\\/\\\/candas365.es\\\/noticias\\\/#organization\",\"name\":\"Cand\\u00e1s 365\",\"description\":\"Cand\\u00e1s 365 es un diario digital independiente, fundado en 2012, con base en Asturias. Informamos con rigor sobre actualidad, sociedad, cultura y ocio, con una mirada local y global.\",\"url\":\"https:\\\/\\\/candas365.es\\\/noticias\\\/\",\"email\":\"info@candas365.es\",\"telephone\":\"+34652131393\",\"foundingDate\":\"2012-06-10\",\"logo\":{\"@type\":\"ImageObject\",\"url\":\"https:\\\/\\\/candas365.es\\\/noticias\\\/wp-content\\\/uploads\\\/2024\\\/09\\\/Candas-365-Redes.jpg\",\"@id\":\"https:\\\/\\\/candas365.es\\\/noticias\\\/el-magacin-jot-down-ha-creado-el-ecopaquete-literario\\\/#organizationLogo\",\"width\":1152,\"height\":864,\"caption\":\"Cand\\u00e1s 365 Redes\"},\"image\":{\"@id\":\"https:\\\/\\\/candas365.es\\\/noticias\\\/el-magacin-jot-down-ha-creado-el-ecopaquete-literario\\\/#organizationLogo\"},\"sameAs\":[\"https:\\\/\\\/www.facebook.com\\\/Nachofdezber\",\"https:\\\/\\\/x.com\\\/NabercoDigital\",\"https:\\\/\\\/www.instagram.com\\\/nachofdezber\\\/\",\"https:\\\/\\\/www.youtube.com\\\/channel\\\/UCZP-2wLEB9Rv6erhFmqVnvg\"],\"address\":{\"@id\":\"https:\\\/\\\/candas365.es\\\/noticias\\\/#postaladdress\",\"@type\":\"PostalAddress\",\"streetAddress\":\"san antonio 4, san antonio 4\",\"postalCode\":\"33430\",\"addressLocality\":\"Cand\\u00e1s\",\"addressRegion\":\"Asturias\",\"addressCountry\":\"ES\"}},{\"@type\":\"Person\",\"@id\":\"https:\\\/\\\/candas365.es\\\/noticias\\\/author\\\/admin\\\/#author\",\"url\":\"https:\\\/\\\/candas365.es\\\/noticias\\\/author\\\/admin\\\/\",\"name\":\"Cand\\u00e1s 365\",\"image\":{\"@type\":\"ImageObject\",\"@id\":\"https:\\\/\\\/candas365.es\\\/noticias\\\/el-magacin-jot-down-ha-creado-el-ecopaquete-literario\\\/#authorImage\",\"url\":\"https:\\\/\\\/secure.gravatar.com\\\/avatar\\\/496a8e03d0c493ede1718b7934145dbdf8d89be1036b0eec9544e1094c9de390?s=96&d=mm&r=g\",\"width\":96,\"height\":96,\"caption\":\"Cand\\u00e1s 365\"},\"sameAs\":[\"https:\\\/\\\/www.facebook.com\\\/carrenoactualidad\",\"https:\\\/\\\/twitter.com\\\/nbasturias\",\"https:\\\/\\\/www.instagram.com\\\/nachofdezber\\\/\",\"https:\\\/\\\/www.youtube.com\\\/channel\\\/UCZP-2wLEB9Rv6erhFmqVnvg\"]},{\"@type\":\"WebPage\",\"@id\":\"https:\\\/\\\/candas365.es\\\/noticias\\\/el-magacin-jot-down-ha-creado-el-ecopaquete-literario\\\/#webpage\",\"url\":\"https:\\\/\\\/candas365.es\\\/noticias\\\/el-magacin-jot-down-ha-creado-el-ecopaquete-literario\\\/\",\"name\":\"El magac\\u00edn \\u00abJot Down\\u00bb ha creado el \\u00abEcopaquete Literario\\u00bb | Cand\\u00e1s 365\",\"description\":\"El magac\\u00edn 'Jot Down' ha creado el 'Ecopaquete Literario', una iniciativa cuyo objetivo es ofrecer gratuitamente libros y revistas que iban destinados al reciclaje\",\"inLanguage\":\"es-ES\",\"isPartOf\":{\"@id\":\"https:\\\/\\\/candas365.es\\\/noticias\\\/#website\"},\"breadcrumb\":{\"@id\":\"https:\\\/\\\/candas365.es\\\/noticias\\\/el-magacin-jot-down-ha-creado-el-ecopaquete-literario\\\/#breadcrumblist\"},\"author\":{\"@id\":\"https:\\\/\\\/candas365.es\\\/noticias\\\/author\\\/admin\\\/#author\"},\"creator\":{\"@id\":\"https:\\\/\\\/candas365.es\\\/noticias\\\/author\\\/admin\\\/#author\"},\"image\":{\"@type\":\"ImageObject\",\"url\":\"https:\\\/\\\/candas365.es\\\/noticias\\\/wp-content\\\/uploads\\\/2024\\\/06\\\/Jot-Down.jpg\",\"@id\":\"https:\\\/\\\/candas365.es\\\/noticias\\\/el-magacin-jot-down-ha-creado-el-ecopaquete-literario\\\/#mainImage\",\"width\":919,\"height\":653,\"caption\":\"Foto: Servimedia\"},\"primaryImageOfPage\":{\"@id\":\"https:\\\/\\\/candas365.es\\\/noticias\\\/el-magacin-jot-down-ha-creado-el-ecopaquete-literario\\\/#mainImage\"},\"datePublished\":\"2024-06-26T17:12:18+02:00\",\"dateModified\":\"2024-06-26T17:12:18+02:00\"},{\"@type\":\"WebSite\",\"@id\":\"https:\\\/\\\/candas365.es\\\/noticias\\\/#website\",\"url\":\"https:\\\/\\\/candas365.es\\\/noticias\\\/\",\"name\":\"Cand\\u00e1s 365\",\"alternateName\":\"Cand\\u00e1s 365 Noticias\",\"description\":\"Actualidad desde Carre\\u00f1o para el mundo\",\"inLanguage\":\"es-ES\",\"publisher\":{\"@id\":\"https:\\\/\\\/candas365.es\\\/noticias\\\/#organization\"}}]}\n\t\t<\/script>\n\t\t<!-- All in One SEO Pro -->\r\n\t\t<title>El magac\u00edn \u00abJot Down\u00bb ha creado el \u00abEcopaquete Literario\u00bb | Cand\u00e1s 365<\/title>\n\n","aioseo_head_json":{"title":"El magac\u00edn \u00abJot Down\u00bb ha creado el \u00abEcopaquete Literario\u00bb | Cand\u00e1s 365","description":"El magac\u00edn 'Jot Down' ha creado el 'Ecopaquete Literario', una iniciativa cuyo objetivo es ofrecer gratuitamente libros y revistas que iban destinados al reciclaje","canonical_url":"https:\/\/candas365.es\/noticias\/el-magacin-jot-down-ha-creado-el-ecopaquete-literario\/","robots":"max-image-preview:large","keywords":"revista","webmasterTools":{"google-site-verification":"UA-32230408-1","msvalidate.01":"354F3CDFB2DA171B47FBE9ABF1F88D5","miscellaneous":""},"schema":{"@context":"https:\/\/schema.org","@graph":[{"@type":"BreadcrumbList","@id":"https:\/\/candas365.es\/noticias\/el-magacin-jot-down-ha-creado-el-ecopaquete-literario\/#breadcrumblist","itemListElement":[{"@type":"ListItem","@id":"https:\/\/candas365.es\/noticias#listItem","position":1,"name":"Home","item":"https:\/\/candas365.es\/noticias","nextItem":{"@type":"ListItem","@id":"https:\/\/candas365.es\/noticias\/category\/revista\/#listItem","name":"Revista"}},{"@type":"ListItem","@id":"https:\/\/candas365.es\/noticias\/category\/revista\/#listItem","position":2,"name":"Revista","item":"https:\/\/candas365.es\/noticias\/category\/revista\/","nextItem":{"@type":"ListItem","@id":"https:\/\/candas365.es\/noticias\/el-magacin-jot-down-ha-creado-el-ecopaquete-literario\/#listItem","name":"El magac\u00edn \u00abJot Down\u00bb ha creado el \u00abEcopaquete Literario\u00bb"},"previousItem":{"@type":"ListItem","@id":"https:\/\/candas365.es\/noticias#listItem","name":"Home"}},{"@type":"ListItem","@id":"https:\/\/candas365.es\/noticias\/el-magacin-jot-down-ha-creado-el-ecopaquete-literario\/#listItem","position":3,"name":"El magac\u00edn \u00abJot Down\u00bb ha creado el \u00abEcopaquete Literario\u00bb","previousItem":{"@type":"ListItem","@id":"https:\/\/candas365.es\/noticias\/category\/revista\/#listItem","name":"Revista"}}]},{"@type":"NewsArticle","@id":"https:\/\/candas365.es\/noticias\/el-magacin-jot-down-ha-creado-el-ecopaquete-literario\/#newsarticle","name":"El magac\u00edn \u00abJot Down\u00bb ha creado el \u00abEcopaquete Literario\u00bb | Cand\u00e1s 365","headline":"El magac\u00edn \u00abJot Down\u00bb ha creado el \u00abEcopaquete Literario\u00bb","author":{"@id":"https:\/\/candas365.es\/noticias\/author\/admin\/#author"},"publisher":{"@id":"https:\/\/candas365.es\/noticias\/#organization"},"image":{"@type":"ImageObject","url":"https:\/\/candas365.es\/noticias\/wp-content\/uploads\/2024\/06\/Jot-Down.jpg","width":919,"height":653,"caption":"Foto: Servimedia"},"datePublished":"2024-06-26T17:12:18+02:00","dateModified":"2024-06-26T17:12:18+02:00","inLanguage":"es-ES","mainEntityOfPage":{"@id":"https:\/\/candas365.es\/noticias\/el-magacin-jot-down-ha-creado-el-ecopaquete-literario\/#webpage"},"isPartOf":{"@id":"https:\/\/candas365.es\/noticias\/el-magacin-jot-down-ha-creado-el-ecopaquete-literario\/#webpage"},"articleSection":"Revista, cultura, Ocio","dateline":"Publicado el junio 26, 2024."},{"@type":"Organization","@id":"https:\/\/candas365.es\/noticias\/#organization","name":"Cand\u00e1s 365","description":"Cand\u00e1s 365 es un diario digital independiente, fundado en 2012, con base en Asturias. Informamos con rigor sobre actualidad, sociedad, cultura y ocio, con una mirada local y global.","url":"https:\/\/candas365.es\/noticias\/","email":"info@candas365.es","telephone":"+34652131393","foundingDate":"2012-06-10","logo":{"@type":"ImageObject","url":"https:\/\/candas365.es\/noticias\/wp-content\/uploads\/2024\/09\/Candas-365-Redes.jpg","@id":"https:\/\/candas365.es\/noticias\/el-magacin-jot-down-ha-creado-el-ecopaquete-literario\/#organizationLogo","width":1152,"height":864,"caption":"Cand\u00e1s 365 Redes"},"image":{"@id":"https:\/\/candas365.es\/noticias\/el-magacin-jot-down-ha-creado-el-ecopaquete-literario\/#organizationLogo"},"sameAs":["https:\/\/www.facebook.com\/Nachofdezber","https:\/\/x.com\/NabercoDigital","https:\/\/www.instagram.com\/nachofdezber\/","https:\/\/www.youtube.com\/channel\/UCZP-2wLEB9Rv6erhFmqVnvg"],"address":{"@id":"https:\/\/candas365.es\/noticias\/#postaladdress","@type":"PostalAddress","streetAddress":"san antonio 4, san antonio 4","postalCode":"33430","addressLocality":"Cand\u00e1s","addressRegion":"Asturias","addressCountry":"ES"}},{"@type":"Person","@id":"https:\/\/candas365.es\/noticias\/author\/admin\/#author","url":"https:\/\/candas365.es\/noticias\/author\/admin\/","name":"Cand\u00e1s 365","image":{"@type":"ImageObject","@id":"https:\/\/candas365.es\/noticias\/el-magacin-jot-down-ha-creado-el-ecopaquete-literario\/#authorImage","url":"https:\/\/secure.gravatar.com\/avatar\/496a8e03d0c493ede1718b7934145dbdf8d89be1036b0eec9544e1094c9de390?s=96&d=mm&r=g","width":96,"height":96,"caption":"Cand\u00e1s 365"},"sameAs":["https:\/\/www.facebook.com\/carrenoactualidad","https:\/\/twitter.com\/nbasturias","https:\/\/www.instagram.com\/nachofdezber\/","https:\/\/www.youtube.com\/channel\/UCZP-2wLEB9Rv6erhFmqVnvg"]},{"@type":"WebPage","@id":"https:\/\/candas365.es\/noticias\/el-magacin-jot-down-ha-creado-el-ecopaquete-literario\/#webpage","url":"https:\/\/candas365.es\/noticias\/el-magacin-jot-down-ha-creado-el-ecopaquete-literario\/","name":"El magac\u00edn \u00abJot Down\u00bb ha creado el \u00abEcopaquete Literario\u00bb | Cand\u00e1s 365","description":"El magac\u00edn 'Jot Down' ha creado el 'Ecopaquete Literario', una iniciativa cuyo objetivo es ofrecer gratuitamente libros y revistas que iban destinados al reciclaje","inLanguage":"es-ES","isPartOf":{"@id":"https:\/\/candas365.es\/noticias\/#website"},"breadcrumb":{"@id":"https:\/\/candas365.es\/noticias\/el-magacin-jot-down-ha-creado-el-ecopaquete-literario\/#breadcrumblist"},"author":{"@id":"https:\/\/candas365.es\/noticias\/author\/admin\/#author"},"creator":{"@id":"https:\/\/candas365.es\/noticias\/author\/admin\/#author"},"image":{"@type":"ImageObject","url":"https:\/\/candas365.es\/noticias\/wp-content\/uploads\/2024\/06\/Jot-Down.jpg","@id":"https:\/\/candas365.es\/noticias\/el-magacin-jot-down-ha-creado-el-ecopaquete-literario\/#mainImage","width":919,"height":653,"caption":"Foto: Servimedia"},"primaryImageOfPage":{"@id":"https:\/\/candas365.es\/noticias\/el-magacin-jot-down-ha-creado-el-ecopaquete-literario\/#mainImage"},"datePublished":"2024-06-26T17:12:18+02:00","dateModified":"2024-06-26T17:12:18+02:00"},{"@type":"WebSite","@id":"https:\/\/candas365.es\/noticias\/#website","url":"https:\/\/candas365.es\/noticias\/","name":"Cand\u00e1s 365","alternateName":"Cand\u00e1s 365 Noticias","description":"Actualidad desde Carre\u00f1o para el mundo","inLanguage":"es-ES","publisher":{"@id":"https:\/\/candas365.es\/noticias\/#organization"}}]},"og:locale":"es_ES","og:site_name":"Cand\u00e1s 365","og:type":"article","og:title":"El magac\u00edn \u00abJot Down\u00bb ha creado el \u00abEcopaquete Literario\u00bb | Cand\u00e1s 365","og:description":"El magac\u00edn 'Jot Down' ha creado el 'Ecopaquete Literario', una iniciativa cuyo objetivo es ofrecer gratuitamente libros y revistas que iban destinados al reciclaje","og:url":"https:\/\/candas365.es\/noticias\/el-magacin-jot-down-ha-creado-el-ecopaquete-literario\/","og:image":"https:\/\/candas365.es\/noticias\/wp-content\/uploads\/2024\/06\/Jot-Down.jpg","og:image:secure_url":"https:\/\/candas365.es\/noticias\/wp-content\/uploads\/2024\/06\/Jot-Down.jpg","og:image:width":919,"og:image:height":653,"article:published_time":"2024-06-26T15:12:18+00:00","article:modified_time":"2024-06-26T15:12:18+00:00","article:publisher":"https:\/\/www.facebook.com\/Nachofdezber","article:author":"https:\/\/www.facebook.com\/carrenoactualidad","twitter:card":"summary_large_image","twitter:site":"@NabercoDigital","twitter:title":"El magac\u00edn \u00abJot Down\u00bb ha creado el \u00abEcopaquete Literario\u00bb | Cand\u00e1s 365","twitter:description":"El magac\u00edn 'Jot Down' ha creado el 'Ecopaquete Literario', una iniciativa cuyo objetivo es ofrecer gratuitamente libros y revistas que iban destinados al reciclaje","twitter:creator":"@nbasturias","twitter:image":"https:\/\/candas365.es\/noticias\/wp-content\/uploads\/2024\/06\/Jot-Down.jpg","twitter:label1":"Escrito por","twitter:data1":"Cand\u00e1s 365","twitter:label2":"Tiempo de lectura estimado","twitter:data2":"1 minuto"},"aioseo_meta_data":{"post_id":"182054","title":null,"description":"El magac\u00edn 'Jot Down' ha creado el 'Ecopaquete Literario', una iniciativa cuyo objetivo es ofrecer gratuitamente libros y revistas que iban destinados al reciclaje","keywords":null,"keyphrases":{"focus":{"keyphrase":"Jot Down","score":93,"analysis":{"keyphraseInTitle":{"score":9,"maxScore":9,"error":0},"keyphraseInDescription":{"score":9,"maxScore":9,"error":0},"keyphraseLength":{"score":9,"maxScore":9,"error":0,"length":2},"keyphraseInURL":{"score":1,"maxScore":5,"error":1},"keyphraseInIntroduction":{"score":9,"maxScore":9,"error":0},"keyphraseInSubHeadings":[],"keyphraseInImageAlt":{"score":9,"maxScore":9,"error":0},"keywordDensity":{"type":"best","score":9,"maxScore":9,"error":0}}},"additional":[{"keyphrase":"Jot Down","score":100,"analysis":{"keyphraseInDescription":{"score":9,"maxScore":9,"error":0},"keyphraseLength":{"score":9,"maxScore":9,"error":0,"length":2},"keyphraseInIntroduction":{"score":9,"maxScore":9,"error":0},"keyphraseInImageAlt":{"score":9,"maxScore":9,"error":0},"keywordDensity":{"type":"best","score":9,"maxScore":9,"error":0}}}]},"primary_term":null,"canonical_url":null,"og_title":null,"og_description":null,"og_object_type":"default","og_image_type":"default","og_image_url":null,"og_image_width":null,"og_image_height":null,"og_image_custom_url":null,"og_image_custom_fields":null,"og_video":"","og_custom_url":null,"og_article_section":null,"og_article_tags":null,"twitter_use_og":false,"twitter_card":"default","twitter_image_type":"default","twitter_image_url":null,"twitter_image_custom_url":null,"twitter_image_custom_fields":null,"twitter_title":null,"twitter_description":null,"schema":{"blockGraphs":[],"customGraphs":[],"default":{"data":{"Article":[],"Course":[],"Dataset":[],"FAQPage":[],"Movie":[],"Person":[],"Product":[],"ProductReview":[],"Car":[],"Recipe":[],"Service":[],"SoftwareApplication":[],"WebPage":[]},"graphName":"Article","isEnabled":true},"graphs":[]},"schema_type":"default","schema_type_options":null,"pillar_content":false,"robots_default":true,"robots_noindex":false,"robots_noarchive":false,"robots_nosnippet":false,"robots_nofollow":false,"robots_noimageindex":false,"robots_noodp":false,"robots_notranslate":false,"robots_max_snippet":"-1","robots_max_videopreview":"-1","robots_max_imagepreview":"large","priority":null,"frequency":"default","location":null,"local_seo":null,"seo_analyzer_scan_date":"2025-09-02 12:23:18","breadcrumb_settings":null,"limit_modified_date":false,"reviewed_by":null,"open_ai":"{\"title\":{\"suggestions\":[],\"usage\":0},\"description\":{\"suggestions\":[],\"usage\":0}}","ai":null,"created":"2024-06-26 15:06:41","updated":"2025-09-02 12:23:18"},"aioseo_breadcrumb":"<div class=\"aioseo-breadcrumbs\"><span class=\"aioseo-breadcrumb\">\n\t<a href=\"https:\/\/candas365.es\/noticias\" title=\"Home\">Home<\/a>\n<\/span><span class=\"aioseo-breadcrumb-separator\">&ndash;<\/span><span class=\"aioseo-breadcrumb\">\n\t<a href=\"https:\/\/candas365.es\/noticias\/category\/revista\/\" title=\"Revista\">Revista<\/a>\n<\/span><span class=\"aioseo-breadcrumb-separator\">&ndash;<\/span><span class=\"aioseo-breadcrumb\">\n\tEl magac\u00edn \u00abJot Down\u00bb ha creado el \u00abEcopaquete Literario\u00bb\n<\/span><\/div>","aioseo_breadcrumb_json":[{"label":"Home","link":"https:\/\/candas365.es\/noticias"},{"label":"Revista","link":"https:\/\/candas365.es\/noticias\/category\/revista\/"},{"label":"El magac\u00edn \u00abJot Down\u00bb ha creado el \u00abEcopaquete Literario\u00bb","link":"https:\/\/candas365.es\/noticias\/el-magacin-jot-down-ha-creado-el-ecopaquete-literario\/"}],"_links":{"self":[{"href":"https:\/\/candas365.es\/noticias\/wp-json\/wp\/v2\/posts\/182054","targetHints":{"allow":["GET"]}}],"collection":[{"href":"https:\/\/candas365.es\/noticias\/wp-json\/wp\/v2\/posts"}],"about":[{"href":"https:\/\/candas365.es\/noticias\/wp-json\/wp\/v2\/types\/post"}],"author":[{"embeddable":true,"href":"https:\/\/candas365.es\/noticias\/wp-json\/wp\/v2\/users\/1"}],"replies":[{"embeddable":true,"href":"https:\/\/candas365.es\/noticias\/wp-json\/wp\/v2\/comments?post=182054"}],"version-history":[{"count":0,"href":"https:\/\/candas365.es\/noticias\/wp-json\/wp\/v2\/posts\/182054\/revisions"}],"wp:featuredmedia":[{"embeddable":true,"href":"https:\/\/candas365.es\/noticias\/wp-json\/wp\/v2\/media\/182055"}],"wp:attachment":[{"href":"https:\/\/candas365.es\/noticias\/wp-json\/wp\/v2\/media?parent=182054"}],"wp:term":[{"taxonomy":"category","embeddable":true,"href":"https:\/\/candas365.es\/noticias\/wp-json\/wp\/v2\/categories?post=182054"},{"taxonomy":"post_tag","embeddable":true,"href":"https:\/\/candas365.es\/noticias\/wp-json\/wp\/v2\/tags?post=182054"}],"curies":[{"name":"wp","href":"https:\/\/api.w.org\/{rel}","templated":true}]}}