{"id":181891,"date":"2024-06-11T06:44:25","date_gmt":"2024-06-11T04:44:25","guid":{"rendered":"https:\/\/candas365.es\/noticias\/?p=181891"},"modified":"2024-06-11T06:50:21","modified_gmt":"2024-06-11T04:50:21","slug":"relevo-generacional-un-problema-para-los-pequenos-negocios","status":"publish","type":"post","link":"https:\/\/candas365.es\/noticias\/relevo-generacional-un-problema-para-los-pequenos-negocios\/","title":{"rendered":"Relevo generacional: Un problema para los peque\u00f1os negocios"},"content":{"rendered":"<p>Uno de los muchos problemas a los que se enfrentan los <a href=\"https:\/\/candas365.es\/noticias\/category\/canal-empresas\/\"><span style=\"color: #ff6600;\"><strong>peque\u00f1os comercios<\/strong><\/span><\/a> es el denominado \u00abrelevo generacional\u00bb. El lunes se ha lanzado una campa\u00f1a con apoyo financiero del Ministerio de Econom\u00eda, Comercio y Empresa, para mostrar las fortalezas del sector, llegar a los j\u00f3venes y frenar la falta de relevo generacional en los negocios.<\/p>\n<p><img fetchpriority=\"high\" decoding=\"async\" class=\"aligncenter wp-image-181892 size-full\" src=\"https:\/\/candas365.es\/noticias\/wp-content\/uploads\/2024\/06\/pequenos-negocios-y-comercios.jpg\" alt=\"peque\u00f1os negocios y comercios\" width=\"640\" height=\"416\" srcset=\"https:\/\/candas365.es\/noticias\/wp-content\/uploads\/2024\/06\/pequenos-negocios-y-comercios.jpg 640w, https:\/\/candas365.es\/noticias\/wp-content\/uploads\/2024\/06\/pequenos-negocios-y-comercios-360x234.jpg 360w, https:\/\/candas365.es\/noticias\/wp-content\/uploads\/2024\/06\/pequenos-negocios-y-comercios-150x98.jpg 150w, https:\/\/candas365.es\/noticias\/wp-content\/uploads\/2024\/06\/pequenos-negocios-y-comercios-450x293.jpg 450w\" sizes=\"(max-width: 640px) 100vw, 640px\" \/><\/p>\n<p>As\u00ed lo expres\u00f3 el presidente de la Confederaci\u00f3n Espa\u00f1ola de Comercio (CEC), Rafael Torres, durante la <strong>presentaci\u00f3n de la campa\u00f1a \u2018Principios para recuperar los principios\u2019 que busca \u201cconcienciar\u201d de que el peque\u00f1o comercio es \u2018cercano\u2019, \u2018fresco\u2019, \u2018sostenible\u2019 y \u2018humano\u2019 frente a otros formatos m\u00e1s grandes.<\/strong><\/p>\n<p>La campa\u00f1a busca ponerse en valor frente a formatos que no tienen esos valores o plataformas de venta online que \u201cno sostienen el empleo ni la cercan\u00eda con el cliente\u201d y no pagan impuestos en Espa\u00f1a. <strong>El spot se ha realizado en los cuatro idiomas oficiales del Estado y se difundir\u00e1 a trav\u00e9s de redes sociales.<\/strong><\/p>\n<p>Torres se reivindic\u00f3 como una \u201cgarant\u00eda en los momentos m\u00e1s cr\u00edticos\u201d como la pandemia de Covid-19 y frente a los \u201cefectos perniciosos que tiene la globalizaci\u00f3n\u201d. Adem\u00e1s, critic\u00f3 que mientras se afirma que la econom\u00eda va como un \u201ccohete\u201d, en referencia al presidente del Gobierno, Pedro S\u00e1nchez, hay que \u201cbajar a la realidad\u201d porque su sector \u201cno lo est\u00e1 pasando bien\u201d.<\/p>\n<p>El peque\u00f1o comercio, que cuenta con m\u00e1s de 400.000 de negocios y suma 1,9 millones de empleos, est\u00e1 mucho m\u00e1s expuesto a subidas de costes como la que se ha experimentado en los \u00faltimos a\u00f1os ya que tiene \u201cmenos capacidad para absorber\u201d esos costes y compra con \u201cpeores precios\u201d por lo que es \u201cmenos competitivo\u201d. Torres alert\u00f3 que en regiones como la Comunidad de Madrid, en la que se realiza una defensa del comercio, se han cerrado 6.000 empresas en el \u00faltimo a\u00f1o.<\/p>\n<p>El presidente de la CEC calific\u00f3 el peque\u00f1o comercio como el \u201cgran ninguneado\u201d de Espa\u00f1a y Europa pese a aportar un 5% del PIB. Subray\u00f3 que la normativa no afecta a todas las empresas por igual y que en el comercio un 95% de las empresas tiene un m\u00e1ximo de cinco trabajadores. Hace semanas, la organizaci\u00f3n estim\u00f3 que una reducci\u00f3n de la jornada laboral le costar\u00eda hasta 3.866 millones de euros y Torres justific\u00f3 que es un sector \u00abintensivo\u00bb en mano de obra que no puede tranformar la reducci\u00f3n de jornada en mejora de la productividad.<\/p>\n<h2>A POR LOS J\u00d3VENES<\/h2>\n<p>Despu\u00e9s de que el a\u00f1o pasado cerrasen 30.000 negocios en t\u00e9rminos netos, Torres afirm\u00f3 que el problema no es una falta de rentabilidad, sino que hasta un 60% de los comercios acaban cerrando por falta de relevo generacional.<strong> En este sentido, alert\u00f3 de que casi el 60% de los aut\u00f3nomos del comercio tiene m\u00e1s de 60 a\u00f1os por lo que la realidad empeorar\u00e1 exponencialmente en la pr\u00f3xima d\u00e9cada. \u201cSe va a llevar a miles de <a title=\"empresas\" href=\"https:\/\/www.eldigitaldeasturias.com\/noticias\/category\/negocios-y-empresas\/\" target=\"_blank\" rel=\"noopener\"><span style=\"color: #ff6600;\">empresas<\/span><\/a>\u201d, subray\u00f3.<\/strong><\/p>\n<p>Advirti\u00f3 que muchos negocios que cierran son \u201cnuevos\u201d, mientras que funcionar\u00e1n mejor aquellos que se sit\u00faen en zonas tur\u00edsticas, los que tengan m\u00e1s datos online y los que se especialicen. <strong>La moda y el textil est\u00e1 entre los sector con peor funcionamiento, pues todav\u00eda no se han recuperado las cifras prepandemia.<\/strong><\/p>\n<p>Destac\u00f3 la necesidad de llegar a la gente joven y que esta valore el sector como destino profesional donde se gana dinero, ya que en ocasiones es m\u00e1s seguro continuar un negocio con una base de clientes que montar una \u2018start-up\u2019 de futuro incierto. Respecto a los clientes de esta generaci\u00f3n, apunt\u00f3 que pese a su mayor preocupaci\u00f3n por factores medioambientales hay una \u201cincongruencia\u201d en sus h\u00e1bitos de compra por lo que debe haber una \u201creflexi\u00f3n\u201d.<\/p>\n<p>Pese a alertar de que ya es \u201cdemasiado tarde\u201d para frenar esta realidad, enfatiz\u00f3 en la necesidad de que se encuentren facilidades para continuar los negocios y trabajar en la formaci\u00f3n, ya que todos los sectores tienen problemas para buscar profesionales.<\/p>\n<p>(<a href=\"https:\/\/www.servimedia.es\/\" target=\"_blank\" rel=\"noopener\"><span style=\"color: #ff6600;\"><strong>SERVIMEDIA<\/strong><\/span><\/a>)<\/p>\n","protected":false},"excerpt":{"rendered":"<p>Uno de los muchos problemas a los que se enfrentan los peque\u00f1os comercios es el denominado \u00abrelevo generacional\u00bb. El lunes se ha lanzado una campa\u00f1a con apoyo financiero del Ministerio de Econom\u00eda, Comercio y Empresa, para mostrar las fortalezas del sector, llegar a los j\u00f3venes y frenar la falta de relevo generacional en los negocios.<\/p>\n","protected":false},"author":1,"featured_media":181892,"comment_status":"closed","ping_status":"closed","sticky":false,"template":"","format":"standard","meta":{"footnotes":""},"categories":[151,316],"tags":[383],"class_list":{"0":"post-181891","1":"post","2":"type-post","3":"status-publish","4":"format-standard","5":"has-post-thumbnail","7":"category-canal-empresas","8":"category-destacadas","9":"tag-empresas"},"aioseo_notices":[],"aioseo_head":"\n\t\t<!-- All in One SEO Pro 4.9.6.2 - aioseo.com -->\n\t<meta name=\"description\" content=\"Uno de los muchos problemas a los que se enfrentan los peque\u00f1os comercios es el denominado &quot;relevo generacional&quot;. El lunes se ha lanzado una campa\u00f1a\" \/>\n\t<meta name=\"robots\" content=\"max-image-preview:large\" \/>\n\t<meta name=\"author\" content=\"Cand\u00e1s 365\"\/>\n\t<meta name=\"google-site-verification\" content=\"UA-32230408-1\" \/>\n\t<meta name=\"msvalidate.01\" content=\"354F3CDFB2DA171B47FBE9ABF1F88D5\" \/>\n\t<meta name=\"keywords\" content=\"canal empresas,destacadas\" \/>\n\t<link rel=\"canonical\" href=\"https:\/\/candas365.es\/noticias\/relevo-generacional-un-problema-para-los-pequenos-negocios\/\" \/>\n\t<meta name=\"generator\" content=\"All in One SEO Pro (AIOSEO) 4.9.6.2\" \/>\n\t\t<meta property=\"og:locale\" content=\"es_ES\" \/>\n\t\t<meta property=\"og:site_name\" content=\"Cand\u00e1s 365\" \/>\n\t\t<meta property=\"og:type\" content=\"article\" \/>\n\t\t<meta property=\"og:title\" content=\"Relevo generacional: Un problema para los peque\u00f1os negocios | Cand\u00e1s 365\" \/>\n\t\t<meta property=\"og:description\" content=\"Uno de los muchos problemas a los que se enfrentan los peque\u00f1os comercios es el denominado &quot;relevo generacional&quot;. El lunes se ha lanzado una campa\u00f1a\" \/>\n\t\t<meta property=\"og:url\" content=\"https:\/\/candas365.es\/noticias\/relevo-generacional-un-problema-para-los-pequenos-negocios\/\" \/>\n\t\t<meta property=\"og:image\" content=\"https:\/\/candas365.es\/noticias\/wp-content\/uploads\/2024\/06\/pequenos-negocios-y-comercios.jpg\" \/>\n\t\t<meta property=\"og:image:secure_url\" content=\"https:\/\/candas365.es\/noticias\/wp-content\/uploads\/2024\/06\/pequenos-negocios-y-comercios.jpg\" \/>\n\t\t<meta property=\"og:image:width\" content=\"640\" \/>\n\t\t<meta property=\"og:image:height\" content=\"416\" \/>\n\t\t<meta property=\"article:published_time\" content=\"2024-06-11T04:44:25+00:00\" \/>\n\t\t<meta property=\"article:modified_time\" content=\"2024-06-11T04:50:21+00:00\" \/>\n\t\t<meta property=\"article:publisher\" content=\"https:\/\/www.facebook.com\/Nachofdezber\" \/>\n\t\t<meta property=\"article:author\" content=\"https:\/\/www.facebook.com\/carrenoactualidad\" \/>\n\t\t<meta name=\"twitter:card\" content=\"summary_large_image\" \/>\n\t\t<meta name=\"twitter:site\" content=\"@NabercoDigital\" \/>\n\t\t<meta name=\"twitter:title\" content=\"Relevo generacional: Un problema para los peque\u00f1os negocios | Cand\u00e1s 365\" \/>\n\t\t<meta name=\"twitter:description\" content=\"Uno de los muchos problemas a los que se enfrentan los peque\u00f1os comercios es el denominado &quot;relevo generacional&quot;. El lunes se ha lanzado una campa\u00f1a\" \/>\n\t\t<meta name=\"twitter:creator\" content=\"@nbasturias\" \/>\n\t\t<meta name=\"twitter:image\" content=\"https:\/\/candas365.es\/noticias\/wp-content\/uploads\/2024\/06\/pequenos-negocios-y-comercios.jpg\" \/>\n\t\t<meta name=\"twitter:label1\" content=\"Escrito por\" \/>\n\t\t<meta name=\"twitter:data1\" content=\"Cand\u00e1s 365\" \/>\n\t\t<meta name=\"twitter:label2\" content=\"Tiempo de lectura estimado\" \/>\n\t\t<meta name=\"twitter:data2\" content=\"3 minutos\" \/>\n\t\t<script type=\"application\/ld+json\" class=\"aioseo-schema\">\n\t\t\t{\"@context\":\"https:\\\/\\\/schema.org\",\"@graph\":[{\"@type\":\"BreadcrumbList\",\"@id\":\"https:\\\/\\\/candas365.es\\\/noticias\\\/relevo-generacional-un-problema-para-los-pequenos-negocios\\\/#breadcrumblist\",\"itemListElement\":[{\"@type\":\"ListItem\",\"@id\":\"https:\\\/\\\/candas365.es\\\/noticias#listItem\",\"position\":1,\"name\":\"Home\",\"item\":\"https:\\\/\\\/candas365.es\\\/noticias\",\"nextItem\":{\"@type\":\"ListItem\",\"@id\":\"https:\\\/\\\/candas365.es\\\/noticias\\\/category\\\/canal-empresas\\\/#listItem\",\"name\":\"Canal Empresas\"}},{\"@type\":\"ListItem\",\"@id\":\"https:\\\/\\\/candas365.es\\\/noticias\\\/category\\\/canal-empresas\\\/#listItem\",\"position\":2,\"name\":\"Canal Empresas\",\"item\":\"https:\\\/\\\/candas365.es\\\/noticias\\\/category\\\/canal-empresas\\\/\",\"nextItem\":{\"@type\":\"ListItem\",\"@id\":\"https:\\\/\\\/candas365.es\\\/noticias\\\/relevo-generacional-un-problema-para-los-pequenos-negocios\\\/#listItem\",\"name\":\"Relevo generacional: Un problema para los peque\\u00f1os negocios\"},\"previousItem\":{\"@type\":\"ListItem\",\"@id\":\"https:\\\/\\\/candas365.es\\\/noticias#listItem\",\"name\":\"Home\"}},{\"@type\":\"ListItem\",\"@id\":\"https:\\\/\\\/candas365.es\\\/noticias\\\/relevo-generacional-un-problema-para-los-pequenos-negocios\\\/#listItem\",\"position\":3,\"name\":\"Relevo generacional: Un problema para los peque\\u00f1os negocios\",\"previousItem\":{\"@type\":\"ListItem\",\"@id\":\"https:\\\/\\\/candas365.es\\\/noticias\\\/category\\\/canal-empresas\\\/#listItem\",\"name\":\"Canal Empresas\"}}]},{\"@type\":\"NewsArticle\",\"@id\":\"https:\\\/\\\/candas365.es\\\/noticias\\\/relevo-generacional-un-problema-para-los-pequenos-negocios\\\/#newsarticle\",\"name\":\"Relevo generacional: Un problema para los peque\\u00f1os negocios | Cand\\u00e1s 365\",\"headline\":\"Relevo generacional: Un problema para los peque\\u00f1os negocios\",\"author\":{\"@id\":\"https:\\\/\\\/candas365.es\\\/noticias\\\/author\\\/admin\\\/#author\"},\"publisher\":{\"@id\":\"https:\\\/\\\/candas365.es\\\/noticias\\\/#organization\"},\"image\":{\"@type\":\"ImageObject\",\"url\":\"https:\\\/\\\/candas365.es\\\/noticias\\\/wp-content\\\/uploads\\\/2024\\\/06\\\/pequenos-negocios-y-comercios.jpg\",\"width\":640,\"height\":416,\"caption\":\"peque\\u00f1os negocios y comercios\"},\"datePublished\":\"2024-06-11T06:44:25+02:00\",\"dateModified\":\"2024-06-11T06:50:21+02:00\",\"inLanguage\":\"es-ES\",\"mainEntityOfPage\":{\"@id\":\"https:\\\/\\\/candas365.es\\\/noticias\\\/relevo-generacional-un-problema-para-los-pequenos-negocios\\\/#webpage\"},\"isPartOf\":{\"@id\":\"https:\\\/\\\/candas365.es\\\/noticias\\\/relevo-generacional-un-problema-para-los-pequenos-negocios\\\/#webpage\"},\"articleSection\":\"Canal Empresas, Destacadas, empresas\",\"dateline\":\"Publicado el junio 11, 2024.\"},{\"@type\":\"Organization\",\"@id\":\"https:\\\/\\\/candas365.es\\\/noticias\\\/#organization\",\"name\":\"Cand\\u00e1s 365\",\"description\":\"Cand\\u00e1s 365 es un diario digital independiente, fundado en 2012, con base en Asturias. Informamos con rigor sobre actualidad, sociedad, cultura y ocio, con una mirada local y global.\",\"url\":\"https:\\\/\\\/candas365.es\\\/noticias\\\/\",\"email\":\"info@candas365.es\",\"telephone\":\"+34652131393\",\"foundingDate\":\"2012-06-10\",\"logo\":{\"@type\":\"ImageObject\",\"url\":\"https:\\\/\\\/candas365.es\\\/noticias\\\/wp-content\\\/uploads\\\/2024\\\/09\\\/Candas-365-Redes.jpg\",\"@id\":\"https:\\\/\\\/candas365.es\\\/noticias\\\/relevo-generacional-un-problema-para-los-pequenos-negocios\\\/#organizationLogo\",\"width\":1152,\"height\":864,\"caption\":\"Cand\\u00e1s 365 Redes\"},\"image\":{\"@id\":\"https:\\\/\\\/candas365.es\\\/noticias\\\/relevo-generacional-un-problema-para-los-pequenos-negocios\\\/#organizationLogo\"},\"sameAs\":[\"https:\\\/\\\/www.facebook.com\\\/Nachofdezber\",\"https:\\\/\\\/x.com\\\/NabercoDigital\",\"https:\\\/\\\/www.instagram.com\\\/nachofdezber\\\/\",\"https:\\\/\\\/www.youtube.com\\\/channel\\\/UCZP-2wLEB9Rv6erhFmqVnvg\"],\"address\":{\"@id\":\"https:\\\/\\\/candas365.es\\\/noticias\\\/#postaladdress\",\"@type\":\"PostalAddress\",\"streetAddress\":\"san antonio 4, san antonio 4\",\"postalCode\":\"33430\",\"addressLocality\":\"Cand\\u00e1s\",\"addressRegion\":\"Asturias\",\"addressCountry\":\"ES\"}},{\"@type\":\"Person\",\"@id\":\"https:\\\/\\\/candas365.es\\\/noticias\\\/author\\\/admin\\\/#author\",\"url\":\"https:\\\/\\\/candas365.es\\\/noticias\\\/author\\\/admin\\\/\",\"name\":\"Cand\\u00e1s 365\",\"image\":{\"@type\":\"ImageObject\",\"@id\":\"https:\\\/\\\/candas365.es\\\/noticias\\\/relevo-generacional-un-problema-para-los-pequenos-negocios\\\/#authorImage\",\"url\":\"https:\\\/\\\/secure.gravatar.com\\\/avatar\\\/496a8e03d0c493ede1718b7934145dbdf8d89be1036b0eec9544e1094c9de390?s=96&d=mm&r=g\",\"width\":96,\"height\":96,\"caption\":\"Cand\\u00e1s 365\"},\"sameAs\":[\"https:\\\/\\\/www.facebook.com\\\/carrenoactualidad\",\"https:\\\/\\\/twitter.com\\\/nbasturias\",\"https:\\\/\\\/www.instagram.com\\\/nachofdezber\\\/\",\"https:\\\/\\\/www.youtube.com\\\/channel\\\/UCZP-2wLEB9Rv6erhFmqVnvg\"]},{\"@type\":\"WebPage\",\"@id\":\"https:\\\/\\\/candas365.es\\\/noticias\\\/relevo-generacional-un-problema-para-los-pequenos-negocios\\\/#webpage\",\"url\":\"https:\\\/\\\/candas365.es\\\/noticias\\\/relevo-generacional-un-problema-para-los-pequenos-negocios\\\/\",\"name\":\"Relevo generacional: Un problema para los peque\\u00f1os negocios | Cand\\u00e1s 365\",\"description\":\"Uno de los muchos problemas a los que se enfrentan los peque\\u00f1os comercios es el denominado \\\"relevo generacional\\\". El lunes se ha lanzado una campa\\u00f1a\",\"inLanguage\":\"es-ES\",\"isPartOf\":{\"@id\":\"https:\\\/\\\/candas365.es\\\/noticias\\\/#website\"},\"breadcrumb\":{\"@id\":\"https:\\\/\\\/candas365.es\\\/noticias\\\/relevo-generacional-un-problema-para-los-pequenos-negocios\\\/#breadcrumblist\"},\"author\":{\"@id\":\"https:\\\/\\\/candas365.es\\\/noticias\\\/author\\\/admin\\\/#author\"},\"creator\":{\"@id\":\"https:\\\/\\\/candas365.es\\\/noticias\\\/author\\\/admin\\\/#author\"},\"image\":{\"@type\":\"ImageObject\",\"url\":\"https:\\\/\\\/candas365.es\\\/noticias\\\/wp-content\\\/uploads\\\/2024\\\/06\\\/pequenos-negocios-y-comercios.jpg\",\"@id\":\"https:\\\/\\\/candas365.es\\\/noticias\\\/relevo-generacional-un-problema-para-los-pequenos-negocios\\\/#mainImage\",\"width\":640,\"height\":416,\"caption\":\"peque\\u00f1os negocios y comercios\"},\"primaryImageOfPage\":{\"@id\":\"https:\\\/\\\/candas365.es\\\/noticias\\\/relevo-generacional-un-problema-para-los-pequenos-negocios\\\/#mainImage\"},\"datePublished\":\"2024-06-11T06:44:25+02:00\",\"dateModified\":\"2024-06-11T06:50:21+02:00\"},{\"@type\":\"WebSite\",\"@id\":\"https:\\\/\\\/candas365.es\\\/noticias\\\/#website\",\"url\":\"https:\\\/\\\/candas365.es\\\/noticias\\\/\",\"name\":\"Cand\\u00e1s 365\",\"alternateName\":\"Cand\\u00e1s 365 Noticias\",\"description\":\"Actualidad desde Carre\\u00f1o para el mundo\",\"inLanguage\":\"es-ES\",\"publisher\":{\"@id\":\"https:\\\/\\\/candas365.es\\\/noticias\\\/#organization\"}}]}\n\t\t<\/script>\n\t\t<!-- All in One SEO Pro -->\r\n\t\t<title>Relevo generacional: Un problema para los peque\u00f1os negocios | Cand\u00e1s 365<\/title>\n\n","aioseo_head_json":{"title":"Relevo generacional: Un problema para los peque\u00f1os negocios | Cand\u00e1s 365","description":"Uno de los muchos problemas a los que se enfrentan los peque\u00f1os comercios es el denominado \"relevo generacional\". El lunes se ha lanzado una campa\u00f1a","canonical_url":"https:\/\/candas365.es\/noticias\/relevo-generacional-un-problema-para-los-pequenos-negocios\/","robots":"max-image-preview:large","keywords":"canal empresas,destacadas","webmasterTools":{"google-site-verification":"UA-32230408-1","msvalidate.01":"354F3CDFB2DA171B47FBE9ABF1F88D5","miscellaneous":""},"schema":{"@context":"https:\/\/schema.org","@graph":[{"@type":"BreadcrumbList","@id":"https:\/\/candas365.es\/noticias\/relevo-generacional-un-problema-para-los-pequenos-negocios\/#breadcrumblist","itemListElement":[{"@type":"ListItem","@id":"https:\/\/candas365.es\/noticias#listItem","position":1,"name":"Home","item":"https:\/\/candas365.es\/noticias","nextItem":{"@type":"ListItem","@id":"https:\/\/candas365.es\/noticias\/category\/canal-empresas\/#listItem","name":"Canal Empresas"}},{"@type":"ListItem","@id":"https:\/\/candas365.es\/noticias\/category\/canal-empresas\/#listItem","position":2,"name":"Canal Empresas","item":"https:\/\/candas365.es\/noticias\/category\/canal-empresas\/","nextItem":{"@type":"ListItem","@id":"https:\/\/candas365.es\/noticias\/relevo-generacional-un-problema-para-los-pequenos-negocios\/#listItem","name":"Relevo generacional: Un problema para los peque\u00f1os negocios"},"previousItem":{"@type":"ListItem","@id":"https:\/\/candas365.es\/noticias#listItem","name":"Home"}},{"@type":"ListItem","@id":"https:\/\/candas365.es\/noticias\/relevo-generacional-un-problema-para-los-pequenos-negocios\/#listItem","position":3,"name":"Relevo generacional: Un problema para los peque\u00f1os negocios","previousItem":{"@type":"ListItem","@id":"https:\/\/candas365.es\/noticias\/category\/canal-empresas\/#listItem","name":"Canal Empresas"}}]},{"@type":"NewsArticle","@id":"https:\/\/candas365.es\/noticias\/relevo-generacional-un-problema-para-los-pequenos-negocios\/#newsarticle","name":"Relevo generacional: Un problema para los peque\u00f1os negocios | Cand\u00e1s 365","headline":"Relevo generacional: Un problema para los peque\u00f1os negocios","author":{"@id":"https:\/\/candas365.es\/noticias\/author\/admin\/#author"},"publisher":{"@id":"https:\/\/candas365.es\/noticias\/#organization"},"image":{"@type":"ImageObject","url":"https:\/\/candas365.es\/noticias\/wp-content\/uploads\/2024\/06\/pequenos-negocios-y-comercios.jpg","width":640,"height":416,"caption":"peque\u00f1os negocios y comercios"},"datePublished":"2024-06-11T06:44:25+02:00","dateModified":"2024-06-11T06:50:21+02:00","inLanguage":"es-ES","mainEntityOfPage":{"@id":"https:\/\/candas365.es\/noticias\/relevo-generacional-un-problema-para-los-pequenos-negocios\/#webpage"},"isPartOf":{"@id":"https:\/\/candas365.es\/noticias\/relevo-generacional-un-problema-para-los-pequenos-negocios\/#webpage"},"articleSection":"Canal Empresas, Destacadas, empresas","dateline":"Publicado el junio 11, 2024."},{"@type":"Organization","@id":"https:\/\/candas365.es\/noticias\/#organization","name":"Cand\u00e1s 365","description":"Cand\u00e1s 365 es un diario digital independiente, fundado en 2012, con base en Asturias. Informamos con rigor sobre actualidad, sociedad, cultura y ocio, con una mirada local y global.","url":"https:\/\/candas365.es\/noticias\/","email":"info@candas365.es","telephone":"+34652131393","foundingDate":"2012-06-10","logo":{"@type":"ImageObject","url":"https:\/\/candas365.es\/noticias\/wp-content\/uploads\/2024\/09\/Candas-365-Redes.jpg","@id":"https:\/\/candas365.es\/noticias\/relevo-generacional-un-problema-para-los-pequenos-negocios\/#organizationLogo","width":1152,"height":864,"caption":"Cand\u00e1s 365 Redes"},"image":{"@id":"https:\/\/candas365.es\/noticias\/relevo-generacional-un-problema-para-los-pequenos-negocios\/#organizationLogo"},"sameAs":["https:\/\/www.facebook.com\/Nachofdezber","https:\/\/x.com\/NabercoDigital","https:\/\/www.instagram.com\/nachofdezber\/","https:\/\/www.youtube.com\/channel\/UCZP-2wLEB9Rv6erhFmqVnvg"],"address":{"@id":"https:\/\/candas365.es\/noticias\/#postaladdress","@type":"PostalAddress","streetAddress":"san antonio 4, san antonio 4","postalCode":"33430","addressLocality":"Cand\u00e1s","addressRegion":"Asturias","addressCountry":"ES"}},{"@type":"Person","@id":"https:\/\/candas365.es\/noticias\/author\/admin\/#author","url":"https:\/\/candas365.es\/noticias\/author\/admin\/","name":"Cand\u00e1s 365","image":{"@type":"ImageObject","@id":"https:\/\/candas365.es\/noticias\/relevo-generacional-un-problema-para-los-pequenos-negocios\/#authorImage","url":"https:\/\/secure.gravatar.com\/avatar\/496a8e03d0c493ede1718b7934145dbdf8d89be1036b0eec9544e1094c9de390?s=96&d=mm&r=g","width":96,"height":96,"caption":"Cand\u00e1s 365"},"sameAs":["https:\/\/www.facebook.com\/carrenoactualidad","https:\/\/twitter.com\/nbasturias","https:\/\/www.instagram.com\/nachofdezber\/","https:\/\/www.youtube.com\/channel\/UCZP-2wLEB9Rv6erhFmqVnvg"]},{"@type":"WebPage","@id":"https:\/\/candas365.es\/noticias\/relevo-generacional-un-problema-para-los-pequenos-negocios\/#webpage","url":"https:\/\/candas365.es\/noticias\/relevo-generacional-un-problema-para-los-pequenos-negocios\/","name":"Relevo generacional: Un problema para los peque\u00f1os negocios | Cand\u00e1s 365","description":"Uno de los muchos problemas a los que se enfrentan los peque\u00f1os comercios es el denominado \"relevo generacional\". El lunes se ha lanzado una campa\u00f1a","inLanguage":"es-ES","isPartOf":{"@id":"https:\/\/candas365.es\/noticias\/#website"},"breadcrumb":{"@id":"https:\/\/candas365.es\/noticias\/relevo-generacional-un-problema-para-los-pequenos-negocios\/#breadcrumblist"},"author":{"@id":"https:\/\/candas365.es\/noticias\/author\/admin\/#author"},"creator":{"@id":"https:\/\/candas365.es\/noticias\/author\/admin\/#author"},"image":{"@type":"ImageObject","url":"https:\/\/candas365.es\/noticias\/wp-content\/uploads\/2024\/06\/pequenos-negocios-y-comercios.jpg","@id":"https:\/\/candas365.es\/noticias\/relevo-generacional-un-problema-para-los-pequenos-negocios\/#mainImage","width":640,"height":416,"caption":"peque\u00f1os negocios y comercios"},"primaryImageOfPage":{"@id":"https:\/\/candas365.es\/noticias\/relevo-generacional-un-problema-para-los-pequenos-negocios\/#mainImage"},"datePublished":"2024-06-11T06:44:25+02:00","dateModified":"2024-06-11T06:50:21+02:00"},{"@type":"WebSite","@id":"https:\/\/candas365.es\/noticias\/#website","url":"https:\/\/candas365.es\/noticias\/","name":"Cand\u00e1s 365","alternateName":"Cand\u00e1s 365 Noticias","description":"Actualidad desde Carre\u00f1o para el mundo","inLanguage":"es-ES","publisher":{"@id":"https:\/\/candas365.es\/noticias\/#organization"}}]},"og:locale":"es_ES","og:site_name":"Cand\u00e1s 365","og:type":"article","og:title":"Relevo generacional: Un problema para los peque\u00f1os negocios | Cand\u00e1s 365","og:description":"Uno de los muchos problemas a los que se enfrentan los peque\u00f1os comercios es el denominado &quot;relevo generacional&quot;. El lunes se ha lanzado una campa\u00f1a","og:url":"https:\/\/candas365.es\/noticias\/relevo-generacional-un-problema-para-los-pequenos-negocios\/","og:image":"https:\/\/candas365.es\/noticias\/wp-content\/uploads\/2024\/06\/pequenos-negocios-y-comercios.jpg","og:image:secure_url":"https:\/\/candas365.es\/noticias\/wp-content\/uploads\/2024\/06\/pequenos-negocios-y-comercios.jpg","og:image:width":640,"og:image:height":416,"article:published_time":"2024-06-11T04:44:25+00:00","article:modified_time":"2024-06-11T04:50:21+00:00","article:publisher":"https:\/\/www.facebook.com\/Nachofdezber","article:author":"https:\/\/www.facebook.com\/carrenoactualidad","twitter:card":"summary_large_image","twitter:site":"@NabercoDigital","twitter:title":"Relevo generacional: Un problema para los peque\u00f1os negocios | Cand\u00e1s 365","twitter:description":"Uno de los muchos problemas a los que se enfrentan los peque\u00f1os comercios es el denominado &quot;relevo generacional&quot;. El lunes se ha lanzado una campa\u00f1a","twitter:creator":"@nbasturias","twitter:image":"https:\/\/candas365.es\/noticias\/wp-content\/uploads\/2024\/06\/pequenos-negocios-y-comercios.jpg","twitter:label1":"Escrito por","twitter:data1":"Cand\u00e1s 365","twitter:label2":"Tiempo de lectura estimado","twitter:data2":"3 minutos"},"aioseo_meta_data":{"post_id":"181891","title":null,"description":"Uno de los muchos problemas a los que se enfrentan los peque\u00f1os comercios es el denominado \"relevo generacional\". El lunes se ha lanzado una campa\u00f1a","keywords":null,"keyphrases":{"focus":{"keyphrase":"negocios","score":82,"analysis":{"keyphraseInTitle":{"score":9,"maxScore":9,"error":0},"keyphraseInDescription":{"score":3,"maxScore":9,"error":1},"keyphraseLength":{"score":9,"maxScore":9,"error":0,"length":1},"keyphraseInURL":{"score":5,"maxScore":5,"error":0},"keyphraseInIntroduction":{"score":9,"maxScore":9,"error":0},"keyphraseInSubHeadings":{"score":3,"maxScore":9,"error":1},"keyphraseInImageAlt":{"score":9,"maxScore":9,"error":0},"keywordDensity":{"type":"best","score":9,"maxScore":9,"error":0}}},"additional":[{"keyphrase":"comercios","score":80,"analysis":{"keyphraseInDescription":{"score":9,"maxScore":9,"error":0},"keyphraseLength":{"score":9,"maxScore":9,"error":0,"length":1},"keyphraseInIntroduction":{"score":9,"maxScore":9,"error":0},"keyphraseInImageAlt":{"score":9,"maxScore":9,"error":0},"keywordDensity":{"score":0,"type":"low","maxScore":9,"error":1}}}]},"primary_term":null,"canonical_url":null,"og_title":null,"og_description":null,"og_object_type":"default","og_image_type":"default","og_image_url":null,"og_image_width":null,"og_image_height":null,"og_image_custom_url":null,"og_image_custom_fields":null,"og_video":"","og_custom_url":null,"og_article_section":null,"og_article_tags":null,"twitter_use_og":false,"twitter_card":"default","twitter_image_type":"default","twitter_image_url":null,"twitter_image_custom_url":null,"twitter_image_custom_fields":null,"twitter_title":null,"twitter_description":null,"schema":{"blockGraphs":[],"customGraphs":[],"default":{"data":{"Article":[],"Course":[],"Dataset":[],"FAQPage":[],"Movie":[],"Person":[],"Product":[],"ProductReview":[],"Car":[],"Recipe":[],"Service":[],"SoftwareApplication":[],"WebPage":[]},"graphName":"Article","isEnabled":true},"graphs":[]},"schema_type":"default","schema_type_options":null,"pillar_content":false,"robots_default":true,"robots_noindex":false,"robots_noarchive":false,"robots_nosnippet":false,"robots_nofollow":false,"robots_noimageindex":false,"robots_noodp":false,"robots_notranslate":false,"robots_max_snippet":"-1","robots_max_videopreview":"-1","robots_max_imagepreview":"large","priority":null,"frequency":"default","location":null,"local_seo":null,"seo_analyzer_scan_date":"2025-09-02 12:05:14","breadcrumb_settings":null,"limit_modified_date":false,"reviewed_by":null,"open_ai":"{\"title\":{\"suggestions\":[],\"usage\":0},\"description\":{\"suggestions\":[],\"usage\":0}}","ai":null,"created":"2024-06-11 04:32:56","updated":"2025-09-02 12:05:14"},"aioseo_breadcrumb":"<div class=\"aioseo-breadcrumbs\"><span class=\"aioseo-breadcrumb\">\n\t<a href=\"https:\/\/candas365.es\/noticias\" title=\"Home\">Home<\/a>\n<\/span><span class=\"aioseo-breadcrumb-separator\">&ndash;<\/span><span class=\"aioseo-breadcrumb\">\n\t<a href=\"https:\/\/candas365.es\/noticias\/category\/canal-empresas\/\" title=\"Canal Empresas\">Canal Empresas<\/a>\n<\/span><span class=\"aioseo-breadcrumb-separator\">&ndash;<\/span><span class=\"aioseo-breadcrumb\">\n\tRelevo generacional: Un problema para los peque\u00f1os negocios\n<\/span><\/div>","aioseo_breadcrumb_json":[{"label":"Home","link":"https:\/\/candas365.es\/noticias"},{"label":"Canal Empresas","link":"https:\/\/candas365.es\/noticias\/category\/canal-empresas\/"},{"label":"Relevo generacional: Un problema para los peque\u00f1os negocios","link":"https:\/\/candas365.es\/noticias\/relevo-generacional-un-problema-para-los-pequenos-negocios\/"}],"_links":{"self":[{"href":"https:\/\/candas365.es\/noticias\/wp-json\/wp\/v2\/posts\/181891","targetHints":{"allow":["GET"]}}],"collection":[{"href":"https:\/\/candas365.es\/noticias\/wp-json\/wp\/v2\/posts"}],"about":[{"href":"https:\/\/candas365.es\/noticias\/wp-json\/wp\/v2\/types\/post"}],"author":[{"embeddable":true,"href":"https:\/\/candas365.es\/noticias\/wp-json\/wp\/v2\/users\/1"}],"replies":[{"embeddable":true,"href":"https:\/\/candas365.es\/noticias\/wp-json\/wp\/v2\/comments?post=181891"}],"version-history":[{"count":0,"href":"https:\/\/candas365.es\/noticias\/wp-json\/wp\/v2\/posts\/181891\/revisions"}],"wp:featuredmedia":[{"embeddable":true,"href":"https:\/\/candas365.es\/noticias\/wp-json\/wp\/v2\/media\/181892"}],"wp:attachment":[{"href":"https:\/\/candas365.es\/noticias\/wp-json\/wp\/v2\/media?parent=181891"}],"wp:term":[{"taxonomy":"category","embeddable":true,"href":"https:\/\/candas365.es\/noticias\/wp-json\/wp\/v2\/categories?post=181891"},{"taxonomy":"post_tag","embeddable":true,"href":"https:\/\/candas365.es\/noticias\/wp-json\/wp\/v2\/tags?post=181891"}],"curies":[{"name":"wp","href":"https:\/\/api.w.org\/{rel}","templated":true}]}}