{"id":181761,"date":"2024-06-09T03:20:48","date_gmt":"2024-06-09T01:20:48","guid":{"rendered":"https:\/\/candas365.es\/noticias\/?p=181761"},"modified":"2024-06-09T03:20:48","modified_gmt":"2024-06-09T01:20:48","slug":"el-ceo-de-adidas-critica-a-la-dfb-por-su-acuerdo-con-nike","status":"publish","type":"post","link":"https:\/\/candas365.es\/noticias\/el-ceo-de-adidas-critica-a-la-dfb-por-su-acuerdo-con-nike\/","title":{"rendered":"El CEO de Adidas critica a la DFB por su acuerdo con Nike"},"content":{"rendered":"<p>D\u00fcsseldorf (Alemania), 8 jun (<a title=\"dpa\" href=\"https:\/\/www.dpa-news.de\/\" target=\"_blank\" rel=\"noopener\"><span style=\"color: #ff6600;\"><strong>dpa<\/strong><\/span><\/a>) &#8211; El director general de Adidas, Bj\u00f6rn Gulden, critic\u00f3 la falta de comunicaci\u00f3n con la Federaci\u00f3n Alemana de <span style=\"color: #ff6600;\"><a style=\"color: #ff6600;\" href=\"https:\/\/candas365.es\/noticias\/category\/deporte\/\"><strong>F\u00fatbol<\/strong><\/a><\/span> (DFB) en torno a un nuevo acuerdo sobre la indumentaria de las selecciones nacionales.<\/p>\n<p><img fetchpriority=\"high\" decoding=\"async\" class=\"aligncenter size-full wp-image-176620\" src=\"https:\/\/candas365.es\/noticias\/wp-content\/uploads\/2023\/11\/Eurocopa-de-Futbol.jpg\" alt=\"Eurocopa de F\u00fatbol\" width=\"640\" height=\"428\" srcset=\"https:\/\/candas365.es\/noticias\/wp-content\/uploads\/2023\/11\/Eurocopa-de-Futbol.jpg 640w, https:\/\/candas365.es\/noticias\/wp-content\/uploads\/2023\/11\/Eurocopa-de-Futbol-360x241.jpg 360w, https:\/\/candas365.es\/noticias\/wp-content\/uploads\/2023\/11\/Eurocopa-de-Futbol-150x100.jpg 150w, https:\/\/candas365.es\/noticias\/wp-content\/uploads\/2023\/11\/Eurocopa-de-Futbol-450x301.jpg 450w\" sizes=\"(max-width: 640px) 100vw, 640px\" \/><\/p>\n<p>Gulden, no obstante, admiti\u00f3 que Adidas no habr\u00eda igualado la oferta de su rival Nike, en declaraciones al dominical \u00abFrankfurter Allgemeine Sonntagszeitung\u00bb.<\/p>\n<p>A\u00f1adi\u00f3 que Adidas solo hab\u00eda podido presentar una oferta y no se le hab\u00eda dado la oportunidad de negociar m\u00e1s, una pr\u00e1ctica que calific\u00f3 de inusual en el negocio. \u00abHubiera deseado una conversaci\u00f3n con la DFB\u00bb, dijo.<\/p>\n<p>La DFB anunci\u00f3 en marzo que pondr\u00eda fin en 2026 a una asociaci\u00f3n de d\u00e9cadas con Adidas, un fabricante de art\u00edculos deportivos con sede en Alemania, y cambiar\u00eda a la marca estadounidense Nike en un acuerdo desde 2027 hasta 2034.<\/p>\n<p>El acuerdo suscit\u00f3 cr\u00edticas, incluso de pol\u00edticos como el ministro alem\u00e1n de Econom\u00eda, Robert Habeck, quien habr\u00eda preferido \u00abun poco m\u00e1s de patriotismo local\u00bb por parte de la DFB. No obstante, Gulden no quiso entrar en este aspecto.<\/p>\n<p>La DFB se limit\u00f3 a decir que Nike ofrec\u00eda bastante m\u00e1s que Adidas. El peri\u00f3dico econ\u00f3mico \u00abHandelsblatt\u00bb, citando fuentes del sector, afirm\u00f3 que el acuerdo con Nike ascender\u00e1 a m\u00e1s de 100 millones de euros (108 millones de d\u00f3lares) anuales, el doble de los 50 millones de euros por a\u00f1o que se dice que paga actualmente Adidas.<\/p>\n<p>\u00abTenemos una econom\u00eda libre, puedes elegir el paquete que m\u00e1s te convenga econ\u00f3micamente. Por eso el resultado final nos parece completamente bien. Y si la DFB realmente recibe esa cantidad de dinero en un futuro pr\u00f3ximo, entonces me quito el sombrero\u00bb, dijo Gulden.<\/p>\n<p>\u00abDesde luego, nosotros no habr\u00edamos ofrecido tanto\u00bb, insisti\u00f3.<\/p>\n","protected":false},"excerpt":{"rendered":"<p>D\u00fcsseldorf (Alemania), 8 jun (dpa) &#8211; El director general de Adidas, Bj\u00f6rn Gulden, critic\u00f3 la falta de comunicaci\u00f3n con la Federaci\u00f3n Alemana de F\u00fatbol (DFB) en torno a un nuevo acuerdo sobre la indumentaria de las selecciones nacionales. Gulden, no obstante, admiti\u00f3 que Adidas no habr\u00eda igualado la oferta de su rival Nike, en declaraciones<\/p>\n","protected":false},"author":1,"featured_media":176620,"comment_status":"closed","ping_status":"closed","sticky":false,"template":"","format":"standard","meta":{"footnotes":""},"categories":[319],"tags":[387,383,389],"class_list":{"0":"post-181761","1":"post","2":"type-post","3":"status-publish","4":"format-standard","5":"has-post-thumbnail","7":"category-deporte","8":"tag-deporte","9":"tag-empresas","10":"tag-futbol"},"aioseo_notices":[],"aioseo_head":"\n\t\t<!-- All in One SEO Pro 4.9.6.2 - aioseo.com -->\n\t<meta name=\"description\" content=\"D\u00fcsseldorf (Alemania), 8 jun (dpa) - El director general de Adidas, Bj\u00f6rn Gulden, critic\u00f3 la falta de comunicaci\u00f3n con la Federaci\u00f3n Alemana de F\u00fatbol (DFB)\" \/>\n\t<meta name=\"robots\" content=\"max-image-preview:large\" \/>\n\t<meta name=\"author\" content=\"Cand\u00e1s 365\"\/>\n\t<meta name=\"google-site-verification\" content=\"UA-32230408-1\" \/>\n\t<meta name=\"msvalidate.01\" content=\"354F3CDFB2DA171B47FBE9ABF1F88D5\" \/>\n\t<meta name=\"keywords\" content=\"deporte\" \/>\n\t<link rel=\"canonical\" href=\"https:\/\/candas365.es\/noticias\/el-ceo-de-adidas-critica-a-la-dfb-por-su-acuerdo-con-nike\/\" \/>\n\t<meta name=\"generator\" content=\"All in One SEO Pro (AIOSEO) 4.9.6.2\" \/>\n\t\t<meta property=\"og:locale\" content=\"es_ES\" \/>\n\t\t<meta property=\"og:site_name\" content=\"Cand\u00e1s 365\" \/>\n\t\t<meta property=\"og:type\" content=\"article\" \/>\n\t\t<meta property=\"og:title\" content=\"El CEO de Adidas critica a la DFB por su acuerdo con Nike | Cand\u00e1s 365\" \/>\n\t\t<meta property=\"og:description\" content=\"D\u00fcsseldorf (Alemania), 8 jun (dpa) - El director general de Adidas, Bj\u00f6rn Gulden, critic\u00f3 la falta de comunicaci\u00f3n con la Federaci\u00f3n Alemana de F\u00fatbol (DFB)\" \/>\n\t\t<meta property=\"og:url\" content=\"https:\/\/candas365.es\/noticias\/el-ceo-de-adidas-critica-a-la-dfb-por-su-acuerdo-con-nike\/\" \/>\n\t\t<meta property=\"og:image\" content=\"https:\/\/candas365.es\/noticias\/wp-content\/uploads\/2023\/11\/Eurocopa-de-Futbol.jpg\" \/>\n\t\t<meta property=\"og:image:secure_url\" content=\"https:\/\/candas365.es\/noticias\/wp-content\/uploads\/2023\/11\/Eurocopa-de-Futbol.jpg\" \/>\n\t\t<meta property=\"og:image:width\" content=\"640\" \/>\n\t\t<meta property=\"og:image:height\" content=\"428\" \/>\n\t\t<meta property=\"article:published_time\" content=\"2024-06-09T01:20:48+00:00\" \/>\n\t\t<meta property=\"article:modified_time\" content=\"2024-06-09T01:20:48+00:00\" \/>\n\t\t<meta property=\"article:publisher\" content=\"https:\/\/www.facebook.com\/Nachofdezber\" \/>\n\t\t<meta property=\"article:author\" content=\"https:\/\/www.facebook.com\/carrenoactualidad\" \/>\n\t\t<meta name=\"twitter:card\" content=\"summary_large_image\" \/>\n\t\t<meta name=\"twitter:site\" content=\"@NabercoDigital\" \/>\n\t\t<meta name=\"twitter:title\" content=\"El CEO de Adidas critica a la DFB por su acuerdo con Nike | Cand\u00e1s 365\" \/>\n\t\t<meta name=\"twitter:description\" content=\"D\u00fcsseldorf (Alemania), 8 jun (dpa) - El director general de Adidas, Bj\u00f6rn Gulden, critic\u00f3 la falta de comunicaci\u00f3n con la Federaci\u00f3n Alemana de F\u00fatbol (DFB)\" \/>\n\t\t<meta name=\"twitter:creator\" content=\"@nbasturias\" \/>\n\t\t<meta name=\"twitter:image\" content=\"https:\/\/candas365.es\/noticias\/wp-content\/uploads\/2023\/11\/Eurocopa-de-Futbol.jpg\" \/>\n\t\t<meta name=\"twitter:label1\" content=\"Escrito por\" \/>\n\t\t<meta name=\"twitter:data1\" content=\"Cand\u00e1s 365\" \/>\n\t\t<meta name=\"twitter:label2\" content=\"Tiempo de lectura estimado\" \/>\n\t\t<meta name=\"twitter:data2\" content=\"2 minutos\" \/>\n\t\t<script type=\"application\/ld+json\" class=\"aioseo-schema\">\n\t\t\t{\"@context\":\"https:\\\/\\\/schema.org\",\"@graph\":[{\"@type\":\"BreadcrumbList\",\"@id\":\"https:\\\/\\\/candas365.es\\\/noticias\\\/el-ceo-de-adidas-critica-a-la-dfb-por-su-acuerdo-con-nike\\\/#breadcrumblist\",\"itemListElement\":[{\"@type\":\"ListItem\",\"@id\":\"https:\\\/\\\/candas365.es\\\/noticias#listItem\",\"position\":1,\"name\":\"Home\",\"item\":\"https:\\\/\\\/candas365.es\\\/noticias\",\"nextItem\":{\"@type\":\"ListItem\",\"@id\":\"https:\\\/\\\/candas365.es\\\/noticias\\\/category\\\/deporte\\\/#listItem\",\"name\":\"Deporte\"}},{\"@type\":\"ListItem\",\"@id\":\"https:\\\/\\\/candas365.es\\\/noticias\\\/category\\\/deporte\\\/#listItem\",\"position\":2,\"name\":\"Deporte\",\"item\":\"https:\\\/\\\/candas365.es\\\/noticias\\\/category\\\/deporte\\\/\",\"nextItem\":{\"@type\":\"ListItem\",\"@id\":\"https:\\\/\\\/candas365.es\\\/noticias\\\/el-ceo-de-adidas-critica-a-la-dfb-por-su-acuerdo-con-nike\\\/#listItem\",\"name\":\"El CEO de Adidas critica a la DFB por su acuerdo con Nike\"},\"previousItem\":{\"@type\":\"ListItem\",\"@id\":\"https:\\\/\\\/candas365.es\\\/noticias#listItem\",\"name\":\"Home\"}},{\"@type\":\"ListItem\",\"@id\":\"https:\\\/\\\/candas365.es\\\/noticias\\\/el-ceo-de-adidas-critica-a-la-dfb-por-su-acuerdo-con-nike\\\/#listItem\",\"position\":3,\"name\":\"El CEO de Adidas critica a la DFB por su acuerdo con Nike\",\"previousItem\":{\"@type\":\"ListItem\",\"@id\":\"https:\\\/\\\/candas365.es\\\/noticias\\\/category\\\/deporte\\\/#listItem\",\"name\":\"Deporte\"}}]},{\"@type\":\"NewsArticle\",\"@id\":\"https:\\\/\\\/candas365.es\\\/noticias\\\/el-ceo-de-adidas-critica-a-la-dfb-por-su-acuerdo-con-nike\\\/#newsarticle\",\"name\":\"El CEO de Adidas critica a la DFB por su acuerdo con Nike | Cand\\u00e1s 365\",\"headline\":\"El CEO de Adidas critica a la DFB por su acuerdo con Nike\",\"author\":{\"@id\":\"https:\\\/\\\/candas365.es\\\/noticias\\\/author\\\/admin\\\/#author\"},\"publisher\":{\"@id\":\"https:\\\/\\\/candas365.es\\\/noticias\\\/#organization\"},\"image\":{\"@type\":\"ImageObject\",\"url\":\"https:\\\/\\\/candas365.es\\\/noticias\\\/wp-content\\\/uploads\\\/2023\\\/11\\\/Eurocopa-de-Futbol.jpg\",\"width\":640,\"height\":428,\"caption\":\"Eurocopa de F\\u00fatbol\"},\"datePublished\":\"2024-06-09T03:20:48+02:00\",\"dateModified\":\"2024-06-09T03:20:48+02:00\",\"inLanguage\":\"es-ES\",\"mainEntityOfPage\":{\"@id\":\"https:\\\/\\\/candas365.es\\\/noticias\\\/el-ceo-de-adidas-critica-a-la-dfb-por-su-acuerdo-con-nike\\\/#webpage\"},\"isPartOf\":{\"@id\":\"https:\\\/\\\/candas365.es\\\/noticias\\\/el-ceo-de-adidas-critica-a-la-dfb-por-su-acuerdo-con-nike\\\/#webpage\"},\"articleSection\":\"Deporte, deporte, empresas, f\\u00fatbol\",\"dateline\":\"Publicado el junio 9, 2024.\"},{\"@type\":\"Organization\",\"@id\":\"https:\\\/\\\/candas365.es\\\/noticias\\\/#organization\",\"name\":\"Cand\\u00e1s 365\",\"description\":\"Cand\\u00e1s 365 es un diario digital independiente, fundado en 2012, con base en Asturias. Informamos con rigor sobre actualidad, sociedad, cultura y ocio, con una mirada local y global.\",\"url\":\"https:\\\/\\\/candas365.es\\\/noticias\\\/\",\"email\":\"info@candas365.es\",\"telephone\":\"+34652131393\",\"foundingDate\":\"2012-06-10\",\"logo\":{\"@type\":\"ImageObject\",\"url\":\"https:\\\/\\\/candas365.es\\\/noticias\\\/wp-content\\\/uploads\\\/2024\\\/09\\\/Candas-365-Redes.jpg\",\"@id\":\"https:\\\/\\\/candas365.es\\\/noticias\\\/el-ceo-de-adidas-critica-a-la-dfb-por-su-acuerdo-con-nike\\\/#organizationLogo\",\"width\":1152,\"height\":864,\"caption\":\"Cand\\u00e1s 365 Redes\"},\"image\":{\"@id\":\"https:\\\/\\\/candas365.es\\\/noticias\\\/el-ceo-de-adidas-critica-a-la-dfb-por-su-acuerdo-con-nike\\\/#organizationLogo\"},\"sameAs\":[\"https:\\\/\\\/www.facebook.com\\\/Nachofdezber\",\"https:\\\/\\\/x.com\\\/NabercoDigital\",\"https:\\\/\\\/www.instagram.com\\\/nachofdezber\\\/\",\"https:\\\/\\\/www.youtube.com\\\/channel\\\/UCZP-2wLEB9Rv6erhFmqVnvg\"],\"address\":{\"@id\":\"https:\\\/\\\/candas365.es\\\/noticias\\\/#postaladdress\",\"@type\":\"PostalAddress\",\"streetAddress\":\"san antonio 4, san antonio 4\",\"postalCode\":\"33430\",\"addressLocality\":\"Cand\\u00e1s\",\"addressRegion\":\"Asturias\",\"addressCountry\":\"ES\"}},{\"@type\":\"Person\",\"@id\":\"https:\\\/\\\/candas365.es\\\/noticias\\\/author\\\/admin\\\/#author\",\"url\":\"https:\\\/\\\/candas365.es\\\/noticias\\\/author\\\/admin\\\/\",\"name\":\"Cand\\u00e1s 365\",\"image\":{\"@type\":\"ImageObject\",\"@id\":\"https:\\\/\\\/candas365.es\\\/noticias\\\/el-ceo-de-adidas-critica-a-la-dfb-por-su-acuerdo-con-nike\\\/#authorImage\",\"url\":\"https:\\\/\\\/secure.gravatar.com\\\/avatar\\\/496a8e03d0c493ede1718b7934145dbdf8d89be1036b0eec9544e1094c9de390?s=96&d=mm&r=g\",\"width\":96,\"height\":96,\"caption\":\"Cand\\u00e1s 365\"},\"sameAs\":[\"https:\\\/\\\/www.facebook.com\\\/carrenoactualidad\",\"https:\\\/\\\/twitter.com\\\/nbasturias\",\"https:\\\/\\\/www.instagram.com\\\/nachofdezber\\\/\",\"https:\\\/\\\/www.youtube.com\\\/channel\\\/UCZP-2wLEB9Rv6erhFmqVnvg\"]},{\"@type\":\"WebPage\",\"@id\":\"https:\\\/\\\/candas365.es\\\/noticias\\\/el-ceo-de-adidas-critica-a-la-dfb-por-su-acuerdo-con-nike\\\/#webpage\",\"url\":\"https:\\\/\\\/candas365.es\\\/noticias\\\/el-ceo-de-adidas-critica-a-la-dfb-por-su-acuerdo-con-nike\\\/\",\"name\":\"El CEO de Adidas critica a la DFB por su acuerdo con Nike | Cand\\u00e1s 365\",\"description\":\"D\\u00fcsseldorf (Alemania), 8 jun (dpa) - El director general de Adidas, Bj\\u00f6rn Gulden, critic\\u00f3 la falta de comunicaci\\u00f3n con la Federaci\\u00f3n Alemana de F\\u00fatbol (DFB)\",\"inLanguage\":\"es-ES\",\"isPartOf\":{\"@id\":\"https:\\\/\\\/candas365.es\\\/noticias\\\/#website\"},\"breadcrumb\":{\"@id\":\"https:\\\/\\\/candas365.es\\\/noticias\\\/el-ceo-de-adidas-critica-a-la-dfb-por-su-acuerdo-con-nike\\\/#breadcrumblist\"},\"author\":{\"@id\":\"https:\\\/\\\/candas365.es\\\/noticias\\\/author\\\/admin\\\/#author\"},\"creator\":{\"@id\":\"https:\\\/\\\/candas365.es\\\/noticias\\\/author\\\/admin\\\/#author\"},\"image\":{\"@type\":\"ImageObject\",\"url\":\"https:\\\/\\\/candas365.es\\\/noticias\\\/wp-content\\\/uploads\\\/2023\\\/11\\\/Eurocopa-de-Futbol.jpg\",\"@id\":\"https:\\\/\\\/candas365.es\\\/noticias\\\/el-ceo-de-adidas-critica-a-la-dfb-por-su-acuerdo-con-nike\\\/#mainImage\",\"width\":640,\"height\":428,\"caption\":\"Eurocopa de F\\u00fatbol\"},\"primaryImageOfPage\":{\"@id\":\"https:\\\/\\\/candas365.es\\\/noticias\\\/el-ceo-de-adidas-critica-a-la-dfb-por-su-acuerdo-con-nike\\\/#mainImage\"},\"datePublished\":\"2024-06-09T03:20:48+02:00\",\"dateModified\":\"2024-06-09T03:20:48+02:00\"},{\"@type\":\"WebSite\",\"@id\":\"https:\\\/\\\/candas365.es\\\/noticias\\\/#website\",\"url\":\"https:\\\/\\\/candas365.es\\\/noticias\\\/\",\"name\":\"Cand\\u00e1s 365\",\"alternateName\":\"Cand\\u00e1s 365 Noticias\",\"description\":\"Actualidad desde Carre\\u00f1o para el mundo\",\"inLanguage\":\"es-ES\",\"publisher\":{\"@id\":\"https:\\\/\\\/candas365.es\\\/noticias\\\/#organization\"}}]}\n\t\t<\/script>\n\t\t<!-- All in One SEO Pro -->\r\n\t\t<title>El CEO de Adidas critica a la DFB por su acuerdo con Nike | Cand\u00e1s 365<\/title>\n\n","aioseo_head_json":{"title":"El CEO de Adidas critica a la DFB por su acuerdo con Nike | Cand\u00e1s 365","description":"D\u00fcsseldorf (Alemania), 8 jun (dpa) - El director general de Adidas, Bj\u00f6rn Gulden, critic\u00f3 la falta de comunicaci\u00f3n con la Federaci\u00f3n Alemana de F\u00fatbol (DFB)","canonical_url":"https:\/\/candas365.es\/noticias\/el-ceo-de-adidas-critica-a-la-dfb-por-su-acuerdo-con-nike\/","robots":"max-image-preview:large","keywords":"deporte","webmasterTools":{"google-site-verification":"UA-32230408-1","msvalidate.01":"354F3CDFB2DA171B47FBE9ABF1F88D5","miscellaneous":""},"schema":{"@context":"https:\/\/schema.org","@graph":[{"@type":"BreadcrumbList","@id":"https:\/\/candas365.es\/noticias\/el-ceo-de-adidas-critica-a-la-dfb-por-su-acuerdo-con-nike\/#breadcrumblist","itemListElement":[{"@type":"ListItem","@id":"https:\/\/candas365.es\/noticias#listItem","position":1,"name":"Home","item":"https:\/\/candas365.es\/noticias","nextItem":{"@type":"ListItem","@id":"https:\/\/candas365.es\/noticias\/category\/deporte\/#listItem","name":"Deporte"}},{"@type":"ListItem","@id":"https:\/\/candas365.es\/noticias\/category\/deporte\/#listItem","position":2,"name":"Deporte","item":"https:\/\/candas365.es\/noticias\/category\/deporte\/","nextItem":{"@type":"ListItem","@id":"https:\/\/candas365.es\/noticias\/el-ceo-de-adidas-critica-a-la-dfb-por-su-acuerdo-con-nike\/#listItem","name":"El CEO de Adidas critica a la DFB por su acuerdo con Nike"},"previousItem":{"@type":"ListItem","@id":"https:\/\/candas365.es\/noticias#listItem","name":"Home"}},{"@type":"ListItem","@id":"https:\/\/candas365.es\/noticias\/el-ceo-de-adidas-critica-a-la-dfb-por-su-acuerdo-con-nike\/#listItem","position":3,"name":"El CEO de Adidas critica a la DFB por su acuerdo con Nike","previousItem":{"@type":"ListItem","@id":"https:\/\/candas365.es\/noticias\/category\/deporte\/#listItem","name":"Deporte"}}]},{"@type":"NewsArticle","@id":"https:\/\/candas365.es\/noticias\/el-ceo-de-adidas-critica-a-la-dfb-por-su-acuerdo-con-nike\/#newsarticle","name":"El CEO de Adidas critica a la DFB por su acuerdo con Nike | Cand\u00e1s 365","headline":"El CEO de Adidas critica a la DFB por su acuerdo con Nike","author":{"@id":"https:\/\/candas365.es\/noticias\/author\/admin\/#author"},"publisher":{"@id":"https:\/\/candas365.es\/noticias\/#organization"},"image":{"@type":"ImageObject","url":"https:\/\/candas365.es\/noticias\/wp-content\/uploads\/2023\/11\/Eurocopa-de-Futbol.jpg","width":640,"height":428,"caption":"Eurocopa de F\u00fatbol"},"datePublished":"2024-06-09T03:20:48+02:00","dateModified":"2024-06-09T03:20:48+02:00","inLanguage":"es-ES","mainEntityOfPage":{"@id":"https:\/\/candas365.es\/noticias\/el-ceo-de-adidas-critica-a-la-dfb-por-su-acuerdo-con-nike\/#webpage"},"isPartOf":{"@id":"https:\/\/candas365.es\/noticias\/el-ceo-de-adidas-critica-a-la-dfb-por-su-acuerdo-con-nike\/#webpage"},"articleSection":"Deporte, deporte, empresas, f\u00fatbol","dateline":"Publicado el junio 9, 2024."},{"@type":"Organization","@id":"https:\/\/candas365.es\/noticias\/#organization","name":"Cand\u00e1s 365","description":"Cand\u00e1s 365 es un diario digital independiente, fundado en 2012, con base en Asturias. Informamos con rigor sobre actualidad, sociedad, cultura y ocio, con una mirada local y global.","url":"https:\/\/candas365.es\/noticias\/","email":"info@candas365.es","telephone":"+34652131393","foundingDate":"2012-06-10","logo":{"@type":"ImageObject","url":"https:\/\/candas365.es\/noticias\/wp-content\/uploads\/2024\/09\/Candas-365-Redes.jpg","@id":"https:\/\/candas365.es\/noticias\/el-ceo-de-adidas-critica-a-la-dfb-por-su-acuerdo-con-nike\/#organizationLogo","width":1152,"height":864,"caption":"Cand\u00e1s 365 Redes"},"image":{"@id":"https:\/\/candas365.es\/noticias\/el-ceo-de-adidas-critica-a-la-dfb-por-su-acuerdo-con-nike\/#organizationLogo"},"sameAs":["https:\/\/www.facebook.com\/Nachofdezber","https:\/\/x.com\/NabercoDigital","https:\/\/www.instagram.com\/nachofdezber\/","https:\/\/www.youtube.com\/channel\/UCZP-2wLEB9Rv6erhFmqVnvg"],"address":{"@id":"https:\/\/candas365.es\/noticias\/#postaladdress","@type":"PostalAddress","streetAddress":"san antonio 4, san antonio 4","postalCode":"33430","addressLocality":"Cand\u00e1s","addressRegion":"Asturias","addressCountry":"ES"}},{"@type":"Person","@id":"https:\/\/candas365.es\/noticias\/author\/admin\/#author","url":"https:\/\/candas365.es\/noticias\/author\/admin\/","name":"Cand\u00e1s 365","image":{"@type":"ImageObject","@id":"https:\/\/candas365.es\/noticias\/el-ceo-de-adidas-critica-a-la-dfb-por-su-acuerdo-con-nike\/#authorImage","url":"https:\/\/secure.gravatar.com\/avatar\/496a8e03d0c493ede1718b7934145dbdf8d89be1036b0eec9544e1094c9de390?s=96&d=mm&r=g","width":96,"height":96,"caption":"Cand\u00e1s 365"},"sameAs":["https:\/\/www.facebook.com\/carrenoactualidad","https:\/\/twitter.com\/nbasturias","https:\/\/www.instagram.com\/nachofdezber\/","https:\/\/www.youtube.com\/channel\/UCZP-2wLEB9Rv6erhFmqVnvg"]},{"@type":"WebPage","@id":"https:\/\/candas365.es\/noticias\/el-ceo-de-adidas-critica-a-la-dfb-por-su-acuerdo-con-nike\/#webpage","url":"https:\/\/candas365.es\/noticias\/el-ceo-de-adidas-critica-a-la-dfb-por-su-acuerdo-con-nike\/","name":"El CEO de Adidas critica a la DFB por su acuerdo con Nike | Cand\u00e1s 365","description":"D\u00fcsseldorf (Alemania), 8 jun (dpa) - El director general de Adidas, Bj\u00f6rn Gulden, critic\u00f3 la falta de comunicaci\u00f3n con la Federaci\u00f3n Alemana de F\u00fatbol (DFB)","inLanguage":"es-ES","isPartOf":{"@id":"https:\/\/candas365.es\/noticias\/#website"},"breadcrumb":{"@id":"https:\/\/candas365.es\/noticias\/el-ceo-de-adidas-critica-a-la-dfb-por-su-acuerdo-con-nike\/#breadcrumblist"},"author":{"@id":"https:\/\/candas365.es\/noticias\/author\/admin\/#author"},"creator":{"@id":"https:\/\/candas365.es\/noticias\/author\/admin\/#author"},"image":{"@type":"ImageObject","url":"https:\/\/candas365.es\/noticias\/wp-content\/uploads\/2023\/11\/Eurocopa-de-Futbol.jpg","@id":"https:\/\/candas365.es\/noticias\/el-ceo-de-adidas-critica-a-la-dfb-por-su-acuerdo-con-nike\/#mainImage","width":640,"height":428,"caption":"Eurocopa de F\u00fatbol"},"primaryImageOfPage":{"@id":"https:\/\/candas365.es\/noticias\/el-ceo-de-adidas-critica-a-la-dfb-por-su-acuerdo-con-nike\/#mainImage"},"datePublished":"2024-06-09T03:20:48+02:00","dateModified":"2024-06-09T03:20:48+02:00"},{"@type":"WebSite","@id":"https:\/\/candas365.es\/noticias\/#website","url":"https:\/\/candas365.es\/noticias\/","name":"Cand\u00e1s 365","alternateName":"Cand\u00e1s 365 Noticias","description":"Actualidad desde Carre\u00f1o para el mundo","inLanguage":"es-ES","publisher":{"@id":"https:\/\/candas365.es\/noticias\/#organization"}}]},"og:locale":"es_ES","og:site_name":"Cand\u00e1s 365","og:type":"article","og:title":"El CEO de Adidas critica a la DFB por su acuerdo con Nike | Cand\u00e1s 365","og:description":"D\u00fcsseldorf (Alemania), 8 jun (dpa) - El director general de Adidas, Bj\u00f6rn Gulden, critic\u00f3 la falta de comunicaci\u00f3n con la Federaci\u00f3n Alemana de F\u00fatbol (DFB)","og:url":"https:\/\/candas365.es\/noticias\/el-ceo-de-adidas-critica-a-la-dfb-por-su-acuerdo-con-nike\/","og:image":"https:\/\/candas365.es\/noticias\/wp-content\/uploads\/2023\/11\/Eurocopa-de-Futbol.jpg","og:image:secure_url":"https:\/\/candas365.es\/noticias\/wp-content\/uploads\/2023\/11\/Eurocopa-de-Futbol.jpg","og:image:width":640,"og:image:height":428,"article:published_time":"2024-06-09T01:20:48+00:00","article:modified_time":"2024-06-09T01:20:48+00:00","article:publisher":"https:\/\/www.facebook.com\/Nachofdezber","article:author":"https:\/\/www.facebook.com\/carrenoactualidad","twitter:card":"summary_large_image","twitter:site":"@NabercoDigital","twitter:title":"El CEO de Adidas critica a la DFB por su acuerdo con Nike | Cand\u00e1s 365","twitter:description":"D\u00fcsseldorf (Alemania), 8 jun (dpa) - El director general de Adidas, Bj\u00f6rn Gulden, critic\u00f3 la falta de comunicaci\u00f3n con la Federaci\u00f3n Alemana de F\u00fatbol (DFB)","twitter:creator":"@nbasturias","twitter:image":"https:\/\/candas365.es\/noticias\/wp-content\/uploads\/2023\/11\/Eurocopa-de-Futbol.jpg","twitter:label1":"Escrito por","twitter:data1":"Cand\u00e1s 365","twitter:label2":"Tiempo de lectura estimado","twitter:data2":"2 minutos"},"aioseo_meta_data":{"post_id":"181761","title":null,"description":"D\u00fcsseldorf (Alemania), 8 jun (dpa) - El director general de Adidas, Bj\u00f6rn Gulden, critic\u00f3 la falta de comunicaci\u00f3n con la Federaci\u00f3n Alemana de F\u00fatbol (DFB)","keywords":null,"keyphrases":{"focus":{"keyphrase":"DFB","score":83,"analysis":{"keyphraseInTitle":{"score":9,"maxScore":9,"error":0},"keyphraseInDescription":{"score":9,"maxScore":9,"error":0},"keyphraseLength":{"score":9,"maxScore":9,"error":0,"length":1},"keyphraseInURL":{"score":1,"maxScore":5,"error":1},"keyphraseInIntroduction":{"score":9,"maxScore":9,"error":0},"keyphraseInSubHeadings":[],"keyphraseInImageAlt":{"score":3,"maxScore":9,"error":1},"keywordDensity":{"type":"best","score":9,"maxScore":9,"error":0}}},"additional":[{"keyphrase":"Adidas","score":87,"analysis":{"keyphraseInDescription":{"score":9,"maxScore":9,"error":0},"keyphraseLength":{"score":9,"maxScore":9,"error":0,"length":1},"keyphraseInIntroduction":{"score":9,"maxScore":9,"error":0},"keyphraseInImageAlt":{"score":3,"maxScore":9,"error":1},"keywordDensity":{"type":"best","score":9,"maxScore":9,"error":0}}}]},"primary_term":null,"canonical_url":null,"og_title":null,"og_description":null,"og_object_type":"default","og_image_type":"default","og_image_url":null,"og_image_width":null,"og_image_height":null,"og_image_custom_url":null,"og_image_custom_fields":null,"og_video":"","og_custom_url":null,"og_article_section":null,"og_article_tags":null,"twitter_use_og":false,"twitter_card":"default","twitter_image_type":"default","twitter_image_url":null,"twitter_image_custom_url":null,"twitter_image_custom_fields":null,"twitter_title":null,"twitter_description":null,"schema":{"blockGraphs":[],"customGraphs":[],"default":{"data":{"Article":[],"Course":[],"Dataset":[],"FAQPage":[],"Movie":[],"Person":[],"Product":[],"ProductReview":[],"Car":[],"Recipe":[],"Service":[],"SoftwareApplication":[],"WebPage":[]},"graphName":"Article","isEnabled":true},"graphs":[]},"schema_type":"default","schema_type_options":null,"pillar_content":false,"robots_default":true,"robots_noindex":false,"robots_noarchive":false,"robots_nosnippet":false,"robots_nofollow":false,"robots_noimageindex":false,"robots_noodp":false,"robots_notranslate":false,"robots_max_snippet":"-1","robots_max_videopreview":"-1","robots_max_imagepreview":"large","priority":null,"frequency":"default","location":null,"local_seo":null,"seo_analyzer_scan_date":"2025-09-02 11:45:24","breadcrumb_settings":null,"limit_modified_date":false,"reviewed_by":null,"open_ai":"{\"title\":{\"suggestions\":[],\"usage\":0},\"description\":{\"suggestions\":[],\"usage\":0}}","ai":null,"created":"2024-06-09 01:17:20","updated":"2025-09-02 11:45:24"},"aioseo_breadcrumb":"<div class=\"aioseo-breadcrumbs\"><span class=\"aioseo-breadcrumb\">\n\t<a href=\"https:\/\/candas365.es\/noticias\" title=\"Home\">Home<\/a>\n<\/span><span class=\"aioseo-breadcrumb-separator\">&ndash;<\/span><span class=\"aioseo-breadcrumb\">\n\t<a href=\"https:\/\/candas365.es\/noticias\/category\/deporte\/\" title=\"Deporte\">Deporte<\/a>\n<\/span><span class=\"aioseo-breadcrumb-separator\">&ndash;<\/span><span class=\"aioseo-breadcrumb\">\n\tEl CEO de Adidas critica a la DFB por su acuerdo con Nike\n<\/span><\/div>","aioseo_breadcrumb_json":[{"label":"Home","link":"https:\/\/candas365.es\/noticias"},{"label":"Deporte","link":"https:\/\/candas365.es\/noticias\/category\/deporte\/"},{"label":"El CEO de Adidas critica a la DFB por su acuerdo con Nike","link":"https:\/\/candas365.es\/noticias\/el-ceo-de-adidas-critica-a-la-dfb-por-su-acuerdo-con-nike\/"}],"_links":{"self":[{"href":"https:\/\/candas365.es\/noticias\/wp-json\/wp\/v2\/posts\/181761","targetHints":{"allow":["GET"]}}],"collection":[{"href":"https:\/\/candas365.es\/noticias\/wp-json\/wp\/v2\/posts"}],"about":[{"href":"https:\/\/candas365.es\/noticias\/wp-json\/wp\/v2\/types\/post"}],"author":[{"embeddable":true,"href":"https:\/\/candas365.es\/noticias\/wp-json\/wp\/v2\/users\/1"}],"replies":[{"embeddable":true,"href":"https:\/\/candas365.es\/noticias\/wp-json\/wp\/v2\/comments?post=181761"}],"version-history":[{"count":0,"href":"https:\/\/candas365.es\/noticias\/wp-json\/wp\/v2\/posts\/181761\/revisions"}],"wp:featuredmedia":[{"embeddable":true,"href":"https:\/\/candas365.es\/noticias\/wp-json\/wp\/v2\/media\/176620"}],"wp:attachment":[{"href":"https:\/\/candas365.es\/noticias\/wp-json\/wp\/v2\/media?parent=181761"}],"wp:term":[{"taxonomy":"category","embeddable":true,"href":"https:\/\/candas365.es\/noticias\/wp-json\/wp\/v2\/categories?post=181761"},{"taxonomy":"post_tag","embeddable":true,"href":"https:\/\/candas365.es\/noticias\/wp-json\/wp\/v2\/tags?post=181761"}],"curies":[{"name":"wp","href":"https:\/\/api.w.org\/{rel}","templated":true}]}}