{"id":181725,"date":"2024-06-09T01:58:14","date_gmt":"2024-06-08T23:58:14","guid":{"rendered":"https:\/\/candas365.es\/noticias\/?p=181725"},"modified":"2024-06-09T01:58:14","modified_gmt":"2024-06-08T23:58:14","slug":"alemania-registra-record-de-electricidad-de-fuentes-renovables","status":"publish","type":"post","link":"https:\/\/candas365.es\/noticias\/alemania-registra-record-de-electricidad-de-fuentes-renovables\/","title":{"rendered":"Alemania registra r\u00e9cord de electricidad de fuentes renovables"},"content":{"rendered":"<p>Wiesbaden (Alemania), 6 jun (<a title=\"dpa\" href=\"https:\/\/www.dpa-news.de\/\" target=\"_blank\" rel=\"noopener\"><span style=\"color: #ff6600;\"><strong>dpa<\/strong><\/span><\/a>) &#8211; El 58,4 por ciento de los 121.500 millones de kilovatios-hora generados en <a href=\"https:\/\/candas365.es\/noticias\/tag\/alemania\/\"><span style=\"color: #ff6600;\"><strong>Alemania<\/strong><\/span><\/a> en el primer trimestre provinieron de fuentes renovables, lo que supone todo un r\u00e9cord, comunic\u00f3 hoy la Oficina Federal de Estad\u00edstica.<\/p>\n<figure id=\"attachment_181726\" aria-describedby=\"caption-attachment-181726\" style=\"width: 1085px\" class=\"wp-caption aligncenter\"><img fetchpriority=\"high\" decoding=\"async\" class=\"size-full wp-image-181726\" src=\"https:\/\/candas365.es\/noticias\/wp-content\/uploads\/2024\/06\/renovables.jpg\" alt=\"renovables\" width=\"1085\" height=\"659\" srcset=\"https:\/\/candas365.es\/noticias\/wp-content\/uploads\/2024\/06\/renovables.jpg 1085w, https:\/\/candas365.es\/noticias\/wp-content\/uploads\/2024\/06\/renovables-360x219.jpg 360w, https:\/\/candas365.es\/noticias\/wp-content\/uploads\/2024\/06\/renovables-650x395.jpg 650w, https:\/\/candas365.es\/noticias\/wp-content\/uploads\/2024\/06\/renovables-768x466.jpg 768w, https:\/\/candas365.es\/noticias\/wp-content\/uploads\/2024\/06\/renovables-150x91.jpg 150w, https:\/\/candas365.es\/noticias\/wp-content\/uploads\/2024\/06\/renovables-450x273.jpg 450w\" sizes=\"(max-width: 1085px) 100vw, 1085px\" \/><figcaption id=\"caption-attachment-181726\" class=\"wp-caption-text\">Foto: Bernd W\u00fcstneck\/dpa<\/figcaption><\/figure>\n<p>Seg\u00fan los expertos, nunca antes la energ\u00eda e\u00f3lica, hidr\u00e1ulica, fotovolt\u00e1ica y el biog\u00e1s tuvo tanta participaci\u00f3n en los primeros tres meses de un a\u00f1o desde que se comenzaron a relevar los datos en 2018.<\/p>\n<p>La fuente de energ\u00eda m\u00e1s importante en los primeros tres meses, al igual que en el mismo trimestre del a\u00f1o anterior y en todo el a\u00f1o anterior, fue la e\u00f3lica.<\/p>\n<p>Un 38,5 por ciento de la electricidad generada en Alemania provino en el primer trimestre de 2024 de la energ\u00eda del viento, seg\u00fan los c\u00e1lculos.<\/p>\n<p>En el segundo lugar sigue figurando el carb\u00f3n con casi un cuarto (23 por ciento), a pesar de que la producci\u00f3n en las centrales el\u00e9ctricas de carb\u00f3n se redujo considerablemente. En comparaci\u00f3n al primer trimestre de 2023, cay\u00f3 en 11.000 millones de kilovatios-hora o un 28,2 por ciento.<\/p>\n<p>Esa fue tambi\u00e9n la raz\u00f3n principal por la que fuentes de energ\u00eda tradicionales como el carb\u00f3n y el gas natural tuvieran un papel menor.<\/p>\n<p>De acuerdo al relevamiento, la generaci\u00f3n de energ\u00eda el\u00e9ctrica de fuentes de energ\u00eda convencionales se redujo en m\u00e1s de un cuarto (25,4 por ciento) en el transcurso de un a\u00f1o, mientras que la de fuentes renovables creci\u00f3 en un 11,6 por ciento.<\/p>\n<p>En total, seg\u00fan los datos provisorios de la Oficina Federal de Estad\u00edstica, en el primer trimestre del a\u00f1o en curso en Alemania se gener\u00f3 un 7,5 por ciento menos de energ\u00eda que en el primer trimestre de 2023 (131.400 millones de kilovatios-hora).<\/p>\n","protected":false},"excerpt":{"rendered":"<p>Wiesbaden (Alemania), 6 jun (dpa) &#8211; El 58,4 por ciento de los 121.500 millones de kilovatios-hora generados en Alemania en el primer trimestre provinieron de fuentes renovables, lo que supone todo un r\u00e9cord, comunic\u00f3 hoy la Oficina Federal de Estad\u00edstica. Seg\u00fan los expertos, nunca antes la energ\u00eda e\u00f3lica, hidr\u00e1ulica, fotovolt\u00e1ica y el biog\u00e1s tuvo tanta<\/p>\n","protected":false},"author":1,"featured_media":181726,"comment_status":"closed","ping_status":"closed","sticky":false,"template":"","format":"standard","meta":{"footnotes":""},"categories":[486],"tags":[417,437],"class_list":{"0":"post-181725","1":"post","2":"type-post","3":"status-publish","4":"format-standard","5":"has-post-thumbnail","7":"category-economia","8":"tag-alemania","9":"tag-economia"},"aioseo_notices":[],"aioseo_head":"\n\t\t<!-- All in One SEO Pro 4.9.6.2 - aioseo.com -->\n\t<meta name=\"description\" content=\"Wiesbaden (Alemania), 6 jun (dpa) - El 58,4 por ciento de los 121.500 millones de kilovatios-hora generados en Alemania en el primer trimestre provinieron de\" \/>\n\t<meta name=\"robots\" content=\"max-image-preview:large\" \/>\n\t<meta name=\"author\" content=\"Cand\u00e1s 365\"\/>\n\t<meta name=\"google-site-verification\" content=\"UA-32230408-1\" \/>\n\t<meta name=\"msvalidate.01\" content=\"354F3CDFB2DA171B47FBE9ABF1F88D5\" \/>\n\t<meta name=\"keywords\" content=\"econom\u00eda\" \/>\n\t<link rel=\"canonical\" href=\"https:\/\/candas365.es\/noticias\/alemania-registra-record-de-electricidad-de-fuentes-renovables\/\" \/>\n\t<meta name=\"generator\" content=\"All in One SEO Pro (AIOSEO) 4.9.6.2\" \/>\n\t\t<meta property=\"og:locale\" content=\"es_ES\" \/>\n\t\t<meta property=\"og:site_name\" content=\"Cand\u00e1s 365\" \/>\n\t\t<meta property=\"og:type\" content=\"article\" \/>\n\t\t<meta property=\"og:title\" content=\"Alemania registra r\u00e9cord de electricidad de fuentes renovables | Cand\u00e1s 365\" \/>\n\t\t<meta property=\"og:description\" content=\"Wiesbaden (Alemania), 6 jun (dpa) - El 58,4 por ciento de los 121.500 millones de kilovatios-hora generados en Alemania en el primer trimestre provinieron de\" \/>\n\t\t<meta property=\"og:url\" content=\"https:\/\/candas365.es\/noticias\/alemania-registra-record-de-electricidad-de-fuentes-renovables\/\" \/>\n\t\t<meta property=\"og:image\" content=\"https:\/\/candas365.es\/noticias\/wp-content\/uploads\/2024\/06\/renovables.jpg\" \/>\n\t\t<meta property=\"og:image:secure_url\" content=\"https:\/\/candas365.es\/noticias\/wp-content\/uploads\/2024\/06\/renovables.jpg\" \/>\n\t\t<meta property=\"og:image:width\" content=\"1085\" \/>\n\t\t<meta property=\"og:image:height\" content=\"659\" \/>\n\t\t<meta property=\"article:published_time\" content=\"2024-06-08T23:58:14+00:00\" \/>\n\t\t<meta property=\"article:modified_time\" content=\"2024-06-08T23:58:14+00:00\" \/>\n\t\t<meta property=\"article:publisher\" content=\"https:\/\/www.facebook.com\/Nachofdezber\" \/>\n\t\t<meta property=\"article:author\" content=\"https:\/\/www.facebook.com\/carrenoactualidad\" \/>\n\t\t<meta name=\"twitter:card\" content=\"summary_large_image\" \/>\n\t\t<meta name=\"twitter:site\" content=\"@NabercoDigital\" \/>\n\t\t<meta name=\"twitter:title\" content=\"Alemania registra r\u00e9cord de electricidad de fuentes renovables | Cand\u00e1s 365\" \/>\n\t\t<meta name=\"twitter:description\" content=\"Wiesbaden (Alemania), 6 jun (dpa) - El 58,4 por ciento de los 121.500 millones de kilovatios-hora generados en Alemania en el primer trimestre provinieron de\" \/>\n\t\t<meta name=\"twitter:creator\" content=\"@nbasturias\" \/>\n\t\t<meta name=\"twitter:image\" content=\"https:\/\/candas365.es\/noticias\/wp-content\/uploads\/2024\/06\/renovables.jpg\" \/>\n\t\t<meta name=\"twitter:label1\" content=\"Escrito por\" \/>\n\t\t<meta name=\"twitter:data1\" content=\"Cand\u00e1s 365\" \/>\n\t\t<meta name=\"twitter:label2\" content=\"Tiempo de lectura estimado\" \/>\n\t\t<meta name=\"twitter:data2\" content=\"2 minutos\" \/>\n\t\t<script type=\"application\/ld+json\" class=\"aioseo-schema\">\n\t\t\t{\"@context\":\"https:\\\/\\\/schema.org\",\"@graph\":[{\"@type\":\"BreadcrumbList\",\"@id\":\"https:\\\/\\\/candas365.es\\\/noticias\\\/alemania-registra-record-de-electricidad-de-fuentes-renovables\\\/#breadcrumblist\",\"itemListElement\":[{\"@type\":\"ListItem\",\"@id\":\"https:\\\/\\\/candas365.es\\\/noticias#listItem\",\"position\":1,\"name\":\"Home\",\"item\":\"https:\\\/\\\/candas365.es\\\/noticias\",\"nextItem\":{\"@type\":\"ListItem\",\"@id\":\"https:\\\/\\\/candas365.es\\\/noticias\\\/category\\\/economia\\\/#listItem\",\"name\":\"Econom\\u00eda\"}},{\"@type\":\"ListItem\",\"@id\":\"https:\\\/\\\/candas365.es\\\/noticias\\\/category\\\/economia\\\/#listItem\",\"position\":2,\"name\":\"Econom\\u00eda\",\"item\":\"https:\\\/\\\/candas365.es\\\/noticias\\\/category\\\/economia\\\/\",\"nextItem\":{\"@type\":\"ListItem\",\"@id\":\"https:\\\/\\\/candas365.es\\\/noticias\\\/alemania-registra-record-de-electricidad-de-fuentes-renovables\\\/#listItem\",\"name\":\"Alemania registra r\\u00e9cord de electricidad de fuentes renovables\"},\"previousItem\":{\"@type\":\"ListItem\",\"@id\":\"https:\\\/\\\/candas365.es\\\/noticias#listItem\",\"name\":\"Home\"}},{\"@type\":\"ListItem\",\"@id\":\"https:\\\/\\\/candas365.es\\\/noticias\\\/alemania-registra-record-de-electricidad-de-fuentes-renovables\\\/#listItem\",\"position\":3,\"name\":\"Alemania registra r\\u00e9cord de electricidad de fuentes renovables\",\"previousItem\":{\"@type\":\"ListItem\",\"@id\":\"https:\\\/\\\/candas365.es\\\/noticias\\\/category\\\/economia\\\/#listItem\",\"name\":\"Econom\\u00eda\"}}]},{\"@type\":\"NewsArticle\",\"@id\":\"https:\\\/\\\/candas365.es\\\/noticias\\\/alemania-registra-record-de-electricidad-de-fuentes-renovables\\\/#newsarticle\",\"name\":\"Alemania registra r\\u00e9cord de electricidad de fuentes renovables | Cand\\u00e1s 365\",\"headline\":\"Alemania registra r\\u00e9cord de electricidad de fuentes renovables\",\"author\":{\"@id\":\"https:\\\/\\\/candas365.es\\\/noticias\\\/author\\\/admin\\\/#author\"},\"publisher\":{\"@id\":\"https:\\\/\\\/candas365.es\\\/noticias\\\/#organization\"},\"image\":{\"@type\":\"ImageObject\",\"url\":\"https:\\\/\\\/candas365.es\\\/noticias\\\/wp-content\\\/uploads\\\/2024\\\/06\\\/renovables.jpg\",\"width\":1085,\"height\":659,\"caption\":\"Foto: Bernd W\\u00fcstneck\\\/dpa\"},\"datePublished\":\"2024-06-09T01:58:14+02:00\",\"dateModified\":\"2024-06-09T01:58:14+02:00\",\"inLanguage\":\"es-ES\",\"mainEntityOfPage\":{\"@id\":\"https:\\\/\\\/candas365.es\\\/noticias\\\/alemania-registra-record-de-electricidad-de-fuentes-renovables\\\/#webpage\"},\"isPartOf\":{\"@id\":\"https:\\\/\\\/candas365.es\\\/noticias\\\/alemania-registra-record-de-electricidad-de-fuentes-renovables\\\/#webpage\"},\"articleSection\":\"Econom\\u00eda, Alemania, Econom\\u00eda\",\"dateline\":\"Publicado el junio 9, 2024.\"},{\"@type\":\"Organization\",\"@id\":\"https:\\\/\\\/candas365.es\\\/noticias\\\/#organization\",\"name\":\"Cand\\u00e1s 365\",\"description\":\"Cand\\u00e1s 365 es un diario digital independiente, fundado en 2012, con base en Asturias. Informamos con rigor sobre actualidad, sociedad, cultura y ocio, con una mirada local y global.\",\"url\":\"https:\\\/\\\/candas365.es\\\/noticias\\\/\",\"email\":\"info@candas365.es\",\"telephone\":\"+34652131393\",\"foundingDate\":\"2012-06-10\",\"logo\":{\"@type\":\"ImageObject\",\"url\":\"https:\\\/\\\/candas365.es\\\/noticias\\\/wp-content\\\/uploads\\\/2024\\\/09\\\/Candas-365-Redes.jpg\",\"@id\":\"https:\\\/\\\/candas365.es\\\/noticias\\\/alemania-registra-record-de-electricidad-de-fuentes-renovables\\\/#organizationLogo\",\"width\":1152,\"height\":864,\"caption\":\"Cand\\u00e1s 365 Redes\"},\"image\":{\"@id\":\"https:\\\/\\\/candas365.es\\\/noticias\\\/alemania-registra-record-de-electricidad-de-fuentes-renovables\\\/#organizationLogo\"},\"sameAs\":[\"https:\\\/\\\/www.facebook.com\\\/Nachofdezber\",\"https:\\\/\\\/x.com\\\/NabercoDigital\",\"https:\\\/\\\/www.instagram.com\\\/nachofdezber\\\/\",\"https:\\\/\\\/www.youtube.com\\\/channel\\\/UCZP-2wLEB9Rv6erhFmqVnvg\"],\"address\":{\"@id\":\"https:\\\/\\\/candas365.es\\\/noticias\\\/#postaladdress\",\"@type\":\"PostalAddress\",\"streetAddress\":\"san antonio 4, san antonio 4\",\"postalCode\":\"33430\",\"addressLocality\":\"Cand\\u00e1s\",\"addressRegion\":\"Asturias\",\"addressCountry\":\"ES\"}},{\"@type\":\"Person\",\"@id\":\"https:\\\/\\\/candas365.es\\\/noticias\\\/author\\\/admin\\\/#author\",\"url\":\"https:\\\/\\\/candas365.es\\\/noticias\\\/author\\\/admin\\\/\",\"name\":\"Cand\\u00e1s 365\",\"image\":{\"@type\":\"ImageObject\",\"@id\":\"https:\\\/\\\/candas365.es\\\/noticias\\\/alemania-registra-record-de-electricidad-de-fuentes-renovables\\\/#authorImage\",\"url\":\"https:\\\/\\\/secure.gravatar.com\\\/avatar\\\/496a8e03d0c493ede1718b7934145dbdf8d89be1036b0eec9544e1094c9de390?s=96&d=mm&r=g\",\"width\":96,\"height\":96,\"caption\":\"Cand\\u00e1s 365\"},\"sameAs\":[\"https:\\\/\\\/www.facebook.com\\\/carrenoactualidad\",\"https:\\\/\\\/twitter.com\\\/nbasturias\",\"https:\\\/\\\/www.instagram.com\\\/nachofdezber\\\/\",\"https:\\\/\\\/www.youtube.com\\\/channel\\\/UCZP-2wLEB9Rv6erhFmqVnvg\"]},{\"@type\":\"WebPage\",\"@id\":\"https:\\\/\\\/candas365.es\\\/noticias\\\/alemania-registra-record-de-electricidad-de-fuentes-renovables\\\/#webpage\",\"url\":\"https:\\\/\\\/candas365.es\\\/noticias\\\/alemania-registra-record-de-electricidad-de-fuentes-renovables\\\/\",\"name\":\"Alemania registra r\\u00e9cord de electricidad de fuentes renovables | Cand\\u00e1s 365\",\"description\":\"Wiesbaden (Alemania), 6 jun (dpa) - El 58,4 por ciento de los 121.500 millones de kilovatios-hora generados en Alemania en el primer trimestre provinieron de\",\"inLanguage\":\"es-ES\",\"isPartOf\":{\"@id\":\"https:\\\/\\\/candas365.es\\\/noticias\\\/#website\"},\"breadcrumb\":{\"@id\":\"https:\\\/\\\/candas365.es\\\/noticias\\\/alemania-registra-record-de-electricidad-de-fuentes-renovables\\\/#breadcrumblist\"},\"author\":{\"@id\":\"https:\\\/\\\/candas365.es\\\/noticias\\\/author\\\/admin\\\/#author\"},\"creator\":{\"@id\":\"https:\\\/\\\/candas365.es\\\/noticias\\\/author\\\/admin\\\/#author\"},\"image\":{\"@type\":\"ImageObject\",\"url\":\"https:\\\/\\\/candas365.es\\\/noticias\\\/wp-content\\\/uploads\\\/2024\\\/06\\\/renovables.jpg\",\"@id\":\"https:\\\/\\\/candas365.es\\\/noticias\\\/alemania-registra-record-de-electricidad-de-fuentes-renovables\\\/#mainImage\",\"width\":1085,\"height\":659,\"caption\":\"Foto: Bernd W\\u00fcstneck\\\/dpa\"},\"primaryImageOfPage\":{\"@id\":\"https:\\\/\\\/candas365.es\\\/noticias\\\/alemania-registra-record-de-electricidad-de-fuentes-renovables\\\/#mainImage\"},\"datePublished\":\"2024-06-09T01:58:14+02:00\",\"dateModified\":\"2024-06-09T01:58:14+02:00\"},{\"@type\":\"WebSite\",\"@id\":\"https:\\\/\\\/candas365.es\\\/noticias\\\/#website\",\"url\":\"https:\\\/\\\/candas365.es\\\/noticias\\\/\",\"name\":\"Cand\\u00e1s 365\",\"alternateName\":\"Cand\\u00e1s 365 Noticias\",\"description\":\"Actualidad desde Carre\\u00f1o para el mundo\",\"inLanguage\":\"es-ES\",\"publisher\":{\"@id\":\"https:\\\/\\\/candas365.es\\\/noticias\\\/#organization\"}}]}\n\t\t<\/script>\n\t\t<!-- All in One SEO Pro -->\r\n\t\t<title>Alemania registra r\u00e9cord de electricidad de fuentes renovables | Cand\u00e1s 365<\/title>\n\n","aioseo_head_json":{"title":"Alemania registra r\u00e9cord de electricidad de fuentes renovables | Cand\u00e1s 365","description":"Wiesbaden (Alemania), 6 jun (dpa) - El 58,4 por ciento de los 121.500 millones de kilovatios-hora generados en Alemania en el primer trimestre provinieron de","canonical_url":"https:\/\/candas365.es\/noticias\/alemania-registra-record-de-electricidad-de-fuentes-renovables\/","robots":"max-image-preview:large","keywords":"econom\u00eda","webmasterTools":{"google-site-verification":"UA-32230408-1","msvalidate.01":"354F3CDFB2DA171B47FBE9ABF1F88D5","miscellaneous":""},"schema":{"@context":"https:\/\/schema.org","@graph":[{"@type":"BreadcrumbList","@id":"https:\/\/candas365.es\/noticias\/alemania-registra-record-de-electricidad-de-fuentes-renovables\/#breadcrumblist","itemListElement":[{"@type":"ListItem","@id":"https:\/\/candas365.es\/noticias#listItem","position":1,"name":"Home","item":"https:\/\/candas365.es\/noticias","nextItem":{"@type":"ListItem","@id":"https:\/\/candas365.es\/noticias\/category\/economia\/#listItem","name":"Econom\u00eda"}},{"@type":"ListItem","@id":"https:\/\/candas365.es\/noticias\/category\/economia\/#listItem","position":2,"name":"Econom\u00eda","item":"https:\/\/candas365.es\/noticias\/category\/economia\/","nextItem":{"@type":"ListItem","@id":"https:\/\/candas365.es\/noticias\/alemania-registra-record-de-electricidad-de-fuentes-renovables\/#listItem","name":"Alemania registra r\u00e9cord de electricidad de fuentes renovables"},"previousItem":{"@type":"ListItem","@id":"https:\/\/candas365.es\/noticias#listItem","name":"Home"}},{"@type":"ListItem","@id":"https:\/\/candas365.es\/noticias\/alemania-registra-record-de-electricidad-de-fuentes-renovables\/#listItem","position":3,"name":"Alemania registra r\u00e9cord de electricidad de fuentes renovables","previousItem":{"@type":"ListItem","@id":"https:\/\/candas365.es\/noticias\/category\/economia\/#listItem","name":"Econom\u00eda"}}]},{"@type":"NewsArticle","@id":"https:\/\/candas365.es\/noticias\/alemania-registra-record-de-electricidad-de-fuentes-renovables\/#newsarticle","name":"Alemania registra r\u00e9cord de electricidad de fuentes renovables | Cand\u00e1s 365","headline":"Alemania registra r\u00e9cord de electricidad de fuentes renovables","author":{"@id":"https:\/\/candas365.es\/noticias\/author\/admin\/#author"},"publisher":{"@id":"https:\/\/candas365.es\/noticias\/#organization"},"image":{"@type":"ImageObject","url":"https:\/\/candas365.es\/noticias\/wp-content\/uploads\/2024\/06\/renovables.jpg","width":1085,"height":659,"caption":"Foto: Bernd W\u00fcstneck\/dpa"},"datePublished":"2024-06-09T01:58:14+02:00","dateModified":"2024-06-09T01:58:14+02:00","inLanguage":"es-ES","mainEntityOfPage":{"@id":"https:\/\/candas365.es\/noticias\/alemania-registra-record-de-electricidad-de-fuentes-renovables\/#webpage"},"isPartOf":{"@id":"https:\/\/candas365.es\/noticias\/alemania-registra-record-de-electricidad-de-fuentes-renovables\/#webpage"},"articleSection":"Econom\u00eda, Alemania, Econom\u00eda","dateline":"Publicado el junio 9, 2024."},{"@type":"Organization","@id":"https:\/\/candas365.es\/noticias\/#organization","name":"Cand\u00e1s 365","description":"Cand\u00e1s 365 es un diario digital independiente, fundado en 2012, con base en Asturias. Informamos con rigor sobre actualidad, sociedad, cultura y ocio, con una mirada local y global.","url":"https:\/\/candas365.es\/noticias\/","email":"info@candas365.es","telephone":"+34652131393","foundingDate":"2012-06-10","logo":{"@type":"ImageObject","url":"https:\/\/candas365.es\/noticias\/wp-content\/uploads\/2024\/09\/Candas-365-Redes.jpg","@id":"https:\/\/candas365.es\/noticias\/alemania-registra-record-de-electricidad-de-fuentes-renovables\/#organizationLogo","width":1152,"height":864,"caption":"Cand\u00e1s 365 Redes"},"image":{"@id":"https:\/\/candas365.es\/noticias\/alemania-registra-record-de-electricidad-de-fuentes-renovables\/#organizationLogo"},"sameAs":["https:\/\/www.facebook.com\/Nachofdezber","https:\/\/x.com\/NabercoDigital","https:\/\/www.instagram.com\/nachofdezber\/","https:\/\/www.youtube.com\/channel\/UCZP-2wLEB9Rv6erhFmqVnvg"],"address":{"@id":"https:\/\/candas365.es\/noticias\/#postaladdress","@type":"PostalAddress","streetAddress":"san antonio 4, san antonio 4","postalCode":"33430","addressLocality":"Cand\u00e1s","addressRegion":"Asturias","addressCountry":"ES"}},{"@type":"Person","@id":"https:\/\/candas365.es\/noticias\/author\/admin\/#author","url":"https:\/\/candas365.es\/noticias\/author\/admin\/","name":"Cand\u00e1s 365","image":{"@type":"ImageObject","@id":"https:\/\/candas365.es\/noticias\/alemania-registra-record-de-electricidad-de-fuentes-renovables\/#authorImage","url":"https:\/\/secure.gravatar.com\/avatar\/496a8e03d0c493ede1718b7934145dbdf8d89be1036b0eec9544e1094c9de390?s=96&d=mm&r=g","width":96,"height":96,"caption":"Cand\u00e1s 365"},"sameAs":["https:\/\/www.facebook.com\/carrenoactualidad","https:\/\/twitter.com\/nbasturias","https:\/\/www.instagram.com\/nachofdezber\/","https:\/\/www.youtube.com\/channel\/UCZP-2wLEB9Rv6erhFmqVnvg"]},{"@type":"WebPage","@id":"https:\/\/candas365.es\/noticias\/alemania-registra-record-de-electricidad-de-fuentes-renovables\/#webpage","url":"https:\/\/candas365.es\/noticias\/alemania-registra-record-de-electricidad-de-fuentes-renovables\/","name":"Alemania registra r\u00e9cord de electricidad de fuentes renovables | Cand\u00e1s 365","description":"Wiesbaden (Alemania), 6 jun (dpa) - El 58,4 por ciento de los 121.500 millones de kilovatios-hora generados en Alemania en el primer trimestre provinieron de","inLanguage":"es-ES","isPartOf":{"@id":"https:\/\/candas365.es\/noticias\/#website"},"breadcrumb":{"@id":"https:\/\/candas365.es\/noticias\/alemania-registra-record-de-electricidad-de-fuentes-renovables\/#breadcrumblist"},"author":{"@id":"https:\/\/candas365.es\/noticias\/author\/admin\/#author"},"creator":{"@id":"https:\/\/candas365.es\/noticias\/author\/admin\/#author"},"image":{"@type":"ImageObject","url":"https:\/\/candas365.es\/noticias\/wp-content\/uploads\/2024\/06\/renovables.jpg","@id":"https:\/\/candas365.es\/noticias\/alemania-registra-record-de-electricidad-de-fuentes-renovables\/#mainImage","width":1085,"height":659,"caption":"Foto: Bernd W\u00fcstneck\/dpa"},"primaryImageOfPage":{"@id":"https:\/\/candas365.es\/noticias\/alemania-registra-record-de-electricidad-de-fuentes-renovables\/#mainImage"},"datePublished":"2024-06-09T01:58:14+02:00","dateModified":"2024-06-09T01:58:14+02:00"},{"@type":"WebSite","@id":"https:\/\/candas365.es\/noticias\/#website","url":"https:\/\/candas365.es\/noticias\/","name":"Cand\u00e1s 365","alternateName":"Cand\u00e1s 365 Noticias","description":"Actualidad desde Carre\u00f1o para el mundo","inLanguage":"es-ES","publisher":{"@id":"https:\/\/candas365.es\/noticias\/#organization"}}]},"og:locale":"es_ES","og:site_name":"Cand\u00e1s 365","og:type":"article","og:title":"Alemania registra r\u00e9cord de electricidad de fuentes renovables | Cand\u00e1s 365","og:description":"Wiesbaden (Alemania), 6 jun (dpa) - El 58,4 por ciento de los 121.500 millones de kilovatios-hora generados en Alemania en el primer trimestre provinieron de","og:url":"https:\/\/candas365.es\/noticias\/alemania-registra-record-de-electricidad-de-fuentes-renovables\/","og:image":"https:\/\/candas365.es\/noticias\/wp-content\/uploads\/2024\/06\/renovables.jpg","og:image:secure_url":"https:\/\/candas365.es\/noticias\/wp-content\/uploads\/2024\/06\/renovables.jpg","og:image:width":1085,"og:image:height":659,"article:published_time":"2024-06-08T23:58:14+00:00","article:modified_time":"2024-06-08T23:58:14+00:00","article:publisher":"https:\/\/www.facebook.com\/Nachofdezber","article:author":"https:\/\/www.facebook.com\/carrenoactualidad","twitter:card":"summary_large_image","twitter:site":"@NabercoDigital","twitter:title":"Alemania registra r\u00e9cord de electricidad de fuentes renovables | Cand\u00e1s 365","twitter:description":"Wiesbaden (Alemania), 6 jun (dpa) - El 58,4 por ciento de los 121.500 millones de kilovatios-hora generados en Alemania en el primer trimestre provinieron de","twitter:creator":"@nbasturias","twitter:image":"https:\/\/candas365.es\/noticias\/wp-content\/uploads\/2024\/06\/renovables.jpg","twitter:label1":"Escrito por","twitter:data1":"Cand\u00e1s 365","twitter:label2":"Tiempo de lectura estimado","twitter:data2":"2 minutos"},"aioseo_meta_data":{"post_id":"181725","title":null,"description":"Wiesbaden (Alemania), 6 jun (dpa) - El 58,4 por ciento de los 121.500 millones de kilovatios-hora generados en Alemania en el primer trimestre provinieron de","keywords":null,"keyphrases":{"focus":{"keyphrase":"Alemania","score":83,"analysis":{"keyphraseInTitle":{"score":9,"maxScore":9,"error":0},"keyphraseInDescription":{"score":9,"maxScore":9,"error":0},"keyphraseLength":{"score":9,"maxScore":9,"error":0,"length":1},"keyphraseInURL":{"score":1,"maxScore":5,"error":1},"keyphraseInIntroduction":{"score":9,"maxScore":9,"error":0},"keyphraseInSubHeadings":[],"keyphraseInImageAlt":{"score":3,"maxScore":9,"error":1},"keywordDensity":{"type":"best","score":9,"maxScore":9,"error":0}}},"additional":[{"keyphrase":"Alemania","score":87,"analysis":{"keyphraseInDescription":{"score":9,"maxScore":9,"error":0},"keyphraseLength":{"score":9,"maxScore":9,"error":0,"length":1},"keyphraseInIntroduction":{"score":9,"maxScore":9,"error":0},"keyphraseInImageAlt":{"score":3,"maxScore":9,"error":1},"keywordDensity":{"type":"best","score":9,"maxScore":9,"error":0}}}]},"primary_term":null,"canonical_url":null,"og_title":null,"og_description":null,"og_object_type":"default","og_image_type":"default","og_image_url":null,"og_image_width":null,"og_image_height":null,"og_image_custom_url":null,"og_image_custom_fields":null,"og_video":"","og_custom_url":null,"og_article_section":null,"og_article_tags":null,"twitter_use_og":false,"twitter_card":"default","twitter_image_type":"default","twitter_image_url":null,"twitter_image_custom_url":null,"twitter_image_custom_fields":null,"twitter_title":null,"twitter_description":null,"schema":{"blockGraphs":[],"customGraphs":[],"default":{"data":{"Article":[],"Course":[],"Dataset":[],"FAQPage":[],"Movie":[],"Person":[],"Product":[],"ProductReview":[],"Car":[],"Recipe":[],"Service":[],"SoftwareApplication":[],"WebPage":[]},"graphName":"Article","isEnabled":true},"graphs":[]},"schema_type":"default","schema_type_options":null,"pillar_content":false,"robots_default":true,"robots_noindex":false,"robots_noarchive":false,"robots_nosnippet":false,"robots_nofollow":false,"robots_noimageindex":false,"robots_noodp":false,"robots_notranslate":false,"robots_max_snippet":"-1","robots_max_videopreview":"-1","robots_max_imagepreview":"large","priority":null,"frequency":"default","location":null,"local_seo":null,"seo_analyzer_scan_date":"2025-09-02 11:42:35","breadcrumb_settings":null,"limit_modified_date":false,"reviewed_by":null,"open_ai":"{\"title\":{\"suggestions\":[],\"usage\":0},\"description\":{\"suggestions\":[],\"usage\":0}}","ai":null,"created":"2024-06-08 23:53:46","updated":"2025-09-02 11:42:35"},"aioseo_breadcrumb":"<div class=\"aioseo-breadcrumbs\"><span class=\"aioseo-breadcrumb\">\n\t<a href=\"https:\/\/candas365.es\/noticias\" title=\"Home\">Home<\/a>\n<\/span><span class=\"aioseo-breadcrumb-separator\">&ndash;<\/span><span class=\"aioseo-breadcrumb\">\n\t<a href=\"https:\/\/candas365.es\/noticias\/category\/economia\/\" title=\"Econom\u00eda\">Econom\u00eda<\/a>\n<\/span><span class=\"aioseo-breadcrumb-separator\">&ndash;<\/span><span class=\"aioseo-breadcrumb\">\n\tAlemania registra r\u00e9cord de electricidad de fuentes renovables\n<\/span><\/div>","aioseo_breadcrumb_json":[{"label":"Home","link":"https:\/\/candas365.es\/noticias"},{"label":"Econom\u00eda","link":"https:\/\/candas365.es\/noticias\/category\/economia\/"},{"label":"Alemania registra r\u00e9cord de electricidad de fuentes renovables","link":"https:\/\/candas365.es\/noticias\/alemania-registra-record-de-electricidad-de-fuentes-renovables\/"}],"_links":{"self":[{"href":"https:\/\/candas365.es\/noticias\/wp-json\/wp\/v2\/posts\/181725","targetHints":{"allow":["GET"]}}],"collection":[{"href":"https:\/\/candas365.es\/noticias\/wp-json\/wp\/v2\/posts"}],"about":[{"href":"https:\/\/candas365.es\/noticias\/wp-json\/wp\/v2\/types\/post"}],"author":[{"embeddable":true,"href":"https:\/\/candas365.es\/noticias\/wp-json\/wp\/v2\/users\/1"}],"replies":[{"embeddable":true,"href":"https:\/\/candas365.es\/noticias\/wp-json\/wp\/v2\/comments?post=181725"}],"version-history":[{"count":0,"href":"https:\/\/candas365.es\/noticias\/wp-json\/wp\/v2\/posts\/181725\/revisions"}],"wp:featuredmedia":[{"embeddable":true,"href":"https:\/\/candas365.es\/noticias\/wp-json\/wp\/v2\/media\/181726"}],"wp:attachment":[{"href":"https:\/\/candas365.es\/noticias\/wp-json\/wp\/v2\/media?parent=181725"}],"wp:term":[{"taxonomy":"category","embeddable":true,"href":"https:\/\/candas365.es\/noticias\/wp-json\/wp\/v2\/categories?post=181725"},{"taxonomy":"post_tag","embeddable":true,"href":"https:\/\/candas365.es\/noticias\/wp-json\/wp\/v2\/tags?post=181725"}],"curies":[{"name":"wp","href":"https:\/\/api.w.org\/{rel}","templated":true}]}}