{"id":181722,"date":"2024-06-09T01:52:58","date_gmt":"2024-06-08T23:52:58","guid":{"rendered":"https:\/\/candas365.es\/noticias\/?p=181722"},"modified":"2024-06-09T01:52:58","modified_gmt":"2024-06-08T23:52:58","slug":"turismo-los-alemanes-apuestan-por-turquia","status":"publish","type":"post","link":"https:\/\/candas365.es\/noticias\/turismo-los-alemanes-apuestan-por-turquia\/","title":{"rendered":"Turismo: Los alemanes apuestan por Turqu\u00eda"},"content":{"rendered":"<p>Antalya (Turqu\u00eda), 5 jun (<a title=\"dpa\" href=\"https:\/\/www.dpa-news.de\/\" target=\"_blank\" rel=\"noopener\"><span style=\"color: #ff6600;\"><strong>dpa<\/strong><\/span><\/a>) &#8211; A\u00fan no comenz\u00f3 la temporada alta y en el balneario turco de Antalya las sillas de playa frente a los grandes hoteles de la localidad de Aksu ya se encuentran en su mayor\u00eda ocupadas.<\/p>\n<figure id=\"attachment_181723\" aria-describedby=\"caption-attachment-181723\" style=\"width: 1047px\" class=\"wp-caption aligncenter\"><img fetchpriority=\"high\" decoding=\"async\" class=\"size-full wp-image-181723\" src=\"https:\/\/candas365.es\/noticias\/wp-content\/uploads\/2024\/06\/Turismo-en-Turquia.jpg\" alt=\"Turismo en Turqu\u00eda\" width=\"1047\" height=\"641\" srcset=\"https:\/\/candas365.es\/noticias\/wp-content\/uploads\/2024\/06\/Turismo-en-Turquia.jpg 1047w, https:\/\/candas365.es\/noticias\/wp-content\/uploads\/2024\/06\/Turismo-en-Turquia-360x220.jpg 360w, https:\/\/candas365.es\/noticias\/wp-content\/uploads\/2024\/06\/Turismo-en-Turquia-650x398.jpg 650w, https:\/\/candas365.es\/noticias\/wp-content\/uploads\/2024\/06\/Turismo-en-Turquia-768x470.jpg 768w, https:\/\/candas365.es\/noticias\/wp-content\/uploads\/2024\/06\/Turismo-en-Turquia-150x92.jpg 150w, https:\/\/candas365.es\/noticias\/wp-content\/uploads\/2024\/06\/Turismo-en-Turquia-450x276.jpg 450w\" sizes=\"(max-width: 1047px) 100vw, 1047px\" \/><figcaption id=\"caption-attachment-181723\" class=\"wp-caption-text\">Foto: Marijan Murat\/dpa<\/figcaption><\/figure>\n<p>El <a href=\"https:\/\/candas365.es\/noticias\/category\/turismo\/\"><span style=\"color: #ff6600;\"><strong>sector tur\u00edstico<\/strong><\/span><\/a> de esta regi\u00f3n vacacional esperar marcar un r\u00e9cord este a\u00f1o. La asociaci\u00f3n de turismo Aktob pronostica la llegada de un n\u00famero hist\u00f3rico de alemanes a Antalya y no justamente a pesar de, sino a causa de los ajustados presupuestos para viajes y la inflaci\u00f3n.<\/p>\n<p>Turqu\u00eda es uno de los destinos favoritos de los alemanes desde hace a\u00f1os, pero en comparaci\u00f3n con la \u00e9poca previa a la pandemia, su importancia aument\u00f3 en este \u00faltimo tiempo a\u00fan m\u00e1s.<\/p>\n<p>\u00abLa cuota de ventas de la regi\u00f3n de Grecia y Turqu\u00eda aumenta de 36 a 44 por ciento este verano, en comparaci\u00f3n con 2019\u00bb, precis\u00f3 la Asociaci\u00f3n Alemana de Viajes (DRV).<\/p>\n<p>La entidad comunic\u00f3 que solo en Turqu\u00eda ya se registr\u00f3 en marzo un crecimiento desproporcionadamente alto del 45 por ciento para la temporada de verano, en comparaci\u00f3n con el a\u00f1o anterior.<\/p>\n<p>\u00abTurqu\u00eda tiene una oferta amplia, en particular en lo que respecta a hoteles &#8216;all inclusive&#8217; (todo incluido), algo que en tiempos de inflaci\u00f3n y aumento del costo de vida resulta especialmente atractivo\u00bb, se\u00f1al\u00f3 la DRV.<\/p>\n<p>Y all\u00ed recae la elecci\u00f3n de gran parte de los viajeros. Un portavoz de la asociaci\u00f3n turca de turismo T\u00fcrsab coment\u00f3 que la mayor\u00eda de los alemanes en Antalya elige instalaciones que tienen una oferta con todo incluido.<\/p>\n<p>Pero los precios tambi\u00e9n subieron en Turqu\u00eda. La inflaci\u00f3n interanual alcanz\u00f3 un 75 por ciento en mayo. Los precios en hoteles y restaurantes subieron una media de casi 92 por ciento respecto a mayo de 2023.<\/p>\n<p>En el mismo per\u00edodo de tiempo, la lira perdi\u00f3 casi la mitad de su valor respecto al euro, lo que significa que si bien los precios en euros tambi\u00e9n subieron, lo hicieron en menor medida.<\/p>\n<p>\u00abPor ello, vacacionar en muchos hoteles de Antalya se convirti\u00f3 para muchas personas de Turqu\u00eda en algo prohibitivo\u00bb, argumenta Kemal Birdir, profesor de la Facultad de Turismo en la Universidad de Mersin.<\/p>\n<p>Birdir destaca sin embargo que los numerosos veraneantes rusos y alemanes pueden hacer frente a los precios y llenan los hoteles.<\/p>\n<p>El ministro de Turismo turco, Nuri Ersoy, quiere atraer este a\u00f1o a su pa\u00eds unos siete millones de turistas desde Alemania. Unos 6,2 millones de alemanes viajaron en 2023 a Turqu\u00eda, un 81 por ciento de ellos eligi\u00f3 Antalya como destino.<\/p>\n<p>La asociaci\u00f3n Aktob cuenta este a\u00f1o con la llegada de cuatro millones de alemanes a Antalya. Si este pron\u00f3stico se concreta, recibir\u00edan m\u00e1s turistas alemanes que nunca antes.<\/p>\n<p>\u00abAlemania se convirti\u00f3 en el motor impulsor del turismo de masas aqu\u00ed\u00bb, dice el presidente de Aktob, Kaan Kavalo\u011flu.<\/p>\n<p>En Antalya no hay voces en contra de esta tendencia, como ocurre actualmente en otros destinos vacacionales. \u00abTanto nuestros representantes del sector como los ciudadanos de las regiones tur\u00edsticas est\u00e1n muy satisfechos con la actividad tur\u00edstica\u00bb, afirma T\u00fcrsab al ser consultado al respecto.<\/p>\n<p>Que no haya mayor resistencia se debe tambi\u00e9n, seg\u00fan se\u00f1ala el profesor universitario Birdir, a que el turismo en Antalya tiene importancia a nivel nacional. En la provincia de Antalya hay m\u00e1s hoteles cinco estrellas que en toda Espa\u00f1a y esto genera una gigantesca demanda de mano de obra.<\/p>\n<p>\u00abEn los meses de verano migran trabajadores de todo el pa\u00eds a la regi\u00f3n para trabajar en la industria tur\u00edstica. Para un pueblo del sudeste puede suponer un gran cambio econ\u00f3mico enviar all\u00ed a trabajadores que luego podr\u00e1n mantener a sus familias\u00bb, explica Birdir.<\/p>\n<p>Seg\u00fan detalla, unos tres millones de personas trabajan en la temporada de verano en el sector tur\u00edstico en Turqu\u00eda, lo que representa un once por ciento de la poblaci\u00f3n econ\u00f3micamente activa.<\/p>\n<p>Cada uno de los 56 millones de turistas que viaj\u00f3 a Turqu\u00eda el a\u00f1o pasado gast\u00f3 un promedio de 900 euros (unos 980 d\u00f3lares).<\/p>\n<p><i class=\"lang-es\"><span class=\" readonly\" title=\"\">Por Anne Pollmann (dpa)<\/span><\/i><\/p>\n","protected":false},"excerpt":{"rendered":"<p>Antalya (Turqu\u00eda), 5 jun (dpa) &#8211; A\u00fan no comenz\u00f3 la temporada alta y en el balneario turco de Antalya las sillas de playa frente a los grandes hoteles de la localidad de Aksu ya se encuentran en su mayor\u00eda ocupadas. El sector tur\u00edstico de esta regi\u00f3n vacacional esperar marcar un r\u00e9cord este a\u00f1o. La asociaci\u00f3n<\/p>\n","protected":false},"author":1,"featured_media":181723,"comment_status":"closed","ping_status":"closed","sticky":false,"template":"","format":"standard","meta":{"footnotes":""},"categories":[359],"tags":[412],"class_list":{"0":"post-181722","1":"post","2":"type-post","3":"status-publish","4":"format-standard","5":"has-post-thumbnail","7":"category-turismo","8":"tag-turismo"},"aioseo_notices":[],"aioseo_head":"\n\t\t<!-- All in One SEO Pro 4.9.6.2 - aioseo.com -->\n\t<meta name=\"description\" content=\"Antalya (Turqu\u00eda), 5 jun (dpa) - A\u00fan no comenz\u00f3 la temporada alta y en el balneario turco de Antalya las sillas de playa frente a los grandes hoteles de la localidad\" \/>\n\t<meta name=\"robots\" content=\"max-image-preview:large\" \/>\n\t<meta name=\"author\" content=\"Cand\u00e1s 365\"\/>\n\t<meta name=\"google-site-verification\" content=\"UA-32230408-1\" \/>\n\t<meta name=\"msvalidate.01\" content=\"354F3CDFB2DA171B47FBE9ABF1F88D5\" \/>\n\t<meta name=\"keywords\" content=\"turismo\" \/>\n\t<link rel=\"canonical\" href=\"https:\/\/candas365.es\/noticias\/turismo-los-alemanes-apuestan-por-turquia\/\" \/>\n\t<meta name=\"generator\" content=\"All in One SEO Pro (AIOSEO) 4.9.6.2\" \/>\n\t\t<meta property=\"og:locale\" content=\"es_ES\" \/>\n\t\t<meta property=\"og:site_name\" content=\"Cand\u00e1s 365\" \/>\n\t\t<meta property=\"og:type\" content=\"article\" \/>\n\t\t<meta property=\"og:title\" content=\"Turismo: Los alemanes apuestan por Turqu\u00eda | Cand\u00e1s 365\" \/>\n\t\t<meta property=\"og:description\" content=\"Antalya (Turqu\u00eda), 5 jun (dpa) - A\u00fan no comenz\u00f3 la temporada alta y en el balneario turco de Antalya las sillas de playa frente a los grandes hoteles de la localidad\" \/>\n\t\t<meta property=\"og:url\" content=\"https:\/\/candas365.es\/noticias\/turismo-los-alemanes-apuestan-por-turquia\/\" \/>\n\t\t<meta property=\"og:image\" content=\"https:\/\/candas365.es\/noticias\/wp-content\/uploads\/2024\/06\/Turismo-en-Turquia.jpg\" \/>\n\t\t<meta property=\"og:image:secure_url\" content=\"https:\/\/candas365.es\/noticias\/wp-content\/uploads\/2024\/06\/Turismo-en-Turquia.jpg\" \/>\n\t\t<meta property=\"og:image:width\" content=\"1047\" \/>\n\t\t<meta property=\"og:image:height\" content=\"641\" \/>\n\t\t<meta property=\"article:published_time\" content=\"2024-06-08T23:52:58+00:00\" \/>\n\t\t<meta property=\"article:modified_time\" content=\"2024-06-08T23:52:58+00:00\" \/>\n\t\t<meta property=\"article:publisher\" content=\"https:\/\/www.facebook.com\/Nachofdezber\" \/>\n\t\t<meta property=\"article:author\" content=\"https:\/\/www.facebook.com\/carrenoactualidad\" \/>\n\t\t<meta name=\"twitter:card\" content=\"summary_large_image\" \/>\n\t\t<meta name=\"twitter:site\" content=\"@NabercoDigital\" \/>\n\t\t<meta name=\"twitter:title\" content=\"Turismo: Los alemanes apuestan por Turqu\u00eda | Cand\u00e1s 365\" \/>\n\t\t<meta name=\"twitter:description\" content=\"Antalya (Turqu\u00eda), 5 jun (dpa) - A\u00fan no comenz\u00f3 la temporada alta y en el balneario turco de Antalya las sillas de playa frente a los grandes hoteles de la localidad\" \/>\n\t\t<meta name=\"twitter:creator\" content=\"@nbasturias\" \/>\n\t\t<meta name=\"twitter:image\" content=\"https:\/\/candas365.es\/noticias\/wp-content\/uploads\/2024\/06\/Turismo-en-Turquia.jpg\" \/>\n\t\t<meta name=\"twitter:label1\" content=\"Escrito por\" \/>\n\t\t<meta name=\"twitter:data1\" content=\"Cand\u00e1s 365\" \/>\n\t\t<meta name=\"twitter:label2\" content=\"Tiempo de lectura estimado\" \/>\n\t\t<meta name=\"twitter:data2\" content=\"4 minutos\" \/>\n\t\t<script type=\"application\/ld+json\" class=\"aioseo-schema\">\n\t\t\t{\"@context\":\"https:\\\/\\\/schema.org\",\"@graph\":[{\"@type\":\"BreadcrumbList\",\"@id\":\"https:\\\/\\\/candas365.es\\\/noticias\\\/turismo-los-alemanes-apuestan-por-turquia\\\/#breadcrumblist\",\"itemListElement\":[{\"@type\":\"ListItem\",\"@id\":\"https:\\\/\\\/candas365.es\\\/noticias#listItem\",\"position\":1,\"name\":\"Home\",\"item\":\"https:\\\/\\\/candas365.es\\\/noticias\",\"nextItem\":{\"@type\":\"ListItem\",\"@id\":\"https:\\\/\\\/candas365.es\\\/noticias\\\/category\\\/turismo\\\/#listItem\",\"name\":\"Turismo\"}},{\"@type\":\"ListItem\",\"@id\":\"https:\\\/\\\/candas365.es\\\/noticias\\\/category\\\/turismo\\\/#listItem\",\"position\":2,\"name\":\"Turismo\",\"item\":\"https:\\\/\\\/candas365.es\\\/noticias\\\/category\\\/turismo\\\/\",\"nextItem\":{\"@type\":\"ListItem\",\"@id\":\"https:\\\/\\\/candas365.es\\\/noticias\\\/turismo-los-alemanes-apuestan-por-turquia\\\/#listItem\",\"name\":\"Turismo: Los alemanes apuestan por Turqu\\u00eda\"},\"previousItem\":{\"@type\":\"ListItem\",\"@id\":\"https:\\\/\\\/candas365.es\\\/noticias#listItem\",\"name\":\"Home\"}},{\"@type\":\"ListItem\",\"@id\":\"https:\\\/\\\/candas365.es\\\/noticias\\\/turismo-los-alemanes-apuestan-por-turquia\\\/#listItem\",\"position\":3,\"name\":\"Turismo: Los alemanes apuestan por Turqu\\u00eda\",\"previousItem\":{\"@type\":\"ListItem\",\"@id\":\"https:\\\/\\\/candas365.es\\\/noticias\\\/category\\\/turismo\\\/#listItem\",\"name\":\"Turismo\"}}]},{\"@type\":\"NewsArticle\",\"@id\":\"https:\\\/\\\/candas365.es\\\/noticias\\\/turismo-los-alemanes-apuestan-por-turquia\\\/#newsarticle\",\"name\":\"Turismo: Los alemanes apuestan por Turqu\\u00eda | Cand\\u00e1s 365\",\"headline\":\"Turismo: Los alemanes apuestan por Turqu\\u00eda\",\"author\":{\"@id\":\"https:\\\/\\\/candas365.es\\\/noticias\\\/author\\\/admin\\\/#author\"},\"publisher\":{\"@id\":\"https:\\\/\\\/candas365.es\\\/noticias\\\/#organization\"},\"image\":{\"@type\":\"ImageObject\",\"url\":\"https:\\\/\\\/candas365.es\\\/noticias\\\/wp-content\\\/uploads\\\/2024\\\/06\\\/Turismo-en-Turquia.jpg\",\"width\":1047,\"height\":641,\"caption\":\"Foto: Marijan Murat\\\/dpa\"},\"datePublished\":\"2024-06-09T01:52:58+02:00\",\"dateModified\":\"2024-06-09T01:52:58+02:00\",\"inLanguage\":\"es-ES\",\"mainEntityOfPage\":{\"@id\":\"https:\\\/\\\/candas365.es\\\/noticias\\\/turismo-los-alemanes-apuestan-por-turquia\\\/#webpage\"},\"isPartOf\":{\"@id\":\"https:\\\/\\\/candas365.es\\\/noticias\\\/turismo-los-alemanes-apuestan-por-turquia\\\/#webpage\"},\"articleSection\":\"Turismo, turismo\",\"dateline\":\"Publicado el junio 9, 2024.\"},{\"@type\":\"Organization\",\"@id\":\"https:\\\/\\\/candas365.es\\\/noticias\\\/#organization\",\"name\":\"Cand\\u00e1s 365\",\"description\":\"Cand\\u00e1s 365 es un diario digital independiente, fundado en 2012, con base en Asturias. Informamos con rigor sobre actualidad, sociedad, cultura y ocio, con una mirada local y global.\",\"url\":\"https:\\\/\\\/candas365.es\\\/noticias\\\/\",\"email\":\"info@candas365.es\",\"telephone\":\"+34652131393\",\"foundingDate\":\"2012-06-10\",\"logo\":{\"@type\":\"ImageObject\",\"url\":\"https:\\\/\\\/candas365.es\\\/noticias\\\/wp-content\\\/uploads\\\/2024\\\/09\\\/Candas-365-Redes.jpg\",\"@id\":\"https:\\\/\\\/candas365.es\\\/noticias\\\/turismo-los-alemanes-apuestan-por-turquia\\\/#organizationLogo\",\"width\":1152,\"height\":864,\"caption\":\"Cand\\u00e1s 365 Redes\"},\"image\":{\"@id\":\"https:\\\/\\\/candas365.es\\\/noticias\\\/turismo-los-alemanes-apuestan-por-turquia\\\/#organizationLogo\"},\"sameAs\":[\"https:\\\/\\\/www.facebook.com\\\/Nachofdezber\",\"https:\\\/\\\/x.com\\\/NabercoDigital\",\"https:\\\/\\\/www.instagram.com\\\/nachofdezber\\\/\",\"https:\\\/\\\/www.youtube.com\\\/channel\\\/UCZP-2wLEB9Rv6erhFmqVnvg\"],\"address\":{\"@id\":\"https:\\\/\\\/candas365.es\\\/noticias\\\/#postaladdress\",\"@type\":\"PostalAddress\",\"streetAddress\":\"san antonio 4, san antonio 4\",\"postalCode\":\"33430\",\"addressLocality\":\"Cand\\u00e1s\",\"addressRegion\":\"Asturias\",\"addressCountry\":\"ES\"}},{\"@type\":\"Person\",\"@id\":\"https:\\\/\\\/candas365.es\\\/noticias\\\/author\\\/admin\\\/#author\",\"url\":\"https:\\\/\\\/candas365.es\\\/noticias\\\/author\\\/admin\\\/\",\"name\":\"Cand\\u00e1s 365\",\"image\":{\"@type\":\"ImageObject\",\"@id\":\"https:\\\/\\\/candas365.es\\\/noticias\\\/turismo-los-alemanes-apuestan-por-turquia\\\/#authorImage\",\"url\":\"https:\\\/\\\/secure.gravatar.com\\\/avatar\\\/496a8e03d0c493ede1718b7934145dbdf8d89be1036b0eec9544e1094c9de390?s=96&d=mm&r=g\",\"width\":96,\"height\":96,\"caption\":\"Cand\\u00e1s 365\"},\"sameAs\":[\"https:\\\/\\\/www.facebook.com\\\/carrenoactualidad\",\"https:\\\/\\\/twitter.com\\\/nbasturias\",\"https:\\\/\\\/www.instagram.com\\\/nachofdezber\\\/\",\"https:\\\/\\\/www.youtube.com\\\/channel\\\/UCZP-2wLEB9Rv6erhFmqVnvg\"]},{\"@type\":\"WebPage\",\"@id\":\"https:\\\/\\\/candas365.es\\\/noticias\\\/turismo-los-alemanes-apuestan-por-turquia\\\/#webpage\",\"url\":\"https:\\\/\\\/candas365.es\\\/noticias\\\/turismo-los-alemanes-apuestan-por-turquia\\\/\",\"name\":\"Turismo: Los alemanes apuestan por Turqu\\u00eda | Cand\\u00e1s 365\",\"description\":\"Antalya (Turqu\\u00eda), 5 jun (dpa) - A\\u00fan no comenz\\u00f3 la temporada alta y en el balneario turco de Antalya las sillas de playa frente a los grandes hoteles de la localidad\",\"inLanguage\":\"es-ES\",\"isPartOf\":{\"@id\":\"https:\\\/\\\/candas365.es\\\/noticias\\\/#website\"},\"breadcrumb\":{\"@id\":\"https:\\\/\\\/candas365.es\\\/noticias\\\/turismo-los-alemanes-apuestan-por-turquia\\\/#breadcrumblist\"},\"author\":{\"@id\":\"https:\\\/\\\/candas365.es\\\/noticias\\\/author\\\/admin\\\/#author\"},\"creator\":{\"@id\":\"https:\\\/\\\/candas365.es\\\/noticias\\\/author\\\/admin\\\/#author\"},\"image\":{\"@type\":\"ImageObject\",\"url\":\"https:\\\/\\\/candas365.es\\\/noticias\\\/wp-content\\\/uploads\\\/2024\\\/06\\\/Turismo-en-Turquia.jpg\",\"@id\":\"https:\\\/\\\/candas365.es\\\/noticias\\\/turismo-los-alemanes-apuestan-por-turquia\\\/#mainImage\",\"width\":1047,\"height\":641,\"caption\":\"Foto: Marijan Murat\\\/dpa\"},\"primaryImageOfPage\":{\"@id\":\"https:\\\/\\\/candas365.es\\\/noticias\\\/turismo-los-alemanes-apuestan-por-turquia\\\/#mainImage\"},\"datePublished\":\"2024-06-09T01:52:58+02:00\",\"dateModified\":\"2024-06-09T01:52:58+02:00\"},{\"@type\":\"WebSite\",\"@id\":\"https:\\\/\\\/candas365.es\\\/noticias\\\/#website\",\"url\":\"https:\\\/\\\/candas365.es\\\/noticias\\\/\",\"name\":\"Cand\\u00e1s 365\",\"alternateName\":\"Cand\\u00e1s 365 Noticias\",\"description\":\"Actualidad desde Carre\\u00f1o para el mundo\",\"inLanguage\":\"es-ES\",\"publisher\":{\"@id\":\"https:\\\/\\\/candas365.es\\\/noticias\\\/#organization\"}}]}\n\t\t<\/script>\n\t\t<!-- All in One SEO Pro -->\r\n\t\t<title>Turismo: Los alemanes apuestan por Turqu\u00eda | Cand\u00e1s 365<\/title>\n\n","aioseo_head_json":{"title":"Turismo: Los alemanes apuestan por Turqu\u00eda | Cand\u00e1s 365","description":"Antalya (Turqu\u00eda), 5 jun (dpa) - A\u00fan no comenz\u00f3 la temporada alta y en el balneario turco de Antalya las sillas de playa frente a los grandes hoteles de la localidad","canonical_url":"https:\/\/candas365.es\/noticias\/turismo-los-alemanes-apuestan-por-turquia\/","robots":"max-image-preview:large","keywords":"turismo","webmasterTools":{"google-site-verification":"UA-32230408-1","msvalidate.01":"354F3CDFB2DA171B47FBE9ABF1F88D5","miscellaneous":""},"schema":{"@context":"https:\/\/schema.org","@graph":[{"@type":"BreadcrumbList","@id":"https:\/\/candas365.es\/noticias\/turismo-los-alemanes-apuestan-por-turquia\/#breadcrumblist","itemListElement":[{"@type":"ListItem","@id":"https:\/\/candas365.es\/noticias#listItem","position":1,"name":"Home","item":"https:\/\/candas365.es\/noticias","nextItem":{"@type":"ListItem","@id":"https:\/\/candas365.es\/noticias\/category\/turismo\/#listItem","name":"Turismo"}},{"@type":"ListItem","@id":"https:\/\/candas365.es\/noticias\/category\/turismo\/#listItem","position":2,"name":"Turismo","item":"https:\/\/candas365.es\/noticias\/category\/turismo\/","nextItem":{"@type":"ListItem","@id":"https:\/\/candas365.es\/noticias\/turismo-los-alemanes-apuestan-por-turquia\/#listItem","name":"Turismo: Los alemanes apuestan por Turqu\u00eda"},"previousItem":{"@type":"ListItem","@id":"https:\/\/candas365.es\/noticias#listItem","name":"Home"}},{"@type":"ListItem","@id":"https:\/\/candas365.es\/noticias\/turismo-los-alemanes-apuestan-por-turquia\/#listItem","position":3,"name":"Turismo: Los alemanes apuestan por Turqu\u00eda","previousItem":{"@type":"ListItem","@id":"https:\/\/candas365.es\/noticias\/category\/turismo\/#listItem","name":"Turismo"}}]},{"@type":"NewsArticle","@id":"https:\/\/candas365.es\/noticias\/turismo-los-alemanes-apuestan-por-turquia\/#newsarticle","name":"Turismo: Los alemanes apuestan por Turqu\u00eda | Cand\u00e1s 365","headline":"Turismo: Los alemanes apuestan por Turqu\u00eda","author":{"@id":"https:\/\/candas365.es\/noticias\/author\/admin\/#author"},"publisher":{"@id":"https:\/\/candas365.es\/noticias\/#organization"},"image":{"@type":"ImageObject","url":"https:\/\/candas365.es\/noticias\/wp-content\/uploads\/2024\/06\/Turismo-en-Turquia.jpg","width":1047,"height":641,"caption":"Foto: Marijan Murat\/dpa"},"datePublished":"2024-06-09T01:52:58+02:00","dateModified":"2024-06-09T01:52:58+02:00","inLanguage":"es-ES","mainEntityOfPage":{"@id":"https:\/\/candas365.es\/noticias\/turismo-los-alemanes-apuestan-por-turquia\/#webpage"},"isPartOf":{"@id":"https:\/\/candas365.es\/noticias\/turismo-los-alemanes-apuestan-por-turquia\/#webpage"},"articleSection":"Turismo, turismo","dateline":"Publicado el junio 9, 2024."},{"@type":"Organization","@id":"https:\/\/candas365.es\/noticias\/#organization","name":"Cand\u00e1s 365","description":"Cand\u00e1s 365 es un diario digital independiente, fundado en 2012, con base en Asturias. Informamos con rigor sobre actualidad, sociedad, cultura y ocio, con una mirada local y global.","url":"https:\/\/candas365.es\/noticias\/","email":"info@candas365.es","telephone":"+34652131393","foundingDate":"2012-06-10","logo":{"@type":"ImageObject","url":"https:\/\/candas365.es\/noticias\/wp-content\/uploads\/2024\/09\/Candas-365-Redes.jpg","@id":"https:\/\/candas365.es\/noticias\/turismo-los-alemanes-apuestan-por-turquia\/#organizationLogo","width":1152,"height":864,"caption":"Cand\u00e1s 365 Redes"},"image":{"@id":"https:\/\/candas365.es\/noticias\/turismo-los-alemanes-apuestan-por-turquia\/#organizationLogo"},"sameAs":["https:\/\/www.facebook.com\/Nachofdezber","https:\/\/x.com\/NabercoDigital","https:\/\/www.instagram.com\/nachofdezber\/","https:\/\/www.youtube.com\/channel\/UCZP-2wLEB9Rv6erhFmqVnvg"],"address":{"@id":"https:\/\/candas365.es\/noticias\/#postaladdress","@type":"PostalAddress","streetAddress":"san antonio 4, san antonio 4","postalCode":"33430","addressLocality":"Cand\u00e1s","addressRegion":"Asturias","addressCountry":"ES"}},{"@type":"Person","@id":"https:\/\/candas365.es\/noticias\/author\/admin\/#author","url":"https:\/\/candas365.es\/noticias\/author\/admin\/","name":"Cand\u00e1s 365","image":{"@type":"ImageObject","@id":"https:\/\/candas365.es\/noticias\/turismo-los-alemanes-apuestan-por-turquia\/#authorImage","url":"https:\/\/secure.gravatar.com\/avatar\/496a8e03d0c493ede1718b7934145dbdf8d89be1036b0eec9544e1094c9de390?s=96&d=mm&r=g","width":96,"height":96,"caption":"Cand\u00e1s 365"},"sameAs":["https:\/\/www.facebook.com\/carrenoactualidad","https:\/\/twitter.com\/nbasturias","https:\/\/www.instagram.com\/nachofdezber\/","https:\/\/www.youtube.com\/channel\/UCZP-2wLEB9Rv6erhFmqVnvg"]},{"@type":"WebPage","@id":"https:\/\/candas365.es\/noticias\/turismo-los-alemanes-apuestan-por-turquia\/#webpage","url":"https:\/\/candas365.es\/noticias\/turismo-los-alemanes-apuestan-por-turquia\/","name":"Turismo: Los alemanes apuestan por Turqu\u00eda | Cand\u00e1s 365","description":"Antalya (Turqu\u00eda), 5 jun (dpa) - A\u00fan no comenz\u00f3 la temporada alta y en el balneario turco de Antalya las sillas de playa frente a los grandes hoteles de la localidad","inLanguage":"es-ES","isPartOf":{"@id":"https:\/\/candas365.es\/noticias\/#website"},"breadcrumb":{"@id":"https:\/\/candas365.es\/noticias\/turismo-los-alemanes-apuestan-por-turquia\/#breadcrumblist"},"author":{"@id":"https:\/\/candas365.es\/noticias\/author\/admin\/#author"},"creator":{"@id":"https:\/\/candas365.es\/noticias\/author\/admin\/#author"},"image":{"@type":"ImageObject","url":"https:\/\/candas365.es\/noticias\/wp-content\/uploads\/2024\/06\/Turismo-en-Turquia.jpg","@id":"https:\/\/candas365.es\/noticias\/turismo-los-alemanes-apuestan-por-turquia\/#mainImage","width":1047,"height":641,"caption":"Foto: Marijan Murat\/dpa"},"primaryImageOfPage":{"@id":"https:\/\/candas365.es\/noticias\/turismo-los-alemanes-apuestan-por-turquia\/#mainImage"},"datePublished":"2024-06-09T01:52:58+02:00","dateModified":"2024-06-09T01:52:58+02:00"},{"@type":"WebSite","@id":"https:\/\/candas365.es\/noticias\/#website","url":"https:\/\/candas365.es\/noticias\/","name":"Cand\u00e1s 365","alternateName":"Cand\u00e1s 365 Noticias","description":"Actualidad desde Carre\u00f1o para el mundo","inLanguage":"es-ES","publisher":{"@id":"https:\/\/candas365.es\/noticias\/#organization"}}]},"og:locale":"es_ES","og:site_name":"Cand\u00e1s 365","og:type":"article","og:title":"Turismo: Los alemanes apuestan por Turqu\u00eda | Cand\u00e1s 365","og:description":"Antalya (Turqu\u00eda), 5 jun (dpa) - A\u00fan no comenz\u00f3 la temporada alta y en el balneario turco de Antalya las sillas de playa frente a los grandes hoteles de la localidad","og:url":"https:\/\/candas365.es\/noticias\/turismo-los-alemanes-apuestan-por-turquia\/","og:image":"https:\/\/candas365.es\/noticias\/wp-content\/uploads\/2024\/06\/Turismo-en-Turquia.jpg","og:image:secure_url":"https:\/\/candas365.es\/noticias\/wp-content\/uploads\/2024\/06\/Turismo-en-Turquia.jpg","og:image:width":1047,"og:image:height":641,"article:published_time":"2024-06-08T23:52:58+00:00","article:modified_time":"2024-06-08T23:52:58+00:00","article:publisher":"https:\/\/www.facebook.com\/Nachofdezber","article:author":"https:\/\/www.facebook.com\/carrenoactualidad","twitter:card":"summary_large_image","twitter:site":"@NabercoDigital","twitter:title":"Turismo: Los alemanes apuestan por Turqu\u00eda | Cand\u00e1s 365","twitter:description":"Antalya (Turqu\u00eda), 5 jun (dpa) - A\u00fan no comenz\u00f3 la temporada alta y en el balneario turco de Antalya las sillas de playa frente a los grandes hoteles de la localidad","twitter:creator":"@nbasturias","twitter:image":"https:\/\/candas365.es\/noticias\/wp-content\/uploads\/2024\/06\/Turismo-en-Turquia.jpg","twitter:label1":"Escrito por","twitter:data1":"Cand\u00e1s 365","twitter:label2":"Tiempo de lectura estimado","twitter:data2":"4 minutos"},"aioseo_meta_data":{"post_id":"181722","title":null,"description":"Antalya (Turqu\u00eda), 5 jun (dpa) - A\u00fan no comenz\u00f3 la temporada alta y en el balneario turco de Antalya las sillas de playa frente a los grandes hoteles de la localidad","keywords":null,"keyphrases":{"focus":{"keyphrase":"Turqu\u00eda","score":93,"analysis":{"keyphraseInTitle":{"score":9,"maxScore":9,"error":0},"keyphraseInDescription":{"score":9,"maxScore":9,"error":0},"keyphraseLength":{"score":9,"maxScore":9,"error":0,"length":2},"keyphraseInURL":{"score":1,"maxScore":5,"error":1},"keyphraseInIntroduction":{"score":9,"maxScore":9,"error":0},"keyphraseInSubHeadings":[],"keyphraseInImageAlt":{"score":9,"maxScore":9,"error":0},"keywordDensity":{"type":"best","score":9,"maxScore":9,"error":0}}},"additional":[{"keyphrase":"Turqu\u00eda","score":100,"analysis":{"keyphraseInDescription":{"score":9,"maxScore":9,"error":0},"keyphraseLength":{"score":9,"maxScore":9,"error":0,"length":2},"keyphraseInIntroduction":{"score":9,"maxScore":9,"error":0},"keyphraseInImageAlt":{"score":9,"maxScore":9,"error":0},"keywordDensity":{"type":"best","score":9,"maxScore":9,"error":0}}}]},"primary_term":null,"canonical_url":null,"og_title":null,"og_description":null,"og_object_type":"default","og_image_type":"default","og_image_url":null,"og_image_width":null,"og_image_height":null,"og_image_custom_url":null,"og_image_custom_fields":null,"og_video":"","og_custom_url":null,"og_article_section":null,"og_article_tags":null,"twitter_use_og":false,"twitter_card":"default","twitter_image_type":"default","twitter_image_url":null,"twitter_image_custom_url":null,"twitter_image_custom_fields":null,"twitter_title":null,"twitter_description":null,"schema":{"blockGraphs":[],"customGraphs":[],"default":{"data":{"Article":[],"Course":[],"Dataset":[],"FAQPage":[],"Movie":[],"Person":[],"Product":[],"ProductReview":[],"Car":[],"Recipe":[],"Service":[],"SoftwareApplication":[],"WebPage":[]},"graphName":"Article","isEnabled":true},"graphs":[]},"schema_type":"default","schema_type_options":null,"pillar_content":false,"robots_default":true,"robots_noindex":false,"robots_noarchive":false,"robots_nosnippet":false,"robots_nofollow":false,"robots_noimageindex":false,"robots_noodp":false,"robots_notranslate":false,"robots_max_snippet":"-1","robots_max_videopreview":"-1","robots_max_imagepreview":"large","priority":null,"frequency":"default","location":null,"local_seo":null,"seo_analyzer_scan_date":"2025-09-02 11:42:34","breadcrumb_settings":null,"limit_modified_date":false,"reviewed_by":null,"open_ai":"{\"title\":{\"suggestions\":[],\"usage\":0},\"description\":{\"suggestions\":[],\"usage\":0}}","ai":null,"created":"2024-06-08 20:39:19","updated":"2025-09-02 11:42:34"},"aioseo_breadcrumb":"<div class=\"aioseo-breadcrumbs\"><span class=\"aioseo-breadcrumb\">\n\t<a href=\"https:\/\/candas365.es\/noticias\" title=\"Home\">Home<\/a>\n<\/span><span class=\"aioseo-breadcrumb-separator\">&ndash;<\/span><span class=\"aioseo-breadcrumb\">\n\t<a href=\"https:\/\/candas365.es\/noticias\/category\/turismo\/\" title=\"Turismo\">Turismo<\/a>\n<\/span><span class=\"aioseo-breadcrumb-separator\">&ndash;<\/span><span class=\"aioseo-breadcrumb\">\n\tTurismo: Los alemanes apuestan por Turqu\u00eda\n<\/span><\/div>","aioseo_breadcrumb_json":[{"label":"Home","link":"https:\/\/candas365.es\/noticias"},{"label":"Turismo","link":"https:\/\/candas365.es\/noticias\/category\/turismo\/"},{"label":"Turismo: Los alemanes apuestan por Turqu\u00eda","link":"https:\/\/candas365.es\/noticias\/turismo-los-alemanes-apuestan-por-turquia\/"}],"_links":{"self":[{"href":"https:\/\/candas365.es\/noticias\/wp-json\/wp\/v2\/posts\/181722","targetHints":{"allow":["GET"]}}],"collection":[{"href":"https:\/\/candas365.es\/noticias\/wp-json\/wp\/v2\/posts"}],"about":[{"href":"https:\/\/candas365.es\/noticias\/wp-json\/wp\/v2\/types\/post"}],"author":[{"embeddable":true,"href":"https:\/\/candas365.es\/noticias\/wp-json\/wp\/v2\/users\/1"}],"replies":[{"embeddable":true,"href":"https:\/\/candas365.es\/noticias\/wp-json\/wp\/v2\/comments?post=181722"}],"version-history":[{"count":0,"href":"https:\/\/candas365.es\/noticias\/wp-json\/wp\/v2\/posts\/181722\/revisions"}],"wp:featuredmedia":[{"embeddable":true,"href":"https:\/\/candas365.es\/noticias\/wp-json\/wp\/v2\/media\/181723"}],"wp:attachment":[{"href":"https:\/\/candas365.es\/noticias\/wp-json\/wp\/v2\/media?parent=181722"}],"wp:term":[{"taxonomy":"category","embeddable":true,"href":"https:\/\/candas365.es\/noticias\/wp-json\/wp\/v2\/categories?post=181722"},{"taxonomy":"post_tag","embeddable":true,"href":"https:\/\/candas365.es\/noticias\/wp-json\/wp\/v2\/tags?post=181722"}],"curies":[{"name":"wp","href":"https:\/\/api.w.org\/{rel}","templated":true}]}}