{"id":181594,"date":"2024-05-28T05:40:03","date_gmt":"2024-05-28T03:40:03","guid":{"rendered":"https:\/\/candas365.es\/noticias\/?p=181594"},"modified":"2024-05-28T05:40:03","modified_gmt":"2024-05-28T03:40:03","slug":"condenan-a-militar-aleman-a-prision-por-espiar-para-rusia","status":"publish","type":"post","link":"https:\/\/candas365.es\/noticias\/condenan-a-militar-aleman-a-prision-por-espiar-para-rusia\/","title":{"rendered":"Condenan a militar alem\u00e1n a prisi\u00f3n por espiar para Rusia"},"content":{"rendered":"<p>D\u00fcsseldorf, 27 may (<a title=\"dpa\" href=\"https:\/\/www.dpa-news.de\/\" target=\"_blank\" rel=\"noopener\"><span style=\"color: #ff6600;\"><strong>dpa<\/strong><\/span><\/a>) &#8211; Un oficial del Ej\u00e9rcito alem\u00e1n fue condenado hoy en D\u00fcsseldorf a tres a\u00f1os y medio de c\u00e1rcel por espionaje en favor de <span style=\"color: #ff6600;\"><a style=\"color: #ff6600;\" href=\"https:\/\/candas365.es\/noticias\/category\/internacional\/\"><strong>Rusia<\/strong><\/a><\/span>.<\/p>\n<figure id=\"attachment_181595\" aria-describedby=\"caption-attachment-181595\" style=\"width: 994px\" class=\"wp-caption aligncenter\"><img fetchpriority=\"high\" decoding=\"async\" class=\"size-full wp-image-181595\" src=\"https:\/\/candas365.es\/noticias\/wp-content\/uploads\/2024\/05\/Condenan-a-militar-aleman-por-espiar-para-Rusia.jpg\" alt=\"Condenan a militar alem\u00e1n por espiar para Rusia\" width=\"994\" height=\"662\" srcset=\"https:\/\/candas365.es\/noticias\/wp-content\/uploads\/2024\/05\/Condenan-a-militar-aleman-por-espiar-para-Rusia.jpg 994w, https:\/\/candas365.es\/noticias\/wp-content\/uploads\/2024\/05\/Condenan-a-militar-aleman-por-espiar-para-Rusia-360x240.jpg 360w, https:\/\/candas365.es\/noticias\/wp-content\/uploads\/2024\/05\/Condenan-a-militar-aleman-por-espiar-para-Rusia-650x433.jpg 650w, https:\/\/candas365.es\/noticias\/wp-content\/uploads\/2024\/05\/Condenan-a-militar-aleman-por-espiar-para-Rusia-768x511.jpg 768w, https:\/\/candas365.es\/noticias\/wp-content\/uploads\/2024\/05\/Condenan-a-militar-aleman-por-espiar-para-Rusia-150x100.jpg 150w, https:\/\/candas365.es\/noticias\/wp-content\/uploads\/2024\/05\/Condenan-a-militar-aleman-por-espiar-para-Rusia-450x300.jpg 450w\" sizes=\"(max-width: 994px) 100vw, 994px\" \/><figcaption id=\"caption-attachment-181595\" class=\"wp-caption-text\">El militar alem\u00e1n acusado por espionaje a favor de Rusia (izq. adelante), parado junto a su abogado defensor (der.) ante el Tribunal Regional Superior de D\u00fcsseldorf, que lo conden\u00f3 a tres a\u00f1os y medio de c\u00e1rcel. Foto: Oliver Berg\/dpa<\/figcaption><\/figure>\n<p>El Tribunal Regional Superior de D\u00fcsseldorf declar\u00f3 al militar, un capit\u00e1n de 54 a\u00f1os, culpable de actividades como agente de los servicios secretos con una sentencia que correspondi\u00f3 al pedido de la Fiscal\u00eda.<\/p>\n<p>El militar hab\u00eda confesado. Seg\u00fan la Fiscal\u00eda, se hab\u00eda \u00abofrecido casi penetrantemente a Rusia\u00bb para procurar una ventaja para las fuerzas armadas de ese pa\u00eds, entregando informaci\u00f3n militarmente sensible.<\/p>\n<p>El acusado se hab\u00eda afiliado m\u00e1s o menos al mismo tiempo al partido ultraderechista Alternativa para Alemania (AfD). Si el agente no solo hubiera traicionado secretos oficiales, sino tambi\u00e9n secretos de Estado, se habr\u00eda enfrentado a cadena perpetua.<\/p>\n<p>El abogado defensor aleg\u00f3 que, en solo cuatro d\u00edas, su cliente hab\u00eda reducido a escombros todo lo que hab\u00eda construido a lo largo de los a\u00f1os como soldado profesional atento a sus obligaciones: \u00abCuatro d\u00edas de traici\u00f3n en los que cruz\u00f3 l\u00edneas rojas. Cuatro d\u00edas de fracaso absoluto\u00bb.<\/p>\n<p>El militar pas\u00f3, seg\u00fan su defensor, a consumir preponderantemente como medios de comunicaci\u00f3n a Telegram y Tiktok, dej\u00e1ndose enga\u00f1ar por noticias falsas y citas sacadas de contexto. El abogado asegur\u00f3 que, de manera temporal, eso le condujo a estar muy enajenado de la realidad. En la actualidad, el militar abandon\u00f3 nuevamente la AfD.<\/p>\n<p>El capit\u00e1n hab\u00eda afirmado que le mov\u00eda el miedo a una escalada nuclear de la guerra en Ucrania. \u00abEs la mayor estupidez que he cometido en mi vida\u00bb, dijo en su declaraci\u00f3n final. La depresi\u00f3n causada por el exceso cr\u00f3nico de trabajo le habr\u00eda impedido pensar racionalmente, agreg\u00f3.<\/p>\n<p>Agentes federales detuvieron al esp\u00eda confeso en Koblenz el 9 de agosto. Desde entonces se encuentra en prisi\u00f3n preventiva.<\/p>\n","protected":false},"excerpt":{"rendered":"<p>D\u00fcsseldorf, 27 may (dpa) &#8211; Un oficial del Ej\u00e9rcito alem\u00e1n fue condenado hoy en D\u00fcsseldorf a tres a\u00f1os y medio de c\u00e1rcel por espionaje en favor de Rusia. El Tribunal Regional Superior de D\u00fcsseldorf declar\u00f3 al militar, un capit\u00e1n de 54 a\u00f1os, culpable de actividades como agente de los servicios secretos con una sentencia que<\/p>\n","protected":false},"author":1,"featured_media":181595,"comment_status":"closed","ping_status":"closed","sticky":false,"template":"","format":"standard","meta":{"footnotes":""},"categories":[487],"tags":[417,391],"class_list":{"0":"post-181594","1":"post","2":"type-post","3":"status-publish","4":"format-standard","5":"has-post-thumbnail","7":"category-sucesos","8":"tag-alemania","9":"tag-sucesos"},"aioseo_notices":[],"aioseo_head":"\n\t\t<!-- All in One SEO Pro 4.9.6.2 - aioseo.com -->\n\t<meta name=\"description\" content=\"D\u00fcsseldorf, 27 may (dpa) - Un oficial del Ej\u00e9rcito alem\u00e1n fue condenado hoy en D\u00fcsseldorf a tres a\u00f1os y medio de c\u00e1rcel por espionaje en favor de Rusia.\" \/>\n\t<meta name=\"robots\" content=\"max-image-preview:large\" \/>\n\t<meta name=\"author\" content=\"Cand\u00e1s 365\"\/>\n\t<meta name=\"google-site-verification\" content=\"UA-32230408-1\" \/>\n\t<meta name=\"msvalidate.01\" content=\"354F3CDFB2DA171B47FBE9ABF1F88D5\" \/>\n\t<meta name=\"keywords\" content=\"sucesos\" \/>\n\t<link rel=\"canonical\" href=\"https:\/\/candas365.es\/noticias\/condenan-a-militar-aleman-a-prision-por-espiar-para-rusia\/\" \/>\n\t<meta name=\"generator\" content=\"All in One SEO Pro (AIOSEO) 4.9.6.2\" \/>\n\t\t<meta property=\"og:locale\" content=\"es_ES\" \/>\n\t\t<meta property=\"og:site_name\" content=\"Cand\u00e1s 365\" \/>\n\t\t<meta property=\"og:type\" content=\"article\" \/>\n\t\t<meta property=\"og:title\" content=\"Condenan a militar alem\u00e1n a prisi\u00f3n por espiar para Rusia | Cand\u00e1s 365\" \/>\n\t\t<meta property=\"og:description\" content=\"D\u00fcsseldorf, 27 may (dpa) - Un oficial del Ej\u00e9rcito alem\u00e1n fue condenado hoy en D\u00fcsseldorf a tres a\u00f1os y medio de c\u00e1rcel por espionaje en favor de Rusia.\" \/>\n\t\t<meta property=\"og:url\" content=\"https:\/\/candas365.es\/noticias\/condenan-a-militar-aleman-a-prision-por-espiar-para-rusia\/\" \/>\n\t\t<meta property=\"og:image\" content=\"https:\/\/candas365.es\/noticias\/wp-content\/uploads\/2024\/05\/Condenan-a-militar-aleman-por-espiar-para-Rusia.jpg\" \/>\n\t\t<meta property=\"og:image:secure_url\" content=\"https:\/\/candas365.es\/noticias\/wp-content\/uploads\/2024\/05\/Condenan-a-militar-aleman-por-espiar-para-Rusia.jpg\" \/>\n\t\t<meta property=\"og:image:width\" content=\"994\" \/>\n\t\t<meta property=\"og:image:height\" content=\"662\" \/>\n\t\t<meta property=\"article:published_time\" content=\"2024-05-28T03:40:03+00:00\" \/>\n\t\t<meta property=\"article:modified_time\" content=\"2024-05-28T03:40:03+00:00\" \/>\n\t\t<meta property=\"article:publisher\" content=\"https:\/\/www.facebook.com\/Nachofdezber\" \/>\n\t\t<meta property=\"article:author\" content=\"https:\/\/www.facebook.com\/carrenoactualidad\" \/>\n\t\t<meta name=\"twitter:card\" content=\"summary_large_image\" \/>\n\t\t<meta name=\"twitter:site\" content=\"@NabercoDigital\" \/>\n\t\t<meta name=\"twitter:title\" content=\"Condenan a militar alem\u00e1n a prisi\u00f3n por espiar para Rusia | Cand\u00e1s 365\" \/>\n\t\t<meta name=\"twitter:description\" content=\"D\u00fcsseldorf, 27 may (dpa) - Un oficial del Ej\u00e9rcito alem\u00e1n fue condenado hoy en D\u00fcsseldorf a tres a\u00f1os y medio de c\u00e1rcel por espionaje en favor de Rusia.\" \/>\n\t\t<meta name=\"twitter:creator\" content=\"@nbasturias\" \/>\n\t\t<meta name=\"twitter:image\" content=\"https:\/\/candas365.es\/noticias\/wp-content\/uploads\/2024\/05\/Condenan-a-militar-aleman-por-espiar-para-Rusia.jpg\" \/>\n\t\t<meta name=\"twitter:label1\" content=\"Escrito por\" \/>\n\t\t<meta name=\"twitter:data1\" content=\"Cand\u00e1s 365\" \/>\n\t\t<meta name=\"twitter:label2\" content=\"Tiempo de lectura estimado\" \/>\n\t\t<meta name=\"twitter:data2\" content=\"2 minutos\" \/>\n\t\t<script type=\"application\/ld+json\" class=\"aioseo-schema\">\n\t\t\t{\"@context\":\"https:\\\/\\\/schema.org\",\"@graph\":[{\"@type\":\"BreadcrumbList\",\"@id\":\"https:\\\/\\\/candas365.es\\\/noticias\\\/condenan-a-militar-aleman-a-prision-por-espiar-para-rusia\\\/#breadcrumblist\",\"itemListElement\":[{\"@type\":\"ListItem\",\"@id\":\"https:\\\/\\\/candas365.es\\\/noticias#listItem\",\"position\":1,\"name\":\"Home\",\"item\":\"https:\\\/\\\/candas365.es\\\/noticias\",\"nextItem\":{\"@type\":\"ListItem\",\"@id\":\"https:\\\/\\\/candas365.es\\\/noticias\\\/category\\\/sucesos\\\/#listItem\",\"name\":\"Sucesos\"}},{\"@type\":\"ListItem\",\"@id\":\"https:\\\/\\\/candas365.es\\\/noticias\\\/category\\\/sucesos\\\/#listItem\",\"position\":2,\"name\":\"Sucesos\",\"item\":\"https:\\\/\\\/candas365.es\\\/noticias\\\/category\\\/sucesos\\\/\",\"nextItem\":{\"@type\":\"ListItem\",\"@id\":\"https:\\\/\\\/candas365.es\\\/noticias\\\/condenan-a-militar-aleman-a-prision-por-espiar-para-rusia\\\/#listItem\",\"name\":\"Condenan a militar alem\\u00e1n a prisi\\u00f3n por espiar para Rusia\"},\"previousItem\":{\"@type\":\"ListItem\",\"@id\":\"https:\\\/\\\/candas365.es\\\/noticias#listItem\",\"name\":\"Home\"}},{\"@type\":\"ListItem\",\"@id\":\"https:\\\/\\\/candas365.es\\\/noticias\\\/condenan-a-militar-aleman-a-prision-por-espiar-para-rusia\\\/#listItem\",\"position\":3,\"name\":\"Condenan a militar alem\\u00e1n a prisi\\u00f3n por espiar para Rusia\",\"previousItem\":{\"@type\":\"ListItem\",\"@id\":\"https:\\\/\\\/candas365.es\\\/noticias\\\/category\\\/sucesos\\\/#listItem\",\"name\":\"Sucesos\"}}]},{\"@type\":\"NewsArticle\",\"@id\":\"https:\\\/\\\/candas365.es\\\/noticias\\\/condenan-a-militar-aleman-a-prision-por-espiar-para-rusia\\\/#newsarticle\",\"name\":\"Condenan a militar alem\\u00e1n a prisi\\u00f3n por espiar para Rusia | Cand\\u00e1s 365\",\"headline\":\"Condenan a militar alem\\u00e1n a prisi\\u00f3n por espiar para Rusia\",\"author\":{\"@id\":\"https:\\\/\\\/candas365.es\\\/noticias\\\/author\\\/admin\\\/#author\"},\"publisher\":{\"@id\":\"https:\\\/\\\/candas365.es\\\/noticias\\\/#organization\"},\"image\":{\"@type\":\"ImageObject\",\"url\":\"https:\\\/\\\/candas365.es\\\/noticias\\\/wp-content\\\/uploads\\\/2024\\\/05\\\/Condenan-a-militar-aleman-por-espiar-para-Rusia.jpg\",\"width\":994,\"height\":662,\"caption\":\"El militar alem\\u00e1n acusado por espionaje a favor de Rusia (izq. adelante), parado junto a su abogado defensor (der.) ante el Tribunal Regional Superior de D\\u00fcsseldorf, que lo conden\\u00f3 a tres a\\u00f1os y medio de c\\u00e1rcel. Foto: Oliver Berg\\\/dpa\"},\"datePublished\":\"2024-05-28T05:40:03+02:00\",\"dateModified\":\"2024-05-28T05:40:03+02:00\",\"inLanguage\":\"es-ES\",\"mainEntityOfPage\":{\"@id\":\"https:\\\/\\\/candas365.es\\\/noticias\\\/condenan-a-militar-aleman-a-prision-por-espiar-para-rusia\\\/#webpage\"},\"isPartOf\":{\"@id\":\"https:\\\/\\\/candas365.es\\\/noticias\\\/condenan-a-militar-aleman-a-prision-por-espiar-para-rusia\\\/#webpage\"},\"articleSection\":\"Sucesos, Alemania, sucesos\",\"dateline\":\"Publicado el mayo 28, 2024.\"},{\"@type\":\"Organization\",\"@id\":\"https:\\\/\\\/candas365.es\\\/noticias\\\/#organization\",\"name\":\"Cand\\u00e1s 365\",\"description\":\"Cand\\u00e1s 365 es un diario digital independiente, fundado en 2012, con base en Asturias. Informamos con rigor sobre actualidad, sociedad, cultura y ocio, con una mirada local y global.\",\"url\":\"https:\\\/\\\/candas365.es\\\/noticias\\\/\",\"email\":\"info@candas365.es\",\"telephone\":\"+34652131393\",\"foundingDate\":\"2012-06-10\",\"logo\":{\"@type\":\"ImageObject\",\"url\":\"https:\\\/\\\/candas365.es\\\/noticias\\\/wp-content\\\/uploads\\\/2024\\\/09\\\/Candas-365-Redes.jpg\",\"@id\":\"https:\\\/\\\/candas365.es\\\/noticias\\\/condenan-a-militar-aleman-a-prision-por-espiar-para-rusia\\\/#organizationLogo\",\"width\":1152,\"height\":864,\"caption\":\"Cand\\u00e1s 365 Redes\"},\"image\":{\"@id\":\"https:\\\/\\\/candas365.es\\\/noticias\\\/condenan-a-militar-aleman-a-prision-por-espiar-para-rusia\\\/#organizationLogo\"},\"sameAs\":[\"https:\\\/\\\/www.facebook.com\\\/Nachofdezber\",\"https:\\\/\\\/x.com\\\/NabercoDigital\",\"https:\\\/\\\/www.instagram.com\\\/nachofdezber\\\/\",\"https:\\\/\\\/www.youtube.com\\\/channel\\\/UCZP-2wLEB9Rv6erhFmqVnvg\"],\"address\":{\"@id\":\"https:\\\/\\\/candas365.es\\\/noticias\\\/#postaladdress\",\"@type\":\"PostalAddress\",\"streetAddress\":\"san antonio 4, san antonio 4\",\"postalCode\":\"33430\",\"addressLocality\":\"Cand\\u00e1s\",\"addressRegion\":\"Asturias\",\"addressCountry\":\"ES\"}},{\"@type\":\"Person\",\"@id\":\"https:\\\/\\\/candas365.es\\\/noticias\\\/author\\\/admin\\\/#author\",\"url\":\"https:\\\/\\\/candas365.es\\\/noticias\\\/author\\\/admin\\\/\",\"name\":\"Cand\\u00e1s 365\",\"image\":{\"@type\":\"ImageObject\",\"@id\":\"https:\\\/\\\/candas365.es\\\/noticias\\\/condenan-a-militar-aleman-a-prision-por-espiar-para-rusia\\\/#authorImage\",\"url\":\"https:\\\/\\\/secure.gravatar.com\\\/avatar\\\/496a8e03d0c493ede1718b7934145dbdf8d89be1036b0eec9544e1094c9de390?s=96&d=mm&r=g\",\"width\":96,\"height\":96,\"caption\":\"Cand\\u00e1s 365\"},\"sameAs\":[\"https:\\\/\\\/www.facebook.com\\\/carrenoactualidad\",\"https:\\\/\\\/twitter.com\\\/nbasturias\",\"https:\\\/\\\/www.instagram.com\\\/nachofdezber\\\/\",\"https:\\\/\\\/www.youtube.com\\\/channel\\\/UCZP-2wLEB9Rv6erhFmqVnvg\"]},{\"@type\":\"WebPage\",\"@id\":\"https:\\\/\\\/candas365.es\\\/noticias\\\/condenan-a-militar-aleman-a-prision-por-espiar-para-rusia\\\/#webpage\",\"url\":\"https:\\\/\\\/candas365.es\\\/noticias\\\/condenan-a-militar-aleman-a-prision-por-espiar-para-rusia\\\/\",\"name\":\"Condenan a militar alem\\u00e1n a prisi\\u00f3n por espiar para Rusia | Cand\\u00e1s 365\",\"description\":\"D\\u00fcsseldorf, 27 may (dpa) - Un oficial del Ej\\u00e9rcito alem\\u00e1n fue condenado hoy en D\\u00fcsseldorf a tres a\\u00f1os y medio de c\\u00e1rcel por espionaje en favor de Rusia.\",\"inLanguage\":\"es-ES\",\"isPartOf\":{\"@id\":\"https:\\\/\\\/candas365.es\\\/noticias\\\/#website\"},\"breadcrumb\":{\"@id\":\"https:\\\/\\\/candas365.es\\\/noticias\\\/condenan-a-militar-aleman-a-prision-por-espiar-para-rusia\\\/#breadcrumblist\"},\"author\":{\"@id\":\"https:\\\/\\\/candas365.es\\\/noticias\\\/author\\\/admin\\\/#author\"},\"creator\":{\"@id\":\"https:\\\/\\\/candas365.es\\\/noticias\\\/author\\\/admin\\\/#author\"},\"image\":{\"@type\":\"ImageObject\",\"url\":\"https:\\\/\\\/candas365.es\\\/noticias\\\/wp-content\\\/uploads\\\/2024\\\/05\\\/Condenan-a-militar-aleman-por-espiar-para-Rusia.jpg\",\"@id\":\"https:\\\/\\\/candas365.es\\\/noticias\\\/condenan-a-militar-aleman-a-prision-por-espiar-para-rusia\\\/#mainImage\",\"width\":994,\"height\":662,\"caption\":\"El militar alem\\u00e1n acusado por espionaje a favor de Rusia (izq. adelante), parado junto a su abogado defensor (der.) ante el Tribunal Regional Superior de D\\u00fcsseldorf, que lo conden\\u00f3 a tres a\\u00f1os y medio de c\\u00e1rcel. Foto: Oliver Berg\\\/dpa\"},\"primaryImageOfPage\":{\"@id\":\"https:\\\/\\\/candas365.es\\\/noticias\\\/condenan-a-militar-aleman-a-prision-por-espiar-para-rusia\\\/#mainImage\"},\"datePublished\":\"2024-05-28T05:40:03+02:00\",\"dateModified\":\"2024-05-28T05:40:03+02:00\"},{\"@type\":\"WebSite\",\"@id\":\"https:\\\/\\\/candas365.es\\\/noticias\\\/#website\",\"url\":\"https:\\\/\\\/candas365.es\\\/noticias\\\/\",\"name\":\"Cand\\u00e1s 365\",\"alternateName\":\"Cand\\u00e1s 365 Noticias\",\"description\":\"Actualidad desde Carre\\u00f1o para el mundo\",\"inLanguage\":\"es-ES\",\"publisher\":{\"@id\":\"https:\\\/\\\/candas365.es\\\/noticias\\\/#organization\"}}]}\n\t\t<\/script>\n\t\t<!-- All in One SEO Pro -->\r\n\t\t<title>Condenan a militar alem\u00e1n a prisi\u00f3n por espiar para Rusia | Cand\u00e1s 365<\/title>\n\n","aioseo_head_json":{"title":"Condenan a militar alem\u00e1n a prisi\u00f3n por espiar para Rusia | Cand\u00e1s 365","description":"D\u00fcsseldorf, 27 may (dpa) - Un oficial del Ej\u00e9rcito alem\u00e1n fue condenado hoy en D\u00fcsseldorf a tres a\u00f1os y medio de c\u00e1rcel por espionaje en favor de Rusia.","canonical_url":"https:\/\/candas365.es\/noticias\/condenan-a-militar-aleman-a-prision-por-espiar-para-rusia\/","robots":"max-image-preview:large","keywords":"sucesos","webmasterTools":{"google-site-verification":"UA-32230408-1","msvalidate.01":"354F3CDFB2DA171B47FBE9ABF1F88D5","miscellaneous":""},"schema":{"@context":"https:\/\/schema.org","@graph":[{"@type":"BreadcrumbList","@id":"https:\/\/candas365.es\/noticias\/condenan-a-militar-aleman-a-prision-por-espiar-para-rusia\/#breadcrumblist","itemListElement":[{"@type":"ListItem","@id":"https:\/\/candas365.es\/noticias#listItem","position":1,"name":"Home","item":"https:\/\/candas365.es\/noticias","nextItem":{"@type":"ListItem","@id":"https:\/\/candas365.es\/noticias\/category\/sucesos\/#listItem","name":"Sucesos"}},{"@type":"ListItem","@id":"https:\/\/candas365.es\/noticias\/category\/sucesos\/#listItem","position":2,"name":"Sucesos","item":"https:\/\/candas365.es\/noticias\/category\/sucesos\/","nextItem":{"@type":"ListItem","@id":"https:\/\/candas365.es\/noticias\/condenan-a-militar-aleman-a-prision-por-espiar-para-rusia\/#listItem","name":"Condenan a militar alem\u00e1n a prisi\u00f3n por espiar para Rusia"},"previousItem":{"@type":"ListItem","@id":"https:\/\/candas365.es\/noticias#listItem","name":"Home"}},{"@type":"ListItem","@id":"https:\/\/candas365.es\/noticias\/condenan-a-militar-aleman-a-prision-por-espiar-para-rusia\/#listItem","position":3,"name":"Condenan a militar alem\u00e1n a prisi\u00f3n por espiar para Rusia","previousItem":{"@type":"ListItem","@id":"https:\/\/candas365.es\/noticias\/category\/sucesos\/#listItem","name":"Sucesos"}}]},{"@type":"NewsArticle","@id":"https:\/\/candas365.es\/noticias\/condenan-a-militar-aleman-a-prision-por-espiar-para-rusia\/#newsarticle","name":"Condenan a militar alem\u00e1n a prisi\u00f3n por espiar para Rusia | Cand\u00e1s 365","headline":"Condenan a militar alem\u00e1n a prisi\u00f3n por espiar para Rusia","author":{"@id":"https:\/\/candas365.es\/noticias\/author\/admin\/#author"},"publisher":{"@id":"https:\/\/candas365.es\/noticias\/#organization"},"image":{"@type":"ImageObject","url":"https:\/\/candas365.es\/noticias\/wp-content\/uploads\/2024\/05\/Condenan-a-militar-aleman-por-espiar-para-Rusia.jpg","width":994,"height":662,"caption":"El militar alem\u00e1n acusado por espionaje a favor de Rusia (izq. adelante), parado junto a su abogado defensor (der.) ante el Tribunal Regional Superior de D\u00fcsseldorf, que lo conden\u00f3 a tres a\u00f1os y medio de c\u00e1rcel. Foto: Oliver Berg\/dpa"},"datePublished":"2024-05-28T05:40:03+02:00","dateModified":"2024-05-28T05:40:03+02:00","inLanguage":"es-ES","mainEntityOfPage":{"@id":"https:\/\/candas365.es\/noticias\/condenan-a-militar-aleman-a-prision-por-espiar-para-rusia\/#webpage"},"isPartOf":{"@id":"https:\/\/candas365.es\/noticias\/condenan-a-militar-aleman-a-prision-por-espiar-para-rusia\/#webpage"},"articleSection":"Sucesos, Alemania, sucesos","dateline":"Publicado el mayo 28, 2024."},{"@type":"Organization","@id":"https:\/\/candas365.es\/noticias\/#organization","name":"Cand\u00e1s 365","description":"Cand\u00e1s 365 es un diario digital independiente, fundado en 2012, con base en Asturias. Informamos con rigor sobre actualidad, sociedad, cultura y ocio, con una mirada local y global.","url":"https:\/\/candas365.es\/noticias\/","email":"info@candas365.es","telephone":"+34652131393","foundingDate":"2012-06-10","logo":{"@type":"ImageObject","url":"https:\/\/candas365.es\/noticias\/wp-content\/uploads\/2024\/09\/Candas-365-Redes.jpg","@id":"https:\/\/candas365.es\/noticias\/condenan-a-militar-aleman-a-prision-por-espiar-para-rusia\/#organizationLogo","width":1152,"height":864,"caption":"Cand\u00e1s 365 Redes"},"image":{"@id":"https:\/\/candas365.es\/noticias\/condenan-a-militar-aleman-a-prision-por-espiar-para-rusia\/#organizationLogo"},"sameAs":["https:\/\/www.facebook.com\/Nachofdezber","https:\/\/x.com\/NabercoDigital","https:\/\/www.instagram.com\/nachofdezber\/","https:\/\/www.youtube.com\/channel\/UCZP-2wLEB9Rv6erhFmqVnvg"],"address":{"@id":"https:\/\/candas365.es\/noticias\/#postaladdress","@type":"PostalAddress","streetAddress":"san antonio 4, san antonio 4","postalCode":"33430","addressLocality":"Cand\u00e1s","addressRegion":"Asturias","addressCountry":"ES"}},{"@type":"Person","@id":"https:\/\/candas365.es\/noticias\/author\/admin\/#author","url":"https:\/\/candas365.es\/noticias\/author\/admin\/","name":"Cand\u00e1s 365","image":{"@type":"ImageObject","@id":"https:\/\/candas365.es\/noticias\/condenan-a-militar-aleman-a-prision-por-espiar-para-rusia\/#authorImage","url":"https:\/\/secure.gravatar.com\/avatar\/496a8e03d0c493ede1718b7934145dbdf8d89be1036b0eec9544e1094c9de390?s=96&d=mm&r=g","width":96,"height":96,"caption":"Cand\u00e1s 365"},"sameAs":["https:\/\/www.facebook.com\/carrenoactualidad","https:\/\/twitter.com\/nbasturias","https:\/\/www.instagram.com\/nachofdezber\/","https:\/\/www.youtube.com\/channel\/UCZP-2wLEB9Rv6erhFmqVnvg"]},{"@type":"WebPage","@id":"https:\/\/candas365.es\/noticias\/condenan-a-militar-aleman-a-prision-por-espiar-para-rusia\/#webpage","url":"https:\/\/candas365.es\/noticias\/condenan-a-militar-aleman-a-prision-por-espiar-para-rusia\/","name":"Condenan a militar alem\u00e1n a prisi\u00f3n por espiar para Rusia | Cand\u00e1s 365","description":"D\u00fcsseldorf, 27 may (dpa) - Un oficial del Ej\u00e9rcito alem\u00e1n fue condenado hoy en D\u00fcsseldorf a tres a\u00f1os y medio de c\u00e1rcel por espionaje en favor de Rusia.","inLanguage":"es-ES","isPartOf":{"@id":"https:\/\/candas365.es\/noticias\/#website"},"breadcrumb":{"@id":"https:\/\/candas365.es\/noticias\/condenan-a-militar-aleman-a-prision-por-espiar-para-rusia\/#breadcrumblist"},"author":{"@id":"https:\/\/candas365.es\/noticias\/author\/admin\/#author"},"creator":{"@id":"https:\/\/candas365.es\/noticias\/author\/admin\/#author"},"image":{"@type":"ImageObject","url":"https:\/\/candas365.es\/noticias\/wp-content\/uploads\/2024\/05\/Condenan-a-militar-aleman-por-espiar-para-Rusia.jpg","@id":"https:\/\/candas365.es\/noticias\/condenan-a-militar-aleman-a-prision-por-espiar-para-rusia\/#mainImage","width":994,"height":662,"caption":"El militar alem\u00e1n acusado por espionaje a favor de Rusia (izq. adelante), parado junto a su abogado defensor (der.) ante el Tribunal Regional Superior de D\u00fcsseldorf, que lo conden\u00f3 a tres a\u00f1os y medio de c\u00e1rcel. Foto: Oliver Berg\/dpa"},"primaryImageOfPage":{"@id":"https:\/\/candas365.es\/noticias\/condenan-a-militar-aleman-a-prision-por-espiar-para-rusia\/#mainImage"},"datePublished":"2024-05-28T05:40:03+02:00","dateModified":"2024-05-28T05:40:03+02:00"},{"@type":"WebSite","@id":"https:\/\/candas365.es\/noticias\/#website","url":"https:\/\/candas365.es\/noticias\/","name":"Cand\u00e1s 365","alternateName":"Cand\u00e1s 365 Noticias","description":"Actualidad desde Carre\u00f1o para el mundo","inLanguage":"es-ES","publisher":{"@id":"https:\/\/candas365.es\/noticias\/#organization"}}]},"og:locale":"es_ES","og:site_name":"Cand\u00e1s 365","og:type":"article","og:title":"Condenan a militar alem\u00e1n a prisi\u00f3n por espiar para Rusia | Cand\u00e1s 365","og:description":"D\u00fcsseldorf, 27 may (dpa) - Un oficial del Ej\u00e9rcito alem\u00e1n fue condenado hoy en D\u00fcsseldorf a tres a\u00f1os y medio de c\u00e1rcel por espionaje en favor de Rusia.","og:url":"https:\/\/candas365.es\/noticias\/condenan-a-militar-aleman-a-prision-por-espiar-para-rusia\/","og:image":"https:\/\/candas365.es\/noticias\/wp-content\/uploads\/2024\/05\/Condenan-a-militar-aleman-por-espiar-para-Rusia.jpg","og:image:secure_url":"https:\/\/candas365.es\/noticias\/wp-content\/uploads\/2024\/05\/Condenan-a-militar-aleman-por-espiar-para-Rusia.jpg","og:image:width":994,"og:image:height":662,"article:published_time":"2024-05-28T03:40:03+00:00","article:modified_time":"2024-05-28T03:40:03+00:00","article:publisher":"https:\/\/www.facebook.com\/Nachofdezber","article:author":"https:\/\/www.facebook.com\/carrenoactualidad","twitter:card":"summary_large_image","twitter:site":"@NabercoDigital","twitter:title":"Condenan a militar alem\u00e1n a prisi\u00f3n por espiar para Rusia | Cand\u00e1s 365","twitter:description":"D\u00fcsseldorf, 27 may (dpa) - Un oficial del Ej\u00e9rcito alem\u00e1n fue condenado hoy en D\u00fcsseldorf a tres a\u00f1os y medio de c\u00e1rcel por espionaje en favor de Rusia.","twitter:creator":"@nbasturias","twitter:image":"https:\/\/candas365.es\/noticias\/wp-content\/uploads\/2024\/05\/Condenan-a-militar-aleman-por-espiar-para-Rusia.jpg","twitter:label1":"Escrito por","twitter:data1":"Cand\u00e1s 365","twitter:label2":"Tiempo de lectura estimado","twitter:data2":"2 minutos"},"aioseo_meta_data":{"post_id":"181594","title":null,"description":"D\u00fcsseldorf, 27 may (dpa) - Un oficial del Ej\u00e9rcito alem\u00e1n fue condenado hoy en D\u00fcsseldorf a tres a\u00f1os y medio de c\u00e1rcel por espionaje en favor de Rusia.","keywords":null,"keyphrases":{"focus":{"keyphrase":"Rusia","score":93,"analysis":{"keyphraseInTitle":{"score":9,"maxScore":9,"error":0},"keyphraseInDescription":{"score":9,"maxScore":9,"error":0},"keyphraseLength":{"score":9,"maxScore":9,"error":0,"length":1},"keyphraseInURL":{"score":1,"maxScore":5,"error":1},"keyphraseInIntroduction":{"score":9,"maxScore":9,"error":0},"keyphraseInSubHeadings":[],"keyphraseInImageAlt":{"score":9,"maxScore":9,"error":0},"keywordDensity":{"type":"best","score":9,"maxScore":9,"error":0}}},"additional":[{"keyphrase":"Rusia","score":100,"analysis":{"keyphraseInDescription":{"score":9,"maxScore":9,"error":0},"keyphraseLength":{"score":9,"maxScore":9,"error":0,"length":1},"keyphraseInIntroduction":{"score":9,"maxScore":9,"error":0},"keyphraseInImageAlt":{"score":9,"maxScore":9,"error":0},"keywordDensity":{"type":"best","score":9,"maxScore":9,"error":0}}}]},"primary_term":null,"canonical_url":null,"og_title":null,"og_description":null,"og_object_type":"default","og_image_type":"default","og_image_url":null,"og_image_width":null,"og_image_height":null,"og_image_custom_url":null,"og_image_custom_fields":null,"og_video":"","og_custom_url":null,"og_article_section":null,"og_article_tags":null,"twitter_use_og":false,"twitter_card":"default","twitter_image_type":"default","twitter_image_url":null,"twitter_image_custom_url":null,"twitter_image_custom_fields":null,"twitter_title":null,"twitter_description":null,"schema":{"blockGraphs":[],"customGraphs":[],"default":{"data":{"Article":[],"Course":[],"Dataset":[],"FAQPage":[],"Movie":[],"Person":[],"Product":[],"ProductReview":[],"Car":[],"Recipe":[],"Service":[],"SoftwareApplication":[],"WebPage":[]},"graphName":"Article","isEnabled":true},"graphs":[]},"schema_type":"default","schema_type_options":null,"pillar_content":false,"robots_default":true,"robots_noindex":false,"robots_noarchive":false,"robots_nosnippet":false,"robots_nofollow":false,"robots_noimageindex":false,"robots_noodp":false,"robots_notranslate":false,"robots_max_snippet":"-1","robots_max_videopreview":"-1","robots_max_imagepreview":"large","priority":null,"frequency":"default","location":null,"local_seo":null,"seo_analyzer_scan_date":"2025-09-02 11:26:09","breadcrumb_settings":null,"limit_modified_date":false,"reviewed_by":null,"open_ai":"{\"title\":{\"suggestions\":[],\"usage\":0},\"description\":{\"suggestions\":[],\"usage\":0}}","ai":null,"created":"2024-05-28 03:33:54","updated":"2025-09-02 11:26:09"},"aioseo_breadcrumb":"<div class=\"aioseo-breadcrumbs\"><span class=\"aioseo-breadcrumb\">\n\t<a href=\"https:\/\/candas365.es\/noticias\" title=\"Home\">Home<\/a>\n<\/span><span class=\"aioseo-breadcrumb-separator\">&ndash;<\/span><span class=\"aioseo-breadcrumb\">\n\t<a href=\"https:\/\/candas365.es\/noticias\/category\/sucesos\/\" title=\"Sucesos\">Sucesos<\/a>\n<\/span><span class=\"aioseo-breadcrumb-separator\">&ndash;<\/span><span class=\"aioseo-breadcrumb\">\n\tCondenan a militar alem\u00e1n a prisi\u00f3n por espiar para Rusia\n<\/span><\/div>","aioseo_breadcrumb_json":[{"label":"Home","link":"https:\/\/candas365.es\/noticias"},{"label":"Sucesos","link":"https:\/\/candas365.es\/noticias\/category\/sucesos\/"},{"label":"Condenan a militar alem\u00e1n a prisi\u00f3n por espiar para Rusia","link":"https:\/\/candas365.es\/noticias\/condenan-a-militar-aleman-a-prision-por-espiar-para-rusia\/"}],"_links":{"self":[{"href":"https:\/\/candas365.es\/noticias\/wp-json\/wp\/v2\/posts\/181594","targetHints":{"allow":["GET"]}}],"collection":[{"href":"https:\/\/candas365.es\/noticias\/wp-json\/wp\/v2\/posts"}],"about":[{"href":"https:\/\/candas365.es\/noticias\/wp-json\/wp\/v2\/types\/post"}],"author":[{"embeddable":true,"href":"https:\/\/candas365.es\/noticias\/wp-json\/wp\/v2\/users\/1"}],"replies":[{"embeddable":true,"href":"https:\/\/candas365.es\/noticias\/wp-json\/wp\/v2\/comments?post=181594"}],"version-history":[{"count":0,"href":"https:\/\/candas365.es\/noticias\/wp-json\/wp\/v2\/posts\/181594\/revisions"}],"wp:featuredmedia":[{"embeddable":true,"href":"https:\/\/candas365.es\/noticias\/wp-json\/wp\/v2\/media\/181595"}],"wp:attachment":[{"href":"https:\/\/candas365.es\/noticias\/wp-json\/wp\/v2\/media?parent=181594"}],"wp:term":[{"taxonomy":"category","embeddable":true,"href":"https:\/\/candas365.es\/noticias\/wp-json\/wp\/v2\/categories?post=181594"},{"taxonomy":"post_tag","embeddable":true,"href":"https:\/\/candas365.es\/noticias\/wp-json\/wp\/v2\/tags?post=181594"}],"curies":[{"name":"wp","href":"https:\/\/api.w.org\/{rel}","templated":true}]}}