{"id":181574,"date":"2024-05-28T05:00:46","date_gmt":"2024-05-28T03:00:46","guid":{"rendered":"https:\/\/candas365.es\/noticias\/?p=181574"},"modified":"2024-05-28T05:00:46","modified_gmt":"2024-05-28T03:00:46","slug":"la-policia-alemana-impide-un-concierto-vinculado-a-la-extrema-derecha","status":"publish","type":"post","link":"https:\/\/candas365.es\/noticias\/la-policia-alemana-impide-un-concierto-vinculado-a-la-extrema-derecha\/","title":{"rendered":"La polic\u00eda alemana impide un concierto vinculado a la extrema derecha"},"content":{"rendered":"<p>Kr\u00f6v (Alemania), 26 may (<a title=\"dpa\" href=\"https:\/\/www.dpa-news.de\/\" target=\"_blank\" rel=\"noopener\"><span style=\"color: #ff6600;\"><strong>dpa<\/strong><\/span><\/a>) &#8211; El ministro del Interior del estado federado de Renania-Palatinado, Michael Ebling, inform\u00f3 hoy que la <a href=\"https:\/\/candas365.es\/noticias\/category\/sucesos\/\"><span style=\"color: #ff6600;\"><strong>polic\u00eda<\/strong><\/span><\/a> impidi\u00f3 el s\u00e1bado por la noche la celebraci\u00f3n de un concierto de extrema derecha en la localidad de Kr\u00f6v.<\/p>\n<figure id=\"attachment_181575\" aria-describedby=\"caption-attachment-181575\" style=\"width: 1119px\" class=\"wp-caption aligncenter\"><img fetchpriority=\"high\" decoding=\"async\" class=\"size-full wp-image-181575\" src=\"https:\/\/candas365.es\/noticias\/wp-content\/uploads\/2024\/05\/policia-alemana.jpg\" alt=\"polic\u00eda alemana \" width=\"1119\" height=\"638\" srcset=\"https:\/\/candas365.es\/noticias\/wp-content\/uploads\/2024\/05\/policia-alemana.jpg 1119w, https:\/\/candas365.es\/noticias\/wp-content\/uploads\/2024\/05\/policia-alemana-360x205.jpg 360w, https:\/\/candas365.es\/noticias\/wp-content\/uploads\/2024\/05\/policia-alemana-650x371.jpg 650w, https:\/\/candas365.es\/noticias\/wp-content\/uploads\/2024\/05\/policia-alemana-768x438.jpg 768w, https:\/\/candas365.es\/noticias\/wp-content\/uploads\/2024\/05\/policia-alemana-150x86.jpg 150w, https:\/\/candas365.es\/noticias\/wp-content\/uploads\/2024\/05\/policia-alemana-450x257.jpg 450w\" sizes=\"(max-width: 1119px) 100vw, 1119px\" \/><figcaption id=\"caption-attachment-181575\" class=\"wp-caption-text\">Foto: Wolfgang Steil\/Steil-TV\/dpa<\/figcaption><\/figure>\n<p>\u00abPor lo que sabemos hasta el momento, algunas personas, la mayor\u00eda de las cuales proced\u00edan probablemente de Renania del Norte-Westfalia, intentaron organizar all\u00ed un concierto con un claro trasfondo de extrema derecha y m\u00fasica de extrema derecha\u00bb, indic\u00f3.<\/p>\n<p>\u00abNuestra polic\u00eda lo ha impedido\u00bb, declar\u00f3 el pol\u00edtico del SPD al canal SWR. Ebling subray\u00f3: \u00abLos extremistas de derecha no tienen cabida en Renania-Palatinado\u00bb.<\/p>\n<p>La polic\u00eda alemana disolvi\u00f3 una fiesta privada en la ciudad de Kr\u00f6v, en el oeste del pa\u00eds, por el presunto uso de m\u00fasica y consignas de caracter anticonstitucional, prohibidas por ley.<\/p>\n<p>Seg\u00fan un comunicado oficial, la operaci\u00f3n policial implic\u00f3 el uso de \u00abun gran dispositivo\u00bb. El diario \u00abBild\u00bb inform\u00f3 que se llegaron a desplegar unos 70 agentes de polic\u00eda para disolver la celebraci\u00f3n.<\/p>\n<p>La Polic\u00eda explic\u00f3 que se identific\u00f3 a 20 personas y los agentes registraron el edificio residencial alquilado para la ocasi\u00f3n, \u00aben virtud de una orden judicial\u00bb.<\/p>\n<p>Agreg\u00f3 que se iniciaron varios procedimientos penales, entre ellos por presunto uso de s\u00edmbolos de organizaciones anticonstitucionales, incitaci\u00f3n al odio e infracci\u00f3n de la Ley de Estupefacientes.<\/p>\n<p>Preguntados hoy por dpa, los investigadores no facilitaron mayores detalles sobre la operaci\u00f3n, que los agentes iniciaron al ser alertados por vecinos de la zona.<\/p>\n","protected":false},"excerpt":{"rendered":"<p>Kr\u00f6v (Alemania), 26 may (dpa) &#8211; El ministro del Interior del estado federado de Renania-Palatinado, Michael Ebling, inform\u00f3 hoy que la polic\u00eda impidi\u00f3 el s\u00e1bado por la noche la celebraci\u00f3n de un concierto de extrema derecha en la localidad de Kr\u00f6v. \u00abPor lo que sabemos hasta el momento, algunas personas, la mayor\u00eda de las cuales<\/p>\n","protected":false},"author":1,"featured_media":181575,"comment_status":"closed","ping_status":"closed","sticky":false,"template":"","format":"standard","meta":{"footnotes":""},"categories":[487],"tags":[391],"class_list":{"0":"post-181574","1":"post","2":"type-post","3":"status-publish","4":"format-standard","5":"has-post-thumbnail","7":"category-sucesos","8":"tag-sucesos"},"aioseo_notices":[],"aioseo_head":"\n\t\t<!-- All in One SEO Pro 4.9.6.2 - aioseo.com -->\n\t<meta name=\"description\" content=\"Kr\u00f6v (Alemania), 26 may (dpa) - El ministro del Interior del estado federado de Renania-Palatinado, Michael Ebling, inform\u00f3 hoy que la polic\u00eda impidi\u00f3 el s\u00e1bado\" \/>\n\t<meta name=\"robots\" content=\"max-image-preview:large\" \/>\n\t<meta name=\"author\" content=\"Cand\u00e1s 365\"\/>\n\t<meta name=\"google-site-verification\" content=\"UA-32230408-1\" \/>\n\t<meta name=\"msvalidate.01\" content=\"354F3CDFB2DA171B47FBE9ABF1F88D5\" \/>\n\t<meta name=\"keywords\" content=\"sucesos\" \/>\n\t<link rel=\"canonical\" href=\"https:\/\/candas365.es\/noticias\/la-policia-alemana-impide-un-concierto-vinculado-a-la-extrema-derecha\/\" \/>\n\t<meta name=\"generator\" content=\"All in One SEO Pro (AIOSEO) 4.9.6.2\" \/>\n\t\t<meta property=\"og:locale\" content=\"es_ES\" \/>\n\t\t<meta property=\"og:site_name\" content=\"Cand\u00e1s 365\" \/>\n\t\t<meta property=\"og:type\" content=\"article\" \/>\n\t\t<meta property=\"og:title\" content=\"La polic\u00eda alemana impide un concierto vinculado a la extrema derecha | Cand\u00e1s 365\" \/>\n\t\t<meta property=\"og:description\" content=\"Kr\u00f6v (Alemania), 26 may (dpa) - El ministro del Interior del estado federado de Renania-Palatinado, Michael Ebling, inform\u00f3 hoy que la polic\u00eda impidi\u00f3 el s\u00e1bado\" \/>\n\t\t<meta property=\"og:url\" content=\"https:\/\/candas365.es\/noticias\/la-policia-alemana-impide-un-concierto-vinculado-a-la-extrema-derecha\/\" \/>\n\t\t<meta property=\"og:image\" content=\"https:\/\/candas365.es\/noticias\/wp-content\/uploads\/2024\/05\/policia-alemana.jpg\" \/>\n\t\t<meta property=\"og:image:secure_url\" content=\"https:\/\/candas365.es\/noticias\/wp-content\/uploads\/2024\/05\/policia-alemana.jpg\" \/>\n\t\t<meta property=\"og:image:width\" content=\"1119\" \/>\n\t\t<meta property=\"og:image:height\" content=\"638\" \/>\n\t\t<meta property=\"article:published_time\" content=\"2024-05-28T03:00:46+00:00\" \/>\n\t\t<meta property=\"article:modified_time\" content=\"2024-05-28T03:00:46+00:00\" \/>\n\t\t<meta property=\"article:publisher\" content=\"https:\/\/www.facebook.com\/Nachofdezber\" \/>\n\t\t<meta property=\"article:author\" content=\"https:\/\/www.facebook.com\/carrenoactualidad\" \/>\n\t\t<meta name=\"twitter:card\" content=\"summary_large_image\" \/>\n\t\t<meta name=\"twitter:site\" content=\"@NabercoDigital\" \/>\n\t\t<meta name=\"twitter:title\" content=\"La polic\u00eda alemana impide un concierto vinculado a la extrema derecha | Cand\u00e1s 365\" \/>\n\t\t<meta name=\"twitter:description\" content=\"Kr\u00f6v (Alemania), 26 may (dpa) - El ministro del Interior del estado federado de Renania-Palatinado, Michael Ebling, inform\u00f3 hoy que la polic\u00eda impidi\u00f3 el s\u00e1bado\" \/>\n\t\t<meta name=\"twitter:creator\" content=\"@nbasturias\" \/>\n\t\t<meta name=\"twitter:image\" content=\"https:\/\/candas365.es\/noticias\/wp-content\/uploads\/2024\/05\/policia-alemana.jpg\" \/>\n\t\t<meta name=\"twitter:label1\" content=\"Escrito por\" \/>\n\t\t<meta name=\"twitter:data1\" content=\"Cand\u00e1s 365\" \/>\n\t\t<meta name=\"twitter:label2\" content=\"Tiempo de lectura estimado\" \/>\n\t\t<meta name=\"twitter:data2\" content=\"1 minuto\" \/>\n\t\t<script type=\"application\/ld+json\" class=\"aioseo-schema\">\n\t\t\t{\"@context\":\"https:\\\/\\\/schema.org\",\"@graph\":[{\"@type\":\"BreadcrumbList\",\"@id\":\"https:\\\/\\\/candas365.es\\\/noticias\\\/la-policia-alemana-impide-un-concierto-vinculado-a-la-extrema-derecha\\\/#breadcrumblist\",\"itemListElement\":[{\"@type\":\"ListItem\",\"@id\":\"https:\\\/\\\/candas365.es\\\/noticias#listItem\",\"position\":1,\"name\":\"Home\",\"item\":\"https:\\\/\\\/candas365.es\\\/noticias\",\"nextItem\":{\"@type\":\"ListItem\",\"@id\":\"https:\\\/\\\/candas365.es\\\/noticias\\\/category\\\/sucesos\\\/#listItem\",\"name\":\"Sucesos\"}},{\"@type\":\"ListItem\",\"@id\":\"https:\\\/\\\/candas365.es\\\/noticias\\\/category\\\/sucesos\\\/#listItem\",\"position\":2,\"name\":\"Sucesos\",\"item\":\"https:\\\/\\\/candas365.es\\\/noticias\\\/category\\\/sucesos\\\/\",\"nextItem\":{\"@type\":\"ListItem\",\"@id\":\"https:\\\/\\\/candas365.es\\\/noticias\\\/la-policia-alemana-impide-un-concierto-vinculado-a-la-extrema-derecha\\\/#listItem\",\"name\":\"La polic\\u00eda alemana impide un concierto vinculado a la extrema derecha\"},\"previousItem\":{\"@type\":\"ListItem\",\"@id\":\"https:\\\/\\\/candas365.es\\\/noticias#listItem\",\"name\":\"Home\"}},{\"@type\":\"ListItem\",\"@id\":\"https:\\\/\\\/candas365.es\\\/noticias\\\/la-policia-alemana-impide-un-concierto-vinculado-a-la-extrema-derecha\\\/#listItem\",\"position\":3,\"name\":\"La polic\\u00eda alemana impide un concierto vinculado a la extrema derecha\",\"previousItem\":{\"@type\":\"ListItem\",\"@id\":\"https:\\\/\\\/candas365.es\\\/noticias\\\/category\\\/sucesos\\\/#listItem\",\"name\":\"Sucesos\"}}]},{\"@type\":\"NewsArticle\",\"@id\":\"https:\\\/\\\/candas365.es\\\/noticias\\\/la-policia-alemana-impide-un-concierto-vinculado-a-la-extrema-derecha\\\/#newsarticle\",\"name\":\"La polic\\u00eda alemana impide un concierto vinculado a la extrema derecha | Cand\\u00e1s 365\",\"headline\":\"La polic\\u00eda alemana impide un concierto vinculado a la extrema derecha\",\"author\":{\"@id\":\"https:\\\/\\\/candas365.es\\\/noticias\\\/author\\\/admin\\\/#author\"},\"publisher\":{\"@id\":\"https:\\\/\\\/candas365.es\\\/noticias\\\/#organization\"},\"image\":{\"@type\":\"ImageObject\",\"url\":\"https:\\\/\\\/candas365.es\\\/noticias\\\/wp-content\\\/uploads\\\/2024\\\/05\\\/policia-alemana.jpg\",\"width\":1119,\"height\":638,\"caption\":\"Foto: Wolfgang Steil\\\/Steil-TV\\\/dpa\"},\"datePublished\":\"2024-05-28T05:00:46+02:00\",\"dateModified\":\"2024-05-28T05:00:46+02:00\",\"inLanguage\":\"es-ES\",\"mainEntityOfPage\":{\"@id\":\"https:\\\/\\\/candas365.es\\\/noticias\\\/la-policia-alemana-impide-un-concierto-vinculado-a-la-extrema-derecha\\\/#webpage\"},\"isPartOf\":{\"@id\":\"https:\\\/\\\/candas365.es\\\/noticias\\\/la-policia-alemana-impide-un-concierto-vinculado-a-la-extrema-derecha\\\/#webpage\"},\"articleSection\":\"Sucesos, sucesos\",\"dateline\":\"Publicado el mayo 28, 2024.\"},{\"@type\":\"Organization\",\"@id\":\"https:\\\/\\\/candas365.es\\\/noticias\\\/#organization\",\"name\":\"Cand\\u00e1s 365\",\"description\":\"Cand\\u00e1s 365 es un diario digital independiente, fundado en 2012, con base en Asturias. Informamos con rigor sobre actualidad, sociedad, cultura y ocio, con una mirada local y global.\",\"url\":\"https:\\\/\\\/candas365.es\\\/noticias\\\/\",\"email\":\"info@candas365.es\",\"telephone\":\"+34652131393\",\"foundingDate\":\"2012-06-10\",\"logo\":{\"@type\":\"ImageObject\",\"url\":\"https:\\\/\\\/candas365.es\\\/noticias\\\/wp-content\\\/uploads\\\/2024\\\/09\\\/Candas-365-Redes.jpg\",\"@id\":\"https:\\\/\\\/candas365.es\\\/noticias\\\/la-policia-alemana-impide-un-concierto-vinculado-a-la-extrema-derecha\\\/#organizationLogo\",\"width\":1152,\"height\":864,\"caption\":\"Cand\\u00e1s 365 Redes\"},\"image\":{\"@id\":\"https:\\\/\\\/candas365.es\\\/noticias\\\/la-policia-alemana-impide-un-concierto-vinculado-a-la-extrema-derecha\\\/#organizationLogo\"},\"sameAs\":[\"https:\\\/\\\/www.facebook.com\\\/Nachofdezber\",\"https:\\\/\\\/x.com\\\/NabercoDigital\",\"https:\\\/\\\/www.instagram.com\\\/nachofdezber\\\/\",\"https:\\\/\\\/www.youtube.com\\\/channel\\\/UCZP-2wLEB9Rv6erhFmqVnvg\"],\"address\":{\"@id\":\"https:\\\/\\\/candas365.es\\\/noticias\\\/#postaladdress\",\"@type\":\"PostalAddress\",\"streetAddress\":\"san antonio 4, san antonio 4\",\"postalCode\":\"33430\",\"addressLocality\":\"Cand\\u00e1s\",\"addressRegion\":\"Asturias\",\"addressCountry\":\"ES\"}},{\"@type\":\"Person\",\"@id\":\"https:\\\/\\\/candas365.es\\\/noticias\\\/author\\\/admin\\\/#author\",\"url\":\"https:\\\/\\\/candas365.es\\\/noticias\\\/author\\\/admin\\\/\",\"name\":\"Cand\\u00e1s 365\",\"image\":{\"@type\":\"ImageObject\",\"@id\":\"https:\\\/\\\/candas365.es\\\/noticias\\\/la-policia-alemana-impide-un-concierto-vinculado-a-la-extrema-derecha\\\/#authorImage\",\"url\":\"https:\\\/\\\/secure.gravatar.com\\\/avatar\\\/496a8e03d0c493ede1718b7934145dbdf8d89be1036b0eec9544e1094c9de390?s=96&d=mm&r=g\",\"width\":96,\"height\":96,\"caption\":\"Cand\\u00e1s 365\"},\"sameAs\":[\"https:\\\/\\\/www.facebook.com\\\/carrenoactualidad\",\"https:\\\/\\\/twitter.com\\\/nbasturias\",\"https:\\\/\\\/www.instagram.com\\\/nachofdezber\\\/\",\"https:\\\/\\\/www.youtube.com\\\/channel\\\/UCZP-2wLEB9Rv6erhFmqVnvg\"]},{\"@type\":\"WebPage\",\"@id\":\"https:\\\/\\\/candas365.es\\\/noticias\\\/la-policia-alemana-impide-un-concierto-vinculado-a-la-extrema-derecha\\\/#webpage\",\"url\":\"https:\\\/\\\/candas365.es\\\/noticias\\\/la-policia-alemana-impide-un-concierto-vinculado-a-la-extrema-derecha\\\/\",\"name\":\"La polic\\u00eda alemana impide un concierto vinculado a la extrema derecha | Cand\\u00e1s 365\",\"description\":\"Kr\\u00f6v (Alemania), 26 may (dpa) - El ministro del Interior del estado federado de Renania-Palatinado, Michael Ebling, inform\\u00f3 hoy que la polic\\u00eda impidi\\u00f3 el s\\u00e1bado\",\"inLanguage\":\"es-ES\",\"isPartOf\":{\"@id\":\"https:\\\/\\\/candas365.es\\\/noticias\\\/#website\"},\"breadcrumb\":{\"@id\":\"https:\\\/\\\/candas365.es\\\/noticias\\\/la-policia-alemana-impide-un-concierto-vinculado-a-la-extrema-derecha\\\/#breadcrumblist\"},\"author\":{\"@id\":\"https:\\\/\\\/candas365.es\\\/noticias\\\/author\\\/admin\\\/#author\"},\"creator\":{\"@id\":\"https:\\\/\\\/candas365.es\\\/noticias\\\/author\\\/admin\\\/#author\"},\"image\":{\"@type\":\"ImageObject\",\"url\":\"https:\\\/\\\/candas365.es\\\/noticias\\\/wp-content\\\/uploads\\\/2024\\\/05\\\/policia-alemana.jpg\",\"@id\":\"https:\\\/\\\/candas365.es\\\/noticias\\\/la-policia-alemana-impide-un-concierto-vinculado-a-la-extrema-derecha\\\/#mainImage\",\"width\":1119,\"height\":638,\"caption\":\"Foto: Wolfgang Steil\\\/Steil-TV\\\/dpa\"},\"primaryImageOfPage\":{\"@id\":\"https:\\\/\\\/candas365.es\\\/noticias\\\/la-policia-alemana-impide-un-concierto-vinculado-a-la-extrema-derecha\\\/#mainImage\"},\"datePublished\":\"2024-05-28T05:00:46+02:00\",\"dateModified\":\"2024-05-28T05:00:46+02:00\"},{\"@type\":\"WebSite\",\"@id\":\"https:\\\/\\\/candas365.es\\\/noticias\\\/#website\",\"url\":\"https:\\\/\\\/candas365.es\\\/noticias\\\/\",\"name\":\"Cand\\u00e1s 365\",\"alternateName\":\"Cand\\u00e1s 365 Noticias\",\"description\":\"Actualidad desde Carre\\u00f1o para el mundo\",\"inLanguage\":\"es-ES\",\"publisher\":{\"@id\":\"https:\\\/\\\/candas365.es\\\/noticias\\\/#organization\"}}]}\n\t\t<\/script>\n\t\t<!-- All in One SEO Pro -->\r\n\t\t<title>La polic\u00eda alemana impide un concierto vinculado a la extrema derecha | Cand\u00e1s 365<\/title>\n\n","aioseo_head_json":{"title":"La polic\u00eda alemana impide un concierto vinculado a la extrema derecha | Cand\u00e1s 365","description":"Kr\u00f6v (Alemania), 26 may (dpa) - El ministro del Interior del estado federado de Renania-Palatinado, Michael Ebling, inform\u00f3 hoy que la polic\u00eda impidi\u00f3 el s\u00e1bado","canonical_url":"https:\/\/candas365.es\/noticias\/la-policia-alemana-impide-un-concierto-vinculado-a-la-extrema-derecha\/","robots":"max-image-preview:large","keywords":"sucesos","webmasterTools":{"google-site-verification":"UA-32230408-1","msvalidate.01":"354F3CDFB2DA171B47FBE9ABF1F88D5","miscellaneous":""},"schema":{"@context":"https:\/\/schema.org","@graph":[{"@type":"BreadcrumbList","@id":"https:\/\/candas365.es\/noticias\/la-policia-alemana-impide-un-concierto-vinculado-a-la-extrema-derecha\/#breadcrumblist","itemListElement":[{"@type":"ListItem","@id":"https:\/\/candas365.es\/noticias#listItem","position":1,"name":"Home","item":"https:\/\/candas365.es\/noticias","nextItem":{"@type":"ListItem","@id":"https:\/\/candas365.es\/noticias\/category\/sucesos\/#listItem","name":"Sucesos"}},{"@type":"ListItem","@id":"https:\/\/candas365.es\/noticias\/category\/sucesos\/#listItem","position":2,"name":"Sucesos","item":"https:\/\/candas365.es\/noticias\/category\/sucesos\/","nextItem":{"@type":"ListItem","@id":"https:\/\/candas365.es\/noticias\/la-policia-alemana-impide-un-concierto-vinculado-a-la-extrema-derecha\/#listItem","name":"La polic\u00eda alemana impide un concierto vinculado a la extrema derecha"},"previousItem":{"@type":"ListItem","@id":"https:\/\/candas365.es\/noticias#listItem","name":"Home"}},{"@type":"ListItem","@id":"https:\/\/candas365.es\/noticias\/la-policia-alemana-impide-un-concierto-vinculado-a-la-extrema-derecha\/#listItem","position":3,"name":"La polic\u00eda alemana impide un concierto vinculado a la extrema derecha","previousItem":{"@type":"ListItem","@id":"https:\/\/candas365.es\/noticias\/category\/sucesos\/#listItem","name":"Sucesos"}}]},{"@type":"NewsArticle","@id":"https:\/\/candas365.es\/noticias\/la-policia-alemana-impide-un-concierto-vinculado-a-la-extrema-derecha\/#newsarticle","name":"La polic\u00eda alemana impide un concierto vinculado a la extrema derecha | Cand\u00e1s 365","headline":"La polic\u00eda alemana impide un concierto vinculado a la extrema derecha","author":{"@id":"https:\/\/candas365.es\/noticias\/author\/admin\/#author"},"publisher":{"@id":"https:\/\/candas365.es\/noticias\/#organization"},"image":{"@type":"ImageObject","url":"https:\/\/candas365.es\/noticias\/wp-content\/uploads\/2024\/05\/policia-alemana.jpg","width":1119,"height":638,"caption":"Foto: Wolfgang Steil\/Steil-TV\/dpa"},"datePublished":"2024-05-28T05:00:46+02:00","dateModified":"2024-05-28T05:00:46+02:00","inLanguage":"es-ES","mainEntityOfPage":{"@id":"https:\/\/candas365.es\/noticias\/la-policia-alemana-impide-un-concierto-vinculado-a-la-extrema-derecha\/#webpage"},"isPartOf":{"@id":"https:\/\/candas365.es\/noticias\/la-policia-alemana-impide-un-concierto-vinculado-a-la-extrema-derecha\/#webpage"},"articleSection":"Sucesos, sucesos","dateline":"Publicado el mayo 28, 2024."},{"@type":"Organization","@id":"https:\/\/candas365.es\/noticias\/#organization","name":"Cand\u00e1s 365","description":"Cand\u00e1s 365 es un diario digital independiente, fundado en 2012, con base en Asturias. Informamos con rigor sobre actualidad, sociedad, cultura y ocio, con una mirada local y global.","url":"https:\/\/candas365.es\/noticias\/","email":"info@candas365.es","telephone":"+34652131393","foundingDate":"2012-06-10","logo":{"@type":"ImageObject","url":"https:\/\/candas365.es\/noticias\/wp-content\/uploads\/2024\/09\/Candas-365-Redes.jpg","@id":"https:\/\/candas365.es\/noticias\/la-policia-alemana-impide-un-concierto-vinculado-a-la-extrema-derecha\/#organizationLogo","width":1152,"height":864,"caption":"Cand\u00e1s 365 Redes"},"image":{"@id":"https:\/\/candas365.es\/noticias\/la-policia-alemana-impide-un-concierto-vinculado-a-la-extrema-derecha\/#organizationLogo"},"sameAs":["https:\/\/www.facebook.com\/Nachofdezber","https:\/\/x.com\/NabercoDigital","https:\/\/www.instagram.com\/nachofdezber\/","https:\/\/www.youtube.com\/channel\/UCZP-2wLEB9Rv6erhFmqVnvg"],"address":{"@id":"https:\/\/candas365.es\/noticias\/#postaladdress","@type":"PostalAddress","streetAddress":"san antonio 4, san antonio 4","postalCode":"33430","addressLocality":"Cand\u00e1s","addressRegion":"Asturias","addressCountry":"ES"}},{"@type":"Person","@id":"https:\/\/candas365.es\/noticias\/author\/admin\/#author","url":"https:\/\/candas365.es\/noticias\/author\/admin\/","name":"Cand\u00e1s 365","image":{"@type":"ImageObject","@id":"https:\/\/candas365.es\/noticias\/la-policia-alemana-impide-un-concierto-vinculado-a-la-extrema-derecha\/#authorImage","url":"https:\/\/secure.gravatar.com\/avatar\/496a8e03d0c493ede1718b7934145dbdf8d89be1036b0eec9544e1094c9de390?s=96&d=mm&r=g","width":96,"height":96,"caption":"Cand\u00e1s 365"},"sameAs":["https:\/\/www.facebook.com\/carrenoactualidad","https:\/\/twitter.com\/nbasturias","https:\/\/www.instagram.com\/nachofdezber\/","https:\/\/www.youtube.com\/channel\/UCZP-2wLEB9Rv6erhFmqVnvg"]},{"@type":"WebPage","@id":"https:\/\/candas365.es\/noticias\/la-policia-alemana-impide-un-concierto-vinculado-a-la-extrema-derecha\/#webpage","url":"https:\/\/candas365.es\/noticias\/la-policia-alemana-impide-un-concierto-vinculado-a-la-extrema-derecha\/","name":"La polic\u00eda alemana impide un concierto vinculado a la extrema derecha | Cand\u00e1s 365","description":"Kr\u00f6v (Alemania), 26 may (dpa) - El ministro del Interior del estado federado de Renania-Palatinado, Michael Ebling, inform\u00f3 hoy que la polic\u00eda impidi\u00f3 el s\u00e1bado","inLanguage":"es-ES","isPartOf":{"@id":"https:\/\/candas365.es\/noticias\/#website"},"breadcrumb":{"@id":"https:\/\/candas365.es\/noticias\/la-policia-alemana-impide-un-concierto-vinculado-a-la-extrema-derecha\/#breadcrumblist"},"author":{"@id":"https:\/\/candas365.es\/noticias\/author\/admin\/#author"},"creator":{"@id":"https:\/\/candas365.es\/noticias\/author\/admin\/#author"},"image":{"@type":"ImageObject","url":"https:\/\/candas365.es\/noticias\/wp-content\/uploads\/2024\/05\/policia-alemana.jpg","@id":"https:\/\/candas365.es\/noticias\/la-policia-alemana-impide-un-concierto-vinculado-a-la-extrema-derecha\/#mainImage","width":1119,"height":638,"caption":"Foto: Wolfgang Steil\/Steil-TV\/dpa"},"primaryImageOfPage":{"@id":"https:\/\/candas365.es\/noticias\/la-policia-alemana-impide-un-concierto-vinculado-a-la-extrema-derecha\/#mainImage"},"datePublished":"2024-05-28T05:00:46+02:00","dateModified":"2024-05-28T05:00:46+02:00"},{"@type":"WebSite","@id":"https:\/\/candas365.es\/noticias\/#website","url":"https:\/\/candas365.es\/noticias\/","name":"Cand\u00e1s 365","alternateName":"Cand\u00e1s 365 Noticias","description":"Actualidad desde Carre\u00f1o para el mundo","inLanguage":"es-ES","publisher":{"@id":"https:\/\/candas365.es\/noticias\/#organization"}}]},"og:locale":"es_ES","og:site_name":"Cand\u00e1s 365","og:type":"article","og:title":"La polic\u00eda alemana impide un concierto vinculado a la extrema derecha | Cand\u00e1s 365","og:description":"Kr\u00f6v (Alemania), 26 may (dpa) - El ministro del Interior del estado federado de Renania-Palatinado, Michael Ebling, inform\u00f3 hoy que la polic\u00eda impidi\u00f3 el s\u00e1bado","og:url":"https:\/\/candas365.es\/noticias\/la-policia-alemana-impide-un-concierto-vinculado-a-la-extrema-derecha\/","og:image":"https:\/\/candas365.es\/noticias\/wp-content\/uploads\/2024\/05\/policia-alemana.jpg","og:image:secure_url":"https:\/\/candas365.es\/noticias\/wp-content\/uploads\/2024\/05\/policia-alemana.jpg","og:image:width":1119,"og:image:height":638,"article:published_time":"2024-05-28T03:00:46+00:00","article:modified_time":"2024-05-28T03:00:46+00:00","article:publisher":"https:\/\/www.facebook.com\/Nachofdezber","article:author":"https:\/\/www.facebook.com\/carrenoactualidad","twitter:card":"summary_large_image","twitter:site":"@NabercoDigital","twitter:title":"La polic\u00eda alemana impide un concierto vinculado a la extrema derecha | Cand\u00e1s 365","twitter:description":"Kr\u00f6v (Alemania), 26 may (dpa) - El ministro del Interior del estado federado de Renania-Palatinado, Michael Ebling, inform\u00f3 hoy que la polic\u00eda impidi\u00f3 el s\u00e1bado","twitter:creator":"@nbasturias","twitter:image":"https:\/\/candas365.es\/noticias\/wp-content\/uploads\/2024\/05\/policia-alemana.jpg","twitter:label1":"Escrito por","twitter:data1":"Cand\u00e1s 365","twitter:label2":"Tiempo de lectura estimado","twitter:data2":"1 minuto"},"aioseo_meta_data":{"post_id":"181574","title":null,"description":"Kr\u00f6v (Alemania), 26 may (dpa) - El ministro del Interior del estado federado de Renania-Palatinado, Michael Ebling, inform\u00f3 hoy que la polic\u00eda impidi\u00f3 el s\u00e1bado","keywords":null,"keyphrases":{"focus":{"keyphrase":"polic\u00eda","score":93,"analysis":{"keyphraseInTitle":{"score":9,"maxScore":9,"error":0},"keyphraseInDescription":{"score":9,"maxScore":9,"error":0},"keyphraseLength":{"score":9,"maxScore":9,"error":0,"length":2},"keyphraseInURL":{"score":1,"maxScore":5,"error":1},"keyphraseInIntroduction":{"score":9,"maxScore":9,"error":0},"keyphraseInSubHeadings":[],"keyphraseInImageAlt":{"score":9,"maxScore":9,"error":0},"keywordDensity":{"type":"best","score":9,"maxScore":9,"error":0}}},"additional":[{"keyphrase":"polic\u00eda","score":100,"analysis":{"keyphraseInDescription":{"score":9,"maxScore":9,"error":0},"keyphraseLength":{"score":9,"maxScore":9,"error":0,"length":2},"keyphraseInIntroduction":{"score":9,"maxScore":9,"error":0},"keyphraseInImageAlt":{"score":9,"maxScore":9,"error":0},"keywordDensity":{"type":"best","score":9,"maxScore":9,"error":0}}}]},"primary_term":null,"canonical_url":null,"og_title":null,"og_description":null,"og_object_type":"default","og_image_type":"default","og_image_url":null,"og_image_width":null,"og_image_height":null,"og_image_custom_url":null,"og_image_custom_fields":null,"og_video":"","og_custom_url":null,"og_article_section":null,"og_article_tags":null,"twitter_use_og":false,"twitter_card":"default","twitter_image_type":"default","twitter_image_url":null,"twitter_image_custom_url":null,"twitter_image_custom_fields":null,"twitter_title":null,"twitter_description":null,"schema":{"blockGraphs":[],"customGraphs":[],"default":{"data":{"Article":[],"Course":[],"Dataset":[],"FAQPage":[],"Movie":[],"Person":[],"Product":[],"ProductReview":[],"Car":[],"Recipe":[],"Service":[],"SoftwareApplication":[],"WebPage":[]},"graphName":"Article","isEnabled":true},"graphs":[]},"schema_type":"default","schema_type_options":null,"pillar_content":false,"robots_default":true,"robots_noindex":false,"robots_noarchive":false,"robots_nosnippet":false,"robots_nofollow":false,"robots_noimageindex":false,"robots_noodp":false,"robots_notranslate":false,"robots_max_snippet":"-1","robots_max_videopreview":"-1","robots_max_imagepreview":"large","priority":null,"frequency":"default","location":null,"local_seo":null,"seo_analyzer_scan_date":"2025-09-02 11:22:36","breadcrumb_settings":null,"limit_modified_date":false,"reviewed_by":null,"open_ai":"{\"title\":{\"suggestions\":[],\"usage\":0},\"description\":{\"suggestions\":[],\"usage\":0}}","ai":null,"created":"2024-05-28 02:56:29","updated":"2025-09-02 11:22:36"},"aioseo_breadcrumb":"<div class=\"aioseo-breadcrumbs\"><span class=\"aioseo-breadcrumb\">\n\t<a href=\"https:\/\/candas365.es\/noticias\" title=\"Home\">Home<\/a>\n<\/span><span class=\"aioseo-breadcrumb-separator\">&ndash;<\/span><span class=\"aioseo-breadcrumb\">\n\t<a href=\"https:\/\/candas365.es\/noticias\/category\/sucesos\/\" title=\"Sucesos\">Sucesos<\/a>\n<\/span><span class=\"aioseo-breadcrumb-separator\">&ndash;<\/span><span class=\"aioseo-breadcrumb\">\n\tLa polic\u00eda alemana impide un concierto vinculado a la extrema derecha\n<\/span><\/div>","aioseo_breadcrumb_json":[{"label":"Home","link":"https:\/\/candas365.es\/noticias"},{"label":"Sucesos","link":"https:\/\/candas365.es\/noticias\/category\/sucesos\/"},{"label":"La polic\u00eda alemana impide un concierto vinculado a la extrema derecha","link":"https:\/\/candas365.es\/noticias\/la-policia-alemana-impide-un-concierto-vinculado-a-la-extrema-derecha\/"}],"_links":{"self":[{"href":"https:\/\/candas365.es\/noticias\/wp-json\/wp\/v2\/posts\/181574","targetHints":{"allow":["GET"]}}],"collection":[{"href":"https:\/\/candas365.es\/noticias\/wp-json\/wp\/v2\/posts"}],"about":[{"href":"https:\/\/candas365.es\/noticias\/wp-json\/wp\/v2\/types\/post"}],"author":[{"embeddable":true,"href":"https:\/\/candas365.es\/noticias\/wp-json\/wp\/v2\/users\/1"}],"replies":[{"embeddable":true,"href":"https:\/\/candas365.es\/noticias\/wp-json\/wp\/v2\/comments?post=181574"}],"version-history":[{"count":0,"href":"https:\/\/candas365.es\/noticias\/wp-json\/wp\/v2\/posts\/181574\/revisions"}],"wp:featuredmedia":[{"embeddable":true,"href":"https:\/\/candas365.es\/noticias\/wp-json\/wp\/v2\/media\/181575"}],"wp:attachment":[{"href":"https:\/\/candas365.es\/noticias\/wp-json\/wp\/v2\/media?parent=181574"}],"wp:term":[{"taxonomy":"category","embeddable":true,"href":"https:\/\/candas365.es\/noticias\/wp-json\/wp\/v2\/categories?post=181574"},{"taxonomy":"post_tag","embeddable":true,"href":"https:\/\/candas365.es\/noticias\/wp-json\/wp\/v2\/tags?post=181574"}],"curies":[{"name":"wp","href":"https:\/\/api.w.org\/{rel}","templated":true}]}}